{"id":46696,"date":"2023-05-16T12:45:06","date_gmt":"2023-05-16T10:45:06","guid":{"rendered":"https:\/\/www.laguiadepamplona.com\/actualidad\/?p=46696"},"modified":"2023-05-16T12:45:06","modified_gmt":"2023-05-16T10:45:06","slug":"pamplona-capital-mundial-de-la-pelota-quiere-convertirse-en-un-proyecto-transfronterizo-y-optar-a-los-fondos-europeos-del-programa-interreg-poctefa","status":"publish","type":"post","link":"https:\/\/www.laguiadepamplona.com\/actualidad\/pamplona-capital-mundial-de-la-pelota-quiere-convertirse-en-un-proyecto-transfronterizo-y-optar-a-los-fondos-europeos-del-programa-interreg-poctefa\/","title":{"rendered":"Pamplona Capital Mundial de la Pelota quiere convertirse en un proyecto transfronterizo y optar a los fondos europeos del programa Interreg-Poctefa"},"content":{"rendered":"<h3>La Junta de Gobierno Local ha aprobado la presentaci\u00f3n de la candidatura al programa europeo, con el objetivo de lograr 1,3 millones de financiaci\u00f3n<\/h3>\n<p><!--more--><\/p>\n<p>La Junta de Gobierno Local del Ayuntamiento de Pamplona ha aprobado presentar el proyecto Pamplona Capital Mundial de la Pelota a la convocatoria de ayudas del programa transfronterizo de la Uni\u00f3n Europea Interreg-Poctefa. El Consistorio persigue, con esta decisi\u00f3n, dotar a la iniciativa de una proyecci\u00f3n internacional y lograr financiaci\u00f3n para su puesta en marcha. El proyecto cuenta, adem\u00e1s de Pamplona como impulsor y socio l\u00edder, con la participaci\u00f3n de los ayuntamientos de Huarte y Biarritz, la Federaci\u00f3n Navarra de Pelota Vasca, el Comit\u00e9 Territorial Pays Basque de Pelote Basque y la Communaut\u00e9 d\u2019Agglom\u00e9ration Pays Basque.<\/p>\n<p>El objetivo de esta iniciativa es proteger, promover y dar a conocer la pelota como patrimonio cultural y convertirlo en un factor clave para el desarrollo tur\u00edstico de la regi\u00f3n. La iniciativa, que se present\u00f3 el pasado mes de marzo a nivel foral, quiere ahora aunar tambi\u00e9n la importante tradici\u00f3n pelotazale del sur de Francia. Para ello, el programa europeo Interreg es el marco id\u00f3neo, ya que persigue la integraci\u00f3n econ\u00f3mica y social de la zona transfronteriza, mediante la cooperaci\u00f3n de Espa\u00f1a, Francia y Andorra. El programa europeo cuenta con un presupuesto total de 227 millones para poner en marcha distintas iniciativas interregionales entre 2021 y 2027. Y es a esas ayudas a las que quiere optar Pamplona Capital Mundial de la Pelota, como una propuesta de turismo sostenible y desarrollo de la cultura.<\/p>\n<p>Entre las acciones previstas dentro del marco de Pamplona Capital Mundial de la Pelota se encuentra, por ejemplo, inventariar y analizar todas las infraestructuras y recursos relacionados con la pelota tanto en Navarra como en Francia, dibujando un mapa de la situaci\u00f3n actual de este deporte. Esto permitir\u00e1 conocer cu\u00e1ntos frontones y equipamientos existen y su estado de conservaci\u00f3n y uso, pero tambi\u00e9n servir\u00e1 para identificar las distintas modalidades que se practican y d\u00f3nde, y qui\u00e9nes son los usuarios de estas infraestructuras. El diagn\u00f3stico elaborado ser\u00e1 la base para crear una Red Transfronteriza de Pelota Vasca, en la que todos los agentes identificados puedan colaborar y cooperar para conservar este deporte y esta tradici\u00f3n y aumentar su proyecci\u00f3n.<br \/>\n<script async src=\"\/\/pagead2.googlesyndication.com\/pagead\/js\/adsbygoogle.js\"><\/script><br \/>\n<!-- Noticias La Guia de Pamplona --><br \/>\n<ins class=\"adsbygoogle\"\nstyle=\"display:block\"\ndata-ad-client=\"ca-pub-6943679897239327\"\ndata-ad-slot=\"7048180777\"\ndata-ad-format=\"auto\"><\/ins><br \/>\n<script>\n(adsbygoogle = window.adsbygoogle || []).push({});\n<\/script><\/p>\n<p>Adem\u00e1s, el proyecto prev\u00e9 distintas propuestas para dinamizar este deporte y atraer a la poblaci\u00f3n m\u00e1s joven. En concreto, se plantea la colaboraci\u00f3n con centros educativos, para ahondar en este deporte y su tradici\u00f3n y evoluci\u00f3n a lo largo de las d\u00e9cadas. Tambi\u00e9n con escuelas deportivas, para impulsar modalidades poco practicadas. A todo ello se a\u00f1adir\u00eda la organizaci\u00f3n de festivales de pelota vasca y la creaci\u00f3n de un campus de intercambio de pelotaris entre los territorios de Navarra y Pirineos Atl\u00e1nticos. Asimismo, se plantea que Pamplona organice el primer Congreso Internacional de Pelota y la posibilidad de crear una\u00a0 Casa Mundial de la Pelota, como centro de interpretaci\u00f3n de este deporte y como punto de encuentro del mundo pelotazale.<\/p>\n<p>El proyecto plantea tambi\u00e9n la identificaci\u00f3n de buenas pr\u00e1cticas de cooperaci\u00f3n transfronteriza en materia deportivo-cultural, para usarlas como gu\u00eda. Pero, sobre todo, la iniciativa apuesta por crear un producto tur\u00edstico transfronterizo que tenga la pelota vasca como eje principal, destacando los puntos de inter\u00e9s tur\u00edstico relacionados con este deporte que se encuentran a un lado y otro de la frontera, desarrollando visitas guiadas, itinerarios, exposiciones, torneos\u2026 Entre los puntos de inter\u00e9s tur\u00edstico juegan un papel fundamental el Euskal Jai Berri de Huarte y el Jai Alai de Biarritz, por ejemplo; as\u00ed como Pamplona como origen de la modalidad de remonte, a principios del siglo XX.<\/p>\n<p>La posibilidad de llevar a cabo todas estas iniciativas depender\u00e1 de si se logra financiaci\u00f3n a trav\u00e9s del programa Interreg-Poctefa. Aunque el presupuesto total del proyecto todav\u00eda no est\u00e1 cerrado, \u00e9ste podr\u00eda rondar los dos millones de euros. La aportaci\u00f3n del Ayuntamiento de Pamplona se cifra, inicialmente, en 528.000 euros, aproximadamente. El programa Interreg-Poctefa podr\u00eda financiar hasta el 65% del total, lo que supondr\u00edan alrededor de 1,3 millones. El proyecto Pamplona Capital Mundial de la Pelota se desarrollar\u00eda a lo largo de tres a\u00f1os, desde enero de 2024 hasta finales de 2026, si bien la propuesta municipal es su consolidaci\u00f3n como una alternativa tur\u00edstica de inter\u00e9s nacional e internacional.<br \/>\n<script async src=\"\/\/pagead2.googlesyndication.com\/pagead\/js\/adsbygoogle.js\"><\/script><br \/>\n<!-- Noticias La Guia de Pamplona --><br \/>\n<ins class=\"adsbygoogle\"\nstyle=\"display:block\"\ndata-ad-client=\"ca-pub-6943679897239327\"\ndata-ad-slot=\"7048180777\"\ndata-ad-format=\"auto\"><\/ins><br \/>\n<script>\n(adsbygoogle = window.adsbygoogle || []).push({});\n<\/script><\/p>\n<p><strong>M\u00e1s de 80 acciones<\/strong><\/p>\n<p>El proyecto Pamplona Capital Mundial de la Pelota, que cuenta con el respaldo del Gobierno de Navarra y del sector pelotazale de la Comunidad foral, se concreta en nueve l\u00edneas de actuaci\u00f3n con m\u00e1s de 80 acciones, centradas, entre otros aspectos, en la promoci\u00f3n de las bases y escuelas de formaci\u00f3n, el impulso de las distintas modalidades de pelota y su adaptaci\u00f3n a los nuevos tiempos, su potencial como herramienta de inclusi\u00f3n social y como palanca econ\u00f3mica, y su vertiente cultural. Adem\u00e1s, el proyecto conf\u00eda en crear una marca f\u00e1cilmente identificable y reconocible, que identifique Pamplona con la pelota, y por extensi\u00f3n tambi\u00e9n Navarra.<\/p>\n<p>Pamplona cuenta, en la actualidad, con 55 frontones p\u00fablicos y privados; dos de ellos referentes en el mundo pelotazale, como son el front\u00f3n Labrit y el Navarra Arena. El seguimiento a este deporte se traduce en 35 clubes federados y m\u00e1s de 2.500 licencias federativas, as\u00ed como 1.100 licencias de base. Al margen de Navarra, Pa\u00eds Vasco y los Pirineos Atl\u00e1nticos, este deporte cuenta con federaciones de pelota vasca en otras comunidades aut\u00f3nomas y est\u00e1 presente en pa\u00edses europeos como Grecia e Italia, adem\u00e1s de en Am\u00e9rica Latina, India y Filipinas.<\/p>\n<p>El proyecto Pamplona Capital Mundial de la Pelota se inscribe dentro de la estrategia Agenda Urbana Pamplona 2030, que busca avanzar en el desarrollo de un modelo de ciudad m\u00e1s sostenible, innovadora e inclusiva, en l\u00ednea con los Objetivos de Desarrollo Sostenible de Naciones Unidas.<\/p>\n","protected":false},"excerpt":{"rendered":"<p>La Junta de Gobierno Local ha aprobado la presentaci\u00f3n de la candidatura al programa europeo, con el objetivo de lograr 1,3 millones de financiaci\u00f3n<\/p>\n","protected":false},"author":1,"featured_media":46697,"comment_status":"open","ping_status":"closed","sticky":false,"template":"","format":"standard","meta":{"footnotes":""},"categories":[2],"tags":[],"class_list":["post-46696","post","type-post","status-publish","format-standard","has-post-thumbnail","hentry","category-ayuntamiento-pamplona"],"yoast_head":"<!-- This site is optimized with the Yoast SEO plugin v27.3 - https:\/\/yoast.com\/product\/yoast-seo-wordpress\/ -->\n<title>Pamplona Capital Mundial de la Pelota quiere convertirse en un proyecto transfronterizo y optar a los fondos europeos del programa Interreg-Poctefa<\/title>\n<meta name=\"description\" content=\"La Junta de Gobierno Local ha aprobado la presentaci\u00f3n de la candidatura al programa europeo, con el objetivo de lograr 1,3 millones de financiaci\u00f3n\" \/>\n<meta name=\"robots\" content=\"index, follow, max-snippet:-1, max-image-preview:large, max-video-preview:-1\" \/>\n<link rel=\"canonical\" href=\"https:\/\/www.laguiadepamplona.com\/actualidad\/pamplona-capital-mundial-de-la-pelota-quiere-convertirse-en-un-proyecto-transfronterizo-y-optar-a-los-fondos-europeos-del-programa-interreg-poctefa\/\" \/>\n<meta property=\"og:locale\" content=\"es_ES\" \/>\n<meta property=\"og:type\" content=\"article\" \/>\n<meta property=\"og:title\" content=\"Pamplona Capital Mundial de la Pelota quiere convertirse en un proyecto transfronterizo y optar a los fondos europeos del programa Interreg-Poctefa\" \/>\n<meta property=\"og:description\" content=\"La Junta de Gobierno Local ha aprobado la presentaci\u00f3n de la candidatura al programa europeo, con el objetivo de lograr 1,3 millones de financiaci\u00f3n\" \/>\n<meta property=\"og:url\" content=\"https:\/\/www.laguiadepamplona.com\/actualidad\/pamplona-capital-mundial-de-la-pelota-quiere-convertirse-en-un-proyecto-transfronterizo-y-optar-a-los-fondos-europeos-del-programa-interreg-poctefa\/\" \/>\n<meta property=\"og:site_name\" content=\"La Gu\u00eda de Pamplona\" \/>\n<meta property=\"article:publisher\" content=\"https:\/\/www.facebook.com\/laguiadepamplonacom-133175176762273\/?ref=hl\" \/>\n<meta property=\"article:published_time\" content=\"2023-05-16T10:45:06+00:00\" \/>\n<meta property=\"og:image\" content=\"https:\/\/www.laguiadepamplona.com\/actualidad\/wp-content\/uploads\/2023\/05\/pelota1_1.webp\" \/>\n\t<meta property=\"og:image:width\" content=\"1812\" \/>\n\t<meta property=\"og:image:height\" content=\"1011\" \/>\n\t<meta property=\"og:image:type\" content=\"image\/webp\" \/>\n<meta name=\"author\" content=\"La Gu\u00eda de Pamplona\" \/>\n<meta name=\"twitter:card\" content=\"summary_large_image\" \/>\n<meta name=\"twitter:creator\" content=\"@LaGuiadPamplona\" \/>\n<meta name=\"twitter:site\" content=\"@LaGuiadPamplona\" \/>\n<meta name=\"twitter:label1\" content=\"Escrito por\" \/>\n\t<meta name=\"twitter:data1\" content=\"La Gu\u00eda de Pamplona\" \/>\n\t<meta name=\"twitter:label2\" content=\"Tiempo de lectura\" \/>\n\t<meta name=\"twitter:data2\" content=\"5 minutos\" \/>\n<script type=\"application\/ld+json\" class=\"yoast-schema-graph\">{\"@context\":\"https:\\\/\\\/schema.org\",\"@graph\":[{\"@type\":\"Article\",\"@id\":\"https:\\\/\\\/www.laguiadepamplona.com\\\/actualidad\\\/pamplona-capital-mundial-de-la-pelota-quiere-convertirse-en-un-proyecto-transfronterizo-y-optar-a-los-fondos-europeos-del-programa-interreg-poctefa\\\/#article\",\"isPartOf\":{\"@id\":\"https:\\\/\\\/www.laguiadepamplona.com\\\/actualidad\\\/pamplona-capital-mundial-de-la-pelota-quiere-convertirse-en-un-proyecto-transfronterizo-y-optar-a-los-fondos-europeos-del-programa-interreg-poctefa\\\/\"},\"author\":{\"name\":\"La Gu\u00eda de Pamplona\",\"@id\":\"https:\\\/\\\/www.laguiadepamplona.com\\\/actualidad\\\/#\\\/schema\\\/person\\\/efe887376f0213d4657c93adc50b1fdb\"},\"headline\":\"Pamplona Capital Mundial de la Pelota quiere convertirse en un proyecto transfronterizo y optar a los fondos europeos del programa Interreg-Poctefa\",\"datePublished\":\"2023-05-16T10:45:06+00:00\",\"mainEntityOfPage\":{\"@id\":\"https:\\\/\\\/www.laguiadepamplona.com\\\/actualidad\\\/pamplona-capital-mundial-de-la-pelota-quiere-convertirse-en-un-proyecto-transfronterizo-y-optar-a-los-fondos-europeos-del-programa-interreg-poctefa\\\/\"},\"wordCount\":1045,\"commentCount\":0,\"publisher\":{\"@id\":\"https:\\\/\\\/www.laguiadepamplona.com\\\/actualidad\\\/#organization\"},\"image\":{\"@id\":\"https:\\\/\\\/www.laguiadepamplona.com\\\/actualidad\\\/pamplona-capital-mundial-de-la-pelota-quiere-convertirse-en-un-proyecto-transfronterizo-y-optar-a-los-fondos-europeos-del-programa-interreg-poctefa\\\/#primaryimage\"},\"thumbnailUrl\":\"https:\\\/\\\/www.laguiadepamplona.com\\\/actualidad\\\/wp-content\\\/uploads\\\/2023\\\/05\\\/pelota1_1.webp\",\"articleSection\":[\"Ayto Pamplona\"],\"inLanguage\":\"es\",\"potentialAction\":[{\"@type\":\"CommentAction\",\"name\":\"Comment\",\"target\":[\"https:\\\/\\\/www.laguiadepamplona.com\\\/actualidad\\\/pamplona-capital-mundial-de-la-pelota-quiere-convertirse-en-un-proyecto-transfronterizo-y-optar-a-los-fondos-europeos-del-programa-interreg-poctefa\\\/#respond\"]}]},{\"@type\":\"WebPage\",\"@id\":\"https:\\\/\\\/www.laguiadepamplona.com\\\/actualidad\\\/pamplona-capital-mundial-de-la-pelota-quiere-convertirse-en-un-proyecto-transfronterizo-y-optar-a-los-fondos-europeos-del-programa-interreg-poctefa\\\/\",\"url\":\"https:\\\/\\\/www.laguiadepamplona.com\\\/actualidad\\\/pamplona-capital-mundial-de-la-pelota-quiere-convertirse-en-un-proyecto-transfronterizo-y-optar-a-los-fondos-europeos-del-programa-interreg-poctefa\\\/\",\"name\":\"Pamplona Capital Mundial de la Pelota quiere convertirse en un proyecto transfronterizo y optar a los fondos europeos del programa Interreg-Poctefa\",\"isPartOf\":{\"@id\":\"https:\\\/\\\/www.laguiadepamplona.com\\\/actualidad\\\/#website\"},\"primaryImageOfPage\":{\"@id\":\"https:\\\/\\\/www.laguiadepamplona.com\\\/actualidad\\\/pamplona-capital-mundial-de-la-pelota-quiere-convertirse-en-un-proyecto-transfronterizo-y-optar-a-los-fondos-europeos-del-programa-interreg-poctefa\\\/#primaryimage\"},\"image\":{\"@id\":\"https:\\\/\\\/www.laguiadepamplona.com\\\/actualidad\\\/pamplona-capital-mundial-de-la-pelota-quiere-convertirse-en-un-proyecto-transfronterizo-y-optar-a-los-fondos-europeos-del-programa-interreg-poctefa\\\/#primaryimage\"},\"thumbnailUrl\":\"https:\\\/\\\/www.laguiadepamplona.com\\\/actualidad\\\/wp-content\\\/uploads\\\/2023\\\/05\\\/pelota1_1.webp\",\"datePublished\":\"2023-05-16T10:45:06+00:00\",\"description\":\"La Junta de Gobierno Local ha aprobado la presentaci\u00f3n de la candidatura al programa europeo, con el objetivo de lograr 1,3 millones de financiaci\u00f3n\",\"breadcrumb\":{\"@id\":\"https:\\\/\\\/www.laguiadepamplona.com\\\/actualidad\\\/pamplona-capital-mundial-de-la-pelota-quiere-convertirse-en-un-proyecto-transfronterizo-y-optar-a-los-fondos-europeos-del-programa-interreg-poctefa\\\/#breadcrumb\"},\"inLanguage\":\"es\",\"potentialAction\":[{\"@type\":\"ReadAction\",\"target\":[\"https:\\\/\\\/www.laguiadepamplona.com\\\/actualidad\\\/pamplona-capital-mundial-de-la-pelota-quiere-convertirse-en-un-proyecto-transfronterizo-y-optar-a-los-fondos-europeos-del-programa-interreg-poctefa\\\/\"]}]},{\"@type\":\"ImageObject\",\"inLanguage\":\"es\",\"@id\":\"https:\\\/\\\/www.laguiadepamplona.com\\\/actualidad\\\/pamplona-capital-mundial-de-la-pelota-quiere-convertirse-en-un-proyecto-transfronterizo-y-optar-a-los-fondos-europeos-del-programa-interreg-poctefa\\\/#primaryimage\",\"url\":\"https:\\\/\\\/www.laguiadepamplona.com\\\/actualidad\\\/wp-content\\\/uploads\\\/2023\\\/05\\\/pelota1_1.webp\",\"contentUrl\":\"https:\\\/\\\/www.laguiadepamplona.com\\\/actualidad\\\/wp-content\\\/uploads\\\/2023\\\/05\\\/pelota1_1.webp\",\"width\":1812,\"height\":1011},{\"@type\":\"BreadcrumbList\",\"@id\":\"https:\\\/\\\/www.laguiadepamplona.com\\\/actualidad\\\/pamplona-capital-mundial-de-la-pelota-quiere-convertirse-en-un-proyecto-transfronterizo-y-optar-a-los-fondos-europeos-del-programa-interreg-poctefa\\\/#breadcrumb\",\"itemListElement\":[{\"@type\":\"ListItem\",\"position\":1,\"name\":\"Portada\",\"item\":\"https:\\\/\\\/www.laguiadepamplona.com\\\/actualidad\\\/\"},{\"@type\":\"ListItem\",\"position\":2,\"name\":\"Pamplona Capital Mundial de la Pelota quiere convertirse en un proyecto transfronterizo y optar a los fondos europeos del programa Interreg-Poctefa\"}]},{\"@type\":\"WebSite\",\"@id\":\"https:\\\/\\\/www.laguiadepamplona.com\\\/actualidad\\\/#website\",\"url\":\"https:\\\/\\\/www.laguiadepamplona.com\\\/actualidad\\\/\",\"name\":\"La gu\u00eda de Pamplona\",\"description\":\"Noticias de Pamplona\",\"publisher\":{\"@id\":\"https:\\\/\\\/www.laguiadepamplona.com\\\/actualidad\\\/#organization\"},\"potentialAction\":[{\"@type\":\"SearchAction\",\"target\":{\"@type\":\"EntryPoint\",\"urlTemplate\":\"https:\\\/\\\/www.laguiadepamplona.com\\\/actualidad\\\/?s={search_term_string}\"},\"query-input\":{\"@type\":\"PropertyValueSpecification\",\"valueRequired\":true,\"valueName\":\"search_term_string\"}}],\"inLanguage\":\"es\"},{\"@type\":\"Organization\",\"@id\":\"https:\\\/\\\/www.laguiadepamplona.com\\\/actualidad\\\/#organization\",\"name\":\"La Gu\u00eda de Pamplona \\\/ Noticias\",\"url\":\"https:\\\/\\\/www.laguiadepamplona.com\\\/actualidad\\\/\",\"logo\":{\"@type\":\"ImageObject\",\"inLanguage\":\"es\",\"@id\":\"https:\\\/\\\/www.laguiadepamplona.com\\\/actualidad\\\/#\\\/schema\\\/logo\\\/image\\\/\",\"url\":\"https:\\\/\\\/www.laguiadepamplona.com\\\/actualidad\\\/wp-content\\\/uploads\\\/2018\\\/11\\\/logo-laguiadepamplona18-web1.png\",\"contentUrl\":\"https:\\\/\\\/www.laguiadepamplona.com\\\/actualidad\\\/wp-content\\\/uploads\\\/2018\\\/11\\\/logo-laguiadepamplona18-web1.png\",\"width\":600,\"height\":196,\"caption\":\"La Gu\u00eda de Pamplona \\\/ Noticias\"},\"image\":{\"@id\":\"https:\\\/\\\/www.laguiadepamplona.com\\\/actualidad\\\/#\\\/schema\\\/logo\\\/image\\\/\"},\"sameAs\":[\"https:\\\/\\\/www.facebook.com\\\/laguiadepamplonacom-133175176762273\\\/?ref=hl\",\"https:\\\/\\\/x.com\\\/LaGuiadPamplona\",\"https:\\\/\\\/www.instagram.com\\\/la_guia_de_pamplona\\\/\",\"https:\\\/\\\/www.youtube.com\\\/user\\\/laguiadepamplona\"]},{\"@type\":\"Person\",\"@id\":\"https:\\\/\\\/www.laguiadepamplona.com\\\/actualidad\\\/#\\\/schema\\\/person\\\/efe887376f0213d4657c93adc50b1fdb\",\"name\":\"La Gu\u00eda de Pamplona\",\"image\":{\"@type\":\"ImageObject\",\"inLanguage\":\"es\",\"@id\":\"https:\\\/\\\/secure.gravatar.com\\\/avatar\\\/b6992f131dc8d30ab0dff15446e9d346d9dbd95992de0fef795073f5ea83a81c?s=96&d=mm&r=g\",\"url\":\"https:\\\/\\\/secure.gravatar.com\\\/avatar\\\/b6992f131dc8d30ab0dff15446e9d346d9dbd95992de0fef795073f5ea83a81c?s=96&d=mm&r=g\",\"contentUrl\":\"https:\\\/\\\/secure.gravatar.com\\\/avatar\\\/b6992f131dc8d30ab0dff15446e9d346d9dbd95992de0fef795073f5ea83a81c?s=96&d=mm&r=g\",\"caption\":\"La Gu\u00eda de Pamplona\"}}]}<\/script>\n<!-- \/ Yoast SEO plugin. -->","yoast_head_json":{"title":"Pamplona Capital Mundial de la Pelota quiere convertirse en un proyecto transfronterizo y optar a los fondos europeos del programa Interreg-Poctefa","description":"La Junta de Gobierno Local ha aprobado la presentaci\u00f3n de la candidatura al programa europeo, con el objetivo de lograr 1,3 millones de financiaci\u00f3n","robots":{"index":"index","follow":"follow","max-snippet":"max-snippet:-1","max-image-preview":"max-image-preview:large","max-video-preview":"max-video-preview:-1"},"canonical":"https:\/\/www.laguiadepamplona.com\/actualidad\/pamplona-capital-mundial-de-la-pelota-quiere-convertirse-en-un-proyecto-transfronterizo-y-optar-a-los-fondos-europeos-del-programa-interreg-poctefa\/","og_locale":"es_ES","og_type":"article","og_title":"Pamplona Capital Mundial de la Pelota quiere convertirse en un proyecto transfronterizo y optar a los fondos europeos del programa Interreg-Poctefa","og_description":"La Junta de Gobierno Local ha aprobado la presentaci\u00f3n de la candidatura al programa europeo, con el objetivo de lograr 1,3 millones de financiaci\u00f3n","og_url":"https:\/\/www.laguiadepamplona.com\/actualidad\/pamplona-capital-mundial-de-la-pelota-quiere-convertirse-en-un-proyecto-transfronterizo-y-optar-a-los-fondos-europeos-del-programa-interreg-poctefa\/","og_site_name":"La Gu\u00eda de Pamplona","article_publisher":"https:\/\/www.facebook.com\/laguiadepamplonacom-133175176762273\/?ref=hl","article_published_time":"2023-05-16T10:45:06+00:00","og_image":[{"width":1812,"height":1011,"url":"https:\/\/www.laguiadepamplona.com\/actualidad\/wp-content\/uploads\/2023\/05\/pelota1_1.webp","type":"image\/webp"}],"author":"La Gu\u00eda de Pamplona","twitter_card":"summary_large_image","twitter_creator":"@LaGuiadPamplona","twitter_site":"@LaGuiadPamplona","twitter_misc":{"Escrito por":"La Gu\u00eda de Pamplona","Tiempo de lectura":"5 minutos"},"schema":{"@context":"https:\/\/schema.org","@graph":[{"@type":"Article","@id":"https:\/\/www.laguiadepamplona.com\/actualidad\/pamplona-capital-mundial-de-la-pelota-quiere-convertirse-en-un-proyecto-transfronterizo-y-optar-a-los-fondos-europeos-del-programa-interreg-poctefa\/#article","isPartOf":{"@id":"https:\/\/www.laguiadepamplona.com\/actualidad\/pamplona-capital-mundial-de-la-pelota-quiere-convertirse-en-un-proyecto-transfronterizo-y-optar-a-los-fondos-europeos-del-programa-interreg-poctefa\/"},"author":{"name":"La Gu\u00eda de Pamplona","@id":"https:\/\/www.laguiadepamplona.com\/actualidad\/#\/schema\/person\/efe887376f0213d4657c93adc50b1fdb"},"headline":"Pamplona Capital Mundial de la Pelota quiere convertirse en un proyecto transfronterizo y optar a los fondos europeos del programa Interreg-Poctefa","datePublished":"2023-05-16T10:45:06+00:00","mainEntityOfPage":{"@id":"https:\/\/www.laguiadepamplona.com\/actualidad\/pamplona-capital-mundial-de-la-pelota-quiere-convertirse-en-un-proyecto-transfronterizo-y-optar-a-los-fondos-europeos-del-programa-interreg-poctefa\/"},"wordCount":1045,"commentCount":0,"publisher":{"@id":"https:\/\/www.laguiadepamplona.com\/actualidad\/#organization"},"image":{"@id":"https:\/\/www.laguiadepamplona.com\/actualidad\/pamplona-capital-mundial-de-la-pelota-quiere-convertirse-en-un-proyecto-transfronterizo-y-optar-a-los-fondos-europeos-del-programa-interreg-poctefa\/#primaryimage"},"thumbnailUrl":"https:\/\/www.laguiadepamplona.com\/actualidad\/wp-content\/uploads\/2023\/05\/pelota1_1.webp","articleSection":["Ayto Pamplona"],"inLanguage":"es","potentialAction":[{"@type":"CommentAction","name":"Comment","target":["https:\/\/www.laguiadepamplona.com\/actualidad\/pamplona-capital-mundial-de-la-pelota-quiere-convertirse-en-un-proyecto-transfronterizo-y-optar-a-los-fondos-europeos-del-programa-interreg-poctefa\/#respond"]}]},{"@type":"WebPage","@id":"https:\/\/www.laguiadepamplona.com\/actualidad\/pamplona-capital-mundial-de-la-pelota-quiere-convertirse-en-un-proyecto-transfronterizo-y-optar-a-los-fondos-europeos-del-programa-interreg-poctefa\/","url":"https:\/\/www.laguiadepamplona.com\/actualidad\/pamplona-capital-mundial-de-la-pelota-quiere-convertirse-en-un-proyecto-transfronterizo-y-optar-a-los-fondos-europeos-del-programa-interreg-poctefa\/","name":"Pamplona Capital Mundial de la Pelota quiere convertirse en un proyecto transfronterizo y optar a los fondos europeos del programa Interreg-Poctefa","isPartOf":{"@id":"https:\/\/www.laguiadepamplona.com\/actualidad\/#website"},"primaryImageOfPage":{"@id":"https:\/\/www.laguiadepamplona.com\/actualidad\/pamplona-capital-mundial-de-la-pelota-quiere-convertirse-en-un-proyecto-transfronterizo-y-optar-a-los-fondos-europeos-del-programa-interreg-poctefa\/#primaryimage"},"image":{"@id":"https:\/\/www.laguiadepamplona.com\/actualidad\/pamplona-capital-mundial-de-la-pelota-quiere-convertirse-en-un-proyecto-transfronterizo-y-optar-a-los-fondos-europeos-del-programa-interreg-poctefa\/#primaryimage"},"thumbnailUrl":"https:\/\/www.laguiadepamplona.com\/actualidad\/wp-content\/uploads\/2023\/05\/pelota1_1.webp","datePublished":"2023-05-16T10:45:06+00:00","description":"La Junta de Gobierno Local ha aprobado la presentaci\u00f3n de la candidatura al programa europeo, con el objetivo de lograr 1,3 millones de financiaci\u00f3n","breadcrumb":{"@id":"https:\/\/www.laguiadepamplona.com\/actualidad\/pamplona-capital-mundial-de-la-pelota-quiere-convertirse-en-un-proyecto-transfronterizo-y-optar-a-los-fondos-europeos-del-programa-interreg-poctefa\/#breadcrumb"},"inLanguage":"es","potentialAction":[{"@type":"ReadAction","target":["https:\/\/www.laguiadepamplona.com\/actualidad\/pamplona-capital-mundial-de-la-pelota-quiere-convertirse-en-un-proyecto-transfronterizo-y-optar-a-los-fondos-europeos-del-programa-interreg-poctefa\/"]}]},{"@type":"ImageObject","inLanguage":"es","@id":"https:\/\/www.laguiadepamplona.com\/actualidad\/pamplona-capital-mundial-de-la-pelota-quiere-convertirse-en-un-proyecto-transfronterizo-y-optar-a-los-fondos-europeos-del-programa-interreg-poctefa\/#primaryimage","url":"https:\/\/www.laguiadepamplona.com\/actualidad\/wp-content\/uploads\/2023\/05\/pelota1_1.webp","contentUrl":"https:\/\/www.laguiadepamplona.com\/actualidad\/wp-content\/uploads\/2023\/05\/pelota1_1.webp","width":1812,"height":1011},{"@type":"BreadcrumbList","@id":"https:\/\/www.laguiadepamplona.com\/actualidad\/pamplona-capital-mundial-de-la-pelota-quiere-convertirse-en-un-proyecto-transfronterizo-y-optar-a-los-fondos-europeos-del-programa-interreg-poctefa\/#breadcrumb","itemListElement":[{"@type":"ListItem","position":1,"name":"Portada","item":"https:\/\/www.laguiadepamplona.com\/actualidad\/"},{"@type":"ListItem","position":2,"name":"Pamplona Capital Mundial de la Pelota quiere convertirse en un proyecto transfronterizo y optar a los fondos europeos del programa Interreg-Poctefa"}]},{"@type":"WebSite","@id":"https:\/\/www.laguiadepamplona.com\/actualidad\/#website","url":"https:\/\/www.laguiadepamplona.com\/actualidad\/","name":"La gu\u00eda de Pamplona","description":"Noticias de Pamplona","publisher":{"@id":"https:\/\/www.laguiadepamplona.com\/actualidad\/#organization"},"potentialAction":[{"@type":"SearchAction","target":{"@type":"EntryPoint","urlTemplate":"https:\/\/www.laguiadepamplona.com\/actualidad\/?s={search_term_string}"},"query-input":{"@type":"PropertyValueSpecification","valueRequired":true,"valueName":"search_term_string"}}],"inLanguage":"es"},{"@type":"Organization","@id":"https:\/\/www.laguiadepamplona.com\/actualidad\/#organization","name":"La Gu\u00eda de Pamplona \/ Noticias","url":"https:\/\/www.laguiadepamplona.com\/actualidad\/","logo":{"@type":"ImageObject","inLanguage":"es","@id":"https:\/\/www.laguiadepamplona.com\/actualidad\/#\/schema\/logo\/image\/","url":"https:\/\/www.laguiadepamplona.com\/actualidad\/wp-content\/uploads\/2018\/11\/logo-laguiadepamplona18-web1.png","contentUrl":"https:\/\/www.laguiadepamplona.com\/actualidad\/wp-content\/uploads\/2018\/11\/logo-laguiadepamplona18-web1.png","width":600,"height":196,"caption":"La Gu\u00eda de Pamplona \/ Noticias"},"image":{"@id":"https:\/\/www.laguiadepamplona.com\/actualidad\/#\/schema\/logo\/image\/"},"sameAs":["https:\/\/www.facebook.com\/laguiadepamplonacom-133175176762273\/?ref=hl","https:\/\/x.com\/LaGuiadPamplona","https:\/\/www.instagram.com\/la_guia_de_pamplona\/","https:\/\/www.youtube.com\/user\/laguiadepamplona"]},{"@type":"Person","@id":"https:\/\/www.laguiadepamplona.com\/actualidad\/#\/schema\/person\/efe887376f0213d4657c93adc50b1fdb","name":"La Gu\u00eda de Pamplona","image":{"@type":"ImageObject","inLanguage":"es","@id":"https:\/\/secure.gravatar.com\/avatar\/b6992f131dc8d30ab0dff15446e9d346d9dbd95992de0fef795073f5ea83a81c?s=96&d=mm&r=g","url":"https:\/\/secure.gravatar.com\/avatar\/b6992f131dc8d30ab0dff15446e9d346d9dbd95992de0fef795073f5ea83a81c?s=96&d=mm&r=g","contentUrl":"https:\/\/secure.gravatar.com\/avatar\/b6992f131dc8d30ab0dff15446e9d346d9dbd95992de0fef795073f5ea83a81c?s=96&d=mm&r=g","caption":"La Gu\u00eda de Pamplona"}}]}},"post_mailing_queue_ids":[],"_links":{"self":[{"href":"https:\/\/www.laguiadepamplona.com\/actualidad\/wp-json\/wp\/v2\/posts\/46696","targetHints":{"allow":["GET"]}}],"collection":[{"href":"https:\/\/www.laguiadepamplona.com\/actualidad\/wp-json\/wp\/v2\/posts"}],"about":[{"href":"https:\/\/www.laguiadepamplona.com\/actualidad\/wp-json\/wp\/v2\/types\/post"}],"author":[{"embeddable":true,"href":"https:\/\/www.laguiadepamplona.com\/actualidad\/wp-json\/wp\/v2\/users\/1"}],"replies":[{"embeddable":true,"href":"https:\/\/www.laguiadepamplona.com\/actualidad\/wp-json\/wp\/v2\/comments?post=46696"}],"version-history":[{"count":1,"href":"https:\/\/www.laguiadepamplona.com\/actualidad\/wp-json\/wp\/v2\/posts\/46696\/revisions"}],"predecessor-version":[{"id":46698,"href":"https:\/\/www.laguiadepamplona.com\/actualidad\/wp-json\/wp\/v2\/posts\/46696\/revisions\/46698"}],"wp:featuredmedia":[{"embeddable":true,"href":"https:\/\/www.laguiadepamplona.com\/actualidad\/wp-json\/wp\/v2\/media\/46697"}],"wp:attachment":[{"href":"https:\/\/www.laguiadepamplona.com\/actualidad\/wp-json\/wp\/v2\/media?parent=46696"}],"wp:term":[{"taxonomy":"category","embeddable":true,"href":"https:\/\/www.laguiadepamplona.com\/actualidad\/wp-json\/wp\/v2\/categories?post=46696"},{"taxonomy":"post_tag","embeddable":true,"href":"https:\/\/www.laguiadepamplona.com\/actualidad\/wp-json\/wp\/v2\/tags?post=46696"}],"curies":[{"name":"wp","href":"https:\/\/api.w.org\/{rel}","templated":true}]}}