{"id":46690,"date":"2023-05-15T17:00:49","date_gmt":"2023-05-15T15:00:49","guid":{"rendered":"https:\/\/www.laguiadepamplona.com\/actualidad\/?p=46690"},"modified":"2023-05-15T17:00:49","modified_gmt":"2023-05-15T15:00:49","slug":"el-ayuntamiento-de-pamplona-presenta-un-recurso-contencioso-administrativo-ante-una-propuesta-de-financiacion-que-considera-insuficiente-por-parte-del-gobierno-de-navarra","status":"publish","type":"post","link":"https:\/\/www.laguiadepamplona.com\/actualidad\/el-ayuntamiento-de-pamplona-presenta-un-recurso-contencioso-administrativo-ante-una-propuesta-de-financiacion-que-considera-insuficiente-por-parte-del-gobierno-de-navarra\/","title":{"rendered":"El Ayuntamiento de Pamplona presenta un recurso contencioso administrativo ante una propuesta de financiaci\u00f3n que considera insuficiente por parte del Gobierno de Navarra"},"content":{"rendered":"<h3>Pamplona exige al Gobierno de Navarra que financie los tres programas de su Centro de Servicios Sociales, como establece la Ley Foral 15\/2006<\/h3>\n<p><!--more--><\/p>\n<p>El Ayuntamiento de Pamplona exige al Gobierno de Navarra que cumpla la Ley Foral de Servicios Sociales, por la que debe financiar a trav\u00e9s de un convenio el Centro de Servicios Sociales de la ciudad. Seg\u00fan la Ley foral 15\/2006 de Servicios Sociales de Navarra, la financiaci\u00f3n corresponde a la Administraci\u00f3n foral, a trav\u00e9s de un convenio de colaboraci\u00f3n con la entidad local. El departamento de Derechos Sociales reconoce su obligaci\u00f3n normativa, pero no incluye los tres programas especializados que Pamplona ofrece: el Equipo de Incorporaci\u00f3n Sociolaboral (EISOL), el Equipo de Atenci\u00f3n a la Infancia y Adolescencia (EAIA) y el Servicio Municipal de Atenci\u00f3n a la Mujer (SMAM). Por ello, Pamplona ha presentado un recurso contencioso administrativo.<br \/>\n<script async src=\"\/\/pagead2.googlesyndication.com\/pagead\/js\/adsbygoogle.js\"><\/script><br \/>\n<!-- Noticias La Guia de Pamplona --><br \/>\n<ins class=\"adsbygoogle\"\nstyle=\"display:block\"\ndata-ad-client=\"ca-pub-6943679897239327\"\ndata-ad-slot=\"7048180777\"\ndata-ad-format=\"auto\"><\/ins><br \/>\n<script>\n(adsbygoogle = window.adsbygoogle || []).push({});\n<\/script><\/p>\n<p>El Ayuntamiento asume en la actualidad el 100% de estos tres equipos del Centro de Servicios Sociales, mientras el resto de municipios los reciben de forma gratuita del Gobierno de Navarra, a trav\u00e9s de su Fundaci\u00f3n P\u00fablica Gizain. La propuesta de convenio de financiaci\u00f3n del Gobierno para Pamplona no alcanza ni el 25% del coste de los tres servicios; en respuesta, el Ayuntamiento de Pamplona ha presentado una nueva propuesta de convenio de la que no ha recibido respuesta, por lo que el Ayuntamiento se ha visto obligado a presentar un recurso contencioso administrativo. Pamplona valora la financiaci\u00f3n propuesta por el Gobierno de Navarra de 400.000 euros como insuficiente, porque supone el 24,12% del coste real del Centro de Servicios Sociales, que asciende a 1.658.202 euros, coste que en otros Ayuntamientos se financia en su totalidad.<\/p>\n<p>En el mes de febrero, el departamento de Derechos Sociales del Gobierno de Navarra anunci\u00f3 la financiaci\u00f3n de los servicios del EAIA y EISOL, dejando fuera SMAM, el tercer programa que forma parte del Centro de Servicios Sociales. El Ayuntamiento realiz\u00f3 un requerimiento para que este programa se incluyera en el convenio, pero fue desestimado. En el borrador de financiaci\u00f3n de programas de secundaria del departamento s\u00f3lo se contemplan dos de los tres equipos, y en alg\u00fan caso parcialmente. El equipo EAIA de Pamplona, por medio de un contrato de gesti\u00f3n indirecta, realiza la intervenci\u00f3n domiciliaria con familias y menores en situaci\u00f3n de desprotecci\u00f3n, a trav\u00e9s de un equipo de 20 profesionales: una psic\u00f3loga, una trabajadora social y 16 t\u00e9cnicos de Integraci\u00f3n Social. En el resto de \u00e1reas esta intervenci\u00f3n se hace de forma exclusiva en gesti\u00f3n directa por el equipo EAIA. Se han excluido de la financiaci\u00f3n las figuras profesionales de t\u00e9cnico\/a de Empleo (dos profesionales) y las profesiones con titulaci\u00f3n de t\u00e9cnico\/a de Integraci\u00f3n Social (20 profesionales), que actualmente prestan servicio en el marco del Centro de Servicios Sociales de Pamplona. Se dejan de contemplar la financiaci\u00f3n de 22 de los 39 profesionales, lo que supone que el 56,4% del personal que viene prestando servicio no se contemplan en la financiaci\u00f3n propuesta en el proyecto de convenio del Gobierno de Navarra.<br \/>\n<script async src=\"\/\/pagead2.googlesyndication.com\/pagead\/js\/adsbygoogle.js\"><\/script><br \/>\n<!-- Noticias La Guia de Pamplona --><br \/>\n<ins class=\"adsbygoogle\"\nstyle=\"display:block\"\ndata-ad-client=\"ca-pub-6943679897239327\"\ndata-ad-slot=\"7048180777\"\ndata-ad-format=\"auto\"><\/ins><br \/>\n<script>\n(adsbygoogle = window.adsbygoogle || []).push({});\n<\/script><\/p>\n<p>De los profesionales que s\u00ed est\u00e1n incluidos en la financiaci\u00f3n, s\u00f3lo se tiene en cuenta los costes derivados del salario base, complementos del puesto y nivel equivalente para el personal al servicio de la Administraci\u00f3n de la Comunidad Foral de Navarra y la parte proporcional del coste de la seguridad social, de perfiles profesionales similares a los equipos propios de Gobierno de Navarra, sin contemplar ni el grado ni la antig\u00fcedad de los\/as profesionales, costes que el Ayuntamiento asume. Tampoco se contempla la figura de coordinador del Centro de Servicios Sociales, figura que existe en todos los Centros de Navarra.<\/p>\n<p>&nbsp;<\/p>\n<h3>Tres Programas Especializados del Centro de Servicios Sociales<\/h3>\n<ul>\n<li>Equipo de Incorporaci\u00f3n Sociolaboral (EISOL)<\/li>\n<li>Equipo de Atenci\u00f3n a la Infancia y Adolescencia (EAIA)<\/li>\n<li>Servicio Municipal de Atenci\u00f3n a la Mujer (SMAM)<\/li>\n<\/ul>\n","protected":false},"excerpt":{"rendered":"<p>Pamplona exige al Gobierno de Navarra que financie los tres programas de su Centro de Servicios Sociales, como establece la Ley Foral 15\/2006<\/p>\n","protected":false},"author":1,"featured_media":46691,"comment_status":"open","ping_status":"closed","sticky":false,"template":"","format":"standard","meta":{"footnotes":""},"categories":[2],"tags":[],"class_list":["post-46690","post","type-post","status-publish","format-standard","has-post-thumbnail","hentry","category-ayuntamiento-pamplona"],"yoast_head":"<!-- This site is optimized with the Yoast SEO plugin v27.3 - https:\/\/yoast.com\/product\/yoast-seo-wordpress\/ -->\n<title>El Ayuntamiento de Pamplona presenta un recurso contencioso administrativo ante una propuesta de financiaci\u00f3n que considera insuficiente por parte del Gobierno de Navarra<\/title>\n<meta name=\"description\" content=\"Pamplona exige al Gobierno de Navarra que financie los tres programas de su Centro de Servicios Sociales, como establece la Ley Foral 15\/2006\" \/>\n<meta name=\"robots\" content=\"index, follow, max-snippet:-1, max-image-preview:large, max-video-preview:-1\" \/>\n<link rel=\"canonical\" href=\"https:\/\/www.laguiadepamplona.com\/actualidad\/el-ayuntamiento-de-pamplona-presenta-un-recurso-contencioso-administrativo-ante-una-propuesta-de-financiacion-que-considera-insuficiente-por-parte-del-gobierno-de-navarra\/\" \/>\n<meta property=\"og:locale\" content=\"es_ES\" \/>\n<meta property=\"og:type\" content=\"article\" \/>\n<meta property=\"og:title\" content=\"El Ayuntamiento de Pamplona presenta un recurso contencioso administrativo ante una propuesta de financiaci\u00f3n que considera insuficiente por parte del Gobierno de Navarra\" \/>\n<meta property=\"og:description\" content=\"Pamplona exige al Gobierno de Navarra que financie los tres programas de su Centro de Servicios Sociales, como establece la Ley Foral 15\/2006\" \/>\n<meta property=\"og:url\" content=\"https:\/\/www.laguiadepamplona.com\/actualidad\/el-ayuntamiento-de-pamplona-presenta-un-recurso-contencioso-administrativo-ante-una-propuesta-de-financiacion-que-considera-insuficiente-por-parte-del-gobierno-de-navarra\/\" \/>\n<meta property=\"og:site_name\" content=\"La Gu\u00eda de Pamplona\" \/>\n<meta property=\"article:publisher\" content=\"https:\/\/www.facebook.com\/laguiadepamplonacom-133175176762273\/?ref=hl\" \/>\n<meta property=\"article:published_time\" content=\"2023-05-15T15:00:49+00:00\" \/>\n<meta property=\"og:image\" content=\"https:\/\/www.laguiadepamplona.com\/actualidad\/wp-content\/uploads\/2023\/05\/Q5A6566auna23-02-21.webp\" \/>\n\t<meta property=\"og:image:width\" content=\"1920\" \/>\n\t<meta property=\"og:image:height\" content=\"1281\" \/>\n\t<meta property=\"og:image:type\" content=\"image\/webp\" \/>\n<meta name=\"author\" content=\"La Gu\u00eda de Pamplona\" \/>\n<meta name=\"twitter:card\" content=\"summary_large_image\" \/>\n<meta name=\"twitter:creator\" content=\"@LaGuiadPamplona\" \/>\n<meta name=\"twitter:site\" content=\"@LaGuiadPamplona\" \/>\n<meta name=\"twitter:label1\" content=\"Escrito por\" \/>\n\t<meta name=\"twitter:data1\" content=\"La Gu\u00eda de Pamplona\" \/>\n\t<meta name=\"twitter:label2\" content=\"Tiempo de lectura\" \/>\n\t<meta name=\"twitter:data2\" content=\"3 minutos\" \/>\n<script type=\"application\/ld+json\" class=\"yoast-schema-graph\">{\"@context\":\"https:\\\/\\\/schema.org\",\"@graph\":[{\"@type\":\"Article\",\"@id\":\"https:\\\/\\\/www.laguiadepamplona.com\\\/actualidad\\\/el-ayuntamiento-de-pamplona-presenta-un-recurso-contencioso-administrativo-ante-una-propuesta-de-financiacion-que-considera-insuficiente-por-parte-del-gobierno-de-navarra\\\/#article\",\"isPartOf\":{\"@id\":\"https:\\\/\\\/www.laguiadepamplona.com\\\/actualidad\\\/el-ayuntamiento-de-pamplona-presenta-un-recurso-contencioso-administrativo-ante-una-propuesta-de-financiacion-que-considera-insuficiente-por-parte-del-gobierno-de-navarra\\\/\"},\"author\":{\"name\":\"La Gu\u00eda de Pamplona\",\"@id\":\"https:\\\/\\\/www.laguiadepamplona.com\\\/actualidad\\\/#\\\/schema\\\/person\\\/efe887376f0213d4657c93adc50b1fdb\"},\"headline\":\"El Ayuntamiento de Pamplona presenta un recurso contencioso administrativo ante una propuesta de financiaci\u00f3n que considera insuficiente por parte del Gobierno de Navarra\",\"datePublished\":\"2023-05-15T15:00:49+00:00\",\"mainEntityOfPage\":{\"@id\":\"https:\\\/\\\/www.laguiadepamplona.com\\\/actualidad\\\/el-ayuntamiento-de-pamplona-presenta-un-recurso-contencioso-administrativo-ante-una-propuesta-de-financiacion-que-considera-insuficiente-por-parte-del-gobierno-de-navarra\\\/\"},\"wordCount\":688,\"commentCount\":0,\"publisher\":{\"@id\":\"https:\\\/\\\/www.laguiadepamplona.com\\\/actualidad\\\/#organization\"},\"image\":{\"@id\":\"https:\\\/\\\/www.laguiadepamplona.com\\\/actualidad\\\/el-ayuntamiento-de-pamplona-presenta-un-recurso-contencioso-administrativo-ante-una-propuesta-de-financiacion-que-considera-insuficiente-por-parte-del-gobierno-de-navarra\\\/#primaryimage\"},\"thumbnailUrl\":\"https:\\\/\\\/www.laguiadepamplona.com\\\/actualidad\\\/wp-content\\\/uploads\\\/2023\\\/05\\\/Q5A6566auna23-02-21.webp\",\"articleSection\":[\"Ayto Pamplona\"],\"inLanguage\":\"es\",\"potentialAction\":[{\"@type\":\"CommentAction\",\"name\":\"Comment\",\"target\":[\"https:\\\/\\\/www.laguiadepamplona.com\\\/actualidad\\\/el-ayuntamiento-de-pamplona-presenta-un-recurso-contencioso-administrativo-ante-una-propuesta-de-financiacion-que-considera-insuficiente-por-parte-del-gobierno-de-navarra\\\/#respond\"]}]},{\"@type\":\"WebPage\",\"@id\":\"https:\\\/\\\/www.laguiadepamplona.com\\\/actualidad\\\/el-ayuntamiento-de-pamplona-presenta-un-recurso-contencioso-administrativo-ante-una-propuesta-de-financiacion-que-considera-insuficiente-por-parte-del-gobierno-de-navarra\\\/\",\"url\":\"https:\\\/\\\/www.laguiadepamplona.com\\\/actualidad\\\/el-ayuntamiento-de-pamplona-presenta-un-recurso-contencioso-administrativo-ante-una-propuesta-de-financiacion-que-considera-insuficiente-por-parte-del-gobierno-de-navarra\\\/\",\"name\":\"El Ayuntamiento de Pamplona presenta un recurso contencioso administrativo ante una propuesta de financiaci\u00f3n que considera insuficiente por parte del Gobierno de Navarra\",\"isPartOf\":{\"@id\":\"https:\\\/\\\/www.laguiadepamplona.com\\\/actualidad\\\/#website\"},\"primaryImageOfPage\":{\"@id\":\"https:\\\/\\\/www.laguiadepamplona.com\\\/actualidad\\\/el-ayuntamiento-de-pamplona-presenta-un-recurso-contencioso-administrativo-ante-una-propuesta-de-financiacion-que-considera-insuficiente-por-parte-del-gobierno-de-navarra\\\/#primaryimage\"},\"image\":{\"@id\":\"https:\\\/\\\/www.laguiadepamplona.com\\\/actualidad\\\/el-ayuntamiento-de-pamplona-presenta-un-recurso-contencioso-administrativo-ante-una-propuesta-de-financiacion-que-considera-insuficiente-por-parte-del-gobierno-de-navarra\\\/#primaryimage\"},\"thumbnailUrl\":\"https:\\\/\\\/www.laguiadepamplona.com\\\/actualidad\\\/wp-content\\\/uploads\\\/2023\\\/05\\\/Q5A6566auna23-02-21.webp\",\"datePublished\":\"2023-05-15T15:00:49+00:00\",\"description\":\"Pamplona exige al Gobierno de Navarra que financie los tres programas de su Centro de Servicios Sociales, como establece la Ley Foral 15\\\/2006\",\"breadcrumb\":{\"@id\":\"https:\\\/\\\/www.laguiadepamplona.com\\\/actualidad\\\/el-ayuntamiento-de-pamplona-presenta-un-recurso-contencioso-administrativo-ante-una-propuesta-de-financiacion-que-considera-insuficiente-por-parte-del-gobierno-de-navarra\\\/#breadcrumb\"},\"inLanguage\":\"es\",\"potentialAction\":[{\"@type\":\"ReadAction\",\"target\":[\"https:\\\/\\\/www.laguiadepamplona.com\\\/actualidad\\\/el-ayuntamiento-de-pamplona-presenta-un-recurso-contencioso-administrativo-ante-una-propuesta-de-financiacion-que-considera-insuficiente-por-parte-del-gobierno-de-navarra\\\/\"]}]},{\"@type\":\"ImageObject\",\"inLanguage\":\"es\",\"@id\":\"https:\\\/\\\/www.laguiadepamplona.com\\\/actualidad\\\/el-ayuntamiento-de-pamplona-presenta-un-recurso-contencioso-administrativo-ante-una-propuesta-de-financiacion-que-considera-insuficiente-por-parte-del-gobierno-de-navarra\\\/#primaryimage\",\"url\":\"https:\\\/\\\/www.laguiadepamplona.com\\\/actualidad\\\/wp-content\\\/uploads\\\/2023\\\/05\\\/Q5A6566auna23-02-21.webp\",\"contentUrl\":\"https:\\\/\\\/www.laguiadepamplona.com\\\/actualidad\\\/wp-content\\\/uploads\\\/2023\\\/05\\\/Q5A6566auna23-02-21.webp\",\"width\":1920,\"height\":1281},{\"@type\":\"BreadcrumbList\",\"@id\":\"https:\\\/\\\/www.laguiadepamplona.com\\\/actualidad\\\/el-ayuntamiento-de-pamplona-presenta-un-recurso-contencioso-administrativo-ante-una-propuesta-de-financiacion-que-considera-insuficiente-por-parte-del-gobierno-de-navarra\\\/#breadcrumb\",\"itemListElement\":[{\"@type\":\"ListItem\",\"position\":1,\"name\":\"Portada\",\"item\":\"https:\\\/\\\/www.laguiadepamplona.com\\\/actualidad\\\/\"},{\"@type\":\"ListItem\",\"position\":2,\"name\":\"El Ayuntamiento de Pamplona presenta un recurso contencioso administrativo ante una propuesta de financiaci\u00f3n que considera insuficiente por parte del Gobierno de Navarra\"}]},{\"@type\":\"WebSite\",\"@id\":\"https:\\\/\\\/www.laguiadepamplona.com\\\/actualidad\\\/#website\",\"url\":\"https:\\\/\\\/www.laguiadepamplona.com\\\/actualidad\\\/\",\"name\":\"La gu\u00eda de Pamplona\",\"description\":\"Noticias de Pamplona\",\"publisher\":{\"@id\":\"https:\\\/\\\/www.laguiadepamplona.com\\\/actualidad\\\/#organization\"},\"potentialAction\":[{\"@type\":\"SearchAction\",\"target\":{\"@type\":\"EntryPoint\",\"urlTemplate\":\"https:\\\/\\\/www.laguiadepamplona.com\\\/actualidad\\\/?s={search_term_string}\"},\"query-input\":{\"@type\":\"PropertyValueSpecification\",\"valueRequired\":true,\"valueName\":\"search_term_string\"}}],\"inLanguage\":\"es\"},{\"@type\":\"Organization\",\"@id\":\"https:\\\/\\\/www.laguiadepamplona.com\\\/actualidad\\\/#organization\",\"name\":\"La Gu\u00eda de Pamplona \\\/ Noticias\",\"url\":\"https:\\\/\\\/www.laguiadepamplona.com\\\/actualidad\\\/\",\"logo\":{\"@type\":\"ImageObject\",\"inLanguage\":\"es\",\"@id\":\"https:\\\/\\\/www.laguiadepamplona.com\\\/actualidad\\\/#\\\/schema\\\/logo\\\/image\\\/\",\"url\":\"https:\\\/\\\/www.laguiadepamplona.com\\\/actualidad\\\/wp-content\\\/uploads\\\/2018\\\/11\\\/logo-laguiadepamplona18-web1.png\",\"contentUrl\":\"https:\\\/\\\/www.laguiadepamplona.com\\\/actualidad\\\/wp-content\\\/uploads\\\/2018\\\/11\\\/logo-laguiadepamplona18-web1.png\",\"width\":600,\"height\":196,\"caption\":\"La Gu\u00eda de Pamplona \\\/ Noticias\"},\"image\":{\"@id\":\"https:\\\/\\\/www.laguiadepamplona.com\\\/actualidad\\\/#\\\/schema\\\/logo\\\/image\\\/\"},\"sameAs\":[\"https:\\\/\\\/www.facebook.com\\\/laguiadepamplonacom-133175176762273\\\/?ref=hl\",\"https:\\\/\\\/x.com\\\/LaGuiadPamplona\",\"https:\\\/\\\/www.instagram.com\\\/la_guia_de_pamplona\\\/\",\"https:\\\/\\\/www.youtube.com\\\/user\\\/laguiadepamplona\"]},{\"@type\":\"Person\",\"@id\":\"https:\\\/\\\/www.laguiadepamplona.com\\\/actualidad\\\/#\\\/schema\\\/person\\\/efe887376f0213d4657c93adc50b1fdb\",\"name\":\"La Gu\u00eda de Pamplona\",\"image\":{\"@type\":\"ImageObject\",\"inLanguage\":\"es\",\"@id\":\"https:\\\/\\\/secure.gravatar.com\\\/avatar\\\/b6992f131dc8d30ab0dff15446e9d346d9dbd95992de0fef795073f5ea83a81c?s=96&d=mm&r=g\",\"url\":\"https:\\\/\\\/secure.gravatar.com\\\/avatar\\\/b6992f131dc8d30ab0dff15446e9d346d9dbd95992de0fef795073f5ea83a81c?s=96&d=mm&r=g\",\"contentUrl\":\"https:\\\/\\\/secure.gravatar.com\\\/avatar\\\/b6992f131dc8d30ab0dff15446e9d346d9dbd95992de0fef795073f5ea83a81c?s=96&d=mm&r=g\",\"caption\":\"La Gu\u00eda de Pamplona\"}}]}<\/script>\n<!-- \/ Yoast SEO plugin. -->","yoast_head_json":{"title":"El Ayuntamiento de Pamplona presenta un recurso contencioso administrativo ante una propuesta de financiaci\u00f3n que considera insuficiente por parte del Gobierno de Navarra","description":"Pamplona exige al Gobierno de Navarra que financie los tres programas de su Centro de Servicios Sociales, como establece la Ley Foral 15\/2006","robots":{"index":"index","follow":"follow","max-snippet":"max-snippet:-1","max-image-preview":"max-image-preview:large","max-video-preview":"max-video-preview:-1"},"canonical":"https:\/\/www.laguiadepamplona.com\/actualidad\/el-ayuntamiento-de-pamplona-presenta-un-recurso-contencioso-administrativo-ante-una-propuesta-de-financiacion-que-considera-insuficiente-por-parte-del-gobierno-de-navarra\/","og_locale":"es_ES","og_type":"article","og_title":"El Ayuntamiento de Pamplona presenta un recurso contencioso administrativo ante una propuesta de financiaci\u00f3n que considera insuficiente por parte del Gobierno de Navarra","og_description":"Pamplona exige al Gobierno de Navarra que financie los tres programas de su Centro de Servicios Sociales, como establece la Ley Foral 15\/2006","og_url":"https:\/\/www.laguiadepamplona.com\/actualidad\/el-ayuntamiento-de-pamplona-presenta-un-recurso-contencioso-administrativo-ante-una-propuesta-de-financiacion-que-considera-insuficiente-por-parte-del-gobierno-de-navarra\/","og_site_name":"La Gu\u00eda de Pamplona","article_publisher":"https:\/\/www.facebook.com\/laguiadepamplonacom-133175176762273\/?ref=hl","article_published_time":"2023-05-15T15:00:49+00:00","og_image":[{"width":1920,"height":1281,"url":"https:\/\/www.laguiadepamplona.com\/actualidad\/wp-content\/uploads\/2023\/05\/Q5A6566auna23-02-21.webp","type":"image\/webp"}],"author":"La Gu\u00eda de Pamplona","twitter_card":"summary_large_image","twitter_creator":"@LaGuiadPamplona","twitter_site":"@LaGuiadPamplona","twitter_misc":{"Escrito por":"La Gu\u00eda de Pamplona","Tiempo de lectura":"3 minutos"},"schema":{"@context":"https:\/\/schema.org","@graph":[{"@type":"Article","@id":"https:\/\/www.laguiadepamplona.com\/actualidad\/el-ayuntamiento-de-pamplona-presenta-un-recurso-contencioso-administrativo-ante-una-propuesta-de-financiacion-que-considera-insuficiente-por-parte-del-gobierno-de-navarra\/#article","isPartOf":{"@id":"https:\/\/www.laguiadepamplona.com\/actualidad\/el-ayuntamiento-de-pamplona-presenta-un-recurso-contencioso-administrativo-ante-una-propuesta-de-financiacion-que-considera-insuficiente-por-parte-del-gobierno-de-navarra\/"},"author":{"name":"La Gu\u00eda de Pamplona","@id":"https:\/\/www.laguiadepamplona.com\/actualidad\/#\/schema\/person\/efe887376f0213d4657c93adc50b1fdb"},"headline":"El Ayuntamiento de Pamplona presenta un recurso contencioso administrativo ante una propuesta de financiaci\u00f3n que considera insuficiente por parte del Gobierno de Navarra","datePublished":"2023-05-15T15:00:49+00:00","mainEntityOfPage":{"@id":"https:\/\/www.laguiadepamplona.com\/actualidad\/el-ayuntamiento-de-pamplona-presenta-un-recurso-contencioso-administrativo-ante-una-propuesta-de-financiacion-que-considera-insuficiente-por-parte-del-gobierno-de-navarra\/"},"wordCount":688,"commentCount":0,"publisher":{"@id":"https:\/\/www.laguiadepamplona.com\/actualidad\/#organization"},"image":{"@id":"https:\/\/www.laguiadepamplona.com\/actualidad\/el-ayuntamiento-de-pamplona-presenta-un-recurso-contencioso-administrativo-ante-una-propuesta-de-financiacion-que-considera-insuficiente-por-parte-del-gobierno-de-navarra\/#primaryimage"},"thumbnailUrl":"https:\/\/www.laguiadepamplona.com\/actualidad\/wp-content\/uploads\/2023\/05\/Q5A6566auna23-02-21.webp","articleSection":["Ayto Pamplona"],"inLanguage":"es","potentialAction":[{"@type":"CommentAction","name":"Comment","target":["https:\/\/www.laguiadepamplona.com\/actualidad\/el-ayuntamiento-de-pamplona-presenta-un-recurso-contencioso-administrativo-ante-una-propuesta-de-financiacion-que-considera-insuficiente-por-parte-del-gobierno-de-navarra\/#respond"]}]},{"@type":"WebPage","@id":"https:\/\/www.laguiadepamplona.com\/actualidad\/el-ayuntamiento-de-pamplona-presenta-un-recurso-contencioso-administrativo-ante-una-propuesta-de-financiacion-que-considera-insuficiente-por-parte-del-gobierno-de-navarra\/","url":"https:\/\/www.laguiadepamplona.com\/actualidad\/el-ayuntamiento-de-pamplona-presenta-un-recurso-contencioso-administrativo-ante-una-propuesta-de-financiacion-que-considera-insuficiente-por-parte-del-gobierno-de-navarra\/","name":"El Ayuntamiento de Pamplona presenta un recurso contencioso administrativo ante una propuesta de financiaci\u00f3n que considera insuficiente por parte del Gobierno de Navarra","isPartOf":{"@id":"https:\/\/www.laguiadepamplona.com\/actualidad\/#website"},"primaryImageOfPage":{"@id":"https:\/\/www.laguiadepamplona.com\/actualidad\/el-ayuntamiento-de-pamplona-presenta-un-recurso-contencioso-administrativo-ante-una-propuesta-de-financiacion-que-considera-insuficiente-por-parte-del-gobierno-de-navarra\/#primaryimage"},"image":{"@id":"https:\/\/www.laguiadepamplona.com\/actualidad\/el-ayuntamiento-de-pamplona-presenta-un-recurso-contencioso-administrativo-ante-una-propuesta-de-financiacion-que-considera-insuficiente-por-parte-del-gobierno-de-navarra\/#primaryimage"},"thumbnailUrl":"https:\/\/www.laguiadepamplona.com\/actualidad\/wp-content\/uploads\/2023\/05\/Q5A6566auna23-02-21.webp","datePublished":"2023-05-15T15:00:49+00:00","description":"Pamplona exige al Gobierno de Navarra que financie los tres programas de su Centro de Servicios Sociales, como establece la Ley Foral 15\/2006","breadcrumb":{"@id":"https:\/\/www.laguiadepamplona.com\/actualidad\/el-ayuntamiento-de-pamplona-presenta-un-recurso-contencioso-administrativo-ante-una-propuesta-de-financiacion-que-considera-insuficiente-por-parte-del-gobierno-de-navarra\/#breadcrumb"},"inLanguage":"es","potentialAction":[{"@type":"ReadAction","target":["https:\/\/www.laguiadepamplona.com\/actualidad\/el-ayuntamiento-de-pamplona-presenta-un-recurso-contencioso-administrativo-ante-una-propuesta-de-financiacion-que-considera-insuficiente-por-parte-del-gobierno-de-navarra\/"]}]},{"@type":"ImageObject","inLanguage":"es","@id":"https:\/\/www.laguiadepamplona.com\/actualidad\/el-ayuntamiento-de-pamplona-presenta-un-recurso-contencioso-administrativo-ante-una-propuesta-de-financiacion-que-considera-insuficiente-por-parte-del-gobierno-de-navarra\/#primaryimage","url":"https:\/\/www.laguiadepamplona.com\/actualidad\/wp-content\/uploads\/2023\/05\/Q5A6566auna23-02-21.webp","contentUrl":"https:\/\/www.laguiadepamplona.com\/actualidad\/wp-content\/uploads\/2023\/05\/Q5A6566auna23-02-21.webp","width":1920,"height":1281},{"@type":"BreadcrumbList","@id":"https:\/\/www.laguiadepamplona.com\/actualidad\/el-ayuntamiento-de-pamplona-presenta-un-recurso-contencioso-administrativo-ante-una-propuesta-de-financiacion-que-considera-insuficiente-por-parte-del-gobierno-de-navarra\/#breadcrumb","itemListElement":[{"@type":"ListItem","position":1,"name":"Portada","item":"https:\/\/www.laguiadepamplona.com\/actualidad\/"},{"@type":"ListItem","position":2,"name":"El Ayuntamiento de Pamplona presenta un recurso contencioso administrativo ante una propuesta de financiaci\u00f3n que considera insuficiente por parte del Gobierno de Navarra"}]},{"@type":"WebSite","@id":"https:\/\/www.laguiadepamplona.com\/actualidad\/#website","url":"https:\/\/www.laguiadepamplona.com\/actualidad\/","name":"La gu\u00eda de Pamplona","description":"Noticias de Pamplona","publisher":{"@id":"https:\/\/www.laguiadepamplona.com\/actualidad\/#organization"},"potentialAction":[{"@type":"SearchAction","target":{"@type":"EntryPoint","urlTemplate":"https:\/\/www.laguiadepamplona.com\/actualidad\/?s={search_term_string}"},"query-input":{"@type":"PropertyValueSpecification","valueRequired":true,"valueName":"search_term_string"}}],"inLanguage":"es"},{"@type":"Organization","@id":"https:\/\/www.laguiadepamplona.com\/actualidad\/#organization","name":"La Gu\u00eda de Pamplona \/ Noticias","url":"https:\/\/www.laguiadepamplona.com\/actualidad\/","logo":{"@type":"ImageObject","inLanguage":"es","@id":"https:\/\/www.laguiadepamplona.com\/actualidad\/#\/schema\/logo\/image\/","url":"https:\/\/www.laguiadepamplona.com\/actualidad\/wp-content\/uploads\/2018\/11\/logo-laguiadepamplona18-web1.png","contentUrl":"https:\/\/www.laguiadepamplona.com\/actualidad\/wp-content\/uploads\/2018\/11\/logo-laguiadepamplona18-web1.png","width":600,"height":196,"caption":"La Gu\u00eda de Pamplona \/ Noticias"},"image":{"@id":"https:\/\/www.laguiadepamplona.com\/actualidad\/#\/schema\/logo\/image\/"},"sameAs":["https:\/\/www.facebook.com\/laguiadepamplonacom-133175176762273\/?ref=hl","https:\/\/x.com\/LaGuiadPamplona","https:\/\/www.instagram.com\/la_guia_de_pamplona\/","https:\/\/www.youtube.com\/user\/laguiadepamplona"]},{"@type":"Person","@id":"https:\/\/www.laguiadepamplona.com\/actualidad\/#\/schema\/person\/efe887376f0213d4657c93adc50b1fdb","name":"La Gu\u00eda de Pamplona","image":{"@type":"ImageObject","inLanguage":"es","@id":"https:\/\/secure.gravatar.com\/avatar\/b6992f131dc8d30ab0dff15446e9d346d9dbd95992de0fef795073f5ea83a81c?s=96&d=mm&r=g","url":"https:\/\/secure.gravatar.com\/avatar\/b6992f131dc8d30ab0dff15446e9d346d9dbd95992de0fef795073f5ea83a81c?s=96&d=mm&r=g","contentUrl":"https:\/\/secure.gravatar.com\/avatar\/b6992f131dc8d30ab0dff15446e9d346d9dbd95992de0fef795073f5ea83a81c?s=96&d=mm&r=g","caption":"La Gu\u00eda de Pamplona"}}]}},"post_mailing_queue_ids":[],"_links":{"self":[{"href":"https:\/\/www.laguiadepamplona.com\/actualidad\/wp-json\/wp\/v2\/posts\/46690","targetHints":{"allow":["GET"]}}],"collection":[{"href":"https:\/\/www.laguiadepamplona.com\/actualidad\/wp-json\/wp\/v2\/posts"}],"about":[{"href":"https:\/\/www.laguiadepamplona.com\/actualidad\/wp-json\/wp\/v2\/types\/post"}],"author":[{"embeddable":true,"href":"https:\/\/www.laguiadepamplona.com\/actualidad\/wp-json\/wp\/v2\/users\/1"}],"replies":[{"embeddable":true,"href":"https:\/\/www.laguiadepamplona.com\/actualidad\/wp-json\/wp\/v2\/comments?post=46690"}],"version-history":[{"count":1,"href":"https:\/\/www.laguiadepamplona.com\/actualidad\/wp-json\/wp\/v2\/posts\/46690\/revisions"}],"predecessor-version":[{"id":46692,"href":"https:\/\/www.laguiadepamplona.com\/actualidad\/wp-json\/wp\/v2\/posts\/46690\/revisions\/46692"}],"wp:featuredmedia":[{"embeddable":true,"href":"https:\/\/www.laguiadepamplona.com\/actualidad\/wp-json\/wp\/v2\/media\/46691"}],"wp:attachment":[{"href":"https:\/\/www.laguiadepamplona.com\/actualidad\/wp-json\/wp\/v2\/media?parent=46690"}],"wp:term":[{"taxonomy":"category","embeddable":true,"href":"https:\/\/www.laguiadepamplona.com\/actualidad\/wp-json\/wp\/v2\/categories?post=46690"},{"taxonomy":"post_tag","embeddable":true,"href":"https:\/\/www.laguiadepamplona.com\/actualidad\/wp-json\/wp\/v2\/tags?post=46690"}],"curies":[{"name":"wp","href":"https:\/\/api.w.org\/{rel}","templated":true}]}}