{"id":46685,"date":"2023-05-15T13:33:46","date_gmt":"2023-05-15T11:33:46","guid":{"rendered":"https:\/\/www.laguiadepamplona.com\/actualidad\/?p=46685"},"modified":"2023-05-15T13:33:46","modified_gmt":"2023-05-15T11:33:46","slug":"aprobada-la-convocatoria-de-25-plazas-de-agente-de-policia-municipal-de-pamplona","status":"publish","type":"post","link":"https:\/\/www.laguiadepamplona.com\/actualidad\/aprobada-la-convocatoria-de-25-plazas-de-agente-de-policia-municipal-de-pamplona\/","title":{"rendered":"Aprobada la convocatoria de 25 plazas de agente de Polic\u00eda Municipal de Pamplona"},"content":{"rendered":"<h3>La Junta de Gobierno Local ha aprobado esta ma\u00f1ana la convocatoria que se publicar\u00e1 pr\u00f3ximamente en el Bolet\u00edn Oficial de Navarra (BON)<\/h3>\n<p><!--more--><\/p>\n<p>La Junta de Gobierno Local del Ayuntamiento de Pamplona ha aprobado hoy la convocatoria para la provisi\u00f3n, mediante oposici\u00f3n, de 25 plazas de agente de polic\u00eda con destino al cuerpo de Polic\u00eda Municipal de Pamplona, 12 de turno libre y otras 13 de turno de promoci\u00f3n entre personal funcionario al servicio de las Administraciones P\u00fablicas de Navarra. Si alguna de estas \u00faltimas quedara desierta se acumular\u00eda al turno libre.<\/p>\n<p>Las pruebas de proceso ser\u00e1n diversas. Una primera fase de selecci\u00f3n en la que se realizar\u00e1n pruebas de car\u00e1cter eliminatorio comenzando por un examen de test de 100 preguntas sobre un temario predefinido en las bases de la convocatoria que se publicar\u00e1n pr\u00f3ximamente en el Bolet\u00edn Oficial de Navarra (BON). Hasta un m\u00e1ximo de 75 personas del turno libre que hayan aprobado el test, en el orden marcado por la puntuaci\u00f3n obtenida, y todas las que hayan aprobado el examen del turno de promoci\u00f3n, ser\u00e1n llamadas a las pruebas de condici\u00f3n f\u00edsica y las correspondientes pruebas psicot\u00e9cnica y m\u00e9dica, todas ella eliminatorias. Tras todas estas pruebas se adjudicar\u00e1n las plazas y se confeccionar\u00e1 la lista de personas propuestas para realizar el Curso de Formaci\u00f3n B\u00e1sica en la Escuela de Seguridad y Emergencias de Navarra. (ESEN), cuya superaci\u00f3n es la segunda fase del proceso de selecci\u00f3n.<br \/>\n<script async src=\"\/\/pagead2.googlesyndication.com\/pagead\/js\/adsbygoogle.js\"><\/script><br \/>\n<!-- Noticias La Guia de Pamplona --><br \/>\n<ins class=\"adsbygoogle\"\nstyle=\"display:block\"\ndata-ad-client=\"ca-pub-6943679897239327\"\ndata-ad-slot=\"7048180777\"\ndata-ad-format=\"auto\"><\/ins><br \/>\n<script>\n(adsbygoogle = window.adsbygoogle || []).push({});\n<\/script><\/p>\n<p>Los los detalles sobre el temario, la distribuci\u00f3n de las plazas libres o de promoci\u00f3n, requisitos de las personas aspirantes, desarrollo concreto de las pruebas o la propia composici\u00f3n del tribunal se har\u00e1n p\u00fablicos en el momento de publicaci\u00f3n de las bases en el BON. Ser\u00e1 el momento de apertura del plazo de inscripci\u00f3n que se alargar\u00e1 durante 30 d\u00edas naturales desde el siguiente a la publicaci\u00f3n. Quienes deseen tomar parte en esta convocatoria deber\u00e1n presentar su solicitud de forma telem\u00e1tica en la rese\u00f1a web a la que se accede en la ruta <a href=\"http:\/\/www.pamplona.es\/Tr\u00e1mites\" target=\"_blank\" rel=\"noopener\">www.pamplona.es\/Tr\u00e1mites<\/a> y licitaciones\/Ofertas de Trabajo\/Empleo p\u00fablico\/Convocatorias de empleo p\u00fablico. Tambi\u00e9n deber\u00e1n satisfacer una tasa de 15 euros que se debe pagar de forma telem\u00e1tica en el momento de formalizar la solicitud<\/p>\n<p>Las personas interesadas en el turno de promoci\u00f3n deber\u00e1n presentar, adem\u00e1s, la certificaci\u00f3n del nivel y puesto de trabajo desde el que desean promocionar y antig\u00fcedad en el mismo, expedida por el \u00f3rgano que tenga atribuida dicha funci\u00f3n de la Administraci\u00f3n a la que pertenezcan.<br \/>\n<script async src=\"\/\/pagead2.googlesyndication.com\/pagead\/js\/adsbygoogle.js\"><\/script><br \/>\n<!-- Noticias La Guia de Pamplona --><br \/>\n<ins class=\"adsbygoogle\"\nstyle=\"display:block\"\ndata-ad-client=\"ca-pub-6943679897239327\"\ndata-ad-slot=\"7048180777\"\ndata-ad-format=\"auto\"><\/ins><br \/>\n<script>\n(adsbygoogle = window.adsbygoogle || []).push({});\n<\/script><\/p>\n<p>En la actualidad hay 402 polic\u00edas en activo en la Polic\u00eda Municipal de Pamplona. Adem\u00e1s, hay 14 agentes m\u00e1s que est\u00e1n completando su formaci\u00f3n en la Escuela de Seguridad de Navarra antes de su incorporaci\u00f3n al puesto una vez concluida esa etapa formativa.<\/p>\n","protected":false},"excerpt":{"rendered":"<p>La Junta de Gobierno Local ha aprobado esta ma\u00f1ana la convocatoria que se publicar\u00e1 pr\u00f3ximamente en el Bolet\u00edn Oficial de Navarra (BON)<\/p>\n","protected":false},"author":1,"featured_media":34254,"comment_status":"open","ping_status":"closed","sticky":false,"template":"","format":"standard","meta":{"footnotes":""},"categories":[2],"tags":[],"class_list":["post-46685","post","type-post","status-publish","format-standard","has-post-thumbnail","hentry","category-ayuntamiento-pamplona"],"yoast_head":"<!-- This site is optimized with the Yoast SEO plugin v27.3 - https:\/\/yoast.com\/product\/yoast-seo-wordpress\/ -->\n<title>Aprobada la convocatoria de 25 plazas de agente de Polic\u00eda Municipal de Pamplona<\/title>\n<meta name=\"description\" content=\"La Junta de Gobierno Local ha aprobado esta ma\u00f1ana la convocatoria que se publicar\u00e1 pr\u00f3ximamente en el Bolet\u00edn Oficial de Navarra (BON)\" \/>\n<meta name=\"robots\" content=\"index, follow, max-snippet:-1, max-image-preview:large, max-video-preview:-1\" \/>\n<link rel=\"canonical\" href=\"https:\/\/www.laguiadepamplona.com\/actualidad\/aprobada-la-convocatoria-de-25-plazas-de-agente-de-policia-municipal-de-pamplona\/\" \/>\n<meta property=\"og:locale\" content=\"es_ES\" \/>\n<meta property=\"og:type\" content=\"article\" \/>\n<meta property=\"og:title\" content=\"Aprobada la convocatoria de 25 plazas de agente de Polic\u00eda Municipal de Pamplona\" \/>\n<meta property=\"og:description\" content=\"La Junta de Gobierno Local ha aprobado esta ma\u00f1ana la convocatoria que se publicar\u00e1 pr\u00f3ximamente en el Bolet\u00edn Oficial de Navarra (BON)\" \/>\n<meta property=\"og:url\" content=\"https:\/\/www.laguiadepamplona.com\/actualidad\/aprobada-la-convocatoria-de-25-plazas-de-agente-de-policia-municipal-de-pamplona\/\" \/>\n<meta property=\"og:site_name\" content=\"La Gu\u00eda de Pamplona\" \/>\n<meta property=\"article:publisher\" content=\"https:\/\/www.facebook.com\/laguiadepamplonacom-133175176762273\/?ref=hl\" \/>\n<meta property=\"article:published_time\" content=\"2023-05-15T11:33:46+00:00\" \/>\n<meta property=\"og:image\" content=\"https:\/\/www.laguiadepamplona.com\/actualidad\/wp-content\/uploads\/2021\/04\/policia-municipal.jpg\" \/>\n\t<meta property=\"og:image:width\" content=\"1920\" \/>\n\t<meta property=\"og:image:height\" content=\"1280\" \/>\n\t<meta property=\"og:image:type\" content=\"image\/jpeg\" \/>\n<meta name=\"author\" content=\"La Gu\u00eda de Pamplona\" \/>\n<meta name=\"twitter:card\" content=\"summary_large_image\" \/>\n<meta name=\"twitter:creator\" content=\"@LaGuiadPamplona\" \/>\n<meta name=\"twitter:site\" content=\"@LaGuiadPamplona\" \/>\n<meta name=\"twitter:label1\" content=\"Escrito por\" \/>\n\t<meta name=\"twitter:data1\" content=\"La Gu\u00eda de Pamplona\" \/>\n\t<meta name=\"twitter:label2\" content=\"Tiempo de lectura\" \/>\n\t<meta name=\"twitter:data2\" content=\"3 minutos\" \/>\n<script type=\"application\/ld+json\" class=\"yoast-schema-graph\">{\"@context\":\"https:\\\/\\\/schema.org\",\"@graph\":[{\"@type\":\"Article\",\"@id\":\"https:\\\/\\\/www.laguiadepamplona.com\\\/actualidad\\\/aprobada-la-convocatoria-de-25-plazas-de-agente-de-policia-municipal-de-pamplona\\\/#article\",\"isPartOf\":{\"@id\":\"https:\\\/\\\/www.laguiadepamplona.com\\\/actualidad\\\/aprobada-la-convocatoria-de-25-plazas-de-agente-de-policia-municipal-de-pamplona\\\/\"},\"author\":{\"name\":\"La Gu\u00eda de Pamplona\",\"@id\":\"https:\\\/\\\/www.laguiadepamplona.com\\\/actualidad\\\/#\\\/schema\\\/person\\\/efe887376f0213d4657c93adc50b1fdb\"},\"headline\":\"Aprobada la convocatoria de 25 plazas de agente de Polic\u00eda Municipal de Pamplona\",\"datePublished\":\"2023-05-15T11:33:46+00:00\",\"mainEntityOfPage\":{\"@id\":\"https:\\\/\\\/www.laguiadepamplona.com\\\/actualidad\\\/aprobada-la-convocatoria-de-25-plazas-de-agente-de-policia-municipal-de-pamplona\\\/\"},\"wordCount\":520,\"commentCount\":0,\"publisher\":{\"@id\":\"https:\\\/\\\/www.laguiadepamplona.com\\\/actualidad\\\/#organization\"},\"image\":{\"@id\":\"https:\\\/\\\/www.laguiadepamplona.com\\\/actualidad\\\/aprobada-la-convocatoria-de-25-plazas-de-agente-de-policia-municipal-de-pamplona\\\/#primaryimage\"},\"thumbnailUrl\":\"https:\\\/\\\/www.laguiadepamplona.com\\\/actualidad\\\/wp-content\\\/uploads\\\/2021\\\/04\\\/policia-municipal.jpg\",\"articleSection\":[\"Ayto Pamplona\"],\"inLanguage\":\"es\",\"potentialAction\":[{\"@type\":\"CommentAction\",\"name\":\"Comment\",\"target\":[\"https:\\\/\\\/www.laguiadepamplona.com\\\/actualidad\\\/aprobada-la-convocatoria-de-25-plazas-de-agente-de-policia-municipal-de-pamplona\\\/#respond\"]}]},{\"@type\":\"WebPage\",\"@id\":\"https:\\\/\\\/www.laguiadepamplona.com\\\/actualidad\\\/aprobada-la-convocatoria-de-25-plazas-de-agente-de-policia-municipal-de-pamplona\\\/\",\"url\":\"https:\\\/\\\/www.laguiadepamplona.com\\\/actualidad\\\/aprobada-la-convocatoria-de-25-plazas-de-agente-de-policia-municipal-de-pamplona\\\/\",\"name\":\"Aprobada la convocatoria de 25 plazas de agente de Polic\u00eda Municipal de Pamplona\",\"isPartOf\":{\"@id\":\"https:\\\/\\\/www.laguiadepamplona.com\\\/actualidad\\\/#website\"},\"primaryImageOfPage\":{\"@id\":\"https:\\\/\\\/www.laguiadepamplona.com\\\/actualidad\\\/aprobada-la-convocatoria-de-25-plazas-de-agente-de-policia-municipal-de-pamplona\\\/#primaryimage\"},\"image\":{\"@id\":\"https:\\\/\\\/www.laguiadepamplona.com\\\/actualidad\\\/aprobada-la-convocatoria-de-25-plazas-de-agente-de-policia-municipal-de-pamplona\\\/#primaryimage\"},\"thumbnailUrl\":\"https:\\\/\\\/www.laguiadepamplona.com\\\/actualidad\\\/wp-content\\\/uploads\\\/2021\\\/04\\\/policia-municipal.jpg\",\"datePublished\":\"2023-05-15T11:33:46+00:00\",\"description\":\"La Junta de Gobierno Local ha aprobado esta ma\u00f1ana la convocatoria que se publicar\u00e1 pr\u00f3ximamente en el Bolet\u00edn Oficial de Navarra (BON)\",\"breadcrumb\":{\"@id\":\"https:\\\/\\\/www.laguiadepamplona.com\\\/actualidad\\\/aprobada-la-convocatoria-de-25-plazas-de-agente-de-policia-municipal-de-pamplona\\\/#breadcrumb\"},\"inLanguage\":\"es\",\"potentialAction\":[{\"@type\":\"ReadAction\",\"target\":[\"https:\\\/\\\/www.laguiadepamplona.com\\\/actualidad\\\/aprobada-la-convocatoria-de-25-plazas-de-agente-de-policia-municipal-de-pamplona\\\/\"]}]},{\"@type\":\"ImageObject\",\"inLanguage\":\"es\",\"@id\":\"https:\\\/\\\/www.laguiadepamplona.com\\\/actualidad\\\/aprobada-la-convocatoria-de-25-plazas-de-agente-de-policia-municipal-de-pamplona\\\/#primaryimage\",\"url\":\"https:\\\/\\\/www.laguiadepamplona.com\\\/actualidad\\\/wp-content\\\/uploads\\\/2021\\\/04\\\/policia-municipal.jpg\",\"contentUrl\":\"https:\\\/\\\/www.laguiadepamplona.com\\\/actualidad\\\/wp-content\\\/uploads\\\/2021\\\/04\\\/policia-municipal.jpg\",\"width\":1920,\"height\":1280},{\"@type\":\"BreadcrumbList\",\"@id\":\"https:\\\/\\\/www.laguiadepamplona.com\\\/actualidad\\\/aprobada-la-convocatoria-de-25-plazas-de-agente-de-policia-municipal-de-pamplona\\\/#breadcrumb\",\"itemListElement\":[{\"@type\":\"ListItem\",\"position\":1,\"name\":\"Portada\",\"item\":\"https:\\\/\\\/www.laguiadepamplona.com\\\/actualidad\\\/\"},{\"@type\":\"ListItem\",\"position\":2,\"name\":\"Aprobada la convocatoria de 25 plazas de agente de Polic\u00eda Municipal de Pamplona\"}]},{\"@type\":\"WebSite\",\"@id\":\"https:\\\/\\\/www.laguiadepamplona.com\\\/actualidad\\\/#website\",\"url\":\"https:\\\/\\\/www.laguiadepamplona.com\\\/actualidad\\\/\",\"name\":\"La gu\u00eda de Pamplona\",\"description\":\"Noticias de Pamplona\",\"publisher\":{\"@id\":\"https:\\\/\\\/www.laguiadepamplona.com\\\/actualidad\\\/#organization\"},\"potentialAction\":[{\"@type\":\"SearchAction\",\"target\":{\"@type\":\"EntryPoint\",\"urlTemplate\":\"https:\\\/\\\/www.laguiadepamplona.com\\\/actualidad\\\/?s={search_term_string}\"},\"query-input\":{\"@type\":\"PropertyValueSpecification\",\"valueRequired\":true,\"valueName\":\"search_term_string\"}}],\"inLanguage\":\"es\"},{\"@type\":\"Organization\",\"@id\":\"https:\\\/\\\/www.laguiadepamplona.com\\\/actualidad\\\/#organization\",\"name\":\"La Gu\u00eda de Pamplona \\\/ Noticias\",\"url\":\"https:\\\/\\\/www.laguiadepamplona.com\\\/actualidad\\\/\",\"logo\":{\"@type\":\"ImageObject\",\"inLanguage\":\"es\",\"@id\":\"https:\\\/\\\/www.laguiadepamplona.com\\\/actualidad\\\/#\\\/schema\\\/logo\\\/image\\\/\",\"url\":\"https:\\\/\\\/www.laguiadepamplona.com\\\/actualidad\\\/wp-content\\\/uploads\\\/2018\\\/11\\\/logo-laguiadepamplona18-web1.png\",\"contentUrl\":\"https:\\\/\\\/www.laguiadepamplona.com\\\/actualidad\\\/wp-content\\\/uploads\\\/2018\\\/11\\\/logo-laguiadepamplona18-web1.png\",\"width\":600,\"height\":196,\"caption\":\"La Gu\u00eda de Pamplona \\\/ Noticias\"},\"image\":{\"@id\":\"https:\\\/\\\/www.laguiadepamplona.com\\\/actualidad\\\/#\\\/schema\\\/logo\\\/image\\\/\"},\"sameAs\":[\"https:\\\/\\\/www.facebook.com\\\/laguiadepamplonacom-133175176762273\\\/?ref=hl\",\"https:\\\/\\\/x.com\\\/LaGuiadPamplona\",\"https:\\\/\\\/www.instagram.com\\\/la_guia_de_pamplona\\\/\",\"https:\\\/\\\/www.youtube.com\\\/user\\\/laguiadepamplona\"]},{\"@type\":\"Person\",\"@id\":\"https:\\\/\\\/www.laguiadepamplona.com\\\/actualidad\\\/#\\\/schema\\\/person\\\/efe887376f0213d4657c93adc50b1fdb\",\"name\":\"La Gu\u00eda de Pamplona\",\"image\":{\"@type\":\"ImageObject\",\"inLanguage\":\"es\",\"@id\":\"https:\\\/\\\/secure.gravatar.com\\\/avatar\\\/b6992f131dc8d30ab0dff15446e9d346d9dbd95992de0fef795073f5ea83a81c?s=96&d=mm&r=g\",\"url\":\"https:\\\/\\\/secure.gravatar.com\\\/avatar\\\/b6992f131dc8d30ab0dff15446e9d346d9dbd95992de0fef795073f5ea83a81c?s=96&d=mm&r=g\",\"contentUrl\":\"https:\\\/\\\/secure.gravatar.com\\\/avatar\\\/b6992f131dc8d30ab0dff15446e9d346d9dbd95992de0fef795073f5ea83a81c?s=96&d=mm&r=g\",\"caption\":\"La Gu\u00eda de Pamplona\"}}]}<\/script>\n<!-- \/ Yoast SEO plugin. -->","yoast_head_json":{"title":"Aprobada la convocatoria de 25 plazas de agente de Polic\u00eda Municipal de Pamplona","description":"La Junta de Gobierno Local ha aprobado esta ma\u00f1ana la convocatoria que se publicar\u00e1 pr\u00f3ximamente en el Bolet\u00edn Oficial de Navarra (BON)","robots":{"index":"index","follow":"follow","max-snippet":"max-snippet:-1","max-image-preview":"max-image-preview:large","max-video-preview":"max-video-preview:-1"},"canonical":"https:\/\/www.laguiadepamplona.com\/actualidad\/aprobada-la-convocatoria-de-25-plazas-de-agente-de-policia-municipal-de-pamplona\/","og_locale":"es_ES","og_type":"article","og_title":"Aprobada la convocatoria de 25 plazas de agente de Polic\u00eda Municipal de Pamplona","og_description":"La Junta de Gobierno Local ha aprobado esta ma\u00f1ana la convocatoria que se publicar\u00e1 pr\u00f3ximamente en el Bolet\u00edn Oficial de Navarra (BON)","og_url":"https:\/\/www.laguiadepamplona.com\/actualidad\/aprobada-la-convocatoria-de-25-plazas-de-agente-de-policia-municipal-de-pamplona\/","og_site_name":"La Gu\u00eda de Pamplona","article_publisher":"https:\/\/www.facebook.com\/laguiadepamplonacom-133175176762273\/?ref=hl","article_published_time":"2023-05-15T11:33:46+00:00","og_image":[{"width":1920,"height":1280,"url":"https:\/\/www.laguiadepamplona.com\/actualidad\/wp-content\/uploads\/2021\/04\/policia-municipal.jpg","type":"image\/jpeg"}],"author":"La Gu\u00eda de Pamplona","twitter_card":"summary_large_image","twitter_creator":"@LaGuiadPamplona","twitter_site":"@LaGuiadPamplona","twitter_misc":{"Escrito por":"La Gu\u00eda de Pamplona","Tiempo de lectura":"3 minutos"},"schema":{"@context":"https:\/\/schema.org","@graph":[{"@type":"Article","@id":"https:\/\/www.laguiadepamplona.com\/actualidad\/aprobada-la-convocatoria-de-25-plazas-de-agente-de-policia-municipal-de-pamplona\/#article","isPartOf":{"@id":"https:\/\/www.laguiadepamplona.com\/actualidad\/aprobada-la-convocatoria-de-25-plazas-de-agente-de-policia-municipal-de-pamplona\/"},"author":{"name":"La Gu\u00eda de Pamplona","@id":"https:\/\/www.laguiadepamplona.com\/actualidad\/#\/schema\/person\/efe887376f0213d4657c93adc50b1fdb"},"headline":"Aprobada la convocatoria de 25 plazas de agente de Polic\u00eda Municipal de Pamplona","datePublished":"2023-05-15T11:33:46+00:00","mainEntityOfPage":{"@id":"https:\/\/www.laguiadepamplona.com\/actualidad\/aprobada-la-convocatoria-de-25-plazas-de-agente-de-policia-municipal-de-pamplona\/"},"wordCount":520,"commentCount":0,"publisher":{"@id":"https:\/\/www.laguiadepamplona.com\/actualidad\/#organization"},"image":{"@id":"https:\/\/www.laguiadepamplona.com\/actualidad\/aprobada-la-convocatoria-de-25-plazas-de-agente-de-policia-municipal-de-pamplona\/#primaryimage"},"thumbnailUrl":"https:\/\/www.laguiadepamplona.com\/actualidad\/wp-content\/uploads\/2021\/04\/policia-municipal.jpg","articleSection":["Ayto Pamplona"],"inLanguage":"es","potentialAction":[{"@type":"CommentAction","name":"Comment","target":["https:\/\/www.laguiadepamplona.com\/actualidad\/aprobada-la-convocatoria-de-25-plazas-de-agente-de-policia-municipal-de-pamplona\/#respond"]}]},{"@type":"WebPage","@id":"https:\/\/www.laguiadepamplona.com\/actualidad\/aprobada-la-convocatoria-de-25-plazas-de-agente-de-policia-municipal-de-pamplona\/","url":"https:\/\/www.laguiadepamplona.com\/actualidad\/aprobada-la-convocatoria-de-25-plazas-de-agente-de-policia-municipal-de-pamplona\/","name":"Aprobada la convocatoria de 25 plazas de agente de Polic\u00eda Municipal de Pamplona","isPartOf":{"@id":"https:\/\/www.laguiadepamplona.com\/actualidad\/#website"},"primaryImageOfPage":{"@id":"https:\/\/www.laguiadepamplona.com\/actualidad\/aprobada-la-convocatoria-de-25-plazas-de-agente-de-policia-municipal-de-pamplona\/#primaryimage"},"image":{"@id":"https:\/\/www.laguiadepamplona.com\/actualidad\/aprobada-la-convocatoria-de-25-plazas-de-agente-de-policia-municipal-de-pamplona\/#primaryimage"},"thumbnailUrl":"https:\/\/www.laguiadepamplona.com\/actualidad\/wp-content\/uploads\/2021\/04\/policia-municipal.jpg","datePublished":"2023-05-15T11:33:46+00:00","description":"La Junta de Gobierno Local ha aprobado esta ma\u00f1ana la convocatoria que se publicar\u00e1 pr\u00f3ximamente en el Bolet\u00edn Oficial de Navarra (BON)","breadcrumb":{"@id":"https:\/\/www.laguiadepamplona.com\/actualidad\/aprobada-la-convocatoria-de-25-plazas-de-agente-de-policia-municipal-de-pamplona\/#breadcrumb"},"inLanguage":"es","potentialAction":[{"@type":"ReadAction","target":["https:\/\/www.laguiadepamplona.com\/actualidad\/aprobada-la-convocatoria-de-25-plazas-de-agente-de-policia-municipal-de-pamplona\/"]}]},{"@type":"ImageObject","inLanguage":"es","@id":"https:\/\/www.laguiadepamplona.com\/actualidad\/aprobada-la-convocatoria-de-25-plazas-de-agente-de-policia-municipal-de-pamplona\/#primaryimage","url":"https:\/\/www.laguiadepamplona.com\/actualidad\/wp-content\/uploads\/2021\/04\/policia-municipal.jpg","contentUrl":"https:\/\/www.laguiadepamplona.com\/actualidad\/wp-content\/uploads\/2021\/04\/policia-municipal.jpg","width":1920,"height":1280},{"@type":"BreadcrumbList","@id":"https:\/\/www.laguiadepamplona.com\/actualidad\/aprobada-la-convocatoria-de-25-plazas-de-agente-de-policia-municipal-de-pamplona\/#breadcrumb","itemListElement":[{"@type":"ListItem","position":1,"name":"Portada","item":"https:\/\/www.laguiadepamplona.com\/actualidad\/"},{"@type":"ListItem","position":2,"name":"Aprobada la convocatoria de 25 plazas de agente de Polic\u00eda Municipal de Pamplona"}]},{"@type":"WebSite","@id":"https:\/\/www.laguiadepamplona.com\/actualidad\/#website","url":"https:\/\/www.laguiadepamplona.com\/actualidad\/","name":"La gu\u00eda de Pamplona","description":"Noticias de Pamplona","publisher":{"@id":"https:\/\/www.laguiadepamplona.com\/actualidad\/#organization"},"potentialAction":[{"@type":"SearchAction","target":{"@type":"EntryPoint","urlTemplate":"https:\/\/www.laguiadepamplona.com\/actualidad\/?s={search_term_string}"},"query-input":{"@type":"PropertyValueSpecification","valueRequired":true,"valueName":"search_term_string"}}],"inLanguage":"es"},{"@type":"Organization","@id":"https:\/\/www.laguiadepamplona.com\/actualidad\/#organization","name":"La Gu\u00eda de Pamplona \/ Noticias","url":"https:\/\/www.laguiadepamplona.com\/actualidad\/","logo":{"@type":"ImageObject","inLanguage":"es","@id":"https:\/\/www.laguiadepamplona.com\/actualidad\/#\/schema\/logo\/image\/","url":"https:\/\/www.laguiadepamplona.com\/actualidad\/wp-content\/uploads\/2018\/11\/logo-laguiadepamplona18-web1.png","contentUrl":"https:\/\/www.laguiadepamplona.com\/actualidad\/wp-content\/uploads\/2018\/11\/logo-laguiadepamplona18-web1.png","width":600,"height":196,"caption":"La Gu\u00eda de Pamplona \/ Noticias"},"image":{"@id":"https:\/\/www.laguiadepamplona.com\/actualidad\/#\/schema\/logo\/image\/"},"sameAs":["https:\/\/www.facebook.com\/laguiadepamplonacom-133175176762273\/?ref=hl","https:\/\/x.com\/LaGuiadPamplona","https:\/\/www.instagram.com\/la_guia_de_pamplona\/","https:\/\/www.youtube.com\/user\/laguiadepamplona"]},{"@type":"Person","@id":"https:\/\/www.laguiadepamplona.com\/actualidad\/#\/schema\/person\/efe887376f0213d4657c93adc50b1fdb","name":"La Gu\u00eda de Pamplona","image":{"@type":"ImageObject","inLanguage":"es","@id":"https:\/\/secure.gravatar.com\/avatar\/b6992f131dc8d30ab0dff15446e9d346d9dbd95992de0fef795073f5ea83a81c?s=96&d=mm&r=g","url":"https:\/\/secure.gravatar.com\/avatar\/b6992f131dc8d30ab0dff15446e9d346d9dbd95992de0fef795073f5ea83a81c?s=96&d=mm&r=g","contentUrl":"https:\/\/secure.gravatar.com\/avatar\/b6992f131dc8d30ab0dff15446e9d346d9dbd95992de0fef795073f5ea83a81c?s=96&d=mm&r=g","caption":"La Gu\u00eda de Pamplona"}}]}},"post_mailing_queue_ids":[],"_links":{"self":[{"href":"https:\/\/www.laguiadepamplona.com\/actualidad\/wp-json\/wp\/v2\/posts\/46685","targetHints":{"allow":["GET"]}}],"collection":[{"href":"https:\/\/www.laguiadepamplona.com\/actualidad\/wp-json\/wp\/v2\/posts"}],"about":[{"href":"https:\/\/www.laguiadepamplona.com\/actualidad\/wp-json\/wp\/v2\/types\/post"}],"author":[{"embeddable":true,"href":"https:\/\/www.laguiadepamplona.com\/actualidad\/wp-json\/wp\/v2\/users\/1"}],"replies":[{"embeddable":true,"href":"https:\/\/www.laguiadepamplona.com\/actualidad\/wp-json\/wp\/v2\/comments?post=46685"}],"version-history":[{"count":1,"href":"https:\/\/www.laguiadepamplona.com\/actualidad\/wp-json\/wp\/v2\/posts\/46685\/revisions"}],"predecessor-version":[{"id":46686,"href":"https:\/\/www.laguiadepamplona.com\/actualidad\/wp-json\/wp\/v2\/posts\/46685\/revisions\/46686"}],"wp:featuredmedia":[{"embeddable":true,"href":"https:\/\/www.laguiadepamplona.com\/actualidad\/wp-json\/wp\/v2\/media\/34254"}],"wp:attachment":[{"href":"https:\/\/www.laguiadepamplona.com\/actualidad\/wp-json\/wp\/v2\/media?parent=46685"}],"wp:term":[{"taxonomy":"category","embeddable":true,"href":"https:\/\/www.laguiadepamplona.com\/actualidad\/wp-json\/wp\/v2\/categories?post=46685"},{"taxonomy":"post_tag","embeddable":true,"href":"https:\/\/www.laguiadepamplona.com\/actualidad\/wp-json\/wp\/v2\/tags?post=46685"}],"curies":[{"name":"wp","href":"https:\/\/api.w.org\/{rel}","templated":true}]}}