{"id":46683,"date":"2023-05-15T13:32:39","date_gmt":"2023-05-15T11:32:39","guid":{"rendered":"https:\/\/www.laguiadepamplona.com\/actualidad\/?p=46683"},"modified":"2023-05-15T13:32:39","modified_gmt":"2023-05-15T11:32:39","slug":"en-otono-de-2024-el-barrio-de-rochapea-contara-con-un-bloque-de-apartamentos-de-personas-mayores-en-dos-portales-del-grupo-san-pedro","status":"publish","type":"post","link":"https:\/\/www.laguiadepamplona.com\/actualidad\/en-otono-de-2024-el-barrio-de-rochapea-contara-con-un-bloque-de-apartamentos-de-personas-mayores-en-dos-portales-del-grupo-san-pedro\/","title":{"rendered":"En oto\u00f1o de 2024 el barrio de Rochapea contar\u00e1 con un bloque de apartamentos de personas mayores en dos portales del Grupo San Pedro"},"content":{"rendered":"<h3>El Ayuntamiento invertir\u00e1 2,09 millones de euros en una infraestructura ligada al proyecto Open Lab que cuenta con financiaci\u00f3n europea<\/h3>\n<p><!--more--><\/p>\n<p>La Junta de Gobierno Local del Ayuntamiento de Pamplona ha adjudicado hoy las obras que convertir\u00e1n doce viviendas del Grupo San Pedro del barrio de Rochapea en apartamentos de personas mayores, mediante su reforma y rehabilitaci\u00f3n con ese fin. La inversi\u00f3n prevista es de 2.097.372 euros y el plazo de 14 meses, por lo que est\u00e1 previsto que las obras se inicien este verano para estar finalizadas en oto\u00f1o de 2024. La actuaci\u00f3n, que se inscribe dentro del proyecto europeo oPEN Lab, cuenta con financiaci\u00f3n del programa Horizonte 2020.<\/p>\n<p>Las obras de reforma integral se realizar\u00e1n sobre los portales 11 y 12 del Grupo San Pedro (un \u00fanico edificio de tres alturas) y abordar\u00e1n tanto el exterior, como el interior, con el cambio de carpinter\u00edas, la eliminaci\u00f3n de barreras arquitect\u00f3nicas y abordando la mejora de la envolvente t\u00e9rmica del edificio, que data de los a\u00f1os 80, y reformando la cubierta, para instalar paneles el\u00e9ctricos fotovoltaicos.<br \/>\n<script async src=\"\/\/pagead2.googlesyndication.com\/pagead\/js\/adsbygoogle.js\"><\/script><br \/>\n<!-- Noticias La Guia de Pamplona --><br \/>\n<ins class=\"adsbygoogle\"\nstyle=\"display:block\"\ndata-ad-client=\"ca-pub-6943679897239327\"\ndata-ad-slot=\"7048180777\"\ndata-ad-format=\"auto\"><\/ins><br \/>\n<script>\n(adsbygoogle = window.adsbygoogle || []).push({});\n<\/script><\/p>\n<p>Pero, adem\u00e1s, se rehabilitar\u00e1n por completo cada una de las doce viviendas, que tienen una superficie \u00fatil de alrededor de 61 metros cuadrados, para adecuarlas a sus nuevos usos y como sistema de comunicaci\u00f3n vertical, se instalar\u00e1n ascensores. En las viviendas, se construir\u00e1n terrazas tendedero para compensar el espacio perdido por la instalaci\u00f3n de los ascensores y por la necesidad de ampliar las zonas comunes para que cumplan la normativa de accesibilidad.<\/p>\n<p>Vinculada la obra al proyecto oPEN Lab, el Distrito Positivo de Energ\u00eda Verde del barrio de Rochapea, por un lado, con el cambio de la cubierta, se colocar\u00e1n paneles fotovoltaicos para generar energ\u00eda renovable que dar\u00e1 servicio a las nuevas instalaciones de climatizaci\u00f3n con aerotermia de las viviendas. Adem\u00e1s, se instalar\u00e1n dispositivos de acumulaci\u00f3n de energ\u00eda. Por otro lado, se implantar\u00e1n t\u00e9cnicas innovadoras de seguimiento y monitorizaci\u00f3n, tanto en lo relativo al balance energ\u00e9tico de las viviendas, como a determinar los trastornos ocasionados a los ocupantes y vecinos. En las inmediaciones de los edificios rehabilitados habr\u00e1 disponibles puntos de recarga para veh\u00edculos el\u00e9ctricos.<br \/>\n<script async src=\"\/\/pagead2.googlesyndication.com\/pagead\/js\/adsbygoogle.js\"><\/script><br \/>\n<!-- Noticias La Guia de Pamplona --><br \/>\n<ins class=\"adsbygoogle\"\nstyle=\"display:block\"\ndata-ad-client=\"ca-pub-6943679897239327\"\ndata-ad-slot=\"7048180777\"\ndata-ad-format=\"auto\"><\/ins><br \/>\n<script>\n(adsbygoogle = window.adsbygoogle || []).push({});\n<\/script><\/p>\n<p>oPEN Lab incluye el desarrollo del entorno de la antigua f\u00e1brica de telas (edificio Iwer) y la rehabilitaci\u00f3n de viviendas del Grupo San Pedro para aplicar t\u00e9cnicas innovadoras de rehabilitaci\u00f3n energ\u00e9tica, creando barrios generadores de energ\u00eda, barrios limpios y verdes. En este proyecto, el Ayuntamiento de Pamplona cuenta con el apoyo del Centro Nacional de Energ\u00edas Renovables (CENER), la Universidad P\u00fablica de Navarra y la Universidad del Pa\u00eds Vasco, y la empresa de arquitectura e ingenier\u00eda AH&amp;Asociados. La financiaci\u00f3n europea a trav\u00e9s del programa Horizonte 2020 rondar\u00e1 el 16% de la inversi\u00f3n realizada.<\/p>\n<p>El Grupo San Pedro es una zona comprendida entre las calles Marcelo Celayeta, Errotazar y Anso\u00e1in que se levant\u00f3 a mediados de la d\u00e9cada de los 40 del siglo pasado para paliar la escasez de vivienda social. El Grupo lo conforman diez edificios y 42 portales, que albergan 235 viviendas. Las viviendas cuyas obras se han adjudicado hoy ser\u00e1n gestionados por el \u00e1rea de Servicios Sociales del Ayuntamiento.<\/p>\n","protected":false},"excerpt":{"rendered":"<p>El Ayuntamiento invertir\u00e1 2,09 millones de euros en una infraestructura ligada al proyecto Open Lab que cuenta con financiaci\u00f3n europea<\/p>\n","protected":false},"author":1,"featured_media":42847,"comment_status":"open","ping_status":"closed","sticky":false,"template":"","format":"standard","meta":{"footnotes":""},"categories":[2],"tags":[],"class_list":["post-46683","post","type-post","status-publish","format-standard","has-post-thumbnail","hentry","category-ayuntamiento-pamplona"],"yoast_head":"<!-- This site is optimized with the Yoast SEO plugin v27.3 - https:\/\/yoast.com\/product\/yoast-seo-wordpress\/ -->\n<title>En oto\u00f1o de 2024 el barrio de Rochapea contar\u00e1 con un bloque de apartamentos de personas mayores en dos portales del Grupo San Pedro<\/title>\n<meta name=\"description\" content=\"El Ayuntamiento invertir\u00e1 2,09 millones de euros en una infraestructura ligada al proyecto Open Lab que cuenta con financiaci\u00f3n europea\" \/>\n<meta name=\"robots\" content=\"index, follow, max-snippet:-1, max-image-preview:large, max-video-preview:-1\" \/>\n<link rel=\"canonical\" href=\"https:\/\/www.laguiadepamplona.com\/actualidad\/en-otono-de-2024-el-barrio-de-rochapea-contara-con-un-bloque-de-apartamentos-de-personas-mayores-en-dos-portales-del-grupo-san-pedro\/\" \/>\n<meta property=\"og:locale\" content=\"es_ES\" \/>\n<meta property=\"og:type\" content=\"article\" \/>\n<meta property=\"og:title\" content=\"En oto\u00f1o de 2024 el barrio de Rochapea contar\u00e1 con un bloque de apartamentos de personas mayores en dos portales del Grupo San Pedro\" \/>\n<meta property=\"og:description\" content=\"El Ayuntamiento invertir\u00e1 2,09 millones de euros en una infraestructura ligada al proyecto Open Lab que cuenta con financiaci\u00f3n europea\" \/>\n<meta property=\"og:url\" content=\"https:\/\/www.laguiadepamplona.com\/actualidad\/en-otono-de-2024-el-barrio-de-rochapea-contara-con-un-bloque-de-apartamentos-de-personas-mayores-en-dos-portales-del-grupo-san-pedro\/\" \/>\n<meta property=\"og:site_name\" content=\"La Gu\u00eda de Pamplona\" \/>\n<meta property=\"article:publisher\" content=\"https:\/\/www.facebook.com\/laguiadepamplonacom-133175176762273\/?ref=hl\" \/>\n<meta property=\"article:published_time\" content=\"2023-05-15T11:32:39+00:00\" \/>\n<meta property=\"og:image\" content=\"https:\/\/www.laguiadepamplona.com\/actualidad\/wp-content\/uploads\/2023\/02\/portalsanpedro2_0.webp\" \/>\n\t<meta property=\"og:image:width\" content=\"1336\" \/>\n\t<meta property=\"og:image:height\" content=\"752\" \/>\n\t<meta property=\"og:image:type\" content=\"image\/webp\" \/>\n<meta name=\"author\" content=\"La Gu\u00eda de Pamplona\" \/>\n<meta name=\"twitter:card\" content=\"summary_large_image\" \/>\n<meta name=\"twitter:creator\" content=\"@LaGuiadPamplona\" \/>\n<meta name=\"twitter:site\" content=\"@LaGuiadPamplona\" \/>\n<meta name=\"twitter:label1\" content=\"Escrito por\" \/>\n\t<meta name=\"twitter:data1\" content=\"La Gu\u00eda de Pamplona\" \/>\n\t<meta name=\"twitter:label2\" content=\"Tiempo de lectura\" \/>\n\t<meta name=\"twitter:data2\" content=\"3 minutos\" \/>\n<script type=\"application\/ld+json\" class=\"yoast-schema-graph\">{\"@context\":\"https:\\\/\\\/schema.org\",\"@graph\":[{\"@type\":\"Article\",\"@id\":\"https:\\\/\\\/www.laguiadepamplona.com\\\/actualidad\\\/en-otono-de-2024-el-barrio-de-rochapea-contara-con-un-bloque-de-apartamentos-de-personas-mayores-en-dos-portales-del-grupo-san-pedro\\\/#article\",\"isPartOf\":{\"@id\":\"https:\\\/\\\/www.laguiadepamplona.com\\\/actualidad\\\/en-otono-de-2024-el-barrio-de-rochapea-contara-con-un-bloque-de-apartamentos-de-personas-mayores-en-dos-portales-del-grupo-san-pedro\\\/\"},\"author\":{\"name\":\"La Gu\u00eda de Pamplona\",\"@id\":\"https:\\\/\\\/www.laguiadepamplona.com\\\/actualidad\\\/#\\\/schema\\\/person\\\/efe887376f0213d4657c93adc50b1fdb\"},\"headline\":\"En oto\u00f1o de 2024 el barrio de Rochapea contar\u00e1 con un bloque de apartamentos de personas mayores en dos portales del Grupo San Pedro\",\"datePublished\":\"2023-05-15T11:32:39+00:00\",\"mainEntityOfPage\":{\"@id\":\"https:\\\/\\\/www.laguiadepamplona.com\\\/actualidad\\\/en-otono-de-2024-el-barrio-de-rochapea-contara-con-un-bloque-de-apartamentos-de-personas-mayores-en-dos-portales-del-grupo-san-pedro\\\/\"},\"wordCount\":574,\"commentCount\":0,\"publisher\":{\"@id\":\"https:\\\/\\\/www.laguiadepamplona.com\\\/actualidad\\\/#organization\"},\"image\":{\"@id\":\"https:\\\/\\\/www.laguiadepamplona.com\\\/actualidad\\\/en-otono-de-2024-el-barrio-de-rochapea-contara-con-un-bloque-de-apartamentos-de-personas-mayores-en-dos-portales-del-grupo-san-pedro\\\/#primaryimage\"},\"thumbnailUrl\":\"https:\\\/\\\/www.laguiadepamplona.com\\\/actualidad\\\/wp-content\\\/uploads\\\/2023\\\/02\\\/portalsanpedro2_0.webp\",\"articleSection\":[\"Ayto Pamplona\"],\"inLanguage\":\"es\",\"potentialAction\":[{\"@type\":\"CommentAction\",\"name\":\"Comment\",\"target\":[\"https:\\\/\\\/www.laguiadepamplona.com\\\/actualidad\\\/en-otono-de-2024-el-barrio-de-rochapea-contara-con-un-bloque-de-apartamentos-de-personas-mayores-en-dos-portales-del-grupo-san-pedro\\\/#respond\"]}]},{\"@type\":\"WebPage\",\"@id\":\"https:\\\/\\\/www.laguiadepamplona.com\\\/actualidad\\\/en-otono-de-2024-el-barrio-de-rochapea-contara-con-un-bloque-de-apartamentos-de-personas-mayores-en-dos-portales-del-grupo-san-pedro\\\/\",\"url\":\"https:\\\/\\\/www.laguiadepamplona.com\\\/actualidad\\\/en-otono-de-2024-el-barrio-de-rochapea-contara-con-un-bloque-de-apartamentos-de-personas-mayores-en-dos-portales-del-grupo-san-pedro\\\/\",\"name\":\"En oto\u00f1o de 2024 el barrio de Rochapea contar\u00e1 con un bloque de apartamentos de personas mayores en dos portales del Grupo San Pedro\",\"isPartOf\":{\"@id\":\"https:\\\/\\\/www.laguiadepamplona.com\\\/actualidad\\\/#website\"},\"primaryImageOfPage\":{\"@id\":\"https:\\\/\\\/www.laguiadepamplona.com\\\/actualidad\\\/en-otono-de-2024-el-barrio-de-rochapea-contara-con-un-bloque-de-apartamentos-de-personas-mayores-en-dos-portales-del-grupo-san-pedro\\\/#primaryimage\"},\"image\":{\"@id\":\"https:\\\/\\\/www.laguiadepamplona.com\\\/actualidad\\\/en-otono-de-2024-el-barrio-de-rochapea-contara-con-un-bloque-de-apartamentos-de-personas-mayores-en-dos-portales-del-grupo-san-pedro\\\/#primaryimage\"},\"thumbnailUrl\":\"https:\\\/\\\/www.laguiadepamplona.com\\\/actualidad\\\/wp-content\\\/uploads\\\/2023\\\/02\\\/portalsanpedro2_0.webp\",\"datePublished\":\"2023-05-15T11:32:39+00:00\",\"description\":\"El Ayuntamiento invertir\u00e1 2,09 millones de euros en una infraestructura ligada al proyecto Open Lab que cuenta con financiaci\u00f3n europea\",\"breadcrumb\":{\"@id\":\"https:\\\/\\\/www.laguiadepamplona.com\\\/actualidad\\\/en-otono-de-2024-el-barrio-de-rochapea-contara-con-un-bloque-de-apartamentos-de-personas-mayores-en-dos-portales-del-grupo-san-pedro\\\/#breadcrumb\"},\"inLanguage\":\"es\",\"potentialAction\":[{\"@type\":\"ReadAction\",\"target\":[\"https:\\\/\\\/www.laguiadepamplona.com\\\/actualidad\\\/en-otono-de-2024-el-barrio-de-rochapea-contara-con-un-bloque-de-apartamentos-de-personas-mayores-en-dos-portales-del-grupo-san-pedro\\\/\"]}]},{\"@type\":\"ImageObject\",\"inLanguage\":\"es\",\"@id\":\"https:\\\/\\\/www.laguiadepamplona.com\\\/actualidad\\\/en-otono-de-2024-el-barrio-de-rochapea-contara-con-un-bloque-de-apartamentos-de-personas-mayores-en-dos-portales-del-grupo-san-pedro\\\/#primaryimage\",\"url\":\"https:\\\/\\\/www.laguiadepamplona.com\\\/actualidad\\\/wp-content\\\/uploads\\\/2023\\\/02\\\/portalsanpedro2_0.webp\",\"contentUrl\":\"https:\\\/\\\/www.laguiadepamplona.com\\\/actualidad\\\/wp-content\\\/uploads\\\/2023\\\/02\\\/portalsanpedro2_0.webp\",\"width\":1336,\"height\":752},{\"@type\":\"BreadcrumbList\",\"@id\":\"https:\\\/\\\/www.laguiadepamplona.com\\\/actualidad\\\/en-otono-de-2024-el-barrio-de-rochapea-contara-con-un-bloque-de-apartamentos-de-personas-mayores-en-dos-portales-del-grupo-san-pedro\\\/#breadcrumb\",\"itemListElement\":[{\"@type\":\"ListItem\",\"position\":1,\"name\":\"Portada\",\"item\":\"https:\\\/\\\/www.laguiadepamplona.com\\\/actualidad\\\/\"},{\"@type\":\"ListItem\",\"position\":2,\"name\":\"En oto\u00f1o de 2024 el barrio de Rochapea contar\u00e1 con un bloque de apartamentos de personas mayores en dos portales del Grupo San Pedro\"}]},{\"@type\":\"WebSite\",\"@id\":\"https:\\\/\\\/www.laguiadepamplona.com\\\/actualidad\\\/#website\",\"url\":\"https:\\\/\\\/www.laguiadepamplona.com\\\/actualidad\\\/\",\"name\":\"La gu\u00eda de Pamplona\",\"description\":\"Noticias de Pamplona\",\"publisher\":{\"@id\":\"https:\\\/\\\/www.laguiadepamplona.com\\\/actualidad\\\/#organization\"},\"potentialAction\":[{\"@type\":\"SearchAction\",\"target\":{\"@type\":\"EntryPoint\",\"urlTemplate\":\"https:\\\/\\\/www.laguiadepamplona.com\\\/actualidad\\\/?s={search_term_string}\"},\"query-input\":{\"@type\":\"PropertyValueSpecification\",\"valueRequired\":true,\"valueName\":\"search_term_string\"}}],\"inLanguage\":\"es\"},{\"@type\":\"Organization\",\"@id\":\"https:\\\/\\\/www.laguiadepamplona.com\\\/actualidad\\\/#organization\",\"name\":\"La Gu\u00eda de Pamplona \\\/ Noticias\",\"url\":\"https:\\\/\\\/www.laguiadepamplona.com\\\/actualidad\\\/\",\"logo\":{\"@type\":\"ImageObject\",\"inLanguage\":\"es\",\"@id\":\"https:\\\/\\\/www.laguiadepamplona.com\\\/actualidad\\\/#\\\/schema\\\/logo\\\/image\\\/\",\"url\":\"https:\\\/\\\/www.laguiadepamplona.com\\\/actualidad\\\/wp-content\\\/uploads\\\/2018\\\/11\\\/logo-laguiadepamplona18-web1.png\",\"contentUrl\":\"https:\\\/\\\/www.laguiadepamplona.com\\\/actualidad\\\/wp-content\\\/uploads\\\/2018\\\/11\\\/logo-laguiadepamplona18-web1.png\",\"width\":600,\"height\":196,\"caption\":\"La Gu\u00eda de Pamplona \\\/ Noticias\"},\"image\":{\"@id\":\"https:\\\/\\\/www.laguiadepamplona.com\\\/actualidad\\\/#\\\/schema\\\/logo\\\/image\\\/\"},\"sameAs\":[\"https:\\\/\\\/www.facebook.com\\\/laguiadepamplonacom-133175176762273\\\/?ref=hl\",\"https:\\\/\\\/x.com\\\/LaGuiadPamplona\",\"https:\\\/\\\/www.instagram.com\\\/la_guia_de_pamplona\\\/\",\"https:\\\/\\\/www.youtube.com\\\/user\\\/laguiadepamplona\"]},{\"@type\":\"Person\",\"@id\":\"https:\\\/\\\/www.laguiadepamplona.com\\\/actualidad\\\/#\\\/schema\\\/person\\\/efe887376f0213d4657c93adc50b1fdb\",\"name\":\"La Gu\u00eda de Pamplona\",\"image\":{\"@type\":\"ImageObject\",\"inLanguage\":\"es\",\"@id\":\"https:\\\/\\\/secure.gravatar.com\\\/avatar\\\/b6992f131dc8d30ab0dff15446e9d346d9dbd95992de0fef795073f5ea83a81c?s=96&d=mm&r=g\",\"url\":\"https:\\\/\\\/secure.gravatar.com\\\/avatar\\\/b6992f131dc8d30ab0dff15446e9d346d9dbd95992de0fef795073f5ea83a81c?s=96&d=mm&r=g\",\"contentUrl\":\"https:\\\/\\\/secure.gravatar.com\\\/avatar\\\/b6992f131dc8d30ab0dff15446e9d346d9dbd95992de0fef795073f5ea83a81c?s=96&d=mm&r=g\",\"caption\":\"La Gu\u00eda de Pamplona\"}}]}<\/script>\n<!-- \/ Yoast SEO plugin. -->","yoast_head_json":{"title":"En oto\u00f1o de 2024 el barrio de Rochapea contar\u00e1 con un bloque de apartamentos de personas mayores en dos portales del Grupo San Pedro","description":"El Ayuntamiento invertir\u00e1 2,09 millones de euros en una infraestructura ligada al proyecto Open Lab que cuenta con financiaci\u00f3n europea","robots":{"index":"index","follow":"follow","max-snippet":"max-snippet:-1","max-image-preview":"max-image-preview:large","max-video-preview":"max-video-preview:-1"},"canonical":"https:\/\/www.laguiadepamplona.com\/actualidad\/en-otono-de-2024-el-barrio-de-rochapea-contara-con-un-bloque-de-apartamentos-de-personas-mayores-en-dos-portales-del-grupo-san-pedro\/","og_locale":"es_ES","og_type":"article","og_title":"En oto\u00f1o de 2024 el barrio de Rochapea contar\u00e1 con un bloque de apartamentos de personas mayores en dos portales del Grupo San Pedro","og_description":"El Ayuntamiento invertir\u00e1 2,09 millones de euros en una infraestructura ligada al proyecto Open Lab que cuenta con financiaci\u00f3n europea","og_url":"https:\/\/www.laguiadepamplona.com\/actualidad\/en-otono-de-2024-el-barrio-de-rochapea-contara-con-un-bloque-de-apartamentos-de-personas-mayores-en-dos-portales-del-grupo-san-pedro\/","og_site_name":"La Gu\u00eda de Pamplona","article_publisher":"https:\/\/www.facebook.com\/laguiadepamplonacom-133175176762273\/?ref=hl","article_published_time":"2023-05-15T11:32:39+00:00","og_image":[{"width":1336,"height":752,"url":"https:\/\/www.laguiadepamplona.com\/actualidad\/wp-content\/uploads\/2023\/02\/portalsanpedro2_0.webp","type":"image\/webp"}],"author":"La Gu\u00eda de Pamplona","twitter_card":"summary_large_image","twitter_creator":"@LaGuiadPamplona","twitter_site":"@LaGuiadPamplona","twitter_misc":{"Escrito por":"La Gu\u00eda de Pamplona","Tiempo de lectura":"3 minutos"},"schema":{"@context":"https:\/\/schema.org","@graph":[{"@type":"Article","@id":"https:\/\/www.laguiadepamplona.com\/actualidad\/en-otono-de-2024-el-barrio-de-rochapea-contara-con-un-bloque-de-apartamentos-de-personas-mayores-en-dos-portales-del-grupo-san-pedro\/#article","isPartOf":{"@id":"https:\/\/www.laguiadepamplona.com\/actualidad\/en-otono-de-2024-el-barrio-de-rochapea-contara-con-un-bloque-de-apartamentos-de-personas-mayores-en-dos-portales-del-grupo-san-pedro\/"},"author":{"name":"La Gu\u00eda de Pamplona","@id":"https:\/\/www.laguiadepamplona.com\/actualidad\/#\/schema\/person\/efe887376f0213d4657c93adc50b1fdb"},"headline":"En oto\u00f1o de 2024 el barrio de Rochapea contar\u00e1 con un bloque de apartamentos de personas mayores en dos portales del Grupo San Pedro","datePublished":"2023-05-15T11:32:39+00:00","mainEntityOfPage":{"@id":"https:\/\/www.laguiadepamplona.com\/actualidad\/en-otono-de-2024-el-barrio-de-rochapea-contara-con-un-bloque-de-apartamentos-de-personas-mayores-en-dos-portales-del-grupo-san-pedro\/"},"wordCount":574,"commentCount":0,"publisher":{"@id":"https:\/\/www.laguiadepamplona.com\/actualidad\/#organization"},"image":{"@id":"https:\/\/www.laguiadepamplona.com\/actualidad\/en-otono-de-2024-el-barrio-de-rochapea-contara-con-un-bloque-de-apartamentos-de-personas-mayores-en-dos-portales-del-grupo-san-pedro\/#primaryimage"},"thumbnailUrl":"https:\/\/www.laguiadepamplona.com\/actualidad\/wp-content\/uploads\/2023\/02\/portalsanpedro2_0.webp","articleSection":["Ayto Pamplona"],"inLanguage":"es","potentialAction":[{"@type":"CommentAction","name":"Comment","target":["https:\/\/www.laguiadepamplona.com\/actualidad\/en-otono-de-2024-el-barrio-de-rochapea-contara-con-un-bloque-de-apartamentos-de-personas-mayores-en-dos-portales-del-grupo-san-pedro\/#respond"]}]},{"@type":"WebPage","@id":"https:\/\/www.laguiadepamplona.com\/actualidad\/en-otono-de-2024-el-barrio-de-rochapea-contara-con-un-bloque-de-apartamentos-de-personas-mayores-en-dos-portales-del-grupo-san-pedro\/","url":"https:\/\/www.laguiadepamplona.com\/actualidad\/en-otono-de-2024-el-barrio-de-rochapea-contara-con-un-bloque-de-apartamentos-de-personas-mayores-en-dos-portales-del-grupo-san-pedro\/","name":"En oto\u00f1o de 2024 el barrio de Rochapea contar\u00e1 con un bloque de apartamentos de personas mayores en dos portales del Grupo San Pedro","isPartOf":{"@id":"https:\/\/www.laguiadepamplona.com\/actualidad\/#website"},"primaryImageOfPage":{"@id":"https:\/\/www.laguiadepamplona.com\/actualidad\/en-otono-de-2024-el-barrio-de-rochapea-contara-con-un-bloque-de-apartamentos-de-personas-mayores-en-dos-portales-del-grupo-san-pedro\/#primaryimage"},"image":{"@id":"https:\/\/www.laguiadepamplona.com\/actualidad\/en-otono-de-2024-el-barrio-de-rochapea-contara-con-un-bloque-de-apartamentos-de-personas-mayores-en-dos-portales-del-grupo-san-pedro\/#primaryimage"},"thumbnailUrl":"https:\/\/www.laguiadepamplona.com\/actualidad\/wp-content\/uploads\/2023\/02\/portalsanpedro2_0.webp","datePublished":"2023-05-15T11:32:39+00:00","description":"El Ayuntamiento invertir\u00e1 2,09 millones de euros en una infraestructura ligada al proyecto Open Lab que cuenta con financiaci\u00f3n europea","breadcrumb":{"@id":"https:\/\/www.laguiadepamplona.com\/actualidad\/en-otono-de-2024-el-barrio-de-rochapea-contara-con-un-bloque-de-apartamentos-de-personas-mayores-en-dos-portales-del-grupo-san-pedro\/#breadcrumb"},"inLanguage":"es","potentialAction":[{"@type":"ReadAction","target":["https:\/\/www.laguiadepamplona.com\/actualidad\/en-otono-de-2024-el-barrio-de-rochapea-contara-con-un-bloque-de-apartamentos-de-personas-mayores-en-dos-portales-del-grupo-san-pedro\/"]}]},{"@type":"ImageObject","inLanguage":"es","@id":"https:\/\/www.laguiadepamplona.com\/actualidad\/en-otono-de-2024-el-barrio-de-rochapea-contara-con-un-bloque-de-apartamentos-de-personas-mayores-en-dos-portales-del-grupo-san-pedro\/#primaryimage","url":"https:\/\/www.laguiadepamplona.com\/actualidad\/wp-content\/uploads\/2023\/02\/portalsanpedro2_0.webp","contentUrl":"https:\/\/www.laguiadepamplona.com\/actualidad\/wp-content\/uploads\/2023\/02\/portalsanpedro2_0.webp","width":1336,"height":752},{"@type":"BreadcrumbList","@id":"https:\/\/www.laguiadepamplona.com\/actualidad\/en-otono-de-2024-el-barrio-de-rochapea-contara-con-un-bloque-de-apartamentos-de-personas-mayores-en-dos-portales-del-grupo-san-pedro\/#breadcrumb","itemListElement":[{"@type":"ListItem","position":1,"name":"Portada","item":"https:\/\/www.laguiadepamplona.com\/actualidad\/"},{"@type":"ListItem","position":2,"name":"En oto\u00f1o de 2024 el barrio de Rochapea contar\u00e1 con un bloque de apartamentos de personas mayores en dos portales del Grupo San Pedro"}]},{"@type":"WebSite","@id":"https:\/\/www.laguiadepamplona.com\/actualidad\/#website","url":"https:\/\/www.laguiadepamplona.com\/actualidad\/","name":"La gu\u00eda de Pamplona","description":"Noticias de Pamplona","publisher":{"@id":"https:\/\/www.laguiadepamplona.com\/actualidad\/#organization"},"potentialAction":[{"@type":"SearchAction","target":{"@type":"EntryPoint","urlTemplate":"https:\/\/www.laguiadepamplona.com\/actualidad\/?s={search_term_string}"},"query-input":{"@type":"PropertyValueSpecification","valueRequired":true,"valueName":"search_term_string"}}],"inLanguage":"es"},{"@type":"Organization","@id":"https:\/\/www.laguiadepamplona.com\/actualidad\/#organization","name":"La Gu\u00eda de Pamplona \/ Noticias","url":"https:\/\/www.laguiadepamplona.com\/actualidad\/","logo":{"@type":"ImageObject","inLanguage":"es","@id":"https:\/\/www.laguiadepamplona.com\/actualidad\/#\/schema\/logo\/image\/","url":"https:\/\/www.laguiadepamplona.com\/actualidad\/wp-content\/uploads\/2018\/11\/logo-laguiadepamplona18-web1.png","contentUrl":"https:\/\/www.laguiadepamplona.com\/actualidad\/wp-content\/uploads\/2018\/11\/logo-laguiadepamplona18-web1.png","width":600,"height":196,"caption":"La Gu\u00eda de Pamplona \/ Noticias"},"image":{"@id":"https:\/\/www.laguiadepamplona.com\/actualidad\/#\/schema\/logo\/image\/"},"sameAs":["https:\/\/www.facebook.com\/laguiadepamplonacom-133175176762273\/?ref=hl","https:\/\/x.com\/LaGuiadPamplona","https:\/\/www.instagram.com\/la_guia_de_pamplona\/","https:\/\/www.youtube.com\/user\/laguiadepamplona"]},{"@type":"Person","@id":"https:\/\/www.laguiadepamplona.com\/actualidad\/#\/schema\/person\/efe887376f0213d4657c93adc50b1fdb","name":"La Gu\u00eda de Pamplona","image":{"@type":"ImageObject","inLanguage":"es","@id":"https:\/\/secure.gravatar.com\/avatar\/b6992f131dc8d30ab0dff15446e9d346d9dbd95992de0fef795073f5ea83a81c?s=96&d=mm&r=g","url":"https:\/\/secure.gravatar.com\/avatar\/b6992f131dc8d30ab0dff15446e9d346d9dbd95992de0fef795073f5ea83a81c?s=96&d=mm&r=g","contentUrl":"https:\/\/secure.gravatar.com\/avatar\/b6992f131dc8d30ab0dff15446e9d346d9dbd95992de0fef795073f5ea83a81c?s=96&d=mm&r=g","caption":"La Gu\u00eda de Pamplona"}}]}},"post_mailing_queue_ids":[],"_links":{"self":[{"href":"https:\/\/www.laguiadepamplona.com\/actualidad\/wp-json\/wp\/v2\/posts\/46683","targetHints":{"allow":["GET"]}}],"collection":[{"href":"https:\/\/www.laguiadepamplona.com\/actualidad\/wp-json\/wp\/v2\/posts"}],"about":[{"href":"https:\/\/www.laguiadepamplona.com\/actualidad\/wp-json\/wp\/v2\/types\/post"}],"author":[{"embeddable":true,"href":"https:\/\/www.laguiadepamplona.com\/actualidad\/wp-json\/wp\/v2\/users\/1"}],"replies":[{"embeddable":true,"href":"https:\/\/www.laguiadepamplona.com\/actualidad\/wp-json\/wp\/v2\/comments?post=46683"}],"version-history":[{"count":1,"href":"https:\/\/www.laguiadepamplona.com\/actualidad\/wp-json\/wp\/v2\/posts\/46683\/revisions"}],"predecessor-version":[{"id":46684,"href":"https:\/\/www.laguiadepamplona.com\/actualidad\/wp-json\/wp\/v2\/posts\/46683\/revisions\/46684"}],"wp:featuredmedia":[{"embeddable":true,"href":"https:\/\/www.laguiadepamplona.com\/actualidad\/wp-json\/wp\/v2\/media\/42847"}],"wp:attachment":[{"href":"https:\/\/www.laguiadepamplona.com\/actualidad\/wp-json\/wp\/v2\/media?parent=46683"}],"wp:term":[{"taxonomy":"category","embeddable":true,"href":"https:\/\/www.laguiadepamplona.com\/actualidad\/wp-json\/wp\/v2\/categories?post=46683"},{"taxonomy":"post_tag","embeddable":true,"href":"https:\/\/www.laguiadepamplona.com\/actualidad\/wp-json\/wp\/v2\/tags?post=46683"}],"curies":[{"name":"wp","href":"https:\/\/api.w.org\/{rel}","templated":true}]}}