{"id":46680,"date":"2023-05-15T13:29:33","date_gmt":"2023-05-15T11:29:33","guid":{"rendered":"https:\/\/www.laguiadepamplona.com\/actualidad\/?p=46680"},"modified":"2023-05-15T13:29:33","modified_gmt":"2023-05-15T11:29:33","slug":"pamplona-ha-sido-este-fin-de-semana-el-centro-de-la-jornada-anual-corporativa-del-organismo-nacional-que-trabaja-para-desarrollar-el-turismo-de-reuniones","status":"publish","type":"post","link":"https:\/\/www.laguiadepamplona.com\/actualidad\/pamplona-ha-sido-este-fin-de-semana-el-centro-de-la-jornada-anual-corporativa-del-organismo-nacional-que-trabaja-para-desarrollar-el-turismo-de-reuniones\/","title":{"rendered":"Pamplona ha sido este fin de semana el centro de la jornada anual corporativa del organismo nacional que trabaja para desarrollar el turismo de reuniones"},"content":{"rendered":"<h3>Alrededor de una treintena de empresas de eventos y representantes de destinos tur\u00edsticos han estado desarrollando actividades en la ciudad<\/h3>\n<p><!--more--><\/p>\n<p>Pamplona ha acogido del 12 al 14 de mayo la jornada nacional corporativa anual de MICE Turismo de reuniones, incentivos, congresos y exposiciones. 9 empresas organizadoras de eventos que buscan nuevos destinos y espacios singulares se han acercado a la ciudad para comprobar sobre el terreno sus posibilidades y as\u00ed programar actividades en Pamplona, con el consiguiente desarrollo del sector. El inter\u00e9s por la ciudad estuvo en el origen de la decisi\u00f3n, en la \u00faltima jornada, de programar esta cita en la capital navarra.<br \/>\n<script async src=\"\/\/pagead2.googlesyndication.com\/pagead\/js\/adsbygoogle.js\"><\/script><br \/>\n<!-- Noticias La Guia de Pamplona --><br \/>\n<ins class=\"adsbygoogle\"\nstyle=\"display:block\"\ndata-ad-client=\"ca-pub-6943679897239327\"\ndata-ad-slot=\"7048180777\"\ndata-ad-format=\"auto\"><\/ins><br \/>\n<script>\n(adsbygoogle = window.adsbygoogle || []).push({});\n<\/script><\/p>\n<p>Adem\u00e1s de representaci\u00f3n de las organizaciones empresariales, en el encuentro ha participado personal t\u00e9cnico de Benidorm, Cartagena, Denia, Elche, Gran Canaria, Ibiza, Madrid, Sevilla, Sitges, Valencia y Zaragoza para promocionar sus destinos.<\/p>\n<p>Para el encuentro, el <em>Spain Convention Bureau<\/em> y el servicio de Turismo del Ayuntamiento de Pamplona han dise\u00f1ado un itinerario de formaci\u00f3n y promoci\u00f3n inspirado en los Objetivos de Desarrollo Sostenible (ODS) de la Agenda 2030 y en los pilares en los que se sustenta la nueva pol\u00edtica europea. El programa incluye actividades que ponen en valor la identidad local, el patrimonio y la gastronom\u00eda utilizando productos de temporada y de kil\u00f3metro 0. <em>Spain Convention Bureau<\/em> es un foro que tiene como objetivo fundamental la promoci\u00f3n nacional e internacional de destinos en el segmento del turismo de reuniones (congresos, convenciones, incentivos, reuniones, etc.)<br \/>\n<script async src=\"\/\/pagead2.googlesyndication.com\/pagead\/js\/adsbygoogle.js\"><\/script><br \/>\n<!-- Noticias La Guia de Pamplona --><br \/>\n<ins class=\"adsbygoogle\"\nstyle=\"display:block\"\ndata-ad-client=\"ca-pub-6943679897239327\"\ndata-ad-slot=\"7048180777\"\ndata-ad-format=\"auto\"><\/ins><br \/>\n<script>\n(adsbygoogle = window.adsbygoogle || []).push({});\n<\/script><\/p>\n<p>A lo largo del fin de semana el encuentro se han realizado actividades, visitas y <em>workshops<\/em>, entre ellas un escape por la ciudad en el que las personas participantes, divididas por equipos, han tenido que completar un \u201ccrucigrama\u201d con informaci\u00f3n sobre la ciudad, sus espacios, sus fiestas y sus costumbres. Entre los escenarios previstos, se ha utilizado el balc\u00f3n del Chupinazo en la Casa Consistorial. Adem\u00e1s, el Ayuntamiento de Pamplona ha regalado a todos los asistentes a la jornada un pa\u00f1uelo de San Ferm\u00edn en el transcurso de la cena ofrecida en el refectorio, la \u00fanica no desacralizada de Espa\u00f1a que abre sus puertas a eventos no religiosos.<\/p>\n","protected":false},"excerpt":{"rendered":"<p>Alrededor de una treintena de empresas de eventos y representantes de destinos tur\u00edsticos han estado desarrollando actividades en la ciudad<\/p>\n","protected":false},"author":1,"featured_media":46681,"comment_status":"open","ping_status":"closed","sticky":false,"template":"","format":"standard","meta":{"footnotes":""},"categories":[2],"tags":[],"class_list":["post-46680","post","type-post","status-publish","format-standard","has-post-thumbnail","hentry","category-ayuntamiento-pamplona"],"yoast_head":"<!-- This site is optimized with the Yoast SEO plugin v27.3 - https:\/\/yoast.com\/product\/yoast-seo-wordpress\/ -->\n<title>Pamplona ha sido este fin de semana el centro de la jornada anual corporativa del organismo nacional que trabaja para desarrollar el turismo de reuniones<\/title>\n<meta name=\"description\" content=\"Alrededor de una treintena de empresas de eventos y representantes de destinos tur\u00edsticos han estado desarrollando actividades en la ciudad\" \/>\n<meta name=\"robots\" content=\"index, follow, max-snippet:-1, max-image-preview:large, max-video-preview:-1\" \/>\n<link rel=\"canonical\" href=\"https:\/\/www.laguiadepamplona.com\/actualidad\/pamplona-ha-sido-este-fin-de-semana-el-centro-de-la-jornada-anual-corporativa-del-organismo-nacional-que-trabaja-para-desarrollar-el-turismo-de-reuniones\/\" \/>\n<meta property=\"og:locale\" content=\"es_ES\" \/>\n<meta property=\"og:type\" content=\"article\" \/>\n<meta property=\"og:title\" content=\"Pamplona ha sido este fin de semana el centro de la jornada anual corporativa del organismo nacional que trabaja para desarrollar el turismo de reuniones\" \/>\n<meta property=\"og:description\" content=\"Alrededor de una treintena de empresas de eventos y representantes de destinos tur\u00edsticos han estado desarrollando actividades en la ciudad\" \/>\n<meta property=\"og:url\" content=\"https:\/\/www.laguiadepamplona.com\/actualidad\/pamplona-ha-sido-este-fin-de-semana-el-centro-de-la-jornada-anual-corporativa-del-organismo-nacional-que-trabaja-para-desarrollar-el-turismo-de-reuniones\/\" \/>\n<meta property=\"og:site_name\" content=\"La Gu\u00eda de Pamplona\" \/>\n<meta property=\"article:publisher\" content=\"https:\/\/www.facebook.com\/laguiadepamplonacom-133175176762273\/?ref=hl\" \/>\n<meta property=\"article:published_time\" content=\"2023-05-15T11:29:33+00:00\" \/>\n<meta property=\"og:image\" content=\"https:\/\/www.laguiadepamplona.com\/actualidad\/wp-content\/uploads\/2023\/05\/23.05.13_JORNADA-CORPORATIVA-NACIONAL-TURISMO_NB_7670.webp\" \/>\n\t<meta property=\"og:image:width\" content=\"1920\" \/>\n\t<meta property=\"og:image:height\" content=\"1280\" \/>\n\t<meta property=\"og:image:type\" content=\"image\/webp\" \/>\n<meta name=\"author\" content=\"La Gu\u00eda de Pamplona\" \/>\n<meta name=\"twitter:card\" content=\"summary_large_image\" \/>\n<meta name=\"twitter:creator\" content=\"@LaGuiadPamplona\" \/>\n<meta name=\"twitter:site\" content=\"@LaGuiadPamplona\" \/>\n<meta name=\"twitter:label1\" content=\"Escrito por\" \/>\n\t<meta name=\"twitter:data1\" content=\"La Gu\u00eda de Pamplona\" \/>\n\t<meta name=\"twitter:label2\" content=\"Tiempo de lectura\" \/>\n\t<meta name=\"twitter:data2\" content=\"2 minutos\" \/>\n<script type=\"application\/ld+json\" class=\"yoast-schema-graph\">{\"@context\":\"https:\\\/\\\/schema.org\",\"@graph\":[{\"@type\":\"Article\",\"@id\":\"https:\\\/\\\/www.laguiadepamplona.com\\\/actualidad\\\/pamplona-ha-sido-este-fin-de-semana-el-centro-de-la-jornada-anual-corporativa-del-organismo-nacional-que-trabaja-para-desarrollar-el-turismo-de-reuniones\\\/#article\",\"isPartOf\":{\"@id\":\"https:\\\/\\\/www.laguiadepamplona.com\\\/actualidad\\\/pamplona-ha-sido-este-fin-de-semana-el-centro-de-la-jornada-anual-corporativa-del-organismo-nacional-que-trabaja-para-desarrollar-el-turismo-de-reuniones\\\/\"},\"author\":{\"name\":\"La Gu\u00eda de Pamplona\",\"@id\":\"https:\\\/\\\/www.laguiadepamplona.com\\\/actualidad\\\/#\\\/schema\\\/person\\\/efe887376f0213d4657c93adc50b1fdb\"},\"headline\":\"Pamplona ha sido este fin de semana el centro de la jornada anual corporativa del organismo nacional que trabaja para desarrollar el turismo de reuniones\",\"datePublished\":\"2023-05-15T11:29:33+00:00\",\"mainEntityOfPage\":{\"@id\":\"https:\\\/\\\/www.laguiadepamplona.com\\\/actualidad\\\/pamplona-ha-sido-este-fin-de-semana-el-centro-de-la-jornada-anual-corporativa-del-organismo-nacional-que-trabaja-para-desarrollar-el-turismo-de-reuniones\\\/\"},\"wordCount\":386,\"commentCount\":0,\"publisher\":{\"@id\":\"https:\\\/\\\/www.laguiadepamplona.com\\\/actualidad\\\/#organization\"},\"image\":{\"@id\":\"https:\\\/\\\/www.laguiadepamplona.com\\\/actualidad\\\/pamplona-ha-sido-este-fin-de-semana-el-centro-de-la-jornada-anual-corporativa-del-organismo-nacional-que-trabaja-para-desarrollar-el-turismo-de-reuniones\\\/#primaryimage\"},\"thumbnailUrl\":\"https:\\\/\\\/www.laguiadepamplona.com\\\/actualidad\\\/wp-content\\\/uploads\\\/2023\\\/05\\\/23.05.13_JORNADA-CORPORATIVA-NACIONAL-TURISMO_NB_7670.webp\",\"articleSection\":[\"Ayto Pamplona\"],\"inLanguage\":\"es\",\"potentialAction\":[{\"@type\":\"CommentAction\",\"name\":\"Comment\",\"target\":[\"https:\\\/\\\/www.laguiadepamplona.com\\\/actualidad\\\/pamplona-ha-sido-este-fin-de-semana-el-centro-de-la-jornada-anual-corporativa-del-organismo-nacional-que-trabaja-para-desarrollar-el-turismo-de-reuniones\\\/#respond\"]}]},{\"@type\":\"WebPage\",\"@id\":\"https:\\\/\\\/www.laguiadepamplona.com\\\/actualidad\\\/pamplona-ha-sido-este-fin-de-semana-el-centro-de-la-jornada-anual-corporativa-del-organismo-nacional-que-trabaja-para-desarrollar-el-turismo-de-reuniones\\\/\",\"url\":\"https:\\\/\\\/www.laguiadepamplona.com\\\/actualidad\\\/pamplona-ha-sido-este-fin-de-semana-el-centro-de-la-jornada-anual-corporativa-del-organismo-nacional-que-trabaja-para-desarrollar-el-turismo-de-reuniones\\\/\",\"name\":\"Pamplona ha sido este fin de semana el centro de la jornada anual corporativa del organismo nacional que trabaja para desarrollar el turismo de reuniones\",\"isPartOf\":{\"@id\":\"https:\\\/\\\/www.laguiadepamplona.com\\\/actualidad\\\/#website\"},\"primaryImageOfPage\":{\"@id\":\"https:\\\/\\\/www.laguiadepamplona.com\\\/actualidad\\\/pamplona-ha-sido-este-fin-de-semana-el-centro-de-la-jornada-anual-corporativa-del-organismo-nacional-que-trabaja-para-desarrollar-el-turismo-de-reuniones\\\/#primaryimage\"},\"image\":{\"@id\":\"https:\\\/\\\/www.laguiadepamplona.com\\\/actualidad\\\/pamplona-ha-sido-este-fin-de-semana-el-centro-de-la-jornada-anual-corporativa-del-organismo-nacional-que-trabaja-para-desarrollar-el-turismo-de-reuniones\\\/#primaryimage\"},\"thumbnailUrl\":\"https:\\\/\\\/www.laguiadepamplona.com\\\/actualidad\\\/wp-content\\\/uploads\\\/2023\\\/05\\\/23.05.13_JORNADA-CORPORATIVA-NACIONAL-TURISMO_NB_7670.webp\",\"datePublished\":\"2023-05-15T11:29:33+00:00\",\"description\":\"Alrededor de una treintena de empresas de eventos y representantes de destinos tur\u00edsticos han estado desarrollando actividades en la ciudad\",\"breadcrumb\":{\"@id\":\"https:\\\/\\\/www.laguiadepamplona.com\\\/actualidad\\\/pamplona-ha-sido-este-fin-de-semana-el-centro-de-la-jornada-anual-corporativa-del-organismo-nacional-que-trabaja-para-desarrollar-el-turismo-de-reuniones\\\/#breadcrumb\"},\"inLanguage\":\"es\",\"potentialAction\":[{\"@type\":\"ReadAction\",\"target\":[\"https:\\\/\\\/www.laguiadepamplona.com\\\/actualidad\\\/pamplona-ha-sido-este-fin-de-semana-el-centro-de-la-jornada-anual-corporativa-del-organismo-nacional-que-trabaja-para-desarrollar-el-turismo-de-reuniones\\\/\"]}]},{\"@type\":\"ImageObject\",\"inLanguage\":\"es\",\"@id\":\"https:\\\/\\\/www.laguiadepamplona.com\\\/actualidad\\\/pamplona-ha-sido-este-fin-de-semana-el-centro-de-la-jornada-anual-corporativa-del-organismo-nacional-que-trabaja-para-desarrollar-el-turismo-de-reuniones\\\/#primaryimage\",\"url\":\"https:\\\/\\\/www.laguiadepamplona.com\\\/actualidad\\\/wp-content\\\/uploads\\\/2023\\\/05\\\/23.05.13_JORNADA-CORPORATIVA-NACIONAL-TURISMO_NB_7670.webp\",\"contentUrl\":\"https:\\\/\\\/www.laguiadepamplona.com\\\/actualidad\\\/wp-content\\\/uploads\\\/2023\\\/05\\\/23.05.13_JORNADA-CORPORATIVA-NACIONAL-TURISMO_NB_7670.webp\",\"width\":1920,\"height\":1280},{\"@type\":\"BreadcrumbList\",\"@id\":\"https:\\\/\\\/www.laguiadepamplona.com\\\/actualidad\\\/pamplona-ha-sido-este-fin-de-semana-el-centro-de-la-jornada-anual-corporativa-del-organismo-nacional-que-trabaja-para-desarrollar-el-turismo-de-reuniones\\\/#breadcrumb\",\"itemListElement\":[{\"@type\":\"ListItem\",\"position\":1,\"name\":\"Portada\",\"item\":\"https:\\\/\\\/www.laguiadepamplona.com\\\/actualidad\\\/\"},{\"@type\":\"ListItem\",\"position\":2,\"name\":\"Pamplona ha sido este fin de semana el centro de la jornada anual corporativa del organismo nacional que trabaja para desarrollar el turismo de reuniones\"}]},{\"@type\":\"WebSite\",\"@id\":\"https:\\\/\\\/www.laguiadepamplona.com\\\/actualidad\\\/#website\",\"url\":\"https:\\\/\\\/www.laguiadepamplona.com\\\/actualidad\\\/\",\"name\":\"La gu\u00eda de Pamplona\",\"description\":\"Noticias de Pamplona\",\"publisher\":{\"@id\":\"https:\\\/\\\/www.laguiadepamplona.com\\\/actualidad\\\/#organization\"},\"potentialAction\":[{\"@type\":\"SearchAction\",\"target\":{\"@type\":\"EntryPoint\",\"urlTemplate\":\"https:\\\/\\\/www.laguiadepamplona.com\\\/actualidad\\\/?s={search_term_string}\"},\"query-input\":{\"@type\":\"PropertyValueSpecification\",\"valueRequired\":true,\"valueName\":\"search_term_string\"}}],\"inLanguage\":\"es\"},{\"@type\":\"Organization\",\"@id\":\"https:\\\/\\\/www.laguiadepamplona.com\\\/actualidad\\\/#organization\",\"name\":\"La Gu\u00eda de Pamplona \\\/ Noticias\",\"url\":\"https:\\\/\\\/www.laguiadepamplona.com\\\/actualidad\\\/\",\"logo\":{\"@type\":\"ImageObject\",\"inLanguage\":\"es\",\"@id\":\"https:\\\/\\\/www.laguiadepamplona.com\\\/actualidad\\\/#\\\/schema\\\/logo\\\/image\\\/\",\"url\":\"https:\\\/\\\/www.laguiadepamplona.com\\\/actualidad\\\/wp-content\\\/uploads\\\/2018\\\/11\\\/logo-laguiadepamplona18-web1.png\",\"contentUrl\":\"https:\\\/\\\/www.laguiadepamplona.com\\\/actualidad\\\/wp-content\\\/uploads\\\/2018\\\/11\\\/logo-laguiadepamplona18-web1.png\",\"width\":600,\"height\":196,\"caption\":\"La Gu\u00eda de Pamplona \\\/ Noticias\"},\"image\":{\"@id\":\"https:\\\/\\\/www.laguiadepamplona.com\\\/actualidad\\\/#\\\/schema\\\/logo\\\/image\\\/\"},\"sameAs\":[\"https:\\\/\\\/www.facebook.com\\\/laguiadepamplonacom-133175176762273\\\/?ref=hl\",\"https:\\\/\\\/x.com\\\/LaGuiadPamplona\",\"https:\\\/\\\/www.instagram.com\\\/la_guia_de_pamplona\\\/\",\"https:\\\/\\\/www.youtube.com\\\/user\\\/laguiadepamplona\"]},{\"@type\":\"Person\",\"@id\":\"https:\\\/\\\/www.laguiadepamplona.com\\\/actualidad\\\/#\\\/schema\\\/person\\\/efe887376f0213d4657c93adc50b1fdb\",\"name\":\"La Gu\u00eda de Pamplona\",\"image\":{\"@type\":\"ImageObject\",\"inLanguage\":\"es\",\"@id\":\"https:\\\/\\\/secure.gravatar.com\\\/avatar\\\/b6992f131dc8d30ab0dff15446e9d346d9dbd95992de0fef795073f5ea83a81c?s=96&d=mm&r=g\",\"url\":\"https:\\\/\\\/secure.gravatar.com\\\/avatar\\\/b6992f131dc8d30ab0dff15446e9d346d9dbd95992de0fef795073f5ea83a81c?s=96&d=mm&r=g\",\"contentUrl\":\"https:\\\/\\\/secure.gravatar.com\\\/avatar\\\/b6992f131dc8d30ab0dff15446e9d346d9dbd95992de0fef795073f5ea83a81c?s=96&d=mm&r=g\",\"caption\":\"La Gu\u00eda de Pamplona\"}}]}<\/script>\n<!-- \/ Yoast SEO plugin. -->","yoast_head_json":{"title":"Pamplona ha sido este fin de semana el centro de la jornada anual corporativa del organismo nacional que trabaja para desarrollar el turismo de reuniones","description":"Alrededor de una treintena de empresas de eventos y representantes de destinos tur\u00edsticos han estado desarrollando actividades en la ciudad","robots":{"index":"index","follow":"follow","max-snippet":"max-snippet:-1","max-image-preview":"max-image-preview:large","max-video-preview":"max-video-preview:-1"},"canonical":"https:\/\/www.laguiadepamplona.com\/actualidad\/pamplona-ha-sido-este-fin-de-semana-el-centro-de-la-jornada-anual-corporativa-del-organismo-nacional-que-trabaja-para-desarrollar-el-turismo-de-reuniones\/","og_locale":"es_ES","og_type":"article","og_title":"Pamplona ha sido este fin de semana el centro de la jornada anual corporativa del organismo nacional que trabaja para desarrollar el turismo de reuniones","og_description":"Alrededor de una treintena de empresas de eventos y representantes de destinos tur\u00edsticos han estado desarrollando actividades en la ciudad","og_url":"https:\/\/www.laguiadepamplona.com\/actualidad\/pamplona-ha-sido-este-fin-de-semana-el-centro-de-la-jornada-anual-corporativa-del-organismo-nacional-que-trabaja-para-desarrollar-el-turismo-de-reuniones\/","og_site_name":"La Gu\u00eda de Pamplona","article_publisher":"https:\/\/www.facebook.com\/laguiadepamplonacom-133175176762273\/?ref=hl","article_published_time":"2023-05-15T11:29:33+00:00","og_image":[{"width":1920,"height":1280,"url":"https:\/\/www.laguiadepamplona.com\/actualidad\/wp-content\/uploads\/2023\/05\/23.05.13_JORNADA-CORPORATIVA-NACIONAL-TURISMO_NB_7670.webp","type":"image\/webp"}],"author":"La Gu\u00eda de Pamplona","twitter_card":"summary_large_image","twitter_creator":"@LaGuiadPamplona","twitter_site":"@LaGuiadPamplona","twitter_misc":{"Escrito por":"La Gu\u00eda de Pamplona","Tiempo de lectura":"2 minutos"},"schema":{"@context":"https:\/\/schema.org","@graph":[{"@type":"Article","@id":"https:\/\/www.laguiadepamplona.com\/actualidad\/pamplona-ha-sido-este-fin-de-semana-el-centro-de-la-jornada-anual-corporativa-del-organismo-nacional-que-trabaja-para-desarrollar-el-turismo-de-reuniones\/#article","isPartOf":{"@id":"https:\/\/www.laguiadepamplona.com\/actualidad\/pamplona-ha-sido-este-fin-de-semana-el-centro-de-la-jornada-anual-corporativa-del-organismo-nacional-que-trabaja-para-desarrollar-el-turismo-de-reuniones\/"},"author":{"name":"La Gu\u00eda de Pamplona","@id":"https:\/\/www.laguiadepamplona.com\/actualidad\/#\/schema\/person\/efe887376f0213d4657c93adc50b1fdb"},"headline":"Pamplona ha sido este fin de semana el centro de la jornada anual corporativa del organismo nacional que trabaja para desarrollar el turismo de reuniones","datePublished":"2023-05-15T11:29:33+00:00","mainEntityOfPage":{"@id":"https:\/\/www.laguiadepamplona.com\/actualidad\/pamplona-ha-sido-este-fin-de-semana-el-centro-de-la-jornada-anual-corporativa-del-organismo-nacional-que-trabaja-para-desarrollar-el-turismo-de-reuniones\/"},"wordCount":386,"commentCount":0,"publisher":{"@id":"https:\/\/www.laguiadepamplona.com\/actualidad\/#organization"},"image":{"@id":"https:\/\/www.laguiadepamplona.com\/actualidad\/pamplona-ha-sido-este-fin-de-semana-el-centro-de-la-jornada-anual-corporativa-del-organismo-nacional-que-trabaja-para-desarrollar-el-turismo-de-reuniones\/#primaryimage"},"thumbnailUrl":"https:\/\/www.laguiadepamplona.com\/actualidad\/wp-content\/uploads\/2023\/05\/23.05.13_JORNADA-CORPORATIVA-NACIONAL-TURISMO_NB_7670.webp","articleSection":["Ayto Pamplona"],"inLanguage":"es","potentialAction":[{"@type":"CommentAction","name":"Comment","target":["https:\/\/www.laguiadepamplona.com\/actualidad\/pamplona-ha-sido-este-fin-de-semana-el-centro-de-la-jornada-anual-corporativa-del-organismo-nacional-que-trabaja-para-desarrollar-el-turismo-de-reuniones\/#respond"]}]},{"@type":"WebPage","@id":"https:\/\/www.laguiadepamplona.com\/actualidad\/pamplona-ha-sido-este-fin-de-semana-el-centro-de-la-jornada-anual-corporativa-del-organismo-nacional-que-trabaja-para-desarrollar-el-turismo-de-reuniones\/","url":"https:\/\/www.laguiadepamplona.com\/actualidad\/pamplona-ha-sido-este-fin-de-semana-el-centro-de-la-jornada-anual-corporativa-del-organismo-nacional-que-trabaja-para-desarrollar-el-turismo-de-reuniones\/","name":"Pamplona ha sido este fin de semana el centro de la jornada anual corporativa del organismo nacional que trabaja para desarrollar el turismo de reuniones","isPartOf":{"@id":"https:\/\/www.laguiadepamplona.com\/actualidad\/#website"},"primaryImageOfPage":{"@id":"https:\/\/www.laguiadepamplona.com\/actualidad\/pamplona-ha-sido-este-fin-de-semana-el-centro-de-la-jornada-anual-corporativa-del-organismo-nacional-que-trabaja-para-desarrollar-el-turismo-de-reuniones\/#primaryimage"},"image":{"@id":"https:\/\/www.laguiadepamplona.com\/actualidad\/pamplona-ha-sido-este-fin-de-semana-el-centro-de-la-jornada-anual-corporativa-del-organismo-nacional-que-trabaja-para-desarrollar-el-turismo-de-reuniones\/#primaryimage"},"thumbnailUrl":"https:\/\/www.laguiadepamplona.com\/actualidad\/wp-content\/uploads\/2023\/05\/23.05.13_JORNADA-CORPORATIVA-NACIONAL-TURISMO_NB_7670.webp","datePublished":"2023-05-15T11:29:33+00:00","description":"Alrededor de una treintena de empresas de eventos y representantes de destinos tur\u00edsticos han estado desarrollando actividades en la ciudad","breadcrumb":{"@id":"https:\/\/www.laguiadepamplona.com\/actualidad\/pamplona-ha-sido-este-fin-de-semana-el-centro-de-la-jornada-anual-corporativa-del-organismo-nacional-que-trabaja-para-desarrollar-el-turismo-de-reuniones\/#breadcrumb"},"inLanguage":"es","potentialAction":[{"@type":"ReadAction","target":["https:\/\/www.laguiadepamplona.com\/actualidad\/pamplona-ha-sido-este-fin-de-semana-el-centro-de-la-jornada-anual-corporativa-del-organismo-nacional-que-trabaja-para-desarrollar-el-turismo-de-reuniones\/"]}]},{"@type":"ImageObject","inLanguage":"es","@id":"https:\/\/www.laguiadepamplona.com\/actualidad\/pamplona-ha-sido-este-fin-de-semana-el-centro-de-la-jornada-anual-corporativa-del-organismo-nacional-que-trabaja-para-desarrollar-el-turismo-de-reuniones\/#primaryimage","url":"https:\/\/www.laguiadepamplona.com\/actualidad\/wp-content\/uploads\/2023\/05\/23.05.13_JORNADA-CORPORATIVA-NACIONAL-TURISMO_NB_7670.webp","contentUrl":"https:\/\/www.laguiadepamplona.com\/actualidad\/wp-content\/uploads\/2023\/05\/23.05.13_JORNADA-CORPORATIVA-NACIONAL-TURISMO_NB_7670.webp","width":1920,"height":1280},{"@type":"BreadcrumbList","@id":"https:\/\/www.laguiadepamplona.com\/actualidad\/pamplona-ha-sido-este-fin-de-semana-el-centro-de-la-jornada-anual-corporativa-del-organismo-nacional-que-trabaja-para-desarrollar-el-turismo-de-reuniones\/#breadcrumb","itemListElement":[{"@type":"ListItem","position":1,"name":"Portada","item":"https:\/\/www.laguiadepamplona.com\/actualidad\/"},{"@type":"ListItem","position":2,"name":"Pamplona ha sido este fin de semana el centro de la jornada anual corporativa del organismo nacional que trabaja para desarrollar el turismo de reuniones"}]},{"@type":"WebSite","@id":"https:\/\/www.laguiadepamplona.com\/actualidad\/#website","url":"https:\/\/www.laguiadepamplona.com\/actualidad\/","name":"La gu\u00eda de Pamplona","description":"Noticias de Pamplona","publisher":{"@id":"https:\/\/www.laguiadepamplona.com\/actualidad\/#organization"},"potentialAction":[{"@type":"SearchAction","target":{"@type":"EntryPoint","urlTemplate":"https:\/\/www.laguiadepamplona.com\/actualidad\/?s={search_term_string}"},"query-input":{"@type":"PropertyValueSpecification","valueRequired":true,"valueName":"search_term_string"}}],"inLanguage":"es"},{"@type":"Organization","@id":"https:\/\/www.laguiadepamplona.com\/actualidad\/#organization","name":"La Gu\u00eda de Pamplona \/ Noticias","url":"https:\/\/www.laguiadepamplona.com\/actualidad\/","logo":{"@type":"ImageObject","inLanguage":"es","@id":"https:\/\/www.laguiadepamplona.com\/actualidad\/#\/schema\/logo\/image\/","url":"https:\/\/www.laguiadepamplona.com\/actualidad\/wp-content\/uploads\/2018\/11\/logo-laguiadepamplona18-web1.png","contentUrl":"https:\/\/www.laguiadepamplona.com\/actualidad\/wp-content\/uploads\/2018\/11\/logo-laguiadepamplona18-web1.png","width":600,"height":196,"caption":"La Gu\u00eda de Pamplona \/ Noticias"},"image":{"@id":"https:\/\/www.laguiadepamplona.com\/actualidad\/#\/schema\/logo\/image\/"},"sameAs":["https:\/\/www.facebook.com\/laguiadepamplonacom-133175176762273\/?ref=hl","https:\/\/x.com\/LaGuiadPamplona","https:\/\/www.instagram.com\/la_guia_de_pamplona\/","https:\/\/www.youtube.com\/user\/laguiadepamplona"]},{"@type":"Person","@id":"https:\/\/www.laguiadepamplona.com\/actualidad\/#\/schema\/person\/efe887376f0213d4657c93adc50b1fdb","name":"La Gu\u00eda de Pamplona","image":{"@type":"ImageObject","inLanguage":"es","@id":"https:\/\/secure.gravatar.com\/avatar\/b6992f131dc8d30ab0dff15446e9d346d9dbd95992de0fef795073f5ea83a81c?s=96&d=mm&r=g","url":"https:\/\/secure.gravatar.com\/avatar\/b6992f131dc8d30ab0dff15446e9d346d9dbd95992de0fef795073f5ea83a81c?s=96&d=mm&r=g","contentUrl":"https:\/\/secure.gravatar.com\/avatar\/b6992f131dc8d30ab0dff15446e9d346d9dbd95992de0fef795073f5ea83a81c?s=96&d=mm&r=g","caption":"La Gu\u00eda de Pamplona"}}]}},"post_mailing_queue_ids":[],"_links":{"self":[{"href":"https:\/\/www.laguiadepamplona.com\/actualidad\/wp-json\/wp\/v2\/posts\/46680","targetHints":{"allow":["GET"]}}],"collection":[{"href":"https:\/\/www.laguiadepamplona.com\/actualidad\/wp-json\/wp\/v2\/posts"}],"about":[{"href":"https:\/\/www.laguiadepamplona.com\/actualidad\/wp-json\/wp\/v2\/types\/post"}],"author":[{"embeddable":true,"href":"https:\/\/www.laguiadepamplona.com\/actualidad\/wp-json\/wp\/v2\/users\/1"}],"replies":[{"embeddable":true,"href":"https:\/\/www.laguiadepamplona.com\/actualidad\/wp-json\/wp\/v2\/comments?post=46680"}],"version-history":[{"count":1,"href":"https:\/\/www.laguiadepamplona.com\/actualidad\/wp-json\/wp\/v2\/posts\/46680\/revisions"}],"predecessor-version":[{"id":46682,"href":"https:\/\/www.laguiadepamplona.com\/actualidad\/wp-json\/wp\/v2\/posts\/46680\/revisions\/46682"}],"wp:featuredmedia":[{"embeddable":true,"href":"https:\/\/www.laguiadepamplona.com\/actualidad\/wp-json\/wp\/v2\/media\/46681"}],"wp:attachment":[{"href":"https:\/\/www.laguiadepamplona.com\/actualidad\/wp-json\/wp\/v2\/media?parent=46680"}],"wp:term":[{"taxonomy":"category","embeddable":true,"href":"https:\/\/www.laguiadepamplona.com\/actualidad\/wp-json\/wp\/v2\/categories?post=46680"},{"taxonomy":"post_tag","embeddable":true,"href":"https:\/\/www.laguiadepamplona.com\/actualidad\/wp-json\/wp\/v2\/tags?post=46680"}],"curies":[{"name":"wp","href":"https:\/\/api.w.org\/{rel}","templated":true}]}}