{"id":46677,"date":"2023-05-15T13:27:32","date_gmt":"2023-05-15T11:27:32","guid":{"rendered":"https:\/\/www.laguiadepamplona.com\/actualidad\/?p=46677"},"modified":"2023-05-15T13:27:32","modified_gmt":"2023-05-15T11:27:32","slug":"la-poblacion-de-pamplona-valora-con-un-notable-alto-la-seguridad-en-la-ciudad","status":"publish","type":"post","link":"https:\/\/www.laguiadepamplona.com\/actualidad\/la-poblacion-de-pamplona-valora-con-un-notable-alto-la-seguridad-en-la-ciudad\/","title":{"rendered":"La poblaci\u00f3n de Pamplona valora con un notable alto la seguridad en la ciudad"},"content":{"rendered":"<h3>El 80,1% de la ciudadan\u00eda est\u00e1 de acuerdo con la instalaci\u00f3n de c\u00e1maras de seguridad en la v\u00eda p\u00fablica<\/h3>\n<p><!--more--><\/p>\n<p>Pamplona es, en l\u00edneas generales, una ciudad segura. As\u00ed se desprende de los datos recabados de una encuesta realizada por el Ayuntamiento de Pamplona en el mes de marzo para analizar la percepci\u00f3n que la ciudadan\u00eda tiene sobre la seguridad en la ciudad. Seg\u00fan los datos obtenidos, los pamploneses y pamplonesas conceden un 7,5 de media sobre 10 al nivel de seguridad en la ciudad. La encuesta se ha realizado a 826 personas mayores de 16 a\u00f1os, y cuenta con un nivel de confianza del 95,5%.<\/p>\n<p>La consulta se centr\u00f3 en dos aspectos fundamentales: la percepci\u00f3n de seguridad y la victimizaci\u00f3n. En lo que se refiere a percepci\u00f3n, la sensaci\u00f3n general es positiva. La inmensa mayor\u00eda de la poblaci\u00f3n manifiesta sentirse segura tanto en casa como en la calle. Si bien, existen diferencias si la valoraci\u00f3n la hacen hombres o mujeres y en funci\u00f3n de las zonas de la ciudad.<\/p>\n<p>En casa, el 100% manifiesta sentirse seguro, si bien de ellos un 95% se ve seguro y a salvo, mientras que un 5% reconoce estar alerta incluso en su hogar. Ya en el exterior, ante la presencia de una patrulla de polic\u00eda, 97% seguros, si bien de ese 97% un 10% reconoce ponerse en alerta ante esta situaci\u00f3n. En equipamientos p\u00fablicos, como bibliotecas, la red Civivox o centros deportivos, entre otros, el 93% dice sentirse seguro (y, de ellos, 86% a salvo, 7% alerta). En el caso del transporte p\u00fablico, la sensaci\u00f3n de seguridad es del 96% (aunque de ellos un 13% reconoce estar alerta durante el trayecto).<\/p>\n<p>La percepci\u00f3n de seguridad en la v\u00eda p\u00fablica tambi\u00e9n es alta, rondando el 97% en calles y espacios comerciales. No obstante, esa sensaci\u00f3n desciende en ambientes de ocio nocturno, donde siete de cada diez personas reconoce sentirse seguro, aunque, de ellos el 40% se siente a salvo y un 36% mantiene el estado de alerta ante posibles imprevistos. En estos ambientes nocturnos, un 6% de la poblaci\u00f3n manifiesta sentirse en peligro. Un porcentaje que se mantiene estable ante la presencia de personas haciendo botell\u00f3n, pero que sube hasta el 10% cuando transitan por calles o parques solitarios o poco frecuentados.<br \/>\n<script async src=\"\/\/pagead2.googlesyndication.com\/pagead\/js\/adsbygoogle.js\"><\/script><br \/>\n<!-- Noticias La Guia de Pamplona --><br \/>\n<ins class=\"adsbygoogle\"\nstyle=\"display:block\"\ndata-ad-client=\"ca-pub-6943679897239327\"\ndata-ad-slot=\"7048180777\"\ndata-ad-format=\"auto\"><\/ins><br \/>\n<script>\n(adsbygoogle = window.adsbygoogle || []).push({});\n<\/script><\/p>\n<p><strong>Diferencias entre hombres y mujeres<\/strong><\/p>\n<p>Esa sensaci\u00f3n de peligro o inseguridad es diferente entre hombres y mujeres, seg\u00fan se desprende de la encuesta realizada por el Consistorio, atendiendo a la frecuencia de respuesta de \u201calerta\u201d y \u201cen peligro\u201d. En l\u00edneas generales, las mujeres muestran mayor grado de alerta o peligro en el conjunto de situaciones descritas, con diferencias destacadas cuando se trata de calles o parques solitarios, poco frecuentados, donde se da una diferencia entre hombres y mujeres de 10,5 puntos; cuando ven grupos de personas haciendo botell\u00f3n, con una diferencia de 7,9 puntos; en zonas de ocio nocturno, con una diferencia de 6 puntos; y en zonas, calles y espacios comerciales, con una diferencia de 5,1 puntos porcentuales.<\/p>\n<p>Por su parte, los hombres manifiestan sentirse alerta o en peligro en mayor porcentaje que las mujeres cuando ven una patrulla de polic\u00eda y en espacios de equipamientos, si bien la diferencia entre ellos y ellas apenas es de 0,4 y 0,6 puntos porcentuales m\u00e1s respectivamente sobre las mujeres.<\/p>\n<p>No obstante, predomina una sensaci\u00f3n general de seguridad tanto en el hogar como en exteriores, puesto que el 87,2% de las personas encuestadas afirma que no ha instalado ning\u00fan tipo de alarma o sistema de seguridad adicional en casa y el 94,4% se\u00f1ala que no ha pensado en cambiarse de domicilio por esta cuesti\u00f3n. En la calle, el 33,8% de las personas encuestadas se siente bastante segura y el 34,2% totalmente segura caminando sola por la noche en el barrio. El 58,6% de las personas encuestadas afirma estar de totalmente en desacuerdo con que no sale de fiesta por temor a sufrir un delito, el 17,9% est\u00e1 m\u00e1s bien desacuerdo, el 7,4% m\u00e1s bien de acuerdo, el 6% totalmente de acuerdo y el 10,1% no sabe o no contesta a esta cuesti\u00f3n.<\/p>\n<p>Con la afirmaci\u00f3n de evitar determinadas zonas de la ciudad por temor a sufrir un delito, el 20,7% est\u00e1 totalmente en desacuerdo, el 17,3% m\u00e1s bien en desacuerdo, el 25,7% m\u00e1s bien de acuerdo, el 33% totalmente de acuerdo y el 3,4% no sabe o no contesta. Desagregando los resultados por sexos, y agrupando las respuestas que muestran acuerdo por un lado y las de desacuerdo por otro, el 32,9% de las mujeres afirman estar de acuerdo con la afirmaci\u00f3n de que evitan determinadas zonas de la ciudad por temor a sufrir un delito, frente al 25,7% de los hombres.<\/p>\n<p>Sobre el grado de acuerdo con la instalaci\u00f3n de c\u00e1maras de seguridad en la v\u00eda p\u00fablica, el 80,1% de las personas encuestadas se muestran de una forma u otra de acuerdo con tal medida, frente al 17,9% que se muestran en desacuerdo.<br \/>\n<script async src=\"\/\/pagead2.googlesyndication.com\/pagead\/js\/adsbygoogle.js\"><\/script><br \/>\n<!-- Noticias La Guia de Pamplona --><br \/>\n<ins class=\"adsbygoogle\"\nstyle=\"display:block\"\ndata-ad-client=\"ca-pub-6943679897239327\"\ndata-ad-slot=\"7048180777\"\ndata-ad-format=\"auto\"><\/ins><br \/>\n<script>\n(adsbygoogle = window.adsbygoogle || []).push({});\n<\/script><\/p>\n<p><strong>Robos y delitos contra la propiedad<\/strong><\/p>\n<p>La encuesta tambi\u00e9n analiza datos sobre personas que han sido v\u00edctimas de alg\u00fan delito en los \u00faltimos meses. En este sentido, en lo que se refiere a delitos contra la propiedad, s\u00f3lo en el caso de las estafas las v\u00edctimas han superado el 5% de los encuestados. Tras \u00e9stas, el delito que m\u00e1s se repite es el robo del bolso, la cartera u otros objetos (con el 4%), seguido del robo del m\u00f3vil (3%), robo en el domicilio (1%) y robo por tir\u00f3n (0,8%), seg\u00fan se desprende de las respuestas otorgadas por las personas encuestadas.<\/p>\n<p>Por barrios, donde m\u00e1s v\u00edctimas ha habido es en Buztintxuri, Milagrosa y San Jorge. En el lado inversi\u00f3n, est\u00e1n Azpilaga\u00f1a, Casco Viejo y Mendillorri.<\/p>\n<p>Respecto a la victimizaci\u00f3n por delitos relacionados con la violencia f\u00edsica, las cifras tambi\u00e9n son muy bajas. Destacan las amenazas e intimidaciones con el 6%, la agresi\u00f3n f\u00edsica con el 1,7% y la agresi\u00f3n sexual con el 0,7%. En este caso los barrios con m\u00e1s v\u00edctimas son Etxabacoitz, Milagrosa y Casco Viejo. Aquellos con menos v\u00edctimas son Buztintxuri, San Juan y Milagrosa.<\/p>\n<p>En este sentido, el 42,6% de las personas encuestadas piensan que su barrio no est\u00e1 degradado y que no hay pr\u00e1cticamente delincuencia. Frente a ellas, el 45,7% cree que hay cierta degradaci\u00f3n y un poco de delincuencia, cifras a las que se suman quienes opinan que est\u00e1 bastante degradado (8,2%) y muy degradado y con mucha delincuencia (1,8%).<br \/>\n<script async src=\"\/\/pagead2.googlesyndication.com\/pagead\/js\/adsbygoogle.js\"><\/script><br \/>\n<!-- Noticias La Guia de Pamplona --><br \/>\n<ins class=\"adsbygoogle\"\nstyle=\"display:block\"\ndata-ad-client=\"ca-pub-6943679897239327\"\ndata-ad-slot=\"7048180777\"\ndata-ad-format=\"auto\"><\/ins><br \/>\n<script>\n(adsbygoogle = window.adsbygoogle || []).push({});\n<\/script><\/p>\n<p><strong>Sube la sensaci\u00f3n de seguridad en los barrios<\/strong><\/p>\n<p>Desde la perspectiva de barrio, Ermitaga\u00f1a-Mendebaldea es el barrio donde mejor valoraci\u00f3n emerge en cuanto a seguridad (con 8,3 puntos sobre 10), seguido de Lezkairu (con 8,2) y San Juan (con 8,1 puntos). En sentido contrario, donde peor se valora la seguridad del barrio es San Jorge (6,3 puntos), seguido de Milagrosa (6,5 puntos).<\/p>\n<p>Por otra parte, y continuando con la percepci\u00f3n de seguridad en torno a los barrios, si bien el 33% de las personas encuestadas no ha sabido o no ha querido responder a la cuesti\u00f3n de cu\u00e1l cree que es el barrio m\u00e1s seguro de la ciudad, el 20% ha se\u00f1alado el Ensanche como barrio m\u00e1s seguro, seguido de Iturrama con el 16,1% de las repuestas, San Juan con el 7%, Lezkairu con el 5%, Ermitaga\u00f1a-Mendebaldea tambi\u00e9n con el 5%, Casco Viejo con el 3,9%, Txantrea con el 3,6%, Rochapea con 1,9%, Mendillorri con el 1,8%, Buztintxuri con el 1,3%, Azpilaga\u00f1a con el 0,7%, San Jorge con el 0,4% y finalmente Extabakoitz y Milagrosa ambos con el 0,1%.<\/p>\n<p>En sentido contrario a lo ahora analizado, se ha recogido tambi\u00e9n la percepci\u00f3n de inseguridad que la ciudadan\u00eda tiene respecto a los distintos barrios de la ciudad. As\u00ed, si bien al igual que la cuesti\u00f3n anterior el 28,4% de las personas encuestadas no ha sabido o no ha querido indicar que barrio percibe como m\u00e1s inseguro, el 19,7% ha se\u00f1alado el barrio de la Milagrosa como tal, seguido de San Jorge con el 16,7% de las respuestas, Rochapea con el 11%, Casco Viejo con el 10,3%, Etxabakoitz con el 6,2%, Txantrea con el 2,5%, San Juan con el 2,5%, Buztintxuri con el 1,6%, Mendillorri con el 0,4%, Ensanche con el 0,4%, Iturrama con el 0,2%, Ermitaga\u00f1a-Mendebaldea con el 0,1% y Azpilaga\u00f1a con el 0,1%.<br \/>\n<script async src=\"\/\/pagead2.googlesyndication.com\/pagead\/js\/adsbygoogle.js\"><\/script><br \/>\n<!-- Noticias La Guia de Pamplona --><br \/>\n<ins class=\"adsbygoogle\"\nstyle=\"display:block\"\ndata-ad-client=\"ca-pub-6943679897239327\"\ndata-ad-slot=\"7048180777\"\ndata-ad-format=\"auto\"><\/ins><br \/>\n<script>\n(adsbygoogle = window.adsbygoogle || []).push({});\n<\/script><\/p>\n<p><strong>La valoraci\u00f3n sobre los servicios que ofrece Polic\u00eda Municipal es de 7,1<\/strong><\/p>\n<p>Desagregando la percepci\u00f3n de los servicios de Polic\u00eda Municipal por sexos, las mujeres los valoran de media con un 7,4. Esta puntuaci\u00f3n es 0,3 puntos superior a la media de la poblaci\u00f3n. Por su parte, los hombres los valoran con un 6,8; lo que supone 0,3 puntos por debajo de la media.<\/p>\n<p>Realizando el mismo an\u00e1lisis desde la perspectiva territorial o de barrio, donde mejor valoraci\u00f3n tiene el cuerpo de Polic\u00eda Municipal es en Lezkairu con 7,5 puntos, seguido por Ermitaga\u00f1a-Mendebaldea y Azpilaga\u00f1a, ambos con 7,4; y Milagrosa y Rochapea, ambos con 7,3 puntos de valoraci\u00f3n media global. En sentido contrario el barrio donde peor valoraci\u00f3n tiene es Etxabakoitz con 6,3 puntos de valoraci\u00f3n media, 0,8 puntos por debajo de la media. A \u00e9ste le siguen Txantrea y Buztintxuri, ambos con una valoraci\u00f3n media de 6,7 puntos.<\/p>\n","protected":false},"excerpt":{"rendered":"<p>El 80,1% de la ciudadan\u00eda est\u00e1 de acuerdo con la instalaci\u00f3n de c\u00e1maras de seguridad en la v\u00eda p\u00fablica<\/p>\n","protected":false},"author":1,"featured_media":46678,"comment_status":"open","ping_status":"closed","sticky":false,"template":"","format":"standard","meta":{"footnotes":""},"categories":[2],"tags":[],"class_list":["post-46677","post","type-post","status-publish","format-standard","has-post-thumbnail","hentry","category-ayuntamiento-pamplona"],"yoast_head":"<!-- This site is optimized with the Yoast SEO plugin v27.3 - https:\/\/yoast.com\/product\/yoast-seo-wordpress\/ -->\n<title>La poblaci\u00f3n de Pamplona valora con un notable alto la seguridad en la ciudad<\/title>\n<meta name=\"description\" content=\"El 80,1% de la ciudadan\u00eda est\u00e1 de acuerdo con la instalaci\u00f3n de c\u00e1maras de seguridad en la v\u00eda p\u00fablica en Pamplona.\" \/>\n<meta name=\"robots\" content=\"index, follow, max-snippet:-1, max-image-preview:large, max-video-preview:-1\" \/>\n<link rel=\"canonical\" href=\"https:\/\/www.laguiadepamplona.com\/actualidad\/la-poblacion-de-pamplona-valora-con-un-notable-alto-la-seguridad-en-la-ciudad\/\" \/>\n<meta property=\"og:locale\" content=\"es_ES\" \/>\n<meta property=\"og:type\" content=\"article\" \/>\n<meta property=\"og:title\" content=\"La poblaci\u00f3n de Pamplona valora con un notable alto la seguridad en la ciudad\" \/>\n<meta property=\"og:description\" content=\"El 80,1% de la ciudadan\u00eda est\u00e1 de acuerdo con la instalaci\u00f3n de c\u00e1maras de seguridad en la v\u00eda p\u00fablica en Pamplona.\" \/>\n<meta property=\"og:url\" content=\"https:\/\/www.laguiadepamplona.com\/actualidad\/la-poblacion-de-pamplona-valora-con-un-notable-alto-la-seguridad-en-la-ciudad\/\" \/>\n<meta property=\"og:site_name\" content=\"La Gu\u00eda de Pamplona\" \/>\n<meta property=\"article:publisher\" content=\"https:\/\/www.facebook.com\/laguiadepamplonacom-133175176762273\/?ref=hl\" \/>\n<meta property=\"article:published_time\" content=\"2023-05-15T11:27:32+00:00\" \/>\n<meta property=\"og:image\" content=\"https:\/\/www.laguiadepamplona.com\/actualidad\/wp-content\/uploads\/2023\/05\/policia-municipal.webp\" \/>\n\t<meta property=\"og:image:width\" content=\"1920\" \/>\n\t<meta property=\"og:image:height\" content=\"1082\" \/>\n\t<meta property=\"og:image:type\" content=\"image\/webp\" \/>\n<meta name=\"author\" content=\"La Gu\u00eda de Pamplona\" \/>\n<meta name=\"twitter:card\" content=\"summary_large_image\" \/>\n<meta name=\"twitter:creator\" content=\"@LaGuiadPamplona\" \/>\n<meta name=\"twitter:site\" content=\"@LaGuiadPamplona\" \/>\n<meta name=\"twitter:label1\" content=\"Escrito por\" \/>\n\t<meta name=\"twitter:data1\" content=\"La Gu\u00eda de Pamplona\" \/>\n\t<meta name=\"twitter:label2\" content=\"Tiempo de lectura\" \/>\n\t<meta name=\"twitter:data2\" content=\"7 minutos\" \/>\n<script type=\"application\/ld+json\" class=\"yoast-schema-graph\">{\"@context\":\"https:\\\/\\\/schema.org\",\"@graph\":[{\"@type\":\"Article\",\"@id\":\"https:\\\/\\\/www.laguiadepamplona.com\\\/actualidad\\\/la-poblacion-de-pamplona-valora-con-un-notable-alto-la-seguridad-en-la-ciudad\\\/#article\",\"isPartOf\":{\"@id\":\"https:\\\/\\\/www.laguiadepamplona.com\\\/actualidad\\\/la-poblacion-de-pamplona-valora-con-un-notable-alto-la-seguridad-en-la-ciudad\\\/\"},\"author\":{\"name\":\"La Gu\u00eda de Pamplona\",\"@id\":\"https:\\\/\\\/www.laguiadepamplona.com\\\/actualidad\\\/#\\\/schema\\\/person\\\/efe887376f0213d4657c93adc50b1fdb\"},\"headline\":\"La poblaci\u00f3n de Pamplona valora con un notable alto la seguridad en la ciudad\",\"datePublished\":\"2023-05-15T11:27:32+00:00\",\"mainEntityOfPage\":{\"@id\":\"https:\\\/\\\/www.laguiadepamplona.com\\\/actualidad\\\/la-poblacion-de-pamplona-valora-con-un-notable-alto-la-seguridad-en-la-ciudad\\\/\"},\"wordCount\":1539,\"commentCount\":0,\"publisher\":{\"@id\":\"https:\\\/\\\/www.laguiadepamplona.com\\\/actualidad\\\/#organization\"},\"image\":{\"@id\":\"https:\\\/\\\/www.laguiadepamplona.com\\\/actualidad\\\/la-poblacion-de-pamplona-valora-con-un-notable-alto-la-seguridad-en-la-ciudad\\\/#primaryimage\"},\"thumbnailUrl\":\"https:\\\/\\\/www.laguiadepamplona.com\\\/actualidad\\\/wp-content\\\/uploads\\\/2023\\\/05\\\/policia-municipal.webp\",\"articleSection\":[\"Ayto Pamplona\"],\"inLanguage\":\"es\",\"potentialAction\":[{\"@type\":\"CommentAction\",\"name\":\"Comment\",\"target\":[\"https:\\\/\\\/www.laguiadepamplona.com\\\/actualidad\\\/la-poblacion-de-pamplona-valora-con-un-notable-alto-la-seguridad-en-la-ciudad\\\/#respond\"]}]},{\"@type\":\"WebPage\",\"@id\":\"https:\\\/\\\/www.laguiadepamplona.com\\\/actualidad\\\/la-poblacion-de-pamplona-valora-con-un-notable-alto-la-seguridad-en-la-ciudad\\\/\",\"url\":\"https:\\\/\\\/www.laguiadepamplona.com\\\/actualidad\\\/la-poblacion-de-pamplona-valora-con-un-notable-alto-la-seguridad-en-la-ciudad\\\/\",\"name\":\"La poblaci\u00f3n de Pamplona valora con un notable alto la seguridad en la ciudad\",\"isPartOf\":{\"@id\":\"https:\\\/\\\/www.laguiadepamplona.com\\\/actualidad\\\/#website\"},\"primaryImageOfPage\":{\"@id\":\"https:\\\/\\\/www.laguiadepamplona.com\\\/actualidad\\\/la-poblacion-de-pamplona-valora-con-un-notable-alto-la-seguridad-en-la-ciudad\\\/#primaryimage\"},\"image\":{\"@id\":\"https:\\\/\\\/www.laguiadepamplona.com\\\/actualidad\\\/la-poblacion-de-pamplona-valora-con-un-notable-alto-la-seguridad-en-la-ciudad\\\/#primaryimage\"},\"thumbnailUrl\":\"https:\\\/\\\/www.laguiadepamplona.com\\\/actualidad\\\/wp-content\\\/uploads\\\/2023\\\/05\\\/policia-municipal.webp\",\"datePublished\":\"2023-05-15T11:27:32+00:00\",\"description\":\"El 80,1% de la ciudadan\u00eda est\u00e1 de acuerdo con la instalaci\u00f3n de c\u00e1maras de seguridad en la v\u00eda p\u00fablica en Pamplona.\",\"breadcrumb\":{\"@id\":\"https:\\\/\\\/www.laguiadepamplona.com\\\/actualidad\\\/la-poblacion-de-pamplona-valora-con-un-notable-alto-la-seguridad-en-la-ciudad\\\/#breadcrumb\"},\"inLanguage\":\"es\",\"potentialAction\":[{\"@type\":\"ReadAction\",\"target\":[\"https:\\\/\\\/www.laguiadepamplona.com\\\/actualidad\\\/la-poblacion-de-pamplona-valora-con-un-notable-alto-la-seguridad-en-la-ciudad\\\/\"]}]},{\"@type\":\"ImageObject\",\"inLanguage\":\"es\",\"@id\":\"https:\\\/\\\/www.laguiadepamplona.com\\\/actualidad\\\/la-poblacion-de-pamplona-valora-con-un-notable-alto-la-seguridad-en-la-ciudad\\\/#primaryimage\",\"url\":\"https:\\\/\\\/www.laguiadepamplona.com\\\/actualidad\\\/wp-content\\\/uploads\\\/2023\\\/05\\\/policia-municipal.webp\",\"contentUrl\":\"https:\\\/\\\/www.laguiadepamplona.com\\\/actualidad\\\/wp-content\\\/uploads\\\/2023\\\/05\\\/policia-municipal.webp\",\"width\":1920,\"height\":1082},{\"@type\":\"BreadcrumbList\",\"@id\":\"https:\\\/\\\/www.laguiadepamplona.com\\\/actualidad\\\/la-poblacion-de-pamplona-valora-con-un-notable-alto-la-seguridad-en-la-ciudad\\\/#breadcrumb\",\"itemListElement\":[{\"@type\":\"ListItem\",\"position\":1,\"name\":\"Portada\",\"item\":\"https:\\\/\\\/www.laguiadepamplona.com\\\/actualidad\\\/\"},{\"@type\":\"ListItem\",\"position\":2,\"name\":\"La poblaci\u00f3n de Pamplona valora con un notable alto la seguridad en la ciudad\"}]},{\"@type\":\"WebSite\",\"@id\":\"https:\\\/\\\/www.laguiadepamplona.com\\\/actualidad\\\/#website\",\"url\":\"https:\\\/\\\/www.laguiadepamplona.com\\\/actualidad\\\/\",\"name\":\"La gu\u00eda de Pamplona\",\"description\":\"Noticias de Pamplona\",\"publisher\":{\"@id\":\"https:\\\/\\\/www.laguiadepamplona.com\\\/actualidad\\\/#organization\"},\"potentialAction\":[{\"@type\":\"SearchAction\",\"target\":{\"@type\":\"EntryPoint\",\"urlTemplate\":\"https:\\\/\\\/www.laguiadepamplona.com\\\/actualidad\\\/?s={search_term_string}\"},\"query-input\":{\"@type\":\"PropertyValueSpecification\",\"valueRequired\":true,\"valueName\":\"search_term_string\"}}],\"inLanguage\":\"es\"},{\"@type\":\"Organization\",\"@id\":\"https:\\\/\\\/www.laguiadepamplona.com\\\/actualidad\\\/#organization\",\"name\":\"La Gu\u00eda de Pamplona \\\/ Noticias\",\"url\":\"https:\\\/\\\/www.laguiadepamplona.com\\\/actualidad\\\/\",\"logo\":{\"@type\":\"ImageObject\",\"inLanguage\":\"es\",\"@id\":\"https:\\\/\\\/www.laguiadepamplona.com\\\/actualidad\\\/#\\\/schema\\\/logo\\\/image\\\/\",\"url\":\"https:\\\/\\\/www.laguiadepamplona.com\\\/actualidad\\\/wp-content\\\/uploads\\\/2018\\\/11\\\/logo-laguiadepamplona18-web1.png\",\"contentUrl\":\"https:\\\/\\\/www.laguiadepamplona.com\\\/actualidad\\\/wp-content\\\/uploads\\\/2018\\\/11\\\/logo-laguiadepamplona18-web1.png\",\"width\":600,\"height\":196,\"caption\":\"La Gu\u00eda de Pamplona \\\/ Noticias\"},\"image\":{\"@id\":\"https:\\\/\\\/www.laguiadepamplona.com\\\/actualidad\\\/#\\\/schema\\\/logo\\\/image\\\/\"},\"sameAs\":[\"https:\\\/\\\/www.facebook.com\\\/laguiadepamplonacom-133175176762273\\\/?ref=hl\",\"https:\\\/\\\/x.com\\\/LaGuiadPamplona\",\"https:\\\/\\\/www.instagram.com\\\/la_guia_de_pamplona\\\/\",\"https:\\\/\\\/www.youtube.com\\\/user\\\/laguiadepamplona\"]},{\"@type\":\"Person\",\"@id\":\"https:\\\/\\\/www.laguiadepamplona.com\\\/actualidad\\\/#\\\/schema\\\/person\\\/efe887376f0213d4657c93adc50b1fdb\",\"name\":\"La Gu\u00eda de Pamplona\",\"image\":{\"@type\":\"ImageObject\",\"inLanguage\":\"es\",\"@id\":\"https:\\\/\\\/secure.gravatar.com\\\/avatar\\\/b6992f131dc8d30ab0dff15446e9d346d9dbd95992de0fef795073f5ea83a81c?s=96&d=mm&r=g\",\"url\":\"https:\\\/\\\/secure.gravatar.com\\\/avatar\\\/b6992f131dc8d30ab0dff15446e9d346d9dbd95992de0fef795073f5ea83a81c?s=96&d=mm&r=g\",\"contentUrl\":\"https:\\\/\\\/secure.gravatar.com\\\/avatar\\\/b6992f131dc8d30ab0dff15446e9d346d9dbd95992de0fef795073f5ea83a81c?s=96&d=mm&r=g\",\"caption\":\"La Gu\u00eda de Pamplona\"}}]}<\/script>\n<!-- \/ Yoast SEO plugin. -->","yoast_head_json":{"title":"La poblaci\u00f3n de Pamplona valora con un notable alto la seguridad en la ciudad","description":"El 80,1% de la ciudadan\u00eda est\u00e1 de acuerdo con la instalaci\u00f3n de c\u00e1maras de seguridad en la v\u00eda p\u00fablica en Pamplona.","robots":{"index":"index","follow":"follow","max-snippet":"max-snippet:-1","max-image-preview":"max-image-preview:large","max-video-preview":"max-video-preview:-1"},"canonical":"https:\/\/www.laguiadepamplona.com\/actualidad\/la-poblacion-de-pamplona-valora-con-un-notable-alto-la-seguridad-en-la-ciudad\/","og_locale":"es_ES","og_type":"article","og_title":"La poblaci\u00f3n de Pamplona valora con un notable alto la seguridad en la ciudad","og_description":"El 80,1% de la ciudadan\u00eda est\u00e1 de acuerdo con la instalaci\u00f3n de c\u00e1maras de seguridad en la v\u00eda p\u00fablica en Pamplona.","og_url":"https:\/\/www.laguiadepamplona.com\/actualidad\/la-poblacion-de-pamplona-valora-con-un-notable-alto-la-seguridad-en-la-ciudad\/","og_site_name":"La Gu\u00eda de Pamplona","article_publisher":"https:\/\/www.facebook.com\/laguiadepamplonacom-133175176762273\/?ref=hl","article_published_time":"2023-05-15T11:27:32+00:00","og_image":[{"width":1920,"height":1082,"url":"https:\/\/www.laguiadepamplona.com\/actualidad\/wp-content\/uploads\/2023\/05\/policia-municipal.webp","type":"image\/webp"}],"author":"La Gu\u00eda de Pamplona","twitter_card":"summary_large_image","twitter_creator":"@LaGuiadPamplona","twitter_site":"@LaGuiadPamplona","twitter_misc":{"Escrito por":"La Gu\u00eda de Pamplona","Tiempo de lectura":"7 minutos"},"schema":{"@context":"https:\/\/schema.org","@graph":[{"@type":"Article","@id":"https:\/\/www.laguiadepamplona.com\/actualidad\/la-poblacion-de-pamplona-valora-con-un-notable-alto-la-seguridad-en-la-ciudad\/#article","isPartOf":{"@id":"https:\/\/www.laguiadepamplona.com\/actualidad\/la-poblacion-de-pamplona-valora-con-un-notable-alto-la-seguridad-en-la-ciudad\/"},"author":{"name":"La Gu\u00eda de Pamplona","@id":"https:\/\/www.laguiadepamplona.com\/actualidad\/#\/schema\/person\/efe887376f0213d4657c93adc50b1fdb"},"headline":"La poblaci\u00f3n de Pamplona valora con un notable alto la seguridad en la ciudad","datePublished":"2023-05-15T11:27:32+00:00","mainEntityOfPage":{"@id":"https:\/\/www.laguiadepamplona.com\/actualidad\/la-poblacion-de-pamplona-valora-con-un-notable-alto-la-seguridad-en-la-ciudad\/"},"wordCount":1539,"commentCount":0,"publisher":{"@id":"https:\/\/www.laguiadepamplona.com\/actualidad\/#organization"},"image":{"@id":"https:\/\/www.laguiadepamplona.com\/actualidad\/la-poblacion-de-pamplona-valora-con-un-notable-alto-la-seguridad-en-la-ciudad\/#primaryimage"},"thumbnailUrl":"https:\/\/www.laguiadepamplona.com\/actualidad\/wp-content\/uploads\/2023\/05\/policia-municipal.webp","articleSection":["Ayto Pamplona"],"inLanguage":"es","potentialAction":[{"@type":"CommentAction","name":"Comment","target":["https:\/\/www.laguiadepamplona.com\/actualidad\/la-poblacion-de-pamplona-valora-con-un-notable-alto-la-seguridad-en-la-ciudad\/#respond"]}]},{"@type":"WebPage","@id":"https:\/\/www.laguiadepamplona.com\/actualidad\/la-poblacion-de-pamplona-valora-con-un-notable-alto-la-seguridad-en-la-ciudad\/","url":"https:\/\/www.laguiadepamplona.com\/actualidad\/la-poblacion-de-pamplona-valora-con-un-notable-alto-la-seguridad-en-la-ciudad\/","name":"La poblaci\u00f3n de Pamplona valora con un notable alto la seguridad en la ciudad","isPartOf":{"@id":"https:\/\/www.laguiadepamplona.com\/actualidad\/#website"},"primaryImageOfPage":{"@id":"https:\/\/www.laguiadepamplona.com\/actualidad\/la-poblacion-de-pamplona-valora-con-un-notable-alto-la-seguridad-en-la-ciudad\/#primaryimage"},"image":{"@id":"https:\/\/www.laguiadepamplona.com\/actualidad\/la-poblacion-de-pamplona-valora-con-un-notable-alto-la-seguridad-en-la-ciudad\/#primaryimage"},"thumbnailUrl":"https:\/\/www.laguiadepamplona.com\/actualidad\/wp-content\/uploads\/2023\/05\/policia-municipal.webp","datePublished":"2023-05-15T11:27:32+00:00","description":"El 80,1% de la ciudadan\u00eda est\u00e1 de acuerdo con la instalaci\u00f3n de c\u00e1maras de seguridad en la v\u00eda p\u00fablica en Pamplona.","breadcrumb":{"@id":"https:\/\/www.laguiadepamplona.com\/actualidad\/la-poblacion-de-pamplona-valora-con-un-notable-alto-la-seguridad-en-la-ciudad\/#breadcrumb"},"inLanguage":"es","potentialAction":[{"@type":"ReadAction","target":["https:\/\/www.laguiadepamplona.com\/actualidad\/la-poblacion-de-pamplona-valora-con-un-notable-alto-la-seguridad-en-la-ciudad\/"]}]},{"@type":"ImageObject","inLanguage":"es","@id":"https:\/\/www.laguiadepamplona.com\/actualidad\/la-poblacion-de-pamplona-valora-con-un-notable-alto-la-seguridad-en-la-ciudad\/#primaryimage","url":"https:\/\/www.laguiadepamplona.com\/actualidad\/wp-content\/uploads\/2023\/05\/policia-municipal.webp","contentUrl":"https:\/\/www.laguiadepamplona.com\/actualidad\/wp-content\/uploads\/2023\/05\/policia-municipal.webp","width":1920,"height":1082},{"@type":"BreadcrumbList","@id":"https:\/\/www.laguiadepamplona.com\/actualidad\/la-poblacion-de-pamplona-valora-con-un-notable-alto-la-seguridad-en-la-ciudad\/#breadcrumb","itemListElement":[{"@type":"ListItem","position":1,"name":"Portada","item":"https:\/\/www.laguiadepamplona.com\/actualidad\/"},{"@type":"ListItem","position":2,"name":"La poblaci\u00f3n de Pamplona valora con un notable alto la seguridad en la ciudad"}]},{"@type":"WebSite","@id":"https:\/\/www.laguiadepamplona.com\/actualidad\/#website","url":"https:\/\/www.laguiadepamplona.com\/actualidad\/","name":"La gu\u00eda de Pamplona","description":"Noticias de Pamplona","publisher":{"@id":"https:\/\/www.laguiadepamplona.com\/actualidad\/#organization"},"potentialAction":[{"@type":"SearchAction","target":{"@type":"EntryPoint","urlTemplate":"https:\/\/www.laguiadepamplona.com\/actualidad\/?s={search_term_string}"},"query-input":{"@type":"PropertyValueSpecification","valueRequired":true,"valueName":"search_term_string"}}],"inLanguage":"es"},{"@type":"Organization","@id":"https:\/\/www.laguiadepamplona.com\/actualidad\/#organization","name":"La Gu\u00eda de Pamplona \/ Noticias","url":"https:\/\/www.laguiadepamplona.com\/actualidad\/","logo":{"@type":"ImageObject","inLanguage":"es","@id":"https:\/\/www.laguiadepamplona.com\/actualidad\/#\/schema\/logo\/image\/","url":"https:\/\/www.laguiadepamplona.com\/actualidad\/wp-content\/uploads\/2018\/11\/logo-laguiadepamplona18-web1.png","contentUrl":"https:\/\/www.laguiadepamplona.com\/actualidad\/wp-content\/uploads\/2018\/11\/logo-laguiadepamplona18-web1.png","width":600,"height":196,"caption":"La Gu\u00eda de Pamplona \/ Noticias"},"image":{"@id":"https:\/\/www.laguiadepamplona.com\/actualidad\/#\/schema\/logo\/image\/"},"sameAs":["https:\/\/www.facebook.com\/laguiadepamplonacom-133175176762273\/?ref=hl","https:\/\/x.com\/LaGuiadPamplona","https:\/\/www.instagram.com\/la_guia_de_pamplona\/","https:\/\/www.youtube.com\/user\/laguiadepamplona"]},{"@type":"Person","@id":"https:\/\/www.laguiadepamplona.com\/actualidad\/#\/schema\/person\/efe887376f0213d4657c93adc50b1fdb","name":"La Gu\u00eda de Pamplona","image":{"@type":"ImageObject","inLanguage":"es","@id":"https:\/\/secure.gravatar.com\/avatar\/b6992f131dc8d30ab0dff15446e9d346d9dbd95992de0fef795073f5ea83a81c?s=96&d=mm&r=g","url":"https:\/\/secure.gravatar.com\/avatar\/b6992f131dc8d30ab0dff15446e9d346d9dbd95992de0fef795073f5ea83a81c?s=96&d=mm&r=g","contentUrl":"https:\/\/secure.gravatar.com\/avatar\/b6992f131dc8d30ab0dff15446e9d346d9dbd95992de0fef795073f5ea83a81c?s=96&d=mm&r=g","caption":"La Gu\u00eda de Pamplona"}}]}},"post_mailing_queue_ids":[],"_links":{"self":[{"href":"https:\/\/www.laguiadepamplona.com\/actualidad\/wp-json\/wp\/v2\/posts\/46677","targetHints":{"allow":["GET"]}}],"collection":[{"href":"https:\/\/www.laguiadepamplona.com\/actualidad\/wp-json\/wp\/v2\/posts"}],"about":[{"href":"https:\/\/www.laguiadepamplona.com\/actualidad\/wp-json\/wp\/v2\/types\/post"}],"author":[{"embeddable":true,"href":"https:\/\/www.laguiadepamplona.com\/actualidad\/wp-json\/wp\/v2\/users\/1"}],"replies":[{"embeddable":true,"href":"https:\/\/www.laguiadepamplona.com\/actualidad\/wp-json\/wp\/v2\/comments?post=46677"}],"version-history":[{"count":1,"href":"https:\/\/www.laguiadepamplona.com\/actualidad\/wp-json\/wp\/v2\/posts\/46677\/revisions"}],"predecessor-version":[{"id":46679,"href":"https:\/\/www.laguiadepamplona.com\/actualidad\/wp-json\/wp\/v2\/posts\/46677\/revisions\/46679"}],"wp:featuredmedia":[{"embeddable":true,"href":"https:\/\/www.laguiadepamplona.com\/actualidad\/wp-json\/wp\/v2\/media\/46678"}],"wp:attachment":[{"href":"https:\/\/www.laguiadepamplona.com\/actualidad\/wp-json\/wp\/v2\/media?parent=46677"}],"wp:term":[{"taxonomy":"category","embeddable":true,"href":"https:\/\/www.laguiadepamplona.com\/actualidad\/wp-json\/wp\/v2\/categories?post=46677"},{"taxonomy":"post_tag","embeddable":true,"href":"https:\/\/www.laguiadepamplona.com\/actualidad\/wp-json\/wp\/v2\/tags?post=46677"}],"curies":[{"name":"wp","href":"https:\/\/api.w.org\/{rel}","templated":true}]}}