{"id":46672,"date":"2023-05-12T13:03:29","date_gmt":"2023-05-12T11:03:29","guid":{"rendered":"https:\/\/www.laguiadepamplona.com\/actualidad\/?p=46672"},"modified":"2023-05-12T13:03:29","modified_gmt":"2023-05-12T11:03:29","slug":"el-ayuntamiento-de-pamplona-da-visibilidad-este-viernes-al-dia-internacional-de-la-enfermera-iluminando-la-fachada-en-color-azul-a-solicitud-del-colegio-de-enfermeria-de-navarra","status":"publish","type":"post","link":"https:\/\/www.laguiadepamplona.com\/actualidad\/el-ayuntamiento-de-pamplona-da-visibilidad-este-viernes-al-dia-internacional-de-la-enfermera-iluminando-la-fachada-en-color-azul-a-solicitud-del-colegio-de-enfermeria-de-navarra\/","title":{"rendered":"El Ayuntamiento de Pamplona da visibilidad este viernes al D\u00eda Internacional de la Enfermera iluminando la fachada en color azul a solicitud del Colegio de Enfermer\u00eda de Navarra"},"content":{"rendered":"<h3>El lema de la celebraci\u00f3n este a\u00f1o es \u2018Nuestras enfermeras. Nuestro futuro\u2019<\/h3>\n<p><!--more--><\/p>\n<p>El Ayuntamiento de Pamplona ilumina este viernes su fachada en color azul para dar visibilidad al D\u00eda Internacional de la Enfermera. Esta efem\u00e9ride recuerda en todo el mundo el aniversario del nacimiento de Florence Nightingale, considerada la precursora de la enfermer\u00eda profesional moderna. La iluminaci\u00f3n se realiza a solicitud del Colegio Oficial de Enfermeras de Navarra.<br \/>\n<script async src=\"\/\/pagead2.googlesyndication.com\/pagead\/js\/adsbygoogle.js\"><\/script><br \/>\n<!-- Noticias La Guia de Pamplona --><br \/>\n<ins class=\"adsbygoogle\"\nstyle=\"display:block\"\ndata-ad-client=\"ca-pub-6943679897239327\"\ndata-ad-slot=\"7048180777\"\ndata-ad-format=\"auto\"><\/ins><br \/>\n<script>\n(adsbygoogle = window.adsbygoogle || []).push({});\n<\/script><\/p>\n<p>El tema para la campa\u00f1a de este a\u00f1o es \u2018Nuestras enfermeras. Nuestro futuro\u2019, con el objetivo de abordar retos globales de salud desde el reconocimiento y la visibilizaci\u00f3n del trabajo de las enfermeras y en defensa de la inversi\u00f3n en el sector. El Consejo Internacional de Enfermer\u00eda (CIE) celebra este d\u00eda internacional desde el a\u00f1o 1965.<\/p>\n<p>El Colegio de Enfermer\u00eda de Navarra cuenta con m\u00e1s de 5.000 personas colegiadas y representa la profesi\u00f3n, buscando la protecci\u00f3n de sus derechos y deberes. El Colegio vela por un correcto ejercicio de la profesi\u00f3n de enfermer\u00eda y promueve actividades formativas para mantener al colectivo actualizado en los avances t\u00e9cnicos y sanitarios.<br \/>\n<script async src=\"\/\/pagead2.googlesyndication.com\/pagead\/js\/adsbygoogle.js\"><\/script><br \/>\n<!-- Noticias La Guia de Pamplona --><br \/>\n<ins class=\"adsbygoogle\"\nstyle=\"display:block\"\ndata-ad-client=\"ca-pub-6943679897239327\"\ndata-ad-slot=\"7048180777\"\ndata-ad-format=\"auto\"><\/ins><br \/>\n<script>\n(adsbygoogle = window.adsbygoogle || []).push({});\n<\/script><\/p>\n<p>&nbsp;<\/p>\n<h3>D\u00eda Internacional de la Enfermera<\/h3>\n<ul>\n<li>Tema de 2023: \u2018Nuestras enfermeras. Nuestro futuro\u2019<\/li>\n<li>Hashtags en redes sociales: #D\u00edaInternacionaldelaEnfermer\u00eda #DiadelaEnfermera<\/li>\n<\/ul>\n","protected":false},"excerpt":{"rendered":"<p>El lema de la celebraci\u00f3n este a\u00f1o es \u2018Nuestras enfermeras. Nuestro futuro\u2019<\/p>\n","protected":false},"author":1,"featured_media":42175,"comment_status":"open","ping_status":"closed","sticky":false,"template":"","format":"standard","meta":{"footnotes":""},"categories":[2],"tags":[],"class_list":["post-46672","post","type-post","status-publish","format-standard","has-post-thumbnail","hentry","category-ayuntamiento-pamplona"],"yoast_head":"<!-- This site is optimized with the Yoast SEO plugin v27.3 - https:\/\/yoast.com\/product\/yoast-seo-wordpress\/ -->\n<title>El Ayuntamiento de Pamplona da visibilidad este viernes al D\u00eda Internacional de la Enfermera iluminando la fachada en color azul a solicitud del Colegio de Enfermer\u00eda de Navarra<\/title>\n<meta name=\"description\" content=\"El lema de la celebraci\u00f3n este a\u00f1o es \u2018Nuestras enfermeras. Nuestro futuro\u2019. Ayuntamiento\" \/>\n<meta name=\"robots\" content=\"index, follow, max-snippet:-1, max-image-preview:large, max-video-preview:-1\" \/>\n<link rel=\"canonical\" href=\"https:\/\/www.laguiadepamplona.com\/actualidad\/el-ayuntamiento-de-pamplona-da-visibilidad-este-viernes-al-dia-internacional-de-la-enfermera-iluminando-la-fachada-en-color-azul-a-solicitud-del-colegio-de-enfermeria-de-navarra\/\" \/>\n<meta property=\"og:locale\" content=\"es_ES\" \/>\n<meta property=\"og:type\" content=\"article\" \/>\n<meta property=\"og:title\" content=\"El Ayuntamiento de Pamplona da visibilidad este viernes al D\u00eda Internacional de la Enfermera iluminando la fachada en color azul a solicitud del Colegio de Enfermer\u00eda de Navarra\" \/>\n<meta property=\"og:description\" content=\"El lema de la celebraci\u00f3n este a\u00f1o es \u2018Nuestras enfermeras. Nuestro futuro\u2019. Ayuntamiento\" \/>\n<meta property=\"og:url\" content=\"https:\/\/www.laguiadepamplona.com\/actualidad\/el-ayuntamiento-de-pamplona-da-visibilidad-este-viernes-al-dia-internacional-de-la-enfermera-iluminando-la-fachada-en-color-azul-a-solicitud-del-colegio-de-enfermeria-de-navarra\/\" \/>\n<meta property=\"og:site_name\" content=\"La Gu\u00eda de Pamplona\" \/>\n<meta property=\"article:publisher\" content=\"https:\/\/www.facebook.com\/laguiadepamplonacom-133175176762273\/?ref=hl\" \/>\n<meta property=\"article:published_time\" content=\"2023-05-12T11:03:29+00:00\" \/>\n<meta property=\"og:image\" content=\"https:\/\/www.laguiadepamplona.com\/actualidad\/wp-content\/uploads\/2022\/11\/ayto-azul_JGV8972_15.webp\" \/>\n\t<meta property=\"og:image:width\" content=\"1920\" \/>\n\t<meta property=\"og:image:height\" content=\"1280\" \/>\n\t<meta property=\"og:image:type\" content=\"image\/webp\" \/>\n<meta name=\"author\" content=\"La Gu\u00eda de Pamplona\" \/>\n<meta name=\"twitter:card\" content=\"summary_large_image\" \/>\n<meta name=\"twitter:creator\" content=\"@LaGuiadPamplona\" \/>\n<meta name=\"twitter:site\" content=\"@LaGuiadPamplona\" \/>\n<meta name=\"twitter:label1\" content=\"Escrito por\" \/>\n\t<meta name=\"twitter:data1\" content=\"La Gu\u00eda de Pamplona\" \/>\n\t<meta name=\"twitter:label2\" content=\"Tiempo de lectura\" \/>\n\t<meta name=\"twitter:data2\" content=\"1 minuto\" \/>\n<script type=\"application\/ld+json\" class=\"yoast-schema-graph\">{\"@context\":\"https:\\\/\\\/schema.org\",\"@graph\":[{\"@type\":\"Article\",\"@id\":\"https:\\\/\\\/www.laguiadepamplona.com\\\/actualidad\\\/el-ayuntamiento-de-pamplona-da-visibilidad-este-viernes-al-dia-internacional-de-la-enfermera-iluminando-la-fachada-en-color-azul-a-solicitud-del-colegio-de-enfermeria-de-navarra\\\/#article\",\"isPartOf\":{\"@id\":\"https:\\\/\\\/www.laguiadepamplona.com\\\/actualidad\\\/el-ayuntamiento-de-pamplona-da-visibilidad-este-viernes-al-dia-internacional-de-la-enfermera-iluminando-la-fachada-en-color-azul-a-solicitud-del-colegio-de-enfermeria-de-navarra\\\/\"},\"author\":{\"name\":\"La Gu\u00eda de Pamplona\",\"@id\":\"https:\\\/\\\/www.laguiadepamplona.com\\\/actualidad\\\/#\\\/schema\\\/person\\\/efe887376f0213d4657c93adc50b1fdb\"},\"headline\":\"El Ayuntamiento de Pamplona da visibilidad este viernes al D\u00eda Internacional de la Enfermera iluminando la fachada en color azul a solicitud del Colegio de Enfermer\u00eda de Navarra\",\"datePublished\":\"2023-05-12T11:03:29+00:00\",\"mainEntityOfPage\":{\"@id\":\"https:\\\/\\\/www.laguiadepamplona.com\\\/actualidad\\\/el-ayuntamiento-de-pamplona-da-visibilidad-este-viernes-al-dia-internacional-de-la-enfermera-iluminando-la-fachada-en-color-azul-a-solicitud-del-colegio-de-enfermeria-de-navarra\\\/\"},\"wordCount\":245,\"commentCount\":0,\"publisher\":{\"@id\":\"https:\\\/\\\/www.laguiadepamplona.com\\\/actualidad\\\/#organization\"},\"image\":{\"@id\":\"https:\\\/\\\/www.laguiadepamplona.com\\\/actualidad\\\/el-ayuntamiento-de-pamplona-da-visibilidad-este-viernes-al-dia-internacional-de-la-enfermera-iluminando-la-fachada-en-color-azul-a-solicitud-del-colegio-de-enfermeria-de-navarra\\\/#primaryimage\"},\"thumbnailUrl\":\"https:\\\/\\\/www.laguiadepamplona.com\\\/actualidad\\\/wp-content\\\/uploads\\\/2022\\\/11\\\/ayto-azul_JGV8972_15.webp\",\"articleSection\":[\"Ayto Pamplona\"],\"inLanguage\":\"es\",\"potentialAction\":[{\"@type\":\"CommentAction\",\"name\":\"Comment\",\"target\":[\"https:\\\/\\\/www.laguiadepamplona.com\\\/actualidad\\\/el-ayuntamiento-de-pamplona-da-visibilidad-este-viernes-al-dia-internacional-de-la-enfermera-iluminando-la-fachada-en-color-azul-a-solicitud-del-colegio-de-enfermeria-de-navarra\\\/#respond\"]}]},{\"@type\":\"WebPage\",\"@id\":\"https:\\\/\\\/www.laguiadepamplona.com\\\/actualidad\\\/el-ayuntamiento-de-pamplona-da-visibilidad-este-viernes-al-dia-internacional-de-la-enfermera-iluminando-la-fachada-en-color-azul-a-solicitud-del-colegio-de-enfermeria-de-navarra\\\/\",\"url\":\"https:\\\/\\\/www.laguiadepamplona.com\\\/actualidad\\\/el-ayuntamiento-de-pamplona-da-visibilidad-este-viernes-al-dia-internacional-de-la-enfermera-iluminando-la-fachada-en-color-azul-a-solicitud-del-colegio-de-enfermeria-de-navarra\\\/\",\"name\":\"El Ayuntamiento de Pamplona da visibilidad este viernes al D\u00eda Internacional de la Enfermera iluminando la fachada en color azul a solicitud del Colegio de Enfermer\u00eda de Navarra\",\"isPartOf\":{\"@id\":\"https:\\\/\\\/www.laguiadepamplona.com\\\/actualidad\\\/#website\"},\"primaryImageOfPage\":{\"@id\":\"https:\\\/\\\/www.laguiadepamplona.com\\\/actualidad\\\/el-ayuntamiento-de-pamplona-da-visibilidad-este-viernes-al-dia-internacional-de-la-enfermera-iluminando-la-fachada-en-color-azul-a-solicitud-del-colegio-de-enfermeria-de-navarra\\\/#primaryimage\"},\"image\":{\"@id\":\"https:\\\/\\\/www.laguiadepamplona.com\\\/actualidad\\\/el-ayuntamiento-de-pamplona-da-visibilidad-este-viernes-al-dia-internacional-de-la-enfermera-iluminando-la-fachada-en-color-azul-a-solicitud-del-colegio-de-enfermeria-de-navarra\\\/#primaryimage\"},\"thumbnailUrl\":\"https:\\\/\\\/www.laguiadepamplona.com\\\/actualidad\\\/wp-content\\\/uploads\\\/2022\\\/11\\\/ayto-azul_JGV8972_15.webp\",\"datePublished\":\"2023-05-12T11:03:29+00:00\",\"description\":\"El lema de la celebraci\u00f3n este a\u00f1o es \u2018Nuestras enfermeras. Nuestro futuro\u2019. Ayuntamiento\",\"breadcrumb\":{\"@id\":\"https:\\\/\\\/www.laguiadepamplona.com\\\/actualidad\\\/el-ayuntamiento-de-pamplona-da-visibilidad-este-viernes-al-dia-internacional-de-la-enfermera-iluminando-la-fachada-en-color-azul-a-solicitud-del-colegio-de-enfermeria-de-navarra\\\/#breadcrumb\"},\"inLanguage\":\"es\",\"potentialAction\":[{\"@type\":\"ReadAction\",\"target\":[\"https:\\\/\\\/www.laguiadepamplona.com\\\/actualidad\\\/el-ayuntamiento-de-pamplona-da-visibilidad-este-viernes-al-dia-internacional-de-la-enfermera-iluminando-la-fachada-en-color-azul-a-solicitud-del-colegio-de-enfermeria-de-navarra\\\/\"]}]},{\"@type\":\"ImageObject\",\"inLanguage\":\"es\",\"@id\":\"https:\\\/\\\/www.laguiadepamplona.com\\\/actualidad\\\/el-ayuntamiento-de-pamplona-da-visibilidad-este-viernes-al-dia-internacional-de-la-enfermera-iluminando-la-fachada-en-color-azul-a-solicitud-del-colegio-de-enfermeria-de-navarra\\\/#primaryimage\",\"url\":\"https:\\\/\\\/www.laguiadepamplona.com\\\/actualidad\\\/wp-content\\\/uploads\\\/2022\\\/11\\\/ayto-azul_JGV8972_15.webp\",\"contentUrl\":\"https:\\\/\\\/www.laguiadepamplona.com\\\/actualidad\\\/wp-content\\\/uploads\\\/2022\\\/11\\\/ayto-azul_JGV8972_15.webp\",\"width\":1920,\"height\":1280,\"caption\":\"ayuntamiento azul\"},{\"@type\":\"BreadcrumbList\",\"@id\":\"https:\\\/\\\/www.laguiadepamplona.com\\\/actualidad\\\/el-ayuntamiento-de-pamplona-da-visibilidad-este-viernes-al-dia-internacional-de-la-enfermera-iluminando-la-fachada-en-color-azul-a-solicitud-del-colegio-de-enfermeria-de-navarra\\\/#breadcrumb\",\"itemListElement\":[{\"@type\":\"ListItem\",\"position\":1,\"name\":\"Portada\",\"item\":\"https:\\\/\\\/www.laguiadepamplona.com\\\/actualidad\\\/\"},{\"@type\":\"ListItem\",\"position\":2,\"name\":\"El Ayuntamiento de Pamplona da visibilidad este viernes al D\u00eda Internacional de la Enfermera iluminando la fachada en color azul a solicitud del Colegio de Enfermer\u00eda de Navarra\"}]},{\"@type\":\"WebSite\",\"@id\":\"https:\\\/\\\/www.laguiadepamplona.com\\\/actualidad\\\/#website\",\"url\":\"https:\\\/\\\/www.laguiadepamplona.com\\\/actualidad\\\/\",\"name\":\"La gu\u00eda de Pamplona\",\"description\":\"Noticias de Pamplona\",\"publisher\":{\"@id\":\"https:\\\/\\\/www.laguiadepamplona.com\\\/actualidad\\\/#organization\"},\"potentialAction\":[{\"@type\":\"SearchAction\",\"target\":{\"@type\":\"EntryPoint\",\"urlTemplate\":\"https:\\\/\\\/www.laguiadepamplona.com\\\/actualidad\\\/?s={search_term_string}\"},\"query-input\":{\"@type\":\"PropertyValueSpecification\",\"valueRequired\":true,\"valueName\":\"search_term_string\"}}],\"inLanguage\":\"es\"},{\"@type\":\"Organization\",\"@id\":\"https:\\\/\\\/www.laguiadepamplona.com\\\/actualidad\\\/#organization\",\"name\":\"La Gu\u00eda de Pamplona \\\/ Noticias\",\"url\":\"https:\\\/\\\/www.laguiadepamplona.com\\\/actualidad\\\/\",\"logo\":{\"@type\":\"ImageObject\",\"inLanguage\":\"es\",\"@id\":\"https:\\\/\\\/www.laguiadepamplona.com\\\/actualidad\\\/#\\\/schema\\\/logo\\\/image\\\/\",\"url\":\"https:\\\/\\\/www.laguiadepamplona.com\\\/actualidad\\\/wp-content\\\/uploads\\\/2018\\\/11\\\/logo-laguiadepamplona18-web1.png\",\"contentUrl\":\"https:\\\/\\\/www.laguiadepamplona.com\\\/actualidad\\\/wp-content\\\/uploads\\\/2018\\\/11\\\/logo-laguiadepamplona18-web1.png\",\"width\":600,\"height\":196,\"caption\":\"La Gu\u00eda de Pamplona \\\/ Noticias\"},\"image\":{\"@id\":\"https:\\\/\\\/www.laguiadepamplona.com\\\/actualidad\\\/#\\\/schema\\\/logo\\\/image\\\/\"},\"sameAs\":[\"https:\\\/\\\/www.facebook.com\\\/laguiadepamplonacom-133175176762273\\\/?ref=hl\",\"https:\\\/\\\/x.com\\\/LaGuiadPamplona\",\"https:\\\/\\\/www.instagram.com\\\/la_guia_de_pamplona\\\/\",\"https:\\\/\\\/www.youtube.com\\\/user\\\/laguiadepamplona\"]},{\"@type\":\"Person\",\"@id\":\"https:\\\/\\\/www.laguiadepamplona.com\\\/actualidad\\\/#\\\/schema\\\/person\\\/efe887376f0213d4657c93adc50b1fdb\",\"name\":\"La Gu\u00eda de Pamplona\",\"image\":{\"@type\":\"ImageObject\",\"inLanguage\":\"es\",\"@id\":\"https:\\\/\\\/secure.gravatar.com\\\/avatar\\\/b6992f131dc8d30ab0dff15446e9d346d9dbd95992de0fef795073f5ea83a81c?s=96&d=mm&r=g\",\"url\":\"https:\\\/\\\/secure.gravatar.com\\\/avatar\\\/b6992f131dc8d30ab0dff15446e9d346d9dbd95992de0fef795073f5ea83a81c?s=96&d=mm&r=g\",\"contentUrl\":\"https:\\\/\\\/secure.gravatar.com\\\/avatar\\\/b6992f131dc8d30ab0dff15446e9d346d9dbd95992de0fef795073f5ea83a81c?s=96&d=mm&r=g\",\"caption\":\"La Gu\u00eda de Pamplona\"}}]}<\/script>\n<!-- \/ Yoast SEO plugin. -->","yoast_head_json":{"title":"El Ayuntamiento de Pamplona da visibilidad este viernes al D\u00eda Internacional de la Enfermera iluminando la fachada en color azul a solicitud del Colegio de Enfermer\u00eda de Navarra","description":"El lema de la celebraci\u00f3n este a\u00f1o es \u2018Nuestras enfermeras. Nuestro futuro\u2019. Ayuntamiento","robots":{"index":"index","follow":"follow","max-snippet":"max-snippet:-1","max-image-preview":"max-image-preview:large","max-video-preview":"max-video-preview:-1"},"canonical":"https:\/\/www.laguiadepamplona.com\/actualidad\/el-ayuntamiento-de-pamplona-da-visibilidad-este-viernes-al-dia-internacional-de-la-enfermera-iluminando-la-fachada-en-color-azul-a-solicitud-del-colegio-de-enfermeria-de-navarra\/","og_locale":"es_ES","og_type":"article","og_title":"El Ayuntamiento de Pamplona da visibilidad este viernes al D\u00eda Internacional de la Enfermera iluminando la fachada en color azul a solicitud del Colegio de Enfermer\u00eda de Navarra","og_description":"El lema de la celebraci\u00f3n este a\u00f1o es \u2018Nuestras enfermeras. Nuestro futuro\u2019. Ayuntamiento","og_url":"https:\/\/www.laguiadepamplona.com\/actualidad\/el-ayuntamiento-de-pamplona-da-visibilidad-este-viernes-al-dia-internacional-de-la-enfermera-iluminando-la-fachada-en-color-azul-a-solicitud-del-colegio-de-enfermeria-de-navarra\/","og_site_name":"La Gu\u00eda de Pamplona","article_publisher":"https:\/\/www.facebook.com\/laguiadepamplonacom-133175176762273\/?ref=hl","article_published_time":"2023-05-12T11:03:29+00:00","og_image":[{"width":1920,"height":1280,"url":"https:\/\/www.laguiadepamplona.com\/actualidad\/wp-content\/uploads\/2022\/11\/ayto-azul_JGV8972_15.webp","type":"image\/webp"}],"author":"La Gu\u00eda de Pamplona","twitter_card":"summary_large_image","twitter_creator":"@LaGuiadPamplona","twitter_site":"@LaGuiadPamplona","twitter_misc":{"Escrito por":"La Gu\u00eda de Pamplona","Tiempo de lectura":"1 minuto"},"schema":{"@context":"https:\/\/schema.org","@graph":[{"@type":"Article","@id":"https:\/\/www.laguiadepamplona.com\/actualidad\/el-ayuntamiento-de-pamplona-da-visibilidad-este-viernes-al-dia-internacional-de-la-enfermera-iluminando-la-fachada-en-color-azul-a-solicitud-del-colegio-de-enfermeria-de-navarra\/#article","isPartOf":{"@id":"https:\/\/www.laguiadepamplona.com\/actualidad\/el-ayuntamiento-de-pamplona-da-visibilidad-este-viernes-al-dia-internacional-de-la-enfermera-iluminando-la-fachada-en-color-azul-a-solicitud-del-colegio-de-enfermeria-de-navarra\/"},"author":{"name":"La Gu\u00eda de Pamplona","@id":"https:\/\/www.laguiadepamplona.com\/actualidad\/#\/schema\/person\/efe887376f0213d4657c93adc50b1fdb"},"headline":"El Ayuntamiento de Pamplona da visibilidad este viernes al D\u00eda Internacional de la Enfermera iluminando la fachada en color azul a solicitud del Colegio de Enfermer\u00eda de Navarra","datePublished":"2023-05-12T11:03:29+00:00","mainEntityOfPage":{"@id":"https:\/\/www.laguiadepamplona.com\/actualidad\/el-ayuntamiento-de-pamplona-da-visibilidad-este-viernes-al-dia-internacional-de-la-enfermera-iluminando-la-fachada-en-color-azul-a-solicitud-del-colegio-de-enfermeria-de-navarra\/"},"wordCount":245,"commentCount":0,"publisher":{"@id":"https:\/\/www.laguiadepamplona.com\/actualidad\/#organization"},"image":{"@id":"https:\/\/www.laguiadepamplona.com\/actualidad\/el-ayuntamiento-de-pamplona-da-visibilidad-este-viernes-al-dia-internacional-de-la-enfermera-iluminando-la-fachada-en-color-azul-a-solicitud-del-colegio-de-enfermeria-de-navarra\/#primaryimage"},"thumbnailUrl":"https:\/\/www.laguiadepamplona.com\/actualidad\/wp-content\/uploads\/2022\/11\/ayto-azul_JGV8972_15.webp","articleSection":["Ayto Pamplona"],"inLanguage":"es","potentialAction":[{"@type":"CommentAction","name":"Comment","target":["https:\/\/www.laguiadepamplona.com\/actualidad\/el-ayuntamiento-de-pamplona-da-visibilidad-este-viernes-al-dia-internacional-de-la-enfermera-iluminando-la-fachada-en-color-azul-a-solicitud-del-colegio-de-enfermeria-de-navarra\/#respond"]}]},{"@type":"WebPage","@id":"https:\/\/www.laguiadepamplona.com\/actualidad\/el-ayuntamiento-de-pamplona-da-visibilidad-este-viernes-al-dia-internacional-de-la-enfermera-iluminando-la-fachada-en-color-azul-a-solicitud-del-colegio-de-enfermeria-de-navarra\/","url":"https:\/\/www.laguiadepamplona.com\/actualidad\/el-ayuntamiento-de-pamplona-da-visibilidad-este-viernes-al-dia-internacional-de-la-enfermera-iluminando-la-fachada-en-color-azul-a-solicitud-del-colegio-de-enfermeria-de-navarra\/","name":"El Ayuntamiento de Pamplona da visibilidad este viernes al D\u00eda Internacional de la Enfermera iluminando la fachada en color azul a solicitud del Colegio de Enfermer\u00eda de Navarra","isPartOf":{"@id":"https:\/\/www.laguiadepamplona.com\/actualidad\/#website"},"primaryImageOfPage":{"@id":"https:\/\/www.laguiadepamplona.com\/actualidad\/el-ayuntamiento-de-pamplona-da-visibilidad-este-viernes-al-dia-internacional-de-la-enfermera-iluminando-la-fachada-en-color-azul-a-solicitud-del-colegio-de-enfermeria-de-navarra\/#primaryimage"},"image":{"@id":"https:\/\/www.laguiadepamplona.com\/actualidad\/el-ayuntamiento-de-pamplona-da-visibilidad-este-viernes-al-dia-internacional-de-la-enfermera-iluminando-la-fachada-en-color-azul-a-solicitud-del-colegio-de-enfermeria-de-navarra\/#primaryimage"},"thumbnailUrl":"https:\/\/www.laguiadepamplona.com\/actualidad\/wp-content\/uploads\/2022\/11\/ayto-azul_JGV8972_15.webp","datePublished":"2023-05-12T11:03:29+00:00","description":"El lema de la celebraci\u00f3n este a\u00f1o es \u2018Nuestras enfermeras. Nuestro futuro\u2019. Ayuntamiento","breadcrumb":{"@id":"https:\/\/www.laguiadepamplona.com\/actualidad\/el-ayuntamiento-de-pamplona-da-visibilidad-este-viernes-al-dia-internacional-de-la-enfermera-iluminando-la-fachada-en-color-azul-a-solicitud-del-colegio-de-enfermeria-de-navarra\/#breadcrumb"},"inLanguage":"es","potentialAction":[{"@type":"ReadAction","target":["https:\/\/www.laguiadepamplona.com\/actualidad\/el-ayuntamiento-de-pamplona-da-visibilidad-este-viernes-al-dia-internacional-de-la-enfermera-iluminando-la-fachada-en-color-azul-a-solicitud-del-colegio-de-enfermeria-de-navarra\/"]}]},{"@type":"ImageObject","inLanguage":"es","@id":"https:\/\/www.laguiadepamplona.com\/actualidad\/el-ayuntamiento-de-pamplona-da-visibilidad-este-viernes-al-dia-internacional-de-la-enfermera-iluminando-la-fachada-en-color-azul-a-solicitud-del-colegio-de-enfermeria-de-navarra\/#primaryimage","url":"https:\/\/www.laguiadepamplona.com\/actualidad\/wp-content\/uploads\/2022\/11\/ayto-azul_JGV8972_15.webp","contentUrl":"https:\/\/www.laguiadepamplona.com\/actualidad\/wp-content\/uploads\/2022\/11\/ayto-azul_JGV8972_15.webp","width":1920,"height":1280,"caption":"ayuntamiento azul"},{"@type":"BreadcrumbList","@id":"https:\/\/www.laguiadepamplona.com\/actualidad\/el-ayuntamiento-de-pamplona-da-visibilidad-este-viernes-al-dia-internacional-de-la-enfermera-iluminando-la-fachada-en-color-azul-a-solicitud-del-colegio-de-enfermeria-de-navarra\/#breadcrumb","itemListElement":[{"@type":"ListItem","position":1,"name":"Portada","item":"https:\/\/www.laguiadepamplona.com\/actualidad\/"},{"@type":"ListItem","position":2,"name":"El Ayuntamiento de Pamplona da visibilidad este viernes al D\u00eda Internacional de la Enfermera iluminando la fachada en color azul a solicitud del Colegio de Enfermer\u00eda de Navarra"}]},{"@type":"WebSite","@id":"https:\/\/www.laguiadepamplona.com\/actualidad\/#website","url":"https:\/\/www.laguiadepamplona.com\/actualidad\/","name":"La gu\u00eda de Pamplona","description":"Noticias de Pamplona","publisher":{"@id":"https:\/\/www.laguiadepamplona.com\/actualidad\/#organization"},"potentialAction":[{"@type":"SearchAction","target":{"@type":"EntryPoint","urlTemplate":"https:\/\/www.laguiadepamplona.com\/actualidad\/?s={search_term_string}"},"query-input":{"@type":"PropertyValueSpecification","valueRequired":true,"valueName":"search_term_string"}}],"inLanguage":"es"},{"@type":"Organization","@id":"https:\/\/www.laguiadepamplona.com\/actualidad\/#organization","name":"La Gu\u00eda de Pamplona \/ Noticias","url":"https:\/\/www.laguiadepamplona.com\/actualidad\/","logo":{"@type":"ImageObject","inLanguage":"es","@id":"https:\/\/www.laguiadepamplona.com\/actualidad\/#\/schema\/logo\/image\/","url":"https:\/\/www.laguiadepamplona.com\/actualidad\/wp-content\/uploads\/2018\/11\/logo-laguiadepamplona18-web1.png","contentUrl":"https:\/\/www.laguiadepamplona.com\/actualidad\/wp-content\/uploads\/2018\/11\/logo-laguiadepamplona18-web1.png","width":600,"height":196,"caption":"La Gu\u00eda de Pamplona \/ Noticias"},"image":{"@id":"https:\/\/www.laguiadepamplona.com\/actualidad\/#\/schema\/logo\/image\/"},"sameAs":["https:\/\/www.facebook.com\/laguiadepamplonacom-133175176762273\/?ref=hl","https:\/\/x.com\/LaGuiadPamplona","https:\/\/www.instagram.com\/la_guia_de_pamplona\/","https:\/\/www.youtube.com\/user\/laguiadepamplona"]},{"@type":"Person","@id":"https:\/\/www.laguiadepamplona.com\/actualidad\/#\/schema\/person\/efe887376f0213d4657c93adc50b1fdb","name":"La Gu\u00eda de Pamplona","image":{"@type":"ImageObject","inLanguage":"es","@id":"https:\/\/secure.gravatar.com\/avatar\/b6992f131dc8d30ab0dff15446e9d346d9dbd95992de0fef795073f5ea83a81c?s=96&d=mm&r=g","url":"https:\/\/secure.gravatar.com\/avatar\/b6992f131dc8d30ab0dff15446e9d346d9dbd95992de0fef795073f5ea83a81c?s=96&d=mm&r=g","contentUrl":"https:\/\/secure.gravatar.com\/avatar\/b6992f131dc8d30ab0dff15446e9d346d9dbd95992de0fef795073f5ea83a81c?s=96&d=mm&r=g","caption":"La Gu\u00eda de Pamplona"}}]}},"post_mailing_queue_ids":[],"_links":{"self":[{"href":"https:\/\/www.laguiadepamplona.com\/actualidad\/wp-json\/wp\/v2\/posts\/46672","targetHints":{"allow":["GET"]}}],"collection":[{"href":"https:\/\/www.laguiadepamplona.com\/actualidad\/wp-json\/wp\/v2\/posts"}],"about":[{"href":"https:\/\/www.laguiadepamplona.com\/actualidad\/wp-json\/wp\/v2\/types\/post"}],"author":[{"embeddable":true,"href":"https:\/\/www.laguiadepamplona.com\/actualidad\/wp-json\/wp\/v2\/users\/1"}],"replies":[{"embeddable":true,"href":"https:\/\/www.laguiadepamplona.com\/actualidad\/wp-json\/wp\/v2\/comments?post=46672"}],"version-history":[{"count":1,"href":"https:\/\/www.laguiadepamplona.com\/actualidad\/wp-json\/wp\/v2\/posts\/46672\/revisions"}],"predecessor-version":[{"id":46673,"href":"https:\/\/www.laguiadepamplona.com\/actualidad\/wp-json\/wp\/v2\/posts\/46672\/revisions\/46673"}],"wp:featuredmedia":[{"embeddable":true,"href":"https:\/\/www.laguiadepamplona.com\/actualidad\/wp-json\/wp\/v2\/media\/42175"}],"wp:attachment":[{"href":"https:\/\/www.laguiadepamplona.com\/actualidad\/wp-json\/wp\/v2\/media?parent=46672"}],"wp:term":[{"taxonomy":"category","embeddable":true,"href":"https:\/\/www.laguiadepamplona.com\/actualidad\/wp-json\/wp\/v2\/categories?post=46672"},{"taxonomy":"post_tag","embeddable":true,"href":"https:\/\/www.laguiadepamplona.com\/actualidad\/wp-json\/wp\/v2\/tags?post=46672"}],"curies":[{"name":"wp","href":"https:\/\/api.w.org\/{rel}","templated":true}]}}