{"id":46669,"date":"2023-05-12T13:01:42","date_gmt":"2023-05-12T11:01:42","guid":{"rendered":"https:\/\/www.laguiadepamplona.com\/actualidad\/?p=46669"},"modified":"2023-05-12T13:01:42","modified_gmt":"2023-05-12T11:01:42","slug":"pamplona-completa-una-segunda-masa-arborea-de-nueva-creacion-el-bosque-olimpico-entre-mendillorri-y-lezkairu-con-mas-de-1-000-ejemplares-de-especies-autoctonas","status":"publish","type":"post","link":"https:\/\/www.laguiadepamplona.com\/actualidad\/pamplona-completa-una-segunda-masa-arborea-de-nueva-creacion-el-bosque-olimpico-entre-mendillorri-y-lezkairu-con-mas-de-1-000-ejemplares-de-especies-autoctonas\/","title":{"rendered":"Pamplona completa una segunda masa arb\u00f3rea de nueva creaci\u00f3n: el bosque \u201cOl\u00edmpico\u201d entre Mendillorri y Lezkairu con m\u00e1s de 1.000 ejemplares de especies aut\u00f3ctonas"},"content":{"rendered":"<h3>Es una acci\u00f3n de compensaci\u00f3n de huella de carbono que se enmarca en Go Green Pamplona y en el compromiso suscrito en los JJOO de Tokio<\/h3>\n<p><!--more--><\/p>\n<p>Pamplona ha terminado de plantar su \u201cBosque ol\u00edmpico\u201d una acci\u00f3n de compensaci\u00f3n de huella de carbono que se enmarca en <em>Go Green<\/em>, la estrategia de la ciudad frente al cambio clim\u00e1tico y que proviene de la primera convocatoria de la Federaci\u00f3n Espa\u00f1ola de Municipios y Provincias, Banco Santander y el Comit\u00e9 Ol\u00edmpico Espa\u00f1ol (COE). Ambas entidades se comprometieron a realizar acciones de compensaci\u00f3n durante los JJOO de Tokio. Las emisiones de CO2 que absorban dichos bosques ir\u00e1n en parte para compensar la huella de carbono generada por la delegaci\u00f3n espa\u00f1ola en esa competici\u00f3n.<br \/>\n<script async src=\"\/\/pagead2.googlesyndication.com\/pagead\/js\/adsbygoogle.js\"><\/script><br \/>\n<!-- Noticias La Guia de Pamplona --><br \/>\n<ins class=\"adsbygoogle\"\nstyle=\"display:block\"\ndata-ad-client=\"ca-pub-6943679897239327\"\ndata-ad-slot=\"7048180777\"\ndata-ad-format=\"auto\"><\/ins><br \/>\n<script>\n(adsbygoogle = window.adsbygoogle || []).push({});\n<\/script><\/p>\n<p>Es una propuesta de reforestaci\u00f3n de t\u00e9rminos municipales para la que fueron seleccionadas Pamplona, Camponaraya (Le\u00f3n), Onda (Castell\u00f3n), Rivas-Vaciamadrid (Madrid) y Las Palmas de Gran Canaria (Gran Canaria). Es, adem\u00e1s, una forma de concienciaci\u00f3n de la ciudadan\u00eda general sobre el cambio clim\u00e1tico y la necesidad de compensar la huella de carbono generada por las actividades en general de la sociedad y en particular del mundo del deporte. La iniciativa cumple con la transversalizaci\u00f3n de los Objetivos de Desarrollo Sostenible a trav\u00e9s de \u00e1reas como el deporte local, la protecci\u00f3n de la biodiversidad, la creaci\u00f3n de espacios que potencien la infraestructura verde y los espacios de encuentro intergeneracional.<\/p>\n<p>El Bosque Ol\u00edmpico de Pamplona est\u00e1 situado en una parcela ubicada entre los barrios de Lezkairu y Mendillorri, e incluye m\u00e1s de 1.000 ejemplares de especies aut\u00f3ctonas de \u00e1rboles o arbustos como roble, encina, arce menor, almez, pino, cornejo, espino o enebro. Esta nueva plantaci\u00f3n compensar\u00e1 185,50 toneladas de CO2. El Ayuntamiento se compromete al mantenimiento los 5 a\u00f1os que incluye la sustituci\u00f3n de marras y a mantener durante 30 a\u00f1os la plantaci\u00f3n. La elecci\u00f3n de la ubicaci\u00f3n mejorar\u00e1 el uso de este trayecto peatonal entre el barrio de Lezkairu y Mendillorri en los d\u00edas de m\u00e1s calor gracias a la sombra que crear\u00e1 este bosque. El bosque ol\u00edmpico es el segundo bosque que Pamplona culmina este a\u00f1o, tras el de absorci\u00f3n del pol\u00edgono de Agustinos.<br \/>\n<script async src=\"\/\/pagead2.googlesyndication.com\/pagead\/js\/adsbygoogle.js\"><\/script><br \/>\n<!-- Noticias La Guia de Pamplona --><br \/>\n<ins class=\"adsbygoogle\"\nstyle=\"display:block\"\ndata-ad-client=\"ca-pub-6943679897239327\"\ndata-ad-slot=\"7048180777\"\ndata-ad-format=\"auto\"><\/ins><br \/>\n<script>\n(adsbygoogle = window.adsbygoogle || []).push({});\n<\/script><\/p>\n<p><strong>Preparando el riego por goteo<\/strong><\/p>\n<p>La masa verde que se va a ir desarrollando es un marco de plantaci\u00f3n de alta densidad, 3&#215;3 metros, que combina \u00e1rboles y arbustos, haciendo bosquetes en los distintos espacios generados por el camino en zig-zag. Para ello se ha utilizado una zona no ajardinada cercana a la ronda, ya que en el desmonte con pendiente m\u00e1s acusada aparecen margas, un suelo en el que no es aconsejable la plantaci\u00f3n.<\/p>\n<p>Ahora el Ayuntamiento trabaja en el dise\u00f1o de la instalaci\u00f3n de riego por goteo para todas las plantas, y evitar en lo posible las marras en los primeros a\u00f1os de la plantaci\u00f3n. Esta instalaci\u00f3n la va a ejecutar la Escuela Taller de Jardiner\u00eda bajo la instrucci\u00f3n del Servicio de Zonas Verdes del Consistorio. Mientras el Tajo del R\u00edos de Empleo Social est\u00e1 llevando a cabo las labores quincenales de riego con manguera que este a\u00f1o se han adelantado mucho por la escasa precipitaci\u00f3n en primavera.<\/p>\n<p>La elecci\u00f3n de esta parcela obedece a la necesidad de mejorar las condiciones t\u00e9rmicas del sendero peatonal que une el desnivel existente entre Lezkairu y Mendillorri y estos, a su vez, con el parque de Mugartea en el vecino municipio Valle de Aranguren. Adem\u00e1s, mejora el acceso a la parte perimetral este del barrio de Mendillorri, paralelo a la ronda, donde se crear\u00e1 una pantalla vegetal. La reforestaci\u00f3n recupera la zona para que la ciudadan\u00eda se anime a transitar por ella y se desplace de forma m\u00e1s sostenible, evitando el transporte motorizado, especialmente en verano.<br \/>\n<script async src=\"\/\/pagead2.googlesyndication.com\/pagead\/js\/adsbygoogle.js\"><\/script><br \/>\n<!-- Noticias La Guia de Pamplona --><br \/>\n<ins class=\"adsbygoogle\"\nstyle=\"display:block\"\ndata-ad-client=\"ca-pub-6943679897239327\"\ndata-ad-slot=\"7048180777\"\ndata-ad-format=\"auto\"><\/ins><br \/>\n<script>\n(adsbygoogle = window.adsbygoogle || []).push({});\n<\/script><\/p>\n<p><strong>Un programa de reforestaci\u00f3n de la Uni\u00f3n Europea<\/strong><\/p>\n<p>Los bosques plantados en las cinco localidades espa\u00f1olas tambi\u00e9n se incluir\u00e1n en el proyecto MapMyTree de la Uni\u00f3n Europea. Los bosques y otras tierras boscosas cubren aproximadamente el 40% de la superficie terrestre de la Uni\u00f3n Europea, aunque est\u00e1n sometidos a una presi\u00f3n cada vez mayor ya, que ha habido un aumento dr\u00e1stico en la cantidad de \u00e1rea forestal talada, lo que ha tenido un efecto negativo sobre la biodiversidad y los sumideros de carbono. <a href=\"https:\/\/forest.eea.europa.eu\/3-billion-trees\/introduction\" target=\"_blank\" rel=\"noopener\">MapMyTree<\/a> es el nombre de una herramienta tecnol\u00f3gica al servicio de una iniciativa internacional, dentro del Pacto Verde Europeo y la Estrategia de Biodiversidad de la UE para 2030, se ha comprometido a plantar al menos 3 000 millones de \u00e1rboles en la UE para el a\u00f1o 2030. La propuesta pretende aumentar la superficie forestal y la resiliencia de la Uni\u00f3n Europea, mejorando la biodiversidad y ayudando a mitigar y adaptarse al cambio clim\u00e1tico.<\/p>\n<p>La plantaci\u00f3n se ha llevado a cabo en el primer trimestre del a\u00f1o 2023 y se realizar\u00e1 un acto oficial de inauguraci\u00f3n de cada Bosque Ol\u00edmpico Espa\u00f1ol, patrocinado por Banco Santander, que se identificar\u00e1 con una placa conmemorativa con la asistencia de FEMP, Banco Santander, EULEN y Comit\u00e9 Ol\u00edmpico Espa\u00f1ol junto con la Alcald\u00eda del ayuntamiento ganador. La colocaci\u00f3n del cartel informativo coincidir\u00e1 con la visita del COE a la parcela, que se ha pospuesto por el periodo electoral actual<\/p>\n","protected":false},"excerpt":{"rendered":"<p>Es una acci\u00f3n de compensaci\u00f3n de huella de carbono que se enmarca en Go Green Pamplona y en el compromiso suscrito en los JJOO de Tokio<\/p>\n","protected":false},"author":1,"featured_media":46670,"comment_status":"open","ping_status":"closed","sticky":false,"template":"","format":"standard","meta":{"footnotes":""},"categories":[2],"tags":[],"class_list":["post-46669","post","type-post","status-publish","format-standard","has-post-thumbnail","hentry","category-ayuntamiento-pamplona"],"yoast_head":"<!-- This site is optimized with the Yoast SEO plugin v27.3 - https:\/\/yoast.com\/product\/yoast-seo-wordpress\/ -->\n<title>Pamplona completa una segunda masa arb\u00f3rea de nueva creaci\u00f3n: el bosque \u201cOl\u00edmpico\u201d entre Mendillorri y Lezkairu con m\u00e1s de 1.000 ejemplares de especies aut\u00f3ctonas<\/title>\n<meta name=\"description\" content=\"Es una acci\u00f3n de compensaci\u00f3n de huella de carbono que se enmarca en Go Green Pamplona y en el compromiso suscrito en los JJOO de Tokio\" \/>\n<meta name=\"robots\" content=\"index, follow, max-snippet:-1, max-image-preview:large, max-video-preview:-1\" \/>\n<link rel=\"canonical\" href=\"https:\/\/www.laguiadepamplona.com\/actualidad\/pamplona-completa-una-segunda-masa-arborea-de-nueva-creacion-el-bosque-olimpico-entre-mendillorri-y-lezkairu-con-mas-de-1-000-ejemplares-de-especies-autoctonas\/\" \/>\n<meta property=\"og:locale\" content=\"es_ES\" \/>\n<meta property=\"og:type\" content=\"article\" \/>\n<meta property=\"og:title\" content=\"Pamplona completa una segunda masa arb\u00f3rea de nueva creaci\u00f3n: el bosque \u201cOl\u00edmpico\u201d entre Mendillorri y Lezkairu con m\u00e1s de 1.000 ejemplares de especies aut\u00f3ctonas\" \/>\n<meta property=\"og:description\" content=\"Es una acci\u00f3n de compensaci\u00f3n de huella de carbono que se enmarca en Go Green Pamplona y en el compromiso suscrito en los JJOO de Tokio\" \/>\n<meta property=\"og:url\" content=\"https:\/\/www.laguiadepamplona.com\/actualidad\/pamplona-completa-una-segunda-masa-arborea-de-nueva-creacion-el-bosque-olimpico-entre-mendillorri-y-lezkairu-con-mas-de-1-000-ejemplares-de-especies-autoctonas\/\" \/>\n<meta property=\"og:site_name\" content=\"La Gu\u00eda de Pamplona\" \/>\n<meta property=\"article:publisher\" content=\"https:\/\/www.facebook.com\/laguiadepamplonacom-133175176762273\/?ref=hl\" \/>\n<meta property=\"article:published_time\" content=\"2023-05-12T11:01:42+00:00\" \/>\n<meta property=\"og:image\" content=\"https:\/\/www.laguiadepamplona.com\/actualidad\/wp-content\/uploads\/2023\/05\/plantacion.webp\" \/>\n\t<meta property=\"og:image:width\" content=\"1749\" \/>\n\t<meta property=\"og:image:height\" content=\"997\" \/>\n\t<meta property=\"og:image:type\" content=\"image\/webp\" \/>\n<meta name=\"author\" content=\"La Gu\u00eda de Pamplona\" \/>\n<meta name=\"twitter:card\" content=\"summary_large_image\" \/>\n<meta name=\"twitter:creator\" content=\"@LaGuiadPamplona\" \/>\n<meta name=\"twitter:site\" content=\"@LaGuiadPamplona\" \/>\n<meta name=\"twitter:label1\" content=\"Escrito por\" \/>\n\t<meta name=\"twitter:data1\" content=\"La Gu\u00eda de Pamplona\" \/>\n\t<meta name=\"twitter:label2\" content=\"Tiempo de lectura\" \/>\n\t<meta name=\"twitter:data2\" content=\"4 minutos\" \/>\n<script type=\"application\/ld+json\" class=\"yoast-schema-graph\">{\"@context\":\"https:\\\/\\\/schema.org\",\"@graph\":[{\"@type\":\"Article\",\"@id\":\"https:\\\/\\\/www.laguiadepamplona.com\\\/actualidad\\\/pamplona-completa-una-segunda-masa-arborea-de-nueva-creacion-el-bosque-olimpico-entre-mendillorri-y-lezkairu-con-mas-de-1-000-ejemplares-de-especies-autoctonas\\\/#article\",\"isPartOf\":{\"@id\":\"https:\\\/\\\/www.laguiadepamplona.com\\\/actualidad\\\/pamplona-completa-una-segunda-masa-arborea-de-nueva-creacion-el-bosque-olimpico-entre-mendillorri-y-lezkairu-con-mas-de-1-000-ejemplares-de-especies-autoctonas\\\/\"},\"author\":{\"name\":\"La Gu\u00eda de Pamplona\",\"@id\":\"https:\\\/\\\/www.laguiadepamplona.com\\\/actualidad\\\/#\\\/schema\\\/person\\\/efe887376f0213d4657c93adc50b1fdb\"},\"headline\":\"Pamplona completa una segunda masa arb\u00f3rea de nueva creaci\u00f3n: el bosque \u201cOl\u00edmpico\u201d entre Mendillorri y Lezkairu con m\u00e1s de 1.000 ejemplares de especies aut\u00f3ctonas\",\"datePublished\":\"2023-05-12T11:01:42+00:00\",\"mainEntityOfPage\":{\"@id\":\"https:\\\/\\\/www.laguiadepamplona.com\\\/actualidad\\\/pamplona-completa-una-segunda-masa-arborea-de-nueva-creacion-el-bosque-olimpico-entre-mendillorri-y-lezkairu-con-mas-de-1-000-ejemplares-de-especies-autoctonas\\\/\"},\"wordCount\":947,\"commentCount\":0,\"publisher\":{\"@id\":\"https:\\\/\\\/www.laguiadepamplona.com\\\/actualidad\\\/#organization\"},\"image\":{\"@id\":\"https:\\\/\\\/www.laguiadepamplona.com\\\/actualidad\\\/pamplona-completa-una-segunda-masa-arborea-de-nueva-creacion-el-bosque-olimpico-entre-mendillorri-y-lezkairu-con-mas-de-1-000-ejemplares-de-especies-autoctonas\\\/#primaryimage\"},\"thumbnailUrl\":\"https:\\\/\\\/www.laguiadepamplona.com\\\/actualidad\\\/wp-content\\\/uploads\\\/2023\\\/05\\\/plantacion.webp\",\"articleSection\":[\"Ayto Pamplona\"],\"inLanguage\":\"es\",\"potentialAction\":[{\"@type\":\"CommentAction\",\"name\":\"Comment\",\"target\":[\"https:\\\/\\\/www.laguiadepamplona.com\\\/actualidad\\\/pamplona-completa-una-segunda-masa-arborea-de-nueva-creacion-el-bosque-olimpico-entre-mendillorri-y-lezkairu-con-mas-de-1-000-ejemplares-de-especies-autoctonas\\\/#respond\"]}]},{\"@type\":\"WebPage\",\"@id\":\"https:\\\/\\\/www.laguiadepamplona.com\\\/actualidad\\\/pamplona-completa-una-segunda-masa-arborea-de-nueva-creacion-el-bosque-olimpico-entre-mendillorri-y-lezkairu-con-mas-de-1-000-ejemplares-de-especies-autoctonas\\\/\",\"url\":\"https:\\\/\\\/www.laguiadepamplona.com\\\/actualidad\\\/pamplona-completa-una-segunda-masa-arborea-de-nueva-creacion-el-bosque-olimpico-entre-mendillorri-y-lezkairu-con-mas-de-1-000-ejemplares-de-especies-autoctonas\\\/\",\"name\":\"Pamplona completa una segunda masa arb\u00f3rea de nueva creaci\u00f3n: el bosque \u201cOl\u00edmpico\u201d entre Mendillorri y Lezkairu con m\u00e1s de 1.000 ejemplares de especies aut\u00f3ctonas\",\"isPartOf\":{\"@id\":\"https:\\\/\\\/www.laguiadepamplona.com\\\/actualidad\\\/#website\"},\"primaryImageOfPage\":{\"@id\":\"https:\\\/\\\/www.laguiadepamplona.com\\\/actualidad\\\/pamplona-completa-una-segunda-masa-arborea-de-nueva-creacion-el-bosque-olimpico-entre-mendillorri-y-lezkairu-con-mas-de-1-000-ejemplares-de-especies-autoctonas\\\/#primaryimage\"},\"image\":{\"@id\":\"https:\\\/\\\/www.laguiadepamplona.com\\\/actualidad\\\/pamplona-completa-una-segunda-masa-arborea-de-nueva-creacion-el-bosque-olimpico-entre-mendillorri-y-lezkairu-con-mas-de-1-000-ejemplares-de-especies-autoctonas\\\/#primaryimage\"},\"thumbnailUrl\":\"https:\\\/\\\/www.laguiadepamplona.com\\\/actualidad\\\/wp-content\\\/uploads\\\/2023\\\/05\\\/plantacion.webp\",\"datePublished\":\"2023-05-12T11:01:42+00:00\",\"description\":\"Es una acci\u00f3n de compensaci\u00f3n de huella de carbono que se enmarca en Go Green Pamplona y en el compromiso suscrito en los JJOO de Tokio\",\"breadcrumb\":{\"@id\":\"https:\\\/\\\/www.laguiadepamplona.com\\\/actualidad\\\/pamplona-completa-una-segunda-masa-arborea-de-nueva-creacion-el-bosque-olimpico-entre-mendillorri-y-lezkairu-con-mas-de-1-000-ejemplares-de-especies-autoctonas\\\/#breadcrumb\"},\"inLanguage\":\"es\",\"potentialAction\":[{\"@type\":\"ReadAction\",\"target\":[\"https:\\\/\\\/www.laguiadepamplona.com\\\/actualidad\\\/pamplona-completa-una-segunda-masa-arborea-de-nueva-creacion-el-bosque-olimpico-entre-mendillorri-y-lezkairu-con-mas-de-1-000-ejemplares-de-especies-autoctonas\\\/\"]}]},{\"@type\":\"ImageObject\",\"inLanguage\":\"es\",\"@id\":\"https:\\\/\\\/www.laguiadepamplona.com\\\/actualidad\\\/pamplona-completa-una-segunda-masa-arborea-de-nueva-creacion-el-bosque-olimpico-entre-mendillorri-y-lezkairu-con-mas-de-1-000-ejemplares-de-especies-autoctonas\\\/#primaryimage\",\"url\":\"https:\\\/\\\/www.laguiadepamplona.com\\\/actualidad\\\/wp-content\\\/uploads\\\/2023\\\/05\\\/plantacion.webp\",\"contentUrl\":\"https:\\\/\\\/www.laguiadepamplona.com\\\/actualidad\\\/wp-content\\\/uploads\\\/2023\\\/05\\\/plantacion.webp\",\"width\":1749,\"height\":997},{\"@type\":\"BreadcrumbList\",\"@id\":\"https:\\\/\\\/www.laguiadepamplona.com\\\/actualidad\\\/pamplona-completa-una-segunda-masa-arborea-de-nueva-creacion-el-bosque-olimpico-entre-mendillorri-y-lezkairu-con-mas-de-1-000-ejemplares-de-especies-autoctonas\\\/#breadcrumb\",\"itemListElement\":[{\"@type\":\"ListItem\",\"position\":1,\"name\":\"Portada\",\"item\":\"https:\\\/\\\/www.laguiadepamplona.com\\\/actualidad\\\/\"},{\"@type\":\"ListItem\",\"position\":2,\"name\":\"Pamplona completa una segunda masa arb\u00f3rea de nueva creaci\u00f3n: el bosque \u201cOl\u00edmpico\u201d entre Mendillorri y Lezkairu con m\u00e1s de 1.000 ejemplares de especies aut\u00f3ctonas\"}]},{\"@type\":\"WebSite\",\"@id\":\"https:\\\/\\\/www.laguiadepamplona.com\\\/actualidad\\\/#website\",\"url\":\"https:\\\/\\\/www.laguiadepamplona.com\\\/actualidad\\\/\",\"name\":\"La gu\u00eda de Pamplona\",\"description\":\"Noticias de Pamplona\",\"publisher\":{\"@id\":\"https:\\\/\\\/www.laguiadepamplona.com\\\/actualidad\\\/#organization\"},\"potentialAction\":[{\"@type\":\"SearchAction\",\"target\":{\"@type\":\"EntryPoint\",\"urlTemplate\":\"https:\\\/\\\/www.laguiadepamplona.com\\\/actualidad\\\/?s={search_term_string}\"},\"query-input\":{\"@type\":\"PropertyValueSpecification\",\"valueRequired\":true,\"valueName\":\"search_term_string\"}}],\"inLanguage\":\"es\"},{\"@type\":\"Organization\",\"@id\":\"https:\\\/\\\/www.laguiadepamplona.com\\\/actualidad\\\/#organization\",\"name\":\"La Gu\u00eda de Pamplona \\\/ Noticias\",\"url\":\"https:\\\/\\\/www.laguiadepamplona.com\\\/actualidad\\\/\",\"logo\":{\"@type\":\"ImageObject\",\"inLanguage\":\"es\",\"@id\":\"https:\\\/\\\/www.laguiadepamplona.com\\\/actualidad\\\/#\\\/schema\\\/logo\\\/image\\\/\",\"url\":\"https:\\\/\\\/www.laguiadepamplona.com\\\/actualidad\\\/wp-content\\\/uploads\\\/2018\\\/11\\\/logo-laguiadepamplona18-web1.png\",\"contentUrl\":\"https:\\\/\\\/www.laguiadepamplona.com\\\/actualidad\\\/wp-content\\\/uploads\\\/2018\\\/11\\\/logo-laguiadepamplona18-web1.png\",\"width\":600,\"height\":196,\"caption\":\"La Gu\u00eda de Pamplona \\\/ Noticias\"},\"image\":{\"@id\":\"https:\\\/\\\/www.laguiadepamplona.com\\\/actualidad\\\/#\\\/schema\\\/logo\\\/image\\\/\"},\"sameAs\":[\"https:\\\/\\\/www.facebook.com\\\/laguiadepamplonacom-133175176762273\\\/?ref=hl\",\"https:\\\/\\\/x.com\\\/LaGuiadPamplona\",\"https:\\\/\\\/www.instagram.com\\\/la_guia_de_pamplona\\\/\",\"https:\\\/\\\/www.youtube.com\\\/user\\\/laguiadepamplona\"]},{\"@type\":\"Person\",\"@id\":\"https:\\\/\\\/www.laguiadepamplona.com\\\/actualidad\\\/#\\\/schema\\\/person\\\/efe887376f0213d4657c93adc50b1fdb\",\"name\":\"La Gu\u00eda de Pamplona\",\"image\":{\"@type\":\"ImageObject\",\"inLanguage\":\"es\",\"@id\":\"https:\\\/\\\/secure.gravatar.com\\\/avatar\\\/b6992f131dc8d30ab0dff15446e9d346d9dbd95992de0fef795073f5ea83a81c?s=96&d=mm&r=g\",\"url\":\"https:\\\/\\\/secure.gravatar.com\\\/avatar\\\/b6992f131dc8d30ab0dff15446e9d346d9dbd95992de0fef795073f5ea83a81c?s=96&d=mm&r=g\",\"contentUrl\":\"https:\\\/\\\/secure.gravatar.com\\\/avatar\\\/b6992f131dc8d30ab0dff15446e9d346d9dbd95992de0fef795073f5ea83a81c?s=96&d=mm&r=g\",\"caption\":\"La Gu\u00eda de Pamplona\"}}]}<\/script>\n<!-- \/ Yoast SEO plugin. -->","yoast_head_json":{"title":"Pamplona completa una segunda masa arb\u00f3rea de nueva creaci\u00f3n: el bosque \u201cOl\u00edmpico\u201d entre Mendillorri y Lezkairu con m\u00e1s de 1.000 ejemplares de especies aut\u00f3ctonas","description":"Es una acci\u00f3n de compensaci\u00f3n de huella de carbono que se enmarca en Go Green Pamplona y en el compromiso suscrito en los JJOO de Tokio","robots":{"index":"index","follow":"follow","max-snippet":"max-snippet:-1","max-image-preview":"max-image-preview:large","max-video-preview":"max-video-preview:-1"},"canonical":"https:\/\/www.laguiadepamplona.com\/actualidad\/pamplona-completa-una-segunda-masa-arborea-de-nueva-creacion-el-bosque-olimpico-entre-mendillorri-y-lezkairu-con-mas-de-1-000-ejemplares-de-especies-autoctonas\/","og_locale":"es_ES","og_type":"article","og_title":"Pamplona completa una segunda masa arb\u00f3rea de nueva creaci\u00f3n: el bosque \u201cOl\u00edmpico\u201d entre Mendillorri y Lezkairu con m\u00e1s de 1.000 ejemplares de especies aut\u00f3ctonas","og_description":"Es una acci\u00f3n de compensaci\u00f3n de huella de carbono que se enmarca en Go Green Pamplona y en el compromiso suscrito en los JJOO de Tokio","og_url":"https:\/\/www.laguiadepamplona.com\/actualidad\/pamplona-completa-una-segunda-masa-arborea-de-nueva-creacion-el-bosque-olimpico-entre-mendillorri-y-lezkairu-con-mas-de-1-000-ejemplares-de-especies-autoctonas\/","og_site_name":"La Gu\u00eda de Pamplona","article_publisher":"https:\/\/www.facebook.com\/laguiadepamplonacom-133175176762273\/?ref=hl","article_published_time":"2023-05-12T11:01:42+00:00","og_image":[{"width":1749,"height":997,"url":"https:\/\/www.laguiadepamplona.com\/actualidad\/wp-content\/uploads\/2023\/05\/plantacion.webp","type":"image\/webp"}],"author":"La Gu\u00eda de Pamplona","twitter_card":"summary_large_image","twitter_creator":"@LaGuiadPamplona","twitter_site":"@LaGuiadPamplona","twitter_misc":{"Escrito por":"La Gu\u00eda de Pamplona","Tiempo de lectura":"4 minutos"},"schema":{"@context":"https:\/\/schema.org","@graph":[{"@type":"Article","@id":"https:\/\/www.laguiadepamplona.com\/actualidad\/pamplona-completa-una-segunda-masa-arborea-de-nueva-creacion-el-bosque-olimpico-entre-mendillorri-y-lezkairu-con-mas-de-1-000-ejemplares-de-especies-autoctonas\/#article","isPartOf":{"@id":"https:\/\/www.laguiadepamplona.com\/actualidad\/pamplona-completa-una-segunda-masa-arborea-de-nueva-creacion-el-bosque-olimpico-entre-mendillorri-y-lezkairu-con-mas-de-1-000-ejemplares-de-especies-autoctonas\/"},"author":{"name":"La Gu\u00eda de Pamplona","@id":"https:\/\/www.laguiadepamplona.com\/actualidad\/#\/schema\/person\/efe887376f0213d4657c93adc50b1fdb"},"headline":"Pamplona completa una segunda masa arb\u00f3rea de nueva creaci\u00f3n: el bosque \u201cOl\u00edmpico\u201d entre Mendillorri y Lezkairu con m\u00e1s de 1.000 ejemplares de especies aut\u00f3ctonas","datePublished":"2023-05-12T11:01:42+00:00","mainEntityOfPage":{"@id":"https:\/\/www.laguiadepamplona.com\/actualidad\/pamplona-completa-una-segunda-masa-arborea-de-nueva-creacion-el-bosque-olimpico-entre-mendillorri-y-lezkairu-con-mas-de-1-000-ejemplares-de-especies-autoctonas\/"},"wordCount":947,"commentCount":0,"publisher":{"@id":"https:\/\/www.laguiadepamplona.com\/actualidad\/#organization"},"image":{"@id":"https:\/\/www.laguiadepamplona.com\/actualidad\/pamplona-completa-una-segunda-masa-arborea-de-nueva-creacion-el-bosque-olimpico-entre-mendillorri-y-lezkairu-con-mas-de-1-000-ejemplares-de-especies-autoctonas\/#primaryimage"},"thumbnailUrl":"https:\/\/www.laguiadepamplona.com\/actualidad\/wp-content\/uploads\/2023\/05\/plantacion.webp","articleSection":["Ayto Pamplona"],"inLanguage":"es","potentialAction":[{"@type":"CommentAction","name":"Comment","target":["https:\/\/www.laguiadepamplona.com\/actualidad\/pamplona-completa-una-segunda-masa-arborea-de-nueva-creacion-el-bosque-olimpico-entre-mendillorri-y-lezkairu-con-mas-de-1-000-ejemplares-de-especies-autoctonas\/#respond"]}]},{"@type":"WebPage","@id":"https:\/\/www.laguiadepamplona.com\/actualidad\/pamplona-completa-una-segunda-masa-arborea-de-nueva-creacion-el-bosque-olimpico-entre-mendillorri-y-lezkairu-con-mas-de-1-000-ejemplares-de-especies-autoctonas\/","url":"https:\/\/www.laguiadepamplona.com\/actualidad\/pamplona-completa-una-segunda-masa-arborea-de-nueva-creacion-el-bosque-olimpico-entre-mendillorri-y-lezkairu-con-mas-de-1-000-ejemplares-de-especies-autoctonas\/","name":"Pamplona completa una segunda masa arb\u00f3rea de nueva creaci\u00f3n: el bosque \u201cOl\u00edmpico\u201d entre Mendillorri y Lezkairu con m\u00e1s de 1.000 ejemplares de especies aut\u00f3ctonas","isPartOf":{"@id":"https:\/\/www.laguiadepamplona.com\/actualidad\/#website"},"primaryImageOfPage":{"@id":"https:\/\/www.laguiadepamplona.com\/actualidad\/pamplona-completa-una-segunda-masa-arborea-de-nueva-creacion-el-bosque-olimpico-entre-mendillorri-y-lezkairu-con-mas-de-1-000-ejemplares-de-especies-autoctonas\/#primaryimage"},"image":{"@id":"https:\/\/www.laguiadepamplona.com\/actualidad\/pamplona-completa-una-segunda-masa-arborea-de-nueva-creacion-el-bosque-olimpico-entre-mendillorri-y-lezkairu-con-mas-de-1-000-ejemplares-de-especies-autoctonas\/#primaryimage"},"thumbnailUrl":"https:\/\/www.laguiadepamplona.com\/actualidad\/wp-content\/uploads\/2023\/05\/plantacion.webp","datePublished":"2023-05-12T11:01:42+00:00","description":"Es una acci\u00f3n de compensaci\u00f3n de huella de carbono que se enmarca en Go Green Pamplona y en el compromiso suscrito en los JJOO de Tokio","breadcrumb":{"@id":"https:\/\/www.laguiadepamplona.com\/actualidad\/pamplona-completa-una-segunda-masa-arborea-de-nueva-creacion-el-bosque-olimpico-entre-mendillorri-y-lezkairu-con-mas-de-1-000-ejemplares-de-especies-autoctonas\/#breadcrumb"},"inLanguage":"es","potentialAction":[{"@type":"ReadAction","target":["https:\/\/www.laguiadepamplona.com\/actualidad\/pamplona-completa-una-segunda-masa-arborea-de-nueva-creacion-el-bosque-olimpico-entre-mendillorri-y-lezkairu-con-mas-de-1-000-ejemplares-de-especies-autoctonas\/"]}]},{"@type":"ImageObject","inLanguage":"es","@id":"https:\/\/www.laguiadepamplona.com\/actualidad\/pamplona-completa-una-segunda-masa-arborea-de-nueva-creacion-el-bosque-olimpico-entre-mendillorri-y-lezkairu-con-mas-de-1-000-ejemplares-de-especies-autoctonas\/#primaryimage","url":"https:\/\/www.laguiadepamplona.com\/actualidad\/wp-content\/uploads\/2023\/05\/plantacion.webp","contentUrl":"https:\/\/www.laguiadepamplona.com\/actualidad\/wp-content\/uploads\/2023\/05\/plantacion.webp","width":1749,"height":997},{"@type":"BreadcrumbList","@id":"https:\/\/www.laguiadepamplona.com\/actualidad\/pamplona-completa-una-segunda-masa-arborea-de-nueva-creacion-el-bosque-olimpico-entre-mendillorri-y-lezkairu-con-mas-de-1-000-ejemplares-de-especies-autoctonas\/#breadcrumb","itemListElement":[{"@type":"ListItem","position":1,"name":"Portada","item":"https:\/\/www.laguiadepamplona.com\/actualidad\/"},{"@type":"ListItem","position":2,"name":"Pamplona completa una segunda masa arb\u00f3rea de nueva creaci\u00f3n: el bosque \u201cOl\u00edmpico\u201d entre Mendillorri y Lezkairu con m\u00e1s de 1.000 ejemplares de especies aut\u00f3ctonas"}]},{"@type":"WebSite","@id":"https:\/\/www.laguiadepamplona.com\/actualidad\/#website","url":"https:\/\/www.laguiadepamplona.com\/actualidad\/","name":"La gu\u00eda de Pamplona","description":"Noticias de Pamplona","publisher":{"@id":"https:\/\/www.laguiadepamplona.com\/actualidad\/#organization"},"potentialAction":[{"@type":"SearchAction","target":{"@type":"EntryPoint","urlTemplate":"https:\/\/www.laguiadepamplona.com\/actualidad\/?s={search_term_string}"},"query-input":{"@type":"PropertyValueSpecification","valueRequired":true,"valueName":"search_term_string"}}],"inLanguage":"es"},{"@type":"Organization","@id":"https:\/\/www.laguiadepamplona.com\/actualidad\/#organization","name":"La Gu\u00eda de Pamplona \/ Noticias","url":"https:\/\/www.laguiadepamplona.com\/actualidad\/","logo":{"@type":"ImageObject","inLanguage":"es","@id":"https:\/\/www.laguiadepamplona.com\/actualidad\/#\/schema\/logo\/image\/","url":"https:\/\/www.laguiadepamplona.com\/actualidad\/wp-content\/uploads\/2018\/11\/logo-laguiadepamplona18-web1.png","contentUrl":"https:\/\/www.laguiadepamplona.com\/actualidad\/wp-content\/uploads\/2018\/11\/logo-laguiadepamplona18-web1.png","width":600,"height":196,"caption":"La Gu\u00eda de Pamplona \/ Noticias"},"image":{"@id":"https:\/\/www.laguiadepamplona.com\/actualidad\/#\/schema\/logo\/image\/"},"sameAs":["https:\/\/www.facebook.com\/laguiadepamplonacom-133175176762273\/?ref=hl","https:\/\/x.com\/LaGuiadPamplona","https:\/\/www.instagram.com\/la_guia_de_pamplona\/","https:\/\/www.youtube.com\/user\/laguiadepamplona"]},{"@type":"Person","@id":"https:\/\/www.laguiadepamplona.com\/actualidad\/#\/schema\/person\/efe887376f0213d4657c93adc50b1fdb","name":"La Gu\u00eda de Pamplona","image":{"@type":"ImageObject","inLanguage":"es","@id":"https:\/\/secure.gravatar.com\/avatar\/b6992f131dc8d30ab0dff15446e9d346d9dbd95992de0fef795073f5ea83a81c?s=96&d=mm&r=g","url":"https:\/\/secure.gravatar.com\/avatar\/b6992f131dc8d30ab0dff15446e9d346d9dbd95992de0fef795073f5ea83a81c?s=96&d=mm&r=g","contentUrl":"https:\/\/secure.gravatar.com\/avatar\/b6992f131dc8d30ab0dff15446e9d346d9dbd95992de0fef795073f5ea83a81c?s=96&d=mm&r=g","caption":"La Gu\u00eda de Pamplona"}}]}},"post_mailing_queue_ids":[],"_links":{"self":[{"href":"https:\/\/www.laguiadepamplona.com\/actualidad\/wp-json\/wp\/v2\/posts\/46669","targetHints":{"allow":["GET"]}}],"collection":[{"href":"https:\/\/www.laguiadepamplona.com\/actualidad\/wp-json\/wp\/v2\/posts"}],"about":[{"href":"https:\/\/www.laguiadepamplona.com\/actualidad\/wp-json\/wp\/v2\/types\/post"}],"author":[{"embeddable":true,"href":"https:\/\/www.laguiadepamplona.com\/actualidad\/wp-json\/wp\/v2\/users\/1"}],"replies":[{"embeddable":true,"href":"https:\/\/www.laguiadepamplona.com\/actualidad\/wp-json\/wp\/v2\/comments?post=46669"}],"version-history":[{"count":1,"href":"https:\/\/www.laguiadepamplona.com\/actualidad\/wp-json\/wp\/v2\/posts\/46669\/revisions"}],"predecessor-version":[{"id":46671,"href":"https:\/\/www.laguiadepamplona.com\/actualidad\/wp-json\/wp\/v2\/posts\/46669\/revisions\/46671"}],"wp:featuredmedia":[{"embeddable":true,"href":"https:\/\/www.laguiadepamplona.com\/actualidad\/wp-json\/wp\/v2\/media\/46670"}],"wp:attachment":[{"href":"https:\/\/www.laguiadepamplona.com\/actualidad\/wp-json\/wp\/v2\/media?parent=46669"}],"wp:term":[{"taxonomy":"category","embeddable":true,"href":"https:\/\/www.laguiadepamplona.com\/actualidad\/wp-json\/wp\/v2\/categories?post=46669"},{"taxonomy":"post_tag","embeddable":true,"href":"https:\/\/www.laguiadepamplona.com\/actualidad\/wp-json\/wp\/v2\/tags?post=46669"}],"curies":[{"name":"wp","href":"https:\/\/api.w.org\/{rel}","templated":true}]}}