{"id":46666,"date":"2023-05-12T13:00:09","date_gmt":"2023-05-12T11:00:09","guid":{"rendered":"https:\/\/www.laguiadepamplona.com\/actualidad\/?p=46666"},"modified":"2023-05-12T13:00:09","modified_gmt":"2023-05-12T11:00:09","slug":"el-polvorin-de-la-ciudadela-exhibe-rapido-rem-de-miguel-leache-una-reflexion-en-torno-al-transporte-publico-y-su-influencia-en-el-sueno","status":"publish","type":"post","link":"https:\/\/www.laguiadepamplona.com\/actualidad\/el-polvorin-de-la-ciudadela-exhibe-rapido-rem-de-miguel-leache-una-reflexion-en-torno-al-transporte-publico-y-su-influencia-en-el-sueno\/","title":{"rendered":"El Polvor\u00edn de la Ciudadela exhibe \u2018R\u00c1PIDO REM\u2019, de Miguel Leache, una reflexi\u00f3n en torno al transporte p\u00fablico y su influencia en el sue\u00f1o"},"content":{"rendered":"<h3>La exposici\u00f3n consta de 65 fotograf\u00edas en blanco y negro en diversos formatos tomadas en la red de metro de Tokio<\/h3>\n<p><!--more--><\/p>\n<p>El Polvor\u00edn de la Ciudadela alberga, desde hoy y hasta el 2 de julio, la exposici\u00f3n \u2018R\u00c1PIDO REM\u2019, del pamplon\u00e9s Miguel Leache. La muestra incluye 65 fotograf\u00edas en blanco y negro en distintos formatos que reflexionan en torno al transporte p\u00fablico, en concreto el metro, y su efecto en la aparici\u00f3n del sue\u00f1o de las personas que viajan. Las im\u00e1genes recogen momentos en que el pasaje duerme durante los largos trayectos que realizan.<\/p>\n<p>La exposici\u00f3n se ha presentado esta ma\u00f1ana en la sala, con presencia del t\u00e9cnico de Artes Pl\u00e1sticas del Ayuntamiento de Pamplona, Javier Manzanos; el autor de las fotograf\u00edas, Miguel Leache y el comisario de la muestra, Javier Balda. La selecci\u00f3n, a partir de cientos de im\u00e1genes tomadas en distintos viajes a Tokio, configura un continuo de andenes, que se acompa\u00f1an por grabaciones realizadas en el propio metro.<br \/>\n<script async src=\"\/\/pagead2.googlesyndication.com\/pagead\/js\/adsbygoogle.js\"><\/script><br \/>\n<!-- Noticias La Guia de Pamplona --><br \/>\n<ins class=\"adsbygoogle\"\nstyle=\"display:block\"\ndata-ad-client=\"ca-pub-6943679897239327\"\ndata-ad-slot=\"7048180777\"\ndata-ad-format=\"auto\"><\/ins><br \/>\n<script>\n(adsbygoogle = window.adsbygoogle || []).push({});\n<\/script><\/p>\n<p>Las 65 fotograf\u00edas de \u2018R\u00c1PIDO REM\u2019 se presentan en un friso y un panel central con 37 im\u00e1genes de 120 x 90 cent\u00edmetros y 17 de 80 x 60 cent\u00edmetros, adem\u00e1s de una pared con 28 fotograf\u00edas de menor formato, 25 x 19, que son las incluidas en el fotolibro \u2018R\u00c1PIDO REM\u2019, publicado el pasado a\u00f1o. Las im\u00e1genes exploran la relaci\u00f3n entre el medio de transporte y el sue\u00f1o: el friso y el panel conforman el contexto en el que se desarrolla el trabajo y la pared de las im\u00e1genes, de menor formato, muestra a los viajeros que alcanzan el sue\u00f1o durante el viaje.<\/p>\n<p>Las im\u00e1genes, de aparente sencillez, se tomaron en la red del metro de Tokio y en ellas hay personas de diversas edades que duermen en los trayectos, mecidas por el movimiento de los vagones. El t\u00edtulo de la exposici\u00f3n alude precisamente a la facilidad con la que se alcanza la fase en que se sue\u00f1a, denominada fase REM (Rapid Eye Movement). Miguel Leache basa su trabajo en la idea del \u2018Inemuri\u2019, que se traduce como dormir estando presente, una situaci\u00f3n com\u00fan en la sociedad japonesa en espacios p\u00fablicos.<br \/>\n<script async src=\"\/\/pagead2.googlesyndication.com\/pagead\/js\/adsbygoogle.js\"><\/script><br \/>\n<!-- Noticias La Guia de Pamplona --><br \/>\n<ins class=\"adsbygoogle\"\nstyle=\"display:block\"\ndata-ad-client=\"ca-pub-6943679897239327\"\ndata-ad-slot=\"7048180777\"\ndata-ad-format=\"auto\"><\/ins><br \/>\n<script>\n(adsbygoogle = window.adsbygoogle || []).push({});\n<\/script><\/p>\n<p><strong>El autor<\/strong><\/p>\n<p>Miguel Leache, licenciado en Derecho, compatibiliza su carrera jur\u00eddica y la art\u00edstica. Su obra forma parte de diversas colecciones, entre ellas, la Colecci\u00f3n de Arte Contempor\u00e1neo de la Universidad P\u00fablica de Navarra, la Colecci\u00f3n de Arte Contempor\u00e1neo del Ayuntamiento de Pamplona, la Fundaci\u00f3n Caja Navarra, la Filmoteca Vasca, el Ayuntamiento de Estella, la Mancomunidad de la Comarca de Pamplona y el Defensor del Pueblo de Navarra. Adem\u00e1s, su obra ha sido destacada en la Colecci\u00f3n fotolibro Banc Sabadell y el Departamento de Libro de Artista de la Universidad de Alicante. En la \u00faltima exposici\u00f3n \u2018Salto de P\u00e1gina\u2019 celebrada en el Museo de la Universidad de Alicante, su fotolibro \u2018R\u00c1PIDO REM\u2019 se exhibi\u00f3 junto a otros libros de artistas como Joan Fontcuberta, Cristina de Middel, Equipo Cr\u00f3nica o Mar Arza. Est\u00e1 previsto que las fotograf\u00edas de la serie \u2018R\u00c1PIDO REM\u2019 se exhiban este verano en los festivales GETXOPHOTO y PHOTO GASPESIE en Quebec (Canad\u00e1).<\/p>\n<p>&nbsp;<br \/>\n<script async src=\"\/\/pagead2.googlesyndication.com\/pagead\/js\/adsbygoogle.js\"><\/script><br \/>\n<!-- Noticias La Guia de Pamplona --><br \/>\n<ins class=\"adsbygoogle\"\nstyle=\"display:block\"\ndata-ad-client=\"ca-pub-6943679897239327\"\ndata-ad-slot=\"7048180777\"\ndata-ad-format=\"auto\"><\/ins><br \/>\n<script>\n(adsbygoogle = window.adsbygoogle || []).push({});\n<\/script><\/p>\n<p>&nbsp;<\/p>\n<h3>\u2018R\u00c1PIDO REM\u2019. Exposici\u00f3n de Fotograf\u00eda<\/h3>\n<ul>\n<li>Autor: Miguel Leache. Comisario de la muestra: Javier Balda<\/li>\n<li>Polvor\u00edn de la Ciudadela. Del 12 de mayo al 2 de julio<\/li>\n<li>Horarios:\n<ul>\n<li>De martes a s\u00e1bado, de 11.30 a 13.30 y de 18.00 a 20.30<\/li>\n<li>Domingos y festivos: 11.30 a 13.30<\/li>\n<\/ul>\n<\/li>\n<\/ul>\n","protected":false},"excerpt":{"rendered":"<p>La exposici\u00f3n consta de 65 fotograf\u00edas en blanco y negro en diversos formatos tomadas en la red de metro de Tokio<\/p>\n","protected":false},"author":1,"featured_media":46667,"comment_status":"open","ping_status":"closed","sticky":false,"template":"","format":"standard","meta":{"footnotes":""},"categories":[2],"tags":[],"class_list":["post-46666","post","type-post","status-publish","format-standard","has-post-thumbnail","hentry","category-ayuntamiento-pamplona"],"yoast_head":"<!-- This site is optimized with the Yoast SEO plugin v27.3 - https:\/\/yoast.com\/product\/yoast-seo-wordpress\/ -->\n<title>El Polvor\u00edn de la Ciudadela exhibe \u2018R\u00c1PIDO REM\u2019, de Miguel Leache, una reflexi\u00f3n en torno al transporte p\u00fablico y su influencia en el sue\u00f1o<\/title>\n<meta name=\"description\" content=\"La exposici\u00f3n consta de 65 fotograf\u00edas en blanco y negro en diversos formatos tomadas en la red de metro de Tokio\u00a0\" \/>\n<meta name=\"robots\" content=\"index, follow, max-snippet:-1, max-image-preview:large, max-video-preview:-1\" \/>\n<link rel=\"canonical\" href=\"https:\/\/www.laguiadepamplona.com\/actualidad\/el-polvorin-de-la-ciudadela-exhibe-rapido-rem-de-miguel-leache-una-reflexion-en-torno-al-transporte-publico-y-su-influencia-en-el-sueno\/\" \/>\n<meta property=\"og:locale\" content=\"es_ES\" \/>\n<meta property=\"og:type\" content=\"article\" \/>\n<meta property=\"og:title\" content=\"El Polvor\u00edn de la Ciudadela exhibe \u2018R\u00c1PIDO REM\u2019, de Miguel Leache, una reflexi\u00f3n en torno al transporte p\u00fablico y su influencia en el sue\u00f1o\" \/>\n<meta property=\"og:description\" content=\"La exposici\u00f3n consta de 65 fotograf\u00edas en blanco y negro en diversos formatos tomadas en la red de metro de Tokio\u00a0\" \/>\n<meta property=\"og:url\" content=\"https:\/\/www.laguiadepamplona.com\/actualidad\/el-polvorin-de-la-ciudadela-exhibe-rapido-rem-de-miguel-leache-una-reflexion-en-torno-al-transporte-publico-y-su-influencia-en-el-sueno\/\" \/>\n<meta property=\"og:site_name\" content=\"La Gu\u00eda de Pamplona\" \/>\n<meta property=\"article:publisher\" content=\"https:\/\/www.facebook.com\/laguiadepamplonacom-133175176762273\/?ref=hl\" \/>\n<meta property=\"article:published_time\" content=\"2023-05-12T11:00:09+00:00\" \/>\n<meta property=\"og:image\" content=\"https:\/\/www.laguiadepamplona.com\/actualidad\/wp-content\/uploads\/2023\/05\/rapido-rem.webp\" \/>\n\t<meta property=\"og:image:width\" content=\"1557\" \/>\n\t<meta property=\"og:image:height\" content=\"702\" \/>\n\t<meta property=\"og:image:type\" content=\"image\/webp\" \/>\n<meta name=\"author\" content=\"La Gu\u00eda de Pamplona\" \/>\n<meta name=\"twitter:card\" content=\"summary_large_image\" \/>\n<meta name=\"twitter:creator\" content=\"@LaGuiadPamplona\" \/>\n<meta name=\"twitter:site\" content=\"@LaGuiadPamplona\" \/>\n<meta name=\"twitter:label1\" content=\"Escrito por\" \/>\n\t<meta name=\"twitter:data1\" content=\"La Gu\u00eda de Pamplona\" \/>\n\t<meta name=\"twitter:label2\" content=\"Tiempo de lectura\" \/>\n\t<meta name=\"twitter:data2\" content=\"3 minutos\" \/>\n<script type=\"application\/ld+json\" class=\"yoast-schema-graph\">{\"@context\":\"https:\\\/\\\/schema.org\",\"@graph\":[{\"@type\":\"Article\",\"@id\":\"https:\\\/\\\/www.laguiadepamplona.com\\\/actualidad\\\/el-polvorin-de-la-ciudadela-exhibe-rapido-rem-de-miguel-leache-una-reflexion-en-torno-al-transporte-publico-y-su-influencia-en-el-sueno\\\/#article\",\"isPartOf\":{\"@id\":\"https:\\\/\\\/www.laguiadepamplona.com\\\/actualidad\\\/el-polvorin-de-la-ciudadela-exhibe-rapido-rem-de-miguel-leache-una-reflexion-en-torno-al-transporte-publico-y-su-influencia-en-el-sueno\\\/\"},\"author\":{\"name\":\"La Gu\u00eda de Pamplona\",\"@id\":\"https:\\\/\\\/www.laguiadepamplona.com\\\/actualidad\\\/#\\\/schema\\\/person\\\/efe887376f0213d4657c93adc50b1fdb\"},\"headline\":\"El Polvor\u00edn de la Ciudadela exhibe \u2018R\u00c1PIDO REM\u2019, de Miguel Leache, una reflexi\u00f3n en torno al transporte p\u00fablico y su influencia en el sue\u00f1o\",\"datePublished\":\"2023-05-12T11:00:09+00:00\",\"mainEntityOfPage\":{\"@id\":\"https:\\\/\\\/www.laguiadepamplona.com\\\/actualidad\\\/el-polvorin-de-la-ciudadela-exhibe-rapido-rem-de-miguel-leache-una-reflexion-en-torno-al-transporte-publico-y-su-influencia-en-el-sueno\\\/\"},\"wordCount\":625,\"commentCount\":0,\"publisher\":{\"@id\":\"https:\\\/\\\/www.laguiadepamplona.com\\\/actualidad\\\/#organization\"},\"image\":{\"@id\":\"https:\\\/\\\/www.laguiadepamplona.com\\\/actualidad\\\/el-polvorin-de-la-ciudadela-exhibe-rapido-rem-de-miguel-leache-una-reflexion-en-torno-al-transporte-publico-y-su-influencia-en-el-sueno\\\/#primaryimage\"},\"thumbnailUrl\":\"https:\\\/\\\/www.laguiadepamplona.com\\\/actualidad\\\/wp-content\\\/uploads\\\/2023\\\/05\\\/rapido-rem.webp\",\"articleSection\":[\"Ayto Pamplona\"],\"inLanguage\":\"es\",\"potentialAction\":[{\"@type\":\"CommentAction\",\"name\":\"Comment\",\"target\":[\"https:\\\/\\\/www.laguiadepamplona.com\\\/actualidad\\\/el-polvorin-de-la-ciudadela-exhibe-rapido-rem-de-miguel-leache-una-reflexion-en-torno-al-transporte-publico-y-su-influencia-en-el-sueno\\\/#respond\"]}]},{\"@type\":\"WebPage\",\"@id\":\"https:\\\/\\\/www.laguiadepamplona.com\\\/actualidad\\\/el-polvorin-de-la-ciudadela-exhibe-rapido-rem-de-miguel-leache-una-reflexion-en-torno-al-transporte-publico-y-su-influencia-en-el-sueno\\\/\",\"url\":\"https:\\\/\\\/www.laguiadepamplona.com\\\/actualidad\\\/el-polvorin-de-la-ciudadela-exhibe-rapido-rem-de-miguel-leache-una-reflexion-en-torno-al-transporte-publico-y-su-influencia-en-el-sueno\\\/\",\"name\":\"El Polvor\u00edn de la Ciudadela exhibe \u2018R\u00c1PIDO REM\u2019, de Miguel Leache, una reflexi\u00f3n en torno al transporte p\u00fablico y su influencia en el sue\u00f1o\",\"isPartOf\":{\"@id\":\"https:\\\/\\\/www.laguiadepamplona.com\\\/actualidad\\\/#website\"},\"primaryImageOfPage\":{\"@id\":\"https:\\\/\\\/www.laguiadepamplona.com\\\/actualidad\\\/el-polvorin-de-la-ciudadela-exhibe-rapido-rem-de-miguel-leache-una-reflexion-en-torno-al-transporte-publico-y-su-influencia-en-el-sueno\\\/#primaryimage\"},\"image\":{\"@id\":\"https:\\\/\\\/www.laguiadepamplona.com\\\/actualidad\\\/el-polvorin-de-la-ciudadela-exhibe-rapido-rem-de-miguel-leache-una-reflexion-en-torno-al-transporte-publico-y-su-influencia-en-el-sueno\\\/#primaryimage\"},\"thumbnailUrl\":\"https:\\\/\\\/www.laguiadepamplona.com\\\/actualidad\\\/wp-content\\\/uploads\\\/2023\\\/05\\\/rapido-rem.webp\",\"datePublished\":\"2023-05-12T11:00:09+00:00\",\"description\":\"La exposici\u00f3n consta de 65 fotograf\u00edas en blanco y negro en diversos formatos tomadas en la red de metro de Tokio\u00a0\",\"breadcrumb\":{\"@id\":\"https:\\\/\\\/www.laguiadepamplona.com\\\/actualidad\\\/el-polvorin-de-la-ciudadela-exhibe-rapido-rem-de-miguel-leache-una-reflexion-en-torno-al-transporte-publico-y-su-influencia-en-el-sueno\\\/#breadcrumb\"},\"inLanguage\":\"es\",\"potentialAction\":[{\"@type\":\"ReadAction\",\"target\":[\"https:\\\/\\\/www.laguiadepamplona.com\\\/actualidad\\\/el-polvorin-de-la-ciudadela-exhibe-rapido-rem-de-miguel-leache-una-reflexion-en-torno-al-transporte-publico-y-su-influencia-en-el-sueno\\\/\"]}]},{\"@type\":\"ImageObject\",\"inLanguage\":\"es\",\"@id\":\"https:\\\/\\\/www.laguiadepamplona.com\\\/actualidad\\\/el-polvorin-de-la-ciudadela-exhibe-rapido-rem-de-miguel-leache-una-reflexion-en-torno-al-transporte-publico-y-su-influencia-en-el-sueno\\\/#primaryimage\",\"url\":\"https:\\\/\\\/www.laguiadepamplona.com\\\/actualidad\\\/wp-content\\\/uploads\\\/2023\\\/05\\\/rapido-rem.webp\",\"contentUrl\":\"https:\\\/\\\/www.laguiadepamplona.com\\\/actualidad\\\/wp-content\\\/uploads\\\/2023\\\/05\\\/rapido-rem.webp\",\"width\":1557,\"height\":702},{\"@type\":\"BreadcrumbList\",\"@id\":\"https:\\\/\\\/www.laguiadepamplona.com\\\/actualidad\\\/el-polvorin-de-la-ciudadela-exhibe-rapido-rem-de-miguel-leache-una-reflexion-en-torno-al-transporte-publico-y-su-influencia-en-el-sueno\\\/#breadcrumb\",\"itemListElement\":[{\"@type\":\"ListItem\",\"position\":1,\"name\":\"Portada\",\"item\":\"https:\\\/\\\/www.laguiadepamplona.com\\\/actualidad\\\/\"},{\"@type\":\"ListItem\",\"position\":2,\"name\":\"El Polvor\u00edn de la Ciudadela exhibe \u2018R\u00c1PIDO REM\u2019, de Miguel Leache, una reflexi\u00f3n en torno al transporte p\u00fablico y su influencia en el sue\u00f1o\"}]},{\"@type\":\"WebSite\",\"@id\":\"https:\\\/\\\/www.laguiadepamplona.com\\\/actualidad\\\/#website\",\"url\":\"https:\\\/\\\/www.laguiadepamplona.com\\\/actualidad\\\/\",\"name\":\"La gu\u00eda de Pamplona\",\"description\":\"Noticias de Pamplona\",\"publisher\":{\"@id\":\"https:\\\/\\\/www.laguiadepamplona.com\\\/actualidad\\\/#organization\"},\"potentialAction\":[{\"@type\":\"SearchAction\",\"target\":{\"@type\":\"EntryPoint\",\"urlTemplate\":\"https:\\\/\\\/www.laguiadepamplona.com\\\/actualidad\\\/?s={search_term_string}\"},\"query-input\":{\"@type\":\"PropertyValueSpecification\",\"valueRequired\":true,\"valueName\":\"search_term_string\"}}],\"inLanguage\":\"es\"},{\"@type\":\"Organization\",\"@id\":\"https:\\\/\\\/www.laguiadepamplona.com\\\/actualidad\\\/#organization\",\"name\":\"La Gu\u00eda de Pamplona \\\/ Noticias\",\"url\":\"https:\\\/\\\/www.laguiadepamplona.com\\\/actualidad\\\/\",\"logo\":{\"@type\":\"ImageObject\",\"inLanguage\":\"es\",\"@id\":\"https:\\\/\\\/www.laguiadepamplona.com\\\/actualidad\\\/#\\\/schema\\\/logo\\\/image\\\/\",\"url\":\"https:\\\/\\\/www.laguiadepamplona.com\\\/actualidad\\\/wp-content\\\/uploads\\\/2018\\\/11\\\/logo-laguiadepamplona18-web1.png\",\"contentUrl\":\"https:\\\/\\\/www.laguiadepamplona.com\\\/actualidad\\\/wp-content\\\/uploads\\\/2018\\\/11\\\/logo-laguiadepamplona18-web1.png\",\"width\":600,\"height\":196,\"caption\":\"La Gu\u00eda de Pamplona \\\/ Noticias\"},\"image\":{\"@id\":\"https:\\\/\\\/www.laguiadepamplona.com\\\/actualidad\\\/#\\\/schema\\\/logo\\\/image\\\/\"},\"sameAs\":[\"https:\\\/\\\/www.facebook.com\\\/laguiadepamplonacom-133175176762273\\\/?ref=hl\",\"https:\\\/\\\/x.com\\\/LaGuiadPamplona\",\"https:\\\/\\\/www.instagram.com\\\/la_guia_de_pamplona\\\/\",\"https:\\\/\\\/www.youtube.com\\\/user\\\/laguiadepamplona\"]},{\"@type\":\"Person\",\"@id\":\"https:\\\/\\\/www.laguiadepamplona.com\\\/actualidad\\\/#\\\/schema\\\/person\\\/efe887376f0213d4657c93adc50b1fdb\",\"name\":\"La Gu\u00eda de Pamplona\",\"image\":{\"@type\":\"ImageObject\",\"inLanguage\":\"es\",\"@id\":\"https:\\\/\\\/secure.gravatar.com\\\/avatar\\\/b6992f131dc8d30ab0dff15446e9d346d9dbd95992de0fef795073f5ea83a81c?s=96&d=mm&r=g\",\"url\":\"https:\\\/\\\/secure.gravatar.com\\\/avatar\\\/b6992f131dc8d30ab0dff15446e9d346d9dbd95992de0fef795073f5ea83a81c?s=96&d=mm&r=g\",\"contentUrl\":\"https:\\\/\\\/secure.gravatar.com\\\/avatar\\\/b6992f131dc8d30ab0dff15446e9d346d9dbd95992de0fef795073f5ea83a81c?s=96&d=mm&r=g\",\"caption\":\"La Gu\u00eda de Pamplona\"}}]}<\/script>\n<!-- \/ Yoast SEO plugin. -->","yoast_head_json":{"title":"El Polvor\u00edn de la Ciudadela exhibe \u2018R\u00c1PIDO REM\u2019, de Miguel Leache, una reflexi\u00f3n en torno al transporte p\u00fablico y su influencia en el sue\u00f1o","description":"La exposici\u00f3n consta de 65 fotograf\u00edas en blanco y negro en diversos formatos tomadas en la red de metro de Tokio\u00a0","robots":{"index":"index","follow":"follow","max-snippet":"max-snippet:-1","max-image-preview":"max-image-preview:large","max-video-preview":"max-video-preview:-1"},"canonical":"https:\/\/www.laguiadepamplona.com\/actualidad\/el-polvorin-de-la-ciudadela-exhibe-rapido-rem-de-miguel-leache-una-reflexion-en-torno-al-transporte-publico-y-su-influencia-en-el-sueno\/","og_locale":"es_ES","og_type":"article","og_title":"El Polvor\u00edn de la Ciudadela exhibe \u2018R\u00c1PIDO REM\u2019, de Miguel Leache, una reflexi\u00f3n en torno al transporte p\u00fablico y su influencia en el sue\u00f1o","og_description":"La exposici\u00f3n consta de 65 fotograf\u00edas en blanco y negro en diversos formatos tomadas en la red de metro de Tokio\u00a0","og_url":"https:\/\/www.laguiadepamplona.com\/actualidad\/el-polvorin-de-la-ciudadela-exhibe-rapido-rem-de-miguel-leache-una-reflexion-en-torno-al-transporte-publico-y-su-influencia-en-el-sueno\/","og_site_name":"La Gu\u00eda de Pamplona","article_publisher":"https:\/\/www.facebook.com\/laguiadepamplonacom-133175176762273\/?ref=hl","article_published_time":"2023-05-12T11:00:09+00:00","og_image":[{"width":1557,"height":702,"url":"https:\/\/www.laguiadepamplona.com\/actualidad\/wp-content\/uploads\/2023\/05\/rapido-rem.webp","type":"image\/webp"}],"author":"La Gu\u00eda de Pamplona","twitter_card":"summary_large_image","twitter_creator":"@LaGuiadPamplona","twitter_site":"@LaGuiadPamplona","twitter_misc":{"Escrito por":"La Gu\u00eda de Pamplona","Tiempo de lectura":"3 minutos"},"schema":{"@context":"https:\/\/schema.org","@graph":[{"@type":"Article","@id":"https:\/\/www.laguiadepamplona.com\/actualidad\/el-polvorin-de-la-ciudadela-exhibe-rapido-rem-de-miguel-leache-una-reflexion-en-torno-al-transporte-publico-y-su-influencia-en-el-sueno\/#article","isPartOf":{"@id":"https:\/\/www.laguiadepamplona.com\/actualidad\/el-polvorin-de-la-ciudadela-exhibe-rapido-rem-de-miguel-leache-una-reflexion-en-torno-al-transporte-publico-y-su-influencia-en-el-sueno\/"},"author":{"name":"La Gu\u00eda de Pamplona","@id":"https:\/\/www.laguiadepamplona.com\/actualidad\/#\/schema\/person\/efe887376f0213d4657c93adc50b1fdb"},"headline":"El Polvor\u00edn de la Ciudadela exhibe \u2018R\u00c1PIDO REM\u2019, de Miguel Leache, una reflexi\u00f3n en torno al transporte p\u00fablico y su influencia en el sue\u00f1o","datePublished":"2023-05-12T11:00:09+00:00","mainEntityOfPage":{"@id":"https:\/\/www.laguiadepamplona.com\/actualidad\/el-polvorin-de-la-ciudadela-exhibe-rapido-rem-de-miguel-leache-una-reflexion-en-torno-al-transporte-publico-y-su-influencia-en-el-sueno\/"},"wordCount":625,"commentCount":0,"publisher":{"@id":"https:\/\/www.laguiadepamplona.com\/actualidad\/#organization"},"image":{"@id":"https:\/\/www.laguiadepamplona.com\/actualidad\/el-polvorin-de-la-ciudadela-exhibe-rapido-rem-de-miguel-leache-una-reflexion-en-torno-al-transporte-publico-y-su-influencia-en-el-sueno\/#primaryimage"},"thumbnailUrl":"https:\/\/www.laguiadepamplona.com\/actualidad\/wp-content\/uploads\/2023\/05\/rapido-rem.webp","articleSection":["Ayto Pamplona"],"inLanguage":"es","potentialAction":[{"@type":"CommentAction","name":"Comment","target":["https:\/\/www.laguiadepamplona.com\/actualidad\/el-polvorin-de-la-ciudadela-exhibe-rapido-rem-de-miguel-leache-una-reflexion-en-torno-al-transporte-publico-y-su-influencia-en-el-sueno\/#respond"]}]},{"@type":"WebPage","@id":"https:\/\/www.laguiadepamplona.com\/actualidad\/el-polvorin-de-la-ciudadela-exhibe-rapido-rem-de-miguel-leache-una-reflexion-en-torno-al-transporte-publico-y-su-influencia-en-el-sueno\/","url":"https:\/\/www.laguiadepamplona.com\/actualidad\/el-polvorin-de-la-ciudadela-exhibe-rapido-rem-de-miguel-leache-una-reflexion-en-torno-al-transporte-publico-y-su-influencia-en-el-sueno\/","name":"El Polvor\u00edn de la Ciudadela exhibe \u2018R\u00c1PIDO REM\u2019, de Miguel Leache, una reflexi\u00f3n en torno al transporte p\u00fablico y su influencia en el sue\u00f1o","isPartOf":{"@id":"https:\/\/www.laguiadepamplona.com\/actualidad\/#website"},"primaryImageOfPage":{"@id":"https:\/\/www.laguiadepamplona.com\/actualidad\/el-polvorin-de-la-ciudadela-exhibe-rapido-rem-de-miguel-leache-una-reflexion-en-torno-al-transporte-publico-y-su-influencia-en-el-sueno\/#primaryimage"},"image":{"@id":"https:\/\/www.laguiadepamplona.com\/actualidad\/el-polvorin-de-la-ciudadela-exhibe-rapido-rem-de-miguel-leache-una-reflexion-en-torno-al-transporte-publico-y-su-influencia-en-el-sueno\/#primaryimage"},"thumbnailUrl":"https:\/\/www.laguiadepamplona.com\/actualidad\/wp-content\/uploads\/2023\/05\/rapido-rem.webp","datePublished":"2023-05-12T11:00:09+00:00","description":"La exposici\u00f3n consta de 65 fotograf\u00edas en blanco y negro en diversos formatos tomadas en la red de metro de Tokio\u00a0","breadcrumb":{"@id":"https:\/\/www.laguiadepamplona.com\/actualidad\/el-polvorin-de-la-ciudadela-exhibe-rapido-rem-de-miguel-leache-una-reflexion-en-torno-al-transporte-publico-y-su-influencia-en-el-sueno\/#breadcrumb"},"inLanguage":"es","potentialAction":[{"@type":"ReadAction","target":["https:\/\/www.laguiadepamplona.com\/actualidad\/el-polvorin-de-la-ciudadela-exhibe-rapido-rem-de-miguel-leache-una-reflexion-en-torno-al-transporte-publico-y-su-influencia-en-el-sueno\/"]}]},{"@type":"ImageObject","inLanguage":"es","@id":"https:\/\/www.laguiadepamplona.com\/actualidad\/el-polvorin-de-la-ciudadela-exhibe-rapido-rem-de-miguel-leache-una-reflexion-en-torno-al-transporte-publico-y-su-influencia-en-el-sueno\/#primaryimage","url":"https:\/\/www.laguiadepamplona.com\/actualidad\/wp-content\/uploads\/2023\/05\/rapido-rem.webp","contentUrl":"https:\/\/www.laguiadepamplona.com\/actualidad\/wp-content\/uploads\/2023\/05\/rapido-rem.webp","width":1557,"height":702},{"@type":"BreadcrumbList","@id":"https:\/\/www.laguiadepamplona.com\/actualidad\/el-polvorin-de-la-ciudadela-exhibe-rapido-rem-de-miguel-leache-una-reflexion-en-torno-al-transporte-publico-y-su-influencia-en-el-sueno\/#breadcrumb","itemListElement":[{"@type":"ListItem","position":1,"name":"Portada","item":"https:\/\/www.laguiadepamplona.com\/actualidad\/"},{"@type":"ListItem","position":2,"name":"El Polvor\u00edn de la Ciudadela exhibe \u2018R\u00c1PIDO REM\u2019, de Miguel Leache, una reflexi\u00f3n en torno al transporte p\u00fablico y su influencia en el sue\u00f1o"}]},{"@type":"WebSite","@id":"https:\/\/www.laguiadepamplona.com\/actualidad\/#website","url":"https:\/\/www.laguiadepamplona.com\/actualidad\/","name":"La gu\u00eda de Pamplona","description":"Noticias de Pamplona","publisher":{"@id":"https:\/\/www.laguiadepamplona.com\/actualidad\/#organization"},"potentialAction":[{"@type":"SearchAction","target":{"@type":"EntryPoint","urlTemplate":"https:\/\/www.laguiadepamplona.com\/actualidad\/?s={search_term_string}"},"query-input":{"@type":"PropertyValueSpecification","valueRequired":true,"valueName":"search_term_string"}}],"inLanguage":"es"},{"@type":"Organization","@id":"https:\/\/www.laguiadepamplona.com\/actualidad\/#organization","name":"La Gu\u00eda de Pamplona \/ Noticias","url":"https:\/\/www.laguiadepamplona.com\/actualidad\/","logo":{"@type":"ImageObject","inLanguage":"es","@id":"https:\/\/www.laguiadepamplona.com\/actualidad\/#\/schema\/logo\/image\/","url":"https:\/\/www.laguiadepamplona.com\/actualidad\/wp-content\/uploads\/2018\/11\/logo-laguiadepamplona18-web1.png","contentUrl":"https:\/\/www.laguiadepamplona.com\/actualidad\/wp-content\/uploads\/2018\/11\/logo-laguiadepamplona18-web1.png","width":600,"height":196,"caption":"La Gu\u00eda de Pamplona \/ Noticias"},"image":{"@id":"https:\/\/www.laguiadepamplona.com\/actualidad\/#\/schema\/logo\/image\/"},"sameAs":["https:\/\/www.facebook.com\/laguiadepamplonacom-133175176762273\/?ref=hl","https:\/\/x.com\/LaGuiadPamplona","https:\/\/www.instagram.com\/la_guia_de_pamplona\/","https:\/\/www.youtube.com\/user\/laguiadepamplona"]},{"@type":"Person","@id":"https:\/\/www.laguiadepamplona.com\/actualidad\/#\/schema\/person\/efe887376f0213d4657c93adc50b1fdb","name":"La Gu\u00eda de Pamplona","image":{"@type":"ImageObject","inLanguage":"es","@id":"https:\/\/secure.gravatar.com\/avatar\/b6992f131dc8d30ab0dff15446e9d346d9dbd95992de0fef795073f5ea83a81c?s=96&d=mm&r=g","url":"https:\/\/secure.gravatar.com\/avatar\/b6992f131dc8d30ab0dff15446e9d346d9dbd95992de0fef795073f5ea83a81c?s=96&d=mm&r=g","contentUrl":"https:\/\/secure.gravatar.com\/avatar\/b6992f131dc8d30ab0dff15446e9d346d9dbd95992de0fef795073f5ea83a81c?s=96&d=mm&r=g","caption":"La Gu\u00eda de Pamplona"}}]}},"post_mailing_queue_ids":[],"_links":{"self":[{"href":"https:\/\/www.laguiadepamplona.com\/actualidad\/wp-json\/wp\/v2\/posts\/46666","targetHints":{"allow":["GET"]}}],"collection":[{"href":"https:\/\/www.laguiadepamplona.com\/actualidad\/wp-json\/wp\/v2\/posts"}],"about":[{"href":"https:\/\/www.laguiadepamplona.com\/actualidad\/wp-json\/wp\/v2\/types\/post"}],"author":[{"embeddable":true,"href":"https:\/\/www.laguiadepamplona.com\/actualidad\/wp-json\/wp\/v2\/users\/1"}],"replies":[{"embeddable":true,"href":"https:\/\/www.laguiadepamplona.com\/actualidad\/wp-json\/wp\/v2\/comments?post=46666"}],"version-history":[{"count":1,"href":"https:\/\/www.laguiadepamplona.com\/actualidad\/wp-json\/wp\/v2\/posts\/46666\/revisions"}],"predecessor-version":[{"id":46668,"href":"https:\/\/www.laguiadepamplona.com\/actualidad\/wp-json\/wp\/v2\/posts\/46666\/revisions\/46668"}],"wp:featuredmedia":[{"embeddable":true,"href":"https:\/\/www.laguiadepamplona.com\/actualidad\/wp-json\/wp\/v2\/media\/46667"}],"wp:attachment":[{"href":"https:\/\/www.laguiadepamplona.com\/actualidad\/wp-json\/wp\/v2\/media?parent=46666"}],"wp:term":[{"taxonomy":"category","embeddable":true,"href":"https:\/\/www.laguiadepamplona.com\/actualidad\/wp-json\/wp\/v2\/categories?post=46666"},{"taxonomy":"post_tag","embeddable":true,"href":"https:\/\/www.laguiadepamplona.com\/actualidad\/wp-json\/wp\/v2\/tags?post=46666"}],"curies":[{"name":"wp","href":"https:\/\/api.w.org\/{rel}","templated":true}]}}