{"id":46663,"date":"2023-05-12T12:58:11","date_gmt":"2023-05-12T10:58:11","guid":{"rendered":"https:\/\/www.laguiadepamplona.com\/actualidad\/?p=46663"},"modified":"2023-05-12T12:58:11","modified_gmt":"2023-05-12T10:58:11","slug":"la-escuela-de-musica-joaquin-maya-acoge-este-domingo-por-la-manana-el-segundo-encuentro-de-trompas-de-pamplona-con-interpretes-de-diferentes-comunidades","status":"publish","type":"post","link":"https:\/\/www.laguiadepamplona.com\/actualidad\/la-escuela-de-musica-joaquin-maya-acoge-este-domingo-por-la-manana-el-segundo-encuentro-de-trompas-de-pamplona-con-interpretes-de-diferentes-comunidades\/","title":{"rendered":"La Escuela de M\u00fasica Joaqu\u00edn Maya acoge este domingo por la ma\u00f1ana el segundo Encuentro de Trompas de Pamplona, con int\u00e9rpretes de diferentes comunidades"},"content":{"rendered":"<h3>El encuentro ofrecer\u00e1 una peque\u00f1a actuaci\u00f3n a las 12.30 en la Ciudadela, frente a la Sala de Armas o en el interior, en caso de lluvia<\/h3>\n<p><!--more--><\/p>\n<p>La Escuela Especial de M\u00fasica Joaqu\u00edn Maya acoge este domingo el II Encuentro de Trompas de Pamplona. Trompistas de la Comarca de Pamplona y de otras localidades se reunir\u00e1n para dar visibilidad a su instrumento. Entre ellos, est\u00e1 confirmada la presencia de m\u00fasicos profesionales de la Orquesta Sinf\u00f3nica de Navarra (OSN), de la Banda de M\u00fasica de Pamplona La Pamplonesa o la banda municipal de Barakaldo.<br \/>\n<script async src=\"\/\/pagead2.googlesyndication.com\/pagead\/js\/adsbygoogle.js\"><\/script><br \/>\n<!-- Noticias La Guia de Pamplona --><br \/>\n<ins class=\"adsbygoogle\"\nstyle=\"display:block\"\ndata-ad-client=\"ca-pub-6943679897239327\"\ndata-ad-slot=\"7048180777\"\ndata-ad-format=\"auto\"><\/ins><br \/>\n<script>\n(adsbygoogle = window.adsbygoogle || []).push({});\n<\/script><\/p>\n<p>Este encuentro tambi\u00e9n intenta ser una actividad pedag\u00f3gica, en cuanto puede ser fuente de motivaci\u00f3n para el alumnado de las escuelas, al compartir con otros muchos int\u00e9rpretes la afici\u00f3n por la m\u00fasica. Los trompistas iniciar\u00e1n la jornada con un encuentro en la Escuela de M\u00fasica, en la calle General Chinchilla. A continuaci\u00f3n, se desplazar\u00e1n hasta la Ciudadela para ofrecer a las 12.30 horas una breve actuaci\u00f3n en el exterior de la Sala de Armas. En caso de meteorolog\u00eda adversa, el concierto se realizar\u00e1 en el interior de la Sala de Armas.<\/p>\n<p>En esta segunda edici\u00f3n se espera alcanzar una participaci\u00f3n similar a la del a\u00f1o pasado, cuando se reunieron m\u00e1s de 80 m\u00fasicos de orquestas profesionales, bandas, conservatorios y escuelas de m\u00fasica. Adem\u00e1s de los ya mencionados, acudir\u00e1n, entre otros, alumnado y profesorado del Conservatorio Francisco Escudero de Donostia-San Sebasti\u00e1n, Conservatorio de Calahorra, Conservatorio Profesional de M\u00fasica Pablo Sarasate de Pamplona o el Conservatorio Superior de M\u00fasica de Navarra (CSMN) de Pamplona, y de escuelas de m\u00fasica como Luis Morondo de Bara\u00f1ain, Azpeitia, Elgoibar, Tudela, Azkoitia, Zumarraga y la propia Escuela de M\u00fasica Joaqu\u00edn Maya.<br \/>\n<script async src=\"\/\/pagead2.googlesyndication.com\/pagead\/js\/adsbygoogle.js\"><\/script><br \/>\n<!-- Noticias La Guia de Pamplona --><br \/>\n<ins class=\"adsbygoogle\"\nstyle=\"display:block\"\ndata-ad-client=\"ca-pub-6943679897239327\"\ndata-ad-slot=\"7048180777\"\ndata-ad-format=\"auto\"><\/ins><br \/>\n<script>\n(adsbygoogle = window.adsbygoogle || []).push({});\n<\/script><\/p>\n<p>&nbsp;<\/p>\n<h3>II Encuentro de Trompas de Pamplona. Domingo 14 de mayo<\/h3>\n<ul>\n<li>30 horas. Sala de Armas de la Ciudadela. Breve actuaci\u00f3n<\/li>\n<\/ul>\n","protected":false},"excerpt":{"rendered":"<p>El encuentro ofrecer\u00e1 una peque\u00f1a actuaci\u00f3n a las 12.30 en la Ciudadela, frente a la Sala de Armas o en el interior, en caso de lluvia<\/p>\n","protected":false},"author":1,"featured_media":46664,"comment_status":"open","ping_status":"closed","sticky":false,"template":"","format":"standard","meta":{"footnotes":""},"categories":[2],"tags":[],"class_list":["post-46663","post","type-post","status-publish","format-standard","has-post-thumbnail","hentry","category-ayuntamiento-pamplona"],"yoast_head":"<!-- This site is optimized with the Yoast SEO plugin v27.3 - https:\/\/yoast.com\/product\/yoast-seo-wordpress\/ -->\n<title>La Escuela de M\u00fasica Joaqu\u00edn Maya acoge este domingo por la ma\u00f1ana el segundo Encuentro de Trompas de Pamplona, con int\u00e9rpretes de diferentes comunidades<\/title>\n<meta name=\"description\" content=\"El encuentro ofrecer\u00e1 una peque\u00f1a actuaci\u00f3n a las 12.30 en la Ciudadela, frente a la Sala de Armas o en el interior, en caso de lluvia\" \/>\n<meta name=\"robots\" content=\"index, follow, max-snippet:-1, max-image-preview:large, max-video-preview:-1\" \/>\n<link rel=\"canonical\" href=\"https:\/\/www.laguiadepamplona.com\/actualidad\/la-escuela-de-musica-joaquin-maya-acoge-este-domingo-por-la-manana-el-segundo-encuentro-de-trompas-de-pamplona-con-interpretes-de-diferentes-comunidades\/\" \/>\n<meta property=\"og:locale\" content=\"es_ES\" \/>\n<meta property=\"og:type\" content=\"article\" \/>\n<meta property=\"og:title\" content=\"La Escuela de M\u00fasica Joaqu\u00edn Maya acoge este domingo por la ma\u00f1ana el segundo Encuentro de Trompas de Pamplona, con int\u00e9rpretes de diferentes comunidades\" \/>\n<meta property=\"og:description\" content=\"El encuentro ofrecer\u00e1 una peque\u00f1a actuaci\u00f3n a las 12.30 en la Ciudadela, frente a la Sala de Armas o en el interior, en caso de lluvia\" \/>\n<meta property=\"og:url\" content=\"https:\/\/www.laguiadepamplona.com\/actualidad\/la-escuela-de-musica-joaquin-maya-acoge-este-domingo-por-la-manana-el-segundo-encuentro-de-trompas-de-pamplona-con-interpretes-de-diferentes-comunidades\/\" \/>\n<meta property=\"og:site_name\" content=\"La Gu\u00eda de Pamplona\" \/>\n<meta property=\"article:publisher\" content=\"https:\/\/www.facebook.com\/laguiadepamplonacom-133175176762273\/?ref=hl\" \/>\n<meta property=\"article:published_time\" content=\"2023-05-12T10:58:11+00:00\" \/>\n<meta property=\"og:image\" content=\"https:\/\/www.laguiadepamplona.com\/actualidad\/wp-content\/uploads\/2023\/05\/Cartel-Encuentro-de-trompas2023.webp\" \/>\n\t<meta property=\"og:image:width\" content=\"582\" \/>\n\t<meta property=\"og:image:height\" content=\"580\" \/>\n\t<meta property=\"og:image:type\" content=\"image\/webp\" \/>\n<meta name=\"author\" content=\"La Gu\u00eda de Pamplona\" \/>\n<meta name=\"twitter:card\" content=\"summary_large_image\" \/>\n<meta name=\"twitter:creator\" content=\"@LaGuiadPamplona\" \/>\n<meta name=\"twitter:site\" content=\"@LaGuiadPamplona\" \/>\n<meta name=\"twitter:label1\" content=\"Escrito por\" \/>\n\t<meta name=\"twitter:data1\" content=\"La Gu\u00eda de Pamplona\" \/>\n\t<meta name=\"twitter:label2\" content=\"Tiempo de lectura\" \/>\n\t<meta name=\"twitter:data2\" content=\"2 minutos\" \/>\n<script type=\"application\/ld+json\" class=\"yoast-schema-graph\">{\"@context\":\"https:\\\/\\\/schema.org\",\"@graph\":[{\"@type\":\"Article\",\"@id\":\"https:\\\/\\\/www.laguiadepamplona.com\\\/actualidad\\\/la-escuela-de-musica-joaquin-maya-acoge-este-domingo-por-la-manana-el-segundo-encuentro-de-trompas-de-pamplona-con-interpretes-de-diferentes-comunidades\\\/#article\",\"isPartOf\":{\"@id\":\"https:\\\/\\\/www.laguiadepamplona.com\\\/actualidad\\\/la-escuela-de-musica-joaquin-maya-acoge-este-domingo-por-la-manana-el-segundo-encuentro-de-trompas-de-pamplona-con-interpretes-de-diferentes-comunidades\\\/\"},\"author\":{\"name\":\"La Gu\u00eda de Pamplona\",\"@id\":\"https:\\\/\\\/www.laguiadepamplona.com\\\/actualidad\\\/#\\\/schema\\\/person\\\/efe887376f0213d4657c93adc50b1fdb\"},\"headline\":\"La Escuela de M\u00fasica Joaqu\u00edn Maya acoge este domingo por la ma\u00f1ana el segundo Encuentro de Trompas de Pamplona, con int\u00e9rpretes de diferentes comunidades\",\"datePublished\":\"2023-05-12T10:58:11+00:00\",\"mainEntityOfPage\":{\"@id\":\"https:\\\/\\\/www.laguiadepamplona.com\\\/actualidad\\\/la-escuela-de-musica-joaquin-maya-acoge-este-domingo-por-la-manana-el-segundo-encuentro-de-trompas-de-pamplona-con-interpretes-de-diferentes-comunidades\\\/\"},\"wordCount\":357,\"commentCount\":0,\"publisher\":{\"@id\":\"https:\\\/\\\/www.laguiadepamplona.com\\\/actualidad\\\/#organization\"},\"image\":{\"@id\":\"https:\\\/\\\/www.laguiadepamplona.com\\\/actualidad\\\/la-escuela-de-musica-joaquin-maya-acoge-este-domingo-por-la-manana-el-segundo-encuentro-de-trompas-de-pamplona-con-interpretes-de-diferentes-comunidades\\\/#primaryimage\"},\"thumbnailUrl\":\"https:\\\/\\\/www.laguiadepamplona.com\\\/actualidad\\\/wp-content\\\/uploads\\\/2023\\\/05\\\/Cartel-Encuentro-de-trompas2023.webp\",\"articleSection\":[\"Ayto Pamplona\"],\"inLanguage\":\"es\",\"potentialAction\":[{\"@type\":\"CommentAction\",\"name\":\"Comment\",\"target\":[\"https:\\\/\\\/www.laguiadepamplona.com\\\/actualidad\\\/la-escuela-de-musica-joaquin-maya-acoge-este-domingo-por-la-manana-el-segundo-encuentro-de-trompas-de-pamplona-con-interpretes-de-diferentes-comunidades\\\/#respond\"]}]},{\"@type\":\"WebPage\",\"@id\":\"https:\\\/\\\/www.laguiadepamplona.com\\\/actualidad\\\/la-escuela-de-musica-joaquin-maya-acoge-este-domingo-por-la-manana-el-segundo-encuentro-de-trompas-de-pamplona-con-interpretes-de-diferentes-comunidades\\\/\",\"url\":\"https:\\\/\\\/www.laguiadepamplona.com\\\/actualidad\\\/la-escuela-de-musica-joaquin-maya-acoge-este-domingo-por-la-manana-el-segundo-encuentro-de-trompas-de-pamplona-con-interpretes-de-diferentes-comunidades\\\/\",\"name\":\"La Escuela de M\u00fasica Joaqu\u00edn Maya acoge este domingo por la ma\u00f1ana el segundo Encuentro de Trompas de Pamplona, con int\u00e9rpretes de diferentes comunidades\",\"isPartOf\":{\"@id\":\"https:\\\/\\\/www.laguiadepamplona.com\\\/actualidad\\\/#website\"},\"primaryImageOfPage\":{\"@id\":\"https:\\\/\\\/www.laguiadepamplona.com\\\/actualidad\\\/la-escuela-de-musica-joaquin-maya-acoge-este-domingo-por-la-manana-el-segundo-encuentro-de-trompas-de-pamplona-con-interpretes-de-diferentes-comunidades\\\/#primaryimage\"},\"image\":{\"@id\":\"https:\\\/\\\/www.laguiadepamplona.com\\\/actualidad\\\/la-escuela-de-musica-joaquin-maya-acoge-este-domingo-por-la-manana-el-segundo-encuentro-de-trompas-de-pamplona-con-interpretes-de-diferentes-comunidades\\\/#primaryimage\"},\"thumbnailUrl\":\"https:\\\/\\\/www.laguiadepamplona.com\\\/actualidad\\\/wp-content\\\/uploads\\\/2023\\\/05\\\/Cartel-Encuentro-de-trompas2023.webp\",\"datePublished\":\"2023-05-12T10:58:11+00:00\",\"description\":\"El encuentro ofrecer\u00e1 una peque\u00f1a actuaci\u00f3n a las 12.30 en la Ciudadela, frente a la Sala de Armas o en el interior, en caso de lluvia\",\"breadcrumb\":{\"@id\":\"https:\\\/\\\/www.laguiadepamplona.com\\\/actualidad\\\/la-escuela-de-musica-joaquin-maya-acoge-este-domingo-por-la-manana-el-segundo-encuentro-de-trompas-de-pamplona-con-interpretes-de-diferentes-comunidades\\\/#breadcrumb\"},\"inLanguage\":\"es\",\"potentialAction\":[{\"@type\":\"ReadAction\",\"target\":[\"https:\\\/\\\/www.laguiadepamplona.com\\\/actualidad\\\/la-escuela-de-musica-joaquin-maya-acoge-este-domingo-por-la-manana-el-segundo-encuentro-de-trompas-de-pamplona-con-interpretes-de-diferentes-comunidades\\\/\"]}]},{\"@type\":\"ImageObject\",\"inLanguage\":\"es\",\"@id\":\"https:\\\/\\\/www.laguiadepamplona.com\\\/actualidad\\\/la-escuela-de-musica-joaquin-maya-acoge-este-domingo-por-la-manana-el-segundo-encuentro-de-trompas-de-pamplona-con-interpretes-de-diferentes-comunidades\\\/#primaryimage\",\"url\":\"https:\\\/\\\/www.laguiadepamplona.com\\\/actualidad\\\/wp-content\\\/uploads\\\/2023\\\/05\\\/Cartel-Encuentro-de-trompas2023.webp\",\"contentUrl\":\"https:\\\/\\\/www.laguiadepamplona.com\\\/actualidad\\\/wp-content\\\/uploads\\\/2023\\\/05\\\/Cartel-Encuentro-de-trompas2023.webp\",\"width\":582,\"height\":580},{\"@type\":\"BreadcrumbList\",\"@id\":\"https:\\\/\\\/www.laguiadepamplona.com\\\/actualidad\\\/la-escuela-de-musica-joaquin-maya-acoge-este-domingo-por-la-manana-el-segundo-encuentro-de-trompas-de-pamplona-con-interpretes-de-diferentes-comunidades\\\/#breadcrumb\",\"itemListElement\":[{\"@type\":\"ListItem\",\"position\":1,\"name\":\"Portada\",\"item\":\"https:\\\/\\\/www.laguiadepamplona.com\\\/actualidad\\\/\"},{\"@type\":\"ListItem\",\"position\":2,\"name\":\"La Escuela de M\u00fasica Joaqu\u00edn Maya acoge este domingo por la ma\u00f1ana el segundo Encuentro de Trompas de Pamplona, con int\u00e9rpretes de diferentes comunidades\"}]},{\"@type\":\"WebSite\",\"@id\":\"https:\\\/\\\/www.laguiadepamplona.com\\\/actualidad\\\/#website\",\"url\":\"https:\\\/\\\/www.laguiadepamplona.com\\\/actualidad\\\/\",\"name\":\"La gu\u00eda de Pamplona\",\"description\":\"Noticias de Pamplona\",\"publisher\":{\"@id\":\"https:\\\/\\\/www.laguiadepamplona.com\\\/actualidad\\\/#organization\"},\"potentialAction\":[{\"@type\":\"SearchAction\",\"target\":{\"@type\":\"EntryPoint\",\"urlTemplate\":\"https:\\\/\\\/www.laguiadepamplona.com\\\/actualidad\\\/?s={search_term_string}\"},\"query-input\":{\"@type\":\"PropertyValueSpecification\",\"valueRequired\":true,\"valueName\":\"search_term_string\"}}],\"inLanguage\":\"es\"},{\"@type\":\"Organization\",\"@id\":\"https:\\\/\\\/www.laguiadepamplona.com\\\/actualidad\\\/#organization\",\"name\":\"La Gu\u00eda de Pamplona \\\/ Noticias\",\"url\":\"https:\\\/\\\/www.laguiadepamplona.com\\\/actualidad\\\/\",\"logo\":{\"@type\":\"ImageObject\",\"inLanguage\":\"es\",\"@id\":\"https:\\\/\\\/www.laguiadepamplona.com\\\/actualidad\\\/#\\\/schema\\\/logo\\\/image\\\/\",\"url\":\"https:\\\/\\\/www.laguiadepamplona.com\\\/actualidad\\\/wp-content\\\/uploads\\\/2018\\\/11\\\/logo-laguiadepamplona18-web1.png\",\"contentUrl\":\"https:\\\/\\\/www.laguiadepamplona.com\\\/actualidad\\\/wp-content\\\/uploads\\\/2018\\\/11\\\/logo-laguiadepamplona18-web1.png\",\"width\":600,\"height\":196,\"caption\":\"La Gu\u00eda de Pamplona \\\/ Noticias\"},\"image\":{\"@id\":\"https:\\\/\\\/www.laguiadepamplona.com\\\/actualidad\\\/#\\\/schema\\\/logo\\\/image\\\/\"},\"sameAs\":[\"https:\\\/\\\/www.facebook.com\\\/laguiadepamplonacom-133175176762273\\\/?ref=hl\",\"https:\\\/\\\/x.com\\\/LaGuiadPamplona\",\"https:\\\/\\\/www.instagram.com\\\/la_guia_de_pamplona\\\/\",\"https:\\\/\\\/www.youtube.com\\\/user\\\/laguiadepamplona\"]},{\"@type\":\"Person\",\"@id\":\"https:\\\/\\\/www.laguiadepamplona.com\\\/actualidad\\\/#\\\/schema\\\/person\\\/efe887376f0213d4657c93adc50b1fdb\",\"name\":\"La Gu\u00eda de Pamplona\",\"image\":{\"@type\":\"ImageObject\",\"inLanguage\":\"es\",\"@id\":\"https:\\\/\\\/secure.gravatar.com\\\/avatar\\\/b6992f131dc8d30ab0dff15446e9d346d9dbd95992de0fef795073f5ea83a81c?s=96&d=mm&r=g\",\"url\":\"https:\\\/\\\/secure.gravatar.com\\\/avatar\\\/b6992f131dc8d30ab0dff15446e9d346d9dbd95992de0fef795073f5ea83a81c?s=96&d=mm&r=g\",\"contentUrl\":\"https:\\\/\\\/secure.gravatar.com\\\/avatar\\\/b6992f131dc8d30ab0dff15446e9d346d9dbd95992de0fef795073f5ea83a81c?s=96&d=mm&r=g\",\"caption\":\"La Gu\u00eda de Pamplona\"}}]}<\/script>\n<!-- \/ Yoast SEO plugin. -->","yoast_head_json":{"title":"La Escuela de M\u00fasica Joaqu\u00edn Maya acoge este domingo por la ma\u00f1ana el segundo Encuentro de Trompas de Pamplona, con int\u00e9rpretes de diferentes comunidades","description":"El encuentro ofrecer\u00e1 una peque\u00f1a actuaci\u00f3n a las 12.30 en la Ciudadela, frente a la Sala de Armas o en el interior, en caso de lluvia","robots":{"index":"index","follow":"follow","max-snippet":"max-snippet:-1","max-image-preview":"max-image-preview:large","max-video-preview":"max-video-preview:-1"},"canonical":"https:\/\/www.laguiadepamplona.com\/actualidad\/la-escuela-de-musica-joaquin-maya-acoge-este-domingo-por-la-manana-el-segundo-encuentro-de-trompas-de-pamplona-con-interpretes-de-diferentes-comunidades\/","og_locale":"es_ES","og_type":"article","og_title":"La Escuela de M\u00fasica Joaqu\u00edn Maya acoge este domingo por la ma\u00f1ana el segundo Encuentro de Trompas de Pamplona, con int\u00e9rpretes de diferentes comunidades","og_description":"El encuentro ofrecer\u00e1 una peque\u00f1a actuaci\u00f3n a las 12.30 en la Ciudadela, frente a la Sala de Armas o en el interior, en caso de lluvia","og_url":"https:\/\/www.laguiadepamplona.com\/actualidad\/la-escuela-de-musica-joaquin-maya-acoge-este-domingo-por-la-manana-el-segundo-encuentro-de-trompas-de-pamplona-con-interpretes-de-diferentes-comunidades\/","og_site_name":"La Gu\u00eda de Pamplona","article_publisher":"https:\/\/www.facebook.com\/laguiadepamplonacom-133175176762273\/?ref=hl","article_published_time":"2023-05-12T10:58:11+00:00","og_image":[{"width":582,"height":580,"url":"https:\/\/www.laguiadepamplona.com\/actualidad\/wp-content\/uploads\/2023\/05\/Cartel-Encuentro-de-trompas2023.webp","type":"image\/webp"}],"author":"La Gu\u00eda de Pamplona","twitter_card":"summary_large_image","twitter_creator":"@LaGuiadPamplona","twitter_site":"@LaGuiadPamplona","twitter_misc":{"Escrito por":"La Gu\u00eda de Pamplona","Tiempo de lectura":"2 minutos"},"schema":{"@context":"https:\/\/schema.org","@graph":[{"@type":"Article","@id":"https:\/\/www.laguiadepamplona.com\/actualidad\/la-escuela-de-musica-joaquin-maya-acoge-este-domingo-por-la-manana-el-segundo-encuentro-de-trompas-de-pamplona-con-interpretes-de-diferentes-comunidades\/#article","isPartOf":{"@id":"https:\/\/www.laguiadepamplona.com\/actualidad\/la-escuela-de-musica-joaquin-maya-acoge-este-domingo-por-la-manana-el-segundo-encuentro-de-trompas-de-pamplona-con-interpretes-de-diferentes-comunidades\/"},"author":{"name":"La Gu\u00eda de Pamplona","@id":"https:\/\/www.laguiadepamplona.com\/actualidad\/#\/schema\/person\/efe887376f0213d4657c93adc50b1fdb"},"headline":"La Escuela de M\u00fasica Joaqu\u00edn Maya acoge este domingo por la ma\u00f1ana el segundo Encuentro de Trompas de Pamplona, con int\u00e9rpretes de diferentes comunidades","datePublished":"2023-05-12T10:58:11+00:00","mainEntityOfPage":{"@id":"https:\/\/www.laguiadepamplona.com\/actualidad\/la-escuela-de-musica-joaquin-maya-acoge-este-domingo-por-la-manana-el-segundo-encuentro-de-trompas-de-pamplona-con-interpretes-de-diferentes-comunidades\/"},"wordCount":357,"commentCount":0,"publisher":{"@id":"https:\/\/www.laguiadepamplona.com\/actualidad\/#organization"},"image":{"@id":"https:\/\/www.laguiadepamplona.com\/actualidad\/la-escuela-de-musica-joaquin-maya-acoge-este-domingo-por-la-manana-el-segundo-encuentro-de-trompas-de-pamplona-con-interpretes-de-diferentes-comunidades\/#primaryimage"},"thumbnailUrl":"https:\/\/www.laguiadepamplona.com\/actualidad\/wp-content\/uploads\/2023\/05\/Cartel-Encuentro-de-trompas2023.webp","articleSection":["Ayto Pamplona"],"inLanguage":"es","potentialAction":[{"@type":"CommentAction","name":"Comment","target":["https:\/\/www.laguiadepamplona.com\/actualidad\/la-escuela-de-musica-joaquin-maya-acoge-este-domingo-por-la-manana-el-segundo-encuentro-de-trompas-de-pamplona-con-interpretes-de-diferentes-comunidades\/#respond"]}]},{"@type":"WebPage","@id":"https:\/\/www.laguiadepamplona.com\/actualidad\/la-escuela-de-musica-joaquin-maya-acoge-este-domingo-por-la-manana-el-segundo-encuentro-de-trompas-de-pamplona-con-interpretes-de-diferentes-comunidades\/","url":"https:\/\/www.laguiadepamplona.com\/actualidad\/la-escuela-de-musica-joaquin-maya-acoge-este-domingo-por-la-manana-el-segundo-encuentro-de-trompas-de-pamplona-con-interpretes-de-diferentes-comunidades\/","name":"La Escuela de M\u00fasica Joaqu\u00edn Maya acoge este domingo por la ma\u00f1ana el segundo Encuentro de Trompas de Pamplona, con int\u00e9rpretes de diferentes comunidades","isPartOf":{"@id":"https:\/\/www.laguiadepamplona.com\/actualidad\/#website"},"primaryImageOfPage":{"@id":"https:\/\/www.laguiadepamplona.com\/actualidad\/la-escuela-de-musica-joaquin-maya-acoge-este-domingo-por-la-manana-el-segundo-encuentro-de-trompas-de-pamplona-con-interpretes-de-diferentes-comunidades\/#primaryimage"},"image":{"@id":"https:\/\/www.laguiadepamplona.com\/actualidad\/la-escuela-de-musica-joaquin-maya-acoge-este-domingo-por-la-manana-el-segundo-encuentro-de-trompas-de-pamplona-con-interpretes-de-diferentes-comunidades\/#primaryimage"},"thumbnailUrl":"https:\/\/www.laguiadepamplona.com\/actualidad\/wp-content\/uploads\/2023\/05\/Cartel-Encuentro-de-trompas2023.webp","datePublished":"2023-05-12T10:58:11+00:00","description":"El encuentro ofrecer\u00e1 una peque\u00f1a actuaci\u00f3n a las 12.30 en la Ciudadela, frente a la Sala de Armas o en el interior, en caso de lluvia","breadcrumb":{"@id":"https:\/\/www.laguiadepamplona.com\/actualidad\/la-escuela-de-musica-joaquin-maya-acoge-este-domingo-por-la-manana-el-segundo-encuentro-de-trompas-de-pamplona-con-interpretes-de-diferentes-comunidades\/#breadcrumb"},"inLanguage":"es","potentialAction":[{"@type":"ReadAction","target":["https:\/\/www.laguiadepamplona.com\/actualidad\/la-escuela-de-musica-joaquin-maya-acoge-este-domingo-por-la-manana-el-segundo-encuentro-de-trompas-de-pamplona-con-interpretes-de-diferentes-comunidades\/"]}]},{"@type":"ImageObject","inLanguage":"es","@id":"https:\/\/www.laguiadepamplona.com\/actualidad\/la-escuela-de-musica-joaquin-maya-acoge-este-domingo-por-la-manana-el-segundo-encuentro-de-trompas-de-pamplona-con-interpretes-de-diferentes-comunidades\/#primaryimage","url":"https:\/\/www.laguiadepamplona.com\/actualidad\/wp-content\/uploads\/2023\/05\/Cartel-Encuentro-de-trompas2023.webp","contentUrl":"https:\/\/www.laguiadepamplona.com\/actualidad\/wp-content\/uploads\/2023\/05\/Cartel-Encuentro-de-trompas2023.webp","width":582,"height":580},{"@type":"BreadcrumbList","@id":"https:\/\/www.laguiadepamplona.com\/actualidad\/la-escuela-de-musica-joaquin-maya-acoge-este-domingo-por-la-manana-el-segundo-encuentro-de-trompas-de-pamplona-con-interpretes-de-diferentes-comunidades\/#breadcrumb","itemListElement":[{"@type":"ListItem","position":1,"name":"Portada","item":"https:\/\/www.laguiadepamplona.com\/actualidad\/"},{"@type":"ListItem","position":2,"name":"La Escuela de M\u00fasica Joaqu\u00edn Maya acoge este domingo por la ma\u00f1ana el segundo Encuentro de Trompas de Pamplona, con int\u00e9rpretes de diferentes comunidades"}]},{"@type":"WebSite","@id":"https:\/\/www.laguiadepamplona.com\/actualidad\/#website","url":"https:\/\/www.laguiadepamplona.com\/actualidad\/","name":"La gu\u00eda de Pamplona","description":"Noticias de Pamplona","publisher":{"@id":"https:\/\/www.laguiadepamplona.com\/actualidad\/#organization"},"potentialAction":[{"@type":"SearchAction","target":{"@type":"EntryPoint","urlTemplate":"https:\/\/www.laguiadepamplona.com\/actualidad\/?s={search_term_string}"},"query-input":{"@type":"PropertyValueSpecification","valueRequired":true,"valueName":"search_term_string"}}],"inLanguage":"es"},{"@type":"Organization","@id":"https:\/\/www.laguiadepamplona.com\/actualidad\/#organization","name":"La Gu\u00eda de Pamplona \/ Noticias","url":"https:\/\/www.laguiadepamplona.com\/actualidad\/","logo":{"@type":"ImageObject","inLanguage":"es","@id":"https:\/\/www.laguiadepamplona.com\/actualidad\/#\/schema\/logo\/image\/","url":"https:\/\/www.laguiadepamplona.com\/actualidad\/wp-content\/uploads\/2018\/11\/logo-laguiadepamplona18-web1.png","contentUrl":"https:\/\/www.laguiadepamplona.com\/actualidad\/wp-content\/uploads\/2018\/11\/logo-laguiadepamplona18-web1.png","width":600,"height":196,"caption":"La Gu\u00eda de Pamplona \/ Noticias"},"image":{"@id":"https:\/\/www.laguiadepamplona.com\/actualidad\/#\/schema\/logo\/image\/"},"sameAs":["https:\/\/www.facebook.com\/laguiadepamplonacom-133175176762273\/?ref=hl","https:\/\/x.com\/LaGuiadPamplona","https:\/\/www.instagram.com\/la_guia_de_pamplona\/","https:\/\/www.youtube.com\/user\/laguiadepamplona"]},{"@type":"Person","@id":"https:\/\/www.laguiadepamplona.com\/actualidad\/#\/schema\/person\/efe887376f0213d4657c93adc50b1fdb","name":"La Gu\u00eda de Pamplona","image":{"@type":"ImageObject","inLanguage":"es","@id":"https:\/\/secure.gravatar.com\/avatar\/b6992f131dc8d30ab0dff15446e9d346d9dbd95992de0fef795073f5ea83a81c?s=96&d=mm&r=g","url":"https:\/\/secure.gravatar.com\/avatar\/b6992f131dc8d30ab0dff15446e9d346d9dbd95992de0fef795073f5ea83a81c?s=96&d=mm&r=g","contentUrl":"https:\/\/secure.gravatar.com\/avatar\/b6992f131dc8d30ab0dff15446e9d346d9dbd95992de0fef795073f5ea83a81c?s=96&d=mm&r=g","caption":"La Gu\u00eda de Pamplona"}}]}},"post_mailing_queue_ids":[],"_links":{"self":[{"href":"https:\/\/www.laguiadepamplona.com\/actualidad\/wp-json\/wp\/v2\/posts\/46663","targetHints":{"allow":["GET"]}}],"collection":[{"href":"https:\/\/www.laguiadepamplona.com\/actualidad\/wp-json\/wp\/v2\/posts"}],"about":[{"href":"https:\/\/www.laguiadepamplona.com\/actualidad\/wp-json\/wp\/v2\/types\/post"}],"author":[{"embeddable":true,"href":"https:\/\/www.laguiadepamplona.com\/actualidad\/wp-json\/wp\/v2\/users\/1"}],"replies":[{"embeddable":true,"href":"https:\/\/www.laguiadepamplona.com\/actualidad\/wp-json\/wp\/v2\/comments?post=46663"}],"version-history":[{"count":1,"href":"https:\/\/www.laguiadepamplona.com\/actualidad\/wp-json\/wp\/v2\/posts\/46663\/revisions"}],"predecessor-version":[{"id":46665,"href":"https:\/\/www.laguiadepamplona.com\/actualidad\/wp-json\/wp\/v2\/posts\/46663\/revisions\/46665"}],"wp:featuredmedia":[{"embeddable":true,"href":"https:\/\/www.laguiadepamplona.com\/actualidad\/wp-json\/wp\/v2\/media\/46664"}],"wp:attachment":[{"href":"https:\/\/www.laguiadepamplona.com\/actualidad\/wp-json\/wp\/v2\/media?parent=46663"}],"wp:term":[{"taxonomy":"category","embeddable":true,"href":"https:\/\/www.laguiadepamplona.com\/actualidad\/wp-json\/wp\/v2\/categories?post=46663"},{"taxonomy":"post_tag","embeddable":true,"href":"https:\/\/www.laguiadepamplona.com\/actualidad\/wp-json\/wp\/v2\/tags?post=46663"}],"curies":[{"name":"wp","href":"https:\/\/api.w.org\/{rel}","templated":true}]}}