{"id":46660,"date":"2023-05-12T12:56:14","date_gmt":"2023-05-12T10:56:14","guid":{"rendered":"https:\/\/www.laguiadepamplona.com\/actualidad\/?p=46660"},"modified":"2023-05-12T12:56:14","modified_gmt":"2023-05-12T10:56:14","slug":"kantu-eta-hitza-regresa-a-la-plaza-de-la-virgen-de-la-o-con-seis-conciertos-de-pequeno-formato-en-euskera-los-jueves-del-18-de-mayo-al-22-de-junio","status":"publish","type":"post","link":"https:\/\/www.laguiadepamplona.com\/actualidad\/kantu-eta-hitza-regresa-a-la-plaza-de-la-virgen-de-la-o-con-seis-conciertos-de-pequeno-formato-en-euskera-los-jueves-del-18-de-mayo-al-22-de-junio\/","title":{"rendered":"Kantu eta Hitza regresa a la plaza de la Virgen de la O con seis conciertos de peque\u00f1o formato en euskera los jueves del 18 de mayo al 22 de junio"},"content":{"rendered":"<h3>Actuar\u00e1n, con entrada gratuita hasta completar el aforo, Rafa Rueda, Lumi, Olaia Inziarte, Sara Azurza, Nahiak Nahi y Balerdi Balerdi<\/h3>\n<p><!--more--><\/p>\n<p>Dos a\u00f1os despu\u00e9s, el ciclo de conciertos en euskera en peque\u00f1o formato, Kantu eta Hitza, vuelve a la plaza de la Virgen de la O. La programaci\u00f3n de este a\u00f1o la conforman seis conciertos, muestra de diferentes estilos musicales, que contar\u00e1n con la presencia de Rafa Rueda, Lumi, Olaia Inziarte, Sara Azurza, Nahiak Nahi y Balerdi Balerdi. Las actuaciones tendr\u00e1n lugar los jueves, del 18 de mayo al 22 de junio, a las 20 horas, con entrada libre hasta completar el aforo. En caso de lluvia, los conciertos se trasladar\u00e1n al Patio de los Gigantes de la calle Descalzos.<br \/>\n<script async src=\"\/\/pagead2.googlesyndication.com\/pagead\/js\/adsbygoogle.js\"><\/script><br \/>\n<!-- Noticias La Guia de Pamplona --><br \/>\n<ins class=\"adsbygoogle\"\nstyle=\"display:block\"\ndata-ad-client=\"ca-pub-6943679897239327\"\ndata-ad-slot=\"7048180777\"\ndata-ad-format=\"auto\"><\/ins><br \/>\n<script>\n(adsbygoogle = window.adsbygoogle || []).push({});\n<\/script><\/p>\n<p>Abrir\u00e1 el ciclo el 18 de mayo Rafa Rueda, que repasar\u00e1 su trayectoria de m\u00e1s de dos d\u00e9cadas en la m\u00fasica vasca en un concierto que servir\u00e1 de presentaci\u00f3n de su \u00faltimo trabajo. \u201cRueda\u201d, t\u00edtulo del \u00e1lbum, combina guitarra, voz, electr\u00f3nica y literatura, conviertiendo en canci\u00f3n poemas de Joseba Sarrionandia, Elena Olave, I\u00f1igo Astiz, Mari Luz Esteban, Audre Lorde, Inge M\u00fcller y Josu Goikoetxea. Nacido en Mungia, form\u00f3 parte como cantante y guitarrista de los grupos Broken Bihotz y Pi.L.T., antes <strong>de comenzar como solista. Ha grabado cinco discos, ha participado en varios proyectos que combinan literatura y m\u00fasica y tambi\u00e9n ha ejercido de productor para otros cantantes.<\/strong><\/p>\n<p>El 25 de mayo el d\u00fao de electro-pop Lumi, formado por Nahia Zubeldia y Manu Matthys, interpretar\u00e1n los temas de su disco \u201cBezperen dirdira\u201d, publicado en 2022. Estos dos m\u00fasicos de Ziburu y San Juan de Luz han unido sus caminos recorridos por las sendas de la m\u00fasica folk y de la m\u00fasica electr\u00f3nica, vistiendo las canciones en euskera con un sonido electr\u00f3nico, logrando as\u00ed una atm\u00f3sfera \u00fanica y bella llena de melancol\u00eda y melod\u00edas irreales.<br \/>\n<script async src=\"\/\/pagead2.googlesyndication.com\/pagead\/js\/adsbygoogle.js\"><\/script><br \/>\n<!-- Noticias La Guia de Pamplona --><br \/>\n<ins class=\"adsbygoogle\"\nstyle=\"display:block\"\ndata-ad-client=\"ca-pub-6943679897239327\"\ndata-ad-slot=\"7048180777\"\ndata-ad-format=\"auto\"><\/ins><br \/>\n<script>\n(adsbygoogle = window.adsbygoogle || []).push({});\n<\/script><\/p>\n<p><strong>Cuatro conciertos m\u00e1s en junio<\/strong><\/p>\n<p>El 1 de junio la artista navarra Olaia Inziarte presenta su primer disco \u201cLehengo Lepotikan Burua\u201d, en un concierto ac\u00fastico.\u00a0 En ese trabajo converge la sonoridad m\u00e1s tradicional con la m\u00e1s vanguardista. Aunque en sus composiciones encontramos un pop oscuro, hay constantes referencias al cancionero popular navarro formando as\u00ed una serie de melod\u00edas f\u00e1ciles y alternativas, que parten desde sus propias ra\u00edces, siempre de forma \u00edntima. Adem\u00e1s de trabajar como m\u00fasica con Iker Lauroba, Joseba Tapia y Chica Sobresalto, tambi\u00e9n ha sido la voz del grupo Pleura.<\/p>\n<p>El cuarto concierto, el jueves 8 de junio, llevar\u00e1 al escenario a la donostiarra Sara Azurza. Este a\u00f1o ha sacado su primer trabajo como cantante y compositora, \u201cHemen berriro\u201d, nueve canciones que tratan sobre el ciclo emocional de la vida y reflejan distintas emociones y sentimientos que viajan sobre unas melod\u00edas que combinan estilos tan diferentes como el pop, el soul, el funky y la electr\u00f3nica.<br \/>\n<script async src=\"\/\/pagead2.googlesyndication.com\/pagead\/js\/adsbygoogle.js\"><\/script><br \/>\n<!-- Noticias La Guia de Pamplona --><br \/>\n<ins class=\"adsbygoogle\"\nstyle=\"display:block\"\ndata-ad-client=\"ca-pub-6943679897239327\"\ndata-ad-slot=\"7048180777\"\ndata-ad-format=\"auto\"><\/ins><br \/>\n<script>\n(adsbygoogle = window.adsbygoogle || []).push({});\n<\/script><\/p>\n<p>El 15 de junio ser\u00e1 el turno de Nahiak Nahi. \u201cErori behar haina\u201d es su \u00faltimo trabajo, un EP formado por 4 canciones trabajadas con mucho mimo, detalle y amor. \u201cErori behar haina\u201d, \u201cEman sua\u201d, \u201cGora!\u201d y \u201cHego berriak\u201d completan el trabajo que, ante todo, reivindica la intenci\u00f3n de hacer frente a la adversidad. Una propuesta directa, cercana y llena de complicidades. Nahiak Nahi es el nombre del grupo que lidera Nahia Ojeta, segunda generaci\u00f3n de una familia de m\u00fasicos de Burlada.<\/p>\n<p>Cerrar\u00e1 esta nueva edici\u00f3n de Kantu eta Hitza la veterana banda navarra Balerdi Balerdi, que actuar\u00e1 el 22 de junio. Presentar\u00e1n \u201cUdaberri alua\u201d, un single en vinilo compuesto por las canciones \u201cUdaberi alua\u201d y \u201cAzken Kanta\u201d. El trabajo se completa con otras dos canciones en formato digital, \u201cGurpilen antzera\u201d y \u201cBizi bedi rock\u2019n\u2019rolla\u201d. El estilo power-pop con toques folk, rythm-and-blues y country que ha caracterizado a la banda durante su trayectoria, sigue presente en estas nuevas canciones cuyas letras desarrollan, desde una nueva perspectiva, la conciencia del tiempo, tema central del anterior trabajo \u201cGaltzen ikasteko metodoa\u201d.<br \/>\n<script async src=\"\/\/pagead2.googlesyndication.com\/pagead\/js\/adsbygoogle.js\"><\/script><br \/>\n<!-- Noticias La Guia de Pamplona --><br \/>\n<ins class=\"adsbygoogle\"\nstyle=\"display:block\"\ndata-ad-client=\"ca-pub-6943679897239327\"\ndata-ad-slot=\"7048180777\"\ndata-ad-format=\"auto\"><\/ins><br \/>\n<script>\n(adsbygoogle = window.adsbygoogle || []).push({});\n<\/script><\/p>\n<p>&nbsp;<\/p>\n<h3>Kantu eta Hitza 2023. Plaza Virgen de la O<\/h3>\n<ul>\n<li>Jueves 18 de mayo, 20 horas. RAFA RUEDA. \u201cRueda\u201d<\/li>\n<li>Jueves 25 de mayo, 20 horas. LUMI. \u201cBezperen dirdira\u201d<\/li>\n<li>Jueves 1 de junio, 20 horas. OLAIA INZIARTE (akustikoa). \u201cLehengo Lepotikan Burua\u201d<\/li>\n<li>Jueves 8 de junio, 20 horas. SARA AZURZA. \u201cHemen berriro\u201d<\/li>\n<li>Jueves 15 de junio, 20 horas. NAHIAK NAHI. \u201cErori behar haina\u201d<\/li>\n<li>Jueves 22 de junio, 20 horas. Balerdi Balerdi. \u201cUdaberri alua\u201d<\/li>\n<\/ul>\n<p>&nbsp;<\/p>\n<ul>\n<li>Entrada gratuita hasta completar aforo. En caso de lluvia el concierto se trasladar\u00e1 al Patio de los Gigantes de la calle Descalzos.<\/li>\n<\/ul>\n","protected":false},"excerpt":{"rendered":"<p>Actuar\u00e1n, con entrada gratuita hasta completar el aforo, Rafa Rueda, Lumi, Olaia Inziarte, Sara Azurza, Nahiak Nahi y Balerdi Balerdi<\/p>\n","protected":false},"author":1,"featured_media":46661,"comment_status":"open","ping_status":"closed","sticky":false,"template":"","format":"standard","meta":{"footnotes":""},"categories":[2],"tags":[],"class_list":["post-46660","post","type-post","status-publish","format-standard","has-post-thumbnail","hentry","category-ayuntamiento-pamplona"],"yoast_head":"<!-- This site is optimized with the Yoast SEO plugin v27.3 - https:\/\/yoast.com\/product\/yoast-seo-wordpress\/ -->\n<title>Kantu eta Hitza regresa a la plaza de la Virgen de la O con seis conciertos de peque\u00f1o formato en euskera los jueves del 18 de mayo al 22 de junio<\/title>\n<meta name=\"description\" content=\"Actuar\u00e1n, con entrada gratuita hasta completar el aforo, Rafa Rueda, Lumi, Olaia Inziarte, Sara Azurza, Nahiak Nahi y Balerdi Balerdi\" \/>\n<meta name=\"robots\" content=\"index, follow, max-snippet:-1, max-image-preview:large, max-video-preview:-1\" \/>\n<link rel=\"canonical\" href=\"https:\/\/www.laguiadepamplona.com\/actualidad\/kantu-eta-hitza-regresa-a-la-plaza-de-la-virgen-de-la-o-con-seis-conciertos-de-pequeno-formato-en-euskera-los-jueves-del-18-de-mayo-al-22-de-junio\/\" \/>\n<meta property=\"og:locale\" content=\"es_ES\" \/>\n<meta property=\"og:type\" content=\"article\" \/>\n<meta property=\"og:title\" content=\"Kantu eta Hitza regresa a la plaza de la Virgen de la O con seis conciertos de peque\u00f1o formato en euskera los jueves del 18 de mayo al 22 de junio\" \/>\n<meta property=\"og:description\" content=\"Actuar\u00e1n, con entrada gratuita hasta completar el aforo, Rafa Rueda, Lumi, Olaia Inziarte, Sara Azurza, Nahiak Nahi y Balerdi Balerdi\" \/>\n<meta property=\"og:url\" content=\"https:\/\/www.laguiadepamplona.com\/actualidad\/kantu-eta-hitza-regresa-a-la-plaza-de-la-virgen-de-la-o-con-seis-conciertos-de-pequeno-formato-en-euskera-los-jueves-del-18-de-mayo-al-22-de-junio\/\" \/>\n<meta property=\"og:site_name\" content=\"La Gu\u00eda de Pamplona\" \/>\n<meta property=\"article:publisher\" content=\"https:\/\/www.facebook.com\/laguiadepamplonacom-133175176762273\/?ref=hl\" \/>\n<meta property=\"article:published_time\" content=\"2023-05-12T10:56:14+00:00\" \/>\n<meta property=\"og:image\" content=\"https:\/\/www.laguiadepamplona.com\/actualidad\/wp-content\/uploads\/2023\/05\/KANTU-eta-HITZA-cartel_2023.webp\" \/>\n\t<meta property=\"og:image:width\" content=\"1071\" \/>\n\t<meta property=\"og:image:height\" content=\"1500\" \/>\n\t<meta property=\"og:image:type\" content=\"image\/webp\" \/>\n<meta name=\"author\" content=\"La Gu\u00eda de Pamplona\" \/>\n<meta name=\"twitter:card\" content=\"summary_large_image\" \/>\n<meta name=\"twitter:creator\" content=\"@LaGuiadPamplona\" \/>\n<meta name=\"twitter:site\" content=\"@LaGuiadPamplona\" \/>\n<meta name=\"twitter:label1\" content=\"Escrito por\" \/>\n\t<meta name=\"twitter:data1\" content=\"La Gu\u00eda de Pamplona\" \/>\n\t<meta name=\"twitter:label2\" content=\"Tiempo de lectura\" \/>\n\t<meta name=\"twitter:data2\" content=\"4 minutos\" \/>\n<script type=\"application\/ld+json\" class=\"yoast-schema-graph\">{\"@context\":\"https:\\\/\\\/schema.org\",\"@graph\":[{\"@type\":\"Article\",\"@id\":\"https:\\\/\\\/www.laguiadepamplona.com\\\/actualidad\\\/kantu-eta-hitza-regresa-a-la-plaza-de-la-virgen-de-la-o-con-seis-conciertos-de-pequeno-formato-en-euskera-los-jueves-del-18-de-mayo-al-22-de-junio\\\/#article\",\"isPartOf\":{\"@id\":\"https:\\\/\\\/www.laguiadepamplona.com\\\/actualidad\\\/kantu-eta-hitza-regresa-a-la-plaza-de-la-virgen-de-la-o-con-seis-conciertos-de-pequeno-formato-en-euskera-los-jueves-del-18-de-mayo-al-22-de-junio\\\/\"},\"author\":{\"name\":\"La Gu\u00eda de Pamplona\",\"@id\":\"https:\\\/\\\/www.laguiadepamplona.com\\\/actualidad\\\/#\\\/schema\\\/person\\\/efe887376f0213d4657c93adc50b1fdb\"},\"headline\":\"Kantu eta Hitza regresa a la plaza de la Virgen de la O con seis conciertos de peque\u00f1o formato en euskera los jueves del 18 de mayo al 22 de junio\",\"datePublished\":\"2023-05-12T10:56:14+00:00\",\"mainEntityOfPage\":{\"@id\":\"https:\\\/\\\/www.laguiadepamplona.com\\\/actualidad\\\/kantu-eta-hitza-regresa-a-la-plaza-de-la-virgen-de-la-o-con-seis-conciertos-de-pequeno-formato-en-euskera-los-jueves-del-18-de-mayo-al-22-de-junio\\\/\"},\"wordCount\":791,\"commentCount\":0,\"publisher\":{\"@id\":\"https:\\\/\\\/www.laguiadepamplona.com\\\/actualidad\\\/#organization\"},\"image\":{\"@id\":\"https:\\\/\\\/www.laguiadepamplona.com\\\/actualidad\\\/kantu-eta-hitza-regresa-a-la-plaza-de-la-virgen-de-la-o-con-seis-conciertos-de-pequeno-formato-en-euskera-los-jueves-del-18-de-mayo-al-22-de-junio\\\/#primaryimage\"},\"thumbnailUrl\":\"https:\\\/\\\/www.laguiadepamplona.com\\\/actualidad\\\/wp-content\\\/uploads\\\/2023\\\/05\\\/KANTU-eta-HITZA-cartel_2023.webp\",\"articleSection\":[\"Ayto Pamplona\"],\"inLanguage\":\"es\",\"potentialAction\":[{\"@type\":\"CommentAction\",\"name\":\"Comment\",\"target\":[\"https:\\\/\\\/www.laguiadepamplona.com\\\/actualidad\\\/kantu-eta-hitza-regresa-a-la-plaza-de-la-virgen-de-la-o-con-seis-conciertos-de-pequeno-formato-en-euskera-los-jueves-del-18-de-mayo-al-22-de-junio\\\/#respond\"]}]},{\"@type\":\"WebPage\",\"@id\":\"https:\\\/\\\/www.laguiadepamplona.com\\\/actualidad\\\/kantu-eta-hitza-regresa-a-la-plaza-de-la-virgen-de-la-o-con-seis-conciertos-de-pequeno-formato-en-euskera-los-jueves-del-18-de-mayo-al-22-de-junio\\\/\",\"url\":\"https:\\\/\\\/www.laguiadepamplona.com\\\/actualidad\\\/kantu-eta-hitza-regresa-a-la-plaza-de-la-virgen-de-la-o-con-seis-conciertos-de-pequeno-formato-en-euskera-los-jueves-del-18-de-mayo-al-22-de-junio\\\/\",\"name\":\"Kantu eta Hitza regresa a la plaza de la Virgen de la O con seis conciertos de peque\u00f1o formato en euskera los jueves del 18 de mayo al 22 de junio\",\"isPartOf\":{\"@id\":\"https:\\\/\\\/www.laguiadepamplona.com\\\/actualidad\\\/#website\"},\"primaryImageOfPage\":{\"@id\":\"https:\\\/\\\/www.laguiadepamplona.com\\\/actualidad\\\/kantu-eta-hitza-regresa-a-la-plaza-de-la-virgen-de-la-o-con-seis-conciertos-de-pequeno-formato-en-euskera-los-jueves-del-18-de-mayo-al-22-de-junio\\\/#primaryimage\"},\"image\":{\"@id\":\"https:\\\/\\\/www.laguiadepamplona.com\\\/actualidad\\\/kantu-eta-hitza-regresa-a-la-plaza-de-la-virgen-de-la-o-con-seis-conciertos-de-pequeno-formato-en-euskera-los-jueves-del-18-de-mayo-al-22-de-junio\\\/#primaryimage\"},\"thumbnailUrl\":\"https:\\\/\\\/www.laguiadepamplona.com\\\/actualidad\\\/wp-content\\\/uploads\\\/2023\\\/05\\\/KANTU-eta-HITZA-cartel_2023.webp\",\"datePublished\":\"2023-05-12T10:56:14+00:00\",\"description\":\"Actuar\u00e1n, con entrada gratuita hasta completar el aforo, Rafa Rueda, Lumi, Olaia Inziarte, Sara Azurza, Nahiak Nahi y Balerdi Balerdi\",\"breadcrumb\":{\"@id\":\"https:\\\/\\\/www.laguiadepamplona.com\\\/actualidad\\\/kantu-eta-hitza-regresa-a-la-plaza-de-la-virgen-de-la-o-con-seis-conciertos-de-pequeno-formato-en-euskera-los-jueves-del-18-de-mayo-al-22-de-junio\\\/#breadcrumb\"},\"inLanguage\":\"es\",\"potentialAction\":[{\"@type\":\"ReadAction\",\"target\":[\"https:\\\/\\\/www.laguiadepamplona.com\\\/actualidad\\\/kantu-eta-hitza-regresa-a-la-plaza-de-la-virgen-de-la-o-con-seis-conciertos-de-pequeno-formato-en-euskera-los-jueves-del-18-de-mayo-al-22-de-junio\\\/\"]}]},{\"@type\":\"ImageObject\",\"inLanguage\":\"es\",\"@id\":\"https:\\\/\\\/www.laguiadepamplona.com\\\/actualidad\\\/kantu-eta-hitza-regresa-a-la-plaza-de-la-virgen-de-la-o-con-seis-conciertos-de-pequeno-formato-en-euskera-los-jueves-del-18-de-mayo-al-22-de-junio\\\/#primaryimage\",\"url\":\"https:\\\/\\\/www.laguiadepamplona.com\\\/actualidad\\\/wp-content\\\/uploads\\\/2023\\\/05\\\/KANTU-eta-HITZA-cartel_2023.webp\",\"contentUrl\":\"https:\\\/\\\/www.laguiadepamplona.com\\\/actualidad\\\/wp-content\\\/uploads\\\/2023\\\/05\\\/KANTU-eta-HITZA-cartel_2023.webp\",\"width\":1071,\"height\":1500},{\"@type\":\"BreadcrumbList\",\"@id\":\"https:\\\/\\\/www.laguiadepamplona.com\\\/actualidad\\\/kantu-eta-hitza-regresa-a-la-plaza-de-la-virgen-de-la-o-con-seis-conciertos-de-pequeno-formato-en-euskera-los-jueves-del-18-de-mayo-al-22-de-junio\\\/#breadcrumb\",\"itemListElement\":[{\"@type\":\"ListItem\",\"position\":1,\"name\":\"Portada\",\"item\":\"https:\\\/\\\/www.laguiadepamplona.com\\\/actualidad\\\/\"},{\"@type\":\"ListItem\",\"position\":2,\"name\":\"Kantu eta Hitza regresa a la plaza de la Virgen de la O con seis conciertos de peque\u00f1o formato en euskera los jueves del 18 de mayo al 22 de junio\"}]},{\"@type\":\"WebSite\",\"@id\":\"https:\\\/\\\/www.laguiadepamplona.com\\\/actualidad\\\/#website\",\"url\":\"https:\\\/\\\/www.laguiadepamplona.com\\\/actualidad\\\/\",\"name\":\"La gu\u00eda de Pamplona\",\"description\":\"Noticias de Pamplona\",\"publisher\":{\"@id\":\"https:\\\/\\\/www.laguiadepamplona.com\\\/actualidad\\\/#organization\"},\"potentialAction\":[{\"@type\":\"SearchAction\",\"target\":{\"@type\":\"EntryPoint\",\"urlTemplate\":\"https:\\\/\\\/www.laguiadepamplona.com\\\/actualidad\\\/?s={search_term_string}\"},\"query-input\":{\"@type\":\"PropertyValueSpecification\",\"valueRequired\":true,\"valueName\":\"search_term_string\"}}],\"inLanguage\":\"es\"},{\"@type\":\"Organization\",\"@id\":\"https:\\\/\\\/www.laguiadepamplona.com\\\/actualidad\\\/#organization\",\"name\":\"La Gu\u00eda de Pamplona \\\/ Noticias\",\"url\":\"https:\\\/\\\/www.laguiadepamplona.com\\\/actualidad\\\/\",\"logo\":{\"@type\":\"ImageObject\",\"inLanguage\":\"es\",\"@id\":\"https:\\\/\\\/www.laguiadepamplona.com\\\/actualidad\\\/#\\\/schema\\\/logo\\\/image\\\/\",\"url\":\"https:\\\/\\\/www.laguiadepamplona.com\\\/actualidad\\\/wp-content\\\/uploads\\\/2018\\\/11\\\/logo-laguiadepamplona18-web1.png\",\"contentUrl\":\"https:\\\/\\\/www.laguiadepamplona.com\\\/actualidad\\\/wp-content\\\/uploads\\\/2018\\\/11\\\/logo-laguiadepamplona18-web1.png\",\"width\":600,\"height\":196,\"caption\":\"La Gu\u00eda de Pamplona \\\/ Noticias\"},\"image\":{\"@id\":\"https:\\\/\\\/www.laguiadepamplona.com\\\/actualidad\\\/#\\\/schema\\\/logo\\\/image\\\/\"},\"sameAs\":[\"https:\\\/\\\/www.facebook.com\\\/laguiadepamplonacom-133175176762273\\\/?ref=hl\",\"https:\\\/\\\/x.com\\\/LaGuiadPamplona\",\"https:\\\/\\\/www.instagram.com\\\/la_guia_de_pamplona\\\/\",\"https:\\\/\\\/www.youtube.com\\\/user\\\/laguiadepamplona\"]},{\"@type\":\"Person\",\"@id\":\"https:\\\/\\\/www.laguiadepamplona.com\\\/actualidad\\\/#\\\/schema\\\/person\\\/efe887376f0213d4657c93adc50b1fdb\",\"name\":\"La Gu\u00eda de Pamplona\",\"image\":{\"@type\":\"ImageObject\",\"inLanguage\":\"es\",\"@id\":\"https:\\\/\\\/secure.gravatar.com\\\/avatar\\\/b6992f131dc8d30ab0dff15446e9d346d9dbd95992de0fef795073f5ea83a81c?s=96&d=mm&r=g\",\"url\":\"https:\\\/\\\/secure.gravatar.com\\\/avatar\\\/b6992f131dc8d30ab0dff15446e9d346d9dbd95992de0fef795073f5ea83a81c?s=96&d=mm&r=g\",\"contentUrl\":\"https:\\\/\\\/secure.gravatar.com\\\/avatar\\\/b6992f131dc8d30ab0dff15446e9d346d9dbd95992de0fef795073f5ea83a81c?s=96&d=mm&r=g\",\"caption\":\"La Gu\u00eda de Pamplona\"}}]}<\/script>\n<!-- \/ Yoast SEO plugin. -->","yoast_head_json":{"title":"Kantu eta Hitza regresa a la plaza de la Virgen de la O con seis conciertos de peque\u00f1o formato en euskera los jueves del 18 de mayo al 22 de junio","description":"Actuar\u00e1n, con entrada gratuita hasta completar el aforo, Rafa Rueda, Lumi, Olaia Inziarte, Sara Azurza, Nahiak Nahi y Balerdi Balerdi","robots":{"index":"index","follow":"follow","max-snippet":"max-snippet:-1","max-image-preview":"max-image-preview:large","max-video-preview":"max-video-preview:-1"},"canonical":"https:\/\/www.laguiadepamplona.com\/actualidad\/kantu-eta-hitza-regresa-a-la-plaza-de-la-virgen-de-la-o-con-seis-conciertos-de-pequeno-formato-en-euskera-los-jueves-del-18-de-mayo-al-22-de-junio\/","og_locale":"es_ES","og_type":"article","og_title":"Kantu eta Hitza regresa a la plaza de la Virgen de la O con seis conciertos de peque\u00f1o formato en euskera los jueves del 18 de mayo al 22 de junio","og_description":"Actuar\u00e1n, con entrada gratuita hasta completar el aforo, Rafa Rueda, Lumi, Olaia Inziarte, Sara Azurza, Nahiak Nahi y Balerdi Balerdi","og_url":"https:\/\/www.laguiadepamplona.com\/actualidad\/kantu-eta-hitza-regresa-a-la-plaza-de-la-virgen-de-la-o-con-seis-conciertos-de-pequeno-formato-en-euskera-los-jueves-del-18-de-mayo-al-22-de-junio\/","og_site_name":"La Gu\u00eda de Pamplona","article_publisher":"https:\/\/www.facebook.com\/laguiadepamplonacom-133175176762273\/?ref=hl","article_published_time":"2023-05-12T10:56:14+00:00","og_image":[{"width":1071,"height":1500,"url":"https:\/\/www.laguiadepamplona.com\/actualidad\/wp-content\/uploads\/2023\/05\/KANTU-eta-HITZA-cartel_2023.webp","type":"image\/webp"}],"author":"La Gu\u00eda de Pamplona","twitter_card":"summary_large_image","twitter_creator":"@LaGuiadPamplona","twitter_site":"@LaGuiadPamplona","twitter_misc":{"Escrito por":"La Gu\u00eda de Pamplona","Tiempo de lectura":"4 minutos"},"schema":{"@context":"https:\/\/schema.org","@graph":[{"@type":"Article","@id":"https:\/\/www.laguiadepamplona.com\/actualidad\/kantu-eta-hitza-regresa-a-la-plaza-de-la-virgen-de-la-o-con-seis-conciertos-de-pequeno-formato-en-euskera-los-jueves-del-18-de-mayo-al-22-de-junio\/#article","isPartOf":{"@id":"https:\/\/www.laguiadepamplona.com\/actualidad\/kantu-eta-hitza-regresa-a-la-plaza-de-la-virgen-de-la-o-con-seis-conciertos-de-pequeno-formato-en-euskera-los-jueves-del-18-de-mayo-al-22-de-junio\/"},"author":{"name":"La Gu\u00eda de Pamplona","@id":"https:\/\/www.laguiadepamplona.com\/actualidad\/#\/schema\/person\/efe887376f0213d4657c93adc50b1fdb"},"headline":"Kantu eta Hitza regresa a la plaza de la Virgen de la O con seis conciertos de peque\u00f1o formato en euskera los jueves del 18 de mayo al 22 de junio","datePublished":"2023-05-12T10:56:14+00:00","mainEntityOfPage":{"@id":"https:\/\/www.laguiadepamplona.com\/actualidad\/kantu-eta-hitza-regresa-a-la-plaza-de-la-virgen-de-la-o-con-seis-conciertos-de-pequeno-formato-en-euskera-los-jueves-del-18-de-mayo-al-22-de-junio\/"},"wordCount":791,"commentCount":0,"publisher":{"@id":"https:\/\/www.laguiadepamplona.com\/actualidad\/#organization"},"image":{"@id":"https:\/\/www.laguiadepamplona.com\/actualidad\/kantu-eta-hitza-regresa-a-la-plaza-de-la-virgen-de-la-o-con-seis-conciertos-de-pequeno-formato-en-euskera-los-jueves-del-18-de-mayo-al-22-de-junio\/#primaryimage"},"thumbnailUrl":"https:\/\/www.laguiadepamplona.com\/actualidad\/wp-content\/uploads\/2023\/05\/KANTU-eta-HITZA-cartel_2023.webp","articleSection":["Ayto Pamplona"],"inLanguage":"es","potentialAction":[{"@type":"CommentAction","name":"Comment","target":["https:\/\/www.laguiadepamplona.com\/actualidad\/kantu-eta-hitza-regresa-a-la-plaza-de-la-virgen-de-la-o-con-seis-conciertos-de-pequeno-formato-en-euskera-los-jueves-del-18-de-mayo-al-22-de-junio\/#respond"]}]},{"@type":"WebPage","@id":"https:\/\/www.laguiadepamplona.com\/actualidad\/kantu-eta-hitza-regresa-a-la-plaza-de-la-virgen-de-la-o-con-seis-conciertos-de-pequeno-formato-en-euskera-los-jueves-del-18-de-mayo-al-22-de-junio\/","url":"https:\/\/www.laguiadepamplona.com\/actualidad\/kantu-eta-hitza-regresa-a-la-plaza-de-la-virgen-de-la-o-con-seis-conciertos-de-pequeno-formato-en-euskera-los-jueves-del-18-de-mayo-al-22-de-junio\/","name":"Kantu eta Hitza regresa a la plaza de la Virgen de la O con seis conciertos de peque\u00f1o formato en euskera los jueves del 18 de mayo al 22 de junio","isPartOf":{"@id":"https:\/\/www.laguiadepamplona.com\/actualidad\/#website"},"primaryImageOfPage":{"@id":"https:\/\/www.laguiadepamplona.com\/actualidad\/kantu-eta-hitza-regresa-a-la-plaza-de-la-virgen-de-la-o-con-seis-conciertos-de-pequeno-formato-en-euskera-los-jueves-del-18-de-mayo-al-22-de-junio\/#primaryimage"},"image":{"@id":"https:\/\/www.laguiadepamplona.com\/actualidad\/kantu-eta-hitza-regresa-a-la-plaza-de-la-virgen-de-la-o-con-seis-conciertos-de-pequeno-formato-en-euskera-los-jueves-del-18-de-mayo-al-22-de-junio\/#primaryimage"},"thumbnailUrl":"https:\/\/www.laguiadepamplona.com\/actualidad\/wp-content\/uploads\/2023\/05\/KANTU-eta-HITZA-cartel_2023.webp","datePublished":"2023-05-12T10:56:14+00:00","description":"Actuar\u00e1n, con entrada gratuita hasta completar el aforo, Rafa Rueda, Lumi, Olaia Inziarte, Sara Azurza, Nahiak Nahi y Balerdi Balerdi","breadcrumb":{"@id":"https:\/\/www.laguiadepamplona.com\/actualidad\/kantu-eta-hitza-regresa-a-la-plaza-de-la-virgen-de-la-o-con-seis-conciertos-de-pequeno-formato-en-euskera-los-jueves-del-18-de-mayo-al-22-de-junio\/#breadcrumb"},"inLanguage":"es","potentialAction":[{"@type":"ReadAction","target":["https:\/\/www.laguiadepamplona.com\/actualidad\/kantu-eta-hitza-regresa-a-la-plaza-de-la-virgen-de-la-o-con-seis-conciertos-de-pequeno-formato-en-euskera-los-jueves-del-18-de-mayo-al-22-de-junio\/"]}]},{"@type":"ImageObject","inLanguage":"es","@id":"https:\/\/www.laguiadepamplona.com\/actualidad\/kantu-eta-hitza-regresa-a-la-plaza-de-la-virgen-de-la-o-con-seis-conciertos-de-pequeno-formato-en-euskera-los-jueves-del-18-de-mayo-al-22-de-junio\/#primaryimage","url":"https:\/\/www.laguiadepamplona.com\/actualidad\/wp-content\/uploads\/2023\/05\/KANTU-eta-HITZA-cartel_2023.webp","contentUrl":"https:\/\/www.laguiadepamplona.com\/actualidad\/wp-content\/uploads\/2023\/05\/KANTU-eta-HITZA-cartel_2023.webp","width":1071,"height":1500},{"@type":"BreadcrumbList","@id":"https:\/\/www.laguiadepamplona.com\/actualidad\/kantu-eta-hitza-regresa-a-la-plaza-de-la-virgen-de-la-o-con-seis-conciertos-de-pequeno-formato-en-euskera-los-jueves-del-18-de-mayo-al-22-de-junio\/#breadcrumb","itemListElement":[{"@type":"ListItem","position":1,"name":"Portada","item":"https:\/\/www.laguiadepamplona.com\/actualidad\/"},{"@type":"ListItem","position":2,"name":"Kantu eta Hitza regresa a la plaza de la Virgen de la O con seis conciertos de peque\u00f1o formato en euskera los jueves del 18 de mayo al 22 de junio"}]},{"@type":"WebSite","@id":"https:\/\/www.laguiadepamplona.com\/actualidad\/#website","url":"https:\/\/www.laguiadepamplona.com\/actualidad\/","name":"La gu\u00eda de Pamplona","description":"Noticias de Pamplona","publisher":{"@id":"https:\/\/www.laguiadepamplona.com\/actualidad\/#organization"},"potentialAction":[{"@type":"SearchAction","target":{"@type":"EntryPoint","urlTemplate":"https:\/\/www.laguiadepamplona.com\/actualidad\/?s={search_term_string}"},"query-input":{"@type":"PropertyValueSpecification","valueRequired":true,"valueName":"search_term_string"}}],"inLanguage":"es"},{"@type":"Organization","@id":"https:\/\/www.laguiadepamplona.com\/actualidad\/#organization","name":"La Gu\u00eda de Pamplona \/ Noticias","url":"https:\/\/www.laguiadepamplona.com\/actualidad\/","logo":{"@type":"ImageObject","inLanguage":"es","@id":"https:\/\/www.laguiadepamplona.com\/actualidad\/#\/schema\/logo\/image\/","url":"https:\/\/www.laguiadepamplona.com\/actualidad\/wp-content\/uploads\/2018\/11\/logo-laguiadepamplona18-web1.png","contentUrl":"https:\/\/www.laguiadepamplona.com\/actualidad\/wp-content\/uploads\/2018\/11\/logo-laguiadepamplona18-web1.png","width":600,"height":196,"caption":"La Gu\u00eda de Pamplona \/ Noticias"},"image":{"@id":"https:\/\/www.laguiadepamplona.com\/actualidad\/#\/schema\/logo\/image\/"},"sameAs":["https:\/\/www.facebook.com\/laguiadepamplonacom-133175176762273\/?ref=hl","https:\/\/x.com\/LaGuiadPamplona","https:\/\/www.instagram.com\/la_guia_de_pamplona\/","https:\/\/www.youtube.com\/user\/laguiadepamplona"]},{"@type":"Person","@id":"https:\/\/www.laguiadepamplona.com\/actualidad\/#\/schema\/person\/efe887376f0213d4657c93adc50b1fdb","name":"La Gu\u00eda de Pamplona","image":{"@type":"ImageObject","inLanguage":"es","@id":"https:\/\/secure.gravatar.com\/avatar\/b6992f131dc8d30ab0dff15446e9d346d9dbd95992de0fef795073f5ea83a81c?s=96&d=mm&r=g","url":"https:\/\/secure.gravatar.com\/avatar\/b6992f131dc8d30ab0dff15446e9d346d9dbd95992de0fef795073f5ea83a81c?s=96&d=mm&r=g","contentUrl":"https:\/\/secure.gravatar.com\/avatar\/b6992f131dc8d30ab0dff15446e9d346d9dbd95992de0fef795073f5ea83a81c?s=96&d=mm&r=g","caption":"La Gu\u00eda de Pamplona"}}]}},"post_mailing_queue_ids":[],"_links":{"self":[{"href":"https:\/\/www.laguiadepamplona.com\/actualidad\/wp-json\/wp\/v2\/posts\/46660","targetHints":{"allow":["GET"]}}],"collection":[{"href":"https:\/\/www.laguiadepamplona.com\/actualidad\/wp-json\/wp\/v2\/posts"}],"about":[{"href":"https:\/\/www.laguiadepamplona.com\/actualidad\/wp-json\/wp\/v2\/types\/post"}],"author":[{"embeddable":true,"href":"https:\/\/www.laguiadepamplona.com\/actualidad\/wp-json\/wp\/v2\/users\/1"}],"replies":[{"embeddable":true,"href":"https:\/\/www.laguiadepamplona.com\/actualidad\/wp-json\/wp\/v2\/comments?post=46660"}],"version-history":[{"count":1,"href":"https:\/\/www.laguiadepamplona.com\/actualidad\/wp-json\/wp\/v2\/posts\/46660\/revisions"}],"predecessor-version":[{"id":46662,"href":"https:\/\/www.laguiadepamplona.com\/actualidad\/wp-json\/wp\/v2\/posts\/46660\/revisions\/46662"}],"wp:featuredmedia":[{"embeddable":true,"href":"https:\/\/www.laguiadepamplona.com\/actualidad\/wp-json\/wp\/v2\/media\/46661"}],"wp:attachment":[{"href":"https:\/\/www.laguiadepamplona.com\/actualidad\/wp-json\/wp\/v2\/media?parent=46660"}],"wp:term":[{"taxonomy":"category","embeddable":true,"href":"https:\/\/www.laguiadepamplona.com\/actualidad\/wp-json\/wp\/v2\/categories?post=46660"},{"taxonomy":"post_tag","embeddable":true,"href":"https:\/\/www.laguiadepamplona.com\/actualidad\/wp-json\/wp\/v2\/tags?post=46660"}],"curies":[{"name":"wp","href":"https:\/\/api.w.org\/{rel}","templated":true}]}}