{"id":46651,"date":"2023-05-11T17:37:54","date_gmt":"2023-05-11T15:37:54","guid":{"rendered":"https:\/\/www.laguiadepamplona.com\/actualidad\/?p=46651"},"modified":"2023-05-11T17:37:54","modified_gmt":"2023-05-11T15:37:54","slug":"el-ayuntamiento-de-pamplona-acuerda-con-la-empresa-empark-renovar-la-oferta-de-plazas-de-aparcamiento-para-residentes-de-los-sectores-1-y-2-en-baluarte","status":"publish","type":"post","link":"https:\/\/www.laguiadepamplona.com\/actualidad\/el-ayuntamiento-de-pamplona-acuerda-con-la-empresa-empark-renovar-la-oferta-de-plazas-de-aparcamiento-para-residentes-de-los-sectores-1-y-2-en-baluarte\/","title":{"rendered":"El Ayuntamiento de Pamplona acuerda con la empresa Empark renovar la oferta de plazas de aparcamiento para residentes de los sectores 1 y 2 en Baluarte"},"content":{"rendered":"<h3>En 2020 se ofrecieron 200 plazas de estacionamiento para tres a\u00f1os y ahora se da la posibilidad de renovarlas por otros tres a\u00f1os m\u00e1s<\/h3>\n<p><!--more--><\/p>\n<p>El Ayuntamiento de Pamplona y la empresa Empark han acordado renovar, para tres a\u00f1os m\u00e1s, las concesiones de plazas en el aparcamiento subterr\u00e1neo de Baluarte dirigidas a personas empadronadas en los sectores 1 y 2 de la ciudad, es decir, Casco Antiguo y Ensanche. La medida se puso en marcha en 2020 para paliar la eliminaci\u00f3n de plazas de aparcamiento en superficie, y ten\u00eda una vigencia de tres a\u00f1os, que ahora se puede renovar para tres a\u00f1os m\u00e1s por un importe total de 1.995 euros. Las personas beneficiarias recibir\u00e1n un env\u00edo a su domicilio y podr\u00e1n solicitar la renovaci\u00f3n de contrato hasta el 31 de mayo. Si, pasada esa fecha, quedan plazas vacantes, se ofertar\u00e1n a otros residentes en ambos barrios.<br \/>\n<script async src=\"\/\/pagead2.googlesyndication.com\/pagead\/js\/adsbygoogle.js\"><\/script><br \/>\n<!-- Noticias La Guia de Pamplona --><br \/>\n<ins class=\"adsbygoogle\"\nstyle=\"display:block\"\ndata-ad-client=\"ca-pub-6943679897239327\"\ndata-ad-slot=\"7048180777\"\ndata-ad-format=\"auto\"><\/ins><br \/>\n<script>\n(adsbygoogle = window.adsbygoogle || []).push({});\n<\/script><\/p>\n<p>En concreto, el aparcamiento subterr\u00e1neo de Baluarte cuenta con 200 plazas reservadas para personas empadronadas en el Casco Antiguo y Ensanche. El abono les permite acceder al aparcamiento las 24 horas del d\u00eda, los 365 d\u00edas del a\u00f1o. Las plazas, eso s\u00ed, son personales e intransferibles y est\u00e1n vinculadas a un n\u00famero de matr\u00edcula de un veh\u00edculo que, a su vez, debe estar domiciliado en alguno de los dos sectores.<\/p>\n<p>Tienen prioridad en estas plazas las personas que ya ven\u00edan disfrutando de esta medida. En este sentido, la empresa adjudicataria de la gesti\u00f3n del aparcamiento, Empark, est\u00e1 enviando ya cartas a las personas actualmente beneficiarias, para proceder a su renovaci\u00f3n si lo consideran oportuno. La solicitud debe presentarse bien en las oficinas de informaci\u00f3n del propio aparcamiento, previa solicitud de cita a trav\u00e9s del tel\u00e9fono 948213293, o a trav\u00e9s del correo electr\u00f3nico <a href=\"mailto:parkingbaluarte@telpark.com\">parkingbaluarte@telpark.com<\/a>. El importe de la renovaci\u00f3n no es reembolsable durante la vigencia del abono. Dado que \u00e9ste est\u00e1 vinculado a una matr\u00edcula, ser\u00e1 necesario notificar con antelaci\u00f3n cualquier cambio de veh\u00edculo. \u00danicamente si quedaran plazas vacantes se ofertar\u00e1n a otros residentes.<br \/>\n<script async src=\"\/\/pagead2.googlesyndication.com\/pagead\/js\/adsbygoogle.js\"><\/script><br \/>\n<!-- Noticias La Guia de Pamplona --><br \/>\n<ins class=\"adsbygoogle\"\nstyle=\"display:block\"\ndata-ad-client=\"ca-pub-6943679897239327\"\ndata-ad-slot=\"7048180777\"\ndata-ad-format=\"auto\"><\/ins><br \/>\n<script>\n(adsbygoogle = window.adsbygoogle || []).push({});\n<\/script><\/p>\n<p>Con esta medida, el Consistorio busca mitigar las afecciones de la eliminaci\u00f3n de plazas en superficie debido a la peatonalizaci\u00f3n de calles como Garc\u00eda Casta\u00f1\u00f3n o el Paseo Sarasate, y garantizar la posibilidad de contar con un estacionamiento cercano al domicilio para las personas residentes en el Casco Antiguo y Ensanche.<\/p>\n","protected":false},"excerpt":{"rendered":"<p>En 2020 se ofrecieron 200 plazas de estacionamiento para tres a\u00f1os y ahora se da la posibilidad de renovarlas por otros tres a\u00f1os m\u00e1s<\/p>\n","protected":false},"author":1,"featured_media":46652,"comment_status":"open","ping_status":"closed","sticky":false,"template":"","format":"standard","meta":{"footnotes":""},"categories":[2],"tags":[],"class_list":["post-46651","post","type-post","status-publish","format-standard","has-post-thumbnail","hentry","category-ayuntamiento-pamplona"],"yoast_head":"<!-- This site is optimized with the Yoast SEO plugin v27.3 - https:\/\/yoast.com\/product\/yoast-seo-wordpress\/ -->\n<title>El Ayuntamiento de Pamplona acuerda con la empresa Empark renovar la oferta de plazas de aparcamiento para residentes de los sectores 1 y 2 en Baluarte<\/title>\n<meta name=\"description\" content=\"En 2020 se ofrecieron 200 plazas de estacionamiento para tres a\u00f1os y ahora se da la posibilidad de renovarlas por otros tres a\u00f1os m\u00e1s\" \/>\n<meta name=\"robots\" content=\"index, follow, max-snippet:-1, max-image-preview:large, max-video-preview:-1\" \/>\n<link rel=\"canonical\" href=\"https:\/\/www.laguiadepamplona.com\/actualidad\/el-ayuntamiento-de-pamplona-acuerda-con-la-empresa-empark-renovar-la-oferta-de-plazas-de-aparcamiento-para-residentes-de-los-sectores-1-y-2-en-baluarte\/\" \/>\n<meta property=\"og:locale\" content=\"es_ES\" \/>\n<meta property=\"og:type\" content=\"article\" \/>\n<meta property=\"og:title\" content=\"El Ayuntamiento de Pamplona acuerda con la empresa Empark renovar la oferta de plazas de aparcamiento para residentes de los sectores 1 y 2 en Baluarte\" \/>\n<meta property=\"og:description\" content=\"En 2020 se ofrecieron 200 plazas de estacionamiento para tres a\u00f1os y ahora se da la posibilidad de renovarlas por otros tres a\u00f1os m\u00e1s\" \/>\n<meta property=\"og:url\" content=\"https:\/\/www.laguiadepamplona.com\/actualidad\/el-ayuntamiento-de-pamplona-acuerda-con-la-empresa-empark-renovar-la-oferta-de-plazas-de-aparcamiento-para-residentes-de-los-sectores-1-y-2-en-baluarte\/\" \/>\n<meta property=\"og:site_name\" content=\"La Gu\u00eda de Pamplona\" \/>\n<meta property=\"article:publisher\" content=\"https:\/\/www.facebook.com\/laguiadepamplonacom-133175176762273\/?ref=hl\" \/>\n<meta property=\"article:published_time\" content=\"2023-05-11T15:37:54+00:00\" \/>\n<meta property=\"og:image\" content=\"https:\/\/www.laguiadepamplona.com\/actualidad\/wp-content\/uploads\/2023\/05\/aparcamiento_subterraneo_parking_0.webp\" \/>\n\t<meta property=\"og:image:width\" content=\"1920\" \/>\n\t<meta property=\"og:image:height\" content=\"1280\" \/>\n\t<meta property=\"og:image:type\" content=\"image\/webp\" \/>\n<meta name=\"author\" content=\"La Gu\u00eda de Pamplona\" \/>\n<meta name=\"twitter:card\" content=\"summary_large_image\" \/>\n<meta name=\"twitter:creator\" content=\"@LaGuiadPamplona\" \/>\n<meta name=\"twitter:site\" content=\"@LaGuiadPamplona\" \/>\n<meta name=\"twitter:label1\" content=\"Escrito por\" \/>\n\t<meta name=\"twitter:data1\" content=\"La Gu\u00eda de Pamplona\" \/>\n\t<meta name=\"twitter:label2\" content=\"Tiempo de lectura\" \/>\n\t<meta name=\"twitter:data2\" content=\"2 minutos\" \/>\n<script type=\"application\/ld+json\" class=\"yoast-schema-graph\">{\"@context\":\"https:\\\/\\\/schema.org\",\"@graph\":[{\"@type\":\"Article\",\"@id\":\"https:\\\/\\\/www.laguiadepamplona.com\\\/actualidad\\\/el-ayuntamiento-de-pamplona-acuerda-con-la-empresa-empark-renovar-la-oferta-de-plazas-de-aparcamiento-para-residentes-de-los-sectores-1-y-2-en-baluarte\\\/#article\",\"isPartOf\":{\"@id\":\"https:\\\/\\\/www.laguiadepamplona.com\\\/actualidad\\\/el-ayuntamiento-de-pamplona-acuerda-con-la-empresa-empark-renovar-la-oferta-de-plazas-de-aparcamiento-para-residentes-de-los-sectores-1-y-2-en-baluarte\\\/\"},\"author\":{\"name\":\"La Gu\u00eda de Pamplona\",\"@id\":\"https:\\\/\\\/www.laguiadepamplona.com\\\/actualidad\\\/#\\\/schema\\\/person\\\/efe887376f0213d4657c93adc50b1fdb\"},\"headline\":\"El Ayuntamiento de Pamplona acuerda con la empresa Empark renovar la oferta de plazas de aparcamiento para residentes de los sectores 1 y 2 en Baluarte\",\"datePublished\":\"2023-05-11T15:37:54+00:00\",\"mainEntityOfPage\":{\"@id\":\"https:\\\/\\\/www.laguiadepamplona.com\\\/actualidad\\\/el-ayuntamiento-de-pamplona-acuerda-con-la-empresa-empark-renovar-la-oferta-de-plazas-de-aparcamiento-para-residentes-de-los-sectores-1-y-2-en-baluarte\\\/\"},\"wordCount\":435,\"commentCount\":0,\"publisher\":{\"@id\":\"https:\\\/\\\/www.laguiadepamplona.com\\\/actualidad\\\/#organization\"},\"image\":{\"@id\":\"https:\\\/\\\/www.laguiadepamplona.com\\\/actualidad\\\/el-ayuntamiento-de-pamplona-acuerda-con-la-empresa-empark-renovar-la-oferta-de-plazas-de-aparcamiento-para-residentes-de-los-sectores-1-y-2-en-baluarte\\\/#primaryimage\"},\"thumbnailUrl\":\"https:\\\/\\\/www.laguiadepamplona.com\\\/actualidad\\\/wp-content\\\/uploads\\\/2023\\\/05\\\/aparcamiento_subterraneo_parking_0.webp\",\"articleSection\":[\"Ayto Pamplona\"],\"inLanguage\":\"es\",\"potentialAction\":[{\"@type\":\"CommentAction\",\"name\":\"Comment\",\"target\":[\"https:\\\/\\\/www.laguiadepamplona.com\\\/actualidad\\\/el-ayuntamiento-de-pamplona-acuerda-con-la-empresa-empark-renovar-la-oferta-de-plazas-de-aparcamiento-para-residentes-de-los-sectores-1-y-2-en-baluarte\\\/#respond\"]}]},{\"@type\":\"WebPage\",\"@id\":\"https:\\\/\\\/www.laguiadepamplona.com\\\/actualidad\\\/el-ayuntamiento-de-pamplona-acuerda-con-la-empresa-empark-renovar-la-oferta-de-plazas-de-aparcamiento-para-residentes-de-los-sectores-1-y-2-en-baluarte\\\/\",\"url\":\"https:\\\/\\\/www.laguiadepamplona.com\\\/actualidad\\\/el-ayuntamiento-de-pamplona-acuerda-con-la-empresa-empark-renovar-la-oferta-de-plazas-de-aparcamiento-para-residentes-de-los-sectores-1-y-2-en-baluarte\\\/\",\"name\":\"El Ayuntamiento de Pamplona acuerda con la empresa Empark renovar la oferta de plazas de aparcamiento para residentes de los sectores 1 y 2 en Baluarte\",\"isPartOf\":{\"@id\":\"https:\\\/\\\/www.laguiadepamplona.com\\\/actualidad\\\/#website\"},\"primaryImageOfPage\":{\"@id\":\"https:\\\/\\\/www.laguiadepamplona.com\\\/actualidad\\\/el-ayuntamiento-de-pamplona-acuerda-con-la-empresa-empark-renovar-la-oferta-de-plazas-de-aparcamiento-para-residentes-de-los-sectores-1-y-2-en-baluarte\\\/#primaryimage\"},\"image\":{\"@id\":\"https:\\\/\\\/www.laguiadepamplona.com\\\/actualidad\\\/el-ayuntamiento-de-pamplona-acuerda-con-la-empresa-empark-renovar-la-oferta-de-plazas-de-aparcamiento-para-residentes-de-los-sectores-1-y-2-en-baluarte\\\/#primaryimage\"},\"thumbnailUrl\":\"https:\\\/\\\/www.laguiadepamplona.com\\\/actualidad\\\/wp-content\\\/uploads\\\/2023\\\/05\\\/aparcamiento_subterraneo_parking_0.webp\",\"datePublished\":\"2023-05-11T15:37:54+00:00\",\"description\":\"En 2020 se ofrecieron 200 plazas de estacionamiento para tres a\u00f1os y ahora se da la posibilidad de renovarlas por otros tres a\u00f1os m\u00e1s\",\"breadcrumb\":{\"@id\":\"https:\\\/\\\/www.laguiadepamplona.com\\\/actualidad\\\/el-ayuntamiento-de-pamplona-acuerda-con-la-empresa-empark-renovar-la-oferta-de-plazas-de-aparcamiento-para-residentes-de-los-sectores-1-y-2-en-baluarte\\\/#breadcrumb\"},\"inLanguage\":\"es\",\"potentialAction\":[{\"@type\":\"ReadAction\",\"target\":[\"https:\\\/\\\/www.laguiadepamplona.com\\\/actualidad\\\/el-ayuntamiento-de-pamplona-acuerda-con-la-empresa-empark-renovar-la-oferta-de-plazas-de-aparcamiento-para-residentes-de-los-sectores-1-y-2-en-baluarte\\\/\"]}]},{\"@type\":\"ImageObject\",\"inLanguage\":\"es\",\"@id\":\"https:\\\/\\\/www.laguiadepamplona.com\\\/actualidad\\\/el-ayuntamiento-de-pamplona-acuerda-con-la-empresa-empark-renovar-la-oferta-de-plazas-de-aparcamiento-para-residentes-de-los-sectores-1-y-2-en-baluarte\\\/#primaryimage\",\"url\":\"https:\\\/\\\/www.laguiadepamplona.com\\\/actualidad\\\/wp-content\\\/uploads\\\/2023\\\/05\\\/aparcamiento_subterraneo_parking_0.webp\",\"contentUrl\":\"https:\\\/\\\/www.laguiadepamplona.com\\\/actualidad\\\/wp-content\\\/uploads\\\/2023\\\/05\\\/aparcamiento_subterraneo_parking_0.webp\",\"width\":1920,\"height\":1280},{\"@type\":\"BreadcrumbList\",\"@id\":\"https:\\\/\\\/www.laguiadepamplona.com\\\/actualidad\\\/el-ayuntamiento-de-pamplona-acuerda-con-la-empresa-empark-renovar-la-oferta-de-plazas-de-aparcamiento-para-residentes-de-los-sectores-1-y-2-en-baluarte\\\/#breadcrumb\",\"itemListElement\":[{\"@type\":\"ListItem\",\"position\":1,\"name\":\"Portada\",\"item\":\"https:\\\/\\\/www.laguiadepamplona.com\\\/actualidad\\\/\"},{\"@type\":\"ListItem\",\"position\":2,\"name\":\"El Ayuntamiento de Pamplona acuerda con la empresa Empark renovar la oferta de plazas de aparcamiento para residentes de los sectores 1 y 2 en Baluarte\"}]},{\"@type\":\"WebSite\",\"@id\":\"https:\\\/\\\/www.laguiadepamplona.com\\\/actualidad\\\/#website\",\"url\":\"https:\\\/\\\/www.laguiadepamplona.com\\\/actualidad\\\/\",\"name\":\"La gu\u00eda de Pamplona\",\"description\":\"Noticias de Pamplona\",\"publisher\":{\"@id\":\"https:\\\/\\\/www.laguiadepamplona.com\\\/actualidad\\\/#organization\"},\"potentialAction\":[{\"@type\":\"SearchAction\",\"target\":{\"@type\":\"EntryPoint\",\"urlTemplate\":\"https:\\\/\\\/www.laguiadepamplona.com\\\/actualidad\\\/?s={search_term_string}\"},\"query-input\":{\"@type\":\"PropertyValueSpecification\",\"valueRequired\":true,\"valueName\":\"search_term_string\"}}],\"inLanguage\":\"es\"},{\"@type\":\"Organization\",\"@id\":\"https:\\\/\\\/www.laguiadepamplona.com\\\/actualidad\\\/#organization\",\"name\":\"La Gu\u00eda de Pamplona \\\/ Noticias\",\"url\":\"https:\\\/\\\/www.laguiadepamplona.com\\\/actualidad\\\/\",\"logo\":{\"@type\":\"ImageObject\",\"inLanguage\":\"es\",\"@id\":\"https:\\\/\\\/www.laguiadepamplona.com\\\/actualidad\\\/#\\\/schema\\\/logo\\\/image\\\/\",\"url\":\"https:\\\/\\\/www.laguiadepamplona.com\\\/actualidad\\\/wp-content\\\/uploads\\\/2018\\\/11\\\/logo-laguiadepamplona18-web1.png\",\"contentUrl\":\"https:\\\/\\\/www.laguiadepamplona.com\\\/actualidad\\\/wp-content\\\/uploads\\\/2018\\\/11\\\/logo-laguiadepamplona18-web1.png\",\"width\":600,\"height\":196,\"caption\":\"La Gu\u00eda de Pamplona \\\/ Noticias\"},\"image\":{\"@id\":\"https:\\\/\\\/www.laguiadepamplona.com\\\/actualidad\\\/#\\\/schema\\\/logo\\\/image\\\/\"},\"sameAs\":[\"https:\\\/\\\/www.facebook.com\\\/laguiadepamplonacom-133175176762273\\\/?ref=hl\",\"https:\\\/\\\/x.com\\\/LaGuiadPamplona\",\"https:\\\/\\\/www.instagram.com\\\/la_guia_de_pamplona\\\/\",\"https:\\\/\\\/www.youtube.com\\\/user\\\/laguiadepamplona\"]},{\"@type\":\"Person\",\"@id\":\"https:\\\/\\\/www.laguiadepamplona.com\\\/actualidad\\\/#\\\/schema\\\/person\\\/efe887376f0213d4657c93adc50b1fdb\",\"name\":\"La Gu\u00eda de Pamplona\",\"image\":{\"@type\":\"ImageObject\",\"inLanguage\":\"es\",\"@id\":\"https:\\\/\\\/secure.gravatar.com\\\/avatar\\\/b6992f131dc8d30ab0dff15446e9d346d9dbd95992de0fef795073f5ea83a81c?s=96&d=mm&r=g\",\"url\":\"https:\\\/\\\/secure.gravatar.com\\\/avatar\\\/b6992f131dc8d30ab0dff15446e9d346d9dbd95992de0fef795073f5ea83a81c?s=96&d=mm&r=g\",\"contentUrl\":\"https:\\\/\\\/secure.gravatar.com\\\/avatar\\\/b6992f131dc8d30ab0dff15446e9d346d9dbd95992de0fef795073f5ea83a81c?s=96&d=mm&r=g\",\"caption\":\"La Gu\u00eda de Pamplona\"}}]}<\/script>\n<!-- \/ Yoast SEO plugin. -->","yoast_head_json":{"title":"El Ayuntamiento de Pamplona acuerda con la empresa Empark renovar la oferta de plazas de aparcamiento para residentes de los sectores 1 y 2 en Baluarte","description":"En 2020 se ofrecieron 200 plazas de estacionamiento para tres a\u00f1os y ahora se da la posibilidad de renovarlas por otros tres a\u00f1os m\u00e1s","robots":{"index":"index","follow":"follow","max-snippet":"max-snippet:-1","max-image-preview":"max-image-preview:large","max-video-preview":"max-video-preview:-1"},"canonical":"https:\/\/www.laguiadepamplona.com\/actualidad\/el-ayuntamiento-de-pamplona-acuerda-con-la-empresa-empark-renovar-la-oferta-de-plazas-de-aparcamiento-para-residentes-de-los-sectores-1-y-2-en-baluarte\/","og_locale":"es_ES","og_type":"article","og_title":"El Ayuntamiento de Pamplona acuerda con la empresa Empark renovar la oferta de plazas de aparcamiento para residentes de los sectores 1 y 2 en Baluarte","og_description":"En 2020 se ofrecieron 200 plazas de estacionamiento para tres a\u00f1os y ahora se da la posibilidad de renovarlas por otros tres a\u00f1os m\u00e1s","og_url":"https:\/\/www.laguiadepamplona.com\/actualidad\/el-ayuntamiento-de-pamplona-acuerda-con-la-empresa-empark-renovar-la-oferta-de-plazas-de-aparcamiento-para-residentes-de-los-sectores-1-y-2-en-baluarte\/","og_site_name":"La Gu\u00eda de Pamplona","article_publisher":"https:\/\/www.facebook.com\/laguiadepamplonacom-133175176762273\/?ref=hl","article_published_time":"2023-05-11T15:37:54+00:00","og_image":[{"width":1920,"height":1280,"url":"https:\/\/www.laguiadepamplona.com\/actualidad\/wp-content\/uploads\/2023\/05\/aparcamiento_subterraneo_parking_0.webp","type":"image\/webp"}],"author":"La Gu\u00eda de Pamplona","twitter_card":"summary_large_image","twitter_creator":"@LaGuiadPamplona","twitter_site":"@LaGuiadPamplona","twitter_misc":{"Escrito por":"La Gu\u00eda de Pamplona","Tiempo de lectura":"2 minutos"},"schema":{"@context":"https:\/\/schema.org","@graph":[{"@type":"Article","@id":"https:\/\/www.laguiadepamplona.com\/actualidad\/el-ayuntamiento-de-pamplona-acuerda-con-la-empresa-empark-renovar-la-oferta-de-plazas-de-aparcamiento-para-residentes-de-los-sectores-1-y-2-en-baluarte\/#article","isPartOf":{"@id":"https:\/\/www.laguiadepamplona.com\/actualidad\/el-ayuntamiento-de-pamplona-acuerda-con-la-empresa-empark-renovar-la-oferta-de-plazas-de-aparcamiento-para-residentes-de-los-sectores-1-y-2-en-baluarte\/"},"author":{"name":"La Gu\u00eda de Pamplona","@id":"https:\/\/www.laguiadepamplona.com\/actualidad\/#\/schema\/person\/efe887376f0213d4657c93adc50b1fdb"},"headline":"El Ayuntamiento de Pamplona acuerda con la empresa Empark renovar la oferta de plazas de aparcamiento para residentes de los sectores 1 y 2 en Baluarte","datePublished":"2023-05-11T15:37:54+00:00","mainEntityOfPage":{"@id":"https:\/\/www.laguiadepamplona.com\/actualidad\/el-ayuntamiento-de-pamplona-acuerda-con-la-empresa-empark-renovar-la-oferta-de-plazas-de-aparcamiento-para-residentes-de-los-sectores-1-y-2-en-baluarte\/"},"wordCount":435,"commentCount":0,"publisher":{"@id":"https:\/\/www.laguiadepamplona.com\/actualidad\/#organization"},"image":{"@id":"https:\/\/www.laguiadepamplona.com\/actualidad\/el-ayuntamiento-de-pamplona-acuerda-con-la-empresa-empark-renovar-la-oferta-de-plazas-de-aparcamiento-para-residentes-de-los-sectores-1-y-2-en-baluarte\/#primaryimage"},"thumbnailUrl":"https:\/\/www.laguiadepamplona.com\/actualidad\/wp-content\/uploads\/2023\/05\/aparcamiento_subterraneo_parking_0.webp","articleSection":["Ayto Pamplona"],"inLanguage":"es","potentialAction":[{"@type":"CommentAction","name":"Comment","target":["https:\/\/www.laguiadepamplona.com\/actualidad\/el-ayuntamiento-de-pamplona-acuerda-con-la-empresa-empark-renovar-la-oferta-de-plazas-de-aparcamiento-para-residentes-de-los-sectores-1-y-2-en-baluarte\/#respond"]}]},{"@type":"WebPage","@id":"https:\/\/www.laguiadepamplona.com\/actualidad\/el-ayuntamiento-de-pamplona-acuerda-con-la-empresa-empark-renovar-la-oferta-de-plazas-de-aparcamiento-para-residentes-de-los-sectores-1-y-2-en-baluarte\/","url":"https:\/\/www.laguiadepamplona.com\/actualidad\/el-ayuntamiento-de-pamplona-acuerda-con-la-empresa-empark-renovar-la-oferta-de-plazas-de-aparcamiento-para-residentes-de-los-sectores-1-y-2-en-baluarte\/","name":"El Ayuntamiento de Pamplona acuerda con la empresa Empark renovar la oferta de plazas de aparcamiento para residentes de los sectores 1 y 2 en Baluarte","isPartOf":{"@id":"https:\/\/www.laguiadepamplona.com\/actualidad\/#website"},"primaryImageOfPage":{"@id":"https:\/\/www.laguiadepamplona.com\/actualidad\/el-ayuntamiento-de-pamplona-acuerda-con-la-empresa-empark-renovar-la-oferta-de-plazas-de-aparcamiento-para-residentes-de-los-sectores-1-y-2-en-baluarte\/#primaryimage"},"image":{"@id":"https:\/\/www.laguiadepamplona.com\/actualidad\/el-ayuntamiento-de-pamplona-acuerda-con-la-empresa-empark-renovar-la-oferta-de-plazas-de-aparcamiento-para-residentes-de-los-sectores-1-y-2-en-baluarte\/#primaryimage"},"thumbnailUrl":"https:\/\/www.laguiadepamplona.com\/actualidad\/wp-content\/uploads\/2023\/05\/aparcamiento_subterraneo_parking_0.webp","datePublished":"2023-05-11T15:37:54+00:00","description":"En 2020 se ofrecieron 200 plazas de estacionamiento para tres a\u00f1os y ahora se da la posibilidad de renovarlas por otros tres a\u00f1os m\u00e1s","breadcrumb":{"@id":"https:\/\/www.laguiadepamplona.com\/actualidad\/el-ayuntamiento-de-pamplona-acuerda-con-la-empresa-empark-renovar-la-oferta-de-plazas-de-aparcamiento-para-residentes-de-los-sectores-1-y-2-en-baluarte\/#breadcrumb"},"inLanguage":"es","potentialAction":[{"@type":"ReadAction","target":["https:\/\/www.laguiadepamplona.com\/actualidad\/el-ayuntamiento-de-pamplona-acuerda-con-la-empresa-empark-renovar-la-oferta-de-plazas-de-aparcamiento-para-residentes-de-los-sectores-1-y-2-en-baluarte\/"]}]},{"@type":"ImageObject","inLanguage":"es","@id":"https:\/\/www.laguiadepamplona.com\/actualidad\/el-ayuntamiento-de-pamplona-acuerda-con-la-empresa-empark-renovar-la-oferta-de-plazas-de-aparcamiento-para-residentes-de-los-sectores-1-y-2-en-baluarte\/#primaryimage","url":"https:\/\/www.laguiadepamplona.com\/actualidad\/wp-content\/uploads\/2023\/05\/aparcamiento_subterraneo_parking_0.webp","contentUrl":"https:\/\/www.laguiadepamplona.com\/actualidad\/wp-content\/uploads\/2023\/05\/aparcamiento_subterraneo_parking_0.webp","width":1920,"height":1280},{"@type":"BreadcrumbList","@id":"https:\/\/www.laguiadepamplona.com\/actualidad\/el-ayuntamiento-de-pamplona-acuerda-con-la-empresa-empark-renovar-la-oferta-de-plazas-de-aparcamiento-para-residentes-de-los-sectores-1-y-2-en-baluarte\/#breadcrumb","itemListElement":[{"@type":"ListItem","position":1,"name":"Portada","item":"https:\/\/www.laguiadepamplona.com\/actualidad\/"},{"@type":"ListItem","position":2,"name":"El Ayuntamiento de Pamplona acuerda con la empresa Empark renovar la oferta de plazas de aparcamiento para residentes de los sectores 1 y 2 en Baluarte"}]},{"@type":"WebSite","@id":"https:\/\/www.laguiadepamplona.com\/actualidad\/#website","url":"https:\/\/www.laguiadepamplona.com\/actualidad\/","name":"La gu\u00eda de Pamplona","description":"Noticias de Pamplona","publisher":{"@id":"https:\/\/www.laguiadepamplona.com\/actualidad\/#organization"},"potentialAction":[{"@type":"SearchAction","target":{"@type":"EntryPoint","urlTemplate":"https:\/\/www.laguiadepamplona.com\/actualidad\/?s={search_term_string}"},"query-input":{"@type":"PropertyValueSpecification","valueRequired":true,"valueName":"search_term_string"}}],"inLanguage":"es"},{"@type":"Organization","@id":"https:\/\/www.laguiadepamplona.com\/actualidad\/#organization","name":"La Gu\u00eda de Pamplona \/ Noticias","url":"https:\/\/www.laguiadepamplona.com\/actualidad\/","logo":{"@type":"ImageObject","inLanguage":"es","@id":"https:\/\/www.laguiadepamplona.com\/actualidad\/#\/schema\/logo\/image\/","url":"https:\/\/www.laguiadepamplona.com\/actualidad\/wp-content\/uploads\/2018\/11\/logo-laguiadepamplona18-web1.png","contentUrl":"https:\/\/www.laguiadepamplona.com\/actualidad\/wp-content\/uploads\/2018\/11\/logo-laguiadepamplona18-web1.png","width":600,"height":196,"caption":"La Gu\u00eda de Pamplona \/ Noticias"},"image":{"@id":"https:\/\/www.laguiadepamplona.com\/actualidad\/#\/schema\/logo\/image\/"},"sameAs":["https:\/\/www.facebook.com\/laguiadepamplonacom-133175176762273\/?ref=hl","https:\/\/x.com\/LaGuiadPamplona","https:\/\/www.instagram.com\/la_guia_de_pamplona\/","https:\/\/www.youtube.com\/user\/laguiadepamplona"]},{"@type":"Person","@id":"https:\/\/www.laguiadepamplona.com\/actualidad\/#\/schema\/person\/efe887376f0213d4657c93adc50b1fdb","name":"La Gu\u00eda de Pamplona","image":{"@type":"ImageObject","inLanguage":"es","@id":"https:\/\/secure.gravatar.com\/avatar\/b6992f131dc8d30ab0dff15446e9d346d9dbd95992de0fef795073f5ea83a81c?s=96&d=mm&r=g","url":"https:\/\/secure.gravatar.com\/avatar\/b6992f131dc8d30ab0dff15446e9d346d9dbd95992de0fef795073f5ea83a81c?s=96&d=mm&r=g","contentUrl":"https:\/\/secure.gravatar.com\/avatar\/b6992f131dc8d30ab0dff15446e9d346d9dbd95992de0fef795073f5ea83a81c?s=96&d=mm&r=g","caption":"La Gu\u00eda de Pamplona"}}]}},"post_mailing_queue_ids":[],"_links":{"self":[{"href":"https:\/\/www.laguiadepamplona.com\/actualidad\/wp-json\/wp\/v2\/posts\/46651","targetHints":{"allow":["GET"]}}],"collection":[{"href":"https:\/\/www.laguiadepamplona.com\/actualidad\/wp-json\/wp\/v2\/posts"}],"about":[{"href":"https:\/\/www.laguiadepamplona.com\/actualidad\/wp-json\/wp\/v2\/types\/post"}],"author":[{"embeddable":true,"href":"https:\/\/www.laguiadepamplona.com\/actualidad\/wp-json\/wp\/v2\/users\/1"}],"replies":[{"embeddable":true,"href":"https:\/\/www.laguiadepamplona.com\/actualidad\/wp-json\/wp\/v2\/comments?post=46651"}],"version-history":[{"count":1,"href":"https:\/\/www.laguiadepamplona.com\/actualidad\/wp-json\/wp\/v2\/posts\/46651\/revisions"}],"predecessor-version":[{"id":46653,"href":"https:\/\/www.laguiadepamplona.com\/actualidad\/wp-json\/wp\/v2\/posts\/46651\/revisions\/46653"}],"wp:featuredmedia":[{"embeddable":true,"href":"https:\/\/www.laguiadepamplona.com\/actualidad\/wp-json\/wp\/v2\/media\/46652"}],"wp:attachment":[{"href":"https:\/\/www.laguiadepamplona.com\/actualidad\/wp-json\/wp\/v2\/media?parent=46651"}],"wp:term":[{"taxonomy":"category","embeddable":true,"href":"https:\/\/www.laguiadepamplona.com\/actualidad\/wp-json\/wp\/v2\/categories?post=46651"},{"taxonomy":"post_tag","embeddable":true,"href":"https:\/\/www.laguiadepamplona.com\/actualidad\/wp-json\/wp\/v2\/tags?post=46651"}],"curies":[{"name":"wp","href":"https:\/\/api.w.org\/{rel}","templated":true}]}}