{"id":46648,"date":"2023-05-11T17:35:11","date_gmt":"2023-05-11T15:35:11","guid":{"rendered":"https:\/\/www.laguiadepamplona.com\/actualidad\/?p=46648"},"modified":"2023-05-11T17:35:11","modified_gmt":"2023-05-11T15:35:11","slug":"paseo-juan-moya-bernedo-y-privilegio-de-la-union-nuevas-denominaciones-para-el-callejero-de-pamplona","status":"publish","type":"post","link":"https:\/\/www.laguiadepamplona.com\/actualidad\/paseo-juan-moya-bernedo-y-privilegio-de-la-union-nuevas-denominaciones-para-el-callejero-de-pamplona\/","title":{"rendered":"Paseo Juan Moya Bernedo y Privilegio de la Uni\u00f3n, nuevas denominaciones para el callejero de Pamplona"},"content":{"rendered":"<h3>El paseo une la calle Arrieta con la plaza de Santa Mar\u00eda la Real y la calle Privilegio de la Uni\u00f3n bordea el parque Camino de Santiago en Txantrea<\/h3>\n<p><!--more--><\/p>\n<p>Pamplona ha incorporado dos nombres nuevos a su callejero, Juan Moya Bernedo y Privilegio de la Uni\u00f3n. Las denominaciones corresponden a dos enclaves, un paseo y una calle, que carec\u00edan de nombre hasta ahora. El paseo rodea la parte trasera del Front\u00f3n Labrit y se une, a trav\u00e9s de la pasarela, con la calle Emilio Arrieta, y la calle es el nuevo vial que cierra por el sur el barrio de Txantrea, entre los nuevos edificios y el parque Camino de Santiago. La Junta de Portavoces ha conocido las nuevas denominaciones esta ma\u00f1ana.<br \/>\n<script async src=\"\/\/pagead2.googlesyndication.com\/pagead\/js\/adsbygoogle.js\"><\/script><br \/>\n<!-- Noticias La Guia de Pamplona --><br \/>\n<ins class=\"adsbygoogle\"\nstyle=\"display:block\"\ndata-ad-client=\"ca-pub-6943679897239327\"\ndata-ad-slot=\"7048180777\"\ndata-ad-format=\"auto\"><\/ins><br \/>\n<script>\n(adsbygoogle = window.adsbygoogle || []).push({});\n<\/script><\/p>\n<p>El nombre elegido para el paseo es Juan Moya Bernedo y rodea la parte trasera del front\u00f3n Labrit. Arranca desde la calle Arrieta, al final de la calle Aralar, atraviesa la pasarela del Labrit y termina detr\u00e1s del front\u00f3n, junto a la plaza de Santa Mar\u00eda y el Jito Alai. El pelotari Juan Moya Bernedo (1879-1950), nacido en la calle Tejer\u00eda y apodado Moyica, fue el inventor de las cestas de remonte, que present\u00f3 al p\u00fablico en Pamplona hacia el a\u00f1o 1903. El pelotari, conocido como Juanito por su baja estatura, buscaba hacer frente a otros contrincantes m\u00e1s potentes, contra los que se enfrentaba en la modalidad de guante en el ya desaparecido front\u00f3n conocido como Juego Nuevo, en el edificio de la Casa Misericordia, entre el paseo de Sarasate y la calle San Ignacio. Las cestas de remonte, m\u00e1s peque\u00f1as y de menor curvatura que las actuales, las fabricaba el cestero tolosarra Aguirre.<\/p>\n<p>La otra nueva calle es Privilegio de la Uni\u00f3n, tratado que celebra este a\u00f1o sus 600 a\u00f1os de vida. El vial de nueva creaci\u00f3n une la nueva rotonda junto al instituto Irubide con el final de la calle Mendigorr\u00eda, bordeando el parque Camino de Santiago hasta la trasera del colegio Jesuitinas. La elecci\u00f3n del nombre del Privilegio da continuidad al esp\u00edritu de integraci\u00f3n que supuso el tratado, uniendo los tres burgos principales que formaban la ciudad en la Edad Media. El aniversario de la firma del tratado por el rey Carlos III el Noble se celebra el 8 de septiembre, con una completa agenda de actividades que incluye el desfile de la Corporaci\u00f3n Municipal en cuerpo de ciudad por las calles de los tres burgos, eventos musicales y art\u00edsticos, un mercado medieval y visitas guiadas a la Casa Consistorial. A estas celebraciones se une este a\u00f1o un completo programa con conferencias, creaciones art\u00edsticas, un logo conmemorativo y recreaciones hist\u00f3ricas.<br \/>\n<script async src=\"\/\/pagead2.googlesyndication.com\/pagead\/js\/adsbygoogle.js\"><\/script><br \/>\n<!-- Noticias La Guia de Pamplona --><br \/>\n<ins class=\"adsbygoogle\"\nstyle=\"display:block\"\ndata-ad-client=\"ca-pub-6943679897239327\"\ndata-ad-slot=\"7048180777\"\ndata-ad-format=\"auto\"><\/ins><br \/>\n<script>\n(adsbygoogle = window.adsbygoogle || []).push({});\n<\/script><\/p>\n<p>&nbsp;<\/p>\n<h3>Dos Nuevas Denominaciones<\/h3>\n<ul>\n<li>Paseo de Juan Moya Bernedo (Ensanche)<\/li>\n<li>Calle Privilegio de la Uni\u00f3n (Txantrea)<\/li>\n<\/ul>\n","protected":false},"excerpt":{"rendered":"<p>El paseo une la calle Arrieta con la plaza de Santa Mar\u00eda la Real y la calle Privilegio de la Uni\u00f3n bordea el parque Camino de Santiago en Txantrea<\/p>\n","protected":false},"author":1,"featured_media":46649,"comment_status":"open","ping_status":"closed","sticky":false,"template":"","format":"standard","meta":{"footnotes":""},"categories":[2],"tags":[],"class_list":["post-46648","post","type-post","status-publish","format-standard","has-post-thumbnail","hentry","category-ayuntamiento-pamplona"],"yoast_head":"<!-- This site is optimized with the Yoast SEO plugin v27.3 - https:\/\/yoast.com\/product\/yoast-seo-wordpress\/ -->\n<title>Paseo Juan Moya Bernedo y Privilegio de la Uni\u00f3n, nuevas denominaciones para el callejero de Pamplona<\/title>\n<meta name=\"description\" content=\"El paseo une la calle Arrieta con la plaza de Santa Mar\u00eda la Real y la calle Privilegio de la Uni\u00f3n bordea el parque Camino de Santiago en Txantrea\" \/>\n<meta name=\"robots\" content=\"index, follow, max-snippet:-1, max-image-preview:large, max-video-preview:-1\" \/>\n<link rel=\"canonical\" href=\"https:\/\/www.laguiadepamplona.com\/actualidad\/paseo-juan-moya-bernedo-y-privilegio-de-la-union-nuevas-denominaciones-para-el-callejero-de-pamplona\/\" \/>\n<meta property=\"og:locale\" content=\"es_ES\" \/>\n<meta property=\"og:type\" content=\"article\" \/>\n<meta property=\"og:title\" content=\"Paseo Juan Moya Bernedo y Privilegio de la Uni\u00f3n, nuevas denominaciones para el callejero de Pamplona\" \/>\n<meta property=\"og:description\" content=\"El paseo une la calle Arrieta con la plaza de Santa Mar\u00eda la Real y la calle Privilegio de la Uni\u00f3n bordea el parque Camino de Santiago en Txantrea\" \/>\n<meta property=\"og:url\" content=\"https:\/\/www.laguiadepamplona.com\/actualidad\/paseo-juan-moya-bernedo-y-privilegio-de-la-union-nuevas-denominaciones-para-el-callejero-de-pamplona\/\" \/>\n<meta property=\"og:site_name\" content=\"La Gu\u00eda de Pamplona\" \/>\n<meta property=\"article:publisher\" content=\"https:\/\/www.facebook.com\/laguiadepamplonacom-133175176762273\/?ref=hl\" \/>\n<meta property=\"article:published_time\" content=\"2023-05-11T15:35:11+00:00\" \/>\n<meta property=\"og:image\" content=\"https:\/\/www.laguiadepamplona.com\/actualidad\/wp-content\/uploads\/2023\/05\/nuevas-denominaciones.webp\" \/>\n\t<meta property=\"og:image:width\" content=\"1920\" \/>\n\t<meta property=\"og:image:height\" content=\"1080\" \/>\n\t<meta property=\"og:image:type\" content=\"image\/webp\" \/>\n<meta name=\"author\" content=\"La Gu\u00eda de Pamplona\" \/>\n<meta name=\"twitter:card\" content=\"summary_large_image\" \/>\n<meta name=\"twitter:creator\" content=\"@LaGuiadPamplona\" \/>\n<meta name=\"twitter:site\" content=\"@LaGuiadPamplona\" \/>\n<meta name=\"twitter:label1\" content=\"Escrito por\" \/>\n\t<meta name=\"twitter:data1\" content=\"La Gu\u00eda de Pamplona\" \/>\n\t<meta name=\"twitter:label2\" content=\"Tiempo de lectura\" \/>\n\t<meta name=\"twitter:data2\" content=\"3 minutos\" \/>\n<script type=\"application\/ld+json\" class=\"yoast-schema-graph\">{\"@context\":\"https:\\\/\\\/schema.org\",\"@graph\":[{\"@type\":\"Article\",\"@id\":\"https:\\\/\\\/www.laguiadepamplona.com\\\/actualidad\\\/paseo-juan-moya-bernedo-y-privilegio-de-la-union-nuevas-denominaciones-para-el-callejero-de-pamplona\\\/#article\",\"isPartOf\":{\"@id\":\"https:\\\/\\\/www.laguiadepamplona.com\\\/actualidad\\\/paseo-juan-moya-bernedo-y-privilegio-de-la-union-nuevas-denominaciones-para-el-callejero-de-pamplona\\\/\"},\"author\":{\"name\":\"La Gu\u00eda de Pamplona\",\"@id\":\"https:\\\/\\\/www.laguiadepamplona.com\\\/actualidad\\\/#\\\/schema\\\/person\\\/efe887376f0213d4657c93adc50b1fdb\"},\"headline\":\"Paseo Juan Moya Bernedo y Privilegio de la Uni\u00f3n, nuevas denominaciones para el callejero de Pamplona\",\"datePublished\":\"2023-05-11T15:35:11+00:00\",\"mainEntityOfPage\":{\"@id\":\"https:\\\/\\\/www.laguiadepamplona.com\\\/actualidad\\\/paseo-juan-moya-bernedo-y-privilegio-de-la-union-nuevas-denominaciones-para-el-callejero-de-pamplona\\\/\"},\"wordCount\":497,\"commentCount\":0,\"publisher\":{\"@id\":\"https:\\\/\\\/www.laguiadepamplona.com\\\/actualidad\\\/#organization\"},\"image\":{\"@id\":\"https:\\\/\\\/www.laguiadepamplona.com\\\/actualidad\\\/paseo-juan-moya-bernedo-y-privilegio-de-la-union-nuevas-denominaciones-para-el-callejero-de-pamplona\\\/#primaryimage\"},\"thumbnailUrl\":\"https:\\\/\\\/www.laguiadepamplona.com\\\/actualidad\\\/wp-content\\\/uploads\\\/2023\\\/05\\\/nuevas-denominaciones.webp\",\"articleSection\":[\"Ayto Pamplona\"],\"inLanguage\":\"es\",\"potentialAction\":[{\"@type\":\"CommentAction\",\"name\":\"Comment\",\"target\":[\"https:\\\/\\\/www.laguiadepamplona.com\\\/actualidad\\\/paseo-juan-moya-bernedo-y-privilegio-de-la-union-nuevas-denominaciones-para-el-callejero-de-pamplona\\\/#respond\"]}]},{\"@type\":\"WebPage\",\"@id\":\"https:\\\/\\\/www.laguiadepamplona.com\\\/actualidad\\\/paseo-juan-moya-bernedo-y-privilegio-de-la-union-nuevas-denominaciones-para-el-callejero-de-pamplona\\\/\",\"url\":\"https:\\\/\\\/www.laguiadepamplona.com\\\/actualidad\\\/paseo-juan-moya-bernedo-y-privilegio-de-la-union-nuevas-denominaciones-para-el-callejero-de-pamplona\\\/\",\"name\":\"Paseo Juan Moya Bernedo y Privilegio de la Uni\u00f3n, nuevas denominaciones para el callejero de Pamplona\",\"isPartOf\":{\"@id\":\"https:\\\/\\\/www.laguiadepamplona.com\\\/actualidad\\\/#website\"},\"primaryImageOfPage\":{\"@id\":\"https:\\\/\\\/www.laguiadepamplona.com\\\/actualidad\\\/paseo-juan-moya-bernedo-y-privilegio-de-la-union-nuevas-denominaciones-para-el-callejero-de-pamplona\\\/#primaryimage\"},\"image\":{\"@id\":\"https:\\\/\\\/www.laguiadepamplona.com\\\/actualidad\\\/paseo-juan-moya-bernedo-y-privilegio-de-la-union-nuevas-denominaciones-para-el-callejero-de-pamplona\\\/#primaryimage\"},\"thumbnailUrl\":\"https:\\\/\\\/www.laguiadepamplona.com\\\/actualidad\\\/wp-content\\\/uploads\\\/2023\\\/05\\\/nuevas-denominaciones.webp\",\"datePublished\":\"2023-05-11T15:35:11+00:00\",\"description\":\"El paseo une la calle Arrieta con la plaza de Santa Mar\u00eda la Real y la calle Privilegio de la Uni\u00f3n bordea el parque Camino de Santiago en Txantrea\",\"breadcrumb\":{\"@id\":\"https:\\\/\\\/www.laguiadepamplona.com\\\/actualidad\\\/paseo-juan-moya-bernedo-y-privilegio-de-la-union-nuevas-denominaciones-para-el-callejero-de-pamplona\\\/#breadcrumb\"},\"inLanguage\":\"es\",\"potentialAction\":[{\"@type\":\"ReadAction\",\"target\":[\"https:\\\/\\\/www.laguiadepamplona.com\\\/actualidad\\\/paseo-juan-moya-bernedo-y-privilegio-de-la-union-nuevas-denominaciones-para-el-callejero-de-pamplona\\\/\"]}]},{\"@type\":\"ImageObject\",\"inLanguage\":\"es\",\"@id\":\"https:\\\/\\\/www.laguiadepamplona.com\\\/actualidad\\\/paseo-juan-moya-bernedo-y-privilegio-de-la-union-nuevas-denominaciones-para-el-callejero-de-pamplona\\\/#primaryimage\",\"url\":\"https:\\\/\\\/www.laguiadepamplona.com\\\/actualidad\\\/wp-content\\\/uploads\\\/2023\\\/05\\\/nuevas-denominaciones.webp\",\"contentUrl\":\"https:\\\/\\\/www.laguiadepamplona.com\\\/actualidad\\\/wp-content\\\/uploads\\\/2023\\\/05\\\/nuevas-denominaciones.webp\",\"width\":1920,\"height\":1080},{\"@type\":\"BreadcrumbList\",\"@id\":\"https:\\\/\\\/www.laguiadepamplona.com\\\/actualidad\\\/paseo-juan-moya-bernedo-y-privilegio-de-la-union-nuevas-denominaciones-para-el-callejero-de-pamplona\\\/#breadcrumb\",\"itemListElement\":[{\"@type\":\"ListItem\",\"position\":1,\"name\":\"Portada\",\"item\":\"https:\\\/\\\/www.laguiadepamplona.com\\\/actualidad\\\/\"},{\"@type\":\"ListItem\",\"position\":2,\"name\":\"Paseo Juan Moya Bernedo y Privilegio de la Uni\u00f3n, nuevas denominaciones para el callejero de Pamplona\"}]},{\"@type\":\"WebSite\",\"@id\":\"https:\\\/\\\/www.laguiadepamplona.com\\\/actualidad\\\/#website\",\"url\":\"https:\\\/\\\/www.laguiadepamplona.com\\\/actualidad\\\/\",\"name\":\"La gu\u00eda de Pamplona\",\"description\":\"Noticias de Pamplona\",\"publisher\":{\"@id\":\"https:\\\/\\\/www.laguiadepamplona.com\\\/actualidad\\\/#organization\"},\"potentialAction\":[{\"@type\":\"SearchAction\",\"target\":{\"@type\":\"EntryPoint\",\"urlTemplate\":\"https:\\\/\\\/www.laguiadepamplona.com\\\/actualidad\\\/?s={search_term_string}\"},\"query-input\":{\"@type\":\"PropertyValueSpecification\",\"valueRequired\":true,\"valueName\":\"search_term_string\"}}],\"inLanguage\":\"es\"},{\"@type\":\"Organization\",\"@id\":\"https:\\\/\\\/www.laguiadepamplona.com\\\/actualidad\\\/#organization\",\"name\":\"La Gu\u00eda de Pamplona \\\/ Noticias\",\"url\":\"https:\\\/\\\/www.laguiadepamplona.com\\\/actualidad\\\/\",\"logo\":{\"@type\":\"ImageObject\",\"inLanguage\":\"es\",\"@id\":\"https:\\\/\\\/www.laguiadepamplona.com\\\/actualidad\\\/#\\\/schema\\\/logo\\\/image\\\/\",\"url\":\"https:\\\/\\\/www.laguiadepamplona.com\\\/actualidad\\\/wp-content\\\/uploads\\\/2018\\\/11\\\/logo-laguiadepamplona18-web1.png\",\"contentUrl\":\"https:\\\/\\\/www.laguiadepamplona.com\\\/actualidad\\\/wp-content\\\/uploads\\\/2018\\\/11\\\/logo-laguiadepamplona18-web1.png\",\"width\":600,\"height\":196,\"caption\":\"La Gu\u00eda de Pamplona \\\/ Noticias\"},\"image\":{\"@id\":\"https:\\\/\\\/www.laguiadepamplona.com\\\/actualidad\\\/#\\\/schema\\\/logo\\\/image\\\/\"},\"sameAs\":[\"https:\\\/\\\/www.facebook.com\\\/laguiadepamplonacom-133175176762273\\\/?ref=hl\",\"https:\\\/\\\/x.com\\\/LaGuiadPamplona\",\"https:\\\/\\\/www.instagram.com\\\/la_guia_de_pamplona\\\/\",\"https:\\\/\\\/www.youtube.com\\\/user\\\/laguiadepamplona\"]},{\"@type\":\"Person\",\"@id\":\"https:\\\/\\\/www.laguiadepamplona.com\\\/actualidad\\\/#\\\/schema\\\/person\\\/efe887376f0213d4657c93adc50b1fdb\",\"name\":\"La Gu\u00eda de Pamplona\",\"image\":{\"@type\":\"ImageObject\",\"inLanguage\":\"es\",\"@id\":\"https:\\\/\\\/secure.gravatar.com\\\/avatar\\\/b6992f131dc8d30ab0dff15446e9d346d9dbd95992de0fef795073f5ea83a81c?s=96&d=mm&r=g\",\"url\":\"https:\\\/\\\/secure.gravatar.com\\\/avatar\\\/b6992f131dc8d30ab0dff15446e9d346d9dbd95992de0fef795073f5ea83a81c?s=96&d=mm&r=g\",\"contentUrl\":\"https:\\\/\\\/secure.gravatar.com\\\/avatar\\\/b6992f131dc8d30ab0dff15446e9d346d9dbd95992de0fef795073f5ea83a81c?s=96&d=mm&r=g\",\"caption\":\"La Gu\u00eda de Pamplona\"}}]}<\/script>\n<!-- \/ Yoast SEO plugin. -->","yoast_head_json":{"title":"Paseo Juan Moya Bernedo y Privilegio de la Uni\u00f3n, nuevas denominaciones para el callejero de Pamplona","description":"El paseo une la calle Arrieta con la plaza de Santa Mar\u00eda la Real y la calle Privilegio de la Uni\u00f3n bordea el parque Camino de Santiago en Txantrea","robots":{"index":"index","follow":"follow","max-snippet":"max-snippet:-1","max-image-preview":"max-image-preview:large","max-video-preview":"max-video-preview:-1"},"canonical":"https:\/\/www.laguiadepamplona.com\/actualidad\/paseo-juan-moya-bernedo-y-privilegio-de-la-union-nuevas-denominaciones-para-el-callejero-de-pamplona\/","og_locale":"es_ES","og_type":"article","og_title":"Paseo Juan Moya Bernedo y Privilegio de la Uni\u00f3n, nuevas denominaciones para el callejero de Pamplona","og_description":"El paseo une la calle Arrieta con la plaza de Santa Mar\u00eda la Real y la calle Privilegio de la Uni\u00f3n bordea el parque Camino de Santiago en Txantrea","og_url":"https:\/\/www.laguiadepamplona.com\/actualidad\/paseo-juan-moya-bernedo-y-privilegio-de-la-union-nuevas-denominaciones-para-el-callejero-de-pamplona\/","og_site_name":"La Gu\u00eda de Pamplona","article_publisher":"https:\/\/www.facebook.com\/laguiadepamplonacom-133175176762273\/?ref=hl","article_published_time":"2023-05-11T15:35:11+00:00","og_image":[{"width":1920,"height":1080,"url":"https:\/\/www.laguiadepamplona.com\/actualidad\/wp-content\/uploads\/2023\/05\/nuevas-denominaciones.webp","type":"image\/webp"}],"author":"La Gu\u00eda de Pamplona","twitter_card":"summary_large_image","twitter_creator":"@LaGuiadPamplona","twitter_site":"@LaGuiadPamplona","twitter_misc":{"Escrito por":"La Gu\u00eda de Pamplona","Tiempo de lectura":"3 minutos"},"schema":{"@context":"https:\/\/schema.org","@graph":[{"@type":"Article","@id":"https:\/\/www.laguiadepamplona.com\/actualidad\/paseo-juan-moya-bernedo-y-privilegio-de-la-union-nuevas-denominaciones-para-el-callejero-de-pamplona\/#article","isPartOf":{"@id":"https:\/\/www.laguiadepamplona.com\/actualidad\/paseo-juan-moya-bernedo-y-privilegio-de-la-union-nuevas-denominaciones-para-el-callejero-de-pamplona\/"},"author":{"name":"La Gu\u00eda de Pamplona","@id":"https:\/\/www.laguiadepamplona.com\/actualidad\/#\/schema\/person\/efe887376f0213d4657c93adc50b1fdb"},"headline":"Paseo Juan Moya Bernedo y Privilegio de la Uni\u00f3n, nuevas denominaciones para el callejero de Pamplona","datePublished":"2023-05-11T15:35:11+00:00","mainEntityOfPage":{"@id":"https:\/\/www.laguiadepamplona.com\/actualidad\/paseo-juan-moya-bernedo-y-privilegio-de-la-union-nuevas-denominaciones-para-el-callejero-de-pamplona\/"},"wordCount":497,"commentCount":0,"publisher":{"@id":"https:\/\/www.laguiadepamplona.com\/actualidad\/#organization"},"image":{"@id":"https:\/\/www.laguiadepamplona.com\/actualidad\/paseo-juan-moya-bernedo-y-privilegio-de-la-union-nuevas-denominaciones-para-el-callejero-de-pamplona\/#primaryimage"},"thumbnailUrl":"https:\/\/www.laguiadepamplona.com\/actualidad\/wp-content\/uploads\/2023\/05\/nuevas-denominaciones.webp","articleSection":["Ayto Pamplona"],"inLanguage":"es","potentialAction":[{"@type":"CommentAction","name":"Comment","target":["https:\/\/www.laguiadepamplona.com\/actualidad\/paseo-juan-moya-bernedo-y-privilegio-de-la-union-nuevas-denominaciones-para-el-callejero-de-pamplona\/#respond"]}]},{"@type":"WebPage","@id":"https:\/\/www.laguiadepamplona.com\/actualidad\/paseo-juan-moya-bernedo-y-privilegio-de-la-union-nuevas-denominaciones-para-el-callejero-de-pamplona\/","url":"https:\/\/www.laguiadepamplona.com\/actualidad\/paseo-juan-moya-bernedo-y-privilegio-de-la-union-nuevas-denominaciones-para-el-callejero-de-pamplona\/","name":"Paseo Juan Moya Bernedo y Privilegio de la Uni\u00f3n, nuevas denominaciones para el callejero de Pamplona","isPartOf":{"@id":"https:\/\/www.laguiadepamplona.com\/actualidad\/#website"},"primaryImageOfPage":{"@id":"https:\/\/www.laguiadepamplona.com\/actualidad\/paseo-juan-moya-bernedo-y-privilegio-de-la-union-nuevas-denominaciones-para-el-callejero-de-pamplona\/#primaryimage"},"image":{"@id":"https:\/\/www.laguiadepamplona.com\/actualidad\/paseo-juan-moya-bernedo-y-privilegio-de-la-union-nuevas-denominaciones-para-el-callejero-de-pamplona\/#primaryimage"},"thumbnailUrl":"https:\/\/www.laguiadepamplona.com\/actualidad\/wp-content\/uploads\/2023\/05\/nuevas-denominaciones.webp","datePublished":"2023-05-11T15:35:11+00:00","description":"El paseo une la calle Arrieta con la plaza de Santa Mar\u00eda la Real y la calle Privilegio de la Uni\u00f3n bordea el parque Camino de Santiago en Txantrea","breadcrumb":{"@id":"https:\/\/www.laguiadepamplona.com\/actualidad\/paseo-juan-moya-bernedo-y-privilegio-de-la-union-nuevas-denominaciones-para-el-callejero-de-pamplona\/#breadcrumb"},"inLanguage":"es","potentialAction":[{"@type":"ReadAction","target":["https:\/\/www.laguiadepamplona.com\/actualidad\/paseo-juan-moya-bernedo-y-privilegio-de-la-union-nuevas-denominaciones-para-el-callejero-de-pamplona\/"]}]},{"@type":"ImageObject","inLanguage":"es","@id":"https:\/\/www.laguiadepamplona.com\/actualidad\/paseo-juan-moya-bernedo-y-privilegio-de-la-union-nuevas-denominaciones-para-el-callejero-de-pamplona\/#primaryimage","url":"https:\/\/www.laguiadepamplona.com\/actualidad\/wp-content\/uploads\/2023\/05\/nuevas-denominaciones.webp","contentUrl":"https:\/\/www.laguiadepamplona.com\/actualidad\/wp-content\/uploads\/2023\/05\/nuevas-denominaciones.webp","width":1920,"height":1080},{"@type":"BreadcrumbList","@id":"https:\/\/www.laguiadepamplona.com\/actualidad\/paseo-juan-moya-bernedo-y-privilegio-de-la-union-nuevas-denominaciones-para-el-callejero-de-pamplona\/#breadcrumb","itemListElement":[{"@type":"ListItem","position":1,"name":"Portada","item":"https:\/\/www.laguiadepamplona.com\/actualidad\/"},{"@type":"ListItem","position":2,"name":"Paseo Juan Moya Bernedo y Privilegio de la Uni\u00f3n, nuevas denominaciones para el callejero de Pamplona"}]},{"@type":"WebSite","@id":"https:\/\/www.laguiadepamplona.com\/actualidad\/#website","url":"https:\/\/www.laguiadepamplona.com\/actualidad\/","name":"La gu\u00eda de Pamplona","description":"Noticias de Pamplona","publisher":{"@id":"https:\/\/www.laguiadepamplona.com\/actualidad\/#organization"},"potentialAction":[{"@type":"SearchAction","target":{"@type":"EntryPoint","urlTemplate":"https:\/\/www.laguiadepamplona.com\/actualidad\/?s={search_term_string}"},"query-input":{"@type":"PropertyValueSpecification","valueRequired":true,"valueName":"search_term_string"}}],"inLanguage":"es"},{"@type":"Organization","@id":"https:\/\/www.laguiadepamplona.com\/actualidad\/#organization","name":"La Gu\u00eda de Pamplona \/ Noticias","url":"https:\/\/www.laguiadepamplona.com\/actualidad\/","logo":{"@type":"ImageObject","inLanguage":"es","@id":"https:\/\/www.laguiadepamplona.com\/actualidad\/#\/schema\/logo\/image\/","url":"https:\/\/www.laguiadepamplona.com\/actualidad\/wp-content\/uploads\/2018\/11\/logo-laguiadepamplona18-web1.png","contentUrl":"https:\/\/www.laguiadepamplona.com\/actualidad\/wp-content\/uploads\/2018\/11\/logo-laguiadepamplona18-web1.png","width":600,"height":196,"caption":"La Gu\u00eda de Pamplona \/ Noticias"},"image":{"@id":"https:\/\/www.laguiadepamplona.com\/actualidad\/#\/schema\/logo\/image\/"},"sameAs":["https:\/\/www.facebook.com\/laguiadepamplonacom-133175176762273\/?ref=hl","https:\/\/x.com\/LaGuiadPamplona","https:\/\/www.instagram.com\/la_guia_de_pamplona\/","https:\/\/www.youtube.com\/user\/laguiadepamplona"]},{"@type":"Person","@id":"https:\/\/www.laguiadepamplona.com\/actualidad\/#\/schema\/person\/efe887376f0213d4657c93adc50b1fdb","name":"La Gu\u00eda de Pamplona","image":{"@type":"ImageObject","inLanguage":"es","@id":"https:\/\/secure.gravatar.com\/avatar\/b6992f131dc8d30ab0dff15446e9d346d9dbd95992de0fef795073f5ea83a81c?s=96&d=mm&r=g","url":"https:\/\/secure.gravatar.com\/avatar\/b6992f131dc8d30ab0dff15446e9d346d9dbd95992de0fef795073f5ea83a81c?s=96&d=mm&r=g","contentUrl":"https:\/\/secure.gravatar.com\/avatar\/b6992f131dc8d30ab0dff15446e9d346d9dbd95992de0fef795073f5ea83a81c?s=96&d=mm&r=g","caption":"La Gu\u00eda de Pamplona"}}]}},"post_mailing_queue_ids":[],"_links":{"self":[{"href":"https:\/\/www.laguiadepamplona.com\/actualidad\/wp-json\/wp\/v2\/posts\/46648","targetHints":{"allow":["GET"]}}],"collection":[{"href":"https:\/\/www.laguiadepamplona.com\/actualidad\/wp-json\/wp\/v2\/posts"}],"about":[{"href":"https:\/\/www.laguiadepamplona.com\/actualidad\/wp-json\/wp\/v2\/types\/post"}],"author":[{"embeddable":true,"href":"https:\/\/www.laguiadepamplona.com\/actualidad\/wp-json\/wp\/v2\/users\/1"}],"replies":[{"embeddable":true,"href":"https:\/\/www.laguiadepamplona.com\/actualidad\/wp-json\/wp\/v2\/comments?post=46648"}],"version-history":[{"count":1,"href":"https:\/\/www.laguiadepamplona.com\/actualidad\/wp-json\/wp\/v2\/posts\/46648\/revisions"}],"predecessor-version":[{"id":46650,"href":"https:\/\/www.laguiadepamplona.com\/actualidad\/wp-json\/wp\/v2\/posts\/46648\/revisions\/46650"}],"wp:featuredmedia":[{"embeddable":true,"href":"https:\/\/www.laguiadepamplona.com\/actualidad\/wp-json\/wp\/v2\/media\/46649"}],"wp:attachment":[{"href":"https:\/\/www.laguiadepamplona.com\/actualidad\/wp-json\/wp\/v2\/media?parent=46648"}],"wp:term":[{"taxonomy":"category","embeddable":true,"href":"https:\/\/www.laguiadepamplona.com\/actualidad\/wp-json\/wp\/v2\/categories?post=46648"},{"taxonomy":"post_tag","embeddable":true,"href":"https:\/\/www.laguiadepamplona.com\/actualidad\/wp-json\/wp\/v2\/tags?post=46648"}],"curies":[{"name":"wp","href":"https:\/\/api.w.org\/{rel}","templated":true}]}}