{"id":46645,"date":"2023-05-11T12:37:51","date_gmt":"2023-05-11T10:37:51","guid":{"rendered":"https:\/\/www.laguiadepamplona.com\/actualidad\/?p=46645"},"modified":"2023-05-11T12:37:51","modified_gmt":"2023-05-11T10:37:51","slug":"el-ayuntamiento-colabora-con-la-ix-marcha-contra-el-cancer-en-pamplona-que-el-proximo-11-de-junio-vuelve-a-las-calles-de-la-ciudad-para-financiar-la-investigacion","status":"publish","type":"post","link":"https:\/\/www.laguiadepamplona.com\/actualidad\/el-ayuntamiento-colabora-con-la-ix-marcha-contra-el-cancer-en-pamplona-que-el-proximo-11-de-junio-vuelve-a-las-calles-de-la-ciudad-para-financiar-la-investigacion\/","title":{"rendered":"El Ayuntamiento colabora con la IX Marcha Contra el C\u00e1ncer en Pamplona que el pr\u00f3ximo 11 de junio vuelve a las calles de la ciudad para financiar la investigaci\u00f3n"},"content":{"rendered":"<h3>Organizada por la Asociaci\u00f3n Espa\u00f1ola contra el C\u00e1ncer (AECC), las inscripciones pueden realizarse desde este lunes hasta el 10 de junio<\/h3>\n<p><!--more--><\/p>\n<p>El pr\u00f3ximo 11 de junio tendr\u00e1 lugar en Pamplona la IX Marcha Navarra contra el C\u00e1ncer por la Investigaci\u00f3n, una carrera que desde el a\u00f1o 2011 ha conseguido recaudar 104 millones de euros para financiar m\u00e1s de 500 proyectos de investigaci\u00f3n. En concreto en Navarra, la Asociaci\u00f3n Espa\u00f1ola contra el C\u00e1ncer est\u00e1 financiando este a\u00f1o investigaciones por 10 millones de euros con el horizonte elevar la tasa de supervivencia desde el 50% hasta el 70%.<\/p>\n<p>Esta ma\u00f1ana el alcalde de Pamplona, Enrique Maya, junto con el presidente de la Asociaci\u00f3n Espa\u00f1ola contra el C\u00e1ncer en Navarra (AECC Navarra), Juan Franco Pueyo, han presentado todas las caracter\u00edsticas y contenidos de la novena edici\u00f3n de esta marcha solidaria que busca fondos para progresar en las investigaciones sobre esta dolencia. La marcha partir\u00e1 el domingo 11 de junio a las 11 de la ma\u00f1ana y recorrer\u00e1 5 kil\u00f3metros a trav\u00e9s de las calles del Casco Antiguo, saliendo de la Ciudadela y terminando en la Plaza del Castillo. El recorrido se puede realizar corriendo o caminando.<\/p>\n<p>Adem\u00e1s de apelar a la solidaridad para lograr financiaci\u00f3n para la investigaci\u00f3n m\u00e9dica, la AECC tambi\u00e9n trabaja para sensibilizar sobre la necesidad de seguir h\u00e1bitos de vida saludables como forma de prevenci\u00f3n, adem\u00e1s buscar la solidaridad social con las personas afectadas y sus familias y dar a conocer su vida diaria y sus necesidades.<br \/>\n<script async src=\"\/\/pagead2.googlesyndication.com\/pagead\/js\/adsbygoogle.js\"><\/script><br \/>\n<!-- Noticias La Guia de Pamplona --><br \/>\n<ins class=\"adsbygoogle\"\nstyle=\"display:block\"\ndata-ad-client=\"ca-pub-6943679897239327\"\ndata-ad-slot=\"7048180777\"\ndata-ad-format=\"auto\"><\/ins><br \/>\n<script>\n(adsbygoogle = window.adsbygoogle || []).push({});\n<\/script><\/p>\n<p><strong>Inscripciones y dorsales<\/strong><\/p>\n<p>Las inscripciones para la IX Marcha Navarra contra el C\u00e1ncer por la Investigaci\u00f3n se pueden realizar online hasta el d\u00eda previo a la carrera desde el lunes 15 de mayo a trav\u00e9s de la web <a href=\"http:\/\/www.rockthesport.com\" target=\"_blank\" rel=\"noopener\">www.rockthesport.com<\/a>. El precio de la inscripci\u00f3n es de ocho euros, en los que se incluye la entrega de la camiseta oficial de la presente edici\u00f3n de la carrera. La web permite tambi\u00e9n adquirir dorsales solidarios. Quienes adquieran su dorsal on line podr\u00e1n recogerlo en la sede de la asociaci\u00f3n en la calle R\u00edo Alzania 31, 1\u00baF (desde el 22 de mayo) o en la planta de deportes de El Corte Ingl\u00e9s desde el 26 de mayo, en ambos casos presentando el resguardo de inscripci\u00f3n.<\/p>\n<p>Cabe tambi\u00e9n la inscripci\u00f3n presencial, de nuevo hasta el d\u00eda anterior a la carrera en las farmacias \u2018Farplus\u2019 o los gimnasios \u2018Altafit\u2019 (desde el 22 de mayo) o en El Corte Ingl\u00e9s (desde el d\u00eda 26 de mayo), y en esos casos el dorsal se entregar\u00e1 en el momento de la compra.<\/p>\n<p>Para las personas rezagadas, el v\u00edspera, d\u00eda 10 de junio, se podr\u00e1n comprar y retirar dorsales en un stand instalado en la Plaza del Castillo en horario de 11 a 14 horas y 17 a 21 horas.<br \/>\n<script async src=\"\/\/pagead2.googlesyndication.com\/pagead\/js\/adsbygoogle.js\"><\/script><br \/>\n<!-- Noticias La Guia de Pamplona --><br \/>\n<ins class=\"adsbygoogle\"\nstyle=\"display:block\"\ndata-ad-client=\"ca-pub-6943679897239327\"\ndata-ad-slot=\"7048180777\"\ndata-ad-format=\"auto\"><\/ins><br \/>\n<script>\n(adsbygoogle = window.adsbygoogle || []).push({});\n<\/script><\/p>\n<p><strong>Siete d\u00e9cadas trabajando contra el c\u00e1ncer<\/strong><\/p>\n<p>La Asociaci\u00f3n Espa\u00f1ola Contra el C\u00e1ncer es una entidad sin \u00e1nimo de lucro y de car\u00e1cter asistencial que lleva 70 a\u00f1os como entidad de referencia en la lucha contra esta enfermedad en Espa\u00f1a. Tiene presencia en m\u00e1s de 2.000 localidades y aglutina a m\u00e1s de 30.000 personas voluntarias y a medio mill\u00f3n de asociados y asociadas. La Asociaci\u00f3n integra a pacientes, familiares, personas voluntarias y profesionales.<\/p>\n<p>Desde hace siete d\u00e9cadas AECC busca informar y concienciar mostrando la realidad del c\u00e1ncer en Espa\u00f1a, detectar \u00e1reas de mejora y poner en marcha un proceso de transformaci\u00f3n social que permita corregirlas para obtener un abordaje del c\u00e1ncer integral y multidisciplinar. En el \u00e1mbito cient\u00edfico es la entidad social y privada que m\u00e1s fondos destina a investigar el c\u00e1ncer. En sus proyectos participan m\u00e1s de 1.000 investigadores. Adem\u00e1s, la asociaci\u00f3n tiene como fin apoyar y acompa\u00f1ar a quienes padecen esa dolencia y a sus familias. Lo ha hecho ya con 136.434 personas.<br \/>\n<script async src=\"\/\/pagead2.googlesyndication.com\/pagead\/js\/adsbygoogle.js\"><\/script><br \/>\n<!-- Noticias La Guia de Pamplona --><br \/>\n<ins class=\"adsbygoogle\"\nstyle=\"display:block\"\ndata-ad-client=\"ca-pub-6943679897239327\"\ndata-ad-slot=\"7048180777\"\ndata-ad-format=\"auto\"><\/ins><br \/>\n<script>\n(adsbygoogle = window.adsbygoogle || []).push({});\n<\/script><\/p>\n<p><strong>En Navarra: \u201creferente y l\u00edder en la lucha contra el c\u00e1ncer\u201d<\/strong><\/p>\n<p>La Junta Provincial de Navarra, con sede principal en Pamplona, naci\u00f3 hace 34 a\u00f1os. Cuenta con 300 voluntarios y m\u00e1s de 10.000 personas asociadas y desde 2021 ostenta la Cruz de Carlos IIII el Noble \u201cpor contribuir de forma destacada al desarrollo, la proyecci\u00f3n y el prestigio de la Comunidad foral (\u2026) por hacerse constituido en referente y l\u00edder en la lucha contra el c\u00e1ncer. Adem\u00e1s, su trabajo complementario y coordinad con el de la Administraci\u00f3n sanitaria goza de un amplio apoyo y reconocimiento en la sociedad navarra\u201d.<\/p>\n<p>El a\u00f1o pasado la atenci\u00f3n social prestada por esta asociaci\u00f3n en Navarra lleg\u00f3 a 336 personas, 767 intervenciones sociales, 134 pr\u00e9stamos de material ortop\u00e9dico y 80 personas acogidas en los pisos de los que dispone la organizaci\u00f3n. Adem\u00e1s, en su programa de atenci\u00f3n psicol\u00f3gica solo en 2022 se ha atendido a m\u00e1s de 1.400 personas en casi 5.500 sesiones de terapia.<\/p>\n","protected":false},"excerpt":{"rendered":"<p>Organizada por la Asociaci\u00f3n Espa\u00f1ola contra el C\u00e1ncer (AECC), las inscripciones pueden realizarse desde este lunes hasta el 10 de junio<\/p>\n","protected":false},"author":1,"featured_media":46646,"comment_status":"open","ping_status":"closed","sticky":false,"template":"","format":"standard","meta":{"footnotes":""},"categories":[2],"tags":[],"class_list":["post-46645","post","type-post","status-publish","format-standard","has-post-thumbnail","hentry","category-ayuntamiento-pamplona"],"yoast_head":"<!-- This site is optimized with the Yoast SEO plugin v27.3 - https:\/\/yoast.com\/product\/yoast-seo-wordpress\/ -->\n<title>El Ayuntamiento colabora con la IX Marcha Contra el C\u00e1ncer en Pamplona que el pr\u00f3ximo 11 de junio vuelve a las calles de la ciudad para financiar la investigaci\u00f3n<\/title>\n<meta name=\"description\" content=\"Organizada por la Asociaci\u00f3n Espa\u00f1ola contra el C\u00e1ncer (AECC), las inscripciones pueden realizarse desde este lunes hasta el 10 de junio\" \/>\n<meta name=\"robots\" content=\"index, follow, max-snippet:-1, max-image-preview:large, max-video-preview:-1\" \/>\n<link rel=\"canonical\" href=\"https:\/\/www.laguiadepamplona.com\/actualidad\/el-ayuntamiento-colabora-con-la-ix-marcha-contra-el-cancer-en-pamplona-que-el-proximo-11-de-junio-vuelve-a-las-calles-de-la-ciudad-para-financiar-la-investigacion\/\" \/>\n<meta property=\"og:locale\" content=\"es_ES\" \/>\n<meta property=\"og:type\" content=\"article\" \/>\n<meta property=\"og:title\" content=\"El Ayuntamiento colabora con la IX Marcha Contra el C\u00e1ncer en Pamplona que el pr\u00f3ximo 11 de junio vuelve a las calles de la ciudad para financiar la investigaci\u00f3n\" \/>\n<meta property=\"og:description\" content=\"Organizada por la Asociaci\u00f3n Espa\u00f1ola contra el C\u00e1ncer (AECC), las inscripciones pueden realizarse desde este lunes hasta el 10 de junio\" \/>\n<meta property=\"og:url\" content=\"https:\/\/www.laguiadepamplona.com\/actualidad\/el-ayuntamiento-colabora-con-la-ix-marcha-contra-el-cancer-en-pamplona-que-el-proximo-11-de-junio-vuelve-a-las-calles-de-la-ciudad-para-financiar-la-investigacion\/\" \/>\n<meta property=\"og:site_name\" content=\"La Gu\u00eda de Pamplona\" \/>\n<meta property=\"article:publisher\" content=\"https:\/\/www.facebook.com\/laguiadepamplonacom-133175176762273\/?ref=hl\" \/>\n<meta property=\"article:published_time\" content=\"2023-05-11T10:37:51+00:00\" \/>\n<meta property=\"og:image\" content=\"https:\/\/www.laguiadepamplona.com\/actualidad\/wp-content\/uploads\/2023\/05\/20230511-marcha-cancer-q5a9692_0.webp\" \/>\n\t<meta property=\"og:image:width\" content=\"1920\" \/>\n\t<meta property=\"og:image:height\" content=\"1281\" \/>\n\t<meta property=\"og:image:type\" content=\"image\/webp\" \/>\n<meta name=\"author\" content=\"La Gu\u00eda de Pamplona\" \/>\n<meta name=\"twitter:card\" content=\"summary_large_image\" \/>\n<meta name=\"twitter:creator\" content=\"@LaGuiadPamplona\" \/>\n<meta name=\"twitter:site\" content=\"@LaGuiadPamplona\" \/>\n<meta name=\"twitter:label1\" content=\"Escrito por\" \/>\n\t<meta name=\"twitter:data1\" content=\"La Gu\u00eda de Pamplona\" \/>\n\t<meta name=\"twitter:label2\" content=\"Tiempo de lectura\" \/>\n\t<meta name=\"twitter:data2\" content=\"4 minutos\" \/>\n<script type=\"application\/ld+json\" class=\"yoast-schema-graph\">{\"@context\":\"https:\\\/\\\/schema.org\",\"@graph\":[{\"@type\":\"Article\",\"@id\":\"https:\\\/\\\/www.laguiadepamplona.com\\\/actualidad\\\/el-ayuntamiento-colabora-con-la-ix-marcha-contra-el-cancer-en-pamplona-que-el-proximo-11-de-junio-vuelve-a-las-calles-de-la-ciudad-para-financiar-la-investigacion\\\/#article\",\"isPartOf\":{\"@id\":\"https:\\\/\\\/www.laguiadepamplona.com\\\/actualidad\\\/el-ayuntamiento-colabora-con-la-ix-marcha-contra-el-cancer-en-pamplona-que-el-proximo-11-de-junio-vuelve-a-las-calles-de-la-ciudad-para-financiar-la-investigacion\\\/\"},\"author\":{\"name\":\"La Gu\u00eda de Pamplona\",\"@id\":\"https:\\\/\\\/www.laguiadepamplona.com\\\/actualidad\\\/#\\\/schema\\\/person\\\/efe887376f0213d4657c93adc50b1fdb\"},\"headline\":\"El Ayuntamiento colabora con la IX Marcha Contra el C\u00e1ncer en Pamplona que el pr\u00f3ximo 11 de junio vuelve a las calles de la ciudad para financiar la investigaci\u00f3n\",\"datePublished\":\"2023-05-11T10:37:51+00:00\",\"mainEntityOfPage\":{\"@id\":\"https:\\\/\\\/www.laguiadepamplona.com\\\/actualidad\\\/el-ayuntamiento-colabora-con-la-ix-marcha-contra-el-cancer-en-pamplona-que-el-proximo-11-de-junio-vuelve-a-las-calles-de-la-ciudad-para-financiar-la-investigacion\\\/\"},\"wordCount\":869,\"commentCount\":0,\"publisher\":{\"@id\":\"https:\\\/\\\/www.laguiadepamplona.com\\\/actualidad\\\/#organization\"},\"image\":{\"@id\":\"https:\\\/\\\/www.laguiadepamplona.com\\\/actualidad\\\/el-ayuntamiento-colabora-con-la-ix-marcha-contra-el-cancer-en-pamplona-que-el-proximo-11-de-junio-vuelve-a-las-calles-de-la-ciudad-para-financiar-la-investigacion\\\/#primaryimage\"},\"thumbnailUrl\":\"https:\\\/\\\/www.laguiadepamplona.com\\\/actualidad\\\/wp-content\\\/uploads\\\/2023\\\/05\\\/20230511-marcha-cancer-q5a9692_0.webp\",\"articleSection\":[\"Ayto Pamplona\"],\"inLanguage\":\"es\",\"potentialAction\":[{\"@type\":\"CommentAction\",\"name\":\"Comment\",\"target\":[\"https:\\\/\\\/www.laguiadepamplona.com\\\/actualidad\\\/el-ayuntamiento-colabora-con-la-ix-marcha-contra-el-cancer-en-pamplona-que-el-proximo-11-de-junio-vuelve-a-las-calles-de-la-ciudad-para-financiar-la-investigacion\\\/#respond\"]}]},{\"@type\":\"WebPage\",\"@id\":\"https:\\\/\\\/www.laguiadepamplona.com\\\/actualidad\\\/el-ayuntamiento-colabora-con-la-ix-marcha-contra-el-cancer-en-pamplona-que-el-proximo-11-de-junio-vuelve-a-las-calles-de-la-ciudad-para-financiar-la-investigacion\\\/\",\"url\":\"https:\\\/\\\/www.laguiadepamplona.com\\\/actualidad\\\/el-ayuntamiento-colabora-con-la-ix-marcha-contra-el-cancer-en-pamplona-que-el-proximo-11-de-junio-vuelve-a-las-calles-de-la-ciudad-para-financiar-la-investigacion\\\/\",\"name\":\"El Ayuntamiento colabora con la IX Marcha Contra el C\u00e1ncer en Pamplona que el pr\u00f3ximo 11 de junio vuelve a las calles de la ciudad para financiar la investigaci\u00f3n\",\"isPartOf\":{\"@id\":\"https:\\\/\\\/www.laguiadepamplona.com\\\/actualidad\\\/#website\"},\"primaryImageOfPage\":{\"@id\":\"https:\\\/\\\/www.laguiadepamplona.com\\\/actualidad\\\/el-ayuntamiento-colabora-con-la-ix-marcha-contra-el-cancer-en-pamplona-que-el-proximo-11-de-junio-vuelve-a-las-calles-de-la-ciudad-para-financiar-la-investigacion\\\/#primaryimage\"},\"image\":{\"@id\":\"https:\\\/\\\/www.laguiadepamplona.com\\\/actualidad\\\/el-ayuntamiento-colabora-con-la-ix-marcha-contra-el-cancer-en-pamplona-que-el-proximo-11-de-junio-vuelve-a-las-calles-de-la-ciudad-para-financiar-la-investigacion\\\/#primaryimage\"},\"thumbnailUrl\":\"https:\\\/\\\/www.laguiadepamplona.com\\\/actualidad\\\/wp-content\\\/uploads\\\/2023\\\/05\\\/20230511-marcha-cancer-q5a9692_0.webp\",\"datePublished\":\"2023-05-11T10:37:51+00:00\",\"description\":\"Organizada por la Asociaci\u00f3n Espa\u00f1ola contra el C\u00e1ncer (AECC), las inscripciones pueden realizarse desde este lunes hasta el 10 de junio\",\"breadcrumb\":{\"@id\":\"https:\\\/\\\/www.laguiadepamplona.com\\\/actualidad\\\/el-ayuntamiento-colabora-con-la-ix-marcha-contra-el-cancer-en-pamplona-que-el-proximo-11-de-junio-vuelve-a-las-calles-de-la-ciudad-para-financiar-la-investigacion\\\/#breadcrumb\"},\"inLanguage\":\"es\",\"potentialAction\":[{\"@type\":\"ReadAction\",\"target\":[\"https:\\\/\\\/www.laguiadepamplona.com\\\/actualidad\\\/el-ayuntamiento-colabora-con-la-ix-marcha-contra-el-cancer-en-pamplona-que-el-proximo-11-de-junio-vuelve-a-las-calles-de-la-ciudad-para-financiar-la-investigacion\\\/\"]}]},{\"@type\":\"ImageObject\",\"inLanguage\":\"es\",\"@id\":\"https:\\\/\\\/www.laguiadepamplona.com\\\/actualidad\\\/el-ayuntamiento-colabora-con-la-ix-marcha-contra-el-cancer-en-pamplona-que-el-proximo-11-de-junio-vuelve-a-las-calles-de-la-ciudad-para-financiar-la-investigacion\\\/#primaryimage\",\"url\":\"https:\\\/\\\/www.laguiadepamplona.com\\\/actualidad\\\/wp-content\\\/uploads\\\/2023\\\/05\\\/20230511-marcha-cancer-q5a9692_0.webp\",\"contentUrl\":\"https:\\\/\\\/www.laguiadepamplona.com\\\/actualidad\\\/wp-content\\\/uploads\\\/2023\\\/05\\\/20230511-marcha-cancer-q5a9692_0.webp\",\"width\":1920,\"height\":1281},{\"@type\":\"BreadcrumbList\",\"@id\":\"https:\\\/\\\/www.laguiadepamplona.com\\\/actualidad\\\/el-ayuntamiento-colabora-con-la-ix-marcha-contra-el-cancer-en-pamplona-que-el-proximo-11-de-junio-vuelve-a-las-calles-de-la-ciudad-para-financiar-la-investigacion\\\/#breadcrumb\",\"itemListElement\":[{\"@type\":\"ListItem\",\"position\":1,\"name\":\"Portada\",\"item\":\"https:\\\/\\\/www.laguiadepamplona.com\\\/actualidad\\\/\"},{\"@type\":\"ListItem\",\"position\":2,\"name\":\"El Ayuntamiento colabora con la IX Marcha Contra el C\u00e1ncer en Pamplona que el pr\u00f3ximo 11 de junio vuelve a las calles de la ciudad para financiar la investigaci\u00f3n\"}]},{\"@type\":\"WebSite\",\"@id\":\"https:\\\/\\\/www.laguiadepamplona.com\\\/actualidad\\\/#website\",\"url\":\"https:\\\/\\\/www.laguiadepamplona.com\\\/actualidad\\\/\",\"name\":\"La gu\u00eda de Pamplona\",\"description\":\"Noticias de Pamplona\",\"publisher\":{\"@id\":\"https:\\\/\\\/www.laguiadepamplona.com\\\/actualidad\\\/#organization\"},\"potentialAction\":[{\"@type\":\"SearchAction\",\"target\":{\"@type\":\"EntryPoint\",\"urlTemplate\":\"https:\\\/\\\/www.laguiadepamplona.com\\\/actualidad\\\/?s={search_term_string}\"},\"query-input\":{\"@type\":\"PropertyValueSpecification\",\"valueRequired\":true,\"valueName\":\"search_term_string\"}}],\"inLanguage\":\"es\"},{\"@type\":\"Organization\",\"@id\":\"https:\\\/\\\/www.laguiadepamplona.com\\\/actualidad\\\/#organization\",\"name\":\"La Gu\u00eda de Pamplona \\\/ Noticias\",\"url\":\"https:\\\/\\\/www.laguiadepamplona.com\\\/actualidad\\\/\",\"logo\":{\"@type\":\"ImageObject\",\"inLanguage\":\"es\",\"@id\":\"https:\\\/\\\/www.laguiadepamplona.com\\\/actualidad\\\/#\\\/schema\\\/logo\\\/image\\\/\",\"url\":\"https:\\\/\\\/www.laguiadepamplona.com\\\/actualidad\\\/wp-content\\\/uploads\\\/2018\\\/11\\\/logo-laguiadepamplona18-web1.png\",\"contentUrl\":\"https:\\\/\\\/www.laguiadepamplona.com\\\/actualidad\\\/wp-content\\\/uploads\\\/2018\\\/11\\\/logo-laguiadepamplona18-web1.png\",\"width\":600,\"height\":196,\"caption\":\"La Gu\u00eda de Pamplona \\\/ Noticias\"},\"image\":{\"@id\":\"https:\\\/\\\/www.laguiadepamplona.com\\\/actualidad\\\/#\\\/schema\\\/logo\\\/image\\\/\"},\"sameAs\":[\"https:\\\/\\\/www.facebook.com\\\/laguiadepamplonacom-133175176762273\\\/?ref=hl\",\"https:\\\/\\\/x.com\\\/LaGuiadPamplona\",\"https:\\\/\\\/www.instagram.com\\\/la_guia_de_pamplona\\\/\",\"https:\\\/\\\/www.youtube.com\\\/user\\\/laguiadepamplona\"]},{\"@type\":\"Person\",\"@id\":\"https:\\\/\\\/www.laguiadepamplona.com\\\/actualidad\\\/#\\\/schema\\\/person\\\/efe887376f0213d4657c93adc50b1fdb\",\"name\":\"La Gu\u00eda de Pamplona\",\"image\":{\"@type\":\"ImageObject\",\"inLanguage\":\"es\",\"@id\":\"https:\\\/\\\/secure.gravatar.com\\\/avatar\\\/b6992f131dc8d30ab0dff15446e9d346d9dbd95992de0fef795073f5ea83a81c?s=96&d=mm&r=g\",\"url\":\"https:\\\/\\\/secure.gravatar.com\\\/avatar\\\/b6992f131dc8d30ab0dff15446e9d346d9dbd95992de0fef795073f5ea83a81c?s=96&d=mm&r=g\",\"contentUrl\":\"https:\\\/\\\/secure.gravatar.com\\\/avatar\\\/b6992f131dc8d30ab0dff15446e9d346d9dbd95992de0fef795073f5ea83a81c?s=96&d=mm&r=g\",\"caption\":\"La Gu\u00eda de Pamplona\"}}]}<\/script>\n<!-- \/ Yoast SEO plugin. -->","yoast_head_json":{"title":"El Ayuntamiento colabora con la IX Marcha Contra el C\u00e1ncer en Pamplona que el pr\u00f3ximo 11 de junio vuelve a las calles de la ciudad para financiar la investigaci\u00f3n","description":"Organizada por la Asociaci\u00f3n Espa\u00f1ola contra el C\u00e1ncer (AECC), las inscripciones pueden realizarse desde este lunes hasta el 10 de junio","robots":{"index":"index","follow":"follow","max-snippet":"max-snippet:-1","max-image-preview":"max-image-preview:large","max-video-preview":"max-video-preview:-1"},"canonical":"https:\/\/www.laguiadepamplona.com\/actualidad\/el-ayuntamiento-colabora-con-la-ix-marcha-contra-el-cancer-en-pamplona-que-el-proximo-11-de-junio-vuelve-a-las-calles-de-la-ciudad-para-financiar-la-investigacion\/","og_locale":"es_ES","og_type":"article","og_title":"El Ayuntamiento colabora con la IX Marcha Contra el C\u00e1ncer en Pamplona que el pr\u00f3ximo 11 de junio vuelve a las calles de la ciudad para financiar la investigaci\u00f3n","og_description":"Organizada por la Asociaci\u00f3n Espa\u00f1ola contra el C\u00e1ncer (AECC), las inscripciones pueden realizarse desde este lunes hasta el 10 de junio","og_url":"https:\/\/www.laguiadepamplona.com\/actualidad\/el-ayuntamiento-colabora-con-la-ix-marcha-contra-el-cancer-en-pamplona-que-el-proximo-11-de-junio-vuelve-a-las-calles-de-la-ciudad-para-financiar-la-investigacion\/","og_site_name":"La Gu\u00eda de Pamplona","article_publisher":"https:\/\/www.facebook.com\/laguiadepamplonacom-133175176762273\/?ref=hl","article_published_time":"2023-05-11T10:37:51+00:00","og_image":[{"width":1920,"height":1281,"url":"https:\/\/www.laguiadepamplona.com\/actualidad\/wp-content\/uploads\/2023\/05\/20230511-marcha-cancer-q5a9692_0.webp","type":"image\/webp"}],"author":"La Gu\u00eda de Pamplona","twitter_card":"summary_large_image","twitter_creator":"@LaGuiadPamplona","twitter_site":"@LaGuiadPamplona","twitter_misc":{"Escrito por":"La Gu\u00eda de Pamplona","Tiempo de lectura":"4 minutos"},"schema":{"@context":"https:\/\/schema.org","@graph":[{"@type":"Article","@id":"https:\/\/www.laguiadepamplona.com\/actualidad\/el-ayuntamiento-colabora-con-la-ix-marcha-contra-el-cancer-en-pamplona-que-el-proximo-11-de-junio-vuelve-a-las-calles-de-la-ciudad-para-financiar-la-investigacion\/#article","isPartOf":{"@id":"https:\/\/www.laguiadepamplona.com\/actualidad\/el-ayuntamiento-colabora-con-la-ix-marcha-contra-el-cancer-en-pamplona-que-el-proximo-11-de-junio-vuelve-a-las-calles-de-la-ciudad-para-financiar-la-investigacion\/"},"author":{"name":"La Gu\u00eda de Pamplona","@id":"https:\/\/www.laguiadepamplona.com\/actualidad\/#\/schema\/person\/efe887376f0213d4657c93adc50b1fdb"},"headline":"El Ayuntamiento colabora con la IX Marcha Contra el C\u00e1ncer en Pamplona que el pr\u00f3ximo 11 de junio vuelve a las calles de la ciudad para financiar la investigaci\u00f3n","datePublished":"2023-05-11T10:37:51+00:00","mainEntityOfPage":{"@id":"https:\/\/www.laguiadepamplona.com\/actualidad\/el-ayuntamiento-colabora-con-la-ix-marcha-contra-el-cancer-en-pamplona-que-el-proximo-11-de-junio-vuelve-a-las-calles-de-la-ciudad-para-financiar-la-investigacion\/"},"wordCount":869,"commentCount":0,"publisher":{"@id":"https:\/\/www.laguiadepamplona.com\/actualidad\/#organization"},"image":{"@id":"https:\/\/www.laguiadepamplona.com\/actualidad\/el-ayuntamiento-colabora-con-la-ix-marcha-contra-el-cancer-en-pamplona-que-el-proximo-11-de-junio-vuelve-a-las-calles-de-la-ciudad-para-financiar-la-investigacion\/#primaryimage"},"thumbnailUrl":"https:\/\/www.laguiadepamplona.com\/actualidad\/wp-content\/uploads\/2023\/05\/20230511-marcha-cancer-q5a9692_0.webp","articleSection":["Ayto Pamplona"],"inLanguage":"es","potentialAction":[{"@type":"CommentAction","name":"Comment","target":["https:\/\/www.laguiadepamplona.com\/actualidad\/el-ayuntamiento-colabora-con-la-ix-marcha-contra-el-cancer-en-pamplona-que-el-proximo-11-de-junio-vuelve-a-las-calles-de-la-ciudad-para-financiar-la-investigacion\/#respond"]}]},{"@type":"WebPage","@id":"https:\/\/www.laguiadepamplona.com\/actualidad\/el-ayuntamiento-colabora-con-la-ix-marcha-contra-el-cancer-en-pamplona-que-el-proximo-11-de-junio-vuelve-a-las-calles-de-la-ciudad-para-financiar-la-investigacion\/","url":"https:\/\/www.laguiadepamplona.com\/actualidad\/el-ayuntamiento-colabora-con-la-ix-marcha-contra-el-cancer-en-pamplona-que-el-proximo-11-de-junio-vuelve-a-las-calles-de-la-ciudad-para-financiar-la-investigacion\/","name":"El Ayuntamiento colabora con la IX Marcha Contra el C\u00e1ncer en Pamplona que el pr\u00f3ximo 11 de junio vuelve a las calles de la ciudad para financiar la investigaci\u00f3n","isPartOf":{"@id":"https:\/\/www.laguiadepamplona.com\/actualidad\/#website"},"primaryImageOfPage":{"@id":"https:\/\/www.laguiadepamplona.com\/actualidad\/el-ayuntamiento-colabora-con-la-ix-marcha-contra-el-cancer-en-pamplona-que-el-proximo-11-de-junio-vuelve-a-las-calles-de-la-ciudad-para-financiar-la-investigacion\/#primaryimage"},"image":{"@id":"https:\/\/www.laguiadepamplona.com\/actualidad\/el-ayuntamiento-colabora-con-la-ix-marcha-contra-el-cancer-en-pamplona-que-el-proximo-11-de-junio-vuelve-a-las-calles-de-la-ciudad-para-financiar-la-investigacion\/#primaryimage"},"thumbnailUrl":"https:\/\/www.laguiadepamplona.com\/actualidad\/wp-content\/uploads\/2023\/05\/20230511-marcha-cancer-q5a9692_0.webp","datePublished":"2023-05-11T10:37:51+00:00","description":"Organizada por la Asociaci\u00f3n Espa\u00f1ola contra el C\u00e1ncer (AECC), las inscripciones pueden realizarse desde este lunes hasta el 10 de junio","breadcrumb":{"@id":"https:\/\/www.laguiadepamplona.com\/actualidad\/el-ayuntamiento-colabora-con-la-ix-marcha-contra-el-cancer-en-pamplona-que-el-proximo-11-de-junio-vuelve-a-las-calles-de-la-ciudad-para-financiar-la-investigacion\/#breadcrumb"},"inLanguage":"es","potentialAction":[{"@type":"ReadAction","target":["https:\/\/www.laguiadepamplona.com\/actualidad\/el-ayuntamiento-colabora-con-la-ix-marcha-contra-el-cancer-en-pamplona-que-el-proximo-11-de-junio-vuelve-a-las-calles-de-la-ciudad-para-financiar-la-investigacion\/"]}]},{"@type":"ImageObject","inLanguage":"es","@id":"https:\/\/www.laguiadepamplona.com\/actualidad\/el-ayuntamiento-colabora-con-la-ix-marcha-contra-el-cancer-en-pamplona-que-el-proximo-11-de-junio-vuelve-a-las-calles-de-la-ciudad-para-financiar-la-investigacion\/#primaryimage","url":"https:\/\/www.laguiadepamplona.com\/actualidad\/wp-content\/uploads\/2023\/05\/20230511-marcha-cancer-q5a9692_0.webp","contentUrl":"https:\/\/www.laguiadepamplona.com\/actualidad\/wp-content\/uploads\/2023\/05\/20230511-marcha-cancer-q5a9692_0.webp","width":1920,"height":1281},{"@type":"BreadcrumbList","@id":"https:\/\/www.laguiadepamplona.com\/actualidad\/el-ayuntamiento-colabora-con-la-ix-marcha-contra-el-cancer-en-pamplona-que-el-proximo-11-de-junio-vuelve-a-las-calles-de-la-ciudad-para-financiar-la-investigacion\/#breadcrumb","itemListElement":[{"@type":"ListItem","position":1,"name":"Portada","item":"https:\/\/www.laguiadepamplona.com\/actualidad\/"},{"@type":"ListItem","position":2,"name":"El Ayuntamiento colabora con la IX Marcha Contra el C\u00e1ncer en Pamplona que el pr\u00f3ximo 11 de junio vuelve a las calles de la ciudad para financiar la investigaci\u00f3n"}]},{"@type":"WebSite","@id":"https:\/\/www.laguiadepamplona.com\/actualidad\/#website","url":"https:\/\/www.laguiadepamplona.com\/actualidad\/","name":"La gu\u00eda de Pamplona","description":"Noticias de Pamplona","publisher":{"@id":"https:\/\/www.laguiadepamplona.com\/actualidad\/#organization"},"potentialAction":[{"@type":"SearchAction","target":{"@type":"EntryPoint","urlTemplate":"https:\/\/www.laguiadepamplona.com\/actualidad\/?s={search_term_string}"},"query-input":{"@type":"PropertyValueSpecification","valueRequired":true,"valueName":"search_term_string"}}],"inLanguage":"es"},{"@type":"Organization","@id":"https:\/\/www.laguiadepamplona.com\/actualidad\/#organization","name":"La Gu\u00eda de Pamplona \/ Noticias","url":"https:\/\/www.laguiadepamplona.com\/actualidad\/","logo":{"@type":"ImageObject","inLanguage":"es","@id":"https:\/\/www.laguiadepamplona.com\/actualidad\/#\/schema\/logo\/image\/","url":"https:\/\/www.laguiadepamplona.com\/actualidad\/wp-content\/uploads\/2018\/11\/logo-laguiadepamplona18-web1.png","contentUrl":"https:\/\/www.laguiadepamplona.com\/actualidad\/wp-content\/uploads\/2018\/11\/logo-laguiadepamplona18-web1.png","width":600,"height":196,"caption":"La Gu\u00eda de Pamplona \/ Noticias"},"image":{"@id":"https:\/\/www.laguiadepamplona.com\/actualidad\/#\/schema\/logo\/image\/"},"sameAs":["https:\/\/www.facebook.com\/laguiadepamplonacom-133175176762273\/?ref=hl","https:\/\/x.com\/LaGuiadPamplona","https:\/\/www.instagram.com\/la_guia_de_pamplona\/","https:\/\/www.youtube.com\/user\/laguiadepamplona"]},{"@type":"Person","@id":"https:\/\/www.laguiadepamplona.com\/actualidad\/#\/schema\/person\/efe887376f0213d4657c93adc50b1fdb","name":"La Gu\u00eda de Pamplona","image":{"@type":"ImageObject","inLanguage":"es","@id":"https:\/\/secure.gravatar.com\/avatar\/b6992f131dc8d30ab0dff15446e9d346d9dbd95992de0fef795073f5ea83a81c?s=96&d=mm&r=g","url":"https:\/\/secure.gravatar.com\/avatar\/b6992f131dc8d30ab0dff15446e9d346d9dbd95992de0fef795073f5ea83a81c?s=96&d=mm&r=g","contentUrl":"https:\/\/secure.gravatar.com\/avatar\/b6992f131dc8d30ab0dff15446e9d346d9dbd95992de0fef795073f5ea83a81c?s=96&d=mm&r=g","caption":"La Gu\u00eda de Pamplona"}}]}},"post_mailing_queue_ids":[],"_links":{"self":[{"href":"https:\/\/www.laguiadepamplona.com\/actualidad\/wp-json\/wp\/v2\/posts\/46645","targetHints":{"allow":["GET"]}}],"collection":[{"href":"https:\/\/www.laguiadepamplona.com\/actualidad\/wp-json\/wp\/v2\/posts"}],"about":[{"href":"https:\/\/www.laguiadepamplona.com\/actualidad\/wp-json\/wp\/v2\/types\/post"}],"author":[{"embeddable":true,"href":"https:\/\/www.laguiadepamplona.com\/actualidad\/wp-json\/wp\/v2\/users\/1"}],"replies":[{"embeddable":true,"href":"https:\/\/www.laguiadepamplona.com\/actualidad\/wp-json\/wp\/v2\/comments?post=46645"}],"version-history":[{"count":1,"href":"https:\/\/www.laguiadepamplona.com\/actualidad\/wp-json\/wp\/v2\/posts\/46645\/revisions"}],"predecessor-version":[{"id":46647,"href":"https:\/\/www.laguiadepamplona.com\/actualidad\/wp-json\/wp\/v2\/posts\/46645\/revisions\/46647"}],"wp:featuredmedia":[{"embeddable":true,"href":"https:\/\/www.laguiadepamplona.com\/actualidad\/wp-json\/wp\/v2\/media\/46646"}],"wp:attachment":[{"href":"https:\/\/www.laguiadepamplona.com\/actualidad\/wp-json\/wp\/v2\/media?parent=46645"}],"wp:term":[{"taxonomy":"category","embeddable":true,"href":"https:\/\/www.laguiadepamplona.com\/actualidad\/wp-json\/wp\/v2\/categories?post=46645"},{"taxonomy":"post_tag","embeddable":true,"href":"https:\/\/www.laguiadepamplona.com\/actualidad\/wp-json\/wp\/v2\/tags?post=46645"}],"curies":[{"name":"wp","href":"https:\/\/api.w.org\/{rel}","templated":true}]}}