{"id":46631,"date":"2023-05-10T16:12:41","date_gmt":"2023-05-10T14:12:41","guid":{"rendered":"https:\/\/www.laguiadepamplona.com\/actualidad\/?p=46631"},"modified":"2023-05-10T16:12:41","modified_gmt":"2023-05-10T14:12:41","slug":"esmeralda-maso-y-isabel-martinez-penuela-toman-manana-posesion-de-sus-cargos-como-concejalas-del-ayuntamiento-de-pamplona","status":"publish","type":"post","link":"https:\/\/www.laguiadepamplona.com\/actualidad\/esmeralda-maso-y-isabel-martinez-penuela-toman-manana-posesion-de-sus-cargos-como-concejalas-del-ayuntamiento-de-pamplona\/","title":{"rendered":"Esmeralda Maso y Isabel Mart\u00ednez-Pe\u00f1uela toman ma\u00f1ana posesi\u00f3n de sus cargos como concejalas del Ayuntamiento de Pamplona"},"content":{"rendered":"<h3>El Pleno extraordinario tendr\u00e1 lugar a las 12 horas en el correspondiente sal\u00f3n de la Casa Consistorial<\/h3>\n<p><!--more--><\/p>\n<p>Esmeralda Maso Cabez\u00f3n e Isabel Mart\u00ednez-Pe\u00f1uela Marco tomar\u00e1n posesi\u00f3n ma\u00f1ana de sus cargos como concejalas del grupo municipal Navarra Suma en el Ayuntamiento de Pamplona en un Pleno Extraordinario que comenzar\u00e1 a las 12 del mediod\u00eda. Sustituyen a Ferm\u00edn Alonso y Mar\u00eda Garc\u00eda Barberena que renunciaron a sus actas de concejales el pasado d\u00eda 4 de mayo. En la misma sesi\u00f3n ambas ser\u00e1n designadas representantes del municipio en la asamblea de la Mancomunidad de la Comarca de Pamplona (MCP).<br \/>\n<script async src=\"\/\/pagead2.googlesyndication.com\/pagead\/js\/adsbygoogle.js\"><\/script><br \/>\n<!-- Noticias La Guia de Pamplona --><br \/>\n<ins class=\"adsbygoogle\"\nstyle=\"display:block\"\ndata-ad-client=\"ca-pub-6943679897239327\"\ndata-ad-slot=\"7048180777\"\ndata-ad-format=\"auto\"><\/ins><br \/>\n<script>\n(adsbygoogle = window.adsbygoogle || []).push({});\n<\/script><\/p>\n<p>Ambas concejalas tomar\u00e1n posesi\u00f3n en virtud del art\u00edculo 182 de la Ley del R\u00e9gimen Electoral General que establece el procedimiento de sustituci\u00f3n, designando para cubrir el hueco a la persona que tenga la siguiente posici\u00f3n en la lista electoral. Al inicio de la sesi\u00f3n las concejalas se encontrar\u00e1n sentadas en el espacio destinado al p\u00fablico en el sal\u00f3n de Plenos. Cada una de ellas completar\u00e1 el mismo proceso. Tras ser requerida por la presidencia, una vez acreditada su condici\u00f3n por certificaci\u00f3n de la Junta Electoral, la futura edil se acercar\u00e1 hasta la cabecera del Pleno donde deber\u00e1 prometer o jurar la Constituci\u00f3n. Tras la imposici\u00f3n de la insignia oficial, la ya concejala tomar\u00e1 el asiento que le corresponda dentro de su grupo municipal.<\/p>\n<p>Esmeralda Maso Cabez\u00f3n es licenciada en Sociolog\u00eda por la Universidad P\u00fablica de Navarra y diplomada en Trabajo Social por esa misma instituci\u00f3n. En la actualidad trabaja como encargada de personal, directora y coordinadora de centros para el grupo Amavir Navarra. Por su parte, Isabel Mart\u00ednez-Pe\u00f1uela Marco, abogada de formaci\u00f3n, trabaja actualmente en una Administraci\u00f3n de Fincas.<\/p>\n","protected":false},"excerpt":{"rendered":"<p>El Pleno extraordinario tendr\u00e1 lugar a las 12 horas en el correspondiente sal\u00f3n de la Casa Consistorial<\/p>\n","protected":false},"author":1,"featured_media":41391,"comment_status":"open","ping_status":"closed","sticky":false,"template":"","format":"standard","meta":{"footnotes":""},"categories":[2],"tags":[],"class_list":["post-46631","post","type-post","status-publish","format-standard","has-post-thumbnail","hentry","category-ayuntamiento-pamplona"],"yoast_head":"<!-- This site is optimized with the Yoast SEO plugin v27.3 - https:\/\/yoast.com\/product\/yoast-seo-wordpress\/ -->\n<title>Esmeralda Maso y Isabel Mart\u00ednez-Pe\u00f1uela toman ma\u00f1ana posesi\u00f3n de sus cargos como concejalas del Ayuntamiento de Pamplona<\/title>\n<meta name=\"description\" content=\"El Pleno extraordinario tendr\u00e1 lugar a las 12 horas en el correspondiente sal\u00f3n de la Casa Consistorial\" \/>\n<meta name=\"robots\" content=\"index, follow, max-snippet:-1, max-image-preview:large, max-video-preview:-1\" \/>\n<link rel=\"canonical\" href=\"https:\/\/www.laguiadepamplona.com\/actualidad\/esmeralda-maso-y-isabel-martinez-penuela-toman-manana-posesion-de-sus-cargos-como-concejalas-del-ayuntamiento-de-pamplona\/\" \/>\n<meta property=\"og:locale\" content=\"es_ES\" \/>\n<meta property=\"og:type\" content=\"article\" \/>\n<meta property=\"og:title\" content=\"Esmeralda Maso y Isabel Mart\u00ednez-Pe\u00f1uela toman ma\u00f1ana posesi\u00f3n de sus cargos como concejalas del Ayuntamiento de Pamplona\" \/>\n<meta property=\"og:description\" content=\"El Pleno extraordinario tendr\u00e1 lugar a las 12 horas en el correspondiente sal\u00f3n de la Casa Consistorial\" \/>\n<meta property=\"og:url\" content=\"https:\/\/www.laguiadepamplona.com\/actualidad\/esmeralda-maso-y-isabel-martinez-penuela-toman-manana-posesion-de-sus-cargos-como-concejalas-del-ayuntamiento-de-pamplona\/\" \/>\n<meta property=\"og:site_name\" content=\"La Gu\u00eda de Pamplona\" \/>\n<meta property=\"article:publisher\" content=\"https:\/\/www.facebook.com\/laguiadepamplonacom-133175176762273\/?ref=hl\" \/>\n<meta property=\"article:published_time\" content=\"2023-05-10T14:12:41+00:00\" \/>\n<meta property=\"og:image\" content=\"https:\/\/www.laguiadepamplona.com\/actualidad\/wp-content\/uploads\/2022\/08\/reloj_ayuntamiento.webp\" \/>\n\t<meta property=\"og:image:width\" content=\"1920\" \/>\n\t<meta property=\"og:image:height\" content=\"1245\" \/>\n\t<meta property=\"og:image:type\" content=\"image\/webp\" \/>\n<meta name=\"author\" content=\"La Gu\u00eda de Pamplona\" \/>\n<meta name=\"twitter:card\" content=\"summary_large_image\" \/>\n<meta name=\"twitter:creator\" content=\"@LaGuiadPamplona\" \/>\n<meta name=\"twitter:site\" content=\"@LaGuiadPamplona\" \/>\n<meta name=\"twitter:label1\" content=\"Escrito por\" \/>\n\t<meta name=\"twitter:data1\" content=\"La Gu\u00eda de Pamplona\" \/>\n\t<meta name=\"twitter:label2\" content=\"Tiempo de lectura\" \/>\n\t<meta name=\"twitter:data2\" content=\"2 minutos\" \/>\n<script type=\"application\/ld+json\" class=\"yoast-schema-graph\">{\"@context\":\"https:\\\/\\\/schema.org\",\"@graph\":[{\"@type\":\"Article\",\"@id\":\"https:\\\/\\\/www.laguiadepamplona.com\\\/actualidad\\\/esmeralda-maso-y-isabel-martinez-penuela-toman-manana-posesion-de-sus-cargos-como-concejalas-del-ayuntamiento-de-pamplona\\\/#article\",\"isPartOf\":{\"@id\":\"https:\\\/\\\/www.laguiadepamplona.com\\\/actualidad\\\/esmeralda-maso-y-isabel-martinez-penuela-toman-manana-posesion-de-sus-cargos-como-concejalas-del-ayuntamiento-de-pamplona\\\/\"},\"author\":{\"name\":\"La Gu\u00eda de Pamplona\",\"@id\":\"https:\\\/\\\/www.laguiadepamplona.com\\\/actualidad\\\/#\\\/schema\\\/person\\\/efe887376f0213d4657c93adc50b1fdb\"},\"headline\":\"Esmeralda Maso y Isabel Mart\u00ednez-Pe\u00f1uela toman ma\u00f1ana posesi\u00f3n de sus cargos como concejalas del Ayuntamiento de Pamplona\",\"datePublished\":\"2023-05-10T14:12:41+00:00\",\"mainEntityOfPage\":{\"@id\":\"https:\\\/\\\/www.laguiadepamplona.com\\\/actualidad\\\/esmeralda-maso-y-isabel-martinez-penuela-toman-manana-posesion-de-sus-cargos-como-concejalas-del-ayuntamiento-de-pamplona\\\/\"},\"wordCount\":328,\"commentCount\":0,\"publisher\":{\"@id\":\"https:\\\/\\\/www.laguiadepamplona.com\\\/actualidad\\\/#organization\"},\"image\":{\"@id\":\"https:\\\/\\\/www.laguiadepamplona.com\\\/actualidad\\\/esmeralda-maso-y-isabel-martinez-penuela-toman-manana-posesion-de-sus-cargos-como-concejalas-del-ayuntamiento-de-pamplona\\\/#primaryimage\"},\"thumbnailUrl\":\"https:\\\/\\\/www.laguiadepamplona.com\\\/actualidad\\\/wp-content\\\/uploads\\\/2022\\\/08\\\/reloj_ayuntamiento.webp\",\"articleSection\":[\"Ayto Pamplona\"],\"inLanguage\":\"es\",\"potentialAction\":[{\"@type\":\"CommentAction\",\"name\":\"Comment\",\"target\":[\"https:\\\/\\\/www.laguiadepamplona.com\\\/actualidad\\\/esmeralda-maso-y-isabel-martinez-penuela-toman-manana-posesion-de-sus-cargos-como-concejalas-del-ayuntamiento-de-pamplona\\\/#respond\"]}]},{\"@type\":\"WebPage\",\"@id\":\"https:\\\/\\\/www.laguiadepamplona.com\\\/actualidad\\\/esmeralda-maso-y-isabel-martinez-penuela-toman-manana-posesion-de-sus-cargos-como-concejalas-del-ayuntamiento-de-pamplona\\\/\",\"url\":\"https:\\\/\\\/www.laguiadepamplona.com\\\/actualidad\\\/esmeralda-maso-y-isabel-martinez-penuela-toman-manana-posesion-de-sus-cargos-como-concejalas-del-ayuntamiento-de-pamplona\\\/\",\"name\":\"Esmeralda Maso y Isabel Mart\u00ednez-Pe\u00f1uela toman ma\u00f1ana posesi\u00f3n de sus cargos como concejalas del Ayuntamiento de Pamplona\",\"isPartOf\":{\"@id\":\"https:\\\/\\\/www.laguiadepamplona.com\\\/actualidad\\\/#website\"},\"primaryImageOfPage\":{\"@id\":\"https:\\\/\\\/www.laguiadepamplona.com\\\/actualidad\\\/esmeralda-maso-y-isabel-martinez-penuela-toman-manana-posesion-de-sus-cargos-como-concejalas-del-ayuntamiento-de-pamplona\\\/#primaryimage\"},\"image\":{\"@id\":\"https:\\\/\\\/www.laguiadepamplona.com\\\/actualidad\\\/esmeralda-maso-y-isabel-martinez-penuela-toman-manana-posesion-de-sus-cargos-como-concejalas-del-ayuntamiento-de-pamplona\\\/#primaryimage\"},\"thumbnailUrl\":\"https:\\\/\\\/www.laguiadepamplona.com\\\/actualidad\\\/wp-content\\\/uploads\\\/2022\\\/08\\\/reloj_ayuntamiento.webp\",\"datePublished\":\"2023-05-10T14:12:41+00:00\",\"description\":\"El Pleno extraordinario tendr\u00e1 lugar a las 12 horas en el correspondiente sal\u00f3n de la Casa Consistorial\",\"breadcrumb\":{\"@id\":\"https:\\\/\\\/www.laguiadepamplona.com\\\/actualidad\\\/esmeralda-maso-y-isabel-martinez-penuela-toman-manana-posesion-de-sus-cargos-como-concejalas-del-ayuntamiento-de-pamplona\\\/#breadcrumb\"},\"inLanguage\":\"es\",\"potentialAction\":[{\"@type\":\"ReadAction\",\"target\":[\"https:\\\/\\\/www.laguiadepamplona.com\\\/actualidad\\\/esmeralda-maso-y-isabel-martinez-penuela-toman-manana-posesion-de-sus-cargos-como-concejalas-del-ayuntamiento-de-pamplona\\\/\"]}]},{\"@type\":\"ImageObject\",\"inLanguage\":\"es\",\"@id\":\"https:\\\/\\\/www.laguiadepamplona.com\\\/actualidad\\\/esmeralda-maso-y-isabel-martinez-penuela-toman-manana-posesion-de-sus-cargos-como-concejalas-del-ayuntamiento-de-pamplona\\\/#primaryimage\",\"url\":\"https:\\\/\\\/www.laguiadepamplona.com\\\/actualidad\\\/wp-content\\\/uploads\\\/2022\\\/08\\\/reloj_ayuntamiento.webp\",\"contentUrl\":\"https:\\\/\\\/www.laguiadepamplona.com\\\/actualidad\\\/wp-content\\\/uploads\\\/2022\\\/08\\\/reloj_ayuntamiento.webp\",\"width\":1920,\"height\":1245,\"caption\":\"ayuntamiento\"},{\"@type\":\"BreadcrumbList\",\"@id\":\"https:\\\/\\\/www.laguiadepamplona.com\\\/actualidad\\\/esmeralda-maso-y-isabel-martinez-penuela-toman-manana-posesion-de-sus-cargos-como-concejalas-del-ayuntamiento-de-pamplona\\\/#breadcrumb\",\"itemListElement\":[{\"@type\":\"ListItem\",\"position\":1,\"name\":\"Portada\",\"item\":\"https:\\\/\\\/www.laguiadepamplona.com\\\/actualidad\\\/\"},{\"@type\":\"ListItem\",\"position\":2,\"name\":\"Esmeralda Maso y Isabel Mart\u00ednez-Pe\u00f1uela toman ma\u00f1ana posesi\u00f3n de sus cargos como concejalas del Ayuntamiento de Pamplona\"}]},{\"@type\":\"WebSite\",\"@id\":\"https:\\\/\\\/www.laguiadepamplona.com\\\/actualidad\\\/#website\",\"url\":\"https:\\\/\\\/www.laguiadepamplona.com\\\/actualidad\\\/\",\"name\":\"La gu\u00eda de Pamplona\",\"description\":\"Noticias de Pamplona\",\"publisher\":{\"@id\":\"https:\\\/\\\/www.laguiadepamplona.com\\\/actualidad\\\/#organization\"},\"potentialAction\":[{\"@type\":\"SearchAction\",\"target\":{\"@type\":\"EntryPoint\",\"urlTemplate\":\"https:\\\/\\\/www.laguiadepamplona.com\\\/actualidad\\\/?s={search_term_string}\"},\"query-input\":{\"@type\":\"PropertyValueSpecification\",\"valueRequired\":true,\"valueName\":\"search_term_string\"}}],\"inLanguage\":\"es\"},{\"@type\":\"Organization\",\"@id\":\"https:\\\/\\\/www.laguiadepamplona.com\\\/actualidad\\\/#organization\",\"name\":\"La Gu\u00eda de Pamplona \\\/ Noticias\",\"url\":\"https:\\\/\\\/www.laguiadepamplona.com\\\/actualidad\\\/\",\"logo\":{\"@type\":\"ImageObject\",\"inLanguage\":\"es\",\"@id\":\"https:\\\/\\\/www.laguiadepamplona.com\\\/actualidad\\\/#\\\/schema\\\/logo\\\/image\\\/\",\"url\":\"https:\\\/\\\/www.laguiadepamplona.com\\\/actualidad\\\/wp-content\\\/uploads\\\/2018\\\/11\\\/logo-laguiadepamplona18-web1.png\",\"contentUrl\":\"https:\\\/\\\/www.laguiadepamplona.com\\\/actualidad\\\/wp-content\\\/uploads\\\/2018\\\/11\\\/logo-laguiadepamplona18-web1.png\",\"width\":600,\"height\":196,\"caption\":\"La Gu\u00eda de Pamplona \\\/ Noticias\"},\"image\":{\"@id\":\"https:\\\/\\\/www.laguiadepamplona.com\\\/actualidad\\\/#\\\/schema\\\/logo\\\/image\\\/\"},\"sameAs\":[\"https:\\\/\\\/www.facebook.com\\\/laguiadepamplonacom-133175176762273\\\/?ref=hl\",\"https:\\\/\\\/x.com\\\/LaGuiadPamplona\",\"https:\\\/\\\/www.instagram.com\\\/la_guia_de_pamplona\\\/\",\"https:\\\/\\\/www.youtube.com\\\/user\\\/laguiadepamplona\"]},{\"@type\":\"Person\",\"@id\":\"https:\\\/\\\/www.laguiadepamplona.com\\\/actualidad\\\/#\\\/schema\\\/person\\\/efe887376f0213d4657c93adc50b1fdb\",\"name\":\"La Gu\u00eda de Pamplona\",\"image\":{\"@type\":\"ImageObject\",\"inLanguage\":\"es\",\"@id\":\"https:\\\/\\\/secure.gravatar.com\\\/avatar\\\/b6992f131dc8d30ab0dff15446e9d346d9dbd95992de0fef795073f5ea83a81c?s=96&d=mm&r=g\",\"url\":\"https:\\\/\\\/secure.gravatar.com\\\/avatar\\\/b6992f131dc8d30ab0dff15446e9d346d9dbd95992de0fef795073f5ea83a81c?s=96&d=mm&r=g\",\"contentUrl\":\"https:\\\/\\\/secure.gravatar.com\\\/avatar\\\/b6992f131dc8d30ab0dff15446e9d346d9dbd95992de0fef795073f5ea83a81c?s=96&d=mm&r=g\",\"caption\":\"La Gu\u00eda de Pamplona\"}}]}<\/script>\n<!-- \/ Yoast SEO plugin. -->","yoast_head_json":{"title":"Esmeralda Maso y Isabel Mart\u00ednez-Pe\u00f1uela toman ma\u00f1ana posesi\u00f3n de sus cargos como concejalas del Ayuntamiento de Pamplona","description":"El Pleno extraordinario tendr\u00e1 lugar a las 12 horas en el correspondiente sal\u00f3n de la Casa Consistorial","robots":{"index":"index","follow":"follow","max-snippet":"max-snippet:-1","max-image-preview":"max-image-preview:large","max-video-preview":"max-video-preview:-1"},"canonical":"https:\/\/www.laguiadepamplona.com\/actualidad\/esmeralda-maso-y-isabel-martinez-penuela-toman-manana-posesion-de-sus-cargos-como-concejalas-del-ayuntamiento-de-pamplona\/","og_locale":"es_ES","og_type":"article","og_title":"Esmeralda Maso y Isabel Mart\u00ednez-Pe\u00f1uela toman ma\u00f1ana posesi\u00f3n de sus cargos como concejalas del Ayuntamiento de Pamplona","og_description":"El Pleno extraordinario tendr\u00e1 lugar a las 12 horas en el correspondiente sal\u00f3n de la Casa Consistorial","og_url":"https:\/\/www.laguiadepamplona.com\/actualidad\/esmeralda-maso-y-isabel-martinez-penuela-toman-manana-posesion-de-sus-cargos-como-concejalas-del-ayuntamiento-de-pamplona\/","og_site_name":"La Gu\u00eda de Pamplona","article_publisher":"https:\/\/www.facebook.com\/laguiadepamplonacom-133175176762273\/?ref=hl","article_published_time":"2023-05-10T14:12:41+00:00","og_image":[{"width":1920,"height":1245,"url":"https:\/\/www.laguiadepamplona.com\/actualidad\/wp-content\/uploads\/2022\/08\/reloj_ayuntamiento.webp","type":"image\/webp"}],"author":"La Gu\u00eda de Pamplona","twitter_card":"summary_large_image","twitter_creator":"@LaGuiadPamplona","twitter_site":"@LaGuiadPamplona","twitter_misc":{"Escrito por":"La Gu\u00eda de Pamplona","Tiempo de lectura":"2 minutos"},"schema":{"@context":"https:\/\/schema.org","@graph":[{"@type":"Article","@id":"https:\/\/www.laguiadepamplona.com\/actualidad\/esmeralda-maso-y-isabel-martinez-penuela-toman-manana-posesion-de-sus-cargos-como-concejalas-del-ayuntamiento-de-pamplona\/#article","isPartOf":{"@id":"https:\/\/www.laguiadepamplona.com\/actualidad\/esmeralda-maso-y-isabel-martinez-penuela-toman-manana-posesion-de-sus-cargos-como-concejalas-del-ayuntamiento-de-pamplona\/"},"author":{"name":"La Gu\u00eda de Pamplona","@id":"https:\/\/www.laguiadepamplona.com\/actualidad\/#\/schema\/person\/efe887376f0213d4657c93adc50b1fdb"},"headline":"Esmeralda Maso y Isabel Mart\u00ednez-Pe\u00f1uela toman ma\u00f1ana posesi\u00f3n de sus cargos como concejalas del Ayuntamiento de Pamplona","datePublished":"2023-05-10T14:12:41+00:00","mainEntityOfPage":{"@id":"https:\/\/www.laguiadepamplona.com\/actualidad\/esmeralda-maso-y-isabel-martinez-penuela-toman-manana-posesion-de-sus-cargos-como-concejalas-del-ayuntamiento-de-pamplona\/"},"wordCount":328,"commentCount":0,"publisher":{"@id":"https:\/\/www.laguiadepamplona.com\/actualidad\/#organization"},"image":{"@id":"https:\/\/www.laguiadepamplona.com\/actualidad\/esmeralda-maso-y-isabel-martinez-penuela-toman-manana-posesion-de-sus-cargos-como-concejalas-del-ayuntamiento-de-pamplona\/#primaryimage"},"thumbnailUrl":"https:\/\/www.laguiadepamplona.com\/actualidad\/wp-content\/uploads\/2022\/08\/reloj_ayuntamiento.webp","articleSection":["Ayto Pamplona"],"inLanguage":"es","potentialAction":[{"@type":"CommentAction","name":"Comment","target":["https:\/\/www.laguiadepamplona.com\/actualidad\/esmeralda-maso-y-isabel-martinez-penuela-toman-manana-posesion-de-sus-cargos-como-concejalas-del-ayuntamiento-de-pamplona\/#respond"]}]},{"@type":"WebPage","@id":"https:\/\/www.laguiadepamplona.com\/actualidad\/esmeralda-maso-y-isabel-martinez-penuela-toman-manana-posesion-de-sus-cargos-como-concejalas-del-ayuntamiento-de-pamplona\/","url":"https:\/\/www.laguiadepamplona.com\/actualidad\/esmeralda-maso-y-isabel-martinez-penuela-toman-manana-posesion-de-sus-cargos-como-concejalas-del-ayuntamiento-de-pamplona\/","name":"Esmeralda Maso y Isabel Mart\u00ednez-Pe\u00f1uela toman ma\u00f1ana posesi\u00f3n de sus cargos como concejalas del Ayuntamiento de Pamplona","isPartOf":{"@id":"https:\/\/www.laguiadepamplona.com\/actualidad\/#website"},"primaryImageOfPage":{"@id":"https:\/\/www.laguiadepamplona.com\/actualidad\/esmeralda-maso-y-isabel-martinez-penuela-toman-manana-posesion-de-sus-cargos-como-concejalas-del-ayuntamiento-de-pamplona\/#primaryimage"},"image":{"@id":"https:\/\/www.laguiadepamplona.com\/actualidad\/esmeralda-maso-y-isabel-martinez-penuela-toman-manana-posesion-de-sus-cargos-como-concejalas-del-ayuntamiento-de-pamplona\/#primaryimage"},"thumbnailUrl":"https:\/\/www.laguiadepamplona.com\/actualidad\/wp-content\/uploads\/2022\/08\/reloj_ayuntamiento.webp","datePublished":"2023-05-10T14:12:41+00:00","description":"El Pleno extraordinario tendr\u00e1 lugar a las 12 horas en el correspondiente sal\u00f3n de la Casa Consistorial","breadcrumb":{"@id":"https:\/\/www.laguiadepamplona.com\/actualidad\/esmeralda-maso-y-isabel-martinez-penuela-toman-manana-posesion-de-sus-cargos-como-concejalas-del-ayuntamiento-de-pamplona\/#breadcrumb"},"inLanguage":"es","potentialAction":[{"@type":"ReadAction","target":["https:\/\/www.laguiadepamplona.com\/actualidad\/esmeralda-maso-y-isabel-martinez-penuela-toman-manana-posesion-de-sus-cargos-como-concejalas-del-ayuntamiento-de-pamplona\/"]}]},{"@type":"ImageObject","inLanguage":"es","@id":"https:\/\/www.laguiadepamplona.com\/actualidad\/esmeralda-maso-y-isabel-martinez-penuela-toman-manana-posesion-de-sus-cargos-como-concejalas-del-ayuntamiento-de-pamplona\/#primaryimage","url":"https:\/\/www.laguiadepamplona.com\/actualidad\/wp-content\/uploads\/2022\/08\/reloj_ayuntamiento.webp","contentUrl":"https:\/\/www.laguiadepamplona.com\/actualidad\/wp-content\/uploads\/2022\/08\/reloj_ayuntamiento.webp","width":1920,"height":1245,"caption":"ayuntamiento"},{"@type":"BreadcrumbList","@id":"https:\/\/www.laguiadepamplona.com\/actualidad\/esmeralda-maso-y-isabel-martinez-penuela-toman-manana-posesion-de-sus-cargos-como-concejalas-del-ayuntamiento-de-pamplona\/#breadcrumb","itemListElement":[{"@type":"ListItem","position":1,"name":"Portada","item":"https:\/\/www.laguiadepamplona.com\/actualidad\/"},{"@type":"ListItem","position":2,"name":"Esmeralda Maso y Isabel Mart\u00ednez-Pe\u00f1uela toman ma\u00f1ana posesi\u00f3n de sus cargos como concejalas del Ayuntamiento de Pamplona"}]},{"@type":"WebSite","@id":"https:\/\/www.laguiadepamplona.com\/actualidad\/#website","url":"https:\/\/www.laguiadepamplona.com\/actualidad\/","name":"La gu\u00eda de Pamplona","description":"Noticias de Pamplona","publisher":{"@id":"https:\/\/www.laguiadepamplona.com\/actualidad\/#organization"},"potentialAction":[{"@type":"SearchAction","target":{"@type":"EntryPoint","urlTemplate":"https:\/\/www.laguiadepamplona.com\/actualidad\/?s={search_term_string}"},"query-input":{"@type":"PropertyValueSpecification","valueRequired":true,"valueName":"search_term_string"}}],"inLanguage":"es"},{"@type":"Organization","@id":"https:\/\/www.laguiadepamplona.com\/actualidad\/#organization","name":"La Gu\u00eda de Pamplona \/ Noticias","url":"https:\/\/www.laguiadepamplona.com\/actualidad\/","logo":{"@type":"ImageObject","inLanguage":"es","@id":"https:\/\/www.laguiadepamplona.com\/actualidad\/#\/schema\/logo\/image\/","url":"https:\/\/www.laguiadepamplona.com\/actualidad\/wp-content\/uploads\/2018\/11\/logo-laguiadepamplona18-web1.png","contentUrl":"https:\/\/www.laguiadepamplona.com\/actualidad\/wp-content\/uploads\/2018\/11\/logo-laguiadepamplona18-web1.png","width":600,"height":196,"caption":"La Gu\u00eda de Pamplona \/ Noticias"},"image":{"@id":"https:\/\/www.laguiadepamplona.com\/actualidad\/#\/schema\/logo\/image\/"},"sameAs":["https:\/\/www.facebook.com\/laguiadepamplonacom-133175176762273\/?ref=hl","https:\/\/x.com\/LaGuiadPamplona","https:\/\/www.instagram.com\/la_guia_de_pamplona\/","https:\/\/www.youtube.com\/user\/laguiadepamplona"]},{"@type":"Person","@id":"https:\/\/www.laguiadepamplona.com\/actualidad\/#\/schema\/person\/efe887376f0213d4657c93adc50b1fdb","name":"La Gu\u00eda de Pamplona","image":{"@type":"ImageObject","inLanguage":"es","@id":"https:\/\/secure.gravatar.com\/avatar\/b6992f131dc8d30ab0dff15446e9d346d9dbd95992de0fef795073f5ea83a81c?s=96&d=mm&r=g","url":"https:\/\/secure.gravatar.com\/avatar\/b6992f131dc8d30ab0dff15446e9d346d9dbd95992de0fef795073f5ea83a81c?s=96&d=mm&r=g","contentUrl":"https:\/\/secure.gravatar.com\/avatar\/b6992f131dc8d30ab0dff15446e9d346d9dbd95992de0fef795073f5ea83a81c?s=96&d=mm&r=g","caption":"La Gu\u00eda de Pamplona"}}]}},"post_mailing_queue_ids":[],"_links":{"self":[{"href":"https:\/\/www.laguiadepamplona.com\/actualidad\/wp-json\/wp\/v2\/posts\/46631","targetHints":{"allow":["GET"]}}],"collection":[{"href":"https:\/\/www.laguiadepamplona.com\/actualidad\/wp-json\/wp\/v2\/posts"}],"about":[{"href":"https:\/\/www.laguiadepamplona.com\/actualidad\/wp-json\/wp\/v2\/types\/post"}],"author":[{"embeddable":true,"href":"https:\/\/www.laguiadepamplona.com\/actualidad\/wp-json\/wp\/v2\/users\/1"}],"replies":[{"embeddable":true,"href":"https:\/\/www.laguiadepamplona.com\/actualidad\/wp-json\/wp\/v2\/comments?post=46631"}],"version-history":[{"count":2,"href":"https:\/\/www.laguiadepamplona.com\/actualidad\/wp-json\/wp\/v2\/posts\/46631\/revisions"}],"predecessor-version":[{"id":46635,"href":"https:\/\/www.laguiadepamplona.com\/actualidad\/wp-json\/wp\/v2\/posts\/46631\/revisions\/46635"}],"wp:featuredmedia":[{"embeddable":true,"href":"https:\/\/www.laguiadepamplona.com\/actualidad\/wp-json\/wp\/v2\/media\/41391"}],"wp:attachment":[{"href":"https:\/\/www.laguiadepamplona.com\/actualidad\/wp-json\/wp\/v2\/media?parent=46631"}],"wp:term":[{"taxonomy":"category","embeddable":true,"href":"https:\/\/www.laguiadepamplona.com\/actualidad\/wp-json\/wp\/v2\/categories?post=46631"},{"taxonomy":"post_tag","embeddable":true,"href":"https:\/\/www.laguiadepamplona.com\/actualidad\/wp-json\/wp\/v2\/tags?post=46631"}],"curies":[{"name":"wp","href":"https:\/\/api.w.org\/{rel}","templated":true}]}}