{"id":46629,"date":"2023-05-10T16:12:17","date_gmt":"2023-05-10T14:12:17","guid":{"rendered":"https:\/\/www.laguiadepamplona.com\/actualidad\/?p=46629"},"modified":"2023-05-10T16:12:17","modified_gmt":"2023-05-10T14:12:17","slug":"realidad-virtual-para-mejorar-los-apartamentos-de-personas-mayores-una-propuesta-municipal-que-combina-tecnologia-y-bienestar","status":"publish","type":"post","link":"https:\/\/www.laguiadepamplona.com\/actualidad\/realidad-virtual-para-mejorar-los-apartamentos-de-personas-mayores-una-propuesta-municipal-que-combina-tecnologia-y-bienestar\/","title":{"rendered":"Realidad virtual para mejorar los apartamentos de personas mayores, una propuesta municipal que combina tecnolog\u00eda y bienestar"},"content":{"rendered":"<h3>Dentro del proyecto oPEN Lab, quince residentes en apartamentos han experimentado esta novedosa tecnolog\u00eda<\/h3>\n<p><!--more--><\/p>\n<p>Entender la distribuci\u00f3n de una vivienda en un plano no siempre es tarea sencilla. Llegar a ver la distribuci\u00f3n, el reparto de espacios, d\u00f3nde y c\u00f3mo se sit\u00faan las ventanas y las puertas y c\u00f3mo quedar\u00eda la vivienda ya terminada y amueblada es, en ocasiones, una tarea imposible. Precisamente para hacer esta labor m\u00e1s sencilla, el Ayuntamiento de Pamplona, dentro del proyecto oPEN Lab, ha desarrollado una herramienta de realidad virtual que permite a las personas de edad avanza ver y vivir en primera persona c\u00f3mo quedar\u00e1n los apartamentos municipales que se van a habilitar en el Grupo San Pedro del barrio de Rochapea.<\/p>\n<p>El Consistorio anunci\u00f3 en febrero la rehabilitaci\u00f3n de dos portales de San Pedro, los n\u00fameros 11 y 12, para crear doce apartamentos dirigidos a personas mayores. Ahora, unas quince personas usuarias de otros bloques de apartamentos municipales est\u00e1n experimentando en primera persona con su dise\u00f1o y ver c\u00f3mo podr\u00edan quedar los inmuebles ya terminados, gracias a una herramienta de realidad virtual desarrollada por la <em>Universidad del Pa\u00eds Vasco <\/em><em>\/ <\/em>Euskal Herriko Unibertsitatea (UPV\/EHU), tambi\u00e9n socio de oPEN Lab, con la colaboraci\u00f3n de MiiL (Media innovation and intelligibility Lab) de la Universidad de Lovaina La Nueva, en B\u00e9lgica.<br \/>\n<script async src=\"\/\/pagead2.googlesyndication.com\/pagead\/js\/adsbygoogle.js\"><\/script><br \/>\n<!-- Noticias La Guia de Pamplona --><br \/>\n<ins class=\"adsbygoogle\"\nstyle=\"display:block\"\ndata-ad-client=\"ca-pub-6943679897239327\"\ndata-ad-slot=\"7048180777\"\ndata-ad-format=\"auto\"><\/ins><br \/>\n<script>\n(adsbygoogle = window.adsbygoogle || []).push({});\n<\/script><\/p>\n<p>La inmersi\u00f3n con realidad virtual permite que las personas se sientan en el entorno del piso, teniendo m\u00e1s conciencia de los espacios y pudiendo moverse por ellos como si estuvieran realmente en la vivienda. Todo ello permite entender mejor un proyecto que a\u00fan no se ha realizado y que mediante medios tradicionales como los planos cuesta visualizar. Tras recibir una breve explicaci\u00f3n sobre qu\u00e9 es la realidad virtual y qu\u00e9 usos puede tener, las personas participantes en este proyecto se han colocado las gafas de realidad virtual y, gracias a la herramienta digital, han creado la que ser\u00eda, a su juicio, su vivienda ideal.<\/p>\n<p>El objetivo de esta iniciativa es promover, a trav\u00e9s de un ambiente distendido y l\u00fadico, un proceso participativo en el que las personas potencialmente usuarias de un apartamento municipal puedan transmitir sus necesidades y aquello que les gustar\u00eda tener en la que ser\u00e1 su vivienda. Con esas aportaciones, el Ayuntamiento podr\u00e1 definir mejor el dise\u00f1o <span style=\"text-decoration: line-through;\">de<\/span> interior<span style=\"text-decoration: line-through;\">es<\/span> de viviendas para personas mayores, y mejorar su habitabilidad y confort.<\/p>\n<p>Esta herramienta se est\u00e1 testeando para valorar su utilidad y alcance, pudiendo as\u00ed estudiar en qu\u00e9 contextos puede ser \u00fatil. En la primera sesi\u00f3n, realizada a finales de abril, participaron residentes en los apartamentos tutelados de todos los edificios municipales ubicados en Casco Viejo, Iturrama, Milagrosa, Rotxapea y San Juan. Este primer test servir\u00e1 para realizar ajustes en la herramienta para las siguientes dos sesiones previstas, en las que participar\u00e1n otros tantos residentes de apartamentos municipales.<br \/>\n<script async src=\"\/\/pagead2.googlesyndication.com\/pagead\/js\/adsbygoogle.js\"><\/script><br \/>\n<!-- Noticias La Guia de Pamplona --><br \/>\n<ins class=\"adsbygoogle\"\nstyle=\"display:block\"\ndata-ad-client=\"ca-pub-6943679897239327\"\ndata-ad-slot=\"7048180777\"\ndata-ad-format=\"auto\"><\/ins><br \/>\n<script>\n(adsbygoogle = window.adsbygoogle || []).push({});\n<\/script><\/p>\n<p><strong>Rehabilitaci\u00f3n de San Pedro<\/strong><\/p>\n<p>El Ayuntamiento de Pamplona tiene previsto destinar 2,3 millones de euros en la rehabilitaci\u00f3n de doce viviendas del Grupo San Pedro para convertirlas en apartamentos para personas mayores. Las obras, que ya han sido licitadas, estar\u00e1n listas en un plazo de 14 meses desde su inicio. Las obras afectar\u00e1n a los portales 11 y 12, que se sit\u00faan en un edificio de tres alturas. Est\u00e1 previsto realizar una reforma integral, tanto exterior como interior, eliminando barreras arquitect\u00f3nicas, mejorando la envolvente t\u00e9rmica del edificio y reformando la cubierta. Adem\u00e1s, se instalar\u00e1n paneles fotovoltaicos en el tejado, que dar\u00e1n servicio a las nuevas instalaciones de climatizaci\u00f3n con aerotermia de las viviendas. Estas viviendas contar\u00e1n, adem\u00e1s, con t\u00e9cnicas innovadoras de seguimiento y monitorizaci\u00f3n.<\/p>\n<p>En total se renovar\u00e1n completamente las doce viviendas existentes, que tienen una superficie \u00fatil individual de alrededor de 60 metros cuadrados. Se modificar\u00e1 la distribuci\u00f3n actual, bastante compartimentada, para lograr una nueva distribuci\u00f3n del espacio en dos habitaciones, sal\u00f3n, cocina y aseo. No obstante, el tabique que separe la segunda habitaci\u00f3n del sal\u00f3n ser\u00e1 m\u00f3vil, permitiendo un uso m\u00e1s vers\u00e1til del inmueble. Adem\u00e1s, se construir\u00e1n terrazas tendedero en todas las viviendas. Una vez remodeladas, las viviendas ser\u00e1n destinadas a apartamentos para personas mayores, y ser\u00e1n gestionados por el \u00e1rea de Servicios Sociales del Ayuntamiento.<br \/>\n<script async src=\"\/\/pagead2.googlesyndication.com\/pagead\/js\/adsbygoogle.js\"><\/script><br \/>\n<!-- Noticias La Guia de Pamplona --><br \/>\n<ins class=\"adsbygoogle\"\nstyle=\"display:block\"\ndata-ad-client=\"ca-pub-6943679897239327\"\ndata-ad-slot=\"7048180777\"\ndata-ad-format=\"auto\"><\/ins><br \/>\n<script>\n(adsbygoogle = window.adsbygoogle || []).push({});\n<\/script><\/p>\n<p>El proyecto de rehabilitaci\u00f3n y el desarrollo de la herramienta de realidad virtual se inscriben dentro del proyecto europeo oPEN Lab, que cuenta con financiaci\u00f3n del programa Horizonte 2020, que promueve la transici\u00f3n hacia barrios m\u00e1s sostenibles y menos demandantes de energ\u00eda. Este proyecto prev\u00e9 el desarrollo de iniciativas piloto en tres localidades (Pamplona, la ciudad belga de Genk y Tartu, en Estonia). Del \u00e9xito de estas iniciativas depender\u00e1 su generalizaci\u00f3n en otras regiones europeas. Pamplona desarrollar\u00e1, de la mano del proyecto oPEN Lab, el Distrito Positivo de Energ\u00eda Verde del barrio de Rochapea, en el que se incluyen, entre otras actuaciones, la rehabilitaci\u00f3n de estas 12 primeras viviendas del Grupo San Pedro, la apertura de una oficina energ\u00e9tica o el impulso de comunidades energ\u00e9ticas.<\/p>\n","protected":false},"excerpt":{"rendered":"<p>Dentro del proyecto oPEN Lab, quince residentes en apartamentos han experimentado esta novedosa tecnolog\u00eda<\/p>\n","protected":false},"author":1,"featured_media":46633,"comment_status":"open","ping_status":"closed","sticky":false,"template":"","format":"standard","meta":{"footnotes":""},"categories":[2],"tags":[],"class_list":["post-46629","post","type-post","status-publish","format-standard","has-post-thumbnail","hentry","category-ayuntamiento-pamplona"],"yoast_head":"<!-- This site is optimized with the Yoast SEO plugin v27.3 - https:\/\/yoast.com\/product\/yoast-seo-wordpress\/ -->\n<title>Realidad virtual para mejorar los apartamentos de personas mayores, una propuesta municipal que combina tecnolog\u00eda y bienestar<\/title>\n<meta name=\"description\" content=\"Dentro del proyecto oPEN Lab, quince residentes en apartamentos han experimentado esta novedosa tecnolog\u00eda\" \/>\n<meta name=\"robots\" content=\"index, follow, max-snippet:-1, max-image-preview:large, max-video-preview:-1\" \/>\n<link rel=\"canonical\" href=\"https:\/\/www.laguiadepamplona.com\/actualidad\/realidad-virtual-para-mejorar-los-apartamentos-de-personas-mayores-una-propuesta-municipal-que-combina-tecnologia-y-bienestar\/\" \/>\n<meta property=\"og:locale\" content=\"es_ES\" \/>\n<meta property=\"og:type\" content=\"article\" \/>\n<meta property=\"og:title\" content=\"Realidad virtual para mejorar los apartamentos de personas mayores, una propuesta municipal que combina tecnolog\u00eda y bienestar\" \/>\n<meta property=\"og:description\" content=\"Dentro del proyecto oPEN Lab, quince residentes en apartamentos han experimentado esta novedosa tecnolog\u00eda\" \/>\n<meta property=\"og:url\" content=\"https:\/\/www.laguiadepamplona.com\/actualidad\/realidad-virtual-para-mejorar-los-apartamentos-de-personas-mayores-una-propuesta-municipal-que-combina-tecnologia-y-bienestar\/\" \/>\n<meta property=\"og:site_name\" content=\"La Gu\u00eda de Pamplona\" \/>\n<meta property=\"article:publisher\" content=\"https:\/\/www.facebook.com\/laguiadepamplonacom-133175176762273\/?ref=hl\" \/>\n<meta property=\"article:published_time\" content=\"2023-05-10T14:12:17+00:00\" \/>\n<meta property=\"og:image\" content=\"https:\/\/www.laguiadepamplona.com\/actualidad\/wp-content\/uploads\/2023\/05\/virtual3_0.webp\" \/>\n\t<meta property=\"og:image:width\" content=\"1811\" \/>\n\t<meta property=\"og:image:height\" content=\"1018\" \/>\n\t<meta property=\"og:image:type\" content=\"image\/webp\" \/>\n<meta name=\"author\" content=\"La Gu\u00eda de Pamplona\" \/>\n<meta name=\"twitter:card\" content=\"summary_large_image\" \/>\n<meta name=\"twitter:creator\" content=\"@LaGuiadPamplona\" \/>\n<meta name=\"twitter:site\" content=\"@LaGuiadPamplona\" \/>\n<meta name=\"twitter:label1\" content=\"Escrito por\" \/>\n\t<meta name=\"twitter:data1\" content=\"La Gu\u00eda de Pamplona\" \/>\n\t<meta name=\"twitter:label2\" content=\"Tiempo de lectura\" \/>\n\t<meta name=\"twitter:data2\" content=\"4 minutos\" \/>\n<script type=\"application\/ld+json\" class=\"yoast-schema-graph\">{\"@context\":\"https:\\\/\\\/schema.org\",\"@graph\":[{\"@type\":\"Article\",\"@id\":\"https:\\\/\\\/www.laguiadepamplona.com\\\/actualidad\\\/realidad-virtual-para-mejorar-los-apartamentos-de-personas-mayores-una-propuesta-municipal-que-combina-tecnologia-y-bienestar\\\/#article\",\"isPartOf\":{\"@id\":\"https:\\\/\\\/www.laguiadepamplona.com\\\/actualidad\\\/realidad-virtual-para-mejorar-los-apartamentos-de-personas-mayores-una-propuesta-municipal-que-combina-tecnologia-y-bienestar\\\/\"},\"author\":{\"name\":\"La Gu\u00eda de Pamplona\",\"@id\":\"https:\\\/\\\/www.laguiadepamplona.com\\\/actualidad\\\/#\\\/schema\\\/person\\\/efe887376f0213d4657c93adc50b1fdb\"},\"headline\":\"Realidad virtual para mejorar los apartamentos de personas mayores, una propuesta municipal que combina tecnolog\u00eda y bienestar\",\"datePublished\":\"2023-05-10T14:12:17+00:00\",\"mainEntityOfPage\":{\"@id\":\"https:\\\/\\\/www.laguiadepamplona.com\\\/actualidad\\\/realidad-virtual-para-mejorar-los-apartamentos-de-personas-mayores-una-propuesta-municipal-que-combina-tecnologia-y-bienestar\\\/\"},\"wordCount\":885,\"commentCount\":0,\"publisher\":{\"@id\":\"https:\\\/\\\/www.laguiadepamplona.com\\\/actualidad\\\/#organization\"},\"image\":{\"@id\":\"https:\\\/\\\/www.laguiadepamplona.com\\\/actualidad\\\/realidad-virtual-para-mejorar-los-apartamentos-de-personas-mayores-una-propuesta-municipal-que-combina-tecnologia-y-bienestar\\\/#primaryimage\"},\"thumbnailUrl\":\"https:\\\/\\\/www.laguiadepamplona.com\\\/actualidad\\\/wp-content\\\/uploads\\\/2023\\\/05\\\/virtual3_0.webp\",\"articleSection\":[\"Ayto Pamplona\"],\"inLanguage\":\"es\",\"potentialAction\":[{\"@type\":\"CommentAction\",\"name\":\"Comment\",\"target\":[\"https:\\\/\\\/www.laguiadepamplona.com\\\/actualidad\\\/realidad-virtual-para-mejorar-los-apartamentos-de-personas-mayores-una-propuesta-municipal-que-combina-tecnologia-y-bienestar\\\/#respond\"]}]},{\"@type\":\"WebPage\",\"@id\":\"https:\\\/\\\/www.laguiadepamplona.com\\\/actualidad\\\/realidad-virtual-para-mejorar-los-apartamentos-de-personas-mayores-una-propuesta-municipal-que-combina-tecnologia-y-bienestar\\\/\",\"url\":\"https:\\\/\\\/www.laguiadepamplona.com\\\/actualidad\\\/realidad-virtual-para-mejorar-los-apartamentos-de-personas-mayores-una-propuesta-municipal-que-combina-tecnologia-y-bienestar\\\/\",\"name\":\"Realidad virtual para mejorar los apartamentos de personas mayores, una propuesta municipal que combina tecnolog\u00eda y bienestar\",\"isPartOf\":{\"@id\":\"https:\\\/\\\/www.laguiadepamplona.com\\\/actualidad\\\/#website\"},\"primaryImageOfPage\":{\"@id\":\"https:\\\/\\\/www.laguiadepamplona.com\\\/actualidad\\\/realidad-virtual-para-mejorar-los-apartamentos-de-personas-mayores-una-propuesta-municipal-que-combina-tecnologia-y-bienestar\\\/#primaryimage\"},\"image\":{\"@id\":\"https:\\\/\\\/www.laguiadepamplona.com\\\/actualidad\\\/realidad-virtual-para-mejorar-los-apartamentos-de-personas-mayores-una-propuesta-municipal-que-combina-tecnologia-y-bienestar\\\/#primaryimage\"},\"thumbnailUrl\":\"https:\\\/\\\/www.laguiadepamplona.com\\\/actualidad\\\/wp-content\\\/uploads\\\/2023\\\/05\\\/virtual3_0.webp\",\"datePublished\":\"2023-05-10T14:12:17+00:00\",\"description\":\"Dentro del proyecto oPEN Lab, quince residentes en apartamentos han experimentado esta novedosa tecnolog\u00eda\",\"breadcrumb\":{\"@id\":\"https:\\\/\\\/www.laguiadepamplona.com\\\/actualidad\\\/realidad-virtual-para-mejorar-los-apartamentos-de-personas-mayores-una-propuesta-municipal-que-combina-tecnologia-y-bienestar\\\/#breadcrumb\"},\"inLanguage\":\"es\",\"potentialAction\":[{\"@type\":\"ReadAction\",\"target\":[\"https:\\\/\\\/www.laguiadepamplona.com\\\/actualidad\\\/realidad-virtual-para-mejorar-los-apartamentos-de-personas-mayores-una-propuesta-municipal-que-combina-tecnologia-y-bienestar\\\/\"]}]},{\"@type\":\"ImageObject\",\"inLanguage\":\"es\",\"@id\":\"https:\\\/\\\/www.laguiadepamplona.com\\\/actualidad\\\/realidad-virtual-para-mejorar-los-apartamentos-de-personas-mayores-una-propuesta-municipal-que-combina-tecnologia-y-bienestar\\\/#primaryimage\",\"url\":\"https:\\\/\\\/www.laguiadepamplona.com\\\/actualidad\\\/wp-content\\\/uploads\\\/2023\\\/05\\\/virtual3_0.webp\",\"contentUrl\":\"https:\\\/\\\/www.laguiadepamplona.com\\\/actualidad\\\/wp-content\\\/uploads\\\/2023\\\/05\\\/virtual3_0.webp\",\"width\":1811,\"height\":1018},{\"@type\":\"BreadcrumbList\",\"@id\":\"https:\\\/\\\/www.laguiadepamplona.com\\\/actualidad\\\/realidad-virtual-para-mejorar-los-apartamentos-de-personas-mayores-una-propuesta-municipal-que-combina-tecnologia-y-bienestar\\\/#breadcrumb\",\"itemListElement\":[{\"@type\":\"ListItem\",\"position\":1,\"name\":\"Portada\",\"item\":\"https:\\\/\\\/www.laguiadepamplona.com\\\/actualidad\\\/\"},{\"@type\":\"ListItem\",\"position\":2,\"name\":\"Realidad virtual para mejorar los apartamentos de personas mayores, una propuesta municipal que combina tecnolog\u00eda y bienestar\"}]},{\"@type\":\"WebSite\",\"@id\":\"https:\\\/\\\/www.laguiadepamplona.com\\\/actualidad\\\/#website\",\"url\":\"https:\\\/\\\/www.laguiadepamplona.com\\\/actualidad\\\/\",\"name\":\"La gu\u00eda de Pamplona\",\"description\":\"Noticias de Pamplona\",\"publisher\":{\"@id\":\"https:\\\/\\\/www.laguiadepamplona.com\\\/actualidad\\\/#organization\"},\"potentialAction\":[{\"@type\":\"SearchAction\",\"target\":{\"@type\":\"EntryPoint\",\"urlTemplate\":\"https:\\\/\\\/www.laguiadepamplona.com\\\/actualidad\\\/?s={search_term_string}\"},\"query-input\":{\"@type\":\"PropertyValueSpecification\",\"valueRequired\":true,\"valueName\":\"search_term_string\"}}],\"inLanguage\":\"es\"},{\"@type\":\"Organization\",\"@id\":\"https:\\\/\\\/www.laguiadepamplona.com\\\/actualidad\\\/#organization\",\"name\":\"La Gu\u00eda de Pamplona \\\/ Noticias\",\"url\":\"https:\\\/\\\/www.laguiadepamplona.com\\\/actualidad\\\/\",\"logo\":{\"@type\":\"ImageObject\",\"inLanguage\":\"es\",\"@id\":\"https:\\\/\\\/www.laguiadepamplona.com\\\/actualidad\\\/#\\\/schema\\\/logo\\\/image\\\/\",\"url\":\"https:\\\/\\\/www.laguiadepamplona.com\\\/actualidad\\\/wp-content\\\/uploads\\\/2018\\\/11\\\/logo-laguiadepamplona18-web1.png\",\"contentUrl\":\"https:\\\/\\\/www.laguiadepamplona.com\\\/actualidad\\\/wp-content\\\/uploads\\\/2018\\\/11\\\/logo-laguiadepamplona18-web1.png\",\"width\":600,\"height\":196,\"caption\":\"La Gu\u00eda de Pamplona \\\/ Noticias\"},\"image\":{\"@id\":\"https:\\\/\\\/www.laguiadepamplona.com\\\/actualidad\\\/#\\\/schema\\\/logo\\\/image\\\/\"},\"sameAs\":[\"https:\\\/\\\/www.facebook.com\\\/laguiadepamplonacom-133175176762273\\\/?ref=hl\",\"https:\\\/\\\/x.com\\\/LaGuiadPamplona\",\"https:\\\/\\\/www.instagram.com\\\/la_guia_de_pamplona\\\/\",\"https:\\\/\\\/www.youtube.com\\\/user\\\/laguiadepamplona\"]},{\"@type\":\"Person\",\"@id\":\"https:\\\/\\\/www.laguiadepamplona.com\\\/actualidad\\\/#\\\/schema\\\/person\\\/efe887376f0213d4657c93adc50b1fdb\",\"name\":\"La Gu\u00eda de Pamplona\",\"image\":{\"@type\":\"ImageObject\",\"inLanguage\":\"es\",\"@id\":\"https:\\\/\\\/secure.gravatar.com\\\/avatar\\\/b6992f131dc8d30ab0dff15446e9d346d9dbd95992de0fef795073f5ea83a81c?s=96&d=mm&r=g\",\"url\":\"https:\\\/\\\/secure.gravatar.com\\\/avatar\\\/b6992f131dc8d30ab0dff15446e9d346d9dbd95992de0fef795073f5ea83a81c?s=96&d=mm&r=g\",\"contentUrl\":\"https:\\\/\\\/secure.gravatar.com\\\/avatar\\\/b6992f131dc8d30ab0dff15446e9d346d9dbd95992de0fef795073f5ea83a81c?s=96&d=mm&r=g\",\"caption\":\"La Gu\u00eda de Pamplona\"}}]}<\/script>\n<!-- \/ Yoast SEO plugin. -->","yoast_head_json":{"title":"Realidad virtual para mejorar los apartamentos de personas mayores, una propuesta municipal que combina tecnolog\u00eda y bienestar","description":"Dentro del proyecto oPEN Lab, quince residentes en apartamentos han experimentado esta novedosa tecnolog\u00eda","robots":{"index":"index","follow":"follow","max-snippet":"max-snippet:-1","max-image-preview":"max-image-preview:large","max-video-preview":"max-video-preview:-1"},"canonical":"https:\/\/www.laguiadepamplona.com\/actualidad\/realidad-virtual-para-mejorar-los-apartamentos-de-personas-mayores-una-propuesta-municipal-que-combina-tecnologia-y-bienestar\/","og_locale":"es_ES","og_type":"article","og_title":"Realidad virtual para mejorar los apartamentos de personas mayores, una propuesta municipal que combina tecnolog\u00eda y bienestar","og_description":"Dentro del proyecto oPEN Lab, quince residentes en apartamentos han experimentado esta novedosa tecnolog\u00eda","og_url":"https:\/\/www.laguiadepamplona.com\/actualidad\/realidad-virtual-para-mejorar-los-apartamentos-de-personas-mayores-una-propuesta-municipal-que-combina-tecnologia-y-bienestar\/","og_site_name":"La Gu\u00eda de Pamplona","article_publisher":"https:\/\/www.facebook.com\/laguiadepamplonacom-133175176762273\/?ref=hl","article_published_time":"2023-05-10T14:12:17+00:00","og_image":[{"width":1811,"height":1018,"url":"https:\/\/www.laguiadepamplona.com\/actualidad\/wp-content\/uploads\/2023\/05\/virtual3_0.webp","type":"image\/webp"}],"author":"La Gu\u00eda de Pamplona","twitter_card":"summary_large_image","twitter_creator":"@LaGuiadPamplona","twitter_site":"@LaGuiadPamplona","twitter_misc":{"Escrito por":"La Gu\u00eda de Pamplona","Tiempo de lectura":"4 minutos"},"schema":{"@context":"https:\/\/schema.org","@graph":[{"@type":"Article","@id":"https:\/\/www.laguiadepamplona.com\/actualidad\/realidad-virtual-para-mejorar-los-apartamentos-de-personas-mayores-una-propuesta-municipal-que-combina-tecnologia-y-bienestar\/#article","isPartOf":{"@id":"https:\/\/www.laguiadepamplona.com\/actualidad\/realidad-virtual-para-mejorar-los-apartamentos-de-personas-mayores-una-propuesta-municipal-que-combina-tecnologia-y-bienestar\/"},"author":{"name":"La Gu\u00eda de Pamplona","@id":"https:\/\/www.laguiadepamplona.com\/actualidad\/#\/schema\/person\/efe887376f0213d4657c93adc50b1fdb"},"headline":"Realidad virtual para mejorar los apartamentos de personas mayores, una propuesta municipal que combina tecnolog\u00eda y bienestar","datePublished":"2023-05-10T14:12:17+00:00","mainEntityOfPage":{"@id":"https:\/\/www.laguiadepamplona.com\/actualidad\/realidad-virtual-para-mejorar-los-apartamentos-de-personas-mayores-una-propuesta-municipal-que-combina-tecnologia-y-bienestar\/"},"wordCount":885,"commentCount":0,"publisher":{"@id":"https:\/\/www.laguiadepamplona.com\/actualidad\/#organization"},"image":{"@id":"https:\/\/www.laguiadepamplona.com\/actualidad\/realidad-virtual-para-mejorar-los-apartamentos-de-personas-mayores-una-propuesta-municipal-que-combina-tecnologia-y-bienestar\/#primaryimage"},"thumbnailUrl":"https:\/\/www.laguiadepamplona.com\/actualidad\/wp-content\/uploads\/2023\/05\/virtual3_0.webp","articleSection":["Ayto Pamplona"],"inLanguage":"es","potentialAction":[{"@type":"CommentAction","name":"Comment","target":["https:\/\/www.laguiadepamplona.com\/actualidad\/realidad-virtual-para-mejorar-los-apartamentos-de-personas-mayores-una-propuesta-municipal-que-combina-tecnologia-y-bienestar\/#respond"]}]},{"@type":"WebPage","@id":"https:\/\/www.laguiadepamplona.com\/actualidad\/realidad-virtual-para-mejorar-los-apartamentos-de-personas-mayores-una-propuesta-municipal-que-combina-tecnologia-y-bienestar\/","url":"https:\/\/www.laguiadepamplona.com\/actualidad\/realidad-virtual-para-mejorar-los-apartamentos-de-personas-mayores-una-propuesta-municipal-que-combina-tecnologia-y-bienestar\/","name":"Realidad virtual para mejorar los apartamentos de personas mayores, una propuesta municipal que combina tecnolog\u00eda y bienestar","isPartOf":{"@id":"https:\/\/www.laguiadepamplona.com\/actualidad\/#website"},"primaryImageOfPage":{"@id":"https:\/\/www.laguiadepamplona.com\/actualidad\/realidad-virtual-para-mejorar-los-apartamentos-de-personas-mayores-una-propuesta-municipal-que-combina-tecnologia-y-bienestar\/#primaryimage"},"image":{"@id":"https:\/\/www.laguiadepamplona.com\/actualidad\/realidad-virtual-para-mejorar-los-apartamentos-de-personas-mayores-una-propuesta-municipal-que-combina-tecnologia-y-bienestar\/#primaryimage"},"thumbnailUrl":"https:\/\/www.laguiadepamplona.com\/actualidad\/wp-content\/uploads\/2023\/05\/virtual3_0.webp","datePublished":"2023-05-10T14:12:17+00:00","description":"Dentro del proyecto oPEN Lab, quince residentes en apartamentos han experimentado esta novedosa tecnolog\u00eda","breadcrumb":{"@id":"https:\/\/www.laguiadepamplona.com\/actualidad\/realidad-virtual-para-mejorar-los-apartamentos-de-personas-mayores-una-propuesta-municipal-que-combina-tecnologia-y-bienestar\/#breadcrumb"},"inLanguage":"es","potentialAction":[{"@type":"ReadAction","target":["https:\/\/www.laguiadepamplona.com\/actualidad\/realidad-virtual-para-mejorar-los-apartamentos-de-personas-mayores-una-propuesta-municipal-que-combina-tecnologia-y-bienestar\/"]}]},{"@type":"ImageObject","inLanguage":"es","@id":"https:\/\/www.laguiadepamplona.com\/actualidad\/realidad-virtual-para-mejorar-los-apartamentos-de-personas-mayores-una-propuesta-municipal-que-combina-tecnologia-y-bienestar\/#primaryimage","url":"https:\/\/www.laguiadepamplona.com\/actualidad\/wp-content\/uploads\/2023\/05\/virtual3_0.webp","contentUrl":"https:\/\/www.laguiadepamplona.com\/actualidad\/wp-content\/uploads\/2023\/05\/virtual3_0.webp","width":1811,"height":1018},{"@type":"BreadcrumbList","@id":"https:\/\/www.laguiadepamplona.com\/actualidad\/realidad-virtual-para-mejorar-los-apartamentos-de-personas-mayores-una-propuesta-municipal-que-combina-tecnologia-y-bienestar\/#breadcrumb","itemListElement":[{"@type":"ListItem","position":1,"name":"Portada","item":"https:\/\/www.laguiadepamplona.com\/actualidad\/"},{"@type":"ListItem","position":2,"name":"Realidad virtual para mejorar los apartamentos de personas mayores, una propuesta municipal que combina tecnolog\u00eda y bienestar"}]},{"@type":"WebSite","@id":"https:\/\/www.laguiadepamplona.com\/actualidad\/#website","url":"https:\/\/www.laguiadepamplona.com\/actualidad\/","name":"La gu\u00eda de Pamplona","description":"Noticias de Pamplona","publisher":{"@id":"https:\/\/www.laguiadepamplona.com\/actualidad\/#organization"},"potentialAction":[{"@type":"SearchAction","target":{"@type":"EntryPoint","urlTemplate":"https:\/\/www.laguiadepamplona.com\/actualidad\/?s={search_term_string}"},"query-input":{"@type":"PropertyValueSpecification","valueRequired":true,"valueName":"search_term_string"}}],"inLanguage":"es"},{"@type":"Organization","@id":"https:\/\/www.laguiadepamplona.com\/actualidad\/#organization","name":"La Gu\u00eda de Pamplona \/ Noticias","url":"https:\/\/www.laguiadepamplona.com\/actualidad\/","logo":{"@type":"ImageObject","inLanguage":"es","@id":"https:\/\/www.laguiadepamplona.com\/actualidad\/#\/schema\/logo\/image\/","url":"https:\/\/www.laguiadepamplona.com\/actualidad\/wp-content\/uploads\/2018\/11\/logo-laguiadepamplona18-web1.png","contentUrl":"https:\/\/www.laguiadepamplona.com\/actualidad\/wp-content\/uploads\/2018\/11\/logo-laguiadepamplona18-web1.png","width":600,"height":196,"caption":"La Gu\u00eda de Pamplona \/ Noticias"},"image":{"@id":"https:\/\/www.laguiadepamplona.com\/actualidad\/#\/schema\/logo\/image\/"},"sameAs":["https:\/\/www.facebook.com\/laguiadepamplonacom-133175176762273\/?ref=hl","https:\/\/x.com\/LaGuiadPamplona","https:\/\/www.instagram.com\/la_guia_de_pamplona\/","https:\/\/www.youtube.com\/user\/laguiadepamplona"]},{"@type":"Person","@id":"https:\/\/www.laguiadepamplona.com\/actualidad\/#\/schema\/person\/efe887376f0213d4657c93adc50b1fdb","name":"La Gu\u00eda de Pamplona","image":{"@type":"ImageObject","inLanguage":"es","@id":"https:\/\/secure.gravatar.com\/avatar\/b6992f131dc8d30ab0dff15446e9d346d9dbd95992de0fef795073f5ea83a81c?s=96&d=mm&r=g","url":"https:\/\/secure.gravatar.com\/avatar\/b6992f131dc8d30ab0dff15446e9d346d9dbd95992de0fef795073f5ea83a81c?s=96&d=mm&r=g","contentUrl":"https:\/\/secure.gravatar.com\/avatar\/b6992f131dc8d30ab0dff15446e9d346d9dbd95992de0fef795073f5ea83a81c?s=96&d=mm&r=g","caption":"La Gu\u00eda de Pamplona"}}]}},"post_mailing_queue_ids":[],"_links":{"self":[{"href":"https:\/\/www.laguiadepamplona.com\/actualidad\/wp-json\/wp\/v2\/posts\/46629","targetHints":{"allow":["GET"]}}],"collection":[{"href":"https:\/\/www.laguiadepamplona.com\/actualidad\/wp-json\/wp\/v2\/posts"}],"about":[{"href":"https:\/\/www.laguiadepamplona.com\/actualidad\/wp-json\/wp\/v2\/types\/post"}],"author":[{"embeddable":true,"href":"https:\/\/www.laguiadepamplona.com\/actualidad\/wp-json\/wp\/v2\/users\/1"}],"replies":[{"embeddable":true,"href":"https:\/\/www.laguiadepamplona.com\/actualidad\/wp-json\/wp\/v2\/comments?post=46629"}],"version-history":[{"count":2,"href":"https:\/\/www.laguiadepamplona.com\/actualidad\/wp-json\/wp\/v2\/posts\/46629\/revisions"}],"predecessor-version":[{"id":46634,"href":"https:\/\/www.laguiadepamplona.com\/actualidad\/wp-json\/wp\/v2\/posts\/46629\/revisions\/46634"}],"wp:featuredmedia":[{"embeddable":true,"href":"https:\/\/www.laguiadepamplona.com\/actualidad\/wp-json\/wp\/v2\/media\/46633"}],"wp:attachment":[{"href":"https:\/\/www.laguiadepamplona.com\/actualidad\/wp-json\/wp\/v2\/media?parent=46629"}],"wp:term":[{"taxonomy":"category","embeddable":true,"href":"https:\/\/www.laguiadepamplona.com\/actualidad\/wp-json\/wp\/v2\/categories?post=46629"},{"taxonomy":"post_tag","embeddable":true,"href":"https:\/\/www.laguiadepamplona.com\/actualidad\/wp-json\/wp\/v2\/tags?post=46629"}],"curies":[{"name":"wp","href":"https:\/\/api.w.org\/{rel}","templated":true}]}}