{"id":46626,"date":"2023-05-10T12:53:20","date_gmt":"2023-05-10T10:53:20","guid":{"rendered":"https:\/\/www.laguiadepamplona.com\/actualidad\/?p=46626"},"modified":"2023-05-10T12:53:20","modified_gmt":"2023-05-10T10:53:20","slug":"el-ayuntamiento-de-pamplona-recogera-reclamaciones-a-la-lista-provisional-de-nuevo-alumnado-para-las-escuelas-infantiles-hasta-este-viernes-dia-12","status":"publish","type":"post","link":"https:\/\/www.laguiadepamplona.com\/actualidad\/el-ayuntamiento-de-pamplona-recogera-reclamaciones-a-la-lista-provisional-de-nuevo-alumnado-para-las-escuelas-infantiles-hasta-este-viernes-dia-12\/","title":{"rendered":"El Ayuntamiento de Pamplona recoger\u00e1 reclamaciones a la lista provisional de nuevo alumnado para las escuelas infantiles hasta este viernes, d\u00eda 12"},"content":{"rendered":"<h3>Una vez revisadas, las listas definitivas de admisi\u00f3n se publicar\u00e1n el 18 de mayo<\/h3>\n<p><!--more--><\/p>\n<p>Tras la publicaci\u00f3n ayer de las listas provisionales de nuevo alumnado admitido para las escuelas infantiles municipales de Pamplona, el Ayuntamiento informa de que, tal como establece la normativa y las instrucciones dictadas al respecto, las familias que consideren que la puntuaci\u00f3n obtenida no se corresponde con su situaci\u00f3n, pueden presentar reclamaci\u00f3n en las oficinas del Organismo Aut\u00f3nomo de Escuelas Infantiles de Pamplona, ubicada en la calle Conde Oliveto, 4-2\u00ba, hasta este viernes, d\u00eda 12 de mayo.<br \/>\n<script async src=\"\/\/pagead2.googlesyndication.com\/pagead\/js\/adsbygoogle.js\"><\/script><br \/>\n<!-- Noticias La Guia de Pamplona --><br \/>\n<ins class=\"adsbygoogle\"\nstyle=\"display:block\"\ndata-ad-client=\"ca-pub-6943679897239327\"\ndata-ad-slot=\"7048180777\"\ndata-ad-format=\"auto\"><\/ins><br \/>\n<script>\n(adsbygoogle = window.adsbygoogle || []).push({});\n<\/script><\/p>\n<p>La instancia explicando los motivos de la reclamaci\u00f3n podr\u00e1 ir acompa\u00f1ada de aquellos documentos que la familia interesada estime oportunos. Los motivos ser\u00e1n revisados conforme a la normativa de admisi\u00f3n y se estudiar\u00e1n, asimismo, los posibles errores que se hayan podido inducir por los mecanismos y procedimientos habilitados para la presentaci\u00f3n de las solicitudes iniciales.<\/p>\n<p>Como resultado de este proceso, las listas definitivas de admitidos a las escuelas infantiles municipales de Pamplona se har\u00e1n p\u00fablicas el 18 de mayo en la p\u00e1gina de las escuelas infantiles del Ayuntamiento de Pamplona.<br \/>\n<script async src=\"\/\/pagead2.googlesyndication.com\/pagead\/js\/adsbygoogle.js\"><\/script><br \/>\n<!-- Noticias La Guia de Pamplona --><br \/>\n<ins class=\"adsbygoogle\"\nstyle=\"display:block\"\ndata-ad-client=\"ca-pub-6943679897239327\"\ndata-ad-slot=\"7048180777\"\ndata-ad-format=\"auto\"><\/ins><br \/>\n<script>\n(adsbygoogle = window.adsbygoogle || []).push({});\n<\/script><\/p>\n<p>Como se recordar\u00e1, la red de Escuelas Infantiles P\u00fablicas de Pamplona (las del Ayuntamiento y las del Gobierno de Navarra) recibi\u00f3 1.574 preinscripciones de menores de 0 a 3 a\u00f1os para el pr\u00f3ximo curso, de las cuales el 73,5% (1.158) han sido gestionadas y formalizadas directamente por las familias de manera telem\u00e1tica a trav\u00e9s de la aplicaci\u00f3n EDUCA del Departamento de Educaci\u00f3n del Gobierno de Navarra.<\/p>\n<p>Por su parte, el Ayuntamiento de Pamplona habilit\u00f3 una oficina provisional en la Sala Calderer\u00eda con el objetivo de atender presencialmente y ayudar y asesorar a las familias a tramitar su solicitud a trav\u00e9s de EDUCA, que estuvo atendido por seis personas.<\/p>\n","protected":false},"excerpt":{"rendered":"<p>Una vez revisadas, las listas definitivas de admisi\u00f3n se publicar\u00e1n el 18 de mayo<\/p>\n","protected":false},"author":1,"featured_media":46627,"comment_status":"open","ping_status":"closed","sticky":false,"template":"","format":"standard","meta":{"footnotes":""},"categories":[2],"tags":[],"class_list":["post-46626","post","type-post","status-publish","format-standard","has-post-thumbnail","hentry","category-ayuntamiento-pamplona"],"yoast_head":"<!-- This site is optimized with the Yoast SEO plugin v27.3 - https:\/\/yoast.com\/product\/yoast-seo-wordpress\/ -->\n<title>El Ayuntamiento de Pamplona recoger\u00e1 reclamaciones a la lista provisional de nuevo alumnado para las escuelas infantiles hasta este viernes, d\u00eda 12<\/title>\n<meta name=\"description\" content=\"Una vez revisadas, las listas definitivas de admisi\u00f3n se publicar\u00e1n el 18 de mayo\" \/>\n<meta name=\"robots\" content=\"index, follow, max-snippet:-1, max-image-preview:large, max-video-preview:-1\" \/>\n<link rel=\"canonical\" href=\"https:\/\/www.laguiadepamplona.com\/actualidad\/el-ayuntamiento-de-pamplona-recogera-reclamaciones-a-la-lista-provisional-de-nuevo-alumnado-para-las-escuelas-infantiles-hasta-este-viernes-dia-12\/\" \/>\n<meta property=\"og:locale\" content=\"es_ES\" \/>\n<meta property=\"og:type\" content=\"article\" \/>\n<meta property=\"og:title\" content=\"El Ayuntamiento de Pamplona recoger\u00e1 reclamaciones a la lista provisional de nuevo alumnado para las escuelas infantiles hasta este viernes, d\u00eda 12\" \/>\n<meta property=\"og:description\" content=\"Una vez revisadas, las listas definitivas de admisi\u00f3n se publicar\u00e1n el 18 de mayo\" \/>\n<meta property=\"og:url\" content=\"https:\/\/www.laguiadepamplona.com\/actualidad\/el-ayuntamiento-de-pamplona-recogera-reclamaciones-a-la-lista-provisional-de-nuevo-alumnado-para-las-escuelas-infantiles-hasta-este-viernes-dia-12\/\" \/>\n<meta property=\"og:site_name\" content=\"La Gu\u00eda de Pamplona\" \/>\n<meta property=\"article:publisher\" content=\"https:\/\/www.facebook.com\/laguiadepamplonacom-133175176762273\/?ref=hl\" \/>\n<meta property=\"article:published_time\" content=\"2023-05-10T10:53:20+00:00\" \/>\n<meta property=\"og:image\" content=\"https:\/\/www.laguiadepamplona.com\/actualidad\/wp-content\/uploads\/2023\/05\/escuela-infantil_Q5A1994.webp\" \/>\n\t<meta property=\"og:image:width\" content=\"1920\" \/>\n\t<meta property=\"og:image:height\" content=\"1281\" \/>\n\t<meta property=\"og:image:type\" content=\"image\/webp\" \/>\n<meta name=\"author\" content=\"La Gu\u00eda de Pamplona\" \/>\n<meta name=\"twitter:card\" content=\"summary_large_image\" \/>\n<meta name=\"twitter:creator\" content=\"@LaGuiadPamplona\" \/>\n<meta name=\"twitter:site\" content=\"@LaGuiadPamplona\" \/>\n<meta name=\"twitter:label1\" content=\"Escrito por\" \/>\n\t<meta name=\"twitter:data1\" content=\"La Gu\u00eda de Pamplona\" \/>\n\t<meta name=\"twitter:label2\" content=\"Tiempo de lectura\" \/>\n\t<meta name=\"twitter:data2\" content=\"2 minutos\" \/>\n<script type=\"application\/ld+json\" class=\"yoast-schema-graph\">{\"@context\":\"https:\\\/\\\/schema.org\",\"@graph\":[{\"@type\":\"Article\",\"@id\":\"https:\\\/\\\/www.laguiadepamplona.com\\\/actualidad\\\/el-ayuntamiento-de-pamplona-recogera-reclamaciones-a-la-lista-provisional-de-nuevo-alumnado-para-las-escuelas-infantiles-hasta-este-viernes-dia-12\\\/#article\",\"isPartOf\":{\"@id\":\"https:\\\/\\\/www.laguiadepamplona.com\\\/actualidad\\\/el-ayuntamiento-de-pamplona-recogera-reclamaciones-a-la-lista-provisional-de-nuevo-alumnado-para-las-escuelas-infantiles-hasta-este-viernes-dia-12\\\/\"},\"author\":{\"name\":\"La Gu\u00eda de Pamplona\",\"@id\":\"https:\\\/\\\/www.laguiadepamplona.com\\\/actualidad\\\/#\\\/schema\\\/person\\\/efe887376f0213d4657c93adc50b1fdb\"},\"headline\":\"El Ayuntamiento de Pamplona recoger\u00e1 reclamaciones a la lista provisional de nuevo alumnado para las escuelas infantiles hasta este viernes, d\u00eda 12\",\"datePublished\":\"2023-05-10T10:53:20+00:00\",\"mainEntityOfPage\":{\"@id\":\"https:\\\/\\\/www.laguiadepamplona.com\\\/actualidad\\\/el-ayuntamiento-de-pamplona-recogera-reclamaciones-a-la-lista-provisional-de-nuevo-alumnado-para-las-escuelas-infantiles-hasta-este-viernes-dia-12\\\/\"},\"wordCount\":329,\"commentCount\":0,\"publisher\":{\"@id\":\"https:\\\/\\\/www.laguiadepamplona.com\\\/actualidad\\\/#organization\"},\"image\":{\"@id\":\"https:\\\/\\\/www.laguiadepamplona.com\\\/actualidad\\\/el-ayuntamiento-de-pamplona-recogera-reclamaciones-a-la-lista-provisional-de-nuevo-alumnado-para-las-escuelas-infantiles-hasta-este-viernes-dia-12\\\/#primaryimage\"},\"thumbnailUrl\":\"https:\\\/\\\/www.laguiadepamplona.com\\\/actualidad\\\/wp-content\\\/uploads\\\/2023\\\/05\\\/escuela-infantil_Q5A1994.webp\",\"articleSection\":[\"Ayto Pamplona\"],\"inLanguage\":\"es\",\"potentialAction\":[{\"@type\":\"CommentAction\",\"name\":\"Comment\",\"target\":[\"https:\\\/\\\/www.laguiadepamplona.com\\\/actualidad\\\/el-ayuntamiento-de-pamplona-recogera-reclamaciones-a-la-lista-provisional-de-nuevo-alumnado-para-las-escuelas-infantiles-hasta-este-viernes-dia-12\\\/#respond\"]}]},{\"@type\":\"WebPage\",\"@id\":\"https:\\\/\\\/www.laguiadepamplona.com\\\/actualidad\\\/el-ayuntamiento-de-pamplona-recogera-reclamaciones-a-la-lista-provisional-de-nuevo-alumnado-para-las-escuelas-infantiles-hasta-este-viernes-dia-12\\\/\",\"url\":\"https:\\\/\\\/www.laguiadepamplona.com\\\/actualidad\\\/el-ayuntamiento-de-pamplona-recogera-reclamaciones-a-la-lista-provisional-de-nuevo-alumnado-para-las-escuelas-infantiles-hasta-este-viernes-dia-12\\\/\",\"name\":\"El Ayuntamiento de Pamplona recoger\u00e1 reclamaciones a la lista provisional de nuevo alumnado para las escuelas infantiles hasta este viernes, d\u00eda 12\",\"isPartOf\":{\"@id\":\"https:\\\/\\\/www.laguiadepamplona.com\\\/actualidad\\\/#website\"},\"primaryImageOfPage\":{\"@id\":\"https:\\\/\\\/www.laguiadepamplona.com\\\/actualidad\\\/el-ayuntamiento-de-pamplona-recogera-reclamaciones-a-la-lista-provisional-de-nuevo-alumnado-para-las-escuelas-infantiles-hasta-este-viernes-dia-12\\\/#primaryimage\"},\"image\":{\"@id\":\"https:\\\/\\\/www.laguiadepamplona.com\\\/actualidad\\\/el-ayuntamiento-de-pamplona-recogera-reclamaciones-a-la-lista-provisional-de-nuevo-alumnado-para-las-escuelas-infantiles-hasta-este-viernes-dia-12\\\/#primaryimage\"},\"thumbnailUrl\":\"https:\\\/\\\/www.laguiadepamplona.com\\\/actualidad\\\/wp-content\\\/uploads\\\/2023\\\/05\\\/escuela-infantil_Q5A1994.webp\",\"datePublished\":\"2023-05-10T10:53:20+00:00\",\"description\":\"Una vez revisadas, las listas definitivas de admisi\u00f3n se publicar\u00e1n el 18 de mayo\",\"breadcrumb\":{\"@id\":\"https:\\\/\\\/www.laguiadepamplona.com\\\/actualidad\\\/el-ayuntamiento-de-pamplona-recogera-reclamaciones-a-la-lista-provisional-de-nuevo-alumnado-para-las-escuelas-infantiles-hasta-este-viernes-dia-12\\\/#breadcrumb\"},\"inLanguage\":\"es\",\"potentialAction\":[{\"@type\":\"ReadAction\",\"target\":[\"https:\\\/\\\/www.laguiadepamplona.com\\\/actualidad\\\/el-ayuntamiento-de-pamplona-recogera-reclamaciones-a-la-lista-provisional-de-nuevo-alumnado-para-las-escuelas-infantiles-hasta-este-viernes-dia-12\\\/\"]}]},{\"@type\":\"ImageObject\",\"inLanguage\":\"es\",\"@id\":\"https:\\\/\\\/www.laguiadepamplona.com\\\/actualidad\\\/el-ayuntamiento-de-pamplona-recogera-reclamaciones-a-la-lista-provisional-de-nuevo-alumnado-para-las-escuelas-infantiles-hasta-este-viernes-dia-12\\\/#primaryimage\",\"url\":\"https:\\\/\\\/www.laguiadepamplona.com\\\/actualidad\\\/wp-content\\\/uploads\\\/2023\\\/05\\\/escuela-infantil_Q5A1994.webp\",\"contentUrl\":\"https:\\\/\\\/www.laguiadepamplona.com\\\/actualidad\\\/wp-content\\\/uploads\\\/2023\\\/05\\\/escuela-infantil_Q5A1994.webp\",\"width\":1920,\"height\":1281},{\"@type\":\"BreadcrumbList\",\"@id\":\"https:\\\/\\\/www.laguiadepamplona.com\\\/actualidad\\\/el-ayuntamiento-de-pamplona-recogera-reclamaciones-a-la-lista-provisional-de-nuevo-alumnado-para-las-escuelas-infantiles-hasta-este-viernes-dia-12\\\/#breadcrumb\",\"itemListElement\":[{\"@type\":\"ListItem\",\"position\":1,\"name\":\"Portada\",\"item\":\"https:\\\/\\\/www.laguiadepamplona.com\\\/actualidad\\\/\"},{\"@type\":\"ListItem\",\"position\":2,\"name\":\"El Ayuntamiento de Pamplona recoger\u00e1 reclamaciones a la lista provisional de nuevo alumnado para las escuelas infantiles hasta este viernes, d\u00eda 12\"}]},{\"@type\":\"WebSite\",\"@id\":\"https:\\\/\\\/www.laguiadepamplona.com\\\/actualidad\\\/#website\",\"url\":\"https:\\\/\\\/www.laguiadepamplona.com\\\/actualidad\\\/\",\"name\":\"La gu\u00eda de Pamplona\",\"description\":\"Noticias de Pamplona\",\"publisher\":{\"@id\":\"https:\\\/\\\/www.laguiadepamplona.com\\\/actualidad\\\/#organization\"},\"potentialAction\":[{\"@type\":\"SearchAction\",\"target\":{\"@type\":\"EntryPoint\",\"urlTemplate\":\"https:\\\/\\\/www.laguiadepamplona.com\\\/actualidad\\\/?s={search_term_string}\"},\"query-input\":{\"@type\":\"PropertyValueSpecification\",\"valueRequired\":true,\"valueName\":\"search_term_string\"}}],\"inLanguage\":\"es\"},{\"@type\":\"Organization\",\"@id\":\"https:\\\/\\\/www.laguiadepamplona.com\\\/actualidad\\\/#organization\",\"name\":\"La Gu\u00eda de Pamplona \\\/ Noticias\",\"url\":\"https:\\\/\\\/www.laguiadepamplona.com\\\/actualidad\\\/\",\"logo\":{\"@type\":\"ImageObject\",\"inLanguage\":\"es\",\"@id\":\"https:\\\/\\\/www.laguiadepamplona.com\\\/actualidad\\\/#\\\/schema\\\/logo\\\/image\\\/\",\"url\":\"https:\\\/\\\/www.laguiadepamplona.com\\\/actualidad\\\/wp-content\\\/uploads\\\/2018\\\/11\\\/logo-laguiadepamplona18-web1.png\",\"contentUrl\":\"https:\\\/\\\/www.laguiadepamplona.com\\\/actualidad\\\/wp-content\\\/uploads\\\/2018\\\/11\\\/logo-laguiadepamplona18-web1.png\",\"width\":600,\"height\":196,\"caption\":\"La Gu\u00eda de Pamplona \\\/ Noticias\"},\"image\":{\"@id\":\"https:\\\/\\\/www.laguiadepamplona.com\\\/actualidad\\\/#\\\/schema\\\/logo\\\/image\\\/\"},\"sameAs\":[\"https:\\\/\\\/www.facebook.com\\\/laguiadepamplonacom-133175176762273\\\/?ref=hl\",\"https:\\\/\\\/x.com\\\/LaGuiadPamplona\",\"https:\\\/\\\/www.instagram.com\\\/la_guia_de_pamplona\\\/\",\"https:\\\/\\\/www.youtube.com\\\/user\\\/laguiadepamplona\"]},{\"@type\":\"Person\",\"@id\":\"https:\\\/\\\/www.laguiadepamplona.com\\\/actualidad\\\/#\\\/schema\\\/person\\\/efe887376f0213d4657c93adc50b1fdb\",\"name\":\"La Gu\u00eda de Pamplona\",\"image\":{\"@type\":\"ImageObject\",\"inLanguage\":\"es\",\"@id\":\"https:\\\/\\\/secure.gravatar.com\\\/avatar\\\/b6992f131dc8d30ab0dff15446e9d346d9dbd95992de0fef795073f5ea83a81c?s=96&d=mm&r=g\",\"url\":\"https:\\\/\\\/secure.gravatar.com\\\/avatar\\\/b6992f131dc8d30ab0dff15446e9d346d9dbd95992de0fef795073f5ea83a81c?s=96&d=mm&r=g\",\"contentUrl\":\"https:\\\/\\\/secure.gravatar.com\\\/avatar\\\/b6992f131dc8d30ab0dff15446e9d346d9dbd95992de0fef795073f5ea83a81c?s=96&d=mm&r=g\",\"caption\":\"La Gu\u00eda de Pamplona\"}}]}<\/script>\n<!-- \/ Yoast SEO plugin. -->","yoast_head_json":{"title":"El Ayuntamiento de Pamplona recoger\u00e1 reclamaciones a la lista provisional de nuevo alumnado para las escuelas infantiles hasta este viernes, d\u00eda 12","description":"Una vez revisadas, las listas definitivas de admisi\u00f3n se publicar\u00e1n el 18 de mayo","robots":{"index":"index","follow":"follow","max-snippet":"max-snippet:-1","max-image-preview":"max-image-preview:large","max-video-preview":"max-video-preview:-1"},"canonical":"https:\/\/www.laguiadepamplona.com\/actualidad\/el-ayuntamiento-de-pamplona-recogera-reclamaciones-a-la-lista-provisional-de-nuevo-alumnado-para-las-escuelas-infantiles-hasta-este-viernes-dia-12\/","og_locale":"es_ES","og_type":"article","og_title":"El Ayuntamiento de Pamplona recoger\u00e1 reclamaciones a la lista provisional de nuevo alumnado para las escuelas infantiles hasta este viernes, d\u00eda 12","og_description":"Una vez revisadas, las listas definitivas de admisi\u00f3n se publicar\u00e1n el 18 de mayo","og_url":"https:\/\/www.laguiadepamplona.com\/actualidad\/el-ayuntamiento-de-pamplona-recogera-reclamaciones-a-la-lista-provisional-de-nuevo-alumnado-para-las-escuelas-infantiles-hasta-este-viernes-dia-12\/","og_site_name":"La Gu\u00eda de Pamplona","article_publisher":"https:\/\/www.facebook.com\/laguiadepamplonacom-133175176762273\/?ref=hl","article_published_time":"2023-05-10T10:53:20+00:00","og_image":[{"width":1920,"height":1281,"url":"https:\/\/www.laguiadepamplona.com\/actualidad\/wp-content\/uploads\/2023\/05\/escuela-infantil_Q5A1994.webp","type":"image\/webp"}],"author":"La Gu\u00eda de Pamplona","twitter_card":"summary_large_image","twitter_creator":"@LaGuiadPamplona","twitter_site":"@LaGuiadPamplona","twitter_misc":{"Escrito por":"La Gu\u00eda de Pamplona","Tiempo de lectura":"2 minutos"},"schema":{"@context":"https:\/\/schema.org","@graph":[{"@type":"Article","@id":"https:\/\/www.laguiadepamplona.com\/actualidad\/el-ayuntamiento-de-pamplona-recogera-reclamaciones-a-la-lista-provisional-de-nuevo-alumnado-para-las-escuelas-infantiles-hasta-este-viernes-dia-12\/#article","isPartOf":{"@id":"https:\/\/www.laguiadepamplona.com\/actualidad\/el-ayuntamiento-de-pamplona-recogera-reclamaciones-a-la-lista-provisional-de-nuevo-alumnado-para-las-escuelas-infantiles-hasta-este-viernes-dia-12\/"},"author":{"name":"La Gu\u00eda de Pamplona","@id":"https:\/\/www.laguiadepamplona.com\/actualidad\/#\/schema\/person\/efe887376f0213d4657c93adc50b1fdb"},"headline":"El Ayuntamiento de Pamplona recoger\u00e1 reclamaciones a la lista provisional de nuevo alumnado para las escuelas infantiles hasta este viernes, d\u00eda 12","datePublished":"2023-05-10T10:53:20+00:00","mainEntityOfPage":{"@id":"https:\/\/www.laguiadepamplona.com\/actualidad\/el-ayuntamiento-de-pamplona-recogera-reclamaciones-a-la-lista-provisional-de-nuevo-alumnado-para-las-escuelas-infantiles-hasta-este-viernes-dia-12\/"},"wordCount":329,"commentCount":0,"publisher":{"@id":"https:\/\/www.laguiadepamplona.com\/actualidad\/#organization"},"image":{"@id":"https:\/\/www.laguiadepamplona.com\/actualidad\/el-ayuntamiento-de-pamplona-recogera-reclamaciones-a-la-lista-provisional-de-nuevo-alumnado-para-las-escuelas-infantiles-hasta-este-viernes-dia-12\/#primaryimage"},"thumbnailUrl":"https:\/\/www.laguiadepamplona.com\/actualidad\/wp-content\/uploads\/2023\/05\/escuela-infantil_Q5A1994.webp","articleSection":["Ayto Pamplona"],"inLanguage":"es","potentialAction":[{"@type":"CommentAction","name":"Comment","target":["https:\/\/www.laguiadepamplona.com\/actualidad\/el-ayuntamiento-de-pamplona-recogera-reclamaciones-a-la-lista-provisional-de-nuevo-alumnado-para-las-escuelas-infantiles-hasta-este-viernes-dia-12\/#respond"]}]},{"@type":"WebPage","@id":"https:\/\/www.laguiadepamplona.com\/actualidad\/el-ayuntamiento-de-pamplona-recogera-reclamaciones-a-la-lista-provisional-de-nuevo-alumnado-para-las-escuelas-infantiles-hasta-este-viernes-dia-12\/","url":"https:\/\/www.laguiadepamplona.com\/actualidad\/el-ayuntamiento-de-pamplona-recogera-reclamaciones-a-la-lista-provisional-de-nuevo-alumnado-para-las-escuelas-infantiles-hasta-este-viernes-dia-12\/","name":"El Ayuntamiento de Pamplona recoger\u00e1 reclamaciones a la lista provisional de nuevo alumnado para las escuelas infantiles hasta este viernes, d\u00eda 12","isPartOf":{"@id":"https:\/\/www.laguiadepamplona.com\/actualidad\/#website"},"primaryImageOfPage":{"@id":"https:\/\/www.laguiadepamplona.com\/actualidad\/el-ayuntamiento-de-pamplona-recogera-reclamaciones-a-la-lista-provisional-de-nuevo-alumnado-para-las-escuelas-infantiles-hasta-este-viernes-dia-12\/#primaryimage"},"image":{"@id":"https:\/\/www.laguiadepamplona.com\/actualidad\/el-ayuntamiento-de-pamplona-recogera-reclamaciones-a-la-lista-provisional-de-nuevo-alumnado-para-las-escuelas-infantiles-hasta-este-viernes-dia-12\/#primaryimage"},"thumbnailUrl":"https:\/\/www.laguiadepamplona.com\/actualidad\/wp-content\/uploads\/2023\/05\/escuela-infantil_Q5A1994.webp","datePublished":"2023-05-10T10:53:20+00:00","description":"Una vez revisadas, las listas definitivas de admisi\u00f3n se publicar\u00e1n el 18 de mayo","breadcrumb":{"@id":"https:\/\/www.laguiadepamplona.com\/actualidad\/el-ayuntamiento-de-pamplona-recogera-reclamaciones-a-la-lista-provisional-de-nuevo-alumnado-para-las-escuelas-infantiles-hasta-este-viernes-dia-12\/#breadcrumb"},"inLanguage":"es","potentialAction":[{"@type":"ReadAction","target":["https:\/\/www.laguiadepamplona.com\/actualidad\/el-ayuntamiento-de-pamplona-recogera-reclamaciones-a-la-lista-provisional-de-nuevo-alumnado-para-las-escuelas-infantiles-hasta-este-viernes-dia-12\/"]}]},{"@type":"ImageObject","inLanguage":"es","@id":"https:\/\/www.laguiadepamplona.com\/actualidad\/el-ayuntamiento-de-pamplona-recogera-reclamaciones-a-la-lista-provisional-de-nuevo-alumnado-para-las-escuelas-infantiles-hasta-este-viernes-dia-12\/#primaryimage","url":"https:\/\/www.laguiadepamplona.com\/actualidad\/wp-content\/uploads\/2023\/05\/escuela-infantil_Q5A1994.webp","contentUrl":"https:\/\/www.laguiadepamplona.com\/actualidad\/wp-content\/uploads\/2023\/05\/escuela-infantil_Q5A1994.webp","width":1920,"height":1281},{"@type":"BreadcrumbList","@id":"https:\/\/www.laguiadepamplona.com\/actualidad\/el-ayuntamiento-de-pamplona-recogera-reclamaciones-a-la-lista-provisional-de-nuevo-alumnado-para-las-escuelas-infantiles-hasta-este-viernes-dia-12\/#breadcrumb","itemListElement":[{"@type":"ListItem","position":1,"name":"Portada","item":"https:\/\/www.laguiadepamplona.com\/actualidad\/"},{"@type":"ListItem","position":2,"name":"El Ayuntamiento de Pamplona recoger\u00e1 reclamaciones a la lista provisional de nuevo alumnado para las escuelas infantiles hasta este viernes, d\u00eda 12"}]},{"@type":"WebSite","@id":"https:\/\/www.laguiadepamplona.com\/actualidad\/#website","url":"https:\/\/www.laguiadepamplona.com\/actualidad\/","name":"La gu\u00eda de Pamplona","description":"Noticias de Pamplona","publisher":{"@id":"https:\/\/www.laguiadepamplona.com\/actualidad\/#organization"},"potentialAction":[{"@type":"SearchAction","target":{"@type":"EntryPoint","urlTemplate":"https:\/\/www.laguiadepamplona.com\/actualidad\/?s={search_term_string}"},"query-input":{"@type":"PropertyValueSpecification","valueRequired":true,"valueName":"search_term_string"}}],"inLanguage":"es"},{"@type":"Organization","@id":"https:\/\/www.laguiadepamplona.com\/actualidad\/#organization","name":"La Gu\u00eda de Pamplona \/ Noticias","url":"https:\/\/www.laguiadepamplona.com\/actualidad\/","logo":{"@type":"ImageObject","inLanguage":"es","@id":"https:\/\/www.laguiadepamplona.com\/actualidad\/#\/schema\/logo\/image\/","url":"https:\/\/www.laguiadepamplona.com\/actualidad\/wp-content\/uploads\/2018\/11\/logo-laguiadepamplona18-web1.png","contentUrl":"https:\/\/www.laguiadepamplona.com\/actualidad\/wp-content\/uploads\/2018\/11\/logo-laguiadepamplona18-web1.png","width":600,"height":196,"caption":"La Gu\u00eda de Pamplona \/ Noticias"},"image":{"@id":"https:\/\/www.laguiadepamplona.com\/actualidad\/#\/schema\/logo\/image\/"},"sameAs":["https:\/\/www.facebook.com\/laguiadepamplonacom-133175176762273\/?ref=hl","https:\/\/x.com\/LaGuiadPamplona","https:\/\/www.instagram.com\/la_guia_de_pamplona\/","https:\/\/www.youtube.com\/user\/laguiadepamplona"]},{"@type":"Person","@id":"https:\/\/www.laguiadepamplona.com\/actualidad\/#\/schema\/person\/efe887376f0213d4657c93adc50b1fdb","name":"La Gu\u00eda de Pamplona","image":{"@type":"ImageObject","inLanguage":"es","@id":"https:\/\/secure.gravatar.com\/avatar\/b6992f131dc8d30ab0dff15446e9d346d9dbd95992de0fef795073f5ea83a81c?s=96&d=mm&r=g","url":"https:\/\/secure.gravatar.com\/avatar\/b6992f131dc8d30ab0dff15446e9d346d9dbd95992de0fef795073f5ea83a81c?s=96&d=mm&r=g","contentUrl":"https:\/\/secure.gravatar.com\/avatar\/b6992f131dc8d30ab0dff15446e9d346d9dbd95992de0fef795073f5ea83a81c?s=96&d=mm&r=g","caption":"La Gu\u00eda de Pamplona"}}]}},"post_mailing_queue_ids":[],"_links":{"self":[{"href":"https:\/\/www.laguiadepamplona.com\/actualidad\/wp-json\/wp\/v2\/posts\/46626","targetHints":{"allow":["GET"]}}],"collection":[{"href":"https:\/\/www.laguiadepamplona.com\/actualidad\/wp-json\/wp\/v2\/posts"}],"about":[{"href":"https:\/\/www.laguiadepamplona.com\/actualidad\/wp-json\/wp\/v2\/types\/post"}],"author":[{"embeddable":true,"href":"https:\/\/www.laguiadepamplona.com\/actualidad\/wp-json\/wp\/v2\/users\/1"}],"replies":[{"embeddable":true,"href":"https:\/\/www.laguiadepamplona.com\/actualidad\/wp-json\/wp\/v2\/comments?post=46626"}],"version-history":[{"count":1,"href":"https:\/\/www.laguiadepamplona.com\/actualidad\/wp-json\/wp\/v2\/posts\/46626\/revisions"}],"predecessor-version":[{"id":46628,"href":"https:\/\/www.laguiadepamplona.com\/actualidad\/wp-json\/wp\/v2\/posts\/46626\/revisions\/46628"}],"wp:featuredmedia":[{"embeddable":true,"href":"https:\/\/www.laguiadepamplona.com\/actualidad\/wp-json\/wp\/v2\/media\/46627"}],"wp:attachment":[{"href":"https:\/\/www.laguiadepamplona.com\/actualidad\/wp-json\/wp\/v2\/media?parent=46626"}],"wp:term":[{"taxonomy":"category","embeddable":true,"href":"https:\/\/www.laguiadepamplona.com\/actualidad\/wp-json\/wp\/v2\/categories?post=46626"},{"taxonomy":"post_tag","embeddable":true,"href":"https:\/\/www.laguiadepamplona.com\/actualidad\/wp-json\/wp\/v2\/tags?post=46626"}],"curies":[{"name":"wp","href":"https:\/\/api.w.org\/{rel}","templated":true}]}}