{"id":46623,"date":"2023-05-09T17:27:32","date_gmt":"2023-05-09T15:27:32","guid":{"rendered":"https:\/\/www.laguiadepamplona.com\/actualidad\/?p=46623"},"modified":"2023-05-09T17:27:32","modified_gmt":"2023-05-09T15:27:32","slug":"este-mes-de-mayo-dos-conferencias-del-historiador-juan-jose-martinena-abordan-en-condestable-la-formacion-de-los-burgos-medievales","status":"publish","type":"post","link":"https:\/\/www.laguiadepamplona.com\/actualidad\/este-mes-de-mayo-dos-conferencias-del-historiador-juan-jose-martinena-abordan-en-condestable-la-formacion-de-los-burgos-medievales\/","title":{"rendered":"Este mes de mayo dos conferencias del historiador Juan Jos\u00e9 Martinena abordan en Condestable la formaci\u00f3n de los burgos medievales"},"content":{"rendered":"<h3>Es parte del ciclo de sesiones de divulgaci\u00f3n por la conmemoraci\u00f3n del 600 aniversario del otorgamiento a la ciudad del Privilegio de la Uni\u00f3n<\/h3>\n<p><!--more--><\/p>\n<p>Pamplona sigue trabajando en la celebraci\u00f3n, en este 2023, de un programa de actos en conmemoraci\u00f3n del 600 aniversario del otorgamiento a la ciudad del Privilegio de la Uni\u00f3n por Carlos III el Noble en 1423. El estudio cient\u00edfico y la divulgaci\u00f3n, la creaci\u00f3n art\u00edstica y la recreaci\u00f3n hist\u00f3rica de este acontecimiento y de su contexto son las tres l\u00edneas de actuaci\u00f3n en las que se mueve el Consistorio para poner el valor lo que signific\u00f3 la \u201ccarta fundacional\u201d de la ciudad moderna.<\/p>\n<p>Fue en aquel a\u00f1o cuando los tres burgos medievales, Navarrer\u00eda, San Cernin y la Poblaci\u00f3n de San Nicol\u00e1s, se unieron en una sola entidad tras siglos de conflictos entre ellos. Adem\u00e1s, el privilegio de la Uni\u00f3n supuso la creaci\u00f3n del Ayuntamiento de Pamplona como instituci\u00f3n, un sistema de gobierno de la ciudad que perdura hasta la actualidad, adem\u00e1s de materializar la voluntad de uni\u00f3n, concordia y hermandad de la ciudadan\u00eda.<br \/>\n<script async src=\"\/\/pagead2.googlesyndication.com\/pagead\/js\/adsbygoogle.js\"><\/script><br \/>\n<!-- Noticias La Guia de Pamplona --><br \/>\n<ins class=\"adsbygoogle\"\nstyle=\"display:block\"\ndata-ad-client=\"ca-pub-6943679897239327\"\ndata-ad-slot=\"7048180777\"\ndata-ad-format=\"auto\"><\/ins><br \/>\n<script>\n(adsbygoogle = window.adsbygoogle || []).push({});\n<\/script><\/p>\n<p>Precisamente dentro del \u00e1mbito de la divulgaci\u00f3n este pr\u00f3ximo mi\u00e9rcoles 10 de mayo, tendr\u00e1 lugar la siguiente conferencia del ciclo de contextualizaci\u00f3n del Privilegio con la sesi\u00f3n \u201cPamplona antes del Privilegio de la Uni\u00f3n. La Navarrer\u00eda\u201d, una conferencia dictada por Juan Jos\u00e9 Martinena Ruiz, Doctor en Historia, miembro correspondiente de la Real Academia de la Historia y Director del Archivo Real y General de Navarra hasta 2010. La cita es en Civivox Condestable (sala de conferencias) a las 19.30 horas, con entrada libre hasta completar aforo (90 personas).<\/p>\n<p>All\u00e1 por el siglo XI, la Navarrer\u00eda, heredera de la ciudad romana, hab\u00eda quedado reducida a una peque\u00f1a poblaci\u00f3n, cuyos moradores eran labradores al servicio de la Catedral. El obispo no s\u00f3lo ten\u00eda la propiedad de las casas y las tierras, sino tambi\u00e9n la jurisdicci\u00f3n, seg\u00fan el modelo de ciudad episcopal, muy com\u00fan entonces en Europa occidental. Arrasada en la guerra contra los burgos en 1276, al igual que la juder\u00eda, la Navarrer\u00eda permaneci\u00f3 yerma m\u00e1s de cuarenta a\u00f1os. Su repoblaci\u00f3n no se inici\u00f3 hasta despu\u00e9s de 1319, una vez que el obispo cedi\u00f3 el dominio al rey. El privilegio correspondiente, que fija ya la actual trama urbana, lo otorg\u00f3 desde Par\u00eds el rey Carlos el Calvo en 1324.<br \/>\n<script async src=\"\/\/pagead2.googlesyndication.com\/pagead\/js\/adsbygoogle.js\"><\/script><br \/>\n<!-- Noticias La Guia de Pamplona --><br \/>\n<ins class=\"adsbygoogle\"\nstyle=\"display:block\"\ndata-ad-client=\"ca-pub-6943679897239327\"\ndata-ad-slot=\"7048180777\"\ndata-ad-format=\"auto\"><\/ins><br \/>\n<script>\n(adsbygoogle = window.adsbygoogle || []).push({});\n<\/script><\/p>\n<p>La semana que viene esta sesi\u00f3n se continuar\u00e1 con una aproximaci\u00f3n a los dos burgos restantes. A esa misma hora y en el mismo marco, de nuevo Martinena se acercar\u00e1 el tema en la conferencia titulada \u201cPamplona antes del Privilegio de la Uni\u00f3n. Los burgos de San Cernin y San Nicol\u00e1s\u201d, tambi\u00e9n a cargo de Martinena.<\/p>\n<p>Hacia el a\u00f1o 1090 se fue formando el burgo de San Cernin, una nueva poblaci\u00f3n de francos, procedentes de Toulouse, Cahors y otras regiones de Francia. El rey Sancho Ram\u00edrez iniciaba as\u00ed un proceso de repoblaci\u00f3n, en el que el fuero de Jaca pas\u00f3 a ser el modelo de una serie de fueros locales, cuyo marco jur\u00eddico garantizaba en aquellos nuevos enclaves urbanos bajo la protecci\u00f3n real un estatus especial para un nuevo perfil de habitantes de condici\u00f3n franca o libre. Con ello, los reyes propiciaron el aumento de la poblaci\u00f3n, creando una clase media de mercaderes y gentes de oficio. Unos setenta a\u00f1os m\u00e1s tarde surgi\u00f3 un nuevo burgo: la poblaci\u00f3n de San Nicol\u00e1s.<\/p>\n<p>Con estas son ya cuatro las conferencias abordadas desde el mes de febrero dar a conocer el hecho hist\u00f3rico de Pamplona y diferentes aspectos relacionados con el documento. En torno al 8 de septiembre, la fecha concreta de la efem\u00e9ride, se realizar\u00e1 una exposici\u00f3n en el Palacio de Condestable, donde se exhibir\u00e1n documentos de la \u00e9poca, depositados en el Archivo Municipal, que muestran las causas y motivos que llevaron a la redacci\u00f3n de este tratado y las consecuencias que tuvo para Pamplona.<\/p>\n","protected":false},"excerpt":{"rendered":"<p>Es parte del ciclo de sesiones de divulgaci\u00f3n por la conmemoraci\u00f3n del 600 aniversario del otorgamiento a la ciudad del Privilegio de la Uni\u00f3n<\/p>\n","protected":false},"author":1,"featured_media":42653,"comment_status":"open","ping_status":"closed","sticky":false,"template":"","format":"standard","meta":{"footnotes":""},"categories":[2],"tags":[],"class_list":["post-46623","post","type-post","status-publish","format-standard","has-post-thumbnail","hentry","category-ayuntamiento-pamplona"],"yoast_head":"<!-- This site is optimized with the Yoast SEO plugin v27.3 - https:\/\/yoast.com\/product\/yoast-seo-wordpress\/ -->\n<title>Este mes de mayo dos conferencias del historiador Juan Jos\u00e9 Martinena abordan en Condestable la formaci\u00f3n de los burgos medievales<\/title>\n<meta name=\"description\" content=\"Es parte del ciclo de sesiones de divulgaci\u00f3n por la conmemoraci\u00f3n del 600 aniversario del otorgamiento a la ciudad del Privilegio de la Uni\u00f3n\" \/>\n<meta name=\"robots\" content=\"index, follow, max-snippet:-1, max-image-preview:large, max-video-preview:-1\" \/>\n<link rel=\"canonical\" href=\"https:\/\/www.laguiadepamplona.com\/actualidad\/este-mes-de-mayo-dos-conferencias-del-historiador-juan-jose-martinena-abordan-en-condestable-la-formacion-de-los-burgos-medievales\/\" \/>\n<meta property=\"og:locale\" content=\"es_ES\" \/>\n<meta property=\"og:type\" content=\"article\" \/>\n<meta property=\"og:title\" content=\"Este mes de mayo dos conferencias del historiador Juan Jos\u00e9 Martinena abordan en Condestable la formaci\u00f3n de los burgos medievales\" \/>\n<meta property=\"og:description\" content=\"Es parte del ciclo de sesiones de divulgaci\u00f3n por la conmemoraci\u00f3n del 600 aniversario del otorgamiento a la ciudad del Privilegio de la Uni\u00f3n\" \/>\n<meta property=\"og:url\" content=\"https:\/\/www.laguiadepamplona.com\/actualidad\/este-mes-de-mayo-dos-conferencias-del-historiador-juan-jose-martinena-abordan-en-condestable-la-formacion-de-los-burgos-medievales\/\" \/>\n<meta property=\"og:site_name\" content=\"La Gu\u00eda de Pamplona\" \/>\n<meta property=\"article:publisher\" content=\"https:\/\/www.facebook.com\/laguiadepamplonacom-133175176762273\/?ref=hl\" \/>\n<meta property=\"article:published_time\" content=\"2023-05-09T15:27:32+00:00\" \/>\n<meta property=\"og:image\" content=\"https:\/\/www.laguiadepamplona.com\/actualidad\/wp-content\/uploads\/2023\/01\/ayto600logograndejpg.webp\" \/>\n\t<meta property=\"og:image:width\" content=\"1920\" \/>\n\t<meta property=\"og:image:height\" content=\"1293\" \/>\n\t<meta property=\"og:image:type\" content=\"image\/webp\" \/>\n<meta name=\"author\" content=\"La Gu\u00eda de Pamplona\" \/>\n<meta name=\"twitter:card\" content=\"summary_large_image\" \/>\n<meta name=\"twitter:creator\" content=\"@LaGuiadPamplona\" \/>\n<meta name=\"twitter:site\" content=\"@LaGuiadPamplona\" \/>\n<meta name=\"twitter:label1\" content=\"Escrito por\" \/>\n\t<meta name=\"twitter:data1\" content=\"La Gu\u00eda de Pamplona\" \/>\n\t<meta name=\"twitter:label2\" content=\"Tiempo de lectura\" \/>\n\t<meta name=\"twitter:data2\" content=\"3 minutos\" \/>\n<script type=\"application\/ld+json\" class=\"yoast-schema-graph\">{\"@context\":\"https:\\\/\\\/schema.org\",\"@graph\":[{\"@type\":\"Article\",\"@id\":\"https:\\\/\\\/www.laguiadepamplona.com\\\/actualidad\\\/este-mes-de-mayo-dos-conferencias-del-historiador-juan-jose-martinena-abordan-en-condestable-la-formacion-de-los-burgos-medievales\\\/#article\",\"isPartOf\":{\"@id\":\"https:\\\/\\\/www.laguiadepamplona.com\\\/actualidad\\\/este-mes-de-mayo-dos-conferencias-del-historiador-juan-jose-martinena-abordan-en-condestable-la-formacion-de-los-burgos-medievales\\\/\"},\"author\":{\"name\":\"La Gu\u00eda de Pamplona\",\"@id\":\"https:\\\/\\\/www.laguiadepamplona.com\\\/actualidad\\\/#\\\/schema\\\/person\\\/efe887376f0213d4657c93adc50b1fdb\"},\"headline\":\"Este mes de mayo dos conferencias del historiador Juan Jos\u00e9 Martinena abordan en Condestable la formaci\u00f3n de los burgos medievales\",\"datePublished\":\"2023-05-09T15:27:32+00:00\",\"mainEntityOfPage\":{\"@id\":\"https:\\\/\\\/www.laguiadepamplona.com\\\/actualidad\\\/este-mes-de-mayo-dos-conferencias-del-historiador-juan-jose-martinena-abordan-en-condestable-la-formacion-de-los-burgos-medievales\\\/\"},\"wordCount\":716,\"commentCount\":0,\"publisher\":{\"@id\":\"https:\\\/\\\/www.laguiadepamplona.com\\\/actualidad\\\/#organization\"},\"image\":{\"@id\":\"https:\\\/\\\/www.laguiadepamplona.com\\\/actualidad\\\/este-mes-de-mayo-dos-conferencias-del-historiador-juan-jose-martinena-abordan-en-condestable-la-formacion-de-los-burgos-medievales\\\/#primaryimage\"},\"thumbnailUrl\":\"https:\\\/\\\/www.laguiadepamplona.com\\\/actualidad\\\/wp-content\\\/uploads\\\/2023\\\/01\\\/ayto600logograndejpg.webp\",\"articleSection\":[\"Ayto Pamplona\"],\"inLanguage\":\"es\",\"potentialAction\":[{\"@type\":\"CommentAction\",\"name\":\"Comment\",\"target\":[\"https:\\\/\\\/www.laguiadepamplona.com\\\/actualidad\\\/este-mes-de-mayo-dos-conferencias-del-historiador-juan-jose-martinena-abordan-en-condestable-la-formacion-de-los-burgos-medievales\\\/#respond\"]}]},{\"@type\":\"WebPage\",\"@id\":\"https:\\\/\\\/www.laguiadepamplona.com\\\/actualidad\\\/este-mes-de-mayo-dos-conferencias-del-historiador-juan-jose-martinena-abordan-en-condestable-la-formacion-de-los-burgos-medievales\\\/\",\"url\":\"https:\\\/\\\/www.laguiadepamplona.com\\\/actualidad\\\/este-mes-de-mayo-dos-conferencias-del-historiador-juan-jose-martinena-abordan-en-condestable-la-formacion-de-los-burgos-medievales\\\/\",\"name\":\"Este mes de mayo dos conferencias del historiador Juan Jos\u00e9 Martinena abordan en Condestable la formaci\u00f3n de los burgos medievales\",\"isPartOf\":{\"@id\":\"https:\\\/\\\/www.laguiadepamplona.com\\\/actualidad\\\/#website\"},\"primaryImageOfPage\":{\"@id\":\"https:\\\/\\\/www.laguiadepamplona.com\\\/actualidad\\\/este-mes-de-mayo-dos-conferencias-del-historiador-juan-jose-martinena-abordan-en-condestable-la-formacion-de-los-burgos-medievales\\\/#primaryimage\"},\"image\":{\"@id\":\"https:\\\/\\\/www.laguiadepamplona.com\\\/actualidad\\\/este-mes-de-mayo-dos-conferencias-del-historiador-juan-jose-martinena-abordan-en-condestable-la-formacion-de-los-burgos-medievales\\\/#primaryimage\"},\"thumbnailUrl\":\"https:\\\/\\\/www.laguiadepamplona.com\\\/actualidad\\\/wp-content\\\/uploads\\\/2023\\\/01\\\/ayto600logograndejpg.webp\",\"datePublished\":\"2023-05-09T15:27:32+00:00\",\"description\":\"Es parte del ciclo de sesiones de divulgaci\u00f3n por la conmemoraci\u00f3n del 600 aniversario del otorgamiento a la ciudad del Privilegio de la Uni\u00f3n\",\"breadcrumb\":{\"@id\":\"https:\\\/\\\/www.laguiadepamplona.com\\\/actualidad\\\/este-mes-de-mayo-dos-conferencias-del-historiador-juan-jose-martinena-abordan-en-condestable-la-formacion-de-los-burgos-medievales\\\/#breadcrumb\"},\"inLanguage\":\"es\",\"potentialAction\":[{\"@type\":\"ReadAction\",\"target\":[\"https:\\\/\\\/www.laguiadepamplona.com\\\/actualidad\\\/este-mes-de-mayo-dos-conferencias-del-historiador-juan-jose-martinena-abordan-en-condestable-la-formacion-de-los-burgos-medievales\\\/\"]}]},{\"@type\":\"ImageObject\",\"inLanguage\":\"es\",\"@id\":\"https:\\\/\\\/www.laguiadepamplona.com\\\/actualidad\\\/este-mes-de-mayo-dos-conferencias-del-historiador-juan-jose-martinena-abordan-en-condestable-la-formacion-de-los-burgos-medievales\\\/#primaryimage\",\"url\":\"https:\\\/\\\/www.laguiadepamplona.com\\\/actualidad\\\/wp-content\\\/uploads\\\/2023\\\/01\\\/ayto600logograndejpg.webp\",\"contentUrl\":\"https:\\\/\\\/www.laguiadepamplona.com\\\/actualidad\\\/wp-content\\\/uploads\\\/2023\\\/01\\\/ayto600logograndejpg.webp\",\"width\":1920,\"height\":1293},{\"@type\":\"BreadcrumbList\",\"@id\":\"https:\\\/\\\/www.laguiadepamplona.com\\\/actualidad\\\/este-mes-de-mayo-dos-conferencias-del-historiador-juan-jose-martinena-abordan-en-condestable-la-formacion-de-los-burgos-medievales\\\/#breadcrumb\",\"itemListElement\":[{\"@type\":\"ListItem\",\"position\":1,\"name\":\"Portada\",\"item\":\"https:\\\/\\\/www.laguiadepamplona.com\\\/actualidad\\\/\"},{\"@type\":\"ListItem\",\"position\":2,\"name\":\"Este mes de mayo dos conferencias del historiador Juan Jos\u00e9 Martinena abordan en Condestable la formaci\u00f3n de los burgos medievales\"}]},{\"@type\":\"WebSite\",\"@id\":\"https:\\\/\\\/www.laguiadepamplona.com\\\/actualidad\\\/#website\",\"url\":\"https:\\\/\\\/www.laguiadepamplona.com\\\/actualidad\\\/\",\"name\":\"La gu\u00eda de Pamplona\",\"description\":\"Noticias de Pamplona\",\"publisher\":{\"@id\":\"https:\\\/\\\/www.laguiadepamplona.com\\\/actualidad\\\/#organization\"},\"potentialAction\":[{\"@type\":\"SearchAction\",\"target\":{\"@type\":\"EntryPoint\",\"urlTemplate\":\"https:\\\/\\\/www.laguiadepamplona.com\\\/actualidad\\\/?s={search_term_string}\"},\"query-input\":{\"@type\":\"PropertyValueSpecification\",\"valueRequired\":true,\"valueName\":\"search_term_string\"}}],\"inLanguage\":\"es\"},{\"@type\":\"Organization\",\"@id\":\"https:\\\/\\\/www.laguiadepamplona.com\\\/actualidad\\\/#organization\",\"name\":\"La Gu\u00eda de Pamplona \\\/ Noticias\",\"url\":\"https:\\\/\\\/www.laguiadepamplona.com\\\/actualidad\\\/\",\"logo\":{\"@type\":\"ImageObject\",\"inLanguage\":\"es\",\"@id\":\"https:\\\/\\\/www.laguiadepamplona.com\\\/actualidad\\\/#\\\/schema\\\/logo\\\/image\\\/\",\"url\":\"https:\\\/\\\/www.laguiadepamplona.com\\\/actualidad\\\/wp-content\\\/uploads\\\/2018\\\/11\\\/logo-laguiadepamplona18-web1.png\",\"contentUrl\":\"https:\\\/\\\/www.laguiadepamplona.com\\\/actualidad\\\/wp-content\\\/uploads\\\/2018\\\/11\\\/logo-laguiadepamplona18-web1.png\",\"width\":600,\"height\":196,\"caption\":\"La Gu\u00eda de Pamplona \\\/ Noticias\"},\"image\":{\"@id\":\"https:\\\/\\\/www.laguiadepamplona.com\\\/actualidad\\\/#\\\/schema\\\/logo\\\/image\\\/\"},\"sameAs\":[\"https:\\\/\\\/www.facebook.com\\\/laguiadepamplonacom-133175176762273\\\/?ref=hl\",\"https:\\\/\\\/x.com\\\/LaGuiadPamplona\",\"https:\\\/\\\/www.instagram.com\\\/la_guia_de_pamplona\\\/\",\"https:\\\/\\\/www.youtube.com\\\/user\\\/laguiadepamplona\"]},{\"@type\":\"Person\",\"@id\":\"https:\\\/\\\/www.laguiadepamplona.com\\\/actualidad\\\/#\\\/schema\\\/person\\\/efe887376f0213d4657c93adc50b1fdb\",\"name\":\"La Gu\u00eda de Pamplona\",\"image\":{\"@type\":\"ImageObject\",\"inLanguage\":\"es\",\"@id\":\"https:\\\/\\\/secure.gravatar.com\\\/avatar\\\/b6992f131dc8d30ab0dff15446e9d346d9dbd95992de0fef795073f5ea83a81c?s=96&d=mm&r=g\",\"url\":\"https:\\\/\\\/secure.gravatar.com\\\/avatar\\\/b6992f131dc8d30ab0dff15446e9d346d9dbd95992de0fef795073f5ea83a81c?s=96&d=mm&r=g\",\"contentUrl\":\"https:\\\/\\\/secure.gravatar.com\\\/avatar\\\/b6992f131dc8d30ab0dff15446e9d346d9dbd95992de0fef795073f5ea83a81c?s=96&d=mm&r=g\",\"caption\":\"La Gu\u00eda de Pamplona\"}}]}<\/script>\n<!-- \/ Yoast SEO plugin. -->","yoast_head_json":{"title":"Este mes de mayo dos conferencias del historiador Juan Jos\u00e9 Martinena abordan en Condestable la formaci\u00f3n de los burgos medievales","description":"Es parte del ciclo de sesiones de divulgaci\u00f3n por la conmemoraci\u00f3n del 600 aniversario del otorgamiento a la ciudad del Privilegio de la Uni\u00f3n","robots":{"index":"index","follow":"follow","max-snippet":"max-snippet:-1","max-image-preview":"max-image-preview:large","max-video-preview":"max-video-preview:-1"},"canonical":"https:\/\/www.laguiadepamplona.com\/actualidad\/este-mes-de-mayo-dos-conferencias-del-historiador-juan-jose-martinena-abordan-en-condestable-la-formacion-de-los-burgos-medievales\/","og_locale":"es_ES","og_type":"article","og_title":"Este mes de mayo dos conferencias del historiador Juan Jos\u00e9 Martinena abordan en Condestable la formaci\u00f3n de los burgos medievales","og_description":"Es parte del ciclo de sesiones de divulgaci\u00f3n por la conmemoraci\u00f3n del 600 aniversario del otorgamiento a la ciudad del Privilegio de la Uni\u00f3n","og_url":"https:\/\/www.laguiadepamplona.com\/actualidad\/este-mes-de-mayo-dos-conferencias-del-historiador-juan-jose-martinena-abordan-en-condestable-la-formacion-de-los-burgos-medievales\/","og_site_name":"La Gu\u00eda de Pamplona","article_publisher":"https:\/\/www.facebook.com\/laguiadepamplonacom-133175176762273\/?ref=hl","article_published_time":"2023-05-09T15:27:32+00:00","og_image":[{"width":1920,"height":1293,"url":"https:\/\/www.laguiadepamplona.com\/actualidad\/wp-content\/uploads\/2023\/01\/ayto600logograndejpg.webp","type":"image\/webp"}],"author":"La Gu\u00eda de Pamplona","twitter_card":"summary_large_image","twitter_creator":"@LaGuiadPamplona","twitter_site":"@LaGuiadPamplona","twitter_misc":{"Escrito por":"La Gu\u00eda de Pamplona","Tiempo de lectura":"3 minutos"},"schema":{"@context":"https:\/\/schema.org","@graph":[{"@type":"Article","@id":"https:\/\/www.laguiadepamplona.com\/actualidad\/este-mes-de-mayo-dos-conferencias-del-historiador-juan-jose-martinena-abordan-en-condestable-la-formacion-de-los-burgos-medievales\/#article","isPartOf":{"@id":"https:\/\/www.laguiadepamplona.com\/actualidad\/este-mes-de-mayo-dos-conferencias-del-historiador-juan-jose-martinena-abordan-en-condestable-la-formacion-de-los-burgos-medievales\/"},"author":{"name":"La Gu\u00eda de Pamplona","@id":"https:\/\/www.laguiadepamplona.com\/actualidad\/#\/schema\/person\/efe887376f0213d4657c93adc50b1fdb"},"headline":"Este mes de mayo dos conferencias del historiador Juan Jos\u00e9 Martinena abordan en Condestable la formaci\u00f3n de los burgos medievales","datePublished":"2023-05-09T15:27:32+00:00","mainEntityOfPage":{"@id":"https:\/\/www.laguiadepamplona.com\/actualidad\/este-mes-de-mayo-dos-conferencias-del-historiador-juan-jose-martinena-abordan-en-condestable-la-formacion-de-los-burgos-medievales\/"},"wordCount":716,"commentCount":0,"publisher":{"@id":"https:\/\/www.laguiadepamplona.com\/actualidad\/#organization"},"image":{"@id":"https:\/\/www.laguiadepamplona.com\/actualidad\/este-mes-de-mayo-dos-conferencias-del-historiador-juan-jose-martinena-abordan-en-condestable-la-formacion-de-los-burgos-medievales\/#primaryimage"},"thumbnailUrl":"https:\/\/www.laguiadepamplona.com\/actualidad\/wp-content\/uploads\/2023\/01\/ayto600logograndejpg.webp","articleSection":["Ayto Pamplona"],"inLanguage":"es","potentialAction":[{"@type":"CommentAction","name":"Comment","target":["https:\/\/www.laguiadepamplona.com\/actualidad\/este-mes-de-mayo-dos-conferencias-del-historiador-juan-jose-martinena-abordan-en-condestable-la-formacion-de-los-burgos-medievales\/#respond"]}]},{"@type":"WebPage","@id":"https:\/\/www.laguiadepamplona.com\/actualidad\/este-mes-de-mayo-dos-conferencias-del-historiador-juan-jose-martinena-abordan-en-condestable-la-formacion-de-los-burgos-medievales\/","url":"https:\/\/www.laguiadepamplona.com\/actualidad\/este-mes-de-mayo-dos-conferencias-del-historiador-juan-jose-martinena-abordan-en-condestable-la-formacion-de-los-burgos-medievales\/","name":"Este mes de mayo dos conferencias del historiador Juan Jos\u00e9 Martinena abordan en Condestable la formaci\u00f3n de los burgos medievales","isPartOf":{"@id":"https:\/\/www.laguiadepamplona.com\/actualidad\/#website"},"primaryImageOfPage":{"@id":"https:\/\/www.laguiadepamplona.com\/actualidad\/este-mes-de-mayo-dos-conferencias-del-historiador-juan-jose-martinena-abordan-en-condestable-la-formacion-de-los-burgos-medievales\/#primaryimage"},"image":{"@id":"https:\/\/www.laguiadepamplona.com\/actualidad\/este-mes-de-mayo-dos-conferencias-del-historiador-juan-jose-martinena-abordan-en-condestable-la-formacion-de-los-burgos-medievales\/#primaryimage"},"thumbnailUrl":"https:\/\/www.laguiadepamplona.com\/actualidad\/wp-content\/uploads\/2023\/01\/ayto600logograndejpg.webp","datePublished":"2023-05-09T15:27:32+00:00","description":"Es parte del ciclo de sesiones de divulgaci\u00f3n por la conmemoraci\u00f3n del 600 aniversario del otorgamiento a la ciudad del Privilegio de la Uni\u00f3n","breadcrumb":{"@id":"https:\/\/www.laguiadepamplona.com\/actualidad\/este-mes-de-mayo-dos-conferencias-del-historiador-juan-jose-martinena-abordan-en-condestable-la-formacion-de-los-burgos-medievales\/#breadcrumb"},"inLanguage":"es","potentialAction":[{"@type":"ReadAction","target":["https:\/\/www.laguiadepamplona.com\/actualidad\/este-mes-de-mayo-dos-conferencias-del-historiador-juan-jose-martinena-abordan-en-condestable-la-formacion-de-los-burgos-medievales\/"]}]},{"@type":"ImageObject","inLanguage":"es","@id":"https:\/\/www.laguiadepamplona.com\/actualidad\/este-mes-de-mayo-dos-conferencias-del-historiador-juan-jose-martinena-abordan-en-condestable-la-formacion-de-los-burgos-medievales\/#primaryimage","url":"https:\/\/www.laguiadepamplona.com\/actualidad\/wp-content\/uploads\/2023\/01\/ayto600logograndejpg.webp","contentUrl":"https:\/\/www.laguiadepamplona.com\/actualidad\/wp-content\/uploads\/2023\/01\/ayto600logograndejpg.webp","width":1920,"height":1293},{"@type":"BreadcrumbList","@id":"https:\/\/www.laguiadepamplona.com\/actualidad\/este-mes-de-mayo-dos-conferencias-del-historiador-juan-jose-martinena-abordan-en-condestable-la-formacion-de-los-burgos-medievales\/#breadcrumb","itemListElement":[{"@type":"ListItem","position":1,"name":"Portada","item":"https:\/\/www.laguiadepamplona.com\/actualidad\/"},{"@type":"ListItem","position":2,"name":"Este mes de mayo dos conferencias del historiador Juan Jos\u00e9 Martinena abordan en Condestable la formaci\u00f3n de los burgos medievales"}]},{"@type":"WebSite","@id":"https:\/\/www.laguiadepamplona.com\/actualidad\/#website","url":"https:\/\/www.laguiadepamplona.com\/actualidad\/","name":"La gu\u00eda de Pamplona","description":"Noticias de Pamplona","publisher":{"@id":"https:\/\/www.laguiadepamplona.com\/actualidad\/#organization"},"potentialAction":[{"@type":"SearchAction","target":{"@type":"EntryPoint","urlTemplate":"https:\/\/www.laguiadepamplona.com\/actualidad\/?s={search_term_string}"},"query-input":{"@type":"PropertyValueSpecification","valueRequired":true,"valueName":"search_term_string"}}],"inLanguage":"es"},{"@type":"Organization","@id":"https:\/\/www.laguiadepamplona.com\/actualidad\/#organization","name":"La Gu\u00eda de Pamplona \/ Noticias","url":"https:\/\/www.laguiadepamplona.com\/actualidad\/","logo":{"@type":"ImageObject","inLanguage":"es","@id":"https:\/\/www.laguiadepamplona.com\/actualidad\/#\/schema\/logo\/image\/","url":"https:\/\/www.laguiadepamplona.com\/actualidad\/wp-content\/uploads\/2018\/11\/logo-laguiadepamplona18-web1.png","contentUrl":"https:\/\/www.laguiadepamplona.com\/actualidad\/wp-content\/uploads\/2018\/11\/logo-laguiadepamplona18-web1.png","width":600,"height":196,"caption":"La Gu\u00eda de Pamplona \/ Noticias"},"image":{"@id":"https:\/\/www.laguiadepamplona.com\/actualidad\/#\/schema\/logo\/image\/"},"sameAs":["https:\/\/www.facebook.com\/laguiadepamplonacom-133175176762273\/?ref=hl","https:\/\/x.com\/LaGuiadPamplona","https:\/\/www.instagram.com\/la_guia_de_pamplona\/","https:\/\/www.youtube.com\/user\/laguiadepamplona"]},{"@type":"Person","@id":"https:\/\/www.laguiadepamplona.com\/actualidad\/#\/schema\/person\/efe887376f0213d4657c93adc50b1fdb","name":"La Gu\u00eda de Pamplona","image":{"@type":"ImageObject","inLanguage":"es","@id":"https:\/\/secure.gravatar.com\/avatar\/b6992f131dc8d30ab0dff15446e9d346d9dbd95992de0fef795073f5ea83a81c?s=96&d=mm&r=g","url":"https:\/\/secure.gravatar.com\/avatar\/b6992f131dc8d30ab0dff15446e9d346d9dbd95992de0fef795073f5ea83a81c?s=96&d=mm&r=g","contentUrl":"https:\/\/secure.gravatar.com\/avatar\/b6992f131dc8d30ab0dff15446e9d346d9dbd95992de0fef795073f5ea83a81c?s=96&d=mm&r=g","caption":"La Gu\u00eda de Pamplona"}}]}},"post_mailing_queue_ids":[],"_links":{"self":[{"href":"https:\/\/www.laguiadepamplona.com\/actualidad\/wp-json\/wp\/v2\/posts\/46623","targetHints":{"allow":["GET"]}}],"collection":[{"href":"https:\/\/www.laguiadepamplona.com\/actualidad\/wp-json\/wp\/v2\/posts"}],"about":[{"href":"https:\/\/www.laguiadepamplona.com\/actualidad\/wp-json\/wp\/v2\/types\/post"}],"author":[{"embeddable":true,"href":"https:\/\/www.laguiadepamplona.com\/actualidad\/wp-json\/wp\/v2\/users\/1"}],"replies":[{"embeddable":true,"href":"https:\/\/www.laguiadepamplona.com\/actualidad\/wp-json\/wp\/v2\/comments?post=46623"}],"version-history":[{"count":1,"href":"https:\/\/www.laguiadepamplona.com\/actualidad\/wp-json\/wp\/v2\/posts\/46623\/revisions"}],"predecessor-version":[{"id":46624,"href":"https:\/\/www.laguiadepamplona.com\/actualidad\/wp-json\/wp\/v2\/posts\/46623\/revisions\/46624"}],"wp:featuredmedia":[{"embeddable":true,"href":"https:\/\/www.laguiadepamplona.com\/actualidad\/wp-json\/wp\/v2\/media\/42653"}],"wp:attachment":[{"href":"https:\/\/www.laguiadepamplona.com\/actualidad\/wp-json\/wp\/v2\/media?parent=46623"}],"wp:term":[{"taxonomy":"category","embeddable":true,"href":"https:\/\/www.laguiadepamplona.com\/actualidad\/wp-json\/wp\/v2\/categories?post=46623"},{"taxonomy":"post_tag","embeddable":true,"href":"https:\/\/www.laguiadepamplona.com\/actualidad\/wp-json\/wp\/v2\/tags?post=46623"}],"curies":[{"name":"wp","href":"https:\/\/api.w.org\/{rel}","templated":true}]}}