{"id":46616,"date":"2023-05-09T12:06:18","date_gmt":"2023-05-09T10:06:18","guid":{"rendered":"https:\/\/www.laguiadepamplona.com\/actualidad\/?p=46616"},"modified":"2023-05-09T12:15:14","modified_gmt":"2023-05-09T10:15:14","slug":"el-cartel-instante-sera-el-encargado-de-anunciar-las-fiestas-de-san-fermin-este-2023","status":"publish","type":"post","link":"https:\/\/www.laguiadepamplona.com\/actualidad\/el-cartel-instante-sera-el-encargado-de-anunciar-las-fiestas-de-san-fermin-este-2023\/","title":{"rendered":"El cartel \u2018Instante\u2019 ser\u00e1 el encargado de anunciar las fiestas de San Ferm\u00edn este 2023"},"content":{"rendered":"<h3>Elaborado por el navarro Ra\u00fal L\u00f3pez Mart\u00edn, ha obtenido el 30,7% de los 6.242 votos emitidos en la votaci\u00f3n popular<\/h3>\n<p><!--more--><\/p>\n<p>El cartel titulado \u2018Instante\u2019 anunciar\u00e1 las fiestas de San Ferm\u00edn 2023. La imagen, elaborada por el navarro Ra\u00fal L\u00f3pez Mart\u00edn, ha obtenido el mayor n\u00famero de apoyos en la votaci\u00f3n popular. En concreto, el cartel, que ten\u00eda el n\u00famero 8, ha logrado 1.913 votos, el 30,7% de los 6.242 votos emitidos durante los 13 d\u00edas de votaci\u00f3n habilitados en esta edici\u00f3n. El alcalde de Pamplona, Enrique Maya, y el autor del cartel, Ra\u00fal L\u00f3pez, han dado a conocer esta ma\u00f1ana la obra ganadora, descubri\u00e9ndola en presencia de los medios de comunicaci\u00f3n.<br \/>\n<script async src=\"\/\/pagead2.googlesyndication.com\/pagead\/js\/adsbygoogle.js\"><\/script><br \/>\n<!-- Noticias La Guia de Pamplona --><br \/>\n<ins class=\"adsbygoogle\"\nstyle=\"display:block\"\ndata-ad-client=\"ca-pub-6943679897239327\"\ndata-ad-slot=\"7048180777\"\ndata-ad-format=\"auto\"><\/ins><br \/>\n<script>\n(adsbygoogle = window.adsbygoogle || []).push({});\n<\/script><\/p>\n<p>\u2018Instante\u2019 representa un momento de una carrera de un mozo en el encierro, junto a un toro. Fue seleccionado por el jurado profesional como finalista del concurso de carteles de San Ferm\u00edn 2023 \u201cpor su equilibrada composici\u00f3n y por transmitir el movimiento y la explosividad del encierro mediante las salpicaduras de dos \u00fanicas tintas, rojo y negro\u201d. El resultado, a\u00f1ad\u00eda el jurado, ofrece una imagen \u201cde gran frescura, dinamismo, tensi\u00f3n y fuerza\u201d. El autor, Ra\u00fal L\u00f3pez, eligi\u00f3 \u2018Instante\u2019 como el t\u00edtulo de la obra por ser \u201cun periodo muy breve, casi imperceptible, en el que sucede algo; y \u00e9ste es un instante de la fiesta\u201d.<\/p>\n<p>Ra\u00fal L\u00f3pez Mart\u00edn, vecino de Estella desde los seis a\u00f1os, aunque naci\u00f3 en Barakaldo (Vizcaya) en 1971, es licenciado en Bellas Artes por la Universidad del Pa\u00eds Vasco, y se ha especializado como dise\u00f1ador gr\u00e1fico e ilustrador. Si bien actualmente trabaja en una empresa de log\u00edstica, mantiene su pasi\u00f3n por el dise\u00f1o, lo que le ha llevado a lograr, a lo largo de su carrera, m\u00e1s de 200 premios en concursos de carteles, dibujo, dise\u00f1o y pintura en Pa\u00eds Vasco, Catalu\u00f1a, La Rioja y Navarra, entre otros. En los \u00faltimos a\u00f1os ha obtenido el primer premio en los carteles de fiestas de localidades como Tafalla, Ler\u00edn, Ayegui, Huarte, Bara\u00f1\u00e1in, Alsasua, Larraga y Villava. Su experiencia en el concurso de carteles de San Ferm\u00edn no es nueva. Ya hab\u00eda participado en el a\u00f1o 2019, justo antes de la pandemia del COVID-19.<br \/>\n<script async src=\"\/\/pagead2.googlesyndication.com\/pagead\/js\/adsbygoogle.js\"><\/script><br \/>\n<!-- Noticias La Guia de Pamplona --><br \/>\n<ins class=\"adsbygoogle\"\nstyle=\"display:block\"\ndata-ad-client=\"ca-pub-6943679897239327\"\ndata-ad-slot=\"7048180777\"\ndata-ad-format=\"auto\"><\/ins><br \/>\n<script>\n(adsbygoogle = window.adsbygoogle || []).push({});\n<\/script><\/p>\n<p><strong>Trece d\u00edas de votaci\u00f3n<\/strong><\/p>\n<p>En esta ocasi\u00f3n, tras la selecci\u00f3n del jurado de las diez obras finalistas, la poblaci\u00f3n empadronada en Pamplona dispuso de trece d\u00edas para votar aquella imagen que, a su juicio, mejor representara los Sanfermines. Desde el d\u00eda 20 de abril hasta el pasado 2 de mayo, se emitieron un total de 6.242 votos, a trav\u00e9s de la web, el tel\u00e9fono 010 y de forma presencial en las urnas instaladas en los Civivox de la ciudad. La cifra ha sido similar a las registradas en los a\u00f1os previos a la pandemia, salvo 2019, cuando la participaci\u00f3n se dispar\u00f3 al participar en el concurso una obra de un centro educativo. Precisamente para no condicionar la participaci\u00f3n, en esta ocasi\u00f3n se ha exigido el anonimato de las obras durante todo el proceso, hasta el d\u00eda de hoy, que es cuando se da a conocer el cartel ganador.<\/p>\n<p>Como viene siendo habitual, la v\u00eda m\u00e1s utilizada para votar ha sido la web municipal, donde se han registrado 3.945 votos v\u00e1lidos de los 6.242 recibidos, es decir, un 63,2%. El voto presencial en la red Civivox ha ascendido a 2.182, un 34,9%. Por su parte, a trav\u00e9s del 010 se han emitido un total de 115 votos, lo que representa un 1,8% de los votos v\u00e1lidos recibidos.<\/p>\n<p><script async src=\"\/\/pagead2.googlesyndication.com\/pagead\/js\/adsbygoogle.js\"><\/script><br \/>\n<!-- Noticias La Guia de Pamplona --><br \/>\n<ins class=\"adsbygoogle\"\nstyle=\"display:block\"\ndata-ad-client=\"ca-pub-6943679897239327\"\ndata-ad-slot=\"7048180777\"\ndata-ad-format=\"auto\"><\/ins><br \/>\n<script>\n(adsbygoogle = window.adsbygoogle || []).push({});\n<\/script><\/p>\n<p>En el recuento final se aprecia la preferencia del p\u00fablico por tres de las obras presentadas. \u2018Instante\u2019 ha acaparado el grueso de los votos, hasta el punto de que tres de cada diez votos han sido para esta obra. En segunda posici\u00f3n ha quedado el cartel n\u00famero 1, titulado \u2018204 horas\u2019 de Alfredo Le\u00f3n Ma\u00f1\u00fa, con 1.551 votos, un 24,9%. En tercera posici\u00f3n se ha situado el cartel n\u00famero 2, que lleva por t\u00edtulo \u2018Nueve letras, nueve d\u00edas, nueve emblemas\u2019, de Mart\u00edn Lasaga Cort\u00e9s, con 897 votos, un 14,4%.<\/p>\n<p>El resto de carteles han obtenido menos de un 10% de los apoyos populares. En este sentido, la cuarta posici\u00f3n ha reca\u00eddo en el cartel n\u00famero 3, \u2018Chupinazo\u2019, de Sergio Santesteban Martinez, que ha logrado 465 votos (un 7,5%). El quinto cartel en n\u00famero de votos es para el n\u00famero 7, \u2018Kiliki-ki\u2019, de Alvaro Sesma Telleria, con 436 (un 6,9 %). Los restantes votos han ido a parar al n\u00famero 5, \u2018Seguimos\u2019, Jos\u00e9 Mar\u00eda Chow Casas, con 349 votos (5,6%); al n\u00famero 6, \u2018Euforia\u2019, Edurne Tainta Balda, con 278 votos (4,5%); al n\u00famero 4, \u2018El color del a\u00f1o\u2019, Andrea Vigor Velasco, con 159 votos (2,6%); al n\u00famero 10, \u2018Tipazo\u2019, de Antoni Pont\u00ed Ibars, con 102 votos (1,6%) y al n\u00famero 9, \u2018Los vanguardistas\u2019, de Christian Garrido \u00c1lvarez, con 92 votos recibidos (1,5%).<br \/>\n<script async src=\"\/\/pagead2.googlesyndication.com\/pagead\/js\/adsbygoogle.js\"><\/script><br \/>\n<!-- Noticias La Guia de Pamplona --><br \/>\n<ins class=\"adsbygoogle\"\nstyle=\"display:block\"\ndata-ad-client=\"ca-pub-6943679897239327\"\ndata-ad-slot=\"7048180777\"\ndata-ad-format=\"auto\"><\/ins><br \/>\n<script>\n(adsbygoogle = window.adsbygoogle || []).push({});\n<\/script><\/p>\n<p>&nbsp;<\/p>\n<h3>Votaci\u00f3n popular elecci\u00f3n del cartel de San Ferm\u00edn 2023<\/h3>\n<ul>\n<li><strong>Votos v\u00e1lidos registrados<\/strong><\/li>\n<\/ul>\n<p><strong>\u00a0<\/strong><\/p>\n<table width=\"259\">\n<tbody>\n<tr>\n<td width=\"80\">&nbsp;<\/td>\n<td width=\"101\"><strong>TOTAL<\/strong><\/td>\n<td width=\"78\"><strong>%<\/strong><\/td>\n<\/tr>\n<tr>\n<td width=\"80\">N\u00ba 1<\/td>\n<td width=\"101\"><strong>1.551<\/strong><\/td>\n<td width=\"78\">24,9%<\/td>\n<\/tr>\n<tr>\n<td width=\"80\">N\u00ba 2<\/td>\n<td width=\"101\"><strong>897<\/strong><\/td>\n<td width=\"78\">14,4%<\/td>\n<\/tr>\n<tr>\n<td width=\"80\">N\u00ba 3<\/td>\n<td width=\"101\"><strong>465<\/strong><\/td>\n<td width=\"78\">7,5 %<\/td>\n<\/tr>\n<tr>\n<td width=\"80\">N\u00ba 4<\/td>\n<td width=\"101\"><strong>159<\/strong><\/td>\n<td width=\"78\">2,6%<\/td>\n<\/tr>\n<tr>\n<td width=\"80\">N\u00ba 5<\/td>\n<td width=\"101\"><strong>349<\/strong><\/td>\n<td width=\"78\">5,6%<\/td>\n<\/tr>\n<tr>\n<td width=\"80\">N\u00ba 6<\/td>\n<td width=\"101\"><strong>278<\/strong><\/td>\n<td width=\"78\">4,5%<\/td>\n<\/tr>\n<tr>\n<td width=\"80\">N\u00ba 7<\/td>\n<td width=\"101\"><strong>436<\/strong><\/td>\n<td width=\"78\">6,9%<\/td>\n<\/tr>\n<tr>\n<td width=\"80\">N\u00ba 8<\/td>\n<td width=\"101\"><strong>1.913<\/strong><\/td>\n<td width=\"78\">30,7%<\/td>\n<\/tr>\n<tr>\n<td width=\"80\">N\u00ba 9<\/td>\n<td width=\"101\"><strong>92<\/strong><\/td>\n<td width=\"78\">1,5%<\/td>\n<\/tr>\n<tr>\n<td width=\"80\">N\u00ba 10<\/td>\n<td width=\"101\"><strong>102<\/strong><\/td>\n<td width=\"78\">1,6%<\/td>\n<\/tr>\n<tr>\n<td width=\"80\"><strong>TOTAL<\/strong><\/td>\n<td width=\"101\"><strong>6.242<\/strong><\/td>\n<td width=\"78\"><strong>100%<\/strong><\/td>\n<\/tr>\n<\/tbody>\n<\/table>\n<p>&nbsp;<\/p>\n<ul>\n<li><strong>Anteriores votaciones populares<\/strong><\/li>\n<\/ul>\n<p><script async src=\"\/\/pagead2.googlesyndication.com\/pagead\/js\/adsbygoogle.js\"><\/script><br \/>\n<!-- Noticias La Guia de Pamplona --><br \/>\n<ins class=\"adsbygoogle\"\nstyle=\"display:block\"\ndata-ad-client=\"ca-pub-6943679897239327\"\ndata-ad-slot=\"7048180777\"\ndata-ad-format=\"auto\"><\/ins><br \/>\n<script>\n(adsbygoogle = window.adsbygoogle || []).push({});\n<\/script><\/p>\n<p>&nbsp;<\/p>\n<table width=\"487\">\n<tbody>\n<tr>\n<td width=\"64\"><strong>A\u00f1o<\/strong><\/td>\n<td width=\"46\"><strong>2013<\/strong><\/td>\n<td width=\"46\"><strong>2014<\/strong><\/td>\n<td width=\"46\"><strong>2015<\/strong><\/td>\n<td width=\"46\"><strong>2016<\/strong><\/td>\n<td width=\"46\"><strong>2017<\/strong><\/td>\n<td width=\"46\"><strong>2018<\/strong><\/td>\n<td width=\"54\"><strong>2019<\/strong><\/td>\n<td width=\"46\"><strong>2022<\/strong><\/td>\n<td width=\"46\"><strong>2023<\/strong><\/td>\n<\/tr>\n<tr>\n<td width=\"64\">Votos emitidos<\/td>\n<td width=\"46\">4.964<\/td>\n<td width=\"46\">3.474<\/td>\n<td width=\"46\">5.124<\/td>\n<td width=\"46\">6.078<\/td>\n<td width=\"46\">5.682<\/td>\n<td width=\"46\">6.511<\/td>\n<td width=\"54\">10.629<\/td>\n<td width=\"46\">8.191<\/td>\n<td width=\"46\">6.242<\/td>\n<\/tr>\n<tr>\n<td width=\"64\">D\u00edas votaci\u00f3n<\/td>\n<td width=\"46\">19<\/td>\n<td width=\"46\">19<\/td>\n<td width=\"46\">12<\/td>\n<td width=\"46\">12<\/td>\n<td width=\"46\">17<\/td>\n<td width=\"46\">13<\/td>\n<td width=\"54\">15<\/td>\n<td width=\"46\">10<\/td>\n<td width=\"46\">13<\/td>\n<\/tr>\n<tr>\n<td width=\"64\">Media diaria votos<\/td>\n<td width=\"46\">261,2<\/td>\n<td width=\"46\">182,8<\/td>\n<td width=\"46\">427,0<\/td>\n<td width=\"46\">506,5<\/td>\n<td width=\"46\">334,2<\/td>\n<td width=\"46\">500,8<\/td>\n<td width=\"54\">708,6<\/td>\n<td width=\"46\">819,1<\/td>\n<td width=\"46\">480,1<\/td>\n<\/tr>\n<\/tbody>\n<\/table>\n<p>&nbsp;<\/p>\n<p>&nbsp;<\/p>\n<ul>\n<li><strong>Carteles finalistas 2023\n<p><\/strong><\/p>\n<ul>\n<li>N\u00ba 1. Plica 1.039. \u2018204 horas\u2019. Alfredo Le\u00f3n Ma\u00f1\u00fa. (Navarra)<\/li>\n<li>N\u00ba 2. Plica 1.096. \u2018Nueve letras, nueve d\u00edas, nueve emblemas\u2019. Mart\u00edn Lasaga Cort\u00e9s. (Navarra)<\/li>\n<li>N\u00ba 3. Plica 1.141. \u2018Chupinazo\u2019. Sergio Santesteban Martinez. (Navarra)<\/li>\n<li>N\u00ba 4. Plica 1.161. \u2018El color del a\u00f1o\u2019. Andrea Vigor Velasco. (Navarra)<\/li>\n<li>N\u00ba 5. Plica 1.171. \u2018Seguimos\u2019. Jos\u00e9 Mar\u00eda Chow Casas. (Navarra)<\/li>\n<li>N\u00ba 6. Plica 1.329. \u2018Euforia\u2019. Edurne Tainta Balda. (Navarra)<\/li>\n<li>N\u00ba 7. Plica 1.411. \u2018Kiliki-ki\u2019. Alvaro Sesma Telleria. (Navarra)<\/li>\n<li>N\u00ba 8. Plica 1.433. \u2018Instante\u2019. Ra\u00fal L\u00f3pez Mart\u00edn (Navarra)<\/li>\n<li>N\u00ba 9. Plica 1.458. \u2018Los vanguardistas\u2019. Christian Garrido \u00c1lvarez. (Zaragoza)<\/li>\n<li>N\u00ba 10. Plica 1.533. \u2018Tipazo\u2019. Antoni Pont\u00ed Ibars. (Tarragona)<\/li>\n<\/ul>\n<\/li>\n<\/ul>\n<p>&nbsp;<\/p>\n","protected":false},"excerpt":{"rendered":"<p>Elaborado por el navarro Ra\u00fal L\u00f3pez Mart\u00edn, ha obtenido el 30,7% de los 6.242 votos emitidos en la votaci\u00f3n popular<\/p>\n","protected":false},"author":1,"featured_media":46617,"comment_status":"open","ping_status":"closed","sticky":false,"template":"","format":"standard","meta":{"footnotes":""},"categories":[2,9406],"tags":[],"class_list":["post-46616","post","type-post","status-publish","format-standard","has-post-thumbnail","hentry","category-ayuntamiento-pamplona","category-san-fermin"],"yoast_head":"<!-- This site is optimized with the Yoast SEO plugin v27.3 - https:\/\/yoast.com\/product\/yoast-seo-wordpress\/ -->\n<title>El cartel \u2018Instante\u2019 ser\u00e1 el encargado de anunciar las fiestas de San Ferm\u00edn este 2023<\/title>\n<meta name=\"description\" content=\"Elaborado por el navarro Ra\u00fal L\u00f3pez Mart\u00edn, ha obtenido el 30,7% de los 6.242 votos emitidos en la votaci\u00f3n popular\" \/>\n<meta name=\"robots\" content=\"index, follow, max-snippet:-1, max-image-preview:large, max-video-preview:-1\" \/>\n<link rel=\"canonical\" href=\"https:\/\/www.laguiadepamplona.com\/actualidad\/el-cartel-instante-sera-el-encargado-de-anunciar-las-fiestas-de-san-fermin-este-2023\/\" \/>\n<meta property=\"og:locale\" content=\"es_ES\" \/>\n<meta property=\"og:type\" content=\"article\" \/>\n<meta property=\"og:title\" content=\"El cartel \u2018Instante\u2019 ser\u00e1 el encargado de anunciar las fiestas de San Ferm\u00edn este 2023\" \/>\n<meta property=\"og:description\" content=\"Elaborado por el navarro Ra\u00fal L\u00f3pez Mart\u00edn, ha obtenido el 30,7% de los 6.242 votos emitidos en la votaci\u00f3n popular\" \/>\n<meta property=\"og:url\" content=\"https:\/\/www.laguiadepamplona.com\/actualidad\/el-cartel-instante-sera-el-encargado-de-anunciar-las-fiestas-de-san-fermin-este-2023\/\" \/>\n<meta property=\"og:site_name\" content=\"La Gu\u00eda de Pamplona\" \/>\n<meta property=\"article:publisher\" content=\"https:\/\/www.facebook.com\/laguiadepamplonacom-133175176762273\/?ref=hl\" \/>\n<meta property=\"article:published_time\" content=\"2023-05-09T10:06:18+00:00\" \/>\n<meta property=\"article:modified_time\" content=\"2023-05-09T10:15:14+00:00\" \/>\n<meta property=\"og:image\" content=\"https:\/\/www.laguiadepamplona.com\/actualidad\/wp-content\/uploads\/2023\/05\/20230509-cartel-san-fermin-2023-q5a8193.webp\" \/>\n\t<meta property=\"og:image:width\" content=\"1920\" \/>\n\t<meta property=\"og:image:height\" content=\"1281\" \/>\n\t<meta property=\"og:image:type\" content=\"image\/webp\" \/>\n<meta name=\"author\" content=\"La Gu\u00eda de Pamplona\" \/>\n<meta name=\"twitter:card\" content=\"summary_large_image\" \/>\n<meta name=\"twitter:creator\" content=\"@LaGuiadPamplona\" \/>\n<meta name=\"twitter:site\" content=\"@LaGuiadPamplona\" \/>\n<meta name=\"twitter:label1\" content=\"Escrito por\" \/>\n\t<meta name=\"twitter:data1\" content=\"La Gu\u00eda de Pamplona\" \/>\n\t<meta name=\"twitter:label2\" content=\"Tiempo de lectura\" \/>\n\t<meta name=\"twitter:data2\" content=\"5 minutos\" \/>\n<script type=\"application\/ld+json\" class=\"yoast-schema-graph\">{\"@context\":\"https:\\\/\\\/schema.org\",\"@graph\":[{\"@type\":\"Article\",\"@id\":\"https:\\\/\\\/www.laguiadepamplona.com\\\/actualidad\\\/el-cartel-instante-sera-el-encargado-de-anunciar-las-fiestas-de-san-fermin-este-2023\\\/#article\",\"isPartOf\":{\"@id\":\"https:\\\/\\\/www.laguiadepamplona.com\\\/actualidad\\\/el-cartel-instante-sera-el-encargado-de-anunciar-las-fiestas-de-san-fermin-este-2023\\\/\"},\"author\":{\"name\":\"La Gu\u00eda de Pamplona\",\"@id\":\"https:\\\/\\\/www.laguiadepamplona.com\\\/actualidad\\\/#\\\/schema\\\/person\\\/efe887376f0213d4657c93adc50b1fdb\"},\"headline\":\"El cartel \u2018Instante\u2019 ser\u00e1 el encargado de anunciar las fiestas de San Ferm\u00edn este 2023\",\"datePublished\":\"2023-05-09T10:06:18+00:00\",\"dateModified\":\"2023-05-09T10:15:14+00:00\",\"mainEntityOfPage\":{\"@id\":\"https:\\\/\\\/www.laguiadepamplona.com\\\/actualidad\\\/el-cartel-instante-sera-el-encargado-de-anunciar-las-fiestas-de-san-fermin-este-2023\\\/\"},\"wordCount\":981,\"commentCount\":0,\"publisher\":{\"@id\":\"https:\\\/\\\/www.laguiadepamplona.com\\\/actualidad\\\/#organization\"},\"image\":{\"@id\":\"https:\\\/\\\/www.laguiadepamplona.com\\\/actualidad\\\/el-cartel-instante-sera-el-encargado-de-anunciar-las-fiestas-de-san-fermin-este-2023\\\/#primaryimage\"},\"thumbnailUrl\":\"https:\\\/\\\/www.laguiadepamplona.com\\\/actualidad\\\/wp-content\\\/uploads\\\/2023\\\/05\\\/20230509-cartel-san-fermin-2023-q5a8193.webp\",\"articleSection\":[\"Ayto Pamplona\",\"San Ferm\u00edn\"],\"inLanguage\":\"es\",\"potentialAction\":[{\"@type\":\"CommentAction\",\"name\":\"Comment\",\"target\":[\"https:\\\/\\\/www.laguiadepamplona.com\\\/actualidad\\\/el-cartel-instante-sera-el-encargado-de-anunciar-las-fiestas-de-san-fermin-este-2023\\\/#respond\"]}]},{\"@type\":\"WebPage\",\"@id\":\"https:\\\/\\\/www.laguiadepamplona.com\\\/actualidad\\\/el-cartel-instante-sera-el-encargado-de-anunciar-las-fiestas-de-san-fermin-este-2023\\\/\",\"url\":\"https:\\\/\\\/www.laguiadepamplona.com\\\/actualidad\\\/el-cartel-instante-sera-el-encargado-de-anunciar-las-fiestas-de-san-fermin-este-2023\\\/\",\"name\":\"El cartel \u2018Instante\u2019 ser\u00e1 el encargado de anunciar las fiestas de San Ferm\u00edn este 2023\",\"isPartOf\":{\"@id\":\"https:\\\/\\\/www.laguiadepamplona.com\\\/actualidad\\\/#website\"},\"primaryImageOfPage\":{\"@id\":\"https:\\\/\\\/www.laguiadepamplona.com\\\/actualidad\\\/el-cartel-instante-sera-el-encargado-de-anunciar-las-fiestas-de-san-fermin-este-2023\\\/#primaryimage\"},\"image\":{\"@id\":\"https:\\\/\\\/www.laguiadepamplona.com\\\/actualidad\\\/el-cartel-instante-sera-el-encargado-de-anunciar-las-fiestas-de-san-fermin-este-2023\\\/#primaryimage\"},\"thumbnailUrl\":\"https:\\\/\\\/www.laguiadepamplona.com\\\/actualidad\\\/wp-content\\\/uploads\\\/2023\\\/05\\\/20230509-cartel-san-fermin-2023-q5a8193.webp\",\"datePublished\":\"2023-05-09T10:06:18+00:00\",\"dateModified\":\"2023-05-09T10:15:14+00:00\",\"description\":\"Elaborado por el navarro Ra\u00fal L\u00f3pez Mart\u00edn, ha obtenido el 30,7% de los 6.242 votos emitidos en la votaci\u00f3n popular\",\"breadcrumb\":{\"@id\":\"https:\\\/\\\/www.laguiadepamplona.com\\\/actualidad\\\/el-cartel-instante-sera-el-encargado-de-anunciar-las-fiestas-de-san-fermin-este-2023\\\/#breadcrumb\"},\"inLanguage\":\"es\",\"potentialAction\":[{\"@type\":\"ReadAction\",\"target\":[\"https:\\\/\\\/www.laguiadepamplona.com\\\/actualidad\\\/el-cartel-instante-sera-el-encargado-de-anunciar-las-fiestas-de-san-fermin-este-2023\\\/\"]}]},{\"@type\":\"ImageObject\",\"inLanguage\":\"es\",\"@id\":\"https:\\\/\\\/www.laguiadepamplona.com\\\/actualidad\\\/el-cartel-instante-sera-el-encargado-de-anunciar-las-fiestas-de-san-fermin-este-2023\\\/#primaryimage\",\"url\":\"https:\\\/\\\/www.laguiadepamplona.com\\\/actualidad\\\/wp-content\\\/uploads\\\/2023\\\/05\\\/20230509-cartel-san-fermin-2023-q5a8193.webp\",\"contentUrl\":\"https:\\\/\\\/www.laguiadepamplona.com\\\/actualidad\\\/wp-content\\\/uploads\\\/2023\\\/05\\\/20230509-cartel-san-fermin-2023-q5a8193.webp\",\"width\":1920,\"height\":1281},{\"@type\":\"BreadcrumbList\",\"@id\":\"https:\\\/\\\/www.laguiadepamplona.com\\\/actualidad\\\/el-cartel-instante-sera-el-encargado-de-anunciar-las-fiestas-de-san-fermin-este-2023\\\/#breadcrumb\",\"itemListElement\":[{\"@type\":\"ListItem\",\"position\":1,\"name\":\"Portada\",\"item\":\"https:\\\/\\\/www.laguiadepamplona.com\\\/actualidad\\\/\"},{\"@type\":\"ListItem\",\"position\":2,\"name\":\"El cartel \u2018Instante\u2019 ser\u00e1 el encargado de anunciar las fiestas de San Ferm\u00edn este 2023\"}]},{\"@type\":\"WebSite\",\"@id\":\"https:\\\/\\\/www.laguiadepamplona.com\\\/actualidad\\\/#website\",\"url\":\"https:\\\/\\\/www.laguiadepamplona.com\\\/actualidad\\\/\",\"name\":\"La gu\u00eda de Pamplona\",\"description\":\"Noticias de Pamplona\",\"publisher\":{\"@id\":\"https:\\\/\\\/www.laguiadepamplona.com\\\/actualidad\\\/#organization\"},\"potentialAction\":[{\"@type\":\"SearchAction\",\"target\":{\"@type\":\"EntryPoint\",\"urlTemplate\":\"https:\\\/\\\/www.laguiadepamplona.com\\\/actualidad\\\/?s={search_term_string}\"},\"query-input\":{\"@type\":\"PropertyValueSpecification\",\"valueRequired\":true,\"valueName\":\"search_term_string\"}}],\"inLanguage\":\"es\"},{\"@type\":\"Organization\",\"@id\":\"https:\\\/\\\/www.laguiadepamplona.com\\\/actualidad\\\/#organization\",\"name\":\"La Gu\u00eda de Pamplona \\\/ Noticias\",\"url\":\"https:\\\/\\\/www.laguiadepamplona.com\\\/actualidad\\\/\",\"logo\":{\"@type\":\"ImageObject\",\"inLanguage\":\"es\",\"@id\":\"https:\\\/\\\/www.laguiadepamplona.com\\\/actualidad\\\/#\\\/schema\\\/logo\\\/image\\\/\",\"url\":\"https:\\\/\\\/www.laguiadepamplona.com\\\/actualidad\\\/wp-content\\\/uploads\\\/2018\\\/11\\\/logo-laguiadepamplona18-web1.png\",\"contentUrl\":\"https:\\\/\\\/www.laguiadepamplona.com\\\/actualidad\\\/wp-content\\\/uploads\\\/2018\\\/11\\\/logo-laguiadepamplona18-web1.png\",\"width\":600,\"height\":196,\"caption\":\"La Gu\u00eda de Pamplona \\\/ Noticias\"},\"image\":{\"@id\":\"https:\\\/\\\/www.laguiadepamplona.com\\\/actualidad\\\/#\\\/schema\\\/logo\\\/image\\\/\"},\"sameAs\":[\"https:\\\/\\\/www.facebook.com\\\/laguiadepamplonacom-133175176762273\\\/?ref=hl\",\"https:\\\/\\\/x.com\\\/LaGuiadPamplona\",\"https:\\\/\\\/www.instagram.com\\\/la_guia_de_pamplona\\\/\",\"https:\\\/\\\/www.youtube.com\\\/user\\\/laguiadepamplona\"]},{\"@type\":\"Person\",\"@id\":\"https:\\\/\\\/www.laguiadepamplona.com\\\/actualidad\\\/#\\\/schema\\\/person\\\/efe887376f0213d4657c93adc50b1fdb\",\"name\":\"La Gu\u00eda de Pamplona\",\"image\":{\"@type\":\"ImageObject\",\"inLanguage\":\"es\",\"@id\":\"https:\\\/\\\/secure.gravatar.com\\\/avatar\\\/b6992f131dc8d30ab0dff15446e9d346d9dbd95992de0fef795073f5ea83a81c?s=96&d=mm&r=g\",\"url\":\"https:\\\/\\\/secure.gravatar.com\\\/avatar\\\/b6992f131dc8d30ab0dff15446e9d346d9dbd95992de0fef795073f5ea83a81c?s=96&d=mm&r=g\",\"contentUrl\":\"https:\\\/\\\/secure.gravatar.com\\\/avatar\\\/b6992f131dc8d30ab0dff15446e9d346d9dbd95992de0fef795073f5ea83a81c?s=96&d=mm&r=g\",\"caption\":\"La Gu\u00eda de Pamplona\"}}]}<\/script>\n<!-- \/ Yoast SEO plugin. -->","yoast_head_json":{"title":"El cartel \u2018Instante\u2019 ser\u00e1 el encargado de anunciar las fiestas de San Ferm\u00edn este 2023","description":"Elaborado por el navarro Ra\u00fal L\u00f3pez Mart\u00edn, ha obtenido el 30,7% de los 6.242 votos emitidos en la votaci\u00f3n popular","robots":{"index":"index","follow":"follow","max-snippet":"max-snippet:-1","max-image-preview":"max-image-preview:large","max-video-preview":"max-video-preview:-1"},"canonical":"https:\/\/www.laguiadepamplona.com\/actualidad\/el-cartel-instante-sera-el-encargado-de-anunciar-las-fiestas-de-san-fermin-este-2023\/","og_locale":"es_ES","og_type":"article","og_title":"El cartel \u2018Instante\u2019 ser\u00e1 el encargado de anunciar las fiestas de San Ferm\u00edn este 2023","og_description":"Elaborado por el navarro Ra\u00fal L\u00f3pez Mart\u00edn, ha obtenido el 30,7% de los 6.242 votos emitidos en la votaci\u00f3n popular","og_url":"https:\/\/www.laguiadepamplona.com\/actualidad\/el-cartel-instante-sera-el-encargado-de-anunciar-las-fiestas-de-san-fermin-este-2023\/","og_site_name":"La Gu\u00eda de Pamplona","article_publisher":"https:\/\/www.facebook.com\/laguiadepamplonacom-133175176762273\/?ref=hl","article_published_time":"2023-05-09T10:06:18+00:00","article_modified_time":"2023-05-09T10:15:14+00:00","og_image":[{"width":1920,"height":1281,"url":"https:\/\/www.laguiadepamplona.com\/actualidad\/wp-content\/uploads\/2023\/05\/20230509-cartel-san-fermin-2023-q5a8193.webp","type":"image\/webp"}],"author":"La Gu\u00eda de Pamplona","twitter_card":"summary_large_image","twitter_creator":"@LaGuiadPamplona","twitter_site":"@LaGuiadPamplona","twitter_misc":{"Escrito por":"La Gu\u00eda de Pamplona","Tiempo de lectura":"5 minutos"},"schema":{"@context":"https:\/\/schema.org","@graph":[{"@type":"Article","@id":"https:\/\/www.laguiadepamplona.com\/actualidad\/el-cartel-instante-sera-el-encargado-de-anunciar-las-fiestas-de-san-fermin-este-2023\/#article","isPartOf":{"@id":"https:\/\/www.laguiadepamplona.com\/actualidad\/el-cartel-instante-sera-el-encargado-de-anunciar-las-fiestas-de-san-fermin-este-2023\/"},"author":{"name":"La Gu\u00eda de Pamplona","@id":"https:\/\/www.laguiadepamplona.com\/actualidad\/#\/schema\/person\/efe887376f0213d4657c93adc50b1fdb"},"headline":"El cartel \u2018Instante\u2019 ser\u00e1 el encargado de anunciar las fiestas de San Ferm\u00edn este 2023","datePublished":"2023-05-09T10:06:18+00:00","dateModified":"2023-05-09T10:15:14+00:00","mainEntityOfPage":{"@id":"https:\/\/www.laguiadepamplona.com\/actualidad\/el-cartel-instante-sera-el-encargado-de-anunciar-las-fiestas-de-san-fermin-este-2023\/"},"wordCount":981,"commentCount":0,"publisher":{"@id":"https:\/\/www.laguiadepamplona.com\/actualidad\/#organization"},"image":{"@id":"https:\/\/www.laguiadepamplona.com\/actualidad\/el-cartel-instante-sera-el-encargado-de-anunciar-las-fiestas-de-san-fermin-este-2023\/#primaryimage"},"thumbnailUrl":"https:\/\/www.laguiadepamplona.com\/actualidad\/wp-content\/uploads\/2023\/05\/20230509-cartel-san-fermin-2023-q5a8193.webp","articleSection":["Ayto Pamplona","San Ferm\u00edn"],"inLanguage":"es","potentialAction":[{"@type":"CommentAction","name":"Comment","target":["https:\/\/www.laguiadepamplona.com\/actualidad\/el-cartel-instante-sera-el-encargado-de-anunciar-las-fiestas-de-san-fermin-este-2023\/#respond"]}]},{"@type":"WebPage","@id":"https:\/\/www.laguiadepamplona.com\/actualidad\/el-cartel-instante-sera-el-encargado-de-anunciar-las-fiestas-de-san-fermin-este-2023\/","url":"https:\/\/www.laguiadepamplona.com\/actualidad\/el-cartel-instante-sera-el-encargado-de-anunciar-las-fiestas-de-san-fermin-este-2023\/","name":"El cartel \u2018Instante\u2019 ser\u00e1 el encargado de anunciar las fiestas de San Ferm\u00edn este 2023","isPartOf":{"@id":"https:\/\/www.laguiadepamplona.com\/actualidad\/#website"},"primaryImageOfPage":{"@id":"https:\/\/www.laguiadepamplona.com\/actualidad\/el-cartel-instante-sera-el-encargado-de-anunciar-las-fiestas-de-san-fermin-este-2023\/#primaryimage"},"image":{"@id":"https:\/\/www.laguiadepamplona.com\/actualidad\/el-cartel-instante-sera-el-encargado-de-anunciar-las-fiestas-de-san-fermin-este-2023\/#primaryimage"},"thumbnailUrl":"https:\/\/www.laguiadepamplona.com\/actualidad\/wp-content\/uploads\/2023\/05\/20230509-cartel-san-fermin-2023-q5a8193.webp","datePublished":"2023-05-09T10:06:18+00:00","dateModified":"2023-05-09T10:15:14+00:00","description":"Elaborado por el navarro Ra\u00fal L\u00f3pez Mart\u00edn, ha obtenido el 30,7% de los 6.242 votos emitidos en la votaci\u00f3n popular","breadcrumb":{"@id":"https:\/\/www.laguiadepamplona.com\/actualidad\/el-cartel-instante-sera-el-encargado-de-anunciar-las-fiestas-de-san-fermin-este-2023\/#breadcrumb"},"inLanguage":"es","potentialAction":[{"@type":"ReadAction","target":["https:\/\/www.laguiadepamplona.com\/actualidad\/el-cartel-instante-sera-el-encargado-de-anunciar-las-fiestas-de-san-fermin-este-2023\/"]}]},{"@type":"ImageObject","inLanguage":"es","@id":"https:\/\/www.laguiadepamplona.com\/actualidad\/el-cartel-instante-sera-el-encargado-de-anunciar-las-fiestas-de-san-fermin-este-2023\/#primaryimage","url":"https:\/\/www.laguiadepamplona.com\/actualidad\/wp-content\/uploads\/2023\/05\/20230509-cartel-san-fermin-2023-q5a8193.webp","contentUrl":"https:\/\/www.laguiadepamplona.com\/actualidad\/wp-content\/uploads\/2023\/05\/20230509-cartel-san-fermin-2023-q5a8193.webp","width":1920,"height":1281},{"@type":"BreadcrumbList","@id":"https:\/\/www.laguiadepamplona.com\/actualidad\/el-cartel-instante-sera-el-encargado-de-anunciar-las-fiestas-de-san-fermin-este-2023\/#breadcrumb","itemListElement":[{"@type":"ListItem","position":1,"name":"Portada","item":"https:\/\/www.laguiadepamplona.com\/actualidad\/"},{"@type":"ListItem","position":2,"name":"El cartel \u2018Instante\u2019 ser\u00e1 el encargado de anunciar las fiestas de San Ferm\u00edn este 2023"}]},{"@type":"WebSite","@id":"https:\/\/www.laguiadepamplona.com\/actualidad\/#website","url":"https:\/\/www.laguiadepamplona.com\/actualidad\/","name":"La gu\u00eda de Pamplona","description":"Noticias de Pamplona","publisher":{"@id":"https:\/\/www.laguiadepamplona.com\/actualidad\/#organization"},"potentialAction":[{"@type":"SearchAction","target":{"@type":"EntryPoint","urlTemplate":"https:\/\/www.laguiadepamplona.com\/actualidad\/?s={search_term_string}"},"query-input":{"@type":"PropertyValueSpecification","valueRequired":true,"valueName":"search_term_string"}}],"inLanguage":"es"},{"@type":"Organization","@id":"https:\/\/www.laguiadepamplona.com\/actualidad\/#organization","name":"La Gu\u00eda de Pamplona \/ Noticias","url":"https:\/\/www.laguiadepamplona.com\/actualidad\/","logo":{"@type":"ImageObject","inLanguage":"es","@id":"https:\/\/www.laguiadepamplona.com\/actualidad\/#\/schema\/logo\/image\/","url":"https:\/\/www.laguiadepamplona.com\/actualidad\/wp-content\/uploads\/2018\/11\/logo-laguiadepamplona18-web1.png","contentUrl":"https:\/\/www.laguiadepamplona.com\/actualidad\/wp-content\/uploads\/2018\/11\/logo-laguiadepamplona18-web1.png","width":600,"height":196,"caption":"La Gu\u00eda de Pamplona \/ Noticias"},"image":{"@id":"https:\/\/www.laguiadepamplona.com\/actualidad\/#\/schema\/logo\/image\/"},"sameAs":["https:\/\/www.facebook.com\/laguiadepamplonacom-133175176762273\/?ref=hl","https:\/\/x.com\/LaGuiadPamplona","https:\/\/www.instagram.com\/la_guia_de_pamplona\/","https:\/\/www.youtube.com\/user\/laguiadepamplona"]},{"@type":"Person","@id":"https:\/\/www.laguiadepamplona.com\/actualidad\/#\/schema\/person\/efe887376f0213d4657c93adc50b1fdb","name":"La Gu\u00eda de Pamplona","image":{"@type":"ImageObject","inLanguage":"es","@id":"https:\/\/secure.gravatar.com\/avatar\/b6992f131dc8d30ab0dff15446e9d346d9dbd95992de0fef795073f5ea83a81c?s=96&d=mm&r=g","url":"https:\/\/secure.gravatar.com\/avatar\/b6992f131dc8d30ab0dff15446e9d346d9dbd95992de0fef795073f5ea83a81c?s=96&d=mm&r=g","contentUrl":"https:\/\/secure.gravatar.com\/avatar\/b6992f131dc8d30ab0dff15446e9d346d9dbd95992de0fef795073f5ea83a81c?s=96&d=mm&r=g","caption":"La Gu\u00eda de Pamplona"}}]}},"post_mailing_queue_ids":[],"_links":{"self":[{"href":"https:\/\/www.laguiadepamplona.com\/actualidad\/wp-json\/wp\/v2\/posts\/46616","targetHints":{"allow":["GET"]}}],"collection":[{"href":"https:\/\/www.laguiadepamplona.com\/actualidad\/wp-json\/wp\/v2\/posts"}],"about":[{"href":"https:\/\/www.laguiadepamplona.com\/actualidad\/wp-json\/wp\/v2\/types\/post"}],"author":[{"embeddable":true,"href":"https:\/\/www.laguiadepamplona.com\/actualidad\/wp-json\/wp\/v2\/users\/1"}],"replies":[{"embeddable":true,"href":"https:\/\/www.laguiadepamplona.com\/actualidad\/wp-json\/wp\/v2\/comments?post=46616"}],"version-history":[{"count":1,"href":"https:\/\/www.laguiadepamplona.com\/actualidad\/wp-json\/wp\/v2\/posts\/46616\/revisions"}],"predecessor-version":[{"id":46618,"href":"https:\/\/www.laguiadepamplona.com\/actualidad\/wp-json\/wp\/v2\/posts\/46616\/revisions\/46618"}],"wp:featuredmedia":[{"embeddable":true,"href":"https:\/\/www.laguiadepamplona.com\/actualidad\/wp-json\/wp\/v2\/media\/46617"}],"wp:attachment":[{"href":"https:\/\/www.laguiadepamplona.com\/actualidad\/wp-json\/wp\/v2\/media?parent=46616"}],"wp:term":[{"taxonomy":"category","embeddable":true,"href":"https:\/\/www.laguiadepamplona.com\/actualidad\/wp-json\/wp\/v2\/categories?post=46616"},{"taxonomy":"post_tag","embeddable":true,"href":"https:\/\/www.laguiadepamplona.com\/actualidad\/wp-json\/wp\/v2\/tags?post=46616"}],"curies":[{"name":"wp","href":"https:\/\/api.w.org\/{rel}","templated":true}]}}