{"id":46613,"date":"2023-05-08T19:39:22","date_gmt":"2023-05-08T17:39:22","guid":{"rendered":"https:\/\/www.laguiadepamplona.com\/actualidad\/?p=46613"},"modified":"2023-05-08T19:39:22","modified_gmt":"2023-05-08T17:39:22","slug":"directiva-cuerpo-tecnico-y-capitanes-del-c-a-osasuna-reciben-el-reconocimiento-del-ayuntamiento-de-pamplona-y-de-toda-la-ciudad-como-subcampeones-de-la-copa-del-rey","status":"publish","type":"post","link":"https:\/\/www.laguiadepamplona.com\/actualidad\/directiva-cuerpo-tecnico-y-capitanes-del-c-a-osasuna-reciben-el-reconocimiento-del-ayuntamiento-de-pamplona-y-de-toda-la-ciudad-como-subcampeones-de-la-copa-del-rey\/","title":{"rendered":"Directiva, cuerpo t\u00e9cnico y capitanes del C.A. Osasuna reciben el reconocimiento del Ayuntamiento de Pamplona y de toda la ciudad como subcampeones de la Copa del Rey \u00a0"},"content":{"rendered":"<h3>La recepci\u00f3n institucional de esta tarde ha sido el homenaje a un equipo que ha ilusionado a toda la ciudad en las \u00faltimas semanas<\/h3>\n<p><!--more--><\/p>\n<p>El Ayuntamiento de Pamplona ha recibido en la Casa Consistorial a una representaci\u00f3n del Club Atl\u00e9tico Osasuna, subcampe\u00f3n de la Copa del Rey, tras disputar este s\u00e1bado la segunda final de su historia en esta competici\u00f3n. Pamplona reconoce as\u00ed la trayectoria del equipo, su identificaci\u00f3n con la ciudad y la ilusi\u00f3n generada, y agradece el esfuerzo, la imagen y la entrega de los jugadores y el cuerpo t\u00e9cnico en la final, a pesar de la derrota en La Cartuja de Sevilla por 2-1 ante el Real Madrid.<br \/>\n<script async src=\"\/\/pagead2.googlesyndication.com\/pagead\/js\/adsbygoogle.js\"><\/script><br \/>\n<!-- Noticias La Guia de Pamplona --><br \/>\n<ins class=\"adsbygoogle\"\nstyle=\"display:block\"\ndata-ad-client=\"ca-pub-6943679897239327\"\ndata-ad-slot=\"7048180777\"\ndata-ad-format=\"auto\"><\/ins><br \/>\n<script>\n(adsbygoogle = window.adsbygoogle || []).push({});\n<\/script><\/p>\n<p>El alcalde de Pamplona, Enrique Maya, y miembros de la Corporaci\u00f3n municipal han participado en el acto que ha tenido lugar en el Sal\u00f3n de Recepciones de la Casa Consistorial y han felicitado al club por los hitos deportivos que est\u00e1n logrando. El presidente del C. A. Osasuna, Luis Sabalza, ha encabezado la representaci\u00f3n rojilla en un acto al que tambi\u00e9n ha acudido la totalidad de la junta directiva, el director general Fran Canal, el director deportivo Braulio V\u00e1zquez, el entrenador Jagoba Arrasate y cuatro de los capitanes, los navarros David Garc\u00eda, Unai Garc\u00eda, Kika Barja y Jon Moncayola.<\/p>\n<p>El Ayuntamiento de Pamplona ha querido entregarle al C. A. Osasuna una reproducci\u00f3n de la fachada de la Casa Consistorial como recuerdo de lo que han sido unas semanas intensas de sentimiento rojillo y de apoyo al equipo. El club, por su parte, le ha regalado al Consistorio una de las camisetas oficiales creada de manera especial para la disputa de la final de la Copa del Rey, as\u00ed como un pa\u00f1uelo rojo, tambi\u00e9n conmemorativo de esta final. \u00c9sta ha sido la segunda final del C. A. Osasuna en esta competici\u00f3n, despu\u00e9s de que hace 18 a\u00f1os jugara ante el Betis en el estadio Vicente Calder\u00f3n de Madrid; partido en el que tambi\u00e9n se perdi\u00f3 por 2 \u2013 1.<br \/>\n<script async src=\"\/\/pagead2.googlesyndication.com\/pagead\/js\/adsbygoogle.js\"><\/script><br \/>\n<!-- Noticias La Guia de Pamplona --><br \/>\n<ins class=\"adsbygoogle\"\nstyle=\"display:block\"\ndata-ad-client=\"ca-pub-6943679897239327\"\ndata-ad-slot=\"7048180777\"\ndata-ad-format=\"auto\"><\/ins><br \/>\n<script>\n(adsbygoogle = window.adsbygoogle || []).push({});\n<\/script><\/p>\n<p>A pesar del resultado logrado este pasado s\u00e1bado, la afici\u00f3n rojilla ha acudido hasta la Plaza Consistorial para mostrar su apoyo al equipo. Han recibido con c\u00e1nticos y aplausos tanto a la directiva como al equipo t\u00e9cnico y los capitanes, quienes tras la recepci\u00f3n han salido a los balcones de la Casa Consistorial para agradecer las muestras de afecto y apoyo recibidas por la ciudadan\u00eda. Este gesto ha sido correspondido con aplausos y ovaciones por parte de los cientos de personas congregadas a las puertas del Ayuntamiento.<\/p>\n<p>La ciudad se volc\u00f3 durante la semana pasada con el Club Atl\u00e9tico Osasuna y con la final de la Copa del Rey. El Ayuntamiento colg\u00f3 una gran camiseta con el lema \u2018Pamplona con Osasuna\u2019 en la fachada de la Casa Consistorial, que todav\u00eda hoy lunes recuerda el hito de la final de Copa e invit\u00f3 a la ciudadan\u00eda a animar al equipo a trav\u00e9s de unos v\u00eddeos publicados en las redes sociales municipales. Para vivir el partido el s\u00e1bado, se instalaron cuatro pantallas gigantes en la Plaza del Castillo y se decor\u00f3 el espacio con banderolas.<\/p>\n","protected":false},"excerpt":{"rendered":"<p>La recepci\u00f3n institucional de esta tarde ha sido el homenaje a un equipo que ha ilusionado a toda la ciudad en las \u00faltimas semanas<\/p>\n","protected":false},"author":1,"featured_media":46614,"comment_status":"open","ping_status":"closed","sticky":false,"template":"","format":"standard","meta":{"footnotes":""},"categories":[2],"tags":[],"class_list":["post-46613","post","type-post","status-publish","format-standard","has-post-thumbnail","hentry","category-ayuntamiento-pamplona"],"yoast_head":"<!-- This site is optimized with the Yoast SEO plugin v27.3 - https:\/\/yoast.com\/product\/yoast-seo-wordpress\/ -->\n<title>Directiva, cuerpo t\u00e9cnico y capitanes del C.A. Osasuna reciben el reconocimiento del Ayuntamiento de Pamplona y de toda la ciudad como subcampeones de la Copa del Rey \u00a0<\/title>\n<meta name=\"description\" content=\"La recepci\u00f3n institucional de esta tarde ha sido el homenaje a un equipo que ha ilusionado a toda la ciudad en las \u00faltimas semanas \u00a0\" \/>\n<meta name=\"robots\" content=\"index, follow, max-snippet:-1, max-image-preview:large, max-video-preview:-1\" \/>\n<link rel=\"canonical\" href=\"https:\/\/www.laguiadepamplona.com\/actualidad\/directiva-cuerpo-tecnico-y-capitanes-del-c-a-osasuna-reciben-el-reconocimiento-del-ayuntamiento-de-pamplona-y-de-toda-la-ciudad-como-subcampeones-de-la-copa-del-rey\/\" \/>\n<meta property=\"og:locale\" content=\"es_ES\" \/>\n<meta property=\"og:type\" content=\"article\" \/>\n<meta property=\"og:title\" content=\"Directiva, cuerpo t\u00e9cnico y capitanes del C.A. Osasuna reciben el reconocimiento del Ayuntamiento de Pamplona y de toda la ciudad como subcampeones de la Copa del Rey \u00a0\" \/>\n<meta property=\"og:description\" content=\"La recepci\u00f3n institucional de esta tarde ha sido el homenaje a un equipo que ha ilusionado a toda la ciudad en las \u00faltimas semanas \u00a0\" \/>\n<meta property=\"og:url\" content=\"https:\/\/www.laguiadepamplona.com\/actualidad\/directiva-cuerpo-tecnico-y-capitanes-del-c-a-osasuna-reciben-el-reconocimiento-del-ayuntamiento-de-pamplona-y-de-toda-la-ciudad-como-subcampeones-de-la-copa-del-rey\/\" \/>\n<meta property=\"og:site_name\" content=\"La Gu\u00eda de Pamplona\" \/>\n<meta property=\"article:publisher\" content=\"https:\/\/www.facebook.com\/laguiadepamplonacom-133175176762273\/?ref=hl\" \/>\n<meta property=\"article:published_time\" content=\"2023-05-08T17:39:22+00:00\" \/>\n<meta property=\"og:image\" content=\"https:\/\/www.laguiadepamplona.com\/actualidad\/wp-content\/uploads\/2023\/05\/20230508-recepcion-osasuna-q5a7965.webp\" \/>\n\t<meta property=\"og:image:width\" content=\"1920\" \/>\n\t<meta property=\"og:image:height\" content=\"1281\" \/>\n\t<meta property=\"og:image:type\" content=\"image\/webp\" \/>\n<meta name=\"author\" content=\"La Gu\u00eda de Pamplona\" \/>\n<meta name=\"twitter:card\" content=\"summary_large_image\" \/>\n<meta name=\"twitter:creator\" content=\"@LaGuiadPamplona\" \/>\n<meta name=\"twitter:site\" content=\"@LaGuiadPamplona\" \/>\n<meta name=\"twitter:label1\" content=\"Escrito por\" \/>\n\t<meta name=\"twitter:data1\" content=\"La Gu\u00eda de Pamplona\" \/>\n\t<meta name=\"twitter:label2\" content=\"Tiempo de lectura\" \/>\n\t<meta name=\"twitter:data2\" content=\"3 minutos\" \/>\n<script type=\"application\/ld+json\" class=\"yoast-schema-graph\">{\"@context\":\"https:\\\/\\\/schema.org\",\"@graph\":[{\"@type\":\"Article\",\"@id\":\"https:\\\/\\\/www.laguiadepamplona.com\\\/actualidad\\\/directiva-cuerpo-tecnico-y-capitanes-del-c-a-osasuna-reciben-el-reconocimiento-del-ayuntamiento-de-pamplona-y-de-toda-la-ciudad-como-subcampeones-de-la-copa-del-rey\\\/#article\",\"isPartOf\":{\"@id\":\"https:\\\/\\\/www.laguiadepamplona.com\\\/actualidad\\\/directiva-cuerpo-tecnico-y-capitanes-del-c-a-osasuna-reciben-el-reconocimiento-del-ayuntamiento-de-pamplona-y-de-toda-la-ciudad-como-subcampeones-de-la-copa-del-rey\\\/\"},\"author\":{\"name\":\"La Gu\u00eda de Pamplona\",\"@id\":\"https:\\\/\\\/www.laguiadepamplona.com\\\/actualidad\\\/#\\\/schema\\\/person\\\/efe887376f0213d4657c93adc50b1fdb\"},\"headline\":\"Directiva, cuerpo t\u00e9cnico y capitanes del C.A. Osasuna reciben el reconocimiento del Ayuntamiento de Pamplona y de toda la ciudad como subcampeones de la Copa del Rey \u00a0\",\"datePublished\":\"2023-05-08T17:39:22+00:00\",\"mainEntityOfPage\":{\"@id\":\"https:\\\/\\\/www.laguiadepamplona.com\\\/actualidad\\\/directiva-cuerpo-tecnico-y-capitanes-del-c-a-osasuna-reciben-el-reconocimiento-del-ayuntamiento-de-pamplona-y-de-toda-la-ciudad-como-subcampeones-de-la-copa-del-rey\\\/\"},\"wordCount\":574,\"commentCount\":0,\"publisher\":{\"@id\":\"https:\\\/\\\/www.laguiadepamplona.com\\\/actualidad\\\/#organization\"},\"image\":{\"@id\":\"https:\\\/\\\/www.laguiadepamplona.com\\\/actualidad\\\/directiva-cuerpo-tecnico-y-capitanes-del-c-a-osasuna-reciben-el-reconocimiento-del-ayuntamiento-de-pamplona-y-de-toda-la-ciudad-como-subcampeones-de-la-copa-del-rey\\\/#primaryimage\"},\"thumbnailUrl\":\"https:\\\/\\\/www.laguiadepamplona.com\\\/actualidad\\\/wp-content\\\/uploads\\\/2023\\\/05\\\/20230508-recepcion-osasuna-q5a7965.webp\",\"articleSection\":[\"Ayto Pamplona\"],\"inLanguage\":\"es\",\"potentialAction\":[{\"@type\":\"CommentAction\",\"name\":\"Comment\",\"target\":[\"https:\\\/\\\/www.laguiadepamplona.com\\\/actualidad\\\/directiva-cuerpo-tecnico-y-capitanes-del-c-a-osasuna-reciben-el-reconocimiento-del-ayuntamiento-de-pamplona-y-de-toda-la-ciudad-como-subcampeones-de-la-copa-del-rey\\\/#respond\"]}]},{\"@type\":\"WebPage\",\"@id\":\"https:\\\/\\\/www.laguiadepamplona.com\\\/actualidad\\\/directiva-cuerpo-tecnico-y-capitanes-del-c-a-osasuna-reciben-el-reconocimiento-del-ayuntamiento-de-pamplona-y-de-toda-la-ciudad-como-subcampeones-de-la-copa-del-rey\\\/\",\"url\":\"https:\\\/\\\/www.laguiadepamplona.com\\\/actualidad\\\/directiva-cuerpo-tecnico-y-capitanes-del-c-a-osasuna-reciben-el-reconocimiento-del-ayuntamiento-de-pamplona-y-de-toda-la-ciudad-como-subcampeones-de-la-copa-del-rey\\\/\",\"name\":\"Directiva, cuerpo t\u00e9cnico y capitanes del C.A. Osasuna reciben el reconocimiento del Ayuntamiento de Pamplona y de toda la ciudad como subcampeones de la Copa del Rey \u00a0\",\"isPartOf\":{\"@id\":\"https:\\\/\\\/www.laguiadepamplona.com\\\/actualidad\\\/#website\"},\"primaryImageOfPage\":{\"@id\":\"https:\\\/\\\/www.laguiadepamplona.com\\\/actualidad\\\/directiva-cuerpo-tecnico-y-capitanes-del-c-a-osasuna-reciben-el-reconocimiento-del-ayuntamiento-de-pamplona-y-de-toda-la-ciudad-como-subcampeones-de-la-copa-del-rey\\\/#primaryimage\"},\"image\":{\"@id\":\"https:\\\/\\\/www.laguiadepamplona.com\\\/actualidad\\\/directiva-cuerpo-tecnico-y-capitanes-del-c-a-osasuna-reciben-el-reconocimiento-del-ayuntamiento-de-pamplona-y-de-toda-la-ciudad-como-subcampeones-de-la-copa-del-rey\\\/#primaryimage\"},\"thumbnailUrl\":\"https:\\\/\\\/www.laguiadepamplona.com\\\/actualidad\\\/wp-content\\\/uploads\\\/2023\\\/05\\\/20230508-recepcion-osasuna-q5a7965.webp\",\"datePublished\":\"2023-05-08T17:39:22+00:00\",\"description\":\"La recepci\u00f3n institucional de esta tarde ha sido el homenaje a un equipo que ha ilusionado a toda la ciudad en las \u00faltimas semanas \u00a0\",\"breadcrumb\":{\"@id\":\"https:\\\/\\\/www.laguiadepamplona.com\\\/actualidad\\\/directiva-cuerpo-tecnico-y-capitanes-del-c-a-osasuna-reciben-el-reconocimiento-del-ayuntamiento-de-pamplona-y-de-toda-la-ciudad-como-subcampeones-de-la-copa-del-rey\\\/#breadcrumb\"},\"inLanguage\":\"es\",\"potentialAction\":[{\"@type\":\"ReadAction\",\"target\":[\"https:\\\/\\\/www.laguiadepamplona.com\\\/actualidad\\\/directiva-cuerpo-tecnico-y-capitanes-del-c-a-osasuna-reciben-el-reconocimiento-del-ayuntamiento-de-pamplona-y-de-toda-la-ciudad-como-subcampeones-de-la-copa-del-rey\\\/\"]}]},{\"@type\":\"ImageObject\",\"inLanguage\":\"es\",\"@id\":\"https:\\\/\\\/www.laguiadepamplona.com\\\/actualidad\\\/directiva-cuerpo-tecnico-y-capitanes-del-c-a-osasuna-reciben-el-reconocimiento-del-ayuntamiento-de-pamplona-y-de-toda-la-ciudad-como-subcampeones-de-la-copa-del-rey\\\/#primaryimage\",\"url\":\"https:\\\/\\\/www.laguiadepamplona.com\\\/actualidad\\\/wp-content\\\/uploads\\\/2023\\\/05\\\/20230508-recepcion-osasuna-q5a7965.webp\",\"contentUrl\":\"https:\\\/\\\/www.laguiadepamplona.com\\\/actualidad\\\/wp-content\\\/uploads\\\/2023\\\/05\\\/20230508-recepcion-osasuna-q5a7965.webp\",\"width\":1920,\"height\":1281},{\"@type\":\"BreadcrumbList\",\"@id\":\"https:\\\/\\\/www.laguiadepamplona.com\\\/actualidad\\\/directiva-cuerpo-tecnico-y-capitanes-del-c-a-osasuna-reciben-el-reconocimiento-del-ayuntamiento-de-pamplona-y-de-toda-la-ciudad-como-subcampeones-de-la-copa-del-rey\\\/#breadcrumb\",\"itemListElement\":[{\"@type\":\"ListItem\",\"position\":1,\"name\":\"Portada\",\"item\":\"https:\\\/\\\/www.laguiadepamplona.com\\\/actualidad\\\/\"},{\"@type\":\"ListItem\",\"position\":2,\"name\":\"Directiva, cuerpo t\u00e9cnico y capitanes del C.A. Osasuna reciben el reconocimiento del Ayuntamiento de Pamplona y de toda la ciudad como subcampeones de la Copa del Rey \u00a0\"}]},{\"@type\":\"WebSite\",\"@id\":\"https:\\\/\\\/www.laguiadepamplona.com\\\/actualidad\\\/#website\",\"url\":\"https:\\\/\\\/www.laguiadepamplona.com\\\/actualidad\\\/\",\"name\":\"La gu\u00eda de Pamplona\",\"description\":\"Noticias de Pamplona\",\"publisher\":{\"@id\":\"https:\\\/\\\/www.laguiadepamplona.com\\\/actualidad\\\/#organization\"},\"potentialAction\":[{\"@type\":\"SearchAction\",\"target\":{\"@type\":\"EntryPoint\",\"urlTemplate\":\"https:\\\/\\\/www.laguiadepamplona.com\\\/actualidad\\\/?s={search_term_string}\"},\"query-input\":{\"@type\":\"PropertyValueSpecification\",\"valueRequired\":true,\"valueName\":\"search_term_string\"}}],\"inLanguage\":\"es\"},{\"@type\":\"Organization\",\"@id\":\"https:\\\/\\\/www.laguiadepamplona.com\\\/actualidad\\\/#organization\",\"name\":\"La Gu\u00eda de Pamplona \\\/ Noticias\",\"url\":\"https:\\\/\\\/www.laguiadepamplona.com\\\/actualidad\\\/\",\"logo\":{\"@type\":\"ImageObject\",\"inLanguage\":\"es\",\"@id\":\"https:\\\/\\\/www.laguiadepamplona.com\\\/actualidad\\\/#\\\/schema\\\/logo\\\/image\\\/\",\"url\":\"https:\\\/\\\/www.laguiadepamplona.com\\\/actualidad\\\/wp-content\\\/uploads\\\/2018\\\/11\\\/logo-laguiadepamplona18-web1.png\",\"contentUrl\":\"https:\\\/\\\/www.laguiadepamplona.com\\\/actualidad\\\/wp-content\\\/uploads\\\/2018\\\/11\\\/logo-laguiadepamplona18-web1.png\",\"width\":600,\"height\":196,\"caption\":\"La Gu\u00eda de Pamplona \\\/ Noticias\"},\"image\":{\"@id\":\"https:\\\/\\\/www.laguiadepamplona.com\\\/actualidad\\\/#\\\/schema\\\/logo\\\/image\\\/\"},\"sameAs\":[\"https:\\\/\\\/www.facebook.com\\\/laguiadepamplonacom-133175176762273\\\/?ref=hl\",\"https:\\\/\\\/x.com\\\/LaGuiadPamplona\",\"https:\\\/\\\/www.instagram.com\\\/la_guia_de_pamplona\\\/\",\"https:\\\/\\\/www.youtube.com\\\/user\\\/laguiadepamplona\"]},{\"@type\":\"Person\",\"@id\":\"https:\\\/\\\/www.laguiadepamplona.com\\\/actualidad\\\/#\\\/schema\\\/person\\\/efe887376f0213d4657c93adc50b1fdb\",\"name\":\"La Gu\u00eda de Pamplona\",\"image\":{\"@type\":\"ImageObject\",\"inLanguage\":\"es\",\"@id\":\"https:\\\/\\\/secure.gravatar.com\\\/avatar\\\/b6992f131dc8d30ab0dff15446e9d346d9dbd95992de0fef795073f5ea83a81c?s=96&d=mm&r=g\",\"url\":\"https:\\\/\\\/secure.gravatar.com\\\/avatar\\\/b6992f131dc8d30ab0dff15446e9d346d9dbd95992de0fef795073f5ea83a81c?s=96&d=mm&r=g\",\"contentUrl\":\"https:\\\/\\\/secure.gravatar.com\\\/avatar\\\/b6992f131dc8d30ab0dff15446e9d346d9dbd95992de0fef795073f5ea83a81c?s=96&d=mm&r=g\",\"caption\":\"La Gu\u00eda de Pamplona\"}}]}<\/script>\n<!-- \/ Yoast SEO plugin. -->","yoast_head_json":{"title":"Directiva, cuerpo t\u00e9cnico y capitanes del C.A. Osasuna reciben el reconocimiento del Ayuntamiento de Pamplona y de toda la ciudad como subcampeones de la Copa del Rey \u00a0","description":"La recepci\u00f3n institucional de esta tarde ha sido el homenaje a un equipo que ha ilusionado a toda la ciudad en las \u00faltimas semanas \u00a0","robots":{"index":"index","follow":"follow","max-snippet":"max-snippet:-1","max-image-preview":"max-image-preview:large","max-video-preview":"max-video-preview:-1"},"canonical":"https:\/\/www.laguiadepamplona.com\/actualidad\/directiva-cuerpo-tecnico-y-capitanes-del-c-a-osasuna-reciben-el-reconocimiento-del-ayuntamiento-de-pamplona-y-de-toda-la-ciudad-como-subcampeones-de-la-copa-del-rey\/","og_locale":"es_ES","og_type":"article","og_title":"Directiva, cuerpo t\u00e9cnico y capitanes del C.A. Osasuna reciben el reconocimiento del Ayuntamiento de Pamplona y de toda la ciudad como subcampeones de la Copa del Rey \u00a0","og_description":"La recepci\u00f3n institucional de esta tarde ha sido el homenaje a un equipo que ha ilusionado a toda la ciudad en las \u00faltimas semanas \u00a0","og_url":"https:\/\/www.laguiadepamplona.com\/actualidad\/directiva-cuerpo-tecnico-y-capitanes-del-c-a-osasuna-reciben-el-reconocimiento-del-ayuntamiento-de-pamplona-y-de-toda-la-ciudad-como-subcampeones-de-la-copa-del-rey\/","og_site_name":"La Gu\u00eda de Pamplona","article_publisher":"https:\/\/www.facebook.com\/laguiadepamplonacom-133175176762273\/?ref=hl","article_published_time":"2023-05-08T17:39:22+00:00","og_image":[{"width":1920,"height":1281,"url":"https:\/\/www.laguiadepamplona.com\/actualidad\/wp-content\/uploads\/2023\/05\/20230508-recepcion-osasuna-q5a7965.webp","type":"image\/webp"}],"author":"La Gu\u00eda de Pamplona","twitter_card":"summary_large_image","twitter_creator":"@LaGuiadPamplona","twitter_site":"@LaGuiadPamplona","twitter_misc":{"Escrito por":"La Gu\u00eda de Pamplona","Tiempo de lectura":"3 minutos"},"schema":{"@context":"https:\/\/schema.org","@graph":[{"@type":"Article","@id":"https:\/\/www.laguiadepamplona.com\/actualidad\/directiva-cuerpo-tecnico-y-capitanes-del-c-a-osasuna-reciben-el-reconocimiento-del-ayuntamiento-de-pamplona-y-de-toda-la-ciudad-como-subcampeones-de-la-copa-del-rey\/#article","isPartOf":{"@id":"https:\/\/www.laguiadepamplona.com\/actualidad\/directiva-cuerpo-tecnico-y-capitanes-del-c-a-osasuna-reciben-el-reconocimiento-del-ayuntamiento-de-pamplona-y-de-toda-la-ciudad-como-subcampeones-de-la-copa-del-rey\/"},"author":{"name":"La Gu\u00eda de Pamplona","@id":"https:\/\/www.laguiadepamplona.com\/actualidad\/#\/schema\/person\/efe887376f0213d4657c93adc50b1fdb"},"headline":"Directiva, cuerpo t\u00e9cnico y capitanes del C.A. Osasuna reciben el reconocimiento del Ayuntamiento de Pamplona y de toda la ciudad como subcampeones de la Copa del Rey \u00a0","datePublished":"2023-05-08T17:39:22+00:00","mainEntityOfPage":{"@id":"https:\/\/www.laguiadepamplona.com\/actualidad\/directiva-cuerpo-tecnico-y-capitanes-del-c-a-osasuna-reciben-el-reconocimiento-del-ayuntamiento-de-pamplona-y-de-toda-la-ciudad-como-subcampeones-de-la-copa-del-rey\/"},"wordCount":574,"commentCount":0,"publisher":{"@id":"https:\/\/www.laguiadepamplona.com\/actualidad\/#organization"},"image":{"@id":"https:\/\/www.laguiadepamplona.com\/actualidad\/directiva-cuerpo-tecnico-y-capitanes-del-c-a-osasuna-reciben-el-reconocimiento-del-ayuntamiento-de-pamplona-y-de-toda-la-ciudad-como-subcampeones-de-la-copa-del-rey\/#primaryimage"},"thumbnailUrl":"https:\/\/www.laguiadepamplona.com\/actualidad\/wp-content\/uploads\/2023\/05\/20230508-recepcion-osasuna-q5a7965.webp","articleSection":["Ayto Pamplona"],"inLanguage":"es","potentialAction":[{"@type":"CommentAction","name":"Comment","target":["https:\/\/www.laguiadepamplona.com\/actualidad\/directiva-cuerpo-tecnico-y-capitanes-del-c-a-osasuna-reciben-el-reconocimiento-del-ayuntamiento-de-pamplona-y-de-toda-la-ciudad-como-subcampeones-de-la-copa-del-rey\/#respond"]}]},{"@type":"WebPage","@id":"https:\/\/www.laguiadepamplona.com\/actualidad\/directiva-cuerpo-tecnico-y-capitanes-del-c-a-osasuna-reciben-el-reconocimiento-del-ayuntamiento-de-pamplona-y-de-toda-la-ciudad-como-subcampeones-de-la-copa-del-rey\/","url":"https:\/\/www.laguiadepamplona.com\/actualidad\/directiva-cuerpo-tecnico-y-capitanes-del-c-a-osasuna-reciben-el-reconocimiento-del-ayuntamiento-de-pamplona-y-de-toda-la-ciudad-como-subcampeones-de-la-copa-del-rey\/","name":"Directiva, cuerpo t\u00e9cnico y capitanes del C.A. Osasuna reciben el reconocimiento del Ayuntamiento de Pamplona y de toda la ciudad como subcampeones de la Copa del Rey \u00a0","isPartOf":{"@id":"https:\/\/www.laguiadepamplona.com\/actualidad\/#website"},"primaryImageOfPage":{"@id":"https:\/\/www.laguiadepamplona.com\/actualidad\/directiva-cuerpo-tecnico-y-capitanes-del-c-a-osasuna-reciben-el-reconocimiento-del-ayuntamiento-de-pamplona-y-de-toda-la-ciudad-como-subcampeones-de-la-copa-del-rey\/#primaryimage"},"image":{"@id":"https:\/\/www.laguiadepamplona.com\/actualidad\/directiva-cuerpo-tecnico-y-capitanes-del-c-a-osasuna-reciben-el-reconocimiento-del-ayuntamiento-de-pamplona-y-de-toda-la-ciudad-como-subcampeones-de-la-copa-del-rey\/#primaryimage"},"thumbnailUrl":"https:\/\/www.laguiadepamplona.com\/actualidad\/wp-content\/uploads\/2023\/05\/20230508-recepcion-osasuna-q5a7965.webp","datePublished":"2023-05-08T17:39:22+00:00","description":"La recepci\u00f3n institucional de esta tarde ha sido el homenaje a un equipo que ha ilusionado a toda la ciudad en las \u00faltimas semanas \u00a0","breadcrumb":{"@id":"https:\/\/www.laguiadepamplona.com\/actualidad\/directiva-cuerpo-tecnico-y-capitanes-del-c-a-osasuna-reciben-el-reconocimiento-del-ayuntamiento-de-pamplona-y-de-toda-la-ciudad-como-subcampeones-de-la-copa-del-rey\/#breadcrumb"},"inLanguage":"es","potentialAction":[{"@type":"ReadAction","target":["https:\/\/www.laguiadepamplona.com\/actualidad\/directiva-cuerpo-tecnico-y-capitanes-del-c-a-osasuna-reciben-el-reconocimiento-del-ayuntamiento-de-pamplona-y-de-toda-la-ciudad-como-subcampeones-de-la-copa-del-rey\/"]}]},{"@type":"ImageObject","inLanguage":"es","@id":"https:\/\/www.laguiadepamplona.com\/actualidad\/directiva-cuerpo-tecnico-y-capitanes-del-c-a-osasuna-reciben-el-reconocimiento-del-ayuntamiento-de-pamplona-y-de-toda-la-ciudad-como-subcampeones-de-la-copa-del-rey\/#primaryimage","url":"https:\/\/www.laguiadepamplona.com\/actualidad\/wp-content\/uploads\/2023\/05\/20230508-recepcion-osasuna-q5a7965.webp","contentUrl":"https:\/\/www.laguiadepamplona.com\/actualidad\/wp-content\/uploads\/2023\/05\/20230508-recepcion-osasuna-q5a7965.webp","width":1920,"height":1281},{"@type":"BreadcrumbList","@id":"https:\/\/www.laguiadepamplona.com\/actualidad\/directiva-cuerpo-tecnico-y-capitanes-del-c-a-osasuna-reciben-el-reconocimiento-del-ayuntamiento-de-pamplona-y-de-toda-la-ciudad-como-subcampeones-de-la-copa-del-rey\/#breadcrumb","itemListElement":[{"@type":"ListItem","position":1,"name":"Portada","item":"https:\/\/www.laguiadepamplona.com\/actualidad\/"},{"@type":"ListItem","position":2,"name":"Directiva, cuerpo t\u00e9cnico y capitanes del C.A. Osasuna reciben el reconocimiento del Ayuntamiento de Pamplona y de toda la ciudad como subcampeones de la Copa del Rey \u00a0"}]},{"@type":"WebSite","@id":"https:\/\/www.laguiadepamplona.com\/actualidad\/#website","url":"https:\/\/www.laguiadepamplona.com\/actualidad\/","name":"La gu\u00eda de Pamplona","description":"Noticias de Pamplona","publisher":{"@id":"https:\/\/www.laguiadepamplona.com\/actualidad\/#organization"},"potentialAction":[{"@type":"SearchAction","target":{"@type":"EntryPoint","urlTemplate":"https:\/\/www.laguiadepamplona.com\/actualidad\/?s={search_term_string}"},"query-input":{"@type":"PropertyValueSpecification","valueRequired":true,"valueName":"search_term_string"}}],"inLanguage":"es"},{"@type":"Organization","@id":"https:\/\/www.laguiadepamplona.com\/actualidad\/#organization","name":"La Gu\u00eda de Pamplona \/ Noticias","url":"https:\/\/www.laguiadepamplona.com\/actualidad\/","logo":{"@type":"ImageObject","inLanguage":"es","@id":"https:\/\/www.laguiadepamplona.com\/actualidad\/#\/schema\/logo\/image\/","url":"https:\/\/www.laguiadepamplona.com\/actualidad\/wp-content\/uploads\/2018\/11\/logo-laguiadepamplona18-web1.png","contentUrl":"https:\/\/www.laguiadepamplona.com\/actualidad\/wp-content\/uploads\/2018\/11\/logo-laguiadepamplona18-web1.png","width":600,"height":196,"caption":"La Gu\u00eda de Pamplona \/ Noticias"},"image":{"@id":"https:\/\/www.laguiadepamplona.com\/actualidad\/#\/schema\/logo\/image\/"},"sameAs":["https:\/\/www.facebook.com\/laguiadepamplonacom-133175176762273\/?ref=hl","https:\/\/x.com\/LaGuiadPamplona","https:\/\/www.instagram.com\/la_guia_de_pamplona\/","https:\/\/www.youtube.com\/user\/laguiadepamplona"]},{"@type":"Person","@id":"https:\/\/www.laguiadepamplona.com\/actualidad\/#\/schema\/person\/efe887376f0213d4657c93adc50b1fdb","name":"La Gu\u00eda de Pamplona","image":{"@type":"ImageObject","inLanguage":"es","@id":"https:\/\/secure.gravatar.com\/avatar\/b6992f131dc8d30ab0dff15446e9d346d9dbd95992de0fef795073f5ea83a81c?s=96&d=mm&r=g","url":"https:\/\/secure.gravatar.com\/avatar\/b6992f131dc8d30ab0dff15446e9d346d9dbd95992de0fef795073f5ea83a81c?s=96&d=mm&r=g","contentUrl":"https:\/\/secure.gravatar.com\/avatar\/b6992f131dc8d30ab0dff15446e9d346d9dbd95992de0fef795073f5ea83a81c?s=96&d=mm&r=g","caption":"La Gu\u00eda de Pamplona"}}]}},"post_mailing_queue_ids":[],"_links":{"self":[{"href":"https:\/\/www.laguiadepamplona.com\/actualidad\/wp-json\/wp\/v2\/posts\/46613","targetHints":{"allow":["GET"]}}],"collection":[{"href":"https:\/\/www.laguiadepamplona.com\/actualidad\/wp-json\/wp\/v2\/posts"}],"about":[{"href":"https:\/\/www.laguiadepamplona.com\/actualidad\/wp-json\/wp\/v2\/types\/post"}],"author":[{"embeddable":true,"href":"https:\/\/www.laguiadepamplona.com\/actualidad\/wp-json\/wp\/v2\/users\/1"}],"replies":[{"embeddable":true,"href":"https:\/\/www.laguiadepamplona.com\/actualidad\/wp-json\/wp\/v2\/comments?post=46613"}],"version-history":[{"count":1,"href":"https:\/\/www.laguiadepamplona.com\/actualidad\/wp-json\/wp\/v2\/posts\/46613\/revisions"}],"predecessor-version":[{"id":46615,"href":"https:\/\/www.laguiadepamplona.com\/actualidad\/wp-json\/wp\/v2\/posts\/46613\/revisions\/46615"}],"wp:featuredmedia":[{"embeddable":true,"href":"https:\/\/www.laguiadepamplona.com\/actualidad\/wp-json\/wp\/v2\/media\/46614"}],"wp:attachment":[{"href":"https:\/\/www.laguiadepamplona.com\/actualidad\/wp-json\/wp\/v2\/media?parent=46613"}],"wp:term":[{"taxonomy":"category","embeddable":true,"href":"https:\/\/www.laguiadepamplona.com\/actualidad\/wp-json\/wp\/v2\/categories?post=46613"},{"taxonomy":"post_tag","embeddable":true,"href":"https:\/\/www.laguiadepamplona.com\/actualidad\/wp-json\/wp\/v2\/tags?post=46613"}],"curies":[{"name":"wp","href":"https:\/\/api.w.org\/{rel}","templated":true}]}}