{"id":46606,"date":"2023-05-08T13:57:30","date_gmt":"2023-05-08T11:57:30","guid":{"rendered":"https:\/\/www.laguiadepamplona.com\/actualidad\/?p=46606"},"modified":"2023-05-08T13:57:30","modified_gmt":"2023-05-08T11:57:30","slug":"la-fachada-de-la-casa-consistorial-se-ilumina-este-lunes-de-color-rojo-en-el-dia-mundial-de-la-cruz-roja-y-la-media-luna-roja","status":"publish","type":"post","link":"https:\/\/www.laguiadepamplona.com\/actualidad\/la-fachada-de-la-casa-consistorial-se-ilumina-este-lunes-de-color-rojo-en-el-dia-mundial-de-la-cruz-roja-y-la-media-luna-roja\/","title":{"rendered":"La fachada de la Casa Consistorial se ilumina este lunes de color rojo en el D\u00eda Mundial de la Cruz Roja y la Media Luna Roja"},"content":{"rendered":"<h3>Este mi\u00e9rcoles el Ayuntamiento se ti\u00f1e de morado para dar visibilidad al D\u00eda Mundial del Lupus, enfermedad autoinmune cr\u00f3nica<\/h3>\n<p><!--more--><\/p>\n<p>La fachada de la Casa Consistorial se ilumina este lunes de color rojo para dar visibilidad al D\u00eda Mundial de la Cruz Roja y la Media Luna Roja. Esta celebraci\u00f3n conmemora la fecha de nacimiento de su fundador en 1828, Henry Dunant. La edici\u00f3n de este a\u00f1o tiene por lema \u2018Hacemos desde el coraz\u00f3n\u2019, en referencia al trabajo voluntario de los miembros de la organizaci\u00f3n en favor de cualquier persona que lo necesite, con peque\u00f1os gestos desinteresados que mejoran la sociedad.<br \/>\n<script async src=\"\/\/pagead2.googlesyndication.com\/pagead\/js\/adsbygoogle.js\"><\/script><br \/>\n<!-- Noticias La Guia de Pamplona --><br \/>\n<ins class=\"adsbygoogle\"\nstyle=\"display:block\"\ndata-ad-client=\"ca-pub-6943679897239327\"\ndata-ad-slot=\"7048180777\"\ndata-ad-format=\"auto\"><\/ins><br \/>\n<script>\n(adsbygoogle = window.adsbygoogle || []).push({});\n<\/script><\/p>\n<p>Con el hashtag #DesdeElCoraz\u00f3n, la celebraci\u00f3n incluye por todo el territorio juegos, actividades de sensibilizaci\u00f3n o educaci\u00f3n en valores, actividades l\u00fadico-educativas con menores, jornadas de puertas abiertas, concursos de dibujo, gymkhanas, simulacros, eventos de conmemoraci\u00f3n e incluso la exposici\u00f3n fotogr\u00e1fica sobre \u2018La humanidad en la guerra\u2019 con im\u00e1genes del Comit\u00e9 Internacional de la Cruz Roja.<\/p>\n<p>Cruz Roja Espa\u00f1ola pertenece al Movimiento Internacional de la Cruz Roja y de la Media Luna Roja presente en 192 pa\u00edses y basa su actuaci\u00f3n en los principios de humanidad, imparcialidad, neutralidad, independencia, car\u00e1cter voluntario, unidad y universalidad.<br \/>\n<script async src=\"\/\/pagead2.googlesyndication.com\/pagead\/js\/adsbygoogle.js\"><\/script><br \/>\n<!-- Noticias La Guia de Pamplona --><br \/>\n<ins class=\"adsbygoogle\"\nstyle=\"display:block\"\ndata-ad-client=\"ca-pub-6943679897239327\"\ndata-ad-slot=\"7048180777\"\ndata-ad-format=\"auto\"><\/ins><br \/>\n<script>\n(adsbygoogle = window.adsbygoogle || []).push({});\n<\/script><\/p>\n<p><strong>Otras iluminaciones de esta semana<\/strong><\/p>\n<p>El mi\u00e9rcoles, la fachada consistorial se iluminar\u00e1 en color morado, por el D\u00eda Mundial del Lupus. Esta enfermedad autoinmune cr\u00f3nica provoca que el sistema inmunitario ataque a los tejidos de su propio organismo y puede poner en riesgo la vida del paciente. Celebraciones como la del mi\u00e9rcoles buscan mayor inversi\u00f3n en investigaci\u00f3n, tratamientos m\u00e1s efectivos y que se mejore la asistencia sanitaria, ya que la detecci\u00f3n precoz y su diagn\u00f3stico son la clave para aumentar la supervivencia y la calidad de vida de las personas afectadas.<\/p>\n<p>La enfermedad del lupus afecta a personas de 15 a 45 a\u00f1os, y su diagn\u00f3stico es complicado debido a la similitud de sus s\u00edntomas con otras enfermedades comunes. Se calcula que afecta a 5 millones de personas en todo el mundo, sobre todo a mujeres j\u00f3venes en edad f\u00e9rtil. M\u00e1s de 20.000 familias en Espa\u00f1a est\u00e1n afectadas por esta enfermedad.<br \/>\n<script async src=\"\/\/pagead2.googlesyndication.com\/pagead\/js\/adsbygoogle.js\"><\/script><br \/>\n<!-- Noticias La Guia de Pamplona --><br \/>\n<ins class=\"adsbygoogle\"\nstyle=\"display:block\"\ndata-ad-client=\"ca-pub-6943679897239327\"\ndata-ad-slot=\"7048180777\"\ndata-ad-format=\"auto\"><\/ins><br \/>\n<script>\n(adsbygoogle = window.adsbygoogle || []).push({});\n<\/script><\/p>\n<p>&nbsp;<\/p>\n<h3>Iluminaci\u00f3n de la Fachada Consistorial<\/h3>\n<ul>\n<li>8 de mayo. D\u00eda Mundial de la Cruz Roja y la Media Luna Roja (color rojo)\n<ul>\n<li>Hashtag en redes sociales: #DesdeElCoraz\u00f3n<\/li>\n<\/ul>\n<\/li>\n<li>10 de mayo. D\u00eda Mundial del Lupus (morado)\n<ul>\n<li>Hashtag en redes sociales: #D\u00edaMundialDelLupus #D\u00edaMundialLupus<\/li>\n<\/ul>\n<\/li>\n<\/ul>\n","protected":false},"excerpt":{"rendered":"<p>Este mi\u00e9rcoles el Ayuntamiento se ti\u00f1e de morado para dar visibilidad al D\u00eda Mundial del Lupus, enfermedad autoinmune cr\u00f3nica<\/p>\n","protected":false},"author":1,"featured_media":36967,"comment_status":"open","ping_status":"closed","sticky":false,"template":"","format":"standard","meta":{"footnotes":""},"categories":[2],"tags":[],"class_list":["post-46606","post","type-post","status-publish","format-standard","has-post-thumbnail","hentry","category-ayuntamiento-pamplona"],"yoast_head":"<!-- This site is optimized with the Yoast SEO plugin v27.3 - https:\/\/yoast.com\/product\/yoast-seo-wordpress\/ -->\n<title>La fachada de la Casa Consistorial se ilumina este lunes de color rojo en el D\u00eda Mundial de la Cruz Roja y la Media Luna Roja<\/title>\n<meta name=\"description\" content=\"Este mi\u00e9rcoles el Ayuntamiento se ti\u00f1e de morado para dar visibilidad al D\u00eda Mundial del Lupus, enfermedad autoinmune cr\u00f3nica\" \/>\n<meta name=\"robots\" content=\"index, follow, max-snippet:-1, max-image-preview:large, max-video-preview:-1\" \/>\n<link rel=\"canonical\" href=\"https:\/\/www.laguiadepamplona.com\/actualidad\/la-fachada-de-la-casa-consistorial-se-ilumina-este-lunes-de-color-rojo-en-el-dia-mundial-de-la-cruz-roja-y-la-media-luna-roja\/\" \/>\n<meta property=\"og:locale\" content=\"es_ES\" \/>\n<meta property=\"og:type\" content=\"article\" \/>\n<meta property=\"og:title\" content=\"La fachada de la Casa Consistorial se ilumina este lunes de color rojo en el D\u00eda Mundial de la Cruz Roja y la Media Luna Roja\" \/>\n<meta property=\"og:description\" content=\"Este mi\u00e9rcoles el Ayuntamiento se ti\u00f1e de morado para dar visibilidad al D\u00eda Mundial del Lupus, enfermedad autoinmune cr\u00f3nica\" \/>\n<meta property=\"og:url\" content=\"https:\/\/www.laguiadepamplona.com\/actualidad\/la-fachada-de-la-casa-consistorial-se-ilumina-este-lunes-de-color-rojo-en-el-dia-mundial-de-la-cruz-roja-y-la-media-luna-roja\/\" \/>\n<meta property=\"og:site_name\" content=\"La Gu\u00eda de Pamplona\" \/>\n<meta property=\"article:publisher\" content=\"https:\/\/www.facebook.com\/laguiadepamplonacom-133175176762273\/?ref=hl\" \/>\n<meta property=\"article:published_time\" content=\"2023-05-08T11:57:30+00:00\" \/>\n<meta property=\"og:image\" content=\"https:\/\/www.laguiadepamplona.com\/actualidad\/wp-content\/uploads\/2021\/10\/ayuntamiento-rojo.jpg\" \/>\n\t<meta property=\"og:image:width\" content=\"1529\" \/>\n\t<meta property=\"og:image:height\" content=\"1019\" \/>\n\t<meta property=\"og:image:type\" content=\"image\/jpeg\" \/>\n<meta name=\"author\" content=\"La Gu\u00eda de Pamplona\" \/>\n<meta name=\"twitter:card\" content=\"summary_large_image\" \/>\n<meta name=\"twitter:creator\" content=\"@LaGuiadPamplona\" \/>\n<meta name=\"twitter:site\" content=\"@LaGuiadPamplona\" \/>\n<meta name=\"twitter:label1\" content=\"Escrito por\" \/>\n\t<meta name=\"twitter:data1\" content=\"La Gu\u00eda de Pamplona\" \/>\n\t<meta name=\"twitter:label2\" content=\"Tiempo de lectura\" \/>\n\t<meta name=\"twitter:data2\" content=\"2 minutos\" \/>\n<script type=\"application\/ld+json\" class=\"yoast-schema-graph\">{\"@context\":\"https:\\\/\\\/schema.org\",\"@graph\":[{\"@type\":\"Article\",\"@id\":\"https:\\\/\\\/www.laguiadepamplona.com\\\/actualidad\\\/la-fachada-de-la-casa-consistorial-se-ilumina-este-lunes-de-color-rojo-en-el-dia-mundial-de-la-cruz-roja-y-la-media-luna-roja\\\/#article\",\"isPartOf\":{\"@id\":\"https:\\\/\\\/www.laguiadepamplona.com\\\/actualidad\\\/la-fachada-de-la-casa-consistorial-se-ilumina-este-lunes-de-color-rojo-en-el-dia-mundial-de-la-cruz-roja-y-la-media-luna-roja\\\/\"},\"author\":{\"name\":\"La Gu\u00eda de Pamplona\",\"@id\":\"https:\\\/\\\/www.laguiadepamplona.com\\\/actualidad\\\/#\\\/schema\\\/person\\\/efe887376f0213d4657c93adc50b1fdb\"},\"headline\":\"La fachada de la Casa Consistorial se ilumina este lunes de color rojo en el D\u00eda Mundial de la Cruz Roja y la Media Luna Roja\",\"datePublished\":\"2023-05-08T11:57:30+00:00\",\"mainEntityOfPage\":{\"@id\":\"https:\\\/\\\/www.laguiadepamplona.com\\\/actualidad\\\/la-fachada-de-la-casa-consistorial-se-ilumina-este-lunes-de-color-rojo-en-el-dia-mundial-de-la-cruz-roja-y-la-media-luna-roja\\\/\"},\"wordCount\":451,\"commentCount\":0,\"publisher\":{\"@id\":\"https:\\\/\\\/www.laguiadepamplona.com\\\/actualidad\\\/#organization\"},\"image\":{\"@id\":\"https:\\\/\\\/www.laguiadepamplona.com\\\/actualidad\\\/la-fachada-de-la-casa-consistorial-se-ilumina-este-lunes-de-color-rojo-en-el-dia-mundial-de-la-cruz-roja-y-la-media-luna-roja\\\/#primaryimage\"},\"thumbnailUrl\":\"https:\\\/\\\/www.laguiadepamplona.com\\\/actualidad\\\/wp-content\\\/uploads\\\/2021\\\/10\\\/ayuntamiento-rojo.jpg\",\"articleSection\":[\"Ayto Pamplona\"],\"inLanguage\":\"es\",\"potentialAction\":[{\"@type\":\"CommentAction\",\"name\":\"Comment\",\"target\":[\"https:\\\/\\\/www.laguiadepamplona.com\\\/actualidad\\\/la-fachada-de-la-casa-consistorial-se-ilumina-este-lunes-de-color-rojo-en-el-dia-mundial-de-la-cruz-roja-y-la-media-luna-roja\\\/#respond\"]}]},{\"@type\":\"WebPage\",\"@id\":\"https:\\\/\\\/www.laguiadepamplona.com\\\/actualidad\\\/la-fachada-de-la-casa-consistorial-se-ilumina-este-lunes-de-color-rojo-en-el-dia-mundial-de-la-cruz-roja-y-la-media-luna-roja\\\/\",\"url\":\"https:\\\/\\\/www.laguiadepamplona.com\\\/actualidad\\\/la-fachada-de-la-casa-consistorial-se-ilumina-este-lunes-de-color-rojo-en-el-dia-mundial-de-la-cruz-roja-y-la-media-luna-roja\\\/\",\"name\":\"La fachada de la Casa Consistorial se ilumina este lunes de color rojo en el D\u00eda Mundial de la Cruz Roja y la Media Luna Roja\",\"isPartOf\":{\"@id\":\"https:\\\/\\\/www.laguiadepamplona.com\\\/actualidad\\\/#website\"},\"primaryImageOfPage\":{\"@id\":\"https:\\\/\\\/www.laguiadepamplona.com\\\/actualidad\\\/la-fachada-de-la-casa-consistorial-se-ilumina-este-lunes-de-color-rojo-en-el-dia-mundial-de-la-cruz-roja-y-la-media-luna-roja\\\/#primaryimage\"},\"image\":{\"@id\":\"https:\\\/\\\/www.laguiadepamplona.com\\\/actualidad\\\/la-fachada-de-la-casa-consistorial-se-ilumina-este-lunes-de-color-rojo-en-el-dia-mundial-de-la-cruz-roja-y-la-media-luna-roja\\\/#primaryimage\"},\"thumbnailUrl\":\"https:\\\/\\\/www.laguiadepamplona.com\\\/actualidad\\\/wp-content\\\/uploads\\\/2021\\\/10\\\/ayuntamiento-rojo.jpg\",\"datePublished\":\"2023-05-08T11:57:30+00:00\",\"description\":\"Este mi\u00e9rcoles el Ayuntamiento se ti\u00f1e de morado para dar visibilidad al D\u00eda Mundial del Lupus, enfermedad autoinmune cr\u00f3nica\",\"breadcrumb\":{\"@id\":\"https:\\\/\\\/www.laguiadepamplona.com\\\/actualidad\\\/la-fachada-de-la-casa-consistorial-se-ilumina-este-lunes-de-color-rojo-en-el-dia-mundial-de-la-cruz-roja-y-la-media-luna-roja\\\/#breadcrumb\"},\"inLanguage\":\"es\",\"potentialAction\":[{\"@type\":\"ReadAction\",\"target\":[\"https:\\\/\\\/www.laguiadepamplona.com\\\/actualidad\\\/la-fachada-de-la-casa-consistorial-se-ilumina-este-lunes-de-color-rojo-en-el-dia-mundial-de-la-cruz-roja-y-la-media-luna-roja\\\/\"]}]},{\"@type\":\"ImageObject\",\"inLanguage\":\"es\",\"@id\":\"https:\\\/\\\/www.laguiadepamplona.com\\\/actualidad\\\/la-fachada-de-la-casa-consistorial-se-ilumina-este-lunes-de-color-rojo-en-el-dia-mundial-de-la-cruz-roja-y-la-media-luna-roja\\\/#primaryimage\",\"url\":\"https:\\\/\\\/www.laguiadepamplona.com\\\/actualidad\\\/wp-content\\\/uploads\\\/2021\\\/10\\\/ayuntamiento-rojo.jpg\",\"contentUrl\":\"https:\\\/\\\/www.laguiadepamplona.com\\\/actualidad\\\/wp-content\\\/uploads\\\/2021\\\/10\\\/ayuntamiento-rojo.jpg\",\"width\":1529,\"height\":1019,\"caption\":\"ayuntamiento rojo\"},{\"@type\":\"BreadcrumbList\",\"@id\":\"https:\\\/\\\/www.laguiadepamplona.com\\\/actualidad\\\/la-fachada-de-la-casa-consistorial-se-ilumina-este-lunes-de-color-rojo-en-el-dia-mundial-de-la-cruz-roja-y-la-media-luna-roja\\\/#breadcrumb\",\"itemListElement\":[{\"@type\":\"ListItem\",\"position\":1,\"name\":\"Portada\",\"item\":\"https:\\\/\\\/www.laguiadepamplona.com\\\/actualidad\\\/\"},{\"@type\":\"ListItem\",\"position\":2,\"name\":\"La fachada de la Casa Consistorial se ilumina este lunes de color rojo en el D\u00eda Mundial de la Cruz Roja y la Media Luna Roja\"}]},{\"@type\":\"WebSite\",\"@id\":\"https:\\\/\\\/www.laguiadepamplona.com\\\/actualidad\\\/#website\",\"url\":\"https:\\\/\\\/www.laguiadepamplona.com\\\/actualidad\\\/\",\"name\":\"La gu\u00eda de Pamplona\",\"description\":\"Noticias de Pamplona\",\"publisher\":{\"@id\":\"https:\\\/\\\/www.laguiadepamplona.com\\\/actualidad\\\/#organization\"},\"potentialAction\":[{\"@type\":\"SearchAction\",\"target\":{\"@type\":\"EntryPoint\",\"urlTemplate\":\"https:\\\/\\\/www.laguiadepamplona.com\\\/actualidad\\\/?s={search_term_string}\"},\"query-input\":{\"@type\":\"PropertyValueSpecification\",\"valueRequired\":true,\"valueName\":\"search_term_string\"}}],\"inLanguage\":\"es\"},{\"@type\":\"Organization\",\"@id\":\"https:\\\/\\\/www.laguiadepamplona.com\\\/actualidad\\\/#organization\",\"name\":\"La Gu\u00eda de Pamplona \\\/ Noticias\",\"url\":\"https:\\\/\\\/www.laguiadepamplona.com\\\/actualidad\\\/\",\"logo\":{\"@type\":\"ImageObject\",\"inLanguage\":\"es\",\"@id\":\"https:\\\/\\\/www.laguiadepamplona.com\\\/actualidad\\\/#\\\/schema\\\/logo\\\/image\\\/\",\"url\":\"https:\\\/\\\/www.laguiadepamplona.com\\\/actualidad\\\/wp-content\\\/uploads\\\/2018\\\/11\\\/logo-laguiadepamplona18-web1.png\",\"contentUrl\":\"https:\\\/\\\/www.laguiadepamplona.com\\\/actualidad\\\/wp-content\\\/uploads\\\/2018\\\/11\\\/logo-laguiadepamplona18-web1.png\",\"width\":600,\"height\":196,\"caption\":\"La Gu\u00eda de Pamplona \\\/ Noticias\"},\"image\":{\"@id\":\"https:\\\/\\\/www.laguiadepamplona.com\\\/actualidad\\\/#\\\/schema\\\/logo\\\/image\\\/\"},\"sameAs\":[\"https:\\\/\\\/www.facebook.com\\\/laguiadepamplonacom-133175176762273\\\/?ref=hl\",\"https:\\\/\\\/x.com\\\/LaGuiadPamplona\",\"https:\\\/\\\/www.instagram.com\\\/la_guia_de_pamplona\\\/\",\"https:\\\/\\\/www.youtube.com\\\/user\\\/laguiadepamplona\"]},{\"@type\":\"Person\",\"@id\":\"https:\\\/\\\/www.laguiadepamplona.com\\\/actualidad\\\/#\\\/schema\\\/person\\\/efe887376f0213d4657c93adc50b1fdb\",\"name\":\"La Gu\u00eda de Pamplona\",\"image\":{\"@type\":\"ImageObject\",\"inLanguage\":\"es\",\"@id\":\"https:\\\/\\\/secure.gravatar.com\\\/avatar\\\/b6992f131dc8d30ab0dff15446e9d346d9dbd95992de0fef795073f5ea83a81c?s=96&d=mm&r=g\",\"url\":\"https:\\\/\\\/secure.gravatar.com\\\/avatar\\\/b6992f131dc8d30ab0dff15446e9d346d9dbd95992de0fef795073f5ea83a81c?s=96&d=mm&r=g\",\"contentUrl\":\"https:\\\/\\\/secure.gravatar.com\\\/avatar\\\/b6992f131dc8d30ab0dff15446e9d346d9dbd95992de0fef795073f5ea83a81c?s=96&d=mm&r=g\",\"caption\":\"La Gu\u00eda de Pamplona\"}}]}<\/script>\n<!-- \/ Yoast SEO plugin. -->","yoast_head_json":{"title":"La fachada de la Casa Consistorial se ilumina este lunes de color rojo en el D\u00eda Mundial de la Cruz Roja y la Media Luna Roja","description":"Este mi\u00e9rcoles el Ayuntamiento se ti\u00f1e de morado para dar visibilidad al D\u00eda Mundial del Lupus, enfermedad autoinmune cr\u00f3nica","robots":{"index":"index","follow":"follow","max-snippet":"max-snippet:-1","max-image-preview":"max-image-preview:large","max-video-preview":"max-video-preview:-1"},"canonical":"https:\/\/www.laguiadepamplona.com\/actualidad\/la-fachada-de-la-casa-consistorial-se-ilumina-este-lunes-de-color-rojo-en-el-dia-mundial-de-la-cruz-roja-y-la-media-luna-roja\/","og_locale":"es_ES","og_type":"article","og_title":"La fachada de la Casa Consistorial se ilumina este lunes de color rojo en el D\u00eda Mundial de la Cruz Roja y la Media Luna Roja","og_description":"Este mi\u00e9rcoles el Ayuntamiento se ti\u00f1e de morado para dar visibilidad al D\u00eda Mundial del Lupus, enfermedad autoinmune cr\u00f3nica","og_url":"https:\/\/www.laguiadepamplona.com\/actualidad\/la-fachada-de-la-casa-consistorial-se-ilumina-este-lunes-de-color-rojo-en-el-dia-mundial-de-la-cruz-roja-y-la-media-luna-roja\/","og_site_name":"La Gu\u00eda de Pamplona","article_publisher":"https:\/\/www.facebook.com\/laguiadepamplonacom-133175176762273\/?ref=hl","article_published_time":"2023-05-08T11:57:30+00:00","og_image":[{"width":1529,"height":1019,"url":"https:\/\/www.laguiadepamplona.com\/actualidad\/wp-content\/uploads\/2021\/10\/ayuntamiento-rojo.jpg","type":"image\/jpeg"}],"author":"La Gu\u00eda de Pamplona","twitter_card":"summary_large_image","twitter_creator":"@LaGuiadPamplona","twitter_site":"@LaGuiadPamplona","twitter_misc":{"Escrito por":"La Gu\u00eda de Pamplona","Tiempo de lectura":"2 minutos"},"schema":{"@context":"https:\/\/schema.org","@graph":[{"@type":"Article","@id":"https:\/\/www.laguiadepamplona.com\/actualidad\/la-fachada-de-la-casa-consistorial-se-ilumina-este-lunes-de-color-rojo-en-el-dia-mundial-de-la-cruz-roja-y-la-media-luna-roja\/#article","isPartOf":{"@id":"https:\/\/www.laguiadepamplona.com\/actualidad\/la-fachada-de-la-casa-consistorial-se-ilumina-este-lunes-de-color-rojo-en-el-dia-mundial-de-la-cruz-roja-y-la-media-luna-roja\/"},"author":{"name":"La Gu\u00eda de Pamplona","@id":"https:\/\/www.laguiadepamplona.com\/actualidad\/#\/schema\/person\/efe887376f0213d4657c93adc50b1fdb"},"headline":"La fachada de la Casa Consistorial se ilumina este lunes de color rojo en el D\u00eda Mundial de la Cruz Roja y la Media Luna Roja","datePublished":"2023-05-08T11:57:30+00:00","mainEntityOfPage":{"@id":"https:\/\/www.laguiadepamplona.com\/actualidad\/la-fachada-de-la-casa-consistorial-se-ilumina-este-lunes-de-color-rojo-en-el-dia-mundial-de-la-cruz-roja-y-la-media-luna-roja\/"},"wordCount":451,"commentCount":0,"publisher":{"@id":"https:\/\/www.laguiadepamplona.com\/actualidad\/#organization"},"image":{"@id":"https:\/\/www.laguiadepamplona.com\/actualidad\/la-fachada-de-la-casa-consistorial-se-ilumina-este-lunes-de-color-rojo-en-el-dia-mundial-de-la-cruz-roja-y-la-media-luna-roja\/#primaryimage"},"thumbnailUrl":"https:\/\/www.laguiadepamplona.com\/actualidad\/wp-content\/uploads\/2021\/10\/ayuntamiento-rojo.jpg","articleSection":["Ayto Pamplona"],"inLanguage":"es","potentialAction":[{"@type":"CommentAction","name":"Comment","target":["https:\/\/www.laguiadepamplona.com\/actualidad\/la-fachada-de-la-casa-consistorial-se-ilumina-este-lunes-de-color-rojo-en-el-dia-mundial-de-la-cruz-roja-y-la-media-luna-roja\/#respond"]}]},{"@type":"WebPage","@id":"https:\/\/www.laguiadepamplona.com\/actualidad\/la-fachada-de-la-casa-consistorial-se-ilumina-este-lunes-de-color-rojo-en-el-dia-mundial-de-la-cruz-roja-y-la-media-luna-roja\/","url":"https:\/\/www.laguiadepamplona.com\/actualidad\/la-fachada-de-la-casa-consistorial-se-ilumina-este-lunes-de-color-rojo-en-el-dia-mundial-de-la-cruz-roja-y-la-media-luna-roja\/","name":"La fachada de la Casa Consistorial se ilumina este lunes de color rojo en el D\u00eda Mundial de la Cruz Roja y la Media Luna Roja","isPartOf":{"@id":"https:\/\/www.laguiadepamplona.com\/actualidad\/#website"},"primaryImageOfPage":{"@id":"https:\/\/www.laguiadepamplona.com\/actualidad\/la-fachada-de-la-casa-consistorial-se-ilumina-este-lunes-de-color-rojo-en-el-dia-mundial-de-la-cruz-roja-y-la-media-luna-roja\/#primaryimage"},"image":{"@id":"https:\/\/www.laguiadepamplona.com\/actualidad\/la-fachada-de-la-casa-consistorial-se-ilumina-este-lunes-de-color-rojo-en-el-dia-mundial-de-la-cruz-roja-y-la-media-luna-roja\/#primaryimage"},"thumbnailUrl":"https:\/\/www.laguiadepamplona.com\/actualidad\/wp-content\/uploads\/2021\/10\/ayuntamiento-rojo.jpg","datePublished":"2023-05-08T11:57:30+00:00","description":"Este mi\u00e9rcoles el Ayuntamiento se ti\u00f1e de morado para dar visibilidad al D\u00eda Mundial del Lupus, enfermedad autoinmune cr\u00f3nica","breadcrumb":{"@id":"https:\/\/www.laguiadepamplona.com\/actualidad\/la-fachada-de-la-casa-consistorial-se-ilumina-este-lunes-de-color-rojo-en-el-dia-mundial-de-la-cruz-roja-y-la-media-luna-roja\/#breadcrumb"},"inLanguage":"es","potentialAction":[{"@type":"ReadAction","target":["https:\/\/www.laguiadepamplona.com\/actualidad\/la-fachada-de-la-casa-consistorial-se-ilumina-este-lunes-de-color-rojo-en-el-dia-mundial-de-la-cruz-roja-y-la-media-luna-roja\/"]}]},{"@type":"ImageObject","inLanguage":"es","@id":"https:\/\/www.laguiadepamplona.com\/actualidad\/la-fachada-de-la-casa-consistorial-se-ilumina-este-lunes-de-color-rojo-en-el-dia-mundial-de-la-cruz-roja-y-la-media-luna-roja\/#primaryimage","url":"https:\/\/www.laguiadepamplona.com\/actualidad\/wp-content\/uploads\/2021\/10\/ayuntamiento-rojo.jpg","contentUrl":"https:\/\/www.laguiadepamplona.com\/actualidad\/wp-content\/uploads\/2021\/10\/ayuntamiento-rojo.jpg","width":1529,"height":1019,"caption":"ayuntamiento rojo"},{"@type":"BreadcrumbList","@id":"https:\/\/www.laguiadepamplona.com\/actualidad\/la-fachada-de-la-casa-consistorial-se-ilumina-este-lunes-de-color-rojo-en-el-dia-mundial-de-la-cruz-roja-y-la-media-luna-roja\/#breadcrumb","itemListElement":[{"@type":"ListItem","position":1,"name":"Portada","item":"https:\/\/www.laguiadepamplona.com\/actualidad\/"},{"@type":"ListItem","position":2,"name":"La fachada de la Casa Consistorial se ilumina este lunes de color rojo en el D\u00eda Mundial de la Cruz Roja y la Media Luna Roja"}]},{"@type":"WebSite","@id":"https:\/\/www.laguiadepamplona.com\/actualidad\/#website","url":"https:\/\/www.laguiadepamplona.com\/actualidad\/","name":"La gu\u00eda de Pamplona","description":"Noticias de Pamplona","publisher":{"@id":"https:\/\/www.laguiadepamplona.com\/actualidad\/#organization"},"potentialAction":[{"@type":"SearchAction","target":{"@type":"EntryPoint","urlTemplate":"https:\/\/www.laguiadepamplona.com\/actualidad\/?s={search_term_string}"},"query-input":{"@type":"PropertyValueSpecification","valueRequired":true,"valueName":"search_term_string"}}],"inLanguage":"es"},{"@type":"Organization","@id":"https:\/\/www.laguiadepamplona.com\/actualidad\/#organization","name":"La Gu\u00eda de Pamplona \/ Noticias","url":"https:\/\/www.laguiadepamplona.com\/actualidad\/","logo":{"@type":"ImageObject","inLanguage":"es","@id":"https:\/\/www.laguiadepamplona.com\/actualidad\/#\/schema\/logo\/image\/","url":"https:\/\/www.laguiadepamplona.com\/actualidad\/wp-content\/uploads\/2018\/11\/logo-laguiadepamplona18-web1.png","contentUrl":"https:\/\/www.laguiadepamplona.com\/actualidad\/wp-content\/uploads\/2018\/11\/logo-laguiadepamplona18-web1.png","width":600,"height":196,"caption":"La Gu\u00eda de Pamplona \/ Noticias"},"image":{"@id":"https:\/\/www.laguiadepamplona.com\/actualidad\/#\/schema\/logo\/image\/"},"sameAs":["https:\/\/www.facebook.com\/laguiadepamplonacom-133175176762273\/?ref=hl","https:\/\/x.com\/LaGuiadPamplona","https:\/\/www.instagram.com\/la_guia_de_pamplona\/","https:\/\/www.youtube.com\/user\/laguiadepamplona"]},{"@type":"Person","@id":"https:\/\/www.laguiadepamplona.com\/actualidad\/#\/schema\/person\/efe887376f0213d4657c93adc50b1fdb","name":"La Gu\u00eda de Pamplona","image":{"@type":"ImageObject","inLanguage":"es","@id":"https:\/\/secure.gravatar.com\/avatar\/b6992f131dc8d30ab0dff15446e9d346d9dbd95992de0fef795073f5ea83a81c?s=96&d=mm&r=g","url":"https:\/\/secure.gravatar.com\/avatar\/b6992f131dc8d30ab0dff15446e9d346d9dbd95992de0fef795073f5ea83a81c?s=96&d=mm&r=g","contentUrl":"https:\/\/secure.gravatar.com\/avatar\/b6992f131dc8d30ab0dff15446e9d346d9dbd95992de0fef795073f5ea83a81c?s=96&d=mm&r=g","caption":"La Gu\u00eda de Pamplona"}}]}},"post_mailing_queue_ids":[],"_links":{"self":[{"href":"https:\/\/www.laguiadepamplona.com\/actualidad\/wp-json\/wp\/v2\/posts\/46606","targetHints":{"allow":["GET"]}}],"collection":[{"href":"https:\/\/www.laguiadepamplona.com\/actualidad\/wp-json\/wp\/v2\/posts"}],"about":[{"href":"https:\/\/www.laguiadepamplona.com\/actualidad\/wp-json\/wp\/v2\/types\/post"}],"author":[{"embeddable":true,"href":"https:\/\/www.laguiadepamplona.com\/actualidad\/wp-json\/wp\/v2\/users\/1"}],"replies":[{"embeddable":true,"href":"https:\/\/www.laguiadepamplona.com\/actualidad\/wp-json\/wp\/v2\/comments?post=46606"}],"version-history":[{"count":1,"href":"https:\/\/www.laguiadepamplona.com\/actualidad\/wp-json\/wp\/v2\/posts\/46606\/revisions"}],"predecessor-version":[{"id":46607,"href":"https:\/\/www.laguiadepamplona.com\/actualidad\/wp-json\/wp\/v2\/posts\/46606\/revisions\/46607"}],"wp:featuredmedia":[{"embeddable":true,"href":"https:\/\/www.laguiadepamplona.com\/actualidad\/wp-json\/wp\/v2\/media\/36967"}],"wp:attachment":[{"href":"https:\/\/www.laguiadepamplona.com\/actualidad\/wp-json\/wp\/v2\/media?parent=46606"}],"wp:term":[{"taxonomy":"category","embeddable":true,"href":"https:\/\/www.laguiadepamplona.com\/actualidad\/wp-json\/wp\/v2\/categories?post=46606"},{"taxonomy":"post_tag","embeddable":true,"href":"https:\/\/www.laguiadepamplona.com\/actualidad\/wp-json\/wp\/v2\/tags?post=46606"}],"curies":[{"name":"wp","href":"https:\/\/api.w.org\/{rel}","templated":true}]}}