{"id":46602,"date":"2023-05-08T13:55:10","date_gmt":"2023-05-08T11:55:10","guid":{"rendered":"https:\/\/www.laguiadepamplona.com\/actualidad\/?p=46602"},"modified":"2023-05-08T13:55:10","modified_gmt":"2023-05-08T11:55:10","slug":"el-alumnado-de-infantil-y-primaria-aprende-a-crear-un-vinculo-positivo-con-la-naturaleza-a-traves-del-programa-municipal-de-huertas-ecologicas-escolares","status":"publish","type":"post","link":"https:\/\/www.laguiadepamplona.com\/actualidad\/el-alumnado-de-infantil-y-primaria-aprende-a-crear-un-vinculo-positivo-con-la-naturaleza-a-traves-del-programa-municipal-de-huertas-ecologicas-escolares\/","title":{"rendered":"El alumnado de Infantil y Primaria aprende a crear un v\u00ednculo positivo con la naturaleza a trav\u00e9s del programa municipal de huertas ecol\u00f3gicas escolares"},"content":{"rendered":"<h3>Este mi\u00e9rcoles, el Museo de Educaci\u00f3n Ambiental acoge un encuentro con profesorado participante en el programa abierto a otras personas interesadas<\/h3>\n<p><!--more--><\/p>\n<p>El Ayuntamiento de Pamplona ofrece al alumnado de Infantil y Primaria el Programa de huertas ecol\u00f3gicas escolares, que permite un acercamiento a la naturaleza a trav\u00e9s del trabajo en la huerta. Estas huertas pueden ser las del propio centro o se instalan si el centro no cuenta con ellas y en ellas el alumnado trabaja durante el curso acad\u00e9mico con el objetivo de lograr un aprendizaje significativo a trav\u00e9s de las distintas actividades.<\/p>\n<p>El programa, iniciado en 2017, integra nuevos centros cada a\u00f1o, tras la correspondiente convocatoria. Este curso se han incorporado los centros CEIP Ermitaga\u00f1a y Hegoalde Ikastola, y para el pr\u00f3ximo participar\u00e1n CEIP V\u00e1zquez de Mella y Claret-Larraona. La iniciativa ofrece un acompa\u00f1amiento durante dos a\u00f1os, empezando por una formaci\u00f3n de doce horas para todo el claustro en el primer a\u00f1o y reuniones trimestrales, m\u00e1s un taller por curso para el alumnado de cada ciclo.<br \/>\n<script async src=\"\/\/pagead2.googlesyndication.com\/pagead\/js\/adsbygoogle.js\"><\/script><br \/>\n<!-- Noticias La Guia de Pamplona --><br \/>\n<ins class=\"adsbygoogle\"\nstyle=\"display:block\"\ndata-ad-client=\"ca-pub-6943679897239327\"\ndata-ad-slot=\"7048180777\"\ndata-ad-format=\"auto\"><\/ins><br \/>\n<script>\n(adsbygoogle = window.adsbygoogle || []).push({});\n<\/script><\/p>\n<p>Cada centro dispone de una huerta, instalada por el programa en el caso de que el centro no cuente con ella. En torno a ello se organizan los talleres, de la forma en que cada centro participante lo decida, con alumnado y profesorado e invitando a las familias en algunos casos. La huerta se convierte en un espacio de aprendizaje en contacto con la naturaleza, donde los ni\u00f1os y ni\u00f1as aprenden sobre plantas, alimentaci\u00f3n, biodiversidad o polinizaci\u00f3n, entre otros.<\/p>\n<p>El objetivo principal es que el alumnado tenga oportunidad del contacto directo con la naturaleza, para crear un v\u00ednculo positivo que a futuro genere una sociedad m\u00e1s sostenible. El programa ofrece un recurso pedag\u00f3gico, la unidad did\u00e1ctica \u2018Del aula a la tierra\u2019, que se puede trabajar desde cualquier asignatura. La unidad est\u00e1 disponible en la <a href=\"https:\/\/educacionambiental.pamplona.es\/comunidad-educativa\/huertas-escolares\/\" target=\"_blank\" rel=\"noopener\">p\u00e1gina web del programa<\/a>, en castellano y euskera, y la puede utilizar cualquier centro interesado. La unidad did\u00e1ctica recoge una propuesta de 25 actividades.<br \/>\n<script async src=\"\/\/pagead2.googlesyndication.com\/pagead\/js\/adsbygoogle.js\"><\/script><br \/>\n<!-- Noticias La Guia de Pamplona --><br \/>\n<ins class=\"adsbygoogle\"\nstyle=\"display:block\"\ndata-ad-client=\"ca-pub-6943679897239327\"\ndata-ad-slot=\"7048180777\"\ndata-ad-format=\"auto\"><\/ins><br \/>\n<script>\n(adsbygoogle = window.adsbygoogle || []).push({});\n<\/script><\/p>\n<p>Adem\u00e1s, la web alberga v\u00eddeos de formaci\u00f3n que muestran de manera pr\u00e1ctica las diferentes labores que se pueden hacer en una huerta escolar a lo largo del curso, divididos en las caracter\u00edsticas generales de la huerta y la huerta en oto\u00f1o, en invierno y en primavera. Estos materiales tambi\u00e9n est\u00e1n disponibles en castellano y euskera, as\u00ed como la maleta viajera \u2018La cesta de la huerta\u2019, que se puede utilizar en pr\u00e9stamo de forma gratuita. Esta cesta contiene juegos tem\u00e1ticos, libros, diferentes semillas con fichas asociadas de im\u00e1genes y una gu\u00eda para el profesorado con una propuesta de actividades, para el acercamiento a la huerta de una forma l\u00fadica, divertida y experimental.<\/p>\n<p>La actividad se refuerza con el encuentro que cada a\u00f1o se organiza en el Museo de Educaci\u00f3n Ambiental, un espacio en el que se intercambian buenas pr\u00e1cticas entre el profesorado participante y se reflexiona sobre los puntos fuertes y las mejoras que se pueden incluir. Este encuentro, que se celebra este mi\u00e9rcoles entre las 10 y las 13 horas, est\u00e1 abierto tambi\u00e9n a cualquier profesional interesado o que quiera participar en pr\u00f3ximas ediciones.<\/p>\n<p>El programa municipal de huertas ecol\u00f3gicas escolares se enmarca en la Estrategia \u2018GoGreen\u2019 de Transici\u00f3n Energ\u00e9tica y Cambio Clim\u00e1tico2030 del Ayuntamiento de Pamplona. El objetivo es reducir en un 64% las emisiones respecto a 2005, mejorar un 39% su eficiencia energ\u00e9tica y conseguir que el 37% del consumo sea renovable.<\/p>\n","protected":false},"excerpt":{"rendered":"<p>Este mi\u00e9rcoles, el Museo de Educaci\u00f3n Ambiental acoge un encuentro con profesorado participante en el programa abierto a otras personas interesadas<\/p>\n","protected":false},"author":1,"featured_media":46604,"comment_status":"open","ping_status":"closed","sticky":false,"template":"","format":"standard","meta":{"footnotes":""},"categories":[2],"tags":[],"class_list":["post-46602","post","type-post","status-publish","format-standard","has-post-thumbnail","hentry","category-ayuntamiento-pamplona"],"yoast_head":"<!-- This site is optimized with the Yoast SEO plugin v27.3 - https:\/\/yoast.com\/product\/yoast-seo-wordpress\/ -->\n<title>El alumnado de Infantil y Primaria aprende a crear un v\u00ednculo positivo con la naturaleza a trav\u00e9s del programa municipal de huertas ecol\u00f3gicas escolares<\/title>\n<meta name=\"description\" content=\"Este mi\u00e9rcoles, el Museo de Educaci\u00f3n Ambiental acoge un encuentro con profesorado participante en el programa abierto a otras personas interesadas\" \/>\n<meta name=\"robots\" content=\"index, follow, max-snippet:-1, max-image-preview:large, max-video-preview:-1\" \/>\n<link rel=\"canonical\" href=\"https:\/\/www.laguiadepamplona.com\/actualidad\/el-alumnado-de-infantil-y-primaria-aprende-a-crear-un-vinculo-positivo-con-la-naturaleza-a-traves-del-programa-municipal-de-huertas-ecologicas-escolares\/\" \/>\n<meta property=\"og:locale\" content=\"es_ES\" \/>\n<meta property=\"og:type\" content=\"article\" \/>\n<meta property=\"og:title\" content=\"El alumnado de Infantil y Primaria aprende a crear un v\u00ednculo positivo con la naturaleza a trav\u00e9s del programa municipal de huertas ecol\u00f3gicas escolares\" \/>\n<meta property=\"og:description\" content=\"Este mi\u00e9rcoles, el Museo de Educaci\u00f3n Ambiental acoge un encuentro con profesorado participante en el programa abierto a otras personas interesadas\" \/>\n<meta property=\"og:url\" content=\"https:\/\/www.laguiadepamplona.com\/actualidad\/el-alumnado-de-infantil-y-primaria-aprende-a-crear-un-vinculo-positivo-con-la-naturaleza-a-traves-del-programa-municipal-de-huertas-ecologicas-escolares\/\" \/>\n<meta property=\"og:site_name\" content=\"La Gu\u00eda de Pamplona\" \/>\n<meta property=\"article:publisher\" content=\"https:\/\/www.facebook.com\/laguiadepamplonacom-133175176762273\/?ref=hl\" \/>\n<meta property=\"article:published_time\" content=\"2023-05-08T11:55:10+00:00\" \/>\n<meta property=\"og:image\" content=\"https:\/\/www.laguiadepamplona.com\/actualidad\/wp-content\/uploads\/2023\/05\/171013huertos-escolares-sanduzelai1_0.webp\" \/>\n\t<meta property=\"og:image:width\" content=\"1417\" \/>\n\t<meta property=\"og:image:height\" content=\"1063\" \/>\n\t<meta property=\"og:image:type\" content=\"image\/webp\" \/>\n<meta name=\"author\" content=\"La Gu\u00eda de Pamplona\" \/>\n<meta name=\"twitter:card\" content=\"summary_large_image\" \/>\n<meta name=\"twitter:creator\" content=\"@LaGuiadPamplona\" \/>\n<meta name=\"twitter:site\" content=\"@LaGuiadPamplona\" \/>\n<meta name=\"twitter:label1\" content=\"Escrito por\" \/>\n\t<meta name=\"twitter:data1\" content=\"La Gu\u00eda de Pamplona\" \/>\n\t<meta name=\"twitter:label2\" content=\"Tiempo de lectura\" \/>\n\t<meta name=\"twitter:data2\" content=\"3 minutos\" \/>\n<script type=\"application\/ld+json\" class=\"yoast-schema-graph\">{\"@context\":\"https:\\\/\\\/schema.org\",\"@graph\":[{\"@type\":\"Article\",\"@id\":\"https:\\\/\\\/www.laguiadepamplona.com\\\/actualidad\\\/el-alumnado-de-infantil-y-primaria-aprende-a-crear-un-vinculo-positivo-con-la-naturaleza-a-traves-del-programa-municipal-de-huertas-ecologicas-escolares\\\/#article\",\"isPartOf\":{\"@id\":\"https:\\\/\\\/www.laguiadepamplona.com\\\/actualidad\\\/el-alumnado-de-infantil-y-primaria-aprende-a-crear-un-vinculo-positivo-con-la-naturaleza-a-traves-del-programa-municipal-de-huertas-ecologicas-escolares\\\/\"},\"author\":{\"name\":\"La Gu\u00eda de Pamplona\",\"@id\":\"https:\\\/\\\/www.laguiadepamplona.com\\\/actualidad\\\/#\\\/schema\\\/person\\\/efe887376f0213d4657c93adc50b1fdb\"},\"headline\":\"El alumnado de Infantil y Primaria aprende a crear un v\u00ednculo positivo con la naturaleza a trav\u00e9s del programa municipal de huertas ecol\u00f3gicas escolares\",\"datePublished\":\"2023-05-08T11:55:10+00:00\",\"mainEntityOfPage\":{\"@id\":\"https:\\\/\\\/www.laguiadepamplona.com\\\/actualidad\\\/el-alumnado-de-infantil-y-primaria-aprende-a-crear-un-vinculo-positivo-con-la-naturaleza-a-traves-del-programa-municipal-de-huertas-ecologicas-escolares\\\/\"},\"wordCount\":629,\"commentCount\":0,\"publisher\":{\"@id\":\"https:\\\/\\\/www.laguiadepamplona.com\\\/actualidad\\\/#organization\"},\"image\":{\"@id\":\"https:\\\/\\\/www.laguiadepamplona.com\\\/actualidad\\\/el-alumnado-de-infantil-y-primaria-aprende-a-crear-un-vinculo-positivo-con-la-naturaleza-a-traves-del-programa-municipal-de-huertas-ecologicas-escolares\\\/#primaryimage\"},\"thumbnailUrl\":\"https:\\\/\\\/www.laguiadepamplona.com\\\/actualidad\\\/wp-content\\\/uploads\\\/2023\\\/05\\\/171013huertos-escolares-sanduzelai1_0.webp\",\"articleSection\":[\"Ayto Pamplona\"],\"inLanguage\":\"es\",\"potentialAction\":[{\"@type\":\"CommentAction\",\"name\":\"Comment\",\"target\":[\"https:\\\/\\\/www.laguiadepamplona.com\\\/actualidad\\\/el-alumnado-de-infantil-y-primaria-aprende-a-crear-un-vinculo-positivo-con-la-naturaleza-a-traves-del-programa-municipal-de-huertas-ecologicas-escolares\\\/#respond\"]}]},{\"@type\":\"WebPage\",\"@id\":\"https:\\\/\\\/www.laguiadepamplona.com\\\/actualidad\\\/el-alumnado-de-infantil-y-primaria-aprende-a-crear-un-vinculo-positivo-con-la-naturaleza-a-traves-del-programa-municipal-de-huertas-ecologicas-escolares\\\/\",\"url\":\"https:\\\/\\\/www.laguiadepamplona.com\\\/actualidad\\\/el-alumnado-de-infantil-y-primaria-aprende-a-crear-un-vinculo-positivo-con-la-naturaleza-a-traves-del-programa-municipal-de-huertas-ecologicas-escolares\\\/\",\"name\":\"El alumnado de Infantil y Primaria aprende a crear un v\u00ednculo positivo con la naturaleza a trav\u00e9s del programa municipal de huertas ecol\u00f3gicas escolares\",\"isPartOf\":{\"@id\":\"https:\\\/\\\/www.laguiadepamplona.com\\\/actualidad\\\/#website\"},\"primaryImageOfPage\":{\"@id\":\"https:\\\/\\\/www.laguiadepamplona.com\\\/actualidad\\\/el-alumnado-de-infantil-y-primaria-aprende-a-crear-un-vinculo-positivo-con-la-naturaleza-a-traves-del-programa-municipal-de-huertas-ecologicas-escolares\\\/#primaryimage\"},\"image\":{\"@id\":\"https:\\\/\\\/www.laguiadepamplona.com\\\/actualidad\\\/el-alumnado-de-infantil-y-primaria-aprende-a-crear-un-vinculo-positivo-con-la-naturaleza-a-traves-del-programa-municipal-de-huertas-ecologicas-escolares\\\/#primaryimage\"},\"thumbnailUrl\":\"https:\\\/\\\/www.laguiadepamplona.com\\\/actualidad\\\/wp-content\\\/uploads\\\/2023\\\/05\\\/171013huertos-escolares-sanduzelai1_0.webp\",\"datePublished\":\"2023-05-08T11:55:10+00:00\",\"description\":\"Este mi\u00e9rcoles, el Museo de Educaci\u00f3n Ambiental acoge un encuentro con profesorado participante en el programa abierto a otras personas interesadas\",\"breadcrumb\":{\"@id\":\"https:\\\/\\\/www.laguiadepamplona.com\\\/actualidad\\\/el-alumnado-de-infantil-y-primaria-aprende-a-crear-un-vinculo-positivo-con-la-naturaleza-a-traves-del-programa-municipal-de-huertas-ecologicas-escolares\\\/#breadcrumb\"},\"inLanguage\":\"es\",\"potentialAction\":[{\"@type\":\"ReadAction\",\"target\":[\"https:\\\/\\\/www.laguiadepamplona.com\\\/actualidad\\\/el-alumnado-de-infantil-y-primaria-aprende-a-crear-un-vinculo-positivo-con-la-naturaleza-a-traves-del-programa-municipal-de-huertas-ecologicas-escolares\\\/\"]}]},{\"@type\":\"ImageObject\",\"inLanguage\":\"es\",\"@id\":\"https:\\\/\\\/www.laguiadepamplona.com\\\/actualidad\\\/el-alumnado-de-infantil-y-primaria-aprende-a-crear-un-vinculo-positivo-con-la-naturaleza-a-traves-del-programa-municipal-de-huertas-ecologicas-escolares\\\/#primaryimage\",\"url\":\"https:\\\/\\\/www.laguiadepamplona.com\\\/actualidad\\\/wp-content\\\/uploads\\\/2023\\\/05\\\/171013huertos-escolares-sanduzelai1_0.webp\",\"contentUrl\":\"https:\\\/\\\/www.laguiadepamplona.com\\\/actualidad\\\/wp-content\\\/uploads\\\/2023\\\/05\\\/171013huertos-escolares-sanduzelai1_0.webp\",\"width\":1417,\"height\":1063},{\"@type\":\"BreadcrumbList\",\"@id\":\"https:\\\/\\\/www.laguiadepamplona.com\\\/actualidad\\\/el-alumnado-de-infantil-y-primaria-aprende-a-crear-un-vinculo-positivo-con-la-naturaleza-a-traves-del-programa-municipal-de-huertas-ecologicas-escolares\\\/#breadcrumb\",\"itemListElement\":[{\"@type\":\"ListItem\",\"position\":1,\"name\":\"Portada\",\"item\":\"https:\\\/\\\/www.laguiadepamplona.com\\\/actualidad\\\/\"},{\"@type\":\"ListItem\",\"position\":2,\"name\":\"El alumnado de Infantil y Primaria aprende a crear un v\u00ednculo positivo con la naturaleza a trav\u00e9s del programa municipal de huertas ecol\u00f3gicas escolares\"}]},{\"@type\":\"WebSite\",\"@id\":\"https:\\\/\\\/www.laguiadepamplona.com\\\/actualidad\\\/#website\",\"url\":\"https:\\\/\\\/www.laguiadepamplona.com\\\/actualidad\\\/\",\"name\":\"La gu\u00eda de Pamplona\",\"description\":\"Noticias de Pamplona\",\"publisher\":{\"@id\":\"https:\\\/\\\/www.laguiadepamplona.com\\\/actualidad\\\/#organization\"},\"potentialAction\":[{\"@type\":\"SearchAction\",\"target\":{\"@type\":\"EntryPoint\",\"urlTemplate\":\"https:\\\/\\\/www.laguiadepamplona.com\\\/actualidad\\\/?s={search_term_string}\"},\"query-input\":{\"@type\":\"PropertyValueSpecification\",\"valueRequired\":true,\"valueName\":\"search_term_string\"}}],\"inLanguage\":\"es\"},{\"@type\":\"Organization\",\"@id\":\"https:\\\/\\\/www.laguiadepamplona.com\\\/actualidad\\\/#organization\",\"name\":\"La Gu\u00eda de Pamplona \\\/ Noticias\",\"url\":\"https:\\\/\\\/www.laguiadepamplona.com\\\/actualidad\\\/\",\"logo\":{\"@type\":\"ImageObject\",\"inLanguage\":\"es\",\"@id\":\"https:\\\/\\\/www.laguiadepamplona.com\\\/actualidad\\\/#\\\/schema\\\/logo\\\/image\\\/\",\"url\":\"https:\\\/\\\/www.laguiadepamplona.com\\\/actualidad\\\/wp-content\\\/uploads\\\/2018\\\/11\\\/logo-laguiadepamplona18-web1.png\",\"contentUrl\":\"https:\\\/\\\/www.laguiadepamplona.com\\\/actualidad\\\/wp-content\\\/uploads\\\/2018\\\/11\\\/logo-laguiadepamplona18-web1.png\",\"width\":600,\"height\":196,\"caption\":\"La Gu\u00eda de Pamplona \\\/ Noticias\"},\"image\":{\"@id\":\"https:\\\/\\\/www.laguiadepamplona.com\\\/actualidad\\\/#\\\/schema\\\/logo\\\/image\\\/\"},\"sameAs\":[\"https:\\\/\\\/www.facebook.com\\\/laguiadepamplonacom-133175176762273\\\/?ref=hl\",\"https:\\\/\\\/x.com\\\/LaGuiadPamplona\",\"https:\\\/\\\/www.instagram.com\\\/la_guia_de_pamplona\\\/\",\"https:\\\/\\\/www.youtube.com\\\/user\\\/laguiadepamplona\"]},{\"@type\":\"Person\",\"@id\":\"https:\\\/\\\/www.laguiadepamplona.com\\\/actualidad\\\/#\\\/schema\\\/person\\\/efe887376f0213d4657c93adc50b1fdb\",\"name\":\"La Gu\u00eda de Pamplona\",\"image\":{\"@type\":\"ImageObject\",\"inLanguage\":\"es\",\"@id\":\"https:\\\/\\\/secure.gravatar.com\\\/avatar\\\/b6992f131dc8d30ab0dff15446e9d346d9dbd95992de0fef795073f5ea83a81c?s=96&d=mm&r=g\",\"url\":\"https:\\\/\\\/secure.gravatar.com\\\/avatar\\\/b6992f131dc8d30ab0dff15446e9d346d9dbd95992de0fef795073f5ea83a81c?s=96&d=mm&r=g\",\"contentUrl\":\"https:\\\/\\\/secure.gravatar.com\\\/avatar\\\/b6992f131dc8d30ab0dff15446e9d346d9dbd95992de0fef795073f5ea83a81c?s=96&d=mm&r=g\",\"caption\":\"La Gu\u00eda de Pamplona\"}}]}<\/script>\n<!-- \/ Yoast SEO plugin. -->","yoast_head_json":{"title":"El alumnado de Infantil y Primaria aprende a crear un v\u00ednculo positivo con la naturaleza a trav\u00e9s del programa municipal de huertas ecol\u00f3gicas escolares","description":"Este mi\u00e9rcoles, el Museo de Educaci\u00f3n Ambiental acoge un encuentro con profesorado participante en el programa abierto a otras personas interesadas","robots":{"index":"index","follow":"follow","max-snippet":"max-snippet:-1","max-image-preview":"max-image-preview:large","max-video-preview":"max-video-preview:-1"},"canonical":"https:\/\/www.laguiadepamplona.com\/actualidad\/el-alumnado-de-infantil-y-primaria-aprende-a-crear-un-vinculo-positivo-con-la-naturaleza-a-traves-del-programa-municipal-de-huertas-ecologicas-escolares\/","og_locale":"es_ES","og_type":"article","og_title":"El alumnado de Infantil y Primaria aprende a crear un v\u00ednculo positivo con la naturaleza a trav\u00e9s del programa municipal de huertas ecol\u00f3gicas escolares","og_description":"Este mi\u00e9rcoles, el Museo de Educaci\u00f3n Ambiental acoge un encuentro con profesorado participante en el programa abierto a otras personas interesadas","og_url":"https:\/\/www.laguiadepamplona.com\/actualidad\/el-alumnado-de-infantil-y-primaria-aprende-a-crear-un-vinculo-positivo-con-la-naturaleza-a-traves-del-programa-municipal-de-huertas-ecologicas-escolares\/","og_site_name":"La Gu\u00eda de Pamplona","article_publisher":"https:\/\/www.facebook.com\/laguiadepamplonacom-133175176762273\/?ref=hl","article_published_time":"2023-05-08T11:55:10+00:00","og_image":[{"width":1417,"height":1063,"url":"https:\/\/www.laguiadepamplona.com\/actualidad\/wp-content\/uploads\/2023\/05\/171013huertos-escolares-sanduzelai1_0.webp","type":"image\/webp"}],"author":"La Gu\u00eda de Pamplona","twitter_card":"summary_large_image","twitter_creator":"@LaGuiadPamplona","twitter_site":"@LaGuiadPamplona","twitter_misc":{"Escrito por":"La Gu\u00eda de Pamplona","Tiempo de lectura":"3 minutos"},"schema":{"@context":"https:\/\/schema.org","@graph":[{"@type":"Article","@id":"https:\/\/www.laguiadepamplona.com\/actualidad\/el-alumnado-de-infantil-y-primaria-aprende-a-crear-un-vinculo-positivo-con-la-naturaleza-a-traves-del-programa-municipal-de-huertas-ecologicas-escolares\/#article","isPartOf":{"@id":"https:\/\/www.laguiadepamplona.com\/actualidad\/el-alumnado-de-infantil-y-primaria-aprende-a-crear-un-vinculo-positivo-con-la-naturaleza-a-traves-del-programa-municipal-de-huertas-ecologicas-escolares\/"},"author":{"name":"La Gu\u00eda de Pamplona","@id":"https:\/\/www.laguiadepamplona.com\/actualidad\/#\/schema\/person\/efe887376f0213d4657c93adc50b1fdb"},"headline":"El alumnado de Infantil y Primaria aprende a crear un v\u00ednculo positivo con la naturaleza a trav\u00e9s del programa municipal de huertas ecol\u00f3gicas escolares","datePublished":"2023-05-08T11:55:10+00:00","mainEntityOfPage":{"@id":"https:\/\/www.laguiadepamplona.com\/actualidad\/el-alumnado-de-infantil-y-primaria-aprende-a-crear-un-vinculo-positivo-con-la-naturaleza-a-traves-del-programa-municipal-de-huertas-ecologicas-escolares\/"},"wordCount":629,"commentCount":0,"publisher":{"@id":"https:\/\/www.laguiadepamplona.com\/actualidad\/#organization"},"image":{"@id":"https:\/\/www.laguiadepamplona.com\/actualidad\/el-alumnado-de-infantil-y-primaria-aprende-a-crear-un-vinculo-positivo-con-la-naturaleza-a-traves-del-programa-municipal-de-huertas-ecologicas-escolares\/#primaryimage"},"thumbnailUrl":"https:\/\/www.laguiadepamplona.com\/actualidad\/wp-content\/uploads\/2023\/05\/171013huertos-escolares-sanduzelai1_0.webp","articleSection":["Ayto Pamplona"],"inLanguage":"es","potentialAction":[{"@type":"CommentAction","name":"Comment","target":["https:\/\/www.laguiadepamplona.com\/actualidad\/el-alumnado-de-infantil-y-primaria-aprende-a-crear-un-vinculo-positivo-con-la-naturaleza-a-traves-del-programa-municipal-de-huertas-ecologicas-escolares\/#respond"]}]},{"@type":"WebPage","@id":"https:\/\/www.laguiadepamplona.com\/actualidad\/el-alumnado-de-infantil-y-primaria-aprende-a-crear-un-vinculo-positivo-con-la-naturaleza-a-traves-del-programa-municipal-de-huertas-ecologicas-escolares\/","url":"https:\/\/www.laguiadepamplona.com\/actualidad\/el-alumnado-de-infantil-y-primaria-aprende-a-crear-un-vinculo-positivo-con-la-naturaleza-a-traves-del-programa-municipal-de-huertas-ecologicas-escolares\/","name":"El alumnado de Infantil y Primaria aprende a crear un v\u00ednculo positivo con la naturaleza a trav\u00e9s del programa municipal de huertas ecol\u00f3gicas escolares","isPartOf":{"@id":"https:\/\/www.laguiadepamplona.com\/actualidad\/#website"},"primaryImageOfPage":{"@id":"https:\/\/www.laguiadepamplona.com\/actualidad\/el-alumnado-de-infantil-y-primaria-aprende-a-crear-un-vinculo-positivo-con-la-naturaleza-a-traves-del-programa-municipal-de-huertas-ecologicas-escolares\/#primaryimage"},"image":{"@id":"https:\/\/www.laguiadepamplona.com\/actualidad\/el-alumnado-de-infantil-y-primaria-aprende-a-crear-un-vinculo-positivo-con-la-naturaleza-a-traves-del-programa-municipal-de-huertas-ecologicas-escolares\/#primaryimage"},"thumbnailUrl":"https:\/\/www.laguiadepamplona.com\/actualidad\/wp-content\/uploads\/2023\/05\/171013huertos-escolares-sanduzelai1_0.webp","datePublished":"2023-05-08T11:55:10+00:00","description":"Este mi\u00e9rcoles, el Museo de Educaci\u00f3n Ambiental acoge un encuentro con profesorado participante en el programa abierto a otras personas interesadas","breadcrumb":{"@id":"https:\/\/www.laguiadepamplona.com\/actualidad\/el-alumnado-de-infantil-y-primaria-aprende-a-crear-un-vinculo-positivo-con-la-naturaleza-a-traves-del-programa-municipal-de-huertas-ecologicas-escolares\/#breadcrumb"},"inLanguage":"es","potentialAction":[{"@type":"ReadAction","target":["https:\/\/www.laguiadepamplona.com\/actualidad\/el-alumnado-de-infantil-y-primaria-aprende-a-crear-un-vinculo-positivo-con-la-naturaleza-a-traves-del-programa-municipal-de-huertas-ecologicas-escolares\/"]}]},{"@type":"ImageObject","inLanguage":"es","@id":"https:\/\/www.laguiadepamplona.com\/actualidad\/el-alumnado-de-infantil-y-primaria-aprende-a-crear-un-vinculo-positivo-con-la-naturaleza-a-traves-del-programa-municipal-de-huertas-ecologicas-escolares\/#primaryimage","url":"https:\/\/www.laguiadepamplona.com\/actualidad\/wp-content\/uploads\/2023\/05\/171013huertos-escolares-sanduzelai1_0.webp","contentUrl":"https:\/\/www.laguiadepamplona.com\/actualidad\/wp-content\/uploads\/2023\/05\/171013huertos-escolares-sanduzelai1_0.webp","width":1417,"height":1063},{"@type":"BreadcrumbList","@id":"https:\/\/www.laguiadepamplona.com\/actualidad\/el-alumnado-de-infantil-y-primaria-aprende-a-crear-un-vinculo-positivo-con-la-naturaleza-a-traves-del-programa-municipal-de-huertas-ecologicas-escolares\/#breadcrumb","itemListElement":[{"@type":"ListItem","position":1,"name":"Portada","item":"https:\/\/www.laguiadepamplona.com\/actualidad\/"},{"@type":"ListItem","position":2,"name":"El alumnado de Infantil y Primaria aprende a crear un v\u00ednculo positivo con la naturaleza a trav\u00e9s del programa municipal de huertas ecol\u00f3gicas escolares"}]},{"@type":"WebSite","@id":"https:\/\/www.laguiadepamplona.com\/actualidad\/#website","url":"https:\/\/www.laguiadepamplona.com\/actualidad\/","name":"La gu\u00eda de Pamplona","description":"Noticias de Pamplona","publisher":{"@id":"https:\/\/www.laguiadepamplona.com\/actualidad\/#organization"},"potentialAction":[{"@type":"SearchAction","target":{"@type":"EntryPoint","urlTemplate":"https:\/\/www.laguiadepamplona.com\/actualidad\/?s={search_term_string}"},"query-input":{"@type":"PropertyValueSpecification","valueRequired":true,"valueName":"search_term_string"}}],"inLanguage":"es"},{"@type":"Organization","@id":"https:\/\/www.laguiadepamplona.com\/actualidad\/#organization","name":"La Gu\u00eda de Pamplona \/ Noticias","url":"https:\/\/www.laguiadepamplona.com\/actualidad\/","logo":{"@type":"ImageObject","inLanguage":"es","@id":"https:\/\/www.laguiadepamplona.com\/actualidad\/#\/schema\/logo\/image\/","url":"https:\/\/www.laguiadepamplona.com\/actualidad\/wp-content\/uploads\/2018\/11\/logo-laguiadepamplona18-web1.png","contentUrl":"https:\/\/www.laguiadepamplona.com\/actualidad\/wp-content\/uploads\/2018\/11\/logo-laguiadepamplona18-web1.png","width":600,"height":196,"caption":"La Gu\u00eda de Pamplona \/ Noticias"},"image":{"@id":"https:\/\/www.laguiadepamplona.com\/actualidad\/#\/schema\/logo\/image\/"},"sameAs":["https:\/\/www.facebook.com\/laguiadepamplonacom-133175176762273\/?ref=hl","https:\/\/x.com\/LaGuiadPamplona","https:\/\/www.instagram.com\/la_guia_de_pamplona\/","https:\/\/www.youtube.com\/user\/laguiadepamplona"]},{"@type":"Person","@id":"https:\/\/www.laguiadepamplona.com\/actualidad\/#\/schema\/person\/efe887376f0213d4657c93adc50b1fdb","name":"La Gu\u00eda de Pamplona","image":{"@type":"ImageObject","inLanguage":"es","@id":"https:\/\/secure.gravatar.com\/avatar\/b6992f131dc8d30ab0dff15446e9d346d9dbd95992de0fef795073f5ea83a81c?s=96&d=mm&r=g","url":"https:\/\/secure.gravatar.com\/avatar\/b6992f131dc8d30ab0dff15446e9d346d9dbd95992de0fef795073f5ea83a81c?s=96&d=mm&r=g","contentUrl":"https:\/\/secure.gravatar.com\/avatar\/b6992f131dc8d30ab0dff15446e9d346d9dbd95992de0fef795073f5ea83a81c?s=96&d=mm&r=g","caption":"La Gu\u00eda de Pamplona"}}]}},"post_mailing_queue_ids":[],"_links":{"self":[{"href":"https:\/\/www.laguiadepamplona.com\/actualidad\/wp-json\/wp\/v2\/posts\/46602","targetHints":{"allow":["GET"]}}],"collection":[{"href":"https:\/\/www.laguiadepamplona.com\/actualidad\/wp-json\/wp\/v2\/posts"}],"about":[{"href":"https:\/\/www.laguiadepamplona.com\/actualidad\/wp-json\/wp\/v2\/types\/post"}],"author":[{"embeddable":true,"href":"https:\/\/www.laguiadepamplona.com\/actualidad\/wp-json\/wp\/v2\/users\/1"}],"replies":[{"embeddable":true,"href":"https:\/\/www.laguiadepamplona.com\/actualidad\/wp-json\/wp\/v2\/comments?post=46602"}],"version-history":[{"count":1,"href":"https:\/\/www.laguiadepamplona.com\/actualidad\/wp-json\/wp\/v2\/posts\/46602\/revisions"}],"predecessor-version":[{"id":46605,"href":"https:\/\/www.laguiadepamplona.com\/actualidad\/wp-json\/wp\/v2\/posts\/46602\/revisions\/46605"}],"wp:featuredmedia":[{"embeddable":true,"href":"https:\/\/www.laguiadepamplona.com\/actualidad\/wp-json\/wp\/v2\/media\/46604"}],"wp:attachment":[{"href":"https:\/\/www.laguiadepamplona.com\/actualidad\/wp-json\/wp\/v2\/media?parent=46602"}],"wp:term":[{"taxonomy":"category","embeddable":true,"href":"https:\/\/www.laguiadepamplona.com\/actualidad\/wp-json\/wp\/v2\/categories?post=46602"},{"taxonomy":"post_tag","embeddable":true,"href":"https:\/\/www.laguiadepamplona.com\/actualidad\/wp-json\/wp\/v2\/tags?post=46602"}],"curies":[{"name":"wp","href":"https:\/\/api.w.org\/{rel}","templated":true}]}}