{"id":46598,"date":"2023-05-08T12:29:03","date_gmt":"2023-05-08T10:29:03","guid":{"rendered":"https:\/\/www.laguiadepamplona.com\/actualidad\/?p=46598"},"modified":"2023-05-08T12:29:03","modified_gmt":"2023-05-08T10:29:03","slug":"el-ayuntamiento-aprueba-la-oferta-publica-de-empleo-de-reposicion-para-2023-que-incluye-81-plazas-17-de-ellas-para-policia-municipal","status":"publish","type":"post","link":"https:\/\/www.laguiadepamplona.com\/actualidad\/el-ayuntamiento-aprueba-la-oferta-publica-de-empleo-de-reposicion-para-2023-que-incluye-81-plazas-17-de-ellas-para-policia-municipal\/","title":{"rendered":"El Ayuntamiento aprueba la Oferta P\u00fablica de Empleo de reposici\u00f3n para 2023, que incluye 81 plazas, 17 de ellas para Polic\u00eda Municipal"},"content":{"rendered":"<h3>Aprobada la Oferta P\u00fablica de Empleo de reposici\u00f3n para 2023 y una Oferta P\u00fablica de Empleo adicional, con 50 plazas, de las que 36 son para personal administrativo y 10 para trabajador\/a familiar<\/h3>\n<p><!--more--><\/p>\n<p>La Junta de Gobierno Local del Ayuntamiento de Pamplona ha aprobado esta ma\u00f1ana la Oferta P\u00fablica de Empleo de reposici\u00f3n para el a\u00f1o 2023, que contempla 81 puestos de trabajo. El grupo m\u00e1s numeroso de plazas es para Polic\u00eda Municipal, con 10 agentes y 7 subinspectores, seguido por los cinco puestos de responsable del programa de Bienestar Social y los cinco de auxiliar de funcionamiento. La oferta tambi\u00e9n incluye dos puestos de soci\u00f3logo\/a, dos de veterinario\/a, dos de titulado de grado medio con complemento de Trabajo Social, dos oficiales administrativos de personal, y dos de oficial inspector\/a de conservaci\u00f3n urbana.<\/p>\n<p>El resto de plazas son individuales para los puestos como arquitecto, aparejador, traductor de vascuence, t\u00e9cnico superior de archivo, medico, t\u00e9cnico en enfermer\u00eda del trabajo, t\u00e9cnico de participaci\u00f3n, t\u00e9cnico de integraci\u00f3n social, trabajador social, encargado de mantenimiento, auxiliar sepulturero o auxiliar de zoonosis.<br \/>\n<script async src=\"\/\/pagead2.googlesyndication.com\/pagead\/js\/adsbygoogle.js\"><\/script><br \/>\n<!-- Noticias La Guia de Pamplona --><br \/>\n<ins class=\"adsbygoogle\"\nstyle=\"display:block\"\ndata-ad-client=\"ca-pub-6943679897239327\"\ndata-ad-slot=\"7048180777\"\ndata-ad-format=\"auto\"><\/ins><br \/>\n<script>\n(adsbygoogle = window.adsbygoogle || []).push({});\n<\/script><\/p>\n<p>Adem\u00e1s de la OPE de reposici\u00f3n, el Ayuntamiento ha aprobado, con car\u00e1cter extraordinario, una Oferta P\u00fablica de Empleo adicional, con 50 plazas, ya que la Ley 31\/2022, de 23 de diciembre, de Presupuestos Generales del Estado para el a\u00f1o 2023 as\u00ed lo permite en su art\u00edculo 20, con el objetivo de que la temporalidad en el empleo p\u00fablico sea inferior al 8% de las plazas de naturaleza estructural. Entre ellas, el grupo m\u00e1s numeroso corresponde a puestos de personal administrativo (oficiales y auxiliares), con 36 plazas, seguido por las diez plazas de trabajador\/a familiar. Tambi\u00e9n se oferta una plaza de ingeniero t\u00e9cnico industrial de conservaci\u00f3n urbana, dos encargados\/as de cementerio, y un puesto de inspector\/a auxiliar.<\/p>\n<p>Las 131 plazas que forman la Oferta P\u00fablica de Empleo para 2023 corresponden a plazas que se hallan vacantes. Para que la Oferta P\u00fablica de Empleo sea v\u00e1lida, es necesario que se publique en el Bolet\u00edn Oficial de Navarra.<br \/>\n<script async src=\"\/\/pagead2.googlesyndication.com\/pagead\/js\/adsbygoogle.js\"><\/script><br \/>\n<!-- Noticias La Guia de Pamplona --><br \/>\n<ins class=\"adsbygoogle\"\nstyle=\"display:block\"\ndata-ad-client=\"ca-pub-6943679897239327\"\ndata-ad-slot=\"7048180777\"\ndata-ad-format=\"auto\"><\/ins><br \/>\n<script>\n(adsbygoogle = window.adsbygoogle || []).push({});\n<\/script><\/p>\n<p>&nbsp;<\/p>\n<h3>Oferta P\u00fablica de Empleo para 2023. 131 Plazas<\/h3>\n<ul>\n<li>OPE de reposici\u00f3n. 81 plazas:\n<ul>\n<li>1 Secretario\/a Pleno<\/li>\n<li>1 Arquitecto\/a<\/li>\n<li>1 T\u00e9cnico\/a superior de archivo<\/li>\n<li>1 Licenciado\/a en Pedagog\u00eda<\/li>\n<li>2 Soci\u00f3logo\/a<\/li>\n<li>1 Graduado\/a en Ciencias de la Actividad F\u00edsica y Deporte<\/li>\n<li>1 Traductor\/a de vascuence<\/li>\n<li>1 Responsable gesti\u00f3n econ\u00f3mica financiera presupuestaria<\/li>\n<li>2 Veterinario\/a<\/li>\n<li>1 Titulado superior t\u00e9cnico\/a materias de seguridad<\/li>\n<li>1 M\u00e9dico especialista en Medicina del Trabajo<\/li>\n<li>1 Titulado\/a Superior Medio Ambiente<\/li>\n<li>1 Jefe\/a Servicio Euskera<\/li>\n<li>1 Arquitecto\/a Gestor\/a Urbanizaciones<\/li>\n<li>1 Veterinario\/a gestor\/a<\/li>\n<li>7 Subinspector\/a Polic\u00eda Municipal<\/li>\n<li>1 T\u00e9cnico\/a Cooperaci\u00f3n Desarrollo<\/li>\n<li>1 Titulado\/a grado medio (jardines)<\/li>\n<li>1 Titulado grado medio con compto Trabajo Social<\/li>\n<li>2 Titulado grado medio con compto Trabajo Social<\/li>\n<li>1 Profesor\/a de artes y oficios<\/li>\n<li>1 Responsable catastro<\/li>\n<li>1 Responsable de rentas y plusval\u00eda<\/li>\n<li>1 T\u00e9cnico\/a prevenci\u00f3n riesgos laborales<\/li>\n<li>1 Aparejador\/a responsable oficina rehabilitaci\u00f3n<\/li>\n<li>5 Responsable programa Bienestar Social<\/li>\n<li>1 Responsable de centros de bienestar social<\/li>\n<li>1 T\u00e9cnico\/a de grado medio de archivo<\/li>\n<li>1 T\u00e9cnico\/a participaci\u00f3n<\/li>\n<li>1 T\u00e9cnico\/a comunitario\/a<\/li>\n<li>1 T\u00e9cnico de intervenci\u00f3n social con personas mayores<\/li>\n<li>1 T\u00e9cnico\/a en enfermer\u00eda del trabajo<\/li>\n<li>10 Agentes Polic\u00eda Municipal<\/li>\n<li>1 Jefe\/a servicio (parque desinfecci\u00f3n)<\/li>\n<li>1 T\u00e9cnico de integraci\u00f3n social<\/li>\n<li>1 Encargado\/a general de conservaci\u00f3n urbana<\/li>\n<li>1 Encargado\/a de zoonosis<\/li>\n<li>1 Encargado\/a empleo social<\/li>\n<li>1 Jefe\/a servicio de actas y notificaci\u00f3n<\/li>\n<li>1 Oficial profesional prevenci\u00f3n riesgos laborales<\/li>\n<li>1 Encargado\/a mantenimiento conservaci\u00f3n urbana<\/li>\n<li>2 Oficial administrativo\/a personal<\/li>\n<li>2 Oficial inspector\/a de conservaci\u00f3n urbana<\/li>\n<li>1 Oficial de funcionamiento de instalaciones<\/li>\n<li>1 Encargado\/a mantenimiento y compto<\/li>\n<li>5 Auxiliar de funcionamiento de instalaciones<\/li>\n<li>1 Trabajador\/a familiar<\/li>\n<li>1 Auxiliar administrativo\/a compto<\/li>\n<li>1 Encargado\/a mantenimiento conservaci\u00f3n urbana<\/li>\n<li>1 Auxiliar sepulturero\/a<\/li>\n<li>1 Oficial empleo social<\/li>\n<li>1 Trabajador\/a familiar a tiempo parcial<\/li>\n<li>1 Auxiliar de zoonosis<\/li>\n<\/ul>\n<\/li>\n<\/ul>\n<p>&nbsp;<\/p>\n<ul>\n<li><strong>OPE adicional. 50 plazas:<\/strong>\n<ul>\n<li>1 Ingeniero\/a t\u00e9cnico\/a industrial conservaci\u00f3n urbana<\/li>\n<li>27 Oficial administrativo\/a, oficial administrativo\/a compto y oficial administrativo\/a funciones gestor<\/li>\n<li>2 Encargado\/a cementerio<\/li>\n<li>9 Auxiliar administrativo\/a y auxiliar administrativo\/a compto<\/li>\n<li>10 Trabajador\/a familiar y trabajador\/a familiar a tiempo parcial<\/li>\n<li>1 Inspector\/a auxiliar<\/li>\n<\/ul>\n<\/li>\n<\/ul>\n","protected":false},"excerpt":{"rendered":"<p>Aprobada la Oferta P\u00fablica de Empleo de reposici\u00f3n para 2023 y una Oferta P\u00fablica de Empleo adicional, con 50 plazas, de las que 36 son para personal administrativo y 10&#8230;<\/p>\n","protected":false},"author":1,"featured_media":42333,"comment_status":"open","ping_status":"closed","sticky":false,"template":"","format":"standard","meta":{"footnotes":""},"categories":[2],"tags":[],"class_list":["post-46598","post","type-post","status-publish","format-standard","has-post-thumbnail","hentry","category-ayuntamiento-pamplona"],"yoast_head":"<!-- This site is optimized with the Yoast SEO plugin v27.3 - https:\/\/yoast.com\/product\/yoast-seo-wordpress\/ -->\n<title>El Ayuntamiento aprueba la Oferta P\u00fablica de Empleo de reposici\u00f3n para 2023, que incluye 81 plazas, 17 de ellas para Polic\u00eda Municipal<\/title>\n<meta name=\"description\" content=\"Aprobada la Oferta P\u00fablica de Empleo de reposici\u00f3n para 2023 y una Oferta P\u00fablica de Empleo adicional, con 50 plazas, de las que 36 son para personal administrativo y 10 para trabajador\/a familiar\" \/>\n<meta name=\"robots\" content=\"index, follow, max-snippet:-1, max-image-preview:large, max-video-preview:-1\" \/>\n<link rel=\"canonical\" href=\"https:\/\/www.laguiadepamplona.com\/actualidad\/el-ayuntamiento-aprueba-la-oferta-publica-de-empleo-de-reposicion-para-2023-que-incluye-81-plazas-17-de-ellas-para-policia-municipal\/\" \/>\n<meta property=\"og:locale\" content=\"es_ES\" \/>\n<meta property=\"og:type\" content=\"article\" \/>\n<meta property=\"og:title\" content=\"El Ayuntamiento aprueba la Oferta P\u00fablica de Empleo de reposici\u00f3n para 2023, que incluye 81 plazas, 17 de ellas para Polic\u00eda Municipal\" \/>\n<meta property=\"og:description\" content=\"Aprobada la Oferta P\u00fablica de Empleo de reposici\u00f3n para 2023 y una Oferta P\u00fablica de Empleo adicional, con 50 plazas, de las que 36 son para personal administrativo y 10 para trabajador\/a familiar\" \/>\n<meta property=\"og:url\" content=\"https:\/\/www.laguiadepamplona.com\/actualidad\/el-ayuntamiento-aprueba-la-oferta-publica-de-empleo-de-reposicion-para-2023-que-incluye-81-plazas-17-de-ellas-para-policia-municipal\/\" \/>\n<meta property=\"og:site_name\" content=\"La Gu\u00eda de Pamplona\" \/>\n<meta property=\"article:publisher\" content=\"https:\/\/www.facebook.com\/laguiadepamplonacom-133175176762273\/?ref=hl\" \/>\n<meta property=\"article:published_time\" content=\"2023-05-08T10:29:03+00:00\" \/>\n<meta property=\"og:image\" content=\"https:\/\/www.laguiadepamplona.com\/actualidad\/wp-content\/uploads\/2022\/11\/papeles_0.webp\" \/>\n\t<meta property=\"og:image:width\" content=\"1920\" \/>\n\t<meta property=\"og:image:height\" content=\"1280\" \/>\n\t<meta property=\"og:image:type\" content=\"image\/webp\" \/>\n<meta name=\"author\" content=\"La Gu\u00eda de Pamplona\" \/>\n<meta name=\"twitter:card\" content=\"summary_large_image\" \/>\n<meta name=\"twitter:creator\" content=\"@LaGuiadPamplona\" \/>\n<meta name=\"twitter:site\" content=\"@LaGuiadPamplona\" \/>\n<meta name=\"twitter:label1\" content=\"Escrito por\" \/>\n\t<meta name=\"twitter:data1\" content=\"La Gu\u00eda de Pamplona\" \/>\n\t<meta name=\"twitter:label2\" content=\"Tiempo de lectura\" \/>\n\t<meta name=\"twitter:data2\" content=\"3 minutos\" \/>\n<script type=\"application\/ld+json\" class=\"yoast-schema-graph\">{\"@context\":\"https:\\\/\\\/schema.org\",\"@graph\":[{\"@type\":\"Article\",\"@id\":\"https:\\\/\\\/www.laguiadepamplona.com\\\/actualidad\\\/el-ayuntamiento-aprueba-la-oferta-publica-de-empleo-de-reposicion-para-2023-que-incluye-81-plazas-17-de-ellas-para-policia-municipal\\\/#article\",\"isPartOf\":{\"@id\":\"https:\\\/\\\/www.laguiadepamplona.com\\\/actualidad\\\/el-ayuntamiento-aprueba-la-oferta-publica-de-empleo-de-reposicion-para-2023-que-incluye-81-plazas-17-de-ellas-para-policia-municipal\\\/\"},\"author\":{\"name\":\"La Gu\u00eda de Pamplona\",\"@id\":\"https:\\\/\\\/www.laguiadepamplona.com\\\/actualidad\\\/#\\\/schema\\\/person\\\/efe887376f0213d4657c93adc50b1fdb\"},\"headline\":\"El Ayuntamiento aprueba la Oferta P\u00fablica de Empleo de reposici\u00f3n para 2023, que incluye 81 plazas, 17 de ellas para Polic\u00eda Municipal\",\"datePublished\":\"2023-05-08T10:29:03+00:00\",\"mainEntityOfPage\":{\"@id\":\"https:\\\/\\\/www.laguiadepamplona.com\\\/actualidad\\\/el-ayuntamiento-aprueba-la-oferta-publica-de-empleo-de-reposicion-para-2023-que-incluye-81-plazas-17-de-ellas-para-policia-municipal\\\/\"},\"wordCount\":723,\"commentCount\":0,\"publisher\":{\"@id\":\"https:\\\/\\\/www.laguiadepamplona.com\\\/actualidad\\\/#organization\"},\"image\":{\"@id\":\"https:\\\/\\\/www.laguiadepamplona.com\\\/actualidad\\\/el-ayuntamiento-aprueba-la-oferta-publica-de-empleo-de-reposicion-para-2023-que-incluye-81-plazas-17-de-ellas-para-policia-municipal\\\/#primaryimage\"},\"thumbnailUrl\":\"https:\\\/\\\/www.laguiadepamplona.com\\\/actualidad\\\/wp-content\\\/uploads\\\/2022\\\/11\\\/papeles_0.webp\",\"articleSection\":[\"Ayto Pamplona\"],\"inLanguage\":\"es\",\"potentialAction\":[{\"@type\":\"CommentAction\",\"name\":\"Comment\",\"target\":[\"https:\\\/\\\/www.laguiadepamplona.com\\\/actualidad\\\/el-ayuntamiento-aprueba-la-oferta-publica-de-empleo-de-reposicion-para-2023-que-incluye-81-plazas-17-de-ellas-para-policia-municipal\\\/#respond\"]}]},{\"@type\":\"WebPage\",\"@id\":\"https:\\\/\\\/www.laguiadepamplona.com\\\/actualidad\\\/el-ayuntamiento-aprueba-la-oferta-publica-de-empleo-de-reposicion-para-2023-que-incluye-81-plazas-17-de-ellas-para-policia-municipal\\\/\",\"url\":\"https:\\\/\\\/www.laguiadepamplona.com\\\/actualidad\\\/el-ayuntamiento-aprueba-la-oferta-publica-de-empleo-de-reposicion-para-2023-que-incluye-81-plazas-17-de-ellas-para-policia-municipal\\\/\",\"name\":\"El Ayuntamiento aprueba la Oferta P\u00fablica de Empleo de reposici\u00f3n para 2023, que incluye 81 plazas, 17 de ellas para Polic\u00eda Municipal\",\"isPartOf\":{\"@id\":\"https:\\\/\\\/www.laguiadepamplona.com\\\/actualidad\\\/#website\"},\"primaryImageOfPage\":{\"@id\":\"https:\\\/\\\/www.laguiadepamplona.com\\\/actualidad\\\/el-ayuntamiento-aprueba-la-oferta-publica-de-empleo-de-reposicion-para-2023-que-incluye-81-plazas-17-de-ellas-para-policia-municipal\\\/#primaryimage\"},\"image\":{\"@id\":\"https:\\\/\\\/www.laguiadepamplona.com\\\/actualidad\\\/el-ayuntamiento-aprueba-la-oferta-publica-de-empleo-de-reposicion-para-2023-que-incluye-81-plazas-17-de-ellas-para-policia-municipal\\\/#primaryimage\"},\"thumbnailUrl\":\"https:\\\/\\\/www.laguiadepamplona.com\\\/actualidad\\\/wp-content\\\/uploads\\\/2022\\\/11\\\/papeles_0.webp\",\"datePublished\":\"2023-05-08T10:29:03+00:00\",\"description\":\"Aprobada la Oferta P\u00fablica de Empleo de reposici\u00f3n para 2023 y una Oferta P\u00fablica de Empleo adicional, con 50 plazas, de las que 36 son para personal administrativo y 10 para trabajador\\\/a familiar\",\"breadcrumb\":{\"@id\":\"https:\\\/\\\/www.laguiadepamplona.com\\\/actualidad\\\/el-ayuntamiento-aprueba-la-oferta-publica-de-empleo-de-reposicion-para-2023-que-incluye-81-plazas-17-de-ellas-para-policia-municipal\\\/#breadcrumb\"},\"inLanguage\":\"es\",\"potentialAction\":[{\"@type\":\"ReadAction\",\"target\":[\"https:\\\/\\\/www.laguiadepamplona.com\\\/actualidad\\\/el-ayuntamiento-aprueba-la-oferta-publica-de-empleo-de-reposicion-para-2023-que-incluye-81-plazas-17-de-ellas-para-policia-municipal\\\/\"]}]},{\"@type\":\"ImageObject\",\"inLanguage\":\"es\",\"@id\":\"https:\\\/\\\/www.laguiadepamplona.com\\\/actualidad\\\/el-ayuntamiento-aprueba-la-oferta-publica-de-empleo-de-reposicion-para-2023-que-incluye-81-plazas-17-de-ellas-para-policia-municipal\\\/#primaryimage\",\"url\":\"https:\\\/\\\/www.laguiadepamplona.com\\\/actualidad\\\/wp-content\\\/uploads\\\/2022\\\/11\\\/papeles_0.webp\",\"contentUrl\":\"https:\\\/\\\/www.laguiadepamplona.com\\\/actualidad\\\/wp-content\\\/uploads\\\/2022\\\/11\\\/papeles_0.webp\",\"width\":1920,\"height\":1280},{\"@type\":\"BreadcrumbList\",\"@id\":\"https:\\\/\\\/www.laguiadepamplona.com\\\/actualidad\\\/el-ayuntamiento-aprueba-la-oferta-publica-de-empleo-de-reposicion-para-2023-que-incluye-81-plazas-17-de-ellas-para-policia-municipal\\\/#breadcrumb\",\"itemListElement\":[{\"@type\":\"ListItem\",\"position\":1,\"name\":\"Portada\",\"item\":\"https:\\\/\\\/www.laguiadepamplona.com\\\/actualidad\\\/\"},{\"@type\":\"ListItem\",\"position\":2,\"name\":\"El Ayuntamiento aprueba la Oferta P\u00fablica de Empleo de reposici\u00f3n para 2023, que incluye 81 plazas, 17 de ellas para Polic\u00eda Municipal\"}]},{\"@type\":\"WebSite\",\"@id\":\"https:\\\/\\\/www.laguiadepamplona.com\\\/actualidad\\\/#website\",\"url\":\"https:\\\/\\\/www.laguiadepamplona.com\\\/actualidad\\\/\",\"name\":\"La gu\u00eda de Pamplona\",\"description\":\"Noticias de Pamplona\",\"publisher\":{\"@id\":\"https:\\\/\\\/www.laguiadepamplona.com\\\/actualidad\\\/#organization\"},\"potentialAction\":[{\"@type\":\"SearchAction\",\"target\":{\"@type\":\"EntryPoint\",\"urlTemplate\":\"https:\\\/\\\/www.laguiadepamplona.com\\\/actualidad\\\/?s={search_term_string}\"},\"query-input\":{\"@type\":\"PropertyValueSpecification\",\"valueRequired\":true,\"valueName\":\"search_term_string\"}}],\"inLanguage\":\"es\"},{\"@type\":\"Organization\",\"@id\":\"https:\\\/\\\/www.laguiadepamplona.com\\\/actualidad\\\/#organization\",\"name\":\"La Gu\u00eda de Pamplona \\\/ Noticias\",\"url\":\"https:\\\/\\\/www.laguiadepamplona.com\\\/actualidad\\\/\",\"logo\":{\"@type\":\"ImageObject\",\"inLanguage\":\"es\",\"@id\":\"https:\\\/\\\/www.laguiadepamplona.com\\\/actualidad\\\/#\\\/schema\\\/logo\\\/image\\\/\",\"url\":\"https:\\\/\\\/www.laguiadepamplona.com\\\/actualidad\\\/wp-content\\\/uploads\\\/2018\\\/11\\\/logo-laguiadepamplona18-web1.png\",\"contentUrl\":\"https:\\\/\\\/www.laguiadepamplona.com\\\/actualidad\\\/wp-content\\\/uploads\\\/2018\\\/11\\\/logo-laguiadepamplona18-web1.png\",\"width\":600,\"height\":196,\"caption\":\"La Gu\u00eda de Pamplona \\\/ Noticias\"},\"image\":{\"@id\":\"https:\\\/\\\/www.laguiadepamplona.com\\\/actualidad\\\/#\\\/schema\\\/logo\\\/image\\\/\"},\"sameAs\":[\"https:\\\/\\\/www.facebook.com\\\/laguiadepamplonacom-133175176762273\\\/?ref=hl\",\"https:\\\/\\\/x.com\\\/LaGuiadPamplona\",\"https:\\\/\\\/www.instagram.com\\\/la_guia_de_pamplona\\\/\",\"https:\\\/\\\/www.youtube.com\\\/user\\\/laguiadepamplona\"]},{\"@type\":\"Person\",\"@id\":\"https:\\\/\\\/www.laguiadepamplona.com\\\/actualidad\\\/#\\\/schema\\\/person\\\/efe887376f0213d4657c93adc50b1fdb\",\"name\":\"La Gu\u00eda de Pamplona\",\"image\":{\"@type\":\"ImageObject\",\"inLanguage\":\"es\",\"@id\":\"https:\\\/\\\/secure.gravatar.com\\\/avatar\\\/b6992f131dc8d30ab0dff15446e9d346d9dbd95992de0fef795073f5ea83a81c?s=96&d=mm&r=g\",\"url\":\"https:\\\/\\\/secure.gravatar.com\\\/avatar\\\/b6992f131dc8d30ab0dff15446e9d346d9dbd95992de0fef795073f5ea83a81c?s=96&d=mm&r=g\",\"contentUrl\":\"https:\\\/\\\/secure.gravatar.com\\\/avatar\\\/b6992f131dc8d30ab0dff15446e9d346d9dbd95992de0fef795073f5ea83a81c?s=96&d=mm&r=g\",\"caption\":\"La Gu\u00eda de Pamplona\"}}]}<\/script>\n<!-- \/ Yoast SEO plugin. -->","yoast_head_json":{"title":"El Ayuntamiento aprueba la Oferta P\u00fablica de Empleo de reposici\u00f3n para 2023, que incluye 81 plazas, 17 de ellas para Polic\u00eda Municipal","description":"Aprobada la Oferta P\u00fablica de Empleo de reposici\u00f3n para 2023 y una Oferta P\u00fablica de Empleo adicional, con 50 plazas, de las que 36 son para personal administrativo y 10 para trabajador\/a familiar","robots":{"index":"index","follow":"follow","max-snippet":"max-snippet:-1","max-image-preview":"max-image-preview:large","max-video-preview":"max-video-preview:-1"},"canonical":"https:\/\/www.laguiadepamplona.com\/actualidad\/el-ayuntamiento-aprueba-la-oferta-publica-de-empleo-de-reposicion-para-2023-que-incluye-81-plazas-17-de-ellas-para-policia-municipal\/","og_locale":"es_ES","og_type":"article","og_title":"El Ayuntamiento aprueba la Oferta P\u00fablica de Empleo de reposici\u00f3n para 2023, que incluye 81 plazas, 17 de ellas para Polic\u00eda Municipal","og_description":"Aprobada la Oferta P\u00fablica de Empleo de reposici\u00f3n para 2023 y una Oferta P\u00fablica de Empleo adicional, con 50 plazas, de las que 36 son para personal administrativo y 10 para trabajador\/a familiar","og_url":"https:\/\/www.laguiadepamplona.com\/actualidad\/el-ayuntamiento-aprueba-la-oferta-publica-de-empleo-de-reposicion-para-2023-que-incluye-81-plazas-17-de-ellas-para-policia-municipal\/","og_site_name":"La Gu\u00eda de Pamplona","article_publisher":"https:\/\/www.facebook.com\/laguiadepamplonacom-133175176762273\/?ref=hl","article_published_time":"2023-05-08T10:29:03+00:00","og_image":[{"width":1920,"height":1280,"url":"https:\/\/www.laguiadepamplona.com\/actualidad\/wp-content\/uploads\/2022\/11\/papeles_0.webp","type":"image\/webp"}],"author":"La Gu\u00eda de Pamplona","twitter_card":"summary_large_image","twitter_creator":"@LaGuiadPamplona","twitter_site":"@LaGuiadPamplona","twitter_misc":{"Escrito por":"La Gu\u00eda de Pamplona","Tiempo de lectura":"3 minutos"},"schema":{"@context":"https:\/\/schema.org","@graph":[{"@type":"Article","@id":"https:\/\/www.laguiadepamplona.com\/actualidad\/el-ayuntamiento-aprueba-la-oferta-publica-de-empleo-de-reposicion-para-2023-que-incluye-81-plazas-17-de-ellas-para-policia-municipal\/#article","isPartOf":{"@id":"https:\/\/www.laguiadepamplona.com\/actualidad\/el-ayuntamiento-aprueba-la-oferta-publica-de-empleo-de-reposicion-para-2023-que-incluye-81-plazas-17-de-ellas-para-policia-municipal\/"},"author":{"name":"La Gu\u00eda de Pamplona","@id":"https:\/\/www.laguiadepamplona.com\/actualidad\/#\/schema\/person\/efe887376f0213d4657c93adc50b1fdb"},"headline":"El Ayuntamiento aprueba la Oferta P\u00fablica de Empleo de reposici\u00f3n para 2023, que incluye 81 plazas, 17 de ellas para Polic\u00eda Municipal","datePublished":"2023-05-08T10:29:03+00:00","mainEntityOfPage":{"@id":"https:\/\/www.laguiadepamplona.com\/actualidad\/el-ayuntamiento-aprueba-la-oferta-publica-de-empleo-de-reposicion-para-2023-que-incluye-81-plazas-17-de-ellas-para-policia-municipal\/"},"wordCount":723,"commentCount":0,"publisher":{"@id":"https:\/\/www.laguiadepamplona.com\/actualidad\/#organization"},"image":{"@id":"https:\/\/www.laguiadepamplona.com\/actualidad\/el-ayuntamiento-aprueba-la-oferta-publica-de-empleo-de-reposicion-para-2023-que-incluye-81-plazas-17-de-ellas-para-policia-municipal\/#primaryimage"},"thumbnailUrl":"https:\/\/www.laguiadepamplona.com\/actualidad\/wp-content\/uploads\/2022\/11\/papeles_0.webp","articleSection":["Ayto Pamplona"],"inLanguage":"es","potentialAction":[{"@type":"CommentAction","name":"Comment","target":["https:\/\/www.laguiadepamplona.com\/actualidad\/el-ayuntamiento-aprueba-la-oferta-publica-de-empleo-de-reposicion-para-2023-que-incluye-81-plazas-17-de-ellas-para-policia-municipal\/#respond"]}]},{"@type":"WebPage","@id":"https:\/\/www.laguiadepamplona.com\/actualidad\/el-ayuntamiento-aprueba-la-oferta-publica-de-empleo-de-reposicion-para-2023-que-incluye-81-plazas-17-de-ellas-para-policia-municipal\/","url":"https:\/\/www.laguiadepamplona.com\/actualidad\/el-ayuntamiento-aprueba-la-oferta-publica-de-empleo-de-reposicion-para-2023-que-incluye-81-plazas-17-de-ellas-para-policia-municipal\/","name":"El Ayuntamiento aprueba la Oferta P\u00fablica de Empleo de reposici\u00f3n para 2023, que incluye 81 plazas, 17 de ellas para Polic\u00eda Municipal","isPartOf":{"@id":"https:\/\/www.laguiadepamplona.com\/actualidad\/#website"},"primaryImageOfPage":{"@id":"https:\/\/www.laguiadepamplona.com\/actualidad\/el-ayuntamiento-aprueba-la-oferta-publica-de-empleo-de-reposicion-para-2023-que-incluye-81-plazas-17-de-ellas-para-policia-municipal\/#primaryimage"},"image":{"@id":"https:\/\/www.laguiadepamplona.com\/actualidad\/el-ayuntamiento-aprueba-la-oferta-publica-de-empleo-de-reposicion-para-2023-que-incluye-81-plazas-17-de-ellas-para-policia-municipal\/#primaryimage"},"thumbnailUrl":"https:\/\/www.laguiadepamplona.com\/actualidad\/wp-content\/uploads\/2022\/11\/papeles_0.webp","datePublished":"2023-05-08T10:29:03+00:00","description":"Aprobada la Oferta P\u00fablica de Empleo de reposici\u00f3n para 2023 y una Oferta P\u00fablica de Empleo adicional, con 50 plazas, de las que 36 son para personal administrativo y 10 para trabajador\/a familiar","breadcrumb":{"@id":"https:\/\/www.laguiadepamplona.com\/actualidad\/el-ayuntamiento-aprueba-la-oferta-publica-de-empleo-de-reposicion-para-2023-que-incluye-81-plazas-17-de-ellas-para-policia-municipal\/#breadcrumb"},"inLanguage":"es","potentialAction":[{"@type":"ReadAction","target":["https:\/\/www.laguiadepamplona.com\/actualidad\/el-ayuntamiento-aprueba-la-oferta-publica-de-empleo-de-reposicion-para-2023-que-incluye-81-plazas-17-de-ellas-para-policia-municipal\/"]}]},{"@type":"ImageObject","inLanguage":"es","@id":"https:\/\/www.laguiadepamplona.com\/actualidad\/el-ayuntamiento-aprueba-la-oferta-publica-de-empleo-de-reposicion-para-2023-que-incluye-81-plazas-17-de-ellas-para-policia-municipal\/#primaryimage","url":"https:\/\/www.laguiadepamplona.com\/actualidad\/wp-content\/uploads\/2022\/11\/papeles_0.webp","contentUrl":"https:\/\/www.laguiadepamplona.com\/actualidad\/wp-content\/uploads\/2022\/11\/papeles_0.webp","width":1920,"height":1280},{"@type":"BreadcrumbList","@id":"https:\/\/www.laguiadepamplona.com\/actualidad\/el-ayuntamiento-aprueba-la-oferta-publica-de-empleo-de-reposicion-para-2023-que-incluye-81-plazas-17-de-ellas-para-policia-municipal\/#breadcrumb","itemListElement":[{"@type":"ListItem","position":1,"name":"Portada","item":"https:\/\/www.laguiadepamplona.com\/actualidad\/"},{"@type":"ListItem","position":2,"name":"El Ayuntamiento aprueba la Oferta P\u00fablica de Empleo de reposici\u00f3n para 2023, que incluye 81 plazas, 17 de ellas para Polic\u00eda Municipal"}]},{"@type":"WebSite","@id":"https:\/\/www.laguiadepamplona.com\/actualidad\/#website","url":"https:\/\/www.laguiadepamplona.com\/actualidad\/","name":"La gu\u00eda de Pamplona","description":"Noticias de Pamplona","publisher":{"@id":"https:\/\/www.laguiadepamplona.com\/actualidad\/#organization"},"potentialAction":[{"@type":"SearchAction","target":{"@type":"EntryPoint","urlTemplate":"https:\/\/www.laguiadepamplona.com\/actualidad\/?s={search_term_string}"},"query-input":{"@type":"PropertyValueSpecification","valueRequired":true,"valueName":"search_term_string"}}],"inLanguage":"es"},{"@type":"Organization","@id":"https:\/\/www.laguiadepamplona.com\/actualidad\/#organization","name":"La Gu\u00eda de Pamplona \/ Noticias","url":"https:\/\/www.laguiadepamplona.com\/actualidad\/","logo":{"@type":"ImageObject","inLanguage":"es","@id":"https:\/\/www.laguiadepamplona.com\/actualidad\/#\/schema\/logo\/image\/","url":"https:\/\/www.laguiadepamplona.com\/actualidad\/wp-content\/uploads\/2018\/11\/logo-laguiadepamplona18-web1.png","contentUrl":"https:\/\/www.laguiadepamplona.com\/actualidad\/wp-content\/uploads\/2018\/11\/logo-laguiadepamplona18-web1.png","width":600,"height":196,"caption":"La Gu\u00eda de Pamplona \/ Noticias"},"image":{"@id":"https:\/\/www.laguiadepamplona.com\/actualidad\/#\/schema\/logo\/image\/"},"sameAs":["https:\/\/www.facebook.com\/laguiadepamplonacom-133175176762273\/?ref=hl","https:\/\/x.com\/LaGuiadPamplona","https:\/\/www.instagram.com\/la_guia_de_pamplona\/","https:\/\/www.youtube.com\/user\/laguiadepamplona"]},{"@type":"Person","@id":"https:\/\/www.laguiadepamplona.com\/actualidad\/#\/schema\/person\/efe887376f0213d4657c93adc50b1fdb","name":"La Gu\u00eda de Pamplona","image":{"@type":"ImageObject","inLanguage":"es","@id":"https:\/\/secure.gravatar.com\/avatar\/b6992f131dc8d30ab0dff15446e9d346d9dbd95992de0fef795073f5ea83a81c?s=96&d=mm&r=g","url":"https:\/\/secure.gravatar.com\/avatar\/b6992f131dc8d30ab0dff15446e9d346d9dbd95992de0fef795073f5ea83a81c?s=96&d=mm&r=g","contentUrl":"https:\/\/secure.gravatar.com\/avatar\/b6992f131dc8d30ab0dff15446e9d346d9dbd95992de0fef795073f5ea83a81c?s=96&d=mm&r=g","caption":"La Gu\u00eda de Pamplona"}}]}},"post_mailing_queue_ids":[],"_links":{"self":[{"href":"https:\/\/www.laguiadepamplona.com\/actualidad\/wp-json\/wp\/v2\/posts\/46598","targetHints":{"allow":["GET"]}}],"collection":[{"href":"https:\/\/www.laguiadepamplona.com\/actualidad\/wp-json\/wp\/v2\/posts"}],"about":[{"href":"https:\/\/www.laguiadepamplona.com\/actualidad\/wp-json\/wp\/v2\/types\/post"}],"author":[{"embeddable":true,"href":"https:\/\/www.laguiadepamplona.com\/actualidad\/wp-json\/wp\/v2\/users\/1"}],"replies":[{"embeddable":true,"href":"https:\/\/www.laguiadepamplona.com\/actualidad\/wp-json\/wp\/v2\/comments?post=46598"}],"version-history":[{"count":1,"href":"https:\/\/www.laguiadepamplona.com\/actualidad\/wp-json\/wp\/v2\/posts\/46598\/revisions"}],"predecessor-version":[{"id":46599,"href":"https:\/\/www.laguiadepamplona.com\/actualidad\/wp-json\/wp\/v2\/posts\/46598\/revisions\/46599"}],"wp:featuredmedia":[{"embeddable":true,"href":"https:\/\/www.laguiadepamplona.com\/actualidad\/wp-json\/wp\/v2\/media\/42333"}],"wp:attachment":[{"href":"https:\/\/www.laguiadepamplona.com\/actualidad\/wp-json\/wp\/v2\/media?parent=46598"}],"wp:term":[{"taxonomy":"category","embeddable":true,"href":"https:\/\/www.laguiadepamplona.com\/actualidad\/wp-json\/wp\/v2\/categories?post=46598"},{"taxonomy":"post_tag","embeddable":true,"href":"https:\/\/www.laguiadepamplona.com\/actualidad\/wp-json\/wp\/v2\/tags?post=46598"}],"curies":[{"name":"wp","href":"https:\/\/api.w.org\/{rel}","templated":true}]}}