{"id":46595,"date":"2023-05-05T11:20:14","date_gmt":"2023-05-05T09:20:14","guid":{"rendered":"https:\/\/www.laguiadepamplona.com\/actualidad\/?p=46595"},"modified":"2023-05-05T11:20:14","modified_gmt":"2023-05-05T09:20:14","slug":"el-ayuntamiento-de-pamplona-estrena-el-podcast-sanfermines-una-fiesta-sin-igual-un-acercamiento-sonoro-a-la-esencia-de-las-fiestas-a-traves-de-personalidades-reconocidas-dirigido-a","status":"publish","type":"post","link":"https:\/\/www.laguiadepamplona.com\/actualidad\/el-ayuntamiento-de-pamplona-estrena-el-podcast-sanfermines-una-fiesta-sin-igual-un-acercamiento-sonoro-a-la-esencia-de-las-fiestas-a-traves-de-personalidades-reconocidas-dirigido-a\/","title":{"rendered":"El Ayuntamiento de Pamplona estrena el podcast \u2018Sanfermines, una fiesta sin igual\u2019, un acercamiento sonoro a la esencia de las fiestas a trav\u00e9s de personalidades reconocidas dirigido a turistas y visitantes"},"content":{"rendered":"<h3>La primera invitada es Natalia Lacunza, que hoy ofrece un concierto en el entorno de la Plaza de Toros en los actos organizados por la \u2018escalerica\u2019<\/h3>\n<p><!--more--><\/p>\n<p>El Ayuntamiento de Pamplona, a trav\u00e9s de la marca oficial de las fiestas, \u2018SanferminesPamplona\u2019, estrena este 5 de mayo, coincidiendo con el quinto pelda\u00f1o de la escalerica, el podcast \u2018sanfermines, una fiesta sin igual\u2019. Se trata de una iniciativa que lleva las fiestas de San Ferm\u00edn al mundo del audio online, un formato de ocio y comunicaci\u00f3n que est\u00e1 experimentando en los \u00faltimos a\u00f1os un crecimiento exponencial, de una manera amena y divertida, contada por pamploneses y pamplonesas a personas de otras comunidades o pa\u00edses.<\/p>\n<p>Cada cap\u00edtulo contar\u00e1 con una persona reconocida en el \u00e1mbito nacional, que relatar\u00e1 sus experiencias y recuerdos vividos en blanco y rojo. La primera invitada ser\u00e1 la compositora y cantante Natalia Lacunza, que ser\u00e1 la encargada tambi\u00e9n de amenizar esta tarde el quinto pelda\u00f1o de la \u2018escalerica\u2019 como plato principal de las actividades organizadas por el Ayuntamiento a trav\u00e9s de la iniciativa #YaFaltaMenos.<br \/>\n<script async src=\"\/\/pagead2.googlesyndication.com\/pagead\/js\/adsbygoogle.js\"><\/script><br \/>\n<!-- Noticias La Guia de Pamplona --><br \/>\n<ins class=\"adsbygoogle\"\nstyle=\"display:block\"\ndata-ad-client=\"ca-pub-6943679897239327\"\ndata-ad-slot=\"7048180777\"\ndata-ad-format=\"auto\"><\/ins><br \/>\n<script>\n(adsbygoogle = window.adsbygoogle || []).push({});\n<\/script><\/p>\n<p>El objetivo de esta iniciativa del Ayuntamiento de Pamplona es llegar al p\u00fablico de un perfil joven-adulto de fuera de Navarra para transmitirles la realidad de las fiestas, alejada de las im\u00e1genes estereotipadas que en ocasiones se difunden cuando se habla de los Sanfermines en el \u00e1mbito nacional o internacional. Para ello se utiliza un tono distendido que genera un clima de confianza con el invitado, lo que le permite abrirse y contar experiencias personales de sus vivencias en San Ferm\u00edn.<\/p>\n<p><a href=\"https:\/\/sanferminespamplona.es\/una-fiesta-sin-igual\/\" target=\"_blank\" rel=\"noopener\">En el primer episodio de \u2018Sanfermines, una fiesta sin igual\u2019<\/a>, que ya est\u00e1 disponible en la web <a href=\"http:\/\/www.sanferminespamplona.es\" target=\"_blank\" rel=\"noopener\">www.sanferminespamplona.es<\/a> y en las principales plataformas de podcasting, la cantante y compositora pamplonesa Natalia Lacunza recuerda los mejores momentos que ha vivido de blanco y rojo, desde su miedo a los \u2018zaldikos\u2019 cuando era peque\u00f1a, a su noche m\u00e1s especial conociendo a su nueva cuadrilla. La compositora y cantante tambi\u00e9n se enfrentar\u00e1 a un peculiar test que le har\u00e1 elegir qu\u00e9 hacer en situaciones festivas, y que definir\u00e1 el tipo de sanferminera que es.<\/p>\n<p>Cada cap\u00edtulo, adem\u00e1s, se acercar\u00e1 a alguna de las tradiciones o las formas de vivir los Sanfermines, como el encierro, el chupinazo, la cuadrilla o la \u2018escalerica\u2019. Precisamente, y aprovechando que Natalia Lacunza es la protagonista de la tarde musical organizada por el Ayuntamiento para amenizar el quinto pelda\u00f1o de esta particular cuenta atr\u00e1s, en este primer cap\u00edtulo participar\u00e1n personas que cada mes se juntan para celebrarla, y contar\u00e1n c\u00f3mo son esas meriendas, cenas y encuentros de amigos pensando ya en los Sanfermines.<br \/>\n<script async src=\"\/\/pagead2.googlesyndication.com\/pagead\/js\/adsbygoogle.js\"><\/script><br \/>\n<!-- Noticias La Guia de Pamplona --><br \/>\n<ins class=\"adsbygoogle\"\nstyle=\"display:block\"\ndata-ad-client=\"ca-pub-6943679897239327\"\ndata-ad-slot=\"7048180777\"\ndata-ad-format=\"auto\"><\/ins><br \/>\n<script>\n(adsbygoogle = window.adsbygoogle || []).push({});\n<\/script><\/p>\n<p><strong>Natalia Lacunza, principal reclamo de la tarde del quinto escal\u00f3n en el entorno de la Plaza de toros<\/strong><\/p>\n<p>El concierto de Natalia Lacunza arrancar\u00e1 a las 20.30 horas en el entorno de la Plaza de Toros. La cantante y compositora pamplonesa se hizo conocida a ra\u00edz de participar en la d\u00e9cima edici\u00f3n de Operaci\u00f3n Triunfo, en 2018, donde obtuvo el tercer puesto. Hace menos de un a\u00f1o, en junio de 2022, Natalia presentaba su primer \u00e1lbum, \u2018Tiene que ser para m\u00ed\u2019, un trabajo que encierra lo ma\u0301s \u00edntimo de su proceso creativo y vital, en el que habla de despecho, de escucharse a s\u00ed misma, de hacer las cosas mal, de derrotas y esperanzas, de victorias y cicatrices\u2026 Recientemente, ha estrenado su colaboraci\u00f3n con Ana Mena en el tema \u2018Me he pillao x ti\u2019.<\/p>\n<p>Pero la tarde de #YaFaltaMenos arrancar\u00e1 antes, desde las 19.30 horas se realizar\u00e1n exhibiciones de danza urbana a cargo de la compa\u00f1\u00eda de Dhelia Aranaz. Creada en 2020, cuenta con una megacrew de unas veinte bailarinas. La tarde tambi\u00e9n contar\u00e1 con la ambientaci\u00f3n musical para amenizar las actividades previstas. Como es habitual cada pelda\u00f1o, el Ayuntamiento de Pamplona iluminar\u00e1 de color rojo la fachada de la Casa Consistorial para recordar que #YaFaltaMenos para los Sanfermines 2023.<\/p>\n<p>Al igual que en pelda\u00f1os anteriores, las actividades programadas cuentan con financiaci\u00f3n europea de los fondos Next Generation EU, a trav\u00e9s del Plan de Recuperaci\u00f3n, Transformaci\u00f3n y Resiliencia (PRTR) del Gobierno de Espa\u00f1a. El Ayuntamiento de Pamplona invita a la ciudadan\u00eda a compartir las actuaciones con los hashtags #YaFaltaMenos, #Sanfermines2023 #SanferminesPamplona, #Escalerica, y #5DeMayo.<\/p>\n","protected":false},"excerpt":{"rendered":"<p>La primera invitada es Natalia Lacunza, que hoy ofrece un concierto en el entorno de la Plaza de Toros en los actos organizados por la \u2018escalerica\u2019<\/p>\n","protected":false},"author":1,"featured_media":46596,"comment_status":"open","ping_status":"closed","sticky":false,"template":"","format":"standard","meta":{"footnotes":""},"categories":[2,9406],"tags":[],"class_list":["post-46595","post","type-post","status-publish","format-standard","has-post-thumbnail","hentry","category-ayuntamiento-pamplona","category-san-fermin"],"yoast_head":"<!-- This site is optimized with the Yoast SEO plugin v27.5 - https:\/\/yoast.com\/product\/yoast-seo-wordpress\/ -->\n<title>El Ayuntamiento de Pamplona estrena el podcast \u2018Sanfermines, una fiesta sin igual\u2019, un acercamiento sonoro a la esencia de las fiestas a trav\u00e9s de personalidades reconocidas dirigido a turistas y visitantes<\/title>\n<meta name=\"description\" content=\"La primera invitada es Natalia Lacunza, que hoy ofrece un concierto en el entorno de la Plaza de Toros en los actos organizados por la \u2018escalerica\u2019\" \/>\n<meta name=\"robots\" content=\"index, follow, max-snippet:-1, max-image-preview:large, max-video-preview:-1\" \/>\n<link rel=\"canonical\" href=\"https:\/\/www.laguiadepamplona.com\/actualidad\/el-ayuntamiento-de-pamplona-estrena-el-podcast-sanfermines-una-fiesta-sin-igual-un-acercamiento-sonoro-a-la-esencia-de-las-fiestas-a-traves-de-personalidades-reconocidas-dirigido-a\/\" \/>\n<meta property=\"og:locale\" content=\"es_ES\" \/>\n<meta property=\"og:type\" content=\"article\" \/>\n<meta property=\"og:title\" content=\"El Ayuntamiento de Pamplona estrena el podcast \u2018Sanfermines, una fiesta sin igual\u2019, un acercamiento sonoro a la esencia de las fiestas a trav\u00e9s de personalidades reconocidas dirigido a turistas y visitantes\" \/>\n<meta property=\"og:description\" content=\"La primera invitada es Natalia Lacunza, que hoy ofrece un concierto en el entorno de la Plaza de Toros en los actos organizados por la \u2018escalerica\u2019\" \/>\n<meta property=\"og:url\" content=\"https:\/\/www.laguiadepamplona.com\/actualidad\/el-ayuntamiento-de-pamplona-estrena-el-podcast-sanfermines-una-fiesta-sin-igual-un-acercamiento-sonoro-a-la-esencia-de-las-fiestas-a-traves-de-personalidades-reconocidas-dirigido-a\/\" \/>\n<meta property=\"og:site_name\" content=\"La Gu\u00eda de Pamplona\" \/>\n<meta property=\"article:publisher\" content=\"https:\/\/www.facebook.com\/laguiadepamplonacom-133175176762273\/?ref=hl\" \/>\n<meta property=\"article:published_time\" content=\"2023-05-05T09:20:14+00:00\" \/>\n<meta property=\"og:image\" content=\"https:\/\/www.laguiadepamplona.com\/actualidad\/wp-content\/uploads\/2023\/05\/podcast.jpg\" \/>\n\t<meta property=\"og:image:width\" content=\"1080\" \/>\n\t<meta property=\"og:image:height\" content=\"514\" \/>\n\t<meta property=\"og:image:type\" content=\"image\/jpeg\" \/>\n<meta name=\"author\" content=\"La Gu\u00eda de Pamplona\" \/>\n<meta name=\"twitter:card\" content=\"summary_large_image\" \/>\n<meta name=\"twitter:creator\" content=\"@LaGuiadPamplona\" \/>\n<meta name=\"twitter:site\" content=\"@LaGuiadPamplona\" \/>\n<meta name=\"twitter:label1\" content=\"Escrito por\" \/>\n\t<meta name=\"twitter:data1\" content=\"La Gu\u00eda de Pamplona\" \/>\n\t<meta name=\"twitter:label2\" content=\"Tiempo de lectura\" \/>\n\t<meta name=\"twitter:data2\" content=\"4 minutos\" \/>\n<script type=\"application\/ld+json\" class=\"yoast-schema-graph\">{\"@context\":\"https:\\\/\\\/schema.org\",\"@graph\":[{\"@type\":\"Article\",\"@id\":\"https:\\\/\\\/www.laguiadepamplona.com\\\/actualidad\\\/el-ayuntamiento-de-pamplona-estrena-el-podcast-sanfermines-una-fiesta-sin-igual-un-acercamiento-sonoro-a-la-esencia-de-las-fiestas-a-traves-de-personalidades-reconocidas-dirigido-a\\\/#article\",\"isPartOf\":{\"@id\":\"https:\\\/\\\/www.laguiadepamplona.com\\\/actualidad\\\/el-ayuntamiento-de-pamplona-estrena-el-podcast-sanfermines-una-fiesta-sin-igual-un-acercamiento-sonoro-a-la-esencia-de-las-fiestas-a-traves-de-personalidades-reconocidas-dirigido-a\\\/\"},\"author\":{\"name\":\"La Gu\u00eda de Pamplona\",\"@id\":\"https:\\\/\\\/www.laguiadepamplona.com\\\/actualidad\\\/#\\\/schema\\\/person\\\/efe887376f0213d4657c93adc50b1fdb\"},\"headline\":\"El Ayuntamiento de Pamplona estrena el podcast \u2018Sanfermines, una fiesta sin igual\u2019, un acercamiento sonoro a la esencia de las fiestas a trav\u00e9s de personalidades reconocidas dirigido a turistas y visitantes\",\"datePublished\":\"2023-05-05T09:20:14+00:00\",\"mainEntityOfPage\":{\"@id\":\"https:\\\/\\\/www.laguiadepamplona.com\\\/actualidad\\\/el-ayuntamiento-de-pamplona-estrena-el-podcast-sanfermines-una-fiesta-sin-igual-un-acercamiento-sonoro-a-la-esencia-de-las-fiestas-a-traves-de-personalidades-reconocidas-dirigido-a\\\/\"},\"wordCount\":764,\"commentCount\":0,\"publisher\":{\"@id\":\"https:\\\/\\\/www.laguiadepamplona.com\\\/actualidad\\\/#organization\"},\"image\":{\"@id\":\"https:\\\/\\\/www.laguiadepamplona.com\\\/actualidad\\\/el-ayuntamiento-de-pamplona-estrena-el-podcast-sanfermines-una-fiesta-sin-igual-un-acercamiento-sonoro-a-la-esencia-de-las-fiestas-a-traves-de-personalidades-reconocidas-dirigido-a\\\/#primaryimage\"},\"thumbnailUrl\":\"https:\\\/\\\/www.laguiadepamplona.com\\\/actualidad\\\/wp-content\\\/uploads\\\/2023\\\/05\\\/podcast.jpg\",\"articleSection\":[\"Ayto Pamplona\",\"San Ferm\u00edn\"],\"inLanguage\":\"es\",\"potentialAction\":[{\"@type\":\"CommentAction\",\"name\":\"Comment\",\"target\":[\"https:\\\/\\\/www.laguiadepamplona.com\\\/actualidad\\\/el-ayuntamiento-de-pamplona-estrena-el-podcast-sanfermines-una-fiesta-sin-igual-un-acercamiento-sonoro-a-la-esencia-de-las-fiestas-a-traves-de-personalidades-reconocidas-dirigido-a\\\/#respond\"]}]},{\"@type\":\"WebPage\",\"@id\":\"https:\\\/\\\/www.laguiadepamplona.com\\\/actualidad\\\/el-ayuntamiento-de-pamplona-estrena-el-podcast-sanfermines-una-fiesta-sin-igual-un-acercamiento-sonoro-a-la-esencia-de-las-fiestas-a-traves-de-personalidades-reconocidas-dirigido-a\\\/\",\"url\":\"https:\\\/\\\/www.laguiadepamplona.com\\\/actualidad\\\/el-ayuntamiento-de-pamplona-estrena-el-podcast-sanfermines-una-fiesta-sin-igual-un-acercamiento-sonoro-a-la-esencia-de-las-fiestas-a-traves-de-personalidades-reconocidas-dirigido-a\\\/\",\"name\":\"El Ayuntamiento de Pamplona estrena el podcast \u2018Sanfermines, una fiesta sin igual\u2019, un acercamiento sonoro a la esencia de las fiestas a trav\u00e9s de personalidades reconocidas dirigido a turistas y visitantes\",\"isPartOf\":{\"@id\":\"https:\\\/\\\/www.laguiadepamplona.com\\\/actualidad\\\/#website\"},\"primaryImageOfPage\":{\"@id\":\"https:\\\/\\\/www.laguiadepamplona.com\\\/actualidad\\\/el-ayuntamiento-de-pamplona-estrena-el-podcast-sanfermines-una-fiesta-sin-igual-un-acercamiento-sonoro-a-la-esencia-de-las-fiestas-a-traves-de-personalidades-reconocidas-dirigido-a\\\/#primaryimage\"},\"image\":{\"@id\":\"https:\\\/\\\/www.laguiadepamplona.com\\\/actualidad\\\/el-ayuntamiento-de-pamplona-estrena-el-podcast-sanfermines-una-fiesta-sin-igual-un-acercamiento-sonoro-a-la-esencia-de-las-fiestas-a-traves-de-personalidades-reconocidas-dirigido-a\\\/#primaryimage\"},\"thumbnailUrl\":\"https:\\\/\\\/www.laguiadepamplona.com\\\/actualidad\\\/wp-content\\\/uploads\\\/2023\\\/05\\\/podcast.jpg\",\"datePublished\":\"2023-05-05T09:20:14+00:00\",\"description\":\"La primera invitada es Natalia Lacunza, que hoy ofrece un concierto en el entorno de la Plaza de Toros en los actos organizados por la \u2018escalerica\u2019\",\"breadcrumb\":{\"@id\":\"https:\\\/\\\/www.laguiadepamplona.com\\\/actualidad\\\/el-ayuntamiento-de-pamplona-estrena-el-podcast-sanfermines-una-fiesta-sin-igual-un-acercamiento-sonoro-a-la-esencia-de-las-fiestas-a-traves-de-personalidades-reconocidas-dirigido-a\\\/#breadcrumb\"},\"inLanguage\":\"es\",\"potentialAction\":[{\"@type\":\"ReadAction\",\"target\":[\"https:\\\/\\\/www.laguiadepamplona.com\\\/actualidad\\\/el-ayuntamiento-de-pamplona-estrena-el-podcast-sanfermines-una-fiesta-sin-igual-un-acercamiento-sonoro-a-la-esencia-de-las-fiestas-a-traves-de-personalidades-reconocidas-dirigido-a\\\/\"]}]},{\"@type\":\"ImageObject\",\"inLanguage\":\"es\",\"@id\":\"https:\\\/\\\/www.laguiadepamplona.com\\\/actualidad\\\/el-ayuntamiento-de-pamplona-estrena-el-podcast-sanfermines-una-fiesta-sin-igual-un-acercamiento-sonoro-a-la-esencia-de-las-fiestas-a-traves-de-personalidades-reconocidas-dirigido-a\\\/#primaryimage\",\"url\":\"https:\\\/\\\/www.laguiadepamplona.com\\\/actualidad\\\/wp-content\\\/uploads\\\/2023\\\/05\\\/podcast.jpg\",\"contentUrl\":\"https:\\\/\\\/www.laguiadepamplona.com\\\/actualidad\\\/wp-content\\\/uploads\\\/2023\\\/05\\\/podcast.jpg\",\"width\":1080,\"height\":514},{\"@type\":\"BreadcrumbList\",\"@id\":\"https:\\\/\\\/www.laguiadepamplona.com\\\/actualidad\\\/el-ayuntamiento-de-pamplona-estrena-el-podcast-sanfermines-una-fiesta-sin-igual-un-acercamiento-sonoro-a-la-esencia-de-las-fiestas-a-traves-de-personalidades-reconocidas-dirigido-a\\\/#breadcrumb\",\"itemListElement\":[{\"@type\":\"ListItem\",\"position\":1,\"name\":\"Portada\",\"item\":\"https:\\\/\\\/www.laguiadepamplona.com\\\/actualidad\\\/\"},{\"@type\":\"ListItem\",\"position\":2,\"name\":\"El Ayuntamiento de Pamplona estrena el podcast \u2018Sanfermines, una fiesta sin igual\u2019, un acercamiento sonoro a la esencia de las fiestas a trav\u00e9s de personalidades reconocidas dirigido a turistas y visitantes\"}]},{\"@type\":\"WebSite\",\"@id\":\"https:\\\/\\\/www.laguiadepamplona.com\\\/actualidad\\\/#website\",\"url\":\"https:\\\/\\\/www.laguiadepamplona.com\\\/actualidad\\\/\",\"name\":\"La gu\u00eda de Pamplona\",\"description\":\"Noticias de Pamplona\",\"publisher\":{\"@id\":\"https:\\\/\\\/www.laguiadepamplona.com\\\/actualidad\\\/#organization\"},\"potentialAction\":[{\"@type\":\"SearchAction\",\"target\":{\"@type\":\"EntryPoint\",\"urlTemplate\":\"https:\\\/\\\/www.laguiadepamplona.com\\\/actualidad\\\/?s={search_term_string}\"},\"query-input\":{\"@type\":\"PropertyValueSpecification\",\"valueRequired\":true,\"valueName\":\"search_term_string\"}}],\"inLanguage\":\"es\"},{\"@type\":\"Organization\",\"@id\":\"https:\\\/\\\/www.laguiadepamplona.com\\\/actualidad\\\/#organization\",\"name\":\"La Gu\u00eda de Pamplona \\\/ Noticias\",\"url\":\"https:\\\/\\\/www.laguiadepamplona.com\\\/actualidad\\\/\",\"logo\":{\"@type\":\"ImageObject\",\"inLanguage\":\"es\",\"@id\":\"https:\\\/\\\/www.laguiadepamplona.com\\\/actualidad\\\/#\\\/schema\\\/logo\\\/image\\\/\",\"url\":\"https:\\\/\\\/www.laguiadepamplona.com\\\/actualidad\\\/wp-content\\\/uploads\\\/2018\\\/11\\\/logo-laguiadepamplona18-web1.png\",\"contentUrl\":\"https:\\\/\\\/www.laguiadepamplona.com\\\/actualidad\\\/wp-content\\\/uploads\\\/2018\\\/11\\\/logo-laguiadepamplona18-web1.png\",\"width\":600,\"height\":196,\"caption\":\"La Gu\u00eda de Pamplona \\\/ Noticias\"},\"image\":{\"@id\":\"https:\\\/\\\/www.laguiadepamplona.com\\\/actualidad\\\/#\\\/schema\\\/logo\\\/image\\\/\"},\"sameAs\":[\"https:\\\/\\\/www.facebook.com\\\/laguiadepamplonacom-133175176762273\\\/?ref=hl\",\"https:\\\/\\\/x.com\\\/LaGuiadPamplona\",\"https:\\\/\\\/www.instagram.com\\\/la_guia_de_pamplona\\\/\",\"https:\\\/\\\/www.youtube.com\\\/user\\\/laguiadepamplona\"]},{\"@type\":\"Person\",\"@id\":\"https:\\\/\\\/www.laguiadepamplona.com\\\/actualidad\\\/#\\\/schema\\\/person\\\/efe887376f0213d4657c93adc50b1fdb\",\"name\":\"La Gu\u00eda de Pamplona\",\"image\":{\"@type\":\"ImageObject\",\"inLanguage\":\"es\",\"@id\":\"https:\\\/\\\/secure.gravatar.com\\\/avatar\\\/b6992f131dc8d30ab0dff15446e9d346d9dbd95992de0fef795073f5ea83a81c?s=96&d=mm&r=g\",\"url\":\"https:\\\/\\\/secure.gravatar.com\\\/avatar\\\/b6992f131dc8d30ab0dff15446e9d346d9dbd95992de0fef795073f5ea83a81c?s=96&d=mm&r=g\",\"contentUrl\":\"https:\\\/\\\/secure.gravatar.com\\\/avatar\\\/b6992f131dc8d30ab0dff15446e9d346d9dbd95992de0fef795073f5ea83a81c?s=96&d=mm&r=g\",\"caption\":\"La Gu\u00eda de Pamplona\"}}]}<\/script>\n<!-- \/ Yoast SEO plugin. -->","yoast_head_json":{"title":"El Ayuntamiento de Pamplona estrena el podcast \u2018Sanfermines, una fiesta sin igual\u2019, un acercamiento sonoro a la esencia de las fiestas a trav\u00e9s de personalidades reconocidas dirigido a turistas y visitantes","description":"La primera invitada es Natalia Lacunza, que hoy ofrece un concierto en el entorno de la Plaza de Toros en los actos organizados por la \u2018escalerica\u2019","robots":{"index":"index","follow":"follow","max-snippet":"max-snippet:-1","max-image-preview":"max-image-preview:large","max-video-preview":"max-video-preview:-1"},"canonical":"https:\/\/www.laguiadepamplona.com\/actualidad\/el-ayuntamiento-de-pamplona-estrena-el-podcast-sanfermines-una-fiesta-sin-igual-un-acercamiento-sonoro-a-la-esencia-de-las-fiestas-a-traves-de-personalidades-reconocidas-dirigido-a\/","og_locale":"es_ES","og_type":"article","og_title":"El Ayuntamiento de Pamplona estrena el podcast \u2018Sanfermines, una fiesta sin igual\u2019, un acercamiento sonoro a la esencia de las fiestas a trav\u00e9s de personalidades reconocidas dirigido a turistas y visitantes","og_description":"La primera invitada es Natalia Lacunza, que hoy ofrece un concierto en el entorno de la Plaza de Toros en los actos organizados por la \u2018escalerica\u2019","og_url":"https:\/\/www.laguiadepamplona.com\/actualidad\/el-ayuntamiento-de-pamplona-estrena-el-podcast-sanfermines-una-fiesta-sin-igual-un-acercamiento-sonoro-a-la-esencia-de-las-fiestas-a-traves-de-personalidades-reconocidas-dirigido-a\/","og_site_name":"La Gu\u00eda de Pamplona","article_publisher":"https:\/\/www.facebook.com\/laguiadepamplonacom-133175176762273\/?ref=hl","article_published_time":"2023-05-05T09:20:14+00:00","og_image":[{"width":1080,"height":514,"url":"https:\/\/www.laguiadepamplona.com\/actualidad\/wp-content\/uploads\/2023\/05\/podcast.jpg","type":"image\/jpeg"}],"author":"La Gu\u00eda de Pamplona","twitter_card":"summary_large_image","twitter_creator":"@LaGuiadPamplona","twitter_site":"@LaGuiadPamplona","twitter_misc":{"Escrito por":"La Gu\u00eda de Pamplona","Tiempo de lectura":"4 minutos"},"schema":{"@context":"https:\/\/schema.org","@graph":[{"@type":"Article","@id":"https:\/\/www.laguiadepamplona.com\/actualidad\/el-ayuntamiento-de-pamplona-estrena-el-podcast-sanfermines-una-fiesta-sin-igual-un-acercamiento-sonoro-a-la-esencia-de-las-fiestas-a-traves-de-personalidades-reconocidas-dirigido-a\/#article","isPartOf":{"@id":"https:\/\/www.laguiadepamplona.com\/actualidad\/el-ayuntamiento-de-pamplona-estrena-el-podcast-sanfermines-una-fiesta-sin-igual-un-acercamiento-sonoro-a-la-esencia-de-las-fiestas-a-traves-de-personalidades-reconocidas-dirigido-a\/"},"author":{"name":"La Gu\u00eda de Pamplona","@id":"https:\/\/www.laguiadepamplona.com\/actualidad\/#\/schema\/person\/efe887376f0213d4657c93adc50b1fdb"},"headline":"El Ayuntamiento de Pamplona estrena el podcast \u2018Sanfermines, una fiesta sin igual\u2019, un acercamiento sonoro a la esencia de las fiestas a trav\u00e9s de personalidades reconocidas dirigido a turistas y visitantes","datePublished":"2023-05-05T09:20:14+00:00","mainEntityOfPage":{"@id":"https:\/\/www.laguiadepamplona.com\/actualidad\/el-ayuntamiento-de-pamplona-estrena-el-podcast-sanfermines-una-fiesta-sin-igual-un-acercamiento-sonoro-a-la-esencia-de-las-fiestas-a-traves-de-personalidades-reconocidas-dirigido-a\/"},"wordCount":764,"commentCount":0,"publisher":{"@id":"https:\/\/www.laguiadepamplona.com\/actualidad\/#organization"},"image":{"@id":"https:\/\/www.laguiadepamplona.com\/actualidad\/el-ayuntamiento-de-pamplona-estrena-el-podcast-sanfermines-una-fiesta-sin-igual-un-acercamiento-sonoro-a-la-esencia-de-las-fiestas-a-traves-de-personalidades-reconocidas-dirigido-a\/#primaryimage"},"thumbnailUrl":"https:\/\/www.laguiadepamplona.com\/actualidad\/wp-content\/uploads\/2023\/05\/podcast.jpg","articleSection":["Ayto Pamplona","San Ferm\u00edn"],"inLanguage":"es","potentialAction":[{"@type":"CommentAction","name":"Comment","target":["https:\/\/www.laguiadepamplona.com\/actualidad\/el-ayuntamiento-de-pamplona-estrena-el-podcast-sanfermines-una-fiesta-sin-igual-un-acercamiento-sonoro-a-la-esencia-de-las-fiestas-a-traves-de-personalidades-reconocidas-dirigido-a\/#respond"]}]},{"@type":"WebPage","@id":"https:\/\/www.laguiadepamplona.com\/actualidad\/el-ayuntamiento-de-pamplona-estrena-el-podcast-sanfermines-una-fiesta-sin-igual-un-acercamiento-sonoro-a-la-esencia-de-las-fiestas-a-traves-de-personalidades-reconocidas-dirigido-a\/","url":"https:\/\/www.laguiadepamplona.com\/actualidad\/el-ayuntamiento-de-pamplona-estrena-el-podcast-sanfermines-una-fiesta-sin-igual-un-acercamiento-sonoro-a-la-esencia-de-las-fiestas-a-traves-de-personalidades-reconocidas-dirigido-a\/","name":"El Ayuntamiento de Pamplona estrena el podcast \u2018Sanfermines, una fiesta sin igual\u2019, un acercamiento sonoro a la esencia de las fiestas a trav\u00e9s de personalidades reconocidas dirigido a turistas y visitantes","isPartOf":{"@id":"https:\/\/www.laguiadepamplona.com\/actualidad\/#website"},"primaryImageOfPage":{"@id":"https:\/\/www.laguiadepamplona.com\/actualidad\/el-ayuntamiento-de-pamplona-estrena-el-podcast-sanfermines-una-fiesta-sin-igual-un-acercamiento-sonoro-a-la-esencia-de-las-fiestas-a-traves-de-personalidades-reconocidas-dirigido-a\/#primaryimage"},"image":{"@id":"https:\/\/www.laguiadepamplona.com\/actualidad\/el-ayuntamiento-de-pamplona-estrena-el-podcast-sanfermines-una-fiesta-sin-igual-un-acercamiento-sonoro-a-la-esencia-de-las-fiestas-a-traves-de-personalidades-reconocidas-dirigido-a\/#primaryimage"},"thumbnailUrl":"https:\/\/www.laguiadepamplona.com\/actualidad\/wp-content\/uploads\/2023\/05\/podcast.jpg","datePublished":"2023-05-05T09:20:14+00:00","description":"La primera invitada es Natalia Lacunza, que hoy ofrece un concierto en el entorno de la Plaza de Toros en los actos organizados por la \u2018escalerica\u2019","breadcrumb":{"@id":"https:\/\/www.laguiadepamplona.com\/actualidad\/el-ayuntamiento-de-pamplona-estrena-el-podcast-sanfermines-una-fiesta-sin-igual-un-acercamiento-sonoro-a-la-esencia-de-las-fiestas-a-traves-de-personalidades-reconocidas-dirigido-a\/#breadcrumb"},"inLanguage":"es","potentialAction":[{"@type":"ReadAction","target":["https:\/\/www.laguiadepamplona.com\/actualidad\/el-ayuntamiento-de-pamplona-estrena-el-podcast-sanfermines-una-fiesta-sin-igual-un-acercamiento-sonoro-a-la-esencia-de-las-fiestas-a-traves-de-personalidades-reconocidas-dirigido-a\/"]}]},{"@type":"ImageObject","inLanguage":"es","@id":"https:\/\/www.laguiadepamplona.com\/actualidad\/el-ayuntamiento-de-pamplona-estrena-el-podcast-sanfermines-una-fiesta-sin-igual-un-acercamiento-sonoro-a-la-esencia-de-las-fiestas-a-traves-de-personalidades-reconocidas-dirigido-a\/#primaryimage","url":"https:\/\/www.laguiadepamplona.com\/actualidad\/wp-content\/uploads\/2023\/05\/podcast.jpg","contentUrl":"https:\/\/www.laguiadepamplona.com\/actualidad\/wp-content\/uploads\/2023\/05\/podcast.jpg","width":1080,"height":514},{"@type":"BreadcrumbList","@id":"https:\/\/www.laguiadepamplona.com\/actualidad\/el-ayuntamiento-de-pamplona-estrena-el-podcast-sanfermines-una-fiesta-sin-igual-un-acercamiento-sonoro-a-la-esencia-de-las-fiestas-a-traves-de-personalidades-reconocidas-dirigido-a\/#breadcrumb","itemListElement":[{"@type":"ListItem","position":1,"name":"Portada","item":"https:\/\/www.laguiadepamplona.com\/actualidad\/"},{"@type":"ListItem","position":2,"name":"El Ayuntamiento de Pamplona estrena el podcast \u2018Sanfermines, una fiesta sin igual\u2019, un acercamiento sonoro a la esencia de las fiestas a trav\u00e9s de personalidades reconocidas dirigido a turistas y visitantes"}]},{"@type":"WebSite","@id":"https:\/\/www.laguiadepamplona.com\/actualidad\/#website","url":"https:\/\/www.laguiadepamplona.com\/actualidad\/","name":"La gu\u00eda de Pamplona","description":"Noticias de Pamplona","publisher":{"@id":"https:\/\/www.laguiadepamplona.com\/actualidad\/#organization"},"potentialAction":[{"@type":"SearchAction","target":{"@type":"EntryPoint","urlTemplate":"https:\/\/www.laguiadepamplona.com\/actualidad\/?s={search_term_string}"},"query-input":{"@type":"PropertyValueSpecification","valueRequired":true,"valueName":"search_term_string"}}],"inLanguage":"es"},{"@type":"Organization","@id":"https:\/\/www.laguiadepamplona.com\/actualidad\/#organization","name":"La Gu\u00eda de Pamplona \/ Noticias","url":"https:\/\/www.laguiadepamplona.com\/actualidad\/","logo":{"@type":"ImageObject","inLanguage":"es","@id":"https:\/\/www.laguiadepamplona.com\/actualidad\/#\/schema\/logo\/image\/","url":"https:\/\/www.laguiadepamplona.com\/actualidad\/wp-content\/uploads\/2018\/11\/logo-laguiadepamplona18-web1.png","contentUrl":"https:\/\/www.laguiadepamplona.com\/actualidad\/wp-content\/uploads\/2018\/11\/logo-laguiadepamplona18-web1.png","width":600,"height":196,"caption":"La Gu\u00eda de Pamplona \/ Noticias"},"image":{"@id":"https:\/\/www.laguiadepamplona.com\/actualidad\/#\/schema\/logo\/image\/"},"sameAs":["https:\/\/www.facebook.com\/laguiadepamplonacom-133175176762273\/?ref=hl","https:\/\/x.com\/LaGuiadPamplona","https:\/\/www.instagram.com\/la_guia_de_pamplona\/","https:\/\/www.youtube.com\/user\/laguiadepamplona"]},{"@type":"Person","@id":"https:\/\/www.laguiadepamplona.com\/actualidad\/#\/schema\/person\/efe887376f0213d4657c93adc50b1fdb","name":"La Gu\u00eda de Pamplona","image":{"@type":"ImageObject","inLanguage":"es","@id":"https:\/\/secure.gravatar.com\/avatar\/b6992f131dc8d30ab0dff15446e9d346d9dbd95992de0fef795073f5ea83a81c?s=96&d=mm&r=g","url":"https:\/\/secure.gravatar.com\/avatar\/b6992f131dc8d30ab0dff15446e9d346d9dbd95992de0fef795073f5ea83a81c?s=96&d=mm&r=g","contentUrl":"https:\/\/secure.gravatar.com\/avatar\/b6992f131dc8d30ab0dff15446e9d346d9dbd95992de0fef795073f5ea83a81c?s=96&d=mm&r=g","caption":"La Gu\u00eda de Pamplona"}}]}},"post_mailing_queue_ids":[],"_links":{"self":[{"href":"https:\/\/www.laguiadepamplona.com\/actualidad\/wp-json\/wp\/v2\/posts\/46595","targetHints":{"allow":["GET"]}}],"collection":[{"href":"https:\/\/www.laguiadepamplona.com\/actualidad\/wp-json\/wp\/v2\/posts"}],"about":[{"href":"https:\/\/www.laguiadepamplona.com\/actualidad\/wp-json\/wp\/v2\/types\/post"}],"author":[{"embeddable":true,"href":"https:\/\/www.laguiadepamplona.com\/actualidad\/wp-json\/wp\/v2\/users\/1"}],"replies":[{"embeddable":true,"href":"https:\/\/www.laguiadepamplona.com\/actualidad\/wp-json\/wp\/v2\/comments?post=46595"}],"version-history":[{"count":1,"href":"https:\/\/www.laguiadepamplona.com\/actualidad\/wp-json\/wp\/v2\/posts\/46595\/revisions"}],"predecessor-version":[{"id":46597,"href":"https:\/\/www.laguiadepamplona.com\/actualidad\/wp-json\/wp\/v2\/posts\/46595\/revisions\/46597"}],"wp:featuredmedia":[{"embeddable":true,"href":"https:\/\/www.laguiadepamplona.com\/actualidad\/wp-json\/wp\/v2\/media\/46596"}],"wp:attachment":[{"href":"https:\/\/www.laguiadepamplona.com\/actualidad\/wp-json\/wp\/v2\/media?parent=46595"}],"wp:term":[{"taxonomy":"category","embeddable":true,"href":"https:\/\/www.laguiadepamplona.com\/actualidad\/wp-json\/wp\/v2\/categories?post=46595"},{"taxonomy":"post_tag","embeddable":true,"href":"https:\/\/www.laguiadepamplona.com\/actualidad\/wp-json\/wp\/v2\/tags?post=46595"}],"curies":[{"name":"wp","href":"https:\/\/api.w.org\/{rel}","templated":true}]}}