{"id":46591,"date":"2023-05-04T13:30:04","date_gmt":"2023-05-04T11:30:04","guid":{"rendered":"https:\/\/www.laguiadepamplona.com\/actualidad\/?p=46591"},"modified":"2023-05-04T13:30:04","modified_gmt":"2023-05-04T11:30:04","slug":"el-circo-se-aduena-de-civivox-jus-la-rocha-durante-el-mes-de-mayo-con-su-programacion-dirigida-al-publico-infantil-y-familiar","status":"publish","type":"post","link":"https:\/\/www.laguiadepamplona.com\/actualidad\/el-circo-se-aduena-de-civivox-jus-la-rocha-durante-el-mes-de-mayo-con-su-programacion-dirigida-al-publico-infantil-y-familiar\/","title":{"rendered":"El circo se adue\u00f1a de Civivox Jus la Rocha durante el mes de mayo con su programaci\u00f3n dirigida al p\u00fablico infantil y familiar"},"content":{"rendered":"<h3>Cuatro espect\u00e1culos y un taller combinan circo, magia y malabares con mucho humor y la participaci\u00f3n colaborativa de la audiencia<\/h3>\n<p><!--more--><\/p>\n<p>El sal\u00f3n de actos de Civivox Jus la Rocha se convierte este mes de mayo en una pista de circo. La programaci\u00f3n de la red Civivox para p\u00fablico infantil y familiar apuesta por cuatro espect\u00e1culos y un taller de circo en familia que permitir\u00e1 un acercamiento l\u00fadico al mundo del circo y el clown. Los espect\u00e1culos, con entradas a un euro, requieren inscripci\u00f3n previa y est\u00e1n dirigidos a ni\u00f1os y ni\u00f1as desde 3 y 4 a\u00f1os acompa\u00f1ados por una persona adulta.<\/p>\n<p>El ciclo se abre este s\u00e1bado con la compa\u00f1\u00eda Pr\u00f3spero Teatro y su obra Kapikua Cirkus, a las 18.30 horas. El espect\u00e1culo, pensado para todos los p\u00fablicos, permitir\u00e1 a las personas asistentes subir al escenario como invitados. Los artistas intentar\u00e1n sorprender a trav\u00e9s de personajes llegados desde Francia, como Duve el malabarista y sus balones de f\u00fatbol; desde Italia, Mr. Riesgo, mostrando equilibrio con rulo a gran altura; y, para terminar, la Troup Bertoloto, con su n\u00famero de malabares con huevos crudos. Esta representaci\u00f3n complementa el taller de circo en familia que tendr\u00e1 lugar por la ma\u00f1ana y cuyas plazas ya est\u00e1n cubiertas.<br \/>\n<script async src=\"\/\/pagead2.googlesyndication.com\/pagead\/js\/adsbygoogle.js\"><\/script><br \/>\n<!-- Noticias La Guia de Pamplona --><br \/>\n<ins class=\"adsbygoogle\"\nstyle=\"display:block\"\ndata-ad-client=\"ca-pub-6943679897239327\"\ndata-ad-slot=\"7048180777\"\ndata-ad-format=\"auto\"><\/ins><br \/>\n<script>\n(adsbygoogle = window.adsbygoogle || []).push({});\n<\/script><\/p>\n<p>El segundo espect\u00e1culo lleva por t\u00edtulo \u2018Magiklown\u2019 y combina la magia con los payasos. Los clowns Sebastian Dunkerke y Panaiotis Fassoulas buscar\u00e1n divertir y sorprender a los ni\u00f1os y ni\u00f1as, pero todo les saldr\u00e1 del rev\u00e9s y necesitar\u00e1n la ayuda del p\u00fablico para los n\u00fameros de magia con cartas, con cuerdas e incluso con apuestas de escapismo. Este espect\u00e1culo de Erre Produkzioak ser\u00e1 el s\u00e1bado d\u00eda 13, a las 12.30 horas. Al s\u00e1bado siguiente, el d\u00eda 20 de mayo, y tambi\u00e9n a las 12.30, se ofrece de nuevo el mismo espect\u00e1culo, pero en su versi\u00f3n en euskera.<\/p>\n<p>Por \u00faltimo, la compa\u00f1\u00eda Magomino cierra el programa el s\u00e1bado 27 por la tarde, a las 18.30, con el show de magia, malabares y circo \u2018Magomino Circus\u2019, un espacio donde la magia y otras artes se mezclan en un espacio asombroso. La obra es un espect\u00e1culo de magia con n\u00fameros circenses desde una perspectiva divertida, en el que la participaci\u00f3n del p\u00fablico es esencial.<br \/>\n<script async src=\"\/\/pagead2.googlesyndication.com\/pagead\/js\/adsbygoogle.js\"><\/script><br \/>\n<!-- Noticias La Guia de Pamplona --><br \/>\n<ins class=\"adsbygoogle\"\nstyle=\"display:block\"\ndata-ad-client=\"ca-pub-6943679897239327\"\ndata-ad-slot=\"7048180777\"\ndata-ad-format=\"auto\"><\/ins><br \/>\n<script>\n(adsbygoogle = window.adsbygoogle || []).push({});\n<\/script><\/p>\n<p>&nbsp;<\/p>\n<h3>Circo-Clown en Civivox Jus la Rocha<\/h3>\n<ul>\n<li>Espect\u00e1culo de circo: \u2018Kapikua Cirkus\u2019. Prospero Teatro\n<ul>\n<li>S\u00e1bado 6 de mayo, 18.30, para mayores de 3 a\u00f1os acompa\u00f1ados por persona adulta<\/li>\n<\/ul>\n<\/li>\n<li>Magia y payasos: \u2018Magiklown\u2019. Erre Produkzioak\n<ul>\n<li>S\u00e1bado 13 de mayo, 12.30, para mayores de 4 a\u00f1os acompa\u00f1ados por persona adulta<\/li>\n<li>S\u00e1bado 20 de mayo, 12.30, para mayores de 4 a\u00f1os acompa\u00f1ados (en euskera)<\/li>\n<\/ul>\n<\/li>\n<li>Show de magia, malabares y circo: \u2018Magomino Circus\u2019. Magomino\n<ul>\n<li>S\u00e1bado 27 de mayo, 18.30, para mayores de 3 a\u00f1os acompa\u00f1ados por persona adulta<\/li>\n<\/ul>\n<\/li>\n<\/ul>\n","protected":false},"excerpt":{"rendered":"<p>Cuatro espect\u00e1culos y un taller combinan circo, magia y malabares con mucho humor y la participaci\u00f3n colaborativa de la audiencia<\/p>\n","protected":false},"author":1,"featured_media":46592,"comment_status":"open","ping_status":"closed","sticky":false,"template":"","format":"standard","meta":{"footnotes":""},"categories":[2],"tags":[],"class_list":["post-46591","post","type-post","status-publish","format-standard","has-post-thumbnail","hentry","category-ayuntamiento-pamplona"],"yoast_head":"<!-- This site is optimized with the Yoast SEO plugin v27.3 - https:\/\/yoast.com\/product\/yoast-seo-wordpress\/ -->\n<title>El circo se adue\u00f1a de Civivox Jus la Rocha durante el mes de mayo con su programaci\u00f3n dirigida al p\u00fablico infantil y familiar<\/title>\n<meta name=\"description\" content=\"Cuatro espect\u00e1culos y un taller combinan circo, magia y malabares con mucho humor y la participaci\u00f3n colaborativa de la audiencia\" \/>\n<meta name=\"robots\" content=\"index, follow, max-snippet:-1, max-image-preview:large, max-video-preview:-1\" \/>\n<link rel=\"canonical\" href=\"https:\/\/www.laguiadepamplona.com\/actualidad\/el-circo-se-aduena-de-civivox-jus-la-rocha-durante-el-mes-de-mayo-con-su-programacion-dirigida-al-publico-infantil-y-familiar\/\" \/>\n<meta property=\"og:locale\" content=\"es_ES\" \/>\n<meta property=\"og:type\" content=\"article\" \/>\n<meta property=\"og:title\" content=\"El circo se adue\u00f1a de Civivox Jus la Rocha durante el mes de mayo con su programaci\u00f3n dirigida al p\u00fablico infantil y familiar\" \/>\n<meta property=\"og:description\" content=\"Cuatro espect\u00e1culos y un taller combinan circo, magia y malabares con mucho humor y la participaci\u00f3n colaborativa de la audiencia\" \/>\n<meta property=\"og:url\" content=\"https:\/\/www.laguiadepamplona.com\/actualidad\/el-circo-se-aduena-de-civivox-jus-la-rocha-durante-el-mes-de-mayo-con-su-programacion-dirigida-al-publico-infantil-y-familiar\/\" \/>\n<meta property=\"og:site_name\" content=\"La Gu\u00eda de Pamplona\" \/>\n<meta property=\"article:publisher\" content=\"https:\/\/www.facebook.com\/laguiadepamplonacom-133175176762273\/?ref=hl\" \/>\n<meta property=\"article:published_time\" content=\"2023-05-04T11:30:04+00:00\" \/>\n<meta property=\"og:image\" content=\"https:\/\/www.laguiadepamplona.com\/actualidad\/wp-content\/uploads\/2023\/05\/circo-payasos.jpg\" \/>\n\t<meta property=\"og:image:width\" content=\"870\" \/>\n\t<meta property=\"og:image:height\" content=\"480\" \/>\n\t<meta property=\"og:image:type\" content=\"image\/jpeg\" \/>\n<meta name=\"author\" content=\"La Gu\u00eda de Pamplona\" \/>\n<meta name=\"twitter:card\" content=\"summary_large_image\" \/>\n<meta name=\"twitter:creator\" content=\"@LaGuiadPamplona\" \/>\n<meta name=\"twitter:site\" content=\"@LaGuiadPamplona\" \/>\n<meta name=\"twitter:label1\" content=\"Escrito por\" \/>\n\t<meta name=\"twitter:data1\" content=\"La Gu\u00eda de Pamplona\" \/>\n\t<meta name=\"twitter:label2\" content=\"Tiempo de lectura\" \/>\n\t<meta name=\"twitter:data2\" content=\"3 minutos\" \/>\n<script type=\"application\/ld+json\" class=\"yoast-schema-graph\">{\"@context\":\"https:\\\/\\\/schema.org\",\"@graph\":[{\"@type\":\"Article\",\"@id\":\"https:\\\/\\\/www.laguiadepamplona.com\\\/actualidad\\\/el-circo-se-aduena-de-civivox-jus-la-rocha-durante-el-mes-de-mayo-con-su-programacion-dirigida-al-publico-infantil-y-familiar\\\/#article\",\"isPartOf\":{\"@id\":\"https:\\\/\\\/www.laguiadepamplona.com\\\/actualidad\\\/el-circo-se-aduena-de-civivox-jus-la-rocha-durante-el-mes-de-mayo-con-su-programacion-dirigida-al-publico-infantil-y-familiar\\\/\"},\"author\":{\"name\":\"La Gu\u00eda de Pamplona\",\"@id\":\"https:\\\/\\\/www.laguiadepamplona.com\\\/actualidad\\\/#\\\/schema\\\/person\\\/efe887376f0213d4657c93adc50b1fdb\"},\"headline\":\"El circo se adue\u00f1a de Civivox Jus la Rocha durante el mes de mayo con su programaci\u00f3n dirigida al p\u00fablico infantil y familiar\",\"datePublished\":\"2023-05-04T11:30:04+00:00\",\"mainEntityOfPage\":{\"@id\":\"https:\\\/\\\/www.laguiadepamplona.com\\\/actualidad\\\/el-circo-se-aduena-de-civivox-jus-la-rocha-durante-el-mes-de-mayo-con-su-programacion-dirigida-al-publico-infantil-y-familiar\\\/\"},\"wordCount\":516,\"commentCount\":0,\"publisher\":{\"@id\":\"https:\\\/\\\/www.laguiadepamplona.com\\\/actualidad\\\/#organization\"},\"image\":{\"@id\":\"https:\\\/\\\/www.laguiadepamplona.com\\\/actualidad\\\/el-circo-se-aduena-de-civivox-jus-la-rocha-durante-el-mes-de-mayo-con-su-programacion-dirigida-al-publico-infantil-y-familiar\\\/#primaryimage\"},\"thumbnailUrl\":\"https:\\\/\\\/www.laguiadepamplona.com\\\/actualidad\\\/wp-content\\\/uploads\\\/2023\\\/05\\\/circo-payasos.jpg\",\"articleSection\":[\"Ayto Pamplona\"],\"inLanguage\":\"es\",\"potentialAction\":[{\"@type\":\"CommentAction\",\"name\":\"Comment\",\"target\":[\"https:\\\/\\\/www.laguiadepamplona.com\\\/actualidad\\\/el-circo-se-aduena-de-civivox-jus-la-rocha-durante-el-mes-de-mayo-con-su-programacion-dirigida-al-publico-infantil-y-familiar\\\/#respond\"]}]},{\"@type\":\"WebPage\",\"@id\":\"https:\\\/\\\/www.laguiadepamplona.com\\\/actualidad\\\/el-circo-se-aduena-de-civivox-jus-la-rocha-durante-el-mes-de-mayo-con-su-programacion-dirigida-al-publico-infantil-y-familiar\\\/\",\"url\":\"https:\\\/\\\/www.laguiadepamplona.com\\\/actualidad\\\/el-circo-se-aduena-de-civivox-jus-la-rocha-durante-el-mes-de-mayo-con-su-programacion-dirigida-al-publico-infantil-y-familiar\\\/\",\"name\":\"El circo se adue\u00f1a de Civivox Jus la Rocha durante el mes de mayo con su programaci\u00f3n dirigida al p\u00fablico infantil y familiar\",\"isPartOf\":{\"@id\":\"https:\\\/\\\/www.laguiadepamplona.com\\\/actualidad\\\/#website\"},\"primaryImageOfPage\":{\"@id\":\"https:\\\/\\\/www.laguiadepamplona.com\\\/actualidad\\\/el-circo-se-aduena-de-civivox-jus-la-rocha-durante-el-mes-de-mayo-con-su-programacion-dirigida-al-publico-infantil-y-familiar\\\/#primaryimage\"},\"image\":{\"@id\":\"https:\\\/\\\/www.laguiadepamplona.com\\\/actualidad\\\/el-circo-se-aduena-de-civivox-jus-la-rocha-durante-el-mes-de-mayo-con-su-programacion-dirigida-al-publico-infantil-y-familiar\\\/#primaryimage\"},\"thumbnailUrl\":\"https:\\\/\\\/www.laguiadepamplona.com\\\/actualidad\\\/wp-content\\\/uploads\\\/2023\\\/05\\\/circo-payasos.jpg\",\"datePublished\":\"2023-05-04T11:30:04+00:00\",\"description\":\"Cuatro espect\u00e1culos y un taller combinan circo, magia y malabares con mucho humor y la participaci\u00f3n colaborativa de la audiencia\",\"breadcrumb\":{\"@id\":\"https:\\\/\\\/www.laguiadepamplona.com\\\/actualidad\\\/el-circo-se-aduena-de-civivox-jus-la-rocha-durante-el-mes-de-mayo-con-su-programacion-dirigida-al-publico-infantil-y-familiar\\\/#breadcrumb\"},\"inLanguage\":\"es\",\"potentialAction\":[{\"@type\":\"ReadAction\",\"target\":[\"https:\\\/\\\/www.laguiadepamplona.com\\\/actualidad\\\/el-circo-se-aduena-de-civivox-jus-la-rocha-durante-el-mes-de-mayo-con-su-programacion-dirigida-al-publico-infantil-y-familiar\\\/\"]}]},{\"@type\":\"ImageObject\",\"inLanguage\":\"es\",\"@id\":\"https:\\\/\\\/www.laguiadepamplona.com\\\/actualidad\\\/el-circo-se-aduena-de-civivox-jus-la-rocha-durante-el-mes-de-mayo-con-su-programacion-dirigida-al-publico-infantil-y-familiar\\\/#primaryimage\",\"url\":\"https:\\\/\\\/www.laguiadepamplona.com\\\/actualidad\\\/wp-content\\\/uploads\\\/2023\\\/05\\\/circo-payasos.jpg\",\"contentUrl\":\"https:\\\/\\\/www.laguiadepamplona.com\\\/actualidad\\\/wp-content\\\/uploads\\\/2023\\\/05\\\/circo-payasos.jpg\",\"width\":870,\"height\":480},{\"@type\":\"BreadcrumbList\",\"@id\":\"https:\\\/\\\/www.laguiadepamplona.com\\\/actualidad\\\/el-circo-se-aduena-de-civivox-jus-la-rocha-durante-el-mes-de-mayo-con-su-programacion-dirigida-al-publico-infantil-y-familiar\\\/#breadcrumb\",\"itemListElement\":[{\"@type\":\"ListItem\",\"position\":1,\"name\":\"Portada\",\"item\":\"https:\\\/\\\/www.laguiadepamplona.com\\\/actualidad\\\/\"},{\"@type\":\"ListItem\",\"position\":2,\"name\":\"El circo se adue\u00f1a de Civivox Jus la Rocha durante el mes de mayo con su programaci\u00f3n dirigida al p\u00fablico infantil y familiar\"}]},{\"@type\":\"WebSite\",\"@id\":\"https:\\\/\\\/www.laguiadepamplona.com\\\/actualidad\\\/#website\",\"url\":\"https:\\\/\\\/www.laguiadepamplona.com\\\/actualidad\\\/\",\"name\":\"La gu\u00eda de Pamplona\",\"description\":\"Noticias de Pamplona\",\"publisher\":{\"@id\":\"https:\\\/\\\/www.laguiadepamplona.com\\\/actualidad\\\/#organization\"},\"potentialAction\":[{\"@type\":\"SearchAction\",\"target\":{\"@type\":\"EntryPoint\",\"urlTemplate\":\"https:\\\/\\\/www.laguiadepamplona.com\\\/actualidad\\\/?s={search_term_string}\"},\"query-input\":{\"@type\":\"PropertyValueSpecification\",\"valueRequired\":true,\"valueName\":\"search_term_string\"}}],\"inLanguage\":\"es\"},{\"@type\":\"Organization\",\"@id\":\"https:\\\/\\\/www.laguiadepamplona.com\\\/actualidad\\\/#organization\",\"name\":\"La Gu\u00eda de Pamplona \\\/ Noticias\",\"url\":\"https:\\\/\\\/www.laguiadepamplona.com\\\/actualidad\\\/\",\"logo\":{\"@type\":\"ImageObject\",\"inLanguage\":\"es\",\"@id\":\"https:\\\/\\\/www.laguiadepamplona.com\\\/actualidad\\\/#\\\/schema\\\/logo\\\/image\\\/\",\"url\":\"https:\\\/\\\/www.laguiadepamplona.com\\\/actualidad\\\/wp-content\\\/uploads\\\/2018\\\/11\\\/logo-laguiadepamplona18-web1.png\",\"contentUrl\":\"https:\\\/\\\/www.laguiadepamplona.com\\\/actualidad\\\/wp-content\\\/uploads\\\/2018\\\/11\\\/logo-laguiadepamplona18-web1.png\",\"width\":600,\"height\":196,\"caption\":\"La Gu\u00eda de Pamplona \\\/ Noticias\"},\"image\":{\"@id\":\"https:\\\/\\\/www.laguiadepamplona.com\\\/actualidad\\\/#\\\/schema\\\/logo\\\/image\\\/\"},\"sameAs\":[\"https:\\\/\\\/www.facebook.com\\\/laguiadepamplonacom-133175176762273\\\/?ref=hl\",\"https:\\\/\\\/x.com\\\/LaGuiadPamplona\",\"https:\\\/\\\/www.instagram.com\\\/la_guia_de_pamplona\\\/\",\"https:\\\/\\\/www.youtube.com\\\/user\\\/laguiadepamplona\"]},{\"@type\":\"Person\",\"@id\":\"https:\\\/\\\/www.laguiadepamplona.com\\\/actualidad\\\/#\\\/schema\\\/person\\\/efe887376f0213d4657c93adc50b1fdb\",\"name\":\"La Gu\u00eda de Pamplona\",\"image\":{\"@type\":\"ImageObject\",\"inLanguage\":\"es\",\"@id\":\"https:\\\/\\\/secure.gravatar.com\\\/avatar\\\/b6992f131dc8d30ab0dff15446e9d346d9dbd95992de0fef795073f5ea83a81c?s=96&d=mm&r=g\",\"url\":\"https:\\\/\\\/secure.gravatar.com\\\/avatar\\\/b6992f131dc8d30ab0dff15446e9d346d9dbd95992de0fef795073f5ea83a81c?s=96&d=mm&r=g\",\"contentUrl\":\"https:\\\/\\\/secure.gravatar.com\\\/avatar\\\/b6992f131dc8d30ab0dff15446e9d346d9dbd95992de0fef795073f5ea83a81c?s=96&d=mm&r=g\",\"caption\":\"La Gu\u00eda de Pamplona\"}}]}<\/script>\n<!-- \/ Yoast SEO plugin. -->","yoast_head_json":{"title":"El circo se adue\u00f1a de Civivox Jus la Rocha durante el mes de mayo con su programaci\u00f3n dirigida al p\u00fablico infantil y familiar","description":"Cuatro espect\u00e1culos y un taller combinan circo, magia y malabares con mucho humor y la participaci\u00f3n colaborativa de la audiencia","robots":{"index":"index","follow":"follow","max-snippet":"max-snippet:-1","max-image-preview":"max-image-preview:large","max-video-preview":"max-video-preview:-1"},"canonical":"https:\/\/www.laguiadepamplona.com\/actualidad\/el-circo-se-aduena-de-civivox-jus-la-rocha-durante-el-mes-de-mayo-con-su-programacion-dirigida-al-publico-infantil-y-familiar\/","og_locale":"es_ES","og_type":"article","og_title":"El circo se adue\u00f1a de Civivox Jus la Rocha durante el mes de mayo con su programaci\u00f3n dirigida al p\u00fablico infantil y familiar","og_description":"Cuatro espect\u00e1culos y un taller combinan circo, magia y malabares con mucho humor y la participaci\u00f3n colaborativa de la audiencia","og_url":"https:\/\/www.laguiadepamplona.com\/actualidad\/el-circo-se-aduena-de-civivox-jus-la-rocha-durante-el-mes-de-mayo-con-su-programacion-dirigida-al-publico-infantil-y-familiar\/","og_site_name":"La Gu\u00eda de Pamplona","article_publisher":"https:\/\/www.facebook.com\/laguiadepamplonacom-133175176762273\/?ref=hl","article_published_time":"2023-05-04T11:30:04+00:00","og_image":[{"width":870,"height":480,"url":"https:\/\/www.laguiadepamplona.com\/actualidad\/wp-content\/uploads\/2023\/05\/circo-payasos.jpg","type":"image\/jpeg"}],"author":"La Gu\u00eda de Pamplona","twitter_card":"summary_large_image","twitter_creator":"@LaGuiadPamplona","twitter_site":"@LaGuiadPamplona","twitter_misc":{"Escrito por":"La Gu\u00eda de Pamplona","Tiempo de lectura":"3 minutos"},"schema":{"@context":"https:\/\/schema.org","@graph":[{"@type":"Article","@id":"https:\/\/www.laguiadepamplona.com\/actualidad\/el-circo-se-aduena-de-civivox-jus-la-rocha-durante-el-mes-de-mayo-con-su-programacion-dirigida-al-publico-infantil-y-familiar\/#article","isPartOf":{"@id":"https:\/\/www.laguiadepamplona.com\/actualidad\/el-circo-se-aduena-de-civivox-jus-la-rocha-durante-el-mes-de-mayo-con-su-programacion-dirigida-al-publico-infantil-y-familiar\/"},"author":{"name":"La Gu\u00eda de Pamplona","@id":"https:\/\/www.laguiadepamplona.com\/actualidad\/#\/schema\/person\/efe887376f0213d4657c93adc50b1fdb"},"headline":"El circo se adue\u00f1a de Civivox Jus la Rocha durante el mes de mayo con su programaci\u00f3n dirigida al p\u00fablico infantil y familiar","datePublished":"2023-05-04T11:30:04+00:00","mainEntityOfPage":{"@id":"https:\/\/www.laguiadepamplona.com\/actualidad\/el-circo-se-aduena-de-civivox-jus-la-rocha-durante-el-mes-de-mayo-con-su-programacion-dirigida-al-publico-infantil-y-familiar\/"},"wordCount":516,"commentCount":0,"publisher":{"@id":"https:\/\/www.laguiadepamplona.com\/actualidad\/#organization"},"image":{"@id":"https:\/\/www.laguiadepamplona.com\/actualidad\/el-circo-se-aduena-de-civivox-jus-la-rocha-durante-el-mes-de-mayo-con-su-programacion-dirigida-al-publico-infantil-y-familiar\/#primaryimage"},"thumbnailUrl":"https:\/\/www.laguiadepamplona.com\/actualidad\/wp-content\/uploads\/2023\/05\/circo-payasos.jpg","articleSection":["Ayto Pamplona"],"inLanguage":"es","potentialAction":[{"@type":"CommentAction","name":"Comment","target":["https:\/\/www.laguiadepamplona.com\/actualidad\/el-circo-se-aduena-de-civivox-jus-la-rocha-durante-el-mes-de-mayo-con-su-programacion-dirigida-al-publico-infantil-y-familiar\/#respond"]}]},{"@type":"WebPage","@id":"https:\/\/www.laguiadepamplona.com\/actualidad\/el-circo-se-aduena-de-civivox-jus-la-rocha-durante-el-mes-de-mayo-con-su-programacion-dirigida-al-publico-infantil-y-familiar\/","url":"https:\/\/www.laguiadepamplona.com\/actualidad\/el-circo-se-aduena-de-civivox-jus-la-rocha-durante-el-mes-de-mayo-con-su-programacion-dirigida-al-publico-infantil-y-familiar\/","name":"El circo se adue\u00f1a de Civivox Jus la Rocha durante el mes de mayo con su programaci\u00f3n dirigida al p\u00fablico infantil y familiar","isPartOf":{"@id":"https:\/\/www.laguiadepamplona.com\/actualidad\/#website"},"primaryImageOfPage":{"@id":"https:\/\/www.laguiadepamplona.com\/actualidad\/el-circo-se-aduena-de-civivox-jus-la-rocha-durante-el-mes-de-mayo-con-su-programacion-dirigida-al-publico-infantil-y-familiar\/#primaryimage"},"image":{"@id":"https:\/\/www.laguiadepamplona.com\/actualidad\/el-circo-se-aduena-de-civivox-jus-la-rocha-durante-el-mes-de-mayo-con-su-programacion-dirigida-al-publico-infantil-y-familiar\/#primaryimage"},"thumbnailUrl":"https:\/\/www.laguiadepamplona.com\/actualidad\/wp-content\/uploads\/2023\/05\/circo-payasos.jpg","datePublished":"2023-05-04T11:30:04+00:00","description":"Cuatro espect\u00e1culos y un taller combinan circo, magia y malabares con mucho humor y la participaci\u00f3n colaborativa de la audiencia","breadcrumb":{"@id":"https:\/\/www.laguiadepamplona.com\/actualidad\/el-circo-se-aduena-de-civivox-jus-la-rocha-durante-el-mes-de-mayo-con-su-programacion-dirigida-al-publico-infantil-y-familiar\/#breadcrumb"},"inLanguage":"es","potentialAction":[{"@type":"ReadAction","target":["https:\/\/www.laguiadepamplona.com\/actualidad\/el-circo-se-aduena-de-civivox-jus-la-rocha-durante-el-mes-de-mayo-con-su-programacion-dirigida-al-publico-infantil-y-familiar\/"]}]},{"@type":"ImageObject","inLanguage":"es","@id":"https:\/\/www.laguiadepamplona.com\/actualidad\/el-circo-se-aduena-de-civivox-jus-la-rocha-durante-el-mes-de-mayo-con-su-programacion-dirigida-al-publico-infantil-y-familiar\/#primaryimage","url":"https:\/\/www.laguiadepamplona.com\/actualidad\/wp-content\/uploads\/2023\/05\/circo-payasos.jpg","contentUrl":"https:\/\/www.laguiadepamplona.com\/actualidad\/wp-content\/uploads\/2023\/05\/circo-payasos.jpg","width":870,"height":480},{"@type":"BreadcrumbList","@id":"https:\/\/www.laguiadepamplona.com\/actualidad\/el-circo-se-aduena-de-civivox-jus-la-rocha-durante-el-mes-de-mayo-con-su-programacion-dirigida-al-publico-infantil-y-familiar\/#breadcrumb","itemListElement":[{"@type":"ListItem","position":1,"name":"Portada","item":"https:\/\/www.laguiadepamplona.com\/actualidad\/"},{"@type":"ListItem","position":2,"name":"El circo se adue\u00f1a de Civivox Jus la Rocha durante el mes de mayo con su programaci\u00f3n dirigida al p\u00fablico infantil y familiar"}]},{"@type":"WebSite","@id":"https:\/\/www.laguiadepamplona.com\/actualidad\/#website","url":"https:\/\/www.laguiadepamplona.com\/actualidad\/","name":"La gu\u00eda de Pamplona","description":"Noticias de Pamplona","publisher":{"@id":"https:\/\/www.laguiadepamplona.com\/actualidad\/#organization"},"potentialAction":[{"@type":"SearchAction","target":{"@type":"EntryPoint","urlTemplate":"https:\/\/www.laguiadepamplona.com\/actualidad\/?s={search_term_string}"},"query-input":{"@type":"PropertyValueSpecification","valueRequired":true,"valueName":"search_term_string"}}],"inLanguage":"es"},{"@type":"Organization","@id":"https:\/\/www.laguiadepamplona.com\/actualidad\/#organization","name":"La Gu\u00eda de Pamplona \/ Noticias","url":"https:\/\/www.laguiadepamplona.com\/actualidad\/","logo":{"@type":"ImageObject","inLanguage":"es","@id":"https:\/\/www.laguiadepamplona.com\/actualidad\/#\/schema\/logo\/image\/","url":"https:\/\/www.laguiadepamplona.com\/actualidad\/wp-content\/uploads\/2018\/11\/logo-laguiadepamplona18-web1.png","contentUrl":"https:\/\/www.laguiadepamplona.com\/actualidad\/wp-content\/uploads\/2018\/11\/logo-laguiadepamplona18-web1.png","width":600,"height":196,"caption":"La Gu\u00eda de Pamplona \/ Noticias"},"image":{"@id":"https:\/\/www.laguiadepamplona.com\/actualidad\/#\/schema\/logo\/image\/"},"sameAs":["https:\/\/www.facebook.com\/laguiadepamplonacom-133175176762273\/?ref=hl","https:\/\/x.com\/LaGuiadPamplona","https:\/\/www.instagram.com\/la_guia_de_pamplona\/","https:\/\/www.youtube.com\/user\/laguiadepamplona"]},{"@type":"Person","@id":"https:\/\/www.laguiadepamplona.com\/actualidad\/#\/schema\/person\/efe887376f0213d4657c93adc50b1fdb","name":"La Gu\u00eda de Pamplona","image":{"@type":"ImageObject","inLanguage":"es","@id":"https:\/\/secure.gravatar.com\/avatar\/b6992f131dc8d30ab0dff15446e9d346d9dbd95992de0fef795073f5ea83a81c?s=96&d=mm&r=g","url":"https:\/\/secure.gravatar.com\/avatar\/b6992f131dc8d30ab0dff15446e9d346d9dbd95992de0fef795073f5ea83a81c?s=96&d=mm&r=g","contentUrl":"https:\/\/secure.gravatar.com\/avatar\/b6992f131dc8d30ab0dff15446e9d346d9dbd95992de0fef795073f5ea83a81c?s=96&d=mm&r=g","caption":"La Gu\u00eda de Pamplona"}}]}},"post_mailing_queue_ids":[],"_links":{"self":[{"href":"https:\/\/www.laguiadepamplona.com\/actualidad\/wp-json\/wp\/v2\/posts\/46591","targetHints":{"allow":["GET"]}}],"collection":[{"href":"https:\/\/www.laguiadepamplona.com\/actualidad\/wp-json\/wp\/v2\/posts"}],"about":[{"href":"https:\/\/www.laguiadepamplona.com\/actualidad\/wp-json\/wp\/v2\/types\/post"}],"author":[{"embeddable":true,"href":"https:\/\/www.laguiadepamplona.com\/actualidad\/wp-json\/wp\/v2\/users\/1"}],"replies":[{"embeddable":true,"href":"https:\/\/www.laguiadepamplona.com\/actualidad\/wp-json\/wp\/v2\/comments?post=46591"}],"version-history":[{"count":1,"href":"https:\/\/www.laguiadepamplona.com\/actualidad\/wp-json\/wp\/v2\/posts\/46591\/revisions"}],"predecessor-version":[{"id":46593,"href":"https:\/\/www.laguiadepamplona.com\/actualidad\/wp-json\/wp\/v2\/posts\/46591\/revisions\/46593"}],"wp:featuredmedia":[{"embeddable":true,"href":"https:\/\/www.laguiadepamplona.com\/actualidad\/wp-json\/wp\/v2\/media\/46592"}],"wp:attachment":[{"href":"https:\/\/www.laguiadepamplona.com\/actualidad\/wp-json\/wp\/v2\/media?parent=46591"}],"wp:term":[{"taxonomy":"category","embeddable":true,"href":"https:\/\/www.laguiadepamplona.com\/actualidad\/wp-json\/wp\/v2\/categories?post=46591"},{"taxonomy":"post_tag","embeddable":true,"href":"https:\/\/www.laguiadepamplona.com\/actualidad\/wp-json\/wp\/v2\/tags?post=46591"}],"curies":[{"name":"wp","href":"https:\/\/api.w.org\/{rel}","templated":true}]}}