{"id":46588,"date":"2023-05-04T13:28:35","date_gmt":"2023-05-04T11:28:35","guid":{"rendered":"https:\/\/www.laguiadepamplona.com\/actualidad\/?p=46588"},"modified":"2023-05-04T13:28:35","modified_gmt":"2023-05-04T11:28:35","slug":"el-ayuntamiento-cede-un-local-municipal-proximo-a-la-zona-hospitalaria-a-la-asociacion-espanola-contra-el-cancer-en-navarra-para-el-impulso-de-su-actividad","status":"publish","type":"post","link":"https:\/\/www.laguiadepamplona.com\/actualidad\/el-ayuntamiento-cede-un-local-municipal-proximo-a-la-zona-hospitalaria-a-la-asociacion-espanola-contra-el-cancer-en-navarra-para-el-impulso-de-su-actividad\/","title":{"rendered":"El Ayuntamiento cede un local municipal pr\u00f3ximo a la zona hospitalaria a la Asociaci\u00f3n Espa\u00f1ola Contra el C\u00e1ncer en Navarra para el impulso de su actividad"},"content":{"rendered":"<h3>La concesi\u00f3n administrativa de dominio p\u00fablico es para 35 a\u00f1os y la entidad crear\u00e1 su sede principal para acciones de formaci\u00f3n, detecci\u00f3n y prevenci\u00f3n<\/h3>\n<p><!--more--><\/p>\n<p>La Junta de Gobierno Local del Ayuntamiento de Pamplona ha aprobado el pliego para la concesi\u00f3n administrativa de un local municipal a la Asociaci\u00f3n Espa\u00f1ola Contra el C\u00e1ncer en Navarra. Este local se encuentra ubicado en la calle Pintor Paret, n\u00famero 5, cuenta con una superficie construida de 287,10 metros cuadrados y albergar\u00e1 la nueva sede de la Asociaci\u00f3n.<\/p>\n<p>La Asociaci\u00f3n Espa\u00f1ola Contra el C\u00e1ncer en Navarra utilizar\u00e1 el local para crear un espacio de trabajo colaborativo y atenci\u00f3n multidisciplinar que ofrezca atenci\u00f3n psicol\u00f3gica, atenci\u00f3n social, atenci\u00f3n preventiva, material ortop\u00e9dico y ejercicio f\u00edsico para pacientes afectados por la enfermedad de c\u00e1ncer. Esta prestaci\u00f3n de servicios se ve favorecida por la situaci\u00f3n del local, cercana a la zona hospitalaria.<br \/>\n<script async src=\"\/\/pagead2.googlesyndication.com\/pagead\/js\/adsbygoogle.js\"><\/script><br \/>\n<!-- Noticias La Guia de Pamplona --><br \/>\n<ins class=\"adsbygoogle\"\nstyle=\"display:block\"\ndata-ad-client=\"ca-pub-6943679897239327\"\ndata-ad-slot=\"7048180777\"\ndata-ad-format=\"auto\"><\/ins><br \/>\n<script>\n(adsbygoogle = window.adsbygoogle || []).push({});\n<\/script><\/p>\n<p>Adem\u00e1s, la Asociaci\u00f3n podr\u00e1 utilizar el espacio para llevar a cabo acciones divulgativas para la prevenci\u00f3n y detecci\u00f3n precoz del c\u00e1ncer, con el objetivo de reducir las tasas de incidencia. Tambi\u00e9n permitir\u00e1 desarrollar acciones de formaci\u00f3n dirigidas a profesionales y voluntarios que trabajan en la lucha contra esta enfermedad.<\/p>\n<p>La concesi\u00f3n de dominio p\u00fablico es a t\u00edtulo gratuito, sin contraprestaci\u00f3n y no estar\u00e1 sujeta a la tasa por utilizaci\u00f3n privativa o aprovechamiento especial de bienes de dominio p\u00fablico, al no llevar aparejada una utilidad econ\u00f3mica para el concesionario. El plazo de concesi\u00f3n es de 35 a\u00f1os. La Asociaci\u00f3n Espa\u00f1ola Contra el C\u00e1ncer en Navarra debe presentar la documentaci\u00f3n correspondiente en calidad de concesionario y ser\u00e1 la encargada de asumir las inversiones y el gasto de gesti\u00f3n anual.<br \/>\n<script async src=\"\/\/pagead2.googlesyndication.com\/pagead\/js\/adsbygoogle.js\"><\/script><br \/>\n<!-- Noticias La Guia de Pamplona --><br \/>\n<ins class=\"adsbygoogle\"\nstyle=\"display:block\"\ndata-ad-client=\"ca-pub-6943679897239327\"\ndata-ad-slot=\"7048180777\"\ndata-ad-format=\"auto\"><\/ins><br \/>\n<script>\n(adsbygoogle = window.adsbygoogle || []).push({});\n<\/script><\/p>\n<p>La Asociaci\u00f3n Espa\u00f1ola Contra el C\u00e1ncer en Navarra es una entidad sin \u00e1nimo de lucro referente en la Comunidad en su lucha contra la enfermedad. Ha atendido a trav\u00e9s de profesionales y voluntarios a miles de personas, entre pacientes y sus familias, con los que trabajan la calidad de vida, la atenci\u00f3n psicol\u00f3gica y la evaluaci\u00f3n de las necesidades de las personas que superan la enfermedad. En el a\u00f1o 2022, la atenci\u00f3n social incluy\u00f3 336 personas, 767 intervenciones sociales, 134 pr\u00e9stamos de material ortop\u00e9dico y se atendi\u00f3 a 80 personas acogidas en los pisos de la asociaci\u00f3n.<\/p>\n","protected":false},"excerpt":{"rendered":"<p>La concesi\u00f3n administrativa de dominio p\u00fablico es para 35 a\u00f1os y la entidad crear\u00e1 su sede principal para acciones de formaci\u00f3n, detecci\u00f3n y prevenci\u00f3n<\/p>\n","protected":false},"author":1,"featured_media":46589,"comment_status":"open","ping_status":"closed","sticky":false,"template":"","format":"standard","meta":{"footnotes":""},"categories":[2],"tags":[],"class_list":["post-46588","post","type-post","status-publish","format-standard","has-post-thumbnail","hentry","category-ayuntamiento-pamplona"],"yoast_head":"<!-- This site is optimized with the Yoast SEO plugin v27.3 - https:\/\/yoast.com\/product\/yoast-seo-wordpress\/ -->\n<title>El Ayuntamiento cede un local municipal pr\u00f3ximo a la zona hospitalaria a la Asociaci\u00f3n Espa\u00f1ola Contra el C\u00e1ncer en Navarra para el impulso de su actividad<\/title>\n<meta name=\"description\" content=\"La concesi\u00f3n administrativa de dominio p\u00fablico es para 35 a\u00f1os y la entidad crear\u00e1 su sede principal para acciones de formaci\u00f3n, detecci\u00f3n y prevenci\u00f3n\" \/>\n<meta name=\"robots\" content=\"index, follow, max-snippet:-1, max-image-preview:large, max-video-preview:-1\" \/>\n<link rel=\"canonical\" href=\"https:\/\/www.laguiadepamplona.com\/actualidad\/el-ayuntamiento-cede-un-local-municipal-proximo-a-la-zona-hospitalaria-a-la-asociacion-espanola-contra-el-cancer-en-navarra-para-el-impulso-de-su-actividad\/\" \/>\n<meta property=\"og:locale\" content=\"es_ES\" \/>\n<meta property=\"og:type\" content=\"article\" \/>\n<meta property=\"og:title\" content=\"El Ayuntamiento cede un local municipal pr\u00f3ximo a la zona hospitalaria a la Asociaci\u00f3n Espa\u00f1ola Contra el C\u00e1ncer en Navarra para el impulso de su actividad\" \/>\n<meta property=\"og:description\" content=\"La concesi\u00f3n administrativa de dominio p\u00fablico es para 35 a\u00f1os y la entidad crear\u00e1 su sede principal para acciones de formaci\u00f3n, detecci\u00f3n y prevenci\u00f3n\" \/>\n<meta property=\"og:url\" content=\"https:\/\/www.laguiadepamplona.com\/actualidad\/el-ayuntamiento-cede-un-local-municipal-proximo-a-la-zona-hospitalaria-a-la-asociacion-espanola-contra-el-cancer-en-navarra-para-el-impulso-de-su-actividad\/\" \/>\n<meta property=\"og:site_name\" content=\"La Gu\u00eda de Pamplona\" \/>\n<meta property=\"article:publisher\" content=\"https:\/\/www.facebook.com\/laguiadepamplonacom-133175176762273\/?ref=hl\" \/>\n<meta property=\"article:published_time\" content=\"2023-05-04T11:28:35+00:00\" \/>\n<meta property=\"og:image\" content=\"https:\/\/www.laguiadepamplona.com\/actualidad\/wp-content\/uploads\/2023\/05\/vivienda_03_urbanismo_planos_3.webp\" \/>\n\t<meta property=\"og:image:width\" content=\"800\" \/>\n\t<meta property=\"og:image:height\" content=\"450\" \/>\n\t<meta property=\"og:image:type\" content=\"image\/webp\" \/>\n<meta name=\"author\" content=\"La Gu\u00eda de Pamplona\" \/>\n<meta name=\"twitter:card\" content=\"summary_large_image\" \/>\n<meta name=\"twitter:creator\" content=\"@LaGuiadPamplona\" \/>\n<meta name=\"twitter:site\" content=\"@LaGuiadPamplona\" \/>\n<meta name=\"twitter:label1\" content=\"Escrito por\" \/>\n\t<meta name=\"twitter:data1\" content=\"La Gu\u00eda de Pamplona\" \/>\n\t<meta name=\"twitter:label2\" content=\"Tiempo de lectura\" \/>\n\t<meta name=\"twitter:data2\" content=\"2 minutos\" \/>\n<script type=\"application\/ld+json\" class=\"yoast-schema-graph\">{\"@context\":\"https:\\\/\\\/schema.org\",\"@graph\":[{\"@type\":\"Article\",\"@id\":\"https:\\\/\\\/www.laguiadepamplona.com\\\/actualidad\\\/el-ayuntamiento-cede-un-local-municipal-proximo-a-la-zona-hospitalaria-a-la-asociacion-espanola-contra-el-cancer-en-navarra-para-el-impulso-de-su-actividad\\\/#article\",\"isPartOf\":{\"@id\":\"https:\\\/\\\/www.laguiadepamplona.com\\\/actualidad\\\/el-ayuntamiento-cede-un-local-municipal-proximo-a-la-zona-hospitalaria-a-la-asociacion-espanola-contra-el-cancer-en-navarra-para-el-impulso-de-su-actividad\\\/\"},\"author\":{\"name\":\"La Gu\u00eda de Pamplona\",\"@id\":\"https:\\\/\\\/www.laguiadepamplona.com\\\/actualidad\\\/#\\\/schema\\\/person\\\/efe887376f0213d4657c93adc50b1fdb\"},\"headline\":\"El Ayuntamiento cede un local municipal pr\u00f3ximo a la zona hospitalaria a la Asociaci\u00f3n Espa\u00f1ola Contra el C\u00e1ncer en Navarra para el impulso de su actividad\",\"datePublished\":\"2023-05-04T11:28:35+00:00\",\"mainEntityOfPage\":{\"@id\":\"https:\\\/\\\/www.laguiadepamplona.com\\\/actualidad\\\/el-ayuntamiento-cede-un-local-municipal-proximo-a-la-zona-hospitalaria-a-la-asociacion-espanola-contra-el-cancer-en-navarra-para-el-impulso-de-su-actividad\\\/\"},\"wordCount\":445,\"commentCount\":0,\"publisher\":{\"@id\":\"https:\\\/\\\/www.laguiadepamplona.com\\\/actualidad\\\/#organization\"},\"image\":{\"@id\":\"https:\\\/\\\/www.laguiadepamplona.com\\\/actualidad\\\/el-ayuntamiento-cede-un-local-municipal-proximo-a-la-zona-hospitalaria-a-la-asociacion-espanola-contra-el-cancer-en-navarra-para-el-impulso-de-su-actividad\\\/#primaryimage\"},\"thumbnailUrl\":\"https:\\\/\\\/www.laguiadepamplona.com\\\/actualidad\\\/wp-content\\\/uploads\\\/2023\\\/05\\\/vivienda_03_urbanismo_planos_3.webp\",\"articleSection\":[\"Ayto Pamplona\"],\"inLanguage\":\"es\",\"potentialAction\":[{\"@type\":\"CommentAction\",\"name\":\"Comment\",\"target\":[\"https:\\\/\\\/www.laguiadepamplona.com\\\/actualidad\\\/el-ayuntamiento-cede-un-local-municipal-proximo-a-la-zona-hospitalaria-a-la-asociacion-espanola-contra-el-cancer-en-navarra-para-el-impulso-de-su-actividad\\\/#respond\"]}]},{\"@type\":\"WebPage\",\"@id\":\"https:\\\/\\\/www.laguiadepamplona.com\\\/actualidad\\\/el-ayuntamiento-cede-un-local-municipal-proximo-a-la-zona-hospitalaria-a-la-asociacion-espanola-contra-el-cancer-en-navarra-para-el-impulso-de-su-actividad\\\/\",\"url\":\"https:\\\/\\\/www.laguiadepamplona.com\\\/actualidad\\\/el-ayuntamiento-cede-un-local-municipal-proximo-a-la-zona-hospitalaria-a-la-asociacion-espanola-contra-el-cancer-en-navarra-para-el-impulso-de-su-actividad\\\/\",\"name\":\"El Ayuntamiento cede un local municipal pr\u00f3ximo a la zona hospitalaria a la Asociaci\u00f3n Espa\u00f1ola Contra el C\u00e1ncer en Navarra para el impulso de su actividad\",\"isPartOf\":{\"@id\":\"https:\\\/\\\/www.laguiadepamplona.com\\\/actualidad\\\/#website\"},\"primaryImageOfPage\":{\"@id\":\"https:\\\/\\\/www.laguiadepamplona.com\\\/actualidad\\\/el-ayuntamiento-cede-un-local-municipal-proximo-a-la-zona-hospitalaria-a-la-asociacion-espanola-contra-el-cancer-en-navarra-para-el-impulso-de-su-actividad\\\/#primaryimage\"},\"image\":{\"@id\":\"https:\\\/\\\/www.laguiadepamplona.com\\\/actualidad\\\/el-ayuntamiento-cede-un-local-municipal-proximo-a-la-zona-hospitalaria-a-la-asociacion-espanola-contra-el-cancer-en-navarra-para-el-impulso-de-su-actividad\\\/#primaryimage\"},\"thumbnailUrl\":\"https:\\\/\\\/www.laguiadepamplona.com\\\/actualidad\\\/wp-content\\\/uploads\\\/2023\\\/05\\\/vivienda_03_urbanismo_planos_3.webp\",\"datePublished\":\"2023-05-04T11:28:35+00:00\",\"description\":\"La concesi\u00f3n administrativa de dominio p\u00fablico es para 35 a\u00f1os y la entidad crear\u00e1 su sede principal para acciones de formaci\u00f3n, detecci\u00f3n y prevenci\u00f3n\",\"breadcrumb\":{\"@id\":\"https:\\\/\\\/www.laguiadepamplona.com\\\/actualidad\\\/el-ayuntamiento-cede-un-local-municipal-proximo-a-la-zona-hospitalaria-a-la-asociacion-espanola-contra-el-cancer-en-navarra-para-el-impulso-de-su-actividad\\\/#breadcrumb\"},\"inLanguage\":\"es\",\"potentialAction\":[{\"@type\":\"ReadAction\",\"target\":[\"https:\\\/\\\/www.laguiadepamplona.com\\\/actualidad\\\/el-ayuntamiento-cede-un-local-municipal-proximo-a-la-zona-hospitalaria-a-la-asociacion-espanola-contra-el-cancer-en-navarra-para-el-impulso-de-su-actividad\\\/\"]}]},{\"@type\":\"ImageObject\",\"inLanguage\":\"es\",\"@id\":\"https:\\\/\\\/www.laguiadepamplona.com\\\/actualidad\\\/el-ayuntamiento-cede-un-local-municipal-proximo-a-la-zona-hospitalaria-a-la-asociacion-espanola-contra-el-cancer-en-navarra-para-el-impulso-de-su-actividad\\\/#primaryimage\",\"url\":\"https:\\\/\\\/www.laguiadepamplona.com\\\/actualidad\\\/wp-content\\\/uploads\\\/2023\\\/05\\\/vivienda_03_urbanismo_planos_3.webp\",\"contentUrl\":\"https:\\\/\\\/www.laguiadepamplona.com\\\/actualidad\\\/wp-content\\\/uploads\\\/2023\\\/05\\\/vivienda_03_urbanismo_planos_3.webp\",\"width\":800,\"height\":450,\"caption\":\"planos vivienda\"},{\"@type\":\"BreadcrumbList\",\"@id\":\"https:\\\/\\\/www.laguiadepamplona.com\\\/actualidad\\\/el-ayuntamiento-cede-un-local-municipal-proximo-a-la-zona-hospitalaria-a-la-asociacion-espanola-contra-el-cancer-en-navarra-para-el-impulso-de-su-actividad\\\/#breadcrumb\",\"itemListElement\":[{\"@type\":\"ListItem\",\"position\":1,\"name\":\"Portada\",\"item\":\"https:\\\/\\\/www.laguiadepamplona.com\\\/actualidad\\\/\"},{\"@type\":\"ListItem\",\"position\":2,\"name\":\"El Ayuntamiento cede un local municipal pr\u00f3ximo a la zona hospitalaria a la Asociaci\u00f3n Espa\u00f1ola Contra el C\u00e1ncer en Navarra para el impulso de su actividad\"}]},{\"@type\":\"WebSite\",\"@id\":\"https:\\\/\\\/www.laguiadepamplona.com\\\/actualidad\\\/#website\",\"url\":\"https:\\\/\\\/www.laguiadepamplona.com\\\/actualidad\\\/\",\"name\":\"La gu\u00eda de Pamplona\",\"description\":\"Noticias de Pamplona\",\"publisher\":{\"@id\":\"https:\\\/\\\/www.laguiadepamplona.com\\\/actualidad\\\/#organization\"},\"potentialAction\":[{\"@type\":\"SearchAction\",\"target\":{\"@type\":\"EntryPoint\",\"urlTemplate\":\"https:\\\/\\\/www.laguiadepamplona.com\\\/actualidad\\\/?s={search_term_string}\"},\"query-input\":{\"@type\":\"PropertyValueSpecification\",\"valueRequired\":true,\"valueName\":\"search_term_string\"}}],\"inLanguage\":\"es\"},{\"@type\":\"Organization\",\"@id\":\"https:\\\/\\\/www.laguiadepamplona.com\\\/actualidad\\\/#organization\",\"name\":\"La Gu\u00eda de Pamplona \\\/ Noticias\",\"url\":\"https:\\\/\\\/www.laguiadepamplona.com\\\/actualidad\\\/\",\"logo\":{\"@type\":\"ImageObject\",\"inLanguage\":\"es\",\"@id\":\"https:\\\/\\\/www.laguiadepamplona.com\\\/actualidad\\\/#\\\/schema\\\/logo\\\/image\\\/\",\"url\":\"https:\\\/\\\/www.laguiadepamplona.com\\\/actualidad\\\/wp-content\\\/uploads\\\/2018\\\/11\\\/logo-laguiadepamplona18-web1.png\",\"contentUrl\":\"https:\\\/\\\/www.laguiadepamplona.com\\\/actualidad\\\/wp-content\\\/uploads\\\/2018\\\/11\\\/logo-laguiadepamplona18-web1.png\",\"width\":600,\"height\":196,\"caption\":\"La Gu\u00eda de Pamplona \\\/ Noticias\"},\"image\":{\"@id\":\"https:\\\/\\\/www.laguiadepamplona.com\\\/actualidad\\\/#\\\/schema\\\/logo\\\/image\\\/\"},\"sameAs\":[\"https:\\\/\\\/www.facebook.com\\\/laguiadepamplonacom-133175176762273\\\/?ref=hl\",\"https:\\\/\\\/x.com\\\/LaGuiadPamplona\",\"https:\\\/\\\/www.instagram.com\\\/la_guia_de_pamplona\\\/\",\"https:\\\/\\\/www.youtube.com\\\/user\\\/laguiadepamplona\"]},{\"@type\":\"Person\",\"@id\":\"https:\\\/\\\/www.laguiadepamplona.com\\\/actualidad\\\/#\\\/schema\\\/person\\\/efe887376f0213d4657c93adc50b1fdb\",\"name\":\"La Gu\u00eda de Pamplona\",\"image\":{\"@type\":\"ImageObject\",\"inLanguage\":\"es\",\"@id\":\"https:\\\/\\\/secure.gravatar.com\\\/avatar\\\/b6992f131dc8d30ab0dff15446e9d346d9dbd95992de0fef795073f5ea83a81c?s=96&d=mm&r=g\",\"url\":\"https:\\\/\\\/secure.gravatar.com\\\/avatar\\\/b6992f131dc8d30ab0dff15446e9d346d9dbd95992de0fef795073f5ea83a81c?s=96&d=mm&r=g\",\"contentUrl\":\"https:\\\/\\\/secure.gravatar.com\\\/avatar\\\/b6992f131dc8d30ab0dff15446e9d346d9dbd95992de0fef795073f5ea83a81c?s=96&d=mm&r=g\",\"caption\":\"La Gu\u00eda de Pamplona\"}}]}<\/script>\n<!-- \/ Yoast SEO plugin. -->","yoast_head_json":{"title":"El Ayuntamiento cede un local municipal pr\u00f3ximo a la zona hospitalaria a la Asociaci\u00f3n Espa\u00f1ola Contra el C\u00e1ncer en Navarra para el impulso de su actividad","description":"La concesi\u00f3n administrativa de dominio p\u00fablico es para 35 a\u00f1os y la entidad crear\u00e1 su sede principal para acciones de formaci\u00f3n, detecci\u00f3n y prevenci\u00f3n","robots":{"index":"index","follow":"follow","max-snippet":"max-snippet:-1","max-image-preview":"max-image-preview:large","max-video-preview":"max-video-preview:-1"},"canonical":"https:\/\/www.laguiadepamplona.com\/actualidad\/el-ayuntamiento-cede-un-local-municipal-proximo-a-la-zona-hospitalaria-a-la-asociacion-espanola-contra-el-cancer-en-navarra-para-el-impulso-de-su-actividad\/","og_locale":"es_ES","og_type":"article","og_title":"El Ayuntamiento cede un local municipal pr\u00f3ximo a la zona hospitalaria a la Asociaci\u00f3n Espa\u00f1ola Contra el C\u00e1ncer en Navarra para el impulso de su actividad","og_description":"La concesi\u00f3n administrativa de dominio p\u00fablico es para 35 a\u00f1os y la entidad crear\u00e1 su sede principal para acciones de formaci\u00f3n, detecci\u00f3n y prevenci\u00f3n","og_url":"https:\/\/www.laguiadepamplona.com\/actualidad\/el-ayuntamiento-cede-un-local-municipal-proximo-a-la-zona-hospitalaria-a-la-asociacion-espanola-contra-el-cancer-en-navarra-para-el-impulso-de-su-actividad\/","og_site_name":"La Gu\u00eda de Pamplona","article_publisher":"https:\/\/www.facebook.com\/laguiadepamplonacom-133175176762273\/?ref=hl","article_published_time":"2023-05-04T11:28:35+00:00","og_image":[{"width":800,"height":450,"url":"https:\/\/www.laguiadepamplona.com\/actualidad\/wp-content\/uploads\/2023\/05\/vivienda_03_urbanismo_planos_3.webp","type":"image\/webp"}],"author":"La Gu\u00eda de Pamplona","twitter_card":"summary_large_image","twitter_creator":"@LaGuiadPamplona","twitter_site":"@LaGuiadPamplona","twitter_misc":{"Escrito por":"La Gu\u00eda de Pamplona","Tiempo de lectura":"2 minutos"},"schema":{"@context":"https:\/\/schema.org","@graph":[{"@type":"Article","@id":"https:\/\/www.laguiadepamplona.com\/actualidad\/el-ayuntamiento-cede-un-local-municipal-proximo-a-la-zona-hospitalaria-a-la-asociacion-espanola-contra-el-cancer-en-navarra-para-el-impulso-de-su-actividad\/#article","isPartOf":{"@id":"https:\/\/www.laguiadepamplona.com\/actualidad\/el-ayuntamiento-cede-un-local-municipal-proximo-a-la-zona-hospitalaria-a-la-asociacion-espanola-contra-el-cancer-en-navarra-para-el-impulso-de-su-actividad\/"},"author":{"name":"La Gu\u00eda de Pamplona","@id":"https:\/\/www.laguiadepamplona.com\/actualidad\/#\/schema\/person\/efe887376f0213d4657c93adc50b1fdb"},"headline":"El Ayuntamiento cede un local municipal pr\u00f3ximo a la zona hospitalaria a la Asociaci\u00f3n Espa\u00f1ola Contra el C\u00e1ncer en Navarra para el impulso de su actividad","datePublished":"2023-05-04T11:28:35+00:00","mainEntityOfPage":{"@id":"https:\/\/www.laguiadepamplona.com\/actualidad\/el-ayuntamiento-cede-un-local-municipal-proximo-a-la-zona-hospitalaria-a-la-asociacion-espanola-contra-el-cancer-en-navarra-para-el-impulso-de-su-actividad\/"},"wordCount":445,"commentCount":0,"publisher":{"@id":"https:\/\/www.laguiadepamplona.com\/actualidad\/#organization"},"image":{"@id":"https:\/\/www.laguiadepamplona.com\/actualidad\/el-ayuntamiento-cede-un-local-municipal-proximo-a-la-zona-hospitalaria-a-la-asociacion-espanola-contra-el-cancer-en-navarra-para-el-impulso-de-su-actividad\/#primaryimage"},"thumbnailUrl":"https:\/\/www.laguiadepamplona.com\/actualidad\/wp-content\/uploads\/2023\/05\/vivienda_03_urbanismo_planos_3.webp","articleSection":["Ayto Pamplona"],"inLanguage":"es","potentialAction":[{"@type":"CommentAction","name":"Comment","target":["https:\/\/www.laguiadepamplona.com\/actualidad\/el-ayuntamiento-cede-un-local-municipal-proximo-a-la-zona-hospitalaria-a-la-asociacion-espanola-contra-el-cancer-en-navarra-para-el-impulso-de-su-actividad\/#respond"]}]},{"@type":"WebPage","@id":"https:\/\/www.laguiadepamplona.com\/actualidad\/el-ayuntamiento-cede-un-local-municipal-proximo-a-la-zona-hospitalaria-a-la-asociacion-espanola-contra-el-cancer-en-navarra-para-el-impulso-de-su-actividad\/","url":"https:\/\/www.laguiadepamplona.com\/actualidad\/el-ayuntamiento-cede-un-local-municipal-proximo-a-la-zona-hospitalaria-a-la-asociacion-espanola-contra-el-cancer-en-navarra-para-el-impulso-de-su-actividad\/","name":"El Ayuntamiento cede un local municipal pr\u00f3ximo a la zona hospitalaria a la Asociaci\u00f3n Espa\u00f1ola Contra el C\u00e1ncer en Navarra para el impulso de su actividad","isPartOf":{"@id":"https:\/\/www.laguiadepamplona.com\/actualidad\/#website"},"primaryImageOfPage":{"@id":"https:\/\/www.laguiadepamplona.com\/actualidad\/el-ayuntamiento-cede-un-local-municipal-proximo-a-la-zona-hospitalaria-a-la-asociacion-espanola-contra-el-cancer-en-navarra-para-el-impulso-de-su-actividad\/#primaryimage"},"image":{"@id":"https:\/\/www.laguiadepamplona.com\/actualidad\/el-ayuntamiento-cede-un-local-municipal-proximo-a-la-zona-hospitalaria-a-la-asociacion-espanola-contra-el-cancer-en-navarra-para-el-impulso-de-su-actividad\/#primaryimage"},"thumbnailUrl":"https:\/\/www.laguiadepamplona.com\/actualidad\/wp-content\/uploads\/2023\/05\/vivienda_03_urbanismo_planos_3.webp","datePublished":"2023-05-04T11:28:35+00:00","description":"La concesi\u00f3n administrativa de dominio p\u00fablico es para 35 a\u00f1os y la entidad crear\u00e1 su sede principal para acciones de formaci\u00f3n, detecci\u00f3n y prevenci\u00f3n","breadcrumb":{"@id":"https:\/\/www.laguiadepamplona.com\/actualidad\/el-ayuntamiento-cede-un-local-municipal-proximo-a-la-zona-hospitalaria-a-la-asociacion-espanola-contra-el-cancer-en-navarra-para-el-impulso-de-su-actividad\/#breadcrumb"},"inLanguage":"es","potentialAction":[{"@type":"ReadAction","target":["https:\/\/www.laguiadepamplona.com\/actualidad\/el-ayuntamiento-cede-un-local-municipal-proximo-a-la-zona-hospitalaria-a-la-asociacion-espanola-contra-el-cancer-en-navarra-para-el-impulso-de-su-actividad\/"]}]},{"@type":"ImageObject","inLanguage":"es","@id":"https:\/\/www.laguiadepamplona.com\/actualidad\/el-ayuntamiento-cede-un-local-municipal-proximo-a-la-zona-hospitalaria-a-la-asociacion-espanola-contra-el-cancer-en-navarra-para-el-impulso-de-su-actividad\/#primaryimage","url":"https:\/\/www.laguiadepamplona.com\/actualidad\/wp-content\/uploads\/2023\/05\/vivienda_03_urbanismo_planos_3.webp","contentUrl":"https:\/\/www.laguiadepamplona.com\/actualidad\/wp-content\/uploads\/2023\/05\/vivienda_03_urbanismo_planos_3.webp","width":800,"height":450,"caption":"planos vivienda"},{"@type":"BreadcrumbList","@id":"https:\/\/www.laguiadepamplona.com\/actualidad\/el-ayuntamiento-cede-un-local-municipal-proximo-a-la-zona-hospitalaria-a-la-asociacion-espanola-contra-el-cancer-en-navarra-para-el-impulso-de-su-actividad\/#breadcrumb","itemListElement":[{"@type":"ListItem","position":1,"name":"Portada","item":"https:\/\/www.laguiadepamplona.com\/actualidad\/"},{"@type":"ListItem","position":2,"name":"El Ayuntamiento cede un local municipal pr\u00f3ximo a la zona hospitalaria a la Asociaci\u00f3n Espa\u00f1ola Contra el C\u00e1ncer en Navarra para el impulso de su actividad"}]},{"@type":"WebSite","@id":"https:\/\/www.laguiadepamplona.com\/actualidad\/#website","url":"https:\/\/www.laguiadepamplona.com\/actualidad\/","name":"La gu\u00eda de Pamplona","description":"Noticias de Pamplona","publisher":{"@id":"https:\/\/www.laguiadepamplona.com\/actualidad\/#organization"},"potentialAction":[{"@type":"SearchAction","target":{"@type":"EntryPoint","urlTemplate":"https:\/\/www.laguiadepamplona.com\/actualidad\/?s={search_term_string}"},"query-input":{"@type":"PropertyValueSpecification","valueRequired":true,"valueName":"search_term_string"}}],"inLanguage":"es"},{"@type":"Organization","@id":"https:\/\/www.laguiadepamplona.com\/actualidad\/#organization","name":"La Gu\u00eda de Pamplona \/ Noticias","url":"https:\/\/www.laguiadepamplona.com\/actualidad\/","logo":{"@type":"ImageObject","inLanguage":"es","@id":"https:\/\/www.laguiadepamplona.com\/actualidad\/#\/schema\/logo\/image\/","url":"https:\/\/www.laguiadepamplona.com\/actualidad\/wp-content\/uploads\/2018\/11\/logo-laguiadepamplona18-web1.png","contentUrl":"https:\/\/www.laguiadepamplona.com\/actualidad\/wp-content\/uploads\/2018\/11\/logo-laguiadepamplona18-web1.png","width":600,"height":196,"caption":"La Gu\u00eda de Pamplona \/ Noticias"},"image":{"@id":"https:\/\/www.laguiadepamplona.com\/actualidad\/#\/schema\/logo\/image\/"},"sameAs":["https:\/\/www.facebook.com\/laguiadepamplonacom-133175176762273\/?ref=hl","https:\/\/x.com\/LaGuiadPamplona","https:\/\/www.instagram.com\/la_guia_de_pamplona\/","https:\/\/www.youtube.com\/user\/laguiadepamplona"]},{"@type":"Person","@id":"https:\/\/www.laguiadepamplona.com\/actualidad\/#\/schema\/person\/efe887376f0213d4657c93adc50b1fdb","name":"La Gu\u00eda de Pamplona","image":{"@type":"ImageObject","inLanguage":"es","@id":"https:\/\/secure.gravatar.com\/avatar\/b6992f131dc8d30ab0dff15446e9d346d9dbd95992de0fef795073f5ea83a81c?s=96&d=mm&r=g","url":"https:\/\/secure.gravatar.com\/avatar\/b6992f131dc8d30ab0dff15446e9d346d9dbd95992de0fef795073f5ea83a81c?s=96&d=mm&r=g","contentUrl":"https:\/\/secure.gravatar.com\/avatar\/b6992f131dc8d30ab0dff15446e9d346d9dbd95992de0fef795073f5ea83a81c?s=96&d=mm&r=g","caption":"La Gu\u00eda de Pamplona"}}]}},"post_mailing_queue_ids":[],"_links":{"self":[{"href":"https:\/\/www.laguiadepamplona.com\/actualidad\/wp-json\/wp\/v2\/posts\/46588","targetHints":{"allow":["GET"]}}],"collection":[{"href":"https:\/\/www.laguiadepamplona.com\/actualidad\/wp-json\/wp\/v2\/posts"}],"about":[{"href":"https:\/\/www.laguiadepamplona.com\/actualidad\/wp-json\/wp\/v2\/types\/post"}],"author":[{"embeddable":true,"href":"https:\/\/www.laguiadepamplona.com\/actualidad\/wp-json\/wp\/v2\/users\/1"}],"replies":[{"embeddable":true,"href":"https:\/\/www.laguiadepamplona.com\/actualidad\/wp-json\/wp\/v2\/comments?post=46588"}],"version-history":[{"count":1,"href":"https:\/\/www.laguiadepamplona.com\/actualidad\/wp-json\/wp\/v2\/posts\/46588\/revisions"}],"predecessor-version":[{"id":46590,"href":"https:\/\/www.laguiadepamplona.com\/actualidad\/wp-json\/wp\/v2\/posts\/46588\/revisions\/46590"}],"wp:featuredmedia":[{"embeddable":true,"href":"https:\/\/www.laguiadepamplona.com\/actualidad\/wp-json\/wp\/v2\/media\/46589"}],"wp:attachment":[{"href":"https:\/\/www.laguiadepamplona.com\/actualidad\/wp-json\/wp\/v2\/media?parent=46588"}],"wp:term":[{"taxonomy":"category","embeddable":true,"href":"https:\/\/www.laguiadepamplona.com\/actualidad\/wp-json\/wp\/v2\/categories?post=46588"},{"taxonomy":"post_tag","embeddable":true,"href":"https:\/\/www.laguiadepamplona.com\/actualidad\/wp-json\/wp\/v2\/tags?post=46588"}],"curies":[{"name":"wp","href":"https:\/\/api.w.org\/{rel}","templated":true}]}}