{"id":46585,"date":"2023-05-04T13:26:44","date_gmt":"2023-05-04T11:26:44","guid":{"rendered":"https:\/\/www.laguiadepamplona.com\/actualidad\/?p=46585"},"modified":"2023-05-04T13:26:44","modified_gmt":"2023-05-04T11:26:44","slug":"aprobada-la-licitacion-del-contrato-para-la-iluminacion-y-decoracion-navidena-que-incrementa-un-68-su-presupuesto-hasta-llegar-a-los-363-000-euros","status":"publish","type":"post","link":"https:\/\/www.laguiadepamplona.com\/actualidad\/aprobada-la-licitacion-del-contrato-para-la-iluminacion-y-decoracion-navidena-que-incrementa-un-68-su-presupuesto-hasta-llegar-a-los-363-000-euros\/","title":{"rendered":"Aprobada la licitaci\u00f3n del contrato para la iluminaci\u00f3n y decoraci\u00f3n navide\u00f1a, que incrementa un 68% su presupuesto hasta llegar a los 363.000 euros"},"content":{"rendered":"<h3>Este a\u00f1o se prev\u00e9 adelantar el encendido de las luces de Navidad al viernes 24 de noviembre<\/h3>\n<p><!--more--><\/p>\n<p>La Junta de Gobierno Local ha aprobado la licitaci\u00f3n del contrato de suministro de la iluminaci\u00f3n y decoraci\u00f3n navide\u00f1as para las principales calles, plazas y zonas comerciales de la ciudad. El contrato ampl\u00eda su presupuesto en un 68% respecto al del pasado a\u00f1o y llegar\u00e1 hasta los 363.000 euros. El Ayuntamiento de Pamplona considera que con este incremento se incentiva el paseo por la ciudad y las compras en comercio de proximidad y se potencia el turismo en esas fechas. El contrato licitado cuenta con la opci\u00f3n de tres pr\u00f3rrogas anuales m\u00e1s.<\/p>\n<p>El objetivo principal de este contrato es animar las ventas en el peque\u00f1o comercio y la hosteler\u00eda de la ciudad, pero tambi\u00e9n invitar al paseo tranquilo por las diferentes calles, plazas y avenidas de Pamplona, contemplando cada una de sus variadas decoraciones y propuestas est\u00e9ticas.\u00a0 El proyecto elegido, en su conjunto, deber\u00e1 ofrecer motivos decorativos de envergadura, que llenen con su presencia y con su luz las zonas en que se instalen. Se busca la novedad, la variedad y provocar el deseo de callejear para \u201cver las luces de Navidad\u201d por su especial entidad y alegr\u00eda. Y todo ello integrado en un proyecto claramente reconocible como navide\u00f1o y coordinado dentro de la diversidad de formas y colores.<br \/>\n<script async src=\"\/\/pagead2.googlesyndication.com\/pagead\/js\/adsbygoogle.js\"><\/script><br \/>\n<!-- Noticias La Guia de Pamplona --><br \/>\n<ins class=\"adsbygoogle\"\nstyle=\"display:block\"\ndata-ad-client=\"ca-pub-6943679897239327\"\ndata-ad-slot=\"7048180777\"\ndata-ad-format=\"auto\"><\/ins><br \/>\n<script>\n(adsbygoogle = window.adsbygoogle || []).push({});\n<\/script><\/p>\n<p>Tambi\u00e9n se busca en el proyecto una importante labor creativa por parte del personal t\u00e9cnico y de decoraci\u00f3n de las empresas, con una propuesta de libre creaci\u00f3n en espacios emblem\u00e1ticos de la ciudad como la Plaza Consistorial, la fachada de la Casa Consistorial, la Plaza del Castillo y la avenida de Carlos III. Las decoraciones propuestas para este apartado deber\u00e1n ser originales, especiales, \u00fanicas respecto del resto de la decoraci\u00f3n y compuestas por elementos de alto valor est\u00e9tico. El 100% de la iluminaci\u00f3n deber\u00e1 ser de tecnolog\u00eda led.<\/p>\n<p>Se prev\u00e9 instalar 152 arcos en diferentes calles de los Ensanches y 102 arcos en diversas zonas del Casco Antiguo de la ciudad. Adem\u00e1s de los cuatro espacios de libre creaci\u00f3n, se establecen siete espacios para estampas navide\u00f1as singulares en las plazas de la Libertad, de la Cruz, Pr\u00edncipe de Viana, Merindades, San Francisco, Recoletas y Teatro Gayarre, teniendo como opci\u00f3n tambi\u00e9n la iluminaci\u00f3n en arbolado, siguiendo las instrucciones del servicio municipal de Jardines para asegurar su cuidado.<br \/>\n<script async src=\"\/\/pagead2.googlesyndication.com\/pagead\/js\/adsbygoogle.js\"><\/script><br \/>\n<!-- Noticias La Guia de Pamplona --><br \/>\n<ins class=\"adsbygoogle\"\nstyle=\"display:block\"\ndata-ad-client=\"ca-pub-6943679897239327\"\ndata-ad-slot=\"7048180777\"\ndata-ad-format=\"auto\"><\/ins><br \/>\n<script>\n(adsbygoogle = window.adsbygoogle || []).push({});\n<\/script><\/p>\n<p><strong>Encendido el 24 de noviembre<\/strong><\/p>\n<p>El Ayuntamiento de Pamplona quiere este a\u00f1o adelantar el encendido de la iluminaci\u00f3n navide\u00f1a al 24 de noviembre para incentivar las compras en una fecha se\u00f1alada como la del Black Friday, que en los \u00faltimos tiempos se ha convertido en una de las campa\u00f1as comerciales m\u00e1s fuertes.\u00a0 Habitualmente, el encendido se realiza coincidiendo con la festividad del patr\u00f3n de la ciudad, San Saturnino, el 29 de noviembre, que en este 2023 cae en mi\u00e9rcoles.<\/p>\n<p>Las luces y decoraci\u00f3n navide\u00f1as permanecer\u00e1n hasta el 6 de enero, con el horario habitual de encendido, entre las 17.45 horas y las 23 horas. En d\u00edas especiales, como los viernes y s\u00e1bados de diciembre y enero, la iluminaci\u00f3n se apagar\u00e1 a la 1 de la madrugada y en las v\u00edsperas de los festivos navide\u00f1os, el 24 y 31 de diciembre y el 5 de enero, esas luces se apagar\u00e1n a las 2 de la madrugada.<br \/>\n<script async src=\"\/\/pagead2.googlesyndication.com\/pagead\/js\/adsbygoogle.js\"><\/script><br \/>\n<!-- Noticias La Guia de Pamplona --><br \/>\n<ins class=\"adsbygoogle\"\nstyle=\"display:block\"\ndata-ad-client=\"ca-pub-6943679897239327\"\ndata-ad-slot=\"7048180777\"\ndata-ad-format=\"auto\"><\/ins><br \/>\n<script>\n(adsbygoogle = window.adsbygoogle || []).push({});\n<\/script><\/p>\n<p>Durante la consecuci\u00f3n de las tres pr\u00f3rrogas anuales del contrato, se deber\u00e1n renovar totalmente los proyectos de libre creaci\u00f3n en Plaza y Casa Consistorial, Carlos III y Plaza del Castillo y los arcos destinados a las calles Amaya, Paulino Caballero, Bergam\u00edn, Estafeta, Chapitela, Mayor y cuesta de Santo Domingo. Asimismo, se intercambiar\u00e1n arcos entre calles de similares medidas, al menos en cuatro calles del Casco Antiguo y cuatro calles del Ensanche.<br \/>\n<script async src=\"\/\/pagead2.googlesyndication.com\/pagead\/js\/adsbygoogle.js\"><\/script><br \/>\n<!-- Noticias La Guia de Pamplona --><br \/>\n<ins class=\"adsbygoogle\"\nstyle=\"display:block\"\ndata-ad-client=\"ca-pub-6943679897239327\"\ndata-ad-slot=\"7048180777\"\ndata-ad-format=\"auto\"><\/ins><br \/>\n<script>\n(adsbygoogle = window.adsbygoogle || []).push({});\n<\/script><\/p>\n<p><strong>Estudio de las iluminaciones en otras ciudades<\/strong><\/p>\n<p>El pasado a\u00f1o, el Ayuntamiento de Pamplona tuvo que licitar tres procedimientos para contratar la iluminaci\u00f3n navide\u00f1a. Las dos primeras licitaciones quedaron desiertas y en el tercer intento, a trav\u00e9s de un procedimiento negociado sin publicidad, el Ayuntamiento tuvo que aceptar unos m\u00ednimos decorativos para las principales calles y zonas comerciales de Pamplona. El principal motivo por el que no hubo concurrencia fue el econ\u00f3mico, con un gasto que alcanz\u00f3 los 215.000 euros.<\/p>\n<p>Para la licitaci\u00f3n de este a\u00f1o, se han estudiado los presupuestos de ciudades similares a Pamplona, con datos como los 500.000 euros (IVA excluido) de inversi\u00f3n en Granada, los 410.000 (IVA excluido) en San Sebasti\u00e1n, los 810.287 euros a cuatro a\u00f1os en Logro\u00f1o o los 500.000 euros (IVA excluido) en Burgos. Otros ayuntamientos como el de Almer\u00eda, con poblaci\u00f3n similar a la de Pamplona, ha incrementado en un 157% el gasto destinado a luces de Navidad en el \u00faltimo a\u00f1o. Ese estudio ha llevado a la conclusi\u00f3n de favorecer un aumento de la inversi\u00f3n en las luces de Navidad de los pr\u00f3ximos a\u00f1os para potenciar una campa\u00f1a comercial y tur\u00edstica de gran importancia para la ciudad.<\/p>\n","protected":false},"excerpt":{"rendered":"<p>Este a\u00f1o se prev\u00e9 adelantar el encendido de las luces de Navidad al viernes 24 de noviembre<\/p>\n","protected":false},"author":1,"featured_media":46586,"comment_status":"open","ping_status":"closed","sticky":false,"template":"","format":"standard","meta":{"footnotes":""},"categories":[2],"tags":[],"class_list":["post-46585","post","type-post","status-publish","format-standard","has-post-thumbnail","hentry","category-ayuntamiento-pamplona"],"yoast_head":"<!-- This site is optimized with the Yoast SEO plugin v27.3 - https:\/\/yoast.com\/product\/yoast-seo-wordpress\/ -->\n<title>Aprobada la licitaci\u00f3n del contrato para la iluminaci\u00f3n y decoraci\u00f3n navide\u00f1a, que incrementa un 68% su presupuesto hasta llegar a los 363.000 euros<\/title>\n<meta name=\"description\" content=\"Este a\u00f1o se prev\u00e9 adelantar el encendido de las luces de Navidad al viernes 24 de noviembre\" \/>\n<meta name=\"robots\" content=\"index, follow, max-snippet:-1, max-image-preview:large, max-video-preview:-1\" \/>\n<link rel=\"canonical\" href=\"https:\/\/www.laguiadepamplona.com\/actualidad\/aprobada-la-licitacion-del-contrato-para-la-iluminacion-y-decoracion-navidena-que-incrementa-un-68-su-presupuesto-hasta-llegar-a-los-363-000-euros\/\" \/>\n<meta property=\"og:locale\" content=\"es_ES\" \/>\n<meta property=\"og:type\" content=\"article\" \/>\n<meta property=\"og:title\" content=\"Aprobada la licitaci\u00f3n del contrato para la iluminaci\u00f3n y decoraci\u00f3n navide\u00f1a, que incrementa un 68% su presupuesto hasta llegar a los 363.000 euros\" \/>\n<meta property=\"og:description\" content=\"Este a\u00f1o se prev\u00e9 adelantar el encendido de las luces de Navidad al viernes 24 de noviembre\" \/>\n<meta property=\"og:url\" content=\"https:\/\/www.laguiadepamplona.com\/actualidad\/aprobada-la-licitacion-del-contrato-para-la-iluminacion-y-decoracion-navidena-que-incrementa-un-68-su-presupuesto-hasta-llegar-a-los-363-000-euros\/\" \/>\n<meta property=\"og:site_name\" content=\"La Gu\u00eda de Pamplona\" \/>\n<meta property=\"article:publisher\" content=\"https:\/\/www.facebook.com\/laguiadepamplonacom-133175176762273\/?ref=hl\" \/>\n<meta property=\"article:published_time\" content=\"2023-05-04T11:26:44+00:00\" \/>\n<meta property=\"og:image\" content=\"https:\/\/www.laguiadepamplona.com\/actualidad\/wp-content\/uploads\/2023\/05\/Q5A7712pregon-navidad22-12-16.webp\" \/>\n\t<meta property=\"og:image:width\" content=\"1920\" \/>\n\t<meta property=\"og:image:height\" content=\"1281\" \/>\n\t<meta property=\"og:image:type\" content=\"image\/webp\" \/>\n<meta name=\"author\" content=\"La Gu\u00eda de Pamplona\" \/>\n<meta name=\"twitter:card\" content=\"summary_large_image\" \/>\n<meta name=\"twitter:creator\" content=\"@LaGuiadPamplona\" \/>\n<meta name=\"twitter:site\" content=\"@LaGuiadPamplona\" \/>\n<meta name=\"twitter:label1\" content=\"Escrito por\" \/>\n\t<meta name=\"twitter:data1\" content=\"La Gu\u00eda de Pamplona\" \/>\n\t<meta name=\"twitter:label2\" content=\"Tiempo de lectura\" \/>\n\t<meta name=\"twitter:data2\" content=\"4 minutos\" \/>\n<script type=\"application\/ld+json\" class=\"yoast-schema-graph\">{\"@context\":\"https:\\\/\\\/schema.org\",\"@graph\":[{\"@type\":\"Article\",\"@id\":\"https:\\\/\\\/www.laguiadepamplona.com\\\/actualidad\\\/aprobada-la-licitacion-del-contrato-para-la-iluminacion-y-decoracion-navidena-que-incrementa-un-68-su-presupuesto-hasta-llegar-a-los-363-000-euros\\\/#article\",\"isPartOf\":{\"@id\":\"https:\\\/\\\/www.laguiadepamplona.com\\\/actualidad\\\/aprobada-la-licitacion-del-contrato-para-la-iluminacion-y-decoracion-navidena-que-incrementa-un-68-su-presupuesto-hasta-llegar-a-los-363-000-euros\\\/\"},\"author\":{\"name\":\"La Gu\u00eda de Pamplona\",\"@id\":\"https:\\\/\\\/www.laguiadepamplona.com\\\/actualidad\\\/#\\\/schema\\\/person\\\/efe887376f0213d4657c93adc50b1fdb\"},\"headline\":\"Aprobada la licitaci\u00f3n del contrato para la iluminaci\u00f3n y decoraci\u00f3n navide\u00f1a, que incrementa un 68% su presupuesto hasta llegar a los 363.000 euros\",\"datePublished\":\"2023-05-04T11:26:44+00:00\",\"mainEntityOfPage\":{\"@id\":\"https:\\\/\\\/www.laguiadepamplona.com\\\/actualidad\\\/aprobada-la-licitacion-del-contrato-para-la-iluminacion-y-decoracion-navidena-que-incrementa-un-68-su-presupuesto-hasta-llegar-a-los-363-000-euros\\\/\"},\"wordCount\":892,\"commentCount\":0,\"publisher\":{\"@id\":\"https:\\\/\\\/www.laguiadepamplona.com\\\/actualidad\\\/#organization\"},\"image\":{\"@id\":\"https:\\\/\\\/www.laguiadepamplona.com\\\/actualidad\\\/aprobada-la-licitacion-del-contrato-para-la-iluminacion-y-decoracion-navidena-que-incrementa-un-68-su-presupuesto-hasta-llegar-a-los-363-000-euros\\\/#primaryimage\"},\"thumbnailUrl\":\"https:\\\/\\\/www.laguiadepamplona.com\\\/actualidad\\\/wp-content\\\/uploads\\\/2023\\\/05\\\/Q5A7712pregon-navidad22-12-16.webp\",\"articleSection\":[\"Ayto Pamplona\"],\"inLanguage\":\"es\",\"potentialAction\":[{\"@type\":\"CommentAction\",\"name\":\"Comment\",\"target\":[\"https:\\\/\\\/www.laguiadepamplona.com\\\/actualidad\\\/aprobada-la-licitacion-del-contrato-para-la-iluminacion-y-decoracion-navidena-que-incrementa-un-68-su-presupuesto-hasta-llegar-a-los-363-000-euros\\\/#respond\"]}]},{\"@type\":\"WebPage\",\"@id\":\"https:\\\/\\\/www.laguiadepamplona.com\\\/actualidad\\\/aprobada-la-licitacion-del-contrato-para-la-iluminacion-y-decoracion-navidena-que-incrementa-un-68-su-presupuesto-hasta-llegar-a-los-363-000-euros\\\/\",\"url\":\"https:\\\/\\\/www.laguiadepamplona.com\\\/actualidad\\\/aprobada-la-licitacion-del-contrato-para-la-iluminacion-y-decoracion-navidena-que-incrementa-un-68-su-presupuesto-hasta-llegar-a-los-363-000-euros\\\/\",\"name\":\"Aprobada la licitaci\u00f3n del contrato para la iluminaci\u00f3n y decoraci\u00f3n navide\u00f1a, que incrementa un 68% su presupuesto hasta llegar a los 363.000 euros\",\"isPartOf\":{\"@id\":\"https:\\\/\\\/www.laguiadepamplona.com\\\/actualidad\\\/#website\"},\"primaryImageOfPage\":{\"@id\":\"https:\\\/\\\/www.laguiadepamplona.com\\\/actualidad\\\/aprobada-la-licitacion-del-contrato-para-la-iluminacion-y-decoracion-navidena-que-incrementa-un-68-su-presupuesto-hasta-llegar-a-los-363-000-euros\\\/#primaryimage\"},\"image\":{\"@id\":\"https:\\\/\\\/www.laguiadepamplona.com\\\/actualidad\\\/aprobada-la-licitacion-del-contrato-para-la-iluminacion-y-decoracion-navidena-que-incrementa-un-68-su-presupuesto-hasta-llegar-a-los-363-000-euros\\\/#primaryimage\"},\"thumbnailUrl\":\"https:\\\/\\\/www.laguiadepamplona.com\\\/actualidad\\\/wp-content\\\/uploads\\\/2023\\\/05\\\/Q5A7712pregon-navidad22-12-16.webp\",\"datePublished\":\"2023-05-04T11:26:44+00:00\",\"description\":\"Este a\u00f1o se prev\u00e9 adelantar el encendido de las luces de Navidad al viernes 24 de noviembre\",\"breadcrumb\":{\"@id\":\"https:\\\/\\\/www.laguiadepamplona.com\\\/actualidad\\\/aprobada-la-licitacion-del-contrato-para-la-iluminacion-y-decoracion-navidena-que-incrementa-un-68-su-presupuesto-hasta-llegar-a-los-363-000-euros\\\/#breadcrumb\"},\"inLanguage\":\"es\",\"potentialAction\":[{\"@type\":\"ReadAction\",\"target\":[\"https:\\\/\\\/www.laguiadepamplona.com\\\/actualidad\\\/aprobada-la-licitacion-del-contrato-para-la-iluminacion-y-decoracion-navidena-que-incrementa-un-68-su-presupuesto-hasta-llegar-a-los-363-000-euros\\\/\"]}]},{\"@type\":\"ImageObject\",\"inLanguage\":\"es\",\"@id\":\"https:\\\/\\\/www.laguiadepamplona.com\\\/actualidad\\\/aprobada-la-licitacion-del-contrato-para-la-iluminacion-y-decoracion-navidena-que-incrementa-un-68-su-presupuesto-hasta-llegar-a-los-363-000-euros\\\/#primaryimage\",\"url\":\"https:\\\/\\\/www.laguiadepamplona.com\\\/actualidad\\\/wp-content\\\/uploads\\\/2023\\\/05\\\/Q5A7712pregon-navidad22-12-16.webp\",\"contentUrl\":\"https:\\\/\\\/www.laguiadepamplona.com\\\/actualidad\\\/wp-content\\\/uploads\\\/2023\\\/05\\\/Q5A7712pregon-navidad22-12-16.webp\",\"width\":1920,\"height\":1281},{\"@type\":\"BreadcrumbList\",\"@id\":\"https:\\\/\\\/www.laguiadepamplona.com\\\/actualidad\\\/aprobada-la-licitacion-del-contrato-para-la-iluminacion-y-decoracion-navidena-que-incrementa-un-68-su-presupuesto-hasta-llegar-a-los-363-000-euros\\\/#breadcrumb\",\"itemListElement\":[{\"@type\":\"ListItem\",\"position\":1,\"name\":\"Portada\",\"item\":\"https:\\\/\\\/www.laguiadepamplona.com\\\/actualidad\\\/\"},{\"@type\":\"ListItem\",\"position\":2,\"name\":\"Aprobada la licitaci\u00f3n del contrato para la iluminaci\u00f3n y decoraci\u00f3n navide\u00f1a, que incrementa un 68% su presupuesto hasta llegar a los 363.000 euros\"}]},{\"@type\":\"WebSite\",\"@id\":\"https:\\\/\\\/www.laguiadepamplona.com\\\/actualidad\\\/#website\",\"url\":\"https:\\\/\\\/www.laguiadepamplona.com\\\/actualidad\\\/\",\"name\":\"La gu\u00eda de Pamplona\",\"description\":\"Noticias de Pamplona\",\"publisher\":{\"@id\":\"https:\\\/\\\/www.laguiadepamplona.com\\\/actualidad\\\/#organization\"},\"potentialAction\":[{\"@type\":\"SearchAction\",\"target\":{\"@type\":\"EntryPoint\",\"urlTemplate\":\"https:\\\/\\\/www.laguiadepamplona.com\\\/actualidad\\\/?s={search_term_string}\"},\"query-input\":{\"@type\":\"PropertyValueSpecification\",\"valueRequired\":true,\"valueName\":\"search_term_string\"}}],\"inLanguage\":\"es\"},{\"@type\":\"Organization\",\"@id\":\"https:\\\/\\\/www.laguiadepamplona.com\\\/actualidad\\\/#organization\",\"name\":\"La Gu\u00eda de Pamplona \\\/ Noticias\",\"url\":\"https:\\\/\\\/www.laguiadepamplona.com\\\/actualidad\\\/\",\"logo\":{\"@type\":\"ImageObject\",\"inLanguage\":\"es\",\"@id\":\"https:\\\/\\\/www.laguiadepamplona.com\\\/actualidad\\\/#\\\/schema\\\/logo\\\/image\\\/\",\"url\":\"https:\\\/\\\/www.laguiadepamplona.com\\\/actualidad\\\/wp-content\\\/uploads\\\/2018\\\/11\\\/logo-laguiadepamplona18-web1.png\",\"contentUrl\":\"https:\\\/\\\/www.laguiadepamplona.com\\\/actualidad\\\/wp-content\\\/uploads\\\/2018\\\/11\\\/logo-laguiadepamplona18-web1.png\",\"width\":600,\"height\":196,\"caption\":\"La Gu\u00eda de Pamplona \\\/ Noticias\"},\"image\":{\"@id\":\"https:\\\/\\\/www.laguiadepamplona.com\\\/actualidad\\\/#\\\/schema\\\/logo\\\/image\\\/\"},\"sameAs\":[\"https:\\\/\\\/www.facebook.com\\\/laguiadepamplonacom-133175176762273\\\/?ref=hl\",\"https:\\\/\\\/x.com\\\/LaGuiadPamplona\",\"https:\\\/\\\/www.instagram.com\\\/la_guia_de_pamplona\\\/\",\"https:\\\/\\\/www.youtube.com\\\/user\\\/laguiadepamplona\"]},{\"@type\":\"Person\",\"@id\":\"https:\\\/\\\/www.laguiadepamplona.com\\\/actualidad\\\/#\\\/schema\\\/person\\\/efe887376f0213d4657c93adc50b1fdb\",\"name\":\"La Gu\u00eda de Pamplona\",\"image\":{\"@type\":\"ImageObject\",\"inLanguage\":\"es\",\"@id\":\"https:\\\/\\\/secure.gravatar.com\\\/avatar\\\/b6992f131dc8d30ab0dff15446e9d346d9dbd95992de0fef795073f5ea83a81c?s=96&d=mm&r=g\",\"url\":\"https:\\\/\\\/secure.gravatar.com\\\/avatar\\\/b6992f131dc8d30ab0dff15446e9d346d9dbd95992de0fef795073f5ea83a81c?s=96&d=mm&r=g\",\"contentUrl\":\"https:\\\/\\\/secure.gravatar.com\\\/avatar\\\/b6992f131dc8d30ab0dff15446e9d346d9dbd95992de0fef795073f5ea83a81c?s=96&d=mm&r=g\",\"caption\":\"La Gu\u00eda de Pamplona\"}}]}<\/script>\n<!-- \/ Yoast SEO plugin. -->","yoast_head_json":{"title":"Aprobada la licitaci\u00f3n del contrato para la iluminaci\u00f3n y decoraci\u00f3n navide\u00f1a, que incrementa un 68% su presupuesto hasta llegar a los 363.000 euros","description":"Este a\u00f1o se prev\u00e9 adelantar el encendido de las luces de Navidad al viernes 24 de noviembre","robots":{"index":"index","follow":"follow","max-snippet":"max-snippet:-1","max-image-preview":"max-image-preview:large","max-video-preview":"max-video-preview:-1"},"canonical":"https:\/\/www.laguiadepamplona.com\/actualidad\/aprobada-la-licitacion-del-contrato-para-la-iluminacion-y-decoracion-navidena-que-incrementa-un-68-su-presupuesto-hasta-llegar-a-los-363-000-euros\/","og_locale":"es_ES","og_type":"article","og_title":"Aprobada la licitaci\u00f3n del contrato para la iluminaci\u00f3n y decoraci\u00f3n navide\u00f1a, que incrementa un 68% su presupuesto hasta llegar a los 363.000 euros","og_description":"Este a\u00f1o se prev\u00e9 adelantar el encendido de las luces de Navidad al viernes 24 de noviembre","og_url":"https:\/\/www.laguiadepamplona.com\/actualidad\/aprobada-la-licitacion-del-contrato-para-la-iluminacion-y-decoracion-navidena-que-incrementa-un-68-su-presupuesto-hasta-llegar-a-los-363-000-euros\/","og_site_name":"La Gu\u00eda de Pamplona","article_publisher":"https:\/\/www.facebook.com\/laguiadepamplonacom-133175176762273\/?ref=hl","article_published_time":"2023-05-04T11:26:44+00:00","og_image":[{"width":1920,"height":1281,"url":"https:\/\/www.laguiadepamplona.com\/actualidad\/wp-content\/uploads\/2023\/05\/Q5A7712pregon-navidad22-12-16.webp","type":"image\/webp"}],"author":"La Gu\u00eda de Pamplona","twitter_card":"summary_large_image","twitter_creator":"@LaGuiadPamplona","twitter_site":"@LaGuiadPamplona","twitter_misc":{"Escrito por":"La Gu\u00eda de Pamplona","Tiempo de lectura":"4 minutos"},"schema":{"@context":"https:\/\/schema.org","@graph":[{"@type":"Article","@id":"https:\/\/www.laguiadepamplona.com\/actualidad\/aprobada-la-licitacion-del-contrato-para-la-iluminacion-y-decoracion-navidena-que-incrementa-un-68-su-presupuesto-hasta-llegar-a-los-363-000-euros\/#article","isPartOf":{"@id":"https:\/\/www.laguiadepamplona.com\/actualidad\/aprobada-la-licitacion-del-contrato-para-la-iluminacion-y-decoracion-navidena-que-incrementa-un-68-su-presupuesto-hasta-llegar-a-los-363-000-euros\/"},"author":{"name":"La Gu\u00eda de Pamplona","@id":"https:\/\/www.laguiadepamplona.com\/actualidad\/#\/schema\/person\/efe887376f0213d4657c93adc50b1fdb"},"headline":"Aprobada la licitaci\u00f3n del contrato para la iluminaci\u00f3n y decoraci\u00f3n navide\u00f1a, que incrementa un 68% su presupuesto hasta llegar a los 363.000 euros","datePublished":"2023-05-04T11:26:44+00:00","mainEntityOfPage":{"@id":"https:\/\/www.laguiadepamplona.com\/actualidad\/aprobada-la-licitacion-del-contrato-para-la-iluminacion-y-decoracion-navidena-que-incrementa-un-68-su-presupuesto-hasta-llegar-a-los-363-000-euros\/"},"wordCount":892,"commentCount":0,"publisher":{"@id":"https:\/\/www.laguiadepamplona.com\/actualidad\/#organization"},"image":{"@id":"https:\/\/www.laguiadepamplona.com\/actualidad\/aprobada-la-licitacion-del-contrato-para-la-iluminacion-y-decoracion-navidena-que-incrementa-un-68-su-presupuesto-hasta-llegar-a-los-363-000-euros\/#primaryimage"},"thumbnailUrl":"https:\/\/www.laguiadepamplona.com\/actualidad\/wp-content\/uploads\/2023\/05\/Q5A7712pregon-navidad22-12-16.webp","articleSection":["Ayto Pamplona"],"inLanguage":"es","potentialAction":[{"@type":"CommentAction","name":"Comment","target":["https:\/\/www.laguiadepamplona.com\/actualidad\/aprobada-la-licitacion-del-contrato-para-la-iluminacion-y-decoracion-navidena-que-incrementa-un-68-su-presupuesto-hasta-llegar-a-los-363-000-euros\/#respond"]}]},{"@type":"WebPage","@id":"https:\/\/www.laguiadepamplona.com\/actualidad\/aprobada-la-licitacion-del-contrato-para-la-iluminacion-y-decoracion-navidena-que-incrementa-un-68-su-presupuesto-hasta-llegar-a-los-363-000-euros\/","url":"https:\/\/www.laguiadepamplona.com\/actualidad\/aprobada-la-licitacion-del-contrato-para-la-iluminacion-y-decoracion-navidena-que-incrementa-un-68-su-presupuesto-hasta-llegar-a-los-363-000-euros\/","name":"Aprobada la licitaci\u00f3n del contrato para la iluminaci\u00f3n y decoraci\u00f3n navide\u00f1a, que incrementa un 68% su presupuesto hasta llegar a los 363.000 euros","isPartOf":{"@id":"https:\/\/www.laguiadepamplona.com\/actualidad\/#website"},"primaryImageOfPage":{"@id":"https:\/\/www.laguiadepamplona.com\/actualidad\/aprobada-la-licitacion-del-contrato-para-la-iluminacion-y-decoracion-navidena-que-incrementa-un-68-su-presupuesto-hasta-llegar-a-los-363-000-euros\/#primaryimage"},"image":{"@id":"https:\/\/www.laguiadepamplona.com\/actualidad\/aprobada-la-licitacion-del-contrato-para-la-iluminacion-y-decoracion-navidena-que-incrementa-un-68-su-presupuesto-hasta-llegar-a-los-363-000-euros\/#primaryimage"},"thumbnailUrl":"https:\/\/www.laguiadepamplona.com\/actualidad\/wp-content\/uploads\/2023\/05\/Q5A7712pregon-navidad22-12-16.webp","datePublished":"2023-05-04T11:26:44+00:00","description":"Este a\u00f1o se prev\u00e9 adelantar el encendido de las luces de Navidad al viernes 24 de noviembre","breadcrumb":{"@id":"https:\/\/www.laguiadepamplona.com\/actualidad\/aprobada-la-licitacion-del-contrato-para-la-iluminacion-y-decoracion-navidena-que-incrementa-un-68-su-presupuesto-hasta-llegar-a-los-363-000-euros\/#breadcrumb"},"inLanguage":"es","potentialAction":[{"@type":"ReadAction","target":["https:\/\/www.laguiadepamplona.com\/actualidad\/aprobada-la-licitacion-del-contrato-para-la-iluminacion-y-decoracion-navidena-que-incrementa-un-68-su-presupuesto-hasta-llegar-a-los-363-000-euros\/"]}]},{"@type":"ImageObject","inLanguage":"es","@id":"https:\/\/www.laguiadepamplona.com\/actualidad\/aprobada-la-licitacion-del-contrato-para-la-iluminacion-y-decoracion-navidena-que-incrementa-un-68-su-presupuesto-hasta-llegar-a-los-363-000-euros\/#primaryimage","url":"https:\/\/www.laguiadepamplona.com\/actualidad\/wp-content\/uploads\/2023\/05\/Q5A7712pregon-navidad22-12-16.webp","contentUrl":"https:\/\/www.laguiadepamplona.com\/actualidad\/wp-content\/uploads\/2023\/05\/Q5A7712pregon-navidad22-12-16.webp","width":1920,"height":1281},{"@type":"BreadcrumbList","@id":"https:\/\/www.laguiadepamplona.com\/actualidad\/aprobada-la-licitacion-del-contrato-para-la-iluminacion-y-decoracion-navidena-que-incrementa-un-68-su-presupuesto-hasta-llegar-a-los-363-000-euros\/#breadcrumb","itemListElement":[{"@type":"ListItem","position":1,"name":"Portada","item":"https:\/\/www.laguiadepamplona.com\/actualidad\/"},{"@type":"ListItem","position":2,"name":"Aprobada la licitaci\u00f3n del contrato para la iluminaci\u00f3n y decoraci\u00f3n navide\u00f1a, que incrementa un 68% su presupuesto hasta llegar a los 363.000 euros"}]},{"@type":"WebSite","@id":"https:\/\/www.laguiadepamplona.com\/actualidad\/#website","url":"https:\/\/www.laguiadepamplona.com\/actualidad\/","name":"La gu\u00eda de Pamplona","description":"Noticias de Pamplona","publisher":{"@id":"https:\/\/www.laguiadepamplona.com\/actualidad\/#organization"},"potentialAction":[{"@type":"SearchAction","target":{"@type":"EntryPoint","urlTemplate":"https:\/\/www.laguiadepamplona.com\/actualidad\/?s={search_term_string}"},"query-input":{"@type":"PropertyValueSpecification","valueRequired":true,"valueName":"search_term_string"}}],"inLanguage":"es"},{"@type":"Organization","@id":"https:\/\/www.laguiadepamplona.com\/actualidad\/#organization","name":"La Gu\u00eda de Pamplona \/ Noticias","url":"https:\/\/www.laguiadepamplona.com\/actualidad\/","logo":{"@type":"ImageObject","inLanguage":"es","@id":"https:\/\/www.laguiadepamplona.com\/actualidad\/#\/schema\/logo\/image\/","url":"https:\/\/www.laguiadepamplona.com\/actualidad\/wp-content\/uploads\/2018\/11\/logo-laguiadepamplona18-web1.png","contentUrl":"https:\/\/www.laguiadepamplona.com\/actualidad\/wp-content\/uploads\/2018\/11\/logo-laguiadepamplona18-web1.png","width":600,"height":196,"caption":"La Gu\u00eda de Pamplona \/ Noticias"},"image":{"@id":"https:\/\/www.laguiadepamplona.com\/actualidad\/#\/schema\/logo\/image\/"},"sameAs":["https:\/\/www.facebook.com\/laguiadepamplonacom-133175176762273\/?ref=hl","https:\/\/x.com\/LaGuiadPamplona","https:\/\/www.instagram.com\/la_guia_de_pamplona\/","https:\/\/www.youtube.com\/user\/laguiadepamplona"]},{"@type":"Person","@id":"https:\/\/www.laguiadepamplona.com\/actualidad\/#\/schema\/person\/efe887376f0213d4657c93adc50b1fdb","name":"La Gu\u00eda de Pamplona","image":{"@type":"ImageObject","inLanguage":"es","@id":"https:\/\/secure.gravatar.com\/avatar\/b6992f131dc8d30ab0dff15446e9d346d9dbd95992de0fef795073f5ea83a81c?s=96&d=mm&r=g","url":"https:\/\/secure.gravatar.com\/avatar\/b6992f131dc8d30ab0dff15446e9d346d9dbd95992de0fef795073f5ea83a81c?s=96&d=mm&r=g","contentUrl":"https:\/\/secure.gravatar.com\/avatar\/b6992f131dc8d30ab0dff15446e9d346d9dbd95992de0fef795073f5ea83a81c?s=96&d=mm&r=g","caption":"La Gu\u00eda de Pamplona"}}]}},"post_mailing_queue_ids":[],"_links":{"self":[{"href":"https:\/\/www.laguiadepamplona.com\/actualidad\/wp-json\/wp\/v2\/posts\/46585","targetHints":{"allow":["GET"]}}],"collection":[{"href":"https:\/\/www.laguiadepamplona.com\/actualidad\/wp-json\/wp\/v2\/posts"}],"about":[{"href":"https:\/\/www.laguiadepamplona.com\/actualidad\/wp-json\/wp\/v2\/types\/post"}],"author":[{"embeddable":true,"href":"https:\/\/www.laguiadepamplona.com\/actualidad\/wp-json\/wp\/v2\/users\/1"}],"replies":[{"embeddable":true,"href":"https:\/\/www.laguiadepamplona.com\/actualidad\/wp-json\/wp\/v2\/comments?post=46585"}],"version-history":[{"count":1,"href":"https:\/\/www.laguiadepamplona.com\/actualidad\/wp-json\/wp\/v2\/posts\/46585\/revisions"}],"predecessor-version":[{"id":46587,"href":"https:\/\/www.laguiadepamplona.com\/actualidad\/wp-json\/wp\/v2\/posts\/46585\/revisions\/46587"}],"wp:featuredmedia":[{"embeddable":true,"href":"https:\/\/www.laguiadepamplona.com\/actualidad\/wp-json\/wp\/v2\/media\/46586"}],"wp:attachment":[{"href":"https:\/\/www.laguiadepamplona.com\/actualidad\/wp-json\/wp\/v2\/media?parent=46585"}],"wp:term":[{"taxonomy":"category","embeddable":true,"href":"https:\/\/www.laguiadepamplona.com\/actualidad\/wp-json\/wp\/v2\/categories?post=46585"},{"taxonomy":"post_tag","embeddable":true,"href":"https:\/\/www.laguiadepamplona.com\/actualidad\/wp-json\/wp\/v2\/tags?post=46585"}],"curies":[{"name":"wp","href":"https:\/\/api.w.org\/{rel}","templated":true}]}}