{"id":46579,"date":"2023-05-04T13:22:53","date_gmt":"2023-05-04T11:22:53","guid":{"rendered":"https:\/\/www.laguiadepamplona.com\/actualidad\/?p=46579"},"modified":"2023-05-04T13:22:53","modified_gmt":"2023-05-04T11:22:53","slug":"la-plaza-del-castillo-se-convertira-en-epicentro-rojillo-este-sabado-con-la-retransmision-en-pantallas-gigantes-de-la-final-de-la-copa-del-rey","status":"publish","type":"post","link":"https:\/\/www.laguiadepamplona.com\/actualidad\/la-plaza-del-castillo-se-convertira-en-epicentro-rojillo-este-sabado-con-la-retransmision-en-pantallas-gigantes-de-la-final-de-la-copa-del-rey\/","title":{"rendered":"La Plaza del Castillo se convertir\u00e1 en epicentro rojillo este s\u00e1bado con la retransmisi\u00f3n en pantallas gigantes de la final de la Copa del Rey"},"content":{"rendered":"<h3>El Ayuntamiento de Pamplona se vestir\u00e1 de Osasuna desde la tarde del viernes, con una camiseta de gran tama\u00f1o colgando de su fachada<\/h3>\n<p><!--more--><\/p>\n<p>El partido de la final de la Copa del Rey, en el que se enfrentar\u00e1n este s\u00e1bado Osasuna y el Real Madrid, se podr\u00e1 vivir tambi\u00e9n desde la Plaza del Castillo, gracias a la instalaci\u00f3n de pantallas gigantes, que convertir\u00e1n este espacio en el epicentro de la fiesta rojilla. El Ayuntamiento de Pamplona instalar\u00e1 cuatro pantallas led, de 5 por 3 metros de tama\u00f1o cada una, junto al kiosco, cada una orientada a uno de los lados de la plaza, lo que permitir\u00e1n a la ciudadan\u00eda ver el partido desde cualquier punto, logrando una visi\u00f3n de 360 grados. Aunque el partido dar\u00e1 comienzo a las diez de la noche, desde las 20.00 horas habr\u00e1 animaci\u00f3n musical y de v\u00eddeo en la Plaza del Castillo, gracias a la presencia de un DJ.<\/p>\n<p>La concejala delegada de Servicios Sociales, Acci\u00f3n Comunitaria, Deporte e Igualdad, Mar\u00eda Caballero, ha ofrecido hoy en rueda de prensa los detalles de una programaci\u00f3n en torno a la final de la Copa de Rey, que incluye tambi\u00e9n un dispositivo extraordinario de seguridad, de limpieza y sanitario. Adem\u00e1s de las pantallas gigantes, la Plaza amanecer\u00e1 el s\u00e1bado engalanada con carteler\u00eda en todas las farolas que rodean el espacio central, con la campa\u00f1a \u2018Pamplona con Osasuna\u2019, que ha dise\u00f1ado el Ayuntamiento con la colaboraci\u00f3n ciudadana que particip\u00f3 en el llamamiento para realizar v\u00eddeos de apoyo al equipo pamplon\u00e9s. Ya el viernes, el Ayuntamiento desplegar\u00e1, hacia las 14.00 horas, una camiseta gigante en la fachada de la Casa Consistorial, sum\u00e1ndose as\u00ed a las muestras de \u00e1nimo de la ciudadan\u00eda. Por su parte, el s\u00e1bado, al atardecer, tanto la fachada como el Caballero Dominante de la Ciudadela se iluminar\u00e1n de rojo y azul, en honor a Osasuna.<br \/>\n<script async src=\"\/\/pagead2.googlesyndication.com\/pagead\/js\/adsbygoogle.js\"><\/script><br \/>\n<!-- Noticias La Guia de Pamplona --><br \/>\n<ins class=\"adsbygoogle\"\nstyle=\"display:block\"\ndata-ad-client=\"ca-pub-6943679897239327\"\ndata-ad-slot=\"7048180777\"\ndata-ad-format=\"auto\"><\/ins><br \/>\n<script>\n(adsbygoogle = window.adsbygoogle || []).push({});\n<\/script><\/p>\n<p>Ante la previsi\u00f3n de una afluencia masiva a la Plaza del Castillo y, por extensi\u00f3n, al centro de la ciudad durante el partido y las horas previas y posteriores, se ha previsto una serie de medidas de refuerzo en materia de seguridad, que incluyen un dispositivo policial conjunto de Polic\u00eda Municipal de Pamplona, Polic\u00eda Foral y Polic\u00eda Nacional. De igual manera, la coordinaci\u00f3n conjunta se llevar\u00e1 a cabo desde la Casa Consistorial, donde se instalar\u00e1 un puesto de mando, al que tambi\u00e9n se sumar\u00e1 Guardia Civil. Responsables de todos los cuerpos policiales supervisar\u00e1n la actividad en el Casco Antiguo desde el s\u00e1bado hasta la ma\u00f1ana del domingo.<\/p>\n<p>La zona de la Plaza del Castillo contar\u00e1, adem\u00e1s, con un puesto de asistencia sanitaria, que contar\u00e1 con una ambulancia medicalizada a cargo de la DYA. Este servicio se habilitar\u00e1 durante la tarde del s\u00e1bado en la confluencia de la plaza con la avenida San Ignacio, para atender posibles urgencias m\u00e9dicas que se puedan dar.<br \/>\n<script async src=\"\/\/pagead2.googlesyndication.com\/pagead\/js\/adsbygoogle.js\"><\/script><br \/>\n<!-- Noticias La Guia de Pamplona --><br \/>\n<ins class=\"adsbygoogle\"\nstyle=\"display:block\"\ndata-ad-client=\"ca-pub-6943679897239327\"\ndata-ad-slot=\"7048180777\"\ndata-ad-format=\"auto\"><\/ins><br \/>\n<script>\n(adsbygoogle = window.adsbygoogle || []).push({});\n<\/script><\/p>\n<p><strong>M\u00e1s limpieza<\/strong><\/p>\n<p>En lo que se refiere al servicio de limpieza, el Ayuntamiento ha previsto un dispositivo extraordinario, que incluye la colocaci\u00f3n de una veintena de contenedores de color rojo, de 1.000 litros de capacidad, en distintos puntos de la Plaza del Castillo desde la ma\u00f1ana del s\u00e1bado.<\/p>\n<p>No obstante, el refuerzo en el servicio de limpieza como tal se producir\u00e1 una vez finalizado el partido, pasada la medianoche. Ya de madrugada se prev\u00e9 incorporar, a los medios habituales de un fin de semana, una barredora y un cami\u00f3n ba\u00fal m\u00e1s, con un total de 4 operarios, que comenzar\u00e1n a trabajar a la una de la madrugada. A este refuerzo se a\u00f1adir\u00e1n en horario de ma\u00f1ana 8 operarios con dos m\u00e1quinas de barrido mixto y dos nuevos camiones ba\u00fal, as\u00ed como cuatro m\u00e1quinas de baldeo mixto y un cami\u00f3n de carga, que colocar\u00e1 una caja auxiliar de recogida de la basura procedente de las barredoras y se retirar\u00e1 con la caja antes de las diez de la ma\u00f1ana. Por la tarde, se incorporar\u00e1 una barredora y un servicio manual de barrido.<\/p>\n<p>En total el incremento de operarios ser\u00e1 de 18 personas para hacer frente a las necesidades extraordinarias de limpieza que surjan en torno a la final de la Copa del Rey. En el supuesto de que Osasuna ganara el partido, se prev\u00e9 reforzar tambi\u00e9n el servicio durante la tarde noche del domingo al lunes.<br \/>\n<script async src=\"\/\/pagead2.googlesyndication.com\/pagead\/js\/adsbygoogle.js\"><\/script><br \/>\n<!-- Noticias La Guia de Pamplona --><br \/>\n<ins class=\"adsbygoogle\"\nstyle=\"display:block\"\ndata-ad-client=\"ca-pub-6943679897239327\"\ndata-ad-slot=\"7048180777\"\ndata-ad-format=\"auto\"><\/ins><br \/>\n<script>\n(adsbygoogle = window.adsbygoogle || []).push({});\n<\/script><\/p>\n<p><strong>Recepci\u00f3n al equipo<\/strong><\/p>\n<p>De hecho, si el equipo navarro logra la Copa del Rey, el Ayuntamiento tiene previsto realizar una recepci\u00f3n oficial el mismo domingo, a las 19.15 horas, a los jugadores, entrenador y equipo directivo del club en la Casa Consistorial. En la plaza Consistorial, la Banda de M\u00fasica Municipal La Pamplonesa estar\u00e1 animando el ambiente desde las 19 horas. Adem\u00e1s, se mantendr\u00e1 una de las pantallas gigantes de la Plaza del Castillo para que la ciudadan\u00eda pueda seguir en directo la celebraci\u00f3n tambi\u00e9n desde este lugar.<\/p>\n<p>Si quedara subcampe\u00f3n, la recepci\u00f3n institucional tendr\u00e1 lugar el lunes a las 17.00 horas, con la presencia de directivos y los capitanes del equipo.<\/p>\n","protected":false},"excerpt":{"rendered":"<p>El Ayuntamiento de Pamplona se vestir\u00e1 de Osasuna desde la tarde del viernes, con una camiseta de gran tama\u00f1o colgando de su fachada<\/p>\n","protected":false},"author":1,"featured_media":46580,"comment_status":"open","ping_status":"closed","sticky":false,"template":"","format":"standard","meta":{"footnotes":""},"categories":[2],"tags":[],"class_list":["post-46579","post","type-post","status-publish","format-standard","has-post-thumbnail","hentry","category-ayuntamiento-pamplona"],"yoast_head":"<!-- This site is optimized with the Yoast SEO plugin v27.3 - https:\/\/yoast.com\/product\/yoast-seo-wordpress\/ -->\n<title>La Plaza del Castillo se convertir\u00e1 en epicentro rojillo este s\u00e1bado con la retransmisi\u00f3n en pantallas gigantes de la final de la Copa del Rey<\/title>\n<meta name=\"description\" content=\"El Ayuntamiento de Pamplona se vestir\u00e1 de Osasuna desde la tarde del viernes, con una camiseta de gran tama\u00f1o colgando de su fachada\" \/>\n<meta name=\"robots\" content=\"index, follow, max-snippet:-1, max-image-preview:large, max-video-preview:-1\" \/>\n<link rel=\"canonical\" href=\"https:\/\/www.laguiadepamplona.com\/actualidad\/la-plaza-del-castillo-se-convertira-en-epicentro-rojillo-este-sabado-con-la-retransmision-en-pantallas-gigantes-de-la-final-de-la-copa-del-rey\/\" \/>\n<meta property=\"og:locale\" content=\"es_ES\" \/>\n<meta property=\"og:type\" content=\"article\" \/>\n<meta property=\"og:title\" content=\"La Plaza del Castillo se convertir\u00e1 en epicentro rojillo este s\u00e1bado con la retransmisi\u00f3n en pantallas gigantes de la final de la Copa del Rey\" \/>\n<meta property=\"og:description\" content=\"El Ayuntamiento de Pamplona se vestir\u00e1 de Osasuna desde la tarde del viernes, con una camiseta de gran tama\u00f1o colgando de su fachada\" \/>\n<meta property=\"og:url\" content=\"https:\/\/www.laguiadepamplona.com\/actualidad\/la-plaza-del-castillo-se-convertira-en-epicentro-rojillo-este-sabado-con-la-retransmision-en-pantallas-gigantes-de-la-final-de-la-copa-del-rey\/\" \/>\n<meta property=\"og:site_name\" content=\"La Gu\u00eda de Pamplona\" \/>\n<meta property=\"article:publisher\" content=\"https:\/\/www.facebook.com\/laguiadepamplonacom-133175176762273\/?ref=hl\" \/>\n<meta property=\"article:published_time\" content=\"2023-05-04T11:22:53+00:00\" \/>\n<meta property=\"og:image\" content=\"https:\/\/www.laguiadepamplona.com\/actualidad\/wp-content\/uploads\/2023\/05\/pamplona-con-osasuna-grande.webp\" \/>\n\t<meta property=\"og:image:width\" content=\"945\" \/>\n\t<meta property=\"og:image:height\" content=\"1200\" \/>\n\t<meta property=\"og:image:type\" content=\"image\/webp\" \/>\n<meta name=\"author\" content=\"La Gu\u00eda de Pamplona\" \/>\n<meta name=\"twitter:card\" content=\"summary_large_image\" \/>\n<meta name=\"twitter:creator\" content=\"@LaGuiadPamplona\" \/>\n<meta name=\"twitter:site\" content=\"@LaGuiadPamplona\" \/>\n<meta name=\"twitter:label1\" content=\"Escrito por\" \/>\n\t<meta name=\"twitter:data1\" content=\"La Gu\u00eda de Pamplona\" \/>\n\t<meta name=\"twitter:label2\" content=\"Tiempo de lectura\" \/>\n\t<meta name=\"twitter:data2\" content=\"4 minutos\" \/>\n<script type=\"application\/ld+json\" class=\"yoast-schema-graph\">{\"@context\":\"https:\\\/\\\/schema.org\",\"@graph\":[{\"@type\":\"Article\",\"@id\":\"https:\\\/\\\/www.laguiadepamplona.com\\\/actualidad\\\/la-plaza-del-castillo-se-convertira-en-epicentro-rojillo-este-sabado-con-la-retransmision-en-pantallas-gigantes-de-la-final-de-la-copa-del-rey\\\/#article\",\"isPartOf\":{\"@id\":\"https:\\\/\\\/www.laguiadepamplona.com\\\/actualidad\\\/la-plaza-del-castillo-se-convertira-en-epicentro-rojillo-este-sabado-con-la-retransmision-en-pantallas-gigantes-de-la-final-de-la-copa-del-rey\\\/\"},\"author\":{\"name\":\"La Gu\u00eda de Pamplona\",\"@id\":\"https:\\\/\\\/www.laguiadepamplona.com\\\/actualidad\\\/#\\\/schema\\\/person\\\/efe887376f0213d4657c93adc50b1fdb\"},\"headline\":\"La Plaza del Castillo se convertir\u00e1 en epicentro rojillo este s\u00e1bado con la retransmisi\u00f3n en pantallas gigantes de la final de la Copa del Rey\",\"datePublished\":\"2023-05-04T11:22:53+00:00\",\"mainEntityOfPage\":{\"@id\":\"https:\\\/\\\/www.laguiadepamplona.com\\\/actualidad\\\/la-plaza-del-castillo-se-convertira-en-epicentro-rojillo-este-sabado-con-la-retransmision-en-pantallas-gigantes-de-la-final-de-la-copa-del-rey\\\/\"},\"wordCount\":899,\"commentCount\":0,\"publisher\":{\"@id\":\"https:\\\/\\\/www.laguiadepamplona.com\\\/actualidad\\\/#organization\"},\"image\":{\"@id\":\"https:\\\/\\\/www.laguiadepamplona.com\\\/actualidad\\\/la-plaza-del-castillo-se-convertira-en-epicentro-rojillo-este-sabado-con-la-retransmision-en-pantallas-gigantes-de-la-final-de-la-copa-del-rey\\\/#primaryimage\"},\"thumbnailUrl\":\"https:\\\/\\\/www.laguiadepamplona.com\\\/actualidad\\\/wp-content\\\/uploads\\\/2023\\\/05\\\/pamplona-con-osasuna-grande.webp\",\"articleSection\":[\"Ayto Pamplona\"],\"inLanguage\":\"es\",\"potentialAction\":[{\"@type\":\"CommentAction\",\"name\":\"Comment\",\"target\":[\"https:\\\/\\\/www.laguiadepamplona.com\\\/actualidad\\\/la-plaza-del-castillo-se-convertira-en-epicentro-rojillo-este-sabado-con-la-retransmision-en-pantallas-gigantes-de-la-final-de-la-copa-del-rey\\\/#respond\"]}]},{\"@type\":\"WebPage\",\"@id\":\"https:\\\/\\\/www.laguiadepamplona.com\\\/actualidad\\\/la-plaza-del-castillo-se-convertira-en-epicentro-rojillo-este-sabado-con-la-retransmision-en-pantallas-gigantes-de-la-final-de-la-copa-del-rey\\\/\",\"url\":\"https:\\\/\\\/www.laguiadepamplona.com\\\/actualidad\\\/la-plaza-del-castillo-se-convertira-en-epicentro-rojillo-este-sabado-con-la-retransmision-en-pantallas-gigantes-de-la-final-de-la-copa-del-rey\\\/\",\"name\":\"La Plaza del Castillo se convertir\u00e1 en epicentro rojillo este s\u00e1bado con la retransmisi\u00f3n en pantallas gigantes de la final de la Copa del Rey\",\"isPartOf\":{\"@id\":\"https:\\\/\\\/www.laguiadepamplona.com\\\/actualidad\\\/#website\"},\"primaryImageOfPage\":{\"@id\":\"https:\\\/\\\/www.laguiadepamplona.com\\\/actualidad\\\/la-plaza-del-castillo-se-convertira-en-epicentro-rojillo-este-sabado-con-la-retransmision-en-pantallas-gigantes-de-la-final-de-la-copa-del-rey\\\/#primaryimage\"},\"image\":{\"@id\":\"https:\\\/\\\/www.laguiadepamplona.com\\\/actualidad\\\/la-plaza-del-castillo-se-convertira-en-epicentro-rojillo-este-sabado-con-la-retransmision-en-pantallas-gigantes-de-la-final-de-la-copa-del-rey\\\/#primaryimage\"},\"thumbnailUrl\":\"https:\\\/\\\/www.laguiadepamplona.com\\\/actualidad\\\/wp-content\\\/uploads\\\/2023\\\/05\\\/pamplona-con-osasuna-grande.webp\",\"datePublished\":\"2023-05-04T11:22:53+00:00\",\"description\":\"El Ayuntamiento de Pamplona se vestir\u00e1 de Osasuna desde la tarde del viernes, con una camiseta de gran tama\u00f1o colgando de su fachada\",\"breadcrumb\":{\"@id\":\"https:\\\/\\\/www.laguiadepamplona.com\\\/actualidad\\\/la-plaza-del-castillo-se-convertira-en-epicentro-rojillo-este-sabado-con-la-retransmision-en-pantallas-gigantes-de-la-final-de-la-copa-del-rey\\\/#breadcrumb\"},\"inLanguage\":\"es\",\"potentialAction\":[{\"@type\":\"ReadAction\",\"target\":[\"https:\\\/\\\/www.laguiadepamplona.com\\\/actualidad\\\/la-plaza-del-castillo-se-convertira-en-epicentro-rojillo-este-sabado-con-la-retransmision-en-pantallas-gigantes-de-la-final-de-la-copa-del-rey\\\/\"]}]},{\"@type\":\"ImageObject\",\"inLanguage\":\"es\",\"@id\":\"https:\\\/\\\/www.laguiadepamplona.com\\\/actualidad\\\/la-plaza-del-castillo-se-convertira-en-epicentro-rojillo-este-sabado-con-la-retransmision-en-pantallas-gigantes-de-la-final-de-la-copa-del-rey\\\/#primaryimage\",\"url\":\"https:\\\/\\\/www.laguiadepamplona.com\\\/actualidad\\\/wp-content\\\/uploads\\\/2023\\\/05\\\/pamplona-con-osasuna-grande.webp\",\"contentUrl\":\"https:\\\/\\\/www.laguiadepamplona.com\\\/actualidad\\\/wp-content\\\/uploads\\\/2023\\\/05\\\/pamplona-con-osasuna-grande.webp\",\"width\":945,\"height\":1200},{\"@type\":\"BreadcrumbList\",\"@id\":\"https:\\\/\\\/www.laguiadepamplona.com\\\/actualidad\\\/la-plaza-del-castillo-se-convertira-en-epicentro-rojillo-este-sabado-con-la-retransmision-en-pantallas-gigantes-de-la-final-de-la-copa-del-rey\\\/#breadcrumb\",\"itemListElement\":[{\"@type\":\"ListItem\",\"position\":1,\"name\":\"Portada\",\"item\":\"https:\\\/\\\/www.laguiadepamplona.com\\\/actualidad\\\/\"},{\"@type\":\"ListItem\",\"position\":2,\"name\":\"La Plaza del Castillo se convertir\u00e1 en epicentro rojillo este s\u00e1bado con la retransmisi\u00f3n en pantallas gigantes de la final de la Copa del Rey\"}]},{\"@type\":\"WebSite\",\"@id\":\"https:\\\/\\\/www.laguiadepamplona.com\\\/actualidad\\\/#website\",\"url\":\"https:\\\/\\\/www.laguiadepamplona.com\\\/actualidad\\\/\",\"name\":\"La gu\u00eda de Pamplona\",\"description\":\"Noticias de Pamplona\",\"publisher\":{\"@id\":\"https:\\\/\\\/www.laguiadepamplona.com\\\/actualidad\\\/#organization\"},\"potentialAction\":[{\"@type\":\"SearchAction\",\"target\":{\"@type\":\"EntryPoint\",\"urlTemplate\":\"https:\\\/\\\/www.laguiadepamplona.com\\\/actualidad\\\/?s={search_term_string}\"},\"query-input\":{\"@type\":\"PropertyValueSpecification\",\"valueRequired\":true,\"valueName\":\"search_term_string\"}}],\"inLanguage\":\"es\"},{\"@type\":\"Organization\",\"@id\":\"https:\\\/\\\/www.laguiadepamplona.com\\\/actualidad\\\/#organization\",\"name\":\"La Gu\u00eda de Pamplona \\\/ Noticias\",\"url\":\"https:\\\/\\\/www.laguiadepamplona.com\\\/actualidad\\\/\",\"logo\":{\"@type\":\"ImageObject\",\"inLanguage\":\"es\",\"@id\":\"https:\\\/\\\/www.laguiadepamplona.com\\\/actualidad\\\/#\\\/schema\\\/logo\\\/image\\\/\",\"url\":\"https:\\\/\\\/www.laguiadepamplona.com\\\/actualidad\\\/wp-content\\\/uploads\\\/2018\\\/11\\\/logo-laguiadepamplona18-web1.png\",\"contentUrl\":\"https:\\\/\\\/www.laguiadepamplona.com\\\/actualidad\\\/wp-content\\\/uploads\\\/2018\\\/11\\\/logo-laguiadepamplona18-web1.png\",\"width\":600,\"height\":196,\"caption\":\"La Gu\u00eda de Pamplona \\\/ Noticias\"},\"image\":{\"@id\":\"https:\\\/\\\/www.laguiadepamplona.com\\\/actualidad\\\/#\\\/schema\\\/logo\\\/image\\\/\"},\"sameAs\":[\"https:\\\/\\\/www.facebook.com\\\/laguiadepamplonacom-133175176762273\\\/?ref=hl\",\"https:\\\/\\\/x.com\\\/LaGuiadPamplona\",\"https:\\\/\\\/www.instagram.com\\\/la_guia_de_pamplona\\\/\",\"https:\\\/\\\/www.youtube.com\\\/user\\\/laguiadepamplona\"]},{\"@type\":\"Person\",\"@id\":\"https:\\\/\\\/www.laguiadepamplona.com\\\/actualidad\\\/#\\\/schema\\\/person\\\/efe887376f0213d4657c93adc50b1fdb\",\"name\":\"La Gu\u00eda de Pamplona\",\"image\":{\"@type\":\"ImageObject\",\"inLanguage\":\"es\",\"@id\":\"https:\\\/\\\/secure.gravatar.com\\\/avatar\\\/b6992f131dc8d30ab0dff15446e9d346d9dbd95992de0fef795073f5ea83a81c?s=96&d=mm&r=g\",\"url\":\"https:\\\/\\\/secure.gravatar.com\\\/avatar\\\/b6992f131dc8d30ab0dff15446e9d346d9dbd95992de0fef795073f5ea83a81c?s=96&d=mm&r=g\",\"contentUrl\":\"https:\\\/\\\/secure.gravatar.com\\\/avatar\\\/b6992f131dc8d30ab0dff15446e9d346d9dbd95992de0fef795073f5ea83a81c?s=96&d=mm&r=g\",\"caption\":\"La Gu\u00eda de Pamplona\"}}]}<\/script>\n<!-- \/ Yoast SEO plugin. -->","yoast_head_json":{"title":"La Plaza del Castillo se convertir\u00e1 en epicentro rojillo este s\u00e1bado con la retransmisi\u00f3n en pantallas gigantes de la final de la Copa del Rey","description":"El Ayuntamiento de Pamplona se vestir\u00e1 de Osasuna desde la tarde del viernes, con una camiseta de gran tama\u00f1o colgando de su fachada","robots":{"index":"index","follow":"follow","max-snippet":"max-snippet:-1","max-image-preview":"max-image-preview:large","max-video-preview":"max-video-preview:-1"},"canonical":"https:\/\/www.laguiadepamplona.com\/actualidad\/la-plaza-del-castillo-se-convertira-en-epicentro-rojillo-este-sabado-con-la-retransmision-en-pantallas-gigantes-de-la-final-de-la-copa-del-rey\/","og_locale":"es_ES","og_type":"article","og_title":"La Plaza del Castillo se convertir\u00e1 en epicentro rojillo este s\u00e1bado con la retransmisi\u00f3n en pantallas gigantes de la final de la Copa del Rey","og_description":"El Ayuntamiento de Pamplona se vestir\u00e1 de Osasuna desde la tarde del viernes, con una camiseta de gran tama\u00f1o colgando de su fachada","og_url":"https:\/\/www.laguiadepamplona.com\/actualidad\/la-plaza-del-castillo-se-convertira-en-epicentro-rojillo-este-sabado-con-la-retransmision-en-pantallas-gigantes-de-la-final-de-la-copa-del-rey\/","og_site_name":"La Gu\u00eda de Pamplona","article_publisher":"https:\/\/www.facebook.com\/laguiadepamplonacom-133175176762273\/?ref=hl","article_published_time":"2023-05-04T11:22:53+00:00","og_image":[{"width":945,"height":1200,"url":"https:\/\/www.laguiadepamplona.com\/actualidad\/wp-content\/uploads\/2023\/05\/pamplona-con-osasuna-grande.webp","type":"image\/webp"}],"author":"La Gu\u00eda de Pamplona","twitter_card":"summary_large_image","twitter_creator":"@LaGuiadPamplona","twitter_site":"@LaGuiadPamplona","twitter_misc":{"Escrito por":"La Gu\u00eda de Pamplona","Tiempo de lectura":"4 minutos"},"schema":{"@context":"https:\/\/schema.org","@graph":[{"@type":"Article","@id":"https:\/\/www.laguiadepamplona.com\/actualidad\/la-plaza-del-castillo-se-convertira-en-epicentro-rojillo-este-sabado-con-la-retransmision-en-pantallas-gigantes-de-la-final-de-la-copa-del-rey\/#article","isPartOf":{"@id":"https:\/\/www.laguiadepamplona.com\/actualidad\/la-plaza-del-castillo-se-convertira-en-epicentro-rojillo-este-sabado-con-la-retransmision-en-pantallas-gigantes-de-la-final-de-la-copa-del-rey\/"},"author":{"name":"La Gu\u00eda de Pamplona","@id":"https:\/\/www.laguiadepamplona.com\/actualidad\/#\/schema\/person\/efe887376f0213d4657c93adc50b1fdb"},"headline":"La Plaza del Castillo se convertir\u00e1 en epicentro rojillo este s\u00e1bado con la retransmisi\u00f3n en pantallas gigantes de la final de la Copa del Rey","datePublished":"2023-05-04T11:22:53+00:00","mainEntityOfPage":{"@id":"https:\/\/www.laguiadepamplona.com\/actualidad\/la-plaza-del-castillo-se-convertira-en-epicentro-rojillo-este-sabado-con-la-retransmision-en-pantallas-gigantes-de-la-final-de-la-copa-del-rey\/"},"wordCount":899,"commentCount":0,"publisher":{"@id":"https:\/\/www.laguiadepamplona.com\/actualidad\/#organization"},"image":{"@id":"https:\/\/www.laguiadepamplona.com\/actualidad\/la-plaza-del-castillo-se-convertira-en-epicentro-rojillo-este-sabado-con-la-retransmision-en-pantallas-gigantes-de-la-final-de-la-copa-del-rey\/#primaryimage"},"thumbnailUrl":"https:\/\/www.laguiadepamplona.com\/actualidad\/wp-content\/uploads\/2023\/05\/pamplona-con-osasuna-grande.webp","articleSection":["Ayto Pamplona"],"inLanguage":"es","potentialAction":[{"@type":"CommentAction","name":"Comment","target":["https:\/\/www.laguiadepamplona.com\/actualidad\/la-plaza-del-castillo-se-convertira-en-epicentro-rojillo-este-sabado-con-la-retransmision-en-pantallas-gigantes-de-la-final-de-la-copa-del-rey\/#respond"]}]},{"@type":"WebPage","@id":"https:\/\/www.laguiadepamplona.com\/actualidad\/la-plaza-del-castillo-se-convertira-en-epicentro-rojillo-este-sabado-con-la-retransmision-en-pantallas-gigantes-de-la-final-de-la-copa-del-rey\/","url":"https:\/\/www.laguiadepamplona.com\/actualidad\/la-plaza-del-castillo-se-convertira-en-epicentro-rojillo-este-sabado-con-la-retransmision-en-pantallas-gigantes-de-la-final-de-la-copa-del-rey\/","name":"La Plaza del Castillo se convertir\u00e1 en epicentro rojillo este s\u00e1bado con la retransmisi\u00f3n en pantallas gigantes de la final de la Copa del Rey","isPartOf":{"@id":"https:\/\/www.laguiadepamplona.com\/actualidad\/#website"},"primaryImageOfPage":{"@id":"https:\/\/www.laguiadepamplona.com\/actualidad\/la-plaza-del-castillo-se-convertira-en-epicentro-rojillo-este-sabado-con-la-retransmision-en-pantallas-gigantes-de-la-final-de-la-copa-del-rey\/#primaryimage"},"image":{"@id":"https:\/\/www.laguiadepamplona.com\/actualidad\/la-plaza-del-castillo-se-convertira-en-epicentro-rojillo-este-sabado-con-la-retransmision-en-pantallas-gigantes-de-la-final-de-la-copa-del-rey\/#primaryimage"},"thumbnailUrl":"https:\/\/www.laguiadepamplona.com\/actualidad\/wp-content\/uploads\/2023\/05\/pamplona-con-osasuna-grande.webp","datePublished":"2023-05-04T11:22:53+00:00","description":"El Ayuntamiento de Pamplona se vestir\u00e1 de Osasuna desde la tarde del viernes, con una camiseta de gran tama\u00f1o colgando de su fachada","breadcrumb":{"@id":"https:\/\/www.laguiadepamplona.com\/actualidad\/la-plaza-del-castillo-se-convertira-en-epicentro-rojillo-este-sabado-con-la-retransmision-en-pantallas-gigantes-de-la-final-de-la-copa-del-rey\/#breadcrumb"},"inLanguage":"es","potentialAction":[{"@type":"ReadAction","target":["https:\/\/www.laguiadepamplona.com\/actualidad\/la-plaza-del-castillo-se-convertira-en-epicentro-rojillo-este-sabado-con-la-retransmision-en-pantallas-gigantes-de-la-final-de-la-copa-del-rey\/"]}]},{"@type":"ImageObject","inLanguage":"es","@id":"https:\/\/www.laguiadepamplona.com\/actualidad\/la-plaza-del-castillo-se-convertira-en-epicentro-rojillo-este-sabado-con-la-retransmision-en-pantallas-gigantes-de-la-final-de-la-copa-del-rey\/#primaryimage","url":"https:\/\/www.laguiadepamplona.com\/actualidad\/wp-content\/uploads\/2023\/05\/pamplona-con-osasuna-grande.webp","contentUrl":"https:\/\/www.laguiadepamplona.com\/actualidad\/wp-content\/uploads\/2023\/05\/pamplona-con-osasuna-grande.webp","width":945,"height":1200},{"@type":"BreadcrumbList","@id":"https:\/\/www.laguiadepamplona.com\/actualidad\/la-plaza-del-castillo-se-convertira-en-epicentro-rojillo-este-sabado-con-la-retransmision-en-pantallas-gigantes-de-la-final-de-la-copa-del-rey\/#breadcrumb","itemListElement":[{"@type":"ListItem","position":1,"name":"Portada","item":"https:\/\/www.laguiadepamplona.com\/actualidad\/"},{"@type":"ListItem","position":2,"name":"La Plaza del Castillo se convertir\u00e1 en epicentro rojillo este s\u00e1bado con la retransmisi\u00f3n en pantallas gigantes de la final de la Copa del Rey"}]},{"@type":"WebSite","@id":"https:\/\/www.laguiadepamplona.com\/actualidad\/#website","url":"https:\/\/www.laguiadepamplona.com\/actualidad\/","name":"La gu\u00eda de Pamplona","description":"Noticias de Pamplona","publisher":{"@id":"https:\/\/www.laguiadepamplona.com\/actualidad\/#organization"},"potentialAction":[{"@type":"SearchAction","target":{"@type":"EntryPoint","urlTemplate":"https:\/\/www.laguiadepamplona.com\/actualidad\/?s={search_term_string}"},"query-input":{"@type":"PropertyValueSpecification","valueRequired":true,"valueName":"search_term_string"}}],"inLanguage":"es"},{"@type":"Organization","@id":"https:\/\/www.laguiadepamplona.com\/actualidad\/#organization","name":"La Gu\u00eda de Pamplona \/ Noticias","url":"https:\/\/www.laguiadepamplona.com\/actualidad\/","logo":{"@type":"ImageObject","inLanguage":"es","@id":"https:\/\/www.laguiadepamplona.com\/actualidad\/#\/schema\/logo\/image\/","url":"https:\/\/www.laguiadepamplona.com\/actualidad\/wp-content\/uploads\/2018\/11\/logo-laguiadepamplona18-web1.png","contentUrl":"https:\/\/www.laguiadepamplona.com\/actualidad\/wp-content\/uploads\/2018\/11\/logo-laguiadepamplona18-web1.png","width":600,"height":196,"caption":"La Gu\u00eda de Pamplona \/ Noticias"},"image":{"@id":"https:\/\/www.laguiadepamplona.com\/actualidad\/#\/schema\/logo\/image\/"},"sameAs":["https:\/\/www.facebook.com\/laguiadepamplonacom-133175176762273\/?ref=hl","https:\/\/x.com\/LaGuiadPamplona","https:\/\/www.instagram.com\/la_guia_de_pamplona\/","https:\/\/www.youtube.com\/user\/laguiadepamplona"]},{"@type":"Person","@id":"https:\/\/www.laguiadepamplona.com\/actualidad\/#\/schema\/person\/efe887376f0213d4657c93adc50b1fdb","name":"La Gu\u00eda de Pamplona","image":{"@type":"ImageObject","inLanguage":"es","@id":"https:\/\/secure.gravatar.com\/avatar\/b6992f131dc8d30ab0dff15446e9d346d9dbd95992de0fef795073f5ea83a81c?s=96&d=mm&r=g","url":"https:\/\/secure.gravatar.com\/avatar\/b6992f131dc8d30ab0dff15446e9d346d9dbd95992de0fef795073f5ea83a81c?s=96&d=mm&r=g","contentUrl":"https:\/\/secure.gravatar.com\/avatar\/b6992f131dc8d30ab0dff15446e9d346d9dbd95992de0fef795073f5ea83a81c?s=96&d=mm&r=g","caption":"La Gu\u00eda de Pamplona"}}]}},"post_mailing_queue_ids":[],"_links":{"self":[{"href":"https:\/\/www.laguiadepamplona.com\/actualidad\/wp-json\/wp\/v2\/posts\/46579","targetHints":{"allow":["GET"]}}],"collection":[{"href":"https:\/\/www.laguiadepamplona.com\/actualidad\/wp-json\/wp\/v2\/posts"}],"about":[{"href":"https:\/\/www.laguiadepamplona.com\/actualidad\/wp-json\/wp\/v2\/types\/post"}],"author":[{"embeddable":true,"href":"https:\/\/www.laguiadepamplona.com\/actualidad\/wp-json\/wp\/v2\/users\/1"}],"replies":[{"embeddable":true,"href":"https:\/\/www.laguiadepamplona.com\/actualidad\/wp-json\/wp\/v2\/comments?post=46579"}],"version-history":[{"count":1,"href":"https:\/\/www.laguiadepamplona.com\/actualidad\/wp-json\/wp\/v2\/posts\/46579\/revisions"}],"predecessor-version":[{"id":46581,"href":"https:\/\/www.laguiadepamplona.com\/actualidad\/wp-json\/wp\/v2\/posts\/46579\/revisions\/46581"}],"wp:featuredmedia":[{"embeddable":true,"href":"https:\/\/www.laguiadepamplona.com\/actualidad\/wp-json\/wp\/v2\/media\/46580"}],"wp:attachment":[{"href":"https:\/\/www.laguiadepamplona.com\/actualidad\/wp-json\/wp\/v2\/media?parent=46579"}],"wp:term":[{"taxonomy":"category","embeddable":true,"href":"https:\/\/www.laguiadepamplona.com\/actualidad\/wp-json\/wp\/v2\/categories?post=46579"},{"taxonomy":"post_tag","embeddable":true,"href":"https:\/\/www.laguiadepamplona.com\/actualidad\/wp-json\/wp\/v2\/tags?post=46579"}],"curies":[{"name":"wp","href":"https:\/\/api.w.org\/{rel}","templated":true}]}}