{"id":46572,"date":"2023-05-03T17:25:36","date_gmt":"2023-05-03T15:25:36","guid":{"rendered":"https:\/\/www.laguiadepamplona.com\/actualidad\/?p=46572"},"modified":"2023-05-03T17:25:36","modified_gmt":"2023-05-03T15:25:36","slug":"las-obras-para-transformar-el-tramo-del-camino-de-santiago-a-su-paso-por-la-calle-fuente-del-hierro-comenzaran-en-julio","status":"publish","type":"post","link":"https:\/\/www.laguiadepamplona.com\/actualidad\/las-obras-para-transformar-el-tramo-del-camino-de-santiago-a-su-paso-por-la-calle-fuente-del-hierro-comenzaran-en-julio\/","title":{"rendered":"Las obras para transformar el tramo del Camino de Santiago a su paso por la calle Fuente del Hierro comenzar\u00e1n en julio"},"content":{"rendered":"<h3>Los trabajos, financiados con los fondos Next Generation EU, tendr\u00e1n un coste de 281.850 euros y afectar\u00e1n a la zona entre las calles Pedro I e Iturrama<\/h3>\n<p><!--more--><\/p>\n<p>La calle Fuente del Hierro de Pamplona sufrir\u00e1 una renovaci\u00f3n en los pr\u00f3ximos meses para convertirse en un espacio m\u00e1s natural y sostenible, con mayor superficie vegetal y m\u00e1s adaptada a las subidas de temperatura derivadas del cambio clim\u00e1tico. El objetivo es naturalizar esta calle, que forma parte del trazado del Camino de Santiago por la ciudad, priorizando al peat\u00f3n y reduciendo la calzada. Las obras, que se enmarcan dentro del proyecto Pamplona SF365, cuenta con financiaci\u00f3n europea de los fondos Next Generation EU, dentro del Plan de Recuperaci\u00f3n, Transformaci\u00f3n y Resiliencia, y tendr\u00e1 un coste de 281.850 euros.<\/p>\n<p>Los trabajos comenzar\u00e1n en el mes de julio y se concentrar\u00e1n en el tramo de la calle ubicado entre la calle Pedro I e Iturrama. Se llevar\u00e1n a cabo varias acciones para lograr adecuar esta v\u00eda al nuevo dise\u00f1o de ciudad, m\u00e1s centrado en las personas que caminan y con un tr\u00e1fico calmado, adem\u00e1s de m\u00e1s verde y adaptado a las nuevas condiciones clim\u00e1ticas. Por un lado, se apuesta por la creaci\u00f3n de sistemas urbanos de drenaje sostenible. Por otro, se mejorar\u00e1n los itinerarios peatonales y los espacios de estancia existentes. La prioridad en esta intervenci\u00f3n es crear zonas verdes que funcionen como jardines de lluvia en las proximidades de las glorietas existentes y el ensanchamiento de la mediana.<br \/>\n<script async src=\"\/\/pagead2.googlesyndication.com\/pagead\/js\/adsbygoogle.js\"><\/script><br \/>\n<!-- Noticias La Guia de Pamplona --><br \/>\n<ins class=\"adsbygoogle\"\nstyle=\"display:block\"\ndata-ad-client=\"ca-pub-6943679897239327\"\ndata-ad-slot=\"7048180777\"\ndata-ad-format=\"auto\"><\/ins><br \/>\n<script>\n(adsbygoogle = window.adsbygoogle || []).push({});\n<\/script><\/p>\n<p>La calle Fuente del Hierro es una v\u00eda que une dos espacios verdes importantes de Pamplona, como son la Vuelta del Castillo y el campus de la Universidad de Navarra. Esa ubicaci\u00f3n y su integraci\u00f3n en el Camino de Santiago hacen necesario desarrollar este importante eje mediante acciones encaminadas a potenciar su vegetaci\u00f3n y permeabilizar su suelo. Todo ello contribuye a favorecer la biodiversidad y reducir la contaminaci\u00f3n atmosf\u00e9rica y ac\u00fastica en su entorno.<\/p>\n<p>En concreto, se reurbanizar\u00e1 la v\u00eda, reduciendo la anchura de la calzada, que en su d\u00eda era de doble carril, pero ahora mantiene uno de mayor ancho.\u00a0 El carril, tras las obras, pasar\u00e1 a ser de entre 3,5 y 4,2 metros, y estar\u00e1 separado por una mediana de entre 5,7 y 6,7 metros de ancho. Las aceras se ampliar\u00e1n ligeramente en varios puntos y se ordenar\u00e1n los pasos de cebra, alej\u00e1ndolos de las intersecciones con las glorietas, de forma que se evite la parada de veh\u00edculos dentro de la rotonda, con las afecciones al tr\u00e1fico que ello produce. En la reurbanizaci\u00f3n de la acera se usar\u00e1 pavimento accesible en aquellas zonas en las que se requiera, y se modificar\u00e1 puntualmente el carril bici actual, para separarlo de la calzada all\u00ed donde se instalen jardines de lluvia.<br \/>\n<script async src=\"\/\/pagead2.googlesyndication.com\/pagead\/js\/adsbygoogle.js\"><\/script><br \/>\n<!-- Noticias La Guia de Pamplona --><br \/>\n<ins class=\"adsbygoogle\"\nstyle=\"display:block\"\ndata-ad-client=\"ca-pub-6943679897239327\"\ndata-ad-slot=\"7048180777\"\ndata-ad-format=\"auto\"><\/ins><br \/>\n<script>\n(adsbygoogle = window.adsbygoogle || []).push({});\n<\/script><\/p>\n<p><strong>M\u00e1s sostenible y responsable h\u00eddricamente<\/strong><\/p>\n<p>Una parte importante de la actuaci\u00f3n en Fuente del Hierro tiene que ver con las labores de jardiner\u00eda, donde se priorizar\u00e1 la creaci\u00f3n de espacios verdes responsables y sostenibles, con pocas necesidades h\u00eddricas y capaces de drenar de forma natural el agua procedente de la lluvia. En la mediana se transformar\u00e1 el concepto, pasando de una mediana de c\u00e9sped con arbolado alterno a una mediana \u201cbosque\u201d, con un sustrato arbustivo y herb\u00e1ceo, aumentando la diversidad y creando vol\u00famenes que, adem\u00e1s de su aporte ornamental, sirvan de cobijo a aves e insectos.<\/p>\n<p>En la confluencia de las aceras con las glorietas, se han proyectado dos jardines de lluvia, con espacio ganado a la calzada, uno junto a la entrada de la ikastola Amaiur y otro a la entrada del polideportivo de Larraona. En ellos se plantar\u00e1n especies vegetales capaces de soportar cierto grado de inundaci\u00f3n temporal, que incluyen \u00e1rboles y arbustos. El objetivo es sustituir el sistema actual de escorrent\u00eda a trav\u00e9s de sumideros que recogen el agua en un colector, por estos jardines, que recoger\u00edan el agua de la calzada y las aceras para satisfacer sus propias necesidades h\u00eddricas y, si hay exceso, el agua recala en un dep\u00f3sito de grava, donde se retiene para su posterior filtraci\u00f3n al terreno. El filtrado a trav\u00e9s de las gravas limpia el agua de contaminantes habituales en las calzadas como part\u00edculas de holl\u00edn, bencenos y metales pesados, entre otros. Las zonas se completar\u00e1n con mobiliario urbano y fuentes para crear zonas de descanso agradables y sombreadas.<\/p>\n<p>Las actuaciones se completan con la reforma de la red de saneamiento y alumbrado en aquellos puntos en los que sea necesario, sobre todo en pasos de peatones, y la instalaci\u00f3n de mobiliario y se\u00f1alizaci\u00f3n vertical.<br \/>\n<script async src=\"\/\/pagead2.googlesyndication.com\/pagead\/js\/adsbygoogle.js\"><\/script><br \/>\n<!-- Noticias La Guia de Pamplona --><br \/>\n<ins class=\"adsbygoogle\"\nstyle=\"display:block\"\ndata-ad-client=\"ca-pub-6943679897239327\"\ndata-ad-slot=\"7048180777\"\ndata-ad-format=\"auto\"><\/ins><br \/>\n<script>\n(adsbygoogle = window.adsbygoogle || []).push({});\n<\/script><\/p>\n<p><strong>Dentro del Proyecto Pamplona SF365<\/strong><\/p>\n<p>Pamplona se present\u00f3 a la convocatoria de ayudas para Planes de Sostenibilidad Tur\u00edstica en Destino habilitada por el Gobierno de Espa\u00f1a dentro del Plan de Recuperaci\u00f3n, Transformaci\u00f3n y Resiliencia con el proyecto Pamplona SF365, una iniciativa que se concreta en 13 actuaciones agrupadas en cuatro ejes y cuya inversi\u00f3n total se cifr\u00f3 en 5.492.500 euros para los a\u00f1os 2022, 2023 y 2024. Sin duda, la actuaci\u00f3n fundamental de este proyecto es la creaci\u00f3n de un centro de experiencias en torno a los Sanfermines en el Cuerpo de Guardia de la ciudad, en la cuesta de Santo Domingo.<\/p>\n<p>No obstante, uno de los ejes de este proyecto es la \u201ctransici\u00f3n verde y sostenible\u201d, y es ah\u00ed donde se inscribe la actuaci\u00f3n de la calle Fuente el Hierro, dado el papel tur\u00edstico de esta v\u00eda como parte del Camino de Santiago por la ciudad, un reclamo tur\u00edstico de gran importancia para Pamplona.<\/p>\n","protected":false},"excerpt":{"rendered":"<p>Los trabajos, financiados con los fondos Next Generation EU, tendr\u00e1n un coste de 281.850 euros y afectar\u00e1n a la zona entre las calles Pedro I e Iturrama<\/p>\n","protected":false},"author":1,"featured_media":46573,"comment_status":"open","ping_status":"closed","sticky":false,"template":"","format":"standard","meta":{"footnotes":""},"categories":[2],"tags":[],"class_list":["post-46572","post","type-post","status-publish","format-standard","has-post-thumbnail","hentry","category-ayuntamiento-pamplona"],"yoast_head":"<!-- This site is optimized with the Yoast SEO plugin v27.3 - https:\/\/yoast.com\/product\/yoast-seo-wordpress\/ -->\n<title>Las obras para transformar el tramo del Camino de Santiago a su paso por la calle Fuente del Hierro comenzar\u00e1n en julio<\/title>\n<meta name=\"description\" content=\"Los trabajos, financiados con los fondos Next Generation EU, tendr\u00e1n un coste de 281.850 euros y afectar\u00e1n a la zona entre las calles Pedro I e Iturrama\" \/>\n<meta name=\"robots\" content=\"index, follow, max-snippet:-1, max-image-preview:large, max-video-preview:-1\" \/>\n<link rel=\"canonical\" href=\"https:\/\/www.laguiadepamplona.com\/actualidad\/las-obras-para-transformar-el-tramo-del-camino-de-santiago-a-su-paso-por-la-calle-fuente-del-hierro-comenzaran-en-julio\/\" \/>\n<meta property=\"og:locale\" content=\"es_ES\" \/>\n<meta property=\"og:type\" content=\"article\" \/>\n<meta property=\"og:title\" content=\"Las obras para transformar el tramo del Camino de Santiago a su paso por la calle Fuente del Hierro comenzar\u00e1n en julio\" \/>\n<meta property=\"og:description\" content=\"Los trabajos, financiados con los fondos Next Generation EU, tendr\u00e1n un coste de 281.850 euros y afectar\u00e1n a la zona entre las calles Pedro I e Iturrama\" \/>\n<meta property=\"og:url\" content=\"https:\/\/www.laguiadepamplona.com\/actualidad\/las-obras-para-transformar-el-tramo-del-camino-de-santiago-a-su-paso-por-la-calle-fuente-del-hierro-comenzaran-en-julio\/\" \/>\n<meta property=\"og:site_name\" content=\"La Gu\u00eda de Pamplona\" \/>\n<meta property=\"article:publisher\" content=\"https:\/\/www.facebook.com\/laguiadepamplonacom-133175176762273\/?ref=hl\" \/>\n<meta property=\"article:published_time\" content=\"2023-05-03T15:25:36+00:00\" \/>\n<meta property=\"og:image\" content=\"https:\/\/www.laguiadepamplona.com\/actualidad\/wp-content\/uploads\/2023\/05\/plano-calle-fuente-hierro.webp\" \/>\n\t<meta property=\"og:image:width\" content=\"1451\" \/>\n\t<meta property=\"og:image:height\" content=\"848\" \/>\n\t<meta property=\"og:image:type\" content=\"image\/webp\" \/>\n<meta name=\"author\" content=\"La Gu\u00eda de Pamplona\" \/>\n<meta name=\"twitter:card\" content=\"summary_large_image\" \/>\n<meta name=\"twitter:creator\" content=\"@LaGuiadPamplona\" \/>\n<meta name=\"twitter:site\" content=\"@LaGuiadPamplona\" \/>\n<meta name=\"twitter:label1\" content=\"Escrito por\" \/>\n\t<meta name=\"twitter:data1\" content=\"La Gu\u00eda de Pamplona\" \/>\n\t<meta name=\"twitter:label2\" content=\"Tiempo de lectura\" \/>\n\t<meta name=\"twitter:data2\" content=\"5 minutos\" \/>\n<script type=\"application\/ld+json\" class=\"yoast-schema-graph\">{\"@context\":\"https:\\\/\\\/schema.org\",\"@graph\":[{\"@type\":\"Article\",\"@id\":\"https:\\\/\\\/www.laguiadepamplona.com\\\/actualidad\\\/las-obras-para-transformar-el-tramo-del-camino-de-santiago-a-su-paso-por-la-calle-fuente-del-hierro-comenzaran-en-julio\\\/#article\",\"isPartOf\":{\"@id\":\"https:\\\/\\\/www.laguiadepamplona.com\\\/actualidad\\\/las-obras-para-transformar-el-tramo-del-camino-de-santiago-a-su-paso-por-la-calle-fuente-del-hierro-comenzaran-en-julio\\\/\"},\"author\":{\"name\":\"La Gu\u00eda de Pamplona\",\"@id\":\"https:\\\/\\\/www.laguiadepamplona.com\\\/actualidad\\\/#\\\/schema\\\/person\\\/efe887376f0213d4657c93adc50b1fdb\"},\"headline\":\"Las obras para transformar el tramo del Camino de Santiago a su paso por la calle Fuente del Hierro comenzar\u00e1n en julio\",\"datePublished\":\"2023-05-03T15:25:36+00:00\",\"mainEntityOfPage\":{\"@id\":\"https:\\\/\\\/www.laguiadepamplona.com\\\/actualidad\\\/las-obras-para-transformar-el-tramo-del-camino-de-santiago-a-su-paso-por-la-calle-fuente-del-hierro-comenzaran-en-julio\\\/\"},\"wordCount\":993,\"commentCount\":0,\"publisher\":{\"@id\":\"https:\\\/\\\/www.laguiadepamplona.com\\\/actualidad\\\/#organization\"},\"image\":{\"@id\":\"https:\\\/\\\/www.laguiadepamplona.com\\\/actualidad\\\/las-obras-para-transformar-el-tramo-del-camino-de-santiago-a-su-paso-por-la-calle-fuente-del-hierro-comenzaran-en-julio\\\/#primaryimage\"},\"thumbnailUrl\":\"https:\\\/\\\/www.laguiadepamplona.com\\\/actualidad\\\/wp-content\\\/uploads\\\/2023\\\/05\\\/plano-calle-fuente-hierro.webp\",\"articleSection\":[\"Ayto Pamplona\"],\"inLanguage\":\"es\",\"potentialAction\":[{\"@type\":\"CommentAction\",\"name\":\"Comment\",\"target\":[\"https:\\\/\\\/www.laguiadepamplona.com\\\/actualidad\\\/las-obras-para-transformar-el-tramo-del-camino-de-santiago-a-su-paso-por-la-calle-fuente-del-hierro-comenzaran-en-julio\\\/#respond\"]}]},{\"@type\":\"WebPage\",\"@id\":\"https:\\\/\\\/www.laguiadepamplona.com\\\/actualidad\\\/las-obras-para-transformar-el-tramo-del-camino-de-santiago-a-su-paso-por-la-calle-fuente-del-hierro-comenzaran-en-julio\\\/\",\"url\":\"https:\\\/\\\/www.laguiadepamplona.com\\\/actualidad\\\/las-obras-para-transformar-el-tramo-del-camino-de-santiago-a-su-paso-por-la-calle-fuente-del-hierro-comenzaran-en-julio\\\/\",\"name\":\"Las obras para transformar el tramo del Camino de Santiago a su paso por la calle Fuente del Hierro comenzar\u00e1n en julio\",\"isPartOf\":{\"@id\":\"https:\\\/\\\/www.laguiadepamplona.com\\\/actualidad\\\/#website\"},\"primaryImageOfPage\":{\"@id\":\"https:\\\/\\\/www.laguiadepamplona.com\\\/actualidad\\\/las-obras-para-transformar-el-tramo-del-camino-de-santiago-a-su-paso-por-la-calle-fuente-del-hierro-comenzaran-en-julio\\\/#primaryimage\"},\"image\":{\"@id\":\"https:\\\/\\\/www.laguiadepamplona.com\\\/actualidad\\\/las-obras-para-transformar-el-tramo-del-camino-de-santiago-a-su-paso-por-la-calle-fuente-del-hierro-comenzaran-en-julio\\\/#primaryimage\"},\"thumbnailUrl\":\"https:\\\/\\\/www.laguiadepamplona.com\\\/actualidad\\\/wp-content\\\/uploads\\\/2023\\\/05\\\/plano-calle-fuente-hierro.webp\",\"datePublished\":\"2023-05-03T15:25:36+00:00\",\"description\":\"Los trabajos, financiados con los fondos Next Generation EU, tendr\u00e1n un coste de 281.850 euros y afectar\u00e1n a la zona entre las calles Pedro I e Iturrama\",\"breadcrumb\":{\"@id\":\"https:\\\/\\\/www.laguiadepamplona.com\\\/actualidad\\\/las-obras-para-transformar-el-tramo-del-camino-de-santiago-a-su-paso-por-la-calle-fuente-del-hierro-comenzaran-en-julio\\\/#breadcrumb\"},\"inLanguage\":\"es\",\"potentialAction\":[{\"@type\":\"ReadAction\",\"target\":[\"https:\\\/\\\/www.laguiadepamplona.com\\\/actualidad\\\/las-obras-para-transformar-el-tramo-del-camino-de-santiago-a-su-paso-por-la-calle-fuente-del-hierro-comenzaran-en-julio\\\/\"]}]},{\"@type\":\"ImageObject\",\"inLanguage\":\"es\",\"@id\":\"https:\\\/\\\/www.laguiadepamplona.com\\\/actualidad\\\/las-obras-para-transformar-el-tramo-del-camino-de-santiago-a-su-paso-por-la-calle-fuente-del-hierro-comenzaran-en-julio\\\/#primaryimage\",\"url\":\"https:\\\/\\\/www.laguiadepamplona.com\\\/actualidad\\\/wp-content\\\/uploads\\\/2023\\\/05\\\/plano-calle-fuente-hierro.webp\",\"contentUrl\":\"https:\\\/\\\/www.laguiadepamplona.com\\\/actualidad\\\/wp-content\\\/uploads\\\/2023\\\/05\\\/plano-calle-fuente-hierro.webp\",\"width\":1451,\"height\":848},{\"@type\":\"BreadcrumbList\",\"@id\":\"https:\\\/\\\/www.laguiadepamplona.com\\\/actualidad\\\/las-obras-para-transformar-el-tramo-del-camino-de-santiago-a-su-paso-por-la-calle-fuente-del-hierro-comenzaran-en-julio\\\/#breadcrumb\",\"itemListElement\":[{\"@type\":\"ListItem\",\"position\":1,\"name\":\"Portada\",\"item\":\"https:\\\/\\\/www.laguiadepamplona.com\\\/actualidad\\\/\"},{\"@type\":\"ListItem\",\"position\":2,\"name\":\"Las obras para transformar el tramo del Camino de Santiago a su paso por la calle Fuente del Hierro comenzar\u00e1n en julio\"}]},{\"@type\":\"WebSite\",\"@id\":\"https:\\\/\\\/www.laguiadepamplona.com\\\/actualidad\\\/#website\",\"url\":\"https:\\\/\\\/www.laguiadepamplona.com\\\/actualidad\\\/\",\"name\":\"La gu\u00eda de Pamplona\",\"description\":\"Noticias de Pamplona\",\"publisher\":{\"@id\":\"https:\\\/\\\/www.laguiadepamplona.com\\\/actualidad\\\/#organization\"},\"potentialAction\":[{\"@type\":\"SearchAction\",\"target\":{\"@type\":\"EntryPoint\",\"urlTemplate\":\"https:\\\/\\\/www.laguiadepamplona.com\\\/actualidad\\\/?s={search_term_string}\"},\"query-input\":{\"@type\":\"PropertyValueSpecification\",\"valueRequired\":true,\"valueName\":\"search_term_string\"}}],\"inLanguage\":\"es\"},{\"@type\":\"Organization\",\"@id\":\"https:\\\/\\\/www.laguiadepamplona.com\\\/actualidad\\\/#organization\",\"name\":\"La Gu\u00eda de Pamplona \\\/ Noticias\",\"url\":\"https:\\\/\\\/www.laguiadepamplona.com\\\/actualidad\\\/\",\"logo\":{\"@type\":\"ImageObject\",\"inLanguage\":\"es\",\"@id\":\"https:\\\/\\\/www.laguiadepamplona.com\\\/actualidad\\\/#\\\/schema\\\/logo\\\/image\\\/\",\"url\":\"https:\\\/\\\/www.laguiadepamplona.com\\\/actualidad\\\/wp-content\\\/uploads\\\/2018\\\/11\\\/logo-laguiadepamplona18-web1.png\",\"contentUrl\":\"https:\\\/\\\/www.laguiadepamplona.com\\\/actualidad\\\/wp-content\\\/uploads\\\/2018\\\/11\\\/logo-laguiadepamplona18-web1.png\",\"width\":600,\"height\":196,\"caption\":\"La Gu\u00eda de Pamplona \\\/ Noticias\"},\"image\":{\"@id\":\"https:\\\/\\\/www.laguiadepamplona.com\\\/actualidad\\\/#\\\/schema\\\/logo\\\/image\\\/\"},\"sameAs\":[\"https:\\\/\\\/www.facebook.com\\\/laguiadepamplonacom-133175176762273\\\/?ref=hl\",\"https:\\\/\\\/x.com\\\/LaGuiadPamplona\",\"https:\\\/\\\/www.instagram.com\\\/la_guia_de_pamplona\\\/\",\"https:\\\/\\\/www.youtube.com\\\/user\\\/laguiadepamplona\"]},{\"@type\":\"Person\",\"@id\":\"https:\\\/\\\/www.laguiadepamplona.com\\\/actualidad\\\/#\\\/schema\\\/person\\\/efe887376f0213d4657c93adc50b1fdb\",\"name\":\"La Gu\u00eda de Pamplona\",\"image\":{\"@type\":\"ImageObject\",\"inLanguage\":\"es\",\"@id\":\"https:\\\/\\\/secure.gravatar.com\\\/avatar\\\/b6992f131dc8d30ab0dff15446e9d346d9dbd95992de0fef795073f5ea83a81c?s=96&d=mm&r=g\",\"url\":\"https:\\\/\\\/secure.gravatar.com\\\/avatar\\\/b6992f131dc8d30ab0dff15446e9d346d9dbd95992de0fef795073f5ea83a81c?s=96&d=mm&r=g\",\"contentUrl\":\"https:\\\/\\\/secure.gravatar.com\\\/avatar\\\/b6992f131dc8d30ab0dff15446e9d346d9dbd95992de0fef795073f5ea83a81c?s=96&d=mm&r=g\",\"caption\":\"La Gu\u00eda de Pamplona\"}}]}<\/script>\n<!-- \/ Yoast SEO plugin. -->","yoast_head_json":{"title":"Las obras para transformar el tramo del Camino de Santiago a su paso por la calle Fuente del Hierro comenzar\u00e1n en julio","description":"Los trabajos, financiados con los fondos Next Generation EU, tendr\u00e1n un coste de 281.850 euros y afectar\u00e1n a la zona entre las calles Pedro I e Iturrama","robots":{"index":"index","follow":"follow","max-snippet":"max-snippet:-1","max-image-preview":"max-image-preview:large","max-video-preview":"max-video-preview:-1"},"canonical":"https:\/\/www.laguiadepamplona.com\/actualidad\/las-obras-para-transformar-el-tramo-del-camino-de-santiago-a-su-paso-por-la-calle-fuente-del-hierro-comenzaran-en-julio\/","og_locale":"es_ES","og_type":"article","og_title":"Las obras para transformar el tramo del Camino de Santiago a su paso por la calle Fuente del Hierro comenzar\u00e1n en julio","og_description":"Los trabajos, financiados con los fondos Next Generation EU, tendr\u00e1n un coste de 281.850 euros y afectar\u00e1n a la zona entre las calles Pedro I e Iturrama","og_url":"https:\/\/www.laguiadepamplona.com\/actualidad\/las-obras-para-transformar-el-tramo-del-camino-de-santiago-a-su-paso-por-la-calle-fuente-del-hierro-comenzaran-en-julio\/","og_site_name":"La Gu\u00eda de Pamplona","article_publisher":"https:\/\/www.facebook.com\/laguiadepamplonacom-133175176762273\/?ref=hl","article_published_time":"2023-05-03T15:25:36+00:00","og_image":[{"width":1451,"height":848,"url":"https:\/\/www.laguiadepamplona.com\/actualidad\/wp-content\/uploads\/2023\/05\/plano-calle-fuente-hierro.webp","type":"image\/webp"}],"author":"La Gu\u00eda de Pamplona","twitter_card":"summary_large_image","twitter_creator":"@LaGuiadPamplona","twitter_site":"@LaGuiadPamplona","twitter_misc":{"Escrito por":"La Gu\u00eda de Pamplona","Tiempo de lectura":"5 minutos"},"schema":{"@context":"https:\/\/schema.org","@graph":[{"@type":"Article","@id":"https:\/\/www.laguiadepamplona.com\/actualidad\/las-obras-para-transformar-el-tramo-del-camino-de-santiago-a-su-paso-por-la-calle-fuente-del-hierro-comenzaran-en-julio\/#article","isPartOf":{"@id":"https:\/\/www.laguiadepamplona.com\/actualidad\/las-obras-para-transformar-el-tramo-del-camino-de-santiago-a-su-paso-por-la-calle-fuente-del-hierro-comenzaran-en-julio\/"},"author":{"name":"La Gu\u00eda de Pamplona","@id":"https:\/\/www.laguiadepamplona.com\/actualidad\/#\/schema\/person\/efe887376f0213d4657c93adc50b1fdb"},"headline":"Las obras para transformar el tramo del Camino de Santiago a su paso por la calle Fuente del Hierro comenzar\u00e1n en julio","datePublished":"2023-05-03T15:25:36+00:00","mainEntityOfPage":{"@id":"https:\/\/www.laguiadepamplona.com\/actualidad\/las-obras-para-transformar-el-tramo-del-camino-de-santiago-a-su-paso-por-la-calle-fuente-del-hierro-comenzaran-en-julio\/"},"wordCount":993,"commentCount":0,"publisher":{"@id":"https:\/\/www.laguiadepamplona.com\/actualidad\/#organization"},"image":{"@id":"https:\/\/www.laguiadepamplona.com\/actualidad\/las-obras-para-transformar-el-tramo-del-camino-de-santiago-a-su-paso-por-la-calle-fuente-del-hierro-comenzaran-en-julio\/#primaryimage"},"thumbnailUrl":"https:\/\/www.laguiadepamplona.com\/actualidad\/wp-content\/uploads\/2023\/05\/plano-calle-fuente-hierro.webp","articleSection":["Ayto Pamplona"],"inLanguage":"es","potentialAction":[{"@type":"CommentAction","name":"Comment","target":["https:\/\/www.laguiadepamplona.com\/actualidad\/las-obras-para-transformar-el-tramo-del-camino-de-santiago-a-su-paso-por-la-calle-fuente-del-hierro-comenzaran-en-julio\/#respond"]}]},{"@type":"WebPage","@id":"https:\/\/www.laguiadepamplona.com\/actualidad\/las-obras-para-transformar-el-tramo-del-camino-de-santiago-a-su-paso-por-la-calle-fuente-del-hierro-comenzaran-en-julio\/","url":"https:\/\/www.laguiadepamplona.com\/actualidad\/las-obras-para-transformar-el-tramo-del-camino-de-santiago-a-su-paso-por-la-calle-fuente-del-hierro-comenzaran-en-julio\/","name":"Las obras para transformar el tramo del Camino de Santiago a su paso por la calle Fuente del Hierro comenzar\u00e1n en julio","isPartOf":{"@id":"https:\/\/www.laguiadepamplona.com\/actualidad\/#website"},"primaryImageOfPage":{"@id":"https:\/\/www.laguiadepamplona.com\/actualidad\/las-obras-para-transformar-el-tramo-del-camino-de-santiago-a-su-paso-por-la-calle-fuente-del-hierro-comenzaran-en-julio\/#primaryimage"},"image":{"@id":"https:\/\/www.laguiadepamplona.com\/actualidad\/las-obras-para-transformar-el-tramo-del-camino-de-santiago-a-su-paso-por-la-calle-fuente-del-hierro-comenzaran-en-julio\/#primaryimage"},"thumbnailUrl":"https:\/\/www.laguiadepamplona.com\/actualidad\/wp-content\/uploads\/2023\/05\/plano-calle-fuente-hierro.webp","datePublished":"2023-05-03T15:25:36+00:00","description":"Los trabajos, financiados con los fondos Next Generation EU, tendr\u00e1n un coste de 281.850 euros y afectar\u00e1n a la zona entre las calles Pedro I e Iturrama","breadcrumb":{"@id":"https:\/\/www.laguiadepamplona.com\/actualidad\/las-obras-para-transformar-el-tramo-del-camino-de-santiago-a-su-paso-por-la-calle-fuente-del-hierro-comenzaran-en-julio\/#breadcrumb"},"inLanguage":"es","potentialAction":[{"@type":"ReadAction","target":["https:\/\/www.laguiadepamplona.com\/actualidad\/las-obras-para-transformar-el-tramo-del-camino-de-santiago-a-su-paso-por-la-calle-fuente-del-hierro-comenzaran-en-julio\/"]}]},{"@type":"ImageObject","inLanguage":"es","@id":"https:\/\/www.laguiadepamplona.com\/actualidad\/las-obras-para-transformar-el-tramo-del-camino-de-santiago-a-su-paso-por-la-calle-fuente-del-hierro-comenzaran-en-julio\/#primaryimage","url":"https:\/\/www.laguiadepamplona.com\/actualidad\/wp-content\/uploads\/2023\/05\/plano-calle-fuente-hierro.webp","contentUrl":"https:\/\/www.laguiadepamplona.com\/actualidad\/wp-content\/uploads\/2023\/05\/plano-calle-fuente-hierro.webp","width":1451,"height":848},{"@type":"BreadcrumbList","@id":"https:\/\/www.laguiadepamplona.com\/actualidad\/las-obras-para-transformar-el-tramo-del-camino-de-santiago-a-su-paso-por-la-calle-fuente-del-hierro-comenzaran-en-julio\/#breadcrumb","itemListElement":[{"@type":"ListItem","position":1,"name":"Portada","item":"https:\/\/www.laguiadepamplona.com\/actualidad\/"},{"@type":"ListItem","position":2,"name":"Las obras para transformar el tramo del Camino de Santiago a su paso por la calle Fuente del Hierro comenzar\u00e1n en julio"}]},{"@type":"WebSite","@id":"https:\/\/www.laguiadepamplona.com\/actualidad\/#website","url":"https:\/\/www.laguiadepamplona.com\/actualidad\/","name":"La gu\u00eda de Pamplona","description":"Noticias de Pamplona","publisher":{"@id":"https:\/\/www.laguiadepamplona.com\/actualidad\/#organization"},"potentialAction":[{"@type":"SearchAction","target":{"@type":"EntryPoint","urlTemplate":"https:\/\/www.laguiadepamplona.com\/actualidad\/?s={search_term_string}"},"query-input":{"@type":"PropertyValueSpecification","valueRequired":true,"valueName":"search_term_string"}}],"inLanguage":"es"},{"@type":"Organization","@id":"https:\/\/www.laguiadepamplona.com\/actualidad\/#organization","name":"La Gu\u00eda de Pamplona \/ Noticias","url":"https:\/\/www.laguiadepamplona.com\/actualidad\/","logo":{"@type":"ImageObject","inLanguage":"es","@id":"https:\/\/www.laguiadepamplona.com\/actualidad\/#\/schema\/logo\/image\/","url":"https:\/\/www.laguiadepamplona.com\/actualidad\/wp-content\/uploads\/2018\/11\/logo-laguiadepamplona18-web1.png","contentUrl":"https:\/\/www.laguiadepamplona.com\/actualidad\/wp-content\/uploads\/2018\/11\/logo-laguiadepamplona18-web1.png","width":600,"height":196,"caption":"La Gu\u00eda de Pamplona \/ Noticias"},"image":{"@id":"https:\/\/www.laguiadepamplona.com\/actualidad\/#\/schema\/logo\/image\/"},"sameAs":["https:\/\/www.facebook.com\/laguiadepamplonacom-133175176762273\/?ref=hl","https:\/\/x.com\/LaGuiadPamplona","https:\/\/www.instagram.com\/la_guia_de_pamplona\/","https:\/\/www.youtube.com\/user\/laguiadepamplona"]},{"@type":"Person","@id":"https:\/\/www.laguiadepamplona.com\/actualidad\/#\/schema\/person\/efe887376f0213d4657c93adc50b1fdb","name":"La Gu\u00eda de Pamplona","image":{"@type":"ImageObject","inLanguage":"es","@id":"https:\/\/secure.gravatar.com\/avatar\/b6992f131dc8d30ab0dff15446e9d346d9dbd95992de0fef795073f5ea83a81c?s=96&d=mm&r=g","url":"https:\/\/secure.gravatar.com\/avatar\/b6992f131dc8d30ab0dff15446e9d346d9dbd95992de0fef795073f5ea83a81c?s=96&d=mm&r=g","contentUrl":"https:\/\/secure.gravatar.com\/avatar\/b6992f131dc8d30ab0dff15446e9d346d9dbd95992de0fef795073f5ea83a81c?s=96&d=mm&r=g","caption":"La Gu\u00eda de Pamplona"}}]}},"post_mailing_queue_ids":[],"_links":{"self":[{"href":"https:\/\/www.laguiadepamplona.com\/actualidad\/wp-json\/wp\/v2\/posts\/46572","targetHints":{"allow":["GET"]}}],"collection":[{"href":"https:\/\/www.laguiadepamplona.com\/actualidad\/wp-json\/wp\/v2\/posts"}],"about":[{"href":"https:\/\/www.laguiadepamplona.com\/actualidad\/wp-json\/wp\/v2\/types\/post"}],"author":[{"embeddable":true,"href":"https:\/\/www.laguiadepamplona.com\/actualidad\/wp-json\/wp\/v2\/users\/1"}],"replies":[{"embeddable":true,"href":"https:\/\/www.laguiadepamplona.com\/actualidad\/wp-json\/wp\/v2\/comments?post=46572"}],"version-history":[{"count":1,"href":"https:\/\/www.laguiadepamplona.com\/actualidad\/wp-json\/wp\/v2\/posts\/46572\/revisions"}],"predecessor-version":[{"id":46574,"href":"https:\/\/www.laguiadepamplona.com\/actualidad\/wp-json\/wp\/v2\/posts\/46572\/revisions\/46574"}],"wp:featuredmedia":[{"embeddable":true,"href":"https:\/\/www.laguiadepamplona.com\/actualidad\/wp-json\/wp\/v2\/media\/46573"}],"wp:attachment":[{"href":"https:\/\/www.laguiadepamplona.com\/actualidad\/wp-json\/wp\/v2\/media?parent=46572"}],"wp:term":[{"taxonomy":"category","embeddable":true,"href":"https:\/\/www.laguiadepamplona.com\/actualidad\/wp-json\/wp\/v2\/categories?post=46572"},{"taxonomy":"post_tag","embeddable":true,"href":"https:\/\/www.laguiadepamplona.com\/actualidad\/wp-json\/wp\/v2\/tags?post=46572"}],"curies":[{"name":"wp","href":"https:\/\/api.w.org\/{rel}","templated":true}]}}