{"id":46566,"date":"2023-05-03T13:05:19","date_gmt":"2023-05-03T11:05:19","guid":{"rendered":"https:\/\/www.laguiadepamplona.com\/actualidad\/?p=46566"},"modified":"2023-05-03T13:05:19","modified_gmt":"2023-05-03T11:05:19","slug":"la-musica-urbana-protagoniza-el-quinto-peldano-de-la-escalerica-sanferminera-con-un-concierto-de-natalia-lacunza-este-viernes-en-el-entorno-de-la-plaza-de-toros","status":"publish","type":"post","link":"https:\/\/www.laguiadepamplona.com\/actualidad\/la-musica-urbana-protagoniza-el-quinto-peldano-de-la-escalerica-sanferminera-con-un-concierto-de-natalia-lacunza-este-viernes-en-el-entorno-de-la-plaza-de-toros\/","title":{"rendered":"La m\u00fasica urbana protagoniza el quinto pelda\u00f1o de la \u2018Escalerica\u2019 sanferminera con un concierto de Natalia Lacunza este viernes en el entorno de la Plaza de Toros"},"content":{"rendered":"<h3>El concierto comenzar\u00e1 a las 20.30 horas, pero desde las 19.30 horas habr\u00e1 actividades con la compa\u00f1\u00eda de Dhelia Aranaz y ambientaci\u00f3n musical<\/h3>\n<p><!--more--><\/p>\n<p>Viernes 5 de mayo, quinto pelda\u00f1o de la \u2018Escalerica\u2019 sanferminera, que el Ayuntamiento de Pamplona dedicar\u00e1 a la m\u00fasica urbana y el indie-pop con el concierto de Natalia Lacunza y actividades diversas en el entorno de la Plaza de Toros. Los actos del #YaFaltaMenos tendr\u00e1n lugar a partir de las 19.30 horas, frente a la puerta E, en la explanada peatonal m\u00e1s cercana a la confluencia de las calles Arrieta y Olite.<\/p>\n<p>El concierto de Natalia Lacunza comenzar\u00e1 a las 20.30 horas. La cantante y compositora pamplonesa se hizo conocida a ra\u00edz de participar en la d\u00e9cima edici\u00f3n de Operaci\u00f3n Triunfo en 2018, donde obtuvo el tercer puesto. Desde ese momento hasta ahora, se ha ido labrando una carrera musical en la que se deja empapar por influencias de todo tipo, con mayor \u00e9xito en un estilo de pop alternativo como con los temas \u2018Nana triste\u2019 o \u2018Cuesti\u00f3n de suerte\u2019. En esos primeros a\u00f1os lanz\u00f3 dos EP, \u2018Otras alas\u2019 (2019) y \u2018EP2\u2019 (2020).<br \/>\n<script async src=\"\/\/pagead2.googlesyndication.com\/pagead\/js\/adsbygoogle.js\"><\/script><br \/>\n<!-- Noticias La Guia de Pamplona --><br \/>\n<ins class=\"adsbygoogle\"\nstyle=\"display:block\"\ndata-ad-client=\"ca-pub-6943679897239327\"\ndata-ad-slot=\"7048180777\"\ndata-ad-format=\"auto\"><\/ins><br \/>\n<script>\n(adsbygoogle = window.adsbygoogle || []).push({});\n<\/script><\/p>\n<p>Hace menos de un a\u00f1o, en junio de 2022, Natalia presentaba su primer \u00e1lbum, \u2018Tiene que ser para m\u00ed\u2019, un trabajo que encierra lo ma\u0301s \u00edntimo de su proceso creativo y vital, en el que habla de despecho, de escucharse a s\u00ed misma, de hacer las cosas mal, de derrotas y esperanzas, de victorias y cicatrices\u2026 Recientemente, ha estrenado su colaboraci\u00f3n con Ana Mena en el tema \u2018Me he pillao x ti\u2019.<\/p>\n<p>Desde las 19.30 horas, y para calentar motores de cara al concierto de Natalia Lacunza, se realizar\u00e1n exhibiciones de danza urbana a cargo de la compa\u00f1\u00eda de Dhelia Aranaz. Creada en 2020, cuenta con una megacrew de unas veinte bailarinas. La tarde tambi\u00e9n contar\u00e1 con la ambientaci\u00f3n musical para amenizar las actividades previstas. Como es habitual cada pelda\u00f1o, el Ayuntamiento de Pamplona iluminar\u00e1 de color rojo la fachada de la Casa Consistorial para recordar que #YaFaltaMenos para los Sanfermines 2023.<br \/>\n<script async src=\"\/\/pagead2.googlesyndication.com\/pagead\/js\/adsbygoogle.js\"><\/script><br \/>\n<!-- Noticias La Guia de Pamplona --><br \/>\n<ins class=\"adsbygoogle\"\nstyle=\"display:block\"\ndata-ad-client=\"ca-pub-6943679897239327\"\ndata-ad-slot=\"7048180777\"\ndata-ad-format=\"auto\"><\/ins><br \/>\n<script>\n(adsbygoogle = window.adsbygoogle || []).push({});\n<\/script><\/p>\n<p>Al igual que en pelda\u00f1os anteriores, las actividades programadas cuentan con financiaci\u00f3n europea de los fondos Next Generation EU, a trav\u00e9s del Plan de Recuperaci\u00f3n, Transformaci\u00f3n y Resiliencia (PRTR) del Gobierno de Espa\u00f1a. La asociaci\u00f3n Va de Kultura Elkartea es la que se encarga de gestionar y contratar las actividades que se programan en este segundo trimestre. El Ayuntamiento de Pamplona invita a la ciudadan\u00eda a compartir las actuaciones con los hashtags #YaFaltaMenos, #Escalerica, #Sanfermines2023 y #5DeMayo.<\/p>\n","protected":false},"excerpt":{"rendered":"<p>El concierto comenzar\u00e1 a las 20.30 horas, pero desde las 19.30 horas habr\u00e1 actividades con la compa\u00f1\u00eda de Dhelia Aranaz y ambientaci\u00f3n musical<\/p>\n","protected":false},"author":1,"featured_media":46567,"comment_status":"open","ping_status":"closed","sticky":false,"template":"","format":"standard","meta":{"footnotes":""},"categories":[2],"tags":[],"class_list":["post-46566","post","type-post","status-publish","format-standard","has-post-thumbnail","hentry","category-ayuntamiento-pamplona"],"yoast_head":"<!-- This site is optimized with the Yoast SEO plugin v27.3 - https:\/\/yoast.com\/product\/yoast-seo-wordpress\/ -->\n<title>La m\u00fasica urbana protagoniza el quinto pelda\u00f1o de la \u2018Escalerica\u2019 sanferminera con un concierto de Natalia Lacunza este viernes en el entorno de la Plaza de Toros<\/title>\n<meta name=\"description\" content=\"El concierto comenzar\u00e1 a las 20.30 horas, pero desde las 19.30 horas habr\u00e1 actividades con la compa\u00f1\u00eda de Dhelia Aranaz y ambientaci\u00f3n musical\" \/>\n<meta name=\"robots\" content=\"index, follow, max-snippet:-1, max-image-preview:large, max-video-preview:-1\" \/>\n<link rel=\"canonical\" href=\"https:\/\/www.laguiadepamplona.com\/actualidad\/la-musica-urbana-protagoniza-el-quinto-peldano-de-la-escalerica-sanferminera-con-un-concierto-de-natalia-lacunza-este-viernes-en-el-entorno-de-la-plaza-de-toros\/\" \/>\n<meta property=\"og:locale\" content=\"es_ES\" \/>\n<meta property=\"og:type\" content=\"article\" \/>\n<meta property=\"og:title\" content=\"La m\u00fasica urbana protagoniza el quinto pelda\u00f1o de la \u2018Escalerica\u2019 sanferminera con un concierto de Natalia Lacunza este viernes en el entorno de la Plaza de Toros\" \/>\n<meta property=\"og:description\" content=\"El concierto comenzar\u00e1 a las 20.30 horas, pero desde las 19.30 horas habr\u00e1 actividades con la compa\u00f1\u00eda de Dhelia Aranaz y ambientaci\u00f3n musical\" \/>\n<meta property=\"og:url\" content=\"https:\/\/www.laguiadepamplona.com\/actualidad\/la-musica-urbana-protagoniza-el-quinto-peldano-de-la-escalerica-sanferminera-con-un-concierto-de-natalia-lacunza-este-viernes-en-el-entorno-de-la-plaza-de-toros\/\" \/>\n<meta property=\"og:site_name\" content=\"La Gu\u00eda de Pamplona\" \/>\n<meta property=\"article:publisher\" content=\"https:\/\/www.facebook.com\/laguiadepamplonacom-133175176762273\/?ref=hl\" \/>\n<meta property=\"article:published_time\" content=\"2023-05-03T11:05:19+00:00\" \/>\n<meta property=\"og:image\" content=\"https:\/\/www.laguiadepamplona.com\/actualidad\/wp-content\/uploads\/2023\/05\/natalia-lacunza.webp\" \/>\n\t<meta property=\"og:image:width\" content=\"1899\" \/>\n\t<meta property=\"og:image:height\" content=\"976\" \/>\n\t<meta property=\"og:image:type\" content=\"image\/webp\" \/>\n<meta name=\"author\" content=\"La Gu\u00eda de Pamplona\" \/>\n<meta name=\"twitter:card\" content=\"summary_large_image\" \/>\n<meta name=\"twitter:creator\" content=\"@LaGuiadPamplona\" \/>\n<meta name=\"twitter:site\" content=\"@LaGuiadPamplona\" \/>\n<meta name=\"twitter:label1\" content=\"Escrito por\" \/>\n\t<meta name=\"twitter:data1\" content=\"La Gu\u00eda de Pamplona\" \/>\n\t<meta name=\"twitter:label2\" content=\"Tiempo de lectura\" \/>\n\t<meta name=\"twitter:data2\" content=\"2 minutos\" \/>\n<script type=\"application\/ld+json\" class=\"yoast-schema-graph\">{\"@context\":\"https:\\\/\\\/schema.org\",\"@graph\":[{\"@type\":\"Article\",\"@id\":\"https:\\\/\\\/www.laguiadepamplona.com\\\/actualidad\\\/la-musica-urbana-protagoniza-el-quinto-peldano-de-la-escalerica-sanferminera-con-un-concierto-de-natalia-lacunza-este-viernes-en-el-entorno-de-la-plaza-de-toros\\\/#article\",\"isPartOf\":{\"@id\":\"https:\\\/\\\/www.laguiadepamplona.com\\\/actualidad\\\/la-musica-urbana-protagoniza-el-quinto-peldano-de-la-escalerica-sanferminera-con-un-concierto-de-natalia-lacunza-este-viernes-en-el-entorno-de-la-plaza-de-toros\\\/\"},\"author\":{\"name\":\"La Gu\u00eda de Pamplona\",\"@id\":\"https:\\\/\\\/www.laguiadepamplona.com\\\/actualidad\\\/#\\\/schema\\\/person\\\/efe887376f0213d4657c93adc50b1fdb\"},\"headline\":\"La m\u00fasica urbana protagoniza el quinto pelda\u00f1o de la \u2018Escalerica\u2019 sanferminera con un concierto de Natalia Lacunza este viernes en el entorno de la Plaza de Toros\",\"datePublished\":\"2023-05-03T11:05:19+00:00\",\"mainEntityOfPage\":{\"@id\":\"https:\\\/\\\/www.laguiadepamplona.com\\\/actualidad\\\/la-musica-urbana-protagoniza-el-quinto-peldano-de-la-escalerica-sanferminera-con-un-concierto-de-natalia-lacunza-este-viernes-en-el-entorno-de-la-plaza-de-toros\\\/\"},\"wordCount\":460,\"commentCount\":0,\"publisher\":{\"@id\":\"https:\\\/\\\/www.laguiadepamplona.com\\\/actualidad\\\/#organization\"},\"image\":{\"@id\":\"https:\\\/\\\/www.laguiadepamplona.com\\\/actualidad\\\/la-musica-urbana-protagoniza-el-quinto-peldano-de-la-escalerica-sanferminera-con-un-concierto-de-natalia-lacunza-este-viernes-en-el-entorno-de-la-plaza-de-toros\\\/#primaryimage\"},\"thumbnailUrl\":\"https:\\\/\\\/www.laguiadepamplona.com\\\/actualidad\\\/wp-content\\\/uploads\\\/2023\\\/05\\\/natalia-lacunza.webp\",\"articleSection\":[\"Ayto Pamplona\"],\"inLanguage\":\"es\",\"potentialAction\":[{\"@type\":\"CommentAction\",\"name\":\"Comment\",\"target\":[\"https:\\\/\\\/www.laguiadepamplona.com\\\/actualidad\\\/la-musica-urbana-protagoniza-el-quinto-peldano-de-la-escalerica-sanferminera-con-un-concierto-de-natalia-lacunza-este-viernes-en-el-entorno-de-la-plaza-de-toros\\\/#respond\"]}]},{\"@type\":\"WebPage\",\"@id\":\"https:\\\/\\\/www.laguiadepamplona.com\\\/actualidad\\\/la-musica-urbana-protagoniza-el-quinto-peldano-de-la-escalerica-sanferminera-con-un-concierto-de-natalia-lacunza-este-viernes-en-el-entorno-de-la-plaza-de-toros\\\/\",\"url\":\"https:\\\/\\\/www.laguiadepamplona.com\\\/actualidad\\\/la-musica-urbana-protagoniza-el-quinto-peldano-de-la-escalerica-sanferminera-con-un-concierto-de-natalia-lacunza-este-viernes-en-el-entorno-de-la-plaza-de-toros\\\/\",\"name\":\"La m\u00fasica urbana protagoniza el quinto pelda\u00f1o de la \u2018Escalerica\u2019 sanferminera con un concierto de Natalia Lacunza este viernes en el entorno de la Plaza de Toros\",\"isPartOf\":{\"@id\":\"https:\\\/\\\/www.laguiadepamplona.com\\\/actualidad\\\/#website\"},\"primaryImageOfPage\":{\"@id\":\"https:\\\/\\\/www.laguiadepamplona.com\\\/actualidad\\\/la-musica-urbana-protagoniza-el-quinto-peldano-de-la-escalerica-sanferminera-con-un-concierto-de-natalia-lacunza-este-viernes-en-el-entorno-de-la-plaza-de-toros\\\/#primaryimage\"},\"image\":{\"@id\":\"https:\\\/\\\/www.laguiadepamplona.com\\\/actualidad\\\/la-musica-urbana-protagoniza-el-quinto-peldano-de-la-escalerica-sanferminera-con-un-concierto-de-natalia-lacunza-este-viernes-en-el-entorno-de-la-plaza-de-toros\\\/#primaryimage\"},\"thumbnailUrl\":\"https:\\\/\\\/www.laguiadepamplona.com\\\/actualidad\\\/wp-content\\\/uploads\\\/2023\\\/05\\\/natalia-lacunza.webp\",\"datePublished\":\"2023-05-03T11:05:19+00:00\",\"description\":\"El concierto comenzar\u00e1 a las 20.30 horas, pero desde las 19.30 horas habr\u00e1 actividades con la compa\u00f1\u00eda de Dhelia Aranaz y ambientaci\u00f3n musical\",\"breadcrumb\":{\"@id\":\"https:\\\/\\\/www.laguiadepamplona.com\\\/actualidad\\\/la-musica-urbana-protagoniza-el-quinto-peldano-de-la-escalerica-sanferminera-con-un-concierto-de-natalia-lacunza-este-viernes-en-el-entorno-de-la-plaza-de-toros\\\/#breadcrumb\"},\"inLanguage\":\"es\",\"potentialAction\":[{\"@type\":\"ReadAction\",\"target\":[\"https:\\\/\\\/www.laguiadepamplona.com\\\/actualidad\\\/la-musica-urbana-protagoniza-el-quinto-peldano-de-la-escalerica-sanferminera-con-un-concierto-de-natalia-lacunza-este-viernes-en-el-entorno-de-la-plaza-de-toros\\\/\"]}]},{\"@type\":\"ImageObject\",\"inLanguage\":\"es\",\"@id\":\"https:\\\/\\\/www.laguiadepamplona.com\\\/actualidad\\\/la-musica-urbana-protagoniza-el-quinto-peldano-de-la-escalerica-sanferminera-con-un-concierto-de-natalia-lacunza-este-viernes-en-el-entorno-de-la-plaza-de-toros\\\/#primaryimage\",\"url\":\"https:\\\/\\\/www.laguiadepamplona.com\\\/actualidad\\\/wp-content\\\/uploads\\\/2023\\\/05\\\/natalia-lacunza.webp\",\"contentUrl\":\"https:\\\/\\\/www.laguiadepamplona.com\\\/actualidad\\\/wp-content\\\/uploads\\\/2023\\\/05\\\/natalia-lacunza.webp\",\"width\":1899,\"height\":976},{\"@type\":\"BreadcrumbList\",\"@id\":\"https:\\\/\\\/www.laguiadepamplona.com\\\/actualidad\\\/la-musica-urbana-protagoniza-el-quinto-peldano-de-la-escalerica-sanferminera-con-un-concierto-de-natalia-lacunza-este-viernes-en-el-entorno-de-la-plaza-de-toros\\\/#breadcrumb\",\"itemListElement\":[{\"@type\":\"ListItem\",\"position\":1,\"name\":\"Portada\",\"item\":\"https:\\\/\\\/www.laguiadepamplona.com\\\/actualidad\\\/\"},{\"@type\":\"ListItem\",\"position\":2,\"name\":\"La m\u00fasica urbana protagoniza el quinto pelda\u00f1o de la \u2018Escalerica\u2019 sanferminera con un concierto de Natalia Lacunza este viernes en el entorno de la Plaza de Toros\"}]},{\"@type\":\"WebSite\",\"@id\":\"https:\\\/\\\/www.laguiadepamplona.com\\\/actualidad\\\/#website\",\"url\":\"https:\\\/\\\/www.laguiadepamplona.com\\\/actualidad\\\/\",\"name\":\"La gu\u00eda de Pamplona\",\"description\":\"Noticias de Pamplona\",\"publisher\":{\"@id\":\"https:\\\/\\\/www.laguiadepamplona.com\\\/actualidad\\\/#organization\"},\"potentialAction\":[{\"@type\":\"SearchAction\",\"target\":{\"@type\":\"EntryPoint\",\"urlTemplate\":\"https:\\\/\\\/www.laguiadepamplona.com\\\/actualidad\\\/?s={search_term_string}\"},\"query-input\":{\"@type\":\"PropertyValueSpecification\",\"valueRequired\":true,\"valueName\":\"search_term_string\"}}],\"inLanguage\":\"es\"},{\"@type\":\"Organization\",\"@id\":\"https:\\\/\\\/www.laguiadepamplona.com\\\/actualidad\\\/#organization\",\"name\":\"La Gu\u00eda de Pamplona \\\/ Noticias\",\"url\":\"https:\\\/\\\/www.laguiadepamplona.com\\\/actualidad\\\/\",\"logo\":{\"@type\":\"ImageObject\",\"inLanguage\":\"es\",\"@id\":\"https:\\\/\\\/www.laguiadepamplona.com\\\/actualidad\\\/#\\\/schema\\\/logo\\\/image\\\/\",\"url\":\"https:\\\/\\\/www.laguiadepamplona.com\\\/actualidad\\\/wp-content\\\/uploads\\\/2018\\\/11\\\/logo-laguiadepamplona18-web1.png\",\"contentUrl\":\"https:\\\/\\\/www.laguiadepamplona.com\\\/actualidad\\\/wp-content\\\/uploads\\\/2018\\\/11\\\/logo-laguiadepamplona18-web1.png\",\"width\":600,\"height\":196,\"caption\":\"La Gu\u00eda de Pamplona \\\/ Noticias\"},\"image\":{\"@id\":\"https:\\\/\\\/www.laguiadepamplona.com\\\/actualidad\\\/#\\\/schema\\\/logo\\\/image\\\/\"},\"sameAs\":[\"https:\\\/\\\/www.facebook.com\\\/laguiadepamplonacom-133175176762273\\\/?ref=hl\",\"https:\\\/\\\/x.com\\\/LaGuiadPamplona\",\"https:\\\/\\\/www.instagram.com\\\/la_guia_de_pamplona\\\/\",\"https:\\\/\\\/www.youtube.com\\\/user\\\/laguiadepamplona\"]},{\"@type\":\"Person\",\"@id\":\"https:\\\/\\\/www.laguiadepamplona.com\\\/actualidad\\\/#\\\/schema\\\/person\\\/efe887376f0213d4657c93adc50b1fdb\",\"name\":\"La Gu\u00eda de Pamplona\",\"image\":{\"@type\":\"ImageObject\",\"inLanguage\":\"es\",\"@id\":\"https:\\\/\\\/secure.gravatar.com\\\/avatar\\\/b6992f131dc8d30ab0dff15446e9d346d9dbd95992de0fef795073f5ea83a81c?s=96&d=mm&r=g\",\"url\":\"https:\\\/\\\/secure.gravatar.com\\\/avatar\\\/b6992f131dc8d30ab0dff15446e9d346d9dbd95992de0fef795073f5ea83a81c?s=96&d=mm&r=g\",\"contentUrl\":\"https:\\\/\\\/secure.gravatar.com\\\/avatar\\\/b6992f131dc8d30ab0dff15446e9d346d9dbd95992de0fef795073f5ea83a81c?s=96&d=mm&r=g\",\"caption\":\"La Gu\u00eda de Pamplona\"}}]}<\/script>\n<!-- \/ Yoast SEO plugin. -->","yoast_head_json":{"title":"La m\u00fasica urbana protagoniza el quinto pelda\u00f1o de la \u2018Escalerica\u2019 sanferminera con un concierto de Natalia Lacunza este viernes en el entorno de la Plaza de Toros","description":"El concierto comenzar\u00e1 a las 20.30 horas, pero desde las 19.30 horas habr\u00e1 actividades con la compa\u00f1\u00eda de Dhelia Aranaz y ambientaci\u00f3n musical","robots":{"index":"index","follow":"follow","max-snippet":"max-snippet:-1","max-image-preview":"max-image-preview:large","max-video-preview":"max-video-preview:-1"},"canonical":"https:\/\/www.laguiadepamplona.com\/actualidad\/la-musica-urbana-protagoniza-el-quinto-peldano-de-la-escalerica-sanferminera-con-un-concierto-de-natalia-lacunza-este-viernes-en-el-entorno-de-la-plaza-de-toros\/","og_locale":"es_ES","og_type":"article","og_title":"La m\u00fasica urbana protagoniza el quinto pelda\u00f1o de la \u2018Escalerica\u2019 sanferminera con un concierto de Natalia Lacunza este viernes en el entorno de la Plaza de Toros","og_description":"El concierto comenzar\u00e1 a las 20.30 horas, pero desde las 19.30 horas habr\u00e1 actividades con la compa\u00f1\u00eda de Dhelia Aranaz y ambientaci\u00f3n musical","og_url":"https:\/\/www.laguiadepamplona.com\/actualidad\/la-musica-urbana-protagoniza-el-quinto-peldano-de-la-escalerica-sanferminera-con-un-concierto-de-natalia-lacunza-este-viernes-en-el-entorno-de-la-plaza-de-toros\/","og_site_name":"La Gu\u00eda de Pamplona","article_publisher":"https:\/\/www.facebook.com\/laguiadepamplonacom-133175176762273\/?ref=hl","article_published_time":"2023-05-03T11:05:19+00:00","og_image":[{"width":1899,"height":976,"url":"https:\/\/www.laguiadepamplona.com\/actualidad\/wp-content\/uploads\/2023\/05\/natalia-lacunza.webp","type":"image\/webp"}],"author":"La Gu\u00eda de Pamplona","twitter_card":"summary_large_image","twitter_creator":"@LaGuiadPamplona","twitter_site":"@LaGuiadPamplona","twitter_misc":{"Escrito por":"La Gu\u00eda de Pamplona","Tiempo de lectura":"2 minutos"},"schema":{"@context":"https:\/\/schema.org","@graph":[{"@type":"Article","@id":"https:\/\/www.laguiadepamplona.com\/actualidad\/la-musica-urbana-protagoniza-el-quinto-peldano-de-la-escalerica-sanferminera-con-un-concierto-de-natalia-lacunza-este-viernes-en-el-entorno-de-la-plaza-de-toros\/#article","isPartOf":{"@id":"https:\/\/www.laguiadepamplona.com\/actualidad\/la-musica-urbana-protagoniza-el-quinto-peldano-de-la-escalerica-sanferminera-con-un-concierto-de-natalia-lacunza-este-viernes-en-el-entorno-de-la-plaza-de-toros\/"},"author":{"name":"La Gu\u00eda de Pamplona","@id":"https:\/\/www.laguiadepamplona.com\/actualidad\/#\/schema\/person\/efe887376f0213d4657c93adc50b1fdb"},"headline":"La m\u00fasica urbana protagoniza el quinto pelda\u00f1o de la \u2018Escalerica\u2019 sanferminera con un concierto de Natalia Lacunza este viernes en el entorno de la Plaza de Toros","datePublished":"2023-05-03T11:05:19+00:00","mainEntityOfPage":{"@id":"https:\/\/www.laguiadepamplona.com\/actualidad\/la-musica-urbana-protagoniza-el-quinto-peldano-de-la-escalerica-sanferminera-con-un-concierto-de-natalia-lacunza-este-viernes-en-el-entorno-de-la-plaza-de-toros\/"},"wordCount":460,"commentCount":0,"publisher":{"@id":"https:\/\/www.laguiadepamplona.com\/actualidad\/#organization"},"image":{"@id":"https:\/\/www.laguiadepamplona.com\/actualidad\/la-musica-urbana-protagoniza-el-quinto-peldano-de-la-escalerica-sanferminera-con-un-concierto-de-natalia-lacunza-este-viernes-en-el-entorno-de-la-plaza-de-toros\/#primaryimage"},"thumbnailUrl":"https:\/\/www.laguiadepamplona.com\/actualidad\/wp-content\/uploads\/2023\/05\/natalia-lacunza.webp","articleSection":["Ayto Pamplona"],"inLanguage":"es","potentialAction":[{"@type":"CommentAction","name":"Comment","target":["https:\/\/www.laguiadepamplona.com\/actualidad\/la-musica-urbana-protagoniza-el-quinto-peldano-de-la-escalerica-sanferminera-con-un-concierto-de-natalia-lacunza-este-viernes-en-el-entorno-de-la-plaza-de-toros\/#respond"]}]},{"@type":"WebPage","@id":"https:\/\/www.laguiadepamplona.com\/actualidad\/la-musica-urbana-protagoniza-el-quinto-peldano-de-la-escalerica-sanferminera-con-un-concierto-de-natalia-lacunza-este-viernes-en-el-entorno-de-la-plaza-de-toros\/","url":"https:\/\/www.laguiadepamplona.com\/actualidad\/la-musica-urbana-protagoniza-el-quinto-peldano-de-la-escalerica-sanferminera-con-un-concierto-de-natalia-lacunza-este-viernes-en-el-entorno-de-la-plaza-de-toros\/","name":"La m\u00fasica urbana protagoniza el quinto pelda\u00f1o de la \u2018Escalerica\u2019 sanferminera con un concierto de Natalia Lacunza este viernes en el entorno de la Plaza de Toros","isPartOf":{"@id":"https:\/\/www.laguiadepamplona.com\/actualidad\/#website"},"primaryImageOfPage":{"@id":"https:\/\/www.laguiadepamplona.com\/actualidad\/la-musica-urbana-protagoniza-el-quinto-peldano-de-la-escalerica-sanferminera-con-un-concierto-de-natalia-lacunza-este-viernes-en-el-entorno-de-la-plaza-de-toros\/#primaryimage"},"image":{"@id":"https:\/\/www.laguiadepamplona.com\/actualidad\/la-musica-urbana-protagoniza-el-quinto-peldano-de-la-escalerica-sanferminera-con-un-concierto-de-natalia-lacunza-este-viernes-en-el-entorno-de-la-plaza-de-toros\/#primaryimage"},"thumbnailUrl":"https:\/\/www.laguiadepamplona.com\/actualidad\/wp-content\/uploads\/2023\/05\/natalia-lacunza.webp","datePublished":"2023-05-03T11:05:19+00:00","description":"El concierto comenzar\u00e1 a las 20.30 horas, pero desde las 19.30 horas habr\u00e1 actividades con la compa\u00f1\u00eda de Dhelia Aranaz y ambientaci\u00f3n musical","breadcrumb":{"@id":"https:\/\/www.laguiadepamplona.com\/actualidad\/la-musica-urbana-protagoniza-el-quinto-peldano-de-la-escalerica-sanferminera-con-un-concierto-de-natalia-lacunza-este-viernes-en-el-entorno-de-la-plaza-de-toros\/#breadcrumb"},"inLanguage":"es","potentialAction":[{"@type":"ReadAction","target":["https:\/\/www.laguiadepamplona.com\/actualidad\/la-musica-urbana-protagoniza-el-quinto-peldano-de-la-escalerica-sanferminera-con-un-concierto-de-natalia-lacunza-este-viernes-en-el-entorno-de-la-plaza-de-toros\/"]}]},{"@type":"ImageObject","inLanguage":"es","@id":"https:\/\/www.laguiadepamplona.com\/actualidad\/la-musica-urbana-protagoniza-el-quinto-peldano-de-la-escalerica-sanferminera-con-un-concierto-de-natalia-lacunza-este-viernes-en-el-entorno-de-la-plaza-de-toros\/#primaryimage","url":"https:\/\/www.laguiadepamplona.com\/actualidad\/wp-content\/uploads\/2023\/05\/natalia-lacunza.webp","contentUrl":"https:\/\/www.laguiadepamplona.com\/actualidad\/wp-content\/uploads\/2023\/05\/natalia-lacunza.webp","width":1899,"height":976},{"@type":"BreadcrumbList","@id":"https:\/\/www.laguiadepamplona.com\/actualidad\/la-musica-urbana-protagoniza-el-quinto-peldano-de-la-escalerica-sanferminera-con-un-concierto-de-natalia-lacunza-este-viernes-en-el-entorno-de-la-plaza-de-toros\/#breadcrumb","itemListElement":[{"@type":"ListItem","position":1,"name":"Portada","item":"https:\/\/www.laguiadepamplona.com\/actualidad\/"},{"@type":"ListItem","position":2,"name":"La m\u00fasica urbana protagoniza el quinto pelda\u00f1o de la \u2018Escalerica\u2019 sanferminera con un concierto de Natalia Lacunza este viernes en el entorno de la Plaza de Toros"}]},{"@type":"WebSite","@id":"https:\/\/www.laguiadepamplona.com\/actualidad\/#website","url":"https:\/\/www.laguiadepamplona.com\/actualidad\/","name":"La gu\u00eda de Pamplona","description":"Noticias de Pamplona","publisher":{"@id":"https:\/\/www.laguiadepamplona.com\/actualidad\/#organization"},"potentialAction":[{"@type":"SearchAction","target":{"@type":"EntryPoint","urlTemplate":"https:\/\/www.laguiadepamplona.com\/actualidad\/?s={search_term_string}"},"query-input":{"@type":"PropertyValueSpecification","valueRequired":true,"valueName":"search_term_string"}}],"inLanguage":"es"},{"@type":"Organization","@id":"https:\/\/www.laguiadepamplona.com\/actualidad\/#organization","name":"La Gu\u00eda de Pamplona \/ Noticias","url":"https:\/\/www.laguiadepamplona.com\/actualidad\/","logo":{"@type":"ImageObject","inLanguage":"es","@id":"https:\/\/www.laguiadepamplona.com\/actualidad\/#\/schema\/logo\/image\/","url":"https:\/\/www.laguiadepamplona.com\/actualidad\/wp-content\/uploads\/2018\/11\/logo-laguiadepamplona18-web1.png","contentUrl":"https:\/\/www.laguiadepamplona.com\/actualidad\/wp-content\/uploads\/2018\/11\/logo-laguiadepamplona18-web1.png","width":600,"height":196,"caption":"La Gu\u00eda de Pamplona \/ Noticias"},"image":{"@id":"https:\/\/www.laguiadepamplona.com\/actualidad\/#\/schema\/logo\/image\/"},"sameAs":["https:\/\/www.facebook.com\/laguiadepamplonacom-133175176762273\/?ref=hl","https:\/\/x.com\/LaGuiadPamplona","https:\/\/www.instagram.com\/la_guia_de_pamplona\/","https:\/\/www.youtube.com\/user\/laguiadepamplona"]},{"@type":"Person","@id":"https:\/\/www.laguiadepamplona.com\/actualidad\/#\/schema\/person\/efe887376f0213d4657c93adc50b1fdb","name":"La Gu\u00eda de Pamplona","image":{"@type":"ImageObject","inLanguage":"es","@id":"https:\/\/secure.gravatar.com\/avatar\/b6992f131dc8d30ab0dff15446e9d346d9dbd95992de0fef795073f5ea83a81c?s=96&d=mm&r=g","url":"https:\/\/secure.gravatar.com\/avatar\/b6992f131dc8d30ab0dff15446e9d346d9dbd95992de0fef795073f5ea83a81c?s=96&d=mm&r=g","contentUrl":"https:\/\/secure.gravatar.com\/avatar\/b6992f131dc8d30ab0dff15446e9d346d9dbd95992de0fef795073f5ea83a81c?s=96&d=mm&r=g","caption":"La Gu\u00eda de Pamplona"}}]}},"post_mailing_queue_ids":[],"_links":{"self":[{"href":"https:\/\/www.laguiadepamplona.com\/actualidad\/wp-json\/wp\/v2\/posts\/46566","targetHints":{"allow":["GET"]}}],"collection":[{"href":"https:\/\/www.laguiadepamplona.com\/actualidad\/wp-json\/wp\/v2\/posts"}],"about":[{"href":"https:\/\/www.laguiadepamplona.com\/actualidad\/wp-json\/wp\/v2\/types\/post"}],"author":[{"embeddable":true,"href":"https:\/\/www.laguiadepamplona.com\/actualidad\/wp-json\/wp\/v2\/users\/1"}],"replies":[{"embeddable":true,"href":"https:\/\/www.laguiadepamplona.com\/actualidad\/wp-json\/wp\/v2\/comments?post=46566"}],"version-history":[{"count":1,"href":"https:\/\/www.laguiadepamplona.com\/actualidad\/wp-json\/wp\/v2\/posts\/46566\/revisions"}],"predecessor-version":[{"id":46568,"href":"https:\/\/www.laguiadepamplona.com\/actualidad\/wp-json\/wp\/v2\/posts\/46566\/revisions\/46568"}],"wp:featuredmedia":[{"embeddable":true,"href":"https:\/\/www.laguiadepamplona.com\/actualidad\/wp-json\/wp\/v2\/media\/46567"}],"wp:attachment":[{"href":"https:\/\/www.laguiadepamplona.com\/actualidad\/wp-json\/wp\/v2\/media?parent=46566"}],"wp:term":[{"taxonomy":"category","embeddable":true,"href":"https:\/\/www.laguiadepamplona.com\/actualidad\/wp-json\/wp\/v2\/categories?post=46566"},{"taxonomy":"post_tag","embeddable":true,"href":"https:\/\/www.laguiadepamplona.com\/actualidad\/wp-json\/wp\/v2\/tags?post=46566"}],"curies":[{"name":"wp","href":"https:\/\/api.w.org\/{rel}","templated":true}]}}