{"id":46561,"date":"2023-05-03T12:30:48","date_gmt":"2023-05-03T10:30:48","guid":{"rendered":"https:\/\/www.laguiadepamplona.com\/actualidad\/?p=46561"},"modified":"2023-05-03T12:30:48","modified_gmt":"2023-05-03T10:30:48","slug":"la-exposicion-pan-y-circo-propone-en-la-ciudadela-una-reflexion-multidisciplinar-en-torno-al-arte-y-la-alimentacion","status":"publish","type":"post","link":"https:\/\/www.laguiadepamplona.com\/actualidad\/la-exposicion-pan-y-circo-propone-en-la-ciudadela-una-reflexion-multidisciplinar-en-torno-al-arte-y-la-alimentacion\/","title":{"rendered":"La exposici\u00f3n \u2018Pan y Circo\u2019 propone en la Ciudadela una reflexi\u00f3n multidisciplinar en torno al arte y la alimentaci\u00f3n"},"content":{"rendered":"<h3>El proyecto art\u00edstico colectivo de 15 creadores se muestra en la primera planta de la Sala de Armas y el Horno desde este mi\u00e9rcoles hasta el 2 de julio<\/h3>\n<p><!--more--><\/p>\n<p>La Sala de Armas y el Horno de la Ciudadela muestran desde hoy y hasta el 2 de julio, la exposici\u00f3n \u2018Pan y Circo\u2019, comisariada por Alicia Ventura. Esta exhibici\u00f3n colectiva de 15 artistas reflexiona en torno a la alimentaci\u00f3n de manera global, desde un enfoque multidisciplinar. Mediante la reflexi\u00f3n art\u00edstica se ofrece una perspectiva diversa, para concienciar sobre la importancia de los alimentos y las consecuencias que tienen sobre la vida humana.<\/p>\n<p>En la presentaci\u00f3n del proyecto art\u00edstico \u2018Pan y circo\u2019, en la primera planta de la Sala de Armas, han participado el director del \u00e1rea de Cultura e Igualdad del Ayuntamiento de Pamplona, Jorge Urd\u00e1noz; la comisaria de la exposici\u00f3n, Alicia Ventura, y asesora cient\u00edfica y creadora Rosal\u00eda Banet. Los temas que se abordan en la exposici\u00f3n, relacionados con la alimentaci\u00f3n y el comer, buscan repensar los procesos, cuestionar los modelos actuales y buscar nuevas formas de consumo m\u00e1s sostenibles.<br \/>\n<script async src=\"\/\/pagead2.googlesyndication.com\/pagead\/js\/adsbygoogle.js\"><\/script><br \/>\n<!-- Noticias La Guia de Pamplona --><br \/>\n<ins class=\"adsbygoogle\"\nstyle=\"display:block\"\ndata-ad-client=\"ca-pub-6943679897239327\"\ndata-ad-slot=\"7048180777\"\ndata-ad-format=\"auto\"><\/ins><br \/>\n<script>\n(adsbygoogle = window.adsbygoogle || []).push({});\n<\/script><\/p>\n<p>La alimentaci\u00f3n se presenta como un reto, en la medida en que la elecci\u00f3n de los alimentos se ve mediada por la publicidad y los medios de comunicaci\u00f3n y por intereses econ\u00f3micos. Una parte de la poblaci\u00f3n mundial se ve afectada por la falta de alimentos, mientras que en otras \u00e1reas la industria alimentaria lleva a la sobrealimentaci\u00f3n y problemas de salud. El arte media en esta realidad, donde la b\u00fasqueda de h\u00e1bitos saludables se enfrenta con la desinformaci\u00f3n y los tiempos acelerados propios de la sociedad actual.<\/p>\n<p>El t\u00edtulo de la muestra, \u2018Pan y circo\u2019, proviene de la \u2018S\u00e1tira X\u2019 del poeta romano Juvenal, en la que alude a la pr\u00e1ctica pol\u00edtica de ofrecer comida barata y entretenimiento al pueblo como estrategia para controlarlo y silenciarlo. Esta pr\u00e1ctica llega hasta nuestros d\u00edas, en los que la sociedad del espect\u00e1culo y los medios de comunicaci\u00f3n alteran la percepci\u00f3n de la realidad, donde tambi\u00e9n inciden las grandes firmas del sector alimentario.<\/p>\n<p>La muestra incluye diversas instalaciones, esculturas, v\u00eddeos y fotograf\u00edas, que abordan la alimentaci\u00f3n como problema desde distintos puntos de vista, divididos en los temas de alimentaci\u00f3n y salud; alimentaci\u00f3n y c\u00e1nones de belleza; la est\u00e9tica del gusto; los excesos de la industria alimentaria; la relaci\u00f3n entre publicidad, medios de comunicaci\u00f3n y alimentos; y la sostenibilidad del modelo actual.<\/p>\n<p><strong>Los horarios para visitar la exposici\u00f3n son de martes a s\u00e1bado, de 11.30 a 13.30 y de 18.00 a 20.30; y domingos y festivos, de 11.30 a 13.30.<\/strong><br \/>\n<script async src=\"\/\/pagead2.googlesyndication.com\/pagead\/js\/adsbygoogle.js\"><\/script><br \/>\n<!-- Noticias La Guia de Pamplona --><br \/>\n<ins class=\"adsbygoogle\"\nstyle=\"display:block\"\ndata-ad-client=\"ca-pub-6943679897239327\"\ndata-ad-slot=\"7048180777\"\ndata-ad-format=\"auto\"><\/ins><br \/>\n<script>\n(adsbygoogle = window.adsbygoogle || []).push({});\n<\/script><\/p>\n<p>&nbsp;<\/p>\n<h3>Exposici\u00f3n Pan y Circo. Artistas y Obras<\/h3>\n<ul>\n<li><strong>Sala de Armas (primera planta) y Horno de la Ciudadela<\/strong>\n<ul>\n<li>Del 3 de mayo al 2 de julio<\/li>\n<li>Comisaria de la exposici\u00f3n: Alicia Ventura. Asesora cient\u00edfica: Rosal\u00eda Banet<\/li>\n<li>Horario: de martes a s\u00e1bado, de 11.30 a 13.30 y de 18.00 a 20.30; domingos y festivos, de 11.30 a 13.30<\/li>\n<\/ul>\n<\/li>\n<li><strong>Creadores y obras<\/strong>\n<ul>\n<li>Rosal\u00eda Banet. \u2018El banquete quemado\u2019 y \u2018MUK-BANG\u2019<\/li>\n<li>Saelia Aparicio. \u2018Anatomy of pleasure\u2019<\/li>\n<li>Santiago Morilla. Prototipo de bicim\u00e1quinahuerta de interior #1<\/li>\n<li>Antoni Miralda. \u2018Power Food (2 Mesas y 12 sillas)\u2019<\/li>\n<li>Asunci\u00f3n Molinos Gordo. \u2018Dumping\u2019<\/li>\n<li>\u00c1ngel Marcos. \u2018La mar negra\u2019. Instalaci\u00f3n<\/li>\n<li>Marta Fern\u00e1ndez Calvo. Correspondencia<\/li>\n<li>Carles Tarrass\u00f3 Oliver. \u2018Espacio visceral\u2019<\/li>\n<li>Luna Bengoechea. \u2018Carica Papaya\u2019, \u2018Zea mays\u2019, \u2018Cucumis sativus\u2019 y \u2018Solanum Lycopersicum\u2019<\/li>\n<li>Greta Alfaro. \u2018Fornacalia\u2019 (Horno) y \u2018In Ictu Oculi\u2019<\/li>\n<li>\u2018Chainwork\u2019<\/li>\n<li>Est\u00edbaliz S\u00e1daba. \u2018A mi manera\u2019<\/li>\n<li>Tania Blanco. D\u00e9gustation UNLID<\/li>\n<li>Peter Foldes (director) y Ren\u00e9 Jodoin (productor). \u2018Hunger\u2019 (Cortes\u00eda de la National Film Board of Canada)<\/li>\n<li>Winkler + Noah. \u2018Beyond the Body\u2019<\/li>\n<\/ul>\n<\/li>\n<\/ul>\n","protected":false},"excerpt":{"rendered":"<p>El proyecto art\u00edstico colectivo de 15 creadores se muestra en la primera planta de la Sala de Armas y el Horno desde este mi\u00e9rcoles hasta el 2 de julio<\/p>\n","protected":false},"author":1,"featured_media":46562,"comment_status":"open","ping_status":"closed","sticky":false,"template":"","format":"standard","meta":{"footnotes":""},"categories":[2],"tags":[],"class_list":["post-46561","post","type-post","status-publish","format-standard","has-post-thumbnail","hentry","category-ayuntamiento-pamplona"],"yoast_head":"<!-- This site is optimized with the Yoast SEO plugin v27.3 - https:\/\/yoast.com\/product\/yoast-seo-wordpress\/ -->\n<title>La exposici\u00f3n \u2018Pan y Circo\u2019 propone en la Ciudadela una reflexi\u00f3n multidisciplinar en torno al arte y la alimentaci\u00f3n<\/title>\n<meta name=\"description\" content=\"El proyecto art\u00edstico colectivo de 15 creadores se muestra en la primera planta de la Sala de Armas y el Horno desde este mi\u00e9rcoles hasta el 2 de julio\" \/>\n<meta name=\"robots\" content=\"index, follow, max-snippet:-1, max-image-preview:large, max-video-preview:-1\" \/>\n<link rel=\"canonical\" href=\"https:\/\/www.laguiadepamplona.com\/actualidad\/la-exposicion-pan-y-circo-propone-en-la-ciudadela-una-reflexion-multidisciplinar-en-torno-al-arte-y-la-alimentacion\/\" \/>\n<meta property=\"og:locale\" content=\"es_ES\" \/>\n<meta property=\"og:type\" content=\"article\" \/>\n<meta property=\"og:title\" content=\"La exposici\u00f3n \u2018Pan y Circo\u2019 propone en la Ciudadela una reflexi\u00f3n multidisciplinar en torno al arte y la alimentaci\u00f3n\" \/>\n<meta property=\"og:description\" content=\"El proyecto art\u00edstico colectivo de 15 creadores se muestra en la primera planta de la Sala de Armas y el Horno desde este mi\u00e9rcoles hasta el 2 de julio\" \/>\n<meta property=\"og:url\" content=\"https:\/\/www.laguiadepamplona.com\/actualidad\/la-exposicion-pan-y-circo-propone-en-la-ciudadela-una-reflexion-multidisciplinar-en-torno-al-arte-y-la-alimentacion\/\" \/>\n<meta property=\"og:site_name\" content=\"La Gu\u00eda de Pamplona\" \/>\n<meta property=\"article:publisher\" content=\"https:\/\/www.facebook.com\/laguiadepamplonacom-133175176762273\/?ref=hl\" \/>\n<meta property=\"article:published_time\" content=\"2023-05-03T10:30:48+00:00\" \/>\n<meta property=\"og:image\" content=\"https:\/\/www.laguiadepamplona.com\/actualidad\/wp-content\/uploads\/2023\/05\/230503exposicion-pan-circo.webp\" \/>\n\t<meta property=\"og:image:width\" content=\"1600\" \/>\n\t<meta property=\"og:image:height\" content=\"721\" \/>\n\t<meta property=\"og:image:type\" content=\"image\/webp\" \/>\n<meta name=\"author\" content=\"La Gu\u00eda de Pamplona\" \/>\n<meta name=\"twitter:card\" content=\"summary_large_image\" \/>\n<meta name=\"twitter:creator\" content=\"@LaGuiadPamplona\" \/>\n<meta name=\"twitter:site\" content=\"@LaGuiadPamplona\" \/>\n<meta name=\"twitter:label1\" content=\"Escrito por\" \/>\n\t<meta name=\"twitter:data1\" content=\"La Gu\u00eda de Pamplona\" \/>\n\t<meta name=\"twitter:label2\" content=\"Tiempo de lectura\" \/>\n\t<meta name=\"twitter:data2\" content=\"3 minutos\" \/>\n<script type=\"application\/ld+json\" class=\"yoast-schema-graph\">{\"@context\":\"https:\\\/\\\/schema.org\",\"@graph\":[{\"@type\":\"Article\",\"@id\":\"https:\\\/\\\/www.laguiadepamplona.com\\\/actualidad\\\/la-exposicion-pan-y-circo-propone-en-la-ciudadela-una-reflexion-multidisciplinar-en-torno-al-arte-y-la-alimentacion\\\/#article\",\"isPartOf\":{\"@id\":\"https:\\\/\\\/www.laguiadepamplona.com\\\/actualidad\\\/la-exposicion-pan-y-circo-propone-en-la-ciudadela-una-reflexion-multidisciplinar-en-torno-al-arte-y-la-alimentacion\\\/\"},\"author\":{\"name\":\"La Gu\u00eda de Pamplona\",\"@id\":\"https:\\\/\\\/www.laguiadepamplona.com\\\/actualidad\\\/#\\\/schema\\\/person\\\/efe887376f0213d4657c93adc50b1fdb\"},\"headline\":\"La exposici\u00f3n \u2018Pan y Circo\u2019 propone en la Ciudadela una reflexi\u00f3n multidisciplinar en torno al arte y la alimentaci\u00f3n\",\"datePublished\":\"2023-05-03T10:30:48+00:00\",\"mainEntityOfPage\":{\"@id\":\"https:\\\/\\\/www.laguiadepamplona.com\\\/actualidad\\\/la-exposicion-pan-y-circo-propone-en-la-ciudadela-una-reflexion-multidisciplinar-en-torno-al-arte-y-la-alimentacion\\\/\"},\"wordCount\":646,\"commentCount\":0,\"publisher\":{\"@id\":\"https:\\\/\\\/www.laguiadepamplona.com\\\/actualidad\\\/#organization\"},\"image\":{\"@id\":\"https:\\\/\\\/www.laguiadepamplona.com\\\/actualidad\\\/la-exposicion-pan-y-circo-propone-en-la-ciudadela-una-reflexion-multidisciplinar-en-torno-al-arte-y-la-alimentacion\\\/#primaryimage\"},\"thumbnailUrl\":\"https:\\\/\\\/www.laguiadepamplona.com\\\/actualidad\\\/wp-content\\\/uploads\\\/2023\\\/05\\\/230503exposicion-pan-circo.webp\",\"articleSection\":[\"Ayto Pamplona\"],\"inLanguage\":\"es\",\"potentialAction\":[{\"@type\":\"CommentAction\",\"name\":\"Comment\",\"target\":[\"https:\\\/\\\/www.laguiadepamplona.com\\\/actualidad\\\/la-exposicion-pan-y-circo-propone-en-la-ciudadela-una-reflexion-multidisciplinar-en-torno-al-arte-y-la-alimentacion\\\/#respond\"]}]},{\"@type\":\"WebPage\",\"@id\":\"https:\\\/\\\/www.laguiadepamplona.com\\\/actualidad\\\/la-exposicion-pan-y-circo-propone-en-la-ciudadela-una-reflexion-multidisciplinar-en-torno-al-arte-y-la-alimentacion\\\/\",\"url\":\"https:\\\/\\\/www.laguiadepamplona.com\\\/actualidad\\\/la-exposicion-pan-y-circo-propone-en-la-ciudadela-una-reflexion-multidisciplinar-en-torno-al-arte-y-la-alimentacion\\\/\",\"name\":\"La exposici\u00f3n \u2018Pan y Circo\u2019 propone en la Ciudadela una reflexi\u00f3n multidisciplinar en torno al arte y la alimentaci\u00f3n\",\"isPartOf\":{\"@id\":\"https:\\\/\\\/www.laguiadepamplona.com\\\/actualidad\\\/#website\"},\"primaryImageOfPage\":{\"@id\":\"https:\\\/\\\/www.laguiadepamplona.com\\\/actualidad\\\/la-exposicion-pan-y-circo-propone-en-la-ciudadela-una-reflexion-multidisciplinar-en-torno-al-arte-y-la-alimentacion\\\/#primaryimage\"},\"image\":{\"@id\":\"https:\\\/\\\/www.laguiadepamplona.com\\\/actualidad\\\/la-exposicion-pan-y-circo-propone-en-la-ciudadela-una-reflexion-multidisciplinar-en-torno-al-arte-y-la-alimentacion\\\/#primaryimage\"},\"thumbnailUrl\":\"https:\\\/\\\/www.laguiadepamplona.com\\\/actualidad\\\/wp-content\\\/uploads\\\/2023\\\/05\\\/230503exposicion-pan-circo.webp\",\"datePublished\":\"2023-05-03T10:30:48+00:00\",\"description\":\"El proyecto art\u00edstico colectivo de 15 creadores se muestra en la primera planta de la Sala de Armas y el Horno desde este mi\u00e9rcoles hasta el 2 de julio\",\"breadcrumb\":{\"@id\":\"https:\\\/\\\/www.laguiadepamplona.com\\\/actualidad\\\/la-exposicion-pan-y-circo-propone-en-la-ciudadela-una-reflexion-multidisciplinar-en-torno-al-arte-y-la-alimentacion\\\/#breadcrumb\"},\"inLanguage\":\"es\",\"potentialAction\":[{\"@type\":\"ReadAction\",\"target\":[\"https:\\\/\\\/www.laguiadepamplona.com\\\/actualidad\\\/la-exposicion-pan-y-circo-propone-en-la-ciudadela-una-reflexion-multidisciplinar-en-torno-al-arte-y-la-alimentacion\\\/\"]}]},{\"@type\":\"ImageObject\",\"inLanguage\":\"es\",\"@id\":\"https:\\\/\\\/www.laguiadepamplona.com\\\/actualidad\\\/la-exposicion-pan-y-circo-propone-en-la-ciudadela-una-reflexion-multidisciplinar-en-torno-al-arte-y-la-alimentacion\\\/#primaryimage\",\"url\":\"https:\\\/\\\/www.laguiadepamplona.com\\\/actualidad\\\/wp-content\\\/uploads\\\/2023\\\/05\\\/230503exposicion-pan-circo.webp\",\"contentUrl\":\"https:\\\/\\\/www.laguiadepamplona.com\\\/actualidad\\\/wp-content\\\/uploads\\\/2023\\\/05\\\/230503exposicion-pan-circo.webp\",\"width\":1600,\"height\":721},{\"@type\":\"BreadcrumbList\",\"@id\":\"https:\\\/\\\/www.laguiadepamplona.com\\\/actualidad\\\/la-exposicion-pan-y-circo-propone-en-la-ciudadela-una-reflexion-multidisciplinar-en-torno-al-arte-y-la-alimentacion\\\/#breadcrumb\",\"itemListElement\":[{\"@type\":\"ListItem\",\"position\":1,\"name\":\"Portada\",\"item\":\"https:\\\/\\\/www.laguiadepamplona.com\\\/actualidad\\\/\"},{\"@type\":\"ListItem\",\"position\":2,\"name\":\"La exposici\u00f3n \u2018Pan y Circo\u2019 propone en la Ciudadela una reflexi\u00f3n multidisciplinar en torno al arte y la alimentaci\u00f3n\"}]},{\"@type\":\"WebSite\",\"@id\":\"https:\\\/\\\/www.laguiadepamplona.com\\\/actualidad\\\/#website\",\"url\":\"https:\\\/\\\/www.laguiadepamplona.com\\\/actualidad\\\/\",\"name\":\"La gu\u00eda de Pamplona\",\"description\":\"Noticias de Pamplona\",\"publisher\":{\"@id\":\"https:\\\/\\\/www.laguiadepamplona.com\\\/actualidad\\\/#organization\"},\"potentialAction\":[{\"@type\":\"SearchAction\",\"target\":{\"@type\":\"EntryPoint\",\"urlTemplate\":\"https:\\\/\\\/www.laguiadepamplona.com\\\/actualidad\\\/?s={search_term_string}\"},\"query-input\":{\"@type\":\"PropertyValueSpecification\",\"valueRequired\":true,\"valueName\":\"search_term_string\"}}],\"inLanguage\":\"es\"},{\"@type\":\"Organization\",\"@id\":\"https:\\\/\\\/www.laguiadepamplona.com\\\/actualidad\\\/#organization\",\"name\":\"La Gu\u00eda de Pamplona \\\/ Noticias\",\"url\":\"https:\\\/\\\/www.laguiadepamplona.com\\\/actualidad\\\/\",\"logo\":{\"@type\":\"ImageObject\",\"inLanguage\":\"es\",\"@id\":\"https:\\\/\\\/www.laguiadepamplona.com\\\/actualidad\\\/#\\\/schema\\\/logo\\\/image\\\/\",\"url\":\"https:\\\/\\\/www.laguiadepamplona.com\\\/actualidad\\\/wp-content\\\/uploads\\\/2018\\\/11\\\/logo-laguiadepamplona18-web1.png\",\"contentUrl\":\"https:\\\/\\\/www.laguiadepamplona.com\\\/actualidad\\\/wp-content\\\/uploads\\\/2018\\\/11\\\/logo-laguiadepamplona18-web1.png\",\"width\":600,\"height\":196,\"caption\":\"La Gu\u00eda de Pamplona \\\/ Noticias\"},\"image\":{\"@id\":\"https:\\\/\\\/www.laguiadepamplona.com\\\/actualidad\\\/#\\\/schema\\\/logo\\\/image\\\/\"},\"sameAs\":[\"https:\\\/\\\/www.facebook.com\\\/laguiadepamplonacom-133175176762273\\\/?ref=hl\",\"https:\\\/\\\/x.com\\\/LaGuiadPamplona\",\"https:\\\/\\\/www.instagram.com\\\/la_guia_de_pamplona\\\/\",\"https:\\\/\\\/www.youtube.com\\\/user\\\/laguiadepamplona\"]},{\"@type\":\"Person\",\"@id\":\"https:\\\/\\\/www.laguiadepamplona.com\\\/actualidad\\\/#\\\/schema\\\/person\\\/efe887376f0213d4657c93adc50b1fdb\",\"name\":\"La Gu\u00eda de Pamplona\",\"image\":{\"@type\":\"ImageObject\",\"inLanguage\":\"es\",\"@id\":\"https:\\\/\\\/secure.gravatar.com\\\/avatar\\\/b6992f131dc8d30ab0dff15446e9d346d9dbd95992de0fef795073f5ea83a81c?s=96&d=mm&r=g\",\"url\":\"https:\\\/\\\/secure.gravatar.com\\\/avatar\\\/b6992f131dc8d30ab0dff15446e9d346d9dbd95992de0fef795073f5ea83a81c?s=96&d=mm&r=g\",\"contentUrl\":\"https:\\\/\\\/secure.gravatar.com\\\/avatar\\\/b6992f131dc8d30ab0dff15446e9d346d9dbd95992de0fef795073f5ea83a81c?s=96&d=mm&r=g\",\"caption\":\"La Gu\u00eda de Pamplona\"}}]}<\/script>\n<!-- \/ Yoast SEO plugin. -->","yoast_head_json":{"title":"La exposici\u00f3n \u2018Pan y Circo\u2019 propone en la Ciudadela una reflexi\u00f3n multidisciplinar en torno al arte y la alimentaci\u00f3n","description":"El proyecto art\u00edstico colectivo de 15 creadores se muestra en la primera planta de la Sala de Armas y el Horno desde este mi\u00e9rcoles hasta el 2 de julio","robots":{"index":"index","follow":"follow","max-snippet":"max-snippet:-1","max-image-preview":"max-image-preview:large","max-video-preview":"max-video-preview:-1"},"canonical":"https:\/\/www.laguiadepamplona.com\/actualidad\/la-exposicion-pan-y-circo-propone-en-la-ciudadela-una-reflexion-multidisciplinar-en-torno-al-arte-y-la-alimentacion\/","og_locale":"es_ES","og_type":"article","og_title":"La exposici\u00f3n \u2018Pan y Circo\u2019 propone en la Ciudadela una reflexi\u00f3n multidisciplinar en torno al arte y la alimentaci\u00f3n","og_description":"El proyecto art\u00edstico colectivo de 15 creadores se muestra en la primera planta de la Sala de Armas y el Horno desde este mi\u00e9rcoles hasta el 2 de julio","og_url":"https:\/\/www.laguiadepamplona.com\/actualidad\/la-exposicion-pan-y-circo-propone-en-la-ciudadela-una-reflexion-multidisciplinar-en-torno-al-arte-y-la-alimentacion\/","og_site_name":"La Gu\u00eda de Pamplona","article_publisher":"https:\/\/www.facebook.com\/laguiadepamplonacom-133175176762273\/?ref=hl","article_published_time":"2023-05-03T10:30:48+00:00","og_image":[{"width":1600,"height":721,"url":"https:\/\/www.laguiadepamplona.com\/actualidad\/wp-content\/uploads\/2023\/05\/230503exposicion-pan-circo.webp","type":"image\/webp"}],"author":"La Gu\u00eda de Pamplona","twitter_card":"summary_large_image","twitter_creator":"@LaGuiadPamplona","twitter_site":"@LaGuiadPamplona","twitter_misc":{"Escrito por":"La Gu\u00eda de Pamplona","Tiempo de lectura":"3 minutos"},"schema":{"@context":"https:\/\/schema.org","@graph":[{"@type":"Article","@id":"https:\/\/www.laguiadepamplona.com\/actualidad\/la-exposicion-pan-y-circo-propone-en-la-ciudadela-una-reflexion-multidisciplinar-en-torno-al-arte-y-la-alimentacion\/#article","isPartOf":{"@id":"https:\/\/www.laguiadepamplona.com\/actualidad\/la-exposicion-pan-y-circo-propone-en-la-ciudadela-una-reflexion-multidisciplinar-en-torno-al-arte-y-la-alimentacion\/"},"author":{"name":"La Gu\u00eda de Pamplona","@id":"https:\/\/www.laguiadepamplona.com\/actualidad\/#\/schema\/person\/efe887376f0213d4657c93adc50b1fdb"},"headline":"La exposici\u00f3n \u2018Pan y Circo\u2019 propone en la Ciudadela una reflexi\u00f3n multidisciplinar en torno al arte y la alimentaci\u00f3n","datePublished":"2023-05-03T10:30:48+00:00","mainEntityOfPage":{"@id":"https:\/\/www.laguiadepamplona.com\/actualidad\/la-exposicion-pan-y-circo-propone-en-la-ciudadela-una-reflexion-multidisciplinar-en-torno-al-arte-y-la-alimentacion\/"},"wordCount":646,"commentCount":0,"publisher":{"@id":"https:\/\/www.laguiadepamplona.com\/actualidad\/#organization"},"image":{"@id":"https:\/\/www.laguiadepamplona.com\/actualidad\/la-exposicion-pan-y-circo-propone-en-la-ciudadela-una-reflexion-multidisciplinar-en-torno-al-arte-y-la-alimentacion\/#primaryimage"},"thumbnailUrl":"https:\/\/www.laguiadepamplona.com\/actualidad\/wp-content\/uploads\/2023\/05\/230503exposicion-pan-circo.webp","articleSection":["Ayto Pamplona"],"inLanguage":"es","potentialAction":[{"@type":"CommentAction","name":"Comment","target":["https:\/\/www.laguiadepamplona.com\/actualidad\/la-exposicion-pan-y-circo-propone-en-la-ciudadela-una-reflexion-multidisciplinar-en-torno-al-arte-y-la-alimentacion\/#respond"]}]},{"@type":"WebPage","@id":"https:\/\/www.laguiadepamplona.com\/actualidad\/la-exposicion-pan-y-circo-propone-en-la-ciudadela-una-reflexion-multidisciplinar-en-torno-al-arte-y-la-alimentacion\/","url":"https:\/\/www.laguiadepamplona.com\/actualidad\/la-exposicion-pan-y-circo-propone-en-la-ciudadela-una-reflexion-multidisciplinar-en-torno-al-arte-y-la-alimentacion\/","name":"La exposici\u00f3n \u2018Pan y Circo\u2019 propone en la Ciudadela una reflexi\u00f3n multidisciplinar en torno al arte y la alimentaci\u00f3n","isPartOf":{"@id":"https:\/\/www.laguiadepamplona.com\/actualidad\/#website"},"primaryImageOfPage":{"@id":"https:\/\/www.laguiadepamplona.com\/actualidad\/la-exposicion-pan-y-circo-propone-en-la-ciudadela-una-reflexion-multidisciplinar-en-torno-al-arte-y-la-alimentacion\/#primaryimage"},"image":{"@id":"https:\/\/www.laguiadepamplona.com\/actualidad\/la-exposicion-pan-y-circo-propone-en-la-ciudadela-una-reflexion-multidisciplinar-en-torno-al-arte-y-la-alimentacion\/#primaryimage"},"thumbnailUrl":"https:\/\/www.laguiadepamplona.com\/actualidad\/wp-content\/uploads\/2023\/05\/230503exposicion-pan-circo.webp","datePublished":"2023-05-03T10:30:48+00:00","description":"El proyecto art\u00edstico colectivo de 15 creadores se muestra en la primera planta de la Sala de Armas y el Horno desde este mi\u00e9rcoles hasta el 2 de julio","breadcrumb":{"@id":"https:\/\/www.laguiadepamplona.com\/actualidad\/la-exposicion-pan-y-circo-propone-en-la-ciudadela-una-reflexion-multidisciplinar-en-torno-al-arte-y-la-alimentacion\/#breadcrumb"},"inLanguage":"es","potentialAction":[{"@type":"ReadAction","target":["https:\/\/www.laguiadepamplona.com\/actualidad\/la-exposicion-pan-y-circo-propone-en-la-ciudadela-una-reflexion-multidisciplinar-en-torno-al-arte-y-la-alimentacion\/"]}]},{"@type":"ImageObject","inLanguage":"es","@id":"https:\/\/www.laguiadepamplona.com\/actualidad\/la-exposicion-pan-y-circo-propone-en-la-ciudadela-una-reflexion-multidisciplinar-en-torno-al-arte-y-la-alimentacion\/#primaryimage","url":"https:\/\/www.laguiadepamplona.com\/actualidad\/wp-content\/uploads\/2023\/05\/230503exposicion-pan-circo.webp","contentUrl":"https:\/\/www.laguiadepamplona.com\/actualidad\/wp-content\/uploads\/2023\/05\/230503exposicion-pan-circo.webp","width":1600,"height":721},{"@type":"BreadcrumbList","@id":"https:\/\/www.laguiadepamplona.com\/actualidad\/la-exposicion-pan-y-circo-propone-en-la-ciudadela-una-reflexion-multidisciplinar-en-torno-al-arte-y-la-alimentacion\/#breadcrumb","itemListElement":[{"@type":"ListItem","position":1,"name":"Portada","item":"https:\/\/www.laguiadepamplona.com\/actualidad\/"},{"@type":"ListItem","position":2,"name":"La exposici\u00f3n \u2018Pan y Circo\u2019 propone en la Ciudadela una reflexi\u00f3n multidisciplinar en torno al arte y la alimentaci\u00f3n"}]},{"@type":"WebSite","@id":"https:\/\/www.laguiadepamplona.com\/actualidad\/#website","url":"https:\/\/www.laguiadepamplona.com\/actualidad\/","name":"La gu\u00eda de Pamplona","description":"Noticias de Pamplona","publisher":{"@id":"https:\/\/www.laguiadepamplona.com\/actualidad\/#organization"},"potentialAction":[{"@type":"SearchAction","target":{"@type":"EntryPoint","urlTemplate":"https:\/\/www.laguiadepamplona.com\/actualidad\/?s={search_term_string}"},"query-input":{"@type":"PropertyValueSpecification","valueRequired":true,"valueName":"search_term_string"}}],"inLanguage":"es"},{"@type":"Organization","@id":"https:\/\/www.laguiadepamplona.com\/actualidad\/#organization","name":"La Gu\u00eda de Pamplona \/ Noticias","url":"https:\/\/www.laguiadepamplona.com\/actualidad\/","logo":{"@type":"ImageObject","inLanguage":"es","@id":"https:\/\/www.laguiadepamplona.com\/actualidad\/#\/schema\/logo\/image\/","url":"https:\/\/www.laguiadepamplona.com\/actualidad\/wp-content\/uploads\/2018\/11\/logo-laguiadepamplona18-web1.png","contentUrl":"https:\/\/www.laguiadepamplona.com\/actualidad\/wp-content\/uploads\/2018\/11\/logo-laguiadepamplona18-web1.png","width":600,"height":196,"caption":"La Gu\u00eda de Pamplona \/ Noticias"},"image":{"@id":"https:\/\/www.laguiadepamplona.com\/actualidad\/#\/schema\/logo\/image\/"},"sameAs":["https:\/\/www.facebook.com\/laguiadepamplonacom-133175176762273\/?ref=hl","https:\/\/x.com\/LaGuiadPamplona","https:\/\/www.instagram.com\/la_guia_de_pamplona\/","https:\/\/www.youtube.com\/user\/laguiadepamplona"]},{"@type":"Person","@id":"https:\/\/www.laguiadepamplona.com\/actualidad\/#\/schema\/person\/efe887376f0213d4657c93adc50b1fdb","name":"La Gu\u00eda de Pamplona","image":{"@type":"ImageObject","inLanguage":"es","@id":"https:\/\/secure.gravatar.com\/avatar\/b6992f131dc8d30ab0dff15446e9d346d9dbd95992de0fef795073f5ea83a81c?s=96&d=mm&r=g","url":"https:\/\/secure.gravatar.com\/avatar\/b6992f131dc8d30ab0dff15446e9d346d9dbd95992de0fef795073f5ea83a81c?s=96&d=mm&r=g","contentUrl":"https:\/\/secure.gravatar.com\/avatar\/b6992f131dc8d30ab0dff15446e9d346d9dbd95992de0fef795073f5ea83a81c?s=96&d=mm&r=g","caption":"La Gu\u00eda de Pamplona"}}]}},"post_mailing_queue_ids":[],"_links":{"self":[{"href":"https:\/\/www.laguiadepamplona.com\/actualidad\/wp-json\/wp\/v2\/posts\/46561","targetHints":{"allow":["GET"]}}],"collection":[{"href":"https:\/\/www.laguiadepamplona.com\/actualidad\/wp-json\/wp\/v2\/posts"}],"about":[{"href":"https:\/\/www.laguiadepamplona.com\/actualidad\/wp-json\/wp\/v2\/types\/post"}],"author":[{"embeddable":true,"href":"https:\/\/www.laguiadepamplona.com\/actualidad\/wp-json\/wp\/v2\/users\/1"}],"replies":[{"embeddable":true,"href":"https:\/\/www.laguiadepamplona.com\/actualidad\/wp-json\/wp\/v2\/comments?post=46561"}],"version-history":[{"count":1,"href":"https:\/\/www.laguiadepamplona.com\/actualidad\/wp-json\/wp\/v2\/posts\/46561\/revisions"}],"predecessor-version":[{"id":46563,"href":"https:\/\/www.laguiadepamplona.com\/actualidad\/wp-json\/wp\/v2\/posts\/46561\/revisions\/46563"}],"wp:featuredmedia":[{"embeddable":true,"href":"https:\/\/www.laguiadepamplona.com\/actualidad\/wp-json\/wp\/v2\/media\/46562"}],"wp:attachment":[{"href":"https:\/\/www.laguiadepamplona.com\/actualidad\/wp-json\/wp\/v2\/media?parent=46561"}],"wp:term":[{"taxonomy":"category","embeddable":true,"href":"https:\/\/www.laguiadepamplona.com\/actualidad\/wp-json\/wp\/v2\/categories?post=46561"},{"taxonomy":"post_tag","embeddable":true,"href":"https:\/\/www.laguiadepamplona.com\/actualidad\/wp-json\/wp\/v2\/tags?post=46561"}],"curies":[{"name":"wp","href":"https:\/\/api.w.org\/{rel}","templated":true}]}}