{"id":46558,"date":"2023-05-03T12:28:34","date_gmt":"2023-05-03T10:28:34","guid":{"rendered":"https:\/\/www.laguiadepamplona.com\/actualidad\/?p=46558"},"modified":"2023-05-03T12:28:34","modified_gmt":"2023-05-03T10:28:34","slug":"estas-elecciones-hay-cambios-en-los-colegios-electorales-entre-traslados-y-desdoblamientos-los-centros-electorales-pasan-de-23-a-26-con-cambios-en-mesas-y-secciones","status":"publish","type":"post","link":"https:\/\/www.laguiadepamplona.com\/actualidad\/estas-elecciones-hay-cambios-en-los-colegios-electorales-entre-traslados-y-desdoblamientos-los-centros-electorales-pasan-de-23-a-26-con-cambios-en-mesas-y-secciones\/","title":{"rendered":"Estas elecciones hay cambios en los colegios electorales: entre traslados y desdoblamientos los centros electorales pasan de 23 a 26, con cambios en mesas y secciones"},"content":{"rendered":"<h3>La ciudadan\u00eda ya puede consultar si son miembros de mesa electoral en las elecciones municipales y auton\u00f3micas del 28 de mayo<\/h3>\n<p><!--more--><\/p>\n<p>Pamplona modifica para estas pr\u00f3ximas elecciones auton\u00f3micas y locales la cantidad de mesas electorales y los centros de votaci\u00f3n de la ciudad. Tras la pandemia, la entidad local decidi\u00f3 redistribuir los centros electorales con las listas de votantes m\u00e1s amplias y mayor cantidad de mesas, para evitar aglomeraciones en momentos puntuales.<\/p>\n<p>El 28 de mayo comenzar\u00e1 operar esta nueva distribuci\u00f3n. Por un lado, los colegios de Ermitaga\u00f1a, Iturrama y Patxi Larraizar, mandar\u00e1n parte de sus mesas a IES Navarro Villoslada, Civivox Iturrama y el CP. Buztintxuri, respectivamente. Por otro, en los pr\u00f3ximos comicios desaparecen dos centros de votaci\u00f3n habituales. Las 9 mesas de IES Biurdana pasar\u00e1n a situarse en CI Caro Baroja, aumentando la accesibilidad ya que estar\u00e1n en planta baja, y las 8 de CI Ana Mar\u00eda Sanz se trasladar\u00e1n el IES Padre-Moret Irubide.<br \/>\n<script async src=\"\/\/pagead2.googlesyndication.com\/pagead\/js\/adsbygoogle.js\"><\/script><br \/>\n<!-- Noticias La Guia de Pamplona --><br \/>\n<ins class=\"adsbygoogle\"\nstyle=\"display:block\"\ndata-ad-client=\"ca-pub-6943679897239327\"\ndata-ad-slot=\"7048180777\"\ndata-ad-format=\"auto\"><\/ins><br \/>\n<script>\n(adsbygoogle = window.adsbygoogle || []).push({});\n<\/script><\/p>\n<p>Finalmente, hay cambio en el n\u00famero de mesas de varios colegios electorales. En CP Blanca de Navarra habr\u00e1 9 mesas, una m\u00e1s que en los \u00faltimos comicios, ya que acoger\u00e1 la secci\u00f3n que faltaba de la plaza de la Libertad y que votaba en Hegoalde; en el CP V\u00edctor Pradera habr\u00e1 7 mesas en lugar de 9 por redistribuci\u00f3n interna de secciones y el CP Elorri las mesas pasar\u00e1n de 14 a 19, porque el vecindario del barrio de Ripagaina empadronado en Pamplona ya no votar\u00e1 en la ikastola Hegoalde, sino en ese centro ubicado en Mendillorri.<\/p>\n<p>Todos estos cambios constar\u00e1n en las tarjetas centrales que la Junta Electoral env\u00eda a los domicilios y que, este a\u00f1o especialmente, deber\u00e1n leerse con atenci\u00f3n. Esa informaci\u00f3n estar\u00e1 tambi\u00e9n disponible en la consulta <a href=\"https:\/\/sedeelectronica.pamplona.es\/detallegenerico.aspx?tram=69&amp;sec=1\" target=\"_blank\" rel=\"noopener\">on line<\/a> de los datos electorales habilitada<br \/>\n<script async src=\"\/\/pagead2.googlesyndication.com\/pagead\/js\/adsbygoogle.js\"><\/script><br \/>\n<!-- Noticias La Guia de Pamplona --><br \/>\n<ins class=\"adsbygoogle\"\nstyle=\"display:block\"\ndata-ad-client=\"ca-pub-6943679897239327\"\ndata-ad-slot=\"7048180777\"\ndata-ad-format=\"auto\"><\/ins><br \/>\n<script>\n(adsbygoogle = window.adsbygoogle || []).push({});\n<\/script><\/p>\n<p><strong>Consultar d\u00f3nde se vota y si se es miembro de mesa<\/strong><\/p>\n<p>Ya se puede hacer la consulta individualizada del sorteo del Pleno extraordinario que ha determinado esta ma\u00f1ana la composici\u00f3n de las 279 mesas electorales de Pamplona, de forma que cada persona puede comprobar si le ha tocado desempe\u00f1ar alg\u00fan rol especial durante los comicios. En esa consulta se puede conocer tambi\u00e9n el colegio, mesa y secci\u00f3n en la que corresponde votar el 28 de mayo.<\/p>\n<p>Cada persona con derecho a voto puede conocer su posici\u00f3n individual a trav\u00e9s de <a href=\"https:\/\/sedeelectronica.pamplona.es\/detallegenerico.aspx?tram=69&amp;sec=1\" target=\"_blank\" rel=\"noopener\">la portada de la web municipal<\/a>. Tambi\u00e9n se puede consultar llamando al Tel\u00e9fono de Atenci\u00f3n Ciudadana del Ayuntamiento de Pamplona 010 (948420100 para acogerse a tarifa plana telef\u00f3nica o para llamadas de fuera de Pamplona). Al igual que en las \u00faltimas citas electorales, las listas del censo no se expondr\u00e1n p\u00fablicamente por lo que es necesario acudir a alguna de estas v\u00edas. Para poder acceder a la informaci\u00f3n siempre ser\u00e1 necesario utilizar el n\u00famero de DNI y el primer apellido de la persona consultante. En esa misma sesi\u00f3n la persona tendr\u00e1 disponibles sus datos de identificaci\u00f3n, el colegio electoral al que deber\u00e1 acudir a votar, el distrito, la secci\u00f3n y la mesa.<\/p>\n<p>A partir de esta tarde comenzar\u00e1 a notificarse oficialmente a las 2.311. personas designadas por el sorteo (837 miembros de mesa en primera instancia y el resto suplentes) y el plazo de alegaciones para vocales, presidentes o suplentes, ser\u00e1 de siete d\u00edas a partir de la notificaci\u00f3n.<br \/>\n<script async src=\"\/\/pagead2.googlesyndication.com\/pagead\/js\/adsbygoogle.js\"><\/script><br \/>\n<!-- Noticias La Guia de Pamplona --><br \/>\n<ins class=\"adsbygoogle\"\nstyle=\"display:block\"\ndata-ad-client=\"ca-pub-6943679897239327\"\ndata-ad-slot=\"7048180777\"\ndata-ad-format=\"auto\"><\/ins><br \/>\n<script>\n(adsbygoogle = window.adsbygoogle || []).push({});\n<\/script><\/p>\n<p>&nbsp;<\/p>\n<h3><strong>Consulta del censo electoral<\/strong><\/h3>\n<ul>\n<li><strong>Por tel\u00e9fono<\/strong>: llamando al 010 de lunes a viernes de 8 a 19 horas; s\u00e1bados 9.30 a 13.30 horas<\/li>\n<li><strong>En Internet:<\/strong> trav\u00e9s de <a href=\"http:\/\/www.pamplona.es\" target=\"_blank\" rel=\"noopener\">www.pamplona.es<\/a><\/li>\n<\/ul>\n<p>&nbsp;<\/p>\n<h3><strong>Colegios y mesas electorales de Pamplona<\/strong><\/h3>\n<p>Escuela Oficial de Idiomas: 7 mesas<\/p>\n<p>CP San Francisco: 11 mesas<\/p>\n<p>CP V\u00e1zquez de Mella: 7 mesas<\/p>\n<p>IES Plaza de la Cruz: 11 mesas<\/p>\n<p>CP Blanca de Navarra: 9 mesas (una m\u00e1s que en 2019)<\/p>\n<p>IES Caro Baroja: 9 mesas<\/p>\n<p>CP Jos\u00e9 Mar\u00eda Huarte: 16 mesas<\/p>\n<p>CP Ermitaga\u00f1a: 11 mesas<\/p>\n<p>IES Navarro Villoslada: 12 mesas (provenientes de CP Ermitaga\u00f1a que pasa de 23 a 11)<\/p>\n<p>CP Iturrama: 16 mesas<\/p>\n<p>Civivox Iturrama: 6 mesas (provenientes de CP Iturrama, que pasa de 22 a 16)<\/p>\n<p>CP Jos\u00e9 Mar\u00eda Iribarren: 8 mesas<\/p>\n<p>CP Azpilaga\u00f1a: 12 mesas<\/p>\n<p>CP Nicasio Landa: 4 mesas<\/p>\n<p>Ikastola Amaiur: 12 mesas<\/p>\n<p>Ikastola Hegoalde: 17 mesas<\/p>\n<p>CP V\u00edctor Pradera: 7 mesas (2 menos que en 2019)<\/p>\n<p>IES Padre Moret-Irubide: 8 mesas<\/p>\n<p>CP Bernat Etxepare: 7 mesas<\/p>\n<p>CP Do\u00f1a Mayor de Navarra: 13 mesas<\/p>\n<p>CP Cardenal Ilund\u00e1in: 9 mesas<\/p>\n<p>CP Rochapea: 8 mesas<\/p>\n<p>CP Patxi Larrainzar: 16 mesas<\/p>\n<p>CP Buztintxuri: 10 mesas (proveniente de Patxi Larrainzar que pasa de 26 a 16)<\/p>\n<p>CP San Jorge: 14 mesas<\/p>\n<p>CP Elorri: 19 mesas (5 m\u00e1s que en 2019)<\/p>\n","protected":false},"excerpt":{"rendered":"<p>La ciudadan\u00eda ya puede consultar si son miembros de mesa electoral en las elecciones municipales y auton\u00f3micas del 28 de mayo<\/p>\n","protected":false},"author":1,"featured_media":46559,"comment_status":"open","ping_status":"closed","sticky":false,"template":"","format":"standard","meta":{"footnotes":""},"categories":[2],"tags":[],"class_list":["post-46558","post","type-post","status-publish","format-standard","has-post-thumbnail","hentry","category-ayuntamiento-pamplona"],"yoast_head":"<!-- This site is optimized with the Yoast SEO plugin v27.3 - https:\/\/yoast.com\/product\/yoast-seo-wordpress\/ -->\n<title>Estas elecciones hay cambios en los colegios electorales: entre traslados y desdoblamientos los centros electorales pasan de 23 a 26, con cambios en mesas y secciones<\/title>\n<meta name=\"description\" content=\"La ciudadan\u00eda ya puede consultar si son miembros de mesa electoral en las elecciones municipales y auton\u00f3micas del 28 de mayo\" \/>\n<meta name=\"robots\" content=\"index, follow, max-snippet:-1, max-image-preview:large, max-video-preview:-1\" \/>\n<link rel=\"canonical\" href=\"https:\/\/www.laguiadepamplona.com\/actualidad\/estas-elecciones-hay-cambios-en-los-colegios-electorales-entre-traslados-y-desdoblamientos-los-centros-electorales-pasan-de-23-a-26-con-cambios-en-mesas-y-secciones\/\" \/>\n<meta property=\"og:locale\" content=\"es_ES\" \/>\n<meta property=\"og:type\" content=\"article\" \/>\n<meta property=\"og:title\" content=\"Estas elecciones hay cambios en los colegios electorales: entre traslados y desdoblamientos los centros electorales pasan de 23 a 26, con cambios en mesas y secciones\" \/>\n<meta property=\"og:description\" content=\"La ciudadan\u00eda ya puede consultar si son miembros de mesa electoral en las elecciones municipales y auton\u00f3micas del 28 de mayo\" \/>\n<meta property=\"og:url\" content=\"https:\/\/www.laguiadepamplona.com\/actualidad\/estas-elecciones-hay-cambios-en-los-colegios-electorales-entre-traslados-y-desdoblamientos-los-centros-electorales-pasan-de-23-a-26-con-cambios-en-mesas-y-secciones\/\" \/>\n<meta property=\"og:site_name\" content=\"La Gu\u00eda de Pamplona\" \/>\n<meta property=\"article:publisher\" content=\"https:\/\/www.facebook.com\/laguiadepamplonacom-133175176762273\/?ref=hl\" \/>\n<meta property=\"article:published_time\" content=\"2023-05-03T10:28:34+00:00\" \/>\n<meta property=\"og:image\" content=\"https:\/\/www.laguiadepamplona.com\/actualidad\/wp-content\/uploads\/2023\/05\/sorteo-mesas-electorales-pleno-nb5305.webp\" \/>\n\t<meta property=\"og:image:width\" content=\"1920\" \/>\n\t<meta property=\"og:image:height\" content=\"1280\" \/>\n\t<meta property=\"og:image:type\" content=\"image\/webp\" \/>\n<meta name=\"author\" content=\"La Gu\u00eda de Pamplona\" \/>\n<meta name=\"twitter:card\" content=\"summary_large_image\" \/>\n<meta name=\"twitter:creator\" content=\"@LaGuiadPamplona\" \/>\n<meta name=\"twitter:site\" content=\"@LaGuiadPamplona\" \/>\n<meta name=\"twitter:label1\" content=\"Escrito por\" \/>\n\t<meta name=\"twitter:data1\" content=\"La Gu\u00eda de Pamplona\" \/>\n\t<meta name=\"twitter:label2\" content=\"Tiempo de lectura\" \/>\n\t<meta name=\"twitter:data2\" content=\"4 minutos\" \/>\n<script type=\"application\/ld+json\" class=\"yoast-schema-graph\">{\"@context\":\"https:\\\/\\\/schema.org\",\"@graph\":[{\"@type\":\"Article\",\"@id\":\"https:\\\/\\\/www.laguiadepamplona.com\\\/actualidad\\\/estas-elecciones-hay-cambios-en-los-colegios-electorales-entre-traslados-y-desdoblamientos-los-centros-electorales-pasan-de-23-a-26-con-cambios-en-mesas-y-secciones\\\/#article\",\"isPartOf\":{\"@id\":\"https:\\\/\\\/www.laguiadepamplona.com\\\/actualidad\\\/estas-elecciones-hay-cambios-en-los-colegios-electorales-entre-traslados-y-desdoblamientos-los-centros-electorales-pasan-de-23-a-26-con-cambios-en-mesas-y-secciones\\\/\"},\"author\":{\"name\":\"La Gu\u00eda de Pamplona\",\"@id\":\"https:\\\/\\\/www.laguiadepamplona.com\\\/actualidad\\\/#\\\/schema\\\/person\\\/efe887376f0213d4657c93adc50b1fdb\"},\"headline\":\"Estas elecciones hay cambios en los colegios electorales: entre traslados y desdoblamientos los centros electorales pasan de 23 a 26, con cambios en mesas y secciones\",\"datePublished\":\"2023-05-03T10:28:34+00:00\",\"mainEntityOfPage\":{\"@id\":\"https:\\\/\\\/www.laguiadepamplona.com\\\/actualidad\\\/estas-elecciones-hay-cambios-en-los-colegios-electorales-entre-traslados-y-desdoblamientos-los-centros-electorales-pasan-de-23-a-26-con-cambios-en-mesas-y-secciones\\\/\"},\"wordCount\":787,\"commentCount\":0,\"publisher\":{\"@id\":\"https:\\\/\\\/www.laguiadepamplona.com\\\/actualidad\\\/#organization\"},\"image\":{\"@id\":\"https:\\\/\\\/www.laguiadepamplona.com\\\/actualidad\\\/estas-elecciones-hay-cambios-en-los-colegios-electorales-entre-traslados-y-desdoblamientos-los-centros-electorales-pasan-de-23-a-26-con-cambios-en-mesas-y-secciones\\\/#primaryimage\"},\"thumbnailUrl\":\"https:\\\/\\\/www.laguiadepamplona.com\\\/actualidad\\\/wp-content\\\/uploads\\\/2023\\\/05\\\/sorteo-mesas-electorales-pleno-nb5305.webp\",\"articleSection\":[\"Ayto Pamplona\"],\"inLanguage\":\"es\",\"potentialAction\":[{\"@type\":\"CommentAction\",\"name\":\"Comment\",\"target\":[\"https:\\\/\\\/www.laguiadepamplona.com\\\/actualidad\\\/estas-elecciones-hay-cambios-en-los-colegios-electorales-entre-traslados-y-desdoblamientos-los-centros-electorales-pasan-de-23-a-26-con-cambios-en-mesas-y-secciones\\\/#respond\"]}]},{\"@type\":\"WebPage\",\"@id\":\"https:\\\/\\\/www.laguiadepamplona.com\\\/actualidad\\\/estas-elecciones-hay-cambios-en-los-colegios-electorales-entre-traslados-y-desdoblamientos-los-centros-electorales-pasan-de-23-a-26-con-cambios-en-mesas-y-secciones\\\/\",\"url\":\"https:\\\/\\\/www.laguiadepamplona.com\\\/actualidad\\\/estas-elecciones-hay-cambios-en-los-colegios-electorales-entre-traslados-y-desdoblamientos-los-centros-electorales-pasan-de-23-a-26-con-cambios-en-mesas-y-secciones\\\/\",\"name\":\"Estas elecciones hay cambios en los colegios electorales: entre traslados y desdoblamientos los centros electorales pasan de 23 a 26, con cambios en mesas y secciones\",\"isPartOf\":{\"@id\":\"https:\\\/\\\/www.laguiadepamplona.com\\\/actualidad\\\/#website\"},\"primaryImageOfPage\":{\"@id\":\"https:\\\/\\\/www.laguiadepamplona.com\\\/actualidad\\\/estas-elecciones-hay-cambios-en-los-colegios-electorales-entre-traslados-y-desdoblamientos-los-centros-electorales-pasan-de-23-a-26-con-cambios-en-mesas-y-secciones\\\/#primaryimage\"},\"image\":{\"@id\":\"https:\\\/\\\/www.laguiadepamplona.com\\\/actualidad\\\/estas-elecciones-hay-cambios-en-los-colegios-electorales-entre-traslados-y-desdoblamientos-los-centros-electorales-pasan-de-23-a-26-con-cambios-en-mesas-y-secciones\\\/#primaryimage\"},\"thumbnailUrl\":\"https:\\\/\\\/www.laguiadepamplona.com\\\/actualidad\\\/wp-content\\\/uploads\\\/2023\\\/05\\\/sorteo-mesas-electorales-pleno-nb5305.webp\",\"datePublished\":\"2023-05-03T10:28:34+00:00\",\"description\":\"La ciudadan\u00eda ya puede consultar si son miembros de mesa electoral en las elecciones municipales y auton\u00f3micas del 28 de mayo\",\"breadcrumb\":{\"@id\":\"https:\\\/\\\/www.laguiadepamplona.com\\\/actualidad\\\/estas-elecciones-hay-cambios-en-los-colegios-electorales-entre-traslados-y-desdoblamientos-los-centros-electorales-pasan-de-23-a-26-con-cambios-en-mesas-y-secciones\\\/#breadcrumb\"},\"inLanguage\":\"es\",\"potentialAction\":[{\"@type\":\"ReadAction\",\"target\":[\"https:\\\/\\\/www.laguiadepamplona.com\\\/actualidad\\\/estas-elecciones-hay-cambios-en-los-colegios-electorales-entre-traslados-y-desdoblamientos-los-centros-electorales-pasan-de-23-a-26-con-cambios-en-mesas-y-secciones\\\/\"]}]},{\"@type\":\"ImageObject\",\"inLanguage\":\"es\",\"@id\":\"https:\\\/\\\/www.laguiadepamplona.com\\\/actualidad\\\/estas-elecciones-hay-cambios-en-los-colegios-electorales-entre-traslados-y-desdoblamientos-los-centros-electorales-pasan-de-23-a-26-con-cambios-en-mesas-y-secciones\\\/#primaryimage\",\"url\":\"https:\\\/\\\/www.laguiadepamplona.com\\\/actualidad\\\/wp-content\\\/uploads\\\/2023\\\/05\\\/sorteo-mesas-electorales-pleno-nb5305.webp\",\"contentUrl\":\"https:\\\/\\\/www.laguiadepamplona.com\\\/actualidad\\\/wp-content\\\/uploads\\\/2023\\\/05\\\/sorteo-mesas-electorales-pleno-nb5305.webp\",\"width\":1920,\"height\":1280},{\"@type\":\"BreadcrumbList\",\"@id\":\"https:\\\/\\\/www.laguiadepamplona.com\\\/actualidad\\\/estas-elecciones-hay-cambios-en-los-colegios-electorales-entre-traslados-y-desdoblamientos-los-centros-electorales-pasan-de-23-a-26-con-cambios-en-mesas-y-secciones\\\/#breadcrumb\",\"itemListElement\":[{\"@type\":\"ListItem\",\"position\":1,\"name\":\"Portada\",\"item\":\"https:\\\/\\\/www.laguiadepamplona.com\\\/actualidad\\\/\"},{\"@type\":\"ListItem\",\"position\":2,\"name\":\"Estas elecciones hay cambios en los colegios electorales: entre traslados y desdoblamientos los centros electorales pasan de 23 a 26, con cambios en mesas y secciones\"}]},{\"@type\":\"WebSite\",\"@id\":\"https:\\\/\\\/www.laguiadepamplona.com\\\/actualidad\\\/#website\",\"url\":\"https:\\\/\\\/www.laguiadepamplona.com\\\/actualidad\\\/\",\"name\":\"La gu\u00eda de Pamplona\",\"description\":\"Noticias de Pamplona\",\"publisher\":{\"@id\":\"https:\\\/\\\/www.laguiadepamplona.com\\\/actualidad\\\/#organization\"},\"potentialAction\":[{\"@type\":\"SearchAction\",\"target\":{\"@type\":\"EntryPoint\",\"urlTemplate\":\"https:\\\/\\\/www.laguiadepamplona.com\\\/actualidad\\\/?s={search_term_string}\"},\"query-input\":{\"@type\":\"PropertyValueSpecification\",\"valueRequired\":true,\"valueName\":\"search_term_string\"}}],\"inLanguage\":\"es\"},{\"@type\":\"Organization\",\"@id\":\"https:\\\/\\\/www.laguiadepamplona.com\\\/actualidad\\\/#organization\",\"name\":\"La Gu\u00eda de Pamplona \\\/ Noticias\",\"url\":\"https:\\\/\\\/www.laguiadepamplona.com\\\/actualidad\\\/\",\"logo\":{\"@type\":\"ImageObject\",\"inLanguage\":\"es\",\"@id\":\"https:\\\/\\\/www.laguiadepamplona.com\\\/actualidad\\\/#\\\/schema\\\/logo\\\/image\\\/\",\"url\":\"https:\\\/\\\/www.laguiadepamplona.com\\\/actualidad\\\/wp-content\\\/uploads\\\/2018\\\/11\\\/logo-laguiadepamplona18-web1.png\",\"contentUrl\":\"https:\\\/\\\/www.laguiadepamplona.com\\\/actualidad\\\/wp-content\\\/uploads\\\/2018\\\/11\\\/logo-laguiadepamplona18-web1.png\",\"width\":600,\"height\":196,\"caption\":\"La Gu\u00eda de Pamplona \\\/ Noticias\"},\"image\":{\"@id\":\"https:\\\/\\\/www.laguiadepamplona.com\\\/actualidad\\\/#\\\/schema\\\/logo\\\/image\\\/\"},\"sameAs\":[\"https:\\\/\\\/www.facebook.com\\\/laguiadepamplonacom-133175176762273\\\/?ref=hl\",\"https:\\\/\\\/x.com\\\/LaGuiadPamplona\",\"https:\\\/\\\/www.instagram.com\\\/la_guia_de_pamplona\\\/\",\"https:\\\/\\\/www.youtube.com\\\/user\\\/laguiadepamplona\"]},{\"@type\":\"Person\",\"@id\":\"https:\\\/\\\/www.laguiadepamplona.com\\\/actualidad\\\/#\\\/schema\\\/person\\\/efe887376f0213d4657c93adc50b1fdb\",\"name\":\"La Gu\u00eda de Pamplona\",\"image\":{\"@type\":\"ImageObject\",\"inLanguage\":\"es\",\"@id\":\"https:\\\/\\\/secure.gravatar.com\\\/avatar\\\/b6992f131dc8d30ab0dff15446e9d346d9dbd95992de0fef795073f5ea83a81c?s=96&d=mm&r=g\",\"url\":\"https:\\\/\\\/secure.gravatar.com\\\/avatar\\\/b6992f131dc8d30ab0dff15446e9d346d9dbd95992de0fef795073f5ea83a81c?s=96&d=mm&r=g\",\"contentUrl\":\"https:\\\/\\\/secure.gravatar.com\\\/avatar\\\/b6992f131dc8d30ab0dff15446e9d346d9dbd95992de0fef795073f5ea83a81c?s=96&d=mm&r=g\",\"caption\":\"La Gu\u00eda de Pamplona\"}}]}<\/script>\n<!-- \/ Yoast SEO plugin. -->","yoast_head_json":{"title":"Estas elecciones hay cambios en los colegios electorales: entre traslados y desdoblamientos los centros electorales pasan de 23 a 26, con cambios en mesas y secciones","description":"La ciudadan\u00eda ya puede consultar si son miembros de mesa electoral en las elecciones municipales y auton\u00f3micas del 28 de mayo","robots":{"index":"index","follow":"follow","max-snippet":"max-snippet:-1","max-image-preview":"max-image-preview:large","max-video-preview":"max-video-preview:-1"},"canonical":"https:\/\/www.laguiadepamplona.com\/actualidad\/estas-elecciones-hay-cambios-en-los-colegios-electorales-entre-traslados-y-desdoblamientos-los-centros-electorales-pasan-de-23-a-26-con-cambios-en-mesas-y-secciones\/","og_locale":"es_ES","og_type":"article","og_title":"Estas elecciones hay cambios en los colegios electorales: entre traslados y desdoblamientos los centros electorales pasan de 23 a 26, con cambios en mesas y secciones","og_description":"La ciudadan\u00eda ya puede consultar si son miembros de mesa electoral en las elecciones municipales y auton\u00f3micas del 28 de mayo","og_url":"https:\/\/www.laguiadepamplona.com\/actualidad\/estas-elecciones-hay-cambios-en-los-colegios-electorales-entre-traslados-y-desdoblamientos-los-centros-electorales-pasan-de-23-a-26-con-cambios-en-mesas-y-secciones\/","og_site_name":"La Gu\u00eda de Pamplona","article_publisher":"https:\/\/www.facebook.com\/laguiadepamplonacom-133175176762273\/?ref=hl","article_published_time":"2023-05-03T10:28:34+00:00","og_image":[{"width":1920,"height":1280,"url":"https:\/\/www.laguiadepamplona.com\/actualidad\/wp-content\/uploads\/2023\/05\/sorteo-mesas-electorales-pleno-nb5305.webp","type":"image\/webp"}],"author":"La Gu\u00eda de Pamplona","twitter_card":"summary_large_image","twitter_creator":"@LaGuiadPamplona","twitter_site":"@LaGuiadPamplona","twitter_misc":{"Escrito por":"La Gu\u00eda de Pamplona","Tiempo de lectura":"4 minutos"},"schema":{"@context":"https:\/\/schema.org","@graph":[{"@type":"Article","@id":"https:\/\/www.laguiadepamplona.com\/actualidad\/estas-elecciones-hay-cambios-en-los-colegios-electorales-entre-traslados-y-desdoblamientos-los-centros-electorales-pasan-de-23-a-26-con-cambios-en-mesas-y-secciones\/#article","isPartOf":{"@id":"https:\/\/www.laguiadepamplona.com\/actualidad\/estas-elecciones-hay-cambios-en-los-colegios-electorales-entre-traslados-y-desdoblamientos-los-centros-electorales-pasan-de-23-a-26-con-cambios-en-mesas-y-secciones\/"},"author":{"name":"La Gu\u00eda de Pamplona","@id":"https:\/\/www.laguiadepamplona.com\/actualidad\/#\/schema\/person\/efe887376f0213d4657c93adc50b1fdb"},"headline":"Estas elecciones hay cambios en los colegios electorales: entre traslados y desdoblamientos los centros electorales pasan de 23 a 26, con cambios en mesas y secciones","datePublished":"2023-05-03T10:28:34+00:00","mainEntityOfPage":{"@id":"https:\/\/www.laguiadepamplona.com\/actualidad\/estas-elecciones-hay-cambios-en-los-colegios-electorales-entre-traslados-y-desdoblamientos-los-centros-electorales-pasan-de-23-a-26-con-cambios-en-mesas-y-secciones\/"},"wordCount":787,"commentCount":0,"publisher":{"@id":"https:\/\/www.laguiadepamplona.com\/actualidad\/#organization"},"image":{"@id":"https:\/\/www.laguiadepamplona.com\/actualidad\/estas-elecciones-hay-cambios-en-los-colegios-electorales-entre-traslados-y-desdoblamientos-los-centros-electorales-pasan-de-23-a-26-con-cambios-en-mesas-y-secciones\/#primaryimage"},"thumbnailUrl":"https:\/\/www.laguiadepamplona.com\/actualidad\/wp-content\/uploads\/2023\/05\/sorteo-mesas-electorales-pleno-nb5305.webp","articleSection":["Ayto Pamplona"],"inLanguage":"es","potentialAction":[{"@type":"CommentAction","name":"Comment","target":["https:\/\/www.laguiadepamplona.com\/actualidad\/estas-elecciones-hay-cambios-en-los-colegios-electorales-entre-traslados-y-desdoblamientos-los-centros-electorales-pasan-de-23-a-26-con-cambios-en-mesas-y-secciones\/#respond"]}]},{"@type":"WebPage","@id":"https:\/\/www.laguiadepamplona.com\/actualidad\/estas-elecciones-hay-cambios-en-los-colegios-electorales-entre-traslados-y-desdoblamientos-los-centros-electorales-pasan-de-23-a-26-con-cambios-en-mesas-y-secciones\/","url":"https:\/\/www.laguiadepamplona.com\/actualidad\/estas-elecciones-hay-cambios-en-los-colegios-electorales-entre-traslados-y-desdoblamientos-los-centros-electorales-pasan-de-23-a-26-con-cambios-en-mesas-y-secciones\/","name":"Estas elecciones hay cambios en los colegios electorales: entre traslados y desdoblamientos los centros electorales pasan de 23 a 26, con cambios en mesas y secciones","isPartOf":{"@id":"https:\/\/www.laguiadepamplona.com\/actualidad\/#website"},"primaryImageOfPage":{"@id":"https:\/\/www.laguiadepamplona.com\/actualidad\/estas-elecciones-hay-cambios-en-los-colegios-electorales-entre-traslados-y-desdoblamientos-los-centros-electorales-pasan-de-23-a-26-con-cambios-en-mesas-y-secciones\/#primaryimage"},"image":{"@id":"https:\/\/www.laguiadepamplona.com\/actualidad\/estas-elecciones-hay-cambios-en-los-colegios-electorales-entre-traslados-y-desdoblamientos-los-centros-electorales-pasan-de-23-a-26-con-cambios-en-mesas-y-secciones\/#primaryimage"},"thumbnailUrl":"https:\/\/www.laguiadepamplona.com\/actualidad\/wp-content\/uploads\/2023\/05\/sorteo-mesas-electorales-pleno-nb5305.webp","datePublished":"2023-05-03T10:28:34+00:00","description":"La ciudadan\u00eda ya puede consultar si son miembros de mesa electoral en las elecciones municipales y auton\u00f3micas del 28 de mayo","breadcrumb":{"@id":"https:\/\/www.laguiadepamplona.com\/actualidad\/estas-elecciones-hay-cambios-en-los-colegios-electorales-entre-traslados-y-desdoblamientos-los-centros-electorales-pasan-de-23-a-26-con-cambios-en-mesas-y-secciones\/#breadcrumb"},"inLanguage":"es","potentialAction":[{"@type":"ReadAction","target":["https:\/\/www.laguiadepamplona.com\/actualidad\/estas-elecciones-hay-cambios-en-los-colegios-electorales-entre-traslados-y-desdoblamientos-los-centros-electorales-pasan-de-23-a-26-con-cambios-en-mesas-y-secciones\/"]}]},{"@type":"ImageObject","inLanguage":"es","@id":"https:\/\/www.laguiadepamplona.com\/actualidad\/estas-elecciones-hay-cambios-en-los-colegios-electorales-entre-traslados-y-desdoblamientos-los-centros-electorales-pasan-de-23-a-26-con-cambios-en-mesas-y-secciones\/#primaryimage","url":"https:\/\/www.laguiadepamplona.com\/actualidad\/wp-content\/uploads\/2023\/05\/sorteo-mesas-electorales-pleno-nb5305.webp","contentUrl":"https:\/\/www.laguiadepamplona.com\/actualidad\/wp-content\/uploads\/2023\/05\/sorteo-mesas-electorales-pleno-nb5305.webp","width":1920,"height":1280},{"@type":"BreadcrumbList","@id":"https:\/\/www.laguiadepamplona.com\/actualidad\/estas-elecciones-hay-cambios-en-los-colegios-electorales-entre-traslados-y-desdoblamientos-los-centros-electorales-pasan-de-23-a-26-con-cambios-en-mesas-y-secciones\/#breadcrumb","itemListElement":[{"@type":"ListItem","position":1,"name":"Portada","item":"https:\/\/www.laguiadepamplona.com\/actualidad\/"},{"@type":"ListItem","position":2,"name":"Estas elecciones hay cambios en los colegios electorales: entre traslados y desdoblamientos los centros electorales pasan de 23 a 26, con cambios en mesas y secciones"}]},{"@type":"WebSite","@id":"https:\/\/www.laguiadepamplona.com\/actualidad\/#website","url":"https:\/\/www.laguiadepamplona.com\/actualidad\/","name":"La gu\u00eda de Pamplona","description":"Noticias de Pamplona","publisher":{"@id":"https:\/\/www.laguiadepamplona.com\/actualidad\/#organization"},"potentialAction":[{"@type":"SearchAction","target":{"@type":"EntryPoint","urlTemplate":"https:\/\/www.laguiadepamplona.com\/actualidad\/?s={search_term_string}"},"query-input":{"@type":"PropertyValueSpecification","valueRequired":true,"valueName":"search_term_string"}}],"inLanguage":"es"},{"@type":"Organization","@id":"https:\/\/www.laguiadepamplona.com\/actualidad\/#organization","name":"La Gu\u00eda de Pamplona \/ Noticias","url":"https:\/\/www.laguiadepamplona.com\/actualidad\/","logo":{"@type":"ImageObject","inLanguage":"es","@id":"https:\/\/www.laguiadepamplona.com\/actualidad\/#\/schema\/logo\/image\/","url":"https:\/\/www.laguiadepamplona.com\/actualidad\/wp-content\/uploads\/2018\/11\/logo-laguiadepamplona18-web1.png","contentUrl":"https:\/\/www.laguiadepamplona.com\/actualidad\/wp-content\/uploads\/2018\/11\/logo-laguiadepamplona18-web1.png","width":600,"height":196,"caption":"La Gu\u00eda de Pamplona \/ Noticias"},"image":{"@id":"https:\/\/www.laguiadepamplona.com\/actualidad\/#\/schema\/logo\/image\/"},"sameAs":["https:\/\/www.facebook.com\/laguiadepamplonacom-133175176762273\/?ref=hl","https:\/\/x.com\/LaGuiadPamplona","https:\/\/www.instagram.com\/la_guia_de_pamplona\/","https:\/\/www.youtube.com\/user\/laguiadepamplona"]},{"@type":"Person","@id":"https:\/\/www.laguiadepamplona.com\/actualidad\/#\/schema\/person\/efe887376f0213d4657c93adc50b1fdb","name":"La Gu\u00eda de Pamplona","image":{"@type":"ImageObject","inLanguage":"es","@id":"https:\/\/secure.gravatar.com\/avatar\/b6992f131dc8d30ab0dff15446e9d346d9dbd95992de0fef795073f5ea83a81c?s=96&d=mm&r=g","url":"https:\/\/secure.gravatar.com\/avatar\/b6992f131dc8d30ab0dff15446e9d346d9dbd95992de0fef795073f5ea83a81c?s=96&d=mm&r=g","contentUrl":"https:\/\/secure.gravatar.com\/avatar\/b6992f131dc8d30ab0dff15446e9d346d9dbd95992de0fef795073f5ea83a81c?s=96&d=mm&r=g","caption":"La Gu\u00eda de Pamplona"}}]}},"post_mailing_queue_ids":[],"_links":{"self":[{"href":"https:\/\/www.laguiadepamplona.com\/actualidad\/wp-json\/wp\/v2\/posts\/46558","targetHints":{"allow":["GET"]}}],"collection":[{"href":"https:\/\/www.laguiadepamplona.com\/actualidad\/wp-json\/wp\/v2\/posts"}],"about":[{"href":"https:\/\/www.laguiadepamplona.com\/actualidad\/wp-json\/wp\/v2\/types\/post"}],"author":[{"embeddable":true,"href":"https:\/\/www.laguiadepamplona.com\/actualidad\/wp-json\/wp\/v2\/users\/1"}],"replies":[{"embeddable":true,"href":"https:\/\/www.laguiadepamplona.com\/actualidad\/wp-json\/wp\/v2\/comments?post=46558"}],"version-history":[{"count":1,"href":"https:\/\/www.laguiadepamplona.com\/actualidad\/wp-json\/wp\/v2\/posts\/46558\/revisions"}],"predecessor-version":[{"id":46560,"href":"https:\/\/www.laguiadepamplona.com\/actualidad\/wp-json\/wp\/v2\/posts\/46558\/revisions\/46560"}],"wp:featuredmedia":[{"embeddable":true,"href":"https:\/\/www.laguiadepamplona.com\/actualidad\/wp-json\/wp\/v2\/media\/46559"}],"wp:attachment":[{"href":"https:\/\/www.laguiadepamplona.com\/actualidad\/wp-json\/wp\/v2\/media?parent=46558"}],"wp:term":[{"taxonomy":"category","embeddable":true,"href":"https:\/\/www.laguiadepamplona.com\/actualidad\/wp-json\/wp\/v2\/categories?post=46558"},{"taxonomy":"post_tag","embeddable":true,"href":"https:\/\/www.laguiadepamplona.com\/actualidad\/wp-json\/wp\/v2\/tags?post=46558"}],"curies":[{"name":"wp","href":"https:\/\/api.w.org\/{rel}","templated":true}]}}