{"id":46555,"date":"2023-05-02T17:26:19","date_gmt":"2023-05-02T15:26:19","guid":{"rendered":"https:\/\/www.laguiadepamplona.com\/actualidad\/?p=46555"},"modified":"2023-05-02T17:26:19","modified_gmt":"2023-05-02T15:26:19","slug":"el-museo-de-educacion-ambiental-acoge-este-miercoles-una-sesion-informativa-para-crear-un-laboratorio-urbano-dentro-del-proyecto-europeo-open-lab","status":"publish","type":"post","link":"https:\/\/www.laguiadepamplona.com\/actualidad\/el-museo-de-educacion-ambiental-acoge-este-miercoles-una-sesion-informativa-para-crear-un-laboratorio-urbano-dentro-del-proyecto-europeo-open-lab\/","title":{"rendered":"El Museo de Educaci\u00f3n Ambiental acoge este mi\u00e9rcoles una sesi\u00f3n informativa para crear un Laboratorio Urbano dentro del proyecto europeo oPEN Lab"},"content":{"rendered":"<h3>El Laboratorio pretende que diferentes agentes definan el modelo que se quiere en Rochapea para su transformaci\u00f3n como Barrio de Energ\u00eda Positiva<\/h3>\n<p><!--more--><\/p>\n<p>Ma\u00f1ana mi\u00e9rcoles se celebra en el Museo de Educaci\u00f3n Ambiental una sesi\u00f3n informativa relacionada con el proyecto europeo oPEN Lab que se desarrolla en el barrio de la Rochapea. Uno de los objetivos espec\u00edficos del proyecto es poner en marcha un Laboratorio Urbano, buscando conseguir la implicaci\u00f3n de la ciudadan\u00eda y los agentes locales del barrio. La sesi\u00f3n dar\u00e1 comienzo a las 19 horas y est\u00e1 abierta a la participaci\u00f3n de cualquier persona o entidad interesada en el proyecto. Es necesario inscribirse a trav\u00e9s de un <a href=\"https:\/\/docs.google.com\/forms\/d\/e\/1FAIpQLScGwUZ0_Na0iG3ExlEL0t5PYpKqi0-Fjbeb0VJYil_hpg5s5A\/viewform\" target=\"_blank\" rel=\"noopener\">formulario online<\/a>.<br \/>\n<script async src=\"\/\/pagead2.googlesyndication.com\/pagead\/js\/adsbygoogle.js\"><\/script><br \/>\n<!-- Noticias La Guia de Pamplona --><br \/>\n<ins class=\"adsbygoogle\"\nstyle=\"display:block\"\ndata-ad-client=\"ca-pub-6943679897239327\"\ndata-ad-slot=\"7048180777\"\ndata-ad-format=\"auto\"><\/ins><br \/>\n<script>\n(adsbygoogle = window.adsbygoogle || []).push({});\n<\/script><\/p>\n<p>Un Laboratorio Urbano se define como un espacio aut\u00f3nomo y de intercambio de conocimientos diversos, donde diferentes agentes definen de forma conjunta el modelo de barrio que quieren perseguir y definen propuestas acordes a su contexto, experimentando y testeando las soluciones innovadoras dise\u00f1adas, todas orientadas a la mejora de la vida cotidiana de la poblaci\u00f3n. Esta primera sesi\u00f3n ser\u00e1 principalmente\u00a0<strong>informativa<\/strong> para proporcionar datos claros sobre lo que se persigue, el papel del oPEN Lab en este recorrido a largo plazo, qu\u00e9 es un Barrio de Energ\u00eda Positiva y un Laboratorio Urbano, para mostrar las herramientas que se han desarrollado al respecto y para explicar c\u00f3mo se puede formar parte del proceso.<\/p>\n<p>Este conocimiento previo es b\u00e1sico para que el conjunto de agentes y, de forma especial la ciudadan\u00eda, conozca con claridad el proyecto, el contexto del mismo y pueda decidir qu\u00e9 tipo de participaci\u00f3n y rol quiere tener en \u00e9l. Las entidades socias han estado trabajando en dar forma a toda la informaci\u00f3n previa necesaria para abrir el proceso a la ciudadan\u00eda y al resto de agentes implicados, as\u00ed como en el desarrollo de herramientas participativas e interactivas que den soporte al desarrollo de este proceso. Lo que se pretende alcanzar con el proceso puesto en marcha es que la ciudadan\u00eda se transforme progresivamente en un agente de cambio, tomando un rol protagonista como informante clave y como sujeto que participa activamente en la definici\u00f3n de soluciones a implementar, actividades, proyectos de mejora, etc.<br \/>\n<script async src=\"\/\/pagead2.googlesyndication.com\/pagead\/js\/adsbygoogle.js\"><\/script><br \/>\n<!-- Noticias La Guia de Pamplona --><br \/>\n<ins class=\"adsbygoogle\"\nstyle=\"display:block\"\ndata-ad-client=\"ca-pub-6943679897239327\"\ndata-ad-slot=\"7048180777\"\ndata-ad-format=\"auto\"><\/ins><br \/>\n<script>\n(adsbygoogle = window.adsbygoogle || []).push({});\n<\/script><\/p>\n<p>El proyecto europeo oPEN Lab, financiado por la UE dentro del programa H2020, tiene como objetivo la puesta en marcha de un proceso colectivo que facilite la transformaci\u00f3n de\u00a0la <strong>Rochapea en un Barrio de Energ\u00eda Positiva<\/strong>, es decir, en un entorno que alcance una autosuficiencia\u00a0energ\u00e9tica e, incluso, produzca un excedente que se pueda vender a los barrios vecinos, generando ahorros significativos y posibles beneficios para el barrio que se puedan volver a invertir en el mismo. Adem\u00e1s, ayuda a reducir las emisiones contaminantes y fortalece la comunidad local.<\/p>\n","protected":false},"excerpt":{"rendered":"<p>El Laboratorio pretende que diferentes agentes definan el modelo que se quiere en Rochapea para su transformaci\u00f3n como Barrio de Energ\u00eda Positiva<\/p>\n","protected":false},"author":1,"featured_media":46556,"comment_status":"open","ping_status":"closed","sticky":false,"template":"","format":"standard","meta":{"footnotes":""},"categories":[2],"tags":[],"class_list":["post-46555","post","type-post","status-publish","format-standard","has-post-thumbnail","hentry","category-ayuntamiento-pamplona"],"yoast_head":"<!-- This site is optimized with the Yoast SEO plugin v27.3 - https:\/\/yoast.com\/product\/yoast-seo-wordpress\/ -->\n<title>El Museo de Educaci\u00f3n Ambiental acoge este mi\u00e9rcoles una sesi\u00f3n informativa para crear un Laboratorio Urbano dentro del proyecto europeo oPEN Lab<\/title>\n<meta name=\"description\" content=\"El Laboratorio pretende que diferentes agentes definan el modelo que se quiere en Rochapea para su transformaci\u00f3n como Barrio de Energ\u00eda Positiva\" \/>\n<meta name=\"robots\" content=\"index, follow, max-snippet:-1, max-image-preview:large, max-video-preview:-1\" \/>\n<link rel=\"canonical\" href=\"https:\/\/www.laguiadepamplona.com\/actualidad\/el-museo-de-educacion-ambiental-acoge-este-miercoles-una-sesion-informativa-para-crear-un-laboratorio-urbano-dentro-del-proyecto-europeo-open-lab\/\" \/>\n<meta property=\"og:locale\" content=\"es_ES\" \/>\n<meta property=\"og:type\" content=\"article\" \/>\n<meta property=\"og:title\" content=\"El Museo de Educaci\u00f3n Ambiental acoge este mi\u00e9rcoles una sesi\u00f3n informativa para crear un Laboratorio Urbano dentro del proyecto europeo oPEN Lab\" \/>\n<meta property=\"og:description\" content=\"El Laboratorio pretende que diferentes agentes definan el modelo que se quiere en Rochapea para su transformaci\u00f3n como Barrio de Energ\u00eda Positiva\" \/>\n<meta property=\"og:url\" content=\"https:\/\/www.laguiadepamplona.com\/actualidad\/el-museo-de-educacion-ambiental-acoge-este-miercoles-una-sesion-informativa-para-crear-un-laboratorio-urbano-dentro-del-proyecto-europeo-open-lab\/\" \/>\n<meta property=\"og:site_name\" content=\"La Gu\u00eda de Pamplona\" \/>\n<meta property=\"article:publisher\" content=\"https:\/\/www.facebook.com\/laguiadepamplonacom-133175176762273\/?ref=hl\" \/>\n<meta property=\"article:published_time\" content=\"2023-05-02T15:26:19+00:00\" \/>\n<meta property=\"og:image\" content=\"https:\/\/www.laguiadepamplona.com\/actualidad\/wp-content\/uploads\/2023\/05\/energia_ahorro_01_6.webp\" \/>\n\t<meta property=\"og:image:width\" content=\"1200\" \/>\n\t<meta property=\"og:image:height\" content=\"800\" \/>\n\t<meta property=\"og:image:type\" content=\"image\/webp\" \/>\n<meta name=\"author\" content=\"La Gu\u00eda de Pamplona\" \/>\n<meta name=\"twitter:card\" content=\"summary_large_image\" \/>\n<meta name=\"twitter:creator\" content=\"@LaGuiadPamplona\" \/>\n<meta name=\"twitter:site\" content=\"@LaGuiadPamplona\" \/>\n<meta name=\"twitter:label1\" content=\"Escrito por\" \/>\n\t<meta name=\"twitter:data1\" content=\"La Gu\u00eda de Pamplona\" \/>\n\t<meta name=\"twitter:label2\" content=\"Tiempo de lectura\" \/>\n\t<meta name=\"twitter:data2\" content=\"3 minutos\" \/>\n<script type=\"application\/ld+json\" class=\"yoast-schema-graph\">{\"@context\":\"https:\\\/\\\/schema.org\",\"@graph\":[{\"@type\":\"Article\",\"@id\":\"https:\\\/\\\/www.laguiadepamplona.com\\\/actualidad\\\/el-museo-de-educacion-ambiental-acoge-este-miercoles-una-sesion-informativa-para-crear-un-laboratorio-urbano-dentro-del-proyecto-europeo-open-lab\\\/#article\",\"isPartOf\":{\"@id\":\"https:\\\/\\\/www.laguiadepamplona.com\\\/actualidad\\\/el-museo-de-educacion-ambiental-acoge-este-miercoles-una-sesion-informativa-para-crear-un-laboratorio-urbano-dentro-del-proyecto-europeo-open-lab\\\/\"},\"author\":{\"name\":\"La Gu\u00eda de Pamplona\",\"@id\":\"https:\\\/\\\/www.laguiadepamplona.com\\\/actualidad\\\/#\\\/schema\\\/person\\\/efe887376f0213d4657c93adc50b1fdb\"},\"headline\":\"El Museo de Educaci\u00f3n Ambiental acoge este mi\u00e9rcoles una sesi\u00f3n informativa para crear un Laboratorio Urbano dentro del proyecto europeo oPEN Lab\",\"datePublished\":\"2023-05-02T15:26:19+00:00\",\"mainEntityOfPage\":{\"@id\":\"https:\\\/\\\/www.laguiadepamplona.com\\\/actualidad\\\/el-museo-de-educacion-ambiental-acoge-este-miercoles-una-sesion-informativa-para-crear-un-laboratorio-urbano-dentro-del-proyecto-europeo-open-lab\\\/\"},\"wordCount\":498,\"commentCount\":0,\"publisher\":{\"@id\":\"https:\\\/\\\/www.laguiadepamplona.com\\\/actualidad\\\/#organization\"},\"image\":{\"@id\":\"https:\\\/\\\/www.laguiadepamplona.com\\\/actualidad\\\/el-museo-de-educacion-ambiental-acoge-este-miercoles-una-sesion-informativa-para-crear-un-laboratorio-urbano-dentro-del-proyecto-europeo-open-lab\\\/#primaryimage\"},\"thumbnailUrl\":\"https:\\\/\\\/www.laguiadepamplona.com\\\/actualidad\\\/wp-content\\\/uploads\\\/2023\\\/05\\\/energia_ahorro_01_6.webp\",\"articleSection\":[\"Ayto Pamplona\"],\"inLanguage\":\"es\",\"potentialAction\":[{\"@type\":\"CommentAction\",\"name\":\"Comment\",\"target\":[\"https:\\\/\\\/www.laguiadepamplona.com\\\/actualidad\\\/el-museo-de-educacion-ambiental-acoge-este-miercoles-una-sesion-informativa-para-crear-un-laboratorio-urbano-dentro-del-proyecto-europeo-open-lab\\\/#respond\"]}]},{\"@type\":\"WebPage\",\"@id\":\"https:\\\/\\\/www.laguiadepamplona.com\\\/actualidad\\\/el-museo-de-educacion-ambiental-acoge-este-miercoles-una-sesion-informativa-para-crear-un-laboratorio-urbano-dentro-del-proyecto-europeo-open-lab\\\/\",\"url\":\"https:\\\/\\\/www.laguiadepamplona.com\\\/actualidad\\\/el-museo-de-educacion-ambiental-acoge-este-miercoles-una-sesion-informativa-para-crear-un-laboratorio-urbano-dentro-del-proyecto-europeo-open-lab\\\/\",\"name\":\"El Museo de Educaci\u00f3n Ambiental acoge este mi\u00e9rcoles una sesi\u00f3n informativa para crear un Laboratorio Urbano dentro del proyecto europeo oPEN Lab\",\"isPartOf\":{\"@id\":\"https:\\\/\\\/www.laguiadepamplona.com\\\/actualidad\\\/#website\"},\"primaryImageOfPage\":{\"@id\":\"https:\\\/\\\/www.laguiadepamplona.com\\\/actualidad\\\/el-museo-de-educacion-ambiental-acoge-este-miercoles-una-sesion-informativa-para-crear-un-laboratorio-urbano-dentro-del-proyecto-europeo-open-lab\\\/#primaryimage\"},\"image\":{\"@id\":\"https:\\\/\\\/www.laguiadepamplona.com\\\/actualidad\\\/el-museo-de-educacion-ambiental-acoge-este-miercoles-una-sesion-informativa-para-crear-un-laboratorio-urbano-dentro-del-proyecto-europeo-open-lab\\\/#primaryimage\"},\"thumbnailUrl\":\"https:\\\/\\\/www.laguiadepamplona.com\\\/actualidad\\\/wp-content\\\/uploads\\\/2023\\\/05\\\/energia_ahorro_01_6.webp\",\"datePublished\":\"2023-05-02T15:26:19+00:00\",\"description\":\"El Laboratorio pretende que diferentes agentes definan el modelo que se quiere en Rochapea para su transformaci\u00f3n como Barrio de Energ\u00eda Positiva\",\"breadcrumb\":{\"@id\":\"https:\\\/\\\/www.laguiadepamplona.com\\\/actualidad\\\/el-museo-de-educacion-ambiental-acoge-este-miercoles-una-sesion-informativa-para-crear-un-laboratorio-urbano-dentro-del-proyecto-europeo-open-lab\\\/#breadcrumb\"},\"inLanguage\":\"es\",\"potentialAction\":[{\"@type\":\"ReadAction\",\"target\":[\"https:\\\/\\\/www.laguiadepamplona.com\\\/actualidad\\\/el-museo-de-educacion-ambiental-acoge-este-miercoles-una-sesion-informativa-para-crear-un-laboratorio-urbano-dentro-del-proyecto-europeo-open-lab\\\/\"]}]},{\"@type\":\"ImageObject\",\"inLanguage\":\"es\",\"@id\":\"https:\\\/\\\/www.laguiadepamplona.com\\\/actualidad\\\/el-museo-de-educacion-ambiental-acoge-este-miercoles-una-sesion-informativa-para-crear-un-laboratorio-urbano-dentro-del-proyecto-europeo-open-lab\\\/#primaryimage\",\"url\":\"https:\\\/\\\/www.laguiadepamplona.com\\\/actualidad\\\/wp-content\\\/uploads\\\/2023\\\/05\\\/energia_ahorro_01_6.webp\",\"contentUrl\":\"https:\\\/\\\/www.laguiadepamplona.com\\\/actualidad\\\/wp-content\\\/uploads\\\/2023\\\/05\\\/energia_ahorro_01_6.webp\",\"width\":1200,\"height\":800},{\"@type\":\"BreadcrumbList\",\"@id\":\"https:\\\/\\\/www.laguiadepamplona.com\\\/actualidad\\\/el-museo-de-educacion-ambiental-acoge-este-miercoles-una-sesion-informativa-para-crear-un-laboratorio-urbano-dentro-del-proyecto-europeo-open-lab\\\/#breadcrumb\",\"itemListElement\":[{\"@type\":\"ListItem\",\"position\":1,\"name\":\"Portada\",\"item\":\"https:\\\/\\\/www.laguiadepamplona.com\\\/actualidad\\\/\"},{\"@type\":\"ListItem\",\"position\":2,\"name\":\"El Museo de Educaci\u00f3n Ambiental acoge este mi\u00e9rcoles una sesi\u00f3n informativa para crear un Laboratorio Urbano dentro del proyecto europeo oPEN Lab\"}]},{\"@type\":\"WebSite\",\"@id\":\"https:\\\/\\\/www.laguiadepamplona.com\\\/actualidad\\\/#website\",\"url\":\"https:\\\/\\\/www.laguiadepamplona.com\\\/actualidad\\\/\",\"name\":\"La gu\u00eda de Pamplona\",\"description\":\"Noticias de Pamplona\",\"publisher\":{\"@id\":\"https:\\\/\\\/www.laguiadepamplona.com\\\/actualidad\\\/#organization\"},\"potentialAction\":[{\"@type\":\"SearchAction\",\"target\":{\"@type\":\"EntryPoint\",\"urlTemplate\":\"https:\\\/\\\/www.laguiadepamplona.com\\\/actualidad\\\/?s={search_term_string}\"},\"query-input\":{\"@type\":\"PropertyValueSpecification\",\"valueRequired\":true,\"valueName\":\"search_term_string\"}}],\"inLanguage\":\"es\"},{\"@type\":\"Organization\",\"@id\":\"https:\\\/\\\/www.laguiadepamplona.com\\\/actualidad\\\/#organization\",\"name\":\"La Gu\u00eda de Pamplona \\\/ Noticias\",\"url\":\"https:\\\/\\\/www.laguiadepamplona.com\\\/actualidad\\\/\",\"logo\":{\"@type\":\"ImageObject\",\"inLanguage\":\"es\",\"@id\":\"https:\\\/\\\/www.laguiadepamplona.com\\\/actualidad\\\/#\\\/schema\\\/logo\\\/image\\\/\",\"url\":\"https:\\\/\\\/www.laguiadepamplona.com\\\/actualidad\\\/wp-content\\\/uploads\\\/2018\\\/11\\\/logo-laguiadepamplona18-web1.png\",\"contentUrl\":\"https:\\\/\\\/www.laguiadepamplona.com\\\/actualidad\\\/wp-content\\\/uploads\\\/2018\\\/11\\\/logo-laguiadepamplona18-web1.png\",\"width\":600,\"height\":196,\"caption\":\"La Gu\u00eda de Pamplona \\\/ Noticias\"},\"image\":{\"@id\":\"https:\\\/\\\/www.laguiadepamplona.com\\\/actualidad\\\/#\\\/schema\\\/logo\\\/image\\\/\"},\"sameAs\":[\"https:\\\/\\\/www.facebook.com\\\/laguiadepamplonacom-133175176762273\\\/?ref=hl\",\"https:\\\/\\\/x.com\\\/LaGuiadPamplona\",\"https:\\\/\\\/www.instagram.com\\\/la_guia_de_pamplona\\\/\",\"https:\\\/\\\/www.youtube.com\\\/user\\\/laguiadepamplona\"]},{\"@type\":\"Person\",\"@id\":\"https:\\\/\\\/www.laguiadepamplona.com\\\/actualidad\\\/#\\\/schema\\\/person\\\/efe887376f0213d4657c93adc50b1fdb\",\"name\":\"La Gu\u00eda de Pamplona\",\"image\":{\"@type\":\"ImageObject\",\"inLanguage\":\"es\",\"@id\":\"https:\\\/\\\/secure.gravatar.com\\\/avatar\\\/b6992f131dc8d30ab0dff15446e9d346d9dbd95992de0fef795073f5ea83a81c?s=96&d=mm&r=g\",\"url\":\"https:\\\/\\\/secure.gravatar.com\\\/avatar\\\/b6992f131dc8d30ab0dff15446e9d346d9dbd95992de0fef795073f5ea83a81c?s=96&d=mm&r=g\",\"contentUrl\":\"https:\\\/\\\/secure.gravatar.com\\\/avatar\\\/b6992f131dc8d30ab0dff15446e9d346d9dbd95992de0fef795073f5ea83a81c?s=96&d=mm&r=g\",\"caption\":\"La Gu\u00eda de Pamplona\"}}]}<\/script>\n<!-- \/ Yoast SEO plugin. -->","yoast_head_json":{"title":"El Museo de Educaci\u00f3n Ambiental acoge este mi\u00e9rcoles una sesi\u00f3n informativa para crear un Laboratorio Urbano dentro del proyecto europeo oPEN Lab","description":"El Laboratorio pretende que diferentes agentes definan el modelo que se quiere en Rochapea para su transformaci\u00f3n como Barrio de Energ\u00eda Positiva","robots":{"index":"index","follow":"follow","max-snippet":"max-snippet:-1","max-image-preview":"max-image-preview:large","max-video-preview":"max-video-preview:-1"},"canonical":"https:\/\/www.laguiadepamplona.com\/actualidad\/el-museo-de-educacion-ambiental-acoge-este-miercoles-una-sesion-informativa-para-crear-un-laboratorio-urbano-dentro-del-proyecto-europeo-open-lab\/","og_locale":"es_ES","og_type":"article","og_title":"El Museo de Educaci\u00f3n Ambiental acoge este mi\u00e9rcoles una sesi\u00f3n informativa para crear un Laboratorio Urbano dentro del proyecto europeo oPEN Lab","og_description":"El Laboratorio pretende que diferentes agentes definan el modelo que se quiere en Rochapea para su transformaci\u00f3n como Barrio de Energ\u00eda Positiva","og_url":"https:\/\/www.laguiadepamplona.com\/actualidad\/el-museo-de-educacion-ambiental-acoge-este-miercoles-una-sesion-informativa-para-crear-un-laboratorio-urbano-dentro-del-proyecto-europeo-open-lab\/","og_site_name":"La Gu\u00eda de Pamplona","article_publisher":"https:\/\/www.facebook.com\/laguiadepamplonacom-133175176762273\/?ref=hl","article_published_time":"2023-05-02T15:26:19+00:00","og_image":[{"width":1200,"height":800,"url":"https:\/\/www.laguiadepamplona.com\/actualidad\/wp-content\/uploads\/2023\/05\/energia_ahorro_01_6.webp","type":"image\/webp"}],"author":"La Gu\u00eda de Pamplona","twitter_card":"summary_large_image","twitter_creator":"@LaGuiadPamplona","twitter_site":"@LaGuiadPamplona","twitter_misc":{"Escrito por":"La Gu\u00eda de Pamplona","Tiempo de lectura":"3 minutos"},"schema":{"@context":"https:\/\/schema.org","@graph":[{"@type":"Article","@id":"https:\/\/www.laguiadepamplona.com\/actualidad\/el-museo-de-educacion-ambiental-acoge-este-miercoles-una-sesion-informativa-para-crear-un-laboratorio-urbano-dentro-del-proyecto-europeo-open-lab\/#article","isPartOf":{"@id":"https:\/\/www.laguiadepamplona.com\/actualidad\/el-museo-de-educacion-ambiental-acoge-este-miercoles-una-sesion-informativa-para-crear-un-laboratorio-urbano-dentro-del-proyecto-europeo-open-lab\/"},"author":{"name":"La Gu\u00eda de Pamplona","@id":"https:\/\/www.laguiadepamplona.com\/actualidad\/#\/schema\/person\/efe887376f0213d4657c93adc50b1fdb"},"headline":"El Museo de Educaci\u00f3n Ambiental acoge este mi\u00e9rcoles una sesi\u00f3n informativa para crear un Laboratorio Urbano dentro del proyecto europeo oPEN Lab","datePublished":"2023-05-02T15:26:19+00:00","mainEntityOfPage":{"@id":"https:\/\/www.laguiadepamplona.com\/actualidad\/el-museo-de-educacion-ambiental-acoge-este-miercoles-una-sesion-informativa-para-crear-un-laboratorio-urbano-dentro-del-proyecto-europeo-open-lab\/"},"wordCount":498,"commentCount":0,"publisher":{"@id":"https:\/\/www.laguiadepamplona.com\/actualidad\/#organization"},"image":{"@id":"https:\/\/www.laguiadepamplona.com\/actualidad\/el-museo-de-educacion-ambiental-acoge-este-miercoles-una-sesion-informativa-para-crear-un-laboratorio-urbano-dentro-del-proyecto-europeo-open-lab\/#primaryimage"},"thumbnailUrl":"https:\/\/www.laguiadepamplona.com\/actualidad\/wp-content\/uploads\/2023\/05\/energia_ahorro_01_6.webp","articleSection":["Ayto Pamplona"],"inLanguage":"es","potentialAction":[{"@type":"CommentAction","name":"Comment","target":["https:\/\/www.laguiadepamplona.com\/actualidad\/el-museo-de-educacion-ambiental-acoge-este-miercoles-una-sesion-informativa-para-crear-un-laboratorio-urbano-dentro-del-proyecto-europeo-open-lab\/#respond"]}]},{"@type":"WebPage","@id":"https:\/\/www.laguiadepamplona.com\/actualidad\/el-museo-de-educacion-ambiental-acoge-este-miercoles-una-sesion-informativa-para-crear-un-laboratorio-urbano-dentro-del-proyecto-europeo-open-lab\/","url":"https:\/\/www.laguiadepamplona.com\/actualidad\/el-museo-de-educacion-ambiental-acoge-este-miercoles-una-sesion-informativa-para-crear-un-laboratorio-urbano-dentro-del-proyecto-europeo-open-lab\/","name":"El Museo de Educaci\u00f3n Ambiental acoge este mi\u00e9rcoles una sesi\u00f3n informativa para crear un Laboratorio Urbano dentro del proyecto europeo oPEN Lab","isPartOf":{"@id":"https:\/\/www.laguiadepamplona.com\/actualidad\/#website"},"primaryImageOfPage":{"@id":"https:\/\/www.laguiadepamplona.com\/actualidad\/el-museo-de-educacion-ambiental-acoge-este-miercoles-una-sesion-informativa-para-crear-un-laboratorio-urbano-dentro-del-proyecto-europeo-open-lab\/#primaryimage"},"image":{"@id":"https:\/\/www.laguiadepamplona.com\/actualidad\/el-museo-de-educacion-ambiental-acoge-este-miercoles-una-sesion-informativa-para-crear-un-laboratorio-urbano-dentro-del-proyecto-europeo-open-lab\/#primaryimage"},"thumbnailUrl":"https:\/\/www.laguiadepamplona.com\/actualidad\/wp-content\/uploads\/2023\/05\/energia_ahorro_01_6.webp","datePublished":"2023-05-02T15:26:19+00:00","description":"El Laboratorio pretende que diferentes agentes definan el modelo que se quiere en Rochapea para su transformaci\u00f3n como Barrio de Energ\u00eda Positiva","breadcrumb":{"@id":"https:\/\/www.laguiadepamplona.com\/actualidad\/el-museo-de-educacion-ambiental-acoge-este-miercoles-una-sesion-informativa-para-crear-un-laboratorio-urbano-dentro-del-proyecto-europeo-open-lab\/#breadcrumb"},"inLanguage":"es","potentialAction":[{"@type":"ReadAction","target":["https:\/\/www.laguiadepamplona.com\/actualidad\/el-museo-de-educacion-ambiental-acoge-este-miercoles-una-sesion-informativa-para-crear-un-laboratorio-urbano-dentro-del-proyecto-europeo-open-lab\/"]}]},{"@type":"ImageObject","inLanguage":"es","@id":"https:\/\/www.laguiadepamplona.com\/actualidad\/el-museo-de-educacion-ambiental-acoge-este-miercoles-una-sesion-informativa-para-crear-un-laboratorio-urbano-dentro-del-proyecto-europeo-open-lab\/#primaryimage","url":"https:\/\/www.laguiadepamplona.com\/actualidad\/wp-content\/uploads\/2023\/05\/energia_ahorro_01_6.webp","contentUrl":"https:\/\/www.laguiadepamplona.com\/actualidad\/wp-content\/uploads\/2023\/05\/energia_ahorro_01_6.webp","width":1200,"height":800},{"@type":"BreadcrumbList","@id":"https:\/\/www.laguiadepamplona.com\/actualidad\/el-museo-de-educacion-ambiental-acoge-este-miercoles-una-sesion-informativa-para-crear-un-laboratorio-urbano-dentro-del-proyecto-europeo-open-lab\/#breadcrumb","itemListElement":[{"@type":"ListItem","position":1,"name":"Portada","item":"https:\/\/www.laguiadepamplona.com\/actualidad\/"},{"@type":"ListItem","position":2,"name":"El Museo de Educaci\u00f3n Ambiental acoge este mi\u00e9rcoles una sesi\u00f3n informativa para crear un Laboratorio Urbano dentro del proyecto europeo oPEN Lab"}]},{"@type":"WebSite","@id":"https:\/\/www.laguiadepamplona.com\/actualidad\/#website","url":"https:\/\/www.laguiadepamplona.com\/actualidad\/","name":"La gu\u00eda de Pamplona","description":"Noticias de Pamplona","publisher":{"@id":"https:\/\/www.laguiadepamplona.com\/actualidad\/#organization"},"potentialAction":[{"@type":"SearchAction","target":{"@type":"EntryPoint","urlTemplate":"https:\/\/www.laguiadepamplona.com\/actualidad\/?s={search_term_string}"},"query-input":{"@type":"PropertyValueSpecification","valueRequired":true,"valueName":"search_term_string"}}],"inLanguage":"es"},{"@type":"Organization","@id":"https:\/\/www.laguiadepamplona.com\/actualidad\/#organization","name":"La Gu\u00eda de Pamplona \/ Noticias","url":"https:\/\/www.laguiadepamplona.com\/actualidad\/","logo":{"@type":"ImageObject","inLanguage":"es","@id":"https:\/\/www.laguiadepamplona.com\/actualidad\/#\/schema\/logo\/image\/","url":"https:\/\/www.laguiadepamplona.com\/actualidad\/wp-content\/uploads\/2018\/11\/logo-laguiadepamplona18-web1.png","contentUrl":"https:\/\/www.laguiadepamplona.com\/actualidad\/wp-content\/uploads\/2018\/11\/logo-laguiadepamplona18-web1.png","width":600,"height":196,"caption":"La Gu\u00eda de Pamplona \/ Noticias"},"image":{"@id":"https:\/\/www.laguiadepamplona.com\/actualidad\/#\/schema\/logo\/image\/"},"sameAs":["https:\/\/www.facebook.com\/laguiadepamplonacom-133175176762273\/?ref=hl","https:\/\/x.com\/LaGuiadPamplona","https:\/\/www.instagram.com\/la_guia_de_pamplona\/","https:\/\/www.youtube.com\/user\/laguiadepamplona"]},{"@type":"Person","@id":"https:\/\/www.laguiadepamplona.com\/actualidad\/#\/schema\/person\/efe887376f0213d4657c93adc50b1fdb","name":"La Gu\u00eda de Pamplona","image":{"@type":"ImageObject","inLanguage":"es","@id":"https:\/\/secure.gravatar.com\/avatar\/b6992f131dc8d30ab0dff15446e9d346d9dbd95992de0fef795073f5ea83a81c?s=96&d=mm&r=g","url":"https:\/\/secure.gravatar.com\/avatar\/b6992f131dc8d30ab0dff15446e9d346d9dbd95992de0fef795073f5ea83a81c?s=96&d=mm&r=g","contentUrl":"https:\/\/secure.gravatar.com\/avatar\/b6992f131dc8d30ab0dff15446e9d346d9dbd95992de0fef795073f5ea83a81c?s=96&d=mm&r=g","caption":"La Gu\u00eda de Pamplona"}}]}},"post_mailing_queue_ids":[],"_links":{"self":[{"href":"https:\/\/www.laguiadepamplona.com\/actualidad\/wp-json\/wp\/v2\/posts\/46555","targetHints":{"allow":["GET"]}}],"collection":[{"href":"https:\/\/www.laguiadepamplona.com\/actualidad\/wp-json\/wp\/v2\/posts"}],"about":[{"href":"https:\/\/www.laguiadepamplona.com\/actualidad\/wp-json\/wp\/v2\/types\/post"}],"author":[{"embeddable":true,"href":"https:\/\/www.laguiadepamplona.com\/actualidad\/wp-json\/wp\/v2\/users\/1"}],"replies":[{"embeddable":true,"href":"https:\/\/www.laguiadepamplona.com\/actualidad\/wp-json\/wp\/v2\/comments?post=46555"}],"version-history":[{"count":1,"href":"https:\/\/www.laguiadepamplona.com\/actualidad\/wp-json\/wp\/v2\/posts\/46555\/revisions"}],"predecessor-version":[{"id":46557,"href":"https:\/\/www.laguiadepamplona.com\/actualidad\/wp-json\/wp\/v2\/posts\/46555\/revisions\/46557"}],"wp:featuredmedia":[{"embeddable":true,"href":"https:\/\/www.laguiadepamplona.com\/actualidad\/wp-json\/wp\/v2\/media\/46556"}],"wp:attachment":[{"href":"https:\/\/www.laguiadepamplona.com\/actualidad\/wp-json\/wp\/v2\/media?parent=46555"}],"wp:term":[{"taxonomy":"category","embeddable":true,"href":"https:\/\/www.laguiadepamplona.com\/actualidad\/wp-json\/wp\/v2\/categories?post=46555"},{"taxonomy":"post_tag","embeddable":true,"href":"https:\/\/www.laguiadepamplona.com\/actualidad\/wp-json\/wp\/v2\/tags?post=46555"}],"curies":[{"name":"wp","href":"https:\/\/api.w.org\/{rel}","templated":true}]}}