{"id":46549,"date":"2023-05-02T17:18:59","date_gmt":"2023-05-02T15:18:59","guid":{"rendered":"https:\/\/www.laguiadepamplona.com\/actualidad\/?p=46549"},"modified":"2023-05-02T17:18:59","modified_gmt":"2023-05-02T15:18:59","slug":"el-ayuntamiento-reordenara-las-lindes-de-la-ciudad-deportiva-amaya-para-establecer-de-un-camino-peatonal-junto-al-arga-que-permita-el-paseo-por-la-margen","status":"publish","type":"post","link":"https:\/\/www.laguiadepamplona.com\/actualidad\/el-ayuntamiento-reordenara-las-lindes-de-la-ciudad-deportiva-amaya-para-establecer-de-un-camino-peatonal-junto-al-arga-que-permita-el-paseo-por-la-margen\/","title":{"rendered":"El Ayuntamiento reordenar\u00e1 las lindes de la Ciudad Deportiva Amaya para establecer de un camino peatonal junto al Arga que permita el paseo por la margen"},"content":{"rendered":"<h3>Para ello el Pleno deber\u00e1 aprobar una modificaci\u00f3n del Plan Municipal en los terrenos en los que se asientan las instalaciones<\/h3>\n<p><!--more--><\/p>\n<p>El Pleno del Ayuntamiento de Pamplona, tras su aprobaci\u00f3n en una pr\u00f3xima Junta de Gobierno Local, ver\u00e1 la modificaci\u00f3n del Plan Municipal para dar cumplimiento a los cambios acordados en 2022 en la modificaci\u00f3n del convenio urban\u00edstico de 2001 suscrito entre el Consistorio y la CD Amaya que regula la situaci\u00f3n de los terrenos en los que se asientan las instalaciones. Desde 2001 y, hasta la remodelaci\u00f3n del \u00e1mbito en el que se enclava la entidad recreativo-deportiva, Amaya ostentaba un derecho de uso del camino.<br \/>\n<script async src=\"\/\/pagead2.googlesyndication.com\/pagead\/js\/adsbygoogle.js\"><\/script><br \/>\n<!-- Noticias La Guia de Pamplona --><br \/>\n<ins class=\"adsbygoogle\"\nstyle=\"display:block\"\ndata-ad-client=\"ca-pub-6943679897239327\"\ndata-ad-slot=\"7048180777\"\ndata-ad-format=\"auto\"><\/ins><br \/>\n<script>\n(adsbygoogle = window.adsbygoogle || []).push({});\n<\/script><\/p>\n<p>As\u00ed, tras realizar diversas tramitaciones, la modificaci\u00f3n del Plan Municipal permitir\u00e1 el trazado de un nuevo camino peatonal de tres metros de anchura entre la CD Amaya y el Arga, como prolongaci\u00f3n del existente en la ripa de Beloso, un camino que llegar\u00eda hasta la pasarela peatonal. Esta infraestructura permitir\u00e1 conectar el paseo desde las huertas de Burlada, hasta el puente peatonal del Arga pr\u00f3xima al club. Adem\u00e1s, en esa intervenci\u00f3n se adecuar\u00e1 la margen del r\u00edo, sustituyendo el vallado existente, para trasladarlo a los nuevos l\u00edmites con el paseo y con la ripa en aquellos puntos afectados por la prolongaci\u00f3n del camino.<\/p>\n<p>De la redacci\u00f3n, y ejecuci\u00f3n de los proyectos, as\u00ed como de la sustituci\u00f3n y el traslado del vallado de la parcela, se encargar\u00e1 el Club, que tambi\u00e9n se har\u00e1 cargo de los costes. Igualmente, el club se encargar\u00e1 del mantenimiento y la iluminaci\u00f3n del camino de la Ripa. Para dar cobertura a la actuaci\u00f3n y regularizar los l\u00edmites de parcelas es necesario modificar el Plan Municipal lo que requiere la intervenci\u00f3n del Pleno.<br \/>\n<script async src=\"\/\/pagead2.googlesyndication.com\/pagead\/js\/adsbygoogle.js\"><\/script><br \/>\n<!-- Noticias La Guia de Pamplona --><br \/>\n<ins class=\"adsbygoogle\"\nstyle=\"display:block\"\ndata-ad-client=\"ca-pub-6943679897239327\"\ndata-ad-slot=\"7048180777\"\ndata-ad-format=\"auto\"><\/ins><br \/>\n<script>\n(adsbygoogle = window.adsbygoogle || []).push({});\n<\/script><\/p>\n<p>Una vez finalizada esta intervenci\u00f3n se lograr\u00e1n dos resultados: la ciudadan\u00eda podr\u00e1 recorrer el Paseo del Arga por ambas m\u00e1rgenes del r\u00edo, ya que conectar\u00e1 con los caminos que discurran a lo largo de las dos orillas. La obra que liberar\u00e1 para el paseo la margen intervenida, facilitar\u00e1 una segunda v\u00eda de acceso peatonal a los m\u00e1s de 9.000 socios del club, al que hoy \u00fanicamente se puede llegar por la Cuesta de Beloso, compartida por el tr\u00e1fico rodado y peatonal. Adem\u00e1s, se generar\u00e1 un nuevo camino desde las huertas de Burlada hasta el puente peatonal del Arga pr\u00f3ximo al club. Esta soluci\u00f3n contribuye a la mejora de accesibilidad y movilidad urbana ya que permite la apertura de nuevos caminos peatonales y ciclables, y la consolidaci\u00f3n del tramo viario de coexistencia.<\/p>\n<p>Esta modificaci\u00f3n estructurante del Plan Municipal para ajustar las distintas parcelas afectadas en su tama\u00f1o y calificaci\u00f3n pasar\u00e1 por el Pleno despu\u00e9s de haberse explicado el 22 de septiembre del a\u00f1o pasado a la ciudadan\u00eda en una sesi\u00f3n abierta.<\/p>\n","protected":false},"excerpt":{"rendered":"<p>Para ello el Pleno deber\u00e1 aprobar una modificaci\u00f3n del Plan Municipal en los terrenos en los que se asientan las instalaciones<\/p>\n","protected":false},"author":1,"featured_media":46550,"comment_status":"open","ping_status":"closed","sticky":false,"template":"","format":"standard","meta":{"footnotes":""},"categories":[2],"tags":[],"class_list":["post-46549","post","type-post","status-publish","format-standard","has-post-thumbnail","hentry","category-ayuntamiento-pamplona"],"yoast_head":"<!-- This site is optimized with the Yoast SEO plugin v27.3 - https:\/\/yoast.com\/product\/yoast-seo-wordpress\/ -->\n<title>El Ayuntamiento reordenar\u00e1 las lindes de la Ciudad Deportiva Amaya para establecer de un camino peatonal junto al Arga que permita el paseo por la margen<\/title>\n<meta name=\"description\" content=\"Para ello el Pleno deber\u00e1 aprobar una modificaci\u00f3n del Plan Municipal en los terrenos en los que se asientan las instalaciones\" \/>\n<meta name=\"robots\" content=\"index, follow, max-snippet:-1, max-image-preview:large, max-video-preview:-1\" \/>\n<link rel=\"canonical\" href=\"https:\/\/www.laguiadepamplona.com\/actualidad\/el-ayuntamiento-reordenara-las-lindes-de-la-ciudad-deportiva-amaya-para-establecer-de-un-camino-peatonal-junto-al-arga-que-permita-el-paseo-por-la-margen\/\" \/>\n<meta property=\"og:locale\" content=\"es_ES\" \/>\n<meta property=\"og:type\" content=\"article\" \/>\n<meta property=\"og:title\" content=\"El Ayuntamiento reordenar\u00e1 las lindes de la Ciudad Deportiva Amaya para establecer de un camino peatonal junto al Arga que permita el paseo por la margen\" \/>\n<meta property=\"og:description\" content=\"Para ello el Pleno deber\u00e1 aprobar una modificaci\u00f3n del Plan Municipal en los terrenos en los que se asientan las instalaciones\" \/>\n<meta property=\"og:url\" content=\"https:\/\/www.laguiadepamplona.com\/actualidad\/el-ayuntamiento-reordenara-las-lindes-de-la-ciudad-deportiva-amaya-para-establecer-de-un-camino-peatonal-junto-al-arga-que-permita-el-paseo-por-la-margen\/\" \/>\n<meta property=\"og:site_name\" content=\"La Gu\u00eda de Pamplona\" \/>\n<meta property=\"article:publisher\" content=\"https:\/\/www.facebook.com\/laguiadepamplonacom-133175176762273\/?ref=hl\" \/>\n<meta property=\"article:published_time\" content=\"2023-05-02T15:18:59+00:00\" \/>\n<meta property=\"og:image\" content=\"https:\/\/www.laguiadepamplona.com\/actualidad\/wp-content\/uploads\/2023\/05\/cd-amaya.webp\" \/>\n\t<meta property=\"og:image:width\" content=\"778\" \/>\n\t<meta property=\"og:image:height\" content=\"712\" \/>\n\t<meta property=\"og:image:type\" content=\"image\/webp\" \/>\n<meta name=\"author\" content=\"La Gu\u00eda de Pamplona\" \/>\n<meta name=\"twitter:card\" content=\"summary_large_image\" \/>\n<meta name=\"twitter:creator\" content=\"@LaGuiadPamplona\" \/>\n<meta name=\"twitter:site\" content=\"@LaGuiadPamplona\" \/>\n<meta name=\"twitter:label1\" content=\"Escrito por\" \/>\n\t<meta name=\"twitter:data1\" content=\"La Gu\u00eda de Pamplona\" \/>\n\t<meta name=\"twitter:label2\" content=\"Tiempo de lectura\" \/>\n\t<meta name=\"twitter:data2\" content=\"3 minutos\" \/>\n<script type=\"application\/ld+json\" class=\"yoast-schema-graph\">{\"@context\":\"https:\\\/\\\/schema.org\",\"@graph\":[{\"@type\":\"Article\",\"@id\":\"https:\\\/\\\/www.laguiadepamplona.com\\\/actualidad\\\/el-ayuntamiento-reordenara-las-lindes-de-la-ciudad-deportiva-amaya-para-establecer-de-un-camino-peatonal-junto-al-arga-que-permita-el-paseo-por-la-margen\\\/#article\",\"isPartOf\":{\"@id\":\"https:\\\/\\\/www.laguiadepamplona.com\\\/actualidad\\\/el-ayuntamiento-reordenara-las-lindes-de-la-ciudad-deportiva-amaya-para-establecer-de-un-camino-peatonal-junto-al-arga-que-permita-el-paseo-por-la-margen\\\/\"},\"author\":{\"name\":\"La Gu\u00eda de Pamplona\",\"@id\":\"https:\\\/\\\/www.laguiadepamplona.com\\\/actualidad\\\/#\\\/schema\\\/person\\\/efe887376f0213d4657c93adc50b1fdb\"},\"headline\":\"El Ayuntamiento reordenar\u00e1 las lindes de la Ciudad Deportiva Amaya para establecer de un camino peatonal junto al Arga que permita el paseo por la margen\",\"datePublished\":\"2023-05-02T15:18:59+00:00\",\"mainEntityOfPage\":{\"@id\":\"https:\\\/\\\/www.laguiadepamplona.com\\\/actualidad\\\/el-ayuntamiento-reordenara-las-lindes-de-la-ciudad-deportiva-amaya-para-establecer-de-un-camino-peatonal-junto-al-arga-que-permita-el-paseo-por-la-margen\\\/\"},\"wordCount\":517,\"commentCount\":0,\"publisher\":{\"@id\":\"https:\\\/\\\/www.laguiadepamplona.com\\\/actualidad\\\/#organization\"},\"image\":{\"@id\":\"https:\\\/\\\/www.laguiadepamplona.com\\\/actualidad\\\/el-ayuntamiento-reordenara-las-lindes-de-la-ciudad-deportiva-amaya-para-establecer-de-un-camino-peatonal-junto-al-arga-que-permita-el-paseo-por-la-margen\\\/#primaryimage\"},\"thumbnailUrl\":\"https:\\\/\\\/www.laguiadepamplona.com\\\/actualidad\\\/wp-content\\\/uploads\\\/2023\\\/05\\\/cd-amaya.webp\",\"articleSection\":[\"Ayto Pamplona\"],\"inLanguage\":\"es\",\"potentialAction\":[{\"@type\":\"CommentAction\",\"name\":\"Comment\",\"target\":[\"https:\\\/\\\/www.laguiadepamplona.com\\\/actualidad\\\/el-ayuntamiento-reordenara-las-lindes-de-la-ciudad-deportiva-amaya-para-establecer-de-un-camino-peatonal-junto-al-arga-que-permita-el-paseo-por-la-margen\\\/#respond\"]}]},{\"@type\":\"WebPage\",\"@id\":\"https:\\\/\\\/www.laguiadepamplona.com\\\/actualidad\\\/el-ayuntamiento-reordenara-las-lindes-de-la-ciudad-deportiva-amaya-para-establecer-de-un-camino-peatonal-junto-al-arga-que-permita-el-paseo-por-la-margen\\\/\",\"url\":\"https:\\\/\\\/www.laguiadepamplona.com\\\/actualidad\\\/el-ayuntamiento-reordenara-las-lindes-de-la-ciudad-deportiva-amaya-para-establecer-de-un-camino-peatonal-junto-al-arga-que-permita-el-paseo-por-la-margen\\\/\",\"name\":\"El Ayuntamiento reordenar\u00e1 las lindes de la Ciudad Deportiva Amaya para establecer de un camino peatonal junto al Arga que permita el paseo por la margen\",\"isPartOf\":{\"@id\":\"https:\\\/\\\/www.laguiadepamplona.com\\\/actualidad\\\/#website\"},\"primaryImageOfPage\":{\"@id\":\"https:\\\/\\\/www.laguiadepamplona.com\\\/actualidad\\\/el-ayuntamiento-reordenara-las-lindes-de-la-ciudad-deportiva-amaya-para-establecer-de-un-camino-peatonal-junto-al-arga-que-permita-el-paseo-por-la-margen\\\/#primaryimage\"},\"image\":{\"@id\":\"https:\\\/\\\/www.laguiadepamplona.com\\\/actualidad\\\/el-ayuntamiento-reordenara-las-lindes-de-la-ciudad-deportiva-amaya-para-establecer-de-un-camino-peatonal-junto-al-arga-que-permita-el-paseo-por-la-margen\\\/#primaryimage\"},\"thumbnailUrl\":\"https:\\\/\\\/www.laguiadepamplona.com\\\/actualidad\\\/wp-content\\\/uploads\\\/2023\\\/05\\\/cd-amaya.webp\",\"datePublished\":\"2023-05-02T15:18:59+00:00\",\"description\":\"Para ello el Pleno deber\u00e1 aprobar una modificaci\u00f3n del Plan Municipal en los terrenos en los que se asientan las instalaciones\",\"breadcrumb\":{\"@id\":\"https:\\\/\\\/www.laguiadepamplona.com\\\/actualidad\\\/el-ayuntamiento-reordenara-las-lindes-de-la-ciudad-deportiva-amaya-para-establecer-de-un-camino-peatonal-junto-al-arga-que-permita-el-paseo-por-la-margen\\\/#breadcrumb\"},\"inLanguage\":\"es\",\"potentialAction\":[{\"@type\":\"ReadAction\",\"target\":[\"https:\\\/\\\/www.laguiadepamplona.com\\\/actualidad\\\/el-ayuntamiento-reordenara-las-lindes-de-la-ciudad-deportiva-amaya-para-establecer-de-un-camino-peatonal-junto-al-arga-que-permita-el-paseo-por-la-margen\\\/\"]}]},{\"@type\":\"ImageObject\",\"inLanguage\":\"es\",\"@id\":\"https:\\\/\\\/www.laguiadepamplona.com\\\/actualidad\\\/el-ayuntamiento-reordenara-las-lindes-de-la-ciudad-deportiva-amaya-para-establecer-de-un-camino-peatonal-junto-al-arga-que-permita-el-paseo-por-la-margen\\\/#primaryimage\",\"url\":\"https:\\\/\\\/www.laguiadepamplona.com\\\/actualidad\\\/wp-content\\\/uploads\\\/2023\\\/05\\\/cd-amaya.webp\",\"contentUrl\":\"https:\\\/\\\/www.laguiadepamplona.com\\\/actualidad\\\/wp-content\\\/uploads\\\/2023\\\/05\\\/cd-amaya.webp\",\"width\":778,\"height\":712},{\"@type\":\"BreadcrumbList\",\"@id\":\"https:\\\/\\\/www.laguiadepamplona.com\\\/actualidad\\\/el-ayuntamiento-reordenara-las-lindes-de-la-ciudad-deportiva-amaya-para-establecer-de-un-camino-peatonal-junto-al-arga-que-permita-el-paseo-por-la-margen\\\/#breadcrumb\",\"itemListElement\":[{\"@type\":\"ListItem\",\"position\":1,\"name\":\"Portada\",\"item\":\"https:\\\/\\\/www.laguiadepamplona.com\\\/actualidad\\\/\"},{\"@type\":\"ListItem\",\"position\":2,\"name\":\"El Ayuntamiento reordenar\u00e1 las lindes de la Ciudad Deportiva Amaya para establecer de un camino peatonal junto al Arga que permita el paseo por la margen\"}]},{\"@type\":\"WebSite\",\"@id\":\"https:\\\/\\\/www.laguiadepamplona.com\\\/actualidad\\\/#website\",\"url\":\"https:\\\/\\\/www.laguiadepamplona.com\\\/actualidad\\\/\",\"name\":\"La gu\u00eda de Pamplona\",\"description\":\"Noticias de Pamplona\",\"publisher\":{\"@id\":\"https:\\\/\\\/www.laguiadepamplona.com\\\/actualidad\\\/#organization\"},\"potentialAction\":[{\"@type\":\"SearchAction\",\"target\":{\"@type\":\"EntryPoint\",\"urlTemplate\":\"https:\\\/\\\/www.laguiadepamplona.com\\\/actualidad\\\/?s={search_term_string}\"},\"query-input\":{\"@type\":\"PropertyValueSpecification\",\"valueRequired\":true,\"valueName\":\"search_term_string\"}}],\"inLanguage\":\"es\"},{\"@type\":\"Organization\",\"@id\":\"https:\\\/\\\/www.laguiadepamplona.com\\\/actualidad\\\/#organization\",\"name\":\"La Gu\u00eda de Pamplona \\\/ Noticias\",\"url\":\"https:\\\/\\\/www.laguiadepamplona.com\\\/actualidad\\\/\",\"logo\":{\"@type\":\"ImageObject\",\"inLanguage\":\"es\",\"@id\":\"https:\\\/\\\/www.laguiadepamplona.com\\\/actualidad\\\/#\\\/schema\\\/logo\\\/image\\\/\",\"url\":\"https:\\\/\\\/www.laguiadepamplona.com\\\/actualidad\\\/wp-content\\\/uploads\\\/2018\\\/11\\\/logo-laguiadepamplona18-web1.png\",\"contentUrl\":\"https:\\\/\\\/www.laguiadepamplona.com\\\/actualidad\\\/wp-content\\\/uploads\\\/2018\\\/11\\\/logo-laguiadepamplona18-web1.png\",\"width\":600,\"height\":196,\"caption\":\"La Gu\u00eda de Pamplona \\\/ Noticias\"},\"image\":{\"@id\":\"https:\\\/\\\/www.laguiadepamplona.com\\\/actualidad\\\/#\\\/schema\\\/logo\\\/image\\\/\"},\"sameAs\":[\"https:\\\/\\\/www.facebook.com\\\/laguiadepamplonacom-133175176762273\\\/?ref=hl\",\"https:\\\/\\\/x.com\\\/LaGuiadPamplona\",\"https:\\\/\\\/www.instagram.com\\\/la_guia_de_pamplona\\\/\",\"https:\\\/\\\/www.youtube.com\\\/user\\\/laguiadepamplona\"]},{\"@type\":\"Person\",\"@id\":\"https:\\\/\\\/www.laguiadepamplona.com\\\/actualidad\\\/#\\\/schema\\\/person\\\/efe887376f0213d4657c93adc50b1fdb\",\"name\":\"La Gu\u00eda de Pamplona\",\"image\":{\"@type\":\"ImageObject\",\"inLanguage\":\"es\",\"@id\":\"https:\\\/\\\/secure.gravatar.com\\\/avatar\\\/b6992f131dc8d30ab0dff15446e9d346d9dbd95992de0fef795073f5ea83a81c?s=96&d=mm&r=g\",\"url\":\"https:\\\/\\\/secure.gravatar.com\\\/avatar\\\/b6992f131dc8d30ab0dff15446e9d346d9dbd95992de0fef795073f5ea83a81c?s=96&d=mm&r=g\",\"contentUrl\":\"https:\\\/\\\/secure.gravatar.com\\\/avatar\\\/b6992f131dc8d30ab0dff15446e9d346d9dbd95992de0fef795073f5ea83a81c?s=96&d=mm&r=g\",\"caption\":\"La Gu\u00eda de Pamplona\"}}]}<\/script>\n<!-- \/ Yoast SEO plugin. -->","yoast_head_json":{"title":"El Ayuntamiento reordenar\u00e1 las lindes de la Ciudad Deportiva Amaya para establecer de un camino peatonal junto al Arga que permita el paseo por la margen","description":"Para ello el Pleno deber\u00e1 aprobar una modificaci\u00f3n del Plan Municipal en los terrenos en los que se asientan las instalaciones","robots":{"index":"index","follow":"follow","max-snippet":"max-snippet:-1","max-image-preview":"max-image-preview:large","max-video-preview":"max-video-preview:-1"},"canonical":"https:\/\/www.laguiadepamplona.com\/actualidad\/el-ayuntamiento-reordenara-las-lindes-de-la-ciudad-deportiva-amaya-para-establecer-de-un-camino-peatonal-junto-al-arga-que-permita-el-paseo-por-la-margen\/","og_locale":"es_ES","og_type":"article","og_title":"El Ayuntamiento reordenar\u00e1 las lindes de la Ciudad Deportiva Amaya para establecer de un camino peatonal junto al Arga que permita el paseo por la margen","og_description":"Para ello el Pleno deber\u00e1 aprobar una modificaci\u00f3n del Plan Municipal en los terrenos en los que se asientan las instalaciones","og_url":"https:\/\/www.laguiadepamplona.com\/actualidad\/el-ayuntamiento-reordenara-las-lindes-de-la-ciudad-deportiva-amaya-para-establecer-de-un-camino-peatonal-junto-al-arga-que-permita-el-paseo-por-la-margen\/","og_site_name":"La Gu\u00eda de Pamplona","article_publisher":"https:\/\/www.facebook.com\/laguiadepamplonacom-133175176762273\/?ref=hl","article_published_time":"2023-05-02T15:18:59+00:00","og_image":[{"width":778,"height":712,"url":"https:\/\/www.laguiadepamplona.com\/actualidad\/wp-content\/uploads\/2023\/05\/cd-amaya.webp","type":"image\/webp"}],"author":"La Gu\u00eda de Pamplona","twitter_card":"summary_large_image","twitter_creator":"@LaGuiadPamplona","twitter_site":"@LaGuiadPamplona","twitter_misc":{"Escrito por":"La Gu\u00eda de Pamplona","Tiempo de lectura":"3 minutos"},"schema":{"@context":"https:\/\/schema.org","@graph":[{"@type":"Article","@id":"https:\/\/www.laguiadepamplona.com\/actualidad\/el-ayuntamiento-reordenara-las-lindes-de-la-ciudad-deportiva-amaya-para-establecer-de-un-camino-peatonal-junto-al-arga-que-permita-el-paseo-por-la-margen\/#article","isPartOf":{"@id":"https:\/\/www.laguiadepamplona.com\/actualidad\/el-ayuntamiento-reordenara-las-lindes-de-la-ciudad-deportiva-amaya-para-establecer-de-un-camino-peatonal-junto-al-arga-que-permita-el-paseo-por-la-margen\/"},"author":{"name":"La Gu\u00eda de Pamplona","@id":"https:\/\/www.laguiadepamplona.com\/actualidad\/#\/schema\/person\/efe887376f0213d4657c93adc50b1fdb"},"headline":"El Ayuntamiento reordenar\u00e1 las lindes de la Ciudad Deportiva Amaya para establecer de un camino peatonal junto al Arga que permita el paseo por la margen","datePublished":"2023-05-02T15:18:59+00:00","mainEntityOfPage":{"@id":"https:\/\/www.laguiadepamplona.com\/actualidad\/el-ayuntamiento-reordenara-las-lindes-de-la-ciudad-deportiva-amaya-para-establecer-de-un-camino-peatonal-junto-al-arga-que-permita-el-paseo-por-la-margen\/"},"wordCount":517,"commentCount":0,"publisher":{"@id":"https:\/\/www.laguiadepamplona.com\/actualidad\/#organization"},"image":{"@id":"https:\/\/www.laguiadepamplona.com\/actualidad\/el-ayuntamiento-reordenara-las-lindes-de-la-ciudad-deportiva-amaya-para-establecer-de-un-camino-peatonal-junto-al-arga-que-permita-el-paseo-por-la-margen\/#primaryimage"},"thumbnailUrl":"https:\/\/www.laguiadepamplona.com\/actualidad\/wp-content\/uploads\/2023\/05\/cd-amaya.webp","articleSection":["Ayto Pamplona"],"inLanguage":"es","potentialAction":[{"@type":"CommentAction","name":"Comment","target":["https:\/\/www.laguiadepamplona.com\/actualidad\/el-ayuntamiento-reordenara-las-lindes-de-la-ciudad-deportiva-amaya-para-establecer-de-un-camino-peatonal-junto-al-arga-que-permita-el-paseo-por-la-margen\/#respond"]}]},{"@type":"WebPage","@id":"https:\/\/www.laguiadepamplona.com\/actualidad\/el-ayuntamiento-reordenara-las-lindes-de-la-ciudad-deportiva-amaya-para-establecer-de-un-camino-peatonal-junto-al-arga-que-permita-el-paseo-por-la-margen\/","url":"https:\/\/www.laguiadepamplona.com\/actualidad\/el-ayuntamiento-reordenara-las-lindes-de-la-ciudad-deportiva-amaya-para-establecer-de-un-camino-peatonal-junto-al-arga-que-permita-el-paseo-por-la-margen\/","name":"El Ayuntamiento reordenar\u00e1 las lindes de la Ciudad Deportiva Amaya para establecer de un camino peatonal junto al Arga que permita el paseo por la margen","isPartOf":{"@id":"https:\/\/www.laguiadepamplona.com\/actualidad\/#website"},"primaryImageOfPage":{"@id":"https:\/\/www.laguiadepamplona.com\/actualidad\/el-ayuntamiento-reordenara-las-lindes-de-la-ciudad-deportiva-amaya-para-establecer-de-un-camino-peatonal-junto-al-arga-que-permita-el-paseo-por-la-margen\/#primaryimage"},"image":{"@id":"https:\/\/www.laguiadepamplona.com\/actualidad\/el-ayuntamiento-reordenara-las-lindes-de-la-ciudad-deportiva-amaya-para-establecer-de-un-camino-peatonal-junto-al-arga-que-permita-el-paseo-por-la-margen\/#primaryimage"},"thumbnailUrl":"https:\/\/www.laguiadepamplona.com\/actualidad\/wp-content\/uploads\/2023\/05\/cd-amaya.webp","datePublished":"2023-05-02T15:18:59+00:00","description":"Para ello el Pleno deber\u00e1 aprobar una modificaci\u00f3n del Plan Municipal en los terrenos en los que se asientan las instalaciones","breadcrumb":{"@id":"https:\/\/www.laguiadepamplona.com\/actualidad\/el-ayuntamiento-reordenara-las-lindes-de-la-ciudad-deportiva-amaya-para-establecer-de-un-camino-peatonal-junto-al-arga-que-permita-el-paseo-por-la-margen\/#breadcrumb"},"inLanguage":"es","potentialAction":[{"@type":"ReadAction","target":["https:\/\/www.laguiadepamplona.com\/actualidad\/el-ayuntamiento-reordenara-las-lindes-de-la-ciudad-deportiva-amaya-para-establecer-de-un-camino-peatonal-junto-al-arga-que-permita-el-paseo-por-la-margen\/"]}]},{"@type":"ImageObject","inLanguage":"es","@id":"https:\/\/www.laguiadepamplona.com\/actualidad\/el-ayuntamiento-reordenara-las-lindes-de-la-ciudad-deportiva-amaya-para-establecer-de-un-camino-peatonal-junto-al-arga-que-permita-el-paseo-por-la-margen\/#primaryimage","url":"https:\/\/www.laguiadepamplona.com\/actualidad\/wp-content\/uploads\/2023\/05\/cd-amaya.webp","contentUrl":"https:\/\/www.laguiadepamplona.com\/actualidad\/wp-content\/uploads\/2023\/05\/cd-amaya.webp","width":778,"height":712},{"@type":"BreadcrumbList","@id":"https:\/\/www.laguiadepamplona.com\/actualidad\/el-ayuntamiento-reordenara-las-lindes-de-la-ciudad-deportiva-amaya-para-establecer-de-un-camino-peatonal-junto-al-arga-que-permita-el-paseo-por-la-margen\/#breadcrumb","itemListElement":[{"@type":"ListItem","position":1,"name":"Portada","item":"https:\/\/www.laguiadepamplona.com\/actualidad\/"},{"@type":"ListItem","position":2,"name":"El Ayuntamiento reordenar\u00e1 las lindes de la Ciudad Deportiva Amaya para establecer de un camino peatonal junto al Arga que permita el paseo por la margen"}]},{"@type":"WebSite","@id":"https:\/\/www.laguiadepamplona.com\/actualidad\/#website","url":"https:\/\/www.laguiadepamplona.com\/actualidad\/","name":"La gu\u00eda de Pamplona","description":"Noticias de Pamplona","publisher":{"@id":"https:\/\/www.laguiadepamplona.com\/actualidad\/#organization"},"potentialAction":[{"@type":"SearchAction","target":{"@type":"EntryPoint","urlTemplate":"https:\/\/www.laguiadepamplona.com\/actualidad\/?s={search_term_string}"},"query-input":{"@type":"PropertyValueSpecification","valueRequired":true,"valueName":"search_term_string"}}],"inLanguage":"es"},{"@type":"Organization","@id":"https:\/\/www.laguiadepamplona.com\/actualidad\/#organization","name":"La Gu\u00eda de Pamplona \/ Noticias","url":"https:\/\/www.laguiadepamplona.com\/actualidad\/","logo":{"@type":"ImageObject","inLanguage":"es","@id":"https:\/\/www.laguiadepamplona.com\/actualidad\/#\/schema\/logo\/image\/","url":"https:\/\/www.laguiadepamplona.com\/actualidad\/wp-content\/uploads\/2018\/11\/logo-laguiadepamplona18-web1.png","contentUrl":"https:\/\/www.laguiadepamplona.com\/actualidad\/wp-content\/uploads\/2018\/11\/logo-laguiadepamplona18-web1.png","width":600,"height":196,"caption":"La Gu\u00eda de Pamplona \/ Noticias"},"image":{"@id":"https:\/\/www.laguiadepamplona.com\/actualidad\/#\/schema\/logo\/image\/"},"sameAs":["https:\/\/www.facebook.com\/laguiadepamplonacom-133175176762273\/?ref=hl","https:\/\/x.com\/LaGuiadPamplona","https:\/\/www.instagram.com\/la_guia_de_pamplona\/","https:\/\/www.youtube.com\/user\/laguiadepamplona"]},{"@type":"Person","@id":"https:\/\/www.laguiadepamplona.com\/actualidad\/#\/schema\/person\/efe887376f0213d4657c93adc50b1fdb","name":"La Gu\u00eda de Pamplona","image":{"@type":"ImageObject","inLanguage":"es","@id":"https:\/\/secure.gravatar.com\/avatar\/b6992f131dc8d30ab0dff15446e9d346d9dbd95992de0fef795073f5ea83a81c?s=96&d=mm&r=g","url":"https:\/\/secure.gravatar.com\/avatar\/b6992f131dc8d30ab0dff15446e9d346d9dbd95992de0fef795073f5ea83a81c?s=96&d=mm&r=g","contentUrl":"https:\/\/secure.gravatar.com\/avatar\/b6992f131dc8d30ab0dff15446e9d346d9dbd95992de0fef795073f5ea83a81c?s=96&d=mm&r=g","caption":"La Gu\u00eda de Pamplona"}}]}},"post_mailing_queue_ids":[],"_links":{"self":[{"href":"https:\/\/www.laguiadepamplona.com\/actualidad\/wp-json\/wp\/v2\/posts\/46549","targetHints":{"allow":["GET"]}}],"collection":[{"href":"https:\/\/www.laguiadepamplona.com\/actualidad\/wp-json\/wp\/v2\/posts"}],"about":[{"href":"https:\/\/www.laguiadepamplona.com\/actualidad\/wp-json\/wp\/v2\/types\/post"}],"author":[{"embeddable":true,"href":"https:\/\/www.laguiadepamplona.com\/actualidad\/wp-json\/wp\/v2\/users\/1"}],"replies":[{"embeddable":true,"href":"https:\/\/www.laguiadepamplona.com\/actualidad\/wp-json\/wp\/v2\/comments?post=46549"}],"version-history":[{"count":1,"href":"https:\/\/www.laguiadepamplona.com\/actualidad\/wp-json\/wp\/v2\/posts\/46549\/revisions"}],"predecessor-version":[{"id":46551,"href":"https:\/\/www.laguiadepamplona.com\/actualidad\/wp-json\/wp\/v2\/posts\/46549\/revisions\/46551"}],"wp:featuredmedia":[{"embeddable":true,"href":"https:\/\/www.laguiadepamplona.com\/actualidad\/wp-json\/wp\/v2\/media\/46550"}],"wp:attachment":[{"href":"https:\/\/www.laguiadepamplona.com\/actualidad\/wp-json\/wp\/v2\/media?parent=46549"}],"wp:term":[{"taxonomy":"category","embeddable":true,"href":"https:\/\/www.laguiadepamplona.com\/actualidad\/wp-json\/wp\/v2\/categories?post=46549"},{"taxonomy":"post_tag","embeddable":true,"href":"https:\/\/www.laguiadepamplona.com\/actualidad\/wp-json\/wp\/v2\/tags?post=46549"}],"curies":[{"name":"wp","href":"https:\/\/api.w.org\/{rel}","templated":true}]}}