{"id":46543,"date":"2023-05-02T13:45:50","date_gmt":"2023-05-02T11:45:50","guid":{"rendered":"https:\/\/www.laguiadepamplona.com\/actualidad\/?p=46543"},"modified":"2023-05-02T13:51:20","modified_gmt":"2023-05-02T11:51:20","slug":"arranca-la-difusion-de-los-videos-que-grabaron-200-pamploneses-y-pamplonesas-en-apoyo-a-osasuna-para-la-final-de-la-copa-del-rey","status":"publish","type":"post","link":"https:\/\/www.laguiadepamplona.com\/actualidad\/arranca-la-difusion-de-los-videos-que-grabaron-200-pamploneses-y-pamplonesas-en-apoyo-a-osasuna-para-la-final-de-la-copa-del-rey\/","title":{"rendered":"Arranca la difusi\u00f3n de los v\u00eddeos que grabaron 200 pamploneses y pamplonesas en apoyo a Osasuna para la final de la Copa del Rey"},"content":{"rendered":"<h3>Las redes sociales y los mupis del Ayuntamiento de Pamplona muestran los m\u00faltiples mensajes animando al equipo para su cita del s\u00e1bado en Sevilla<\/h3>\n<p><!--more--><\/p>\n<p>Las redes sociales municipales y los mupis digitales distribuidos por la ciudad difunden ya los v\u00eddeos que 200 pamploneses y pamplonesas grabaron la semana pasada para animar a Osasuna. Decenas de personas de todas las edades, desde beb\u00e9s a veteranos, secundaron el llamamiento realizado por el Ayuntamiento para grabar los mensajes de \u00e1nimo de la ciudad ante la final de la Copa del Rey. Las grabaciones muestran todo tipo de mensajes de apoyo, con gestos y movimiento, y las camisetas osasunistas como nexo de uni\u00f3n.<br \/>\n<script async src=\"\/\/pagead2.googlesyndication.com\/pagead\/js\/adsbygoogle.js\"><\/script><br \/>\n<!-- Noticias La Guia de Pamplona --><br \/>\n<ins class=\"adsbygoogle\"\nstyle=\"display:block\"\ndata-ad-client=\"ca-pub-6943679897239327\"\ndata-ad-slot=\"7048180777\"\ndata-ad-format=\"auto\"><\/ins><br \/>\n<script>\n(adsbygoogle = window.adsbygoogle || []).push({});\n<\/script><\/p>\n<p>Los v\u00eddeos est\u00e1n protagonizados por aficionados y aficionadas que, de forma individual, en pareja, en familia, en grupos, en cuadrilla e incluso con sus mascotas, se suman al ambiente festivo que se vive en la ciudad y expresan su sentimiento rojillo. Tambi\u00e9n est\u00e1n incluidos m\u00fasicos de la Escuela Joaqu\u00edn Maya, que amenizaron la tarde con sus instrumentos el d\u00eda de la grabaci\u00f3n. Todos esos mensajes se pueden seguir en las redes sociales con los hashtags #PamplonaConOsasuna \/ #Iru\u00f1aOsasunarekin.<\/p>\n<p>Este apoyo expreso de la ciudadan\u00eda hacia su equipo tambi\u00e9n se proyectar\u00e1 en las cuatro pantallas gigantes de la Plaza del Castillo el d\u00eda de la final. Las pantallas led, junto a ocho torres de sonido y la actuaci\u00f3n de un DJ, permitir\u00e1n vivir una tarde festiva en torno a la retransmisi\u00f3n del partido.<\/p>\n<p>Los v\u00eddeos se han creado a propuesta del Ayuntamiento de Pamplona, que convoc\u00f3 a la ciudadan\u00eda el jueves pasado para que mostrara sus mensajes de \u00e1nimo al equipo. Un c\u00e1mara profesional realiz\u00f3 las grabaciones en el zagu\u00e1n de la Casa Consistorial, donde se instal\u00f3 un set de grabaci\u00f3n por el que fueron pasando numerosas personas con la camiseta rojilla.<br \/>\n<script async src=\"\/\/pagead2.googlesyndication.com\/pagead\/js\/adsbygoogle.js\"><\/script><br \/>\n<!-- Noticias La Guia de Pamplona --><br \/>\n<ins class=\"adsbygoogle\"\nstyle=\"display:block\"\ndata-ad-client=\"ca-pub-6943679897239327\"\ndata-ad-slot=\"7048180777\"\ndata-ad-format=\"auto\"><\/ins><br \/>\n<script>\n(adsbygoogle = window.adsbygoogle || []).push({});\n<\/script><\/p>\n<p><iframe loading=\"lazy\" src=\"\/\/www.youtube.com\/embed\/Vb703XeQmrU\" width=\"100%\" height=\"314\" allowfullscreen=\"allowfullscreen\"><\/iframe><\/p>\n<p><iframe loading=\"lazy\" src=\"\/\/www.youtube.com\/embed\/QXlqQ_lLSCQ\" width=\"100%\" height=\"314\" allowfullscreen=\"allowfullscreen\"><\/iframe><\/p>\n<h3>#PamplonaConOsasuna \/ #Iru\u00f1aOsasunarekin<\/h3>\n<ul>\n<li>Iniciativa promovida por el Ayuntamiento de Pamplona ante la final de la Copa del Rey<\/li>\n<li>Cuatro pantallas gigantes retransmitir\u00e1n la final de la Copa del Rey, que se celebra este s\u00e1bado 6 de mayo, en la Plaza del Castillo, donde habr\u00e1 animaci\u00f3n con DJ<\/li>\n<\/ul>\n","protected":false},"excerpt":{"rendered":"<p>Las redes sociales y los mupis del Ayuntamiento de Pamplona muestran los m\u00faltiples mensajes animando al equipo para su cita del s\u00e1bado en Sevilla<\/p>\n","protected":false},"author":1,"featured_media":46517,"comment_status":"open","ping_status":"closed","sticky":false,"template":"","format":"standard","meta":{"footnotes":""},"categories":[2],"tags":[],"class_list":["post-46543","post","type-post","status-publish","format-standard","has-post-thumbnail","hentry","category-ayuntamiento-pamplona"],"yoast_head":"<!-- This site is optimized with the Yoast SEO plugin v27.3 - https:\/\/yoast.com\/product\/yoast-seo-wordpress\/ -->\n<title>Arranca la difusi\u00f3n de los v\u00eddeos que grabaron 200 pamploneses y pamplonesas en apoyo a Osasuna para la final de la Copa del Rey<\/title>\n<meta name=\"description\" content=\"Las redes sociales y los mupis del Ayuntamiento de Pamplona muestran los m\u00faltiples mensajes animando al equipo para su cita del s\u00e1bado en Sevilla\" \/>\n<meta name=\"robots\" content=\"index, follow, max-snippet:-1, max-image-preview:large, max-video-preview:-1\" \/>\n<link rel=\"canonical\" href=\"https:\/\/www.laguiadepamplona.com\/actualidad\/arranca-la-difusion-de-los-videos-que-grabaron-200-pamploneses-y-pamplonesas-en-apoyo-a-osasuna-para-la-final-de-la-copa-del-rey\/\" \/>\n<meta property=\"og:locale\" content=\"es_ES\" \/>\n<meta property=\"og:type\" content=\"article\" \/>\n<meta property=\"og:title\" content=\"Arranca la difusi\u00f3n de los v\u00eddeos que grabaron 200 pamploneses y pamplonesas en apoyo a Osasuna para la final de la Copa del Rey\" \/>\n<meta property=\"og:description\" content=\"Las redes sociales y los mupis del Ayuntamiento de Pamplona muestran los m\u00faltiples mensajes animando al equipo para su cita del s\u00e1bado en Sevilla\" \/>\n<meta property=\"og:url\" content=\"https:\/\/www.laguiadepamplona.com\/actualidad\/arranca-la-difusion-de-los-videos-que-grabaron-200-pamploneses-y-pamplonesas-en-apoyo-a-osasuna-para-la-final-de-la-copa-del-rey\/\" \/>\n<meta property=\"og:site_name\" content=\"La Gu\u00eda de Pamplona\" \/>\n<meta property=\"article:publisher\" content=\"https:\/\/www.facebook.com\/laguiadepamplonacom-133175176762273\/?ref=hl\" \/>\n<meta property=\"article:published_time\" content=\"2023-05-02T11:45:50+00:00\" \/>\n<meta property=\"article:modified_time\" content=\"2023-05-02T11:51:20+00:00\" \/>\n<meta property=\"og:image\" content=\"https:\/\/www.laguiadepamplona.com\/actualidad\/wp-content\/uploads\/2023\/04\/20230427videosapoyoosasunaq5a7305.webp\" \/>\n\t<meta property=\"og:image:width\" content=\"1920\" \/>\n\t<meta property=\"og:image:height\" content=\"1281\" \/>\n\t<meta property=\"og:image:type\" content=\"image\/webp\" \/>\n<meta name=\"author\" content=\"La Gu\u00eda de Pamplona\" \/>\n<meta name=\"twitter:card\" content=\"summary_large_image\" \/>\n<meta name=\"twitter:creator\" content=\"@LaGuiadPamplona\" \/>\n<meta name=\"twitter:site\" content=\"@LaGuiadPamplona\" \/>\n<meta name=\"twitter:label1\" content=\"Escrito por\" \/>\n\t<meta name=\"twitter:data1\" content=\"La Gu\u00eda de Pamplona\" \/>\n\t<meta name=\"twitter:label2\" content=\"Tiempo de lectura\" \/>\n\t<meta name=\"twitter:data2\" content=\"2 minutos\" \/>\n<script type=\"application\/ld+json\" class=\"yoast-schema-graph\">{\"@context\":\"https:\\\/\\\/schema.org\",\"@graph\":[{\"@type\":\"Article\",\"@id\":\"https:\\\/\\\/www.laguiadepamplona.com\\\/actualidad\\\/arranca-la-difusion-de-los-videos-que-grabaron-200-pamploneses-y-pamplonesas-en-apoyo-a-osasuna-para-la-final-de-la-copa-del-rey\\\/#article\",\"isPartOf\":{\"@id\":\"https:\\\/\\\/www.laguiadepamplona.com\\\/actualidad\\\/arranca-la-difusion-de-los-videos-que-grabaron-200-pamploneses-y-pamplonesas-en-apoyo-a-osasuna-para-la-final-de-la-copa-del-rey\\\/\"},\"author\":{\"name\":\"La Gu\u00eda de Pamplona\",\"@id\":\"https:\\\/\\\/www.laguiadepamplona.com\\\/actualidad\\\/#\\\/schema\\\/person\\\/efe887376f0213d4657c93adc50b1fdb\"},\"headline\":\"Arranca la difusi\u00f3n de los v\u00eddeos que grabaron 200 pamploneses y pamplonesas en apoyo a Osasuna para la final de la Copa del Rey\",\"datePublished\":\"2023-05-02T11:45:50+00:00\",\"dateModified\":\"2023-05-02T11:51:20+00:00\",\"mainEntityOfPage\":{\"@id\":\"https:\\\/\\\/www.laguiadepamplona.com\\\/actualidad\\\/arranca-la-difusion-de-los-videos-que-grabaron-200-pamploneses-y-pamplonesas-en-apoyo-a-osasuna-para-la-final-de-la-copa-del-rey\\\/\"},\"wordCount\":397,\"commentCount\":0,\"publisher\":{\"@id\":\"https:\\\/\\\/www.laguiadepamplona.com\\\/actualidad\\\/#organization\"},\"image\":{\"@id\":\"https:\\\/\\\/www.laguiadepamplona.com\\\/actualidad\\\/arranca-la-difusion-de-los-videos-que-grabaron-200-pamploneses-y-pamplonesas-en-apoyo-a-osasuna-para-la-final-de-la-copa-del-rey\\\/#primaryimage\"},\"thumbnailUrl\":\"https:\\\/\\\/www.laguiadepamplona.com\\\/actualidad\\\/wp-content\\\/uploads\\\/2023\\\/04\\\/20230427videosapoyoosasunaq5a7305.webp\",\"articleSection\":[\"Ayto Pamplona\"],\"inLanguage\":\"es\",\"potentialAction\":[{\"@type\":\"CommentAction\",\"name\":\"Comment\",\"target\":[\"https:\\\/\\\/www.laguiadepamplona.com\\\/actualidad\\\/arranca-la-difusion-de-los-videos-que-grabaron-200-pamploneses-y-pamplonesas-en-apoyo-a-osasuna-para-la-final-de-la-copa-del-rey\\\/#respond\"]}]},{\"@type\":\"WebPage\",\"@id\":\"https:\\\/\\\/www.laguiadepamplona.com\\\/actualidad\\\/arranca-la-difusion-de-los-videos-que-grabaron-200-pamploneses-y-pamplonesas-en-apoyo-a-osasuna-para-la-final-de-la-copa-del-rey\\\/\",\"url\":\"https:\\\/\\\/www.laguiadepamplona.com\\\/actualidad\\\/arranca-la-difusion-de-los-videos-que-grabaron-200-pamploneses-y-pamplonesas-en-apoyo-a-osasuna-para-la-final-de-la-copa-del-rey\\\/\",\"name\":\"Arranca la difusi\u00f3n de los v\u00eddeos que grabaron 200 pamploneses y pamplonesas en apoyo a Osasuna para la final de la Copa del Rey\",\"isPartOf\":{\"@id\":\"https:\\\/\\\/www.laguiadepamplona.com\\\/actualidad\\\/#website\"},\"primaryImageOfPage\":{\"@id\":\"https:\\\/\\\/www.laguiadepamplona.com\\\/actualidad\\\/arranca-la-difusion-de-los-videos-que-grabaron-200-pamploneses-y-pamplonesas-en-apoyo-a-osasuna-para-la-final-de-la-copa-del-rey\\\/#primaryimage\"},\"image\":{\"@id\":\"https:\\\/\\\/www.laguiadepamplona.com\\\/actualidad\\\/arranca-la-difusion-de-los-videos-que-grabaron-200-pamploneses-y-pamplonesas-en-apoyo-a-osasuna-para-la-final-de-la-copa-del-rey\\\/#primaryimage\"},\"thumbnailUrl\":\"https:\\\/\\\/www.laguiadepamplona.com\\\/actualidad\\\/wp-content\\\/uploads\\\/2023\\\/04\\\/20230427videosapoyoosasunaq5a7305.webp\",\"datePublished\":\"2023-05-02T11:45:50+00:00\",\"dateModified\":\"2023-05-02T11:51:20+00:00\",\"description\":\"Las redes sociales y los mupis del Ayuntamiento de Pamplona muestran los m\u00faltiples mensajes animando al equipo para su cita del s\u00e1bado en Sevilla\",\"breadcrumb\":{\"@id\":\"https:\\\/\\\/www.laguiadepamplona.com\\\/actualidad\\\/arranca-la-difusion-de-los-videos-que-grabaron-200-pamploneses-y-pamplonesas-en-apoyo-a-osasuna-para-la-final-de-la-copa-del-rey\\\/#breadcrumb\"},\"inLanguage\":\"es\",\"potentialAction\":[{\"@type\":\"ReadAction\",\"target\":[\"https:\\\/\\\/www.laguiadepamplona.com\\\/actualidad\\\/arranca-la-difusion-de-los-videos-que-grabaron-200-pamploneses-y-pamplonesas-en-apoyo-a-osasuna-para-la-final-de-la-copa-del-rey\\\/\"]}]},{\"@type\":\"ImageObject\",\"inLanguage\":\"es\",\"@id\":\"https:\\\/\\\/www.laguiadepamplona.com\\\/actualidad\\\/arranca-la-difusion-de-los-videos-que-grabaron-200-pamploneses-y-pamplonesas-en-apoyo-a-osasuna-para-la-final-de-la-copa-del-rey\\\/#primaryimage\",\"url\":\"https:\\\/\\\/www.laguiadepamplona.com\\\/actualidad\\\/wp-content\\\/uploads\\\/2023\\\/04\\\/20230427videosapoyoosasunaq5a7305.webp\",\"contentUrl\":\"https:\\\/\\\/www.laguiadepamplona.com\\\/actualidad\\\/wp-content\\\/uploads\\\/2023\\\/04\\\/20230427videosapoyoosasunaq5a7305.webp\",\"width\":1920,\"height\":1281},{\"@type\":\"BreadcrumbList\",\"@id\":\"https:\\\/\\\/www.laguiadepamplona.com\\\/actualidad\\\/arranca-la-difusion-de-los-videos-que-grabaron-200-pamploneses-y-pamplonesas-en-apoyo-a-osasuna-para-la-final-de-la-copa-del-rey\\\/#breadcrumb\",\"itemListElement\":[{\"@type\":\"ListItem\",\"position\":1,\"name\":\"Portada\",\"item\":\"https:\\\/\\\/www.laguiadepamplona.com\\\/actualidad\\\/\"},{\"@type\":\"ListItem\",\"position\":2,\"name\":\"Arranca la difusi\u00f3n de los v\u00eddeos que grabaron 200 pamploneses y pamplonesas en apoyo a Osasuna para la final de la Copa del Rey\"}]},{\"@type\":\"WebSite\",\"@id\":\"https:\\\/\\\/www.laguiadepamplona.com\\\/actualidad\\\/#website\",\"url\":\"https:\\\/\\\/www.laguiadepamplona.com\\\/actualidad\\\/\",\"name\":\"La gu\u00eda de Pamplona\",\"description\":\"Noticias de Pamplona\",\"publisher\":{\"@id\":\"https:\\\/\\\/www.laguiadepamplona.com\\\/actualidad\\\/#organization\"},\"potentialAction\":[{\"@type\":\"SearchAction\",\"target\":{\"@type\":\"EntryPoint\",\"urlTemplate\":\"https:\\\/\\\/www.laguiadepamplona.com\\\/actualidad\\\/?s={search_term_string}\"},\"query-input\":{\"@type\":\"PropertyValueSpecification\",\"valueRequired\":true,\"valueName\":\"search_term_string\"}}],\"inLanguage\":\"es\"},{\"@type\":\"Organization\",\"@id\":\"https:\\\/\\\/www.laguiadepamplona.com\\\/actualidad\\\/#organization\",\"name\":\"La Gu\u00eda de Pamplona \\\/ Noticias\",\"url\":\"https:\\\/\\\/www.laguiadepamplona.com\\\/actualidad\\\/\",\"logo\":{\"@type\":\"ImageObject\",\"inLanguage\":\"es\",\"@id\":\"https:\\\/\\\/www.laguiadepamplona.com\\\/actualidad\\\/#\\\/schema\\\/logo\\\/image\\\/\",\"url\":\"https:\\\/\\\/www.laguiadepamplona.com\\\/actualidad\\\/wp-content\\\/uploads\\\/2018\\\/11\\\/logo-laguiadepamplona18-web1.png\",\"contentUrl\":\"https:\\\/\\\/www.laguiadepamplona.com\\\/actualidad\\\/wp-content\\\/uploads\\\/2018\\\/11\\\/logo-laguiadepamplona18-web1.png\",\"width\":600,\"height\":196,\"caption\":\"La Gu\u00eda de Pamplona \\\/ Noticias\"},\"image\":{\"@id\":\"https:\\\/\\\/www.laguiadepamplona.com\\\/actualidad\\\/#\\\/schema\\\/logo\\\/image\\\/\"},\"sameAs\":[\"https:\\\/\\\/www.facebook.com\\\/laguiadepamplonacom-133175176762273\\\/?ref=hl\",\"https:\\\/\\\/x.com\\\/LaGuiadPamplona\",\"https:\\\/\\\/www.instagram.com\\\/la_guia_de_pamplona\\\/\",\"https:\\\/\\\/www.youtube.com\\\/user\\\/laguiadepamplona\"]},{\"@type\":\"Person\",\"@id\":\"https:\\\/\\\/www.laguiadepamplona.com\\\/actualidad\\\/#\\\/schema\\\/person\\\/efe887376f0213d4657c93adc50b1fdb\",\"name\":\"La Gu\u00eda de Pamplona\",\"image\":{\"@type\":\"ImageObject\",\"inLanguage\":\"es\",\"@id\":\"https:\\\/\\\/secure.gravatar.com\\\/avatar\\\/b6992f131dc8d30ab0dff15446e9d346d9dbd95992de0fef795073f5ea83a81c?s=96&d=mm&r=g\",\"url\":\"https:\\\/\\\/secure.gravatar.com\\\/avatar\\\/b6992f131dc8d30ab0dff15446e9d346d9dbd95992de0fef795073f5ea83a81c?s=96&d=mm&r=g\",\"contentUrl\":\"https:\\\/\\\/secure.gravatar.com\\\/avatar\\\/b6992f131dc8d30ab0dff15446e9d346d9dbd95992de0fef795073f5ea83a81c?s=96&d=mm&r=g\",\"caption\":\"La Gu\u00eda de Pamplona\"}}]}<\/script>\n<!-- \/ Yoast SEO plugin. -->","yoast_head_json":{"title":"Arranca la difusi\u00f3n de los v\u00eddeos que grabaron 200 pamploneses y pamplonesas en apoyo a Osasuna para la final de la Copa del Rey","description":"Las redes sociales y los mupis del Ayuntamiento de Pamplona muestran los m\u00faltiples mensajes animando al equipo para su cita del s\u00e1bado en Sevilla","robots":{"index":"index","follow":"follow","max-snippet":"max-snippet:-1","max-image-preview":"max-image-preview:large","max-video-preview":"max-video-preview:-1"},"canonical":"https:\/\/www.laguiadepamplona.com\/actualidad\/arranca-la-difusion-de-los-videos-que-grabaron-200-pamploneses-y-pamplonesas-en-apoyo-a-osasuna-para-la-final-de-la-copa-del-rey\/","og_locale":"es_ES","og_type":"article","og_title":"Arranca la difusi\u00f3n de los v\u00eddeos que grabaron 200 pamploneses y pamplonesas en apoyo a Osasuna para la final de la Copa del Rey","og_description":"Las redes sociales y los mupis del Ayuntamiento de Pamplona muestran los m\u00faltiples mensajes animando al equipo para su cita del s\u00e1bado en Sevilla","og_url":"https:\/\/www.laguiadepamplona.com\/actualidad\/arranca-la-difusion-de-los-videos-que-grabaron-200-pamploneses-y-pamplonesas-en-apoyo-a-osasuna-para-la-final-de-la-copa-del-rey\/","og_site_name":"La Gu\u00eda de Pamplona","article_publisher":"https:\/\/www.facebook.com\/laguiadepamplonacom-133175176762273\/?ref=hl","article_published_time":"2023-05-02T11:45:50+00:00","article_modified_time":"2023-05-02T11:51:20+00:00","og_image":[{"width":1920,"height":1281,"url":"https:\/\/www.laguiadepamplona.com\/actualidad\/wp-content\/uploads\/2023\/04\/20230427videosapoyoosasunaq5a7305.webp","type":"image\/webp"}],"author":"La Gu\u00eda de Pamplona","twitter_card":"summary_large_image","twitter_creator":"@LaGuiadPamplona","twitter_site":"@LaGuiadPamplona","twitter_misc":{"Escrito por":"La Gu\u00eda de Pamplona","Tiempo de lectura":"2 minutos"},"schema":{"@context":"https:\/\/schema.org","@graph":[{"@type":"Article","@id":"https:\/\/www.laguiadepamplona.com\/actualidad\/arranca-la-difusion-de-los-videos-que-grabaron-200-pamploneses-y-pamplonesas-en-apoyo-a-osasuna-para-la-final-de-la-copa-del-rey\/#article","isPartOf":{"@id":"https:\/\/www.laguiadepamplona.com\/actualidad\/arranca-la-difusion-de-los-videos-que-grabaron-200-pamploneses-y-pamplonesas-en-apoyo-a-osasuna-para-la-final-de-la-copa-del-rey\/"},"author":{"name":"La Gu\u00eda de Pamplona","@id":"https:\/\/www.laguiadepamplona.com\/actualidad\/#\/schema\/person\/efe887376f0213d4657c93adc50b1fdb"},"headline":"Arranca la difusi\u00f3n de los v\u00eddeos que grabaron 200 pamploneses y pamplonesas en apoyo a Osasuna para la final de la Copa del Rey","datePublished":"2023-05-02T11:45:50+00:00","dateModified":"2023-05-02T11:51:20+00:00","mainEntityOfPage":{"@id":"https:\/\/www.laguiadepamplona.com\/actualidad\/arranca-la-difusion-de-los-videos-que-grabaron-200-pamploneses-y-pamplonesas-en-apoyo-a-osasuna-para-la-final-de-la-copa-del-rey\/"},"wordCount":397,"commentCount":0,"publisher":{"@id":"https:\/\/www.laguiadepamplona.com\/actualidad\/#organization"},"image":{"@id":"https:\/\/www.laguiadepamplona.com\/actualidad\/arranca-la-difusion-de-los-videos-que-grabaron-200-pamploneses-y-pamplonesas-en-apoyo-a-osasuna-para-la-final-de-la-copa-del-rey\/#primaryimage"},"thumbnailUrl":"https:\/\/www.laguiadepamplona.com\/actualidad\/wp-content\/uploads\/2023\/04\/20230427videosapoyoosasunaq5a7305.webp","articleSection":["Ayto Pamplona"],"inLanguage":"es","potentialAction":[{"@type":"CommentAction","name":"Comment","target":["https:\/\/www.laguiadepamplona.com\/actualidad\/arranca-la-difusion-de-los-videos-que-grabaron-200-pamploneses-y-pamplonesas-en-apoyo-a-osasuna-para-la-final-de-la-copa-del-rey\/#respond"]}]},{"@type":"WebPage","@id":"https:\/\/www.laguiadepamplona.com\/actualidad\/arranca-la-difusion-de-los-videos-que-grabaron-200-pamploneses-y-pamplonesas-en-apoyo-a-osasuna-para-la-final-de-la-copa-del-rey\/","url":"https:\/\/www.laguiadepamplona.com\/actualidad\/arranca-la-difusion-de-los-videos-que-grabaron-200-pamploneses-y-pamplonesas-en-apoyo-a-osasuna-para-la-final-de-la-copa-del-rey\/","name":"Arranca la difusi\u00f3n de los v\u00eddeos que grabaron 200 pamploneses y pamplonesas en apoyo a Osasuna para la final de la Copa del Rey","isPartOf":{"@id":"https:\/\/www.laguiadepamplona.com\/actualidad\/#website"},"primaryImageOfPage":{"@id":"https:\/\/www.laguiadepamplona.com\/actualidad\/arranca-la-difusion-de-los-videos-que-grabaron-200-pamploneses-y-pamplonesas-en-apoyo-a-osasuna-para-la-final-de-la-copa-del-rey\/#primaryimage"},"image":{"@id":"https:\/\/www.laguiadepamplona.com\/actualidad\/arranca-la-difusion-de-los-videos-que-grabaron-200-pamploneses-y-pamplonesas-en-apoyo-a-osasuna-para-la-final-de-la-copa-del-rey\/#primaryimage"},"thumbnailUrl":"https:\/\/www.laguiadepamplona.com\/actualidad\/wp-content\/uploads\/2023\/04\/20230427videosapoyoosasunaq5a7305.webp","datePublished":"2023-05-02T11:45:50+00:00","dateModified":"2023-05-02T11:51:20+00:00","description":"Las redes sociales y los mupis del Ayuntamiento de Pamplona muestran los m\u00faltiples mensajes animando al equipo para su cita del s\u00e1bado en Sevilla","breadcrumb":{"@id":"https:\/\/www.laguiadepamplona.com\/actualidad\/arranca-la-difusion-de-los-videos-que-grabaron-200-pamploneses-y-pamplonesas-en-apoyo-a-osasuna-para-la-final-de-la-copa-del-rey\/#breadcrumb"},"inLanguage":"es","potentialAction":[{"@type":"ReadAction","target":["https:\/\/www.laguiadepamplona.com\/actualidad\/arranca-la-difusion-de-los-videos-que-grabaron-200-pamploneses-y-pamplonesas-en-apoyo-a-osasuna-para-la-final-de-la-copa-del-rey\/"]}]},{"@type":"ImageObject","inLanguage":"es","@id":"https:\/\/www.laguiadepamplona.com\/actualidad\/arranca-la-difusion-de-los-videos-que-grabaron-200-pamploneses-y-pamplonesas-en-apoyo-a-osasuna-para-la-final-de-la-copa-del-rey\/#primaryimage","url":"https:\/\/www.laguiadepamplona.com\/actualidad\/wp-content\/uploads\/2023\/04\/20230427videosapoyoosasunaq5a7305.webp","contentUrl":"https:\/\/www.laguiadepamplona.com\/actualidad\/wp-content\/uploads\/2023\/04\/20230427videosapoyoosasunaq5a7305.webp","width":1920,"height":1281},{"@type":"BreadcrumbList","@id":"https:\/\/www.laguiadepamplona.com\/actualidad\/arranca-la-difusion-de-los-videos-que-grabaron-200-pamploneses-y-pamplonesas-en-apoyo-a-osasuna-para-la-final-de-la-copa-del-rey\/#breadcrumb","itemListElement":[{"@type":"ListItem","position":1,"name":"Portada","item":"https:\/\/www.laguiadepamplona.com\/actualidad\/"},{"@type":"ListItem","position":2,"name":"Arranca la difusi\u00f3n de los v\u00eddeos que grabaron 200 pamploneses y pamplonesas en apoyo a Osasuna para la final de la Copa del Rey"}]},{"@type":"WebSite","@id":"https:\/\/www.laguiadepamplona.com\/actualidad\/#website","url":"https:\/\/www.laguiadepamplona.com\/actualidad\/","name":"La gu\u00eda de Pamplona","description":"Noticias de Pamplona","publisher":{"@id":"https:\/\/www.laguiadepamplona.com\/actualidad\/#organization"},"potentialAction":[{"@type":"SearchAction","target":{"@type":"EntryPoint","urlTemplate":"https:\/\/www.laguiadepamplona.com\/actualidad\/?s={search_term_string}"},"query-input":{"@type":"PropertyValueSpecification","valueRequired":true,"valueName":"search_term_string"}}],"inLanguage":"es"},{"@type":"Organization","@id":"https:\/\/www.laguiadepamplona.com\/actualidad\/#organization","name":"La Gu\u00eda de Pamplona \/ Noticias","url":"https:\/\/www.laguiadepamplona.com\/actualidad\/","logo":{"@type":"ImageObject","inLanguage":"es","@id":"https:\/\/www.laguiadepamplona.com\/actualidad\/#\/schema\/logo\/image\/","url":"https:\/\/www.laguiadepamplona.com\/actualidad\/wp-content\/uploads\/2018\/11\/logo-laguiadepamplona18-web1.png","contentUrl":"https:\/\/www.laguiadepamplona.com\/actualidad\/wp-content\/uploads\/2018\/11\/logo-laguiadepamplona18-web1.png","width":600,"height":196,"caption":"La Gu\u00eda de Pamplona \/ Noticias"},"image":{"@id":"https:\/\/www.laguiadepamplona.com\/actualidad\/#\/schema\/logo\/image\/"},"sameAs":["https:\/\/www.facebook.com\/laguiadepamplonacom-133175176762273\/?ref=hl","https:\/\/x.com\/LaGuiadPamplona","https:\/\/www.instagram.com\/la_guia_de_pamplona\/","https:\/\/www.youtube.com\/user\/laguiadepamplona"]},{"@type":"Person","@id":"https:\/\/www.laguiadepamplona.com\/actualidad\/#\/schema\/person\/efe887376f0213d4657c93adc50b1fdb","name":"La Gu\u00eda de Pamplona","image":{"@type":"ImageObject","inLanguage":"es","@id":"https:\/\/secure.gravatar.com\/avatar\/b6992f131dc8d30ab0dff15446e9d346d9dbd95992de0fef795073f5ea83a81c?s=96&d=mm&r=g","url":"https:\/\/secure.gravatar.com\/avatar\/b6992f131dc8d30ab0dff15446e9d346d9dbd95992de0fef795073f5ea83a81c?s=96&d=mm&r=g","contentUrl":"https:\/\/secure.gravatar.com\/avatar\/b6992f131dc8d30ab0dff15446e9d346d9dbd95992de0fef795073f5ea83a81c?s=96&d=mm&r=g","caption":"La Gu\u00eda de Pamplona"}}]}},"post_mailing_queue_ids":[],"_links":{"self":[{"href":"https:\/\/www.laguiadepamplona.com\/actualidad\/wp-json\/wp\/v2\/posts\/46543","targetHints":{"allow":["GET"]}}],"collection":[{"href":"https:\/\/www.laguiadepamplona.com\/actualidad\/wp-json\/wp\/v2\/posts"}],"about":[{"href":"https:\/\/www.laguiadepamplona.com\/actualidad\/wp-json\/wp\/v2\/types\/post"}],"author":[{"embeddable":true,"href":"https:\/\/www.laguiadepamplona.com\/actualidad\/wp-json\/wp\/v2\/users\/1"}],"replies":[{"embeddable":true,"href":"https:\/\/www.laguiadepamplona.com\/actualidad\/wp-json\/wp\/v2\/comments?post=46543"}],"version-history":[{"count":5,"href":"https:\/\/www.laguiadepamplona.com\/actualidad\/wp-json\/wp\/v2\/posts\/46543\/revisions"}],"predecessor-version":[{"id":46548,"href":"https:\/\/www.laguiadepamplona.com\/actualidad\/wp-json\/wp\/v2\/posts\/46543\/revisions\/46548"}],"wp:featuredmedia":[{"embeddable":true,"href":"https:\/\/www.laguiadepamplona.com\/actualidad\/wp-json\/wp\/v2\/media\/46517"}],"wp:attachment":[{"href":"https:\/\/www.laguiadepamplona.com\/actualidad\/wp-json\/wp\/v2\/media?parent=46543"}],"wp:term":[{"taxonomy":"category","embeddable":true,"href":"https:\/\/www.laguiadepamplona.com\/actualidad\/wp-json\/wp\/v2\/categories?post=46543"},{"taxonomy":"post_tag","embeddable":true,"href":"https:\/\/www.laguiadepamplona.com\/actualidad\/wp-json\/wp\/v2\/tags?post=46543"}],"curies":[{"name":"wp","href":"https:\/\/api.w.org\/{rel}","templated":true}]}}