{"id":46540,"date":"2023-05-02T13:38:28","date_gmt":"2023-05-02T11:38:28","guid":{"rendered":"https:\/\/www.laguiadepamplona.com\/actualidad\/?p=46540"},"modified":"2023-05-02T13:38:28","modified_gmt":"2023-05-02T11:38:28","slug":"el-ayuntamiento-de-pamplona-recibe-a-la-fundacion-tomas-caballero-dentro-de-los-actos-en-recuerdo-del-concejal-asesinado-hace-25-anos","status":"publish","type":"post","link":"https:\/\/www.laguiadepamplona.com\/actualidad\/el-ayuntamiento-de-pamplona-recibe-a-la-fundacion-tomas-caballero-dentro-de-los-actos-en-recuerdo-del-concejal-asesinado-hace-25-anos\/","title":{"rendered":"El Ayuntamiento de Pamplona recibe a la Fundaci\u00f3n Tom\u00e1s Caballero dentro de los actos en recuerdo del concejal asesinado hace 25 a\u00f1os"},"content":{"rendered":"<h5>El alcalde, Enrique Maya, ha resaltado la \u201ccapacidad de trabajo y el compromiso\u201d de Caballero con la sociedad pamplonesa y con la ciudad<\/h5>\n<p><!--more--><\/p>\n<p>Miembros de la corporaci\u00f3n municipal, encabezados por el alcalde de Pamplona, Enrique Maya, han recibido esta ma\u00f1ana, en el Sal\u00f3n de Recepciones de la Casa Consistorial, a la Fundaci\u00f3n Tom\u00e1s Caballero, dentro de los actos organizados por el Ayuntamiento para conmemorar el 25 aniversario del asesinato del concejal de UPN Tom\u00e1s Caballero por parte de la banda terrorista ETA. En el encuentro ha participado los cinco hijos del concejal asesinado, entre ellos el presidente de la Fundaci\u00f3n, Tom\u00e1s Caballero, y la concejala delegada de Servicios Sociales, Acci\u00f3n Comunitaria y Deporte, Mar\u00eda Caballero, acompa\u00f1ados por otros familiares y miembros de la fundaci\u00f3n.<\/p>\n<p>El Consistorio ha querido recordar con este acto la figura de Tom\u00e1s Caballero, \u201csu capacidad de trabajo y su compromiso\u201d, tal y como ha recordado el alcalde, Enrique Maya, en las palabras que ha dirigido a familiares y amistades del que fuera concejal en el Ayuntamiento de Pamplona. Tras repasar la trayectoria vital de Caballero, desde su nacimiento en 1935, sus estudios y su trayectoria profesional hasta llegada a la pol\u00edtica municipal, Maya ha resaltado su desempe\u00f1o como uno \u201cde los llamados concejales sociales\u201d, por su inter\u00e9s en aquellos temas que afectaban de lleno a la ciudadan\u00eda.<br \/>\n<script async src=\"\/\/pagead2.googlesyndication.com\/pagead\/js\/adsbygoogle.js\"><\/script><br \/>\n<!-- Noticias La Guia de Pamplona --><br \/>\n<ins class=\"adsbygoogle\"\nstyle=\"display:block\"\ndata-ad-client=\"ca-pub-6943679897239327\"\ndata-ad-slot=\"7048180777\"\ndata-ad-format=\"auto\"><\/ins><br \/>\n<script>\n(adsbygoogle = window.adsbygoogle || []).push({});\n<\/script><\/p>\n<p>Concejal desde 1970 hasta 1978, y alcalde accidental en 1977, volvi\u00f3 a la pol\u00edtica municipal en 1995, como concejal independiente en la lista de UPN, donde ejerci\u00f3 de portavoz del grupo municipal. \u201cSus palabras le costaron una querella por parte de Herri Batasuna, de la que sali\u00f3 absuelto\u201d, ha recordado Maya. Ese hecho, sin embargo, le coloc\u00f3 en el punto de mira de la banda terrorista ETA, que lo asesin\u00f3 el 6 de mayo de 1998 en las puertas de su casa, cuando se dirig\u00eda al Ayuntamiento. Ten\u00eda 63 a\u00f1os y dejaba a su mujer, Pilar Mart\u00ednez, viuda y a cargo de los cinco hijos de la pareja.<\/p>\n<p>El asesinato lleg\u00f3 apenas un a\u00f1o despu\u00e9s del que sufri\u00f3 el concejal de Ermua Miguel \u00c1ngel Blanco, que supuso un punto de inflexi\u00f3n en la respuesta ciudadana contra la banda terrorista ETA, y volvi\u00f3 a conmover a la sociedad pamplonesa y navarra, que se concentr\u00f3 de forma masiva para mostrar su rechazo y repulsa. La muerte de Tom\u00e1s Caballero supuso el surgimiento de la fundaci\u00f3n que lleva su nombre, que pretende mantener viva la memoria del concejal asesinado.<br \/>\n<script async src=\"\/\/pagead2.googlesyndication.com\/pagead\/js\/adsbygoogle.js\"><\/script><br \/>\n<!-- Noticias La Guia de Pamplona --><br \/>\n<ins class=\"adsbygoogle\"\nstyle=\"display:block\"\ndata-ad-client=\"ca-pub-6943679897239327\"\ndata-ad-slot=\"7048180777\"\ndata-ad-format=\"auto\"><\/ins><br \/>\n<script>\n(adsbygoogle = window.adsbygoogle || []).push({});\n<\/script><\/p>\n<p>A lo largo de 42 a\u00f1os, la banda terrorista ETA asesin\u00f3 a 853 personas, entre\u00a0civiles, pol\u00edticos, jueces, polic\u00edas, guardias civiles y militares. En Navarra, el primer asesinato se produjo el 26 de noviembre de 1977. Desde esa fecha hasta la disoluci\u00f3n de la banda el 20 de octubre de 2011, acabaron con 42 vidas en la Comunidad Foral.<\/p>\n<p>Coincidiendo con el 25 aniversario del asesinato de Tom\u00e1s Caballero, la Fundaci\u00f3n Tom\u00e1s Caballero y el Ayuntamiento de Pamplona han organizado distintos actos para esta semana. As\u00ed el jueves habr\u00e1 una misa en la Catedral, a las 18 horas, y a las 19 horas se ha convocado a una concentraci\u00f3n silenciosa en la plaza Consistorial. El viernes, por su parte, se ha organizado un responso y ofrenda floral en el cementerio a las 11 horas; y se inaugurar\u00e1 una exposici\u00f3n sobre su figura en el Palacio de Condestable. Ese mismo d\u00eda, a las 13 horas, se proceder\u00e1 a la colocaci\u00f3n de un busto de Tom\u00e1s Caballero en el zagu\u00e1n de la Casa Consistorial.<\/p>\n","protected":false},"excerpt":{"rendered":"<p>El alcalde, Enrique Maya, ha resaltado la \u201ccapacidad de trabajo y el compromiso\u201d de Caballero con la sociedad pamplonesa y con la ciudad<\/p>\n","protected":false},"author":1,"featured_media":46541,"comment_status":"open","ping_status":"closed","sticky":false,"template":"","format":"standard","meta":{"footnotes":""},"categories":[2],"tags":[],"class_list":["post-46540","post","type-post","status-publish","format-standard","has-post-thumbnail","hentry","category-ayuntamiento-pamplona"],"yoast_head":"<!-- This site is optimized with the Yoast SEO plugin v27.3 - https:\/\/yoast.com\/product\/yoast-seo-wordpress\/ -->\n<title>El Ayuntamiento de Pamplona recibe a la Fundaci\u00f3n Tom\u00e1s Caballero dentro de los actos en recuerdo del concejal asesinado hace 25 a\u00f1os<\/title>\n<meta name=\"description\" content=\"El alcalde, Enrique Maya, ha resaltado la \u201ccapacidad de trabajo y el compromiso\u201d de Caballero con la sociedad pamplonesa y con la ciudad\" \/>\n<meta name=\"robots\" content=\"index, follow, max-snippet:-1, max-image-preview:large, max-video-preview:-1\" \/>\n<link rel=\"canonical\" href=\"https:\/\/www.laguiadepamplona.com\/actualidad\/el-ayuntamiento-de-pamplona-recibe-a-la-fundacion-tomas-caballero-dentro-de-los-actos-en-recuerdo-del-concejal-asesinado-hace-25-anos\/\" \/>\n<meta property=\"og:locale\" content=\"es_ES\" \/>\n<meta property=\"og:type\" content=\"article\" \/>\n<meta property=\"og:title\" content=\"El Ayuntamiento de Pamplona recibe a la Fundaci\u00f3n Tom\u00e1s Caballero dentro de los actos en recuerdo del concejal asesinado hace 25 a\u00f1os\" \/>\n<meta property=\"og:description\" content=\"El alcalde, Enrique Maya, ha resaltado la \u201ccapacidad de trabajo y el compromiso\u201d de Caballero con la sociedad pamplonesa y con la ciudad\" \/>\n<meta property=\"og:url\" content=\"https:\/\/www.laguiadepamplona.com\/actualidad\/el-ayuntamiento-de-pamplona-recibe-a-la-fundacion-tomas-caballero-dentro-de-los-actos-en-recuerdo-del-concejal-asesinado-hace-25-anos\/\" \/>\n<meta property=\"og:site_name\" content=\"La Gu\u00eda de Pamplona\" \/>\n<meta property=\"article:publisher\" content=\"https:\/\/www.facebook.com\/laguiadepamplonacom-133175176762273\/?ref=hl\" \/>\n<meta property=\"article:published_time\" content=\"2023-05-02T11:38:28+00:00\" \/>\n<meta property=\"og:image\" content=\"https:\/\/www.laguiadepamplona.com\/actualidad\/wp-content\/uploads\/2023\/05\/20230502recepciontomascaballeroq5a1232_0.webp\" \/>\n\t<meta property=\"og:image:width\" content=\"1920\" \/>\n\t<meta property=\"og:image:height\" content=\"1281\" \/>\n\t<meta property=\"og:image:type\" content=\"image\/webp\" \/>\n<meta name=\"author\" content=\"La Gu\u00eda de Pamplona\" \/>\n<meta name=\"twitter:card\" content=\"summary_large_image\" \/>\n<meta name=\"twitter:creator\" content=\"@LaGuiadPamplona\" \/>\n<meta name=\"twitter:site\" content=\"@LaGuiadPamplona\" \/>\n<meta name=\"twitter:label1\" content=\"Escrito por\" \/>\n\t<meta name=\"twitter:data1\" content=\"La Gu\u00eda de Pamplona\" \/>\n\t<meta name=\"twitter:label2\" content=\"Tiempo de lectura\" \/>\n\t<meta name=\"twitter:data2\" content=\"3 minutos\" \/>\n<script type=\"application\/ld+json\" class=\"yoast-schema-graph\">{\"@context\":\"https:\\\/\\\/schema.org\",\"@graph\":[{\"@type\":\"Article\",\"@id\":\"https:\\\/\\\/www.laguiadepamplona.com\\\/actualidad\\\/el-ayuntamiento-de-pamplona-recibe-a-la-fundacion-tomas-caballero-dentro-de-los-actos-en-recuerdo-del-concejal-asesinado-hace-25-anos\\\/#article\",\"isPartOf\":{\"@id\":\"https:\\\/\\\/www.laguiadepamplona.com\\\/actualidad\\\/el-ayuntamiento-de-pamplona-recibe-a-la-fundacion-tomas-caballero-dentro-de-los-actos-en-recuerdo-del-concejal-asesinado-hace-25-anos\\\/\"},\"author\":{\"name\":\"La Gu\u00eda de Pamplona\",\"@id\":\"https:\\\/\\\/www.laguiadepamplona.com\\\/actualidad\\\/#\\\/schema\\\/person\\\/efe887376f0213d4657c93adc50b1fdb\"},\"headline\":\"El Ayuntamiento de Pamplona recibe a la Fundaci\u00f3n Tom\u00e1s Caballero dentro de los actos en recuerdo del concejal asesinado hace 25 a\u00f1os\",\"datePublished\":\"2023-05-02T11:38:28+00:00\",\"mainEntityOfPage\":{\"@id\":\"https:\\\/\\\/www.laguiadepamplona.com\\\/actualidad\\\/el-ayuntamiento-de-pamplona-recibe-a-la-fundacion-tomas-caballero-dentro-de-los-actos-en-recuerdo-del-concejal-asesinado-hace-25-anos\\\/\"},\"wordCount\":622,\"commentCount\":0,\"publisher\":{\"@id\":\"https:\\\/\\\/www.laguiadepamplona.com\\\/actualidad\\\/#organization\"},\"image\":{\"@id\":\"https:\\\/\\\/www.laguiadepamplona.com\\\/actualidad\\\/el-ayuntamiento-de-pamplona-recibe-a-la-fundacion-tomas-caballero-dentro-de-los-actos-en-recuerdo-del-concejal-asesinado-hace-25-anos\\\/#primaryimage\"},\"thumbnailUrl\":\"https:\\\/\\\/www.laguiadepamplona.com\\\/actualidad\\\/wp-content\\\/uploads\\\/2023\\\/05\\\/20230502recepciontomascaballeroq5a1232_0.webp\",\"articleSection\":[\"Ayto Pamplona\"],\"inLanguage\":\"es\",\"potentialAction\":[{\"@type\":\"CommentAction\",\"name\":\"Comment\",\"target\":[\"https:\\\/\\\/www.laguiadepamplona.com\\\/actualidad\\\/el-ayuntamiento-de-pamplona-recibe-a-la-fundacion-tomas-caballero-dentro-de-los-actos-en-recuerdo-del-concejal-asesinado-hace-25-anos\\\/#respond\"]}]},{\"@type\":\"WebPage\",\"@id\":\"https:\\\/\\\/www.laguiadepamplona.com\\\/actualidad\\\/el-ayuntamiento-de-pamplona-recibe-a-la-fundacion-tomas-caballero-dentro-de-los-actos-en-recuerdo-del-concejal-asesinado-hace-25-anos\\\/\",\"url\":\"https:\\\/\\\/www.laguiadepamplona.com\\\/actualidad\\\/el-ayuntamiento-de-pamplona-recibe-a-la-fundacion-tomas-caballero-dentro-de-los-actos-en-recuerdo-del-concejal-asesinado-hace-25-anos\\\/\",\"name\":\"El Ayuntamiento de Pamplona recibe a la Fundaci\u00f3n Tom\u00e1s Caballero dentro de los actos en recuerdo del concejal asesinado hace 25 a\u00f1os\",\"isPartOf\":{\"@id\":\"https:\\\/\\\/www.laguiadepamplona.com\\\/actualidad\\\/#website\"},\"primaryImageOfPage\":{\"@id\":\"https:\\\/\\\/www.laguiadepamplona.com\\\/actualidad\\\/el-ayuntamiento-de-pamplona-recibe-a-la-fundacion-tomas-caballero-dentro-de-los-actos-en-recuerdo-del-concejal-asesinado-hace-25-anos\\\/#primaryimage\"},\"image\":{\"@id\":\"https:\\\/\\\/www.laguiadepamplona.com\\\/actualidad\\\/el-ayuntamiento-de-pamplona-recibe-a-la-fundacion-tomas-caballero-dentro-de-los-actos-en-recuerdo-del-concejal-asesinado-hace-25-anos\\\/#primaryimage\"},\"thumbnailUrl\":\"https:\\\/\\\/www.laguiadepamplona.com\\\/actualidad\\\/wp-content\\\/uploads\\\/2023\\\/05\\\/20230502recepciontomascaballeroq5a1232_0.webp\",\"datePublished\":\"2023-05-02T11:38:28+00:00\",\"description\":\"El alcalde, Enrique Maya, ha resaltado la \u201ccapacidad de trabajo y el compromiso\u201d de Caballero con la sociedad pamplonesa y con la ciudad\",\"breadcrumb\":{\"@id\":\"https:\\\/\\\/www.laguiadepamplona.com\\\/actualidad\\\/el-ayuntamiento-de-pamplona-recibe-a-la-fundacion-tomas-caballero-dentro-de-los-actos-en-recuerdo-del-concejal-asesinado-hace-25-anos\\\/#breadcrumb\"},\"inLanguage\":\"es\",\"potentialAction\":[{\"@type\":\"ReadAction\",\"target\":[\"https:\\\/\\\/www.laguiadepamplona.com\\\/actualidad\\\/el-ayuntamiento-de-pamplona-recibe-a-la-fundacion-tomas-caballero-dentro-de-los-actos-en-recuerdo-del-concejal-asesinado-hace-25-anos\\\/\"]}]},{\"@type\":\"ImageObject\",\"inLanguage\":\"es\",\"@id\":\"https:\\\/\\\/www.laguiadepamplona.com\\\/actualidad\\\/el-ayuntamiento-de-pamplona-recibe-a-la-fundacion-tomas-caballero-dentro-de-los-actos-en-recuerdo-del-concejal-asesinado-hace-25-anos\\\/#primaryimage\",\"url\":\"https:\\\/\\\/www.laguiadepamplona.com\\\/actualidad\\\/wp-content\\\/uploads\\\/2023\\\/05\\\/20230502recepciontomascaballeroq5a1232_0.webp\",\"contentUrl\":\"https:\\\/\\\/www.laguiadepamplona.com\\\/actualidad\\\/wp-content\\\/uploads\\\/2023\\\/05\\\/20230502recepciontomascaballeroq5a1232_0.webp\",\"width\":1920,\"height\":1281},{\"@type\":\"BreadcrumbList\",\"@id\":\"https:\\\/\\\/www.laguiadepamplona.com\\\/actualidad\\\/el-ayuntamiento-de-pamplona-recibe-a-la-fundacion-tomas-caballero-dentro-de-los-actos-en-recuerdo-del-concejal-asesinado-hace-25-anos\\\/#breadcrumb\",\"itemListElement\":[{\"@type\":\"ListItem\",\"position\":1,\"name\":\"Portada\",\"item\":\"https:\\\/\\\/www.laguiadepamplona.com\\\/actualidad\\\/\"},{\"@type\":\"ListItem\",\"position\":2,\"name\":\"El Ayuntamiento de Pamplona recibe a la Fundaci\u00f3n Tom\u00e1s Caballero dentro de los actos en recuerdo del concejal asesinado hace 25 a\u00f1os\"}]},{\"@type\":\"WebSite\",\"@id\":\"https:\\\/\\\/www.laguiadepamplona.com\\\/actualidad\\\/#website\",\"url\":\"https:\\\/\\\/www.laguiadepamplona.com\\\/actualidad\\\/\",\"name\":\"La gu\u00eda de Pamplona\",\"description\":\"Noticias de Pamplona\",\"publisher\":{\"@id\":\"https:\\\/\\\/www.laguiadepamplona.com\\\/actualidad\\\/#organization\"},\"potentialAction\":[{\"@type\":\"SearchAction\",\"target\":{\"@type\":\"EntryPoint\",\"urlTemplate\":\"https:\\\/\\\/www.laguiadepamplona.com\\\/actualidad\\\/?s={search_term_string}\"},\"query-input\":{\"@type\":\"PropertyValueSpecification\",\"valueRequired\":true,\"valueName\":\"search_term_string\"}}],\"inLanguage\":\"es\"},{\"@type\":\"Organization\",\"@id\":\"https:\\\/\\\/www.laguiadepamplona.com\\\/actualidad\\\/#organization\",\"name\":\"La Gu\u00eda de Pamplona \\\/ Noticias\",\"url\":\"https:\\\/\\\/www.laguiadepamplona.com\\\/actualidad\\\/\",\"logo\":{\"@type\":\"ImageObject\",\"inLanguage\":\"es\",\"@id\":\"https:\\\/\\\/www.laguiadepamplona.com\\\/actualidad\\\/#\\\/schema\\\/logo\\\/image\\\/\",\"url\":\"https:\\\/\\\/www.laguiadepamplona.com\\\/actualidad\\\/wp-content\\\/uploads\\\/2018\\\/11\\\/logo-laguiadepamplona18-web1.png\",\"contentUrl\":\"https:\\\/\\\/www.laguiadepamplona.com\\\/actualidad\\\/wp-content\\\/uploads\\\/2018\\\/11\\\/logo-laguiadepamplona18-web1.png\",\"width\":600,\"height\":196,\"caption\":\"La Gu\u00eda de Pamplona \\\/ Noticias\"},\"image\":{\"@id\":\"https:\\\/\\\/www.laguiadepamplona.com\\\/actualidad\\\/#\\\/schema\\\/logo\\\/image\\\/\"},\"sameAs\":[\"https:\\\/\\\/www.facebook.com\\\/laguiadepamplonacom-133175176762273\\\/?ref=hl\",\"https:\\\/\\\/x.com\\\/LaGuiadPamplona\",\"https:\\\/\\\/www.instagram.com\\\/la_guia_de_pamplona\\\/\",\"https:\\\/\\\/www.youtube.com\\\/user\\\/laguiadepamplona\"]},{\"@type\":\"Person\",\"@id\":\"https:\\\/\\\/www.laguiadepamplona.com\\\/actualidad\\\/#\\\/schema\\\/person\\\/efe887376f0213d4657c93adc50b1fdb\",\"name\":\"La Gu\u00eda de Pamplona\",\"image\":{\"@type\":\"ImageObject\",\"inLanguage\":\"es\",\"@id\":\"https:\\\/\\\/secure.gravatar.com\\\/avatar\\\/b6992f131dc8d30ab0dff15446e9d346d9dbd95992de0fef795073f5ea83a81c?s=96&d=mm&r=g\",\"url\":\"https:\\\/\\\/secure.gravatar.com\\\/avatar\\\/b6992f131dc8d30ab0dff15446e9d346d9dbd95992de0fef795073f5ea83a81c?s=96&d=mm&r=g\",\"contentUrl\":\"https:\\\/\\\/secure.gravatar.com\\\/avatar\\\/b6992f131dc8d30ab0dff15446e9d346d9dbd95992de0fef795073f5ea83a81c?s=96&d=mm&r=g\",\"caption\":\"La Gu\u00eda de Pamplona\"}}]}<\/script>\n<!-- \/ Yoast SEO plugin. -->","yoast_head_json":{"title":"El Ayuntamiento de Pamplona recibe a la Fundaci\u00f3n Tom\u00e1s Caballero dentro de los actos en recuerdo del concejal asesinado hace 25 a\u00f1os","description":"El alcalde, Enrique Maya, ha resaltado la \u201ccapacidad de trabajo y el compromiso\u201d de Caballero con la sociedad pamplonesa y con la ciudad","robots":{"index":"index","follow":"follow","max-snippet":"max-snippet:-1","max-image-preview":"max-image-preview:large","max-video-preview":"max-video-preview:-1"},"canonical":"https:\/\/www.laguiadepamplona.com\/actualidad\/el-ayuntamiento-de-pamplona-recibe-a-la-fundacion-tomas-caballero-dentro-de-los-actos-en-recuerdo-del-concejal-asesinado-hace-25-anos\/","og_locale":"es_ES","og_type":"article","og_title":"El Ayuntamiento de Pamplona recibe a la Fundaci\u00f3n Tom\u00e1s Caballero dentro de los actos en recuerdo del concejal asesinado hace 25 a\u00f1os","og_description":"El alcalde, Enrique Maya, ha resaltado la \u201ccapacidad de trabajo y el compromiso\u201d de Caballero con la sociedad pamplonesa y con la ciudad","og_url":"https:\/\/www.laguiadepamplona.com\/actualidad\/el-ayuntamiento-de-pamplona-recibe-a-la-fundacion-tomas-caballero-dentro-de-los-actos-en-recuerdo-del-concejal-asesinado-hace-25-anos\/","og_site_name":"La Gu\u00eda de Pamplona","article_publisher":"https:\/\/www.facebook.com\/laguiadepamplonacom-133175176762273\/?ref=hl","article_published_time":"2023-05-02T11:38:28+00:00","og_image":[{"width":1920,"height":1281,"url":"https:\/\/www.laguiadepamplona.com\/actualidad\/wp-content\/uploads\/2023\/05\/20230502recepciontomascaballeroq5a1232_0.webp","type":"image\/webp"}],"author":"La Gu\u00eda de Pamplona","twitter_card":"summary_large_image","twitter_creator":"@LaGuiadPamplona","twitter_site":"@LaGuiadPamplona","twitter_misc":{"Escrito por":"La Gu\u00eda de Pamplona","Tiempo de lectura":"3 minutos"},"schema":{"@context":"https:\/\/schema.org","@graph":[{"@type":"Article","@id":"https:\/\/www.laguiadepamplona.com\/actualidad\/el-ayuntamiento-de-pamplona-recibe-a-la-fundacion-tomas-caballero-dentro-de-los-actos-en-recuerdo-del-concejal-asesinado-hace-25-anos\/#article","isPartOf":{"@id":"https:\/\/www.laguiadepamplona.com\/actualidad\/el-ayuntamiento-de-pamplona-recibe-a-la-fundacion-tomas-caballero-dentro-de-los-actos-en-recuerdo-del-concejal-asesinado-hace-25-anos\/"},"author":{"name":"La Gu\u00eda de Pamplona","@id":"https:\/\/www.laguiadepamplona.com\/actualidad\/#\/schema\/person\/efe887376f0213d4657c93adc50b1fdb"},"headline":"El Ayuntamiento de Pamplona recibe a la Fundaci\u00f3n Tom\u00e1s Caballero dentro de los actos en recuerdo del concejal asesinado hace 25 a\u00f1os","datePublished":"2023-05-02T11:38:28+00:00","mainEntityOfPage":{"@id":"https:\/\/www.laguiadepamplona.com\/actualidad\/el-ayuntamiento-de-pamplona-recibe-a-la-fundacion-tomas-caballero-dentro-de-los-actos-en-recuerdo-del-concejal-asesinado-hace-25-anos\/"},"wordCount":622,"commentCount":0,"publisher":{"@id":"https:\/\/www.laguiadepamplona.com\/actualidad\/#organization"},"image":{"@id":"https:\/\/www.laguiadepamplona.com\/actualidad\/el-ayuntamiento-de-pamplona-recibe-a-la-fundacion-tomas-caballero-dentro-de-los-actos-en-recuerdo-del-concejal-asesinado-hace-25-anos\/#primaryimage"},"thumbnailUrl":"https:\/\/www.laguiadepamplona.com\/actualidad\/wp-content\/uploads\/2023\/05\/20230502recepciontomascaballeroq5a1232_0.webp","articleSection":["Ayto Pamplona"],"inLanguage":"es","potentialAction":[{"@type":"CommentAction","name":"Comment","target":["https:\/\/www.laguiadepamplona.com\/actualidad\/el-ayuntamiento-de-pamplona-recibe-a-la-fundacion-tomas-caballero-dentro-de-los-actos-en-recuerdo-del-concejal-asesinado-hace-25-anos\/#respond"]}]},{"@type":"WebPage","@id":"https:\/\/www.laguiadepamplona.com\/actualidad\/el-ayuntamiento-de-pamplona-recibe-a-la-fundacion-tomas-caballero-dentro-de-los-actos-en-recuerdo-del-concejal-asesinado-hace-25-anos\/","url":"https:\/\/www.laguiadepamplona.com\/actualidad\/el-ayuntamiento-de-pamplona-recibe-a-la-fundacion-tomas-caballero-dentro-de-los-actos-en-recuerdo-del-concejal-asesinado-hace-25-anos\/","name":"El Ayuntamiento de Pamplona recibe a la Fundaci\u00f3n Tom\u00e1s Caballero dentro de los actos en recuerdo del concejal asesinado hace 25 a\u00f1os","isPartOf":{"@id":"https:\/\/www.laguiadepamplona.com\/actualidad\/#website"},"primaryImageOfPage":{"@id":"https:\/\/www.laguiadepamplona.com\/actualidad\/el-ayuntamiento-de-pamplona-recibe-a-la-fundacion-tomas-caballero-dentro-de-los-actos-en-recuerdo-del-concejal-asesinado-hace-25-anos\/#primaryimage"},"image":{"@id":"https:\/\/www.laguiadepamplona.com\/actualidad\/el-ayuntamiento-de-pamplona-recibe-a-la-fundacion-tomas-caballero-dentro-de-los-actos-en-recuerdo-del-concejal-asesinado-hace-25-anos\/#primaryimage"},"thumbnailUrl":"https:\/\/www.laguiadepamplona.com\/actualidad\/wp-content\/uploads\/2023\/05\/20230502recepciontomascaballeroq5a1232_0.webp","datePublished":"2023-05-02T11:38:28+00:00","description":"El alcalde, Enrique Maya, ha resaltado la \u201ccapacidad de trabajo y el compromiso\u201d de Caballero con la sociedad pamplonesa y con la ciudad","breadcrumb":{"@id":"https:\/\/www.laguiadepamplona.com\/actualidad\/el-ayuntamiento-de-pamplona-recibe-a-la-fundacion-tomas-caballero-dentro-de-los-actos-en-recuerdo-del-concejal-asesinado-hace-25-anos\/#breadcrumb"},"inLanguage":"es","potentialAction":[{"@type":"ReadAction","target":["https:\/\/www.laguiadepamplona.com\/actualidad\/el-ayuntamiento-de-pamplona-recibe-a-la-fundacion-tomas-caballero-dentro-de-los-actos-en-recuerdo-del-concejal-asesinado-hace-25-anos\/"]}]},{"@type":"ImageObject","inLanguage":"es","@id":"https:\/\/www.laguiadepamplona.com\/actualidad\/el-ayuntamiento-de-pamplona-recibe-a-la-fundacion-tomas-caballero-dentro-de-los-actos-en-recuerdo-del-concejal-asesinado-hace-25-anos\/#primaryimage","url":"https:\/\/www.laguiadepamplona.com\/actualidad\/wp-content\/uploads\/2023\/05\/20230502recepciontomascaballeroq5a1232_0.webp","contentUrl":"https:\/\/www.laguiadepamplona.com\/actualidad\/wp-content\/uploads\/2023\/05\/20230502recepciontomascaballeroq5a1232_0.webp","width":1920,"height":1281},{"@type":"BreadcrumbList","@id":"https:\/\/www.laguiadepamplona.com\/actualidad\/el-ayuntamiento-de-pamplona-recibe-a-la-fundacion-tomas-caballero-dentro-de-los-actos-en-recuerdo-del-concejal-asesinado-hace-25-anos\/#breadcrumb","itemListElement":[{"@type":"ListItem","position":1,"name":"Portada","item":"https:\/\/www.laguiadepamplona.com\/actualidad\/"},{"@type":"ListItem","position":2,"name":"El Ayuntamiento de Pamplona recibe a la Fundaci\u00f3n Tom\u00e1s Caballero dentro de los actos en recuerdo del concejal asesinado hace 25 a\u00f1os"}]},{"@type":"WebSite","@id":"https:\/\/www.laguiadepamplona.com\/actualidad\/#website","url":"https:\/\/www.laguiadepamplona.com\/actualidad\/","name":"La gu\u00eda de Pamplona","description":"Noticias de Pamplona","publisher":{"@id":"https:\/\/www.laguiadepamplona.com\/actualidad\/#organization"},"potentialAction":[{"@type":"SearchAction","target":{"@type":"EntryPoint","urlTemplate":"https:\/\/www.laguiadepamplona.com\/actualidad\/?s={search_term_string}"},"query-input":{"@type":"PropertyValueSpecification","valueRequired":true,"valueName":"search_term_string"}}],"inLanguage":"es"},{"@type":"Organization","@id":"https:\/\/www.laguiadepamplona.com\/actualidad\/#organization","name":"La Gu\u00eda de Pamplona \/ Noticias","url":"https:\/\/www.laguiadepamplona.com\/actualidad\/","logo":{"@type":"ImageObject","inLanguage":"es","@id":"https:\/\/www.laguiadepamplona.com\/actualidad\/#\/schema\/logo\/image\/","url":"https:\/\/www.laguiadepamplona.com\/actualidad\/wp-content\/uploads\/2018\/11\/logo-laguiadepamplona18-web1.png","contentUrl":"https:\/\/www.laguiadepamplona.com\/actualidad\/wp-content\/uploads\/2018\/11\/logo-laguiadepamplona18-web1.png","width":600,"height":196,"caption":"La Gu\u00eda de Pamplona \/ Noticias"},"image":{"@id":"https:\/\/www.laguiadepamplona.com\/actualidad\/#\/schema\/logo\/image\/"},"sameAs":["https:\/\/www.facebook.com\/laguiadepamplonacom-133175176762273\/?ref=hl","https:\/\/x.com\/LaGuiadPamplona","https:\/\/www.instagram.com\/la_guia_de_pamplona\/","https:\/\/www.youtube.com\/user\/laguiadepamplona"]},{"@type":"Person","@id":"https:\/\/www.laguiadepamplona.com\/actualidad\/#\/schema\/person\/efe887376f0213d4657c93adc50b1fdb","name":"La Gu\u00eda de Pamplona","image":{"@type":"ImageObject","inLanguage":"es","@id":"https:\/\/secure.gravatar.com\/avatar\/b6992f131dc8d30ab0dff15446e9d346d9dbd95992de0fef795073f5ea83a81c?s=96&d=mm&r=g","url":"https:\/\/secure.gravatar.com\/avatar\/b6992f131dc8d30ab0dff15446e9d346d9dbd95992de0fef795073f5ea83a81c?s=96&d=mm&r=g","contentUrl":"https:\/\/secure.gravatar.com\/avatar\/b6992f131dc8d30ab0dff15446e9d346d9dbd95992de0fef795073f5ea83a81c?s=96&d=mm&r=g","caption":"La Gu\u00eda de Pamplona"}}]}},"post_mailing_queue_ids":[],"_links":{"self":[{"href":"https:\/\/www.laguiadepamplona.com\/actualidad\/wp-json\/wp\/v2\/posts\/46540","targetHints":{"allow":["GET"]}}],"collection":[{"href":"https:\/\/www.laguiadepamplona.com\/actualidad\/wp-json\/wp\/v2\/posts"}],"about":[{"href":"https:\/\/www.laguiadepamplona.com\/actualidad\/wp-json\/wp\/v2\/types\/post"}],"author":[{"embeddable":true,"href":"https:\/\/www.laguiadepamplona.com\/actualidad\/wp-json\/wp\/v2\/users\/1"}],"replies":[{"embeddable":true,"href":"https:\/\/www.laguiadepamplona.com\/actualidad\/wp-json\/wp\/v2\/comments?post=46540"}],"version-history":[{"count":1,"href":"https:\/\/www.laguiadepamplona.com\/actualidad\/wp-json\/wp\/v2\/posts\/46540\/revisions"}],"predecessor-version":[{"id":46542,"href":"https:\/\/www.laguiadepamplona.com\/actualidad\/wp-json\/wp\/v2\/posts\/46540\/revisions\/46542"}],"wp:featuredmedia":[{"embeddable":true,"href":"https:\/\/www.laguiadepamplona.com\/actualidad\/wp-json\/wp\/v2\/media\/46541"}],"wp:attachment":[{"href":"https:\/\/www.laguiadepamplona.com\/actualidad\/wp-json\/wp\/v2\/media?parent=46540"}],"wp:term":[{"taxonomy":"category","embeddable":true,"href":"https:\/\/www.laguiadepamplona.com\/actualidad\/wp-json\/wp\/v2\/categories?post=46540"},{"taxonomy":"post_tag","embeddable":true,"href":"https:\/\/www.laguiadepamplona.com\/actualidad\/wp-json\/wp\/v2\/tags?post=46540"}],"curies":[{"name":"wp","href":"https:\/\/api.w.org\/{rel}","templated":true}]}}