{"id":46537,"date":"2023-05-02T13:36:37","date_gmt":"2023-05-02T11:36:37","guid":{"rendered":"https:\/\/www.laguiadepamplona.com\/actualidad\/?p=46537"},"modified":"2023-05-02T13:36:37","modified_gmt":"2023-05-02T11:36:37","slug":"el-pleno-sorteara-este-miercoles-los-837-miembros-de-las-mesas-electorales-para-los-comicios-locales-y-autonomicos-del-proximo-28-de-mayo","status":"publish","type":"post","link":"https:\/\/www.laguiadepamplona.com\/actualidad\/el-pleno-sorteara-este-miercoles-los-837-miembros-de-las-mesas-electorales-para-los-comicios-locales-y-autonomicos-del-proximo-28-de-mayo\/","title":{"rendered":"El Pleno sortear\u00e1 este mi\u00e9rcoles los 837 miembros de las mesas electorales para los comicios locales y auton\u00f3micos del pr\u00f3ximo 28 de mayo"},"content":{"rendered":"<h5>El procedimiento inform\u00e1tico comenzar\u00e1 a las 9 horas y los resultados podr\u00e1n consultarse a trav\u00e9s de <a href=\"http:\/\/www.pamplona.es\" target=\"_blank\" rel=\"noopener\">www.pamplona.es<\/a> o en el tel\u00e9fono 010<\/h5>\n<p><!--more--><\/p>\n<p>El Pleno del Ayuntamiento de Pamplona sortear\u00e1 este mi\u00e9rcoles 3 de mayo los puestos de presidencias, vocal\u00edas y suplencias para las mesas electorales de las pr\u00f3ximas elecciones auton\u00f3micas y locales del domingo 28 de mayo. A las 9 horas ese sorteo determinar\u00e1 los nombres de quienes deber\u00e1n encargarse de las 279 mesas electorales de la ciudad. El censo para estas elecciones recoge la existencia de 153.260 electores.<\/p>\n<p>De esa cifra, en primer t\u00e9rmino, ser\u00e1n designadas 837 personas, 279 para ostentar la presidencia de la mesa y 558 en calidad de vocales. Como la normativa obliga a que cada puesto tenga previsto dos posibles suplencias, los nombres finalmente elegidos en el sorteo ser\u00e1n 2.311. La sesi\u00f3n del Pleno comenzar\u00e1 a las 9 horas y ser\u00e1 de car\u00e1cter extraordinario, sin ning\u00fan otro asunto en el orden del d\u00eda.<br \/>\n<script async src=\"\/\/pagead2.googlesyndication.com\/pagead\/js\/adsbygoogle.js\"><\/script><br \/>\n<!-- Noticias La Guia de Pamplona --><br \/>\n<ins class=\"adsbygoogle\"\nstyle=\"display:block\"\ndata-ad-client=\"ca-pub-6943679897239327\"\ndata-ad-slot=\"7048180777\"\ndata-ad-format=\"auto\"><\/ins><br \/>\n<script>\n(adsbygoogle = window.adsbygoogle || []).push({});\n<\/script><\/p>\n<p>Las personas candidatas se escoger\u00e1n entre mayores de 18 a\u00f1os y menores de 70, que sepan leer y escribir. En el listado de las elecciones locales (no en las auton\u00f3micas) se incluyen, adem\u00e1s los nombres de las personas extranjeras con derecho a voto en esos comicios. En concreto, del total de 153.260 electores, hay 726 extranjeros (tanto ciudadan\u00eda comunitaria, como personas cuyos pa\u00edses hayan firmado acuerdos bilaterales en ese sentido con Espa\u00f1a) que podr\u00e1n ejercer su derecho a voto en las elecciones municipales.<\/p>\n<p>Las personas designadas, junto con la notificaci\u00f3n oficial, recibir\u00e1n un manual de instrucciones sobre sus derechos, competencias y deberes respecto del funcionamiento de la jornada electoral. En las pr\u00f3ximas Elecciones Auton\u00f3micas y Municipales del 28 de mayo en Pamplona se abrir\u00e1n 26 centros de votaci\u00f3n, tres m\u00e1s que en los anteriores comicios, todos ellos en horario de 8 a 20 horas.<br \/>\n<script async src=\"\/\/pagead2.googlesyndication.com\/pagead\/js\/adsbygoogle.js\"><\/script><br \/>\n<!-- Noticias La Guia de Pamplona --><br \/>\n<ins class=\"adsbygoogle\"\nstyle=\"display:block\"\ndata-ad-client=\"ca-pub-6943679897239327\"\ndata-ad-slot=\"7048180777\"\ndata-ad-format=\"auto\"><\/ins><br \/>\n<script>\n(adsbygoogle = window.adsbygoogle || []).push({});\n<\/script><\/p>\n<p><strong>C\u00f3mo es el sorteo<\/strong><\/p>\n<p>El procedimiento consta de dos partes. En la sesi\u00f3n plenaria se sacar\u00e1n nueve tandas de cuatro bolas numeradas, para componer nueve n\u00fameros de cuatro cifras \u2013que incluyen ceros-: el primer n\u00famero ser\u00e1 el que designe la presidencia de la mesa, el segundo, la persona que har\u00e1 de suplente de la presidencia, y el tercer n\u00famero, una segunda suplencia.<\/p>\n<p>De la misma forma el cuarto n\u00famero designar\u00e1 la primera vocal\u00eda de la mesa y el quinto y sexto n\u00famero, a sus suplentes; el s\u00e9ptimo n\u00famero ser\u00e1 el de la segunda vocal\u00eda y el octavo y noveno n\u00famero, el de sus suplentes. La \u00fanica combinaci\u00f3n no v\u00e1lida es el 0000; si saliese, habr\u00eda que repetir la extracci\u00f3n.<\/p>\n<p>A partir de ah\u00ed comienza la segunda fase que consiste en un procedimiento inform\u00e1tico con la herramienta \u2018Composici\u00f3n y notificaci\u00f3n de mesas electorales\u2019 que correlaciona la numeraci\u00f3n del censo con las cifras extra\u00eddas en el Pleno, de forma que el programa determine los nueve nombres que compondr\u00e1n de cada mesa electoral de Pamplona. Tras unos instantes de receso para la impresi\u00f3n, el listado resultante ser\u00e1 aprobado por el Pleno y firmado por el Secretario.<\/p>\n<p>Las personas designadas a partir de eso momento ir\u00e1n recibiendo la notificaci\u00f3n oficial en sus domicilios. En el caso de tener que hacer nuevas designaciones tras el periodo de alegaciones quienes hayan sido elegidos en primer lugar, estas se guiar\u00e1n por los n\u00fameros extra\u00eddos en el Plano de ma\u00f1ana. Este mismo mi\u00e9rcoles cualquier ciudadano puede consultar con su n\u00famero de DNI si han sido elegidos o no miembro de mesa electoral a trav\u00e9s de la web <a href=\"http:\/\/www.pamplona.es\" target=\"_blank\" rel=\"noopener\">www.pamplona.es<\/a> o del tel\u00e9fono de atenci\u00f3n ciudadana 010. Est\u00e1 previsto que esta informaci\u00f3n est\u00e9 disponible desde la misma ma\u00f1ana.<\/p>\n<p>&nbsp;<br \/>\n<script async src=\"\/\/pagead2.googlesyndication.com\/pagead\/js\/adsbygoogle.js\"><\/script><br \/>\n<!-- Noticias La Guia de Pamplona --><br \/>\n<ins class=\"adsbygoogle\"\nstyle=\"display:block\"\ndata-ad-client=\"ca-pub-6943679897239327\"\ndata-ad-slot=\"7048180777\"\ndata-ad-format=\"auto\"><\/ins><br \/>\n<script>\n(adsbygoogle = window.adsbygoogle || []).push({});\n<\/script><\/p>\n<p><strong>Elecciones Auton\u00f3micas y Locales 2023<\/strong><\/p>\n<p>N\u00famero<strong> total de personas con derecho a voto<\/strong>\u00a0\u00a0\u00a0\u00a0\u00a0\u00a0\u00a0\u00a0\u00a0\u00a0\u00a0\u00a0\u00a0\u00a0\u00a0\u00a0\u00a0\u00a0\u00a0\u00a0\u00a0\u00a0\u00a0\u00a0\u00a0\u00a0\u00a0\u00a0\u00a0\u00a0\u00a0\u00a0\u00a0\u00a0\u00a0\u00a0\u00a0\u00a0\u00a0\u00a0\u00a0\u00a0\u00a0\u00a0 153.260<\/p>\n<p>N\u00famero <strong>total de mesas<\/strong>\u00a0\u00a0\u00a0\u00a0\u00a0\u00a0\u00a0\u00a0\u00a0\u00a0\u00a0\u00a0\u00a0\u00a0\u00a0\u00a0\u00a0\u00a0\u00a0\u00a0\u00a0\u00a0\u00a0\u00a0\u00a0\u00a0\u00a0\u00a0\u00a0\u00a0\u00a0\u00a0\u00a0\u00a0\u00a0\u00a0\u00a0\u00a0\u00a0\u00a0\u00a0\u00a0\u00a0\u00a0\u00a0\u00a0\u00a0\u00a0\u00a0\u00a0\u00a0\u00a0\u00a0\u00a0\u00a0\u00a0\u00a0\u00a0\u00a0\u00a0\u00a0\u00a0\u00a0\u00a0\u00a0\u00a0\u00a0\u00a0\u00a0\u00a0\u00a0\u00a0\u00a0\u00a0\u00a0\u00a0\u00a0\u00a0\u00a0\u00a0\u00a0\u00a0\u00a0\u00a0 \u00a0\u00a0\u00a0\u00a0\u00a0 279<\/p>\n<p>N\u00famero<strong> total de presidencias de mesa<\/strong>\u00a0\u00a0\u00a0\u00a0\u00a0\u00a0\u00a0\u00a0\u00a0\u00a0\u00a0\u00a0\u00a0\u00a0\u00a0\u00a0\u00a0\u00a0\u00a0\u00a0\u00a0\u00a0\u00a0\u00a0\u00a0\u00a0\u00a0\u00a0\u00a0\u00a0\u00a0\u00a0\u00a0\u00a0\u00a0\u00a0\u00a0\u00a0\u00a0\u00a0\u00a0\u00a0\u00a0\u00a0\u00a0\u00a0\u00a0\u00a0\u00a0\u00a0\u00a0\u00a0\u00a0\u00a0\u00a0\u00a0\u00a0 \u00a0\u00a0\u00a0\u00a0\u00a0 837<\/p>\n<p>(este n\u00famero incluye un titular y dos personas suplentes)<\/p>\n<p>N\u00famero <strong>total de vocal\u00edas de mesa<\/strong>\u00a0\u00a0\u00a0\u00a0\u00a0\u00a0\u00a0\u00a0\u00a0\u00a0\u00a0\u00a0\u00a0\u00a0\u00a0\u00a0\u00a0\u00a0\u00a0\u00a0\u00a0\u00a0\u00a0\u00a0\u00a0\u00a0\u00a0\u00a0\u00a0\u00a0\u00a0\u00a0\u00a0\u00a0\u00a0\u00a0\u00a0\u00a0\u00a0\u00a0\u00a0\u00a0\u00a0\u00a0\u00a0\u00a0\u00a0\u00a0\u00a0\u00a0\u00a0\u00a0\u00a0\u00a0\u00a0\u00a0\u00a0\u00a0\u00a0\u00a0\u00a0\u00a0\u00a0\u00a0\u00a0 \u00a0\u00a0 1.674<\/p>\n<p>(este n\u00famero incluye dos titulares y cuatro personas suplentes)<\/p>\n<p>Personas con <strong>posibilidad<\/strong> de salir electas para presidencias de mesa\u00a0\u00a0\u00a0\u00a0\u00a0\u00a0\u00a0\u00a0\u00a0\u00a0 \u00a0 78.492<\/p>\n<p>Personas con posibilidad de salir electas para vocal\u00edas de mesa\u00a0\u00a0\u00a0\u00a0\u00a0\u00a0\u00a0\u00a0\u00a0\u00a0\u00a0\u00a0\u00a0\u00a0\u00a0\u00a0\u00a0\u00a0\u00a0 116.825<\/p>\n<p>(cifra que sale de sumar a las 38.333 personas censadas con este perfil, a las personas candidatas a presidencia de mesa, que tambi\u00e9n entran en esta categor\u00eda)<\/p>\n<p>Personas <strong>sin posibilidad<\/strong> de salir elegidas para presidencia o vocal\u00eda\u00a0\u00a0\u00a0\u00a0\u00a0\u00a0\u00a0\u00a0\u00a0\u00a0 \u00a0 36.435<\/p>\n<p><strong>Colegios y mesas electorales de Pamplona<\/strong><\/p>\n<p>Escuela Oficial de Idiomas: 7 mesas<\/p>\n<p>CP San Francisco: 11 mesas<\/p>\n<p>CP V\u00e1zquez de Mella: 7 mesas<\/p>\n<p>IES Plaza de la Cruz: 11 mesas<\/p>\n<p>CP Blanca de Navarra: 9 mesas<\/p>\n<p>IES Caro Baroja: 9 mesas<\/p>\n<p>CP Jos\u00e9 Mar\u00eda Huarte: 16 mesas<\/p>\n<p>CP Ermitaga\u00f1a: 11 mesas<\/p>\n<p>IES Navarro Villoslada: 12 mesas<\/p>\n<p>CP Iturrama: 16 mesas<\/p>\n<p>Civivox Iturrama: 6 mesas<\/p>\n<p>CP Jos\u00e9 Mar\u00eda Iribarren: 8 mesas<\/p>\n<p>CP Azpilaga\u00f1a: 12 mesas<\/p>\n<p>CP Nicasio Landa: 4 mesas<\/p>\n<p>Ikastola Amaiur: 12 mesas<\/p>\n<p>Ikastola Hegoalde: 17 mesas<\/p>\n<p>CP V\u00edctor Pradera: 7 mesas<\/p>\n<p>IES Padre Moret-Irubide: 8 mesas<\/p>\n<p>CP Bernat Etxepare: 7 mesas<\/p>\n<p>CP Do\u00f1a Mayor de Navarra: 13 mesas<\/p>\n<p>CP Cardenal Ilund\u00e1in: 9 mesas<\/p>\n<p>CP Rochapea: 8 mesas<\/p>\n<p>CP Patxi Larrainzar: 16 mesas<\/p>\n<p>CP Buztintxuri: 10 mesas<\/p>\n<p>CP San Jorge: 14 mesas<\/p>\n<p>CP Elorri: 19 mesas<\/p>\n","protected":false},"excerpt":{"rendered":"<p>El procedimiento inform\u00e1tico comenzar\u00e1 a las 9 horas y los resultados podr\u00e1n consultarse a trav\u00e9s de www.pamplona.es o en el tel\u00e9fono 010<\/p>\n","protected":false},"author":1,"featured_media":46538,"comment_status":"open","ping_status":"closed","sticky":false,"template":"","format":"standard","meta":{"footnotes":""},"categories":[2],"tags":[],"class_list":["post-46537","post","type-post","status-publish","format-standard","has-post-thumbnail","hentry","category-ayuntamiento-pamplona"],"yoast_head":"<!-- This site is optimized with the Yoast SEO plugin v27.3 - https:\/\/yoast.com\/product\/yoast-seo-wordpress\/ -->\n<title>El Pleno sortear\u00e1 este mi\u00e9rcoles los 837 miembros de las mesas electorales para los comicios locales y auton\u00f3micos del pr\u00f3ximo 28 de mayo<\/title>\n<meta name=\"description\" content=\"El procedimiento inform\u00e1tico comenzar\u00e1 a las 9 horas y los resultados podr\u00e1n consultarse a trav\u00e9s de www.pamplona.es o en el tel\u00e9fono 010\" \/>\n<meta name=\"robots\" content=\"index, follow, max-snippet:-1, max-image-preview:large, max-video-preview:-1\" \/>\n<link rel=\"canonical\" href=\"https:\/\/www.laguiadepamplona.com\/actualidad\/el-pleno-sorteara-este-miercoles-los-837-miembros-de-las-mesas-electorales-para-los-comicios-locales-y-autonomicos-del-proximo-28-de-mayo\/\" \/>\n<meta property=\"og:locale\" content=\"es_ES\" \/>\n<meta property=\"og:type\" content=\"article\" \/>\n<meta property=\"og:title\" content=\"El Pleno sortear\u00e1 este mi\u00e9rcoles los 837 miembros de las mesas electorales para los comicios locales y auton\u00f3micos del pr\u00f3ximo 28 de mayo\" \/>\n<meta property=\"og:description\" content=\"El procedimiento inform\u00e1tico comenzar\u00e1 a las 9 horas y los resultados podr\u00e1n consultarse a trav\u00e9s de www.pamplona.es o en el tel\u00e9fono 010\" \/>\n<meta property=\"og:url\" content=\"https:\/\/www.laguiadepamplona.com\/actualidad\/el-pleno-sorteara-este-miercoles-los-837-miembros-de-las-mesas-electorales-para-los-comicios-locales-y-autonomicos-del-proximo-28-de-mayo\/\" \/>\n<meta property=\"og:site_name\" content=\"La Gu\u00eda de Pamplona\" \/>\n<meta property=\"article:publisher\" content=\"https:\/\/www.facebook.com\/laguiadepamplonacom-133175176762273\/?ref=hl\" \/>\n<meta property=\"article:published_time\" content=\"2023-05-02T11:36:37+00:00\" \/>\n<meta property=\"og:image\" content=\"https:\/\/www.laguiadepamplona.com\/actualidad\/wp-content\/uploads\/2023\/05\/elecciones_1.jpg\" \/>\n\t<meta property=\"og:image:width\" content=\"1460\" \/>\n\t<meta property=\"og:image:height\" content=\"818\" \/>\n\t<meta property=\"og:image:type\" content=\"image\/jpeg\" \/>\n<meta name=\"author\" content=\"La Gu\u00eda de Pamplona\" \/>\n<meta name=\"twitter:card\" content=\"summary_large_image\" \/>\n<meta name=\"twitter:creator\" content=\"@LaGuiadPamplona\" \/>\n<meta name=\"twitter:site\" content=\"@LaGuiadPamplona\" \/>\n<meta name=\"twitter:label1\" content=\"Escrito por\" \/>\n\t<meta name=\"twitter:data1\" content=\"La Gu\u00eda de Pamplona\" \/>\n\t<meta name=\"twitter:label2\" content=\"Tiempo de lectura\" \/>\n\t<meta name=\"twitter:data2\" content=\"4 minutos\" \/>\n<script type=\"application\/ld+json\" class=\"yoast-schema-graph\">{\"@context\":\"https:\\\/\\\/schema.org\",\"@graph\":[{\"@type\":\"Article\",\"@id\":\"https:\\\/\\\/www.laguiadepamplona.com\\\/actualidad\\\/el-pleno-sorteara-este-miercoles-los-837-miembros-de-las-mesas-electorales-para-los-comicios-locales-y-autonomicos-del-proximo-28-de-mayo\\\/#article\",\"isPartOf\":{\"@id\":\"https:\\\/\\\/www.laguiadepamplona.com\\\/actualidad\\\/el-pleno-sorteara-este-miercoles-los-837-miembros-de-las-mesas-electorales-para-los-comicios-locales-y-autonomicos-del-proximo-28-de-mayo\\\/\"},\"author\":{\"name\":\"La Gu\u00eda de Pamplona\",\"@id\":\"https:\\\/\\\/www.laguiadepamplona.com\\\/actualidad\\\/#\\\/schema\\\/person\\\/efe887376f0213d4657c93adc50b1fdb\"},\"headline\":\"El Pleno sortear\u00e1 este mi\u00e9rcoles los 837 miembros de las mesas electorales para los comicios locales y auton\u00f3micos del pr\u00f3ximo 28 de mayo\",\"datePublished\":\"2023-05-02T11:36:37+00:00\",\"mainEntityOfPage\":{\"@id\":\"https:\\\/\\\/www.laguiadepamplona.com\\\/actualidad\\\/el-pleno-sorteara-este-miercoles-los-837-miembros-de-las-mesas-electorales-para-los-comicios-locales-y-autonomicos-del-proximo-28-de-mayo\\\/\"},\"wordCount\":897,\"commentCount\":0,\"publisher\":{\"@id\":\"https:\\\/\\\/www.laguiadepamplona.com\\\/actualidad\\\/#organization\"},\"image\":{\"@id\":\"https:\\\/\\\/www.laguiadepamplona.com\\\/actualidad\\\/el-pleno-sorteara-este-miercoles-los-837-miembros-de-las-mesas-electorales-para-los-comicios-locales-y-autonomicos-del-proximo-28-de-mayo\\\/#primaryimage\"},\"thumbnailUrl\":\"https:\\\/\\\/www.laguiadepamplona.com\\\/actualidad\\\/wp-content\\\/uploads\\\/2023\\\/05\\\/elecciones_1.jpg\",\"articleSection\":[\"Ayto Pamplona\"],\"inLanguage\":\"es\",\"potentialAction\":[{\"@type\":\"CommentAction\",\"name\":\"Comment\",\"target\":[\"https:\\\/\\\/www.laguiadepamplona.com\\\/actualidad\\\/el-pleno-sorteara-este-miercoles-los-837-miembros-de-las-mesas-electorales-para-los-comicios-locales-y-autonomicos-del-proximo-28-de-mayo\\\/#respond\"]}]},{\"@type\":\"WebPage\",\"@id\":\"https:\\\/\\\/www.laguiadepamplona.com\\\/actualidad\\\/el-pleno-sorteara-este-miercoles-los-837-miembros-de-las-mesas-electorales-para-los-comicios-locales-y-autonomicos-del-proximo-28-de-mayo\\\/\",\"url\":\"https:\\\/\\\/www.laguiadepamplona.com\\\/actualidad\\\/el-pleno-sorteara-este-miercoles-los-837-miembros-de-las-mesas-electorales-para-los-comicios-locales-y-autonomicos-del-proximo-28-de-mayo\\\/\",\"name\":\"El Pleno sortear\u00e1 este mi\u00e9rcoles los 837 miembros de las mesas electorales para los comicios locales y auton\u00f3micos del pr\u00f3ximo 28 de mayo\",\"isPartOf\":{\"@id\":\"https:\\\/\\\/www.laguiadepamplona.com\\\/actualidad\\\/#website\"},\"primaryImageOfPage\":{\"@id\":\"https:\\\/\\\/www.laguiadepamplona.com\\\/actualidad\\\/el-pleno-sorteara-este-miercoles-los-837-miembros-de-las-mesas-electorales-para-los-comicios-locales-y-autonomicos-del-proximo-28-de-mayo\\\/#primaryimage\"},\"image\":{\"@id\":\"https:\\\/\\\/www.laguiadepamplona.com\\\/actualidad\\\/el-pleno-sorteara-este-miercoles-los-837-miembros-de-las-mesas-electorales-para-los-comicios-locales-y-autonomicos-del-proximo-28-de-mayo\\\/#primaryimage\"},\"thumbnailUrl\":\"https:\\\/\\\/www.laguiadepamplona.com\\\/actualidad\\\/wp-content\\\/uploads\\\/2023\\\/05\\\/elecciones_1.jpg\",\"datePublished\":\"2023-05-02T11:36:37+00:00\",\"description\":\"El procedimiento inform\u00e1tico comenzar\u00e1 a las 9 horas y los resultados podr\u00e1n consultarse a trav\u00e9s de www.pamplona.es o en el tel\u00e9fono 010\",\"breadcrumb\":{\"@id\":\"https:\\\/\\\/www.laguiadepamplona.com\\\/actualidad\\\/el-pleno-sorteara-este-miercoles-los-837-miembros-de-las-mesas-electorales-para-los-comicios-locales-y-autonomicos-del-proximo-28-de-mayo\\\/#breadcrumb\"},\"inLanguage\":\"es\",\"potentialAction\":[{\"@type\":\"ReadAction\",\"target\":[\"https:\\\/\\\/www.laguiadepamplona.com\\\/actualidad\\\/el-pleno-sorteara-este-miercoles-los-837-miembros-de-las-mesas-electorales-para-los-comicios-locales-y-autonomicos-del-proximo-28-de-mayo\\\/\"]}]},{\"@type\":\"ImageObject\",\"inLanguage\":\"es\",\"@id\":\"https:\\\/\\\/www.laguiadepamplona.com\\\/actualidad\\\/el-pleno-sorteara-este-miercoles-los-837-miembros-de-las-mesas-electorales-para-los-comicios-locales-y-autonomicos-del-proximo-28-de-mayo\\\/#primaryimage\",\"url\":\"https:\\\/\\\/www.laguiadepamplona.com\\\/actualidad\\\/wp-content\\\/uploads\\\/2023\\\/05\\\/elecciones_1.jpg\",\"contentUrl\":\"https:\\\/\\\/www.laguiadepamplona.com\\\/actualidad\\\/wp-content\\\/uploads\\\/2023\\\/05\\\/elecciones_1.jpg\",\"width\":1460,\"height\":818},{\"@type\":\"BreadcrumbList\",\"@id\":\"https:\\\/\\\/www.laguiadepamplona.com\\\/actualidad\\\/el-pleno-sorteara-este-miercoles-los-837-miembros-de-las-mesas-electorales-para-los-comicios-locales-y-autonomicos-del-proximo-28-de-mayo\\\/#breadcrumb\",\"itemListElement\":[{\"@type\":\"ListItem\",\"position\":1,\"name\":\"Portada\",\"item\":\"https:\\\/\\\/www.laguiadepamplona.com\\\/actualidad\\\/\"},{\"@type\":\"ListItem\",\"position\":2,\"name\":\"El Pleno sortear\u00e1 este mi\u00e9rcoles los 837 miembros de las mesas electorales para los comicios locales y auton\u00f3micos del pr\u00f3ximo 28 de mayo\"}]},{\"@type\":\"WebSite\",\"@id\":\"https:\\\/\\\/www.laguiadepamplona.com\\\/actualidad\\\/#website\",\"url\":\"https:\\\/\\\/www.laguiadepamplona.com\\\/actualidad\\\/\",\"name\":\"La gu\u00eda de Pamplona\",\"description\":\"Noticias de Pamplona\",\"publisher\":{\"@id\":\"https:\\\/\\\/www.laguiadepamplona.com\\\/actualidad\\\/#organization\"},\"potentialAction\":[{\"@type\":\"SearchAction\",\"target\":{\"@type\":\"EntryPoint\",\"urlTemplate\":\"https:\\\/\\\/www.laguiadepamplona.com\\\/actualidad\\\/?s={search_term_string}\"},\"query-input\":{\"@type\":\"PropertyValueSpecification\",\"valueRequired\":true,\"valueName\":\"search_term_string\"}}],\"inLanguage\":\"es\"},{\"@type\":\"Organization\",\"@id\":\"https:\\\/\\\/www.laguiadepamplona.com\\\/actualidad\\\/#organization\",\"name\":\"La Gu\u00eda de Pamplona \\\/ Noticias\",\"url\":\"https:\\\/\\\/www.laguiadepamplona.com\\\/actualidad\\\/\",\"logo\":{\"@type\":\"ImageObject\",\"inLanguage\":\"es\",\"@id\":\"https:\\\/\\\/www.laguiadepamplona.com\\\/actualidad\\\/#\\\/schema\\\/logo\\\/image\\\/\",\"url\":\"https:\\\/\\\/www.laguiadepamplona.com\\\/actualidad\\\/wp-content\\\/uploads\\\/2018\\\/11\\\/logo-laguiadepamplona18-web1.png\",\"contentUrl\":\"https:\\\/\\\/www.laguiadepamplona.com\\\/actualidad\\\/wp-content\\\/uploads\\\/2018\\\/11\\\/logo-laguiadepamplona18-web1.png\",\"width\":600,\"height\":196,\"caption\":\"La Gu\u00eda de Pamplona \\\/ Noticias\"},\"image\":{\"@id\":\"https:\\\/\\\/www.laguiadepamplona.com\\\/actualidad\\\/#\\\/schema\\\/logo\\\/image\\\/\"},\"sameAs\":[\"https:\\\/\\\/www.facebook.com\\\/laguiadepamplonacom-133175176762273\\\/?ref=hl\",\"https:\\\/\\\/x.com\\\/LaGuiadPamplona\",\"https:\\\/\\\/www.instagram.com\\\/la_guia_de_pamplona\\\/\",\"https:\\\/\\\/www.youtube.com\\\/user\\\/laguiadepamplona\"]},{\"@type\":\"Person\",\"@id\":\"https:\\\/\\\/www.laguiadepamplona.com\\\/actualidad\\\/#\\\/schema\\\/person\\\/efe887376f0213d4657c93adc50b1fdb\",\"name\":\"La Gu\u00eda de Pamplona\",\"image\":{\"@type\":\"ImageObject\",\"inLanguage\":\"es\",\"@id\":\"https:\\\/\\\/secure.gravatar.com\\\/avatar\\\/b6992f131dc8d30ab0dff15446e9d346d9dbd95992de0fef795073f5ea83a81c?s=96&d=mm&r=g\",\"url\":\"https:\\\/\\\/secure.gravatar.com\\\/avatar\\\/b6992f131dc8d30ab0dff15446e9d346d9dbd95992de0fef795073f5ea83a81c?s=96&d=mm&r=g\",\"contentUrl\":\"https:\\\/\\\/secure.gravatar.com\\\/avatar\\\/b6992f131dc8d30ab0dff15446e9d346d9dbd95992de0fef795073f5ea83a81c?s=96&d=mm&r=g\",\"caption\":\"La Gu\u00eda de Pamplona\"}}]}<\/script>\n<!-- \/ Yoast SEO plugin. -->","yoast_head_json":{"title":"El Pleno sortear\u00e1 este mi\u00e9rcoles los 837 miembros de las mesas electorales para los comicios locales y auton\u00f3micos del pr\u00f3ximo 28 de mayo","description":"El procedimiento inform\u00e1tico comenzar\u00e1 a las 9 horas y los resultados podr\u00e1n consultarse a trav\u00e9s de www.pamplona.es o en el tel\u00e9fono 010","robots":{"index":"index","follow":"follow","max-snippet":"max-snippet:-1","max-image-preview":"max-image-preview:large","max-video-preview":"max-video-preview:-1"},"canonical":"https:\/\/www.laguiadepamplona.com\/actualidad\/el-pleno-sorteara-este-miercoles-los-837-miembros-de-las-mesas-electorales-para-los-comicios-locales-y-autonomicos-del-proximo-28-de-mayo\/","og_locale":"es_ES","og_type":"article","og_title":"El Pleno sortear\u00e1 este mi\u00e9rcoles los 837 miembros de las mesas electorales para los comicios locales y auton\u00f3micos del pr\u00f3ximo 28 de mayo","og_description":"El procedimiento inform\u00e1tico comenzar\u00e1 a las 9 horas y los resultados podr\u00e1n consultarse a trav\u00e9s de www.pamplona.es o en el tel\u00e9fono 010","og_url":"https:\/\/www.laguiadepamplona.com\/actualidad\/el-pleno-sorteara-este-miercoles-los-837-miembros-de-las-mesas-electorales-para-los-comicios-locales-y-autonomicos-del-proximo-28-de-mayo\/","og_site_name":"La Gu\u00eda de Pamplona","article_publisher":"https:\/\/www.facebook.com\/laguiadepamplonacom-133175176762273\/?ref=hl","article_published_time":"2023-05-02T11:36:37+00:00","og_image":[{"width":1460,"height":818,"url":"https:\/\/www.laguiadepamplona.com\/actualidad\/wp-content\/uploads\/2023\/05\/elecciones_1.jpg","type":"image\/jpeg"}],"author":"La Gu\u00eda de Pamplona","twitter_card":"summary_large_image","twitter_creator":"@LaGuiadPamplona","twitter_site":"@LaGuiadPamplona","twitter_misc":{"Escrito por":"La Gu\u00eda de Pamplona","Tiempo de lectura":"4 minutos"},"schema":{"@context":"https:\/\/schema.org","@graph":[{"@type":"Article","@id":"https:\/\/www.laguiadepamplona.com\/actualidad\/el-pleno-sorteara-este-miercoles-los-837-miembros-de-las-mesas-electorales-para-los-comicios-locales-y-autonomicos-del-proximo-28-de-mayo\/#article","isPartOf":{"@id":"https:\/\/www.laguiadepamplona.com\/actualidad\/el-pleno-sorteara-este-miercoles-los-837-miembros-de-las-mesas-electorales-para-los-comicios-locales-y-autonomicos-del-proximo-28-de-mayo\/"},"author":{"name":"La Gu\u00eda de Pamplona","@id":"https:\/\/www.laguiadepamplona.com\/actualidad\/#\/schema\/person\/efe887376f0213d4657c93adc50b1fdb"},"headline":"El Pleno sortear\u00e1 este mi\u00e9rcoles los 837 miembros de las mesas electorales para los comicios locales y auton\u00f3micos del pr\u00f3ximo 28 de mayo","datePublished":"2023-05-02T11:36:37+00:00","mainEntityOfPage":{"@id":"https:\/\/www.laguiadepamplona.com\/actualidad\/el-pleno-sorteara-este-miercoles-los-837-miembros-de-las-mesas-electorales-para-los-comicios-locales-y-autonomicos-del-proximo-28-de-mayo\/"},"wordCount":897,"commentCount":0,"publisher":{"@id":"https:\/\/www.laguiadepamplona.com\/actualidad\/#organization"},"image":{"@id":"https:\/\/www.laguiadepamplona.com\/actualidad\/el-pleno-sorteara-este-miercoles-los-837-miembros-de-las-mesas-electorales-para-los-comicios-locales-y-autonomicos-del-proximo-28-de-mayo\/#primaryimage"},"thumbnailUrl":"https:\/\/www.laguiadepamplona.com\/actualidad\/wp-content\/uploads\/2023\/05\/elecciones_1.jpg","articleSection":["Ayto Pamplona"],"inLanguage":"es","potentialAction":[{"@type":"CommentAction","name":"Comment","target":["https:\/\/www.laguiadepamplona.com\/actualidad\/el-pleno-sorteara-este-miercoles-los-837-miembros-de-las-mesas-electorales-para-los-comicios-locales-y-autonomicos-del-proximo-28-de-mayo\/#respond"]}]},{"@type":"WebPage","@id":"https:\/\/www.laguiadepamplona.com\/actualidad\/el-pleno-sorteara-este-miercoles-los-837-miembros-de-las-mesas-electorales-para-los-comicios-locales-y-autonomicos-del-proximo-28-de-mayo\/","url":"https:\/\/www.laguiadepamplona.com\/actualidad\/el-pleno-sorteara-este-miercoles-los-837-miembros-de-las-mesas-electorales-para-los-comicios-locales-y-autonomicos-del-proximo-28-de-mayo\/","name":"El Pleno sortear\u00e1 este mi\u00e9rcoles los 837 miembros de las mesas electorales para los comicios locales y auton\u00f3micos del pr\u00f3ximo 28 de mayo","isPartOf":{"@id":"https:\/\/www.laguiadepamplona.com\/actualidad\/#website"},"primaryImageOfPage":{"@id":"https:\/\/www.laguiadepamplona.com\/actualidad\/el-pleno-sorteara-este-miercoles-los-837-miembros-de-las-mesas-electorales-para-los-comicios-locales-y-autonomicos-del-proximo-28-de-mayo\/#primaryimage"},"image":{"@id":"https:\/\/www.laguiadepamplona.com\/actualidad\/el-pleno-sorteara-este-miercoles-los-837-miembros-de-las-mesas-electorales-para-los-comicios-locales-y-autonomicos-del-proximo-28-de-mayo\/#primaryimage"},"thumbnailUrl":"https:\/\/www.laguiadepamplona.com\/actualidad\/wp-content\/uploads\/2023\/05\/elecciones_1.jpg","datePublished":"2023-05-02T11:36:37+00:00","description":"El procedimiento inform\u00e1tico comenzar\u00e1 a las 9 horas y los resultados podr\u00e1n consultarse a trav\u00e9s de www.pamplona.es o en el tel\u00e9fono 010","breadcrumb":{"@id":"https:\/\/www.laguiadepamplona.com\/actualidad\/el-pleno-sorteara-este-miercoles-los-837-miembros-de-las-mesas-electorales-para-los-comicios-locales-y-autonomicos-del-proximo-28-de-mayo\/#breadcrumb"},"inLanguage":"es","potentialAction":[{"@type":"ReadAction","target":["https:\/\/www.laguiadepamplona.com\/actualidad\/el-pleno-sorteara-este-miercoles-los-837-miembros-de-las-mesas-electorales-para-los-comicios-locales-y-autonomicos-del-proximo-28-de-mayo\/"]}]},{"@type":"ImageObject","inLanguage":"es","@id":"https:\/\/www.laguiadepamplona.com\/actualidad\/el-pleno-sorteara-este-miercoles-los-837-miembros-de-las-mesas-electorales-para-los-comicios-locales-y-autonomicos-del-proximo-28-de-mayo\/#primaryimage","url":"https:\/\/www.laguiadepamplona.com\/actualidad\/wp-content\/uploads\/2023\/05\/elecciones_1.jpg","contentUrl":"https:\/\/www.laguiadepamplona.com\/actualidad\/wp-content\/uploads\/2023\/05\/elecciones_1.jpg","width":1460,"height":818},{"@type":"BreadcrumbList","@id":"https:\/\/www.laguiadepamplona.com\/actualidad\/el-pleno-sorteara-este-miercoles-los-837-miembros-de-las-mesas-electorales-para-los-comicios-locales-y-autonomicos-del-proximo-28-de-mayo\/#breadcrumb","itemListElement":[{"@type":"ListItem","position":1,"name":"Portada","item":"https:\/\/www.laguiadepamplona.com\/actualidad\/"},{"@type":"ListItem","position":2,"name":"El Pleno sortear\u00e1 este mi\u00e9rcoles los 837 miembros de las mesas electorales para los comicios locales y auton\u00f3micos del pr\u00f3ximo 28 de mayo"}]},{"@type":"WebSite","@id":"https:\/\/www.laguiadepamplona.com\/actualidad\/#website","url":"https:\/\/www.laguiadepamplona.com\/actualidad\/","name":"La gu\u00eda de Pamplona","description":"Noticias de Pamplona","publisher":{"@id":"https:\/\/www.laguiadepamplona.com\/actualidad\/#organization"},"potentialAction":[{"@type":"SearchAction","target":{"@type":"EntryPoint","urlTemplate":"https:\/\/www.laguiadepamplona.com\/actualidad\/?s={search_term_string}"},"query-input":{"@type":"PropertyValueSpecification","valueRequired":true,"valueName":"search_term_string"}}],"inLanguage":"es"},{"@type":"Organization","@id":"https:\/\/www.laguiadepamplona.com\/actualidad\/#organization","name":"La Gu\u00eda de Pamplona \/ Noticias","url":"https:\/\/www.laguiadepamplona.com\/actualidad\/","logo":{"@type":"ImageObject","inLanguage":"es","@id":"https:\/\/www.laguiadepamplona.com\/actualidad\/#\/schema\/logo\/image\/","url":"https:\/\/www.laguiadepamplona.com\/actualidad\/wp-content\/uploads\/2018\/11\/logo-laguiadepamplona18-web1.png","contentUrl":"https:\/\/www.laguiadepamplona.com\/actualidad\/wp-content\/uploads\/2018\/11\/logo-laguiadepamplona18-web1.png","width":600,"height":196,"caption":"La Gu\u00eda de Pamplona \/ Noticias"},"image":{"@id":"https:\/\/www.laguiadepamplona.com\/actualidad\/#\/schema\/logo\/image\/"},"sameAs":["https:\/\/www.facebook.com\/laguiadepamplonacom-133175176762273\/?ref=hl","https:\/\/x.com\/LaGuiadPamplona","https:\/\/www.instagram.com\/la_guia_de_pamplona\/","https:\/\/www.youtube.com\/user\/laguiadepamplona"]},{"@type":"Person","@id":"https:\/\/www.laguiadepamplona.com\/actualidad\/#\/schema\/person\/efe887376f0213d4657c93adc50b1fdb","name":"La Gu\u00eda de Pamplona","image":{"@type":"ImageObject","inLanguage":"es","@id":"https:\/\/secure.gravatar.com\/avatar\/b6992f131dc8d30ab0dff15446e9d346d9dbd95992de0fef795073f5ea83a81c?s=96&d=mm&r=g","url":"https:\/\/secure.gravatar.com\/avatar\/b6992f131dc8d30ab0dff15446e9d346d9dbd95992de0fef795073f5ea83a81c?s=96&d=mm&r=g","contentUrl":"https:\/\/secure.gravatar.com\/avatar\/b6992f131dc8d30ab0dff15446e9d346d9dbd95992de0fef795073f5ea83a81c?s=96&d=mm&r=g","caption":"La Gu\u00eda de Pamplona"}}]}},"post_mailing_queue_ids":[],"_links":{"self":[{"href":"https:\/\/www.laguiadepamplona.com\/actualidad\/wp-json\/wp\/v2\/posts\/46537","targetHints":{"allow":["GET"]}}],"collection":[{"href":"https:\/\/www.laguiadepamplona.com\/actualidad\/wp-json\/wp\/v2\/posts"}],"about":[{"href":"https:\/\/www.laguiadepamplona.com\/actualidad\/wp-json\/wp\/v2\/types\/post"}],"author":[{"embeddable":true,"href":"https:\/\/www.laguiadepamplona.com\/actualidad\/wp-json\/wp\/v2\/users\/1"}],"replies":[{"embeddable":true,"href":"https:\/\/www.laguiadepamplona.com\/actualidad\/wp-json\/wp\/v2\/comments?post=46537"}],"version-history":[{"count":1,"href":"https:\/\/www.laguiadepamplona.com\/actualidad\/wp-json\/wp\/v2\/posts\/46537\/revisions"}],"predecessor-version":[{"id":46539,"href":"https:\/\/www.laguiadepamplona.com\/actualidad\/wp-json\/wp\/v2\/posts\/46537\/revisions\/46539"}],"wp:featuredmedia":[{"embeddable":true,"href":"https:\/\/www.laguiadepamplona.com\/actualidad\/wp-json\/wp\/v2\/media\/46538"}],"wp:attachment":[{"href":"https:\/\/www.laguiadepamplona.com\/actualidad\/wp-json\/wp\/v2\/media?parent=46537"}],"wp:term":[{"taxonomy":"category","embeddable":true,"href":"https:\/\/www.laguiadepamplona.com\/actualidad\/wp-json\/wp\/v2\/categories?post=46537"},{"taxonomy":"post_tag","embeddable":true,"href":"https:\/\/www.laguiadepamplona.com\/actualidad\/wp-json\/wp\/v2\/tags?post=46537"}],"curies":[{"name":"wp","href":"https:\/\/api.w.org\/{rel}","templated":true}]}}