{"id":46531,"date":"2023-04-28T17:07:20","date_gmt":"2023-04-28T15:07:20","guid":{"rendered":"https:\/\/www.laguiadepamplona.com\/actualidad\/?p=46531"},"modified":"2023-04-28T17:07:20","modified_gmt":"2023-04-28T15:07:20","slug":"el-ayuntamiento-de-pamplona-rehabilitara-casa-arraiza-en-el-parque-de-aranzadi-donde-se-preve-crear-una-zona-de-hosteleria-y-una-zona-de-exposiciones","status":"publish","type":"post","link":"https:\/\/www.laguiadepamplona.com\/actualidad\/el-ayuntamiento-de-pamplona-rehabilitara-casa-arraiza-en-el-parque-de-aranzadi-donde-se-preve-crear-una-zona-de-hosteleria-y-una-zona-de-exposiciones\/","title":{"rendered":"El Ayuntamiento de Pamplona rehabilitar\u00e1 Casa Arraiza en el parque de Aranzadi, donde se prev\u00e9 crear una zona de hosteler\u00eda y una zona de exposiciones"},"content":{"rendered":"<h3>Gerencia de Urbanismo conoce este mi\u00e9rcoles el anteproyecto de rehabilitaci\u00f3n, como paso previo a un concurso de ideas para definir los usos<\/h3>\n<p><!--more--><\/p>\n<p>El Ayuntamiento de Pamplona va a rehabilitar Casa Arraiza y su entorno en pleno parque de Aranzadi. El nuevo espacio se prev\u00e9 para usos variados, como una zona de hoster\u00eda en la planta baja y una zona de exposiciones en plantas elevadas del edificio. La rehabilitaci\u00f3n de Casa Arraiza y la Casa de Invitados ubicada en la misma parcela se concibe como un paso previo al lanzamiento de un concurso p\u00fablico de ideas que habilite la posibilidad real de recuperar este enclave en el parque de Aranzadi.<\/p>\n<p>La parcela, situada en la Vuelta de Aranzadi, entre el complejo deportivo y Casa Gurbindo, tiene una superficie de 7.650 m<sup>2<\/sup> aproximadamente, con el per\u00edmetro vallado casi en su totalidad y cuatro accesos. La parcela cuenta con dos edificaciones, Casa Arraiza al este de la parcela y Casa de Invitados al oeste. Ambas edificaciones se encuentran mayormente en estado de deterioro, tanto interior como exterior. Adem\u00e1s, la parcela incluye una pista de tenis, zonas arboladas y ajardinadas y acoge un refugio para gatos y gatas.<\/p>\n<p>Gerencia de Urbanismo conocer\u00e1 el pr\u00f3ximo mi\u00e9rcoles el anteproyecto de rehabilitaci\u00f3n de Casa Arraiza y aprobar\u00e1 el pago de los 9.160 euros correspondientes a la redacci\u00f3n del anteproyecto, que firma SERTECNA S.A. Las obras de rehabilitaci\u00f3n previstas se cuantifican en un presupuesto de 2,8 millones de euros.<br \/>\n<script async src=\"\/\/pagead2.googlesyndication.com\/pagead\/js\/adsbygoogle.js\"><\/script><br \/>\n<!-- Noticias La Guia de Pamplona --><br \/>\n<ins class=\"adsbygoogle\"\nstyle=\"display:block\"\ndata-ad-client=\"ca-pub-6943679897239327\"\ndata-ad-slot=\"7048180777\"\ndata-ad-format=\"auto\"><\/ins><br \/>\n<script>\n(adsbygoogle = window.adsbygoogle || []).push({});\n<\/script><\/p>\n<p><strong>Propuesta de rehabilitaci\u00f3n<\/strong><\/p>\n<p>El proyecto propone rehabilitar Casa Arraiza, Casa de Invitados y los espacios exteriores de la parcela que acoge estas edificaciones. Se propone la mejora de la accesibilidad al recinto y a los edificios mediante la supresi\u00f3n de barreras arquitect\u00f3nicas. Se proponen itinerarios accesibles en los jardines y rampas de acceso a cada uno de los edificios, que salven el desnivel con los jardines. En el interior de Casa Arraiza se a\u00f1aden ascensores para facilitar la comunicaci\u00f3n entre plantas de las personas usuarias, as\u00ed como de las personas con movilidad reducida.<\/p>\n<p>Las fachadas mantendr\u00e1n la esencia original de las casas, conservando el mortero de acabado. Se restauran las rejas de hierro y las contraventanas y se sustituyen las carpinter\u00edas por otras similares con mejores prestaciones t\u00e9rmicas. Se sustituyen tambi\u00e9n las cubiertas de teja y fibrocemento por zinc. Se revisar\u00e1 el estado del lucernario y se cambiar\u00e1n vidrios y perfiles en caso de ser necesario. Se sustituyen los canalones y bajantes por unos nuevos, estudiando la posibilidad de reducir la cantidad de bajantes existentes.<\/p>\n<p>En el interior de los recintos, se derriban tabiques y se redistribuyen espacios de acuerdo con los usos propuestos. Se restauran o sustituyen carpinter\u00edas interiores en funci\u00f3n de su estado. En cuanto a instalaciones, se revisar\u00e1n de manera pormenorizada y se adecuar\u00e1n o reemplazar\u00e1n en funci\u00f3n de la necesidad.<br \/>\n<script async src=\"\/\/pagead2.googlesyndication.com\/pagead\/js\/adsbygoogle.js\"><\/script><br \/>\n<!-- Noticias La Guia de Pamplona --><br \/>\n<ins class=\"adsbygoogle\"\nstyle=\"display:block\"\ndata-ad-client=\"ca-pub-6943679897239327\"\ndata-ad-slot=\"7048180777\"\ndata-ad-format=\"auto\"><\/ins><br \/>\n<script>\n(adsbygoogle = window.adsbygoogle || []).push({});\n<\/script><\/p>\n<p><strong>M\u00e1s de un siglo de existencia<\/strong><\/p>\n<p>Casa Arraiza data de 1915. Fue un proyecto realizado por el arquitecto Emilio de Otaduy y promovido por Jos\u00e9 Luis Ybarra, industrial de origen vizca\u00edno. Originalmente, constaba de s\u00f3tano, planta baja y planta superior, con un estilo de casa t\u00edpica andaluza, un patio central con una fuente arabesca, azulejos en fachada y paramentos interiores. En el entorno hay un cenador con cubierta de c\u00fapula de hierro, una zona de p\u00e9rgolas con arbustos ornamentales y bancos de piedra y un jard\u00edn arbolado con diferentes especies.<\/p>\n<p>De la Casa de Invitados no se tiene constancia del a\u00f1o exacto de construcci\u00f3n, aunque data de mediados del siglo pasado. La Casa de Invitados fue construida para los guardas y jardineros. Consta de planta baja en toda su extensi\u00f3n y de planta primera en la parte oeste. Es una casa \u2013 patio, a la que se acced\u00eda originalmente a trav\u00e9s de una galer\u00eda arcada. En el centro del patio hay un pozo y, en la fachada del cuerpo alto, una jardinera escalonada sustentada en m\u00e9nsulas de piedra.<br \/>\n<script async src=\"\/\/pagead2.googlesyndication.com\/pagead\/js\/adsbygoogle.js\"><\/script><br \/>\n<!-- Noticias La Guia de Pamplona --><br \/>\n<ins class=\"adsbygoogle\"\nstyle=\"display:block\"\ndata-ad-client=\"ca-pub-6943679897239327\"\ndata-ad-slot=\"7048180777\"\ndata-ad-format=\"auto\"><\/ins><br \/>\n<script>\n(adsbygoogle = window.adsbygoogle || []).push({});\n<\/script><\/p>\n<p>La \u00faltima zona, situada entre las dos anteriores, se corresponde con una antigua pista de tenis. Actualmente, est\u00e1 completamente invadida por hierbas y arbustos de bajo porte y flaqueada por \u00e1rboles y arbustos de tama\u00f1o medio. Frente a la Casa de Invitados se encuentra el refugio Aranzadi Katuak, dedicado al cuidado y protecci\u00f3n de gatos, que consta de un edificio de precaria construcci\u00f3n y un recinto vallado anexo.<\/p>\n<p>En 2008, con motivo de las obras de reforma del parque, el Ayuntamiento de Pamplona adquiri\u00f3 la parcela entera. No obstante, se firm\u00f3 un convenio con la familia Arraiza para que pudieran habilitar la casa hasta la ejecuci\u00f3n de la segunda fase del parque. Desde entonces, las partes de la parcela y la casa que no han estado habitadas han sido ocupadas y vandalizadas de forma reiterada. Tras la salida definitiva de la familia Arraiza por el inicio de esas obras de la segunda fase de Aranzadi, en julio de 2022, el Ayuntamiento de Pamplona procedi\u00f3 a tapiar los accesos a ambas casas como medida preventiva.<\/p>\n","protected":false},"excerpt":{"rendered":"<p>Gerencia de Urbanismo conoce este mi\u00e9rcoles el anteproyecto de rehabilitaci\u00f3n, como paso previo a un concurso de ideas para definir los usos<\/p>\n","protected":false},"author":1,"featured_media":46532,"comment_status":"open","ping_status":"closed","sticky":false,"template":"","format":"standard","meta":{"footnotes":""},"categories":[2],"tags":[],"class_list":["post-46531","post","type-post","status-publish","format-standard","has-post-thumbnail","hentry","category-ayuntamiento-pamplona"],"yoast_head":"<!-- This site is optimized with the Yoast SEO plugin v27.3 - https:\/\/yoast.com\/product\/yoast-seo-wordpress\/ -->\n<title>El Ayuntamiento de Pamplona rehabilitar\u00e1 Casa Arraiza en el parque de Aranzadi, donde se prev\u00e9 crear una zona de hosteler\u00eda y una zona de exposiciones<\/title>\n<meta name=\"description\" content=\"Gerencia de Urbanismo conoce este mi\u00e9rcoles el anteproyecto de rehabilitaci\u00f3n, como paso previo a un concurso de ideas para definir los usos\" \/>\n<meta name=\"robots\" content=\"index, follow, max-snippet:-1, max-image-preview:large, max-video-preview:-1\" \/>\n<link rel=\"canonical\" href=\"https:\/\/www.laguiadepamplona.com\/actualidad\/el-ayuntamiento-de-pamplona-rehabilitara-casa-arraiza-en-el-parque-de-aranzadi-donde-se-preve-crear-una-zona-de-hosteleria-y-una-zona-de-exposiciones\/\" \/>\n<meta property=\"og:locale\" content=\"es_ES\" \/>\n<meta property=\"og:type\" content=\"article\" \/>\n<meta property=\"og:title\" content=\"El Ayuntamiento de Pamplona rehabilitar\u00e1 Casa Arraiza en el parque de Aranzadi, donde se prev\u00e9 crear una zona de hosteler\u00eda y una zona de exposiciones\" \/>\n<meta property=\"og:description\" content=\"Gerencia de Urbanismo conoce este mi\u00e9rcoles el anteproyecto de rehabilitaci\u00f3n, como paso previo a un concurso de ideas para definir los usos\" \/>\n<meta property=\"og:url\" content=\"https:\/\/www.laguiadepamplona.com\/actualidad\/el-ayuntamiento-de-pamplona-rehabilitara-casa-arraiza-en-el-parque-de-aranzadi-donde-se-preve-crear-una-zona-de-hosteleria-y-una-zona-de-exposiciones\/\" \/>\n<meta property=\"og:site_name\" content=\"La Gu\u00eda de Pamplona\" \/>\n<meta property=\"article:publisher\" content=\"https:\/\/www.facebook.com\/laguiadepamplonacom-133175176762273\/?ref=hl\" \/>\n<meta property=\"article:published_time\" content=\"2023-04-28T15:07:20+00:00\" \/>\n<meta property=\"og:image\" content=\"https:\/\/www.laguiadepamplona.com\/actualidad\/wp-content\/uploads\/2023\/04\/23.04.28_rehabilitacion_casa_arraiza.webp\" \/>\n\t<meta property=\"og:image:width\" content=\"1002\" \/>\n\t<meta property=\"og:image:height\" content=\"1002\" \/>\n\t<meta property=\"og:image:type\" content=\"image\/webp\" \/>\n<meta name=\"author\" content=\"La Gu\u00eda de Pamplona\" \/>\n<meta name=\"twitter:card\" content=\"summary_large_image\" \/>\n<meta name=\"twitter:creator\" content=\"@LaGuiadPamplona\" \/>\n<meta name=\"twitter:site\" content=\"@LaGuiadPamplona\" \/>\n<meta name=\"twitter:label1\" content=\"Escrito por\" \/>\n\t<meta name=\"twitter:data1\" content=\"La Gu\u00eda de Pamplona\" \/>\n\t<meta name=\"twitter:label2\" content=\"Tiempo de lectura\" \/>\n\t<meta name=\"twitter:data2\" content=\"4 minutos\" \/>\n<script type=\"application\/ld+json\" class=\"yoast-schema-graph\">{\"@context\":\"https:\\\/\\\/schema.org\",\"@graph\":[{\"@type\":\"Article\",\"@id\":\"https:\\\/\\\/www.laguiadepamplona.com\\\/actualidad\\\/el-ayuntamiento-de-pamplona-rehabilitara-casa-arraiza-en-el-parque-de-aranzadi-donde-se-preve-crear-una-zona-de-hosteleria-y-una-zona-de-exposiciones\\\/#article\",\"isPartOf\":{\"@id\":\"https:\\\/\\\/www.laguiadepamplona.com\\\/actualidad\\\/el-ayuntamiento-de-pamplona-rehabilitara-casa-arraiza-en-el-parque-de-aranzadi-donde-se-preve-crear-una-zona-de-hosteleria-y-una-zona-de-exposiciones\\\/\"},\"author\":{\"name\":\"La Gu\u00eda de Pamplona\",\"@id\":\"https:\\\/\\\/www.laguiadepamplona.com\\\/actualidad\\\/#\\\/schema\\\/person\\\/efe887376f0213d4657c93adc50b1fdb\"},\"headline\":\"El Ayuntamiento de Pamplona rehabilitar\u00e1 Casa Arraiza en el parque de Aranzadi, donde se prev\u00e9 crear una zona de hosteler\u00eda y una zona de exposiciones\",\"datePublished\":\"2023-04-28T15:07:20+00:00\",\"mainEntityOfPage\":{\"@id\":\"https:\\\/\\\/www.laguiadepamplona.com\\\/actualidad\\\/el-ayuntamiento-de-pamplona-rehabilitara-casa-arraiza-en-el-parque-de-aranzadi-donde-se-preve-crear-una-zona-de-hosteleria-y-una-zona-de-exposiciones\\\/\"},\"wordCount\":883,\"commentCount\":0,\"publisher\":{\"@id\":\"https:\\\/\\\/www.laguiadepamplona.com\\\/actualidad\\\/#organization\"},\"image\":{\"@id\":\"https:\\\/\\\/www.laguiadepamplona.com\\\/actualidad\\\/el-ayuntamiento-de-pamplona-rehabilitara-casa-arraiza-en-el-parque-de-aranzadi-donde-se-preve-crear-una-zona-de-hosteleria-y-una-zona-de-exposiciones\\\/#primaryimage\"},\"thumbnailUrl\":\"https:\\\/\\\/www.laguiadepamplona.com\\\/actualidad\\\/wp-content\\\/uploads\\\/2023\\\/04\\\/23.04.28_rehabilitacion_casa_arraiza.webp\",\"articleSection\":[\"Ayto Pamplona\"],\"inLanguage\":\"es\",\"potentialAction\":[{\"@type\":\"CommentAction\",\"name\":\"Comment\",\"target\":[\"https:\\\/\\\/www.laguiadepamplona.com\\\/actualidad\\\/el-ayuntamiento-de-pamplona-rehabilitara-casa-arraiza-en-el-parque-de-aranzadi-donde-se-preve-crear-una-zona-de-hosteleria-y-una-zona-de-exposiciones\\\/#respond\"]}]},{\"@type\":\"WebPage\",\"@id\":\"https:\\\/\\\/www.laguiadepamplona.com\\\/actualidad\\\/el-ayuntamiento-de-pamplona-rehabilitara-casa-arraiza-en-el-parque-de-aranzadi-donde-se-preve-crear-una-zona-de-hosteleria-y-una-zona-de-exposiciones\\\/\",\"url\":\"https:\\\/\\\/www.laguiadepamplona.com\\\/actualidad\\\/el-ayuntamiento-de-pamplona-rehabilitara-casa-arraiza-en-el-parque-de-aranzadi-donde-se-preve-crear-una-zona-de-hosteleria-y-una-zona-de-exposiciones\\\/\",\"name\":\"El Ayuntamiento de Pamplona rehabilitar\u00e1 Casa Arraiza en el parque de Aranzadi, donde se prev\u00e9 crear una zona de hosteler\u00eda y una zona de exposiciones\",\"isPartOf\":{\"@id\":\"https:\\\/\\\/www.laguiadepamplona.com\\\/actualidad\\\/#website\"},\"primaryImageOfPage\":{\"@id\":\"https:\\\/\\\/www.laguiadepamplona.com\\\/actualidad\\\/el-ayuntamiento-de-pamplona-rehabilitara-casa-arraiza-en-el-parque-de-aranzadi-donde-se-preve-crear-una-zona-de-hosteleria-y-una-zona-de-exposiciones\\\/#primaryimage\"},\"image\":{\"@id\":\"https:\\\/\\\/www.laguiadepamplona.com\\\/actualidad\\\/el-ayuntamiento-de-pamplona-rehabilitara-casa-arraiza-en-el-parque-de-aranzadi-donde-se-preve-crear-una-zona-de-hosteleria-y-una-zona-de-exposiciones\\\/#primaryimage\"},\"thumbnailUrl\":\"https:\\\/\\\/www.laguiadepamplona.com\\\/actualidad\\\/wp-content\\\/uploads\\\/2023\\\/04\\\/23.04.28_rehabilitacion_casa_arraiza.webp\",\"datePublished\":\"2023-04-28T15:07:20+00:00\",\"description\":\"Gerencia de Urbanismo conoce este mi\u00e9rcoles el anteproyecto de rehabilitaci\u00f3n, como paso previo a un concurso de ideas para definir los usos\",\"breadcrumb\":{\"@id\":\"https:\\\/\\\/www.laguiadepamplona.com\\\/actualidad\\\/el-ayuntamiento-de-pamplona-rehabilitara-casa-arraiza-en-el-parque-de-aranzadi-donde-se-preve-crear-una-zona-de-hosteleria-y-una-zona-de-exposiciones\\\/#breadcrumb\"},\"inLanguage\":\"es\",\"potentialAction\":[{\"@type\":\"ReadAction\",\"target\":[\"https:\\\/\\\/www.laguiadepamplona.com\\\/actualidad\\\/el-ayuntamiento-de-pamplona-rehabilitara-casa-arraiza-en-el-parque-de-aranzadi-donde-se-preve-crear-una-zona-de-hosteleria-y-una-zona-de-exposiciones\\\/\"]}]},{\"@type\":\"ImageObject\",\"inLanguage\":\"es\",\"@id\":\"https:\\\/\\\/www.laguiadepamplona.com\\\/actualidad\\\/el-ayuntamiento-de-pamplona-rehabilitara-casa-arraiza-en-el-parque-de-aranzadi-donde-se-preve-crear-una-zona-de-hosteleria-y-una-zona-de-exposiciones\\\/#primaryimage\",\"url\":\"https:\\\/\\\/www.laguiadepamplona.com\\\/actualidad\\\/wp-content\\\/uploads\\\/2023\\\/04\\\/23.04.28_rehabilitacion_casa_arraiza.webp\",\"contentUrl\":\"https:\\\/\\\/www.laguiadepamplona.com\\\/actualidad\\\/wp-content\\\/uploads\\\/2023\\\/04\\\/23.04.28_rehabilitacion_casa_arraiza.webp\",\"width\":1002,\"height\":1002},{\"@type\":\"BreadcrumbList\",\"@id\":\"https:\\\/\\\/www.laguiadepamplona.com\\\/actualidad\\\/el-ayuntamiento-de-pamplona-rehabilitara-casa-arraiza-en-el-parque-de-aranzadi-donde-se-preve-crear-una-zona-de-hosteleria-y-una-zona-de-exposiciones\\\/#breadcrumb\",\"itemListElement\":[{\"@type\":\"ListItem\",\"position\":1,\"name\":\"Portada\",\"item\":\"https:\\\/\\\/www.laguiadepamplona.com\\\/actualidad\\\/\"},{\"@type\":\"ListItem\",\"position\":2,\"name\":\"El Ayuntamiento de Pamplona rehabilitar\u00e1 Casa Arraiza en el parque de Aranzadi, donde se prev\u00e9 crear una zona de hosteler\u00eda y una zona de exposiciones\"}]},{\"@type\":\"WebSite\",\"@id\":\"https:\\\/\\\/www.laguiadepamplona.com\\\/actualidad\\\/#website\",\"url\":\"https:\\\/\\\/www.laguiadepamplona.com\\\/actualidad\\\/\",\"name\":\"La gu\u00eda de Pamplona\",\"description\":\"Noticias de Pamplona\",\"publisher\":{\"@id\":\"https:\\\/\\\/www.laguiadepamplona.com\\\/actualidad\\\/#organization\"},\"potentialAction\":[{\"@type\":\"SearchAction\",\"target\":{\"@type\":\"EntryPoint\",\"urlTemplate\":\"https:\\\/\\\/www.laguiadepamplona.com\\\/actualidad\\\/?s={search_term_string}\"},\"query-input\":{\"@type\":\"PropertyValueSpecification\",\"valueRequired\":true,\"valueName\":\"search_term_string\"}}],\"inLanguage\":\"es\"},{\"@type\":\"Organization\",\"@id\":\"https:\\\/\\\/www.laguiadepamplona.com\\\/actualidad\\\/#organization\",\"name\":\"La Gu\u00eda de Pamplona \\\/ Noticias\",\"url\":\"https:\\\/\\\/www.laguiadepamplona.com\\\/actualidad\\\/\",\"logo\":{\"@type\":\"ImageObject\",\"inLanguage\":\"es\",\"@id\":\"https:\\\/\\\/www.laguiadepamplona.com\\\/actualidad\\\/#\\\/schema\\\/logo\\\/image\\\/\",\"url\":\"https:\\\/\\\/www.laguiadepamplona.com\\\/actualidad\\\/wp-content\\\/uploads\\\/2018\\\/11\\\/logo-laguiadepamplona18-web1.png\",\"contentUrl\":\"https:\\\/\\\/www.laguiadepamplona.com\\\/actualidad\\\/wp-content\\\/uploads\\\/2018\\\/11\\\/logo-laguiadepamplona18-web1.png\",\"width\":600,\"height\":196,\"caption\":\"La Gu\u00eda de Pamplona \\\/ Noticias\"},\"image\":{\"@id\":\"https:\\\/\\\/www.laguiadepamplona.com\\\/actualidad\\\/#\\\/schema\\\/logo\\\/image\\\/\"},\"sameAs\":[\"https:\\\/\\\/www.facebook.com\\\/laguiadepamplonacom-133175176762273\\\/?ref=hl\",\"https:\\\/\\\/x.com\\\/LaGuiadPamplona\",\"https:\\\/\\\/www.instagram.com\\\/la_guia_de_pamplona\\\/\",\"https:\\\/\\\/www.youtube.com\\\/user\\\/laguiadepamplona\"]},{\"@type\":\"Person\",\"@id\":\"https:\\\/\\\/www.laguiadepamplona.com\\\/actualidad\\\/#\\\/schema\\\/person\\\/efe887376f0213d4657c93adc50b1fdb\",\"name\":\"La Gu\u00eda de Pamplona\",\"image\":{\"@type\":\"ImageObject\",\"inLanguage\":\"es\",\"@id\":\"https:\\\/\\\/secure.gravatar.com\\\/avatar\\\/b6992f131dc8d30ab0dff15446e9d346d9dbd95992de0fef795073f5ea83a81c?s=96&d=mm&r=g\",\"url\":\"https:\\\/\\\/secure.gravatar.com\\\/avatar\\\/b6992f131dc8d30ab0dff15446e9d346d9dbd95992de0fef795073f5ea83a81c?s=96&d=mm&r=g\",\"contentUrl\":\"https:\\\/\\\/secure.gravatar.com\\\/avatar\\\/b6992f131dc8d30ab0dff15446e9d346d9dbd95992de0fef795073f5ea83a81c?s=96&d=mm&r=g\",\"caption\":\"La Gu\u00eda de Pamplona\"}}]}<\/script>\n<!-- \/ Yoast SEO plugin. -->","yoast_head_json":{"title":"El Ayuntamiento de Pamplona rehabilitar\u00e1 Casa Arraiza en el parque de Aranzadi, donde se prev\u00e9 crear una zona de hosteler\u00eda y una zona de exposiciones","description":"Gerencia de Urbanismo conoce este mi\u00e9rcoles el anteproyecto de rehabilitaci\u00f3n, como paso previo a un concurso de ideas para definir los usos","robots":{"index":"index","follow":"follow","max-snippet":"max-snippet:-1","max-image-preview":"max-image-preview:large","max-video-preview":"max-video-preview:-1"},"canonical":"https:\/\/www.laguiadepamplona.com\/actualidad\/el-ayuntamiento-de-pamplona-rehabilitara-casa-arraiza-en-el-parque-de-aranzadi-donde-se-preve-crear-una-zona-de-hosteleria-y-una-zona-de-exposiciones\/","og_locale":"es_ES","og_type":"article","og_title":"El Ayuntamiento de Pamplona rehabilitar\u00e1 Casa Arraiza en el parque de Aranzadi, donde se prev\u00e9 crear una zona de hosteler\u00eda y una zona de exposiciones","og_description":"Gerencia de Urbanismo conoce este mi\u00e9rcoles el anteproyecto de rehabilitaci\u00f3n, como paso previo a un concurso de ideas para definir los usos","og_url":"https:\/\/www.laguiadepamplona.com\/actualidad\/el-ayuntamiento-de-pamplona-rehabilitara-casa-arraiza-en-el-parque-de-aranzadi-donde-se-preve-crear-una-zona-de-hosteleria-y-una-zona-de-exposiciones\/","og_site_name":"La Gu\u00eda de Pamplona","article_publisher":"https:\/\/www.facebook.com\/laguiadepamplonacom-133175176762273\/?ref=hl","article_published_time":"2023-04-28T15:07:20+00:00","og_image":[{"width":1002,"height":1002,"url":"https:\/\/www.laguiadepamplona.com\/actualidad\/wp-content\/uploads\/2023\/04\/23.04.28_rehabilitacion_casa_arraiza.webp","type":"image\/webp"}],"author":"La Gu\u00eda de Pamplona","twitter_card":"summary_large_image","twitter_creator":"@LaGuiadPamplona","twitter_site":"@LaGuiadPamplona","twitter_misc":{"Escrito por":"La Gu\u00eda de Pamplona","Tiempo de lectura":"4 minutos"},"schema":{"@context":"https:\/\/schema.org","@graph":[{"@type":"Article","@id":"https:\/\/www.laguiadepamplona.com\/actualidad\/el-ayuntamiento-de-pamplona-rehabilitara-casa-arraiza-en-el-parque-de-aranzadi-donde-se-preve-crear-una-zona-de-hosteleria-y-una-zona-de-exposiciones\/#article","isPartOf":{"@id":"https:\/\/www.laguiadepamplona.com\/actualidad\/el-ayuntamiento-de-pamplona-rehabilitara-casa-arraiza-en-el-parque-de-aranzadi-donde-se-preve-crear-una-zona-de-hosteleria-y-una-zona-de-exposiciones\/"},"author":{"name":"La Gu\u00eda de Pamplona","@id":"https:\/\/www.laguiadepamplona.com\/actualidad\/#\/schema\/person\/efe887376f0213d4657c93adc50b1fdb"},"headline":"El Ayuntamiento de Pamplona rehabilitar\u00e1 Casa Arraiza en el parque de Aranzadi, donde se prev\u00e9 crear una zona de hosteler\u00eda y una zona de exposiciones","datePublished":"2023-04-28T15:07:20+00:00","mainEntityOfPage":{"@id":"https:\/\/www.laguiadepamplona.com\/actualidad\/el-ayuntamiento-de-pamplona-rehabilitara-casa-arraiza-en-el-parque-de-aranzadi-donde-se-preve-crear-una-zona-de-hosteleria-y-una-zona-de-exposiciones\/"},"wordCount":883,"commentCount":0,"publisher":{"@id":"https:\/\/www.laguiadepamplona.com\/actualidad\/#organization"},"image":{"@id":"https:\/\/www.laguiadepamplona.com\/actualidad\/el-ayuntamiento-de-pamplona-rehabilitara-casa-arraiza-en-el-parque-de-aranzadi-donde-se-preve-crear-una-zona-de-hosteleria-y-una-zona-de-exposiciones\/#primaryimage"},"thumbnailUrl":"https:\/\/www.laguiadepamplona.com\/actualidad\/wp-content\/uploads\/2023\/04\/23.04.28_rehabilitacion_casa_arraiza.webp","articleSection":["Ayto Pamplona"],"inLanguage":"es","potentialAction":[{"@type":"CommentAction","name":"Comment","target":["https:\/\/www.laguiadepamplona.com\/actualidad\/el-ayuntamiento-de-pamplona-rehabilitara-casa-arraiza-en-el-parque-de-aranzadi-donde-se-preve-crear-una-zona-de-hosteleria-y-una-zona-de-exposiciones\/#respond"]}]},{"@type":"WebPage","@id":"https:\/\/www.laguiadepamplona.com\/actualidad\/el-ayuntamiento-de-pamplona-rehabilitara-casa-arraiza-en-el-parque-de-aranzadi-donde-se-preve-crear-una-zona-de-hosteleria-y-una-zona-de-exposiciones\/","url":"https:\/\/www.laguiadepamplona.com\/actualidad\/el-ayuntamiento-de-pamplona-rehabilitara-casa-arraiza-en-el-parque-de-aranzadi-donde-se-preve-crear-una-zona-de-hosteleria-y-una-zona-de-exposiciones\/","name":"El Ayuntamiento de Pamplona rehabilitar\u00e1 Casa Arraiza en el parque de Aranzadi, donde se prev\u00e9 crear una zona de hosteler\u00eda y una zona de exposiciones","isPartOf":{"@id":"https:\/\/www.laguiadepamplona.com\/actualidad\/#website"},"primaryImageOfPage":{"@id":"https:\/\/www.laguiadepamplona.com\/actualidad\/el-ayuntamiento-de-pamplona-rehabilitara-casa-arraiza-en-el-parque-de-aranzadi-donde-se-preve-crear-una-zona-de-hosteleria-y-una-zona-de-exposiciones\/#primaryimage"},"image":{"@id":"https:\/\/www.laguiadepamplona.com\/actualidad\/el-ayuntamiento-de-pamplona-rehabilitara-casa-arraiza-en-el-parque-de-aranzadi-donde-se-preve-crear-una-zona-de-hosteleria-y-una-zona-de-exposiciones\/#primaryimage"},"thumbnailUrl":"https:\/\/www.laguiadepamplona.com\/actualidad\/wp-content\/uploads\/2023\/04\/23.04.28_rehabilitacion_casa_arraiza.webp","datePublished":"2023-04-28T15:07:20+00:00","description":"Gerencia de Urbanismo conoce este mi\u00e9rcoles el anteproyecto de rehabilitaci\u00f3n, como paso previo a un concurso de ideas para definir los usos","breadcrumb":{"@id":"https:\/\/www.laguiadepamplona.com\/actualidad\/el-ayuntamiento-de-pamplona-rehabilitara-casa-arraiza-en-el-parque-de-aranzadi-donde-se-preve-crear-una-zona-de-hosteleria-y-una-zona-de-exposiciones\/#breadcrumb"},"inLanguage":"es","potentialAction":[{"@type":"ReadAction","target":["https:\/\/www.laguiadepamplona.com\/actualidad\/el-ayuntamiento-de-pamplona-rehabilitara-casa-arraiza-en-el-parque-de-aranzadi-donde-se-preve-crear-una-zona-de-hosteleria-y-una-zona-de-exposiciones\/"]}]},{"@type":"ImageObject","inLanguage":"es","@id":"https:\/\/www.laguiadepamplona.com\/actualidad\/el-ayuntamiento-de-pamplona-rehabilitara-casa-arraiza-en-el-parque-de-aranzadi-donde-se-preve-crear-una-zona-de-hosteleria-y-una-zona-de-exposiciones\/#primaryimage","url":"https:\/\/www.laguiadepamplona.com\/actualidad\/wp-content\/uploads\/2023\/04\/23.04.28_rehabilitacion_casa_arraiza.webp","contentUrl":"https:\/\/www.laguiadepamplona.com\/actualidad\/wp-content\/uploads\/2023\/04\/23.04.28_rehabilitacion_casa_arraiza.webp","width":1002,"height":1002},{"@type":"BreadcrumbList","@id":"https:\/\/www.laguiadepamplona.com\/actualidad\/el-ayuntamiento-de-pamplona-rehabilitara-casa-arraiza-en-el-parque-de-aranzadi-donde-se-preve-crear-una-zona-de-hosteleria-y-una-zona-de-exposiciones\/#breadcrumb","itemListElement":[{"@type":"ListItem","position":1,"name":"Portada","item":"https:\/\/www.laguiadepamplona.com\/actualidad\/"},{"@type":"ListItem","position":2,"name":"El Ayuntamiento de Pamplona rehabilitar\u00e1 Casa Arraiza en el parque de Aranzadi, donde se prev\u00e9 crear una zona de hosteler\u00eda y una zona de exposiciones"}]},{"@type":"WebSite","@id":"https:\/\/www.laguiadepamplona.com\/actualidad\/#website","url":"https:\/\/www.laguiadepamplona.com\/actualidad\/","name":"La gu\u00eda de Pamplona","description":"Noticias de Pamplona","publisher":{"@id":"https:\/\/www.laguiadepamplona.com\/actualidad\/#organization"},"potentialAction":[{"@type":"SearchAction","target":{"@type":"EntryPoint","urlTemplate":"https:\/\/www.laguiadepamplona.com\/actualidad\/?s={search_term_string}"},"query-input":{"@type":"PropertyValueSpecification","valueRequired":true,"valueName":"search_term_string"}}],"inLanguage":"es"},{"@type":"Organization","@id":"https:\/\/www.laguiadepamplona.com\/actualidad\/#organization","name":"La Gu\u00eda de Pamplona \/ Noticias","url":"https:\/\/www.laguiadepamplona.com\/actualidad\/","logo":{"@type":"ImageObject","inLanguage":"es","@id":"https:\/\/www.laguiadepamplona.com\/actualidad\/#\/schema\/logo\/image\/","url":"https:\/\/www.laguiadepamplona.com\/actualidad\/wp-content\/uploads\/2018\/11\/logo-laguiadepamplona18-web1.png","contentUrl":"https:\/\/www.laguiadepamplona.com\/actualidad\/wp-content\/uploads\/2018\/11\/logo-laguiadepamplona18-web1.png","width":600,"height":196,"caption":"La Gu\u00eda de Pamplona \/ Noticias"},"image":{"@id":"https:\/\/www.laguiadepamplona.com\/actualidad\/#\/schema\/logo\/image\/"},"sameAs":["https:\/\/www.facebook.com\/laguiadepamplonacom-133175176762273\/?ref=hl","https:\/\/x.com\/LaGuiadPamplona","https:\/\/www.instagram.com\/la_guia_de_pamplona\/","https:\/\/www.youtube.com\/user\/laguiadepamplona"]},{"@type":"Person","@id":"https:\/\/www.laguiadepamplona.com\/actualidad\/#\/schema\/person\/efe887376f0213d4657c93adc50b1fdb","name":"La Gu\u00eda de Pamplona","image":{"@type":"ImageObject","inLanguage":"es","@id":"https:\/\/secure.gravatar.com\/avatar\/b6992f131dc8d30ab0dff15446e9d346d9dbd95992de0fef795073f5ea83a81c?s=96&d=mm&r=g","url":"https:\/\/secure.gravatar.com\/avatar\/b6992f131dc8d30ab0dff15446e9d346d9dbd95992de0fef795073f5ea83a81c?s=96&d=mm&r=g","contentUrl":"https:\/\/secure.gravatar.com\/avatar\/b6992f131dc8d30ab0dff15446e9d346d9dbd95992de0fef795073f5ea83a81c?s=96&d=mm&r=g","caption":"La Gu\u00eda de Pamplona"}}]}},"post_mailing_queue_ids":[],"_links":{"self":[{"href":"https:\/\/www.laguiadepamplona.com\/actualidad\/wp-json\/wp\/v2\/posts\/46531","targetHints":{"allow":["GET"]}}],"collection":[{"href":"https:\/\/www.laguiadepamplona.com\/actualidad\/wp-json\/wp\/v2\/posts"}],"about":[{"href":"https:\/\/www.laguiadepamplona.com\/actualidad\/wp-json\/wp\/v2\/types\/post"}],"author":[{"embeddable":true,"href":"https:\/\/www.laguiadepamplona.com\/actualidad\/wp-json\/wp\/v2\/users\/1"}],"replies":[{"embeddable":true,"href":"https:\/\/www.laguiadepamplona.com\/actualidad\/wp-json\/wp\/v2\/comments?post=46531"}],"version-history":[{"count":1,"href":"https:\/\/www.laguiadepamplona.com\/actualidad\/wp-json\/wp\/v2\/posts\/46531\/revisions"}],"predecessor-version":[{"id":46533,"href":"https:\/\/www.laguiadepamplona.com\/actualidad\/wp-json\/wp\/v2\/posts\/46531\/revisions\/46533"}],"wp:featuredmedia":[{"embeddable":true,"href":"https:\/\/www.laguiadepamplona.com\/actualidad\/wp-json\/wp\/v2\/media\/46532"}],"wp:attachment":[{"href":"https:\/\/www.laguiadepamplona.com\/actualidad\/wp-json\/wp\/v2\/media?parent=46531"}],"wp:term":[{"taxonomy":"category","embeddable":true,"href":"https:\/\/www.laguiadepamplona.com\/actualidad\/wp-json\/wp\/v2\/categories?post=46531"},{"taxonomy":"post_tag","embeddable":true,"href":"https:\/\/www.laguiadepamplona.com\/actualidad\/wp-json\/wp\/v2\/tags?post=46531"}],"curies":[{"name":"wp","href":"https:\/\/api.w.org\/{rel}","templated":true}]}}