{"id":46527,"date":"2023-04-28T13:19:14","date_gmt":"2023-04-28T11:19:14","guid":{"rendered":"https:\/\/www.laguiadepamplona.com\/actualidad\/?p=46527"},"modified":"2023-04-28T13:19:14","modified_gmt":"2023-04-28T11:19:14","slug":"el-ayuntamiento-de-pamplona-recibe-a-una-representacion-de-la-casa-de-castilla-y-leon-que-esta-celebrando-su-xxx-semana-cultural","status":"publish","type":"post","link":"https:\/\/www.laguiadepamplona.com\/actualidad\/el-ayuntamiento-de-pamplona-recibe-a-una-representacion-de-la-casa-de-castilla-y-leon-que-esta-celebrando-su-xxx-semana-cultural\/","title":{"rendered":"El Ayuntamiento de Pamplona recibe a una representaci\u00f3n de la Casa de Castilla y Le\u00f3n que est\u00e1 celebrando su XXX Semana Cultural"},"content":{"rendered":"<h3>En la ciudad hay censadas m\u00e1s de 5.700 personas nacidas en esa comunidad aut\u00f3noma<\/h3>\n<p><!--more--><\/p>\n<p>El Ayuntamiento ha recibido esta ma\u00f1ana a representantes de la Casa de Castilla y Le\u00f3n en Pamplona que estos d\u00edas est\u00e1 celebrando su XXX Semana Cultural. Esta asociaci\u00f3n tiene como objetivo promover la cultura, la gastronom\u00eda y el folklore propios de esa comunidad aut\u00f3noma organizando charlas, debates, conciertos y exposiciones. En Pamplona hay 5.732 personas nacidas en Castilla y Le\u00f3n y a la recepci\u00f3n han acudido un grupo de personas vinculadas con el centro.<br \/>\n<script async src=\"\/\/pagead2.googlesyndication.com\/pagead\/js\/adsbygoogle.js\"><\/script><br \/>\n<!-- Noticias La Guia de Pamplona --><br \/>\n<ins class=\"adsbygoogle\"\nstyle=\"display:block\"\ndata-ad-client=\"ca-pub-6943679897239327\"\ndata-ad-slot=\"7048180777\"\ndata-ad-format=\"auto\"><\/ins><br \/>\n<script>\n(adsbygoogle = window.adsbygoogle || []).push({});\n<\/script><\/p>\n<p>En el acto, la primera teniente de alcalde, Ana Elizalde, ha entregado una reproducci\u00f3n de la fachada de la Casa Consistorial a Jaime Valdeolmillos, presidente de la Casa de Castilla Le\u00f3n que adem\u00e1s ostenta la presidencia de la Federaci\u00f3n de Casa Regionales de Navarra. Por su parte, en representaci\u00f3n del Ayuntamiento de Medina de Rioseco, su concejala de Cultura, Monserrrat Vald\u00e9s, ha hecho entrega al Consistorio de la reproducci\u00f3n en metacrilato del escudo de la Carta de Confirmaci\u00f3n del Privilegio, otorgada a la localidad por Enrique I en 1371 y confirmada por Carlos I en 1555.<\/p>\n<p>Las actividades de la XXX Semana Cultural comenzaron el s\u00e1bado 22 de abril y terminar\u00e1n ma\u00f1ana s\u00e1bado el 29. Estos d\u00edas han propuesto, desde juegos aut\u00f3ctonos (bolos leoneses, bolos burgaleses\u2026), hasta campeonatos de Pinchazo o Mus, o la actuaci\u00f3n de su grupo de danzas, dulzaineros y de gaitas que tendr\u00e1 lugar ma\u00f1ana a las 15 horas en la avenida Carlos III.<br \/>\n<script async src=\"\/\/pagead2.googlesyndication.com\/pagead\/js\/adsbygoogle.js\"><\/script><br \/>\n<!-- Noticias La Guia de Pamplona --><br \/>\n<ins class=\"adsbygoogle\"\nstyle=\"display:block\"\ndata-ad-client=\"ca-pub-6943679897239327\"\ndata-ad-slot=\"7048180777\"\ndata-ad-format=\"auto\"><\/ins><br \/>\n<script>\n(adsbygoogle = window.adsbygoogle || []).push({});\n<\/script><\/p>\n<p>Tanto hoy como ma\u00f1ana hay previstas actividades en centros de la red Civivox. Esta tarde a las 19 horas en Condestable tendr\u00e1 lugar la sesi\u00f3n \u201cPueblos de Castilla y Le\u00f3n, Esencias de Historia y Cultura\u201d una sesi\u00f3n de divulgaci\u00f3n que cada a\u00f1o da a conocer una localidad de la Comunidad Aut\u00f3noma. En esta ocasi\u00f3n de centrar\u00e1 en Medina de Rioseco (Valladolid). Ma\u00f1ana s\u00e1bado, a las 18.30 horas, el grupo folk tradicional \u2018On Crest\u2019, actuar\u00e1 en Civivox Iturrama.<\/p>\n<p>El Ayuntamiento de Pamplona colabora de forma estable con las casas regionales asentadas en la ciudad. En este caso, en 2022, la Casa de Castilla y Le\u00f3n recibi\u00f3, a trav\u00e9s de las subvenciones municipales de Participaci\u00f3n Ciudadana 5.205 euros empleados en actividades como la Fiesta del botillo, las Jornadas culturales de la patrona de la casa, un taller de inform\u00e1tica y uso de aplicaciones m\u00f3viles y la propia semana cultural.<\/p>\n","protected":false},"excerpt":{"rendered":"<p>En la ciudad hay censadas m\u00e1s de 5.700 personas nacidas en esa comunidad aut\u00f3noma<\/p>\n","protected":false},"author":1,"featured_media":46528,"comment_status":"open","ping_status":"closed","sticky":false,"template":"","format":"standard","meta":{"footnotes":""},"categories":[2],"tags":[],"class_list":["post-46527","post","type-post","status-publish","format-standard","has-post-thumbnail","hentry","category-ayuntamiento-pamplona"],"yoast_head":"<!-- This site is optimized with the Yoast SEO plugin v27.3 - https:\/\/yoast.com\/product\/yoast-seo-wordpress\/ -->\n<title>El Ayuntamiento de Pamplona recibe a una representaci\u00f3n de la Casa de Castilla y Le\u00f3n que est\u00e1 celebrando su XXX Semana Cultural<\/title>\n<meta name=\"description\" content=\"En la ciudad hay censadas m\u00e1s de 5.700 personas nacidas en esa comunidad aut\u00f3noma\" \/>\n<meta name=\"robots\" content=\"index, follow, max-snippet:-1, max-image-preview:large, max-video-preview:-1\" \/>\n<link rel=\"canonical\" href=\"https:\/\/www.laguiadepamplona.com\/actualidad\/el-ayuntamiento-de-pamplona-recibe-a-una-representacion-de-la-casa-de-castilla-y-leon-que-esta-celebrando-su-xxx-semana-cultural\/\" \/>\n<meta property=\"og:locale\" content=\"es_ES\" \/>\n<meta property=\"og:type\" content=\"article\" \/>\n<meta property=\"og:title\" content=\"El Ayuntamiento de Pamplona recibe a una representaci\u00f3n de la Casa de Castilla y Le\u00f3n que est\u00e1 celebrando su XXX Semana Cultural\" \/>\n<meta property=\"og:description\" content=\"En la ciudad hay censadas m\u00e1s de 5.700 personas nacidas en esa comunidad aut\u00f3noma\" \/>\n<meta property=\"og:url\" content=\"https:\/\/www.laguiadepamplona.com\/actualidad\/el-ayuntamiento-de-pamplona-recibe-a-una-representacion-de-la-casa-de-castilla-y-leon-que-esta-celebrando-su-xxx-semana-cultural\/\" \/>\n<meta property=\"og:site_name\" content=\"La Gu\u00eda de Pamplona\" \/>\n<meta property=\"article:publisher\" content=\"https:\/\/www.facebook.com\/laguiadepamplonacom-133175176762273\/?ref=hl\" \/>\n<meta property=\"article:published_time\" content=\"2023-04-28T11:19:14+00:00\" \/>\n<meta property=\"og:image\" content=\"https:\/\/www.laguiadepamplona.com\/actualidad\/wp-content\/uploads\/2023\/04\/20230428recepcastillaleonq5a8591_0.webp\" \/>\n\t<meta property=\"og:image:width\" content=\"1920\" \/>\n\t<meta property=\"og:image:height\" content=\"1281\" \/>\n\t<meta property=\"og:image:type\" content=\"image\/webp\" \/>\n<meta name=\"author\" content=\"La Gu\u00eda de Pamplona\" \/>\n<meta name=\"twitter:card\" content=\"summary_large_image\" \/>\n<meta name=\"twitter:creator\" content=\"@LaGuiadPamplona\" \/>\n<meta name=\"twitter:site\" content=\"@LaGuiadPamplona\" \/>\n<meta name=\"twitter:label1\" content=\"Escrito por\" \/>\n\t<meta name=\"twitter:data1\" content=\"La Gu\u00eda de Pamplona\" \/>\n\t<meta name=\"twitter:label2\" content=\"Tiempo de lectura\" \/>\n\t<meta name=\"twitter:data2\" content=\"2 minutos\" \/>\n<script type=\"application\/ld+json\" class=\"yoast-schema-graph\">{\"@context\":\"https:\\\/\\\/schema.org\",\"@graph\":[{\"@type\":\"Article\",\"@id\":\"https:\\\/\\\/www.laguiadepamplona.com\\\/actualidad\\\/el-ayuntamiento-de-pamplona-recibe-a-una-representacion-de-la-casa-de-castilla-y-leon-que-esta-celebrando-su-xxx-semana-cultural\\\/#article\",\"isPartOf\":{\"@id\":\"https:\\\/\\\/www.laguiadepamplona.com\\\/actualidad\\\/el-ayuntamiento-de-pamplona-recibe-a-una-representacion-de-la-casa-de-castilla-y-leon-que-esta-celebrando-su-xxx-semana-cultural\\\/\"},\"author\":{\"name\":\"La Gu\u00eda de Pamplona\",\"@id\":\"https:\\\/\\\/www.laguiadepamplona.com\\\/actualidad\\\/#\\\/schema\\\/person\\\/efe887376f0213d4657c93adc50b1fdb\"},\"headline\":\"El Ayuntamiento de Pamplona recibe a una representaci\u00f3n de la Casa de Castilla y Le\u00f3n que est\u00e1 celebrando su XXX Semana Cultural\",\"datePublished\":\"2023-04-28T11:19:14+00:00\",\"mainEntityOfPage\":{\"@id\":\"https:\\\/\\\/www.laguiadepamplona.com\\\/actualidad\\\/el-ayuntamiento-de-pamplona-recibe-a-una-representacion-de-la-casa-de-castilla-y-leon-que-esta-celebrando-su-xxx-semana-cultural\\\/\"},\"wordCount\":446,\"commentCount\":0,\"publisher\":{\"@id\":\"https:\\\/\\\/www.laguiadepamplona.com\\\/actualidad\\\/#organization\"},\"image\":{\"@id\":\"https:\\\/\\\/www.laguiadepamplona.com\\\/actualidad\\\/el-ayuntamiento-de-pamplona-recibe-a-una-representacion-de-la-casa-de-castilla-y-leon-que-esta-celebrando-su-xxx-semana-cultural\\\/#primaryimage\"},\"thumbnailUrl\":\"https:\\\/\\\/www.laguiadepamplona.com\\\/actualidad\\\/wp-content\\\/uploads\\\/2023\\\/04\\\/20230428recepcastillaleonq5a8591_0.webp\",\"articleSection\":[\"Ayto Pamplona\"],\"inLanguage\":\"es\",\"potentialAction\":[{\"@type\":\"CommentAction\",\"name\":\"Comment\",\"target\":[\"https:\\\/\\\/www.laguiadepamplona.com\\\/actualidad\\\/el-ayuntamiento-de-pamplona-recibe-a-una-representacion-de-la-casa-de-castilla-y-leon-que-esta-celebrando-su-xxx-semana-cultural\\\/#respond\"]}]},{\"@type\":\"WebPage\",\"@id\":\"https:\\\/\\\/www.laguiadepamplona.com\\\/actualidad\\\/el-ayuntamiento-de-pamplona-recibe-a-una-representacion-de-la-casa-de-castilla-y-leon-que-esta-celebrando-su-xxx-semana-cultural\\\/\",\"url\":\"https:\\\/\\\/www.laguiadepamplona.com\\\/actualidad\\\/el-ayuntamiento-de-pamplona-recibe-a-una-representacion-de-la-casa-de-castilla-y-leon-que-esta-celebrando-su-xxx-semana-cultural\\\/\",\"name\":\"El Ayuntamiento de Pamplona recibe a una representaci\u00f3n de la Casa de Castilla y Le\u00f3n que est\u00e1 celebrando su XXX Semana Cultural\",\"isPartOf\":{\"@id\":\"https:\\\/\\\/www.laguiadepamplona.com\\\/actualidad\\\/#website\"},\"primaryImageOfPage\":{\"@id\":\"https:\\\/\\\/www.laguiadepamplona.com\\\/actualidad\\\/el-ayuntamiento-de-pamplona-recibe-a-una-representacion-de-la-casa-de-castilla-y-leon-que-esta-celebrando-su-xxx-semana-cultural\\\/#primaryimage\"},\"image\":{\"@id\":\"https:\\\/\\\/www.laguiadepamplona.com\\\/actualidad\\\/el-ayuntamiento-de-pamplona-recibe-a-una-representacion-de-la-casa-de-castilla-y-leon-que-esta-celebrando-su-xxx-semana-cultural\\\/#primaryimage\"},\"thumbnailUrl\":\"https:\\\/\\\/www.laguiadepamplona.com\\\/actualidad\\\/wp-content\\\/uploads\\\/2023\\\/04\\\/20230428recepcastillaleonq5a8591_0.webp\",\"datePublished\":\"2023-04-28T11:19:14+00:00\",\"description\":\"En la ciudad hay censadas m\u00e1s de 5.700 personas nacidas en esa comunidad aut\u00f3noma\",\"breadcrumb\":{\"@id\":\"https:\\\/\\\/www.laguiadepamplona.com\\\/actualidad\\\/el-ayuntamiento-de-pamplona-recibe-a-una-representacion-de-la-casa-de-castilla-y-leon-que-esta-celebrando-su-xxx-semana-cultural\\\/#breadcrumb\"},\"inLanguage\":\"es\",\"potentialAction\":[{\"@type\":\"ReadAction\",\"target\":[\"https:\\\/\\\/www.laguiadepamplona.com\\\/actualidad\\\/el-ayuntamiento-de-pamplona-recibe-a-una-representacion-de-la-casa-de-castilla-y-leon-que-esta-celebrando-su-xxx-semana-cultural\\\/\"]}]},{\"@type\":\"ImageObject\",\"inLanguage\":\"es\",\"@id\":\"https:\\\/\\\/www.laguiadepamplona.com\\\/actualidad\\\/el-ayuntamiento-de-pamplona-recibe-a-una-representacion-de-la-casa-de-castilla-y-leon-que-esta-celebrando-su-xxx-semana-cultural\\\/#primaryimage\",\"url\":\"https:\\\/\\\/www.laguiadepamplona.com\\\/actualidad\\\/wp-content\\\/uploads\\\/2023\\\/04\\\/20230428recepcastillaleonq5a8591_0.webp\",\"contentUrl\":\"https:\\\/\\\/www.laguiadepamplona.com\\\/actualidad\\\/wp-content\\\/uploads\\\/2023\\\/04\\\/20230428recepcastillaleonq5a8591_0.webp\",\"width\":1920,\"height\":1281},{\"@type\":\"BreadcrumbList\",\"@id\":\"https:\\\/\\\/www.laguiadepamplona.com\\\/actualidad\\\/el-ayuntamiento-de-pamplona-recibe-a-una-representacion-de-la-casa-de-castilla-y-leon-que-esta-celebrando-su-xxx-semana-cultural\\\/#breadcrumb\",\"itemListElement\":[{\"@type\":\"ListItem\",\"position\":1,\"name\":\"Portada\",\"item\":\"https:\\\/\\\/www.laguiadepamplona.com\\\/actualidad\\\/\"},{\"@type\":\"ListItem\",\"position\":2,\"name\":\"El Ayuntamiento de Pamplona recibe a una representaci\u00f3n de la Casa de Castilla y Le\u00f3n que est\u00e1 celebrando su XXX Semana Cultural\"}]},{\"@type\":\"WebSite\",\"@id\":\"https:\\\/\\\/www.laguiadepamplona.com\\\/actualidad\\\/#website\",\"url\":\"https:\\\/\\\/www.laguiadepamplona.com\\\/actualidad\\\/\",\"name\":\"La gu\u00eda de Pamplona\",\"description\":\"Noticias de Pamplona\",\"publisher\":{\"@id\":\"https:\\\/\\\/www.laguiadepamplona.com\\\/actualidad\\\/#organization\"},\"potentialAction\":[{\"@type\":\"SearchAction\",\"target\":{\"@type\":\"EntryPoint\",\"urlTemplate\":\"https:\\\/\\\/www.laguiadepamplona.com\\\/actualidad\\\/?s={search_term_string}\"},\"query-input\":{\"@type\":\"PropertyValueSpecification\",\"valueRequired\":true,\"valueName\":\"search_term_string\"}}],\"inLanguage\":\"es\"},{\"@type\":\"Organization\",\"@id\":\"https:\\\/\\\/www.laguiadepamplona.com\\\/actualidad\\\/#organization\",\"name\":\"La Gu\u00eda de Pamplona \\\/ Noticias\",\"url\":\"https:\\\/\\\/www.laguiadepamplona.com\\\/actualidad\\\/\",\"logo\":{\"@type\":\"ImageObject\",\"inLanguage\":\"es\",\"@id\":\"https:\\\/\\\/www.laguiadepamplona.com\\\/actualidad\\\/#\\\/schema\\\/logo\\\/image\\\/\",\"url\":\"https:\\\/\\\/www.laguiadepamplona.com\\\/actualidad\\\/wp-content\\\/uploads\\\/2018\\\/11\\\/logo-laguiadepamplona18-web1.png\",\"contentUrl\":\"https:\\\/\\\/www.laguiadepamplona.com\\\/actualidad\\\/wp-content\\\/uploads\\\/2018\\\/11\\\/logo-laguiadepamplona18-web1.png\",\"width\":600,\"height\":196,\"caption\":\"La Gu\u00eda de Pamplona \\\/ Noticias\"},\"image\":{\"@id\":\"https:\\\/\\\/www.laguiadepamplona.com\\\/actualidad\\\/#\\\/schema\\\/logo\\\/image\\\/\"},\"sameAs\":[\"https:\\\/\\\/www.facebook.com\\\/laguiadepamplonacom-133175176762273\\\/?ref=hl\",\"https:\\\/\\\/x.com\\\/LaGuiadPamplona\",\"https:\\\/\\\/www.instagram.com\\\/la_guia_de_pamplona\\\/\",\"https:\\\/\\\/www.youtube.com\\\/user\\\/laguiadepamplona\"]},{\"@type\":\"Person\",\"@id\":\"https:\\\/\\\/www.laguiadepamplona.com\\\/actualidad\\\/#\\\/schema\\\/person\\\/efe887376f0213d4657c93adc50b1fdb\",\"name\":\"La Gu\u00eda de Pamplona\",\"image\":{\"@type\":\"ImageObject\",\"inLanguage\":\"es\",\"@id\":\"https:\\\/\\\/secure.gravatar.com\\\/avatar\\\/b6992f131dc8d30ab0dff15446e9d346d9dbd95992de0fef795073f5ea83a81c?s=96&d=mm&r=g\",\"url\":\"https:\\\/\\\/secure.gravatar.com\\\/avatar\\\/b6992f131dc8d30ab0dff15446e9d346d9dbd95992de0fef795073f5ea83a81c?s=96&d=mm&r=g\",\"contentUrl\":\"https:\\\/\\\/secure.gravatar.com\\\/avatar\\\/b6992f131dc8d30ab0dff15446e9d346d9dbd95992de0fef795073f5ea83a81c?s=96&d=mm&r=g\",\"caption\":\"La Gu\u00eda de Pamplona\"}}]}<\/script>\n<!-- \/ Yoast SEO plugin. -->","yoast_head_json":{"title":"El Ayuntamiento de Pamplona recibe a una representaci\u00f3n de la Casa de Castilla y Le\u00f3n que est\u00e1 celebrando su XXX Semana Cultural","description":"En la ciudad hay censadas m\u00e1s de 5.700 personas nacidas en esa comunidad aut\u00f3noma","robots":{"index":"index","follow":"follow","max-snippet":"max-snippet:-1","max-image-preview":"max-image-preview:large","max-video-preview":"max-video-preview:-1"},"canonical":"https:\/\/www.laguiadepamplona.com\/actualidad\/el-ayuntamiento-de-pamplona-recibe-a-una-representacion-de-la-casa-de-castilla-y-leon-que-esta-celebrando-su-xxx-semana-cultural\/","og_locale":"es_ES","og_type":"article","og_title":"El Ayuntamiento de Pamplona recibe a una representaci\u00f3n de la Casa de Castilla y Le\u00f3n que est\u00e1 celebrando su XXX Semana Cultural","og_description":"En la ciudad hay censadas m\u00e1s de 5.700 personas nacidas en esa comunidad aut\u00f3noma","og_url":"https:\/\/www.laguiadepamplona.com\/actualidad\/el-ayuntamiento-de-pamplona-recibe-a-una-representacion-de-la-casa-de-castilla-y-leon-que-esta-celebrando-su-xxx-semana-cultural\/","og_site_name":"La Gu\u00eda de Pamplona","article_publisher":"https:\/\/www.facebook.com\/laguiadepamplonacom-133175176762273\/?ref=hl","article_published_time":"2023-04-28T11:19:14+00:00","og_image":[{"width":1920,"height":1281,"url":"https:\/\/www.laguiadepamplona.com\/actualidad\/wp-content\/uploads\/2023\/04\/20230428recepcastillaleonq5a8591_0.webp","type":"image\/webp"}],"author":"La Gu\u00eda de Pamplona","twitter_card":"summary_large_image","twitter_creator":"@LaGuiadPamplona","twitter_site":"@LaGuiadPamplona","twitter_misc":{"Escrito por":"La Gu\u00eda de Pamplona","Tiempo de lectura":"2 minutos"},"schema":{"@context":"https:\/\/schema.org","@graph":[{"@type":"Article","@id":"https:\/\/www.laguiadepamplona.com\/actualidad\/el-ayuntamiento-de-pamplona-recibe-a-una-representacion-de-la-casa-de-castilla-y-leon-que-esta-celebrando-su-xxx-semana-cultural\/#article","isPartOf":{"@id":"https:\/\/www.laguiadepamplona.com\/actualidad\/el-ayuntamiento-de-pamplona-recibe-a-una-representacion-de-la-casa-de-castilla-y-leon-que-esta-celebrando-su-xxx-semana-cultural\/"},"author":{"name":"La Gu\u00eda de Pamplona","@id":"https:\/\/www.laguiadepamplona.com\/actualidad\/#\/schema\/person\/efe887376f0213d4657c93adc50b1fdb"},"headline":"El Ayuntamiento de Pamplona recibe a una representaci\u00f3n de la Casa de Castilla y Le\u00f3n que est\u00e1 celebrando su XXX Semana Cultural","datePublished":"2023-04-28T11:19:14+00:00","mainEntityOfPage":{"@id":"https:\/\/www.laguiadepamplona.com\/actualidad\/el-ayuntamiento-de-pamplona-recibe-a-una-representacion-de-la-casa-de-castilla-y-leon-que-esta-celebrando-su-xxx-semana-cultural\/"},"wordCount":446,"commentCount":0,"publisher":{"@id":"https:\/\/www.laguiadepamplona.com\/actualidad\/#organization"},"image":{"@id":"https:\/\/www.laguiadepamplona.com\/actualidad\/el-ayuntamiento-de-pamplona-recibe-a-una-representacion-de-la-casa-de-castilla-y-leon-que-esta-celebrando-su-xxx-semana-cultural\/#primaryimage"},"thumbnailUrl":"https:\/\/www.laguiadepamplona.com\/actualidad\/wp-content\/uploads\/2023\/04\/20230428recepcastillaleonq5a8591_0.webp","articleSection":["Ayto Pamplona"],"inLanguage":"es","potentialAction":[{"@type":"CommentAction","name":"Comment","target":["https:\/\/www.laguiadepamplona.com\/actualidad\/el-ayuntamiento-de-pamplona-recibe-a-una-representacion-de-la-casa-de-castilla-y-leon-que-esta-celebrando-su-xxx-semana-cultural\/#respond"]}]},{"@type":"WebPage","@id":"https:\/\/www.laguiadepamplona.com\/actualidad\/el-ayuntamiento-de-pamplona-recibe-a-una-representacion-de-la-casa-de-castilla-y-leon-que-esta-celebrando-su-xxx-semana-cultural\/","url":"https:\/\/www.laguiadepamplona.com\/actualidad\/el-ayuntamiento-de-pamplona-recibe-a-una-representacion-de-la-casa-de-castilla-y-leon-que-esta-celebrando-su-xxx-semana-cultural\/","name":"El Ayuntamiento de Pamplona recibe a una representaci\u00f3n de la Casa de Castilla y Le\u00f3n que est\u00e1 celebrando su XXX Semana Cultural","isPartOf":{"@id":"https:\/\/www.laguiadepamplona.com\/actualidad\/#website"},"primaryImageOfPage":{"@id":"https:\/\/www.laguiadepamplona.com\/actualidad\/el-ayuntamiento-de-pamplona-recibe-a-una-representacion-de-la-casa-de-castilla-y-leon-que-esta-celebrando-su-xxx-semana-cultural\/#primaryimage"},"image":{"@id":"https:\/\/www.laguiadepamplona.com\/actualidad\/el-ayuntamiento-de-pamplona-recibe-a-una-representacion-de-la-casa-de-castilla-y-leon-que-esta-celebrando-su-xxx-semana-cultural\/#primaryimage"},"thumbnailUrl":"https:\/\/www.laguiadepamplona.com\/actualidad\/wp-content\/uploads\/2023\/04\/20230428recepcastillaleonq5a8591_0.webp","datePublished":"2023-04-28T11:19:14+00:00","description":"En la ciudad hay censadas m\u00e1s de 5.700 personas nacidas en esa comunidad aut\u00f3noma","breadcrumb":{"@id":"https:\/\/www.laguiadepamplona.com\/actualidad\/el-ayuntamiento-de-pamplona-recibe-a-una-representacion-de-la-casa-de-castilla-y-leon-que-esta-celebrando-su-xxx-semana-cultural\/#breadcrumb"},"inLanguage":"es","potentialAction":[{"@type":"ReadAction","target":["https:\/\/www.laguiadepamplona.com\/actualidad\/el-ayuntamiento-de-pamplona-recibe-a-una-representacion-de-la-casa-de-castilla-y-leon-que-esta-celebrando-su-xxx-semana-cultural\/"]}]},{"@type":"ImageObject","inLanguage":"es","@id":"https:\/\/www.laguiadepamplona.com\/actualidad\/el-ayuntamiento-de-pamplona-recibe-a-una-representacion-de-la-casa-de-castilla-y-leon-que-esta-celebrando-su-xxx-semana-cultural\/#primaryimage","url":"https:\/\/www.laguiadepamplona.com\/actualidad\/wp-content\/uploads\/2023\/04\/20230428recepcastillaleonq5a8591_0.webp","contentUrl":"https:\/\/www.laguiadepamplona.com\/actualidad\/wp-content\/uploads\/2023\/04\/20230428recepcastillaleonq5a8591_0.webp","width":1920,"height":1281},{"@type":"BreadcrumbList","@id":"https:\/\/www.laguiadepamplona.com\/actualidad\/el-ayuntamiento-de-pamplona-recibe-a-una-representacion-de-la-casa-de-castilla-y-leon-que-esta-celebrando-su-xxx-semana-cultural\/#breadcrumb","itemListElement":[{"@type":"ListItem","position":1,"name":"Portada","item":"https:\/\/www.laguiadepamplona.com\/actualidad\/"},{"@type":"ListItem","position":2,"name":"El Ayuntamiento de Pamplona recibe a una representaci\u00f3n de la Casa de Castilla y Le\u00f3n que est\u00e1 celebrando su XXX Semana Cultural"}]},{"@type":"WebSite","@id":"https:\/\/www.laguiadepamplona.com\/actualidad\/#website","url":"https:\/\/www.laguiadepamplona.com\/actualidad\/","name":"La gu\u00eda de Pamplona","description":"Noticias de Pamplona","publisher":{"@id":"https:\/\/www.laguiadepamplona.com\/actualidad\/#organization"},"potentialAction":[{"@type":"SearchAction","target":{"@type":"EntryPoint","urlTemplate":"https:\/\/www.laguiadepamplona.com\/actualidad\/?s={search_term_string}"},"query-input":{"@type":"PropertyValueSpecification","valueRequired":true,"valueName":"search_term_string"}}],"inLanguage":"es"},{"@type":"Organization","@id":"https:\/\/www.laguiadepamplona.com\/actualidad\/#organization","name":"La Gu\u00eda de Pamplona \/ Noticias","url":"https:\/\/www.laguiadepamplona.com\/actualidad\/","logo":{"@type":"ImageObject","inLanguage":"es","@id":"https:\/\/www.laguiadepamplona.com\/actualidad\/#\/schema\/logo\/image\/","url":"https:\/\/www.laguiadepamplona.com\/actualidad\/wp-content\/uploads\/2018\/11\/logo-laguiadepamplona18-web1.png","contentUrl":"https:\/\/www.laguiadepamplona.com\/actualidad\/wp-content\/uploads\/2018\/11\/logo-laguiadepamplona18-web1.png","width":600,"height":196,"caption":"La Gu\u00eda de Pamplona \/ Noticias"},"image":{"@id":"https:\/\/www.laguiadepamplona.com\/actualidad\/#\/schema\/logo\/image\/"},"sameAs":["https:\/\/www.facebook.com\/laguiadepamplonacom-133175176762273\/?ref=hl","https:\/\/x.com\/LaGuiadPamplona","https:\/\/www.instagram.com\/la_guia_de_pamplona\/","https:\/\/www.youtube.com\/user\/laguiadepamplona"]},{"@type":"Person","@id":"https:\/\/www.laguiadepamplona.com\/actualidad\/#\/schema\/person\/efe887376f0213d4657c93adc50b1fdb","name":"La Gu\u00eda de Pamplona","image":{"@type":"ImageObject","inLanguage":"es","@id":"https:\/\/secure.gravatar.com\/avatar\/b6992f131dc8d30ab0dff15446e9d346d9dbd95992de0fef795073f5ea83a81c?s=96&d=mm&r=g","url":"https:\/\/secure.gravatar.com\/avatar\/b6992f131dc8d30ab0dff15446e9d346d9dbd95992de0fef795073f5ea83a81c?s=96&d=mm&r=g","contentUrl":"https:\/\/secure.gravatar.com\/avatar\/b6992f131dc8d30ab0dff15446e9d346d9dbd95992de0fef795073f5ea83a81c?s=96&d=mm&r=g","caption":"La Gu\u00eda de Pamplona"}}]}},"post_mailing_queue_ids":[],"_links":{"self":[{"href":"https:\/\/www.laguiadepamplona.com\/actualidad\/wp-json\/wp\/v2\/posts\/46527","targetHints":{"allow":["GET"]}}],"collection":[{"href":"https:\/\/www.laguiadepamplona.com\/actualidad\/wp-json\/wp\/v2\/posts"}],"about":[{"href":"https:\/\/www.laguiadepamplona.com\/actualidad\/wp-json\/wp\/v2\/types\/post"}],"author":[{"embeddable":true,"href":"https:\/\/www.laguiadepamplona.com\/actualidad\/wp-json\/wp\/v2\/users\/1"}],"replies":[{"embeddable":true,"href":"https:\/\/www.laguiadepamplona.com\/actualidad\/wp-json\/wp\/v2\/comments?post=46527"}],"version-history":[{"count":1,"href":"https:\/\/www.laguiadepamplona.com\/actualidad\/wp-json\/wp\/v2\/posts\/46527\/revisions"}],"predecessor-version":[{"id":46529,"href":"https:\/\/www.laguiadepamplona.com\/actualidad\/wp-json\/wp\/v2\/posts\/46527\/revisions\/46529"}],"wp:featuredmedia":[{"embeddable":true,"href":"https:\/\/www.laguiadepamplona.com\/actualidad\/wp-json\/wp\/v2\/media\/46528"}],"wp:attachment":[{"href":"https:\/\/www.laguiadepamplona.com\/actualidad\/wp-json\/wp\/v2\/media?parent=46527"}],"wp:term":[{"taxonomy":"category","embeddable":true,"href":"https:\/\/www.laguiadepamplona.com\/actualidad\/wp-json\/wp\/v2\/categories?post=46527"},{"taxonomy":"post_tag","embeddable":true,"href":"https:\/\/www.laguiadepamplona.com\/actualidad\/wp-json\/wp\/v2\/tags?post=46527"}],"curies":[{"name":"wp","href":"https:\/\/api.w.org\/{rel}","templated":true}]}}