{"id":46524,"date":"2023-04-28T12:36:21","date_gmt":"2023-04-28T10:36:21","guid":{"rendered":"https:\/\/www.laguiadepamplona.com\/actualidad\/?p=46524"},"modified":"2023-04-28T12:36:21","modified_gmt":"2023-04-28T10:36:21","slug":"este-martes-2-de-mayo-comienza-en-la-casa-de-la-juventud-el-xvii-ciclo-de-teatro-joven-que-propone-cuatro-obras-para-distintos-publicos-en-jornadas-consecutivas","status":"publish","type":"post","link":"https:\/\/www.laguiadepamplona.com\/actualidad\/este-martes-2-de-mayo-comienza-en-la-casa-de-la-juventud-el-xvii-ciclo-de-teatro-joven-que-propone-cuatro-obras-para-distintos-publicos-en-jornadas-consecutivas\/","title":{"rendered":"Este martes, 2 de mayo, comienza en la Casa de la Juventud el XVII Ciclo de Teatro Joven que propone cuatro obras para distintos p\u00fablicos en jornadas consecutivas"},"content":{"rendered":"<h3>Para ver a Dramarte, Grupo de teatro del taller de la UPNA, Speculum Vitae y el colectivo Improfesionales de la UPNA habr\u00e1 que recoger invitaciones<\/h3>\n<p><!--more--><\/p>\n<p>Este pr\u00f3ximo martes 2 de mayo la Casa de la Juventud del Ayuntamiento de Pamplona inicia su ciclo anual de teatro joven. Con esta cita abierta al p\u00fablico se pretende dar proyecci\u00f3n a algunos de los grupos de teatro que habitualmente utilizan las instalaciones de la Casa, a la vez que facilitar a los j\u00f3venes conocer lo que se est\u00e1 haciendo en esta disciplina art\u00edstico en la ciudad.<\/p>\n<p>Es el d\u00e9cimo s\u00e9ptimo a\u00f1o de esta convocatoria y en esta ocasi\u00f3n se representar\u00e1n cuatro obras que cubren un amplio espectro de p\u00fablicos. Las obras que se presentar\u00e1n son diversas. Como teatro contempor\u00e1neo para todos los p\u00fablicos el 2 de mayo teatro Dramarte representar\u00e1 \u201cEntre desconocidas\u201d, basada en la misma obra que el guion de la pel\u00edcula &#8216;Perfectos desconocidos&#8217;. Un grupo de amigas se re\u00fane para cenar en la casa de Sof\u00eda, una de las protagonistas. A lo largo de la cena, Carola, propone un juego. Todos deben dejar el tel\u00e9fono en la mesa y las llamadas o mensajes ser\u00e1n atendidas a viva voz.<br \/>\n<script async src=\"\/\/pagead2.googlesyndication.com\/pagead\/js\/adsbygoogle.js\"><\/script><br \/>\n<!-- Noticias La Guia de Pamplona --><br \/>\n<ins class=\"adsbygoogle\"\nstyle=\"display:block\"\ndata-ad-client=\"ca-pub-6943679897239327\"\ndata-ad-slot=\"7048180777\"\ndata-ad-format=\"auto\"><\/ins><br \/>\n<script>\n(adsbygoogle = window.adsbygoogle || []).push({});\n<\/script><\/p>\n<p>Al d\u00eda siguiente, en representaci\u00f3n de teatro hecho por j\u00f3venes para ese mismo p\u00fablico (aunque con entrada sin l\u00edmite de edad), llegar\u00e1 la obra \u201cCome y calla\u201d. Es una obra de teatro de creaci\u00f3n colectiva, humor y cr\u00edtica a un mundo con exceso y ausencia de alimentos a cargo del Grupo de teatro del taller de la UPNA que est\u00e1 integrado por alumnos de cualquiera de los Grados que ofrece la Universidad P\u00fablica de Navarra.<\/p>\n<p>El 4 de mayo la compa\u00f1\u00eda Speculum Vitae propone teatro contempor\u00e1neo para j\u00f3venes: \u201cNochevieja del 69\u201d. El argumento se basa en la experiencia de Laura que, tras una vida de aprendizaje en casa, por fin dejar\u00e1 el nido para ir a la universidad. Sin embargo, tiene dudas sobre su futuro y en la cena de Nochevieja escuchar\u00e1 toda su familia hablar del tema. Speculum Vitae es un peque\u00f1o grupo de teatro amateur nacido en la Universidad de Navarra que a\u00f1o tras a\u00f1o ha movido sus montajes por diferentes puntos de la geograf\u00eda espa\u00f1ola.<\/p>\n<p>\u201cInserte t\u00edtulo\u2026\u201d es el t\u00edtulo de la \u00faltima obra programada, para el 5 de mayo. A cargo del grupo Improfesionales de la UPNA, una compa\u00f1\u00eda que basa su trabajo en la improvisaci\u00f3n. \u201cInserte t\u00edtulo\u2026\u201d es su primer montaje y recoge escenas basadas en juegos conocidos en el mundo de la improvisaci\u00f3n, adem\u00e1s de requerir la participaci\u00f3n del p\u00fablico.<\/p>\n<p>La entrada a todas las funciones ser\u00e1 libre, aunque es necesario retirar invitaciones en la propia Casa desde el d\u00eda anterior a cada representaci\u00f3n. Todas las obras se representar\u00e1n en d\u00edas consecutivos hasta el 5 de mayo en el sal\u00f3n de actos a partir de las 19.30 horas.<br \/>\n<script async src=\"\/\/pagead2.googlesyndication.com\/pagead\/js\/adsbygoogle.js\"><\/script><br \/>\n<!-- Noticias La Guia de Pamplona --><br \/>\n<ins class=\"adsbygoogle\"\nstyle=\"display:block\"\ndata-ad-client=\"ca-pub-6943679897239327\"\ndata-ad-slot=\"7048180777\"\ndata-ad-format=\"auto\"><\/ins><br \/>\n<script>\n(adsbygoogle = window.adsbygoogle || []).push({});\n<\/script><\/p>\n<p>&nbsp;<\/p>\n<h3><strong>XVII Ciclo de Teatro Joven de la Casa de la Juventud (del 2 al 5 de mayo)<\/strong><\/h3>\n<p>D\u00f3nde: Casa de la Juventud<\/p>\n<p>Horario: 19.30 horas<\/p>\n<p>Acceso: Entrada libre previa retirada de invitaci\u00f3n<\/p>\n<ul>\n<li><strong>Martes, 2 de mayo <\/strong><\/li>\n<li>TEATRO CONTEMP\u00d3RANEO PARA TODOS\/AS<\/li>\n<li>Dramarte<\/li>\n<\/ul>\n<p>\u201cEntre desconocidas\u201d<\/p>\n<ul>\n<li><strong>Mi\u00e9rcoles, 3 de mayo <\/strong><\/li>\n<li>TEATRO DE J\u00d3VENES PARA J\u00d3VENES<\/li>\n<li>Grupo de teatro UPNA<\/li>\n<\/ul>\n<p>\u201cCome y calla\u201d<\/p>\n<ul>\n<li><strong>Jueves, 4 de mayo <\/strong><\/li>\n<li>TEATRO CONTEMP\u00d3RANEO DE J\u00d3VENES PARA J\u00d3VENES<\/li>\n<li>Speculum Vitae<\/li>\n<\/ul>\n<p>\u201cNochevieja del 69\u201d<\/p>\n<ul>\n<li><strong>Viernes, 5 de mayo <\/strong><\/li>\n<li>TEATRO DE CREACI\u00d3N PARA TODOS\/AS<\/li>\n<li>Improfesionales de la UPNA<\/li>\n<\/ul>\n<p>\u201cInserte t\u00edtulo\u2026\u201d<\/p>\n","protected":false},"excerpt":{"rendered":"<p>Para ver a Dramarte, Grupo de teatro del taller de la UPNA, Speculum Vitae y el colectivo Improfesionales de la UPNA habr\u00e1 que recoger invitaciones<\/p>\n","protected":false},"author":1,"featured_media":46525,"comment_status":"open","ping_status":"closed","sticky":false,"template":"","format":"standard","meta":{"footnotes":""},"categories":[2],"tags":[],"class_list":["post-46524","post","type-post","status-publish","format-standard","has-post-thumbnail","hentry","category-ayuntamiento-pamplona"],"yoast_head":"<!-- This site is optimized with the Yoast SEO plugin v27.3 - https:\/\/yoast.com\/product\/yoast-seo-wordpress\/ -->\n<title>Este martes, 2 de mayo, comienza en la Casa de la Juventud el XVII Ciclo de Teatro Joven que propone cuatro obras para distintos p\u00fablicos en jornadas consecutivas<\/title>\n<meta name=\"description\" content=\"Para ver a Dramarte, Grupo de teatro del taller de la UPNA, Speculum Vitae y el colectivo Improfesionales de la UPNA habr\u00e1 que recoger invitaciones\" \/>\n<meta name=\"robots\" content=\"index, follow, max-snippet:-1, max-image-preview:large, max-video-preview:-1\" \/>\n<link rel=\"canonical\" href=\"https:\/\/www.laguiadepamplona.com\/actualidad\/este-martes-2-de-mayo-comienza-en-la-casa-de-la-juventud-el-xvii-ciclo-de-teatro-joven-que-propone-cuatro-obras-para-distintos-publicos-en-jornadas-consecutivas\/\" \/>\n<meta property=\"og:locale\" content=\"es_ES\" \/>\n<meta property=\"og:type\" content=\"article\" \/>\n<meta property=\"og:title\" content=\"Este martes, 2 de mayo, comienza en la Casa de la Juventud el XVII Ciclo de Teatro Joven que propone cuatro obras para distintos p\u00fablicos en jornadas consecutivas\" \/>\n<meta property=\"og:description\" content=\"Para ver a Dramarte, Grupo de teatro del taller de la UPNA, Speculum Vitae y el colectivo Improfesionales de la UPNA habr\u00e1 que recoger invitaciones\" \/>\n<meta property=\"og:url\" content=\"https:\/\/www.laguiadepamplona.com\/actualidad\/este-martes-2-de-mayo-comienza-en-la-casa-de-la-juventud-el-xvii-ciclo-de-teatro-joven-que-propone-cuatro-obras-para-distintos-publicos-en-jornadas-consecutivas\/\" \/>\n<meta property=\"og:site_name\" content=\"La Gu\u00eda de Pamplona\" \/>\n<meta property=\"article:publisher\" content=\"https:\/\/www.facebook.com\/laguiadepamplonacom-133175176762273\/?ref=hl\" \/>\n<meta property=\"article:published_time\" content=\"2023-04-28T10:36:21+00:00\" \/>\n<meta property=\"og:image\" content=\"https:\/\/www.laguiadepamplona.com\/actualidad\/wp-content\/uploads\/2023\/04\/POST-TEATRO-CAS-DEF.webp\" \/>\n\t<meta property=\"og:image:width\" content=\"1080\" \/>\n\t<meta property=\"og:image:height\" content=\"1080\" \/>\n\t<meta property=\"og:image:type\" content=\"image\/webp\" \/>\n<meta name=\"author\" content=\"La Gu\u00eda de Pamplona\" \/>\n<meta name=\"twitter:card\" content=\"summary_large_image\" \/>\n<meta name=\"twitter:creator\" content=\"@LaGuiadPamplona\" \/>\n<meta name=\"twitter:site\" content=\"@LaGuiadPamplona\" \/>\n<meta name=\"twitter:label1\" content=\"Escrito por\" \/>\n\t<meta name=\"twitter:data1\" content=\"La Gu\u00eda de Pamplona\" \/>\n\t<meta name=\"twitter:label2\" content=\"Tiempo de lectura\" \/>\n\t<meta name=\"twitter:data2\" content=\"3 minutos\" \/>\n<script type=\"application\/ld+json\" class=\"yoast-schema-graph\">{\"@context\":\"https:\\\/\\\/schema.org\",\"@graph\":[{\"@type\":\"Article\",\"@id\":\"https:\\\/\\\/www.laguiadepamplona.com\\\/actualidad\\\/este-martes-2-de-mayo-comienza-en-la-casa-de-la-juventud-el-xvii-ciclo-de-teatro-joven-que-propone-cuatro-obras-para-distintos-publicos-en-jornadas-consecutivas\\\/#article\",\"isPartOf\":{\"@id\":\"https:\\\/\\\/www.laguiadepamplona.com\\\/actualidad\\\/este-martes-2-de-mayo-comienza-en-la-casa-de-la-juventud-el-xvii-ciclo-de-teatro-joven-que-propone-cuatro-obras-para-distintos-publicos-en-jornadas-consecutivas\\\/\"},\"author\":{\"name\":\"La Gu\u00eda de Pamplona\",\"@id\":\"https:\\\/\\\/www.laguiadepamplona.com\\\/actualidad\\\/#\\\/schema\\\/person\\\/efe887376f0213d4657c93adc50b1fdb\"},\"headline\":\"Este martes, 2 de mayo, comienza en la Casa de la Juventud el XVII Ciclo de Teatro Joven que propone cuatro obras para distintos p\u00fablicos en jornadas consecutivas\",\"datePublished\":\"2023-04-28T10:36:21+00:00\",\"mainEntityOfPage\":{\"@id\":\"https:\\\/\\\/www.laguiadepamplona.com\\\/actualidad\\\/este-martes-2-de-mayo-comienza-en-la-casa-de-la-juventud-el-xvii-ciclo-de-teatro-joven-que-propone-cuatro-obras-para-distintos-publicos-en-jornadas-consecutivas\\\/\"},\"wordCount\":636,\"commentCount\":0,\"publisher\":{\"@id\":\"https:\\\/\\\/www.laguiadepamplona.com\\\/actualidad\\\/#organization\"},\"image\":{\"@id\":\"https:\\\/\\\/www.laguiadepamplona.com\\\/actualidad\\\/este-martes-2-de-mayo-comienza-en-la-casa-de-la-juventud-el-xvii-ciclo-de-teatro-joven-que-propone-cuatro-obras-para-distintos-publicos-en-jornadas-consecutivas\\\/#primaryimage\"},\"thumbnailUrl\":\"https:\\\/\\\/www.laguiadepamplona.com\\\/actualidad\\\/wp-content\\\/uploads\\\/2023\\\/04\\\/POST-TEATRO-CAS-DEF.webp\",\"articleSection\":[\"Ayto Pamplona\"],\"inLanguage\":\"es\",\"potentialAction\":[{\"@type\":\"CommentAction\",\"name\":\"Comment\",\"target\":[\"https:\\\/\\\/www.laguiadepamplona.com\\\/actualidad\\\/este-martes-2-de-mayo-comienza-en-la-casa-de-la-juventud-el-xvii-ciclo-de-teatro-joven-que-propone-cuatro-obras-para-distintos-publicos-en-jornadas-consecutivas\\\/#respond\"]}]},{\"@type\":\"WebPage\",\"@id\":\"https:\\\/\\\/www.laguiadepamplona.com\\\/actualidad\\\/este-martes-2-de-mayo-comienza-en-la-casa-de-la-juventud-el-xvii-ciclo-de-teatro-joven-que-propone-cuatro-obras-para-distintos-publicos-en-jornadas-consecutivas\\\/\",\"url\":\"https:\\\/\\\/www.laguiadepamplona.com\\\/actualidad\\\/este-martes-2-de-mayo-comienza-en-la-casa-de-la-juventud-el-xvii-ciclo-de-teatro-joven-que-propone-cuatro-obras-para-distintos-publicos-en-jornadas-consecutivas\\\/\",\"name\":\"Este martes, 2 de mayo, comienza en la Casa de la Juventud el XVII Ciclo de Teatro Joven que propone cuatro obras para distintos p\u00fablicos en jornadas consecutivas\",\"isPartOf\":{\"@id\":\"https:\\\/\\\/www.laguiadepamplona.com\\\/actualidad\\\/#website\"},\"primaryImageOfPage\":{\"@id\":\"https:\\\/\\\/www.laguiadepamplona.com\\\/actualidad\\\/este-martes-2-de-mayo-comienza-en-la-casa-de-la-juventud-el-xvii-ciclo-de-teatro-joven-que-propone-cuatro-obras-para-distintos-publicos-en-jornadas-consecutivas\\\/#primaryimage\"},\"image\":{\"@id\":\"https:\\\/\\\/www.laguiadepamplona.com\\\/actualidad\\\/este-martes-2-de-mayo-comienza-en-la-casa-de-la-juventud-el-xvii-ciclo-de-teatro-joven-que-propone-cuatro-obras-para-distintos-publicos-en-jornadas-consecutivas\\\/#primaryimage\"},\"thumbnailUrl\":\"https:\\\/\\\/www.laguiadepamplona.com\\\/actualidad\\\/wp-content\\\/uploads\\\/2023\\\/04\\\/POST-TEATRO-CAS-DEF.webp\",\"datePublished\":\"2023-04-28T10:36:21+00:00\",\"description\":\"Para ver a Dramarte, Grupo de teatro del taller de la UPNA, Speculum Vitae y el colectivo Improfesionales de la UPNA habr\u00e1 que recoger invitaciones\",\"breadcrumb\":{\"@id\":\"https:\\\/\\\/www.laguiadepamplona.com\\\/actualidad\\\/este-martes-2-de-mayo-comienza-en-la-casa-de-la-juventud-el-xvii-ciclo-de-teatro-joven-que-propone-cuatro-obras-para-distintos-publicos-en-jornadas-consecutivas\\\/#breadcrumb\"},\"inLanguage\":\"es\",\"potentialAction\":[{\"@type\":\"ReadAction\",\"target\":[\"https:\\\/\\\/www.laguiadepamplona.com\\\/actualidad\\\/este-martes-2-de-mayo-comienza-en-la-casa-de-la-juventud-el-xvii-ciclo-de-teatro-joven-que-propone-cuatro-obras-para-distintos-publicos-en-jornadas-consecutivas\\\/\"]}]},{\"@type\":\"ImageObject\",\"inLanguage\":\"es\",\"@id\":\"https:\\\/\\\/www.laguiadepamplona.com\\\/actualidad\\\/este-martes-2-de-mayo-comienza-en-la-casa-de-la-juventud-el-xvii-ciclo-de-teatro-joven-que-propone-cuatro-obras-para-distintos-publicos-en-jornadas-consecutivas\\\/#primaryimage\",\"url\":\"https:\\\/\\\/www.laguiadepamplona.com\\\/actualidad\\\/wp-content\\\/uploads\\\/2023\\\/04\\\/POST-TEATRO-CAS-DEF.webp\",\"contentUrl\":\"https:\\\/\\\/www.laguiadepamplona.com\\\/actualidad\\\/wp-content\\\/uploads\\\/2023\\\/04\\\/POST-TEATRO-CAS-DEF.webp\",\"width\":1080,\"height\":1080},{\"@type\":\"BreadcrumbList\",\"@id\":\"https:\\\/\\\/www.laguiadepamplona.com\\\/actualidad\\\/este-martes-2-de-mayo-comienza-en-la-casa-de-la-juventud-el-xvii-ciclo-de-teatro-joven-que-propone-cuatro-obras-para-distintos-publicos-en-jornadas-consecutivas\\\/#breadcrumb\",\"itemListElement\":[{\"@type\":\"ListItem\",\"position\":1,\"name\":\"Portada\",\"item\":\"https:\\\/\\\/www.laguiadepamplona.com\\\/actualidad\\\/\"},{\"@type\":\"ListItem\",\"position\":2,\"name\":\"Este martes, 2 de mayo, comienza en la Casa de la Juventud el XVII Ciclo de Teatro Joven que propone cuatro obras para distintos p\u00fablicos en jornadas consecutivas\"}]},{\"@type\":\"WebSite\",\"@id\":\"https:\\\/\\\/www.laguiadepamplona.com\\\/actualidad\\\/#website\",\"url\":\"https:\\\/\\\/www.laguiadepamplona.com\\\/actualidad\\\/\",\"name\":\"La gu\u00eda de Pamplona\",\"description\":\"Noticias de Pamplona\",\"publisher\":{\"@id\":\"https:\\\/\\\/www.laguiadepamplona.com\\\/actualidad\\\/#organization\"},\"potentialAction\":[{\"@type\":\"SearchAction\",\"target\":{\"@type\":\"EntryPoint\",\"urlTemplate\":\"https:\\\/\\\/www.laguiadepamplona.com\\\/actualidad\\\/?s={search_term_string}\"},\"query-input\":{\"@type\":\"PropertyValueSpecification\",\"valueRequired\":true,\"valueName\":\"search_term_string\"}}],\"inLanguage\":\"es\"},{\"@type\":\"Organization\",\"@id\":\"https:\\\/\\\/www.laguiadepamplona.com\\\/actualidad\\\/#organization\",\"name\":\"La Gu\u00eda de Pamplona \\\/ Noticias\",\"url\":\"https:\\\/\\\/www.laguiadepamplona.com\\\/actualidad\\\/\",\"logo\":{\"@type\":\"ImageObject\",\"inLanguage\":\"es\",\"@id\":\"https:\\\/\\\/www.laguiadepamplona.com\\\/actualidad\\\/#\\\/schema\\\/logo\\\/image\\\/\",\"url\":\"https:\\\/\\\/www.laguiadepamplona.com\\\/actualidad\\\/wp-content\\\/uploads\\\/2018\\\/11\\\/logo-laguiadepamplona18-web1.png\",\"contentUrl\":\"https:\\\/\\\/www.laguiadepamplona.com\\\/actualidad\\\/wp-content\\\/uploads\\\/2018\\\/11\\\/logo-laguiadepamplona18-web1.png\",\"width\":600,\"height\":196,\"caption\":\"La Gu\u00eda de Pamplona \\\/ Noticias\"},\"image\":{\"@id\":\"https:\\\/\\\/www.laguiadepamplona.com\\\/actualidad\\\/#\\\/schema\\\/logo\\\/image\\\/\"},\"sameAs\":[\"https:\\\/\\\/www.facebook.com\\\/laguiadepamplonacom-133175176762273\\\/?ref=hl\",\"https:\\\/\\\/x.com\\\/LaGuiadPamplona\",\"https:\\\/\\\/www.instagram.com\\\/la_guia_de_pamplona\\\/\",\"https:\\\/\\\/www.youtube.com\\\/user\\\/laguiadepamplona\"]},{\"@type\":\"Person\",\"@id\":\"https:\\\/\\\/www.laguiadepamplona.com\\\/actualidad\\\/#\\\/schema\\\/person\\\/efe887376f0213d4657c93adc50b1fdb\",\"name\":\"La Gu\u00eda de Pamplona\",\"image\":{\"@type\":\"ImageObject\",\"inLanguage\":\"es\",\"@id\":\"https:\\\/\\\/secure.gravatar.com\\\/avatar\\\/b6992f131dc8d30ab0dff15446e9d346d9dbd95992de0fef795073f5ea83a81c?s=96&d=mm&r=g\",\"url\":\"https:\\\/\\\/secure.gravatar.com\\\/avatar\\\/b6992f131dc8d30ab0dff15446e9d346d9dbd95992de0fef795073f5ea83a81c?s=96&d=mm&r=g\",\"contentUrl\":\"https:\\\/\\\/secure.gravatar.com\\\/avatar\\\/b6992f131dc8d30ab0dff15446e9d346d9dbd95992de0fef795073f5ea83a81c?s=96&d=mm&r=g\",\"caption\":\"La Gu\u00eda de Pamplona\"}}]}<\/script>\n<!-- \/ Yoast SEO plugin. -->","yoast_head_json":{"title":"Este martes, 2 de mayo, comienza en la Casa de la Juventud el XVII Ciclo de Teatro Joven que propone cuatro obras para distintos p\u00fablicos en jornadas consecutivas","description":"Para ver a Dramarte, Grupo de teatro del taller de la UPNA, Speculum Vitae y el colectivo Improfesionales de la UPNA habr\u00e1 que recoger invitaciones","robots":{"index":"index","follow":"follow","max-snippet":"max-snippet:-1","max-image-preview":"max-image-preview:large","max-video-preview":"max-video-preview:-1"},"canonical":"https:\/\/www.laguiadepamplona.com\/actualidad\/este-martes-2-de-mayo-comienza-en-la-casa-de-la-juventud-el-xvii-ciclo-de-teatro-joven-que-propone-cuatro-obras-para-distintos-publicos-en-jornadas-consecutivas\/","og_locale":"es_ES","og_type":"article","og_title":"Este martes, 2 de mayo, comienza en la Casa de la Juventud el XVII Ciclo de Teatro Joven que propone cuatro obras para distintos p\u00fablicos en jornadas consecutivas","og_description":"Para ver a Dramarte, Grupo de teatro del taller de la UPNA, Speculum Vitae y el colectivo Improfesionales de la UPNA habr\u00e1 que recoger invitaciones","og_url":"https:\/\/www.laguiadepamplona.com\/actualidad\/este-martes-2-de-mayo-comienza-en-la-casa-de-la-juventud-el-xvii-ciclo-de-teatro-joven-que-propone-cuatro-obras-para-distintos-publicos-en-jornadas-consecutivas\/","og_site_name":"La Gu\u00eda de Pamplona","article_publisher":"https:\/\/www.facebook.com\/laguiadepamplonacom-133175176762273\/?ref=hl","article_published_time":"2023-04-28T10:36:21+00:00","og_image":[{"width":1080,"height":1080,"url":"https:\/\/www.laguiadepamplona.com\/actualidad\/wp-content\/uploads\/2023\/04\/POST-TEATRO-CAS-DEF.webp","type":"image\/webp"}],"author":"La Gu\u00eda de Pamplona","twitter_card":"summary_large_image","twitter_creator":"@LaGuiadPamplona","twitter_site":"@LaGuiadPamplona","twitter_misc":{"Escrito por":"La Gu\u00eda de Pamplona","Tiempo de lectura":"3 minutos"},"schema":{"@context":"https:\/\/schema.org","@graph":[{"@type":"Article","@id":"https:\/\/www.laguiadepamplona.com\/actualidad\/este-martes-2-de-mayo-comienza-en-la-casa-de-la-juventud-el-xvii-ciclo-de-teatro-joven-que-propone-cuatro-obras-para-distintos-publicos-en-jornadas-consecutivas\/#article","isPartOf":{"@id":"https:\/\/www.laguiadepamplona.com\/actualidad\/este-martes-2-de-mayo-comienza-en-la-casa-de-la-juventud-el-xvii-ciclo-de-teatro-joven-que-propone-cuatro-obras-para-distintos-publicos-en-jornadas-consecutivas\/"},"author":{"name":"La Gu\u00eda de Pamplona","@id":"https:\/\/www.laguiadepamplona.com\/actualidad\/#\/schema\/person\/efe887376f0213d4657c93adc50b1fdb"},"headline":"Este martes, 2 de mayo, comienza en la Casa de la Juventud el XVII Ciclo de Teatro Joven que propone cuatro obras para distintos p\u00fablicos en jornadas consecutivas","datePublished":"2023-04-28T10:36:21+00:00","mainEntityOfPage":{"@id":"https:\/\/www.laguiadepamplona.com\/actualidad\/este-martes-2-de-mayo-comienza-en-la-casa-de-la-juventud-el-xvii-ciclo-de-teatro-joven-que-propone-cuatro-obras-para-distintos-publicos-en-jornadas-consecutivas\/"},"wordCount":636,"commentCount":0,"publisher":{"@id":"https:\/\/www.laguiadepamplona.com\/actualidad\/#organization"},"image":{"@id":"https:\/\/www.laguiadepamplona.com\/actualidad\/este-martes-2-de-mayo-comienza-en-la-casa-de-la-juventud-el-xvii-ciclo-de-teatro-joven-que-propone-cuatro-obras-para-distintos-publicos-en-jornadas-consecutivas\/#primaryimage"},"thumbnailUrl":"https:\/\/www.laguiadepamplona.com\/actualidad\/wp-content\/uploads\/2023\/04\/POST-TEATRO-CAS-DEF.webp","articleSection":["Ayto Pamplona"],"inLanguage":"es","potentialAction":[{"@type":"CommentAction","name":"Comment","target":["https:\/\/www.laguiadepamplona.com\/actualidad\/este-martes-2-de-mayo-comienza-en-la-casa-de-la-juventud-el-xvii-ciclo-de-teatro-joven-que-propone-cuatro-obras-para-distintos-publicos-en-jornadas-consecutivas\/#respond"]}]},{"@type":"WebPage","@id":"https:\/\/www.laguiadepamplona.com\/actualidad\/este-martes-2-de-mayo-comienza-en-la-casa-de-la-juventud-el-xvii-ciclo-de-teatro-joven-que-propone-cuatro-obras-para-distintos-publicos-en-jornadas-consecutivas\/","url":"https:\/\/www.laguiadepamplona.com\/actualidad\/este-martes-2-de-mayo-comienza-en-la-casa-de-la-juventud-el-xvii-ciclo-de-teatro-joven-que-propone-cuatro-obras-para-distintos-publicos-en-jornadas-consecutivas\/","name":"Este martes, 2 de mayo, comienza en la Casa de la Juventud el XVII Ciclo de Teatro Joven que propone cuatro obras para distintos p\u00fablicos en jornadas consecutivas","isPartOf":{"@id":"https:\/\/www.laguiadepamplona.com\/actualidad\/#website"},"primaryImageOfPage":{"@id":"https:\/\/www.laguiadepamplona.com\/actualidad\/este-martes-2-de-mayo-comienza-en-la-casa-de-la-juventud-el-xvii-ciclo-de-teatro-joven-que-propone-cuatro-obras-para-distintos-publicos-en-jornadas-consecutivas\/#primaryimage"},"image":{"@id":"https:\/\/www.laguiadepamplona.com\/actualidad\/este-martes-2-de-mayo-comienza-en-la-casa-de-la-juventud-el-xvii-ciclo-de-teatro-joven-que-propone-cuatro-obras-para-distintos-publicos-en-jornadas-consecutivas\/#primaryimage"},"thumbnailUrl":"https:\/\/www.laguiadepamplona.com\/actualidad\/wp-content\/uploads\/2023\/04\/POST-TEATRO-CAS-DEF.webp","datePublished":"2023-04-28T10:36:21+00:00","description":"Para ver a Dramarte, Grupo de teatro del taller de la UPNA, Speculum Vitae y el colectivo Improfesionales de la UPNA habr\u00e1 que recoger invitaciones","breadcrumb":{"@id":"https:\/\/www.laguiadepamplona.com\/actualidad\/este-martes-2-de-mayo-comienza-en-la-casa-de-la-juventud-el-xvii-ciclo-de-teatro-joven-que-propone-cuatro-obras-para-distintos-publicos-en-jornadas-consecutivas\/#breadcrumb"},"inLanguage":"es","potentialAction":[{"@type":"ReadAction","target":["https:\/\/www.laguiadepamplona.com\/actualidad\/este-martes-2-de-mayo-comienza-en-la-casa-de-la-juventud-el-xvii-ciclo-de-teatro-joven-que-propone-cuatro-obras-para-distintos-publicos-en-jornadas-consecutivas\/"]}]},{"@type":"ImageObject","inLanguage":"es","@id":"https:\/\/www.laguiadepamplona.com\/actualidad\/este-martes-2-de-mayo-comienza-en-la-casa-de-la-juventud-el-xvii-ciclo-de-teatro-joven-que-propone-cuatro-obras-para-distintos-publicos-en-jornadas-consecutivas\/#primaryimage","url":"https:\/\/www.laguiadepamplona.com\/actualidad\/wp-content\/uploads\/2023\/04\/POST-TEATRO-CAS-DEF.webp","contentUrl":"https:\/\/www.laguiadepamplona.com\/actualidad\/wp-content\/uploads\/2023\/04\/POST-TEATRO-CAS-DEF.webp","width":1080,"height":1080},{"@type":"BreadcrumbList","@id":"https:\/\/www.laguiadepamplona.com\/actualidad\/este-martes-2-de-mayo-comienza-en-la-casa-de-la-juventud-el-xvii-ciclo-de-teatro-joven-que-propone-cuatro-obras-para-distintos-publicos-en-jornadas-consecutivas\/#breadcrumb","itemListElement":[{"@type":"ListItem","position":1,"name":"Portada","item":"https:\/\/www.laguiadepamplona.com\/actualidad\/"},{"@type":"ListItem","position":2,"name":"Este martes, 2 de mayo, comienza en la Casa de la Juventud el XVII Ciclo de Teatro Joven que propone cuatro obras para distintos p\u00fablicos en jornadas consecutivas"}]},{"@type":"WebSite","@id":"https:\/\/www.laguiadepamplona.com\/actualidad\/#website","url":"https:\/\/www.laguiadepamplona.com\/actualidad\/","name":"La gu\u00eda de Pamplona","description":"Noticias de Pamplona","publisher":{"@id":"https:\/\/www.laguiadepamplona.com\/actualidad\/#organization"},"potentialAction":[{"@type":"SearchAction","target":{"@type":"EntryPoint","urlTemplate":"https:\/\/www.laguiadepamplona.com\/actualidad\/?s={search_term_string}"},"query-input":{"@type":"PropertyValueSpecification","valueRequired":true,"valueName":"search_term_string"}}],"inLanguage":"es"},{"@type":"Organization","@id":"https:\/\/www.laguiadepamplona.com\/actualidad\/#organization","name":"La Gu\u00eda de Pamplona \/ Noticias","url":"https:\/\/www.laguiadepamplona.com\/actualidad\/","logo":{"@type":"ImageObject","inLanguage":"es","@id":"https:\/\/www.laguiadepamplona.com\/actualidad\/#\/schema\/logo\/image\/","url":"https:\/\/www.laguiadepamplona.com\/actualidad\/wp-content\/uploads\/2018\/11\/logo-laguiadepamplona18-web1.png","contentUrl":"https:\/\/www.laguiadepamplona.com\/actualidad\/wp-content\/uploads\/2018\/11\/logo-laguiadepamplona18-web1.png","width":600,"height":196,"caption":"La Gu\u00eda de Pamplona \/ Noticias"},"image":{"@id":"https:\/\/www.laguiadepamplona.com\/actualidad\/#\/schema\/logo\/image\/"},"sameAs":["https:\/\/www.facebook.com\/laguiadepamplonacom-133175176762273\/?ref=hl","https:\/\/x.com\/LaGuiadPamplona","https:\/\/www.instagram.com\/la_guia_de_pamplona\/","https:\/\/www.youtube.com\/user\/laguiadepamplona"]},{"@type":"Person","@id":"https:\/\/www.laguiadepamplona.com\/actualidad\/#\/schema\/person\/efe887376f0213d4657c93adc50b1fdb","name":"La Gu\u00eda de Pamplona","image":{"@type":"ImageObject","inLanguage":"es","@id":"https:\/\/secure.gravatar.com\/avatar\/b6992f131dc8d30ab0dff15446e9d346d9dbd95992de0fef795073f5ea83a81c?s=96&d=mm&r=g","url":"https:\/\/secure.gravatar.com\/avatar\/b6992f131dc8d30ab0dff15446e9d346d9dbd95992de0fef795073f5ea83a81c?s=96&d=mm&r=g","contentUrl":"https:\/\/secure.gravatar.com\/avatar\/b6992f131dc8d30ab0dff15446e9d346d9dbd95992de0fef795073f5ea83a81c?s=96&d=mm&r=g","caption":"La Gu\u00eda de Pamplona"}}]}},"post_mailing_queue_ids":[],"_links":{"self":[{"href":"https:\/\/www.laguiadepamplona.com\/actualidad\/wp-json\/wp\/v2\/posts\/46524","targetHints":{"allow":["GET"]}}],"collection":[{"href":"https:\/\/www.laguiadepamplona.com\/actualidad\/wp-json\/wp\/v2\/posts"}],"about":[{"href":"https:\/\/www.laguiadepamplona.com\/actualidad\/wp-json\/wp\/v2\/types\/post"}],"author":[{"embeddable":true,"href":"https:\/\/www.laguiadepamplona.com\/actualidad\/wp-json\/wp\/v2\/users\/1"}],"replies":[{"embeddable":true,"href":"https:\/\/www.laguiadepamplona.com\/actualidad\/wp-json\/wp\/v2\/comments?post=46524"}],"version-history":[{"count":1,"href":"https:\/\/www.laguiadepamplona.com\/actualidad\/wp-json\/wp\/v2\/posts\/46524\/revisions"}],"predecessor-version":[{"id":46526,"href":"https:\/\/www.laguiadepamplona.com\/actualidad\/wp-json\/wp\/v2\/posts\/46524\/revisions\/46526"}],"wp:featuredmedia":[{"embeddable":true,"href":"https:\/\/www.laguiadepamplona.com\/actualidad\/wp-json\/wp\/v2\/media\/46525"}],"wp:attachment":[{"href":"https:\/\/www.laguiadepamplona.com\/actualidad\/wp-json\/wp\/v2\/media?parent=46524"}],"wp:term":[{"taxonomy":"category","embeddable":true,"href":"https:\/\/www.laguiadepamplona.com\/actualidad\/wp-json\/wp\/v2\/categories?post=46524"},{"taxonomy":"post_tag","embeddable":true,"href":"https:\/\/www.laguiadepamplona.com\/actualidad\/wp-json\/wp\/v2\/tags?post=46524"}],"curies":[{"name":"wp","href":"https:\/\/api.w.org\/{rel}","templated":true}]}}