{"id":46519,"date":"2023-04-28T12:32:43","date_gmt":"2023-04-28T10:32:43","guid":{"rendered":"https:\/\/www.laguiadepamplona.com\/actualidad\/?p=46519"},"modified":"2023-04-28T12:32:43","modified_gmt":"2023-04-28T10:32:43","slug":"este-lunes-se-abre-la-inscripcion-para-los-cursos-intensivos-de-natacion-infantiles-de-junio-y-agosto-en-las-piscinas-de-aranzadi-guelbenzu-y-aquavox-san-jorge","status":"publish","type":"post","link":"https:\/\/www.laguiadepamplona.com\/actualidad\/este-lunes-se-abre-la-inscripcion-para-los-cursos-intensivos-de-natacion-infantiles-de-junio-y-agosto-en-las-piscinas-de-aranzadi-guelbenzu-y-aquavox-san-jorge\/","title":{"rendered":"Este lunes se abre la inscripci\u00f3n para los cursos intensivos de nataci\u00f3n infantiles de junio y agosto en las piscinas de Aranzadi, Guelbenzu y Aquavox \u2013 San Jorge"},"content":{"rendered":"<h3>Las plazas, en niveles de iniciaci\u00f3n y perfeccionamiento, se completan por orden de inscripci\u00f3n en la <a href=\"http:\/\/www.fnn-nif.com\/cursos\/\" target=\"_blank\" rel=\"noopener\">web de la Federaci\u00f3n Navarra de Nataci\u00f3n<\/a><\/h3>\n<p><!--more--><\/p>\n<p>El Ayuntamiento de Pamplona, en colaboraci\u00f3n con la Federaci\u00f3n Navarra de Nataci\u00f3n, abre este lunes primero de mayo la inscripci\u00f3n para los cursos de verano intensivos de nataci\u00f3n infantil. Estos cursos se desarrollan en los meses de junio y agosto en las piscinas de Aranzadi, Guelbenzu y Aquavox \u2013 San Jorge. La actividad est\u00e1 dirigida a ni\u00f1os y ni\u00f1as mayores de 5 a\u00f1os (nacidos en 2018 o a\u00f1os anteriores) y se ofertan niveles de iniciaci\u00f3n y perfeccionamiento.<\/p>\n<p>Las inscripciones se realizan de manera telem\u00e1tica en la <a href=\"http:\/\/www.fnn-nif.com\/cursos\/\" target=\"_blank\" rel=\"noopener\">web de la Federaci\u00f3n Navarra de Nataci\u00f3n<\/a> y las plazas se completan por orden de solicitud una vez efectuado el pago con tarjeta de cr\u00e9dito. El precio de la actividad var\u00eda en funci\u00f3n de la duraci\u00f3n del curso y de si se cuenta con abono al centro deportivo: los importes son de entre 60 y 80 euros por curso. Las sesiones del curso son de 40 minutos.<br \/>\n<script async src=\"\/\/pagead2.googlesyndication.com\/pagead\/js\/adsbygoogle.js\"><\/script><br \/>\n<!-- Noticias La Guia de Pamplona --><br \/>\n<ins class=\"adsbygoogle\"\nstyle=\"display:block\"\ndata-ad-client=\"ca-pub-6943679897239327\"\ndata-ad-slot=\"7048180777\"\ndata-ad-format=\"auto\"><\/ins><br \/>\n<script>\n(adsbygoogle = window.adsbygoogle || []).push({});\n<\/script><\/p>\n<p>Para elegir el nivel m\u00e1s adecuado, se ofertan tres niveles. El nivel 1 de iniciaci\u00f3n est\u00e1 indicado para familiarizarse con el agua y se dirige a ni\u00f1os y ni\u00f1as que no sepan nadar, tengan miedo al agua o no tengan autonom\u00eda suficiente para desplazarse en el agua sin material. Se recomienda a menores hasta los 7 a\u00f1os. El nivel 2 de iniciaci\u00f3n busca afianzar el nado y se dirige a ni\u00f1os y ni\u00f1as que han tenido contacto con el agua, no tienen miedo, cuentan con autonom\u00eda de desplazamiento y saben nadar sin apoyo de material al menos 5 metros. Este nivel se recomienda a partir de los 8 a\u00f1os. Por \u00faltimo, el nivel de perfeccionamiento se dirige a ni\u00f1os y ni\u00f1as que pueden nadar un largo de la piscina sin dificultad y saben realizar respiraciones en el agua sumergiendo la cara. El objetivo es mejorar la t\u00e9cnica y el dominio acu\u00e1tico.<\/p>\n<p>La oferta de cursos puede consultarse en la web <a href=\"http:\/\/www.fnn-nif.com\" target=\"_blank\" rel=\"noopener\">www.fnn-nif.com<\/a> y se detalla a continuaci\u00f3n.<br \/>\n<script async src=\"\/\/pagead2.googlesyndication.com\/pagead\/js\/adsbygoogle.js\"><\/script><br \/>\n<!-- Noticias La Guia de Pamplona --><br \/>\n<ins class=\"adsbygoogle\"\nstyle=\"display:block\"\ndata-ad-client=\"ca-pub-6943679897239327\"\ndata-ad-slot=\"7048180777\"\ndata-ad-format=\"auto\"><\/ins><br \/>\n<script>\n(adsbygoogle = window.adsbygoogle || []).push({});\n<\/script><\/p>\n<p>&nbsp;<\/p>\n<h3>Informaci\u00f3n e Inscripciones<\/h3>\n<ul>\n<li>Informaci\u00f3n: Federaci\u00f3n Navarra de Nataci\u00f3n. Tel\u00e9fono: 948 22 72 79. Web: <a href=\"http:\/\/www.fnn-nif.com\" target=\"_blank\" rel=\"noopener\">fnn-nif.com<\/a><\/li>\n<li>Inscripci\u00f3n desde el 1 de mayo en la web: <a href=\"http:\/\/www.fnn-nif.com\/cursos\/infantil\" target=\"_blank\" rel=\"noopener\">http:\/\/www.fnn-nif.com\/cursos\/infantil<\/a><\/li>\n<li>Los ni\u00f1os y ni\u00f1as deber\u00e1n tener al menos 5 a\u00f1os cumplidos en 2023 (nacidos en 2018 o anteriores)<\/li>\n<li>La cuota da derecho a la participaci\u00f3n en el curso, pero no al uso del resto de las instalaciones. Las sesiones son de 40 minutos en junio y 30 minutos en agosto<\/li>\n<\/ul>\n<p>&nbsp;<\/p>\n<h3>Los Cursos Intensivos<\/h3>\n<ul>\n<li>Del 1 al 22 de junio. De lunes a jueves. Cuota no abonados: 80 euros \/ abonados: 75 euros\n<ul>\n<li>16.30 &#8211; 17.10: Iniciaci\u00f3n 1<\/li>\n<li>17.10 &#8211; 17.50: Iniciaci\u00f3n 2<\/li>\n<li>17.50 &#8211; 18.30: Iniciaci\u00f3n 1<\/li>\n<li>18.30 &#8211; 19.10: Iniciaci\u00f3n 2<\/li>\n<li>19.10 &#8211; 19.50: Perfeccionamiento<\/li>\n<\/ul>\n<\/li>\n<li>R. Guelbenzu. Del 1 al 22 de junio. De lunes a jueves. Cuota no abonados: 80 euros \/ abonados: 75 euros\n<ul>\n<li>16.30 &#8211; 17.10: Iniciaci\u00f3n 1<\/li>\n<li>17.10 &#8211; 17.50: Iniciaci\u00f3n 2<\/li>\n<li>17.50 &#8211; 18.30: Iniciaci\u00f3n 1<\/li>\n<li>18.30 &#8211; 19.10: Iniciaci\u00f3n 2<\/li>\n<li>19.10 &#8211; 19.50: Perfeccionamiento<\/li>\n<\/ul>\n<\/li>\n<li>Aquavox \u2013 San Jorge. Del 1 al 14 de junio. De lunes a viernes. Cuota no abonados: 60 euros \/ abonados: 55 euros\n<ul>\n<li>16.30 &#8211; 17.10: Iniciaci\u00f3n 1<\/li>\n<li>17.10 &#8211; 17.50: Iniciaci\u00f3n 2<\/li>\n<li>17.50 &#8211; 18.30: Iniciaci\u00f3n 1<\/li>\n<li>18.30 &#8211; 19.10: Iniciaci\u00f3n 2<\/li>\n<li>19.10 &#8211; 19.50: Perfeccionamiento<\/li>\n<\/ul>\n<\/li>\n<li>Del 1 al 18 de agosto (martes 15 de agosto, festivo sin clase). De lunes a viernes. Cuota no abonados: 80 euros \/ abonados: 75 euros<\/li>\n<\/ul>\n<p>&nbsp;<\/p>\n<p>&nbsp;<\/p>\n<ul>\n<li><strong>HORARIOS DE MA\u00d1ANA<\/strong><\/li>\n<li>10.15 \u2013 10.45: Iniciaci\u00f3n 1<\/li>\n<li>10.45 \u2013 11.15: Iniciaci\u00f3n 1<\/li>\n<li>11.15 \u2013 11.45: Iniciaci\u00f3n 2<\/li>\n<li>11.45 \u2013 12.15: Iniciaci\u00f3n 2<\/li>\n<li>12.15 \u2013 12.45: Perfeccionamiento<\/li>\n<\/ul>\n<p>&nbsp;<\/p>\n<p><strong>HORARIOS DE TARDE<\/strong><\/p>\n<ul>\n<li>16.30 \u2013 17.00: Iniciaci\u00f3n 1<\/li>\n<li>17.00 \u2013 17.30: Iniciaci\u00f3n 1<\/li>\n<li>17.30 \u2013 18.00: Iniciaci\u00f3n 2<\/li>\n<li>18.00 \u2013 18.30: Iniciaci\u00f3n 2<\/li>\n<li>18.30 \u2013 19.00: Perfeccionamiento<\/li>\n<\/ul>\n","protected":false},"excerpt":{"rendered":"<p>Las plazas, en niveles de iniciaci\u00f3n y perfeccionamiento, se completan por orden de inscripci\u00f3n en la web de la Federaci\u00f3n Navarra de Nataci\u00f3n<\/p>\n","protected":false},"author":1,"featured_media":32747,"comment_status":"open","ping_status":"closed","sticky":false,"template":"","format":"standard","meta":{"footnotes":""},"categories":[2],"tags":[],"class_list":["post-46519","post","type-post","status-publish","format-standard","has-post-thumbnail","hentry","category-ayuntamiento-pamplona"],"yoast_head":"<!-- This site is optimized with the Yoast SEO plugin v27.3 - https:\/\/yoast.com\/product\/yoast-seo-wordpress\/ -->\n<title>Este lunes se abre la inscripci\u00f3n para los cursos intensivos de nataci\u00f3n infantiles de junio y agosto en las piscinas de Aranzadi, Guelbenzu y Aquavox \u2013 San Jorge<\/title>\n<meta name=\"description\" content=\"Las plazas, en niveles de iniciaci\u00f3n y perfeccionamiento, se completan por orden de inscripci\u00f3n en la web de la Federaci\u00f3n Navarra de Nataci\u00f3n\" \/>\n<meta name=\"robots\" content=\"index, follow, max-snippet:-1, max-image-preview:large, max-video-preview:-1\" \/>\n<link rel=\"canonical\" href=\"https:\/\/www.laguiadepamplona.com\/actualidad\/este-lunes-se-abre-la-inscripcion-para-los-cursos-intensivos-de-natacion-infantiles-de-junio-y-agosto-en-las-piscinas-de-aranzadi-guelbenzu-y-aquavox-san-jorge\/\" \/>\n<meta property=\"og:locale\" content=\"es_ES\" \/>\n<meta property=\"og:type\" content=\"article\" \/>\n<meta property=\"og:title\" content=\"Este lunes se abre la inscripci\u00f3n para los cursos intensivos de nataci\u00f3n infantiles de junio y agosto en las piscinas de Aranzadi, Guelbenzu y Aquavox \u2013 San Jorge\" \/>\n<meta property=\"og:description\" content=\"Las plazas, en niveles de iniciaci\u00f3n y perfeccionamiento, se completan por orden de inscripci\u00f3n en la web de la Federaci\u00f3n Navarra de Nataci\u00f3n\" \/>\n<meta property=\"og:url\" content=\"https:\/\/www.laguiadepamplona.com\/actualidad\/este-lunes-se-abre-la-inscripcion-para-los-cursos-intensivos-de-natacion-infantiles-de-junio-y-agosto-en-las-piscinas-de-aranzadi-guelbenzu-y-aquavox-san-jorge\/\" \/>\n<meta property=\"og:site_name\" content=\"La Gu\u00eda de Pamplona\" \/>\n<meta property=\"article:publisher\" content=\"https:\/\/www.facebook.com\/laguiadepamplonacom-133175176762273\/?ref=hl\" \/>\n<meta property=\"article:published_time\" content=\"2023-04-28T10:32:43+00:00\" \/>\n<meta property=\"og:image\" content=\"https:\/\/www.laguiadepamplona.com\/actualidad\/wp-content\/uploads\/2021\/01\/aquavox-san-jorge.jpg\" \/>\n\t<meta property=\"og:image:width\" content=\"1920\" \/>\n\t<meta property=\"og:image:height\" content=\"1219\" \/>\n\t<meta property=\"og:image:type\" content=\"image\/jpeg\" \/>\n<meta name=\"author\" content=\"La Gu\u00eda de Pamplona\" \/>\n<meta name=\"twitter:card\" content=\"summary_large_image\" \/>\n<meta name=\"twitter:creator\" content=\"@LaGuiadPamplona\" \/>\n<meta name=\"twitter:site\" content=\"@LaGuiadPamplona\" \/>\n<meta name=\"twitter:label1\" content=\"Escrito por\" \/>\n\t<meta name=\"twitter:data1\" content=\"La Gu\u00eda de Pamplona\" \/>\n\t<meta name=\"twitter:label2\" content=\"Tiempo de lectura\" \/>\n\t<meta name=\"twitter:data2\" content=\"3 minutos\" \/>\n<script type=\"application\/ld+json\" class=\"yoast-schema-graph\">{\"@context\":\"https:\\\/\\\/schema.org\",\"@graph\":[{\"@type\":\"Article\",\"@id\":\"https:\\\/\\\/www.laguiadepamplona.com\\\/actualidad\\\/este-lunes-se-abre-la-inscripcion-para-los-cursos-intensivos-de-natacion-infantiles-de-junio-y-agosto-en-las-piscinas-de-aranzadi-guelbenzu-y-aquavox-san-jorge\\\/#article\",\"isPartOf\":{\"@id\":\"https:\\\/\\\/www.laguiadepamplona.com\\\/actualidad\\\/este-lunes-se-abre-la-inscripcion-para-los-cursos-intensivos-de-natacion-infantiles-de-junio-y-agosto-en-las-piscinas-de-aranzadi-guelbenzu-y-aquavox-san-jorge\\\/\"},\"author\":{\"name\":\"La Gu\u00eda de Pamplona\",\"@id\":\"https:\\\/\\\/www.laguiadepamplona.com\\\/actualidad\\\/#\\\/schema\\\/person\\\/efe887376f0213d4657c93adc50b1fdb\"},\"headline\":\"Este lunes se abre la inscripci\u00f3n para los cursos intensivos de nataci\u00f3n infantiles de junio y agosto en las piscinas de Aranzadi, Guelbenzu y Aquavox \u2013 San Jorge\",\"datePublished\":\"2023-04-28T10:32:43+00:00\",\"mainEntityOfPage\":{\"@id\":\"https:\\\/\\\/www.laguiadepamplona.com\\\/actualidad\\\/este-lunes-se-abre-la-inscripcion-para-los-cursos-intensivos-de-natacion-infantiles-de-junio-y-agosto-en-las-piscinas-de-aranzadi-guelbenzu-y-aquavox-san-jorge\\\/\"},\"wordCount\":623,\"commentCount\":0,\"publisher\":{\"@id\":\"https:\\\/\\\/www.laguiadepamplona.com\\\/actualidad\\\/#organization\"},\"image\":{\"@id\":\"https:\\\/\\\/www.laguiadepamplona.com\\\/actualidad\\\/este-lunes-se-abre-la-inscripcion-para-los-cursos-intensivos-de-natacion-infantiles-de-junio-y-agosto-en-las-piscinas-de-aranzadi-guelbenzu-y-aquavox-san-jorge\\\/#primaryimage\"},\"thumbnailUrl\":\"https:\\\/\\\/www.laguiadepamplona.com\\\/actualidad\\\/wp-content\\\/uploads\\\/2021\\\/01\\\/aquavox-san-jorge.jpg\",\"articleSection\":[\"Ayto Pamplona\"],\"inLanguage\":\"es\",\"potentialAction\":[{\"@type\":\"CommentAction\",\"name\":\"Comment\",\"target\":[\"https:\\\/\\\/www.laguiadepamplona.com\\\/actualidad\\\/este-lunes-se-abre-la-inscripcion-para-los-cursos-intensivos-de-natacion-infantiles-de-junio-y-agosto-en-las-piscinas-de-aranzadi-guelbenzu-y-aquavox-san-jorge\\\/#respond\"]}]},{\"@type\":\"WebPage\",\"@id\":\"https:\\\/\\\/www.laguiadepamplona.com\\\/actualidad\\\/este-lunes-se-abre-la-inscripcion-para-los-cursos-intensivos-de-natacion-infantiles-de-junio-y-agosto-en-las-piscinas-de-aranzadi-guelbenzu-y-aquavox-san-jorge\\\/\",\"url\":\"https:\\\/\\\/www.laguiadepamplona.com\\\/actualidad\\\/este-lunes-se-abre-la-inscripcion-para-los-cursos-intensivos-de-natacion-infantiles-de-junio-y-agosto-en-las-piscinas-de-aranzadi-guelbenzu-y-aquavox-san-jorge\\\/\",\"name\":\"Este lunes se abre la inscripci\u00f3n para los cursos intensivos de nataci\u00f3n infantiles de junio y agosto en las piscinas de Aranzadi, Guelbenzu y Aquavox \u2013 San Jorge\",\"isPartOf\":{\"@id\":\"https:\\\/\\\/www.laguiadepamplona.com\\\/actualidad\\\/#website\"},\"primaryImageOfPage\":{\"@id\":\"https:\\\/\\\/www.laguiadepamplona.com\\\/actualidad\\\/este-lunes-se-abre-la-inscripcion-para-los-cursos-intensivos-de-natacion-infantiles-de-junio-y-agosto-en-las-piscinas-de-aranzadi-guelbenzu-y-aquavox-san-jorge\\\/#primaryimage\"},\"image\":{\"@id\":\"https:\\\/\\\/www.laguiadepamplona.com\\\/actualidad\\\/este-lunes-se-abre-la-inscripcion-para-los-cursos-intensivos-de-natacion-infantiles-de-junio-y-agosto-en-las-piscinas-de-aranzadi-guelbenzu-y-aquavox-san-jorge\\\/#primaryimage\"},\"thumbnailUrl\":\"https:\\\/\\\/www.laguiadepamplona.com\\\/actualidad\\\/wp-content\\\/uploads\\\/2021\\\/01\\\/aquavox-san-jorge.jpg\",\"datePublished\":\"2023-04-28T10:32:43+00:00\",\"description\":\"Las plazas, en niveles de iniciaci\u00f3n y perfeccionamiento, se completan por orden de inscripci\u00f3n en la web de la Federaci\u00f3n Navarra de Nataci\u00f3n\",\"breadcrumb\":{\"@id\":\"https:\\\/\\\/www.laguiadepamplona.com\\\/actualidad\\\/este-lunes-se-abre-la-inscripcion-para-los-cursos-intensivos-de-natacion-infantiles-de-junio-y-agosto-en-las-piscinas-de-aranzadi-guelbenzu-y-aquavox-san-jorge\\\/#breadcrumb\"},\"inLanguage\":\"es\",\"potentialAction\":[{\"@type\":\"ReadAction\",\"target\":[\"https:\\\/\\\/www.laguiadepamplona.com\\\/actualidad\\\/este-lunes-se-abre-la-inscripcion-para-los-cursos-intensivos-de-natacion-infantiles-de-junio-y-agosto-en-las-piscinas-de-aranzadi-guelbenzu-y-aquavox-san-jorge\\\/\"]}]},{\"@type\":\"ImageObject\",\"inLanguage\":\"es\",\"@id\":\"https:\\\/\\\/www.laguiadepamplona.com\\\/actualidad\\\/este-lunes-se-abre-la-inscripcion-para-los-cursos-intensivos-de-natacion-infantiles-de-junio-y-agosto-en-las-piscinas-de-aranzadi-guelbenzu-y-aquavox-san-jorge\\\/#primaryimage\",\"url\":\"https:\\\/\\\/www.laguiadepamplona.com\\\/actualidad\\\/wp-content\\\/uploads\\\/2021\\\/01\\\/aquavox-san-jorge.jpg\",\"contentUrl\":\"https:\\\/\\\/www.laguiadepamplona.com\\\/actualidad\\\/wp-content\\\/uploads\\\/2021\\\/01\\\/aquavox-san-jorge.jpg\",\"width\":1920,\"height\":1219},{\"@type\":\"BreadcrumbList\",\"@id\":\"https:\\\/\\\/www.laguiadepamplona.com\\\/actualidad\\\/este-lunes-se-abre-la-inscripcion-para-los-cursos-intensivos-de-natacion-infantiles-de-junio-y-agosto-en-las-piscinas-de-aranzadi-guelbenzu-y-aquavox-san-jorge\\\/#breadcrumb\",\"itemListElement\":[{\"@type\":\"ListItem\",\"position\":1,\"name\":\"Portada\",\"item\":\"https:\\\/\\\/www.laguiadepamplona.com\\\/actualidad\\\/\"},{\"@type\":\"ListItem\",\"position\":2,\"name\":\"Este lunes se abre la inscripci\u00f3n para los cursos intensivos de nataci\u00f3n infantiles de junio y agosto en las piscinas de Aranzadi, Guelbenzu y Aquavox \u2013 San Jorge\"}]},{\"@type\":\"WebSite\",\"@id\":\"https:\\\/\\\/www.laguiadepamplona.com\\\/actualidad\\\/#website\",\"url\":\"https:\\\/\\\/www.laguiadepamplona.com\\\/actualidad\\\/\",\"name\":\"La gu\u00eda de Pamplona\",\"description\":\"Noticias de Pamplona\",\"publisher\":{\"@id\":\"https:\\\/\\\/www.laguiadepamplona.com\\\/actualidad\\\/#organization\"},\"potentialAction\":[{\"@type\":\"SearchAction\",\"target\":{\"@type\":\"EntryPoint\",\"urlTemplate\":\"https:\\\/\\\/www.laguiadepamplona.com\\\/actualidad\\\/?s={search_term_string}\"},\"query-input\":{\"@type\":\"PropertyValueSpecification\",\"valueRequired\":true,\"valueName\":\"search_term_string\"}}],\"inLanguage\":\"es\"},{\"@type\":\"Organization\",\"@id\":\"https:\\\/\\\/www.laguiadepamplona.com\\\/actualidad\\\/#organization\",\"name\":\"La Gu\u00eda de Pamplona \\\/ Noticias\",\"url\":\"https:\\\/\\\/www.laguiadepamplona.com\\\/actualidad\\\/\",\"logo\":{\"@type\":\"ImageObject\",\"inLanguage\":\"es\",\"@id\":\"https:\\\/\\\/www.laguiadepamplona.com\\\/actualidad\\\/#\\\/schema\\\/logo\\\/image\\\/\",\"url\":\"https:\\\/\\\/www.laguiadepamplona.com\\\/actualidad\\\/wp-content\\\/uploads\\\/2018\\\/11\\\/logo-laguiadepamplona18-web1.png\",\"contentUrl\":\"https:\\\/\\\/www.laguiadepamplona.com\\\/actualidad\\\/wp-content\\\/uploads\\\/2018\\\/11\\\/logo-laguiadepamplona18-web1.png\",\"width\":600,\"height\":196,\"caption\":\"La Gu\u00eda de Pamplona \\\/ Noticias\"},\"image\":{\"@id\":\"https:\\\/\\\/www.laguiadepamplona.com\\\/actualidad\\\/#\\\/schema\\\/logo\\\/image\\\/\"},\"sameAs\":[\"https:\\\/\\\/www.facebook.com\\\/laguiadepamplonacom-133175176762273\\\/?ref=hl\",\"https:\\\/\\\/x.com\\\/LaGuiadPamplona\",\"https:\\\/\\\/www.instagram.com\\\/la_guia_de_pamplona\\\/\",\"https:\\\/\\\/www.youtube.com\\\/user\\\/laguiadepamplona\"]},{\"@type\":\"Person\",\"@id\":\"https:\\\/\\\/www.laguiadepamplona.com\\\/actualidad\\\/#\\\/schema\\\/person\\\/efe887376f0213d4657c93adc50b1fdb\",\"name\":\"La Gu\u00eda de Pamplona\",\"image\":{\"@type\":\"ImageObject\",\"inLanguage\":\"es\",\"@id\":\"https:\\\/\\\/secure.gravatar.com\\\/avatar\\\/b6992f131dc8d30ab0dff15446e9d346d9dbd95992de0fef795073f5ea83a81c?s=96&d=mm&r=g\",\"url\":\"https:\\\/\\\/secure.gravatar.com\\\/avatar\\\/b6992f131dc8d30ab0dff15446e9d346d9dbd95992de0fef795073f5ea83a81c?s=96&d=mm&r=g\",\"contentUrl\":\"https:\\\/\\\/secure.gravatar.com\\\/avatar\\\/b6992f131dc8d30ab0dff15446e9d346d9dbd95992de0fef795073f5ea83a81c?s=96&d=mm&r=g\",\"caption\":\"La Gu\u00eda de Pamplona\"}}]}<\/script>\n<!-- \/ Yoast SEO plugin. -->","yoast_head_json":{"title":"Este lunes se abre la inscripci\u00f3n para los cursos intensivos de nataci\u00f3n infantiles de junio y agosto en las piscinas de Aranzadi, Guelbenzu y Aquavox \u2013 San Jorge","description":"Las plazas, en niveles de iniciaci\u00f3n y perfeccionamiento, se completan por orden de inscripci\u00f3n en la web de la Federaci\u00f3n Navarra de Nataci\u00f3n","robots":{"index":"index","follow":"follow","max-snippet":"max-snippet:-1","max-image-preview":"max-image-preview:large","max-video-preview":"max-video-preview:-1"},"canonical":"https:\/\/www.laguiadepamplona.com\/actualidad\/este-lunes-se-abre-la-inscripcion-para-los-cursos-intensivos-de-natacion-infantiles-de-junio-y-agosto-en-las-piscinas-de-aranzadi-guelbenzu-y-aquavox-san-jorge\/","og_locale":"es_ES","og_type":"article","og_title":"Este lunes se abre la inscripci\u00f3n para los cursos intensivos de nataci\u00f3n infantiles de junio y agosto en las piscinas de Aranzadi, Guelbenzu y Aquavox \u2013 San Jorge","og_description":"Las plazas, en niveles de iniciaci\u00f3n y perfeccionamiento, se completan por orden de inscripci\u00f3n en la web de la Federaci\u00f3n Navarra de Nataci\u00f3n","og_url":"https:\/\/www.laguiadepamplona.com\/actualidad\/este-lunes-se-abre-la-inscripcion-para-los-cursos-intensivos-de-natacion-infantiles-de-junio-y-agosto-en-las-piscinas-de-aranzadi-guelbenzu-y-aquavox-san-jorge\/","og_site_name":"La Gu\u00eda de Pamplona","article_publisher":"https:\/\/www.facebook.com\/laguiadepamplonacom-133175176762273\/?ref=hl","article_published_time":"2023-04-28T10:32:43+00:00","og_image":[{"width":1920,"height":1219,"url":"https:\/\/www.laguiadepamplona.com\/actualidad\/wp-content\/uploads\/2021\/01\/aquavox-san-jorge.jpg","type":"image\/jpeg"}],"author":"La Gu\u00eda de Pamplona","twitter_card":"summary_large_image","twitter_creator":"@LaGuiadPamplona","twitter_site":"@LaGuiadPamplona","twitter_misc":{"Escrito por":"La Gu\u00eda de Pamplona","Tiempo de lectura":"3 minutos"},"schema":{"@context":"https:\/\/schema.org","@graph":[{"@type":"Article","@id":"https:\/\/www.laguiadepamplona.com\/actualidad\/este-lunes-se-abre-la-inscripcion-para-los-cursos-intensivos-de-natacion-infantiles-de-junio-y-agosto-en-las-piscinas-de-aranzadi-guelbenzu-y-aquavox-san-jorge\/#article","isPartOf":{"@id":"https:\/\/www.laguiadepamplona.com\/actualidad\/este-lunes-se-abre-la-inscripcion-para-los-cursos-intensivos-de-natacion-infantiles-de-junio-y-agosto-en-las-piscinas-de-aranzadi-guelbenzu-y-aquavox-san-jorge\/"},"author":{"name":"La Gu\u00eda de Pamplona","@id":"https:\/\/www.laguiadepamplona.com\/actualidad\/#\/schema\/person\/efe887376f0213d4657c93adc50b1fdb"},"headline":"Este lunes se abre la inscripci\u00f3n para los cursos intensivos de nataci\u00f3n infantiles de junio y agosto en las piscinas de Aranzadi, Guelbenzu y Aquavox \u2013 San Jorge","datePublished":"2023-04-28T10:32:43+00:00","mainEntityOfPage":{"@id":"https:\/\/www.laguiadepamplona.com\/actualidad\/este-lunes-se-abre-la-inscripcion-para-los-cursos-intensivos-de-natacion-infantiles-de-junio-y-agosto-en-las-piscinas-de-aranzadi-guelbenzu-y-aquavox-san-jorge\/"},"wordCount":623,"commentCount":0,"publisher":{"@id":"https:\/\/www.laguiadepamplona.com\/actualidad\/#organization"},"image":{"@id":"https:\/\/www.laguiadepamplona.com\/actualidad\/este-lunes-se-abre-la-inscripcion-para-los-cursos-intensivos-de-natacion-infantiles-de-junio-y-agosto-en-las-piscinas-de-aranzadi-guelbenzu-y-aquavox-san-jorge\/#primaryimage"},"thumbnailUrl":"https:\/\/www.laguiadepamplona.com\/actualidad\/wp-content\/uploads\/2021\/01\/aquavox-san-jorge.jpg","articleSection":["Ayto Pamplona"],"inLanguage":"es","potentialAction":[{"@type":"CommentAction","name":"Comment","target":["https:\/\/www.laguiadepamplona.com\/actualidad\/este-lunes-se-abre-la-inscripcion-para-los-cursos-intensivos-de-natacion-infantiles-de-junio-y-agosto-en-las-piscinas-de-aranzadi-guelbenzu-y-aquavox-san-jorge\/#respond"]}]},{"@type":"WebPage","@id":"https:\/\/www.laguiadepamplona.com\/actualidad\/este-lunes-se-abre-la-inscripcion-para-los-cursos-intensivos-de-natacion-infantiles-de-junio-y-agosto-en-las-piscinas-de-aranzadi-guelbenzu-y-aquavox-san-jorge\/","url":"https:\/\/www.laguiadepamplona.com\/actualidad\/este-lunes-se-abre-la-inscripcion-para-los-cursos-intensivos-de-natacion-infantiles-de-junio-y-agosto-en-las-piscinas-de-aranzadi-guelbenzu-y-aquavox-san-jorge\/","name":"Este lunes se abre la inscripci\u00f3n para los cursos intensivos de nataci\u00f3n infantiles de junio y agosto en las piscinas de Aranzadi, Guelbenzu y Aquavox \u2013 San Jorge","isPartOf":{"@id":"https:\/\/www.laguiadepamplona.com\/actualidad\/#website"},"primaryImageOfPage":{"@id":"https:\/\/www.laguiadepamplona.com\/actualidad\/este-lunes-se-abre-la-inscripcion-para-los-cursos-intensivos-de-natacion-infantiles-de-junio-y-agosto-en-las-piscinas-de-aranzadi-guelbenzu-y-aquavox-san-jorge\/#primaryimage"},"image":{"@id":"https:\/\/www.laguiadepamplona.com\/actualidad\/este-lunes-se-abre-la-inscripcion-para-los-cursos-intensivos-de-natacion-infantiles-de-junio-y-agosto-en-las-piscinas-de-aranzadi-guelbenzu-y-aquavox-san-jorge\/#primaryimage"},"thumbnailUrl":"https:\/\/www.laguiadepamplona.com\/actualidad\/wp-content\/uploads\/2021\/01\/aquavox-san-jorge.jpg","datePublished":"2023-04-28T10:32:43+00:00","description":"Las plazas, en niveles de iniciaci\u00f3n y perfeccionamiento, se completan por orden de inscripci\u00f3n en la web de la Federaci\u00f3n Navarra de Nataci\u00f3n","breadcrumb":{"@id":"https:\/\/www.laguiadepamplona.com\/actualidad\/este-lunes-se-abre-la-inscripcion-para-los-cursos-intensivos-de-natacion-infantiles-de-junio-y-agosto-en-las-piscinas-de-aranzadi-guelbenzu-y-aquavox-san-jorge\/#breadcrumb"},"inLanguage":"es","potentialAction":[{"@type":"ReadAction","target":["https:\/\/www.laguiadepamplona.com\/actualidad\/este-lunes-se-abre-la-inscripcion-para-los-cursos-intensivos-de-natacion-infantiles-de-junio-y-agosto-en-las-piscinas-de-aranzadi-guelbenzu-y-aquavox-san-jorge\/"]}]},{"@type":"ImageObject","inLanguage":"es","@id":"https:\/\/www.laguiadepamplona.com\/actualidad\/este-lunes-se-abre-la-inscripcion-para-los-cursos-intensivos-de-natacion-infantiles-de-junio-y-agosto-en-las-piscinas-de-aranzadi-guelbenzu-y-aquavox-san-jorge\/#primaryimage","url":"https:\/\/www.laguiadepamplona.com\/actualidad\/wp-content\/uploads\/2021\/01\/aquavox-san-jorge.jpg","contentUrl":"https:\/\/www.laguiadepamplona.com\/actualidad\/wp-content\/uploads\/2021\/01\/aquavox-san-jorge.jpg","width":1920,"height":1219},{"@type":"BreadcrumbList","@id":"https:\/\/www.laguiadepamplona.com\/actualidad\/este-lunes-se-abre-la-inscripcion-para-los-cursos-intensivos-de-natacion-infantiles-de-junio-y-agosto-en-las-piscinas-de-aranzadi-guelbenzu-y-aquavox-san-jorge\/#breadcrumb","itemListElement":[{"@type":"ListItem","position":1,"name":"Portada","item":"https:\/\/www.laguiadepamplona.com\/actualidad\/"},{"@type":"ListItem","position":2,"name":"Este lunes se abre la inscripci\u00f3n para los cursos intensivos de nataci\u00f3n infantiles de junio y agosto en las piscinas de Aranzadi, Guelbenzu y Aquavox \u2013 San Jorge"}]},{"@type":"WebSite","@id":"https:\/\/www.laguiadepamplona.com\/actualidad\/#website","url":"https:\/\/www.laguiadepamplona.com\/actualidad\/","name":"La gu\u00eda de Pamplona","description":"Noticias de Pamplona","publisher":{"@id":"https:\/\/www.laguiadepamplona.com\/actualidad\/#organization"},"potentialAction":[{"@type":"SearchAction","target":{"@type":"EntryPoint","urlTemplate":"https:\/\/www.laguiadepamplona.com\/actualidad\/?s={search_term_string}"},"query-input":{"@type":"PropertyValueSpecification","valueRequired":true,"valueName":"search_term_string"}}],"inLanguage":"es"},{"@type":"Organization","@id":"https:\/\/www.laguiadepamplona.com\/actualidad\/#organization","name":"La Gu\u00eda de Pamplona \/ Noticias","url":"https:\/\/www.laguiadepamplona.com\/actualidad\/","logo":{"@type":"ImageObject","inLanguage":"es","@id":"https:\/\/www.laguiadepamplona.com\/actualidad\/#\/schema\/logo\/image\/","url":"https:\/\/www.laguiadepamplona.com\/actualidad\/wp-content\/uploads\/2018\/11\/logo-laguiadepamplona18-web1.png","contentUrl":"https:\/\/www.laguiadepamplona.com\/actualidad\/wp-content\/uploads\/2018\/11\/logo-laguiadepamplona18-web1.png","width":600,"height":196,"caption":"La Gu\u00eda de Pamplona \/ Noticias"},"image":{"@id":"https:\/\/www.laguiadepamplona.com\/actualidad\/#\/schema\/logo\/image\/"},"sameAs":["https:\/\/www.facebook.com\/laguiadepamplonacom-133175176762273\/?ref=hl","https:\/\/x.com\/LaGuiadPamplona","https:\/\/www.instagram.com\/la_guia_de_pamplona\/","https:\/\/www.youtube.com\/user\/laguiadepamplona"]},{"@type":"Person","@id":"https:\/\/www.laguiadepamplona.com\/actualidad\/#\/schema\/person\/efe887376f0213d4657c93adc50b1fdb","name":"La Gu\u00eda de Pamplona","image":{"@type":"ImageObject","inLanguage":"es","@id":"https:\/\/secure.gravatar.com\/avatar\/b6992f131dc8d30ab0dff15446e9d346d9dbd95992de0fef795073f5ea83a81c?s=96&d=mm&r=g","url":"https:\/\/secure.gravatar.com\/avatar\/b6992f131dc8d30ab0dff15446e9d346d9dbd95992de0fef795073f5ea83a81c?s=96&d=mm&r=g","contentUrl":"https:\/\/secure.gravatar.com\/avatar\/b6992f131dc8d30ab0dff15446e9d346d9dbd95992de0fef795073f5ea83a81c?s=96&d=mm&r=g","caption":"La Gu\u00eda de Pamplona"}}]}},"post_mailing_queue_ids":[],"_links":{"self":[{"href":"https:\/\/www.laguiadepamplona.com\/actualidad\/wp-json\/wp\/v2\/posts\/46519","targetHints":{"allow":["GET"]}}],"collection":[{"href":"https:\/\/www.laguiadepamplona.com\/actualidad\/wp-json\/wp\/v2\/posts"}],"about":[{"href":"https:\/\/www.laguiadepamplona.com\/actualidad\/wp-json\/wp\/v2\/types\/post"}],"author":[{"embeddable":true,"href":"https:\/\/www.laguiadepamplona.com\/actualidad\/wp-json\/wp\/v2\/users\/1"}],"replies":[{"embeddable":true,"href":"https:\/\/www.laguiadepamplona.com\/actualidad\/wp-json\/wp\/v2\/comments?post=46519"}],"version-history":[{"count":1,"href":"https:\/\/www.laguiadepamplona.com\/actualidad\/wp-json\/wp\/v2\/posts\/46519\/revisions"}],"predecessor-version":[{"id":46520,"href":"https:\/\/www.laguiadepamplona.com\/actualidad\/wp-json\/wp\/v2\/posts\/46519\/revisions\/46520"}],"wp:featuredmedia":[{"embeddable":true,"href":"https:\/\/www.laguiadepamplona.com\/actualidad\/wp-json\/wp\/v2\/media\/32747"}],"wp:attachment":[{"href":"https:\/\/www.laguiadepamplona.com\/actualidad\/wp-json\/wp\/v2\/media?parent=46519"}],"wp:term":[{"taxonomy":"category","embeddable":true,"href":"https:\/\/www.laguiadepamplona.com\/actualidad\/wp-json\/wp\/v2\/categories?post=46519"},{"taxonomy":"post_tag","embeddable":true,"href":"https:\/\/www.laguiadepamplona.com\/actualidad\/wp-json\/wp\/v2\/tags?post=46519"}],"curies":[{"name":"wp","href":"https:\/\/api.w.org\/{rel}","templated":true}]}}