{"id":46516,"date":"2023-04-28T12:28:18","date_gmt":"2023-04-28T10:28:18","guid":{"rendered":"https:\/\/www.laguiadepamplona.com\/actualidad\/?p=46516"},"modified":"2023-04-28T12:28:18","modified_gmt":"2023-04-28T10:28:18","slug":"pamploneses-y-pamplonesas-se-vuelcan-con-la-propuesta-del-ayuntamiento-para-grabar-videos-de-apoyo-a-osasuna-ante-la-final-de-la-copa-del-rey","status":"publish","type":"post","link":"https:\/\/www.laguiadepamplona.com\/actualidad\/pamploneses-y-pamplonesas-se-vuelcan-con-la-propuesta-del-ayuntamiento-para-grabar-videos-de-apoyo-a-osasuna-ante-la-final-de-la-copa-del-rey\/","title":{"rendered":"Pamploneses y pamplonesas se vuelcan con la propuesta del Ayuntamiento para grabar v\u00eddeos de apoyo a Osasuna ante la final de la Copa del Rey"},"content":{"rendered":"<h3>M\u00e1s de 200 personas grabaron sus mensajes de forma individual, en grupo, en cuadrilla, en pareja e incluso con sus mascotas<\/h3>\n<p><!--more--><\/p>\n<p>Decenas de grupos de pamploneses y pamplonesas, m\u00e1s de 200, acudieron ayer por la tarde a la Casa Consistorial respondiendo al llamamiento para mostrar que Pamplona est\u00e1 con Osasuna. Numerosas personas se acercaron al zagu\u00e1n ataviados con la camiseta de Osasuna, bufandas y otros complementos para grabar sus mensajes de apoyo al equipo. Con un ambiente festivo y de celebraci\u00f3n, grupos de todas las edades fueron pasando por el set instalado en la entrada, con una afluencia que fue creciendo a medida que avanzaba la tarde.<\/p>\n<p>Los v\u00eddeos que se grabaron incluyen personas aficionadas de todas las edades, desde beb\u00e9s y ni\u00f1os y ni\u00f1as de corta edad que llegaron de la mano de sus padres y madres hasta aficionados veteranos, pasando por cuadrillas, parejas e incluso aficionados con sus mascotas. Todos mostraron su mejor cara para dejar constancia de su sentimiento rojillo y su apoyo para que Osasuna d\u00e9 su mejor versi\u00f3n en el partido de la final.<br \/>\n<script async src=\"\/\/pagead2.googlesyndication.com\/pagead\/js\/adsbygoogle.js\"><\/script><br \/>\n<!-- Noticias La Guia de Pamplona --><br \/>\n<ins class=\"adsbygoogle\"\nstyle=\"display:block\"\ndata-ad-client=\"ca-pub-6943679897239327\"\ndata-ad-slot=\"7048180777\"\ndata-ad-format=\"auto\"><\/ins><br \/>\n<script>\n(adsbygoogle = window.adsbygoogle || []).push({});\n<\/script><\/p>\n<p>La persona de m\u00e1s edad que envi\u00f3 sus \u00e1nimos al equipo fue una se\u00f1ora de 92 a\u00f1os, mientras que el m\u00e1s peque\u00f1o fue un beb\u00e9 de seis meses. El trasiego fue constante en el zagu\u00e1n consistorial, donde durante toda la tarde fueron llegando aficionados y tambi\u00e9n personas de paso que, al ver la animaci\u00f3n, se acercaron a preguntar y se animaron a grabar sus mensajes. Como curiosidad, una aficionada rojilla dej\u00f3 grabado en su v\u00eddeo un tatuaje en su brazo con la fecha de la final de la Copa del Rey, el s\u00e1bado d\u00eda 6 de mayo.<\/p>\n<p>La tarde estuvo amenizada por m\u00fasicos de la Escuela Especial de M\u00fasica Joaqu\u00edn Maya, quienes interpretaron temas sanfermineros con sus instrumentos, animaron la plaza consistorial y tambi\u00e9n grabaron v\u00eddeos de \u00e1nimo a Osasuna.<\/p>\n<p>Todos los v\u00eddeos grabados ayer se difundir\u00e1n en las cuatro pantallas gigantes que el Ayuntamiento instalar\u00e1 en la Plaza del Castillo para seguir la retransmisi\u00f3n de la final. Tambi\u00e9n se podr\u00e1n ver en las redes sociales municipales y en la veintena de mupis digitales distribuidos por los barrios de la ciudad. El tema se sigue en redes con los hashtag #PamplonaConOsasuna \/ #Iru\u00f1aOsasunarekin.<\/p>\n<p>Adem\u00e1s de las pantallas gigantes, el Ayuntamiento instalar\u00e1 ocho torres de sonido para vivir con toda la intensidad la final de la Copa del Rey. Tambi\u00e9n est\u00e1 prevista la actuaci\u00f3n de un DJ que amenizar\u00e1 la tarde del partido.<br \/>\n<script async src=\"\/\/pagead2.googlesyndication.com\/pagead\/js\/adsbygoogle.js\"><\/script><br \/>\n<!-- Noticias La Guia de Pamplona --><br \/>\n<ins class=\"adsbygoogle\"\nstyle=\"display:block\"\ndata-ad-client=\"ca-pub-6943679897239327\"\ndata-ad-slot=\"7048180777\"\ndata-ad-format=\"auto\"><\/ins><br \/>\n<script>\n(adsbygoogle = window.adsbygoogle || []).push({});\n<\/script><\/p>\n<p>&nbsp;<\/p>\n<h3>#PamplonaConOsasuna \/ #Iru\u00f1aOsasunarekin<\/h3>\n<ul>\n<li>La final de la Copa del Rey se celebra el s\u00e1bado 6 de mayo durante toda la tarde en la Plaza del Castillo<\/li>\n<\/ul>\n","protected":false},"excerpt":{"rendered":"<p>M\u00e1s de 200 personas grabaron sus mensajes de forma individual, en grupo, en cuadrilla, en pareja e incluso con sus mascotas<\/p>\n","protected":false},"author":1,"featured_media":46517,"comment_status":"open","ping_status":"closed","sticky":false,"template":"","format":"standard","meta":{"footnotes":""},"categories":[2],"tags":[],"class_list":["post-46516","post","type-post","status-publish","format-standard","has-post-thumbnail","hentry","category-ayuntamiento-pamplona"],"yoast_head":"<!-- This site is optimized with the Yoast SEO plugin v27.3 - https:\/\/yoast.com\/product\/yoast-seo-wordpress\/ -->\n<title>Pamploneses y pamplonesas se vuelcan con la propuesta del Ayuntamiento para grabar v\u00eddeos de apoyo a Osasuna ante la final de la Copa del Rey<\/title>\n<meta name=\"description\" content=\"M\u00e1s de 200 personas grabaron sus mensajes de forma individual, en grupo, en cuadrilla, en pareja e incluso con sus mascotas\" \/>\n<meta name=\"robots\" content=\"index, follow, max-snippet:-1, max-image-preview:large, max-video-preview:-1\" \/>\n<link rel=\"canonical\" href=\"https:\/\/www.laguiadepamplona.com\/actualidad\/pamploneses-y-pamplonesas-se-vuelcan-con-la-propuesta-del-ayuntamiento-para-grabar-videos-de-apoyo-a-osasuna-ante-la-final-de-la-copa-del-rey\/\" \/>\n<meta property=\"og:locale\" content=\"es_ES\" \/>\n<meta property=\"og:type\" content=\"article\" \/>\n<meta property=\"og:title\" content=\"Pamploneses y pamplonesas se vuelcan con la propuesta del Ayuntamiento para grabar v\u00eddeos de apoyo a Osasuna ante la final de la Copa del Rey\" \/>\n<meta property=\"og:description\" content=\"M\u00e1s de 200 personas grabaron sus mensajes de forma individual, en grupo, en cuadrilla, en pareja e incluso con sus mascotas\" \/>\n<meta property=\"og:url\" content=\"https:\/\/www.laguiadepamplona.com\/actualidad\/pamploneses-y-pamplonesas-se-vuelcan-con-la-propuesta-del-ayuntamiento-para-grabar-videos-de-apoyo-a-osasuna-ante-la-final-de-la-copa-del-rey\/\" \/>\n<meta property=\"og:site_name\" content=\"La Gu\u00eda de Pamplona\" \/>\n<meta property=\"article:publisher\" content=\"https:\/\/www.facebook.com\/laguiadepamplonacom-133175176762273\/?ref=hl\" \/>\n<meta property=\"article:published_time\" content=\"2023-04-28T10:28:18+00:00\" \/>\n<meta property=\"og:image\" content=\"https:\/\/www.laguiadepamplona.com\/actualidad\/wp-content\/uploads\/2023\/04\/20230427videosapoyoosasunaq5a7305.webp\" \/>\n\t<meta property=\"og:image:width\" content=\"1920\" \/>\n\t<meta property=\"og:image:height\" content=\"1281\" \/>\n\t<meta property=\"og:image:type\" content=\"image\/webp\" \/>\n<meta name=\"author\" content=\"La Gu\u00eda de Pamplona\" \/>\n<meta name=\"twitter:card\" content=\"summary_large_image\" \/>\n<meta name=\"twitter:creator\" content=\"@LaGuiadPamplona\" \/>\n<meta name=\"twitter:site\" content=\"@LaGuiadPamplona\" \/>\n<meta name=\"twitter:label1\" content=\"Escrito por\" \/>\n\t<meta name=\"twitter:data1\" content=\"La Gu\u00eda de Pamplona\" \/>\n\t<meta name=\"twitter:label2\" content=\"Tiempo de lectura\" \/>\n\t<meta name=\"twitter:data2\" content=\"3 minutos\" \/>\n<script type=\"application\/ld+json\" class=\"yoast-schema-graph\">{\"@context\":\"https:\\\/\\\/schema.org\",\"@graph\":[{\"@type\":\"Article\",\"@id\":\"https:\\\/\\\/www.laguiadepamplona.com\\\/actualidad\\\/pamploneses-y-pamplonesas-se-vuelcan-con-la-propuesta-del-ayuntamiento-para-grabar-videos-de-apoyo-a-osasuna-ante-la-final-de-la-copa-del-rey\\\/#article\",\"isPartOf\":{\"@id\":\"https:\\\/\\\/www.laguiadepamplona.com\\\/actualidad\\\/pamploneses-y-pamplonesas-se-vuelcan-con-la-propuesta-del-ayuntamiento-para-grabar-videos-de-apoyo-a-osasuna-ante-la-final-de-la-copa-del-rey\\\/\"},\"author\":{\"name\":\"La Gu\u00eda de Pamplona\",\"@id\":\"https:\\\/\\\/www.laguiadepamplona.com\\\/actualidad\\\/#\\\/schema\\\/person\\\/efe887376f0213d4657c93adc50b1fdb\"},\"headline\":\"Pamploneses y pamplonesas se vuelcan con la propuesta del Ayuntamiento para grabar v\u00eddeos de apoyo a Osasuna ante la final de la Copa del Rey\",\"datePublished\":\"2023-04-28T10:28:18+00:00\",\"mainEntityOfPage\":{\"@id\":\"https:\\\/\\\/www.laguiadepamplona.com\\\/actualidad\\\/pamploneses-y-pamplonesas-se-vuelcan-con-la-propuesta-del-ayuntamiento-para-grabar-videos-de-apoyo-a-osasuna-ante-la-final-de-la-copa-del-rey\\\/\"},\"wordCount\":493,\"commentCount\":0,\"publisher\":{\"@id\":\"https:\\\/\\\/www.laguiadepamplona.com\\\/actualidad\\\/#organization\"},\"image\":{\"@id\":\"https:\\\/\\\/www.laguiadepamplona.com\\\/actualidad\\\/pamploneses-y-pamplonesas-se-vuelcan-con-la-propuesta-del-ayuntamiento-para-grabar-videos-de-apoyo-a-osasuna-ante-la-final-de-la-copa-del-rey\\\/#primaryimage\"},\"thumbnailUrl\":\"https:\\\/\\\/www.laguiadepamplona.com\\\/actualidad\\\/wp-content\\\/uploads\\\/2023\\\/04\\\/20230427videosapoyoosasunaq5a7305.webp\",\"articleSection\":[\"Ayto Pamplona\"],\"inLanguage\":\"es\",\"potentialAction\":[{\"@type\":\"CommentAction\",\"name\":\"Comment\",\"target\":[\"https:\\\/\\\/www.laguiadepamplona.com\\\/actualidad\\\/pamploneses-y-pamplonesas-se-vuelcan-con-la-propuesta-del-ayuntamiento-para-grabar-videos-de-apoyo-a-osasuna-ante-la-final-de-la-copa-del-rey\\\/#respond\"]}]},{\"@type\":\"WebPage\",\"@id\":\"https:\\\/\\\/www.laguiadepamplona.com\\\/actualidad\\\/pamploneses-y-pamplonesas-se-vuelcan-con-la-propuesta-del-ayuntamiento-para-grabar-videos-de-apoyo-a-osasuna-ante-la-final-de-la-copa-del-rey\\\/\",\"url\":\"https:\\\/\\\/www.laguiadepamplona.com\\\/actualidad\\\/pamploneses-y-pamplonesas-se-vuelcan-con-la-propuesta-del-ayuntamiento-para-grabar-videos-de-apoyo-a-osasuna-ante-la-final-de-la-copa-del-rey\\\/\",\"name\":\"Pamploneses y pamplonesas se vuelcan con la propuesta del Ayuntamiento para grabar v\u00eddeos de apoyo a Osasuna ante la final de la Copa del Rey\",\"isPartOf\":{\"@id\":\"https:\\\/\\\/www.laguiadepamplona.com\\\/actualidad\\\/#website\"},\"primaryImageOfPage\":{\"@id\":\"https:\\\/\\\/www.laguiadepamplona.com\\\/actualidad\\\/pamploneses-y-pamplonesas-se-vuelcan-con-la-propuesta-del-ayuntamiento-para-grabar-videos-de-apoyo-a-osasuna-ante-la-final-de-la-copa-del-rey\\\/#primaryimage\"},\"image\":{\"@id\":\"https:\\\/\\\/www.laguiadepamplona.com\\\/actualidad\\\/pamploneses-y-pamplonesas-se-vuelcan-con-la-propuesta-del-ayuntamiento-para-grabar-videos-de-apoyo-a-osasuna-ante-la-final-de-la-copa-del-rey\\\/#primaryimage\"},\"thumbnailUrl\":\"https:\\\/\\\/www.laguiadepamplona.com\\\/actualidad\\\/wp-content\\\/uploads\\\/2023\\\/04\\\/20230427videosapoyoosasunaq5a7305.webp\",\"datePublished\":\"2023-04-28T10:28:18+00:00\",\"description\":\"M\u00e1s de 200 personas grabaron sus mensajes de forma individual, en grupo, en cuadrilla, en pareja e incluso con sus mascotas\",\"breadcrumb\":{\"@id\":\"https:\\\/\\\/www.laguiadepamplona.com\\\/actualidad\\\/pamploneses-y-pamplonesas-se-vuelcan-con-la-propuesta-del-ayuntamiento-para-grabar-videos-de-apoyo-a-osasuna-ante-la-final-de-la-copa-del-rey\\\/#breadcrumb\"},\"inLanguage\":\"es\",\"potentialAction\":[{\"@type\":\"ReadAction\",\"target\":[\"https:\\\/\\\/www.laguiadepamplona.com\\\/actualidad\\\/pamploneses-y-pamplonesas-se-vuelcan-con-la-propuesta-del-ayuntamiento-para-grabar-videos-de-apoyo-a-osasuna-ante-la-final-de-la-copa-del-rey\\\/\"]}]},{\"@type\":\"ImageObject\",\"inLanguage\":\"es\",\"@id\":\"https:\\\/\\\/www.laguiadepamplona.com\\\/actualidad\\\/pamploneses-y-pamplonesas-se-vuelcan-con-la-propuesta-del-ayuntamiento-para-grabar-videos-de-apoyo-a-osasuna-ante-la-final-de-la-copa-del-rey\\\/#primaryimage\",\"url\":\"https:\\\/\\\/www.laguiadepamplona.com\\\/actualidad\\\/wp-content\\\/uploads\\\/2023\\\/04\\\/20230427videosapoyoosasunaq5a7305.webp\",\"contentUrl\":\"https:\\\/\\\/www.laguiadepamplona.com\\\/actualidad\\\/wp-content\\\/uploads\\\/2023\\\/04\\\/20230427videosapoyoosasunaq5a7305.webp\",\"width\":1920,\"height\":1281},{\"@type\":\"BreadcrumbList\",\"@id\":\"https:\\\/\\\/www.laguiadepamplona.com\\\/actualidad\\\/pamploneses-y-pamplonesas-se-vuelcan-con-la-propuesta-del-ayuntamiento-para-grabar-videos-de-apoyo-a-osasuna-ante-la-final-de-la-copa-del-rey\\\/#breadcrumb\",\"itemListElement\":[{\"@type\":\"ListItem\",\"position\":1,\"name\":\"Portada\",\"item\":\"https:\\\/\\\/www.laguiadepamplona.com\\\/actualidad\\\/\"},{\"@type\":\"ListItem\",\"position\":2,\"name\":\"Pamploneses y pamplonesas se vuelcan con la propuesta del Ayuntamiento para grabar v\u00eddeos de apoyo a Osasuna ante la final de la Copa del Rey\"}]},{\"@type\":\"WebSite\",\"@id\":\"https:\\\/\\\/www.laguiadepamplona.com\\\/actualidad\\\/#website\",\"url\":\"https:\\\/\\\/www.laguiadepamplona.com\\\/actualidad\\\/\",\"name\":\"La gu\u00eda de Pamplona\",\"description\":\"Noticias de Pamplona\",\"publisher\":{\"@id\":\"https:\\\/\\\/www.laguiadepamplona.com\\\/actualidad\\\/#organization\"},\"potentialAction\":[{\"@type\":\"SearchAction\",\"target\":{\"@type\":\"EntryPoint\",\"urlTemplate\":\"https:\\\/\\\/www.laguiadepamplona.com\\\/actualidad\\\/?s={search_term_string}\"},\"query-input\":{\"@type\":\"PropertyValueSpecification\",\"valueRequired\":true,\"valueName\":\"search_term_string\"}}],\"inLanguage\":\"es\"},{\"@type\":\"Organization\",\"@id\":\"https:\\\/\\\/www.laguiadepamplona.com\\\/actualidad\\\/#organization\",\"name\":\"La Gu\u00eda de Pamplona \\\/ Noticias\",\"url\":\"https:\\\/\\\/www.laguiadepamplona.com\\\/actualidad\\\/\",\"logo\":{\"@type\":\"ImageObject\",\"inLanguage\":\"es\",\"@id\":\"https:\\\/\\\/www.laguiadepamplona.com\\\/actualidad\\\/#\\\/schema\\\/logo\\\/image\\\/\",\"url\":\"https:\\\/\\\/www.laguiadepamplona.com\\\/actualidad\\\/wp-content\\\/uploads\\\/2018\\\/11\\\/logo-laguiadepamplona18-web1.png\",\"contentUrl\":\"https:\\\/\\\/www.laguiadepamplona.com\\\/actualidad\\\/wp-content\\\/uploads\\\/2018\\\/11\\\/logo-laguiadepamplona18-web1.png\",\"width\":600,\"height\":196,\"caption\":\"La Gu\u00eda de Pamplona \\\/ Noticias\"},\"image\":{\"@id\":\"https:\\\/\\\/www.laguiadepamplona.com\\\/actualidad\\\/#\\\/schema\\\/logo\\\/image\\\/\"},\"sameAs\":[\"https:\\\/\\\/www.facebook.com\\\/laguiadepamplonacom-133175176762273\\\/?ref=hl\",\"https:\\\/\\\/x.com\\\/LaGuiadPamplona\",\"https:\\\/\\\/www.instagram.com\\\/la_guia_de_pamplona\\\/\",\"https:\\\/\\\/www.youtube.com\\\/user\\\/laguiadepamplona\"]},{\"@type\":\"Person\",\"@id\":\"https:\\\/\\\/www.laguiadepamplona.com\\\/actualidad\\\/#\\\/schema\\\/person\\\/efe887376f0213d4657c93adc50b1fdb\",\"name\":\"La Gu\u00eda de Pamplona\",\"image\":{\"@type\":\"ImageObject\",\"inLanguage\":\"es\",\"@id\":\"https:\\\/\\\/secure.gravatar.com\\\/avatar\\\/b6992f131dc8d30ab0dff15446e9d346d9dbd95992de0fef795073f5ea83a81c?s=96&d=mm&r=g\",\"url\":\"https:\\\/\\\/secure.gravatar.com\\\/avatar\\\/b6992f131dc8d30ab0dff15446e9d346d9dbd95992de0fef795073f5ea83a81c?s=96&d=mm&r=g\",\"contentUrl\":\"https:\\\/\\\/secure.gravatar.com\\\/avatar\\\/b6992f131dc8d30ab0dff15446e9d346d9dbd95992de0fef795073f5ea83a81c?s=96&d=mm&r=g\",\"caption\":\"La Gu\u00eda de Pamplona\"}}]}<\/script>\n<!-- \/ Yoast SEO plugin. -->","yoast_head_json":{"title":"Pamploneses y pamplonesas se vuelcan con la propuesta del Ayuntamiento para grabar v\u00eddeos de apoyo a Osasuna ante la final de la Copa del Rey","description":"M\u00e1s de 200 personas grabaron sus mensajes de forma individual, en grupo, en cuadrilla, en pareja e incluso con sus mascotas","robots":{"index":"index","follow":"follow","max-snippet":"max-snippet:-1","max-image-preview":"max-image-preview:large","max-video-preview":"max-video-preview:-1"},"canonical":"https:\/\/www.laguiadepamplona.com\/actualidad\/pamploneses-y-pamplonesas-se-vuelcan-con-la-propuesta-del-ayuntamiento-para-grabar-videos-de-apoyo-a-osasuna-ante-la-final-de-la-copa-del-rey\/","og_locale":"es_ES","og_type":"article","og_title":"Pamploneses y pamplonesas se vuelcan con la propuesta del Ayuntamiento para grabar v\u00eddeos de apoyo a Osasuna ante la final de la Copa del Rey","og_description":"M\u00e1s de 200 personas grabaron sus mensajes de forma individual, en grupo, en cuadrilla, en pareja e incluso con sus mascotas","og_url":"https:\/\/www.laguiadepamplona.com\/actualidad\/pamploneses-y-pamplonesas-se-vuelcan-con-la-propuesta-del-ayuntamiento-para-grabar-videos-de-apoyo-a-osasuna-ante-la-final-de-la-copa-del-rey\/","og_site_name":"La Gu\u00eda de Pamplona","article_publisher":"https:\/\/www.facebook.com\/laguiadepamplonacom-133175176762273\/?ref=hl","article_published_time":"2023-04-28T10:28:18+00:00","og_image":[{"width":1920,"height":1281,"url":"https:\/\/www.laguiadepamplona.com\/actualidad\/wp-content\/uploads\/2023\/04\/20230427videosapoyoosasunaq5a7305.webp","type":"image\/webp"}],"author":"La Gu\u00eda de Pamplona","twitter_card":"summary_large_image","twitter_creator":"@LaGuiadPamplona","twitter_site":"@LaGuiadPamplona","twitter_misc":{"Escrito por":"La Gu\u00eda de Pamplona","Tiempo de lectura":"3 minutos"},"schema":{"@context":"https:\/\/schema.org","@graph":[{"@type":"Article","@id":"https:\/\/www.laguiadepamplona.com\/actualidad\/pamploneses-y-pamplonesas-se-vuelcan-con-la-propuesta-del-ayuntamiento-para-grabar-videos-de-apoyo-a-osasuna-ante-la-final-de-la-copa-del-rey\/#article","isPartOf":{"@id":"https:\/\/www.laguiadepamplona.com\/actualidad\/pamploneses-y-pamplonesas-se-vuelcan-con-la-propuesta-del-ayuntamiento-para-grabar-videos-de-apoyo-a-osasuna-ante-la-final-de-la-copa-del-rey\/"},"author":{"name":"La Gu\u00eda de Pamplona","@id":"https:\/\/www.laguiadepamplona.com\/actualidad\/#\/schema\/person\/efe887376f0213d4657c93adc50b1fdb"},"headline":"Pamploneses y pamplonesas se vuelcan con la propuesta del Ayuntamiento para grabar v\u00eddeos de apoyo a Osasuna ante la final de la Copa del Rey","datePublished":"2023-04-28T10:28:18+00:00","mainEntityOfPage":{"@id":"https:\/\/www.laguiadepamplona.com\/actualidad\/pamploneses-y-pamplonesas-se-vuelcan-con-la-propuesta-del-ayuntamiento-para-grabar-videos-de-apoyo-a-osasuna-ante-la-final-de-la-copa-del-rey\/"},"wordCount":493,"commentCount":0,"publisher":{"@id":"https:\/\/www.laguiadepamplona.com\/actualidad\/#organization"},"image":{"@id":"https:\/\/www.laguiadepamplona.com\/actualidad\/pamploneses-y-pamplonesas-se-vuelcan-con-la-propuesta-del-ayuntamiento-para-grabar-videos-de-apoyo-a-osasuna-ante-la-final-de-la-copa-del-rey\/#primaryimage"},"thumbnailUrl":"https:\/\/www.laguiadepamplona.com\/actualidad\/wp-content\/uploads\/2023\/04\/20230427videosapoyoosasunaq5a7305.webp","articleSection":["Ayto Pamplona"],"inLanguage":"es","potentialAction":[{"@type":"CommentAction","name":"Comment","target":["https:\/\/www.laguiadepamplona.com\/actualidad\/pamploneses-y-pamplonesas-se-vuelcan-con-la-propuesta-del-ayuntamiento-para-grabar-videos-de-apoyo-a-osasuna-ante-la-final-de-la-copa-del-rey\/#respond"]}]},{"@type":"WebPage","@id":"https:\/\/www.laguiadepamplona.com\/actualidad\/pamploneses-y-pamplonesas-se-vuelcan-con-la-propuesta-del-ayuntamiento-para-grabar-videos-de-apoyo-a-osasuna-ante-la-final-de-la-copa-del-rey\/","url":"https:\/\/www.laguiadepamplona.com\/actualidad\/pamploneses-y-pamplonesas-se-vuelcan-con-la-propuesta-del-ayuntamiento-para-grabar-videos-de-apoyo-a-osasuna-ante-la-final-de-la-copa-del-rey\/","name":"Pamploneses y pamplonesas se vuelcan con la propuesta del Ayuntamiento para grabar v\u00eddeos de apoyo a Osasuna ante la final de la Copa del Rey","isPartOf":{"@id":"https:\/\/www.laguiadepamplona.com\/actualidad\/#website"},"primaryImageOfPage":{"@id":"https:\/\/www.laguiadepamplona.com\/actualidad\/pamploneses-y-pamplonesas-se-vuelcan-con-la-propuesta-del-ayuntamiento-para-grabar-videos-de-apoyo-a-osasuna-ante-la-final-de-la-copa-del-rey\/#primaryimage"},"image":{"@id":"https:\/\/www.laguiadepamplona.com\/actualidad\/pamploneses-y-pamplonesas-se-vuelcan-con-la-propuesta-del-ayuntamiento-para-grabar-videos-de-apoyo-a-osasuna-ante-la-final-de-la-copa-del-rey\/#primaryimage"},"thumbnailUrl":"https:\/\/www.laguiadepamplona.com\/actualidad\/wp-content\/uploads\/2023\/04\/20230427videosapoyoosasunaq5a7305.webp","datePublished":"2023-04-28T10:28:18+00:00","description":"M\u00e1s de 200 personas grabaron sus mensajes de forma individual, en grupo, en cuadrilla, en pareja e incluso con sus mascotas","breadcrumb":{"@id":"https:\/\/www.laguiadepamplona.com\/actualidad\/pamploneses-y-pamplonesas-se-vuelcan-con-la-propuesta-del-ayuntamiento-para-grabar-videos-de-apoyo-a-osasuna-ante-la-final-de-la-copa-del-rey\/#breadcrumb"},"inLanguage":"es","potentialAction":[{"@type":"ReadAction","target":["https:\/\/www.laguiadepamplona.com\/actualidad\/pamploneses-y-pamplonesas-se-vuelcan-con-la-propuesta-del-ayuntamiento-para-grabar-videos-de-apoyo-a-osasuna-ante-la-final-de-la-copa-del-rey\/"]}]},{"@type":"ImageObject","inLanguage":"es","@id":"https:\/\/www.laguiadepamplona.com\/actualidad\/pamploneses-y-pamplonesas-se-vuelcan-con-la-propuesta-del-ayuntamiento-para-grabar-videos-de-apoyo-a-osasuna-ante-la-final-de-la-copa-del-rey\/#primaryimage","url":"https:\/\/www.laguiadepamplona.com\/actualidad\/wp-content\/uploads\/2023\/04\/20230427videosapoyoosasunaq5a7305.webp","contentUrl":"https:\/\/www.laguiadepamplona.com\/actualidad\/wp-content\/uploads\/2023\/04\/20230427videosapoyoosasunaq5a7305.webp","width":1920,"height":1281},{"@type":"BreadcrumbList","@id":"https:\/\/www.laguiadepamplona.com\/actualidad\/pamploneses-y-pamplonesas-se-vuelcan-con-la-propuesta-del-ayuntamiento-para-grabar-videos-de-apoyo-a-osasuna-ante-la-final-de-la-copa-del-rey\/#breadcrumb","itemListElement":[{"@type":"ListItem","position":1,"name":"Portada","item":"https:\/\/www.laguiadepamplona.com\/actualidad\/"},{"@type":"ListItem","position":2,"name":"Pamploneses y pamplonesas se vuelcan con la propuesta del Ayuntamiento para grabar v\u00eddeos de apoyo a Osasuna ante la final de la Copa del Rey"}]},{"@type":"WebSite","@id":"https:\/\/www.laguiadepamplona.com\/actualidad\/#website","url":"https:\/\/www.laguiadepamplona.com\/actualidad\/","name":"La gu\u00eda de Pamplona","description":"Noticias de Pamplona","publisher":{"@id":"https:\/\/www.laguiadepamplona.com\/actualidad\/#organization"},"potentialAction":[{"@type":"SearchAction","target":{"@type":"EntryPoint","urlTemplate":"https:\/\/www.laguiadepamplona.com\/actualidad\/?s={search_term_string}"},"query-input":{"@type":"PropertyValueSpecification","valueRequired":true,"valueName":"search_term_string"}}],"inLanguage":"es"},{"@type":"Organization","@id":"https:\/\/www.laguiadepamplona.com\/actualidad\/#organization","name":"La Gu\u00eda de Pamplona \/ Noticias","url":"https:\/\/www.laguiadepamplona.com\/actualidad\/","logo":{"@type":"ImageObject","inLanguage":"es","@id":"https:\/\/www.laguiadepamplona.com\/actualidad\/#\/schema\/logo\/image\/","url":"https:\/\/www.laguiadepamplona.com\/actualidad\/wp-content\/uploads\/2018\/11\/logo-laguiadepamplona18-web1.png","contentUrl":"https:\/\/www.laguiadepamplona.com\/actualidad\/wp-content\/uploads\/2018\/11\/logo-laguiadepamplona18-web1.png","width":600,"height":196,"caption":"La Gu\u00eda de Pamplona \/ Noticias"},"image":{"@id":"https:\/\/www.laguiadepamplona.com\/actualidad\/#\/schema\/logo\/image\/"},"sameAs":["https:\/\/www.facebook.com\/laguiadepamplonacom-133175176762273\/?ref=hl","https:\/\/x.com\/LaGuiadPamplona","https:\/\/www.instagram.com\/la_guia_de_pamplona\/","https:\/\/www.youtube.com\/user\/laguiadepamplona"]},{"@type":"Person","@id":"https:\/\/www.laguiadepamplona.com\/actualidad\/#\/schema\/person\/efe887376f0213d4657c93adc50b1fdb","name":"La Gu\u00eda de Pamplona","image":{"@type":"ImageObject","inLanguage":"es","@id":"https:\/\/secure.gravatar.com\/avatar\/b6992f131dc8d30ab0dff15446e9d346d9dbd95992de0fef795073f5ea83a81c?s=96&d=mm&r=g","url":"https:\/\/secure.gravatar.com\/avatar\/b6992f131dc8d30ab0dff15446e9d346d9dbd95992de0fef795073f5ea83a81c?s=96&d=mm&r=g","contentUrl":"https:\/\/secure.gravatar.com\/avatar\/b6992f131dc8d30ab0dff15446e9d346d9dbd95992de0fef795073f5ea83a81c?s=96&d=mm&r=g","caption":"La Gu\u00eda de Pamplona"}}]}},"post_mailing_queue_ids":[],"_links":{"self":[{"href":"https:\/\/www.laguiadepamplona.com\/actualidad\/wp-json\/wp\/v2\/posts\/46516","targetHints":{"allow":["GET"]}}],"collection":[{"href":"https:\/\/www.laguiadepamplona.com\/actualidad\/wp-json\/wp\/v2\/posts"}],"about":[{"href":"https:\/\/www.laguiadepamplona.com\/actualidad\/wp-json\/wp\/v2\/types\/post"}],"author":[{"embeddable":true,"href":"https:\/\/www.laguiadepamplona.com\/actualidad\/wp-json\/wp\/v2\/users\/1"}],"replies":[{"embeddable":true,"href":"https:\/\/www.laguiadepamplona.com\/actualidad\/wp-json\/wp\/v2\/comments?post=46516"}],"version-history":[{"count":1,"href":"https:\/\/www.laguiadepamplona.com\/actualidad\/wp-json\/wp\/v2\/posts\/46516\/revisions"}],"predecessor-version":[{"id":46518,"href":"https:\/\/www.laguiadepamplona.com\/actualidad\/wp-json\/wp\/v2\/posts\/46516\/revisions\/46518"}],"wp:featuredmedia":[{"embeddable":true,"href":"https:\/\/www.laguiadepamplona.com\/actualidad\/wp-json\/wp\/v2\/media\/46517"}],"wp:attachment":[{"href":"https:\/\/www.laguiadepamplona.com\/actualidad\/wp-json\/wp\/v2\/media?parent=46516"}],"wp:term":[{"taxonomy":"category","embeddable":true,"href":"https:\/\/www.laguiadepamplona.com\/actualidad\/wp-json\/wp\/v2\/categories?post=46516"},{"taxonomy":"post_tag","embeddable":true,"href":"https:\/\/www.laguiadepamplona.com\/actualidad\/wp-json\/wp\/v2\/tags?post=46516"}],"curies":[{"name":"wp","href":"https:\/\/api.w.org\/{rel}","templated":true}]}}