{"id":46513,"date":"2023-04-27T17:19:34","date_gmt":"2023-04-27T15:19:34","guid":{"rendered":"https:\/\/www.laguiadepamplona.com\/actualidad\/?p=46513"},"modified":"2023-04-27T17:19:34","modified_gmt":"2023-04-27T15:19:34","slug":"enrique-maya-se-despedira-manana-de-la-presidencia-de-la-asociacion-de-municipios-del-camino-de-santiago-que-seguira-recayendo-sobre-la-ciudad-tras-las-elecciones","status":"publish","type":"post","link":"https:\/\/www.laguiadepamplona.com\/actualidad\/enrique-maya-se-despedira-manana-de-la-presidencia-de-la-asociacion-de-municipios-del-camino-de-santiago-que-seguira-recayendo-sobre-la-ciudad-tras-las-elecciones\/","title":{"rendered":"Enrique Maya se despedir\u00e1 ma\u00f1ana de la presidencia de la Asociaci\u00f3n de Municipios del Camino de Santiago, que seguir\u00e1 recayendo sobre la ciudad tras las elecciones"},"content":{"rendered":"<h3>Pamplona acoge la Asamblea General de la AMCS en la que se reunir\u00e1n buena parte de los 110 municipios que la componen<!--more--><\/h3>\n<p class=\"3Texto\">El alcalde de Pamplona, Enrique Maya, presidir\u00e1 ma\u00f1ana por \u00faltima vez la Asamblea General de la Asociaci\u00f3n de Municipios del Camino de Santiago, un \u00f3rgano que reunir\u00e1 en la Sala de Armas de la Ciudadela, a partir de las 12 horas a buena parte de los 110 municipios que la integran. Maya, que se despide de la presidencia de la entidad al no presentarse para la alcald\u00eda de la ciudad, atender\u00e1 a los medios de comunicaci\u00f3n que lo precisen en esa misma ubicaci\u00f3n a las 11.45 horas.<\/p>\n<p><script async src=\"\/\/pagead2.googlesyndication.com\/pagead\/js\/adsbygoogle.js\"><\/script><br \/>\n<!-- Noticias La Guia de Pamplona --><br \/>\n<ins class=\"adsbygoogle\"\nstyle=\"display:block\"\ndata-ad-client=\"ca-pub-6943679897239327\"\ndata-ad-slot=\"7048180777\"\ndata-ad-format=\"auto\"><\/ins><br \/>\n<script>\n(adsbygoogle = window.adsbygoogle || []).push({});\n<\/script><\/p>\n<p class=\"3Texto\">Enrique Maya ha ostentado la presidencia de la AMCS desde febrero de 2022 y esta tarea seguir\u00e1 recayendo sobre Pamplona tras el 28 de mayo en la persona que lo suceda al frente de la alcald\u00eda. La Asamblea servir\u00e1 tambi\u00e9n para poner en com\u00fan logros y retos de futuro, as\u00ed como para hacer un balance del camino recorrido. En el encuentro se presentar\u00e1 la memoria de actividades 2022, un a\u00f1o en el que m\u00e1s all\u00e1 de las reuniones propias de la organizaci\u00f3n, sus miembros han estado presentes en cerca de una veintena de encuentros, congresos y foros nacionales e internacionales, difundiendo los valores del Camino Franc\u00e9s.<\/p>\n<p class=\"3Texto\">Asimismo, se dar\u00e1 cuenta de los proyectos realizados en colaboraci\u00f3n con otras entidades y administraciones como la Associazione Mulino Sambuy, la Guardia Civil, el Ministerio de Interior, la Diputaci\u00f3n del Le\u00f3n o SETUR y de la publicaci\u00f3n de estudios e investigaciones, como una caracterizaci\u00f3n del perfil del peregrino y el visitante. Se dar\u00e1 cuenta, adem\u00e1s, de la pr\u00f3xima presentaci\u00f3n de una investigaci\u00f3n socia, que ha servido para evaluar el posicionamiento del Camino de Santiago en redes sociales a partir de la que se elaborar\u00e1 un manual de buenas pr\u00e1cticas que se pondr\u00e1 a disposici\u00f3n de todas las entidades que conforman la asociaci\u00f3n.<\/p>\n<p><script async src=\"\/\/pagead2.googlesyndication.com\/pagead\/js\/adsbygoogle.js\"><\/script><br \/>\n<!-- Noticias La Guia de Pamplona --><br \/>\n<ins class=\"adsbygoogle\"\nstyle=\"display:block\"\ndata-ad-client=\"ca-pub-6943679897239327\"\ndata-ad-slot=\"7048180777\"\ndata-ad-format=\"auto\"><\/ins><br \/>\n<script>\n(adsbygoogle = window.adsbygoogle || []).push({});\n<\/script><\/p>\n<p class=\"3Texto\">Por otra parte, en la asamblea se presentar\u00e1 el programa de actividades previsto para la conmemoraci\u00f3n, este a\u00f1o, del trig\u00e9simo aniversario de la declaraci\u00f3n del Camino de Santiago Franc\u00e9s como Patrimonio de la Humanidad que comenzar\u00e1 en mayo.<\/p>\n<p class=\"3Texto\">La Asamblea General de Pamplona reunir\u00e1 ma\u00f1ana a muchos de los representantes de los 110 municipios de Arag\u00f3n, Castilla y Le\u00f3n, Galicia, Navarra y La Rioja, y conocer\u00e1 formalmente las dos \u00faltimas incorporaciones: la localidad riojana de Ba\u00f1ares y la burgalesa de Carde\u00f1ajimeno. La AMCS es una entidad sin \u00e1nimo de lucro que trabaja con el objetivo de otorgar a la Ruta Jacobea la importancia que merece como lugar de peregrinaci\u00f3n y como eje generador de desarrollo sostenible.<\/p>\n","protected":false},"excerpt":{"rendered":"<p>Pamplona acoge la Asamblea General de la AMCS en la que se reunir\u00e1n buena parte de los 110 municipios que la componen<\/p>\n","protected":false},"author":1,"featured_media":46514,"comment_status":"open","ping_status":"closed","sticky":false,"template":"","format":"standard","meta":{"footnotes":""},"categories":[2],"tags":[],"class_list":["post-46513","post","type-post","status-publish","format-standard","has-post-thumbnail","hentry","category-ayuntamiento-pamplona"],"yoast_head":"<!-- This site is optimized with the Yoast SEO plugin v27.3 - https:\/\/yoast.com\/product\/yoast-seo-wordpress\/ -->\n<title>Enrique Maya se despedir\u00e1 ma\u00f1ana de la presidencia de la Asociaci\u00f3n de Municipios del Camino de Santiago, que seguir\u00e1 recayendo sobre la ciudad tras las elecciones<\/title>\n<meta name=\"description\" content=\"Pamplona acoge la Asamblea General de la AMCS en la que se reunir\u00e1n buena parte de los 110 municipios que la componen\" \/>\n<meta name=\"robots\" content=\"index, follow, max-snippet:-1, max-image-preview:large, max-video-preview:-1\" \/>\n<link rel=\"canonical\" href=\"https:\/\/www.laguiadepamplona.com\/actualidad\/enrique-maya-se-despedira-manana-de-la-presidencia-de-la-asociacion-de-municipios-del-camino-de-santiago-que-seguira-recayendo-sobre-la-ciudad-tras-las-elecciones\/\" \/>\n<meta property=\"og:locale\" content=\"es_ES\" \/>\n<meta property=\"og:type\" content=\"article\" \/>\n<meta property=\"og:title\" content=\"Enrique Maya se despedir\u00e1 ma\u00f1ana de la presidencia de la Asociaci\u00f3n de Municipios del Camino de Santiago, que seguir\u00e1 recayendo sobre la ciudad tras las elecciones\" \/>\n<meta property=\"og:description\" content=\"Pamplona acoge la Asamblea General de la AMCS en la que se reunir\u00e1n buena parte de los 110 municipios que la componen\" \/>\n<meta property=\"og:url\" content=\"https:\/\/www.laguiadepamplona.com\/actualidad\/enrique-maya-se-despedira-manana-de-la-presidencia-de-la-asociacion-de-municipios-del-camino-de-santiago-que-seguira-recayendo-sobre-la-ciudad-tras-las-elecciones\/\" \/>\n<meta property=\"og:site_name\" content=\"La Gu\u00eda de Pamplona\" \/>\n<meta property=\"article:publisher\" content=\"https:\/\/www.facebook.com\/laguiadepamplonacom-133175176762273\/?ref=hl\" \/>\n<meta property=\"article:published_time\" content=\"2023-04-27T15:19:34+00:00\" \/>\n<meta property=\"og:image\" content=\"https:\/\/www.laguiadepamplona.com\/actualidad\/wp-content\/uploads\/2023\/04\/AMCS-Reunion-Tricastela-Lugo-grupo.webp\" \/>\n\t<meta property=\"og:image:width\" content=\"1920\" \/>\n\t<meta property=\"og:image:height\" content=\"1280\" \/>\n\t<meta property=\"og:image:type\" content=\"image\/webp\" \/>\n<meta name=\"author\" content=\"La Gu\u00eda de Pamplona\" \/>\n<meta name=\"twitter:card\" content=\"summary_large_image\" \/>\n<meta name=\"twitter:creator\" content=\"@LaGuiadPamplona\" \/>\n<meta name=\"twitter:site\" content=\"@LaGuiadPamplona\" \/>\n<meta name=\"twitter:label1\" content=\"Escrito por\" \/>\n\t<meta name=\"twitter:data1\" content=\"La Gu\u00eda de Pamplona\" \/>\n\t<meta name=\"twitter:label2\" content=\"Tiempo de lectura\" \/>\n\t<meta name=\"twitter:data2\" content=\"2 minutos\" \/>\n<script type=\"application\/ld+json\" class=\"yoast-schema-graph\">{\"@context\":\"https:\\\/\\\/schema.org\",\"@graph\":[{\"@type\":\"Article\",\"@id\":\"https:\\\/\\\/www.laguiadepamplona.com\\\/actualidad\\\/enrique-maya-se-despedira-manana-de-la-presidencia-de-la-asociacion-de-municipios-del-camino-de-santiago-que-seguira-recayendo-sobre-la-ciudad-tras-las-elecciones\\\/#article\",\"isPartOf\":{\"@id\":\"https:\\\/\\\/www.laguiadepamplona.com\\\/actualidad\\\/enrique-maya-se-despedira-manana-de-la-presidencia-de-la-asociacion-de-municipios-del-camino-de-santiago-que-seguira-recayendo-sobre-la-ciudad-tras-las-elecciones\\\/\"},\"author\":{\"name\":\"La Gu\u00eda de Pamplona\",\"@id\":\"https:\\\/\\\/www.laguiadepamplona.com\\\/actualidad\\\/#\\\/schema\\\/person\\\/efe887376f0213d4657c93adc50b1fdb\"},\"headline\":\"Enrique Maya se despedir\u00e1 ma\u00f1ana de la presidencia de la Asociaci\u00f3n de Municipios del Camino de Santiago, que seguir\u00e1 recayendo sobre la ciudad tras las elecciones\",\"datePublished\":\"2023-04-27T15:19:34+00:00\",\"mainEntityOfPage\":{\"@id\":\"https:\\\/\\\/www.laguiadepamplona.com\\\/actualidad\\\/enrique-maya-se-despedira-manana-de-la-presidencia-de-la-asociacion-de-municipios-del-camino-de-santiago-que-seguira-recayendo-sobre-la-ciudad-tras-las-elecciones\\\/\"},\"wordCount\":489,\"commentCount\":0,\"publisher\":{\"@id\":\"https:\\\/\\\/www.laguiadepamplona.com\\\/actualidad\\\/#organization\"},\"image\":{\"@id\":\"https:\\\/\\\/www.laguiadepamplona.com\\\/actualidad\\\/enrique-maya-se-despedira-manana-de-la-presidencia-de-la-asociacion-de-municipios-del-camino-de-santiago-que-seguira-recayendo-sobre-la-ciudad-tras-las-elecciones\\\/#primaryimage\"},\"thumbnailUrl\":\"https:\\\/\\\/www.laguiadepamplona.com\\\/actualidad\\\/wp-content\\\/uploads\\\/2023\\\/04\\\/AMCS-Reunion-Tricastela-Lugo-grupo.webp\",\"articleSection\":[\"Ayto Pamplona\"],\"inLanguage\":\"es\",\"potentialAction\":[{\"@type\":\"CommentAction\",\"name\":\"Comment\",\"target\":[\"https:\\\/\\\/www.laguiadepamplona.com\\\/actualidad\\\/enrique-maya-se-despedira-manana-de-la-presidencia-de-la-asociacion-de-municipios-del-camino-de-santiago-que-seguira-recayendo-sobre-la-ciudad-tras-las-elecciones\\\/#respond\"]}]},{\"@type\":\"WebPage\",\"@id\":\"https:\\\/\\\/www.laguiadepamplona.com\\\/actualidad\\\/enrique-maya-se-despedira-manana-de-la-presidencia-de-la-asociacion-de-municipios-del-camino-de-santiago-que-seguira-recayendo-sobre-la-ciudad-tras-las-elecciones\\\/\",\"url\":\"https:\\\/\\\/www.laguiadepamplona.com\\\/actualidad\\\/enrique-maya-se-despedira-manana-de-la-presidencia-de-la-asociacion-de-municipios-del-camino-de-santiago-que-seguira-recayendo-sobre-la-ciudad-tras-las-elecciones\\\/\",\"name\":\"Enrique Maya se despedir\u00e1 ma\u00f1ana de la presidencia de la Asociaci\u00f3n de Municipios del Camino de Santiago, que seguir\u00e1 recayendo sobre la ciudad tras las elecciones\",\"isPartOf\":{\"@id\":\"https:\\\/\\\/www.laguiadepamplona.com\\\/actualidad\\\/#website\"},\"primaryImageOfPage\":{\"@id\":\"https:\\\/\\\/www.laguiadepamplona.com\\\/actualidad\\\/enrique-maya-se-despedira-manana-de-la-presidencia-de-la-asociacion-de-municipios-del-camino-de-santiago-que-seguira-recayendo-sobre-la-ciudad-tras-las-elecciones\\\/#primaryimage\"},\"image\":{\"@id\":\"https:\\\/\\\/www.laguiadepamplona.com\\\/actualidad\\\/enrique-maya-se-despedira-manana-de-la-presidencia-de-la-asociacion-de-municipios-del-camino-de-santiago-que-seguira-recayendo-sobre-la-ciudad-tras-las-elecciones\\\/#primaryimage\"},\"thumbnailUrl\":\"https:\\\/\\\/www.laguiadepamplona.com\\\/actualidad\\\/wp-content\\\/uploads\\\/2023\\\/04\\\/AMCS-Reunion-Tricastela-Lugo-grupo.webp\",\"datePublished\":\"2023-04-27T15:19:34+00:00\",\"description\":\"Pamplona acoge la Asamblea General de la AMCS en la que se reunir\u00e1n buena parte de los 110 municipios que la componen\",\"breadcrumb\":{\"@id\":\"https:\\\/\\\/www.laguiadepamplona.com\\\/actualidad\\\/enrique-maya-se-despedira-manana-de-la-presidencia-de-la-asociacion-de-municipios-del-camino-de-santiago-que-seguira-recayendo-sobre-la-ciudad-tras-las-elecciones\\\/#breadcrumb\"},\"inLanguage\":\"es\",\"potentialAction\":[{\"@type\":\"ReadAction\",\"target\":[\"https:\\\/\\\/www.laguiadepamplona.com\\\/actualidad\\\/enrique-maya-se-despedira-manana-de-la-presidencia-de-la-asociacion-de-municipios-del-camino-de-santiago-que-seguira-recayendo-sobre-la-ciudad-tras-las-elecciones\\\/\"]}]},{\"@type\":\"ImageObject\",\"inLanguage\":\"es\",\"@id\":\"https:\\\/\\\/www.laguiadepamplona.com\\\/actualidad\\\/enrique-maya-se-despedira-manana-de-la-presidencia-de-la-asociacion-de-municipios-del-camino-de-santiago-que-seguira-recayendo-sobre-la-ciudad-tras-las-elecciones\\\/#primaryimage\",\"url\":\"https:\\\/\\\/www.laguiadepamplona.com\\\/actualidad\\\/wp-content\\\/uploads\\\/2023\\\/04\\\/AMCS-Reunion-Tricastela-Lugo-grupo.webp\",\"contentUrl\":\"https:\\\/\\\/www.laguiadepamplona.com\\\/actualidad\\\/wp-content\\\/uploads\\\/2023\\\/04\\\/AMCS-Reunion-Tricastela-Lugo-grupo.webp\",\"width\":1920,\"height\":1280},{\"@type\":\"BreadcrumbList\",\"@id\":\"https:\\\/\\\/www.laguiadepamplona.com\\\/actualidad\\\/enrique-maya-se-despedira-manana-de-la-presidencia-de-la-asociacion-de-municipios-del-camino-de-santiago-que-seguira-recayendo-sobre-la-ciudad-tras-las-elecciones\\\/#breadcrumb\",\"itemListElement\":[{\"@type\":\"ListItem\",\"position\":1,\"name\":\"Portada\",\"item\":\"https:\\\/\\\/www.laguiadepamplona.com\\\/actualidad\\\/\"},{\"@type\":\"ListItem\",\"position\":2,\"name\":\"Enrique Maya se despedir\u00e1 ma\u00f1ana de la presidencia de la Asociaci\u00f3n de Municipios del Camino de Santiago, que seguir\u00e1 recayendo sobre la ciudad tras las elecciones\"}]},{\"@type\":\"WebSite\",\"@id\":\"https:\\\/\\\/www.laguiadepamplona.com\\\/actualidad\\\/#website\",\"url\":\"https:\\\/\\\/www.laguiadepamplona.com\\\/actualidad\\\/\",\"name\":\"La gu\u00eda de Pamplona\",\"description\":\"Noticias de Pamplona\",\"publisher\":{\"@id\":\"https:\\\/\\\/www.laguiadepamplona.com\\\/actualidad\\\/#organization\"},\"potentialAction\":[{\"@type\":\"SearchAction\",\"target\":{\"@type\":\"EntryPoint\",\"urlTemplate\":\"https:\\\/\\\/www.laguiadepamplona.com\\\/actualidad\\\/?s={search_term_string}\"},\"query-input\":{\"@type\":\"PropertyValueSpecification\",\"valueRequired\":true,\"valueName\":\"search_term_string\"}}],\"inLanguage\":\"es\"},{\"@type\":\"Organization\",\"@id\":\"https:\\\/\\\/www.laguiadepamplona.com\\\/actualidad\\\/#organization\",\"name\":\"La Gu\u00eda de Pamplona \\\/ Noticias\",\"url\":\"https:\\\/\\\/www.laguiadepamplona.com\\\/actualidad\\\/\",\"logo\":{\"@type\":\"ImageObject\",\"inLanguage\":\"es\",\"@id\":\"https:\\\/\\\/www.laguiadepamplona.com\\\/actualidad\\\/#\\\/schema\\\/logo\\\/image\\\/\",\"url\":\"https:\\\/\\\/www.laguiadepamplona.com\\\/actualidad\\\/wp-content\\\/uploads\\\/2018\\\/11\\\/logo-laguiadepamplona18-web1.png\",\"contentUrl\":\"https:\\\/\\\/www.laguiadepamplona.com\\\/actualidad\\\/wp-content\\\/uploads\\\/2018\\\/11\\\/logo-laguiadepamplona18-web1.png\",\"width\":600,\"height\":196,\"caption\":\"La Gu\u00eda de Pamplona \\\/ Noticias\"},\"image\":{\"@id\":\"https:\\\/\\\/www.laguiadepamplona.com\\\/actualidad\\\/#\\\/schema\\\/logo\\\/image\\\/\"},\"sameAs\":[\"https:\\\/\\\/www.facebook.com\\\/laguiadepamplonacom-133175176762273\\\/?ref=hl\",\"https:\\\/\\\/x.com\\\/LaGuiadPamplona\",\"https:\\\/\\\/www.instagram.com\\\/la_guia_de_pamplona\\\/\",\"https:\\\/\\\/www.youtube.com\\\/user\\\/laguiadepamplona\"]},{\"@type\":\"Person\",\"@id\":\"https:\\\/\\\/www.laguiadepamplona.com\\\/actualidad\\\/#\\\/schema\\\/person\\\/efe887376f0213d4657c93adc50b1fdb\",\"name\":\"La Gu\u00eda de Pamplona\",\"image\":{\"@type\":\"ImageObject\",\"inLanguage\":\"es\",\"@id\":\"https:\\\/\\\/secure.gravatar.com\\\/avatar\\\/b6992f131dc8d30ab0dff15446e9d346d9dbd95992de0fef795073f5ea83a81c?s=96&d=mm&r=g\",\"url\":\"https:\\\/\\\/secure.gravatar.com\\\/avatar\\\/b6992f131dc8d30ab0dff15446e9d346d9dbd95992de0fef795073f5ea83a81c?s=96&d=mm&r=g\",\"contentUrl\":\"https:\\\/\\\/secure.gravatar.com\\\/avatar\\\/b6992f131dc8d30ab0dff15446e9d346d9dbd95992de0fef795073f5ea83a81c?s=96&d=mm&r=g\",\"caption\":\"La Gu\u00eda de Pamplona\"}}]}<\/script>\n<!-- \/ Yoast SEO plugin. -->","yoast_head_json":{"title":"Enrique Maya se despedir\u00e1 ma\u00f1ana de la presidencia de la Asociaci\u00f3n de Municipios del Camino de Santiago, que seguir\u00e1 recayendo sobre la ciudad tras las elecciones","description":"Pamplona acoge la Asamblea General de la AMCS en la que se reunir\u00e1n buena parte de los 110 municipios que la componen","robots":{"index":"index","follow":"follow","max-snippet":"max-snippet:-1","max-image-preview":"max-image-preview:large","max-video-preview":"max-video-preview:-1"},"canonical":"https:\/\/www.laguiadepamplona.com\/actualidad\/enrique-maya-se-despedira-manana-de-la-presidencia-de-la-asociacion-de-municipios-del-camino-de-santiago-que-seguira-recayendo-sobre-la-ciudad-tras-las-elecciones\/","og_locale":"es_ES","og_type":"article","og_title":"Enrique Maya se despedir\u00e1 ma\u00f1ana de la presidencia de la Asociaci\u00f3n de Municipios del Camino de Santiago, que seguir\u00e1 recayendo sobre la ciudad tras las elecciones","og_description":"Pamplona acoge la Asamblea General de la AMCS en la que se reunir\u00e1n buena parte de los 110 municipios que la componen","og_url":"https:\/\/www.laguiadepamplona.com\/actualidad\/enrique-maya-se-despedira-manana-de-la-presidencia-de-la-asociacion-de-municipios-del-camino-de-santiago-que-seguira-recayendo-sobre-la-ciudad-tras-las-elecciones\/","og_site_name":"La Gu\u00eda de Pamplona","article_publisher":"https:\/\/www.facebook.com\/laguiadepamplonacom-133175176762273\/?ref=hl","article_published_time":"2023-04-27T15:19:34+00:00","og_image":[{"width":1920,"height":1280,"url":"https:\/\/www.laguiadepamplona.com\/actualidad\/wp-content\/uploads\/2023\/04\/AMCS-Reunion-Tricastela-Lugo-grupo.webp","type":"image\/webp"}],"author":"La Gu\u00eda de Pamplona","twitter_card":"summary_large_image","twitter_creator":"@LaGuiadPamplona","twitter_site":"@LaGuiadPamplona","twitter_misc":{"Escrito por":"La Gu\u00eda de Pamplona","Tiempo de lectura":"2 minutos"},"schema":{"@context":"https:\/\/schema.org","@graph":[{"@type":"Article","@id":"https:\/\/www.laguiadepamplona.com\/actualidad\/enrique-maya-se-despedira-manana-de-la-presidencia-de-la-asociacion-de-municipios-del-camino-de-santiago-que-seguira-recayendo-sobre-la-ciudad-tras-las-elecciones\/#article","isPartOf":{"@id":"https:\/\/www.laguiadepamplona.com\/actualidad\/enrique-maya-se-despedira-manana-de-la-presidencia-de-la-asociacion-de-municipios-del-camino-de-santiago-que-seguira-recayendo-sobre-la-ciudad-tras-las-elecciones\/"},"author":{"name":"La Gu\u00eda de Pamplona","@id":"https:\/\/www.laguiadepamplona.com\/actualidad\/#\/schema\/person\/efe887376f0213d4657c93adc50b1fdb"},"headline":"Enrique Maya se despedir\u00e1 ma\u00f1ana de la presidencia de la Asociaci\u00f3n de Municipios del Camino de Santiago, que seguir\u00e1 recayendo sobre la ciudad tras las elecciones","datePublished":"2023-04-27T15:19:34+00:00","mainEntityOfPage":{"@id":"https:\/\/www.laguiadepamplona.com\/actualidad\/enrique-maya-se-despedira-manana-de-la-presidencia-de-la-asociacion-de-municipios-del-camino-de-santiago-que-seguira-recayendo-sobre-la-ciudad-tras-las-elecciones\/"},"wordCount":489,"commentCount":0,"publisher":{"@id":"https:\/\/www.laguiadepamplona.com\/actualidad\/#organization"},"image":{"@id":"https:\/\/www.laguiadepamplona.com\/actualidad\/enrique-maya-se-despedira-manana-de-la-presidencia-de-la-asociacion-de-municipios-del-camino-de-santiago-que-seguira-recayendo-sobre-la-ciudad-tras-las-elecciones\/#primaryimage"},"thumbnailUrl":"https:\/\/www.laguiadepamplona.com\/actualidad\/wp-content\/uploads\/2023\/04\/AMCS-Reunion-Tricastela-Lugo-grupo.webp","articleSection":["Ayto Pamplona"],"inLanguage":"es","potentialAction":[{"@type":"CommentAction","name":"Comment","target":["https:\/\/www.laguiadepamplona.com\/actualidad\/enrique-maya-se-despedira-manana-de-la-presidencia-de-la-asociacion-de-municipios-del-camino-de-santiago-que-seguira-recayendo-sobre-la-ciudad-tras-las-elecciones\/#respond"]}]},{"@type":"WebPage","@id":"https:\/\/www.laguiadepamplona.com\/actualidad\/enrique-maya-se-despedira-manana-de-la-presidencia-de-la-asociacion-de-municipios-del-camino-de-santiago-que-seguira-recayendo-sobre-la-ciudad-tras-las-elecciones\/","url":"https:\/\/www.laguiadepamplona.com\/actualidad\/enrique-maya-se-despedira-manana-de-la-presidencia-de-la-asociacion-de-municipios-del-camino-de-santiago-que-seguira-recayendo-sobre-la-ciudad-tras-las-elecciones\/","name":"Enrique Maya se despedir\u00e1 ma\u00f1ana de la presidencia de la Asociaci\u00f3n de Municipios del Camino de Santiago, que seguir\u00e1 recayendo sobre la ciudad tras las elecciones","isPartOf":{"@id":"https:\/\/www.laguiadepamplona.com\/actualidad\/#website"},"primaryImageOfPage":{"@id":"https:\/\/www.laguiadepamplona.com\/actualidad\/enrique-maya-se-despedira-manana-de-la-presidencia-de-la-asociacion-de-municipios-del-camino-de-santiago-que-seguira-recayendo-sobre-la-ciudad-tras-las-elecciones\/#primaryimage"},"image":{"@id":"https:\/\/www.laguiadepamplona.com\/actualidad\/enrique-maya-se-despedira-manana-de-la-presidencia-de-la-asociacion-de-municipios-del-camino-de-santiago-que-seguira-recayendo-sobre-la-ciudad-tras-las-elecciones\/#primaryimage"},"thumbnailUrl":"https:\/\/www.laguiadepamplona.com\/actualidad\/wp-content\/uploads\/2023\/04\/AMCS-Reunion-Tricastela-Lugo-grupo.webp","datePublished":"2023-04-27T15:19:34+00:00","description":"Pamplona acoge la Asamblea General de la AMCS en la que se reunir\u00e1n buena parte de los 110 municipios que la componen","breadcrumb":{"@id":"https:\/\/www.laguiadepamplona.com\/actualidad\/enrique-maya-se-despedira-manana-de-la-presidencia-de-la-asociacion-de-municipios-del-camino-de-santiago-que-seguira-recayendo-sobre-la-ciudad-tras-las-elecciones\/#breadcrumb"},"inLanguage":"es","potentialAction":[{"@type":"ReadAction","target":["https:\/\/www.laguiadepamplona.com\/actualidad\/enrique-maya-se-despedira-manana-de-la-presidencia-de-la-asociacion-de-municipios-del-camino-de-santiago-que-seguira-recayendo-sobre-la-ciudad-tras-las-elecciones\/"]}]},{"@type":"ImageObject","inLanguage":"es","@id":"https:\/\/www.laguiadepamplona.com\/actualidad\/enrique-maya-se-despedira-manana-de-la-presidencia-de-la-asociacion-de-municipios-del-camino-de-santiago-que-seguira-recayendo-sobre-la-ciudad-tras-las-elecciones\/#primaryimage","url":"https:\/\/www.laguiadepamplona.com\/actualidad\/wp-content\/uploads\/2023\/04\/AMCS-Reunion-Tricastela-Lugo-grupo.webp","contentUrl":"https:\/\/www.laguiadepamplona.com\/actualidad\/wp-content\/uploads\/2023\/04\/AMCS-Reunion-Tricastela-Lugo-grupo.webp","width":1920,"height":1280},{"@type":"BreadcrumbList","@id":"https:\/\/www.laguiadepamplona.com\/actualidad\/enrique-maya-se-despedira-manana-de-la-presidencia-de-la-asociacion-de-municipios-del-camino-de-santiago-que-seguira-recayendo-sobre-la-ciudad-tras-las-elecciones\/#breadcrumb","itemListElement":[{"@type":"ListItem","position":1,"name":"Portada","item":"https:\/\/www.laguiadepamplona.com\/actualidad\/"},{"@type":"ListItem","position":2,"name":"Enrique Maya se despedir\u00e1 ma\u00f1ana de la presidencia de la Asociaci\u00f3n de Municipios del Camino de Santiago, que seguir\u00e1 recayendo sobre la ciudad tras las elecciones"}]},{"@type":"WebSite","@id":"https:\/\/www.laguiadepamplona.com\/actualidad\/#website","url":"https:\/\/www.laguiadepamplona.com\/actualidad\/","name":"La gu\u00eda de Pamplona","description":"Noticias de Pamplona","publisher":{"@id":"https:\/\/www.laguiadepamplona.com\/actualidad\/#organization"},"potentialAction":[{"@type":"SearchAction","target":{"@type":"EntryPoint","urlTemplate":"https:\/\/www.laguiadepamplona.com\/actualidad\/?s={search_term_string}"},"query-input":{"@type":"PropertyValueSpecification","valueRequired":true,"valueName":"search_term_string"}}],"inLanguage":"es"},{"@type":"Organization","@id":"https:\/\/www.laguiadepamplona.com\/actualidad\/#organization","name":"La Gu\u00eda de Pamplona \/ Noticias","url":"https:\/\/www.laguiadepamplona.com\/actualidad\/","logo":{"@type":"ImageObject","inLanguage":"es","@id":"https:\/\/www.laguiadepamplona.com\/actualidad\/#\/schema\/logo\/image\/","url":"https:\/\/www.laguiadepamplona.com\/actualidad\/wp-content\/uploads\/2018\/11\/logo-laguiadepamplona18-web1.png","contentUrl":"https:\/\/www.laguiadepamplona.com\/actualidad\/wp-content\/uploads\/2018\/11\/logo-laguiadepamplona18-web1.png","width":600,"height":196,"caption":"La Gu\u00eda de Pamplona \/ Noticias"},"image":{"@id":"https:\/\/www.laguiadepamplona.com\/actualidad\/#\/schema\/logo\/image\/"},"sameAs":["https:\/\/www.facebook.com\/laguiadepamplonacom-133175176762273\/?ref=hl","https:\/\/x.com\/LaGuiadPamplona","https:\/\/www.instagram.com\/la_guia_de_pamplona\/","https:\/\/www.youtube.com\/user\/laguiadepamplona"]},{"@type":"Person","@id":"https:\/\/www.laguiadepamplona.com\/actualidad\/#\/schema\/person\/efe887376f0213d4657c93adc50b1fdb","name":"La Gu\u00eda de Pamplona","image":{"@type":"ImageObject","inLanguage":"es","@id":"https:\/\/secure.gravatar.com\/avatar\/b6992f131dc8d30ab0dff15446e9d346d9dbd95992de0fef795073f5ea83a81c?s=96&d=mm&r=g","url":"https:\/\/secure.gravatar.com\/avatar\/b6992f131dc8d30ab0dff15446e9d346d9dbd95992de0fef795073f5ea83a81c?s=96&d=mm&r=g","contentUrl":"https:\/\/secure.gravatar.com\/avatar\/b6992f131dc8d30ab0dff15446e9d346d9dbd95992de0fef795073f5ea83a81c?s=96&d=mm&r=g","caption":"La Gu\u00eda de Pamplona"}}]}},"post_mailing_queue_ids":[],"_links":{"self":[{"href":"https:\/\/www.laguiadepamplona.com\/actualidad\/wp-json\/wp\/v2\/posts\/46513","targetHints":{"allow":["GET"]}}],"collection":[{"href":"https:\/\/www.laguiadepamplona.com\/actualidad\/wp-json\/wp\/v2\/posts"}],"about":[{"href":"https:\/\/www.laguiadepamplona.com\/actualidad\/wp-json\/wp\/v2\/types\/post"}],"author":[{"embeddable":true,"href":"https:\/\/www.laguiadepamplona.com\/actualidad\/wp-json\/wp\/v2\/users\/1"}],"replies":[{"embeddable":true,"href":"https:\/\/www.laguiadepamplona.com\/actualidad\/wp-json\/wp\/v2\/comments?post=46513"}],"version-history":[{"count":1,"href":"https:\/\/www.laguiadepamplona.com\/actualidad\/wp-json\/wp\/v2\/posts\/46513\/revisions"}],"predecessor-version":[{"id":46515,"href":"https:\/\/www.laguiadepamplona.com\/actualidad\/wp-json\/wp\/v2\/posts\/46513\/revisions\/46515"}],"wp:featuredmedia":[{"embeddable":true,"href":"https:\/\/www.laguiadepamplona.com\/actualidad\/wp-json\/wp\/v2\/media\/46514"}],"wp:attachment":[{"href":"https:\/\/www.laguiadepamplona.com\/actualidad\/wp-json\/wp\/v2\/media?parent=46513"}],"wp:term":[{"taxonomy":"category","embeddable":true,"href":"https:\/\/www.laguiadepamplona.com\/actualidad\/wp-json\/wp\/v2\/categories?post=46513"},{"taxonomy":"post_tag","embeddable":true,"href":"https:\/\/www.laguiadepamplona.com\/actualidad\/wp-json\/wp\/v2\/tags?post=46513"}],"curies":[{"name":"wp","href":"https:\/\/api.w.org\/{rel}","templated":true}]}}