{"id":46500,"date":"2023-04-27T13:24:43","date_gmt":"2023-04-27T11:24:43","guid":{"rendered":"https:\/\/www.laguiadepamplona.com\/actualidad\/?p=46500"},"modified":"2023-04-27T13:24:43","modified_gmt":"2023-04-27T11:24:43","slug":"un-taller-informa-sobre-la-receta-deportivo-social-que-prescribe-ejercicio-fisico-y-deporte-desde-los-centros-de-salud-a-personas-empadronadas-de-entre-50-y-80-anos","status":"publish","type":"post","link":"https:\/\/www.laguiadepamplona.com\/actualidad\/un-taller-informa-sobre-la-receta-deportivo-social-que-prescribe-ejercicio-fisico-y-deporte-desde-los-centros-de-salud-a-personas-empadronadas-de-entre-50-y-80-anos\/","title":{"rendered":"Un taller informa sobre la receta deportivo social, que prescribe ejercicio f\u00edsico y deporte desde los centros de salud a personas empadronadas de entre 50 y 80 a\u00f1os"},"content":{"rendered":"<h3>Civivox Iturrama acoge este viernes a las 12 la sesi\u00f3n informativa \u2018\u00bfQu\u00e9 es la receta deportivo social?\u2019, con entrada libre<\/h3>\n<p><!--more--><\/p>\n<p>Civivox Iturrama acoge este viernes la sesi\u00f3n informativa \u2018\u00bfQu\u00e9 es la receta deportivo social?\u2019, para informar a la ciudadan\u00eda de esta propuesta que prescribe ejercicio f\u00edsico, deporte terap\u00e9utico y otras actividades sociales a trav\u00e9s de los centros de salud de Pamplona. La receta deportiva social forma parte del programa municipal \u2018Citius, Longaevus, Fortius\u2019, creado para atender la problem\u00e1tica sociosanitaria asociada con las personas en situaci\u00f3n de soledad no deseada, la fragilidad, el sedentarismo y la inactividad f\u00edsica. Este programa es uno de los recursos que se integran en la iniciativa global municipal para personas mayores \u2018<a href=\"https:\/\/www.pamplona.es\/pamplonatecuida\" target=\"_blank\" rel=\"noopener\">Pamplona te cuida<\/a>\u2019.<br \/>\n<script async src=\"\/\/pagead2.googlesyndication.com\/pagead\/js\/adsbygoogle.js\"><\/script><br \/>\n<!-- Noticias La Guia de Pamplona --><br \/>\n<ins class=\"adsbygoogle\"\nstyle=\"display:block\"\ndata-ad-client=\"ca-pub-6943679897239327\"\ndata-ad-slot=\"7048180777\"\ndata-ad-format=\"auto\"><\/ins><br \/>\n<script>\n(adsbygoogle = window.adsbygoogle || []).push({});\n<\/script><\/p>\n<p>La charla cuenta con entrada libre y en ella se podr\u00e1n conocer las principales caracter\u00edsticas del programa, que se dirige a personas empadronadas de entre 50 y 85 a\u00f1os que est\u00e9n en situaci\u00f3n de soledad no deseada, tengan diagnosticado el s\u00edndrome de fragilidad, o sean inactivas f\u00edsicamente. El Ayuntamiento de Pamplona coordina el programa mediante un convenio con los centros de salud de Iturrama, Txantrea y II Ensanche, con financiaci\u00f3n del Instituto Navarro del Deporte.<\/p>\n<p>Las personas titulares de esa receta se garantizan plaza en las actividades recetadas, adem\u00e1s de un seguimiento multidisciplinar, con mayor o menor grado de individualizaci\u00f3n, seg\u00fan el nivel de prescripci\u00f3n asignado a la persona. Algunas actividades de la receta requieren de pago (con los descuentos correspondientes que prev\u00e9n las normas de precios p\u00fablicos en vigor) y otras son, en cambio gratuitas, como lo es el seguimiento personal de la Asistente Personal, colegiada dentro del\u00a0<a href=\"https:\/\/www.colefna.com\/\" target=\"_blank\" rel=\"noopener\">Colegio Oficial de Educadores F\u00edsico Deportivos de Navarra<\/a>.<br \/>\n<script async src=\"\/\/pagead2.googlesyndication.com\/pagead\/js\/adsbygoogle.js\"><\/script><br \/>\n<!-- Noticias La Guia de Pamplona --><br \/>\n<ins class=\"adsbygoogle\"\nstyle=\"display:block\"\ndata-ad-client=\"ca-pub-6943679897239327\"\ndata-ad-slot=\"7048180777\"\ndata-ad-format=\"auto\"><\/ins><br \/>\n<script>\n(adsbygoogle = window.adsbygoogle || []).push({});\n<\/script><\/p>\n<p>El programa busca de esta manera reducir la ingesta de medicaci\u00f3n de las personas usuarias, y mejorar la condici\u00f3n f\u00edsica en general a trav\u00e9s del ejercicio. Tambi\u00e9n tiene por objetivo mejorar capacidades cognitivas como la memoria, el c\u00e1lculo y la percepci\u00f3n subjetiva de bienestar.<\/p>\n","protected":false},"excerpt":{"rendered":"<p>Civivox Iturrama acoge este viernes a las 12 la sesi\u00f3n informativa \u2018\u00bfQu\u00e9 es la receta deportivo social?\u2019, con entrada libre<\/p>\n","protected":false},"author":1,"featured_media":46501,"comment_status":"open","ping_status":"closed","sticky":false,"template":"","format":"standard","meta":{"footnotes":""},"categories":[2],"tags":[],"class_list":["post-46500","post","type-post","status-publish","format-standard","has-post-thumbnail","hentry","category-ayuntamiento-pamplona"],"yoast_head":"<!-- This site is optimized with the Yoast SEO plugin v27.3 - https:\/\/yoast.com\/product\/yoast-seo-wordpress\/ -->\n<title>Un taller informa sobre la receta deportivo social, que prescribe ejercicio f\u00edsico y deporte desde los centros de salud a personas empadronadas de entre 50 y 80 a\u00f1os<\/title>\n<meta name=\"description\" content=\"Civivox Iturrama acoge este viernes a las 12 la sesi\u00f3n informativa \u2018\u00bfQu\u00e9 es la receta deportivo social?\u2019, con entrada libre\" \/>\n<meta name=\"robots\" content=\"index, follow, max-snippet:-1, max-image-preview:large, max-video-preview:-1\" \/>\n<link rel=\"canonical\" href=\"https:\/\/www.laguiadepamplona.com\/actualidad\/un-taller-informa-sobre-la-receta-deportivo-social-que-prescribe-ejercicio-fisico-y-deporte-desde-los-centros-de-salud-a-personas-empadronadas-de-entre-50-y-80-anos\/\" \/>\n<meta property=\"og:locale\" content=\"es_ES\" \/>\n<meta property=\"og:type\" content=\"article\" \/>\n<meta property=\"og:title\" content=\"Un taller informa sobre la receta deportivo social, que prescribe ejercicio f\u00edsico y deporte desde los centros de salud a personas empadronadas de entre 50 y 80 a\u00f1os\" \/>\n<meta property=\"og:description\" content=\"Civivox Iturrama acoge este viernes a las 12 la sesi\u00f3n informativa \u2018\u00bfQu\u00e9 es la receta deportivo social?\u2019, con entrada libre\" \/>\n<meta property=\"og:url\" content=\"https:\/\/www.laguiadepamplona.com\/actualidad\/un-taller-informa-sobre-la-receta-deportivo-social-que-prescribe-ejercicio-fisico-y-deporte-desde-los-centros-de-salud-a-personas-empadronadas-de-entre-50-y-80-anos\/\" \/>\n<meta property=\"og:site_name\" content=\"La Gu\u00eda de Pamplona\" \/>\n<meta property=\"article:publisher\" content=\"https:\/\/www.facebook.com\/laguiadepamplonacom-133175176762273\/?ref=hl\" \/>\n<meta property=\"article:published_time\" content=\"2023-04-27T11:24:43+00:00\" \/>\n<meta property=\"og:image\" content=\"https:\/\/www.laguiadepamplona.com\/actualidad\/wp-content\/uploads\/2023\/04\/cartel-receta-deportivo-social.webp\" \/>\n\t<meta property=\"og:image:width\" content=\"707\" \/>\n\t<meta property=\"og:image:height\" content=\"1000\" \/>\n\t<meta property=\"og:image:type\" content=\"image\/webp\" \/>\n<meta name=\"author\" content=\"La Gu\u00eda de Pamplona\" \/>\n<meta name=\"twitter:card\" content=\"summary_large_image\" \/>\n<meta name=\"twitter:creator\" content=\"@LaGuiadPamplona\" \/>\n<meta name=\"twitter:site\" content=\"@LaGuiadPamplona\" \/>\n<meta name=\"twitter:label1\" content=\"Escrito por\" \/>\n\t<meta name=\"twitter:data1\" content=\"La Gu\u00eda de Pamplona\" \/>\n\t<meta name=\"twitter:label2\" content=\"Tiempo de lectura\" \/>\n\t<meta name=\"twitter:data2\" content=\"2 minutos\" \/>\n<script type=\"application\/ld+json\" class=\"yoast-schema-graph\">{\"@context\":\"https:\\\/\\\/schema.org\",\"@graph\":[{\"@type\":\"Article\",\"@id\":\"https:\\\/\\\/www.laguiadepamplona.com\\\/actualidad\\\/un-taller-informa-sobre-la-receta-deportivo-social-que-prescribe-ejercicio-fisico-y-deporte-desde-los-centros-de-salud-a-personas-empadronadas-de-entre-50-y-80-anos\\\/#article\",\"isPartOf\":{\"@id\":\"https:\\\/\\\/www.laguiadepamplona.com\\\/actualidad\\\/un-taller-informa-sobre-la-receta-deportivo-social-que-prescribe-ejercicio-fisico-y-deporte-desde-los-centros-de-salud-a-personas-empadronadas-de-entre-50-y-80-anos\\\/\"},\"author\":{\"name\":\"La Gu\u00eda de Pamplona\",\"@id\":\"https:\\\/\\\/www.laguiadepamplona.com\\\/actualidad\\\/#\\\/schema\\\/person\\\/efe887376f0213d4657c93adc50b1fdb\"},\"headline\":\"Un taller informa sobre la receta deportivo social, que prescribe ejercicio f\u00edsico y deporte desde los centros de salud a personas empadronadas de entre 50 y 80 a\u00f1os\",\"datePublished\":\"2023-04-27T11:24:43+00:00\",\"mainEntityOfPage\":{\"@id\":\"https:\\\/\\\/www.laguiadepamplona.com\\\/actualidad\\\/un-taller-informa-sobre-la-receta-deportivo-social-que-prescribe-ejercicio-fisico-y-deporte-desde-los-centros-de-salud-a-personas-empadronadas-de-entre-50-y-80-anos\\\/\"},\"wordCount\":375,\"commentCount\":0,\"publisher\":{\"@id\":\"https:\\\/\\\/www.laguiadepamplona.com\\\/actualidad\\\/#organization\"},\"image\":{\"@id\":\"https:\\\/\\\/www.laguiadepamplona.com\\\/actualidad\\\/un-taller-informa-sobre-la-receta-deportivo-social-que-prescribe-ejercicio-fisico-y-deporte-desde-los-centros-de-salud-a-personas-empadronadas-de-entre-50-y-80-anos\\\/#primaryimage\"},\"thumbnailUrl\":\"https:\\\/\\\/www.laguiadepamplona.com\\\/actualidad\\\/wp-content\\\/uploads\\\/2023\\\/04\\\/cartel-receta-deportivo-social.webp\",\"articleSection\":[\"Ayto Pamplona\"],\"inLanguage\":\"es\",\"potentialAction\":[{\"@type\":\"CommentAction\",\"name\":\"Comment\",\"target\":[\"https:\\\/\\\/www.laguiadepamplona.com\\\/actualidad\\\/un-taller-informa-sobre-la-receta-deportivo-social-que-prescribe-ejercicio-fisico-y-deporte-desde-los-centros-de-salud-a-personas-empadronadas-de-entre-50-y-80-anos\\\/#respond\"]}]},{\"@type\":\"WebPage\",\"@id\":\"https:\\\/\\\/www.laguiadepamplona.com\\\/actualidad\\\/un-taller-informa-sobre-la-receta-deportivo-social-que-prescribe-ejercicio-fisico-y-deporte-desde-los-centros-de-salud-a-personas-empadronadas-de-entre-50-y-80-anos\\\/\",\"url\":\"https:\\\/\\\/www.laguiadepamplona.com\\\/actualidad\\\/un-taller-informa-sobre-la-receta-deportivo-social-que-prescribe-ejercicio-fisico-y-deporte-desde-los-centros-de-salud-a-personas-empadronadas-de-entre-50-y-80-anos\\\/\",\"name\":\"Un taller informa sobre la receta deportivo social, que prescribe ejercicio f\u00edsico y deporte desde los centros de salud a personas empadronadas de entre 50 y 80 a\u00f1os\",\"isPartOf\":{\"@id\":\"https:\\\/\\\/www.laguiadepamplona.com\\\/actualidad\\\/#website\"},\"primaryImageOfPage\":{\"@id\":\"https:\\\/\\\/www.laguiadepamplona.com\\\/actualidad\\\/un-taller-informa-sobre-la-receta-deportivo-social-que-prescribe-ejercicio-fisico-y-deporte-desde-los-centros-de-salud-a-personas-empadronadas-de-entre-50-y-80-anos\\\/#primaryimage\"},\"image\":{\"@id\":\"https:\\\/\\\/www.laguiadepamplona.com\\\/actualidad\\\/un-taller-informa-sobre-la-receta-deportivo-social-que-prescribe-ejercicio-fisico-y-deporte-desde-los-centros-de-salud-a-personas-empadronadas-de-entre-50-y-80-anos\\\/#primaryimage\"},\"thumbnailUrl\":\"https:\\\/\\\/www.laguiadepamplona.com\\\/actualidad\\\/wp-content\\\/uploads\\\/2023\\\/04\\\/cartel-receta-deportivo-social.webp\",\"datePublished\":\"2023-04-27T11:24:43+00:00\",\"description\":\"Civivox Iturrama acoge este viernes a las 12 la sesi\u00f3n informativa \u2018\u00bfQu\u00e9 es la receta deportivo social?\u2019, con entrada libre\",\"breadcrumb\":{\"@id\":\"https:\\\/\\\/www.laguiadepamplona.com\\\/actualidad\\\/un-taller-informa-sobre-la-receta-deportivo-social-que-prescribe-ejercicio-fisico-y-deporte-desde-los-centros-de-salud-a-personas-empadronadas-de-entre-50-y-80-anos\\\/#breadcrumb\"},\"inLanguage\":\"es\",\"potentialAction\":[{\"@type\":\"ReadAction\",\"target\":[\"https:\\\/\\\/www.laguiadepamplona.com\\\/actualidad\\\/un-taller-informa-sobre-la-receta-deportivo-social-que-prescribe-ejercicio-fisico-y-deporte-desde-los-centros-de-salud-a-personas-empadronadas-de-entre-50-y-80-anos\\\/\"]}]},{\"@type\":\"ImageObject\",\"inLanguage\":\"es\",\"@id\":\"https:\\\/\\\/www.laguiadepamplona.com\\\/actualidad\\\/un-taller-informa-sobre-la-receta-deportivo-social-que-prescribe-ejercicio-fisico-y-deporte-desde-los-centros-de-salud-a-personas-empadronadas-de-entre-50-y-80-anos\\\/#primaryimage\",\"url\":\"https:\\\/\\\/www.laguiadepamplona.com\\\/actualidad\\\/wp-content\\\/uploads\\\/2023\\\/04\\\/cartel-receta-deportivo-social.webp\",\"contentUrl\":\"https:\\\/\\\/www.laguiadepamplona.com\\\/actualidad\\\/wp-content\\\/uploads\\\/2023\\\/04\\\/cartel-receta-deportivo-social.webp\",\"width\":707,\"height\":1000},{\"@type\":\"BreadcrumbList\",\"@id\":\"https:\\\/\\\/www.laguiadepamplona.com\\\/actualidad\\\/un-taller-informa-sobre-la-receta-deportivo-social-que-prescribe-ejercicio-fisico-y-deporte-desde-los-centros-de-salud-a-personas-empadronadas-de-entre-50-y-80-anos\\\/#breadcrumb\",\"itemListElement\":[{\"@type\":\"ListItem\",\"position\":1,\"name\":\"Portada\",\"item\":\"https:\\\/\\\/www.laguiadepamplona.com\\\/actualidad\\\/\"},{\"@type\":\"ListItem\",\"position\":2,\"name\":\"Un taller informa sobre la receta deportivo social, que prescribe ejercicio f\u00edsico y deporte desde los centros de salud a personas empadronadas de entre 50 y 80 a\u00f1os\"}]},{\"@type\":\"WebSite\",\"@id\":\"https:\\\/\\\/www.laguiadepamplona.com\\\/actualidad\\\/#website\",\"url\":\"https:\\\/\\\/www.laguiadepamplona.com\\\/actualidad\\\/\",\"name\":\"La gu\u00eda de Pamplona\",\"description\":\"Noticias de Pamplona\",\"publisher\":{\"@id\":\"https:\\\/\\\/www.laguiadepamplona.com\\\/actualidad\\\/#organization\"},\"potentialAction\":[{\"@type\":\"SearchAction\",\"target\":{\"@type\":\"EntryPoint\",\"urlTemplate\":\"https:\\\/\\\/www.laguiadepamplona.com\\\/actualidad\\\/?s={search_term_string}\"},\"query-input\":{\"@type\":\"PropertyValueSpecification\",\"valueRequired\":true,\"valueName\":\"search_term_string\"}}],\"inLanguage\":\"es\"},{\"@type\":\"Organization\",\"@id\":\"https:\\\/\\\/www.laguiadepamplona.com\\\/actualidad\\\/#organization\",\"name\":\"La Gu\u00eda de Pamplona \\\/ Noticias\",\"url\":\"https:\\\/\\\/www.laguiadepamplona.com\\\/actualidad\\\/\",\"logo\":{\"@type\":\"ImageObject\",\"inLanguage\":\"es\",\"@id\":\"https:\\\/\\\/www.laguiadepamplona.com\\\/actualidad\\\/#\\\/schema\\\/logo\\\/image\\\/\",\"url\":\"https:\\\/\\\/www.laguiadepamplona.com\\\/actualidad\\\/wp-content\\\/uploads\\\/2018\\\/11\\\/logo-laguiadepamplona18-web1.png\",\"contentUrl\":\"https:\\\/\\\/www.laguiadepamplona.com\\\/actualidad\\\/wp-content\\\/uploads\\\/2018\\\/11\\\/logo-laguiadepamplona18-web1.png\",\"width\":600,\"height\":196,\"caption\":\"La Gu\u00eda de Pamplona \\\/ Noticias\"},\"image\":{\"@id\":\"https:\\\/\\\/www.laguiadepamplona.com\\\/actualidad\\\/#\\\/schema\\\/logo\\\/image\\\/\"},\"sameAs\":[\"https:\\\/\\\/www.facebook.com\\\/laguiadepamplonacom-133175176762273\\\/?ref=hl\",\"https:\\\/\\\/x.com\\\/LaGuiadPamplona\",\"https:\\\/\\\/www.instagram.com\\\/la_guia_de_pamplona\\\/\",\"https:\\\/\\\/www.youtube.com\\\/user\\\/laguiadepamplona\"]},{\"@type\":\"Person\",\"@id\":\"https:\\\/\\\/www.laguiadepamplona.com\\\/actualidad\\\/#\\\/schema\\\/person\\\/efe887376f0213d4657c93adc50b1fdb\",\"name\":\"La Gu\u00eda de Pamplona\",\"image\":{\"@type\":\"ImageObject\",\"inLanguage\":\"es\",\"@id\":\"https:\\\/\\\/secure.gravatar.com\\\/avatar\\\/b6992f131dc8d30ab0dff15446e9d346d9dbd95992de0fef795073f5ea83a81c?s=96&d=mm&r=g\",\"url\":\"https:\\\/\\\/secure.gravatar.com\\\/avatar\\\/b6992f131dc8d30ab0dff15446e9d346d9dbd95992de0fef795073f5ea83a81c?s=96&d=mm&r=g\",\"contentUrl\":\"https:\\\/\\\/secure.gravatar.com\\\/avatar\\\/b6992f131dc8d30ab0dff15446e9d346d9dbd95992de0fef795073f5ea83a81c?s=96&d=mm&r=g\",\"caption\":\"La Gu\u00eda de Pamplona\"}}]}<\/script>\n<!-- \/ Yoast SEO plugin. -->","yoast_head_json":{"title":"Un taller informa sobre la receta deportivo social, que prescribe ejercicio f\u00edsico y deporte desde los centros de salud a personas empadronadas de entre 50 y 80 a\u00f1os","description":"Civivox Iturrama acoge este viernes a las 12 la sesi\u00f3n informativa \u2018\u00bfQu\u00e9 es la receta deportivo social?\u2019, con entrada libre","robots":{"index":"index","follow":"follow","max-snippet":"max-snippet:-1","max-image-preview":"max-image-preview:large","max-video-preview":"max-video-preview:-1"},"canonical":"https:\/\/www.laguiadepamplona.com\/actualidad\/un-taller-informa-sobre-la-receta-deportivo-social-que-prescribe-ejercicio-fisico-y-deporte-desde-los-centros-de-salud-a-personas-empadronadas-de-entre-50-y-80-anos\/","og_locale":"es_ES","og_type":"article","og_title":"Un taller informa sobre la receta deportivo social, que prescribe ejercicio f\u00edsico y deporte desde los centros de salud a personas empadronadas de entre 50 y 80 a\u00f1os","og_description":"Civivox Iturrama acoge este viernes a las 12 la sesi\u00f3n informativa \u2018\u00bfQu\u00e9 es la receta deportivo social?\u2019, con entrada libre","og_url":"https:\/\/www.laguiadepamplona.com\/actualidad\/un-taller-informa-sobre-la-receta-deportivo-social-que-prescribe-ejercicio-fisico-y-deporte-desde-los-centros-de-salud-a-personas-empadronadas-de-entre-50-y-80-anos\/","og_site_name":"La Gu\u00eda de Pamplona","article_publisher":"https:\/\/www.facebook.com\/laguiadepamplonacom-133175176762273\/?ref=hl","article_published_time":"2023-04-27T11:24:43+00:00","og_image":[{"width":707,"height":1000,"url":"https:\/\/www.laguiadepamplona.com\/actualidad\/wp-content\/uploads\/2023\/04\/cartel-receta-deportivo-social.webp","type":"image\/webp"}],"author":"La Gu\u00eda de Pamplona","twitter_card":"summary_large_image","twitter_creator":"@LaGuiadPamplona","twitter_site":"@LaGuiadPamplona","twitter_misc":{"Escrito por":"La Gu\u00eda de Pamplona","Tiempo de lectura":"2 minutos"},"schema":{"@context":"https:\/\/schema.org","@graph":[{"@type":"Article","@id":"https:\/\/www.laguiadepamplona.com\/actualidad\/un-taller-informa-sobre-la-receta-deportivo-social-que-prescribe-ejercicio-fisico-y-deporte-desde-los-centros-de-salud-a-personas-empadronadas-de-entre-50-y-80-anos\/#article","isPartOf":{"@id":"https:\/\/www.laguiadepamplona.com\/actualidad\/un-taller-informa-sobre-la-receta-deportivo-social-que-prescribe-ejercicio-fisico-y-deporte-desde-los-centros-de-salud-a-personas-empadronadas-de-entre-50-y-80-anos\/"},"author":{"name":"La Gu\u00eda de Pamplona","@id":"https:\/\/www.laguiadepamplona.com\/actualidad\/#\/schema\/person\/efe887376f0213d4657c93adc50b1fdb"},"headline":"Un taller informa sobre la receta deportivo social, que prescribe ejercicio f\u00edsico y deporte desde los centros de salud a personas empadronadas de entre 50 y 80 a\u00f1os","datePublished":"2023-04-27T11:24:43+00:00","mainEntityOfPage":{"@id":"https:\/\/www.laguiadepamplona.com\/actualidad\/un-taller-informa-sobre-la-receta-deportivo-social-que-prescribe-ejercicio-fisico-y-deporte-desde-los-centros-de-salud-a-personas-empadronadas-de-entre-50-y-80-anos\/"},"wordCount":375,"commentCount":0,"publisher":{"@id":"https:\/\/www.laguiadepamplona.com\/actualidad\/#organization"},"image":{"@id":"https:\/\/www.laguiadepamplona.com\/actualidad\/un-taller-informa-sobre-la-receta-deportivo-social-que-prescribe-ejercicio-fisico-y-deporte-desde-los-centros-de-salud-a-personas-empadronadas-de-entre-50-y-80-anos\/#primaryimage"},"thumbnailUrl":"https:\/\/www.laguiadepamplona.com\/actualidad\/wp-content\/uploads\/2023\/04\/cartel-receta-deportivo-social.webp","articleSection":["Ayto Pamplona"],"inLanguage":"es","potentialAction":[{"@type":"CommentAction","name":"Comment","target":["https:\/\/www.laguiadepamplona.com\/actualidad\/un-taller-informa-sobre-la-receta-deportivo-social-que-prescribe-ejercicio-fisico-y-deporte-desde-los-centros-de-salud-a-personas-empadronadas-de-entre-50-y-80-anos\/#respond"]}]},{"@type":"WebPage","@id":"https:\/\/www.laguiadepamplona.com\/actualidad\/un-taller-informa-sobre-la-receta-deportivo-social-que-prescribe-ejercicio-fisico-y-deporte-desde-los-centros-de-salud-a-personas-empadronadas-de-entre-50-y-80-anos\/","url":"https:\/\/www.laguiadepamplona.com\/actualidad\/un-taller-informa-sobre-la-receta-deportivo-social-que-prescribe-ejercicio-fisico-y-deporte-desde-los-centros-de-salud-a-personas-empadronadas-de-entre-50-y-80-anos\/","name":"Un taller informa sobre la receta deportivo social, que prescribe ejercicio f\u00edsico y deporte desde los centros de salud a personas empadronadas de entre 50 y 80 a\u00f1os","isPartOf":{"@id":"https:\/\/www.laguiadepamplona.com\/actualidad\/#website"},"primaryImageOfPage":{"@id":"https:\/\/www.laguiadepamplona.com\/actualidad\/un-taller-informa-sobre-la-receta-deportivo-social-que-prescribe-ejercicio-fisico-y-deporte-desde-los-centros-de-salud-a-personas-empadronadas-de-entre-50-y-80-anos\/#primaryimage"},"image":{"@id":"https:\/\/www.laguiadepamplona.com\/actualidad\/un-taller-informa-sobre-la-receta-deportivo-social-que-prescribe-ejercicio-fisico-y-deporte-desde-los-centros-de-salud-a-personas-empadronadas-de-entre-50-y-80-anos\/#primaryimage"},"thumbnailUrl":"https:\/\/www.laguiadepamplona.com\/actualidad\/wp-content\/uploads\/2023\/04\/cartel-receta-deportivo-social.webp","datePublished":"2023-04-27T11:24:43+00:00","description":"Civivox Iturrama acoge este viernes a las 12 la sesi\u00f3n informativa \u2018\u00bfQu\u00e9 es la receta deportivo social?\u2019, con entrada libre","breadcrumb":{"@id":"https:\/\/www.laguiadepamplona.com\/actualidad\/un-taller-informa-sobre-la-receta-deportivo-social-que-prescribe-ejercicio-fisico-y-deporte-desde-los-centros-de-salud-a-personas-empadronadas-de-entre-50-y-80-anos\/#breadcrumb"},"inLanguage":"es","potentialAction":[{"@type":"ReadAction","target":["https:\/\/www.laguiadepamplona.com\/actualidad\/un-taller-informa-sobre-la-receta-deportivo-social-que-prescribe-ejercicio-fisico-y-deporte-desde-los-centros-de-salud-a-personas-empadronadas-de-entre-50-y-80-anos\/"]}]},{"@type":"ImageObject","inLanguage":"es","@id":"https:\/\/www.laguiadepamplona.com\/actualidad\/un-taller-informa-sobre-la-receta-deportivo-social-que-prescribe-ejercicio-fisico-y-deporte-desde-los-centros-de-salud-a-personas-empadronadas-de-entre-50-y-80-anos\/#primaryimage","url":"https:\/\/www.laguiadepamplona.com\/actualidad\/wp-content\/uploads\/2023\/04\/cartel-receta-deportivo-social.webp","contentUrl":"https:\/\/www.laguiadepamplona.com\/actualidad\/wp-content\/uploads\/2023\/04\/cartel-receta-deportivo-social.webp","width":707,"height":1000},{"@type":"BreadcrumbList","@id":"https:\/\/www.laguiadepamplona.com\/actualidad\/un-taller-informa-sobre-la-receta-deportivo-social-que-prescribe-ejercicio-fisico-y-deporte-desde-los-centros-de-salud-a-personas-empadronadas-de-entre-50-y-80-anos\/#breadcrumb","itemListElement":[{"@type":"ListItem","position":1,"name":"Portada","item":"https:\/\/www.laguiadepamplona.com\/actualidad\/"},{"@type":"ListItem","position":2,"name":"Un taller informa sobre la receta deportivo social, que prescribe ejercicio f\u00edsico y deporte desde los centros de salud a personas empadronadas de entre 50 y 80 a\u00f1os"}]},{"@type":"WebSite","@id":"https:\/\/www.laguiadepamplona.com\/actualidad\/#website","url":"https:\/\/www.laguiadepamplona.com\/actualidad\/","name":"La gu\u00eda de Pamplona","description":"Noticias de Pamplona","publisher":{"@id":"https:\/\/www.laguiadepamplona.com\/actualidad\/#organization"},"potentialAction":[{"@type":"SearchAction","target":{"@type":"EntryPoint","urlTemplate":"https:\/\/www.laguiadepamplona.com\/actualidad\/?s={search_term_string}"},"query-input":{"@type":"PropertyValueSpecification","valueRequired":true,"valueName":"search_term_string"}}],"inLanguage":"es"},{"@type":"Organization","@id":"https:\/\/www.laguiadepamplona.com\/actualidad\/#organization","name":"La Gu\u00eda de Pamplona \/ Noticias","url":"https:\/\/www.laguiadepamplona.com\/actualidad\/","logo":{"@type":"ImageObject","inLanguage":"es","@id":"https:\/\/www.laguiadepamplona.com\/actualidad\/#\/schema\/logo\/image\/","url":"https:\/\/www.laguiadepamplona.com\/actualidad\/wp-content\/uploads\/2018\/11\/logo-laguiadepamplona18-web1.png","contentUrl":"https:\/\/www.laguiadepamplona.com\/actualidad\/wp-content\/uploads\/2018\/11\/logo-laguiadepamplona18-web1.png","width":600,"height":196,"caption":"La Gu\u00eda de Pamplona \/ Noticias"},"image":{"@id":"https:\/\/www.laguiadepamplona.com\/actualidad\/#\/schema\/logo\/image\/"},"sameAs":["https:\/\/www.facebook.com\/laguiadepamplonacom-133175176762273\/?ref=hl","https:\/\/x.com\/LaGuiadPamplona","https:\/\/www.instagram.com\/la_guia_de_pamplona\/","https:\/\/www.youtube.com\/user\/laguiadepamplona"]},{"@type":"Person","@id":"https:\/\/www.laguiadepamplona.com\/actualidad\/#\/schema\/person\/efe887376f0213d4657c93adc50b1fdb","name":"La Gu\u00eda de Pamplona","image":{"@type":"ImageObject","inLanguage":"es","@id":"https:\/\/secure.gravatar.com\/avatar\/b6992f131dc8d30ab0dff15446e9d346d9dbd95992de0fef795073f5ea83a81c?s=96&d=mm&r=g","url":"https:\/\/secure.gravatar.com\/avatar\/b6992f131dc8d30ab0dff15446e9d346d9dbd95992de0fef795073f5ea83a81c?s=96&d=mm&r=g","contentUrl":"https:\/\/secure.gravatar.com\/avatar\/b6992f131dc8d30ab0dff15446e9d346d9dbd95992de0fef795073f5ea83a81c?s=96&d=mm&r=g","caption":"La Gu\u00eda de Pamplona"}}]}},"post_mailing_queue_ids":[],"_links":{"self":[{"href":"https:\/\/www.laguiadepamplona.com\/actualidad\/wp-json\/wp\/v2\/posts\/46500","targetHints":{"allow":["GET"]}}],"collection":[{"href":"https:\/\/www.laguiadepamplona.com\/actualidad\/wp-json\/wp\/v2\/posts"}],"about":[{"href":"https:\/\/www.laguiadepamplona.com\/actualidad\/wp-json\/wp\/v2\/types\/post"}],"author":[{"embeddable":true,"href":"https:\/\/www.laguiadepamplona.com\/actualidad\/wp-json\/wp\/v2\/users\/1"}],"replies":[{"embeddable":true,"href":"https:\/\/www.laguiadepamplona.com\/actualidad\/wp-json\/wp\/v2\/comments?post=46500"}],"version-history":[{"count":1,"href":"https:\/\/www.laguiadepamplona.com\/actualidad\/wp-json\/wp\/v2\/posts\/46500\/revisions"}],"predecessor-version":[{"id":46502,"href":"https:\/\/www.laguiadepamplona.com\/actualidad\/wp-json\/wp\/v2\/posts\/46500\/revisions\/46502"}],"wp:featuredmedia":[{"embeddable":true,"href":"https:\/\/www.laguiadepamplona.com\/actualidad\/wp-json\/wp\/v2\/media\/46501"}],"wp:attachment":[{"href":"https:\/\/www.laguiadepamplona.com\/actualidad\/wp-json\/wp\/v2\/media?parent=46500"}],"wp:term":[{"taxonomy":"category","embeddable":true,"href":"https:\/\/www.laguiadepamplona.com\/actualidad\/wp-json\/wp\/v2\/categories?post=46500"},{"taxonomy":"post_tag","embeddable":true,"href":"https:\/\/www.laguiadepamplona.com\/actualidad\/wp-json\/wp\/v2\/tags?post=46500"}],"curies":[{"name":"wp","href":"https:\/\/api.w.org\/{rel}","templated":true}]}}