{"id":46498,"date":"2023-04-27T13:20:39","date_gmt":"2023-04-27T11:20:39","guid":{"rendered":"https:\/\/www.laguiadepamplona.com\/actualidad\/?p=46498"},"modified":"2023-04-27T13:20:39","modified_gmt":"2023-04-27T11:20:39","slug":"la-escuela-de-musica-joaquin-maya-abre-el-plazo-de-preinscripcion-de-nuevo-alumnado-para-el-proximo-curso-academico-entre-el-2-y-el-12-de-mayo","status":"publish","type":"post","link":"https:\/\/www.laguiadepamplona.com\/actualidad\/la-escuela-de-musica-joaquin-maya-abre-el-plazo-de-preinscripcion-de-nuevo-alumnado-para-el-proximo-curso-academico-entre-el-2-y-el-12-de-mayo\/","title":{"rendered":"La Escuela de M\u00fasica Joaqu\u00edn Maya abre el plazo de preinscripci\u00f3n de nuevo alumnado para el pr\u00f3ximo curso acad\u00e9mico, entre el 2 y el 12 de mayo"},"content":{"rendered":"<h3>La solicitud de plazas, que se asignan por sorteo, se realiza a trav\u00e9s de la web de la Escuela o en el tel\u00e9fono 010 \u2013 948 420 100<\/h3>\n<p><!--more--><\/p>\n<p>La Escuela Especial de M\u00fasica Joaqu\u00edn Maya abre el pr\u00f3ximo martes su periodo de inscripci\u00f3n de nuevo alumnado para el curso 2023-2024. Las personas interesadas pueden realizar la inscripci\u00f3n en el tel\u00e9fono de Atenci\u00f3n Ciudadana 010 \u2013 948 420 100 o en la web de la escuela <a href=\"http:\/\/www.pamplona.es\/escuelademusica\" target=\"_blank\" rel=\"noopener\">www.pamplona.es\/escuelademusica<\/a>. Si hay m\u00e1s solicitudes que vacantes disponibles se realizar\u00e1 un sorteo.<\/p>\n<p>Las ense\u00f1anzas musicales no regladas de esta escuela de titularidad municipal est\u00e1n dirigidas a ni\u00f1os y ni\u00f1as mayores de 7 a\u00f1os, y a j\u00f3venes y adultos que est\u00e9n empadronados en Pamplona, antes del inicio de la preinscripci\u00f3n. La oferta incluye las asignaturas de lenguaje musical, conjunto coral y 23 instrumentos: acorde\u00f3n, bombardino, canto, clarinete, contrabajo, fagot, flauta, guitarra, oboe, percusi\u00f3n, piano, saxof\u00f3n, tromb\u00f3n, trompa, trompeta, tuba, txistu, viola, viol\u00edn, violoncello, adem\u00e1s de guitarra el\u00e9ctrica, bajo el\u00e9ctrico y bater\u00eda. La escuela tambi\u00e9n ofrece preparaci\u00f3n para la prueba de acceso a Grado Profesional de Conservatorio y formaci\u00f3n musical especializada a personas aficionadas a la ense\u00f1anza instrumental.<br \/>\n<script async src=\"\/\/pagead2.googlesyndication.com\/pagead\/js\/adsbygoogle.js\"><\/script><br \/>\n<!-- Noticias La Guia de Pamplona --><br \/>\n<ins class=\"adsbygoogle\"\nstyle=\"display:block\"\ndata-ad-client=\"ca-pub-6943679897239327\"\ndata-ad-slot=\"7048180777\"\ndata-ad-format=\"auto\"><\/ins><br \/>\n<script>\n(adsbygoogle = window.adsbygoogle || []).push({});\n<\/script><\/p>\n<p>Una vez finalizada la inscripci\u00f3n, el d\u00eda 19 de mayo se publicar\u00e1 la lista provisional de personas admitidas y se abrir\u00e1 un plazo de reclamaci\u00f3n hasta el 26 de mayo. A continuaci\u00f3n, se publicar\u00e1 la lista definitiva de personas admitidas al sorteo el d\u00eda 2 de junio. El sorteo de vacantes y la publicaci\u00f3n de personas admitidas tendr\u00e1 lugar el 20 de junio y hasta el 22 se podr\u00e1 presentar la documentaci\u00f3n para descuentos en el precio de matr\u00edcula. El plazo de matr\u00edcula del nuevo alumnado ser\u00e1 el 28 y 29 de junio.<\/p>\n<p>Todos los listados se publicar\u00e1n en la <a href=\"http:\/\/www.pamplona.es\/escuelademusica\" target=\"_blank\" rel=\"noopener\">web de la escuela<\/a> y en los tablones de anuncios del centro. S\u00f3lo se matricular\u00e1n las personas admitidas en el sorteo y, si quedasen plazas vacantes, se notificar\u00e1 a las personas que est\u00e9n en la lista de espera. El alumnado de la escuela que quiera apuntarse al sorteo deber\u00e1 renunciar a su plaza antes de formalizar la matr\u00edcula como alumnado de nuevo ingreso. Hay condiciones espec\u00edficas para alumnado que haya suspendido en dos ocasiones o haya sido expulsado y para antiguos alumnos y alumnas.<\/p>\n<p>Los estudiantes que est\u00e1n matriculados en la actualidad y los que se encuentran en situaci\u00f3n de excedencia podr\u00e1n realizar su matr\u00edcula del 5 al 11 de junio y si quieren cambiar de instrumento o de profesor\/a de instrumento, el plazo de solicitud se abre del 15 al 22 de mayo.<br \/>\n<script async src=\"\/\/pagead2.googlesyndication.com\/pagead\/js\/adsbygoogle.js\"><\/script><br \/>\n<!-- Noticias La Guia de Pamplona --><br \/>\n<ins class=\"adsbygoogle\"\nstyle=\"display:block\"\ndata-ad-client=\"ca-pub-6943679897239327\"\ndata-ad-slot=\"7048180777\"\ndata-ad-format=\"auto\"><\/ins><br \/>\n<script>\n(adsbygoogle = window.adsbygoogle || []).push({});\n<\/script><\/p>\n<p>&nbsp;<\/p>\n<h3>Preinscripci\u00f3n Escuela de M\u00fasica Joaqu\u00edn Maya. Curso 2023 &#8211; 2024<\/h3>\n<ul>\n<li>Solicitud en la <a href=\"http:\/\/www.pamplona.es\/escuelademusica\" target=\"_blank\" rel=\"noopener\">web de la escuela<\/a> o el tel\u00e9fono 010 \u2013 948 420 100\n<ul>\n<li>Del 2 al 12 de mayo de 2023<\/li>\n<li>Todos los listados se publicar\u00e1n en la web y en los tablones de anuncios de la escuela<\/li>\n<\/ul>\n<\/li>\n<li>Publicaci\u00f3n lista provisional personas admitidas\n<ul>\n<li>19 de mayo<\/li>\n<\/ul>\n<\/li>\n<li>Reclamaci\u00f3n a la lista provisional personas admitidas\n<ul>\n<li>Del 19 al 26 de mayo, mediante instancia en Registro<\/li>\n<\/ul>\n<\/li>\n<li>Publicaci\u00f3n lista provisional personas admitidas\n<ul>\n<li>2 de junio<\/li>\n<\/ul>\n<\/li>\n<li>Sorteo de plazas vacantes y publicaci\u00f3n de la lista de personas admitidas\n<ul>\n<li>20 de junio<\/li>\n<\/ul>\n<\/li>\n<li>Env\u00edo de documentaci\u00f3n para descuentos en el precio de la matr\u00edcula\n<ul>\n<li>Del 20 al 22 de junio<\/li>\n<\/ul>\n<\/li>\n<li>Matr\u00edcula del nuevo alumnado\n<ul>\n<li>28 y 29 de junio<\/li>\n<\/ul>\n<\/li>\n<\/ul>\n","protected":false},"excerpt":{"rendered":"<p>La solicitud de plazas, que se asignan por sorteo, se realiza a trav\u00e9s de la web de la Escuela o en el tel\u00e9fono 010 \u2013 948 420 100<\/p>\n","protected":false},"author":1,"featured_media":42723,"comment_status":"open","ping_status":"closed","sticky":false,"template":"","format":"standard","meta":{"footnotes":""},"categories":[2],"tags":[],"class_list":["post-46498","post","type-post","status-publish","format-standard","has-post-thumbnail","hentry","category-ayuntamiento-pamplona"],"yoast_head":"<!-- This site is optimized with the Yoast SEO plugin v27.3 - https:\/\/yoast.com\/product\/yoast-seo-wordpress\/ -->\n<title>La Escuela de M\u00fasica Joaqu\u00edn Maya abre el plazo de preinscripci\u00f3n de nuevo alumnado para el pr\u00f3ximo curso acad\u00e9mico, entre el 2 y el 12 de mayo<\/title>\n<meta name=\"description\" content=\"La solicitud de plazas, que se asignan por sorteo, se realiza a trav\u00e9s de la web de la Escuela o en el tel\u00e9fono 010 \u2013 948 420 100\" \/>\n<meta name=\"robots\" content=\"index, follow, max-snippet:-1, max-image-preview:large, max-video-preview:-1\" \/>\n<link rel=\"canonical\" href=\"https:\/\/www.laguiadepamplona.com\/actualidad\/la-escuela-de-musica-joaquin-maya-abre-el-plazo-de-preinscripcion-de-nuevo-alumnado-para-el-proximo-curso-academico-entre-el-2-y-el-12-de-mayo\/\" \/>\n<meta property=\"og:locale\" content=\"es_ES\" \/>\n<meta property=\"og:type\" content=\"article\" \/>\n<meta property=\"og:title\" content=\"La Escuela de M\u00fasica Joaqu\u00edn Maya abre el plazo de preinscripci\u00f3n de nuevo alumnado para el pr\u00f3ximo curso acad\u00e9mico, entre el 2 y el 12 de mayo\" \/>\n<meta property=\"og:description\" content=\"La solicitud de plazas, que se asignan por sorteo, se realiza a trav\u00e9s de la web de la Escuela o en el tel\u00e9fono 010 \u2013 948 420 100\" \/>\n<meta property=\"og:url\" content=\"https:\/\/www.laguiadepamplona.com\/actualidad\/la-escuela-de-musica-joaquin-maya-abre-el-plazo-de-preinscripcion-de-nuevo-alumnado-para-el-proximo-curso-academico-entre-el-2-y-el-12-de-mayo\/\" \/>\n<meta property=\"og:site_name\" content=\"La Gu\u00eda de Pamplona\" \/>\n<meta property=\"article:publisher\" content=\"https:\/\/www.facebook.com\/laguiadepamplonacom-133175176762273\/?ref=hl\" \/>\n<meta property=\"article:published_time\" content=\"2023-04-27T11:20:39+00:00\" \/>\n<meta property=\"og:image\" content=\"https:\/\/www.laguiadepamplona.com\/actualidad\/wp-content\/uploads\/2023\/01\/contrabajo-escuela-musica-joaquin-maya.webp\" \/>\n\t<meta property=\"og:image:width\" content=\"1920\" \/>\n\t<meta property=\"og:image:height\" content=\"1280\" \/>\n\t<meta property=\"og:image:type\" content=\"image\/webp\" \/>\n<meta name=\"author\" content=\"La Gu\u00eda de Pamplona\" \/>\n<meta name=\"twitter:card\" content=\"summary_large_image\" \/>\n<meta name=\"twitter:creator\" content=\"@LaGuiadPamplona\" \/>\n<meta name=\"twitter:site\" content=\"@LaGuiadPamplona\" \/>\n<meta name=\"twitter:label1\" content=\"Escrito por\" \/>\n\t<meta name=\"twitter:data1\" content=\"La Gu\u00eda de Pamplona\" \/>\n\t<meta name=\"twitter:label2\" content=\"Tiempo de lectura\" \/>\n\t<meta name=\"twitter:data2\" content=\"3 minutos\" \/>\n<script type=\"application\/ld+json\" class=\"yoast-schema-graph\">{\"@context\":\"https:\\\/\\\/schema.org\",\"@graph\":[{\"@type\":\"Article\",\"@id\":\"https:\\\/\\\/www.laguiadepamplona.com\\\/actualidad\\\/la-escuela-de-musica-joaquin-maya-abre-el-plazo-de-preinscripcion-de-nuevo-alumnado-para-el-proximo-curso-academico-entre-el-2-y-el-12-de-mayo\\\/#article\",\"isPartOf\":{\"@id\":\"https:\\\/\\\/www.laguiadepamplona.com\\\/actualidad\\\/la-escuela-de-musica-joaquin-maya-abre-el-plazo-de-preinscripcion-de-nuevo-alumnado-para-el-proximo-curso-academico-entre-el-2-y-el-12-de-mayo\\\/\"},\"author\":{\"name\":\"La Gu\u00eda de Pamplona\",\"@id\":\"https:\\\/\\\/www.laguiadepamplona.com\\\/actualidad\\\/#\\\/schema\\\/person\\\/efe887376f0213d4657c93adc50b1fdb\"},\"headline\":\"La Escuela de M\u00fasica Joaqu\u00edn Maya abre el plazo de preinscripci\u00f3n de nuevo alumnado para el pr\u00f3ximo curso acad\u00e9mico, entre el 2 y el 12 de mayo\",\"datePublished\":\"2023-04-27T11:20:39+00:00\",\"mainEntityOfPage\":{\"@id\":\"https:\\\/\\\/www.laguiadepamplona.com\\\/actualidad\\\/la-escuela-de-musica-joaquin-maya-abre-el-plazo-de-preinscripcion-de-nuevo-alumnado-para-el-proximo-curso-academico-entre-el-2-y-el-12-de-mayo\\\/\"},\"wordCount\":605,\"commentCount\":0,\"publisher\":{\"@id\":\"https:\\\/\\\/www.laguiadepamplona.com\\\/actualidad\\\/#organization\"},\"image\":{\"@id\":\"https:\\\/\\\/www.laguiadepamplona.com\\\/actualidad\\\/la-escuela-de-musica-joaquin-maya-abre-el-plazo-de-preinscripcion-de-nuevo-alumnado-para-el-proximo-curso-academico-entre-el-2-y-el-12-de-mayo\\\/#primaryimage\"},\"thumbnailUrl\":\"https:\\\/\\\/www.laguiadepamplona.com\\\/actualidad\\\/wp-content\\\/uploads\\\/2023\\\/01\\\/contrabajo-escuela-musica-joaquin-maya.webp\",\"articleSection\":[\"Ayto Pamplona\"],\"inLanguage\":\"es\",\"potentialAction\":[{\"@type\":\"CommentAction\",\"name\":\"Comment\",\"target\":[\"https:\\\/\\\/www.laguiadepamplona.com\\\/actualidad\\\/la-escuela-de-musica-joaquin-maya-abre-el-plazo-de-preinscripcion-de-nuevo-alumnado-para-el-proximo-curso-academico-entre-el-2-y-el-12-de-mayo\\\/#respond\"]}]},{\"@type\":\"WebPage\",\"@id\":\"https:\\\/\\\/www.laguiadepamplona.com\\\/actualidad\\\/la-escuela-de-musica-joaquin-maya-abre-el-plazo-de-preinscripcion-de-nuevo-alumnado-para-el-proximo-curso-academico-entre-el-2-y-el-12-de-mayo\\\/\",\"url\":\"https:\\\/\\\/www.laguiadepamplona.com\\\/actualidad\\\/la-escuela-de-musica-joaquin-maya-abre-el-plazo-de-preinscripcion-de-nuevo-alumnado-para-el-proximo-curso-academico-entre-el-2-y-el-12-de-mayo\\\/\",\"name\":\"La Escuela de M\u00fasica Joaqu\u00edn Maya abre el plazo de preinscripci\u00f3n de nuevo alumnado para el pr\u00f3ximo curso acad\u00e9mico, entre el 2 y el 12 de mayo\",\"isPartOf\":{\"@id\":\"https:\\\/\\\/www.laguiadepamplona.com\\\/actualidad\\\/#website\"},\"primaryImageOfPage\":{\"@id\":\"https:\\\/\\\/www.laguiadepamplona.com\\\/actualidad\\\/la-escuela-de-musica-joaquin-maya-abre-el-plazo-de-preinscripcion-de-nuevo-alumnado-para-el-proximo-curso-academico-entre-el-2-y-el-12-de-mayo\\\/#primaryimage\"},\"image\":{\"@id\":\"https:\\\/\\\/www.laguiadepamplona.com\\\/actualidad\\\/la-escuela-de-musica-joaquin-maya-abre-el-plazo-de-preinscripcion-de-nuevo-alumnado-para-el-proximo-curso-academico-entre-el-2-y-el-12-de-mayo\\\/#primaryimage\"},\"thumbnailUrl\":\"https:\\\/\\\/www.laguiadepamplona.com\\\/actualidad\\\/wp-content\\\/uploads\\\/2023\\\/01\\\/contrabajo-escuela-musica-joaquin-maya.webp\",\"datePublished\":\"2023-04-27T11:20:39+00:00\",\"description\":\"La solicitud de plazas, que se asignan por sorteo, se realiza a trav\u00e9s de la web de la Escuela o en el tel\u00e9fono 010 \u2013 948 420 100\",\"breadcrumb\":{\"@id\":\"https:\\\/\\\/www.laguiadepamplona.com\\\/actualidad\\\/la-escuela-de-musica-joaquin-maya-abre-el-plazo-de-preinscripcion-de-nuevo-alumnado-para-el-proximo-curso-academico-entre-el-2-y-el-12-de-mayo\\\/#breadcrumb\"},\"inLanguage\":\"es\",\"potentialAction\":[{\"@type\":\"ReadAction\",\"target\":[\"https:\\\/\\\/www.laguiadepamplona.com\\\/actualidad\\\/la-escuela-de-musica-joaquin-maya-abre-el-plazo-de-preinscripcion-de-nuevo-alumnado-para-el-proximo-curso-academico-entre-el-2-y-el-12-de-mayo\\\/\"]}]},{\"@type\":\"ImageObject\",\"inLanguage\":\"es\",\"@id\":\"https:\\\/\\\/www.laguiadepamplona.com\\\/actualidad\\\/la-escuela-de-musica-joaquin-maya-abre-el-plazo-de-preinscripcion-de-nuevo-alumnado-para-el-proximo-curso-academico-entre-el-2-y-el-12-de-mayo\\\/#primaryimage\",\"url\":\"https:\\\/\\\/www.laguiadepamplona.com\\\/actualidad\\\/wp-content\\\/uploads\\\/2023\\\/01\\\/contrabajo-escuela-musica-joaquin-maya.webp\",\"contentUrl\":\"https:\\\/\\\/www.laguiadepamplona.com\\\/actualidad\\\/wp-content\\\/uploads\\\/2023\\\/01\\\/contrabajo-escuela-musica-joaquin-maya.webp\",\"width\":1920,\"height\":1280,\"caption\":\"escuela m\u00fasica joaquin maya\"},{\"@type\":\"BreadcrumbList\",\"@id\":\"https:\\\/\\\/www.laguiadepamplona.com\\\/actualidad\\\/la-escuela-de-musica-joaquin-maya-abre-el-plazo-de-preinscripcion-de-nuevo-alumnado-para-el-proximo-curso-academico-entre-el-2-y-el-12-de-mayo\\\/#breadcrumb\",\"itemListElement\":[{\"@type\":\"ListItem\",\"position\":1,\"name\":\"Portada\",\"item\":\"https:\\\/\\\/www.laguiadepamplona.com\\\/actualidad\\\/\"},{\"@type\":\"ListItem\",\"position\":2,\"name\":\"La Escuela de M\u00fasica Joaqu\u00edn Maya abre el plazo de preinscripci\u00f3n de nuevo alumnado para el pr\u00f3ximo curso acad\u00e9mico, entre el 2 y el 12 de mayo\"}]},{\"@type\":\"WebSite\",\"@id\":\"https:\\\/\\\/www.laguiadepamplona.com\\\/actualidad\\\/#website\",\"url\":\"https:\\\/\\\/www.laguiadepamplona.com\\\/actualidad\\\/\",\"name\":\"La gu\u00eda de Pamplona\",\"description\":\"Noticias de Pamplona\",\"publisher\":{\"@id\":\"https:\\\/\\\/www.laguiadepamplona.com\\\/actualidad\\\/#organization\"},\"potentialAction\":[{\"@type\":\"SearchAction\",\"target\":{\"@type\":\"EntryPoint\",\"urlTemplate\":\"https:\\\/\\\/www.laguiadepamplona.com\\\/actualidad\\\/?s={search_term_string}\"},\"query-input\":{\"@type\":\"PropertyValueSpecification\",\"valueRequired\":true,\"valueName\":\"search_term_string\"}}],\"inLanguage\":\"es\"},{\"@type\":\"Organization\",\"@id\":\"https:\\\/\\\/www.laguiadepamplona.com\\\/actualidad\\\/#organization\",\"name\":\"La Gu\u00eda de Pamplona \\\/ Noticias\",\"url\":\"https:\\\/\\\/www.laguiadepamplona.com\\\/actualidad\\\/\",\"logo\":{\"@type\":\"ImageObject\",\"inLanguage\":\"es\",\"@id\":\"https:\\\/\\\/www.laguiadepamplona.com\\\/actualidad\\\/#\\\/schema\\\/logo\\\/image\\\/\",\"url\":\"https:\\\/\\\/www.laguiadepamplona.com\\\/actualidad\\\/wp-content\\\/uploads\\\/2018\\\/11\\\/logo-laguiadepamplona18-web1.png\",\"contentUrl\":\"https:\\\/\\\/www.laguiadepamplona.com\\\/actualidad\\\/wp-content\\\/uploads\\\/2018\\\/11\\\/logo-laguiadepamplona18-web1.png\",\"width\":600,\"height\":196,\"caption\":\"La Gu\u00eda de Pamplona \\\/ Noticias\"},\"image\":{\"@id\":\"https:\\\/\\\/www.laguiadepamplona.com\\\/actualidad\\\/#\\\/schema\\\/logo\\\/image\\\/\"},\"sameAs\":[\"https:\\\/\\\/www.facebook.com\\\/laguiadepamplonacom-133175176762273\\\/?ref=hl\",\"https:\\\/\\\/x.com\\\/LaGuiadPamplona\",\"https:\\\/\\\/www.instagram.com\\\/la_guia_de_pamplona\\\/\",\"https:\\\/\\\/www.youtube.com\\\/user\\\/laguiadepamplona\"]},{\"@type\":\"Person\",\"@id\":\"https:\\\/\\\/www.laguiadepamplona.com\\\/actualidad\\\/#\\\/schema\\\/person\\\/efe887376f0213d4657c93adc50b1fdb\",\"name\":\"La Gu\u00eda de Pamplona\",\"image\":{\"@type\":\"ImageObject\",\"inLanguage\":\"es\",\"@id\":\"https:\\\/\\\/secure.gravatar.com\\\/avatar\\\/b6992f131dc8d30ab0dff15446e9d346d9dbd95992de0fef795073f5ea83a81c?s=96&d=mm&r=g\",\"url\":\"https:\\\/\\\/secure.gravatar.com\\\/avatar\\\/b6992f131dc8d30ab0dff15446e9d346d9dbd95992de0fef795073f5ea83a81c?s=96&d=mm&r=g\",\"contentUrl\":\"https:\\\/\\\/secure.gravatar.com\\\/avatar\\\/b6992f131dc8d30ab0dff15446e9d346d9dbd95992de0fef795073f5ea83a81c?s=96&d=mm&r=g\",\"caption\":\"La Gu\u00eda de Pamplona\"}}]}<\/script>\n<!-- \/ Yoast SEO plugin. -->","yoast_head_json":{"title":"La Escuela de M\u00fasica Joaqu\u00edn Maya abre el plazo de preinscripci\u00f3n de nuevo alumnado para el pr\u00f3ximo curso acad\u00e9mico, entre el 2 y el 12 de mayo","description":"La solicitud de plazas, que se asignan por sorteo, se realiza a trav\u00e9s de la web de la Escuela o en el tel\u00e9fono 010 \u2013 948 420 100","robots":{"index":"index","follow":"follow","max-snippet":"max-snippet:-1","max-image-preview":"max-image-preview:large","max-video-preview":"max-video-preview:-1"},"canonical":"https:\/\/www.laguiadepamplona.com\/actualidad\/la-escuela-de-musica-joaquin-maya-abre-el-plazo-de-preinscripcion-de-nuevo-alumnado-para-el-proximo-curso-academico-entre-el-2-y-el-12-de-mayo\/","og_locale":"es_ES","og_type":"article","og_title":"La Escuela de M\u00fasica Joaqu\u00edn Maya abre el plazo de preinscripci\u00f3n de nuevo alumnado para el pr\u00f3ximo curso acad\u00e9mico, entre el 2 y el 12 de mayo","og_description":"La solicitud de plazas, que se asignan por sorteo, se realiza a trav\u00e9s de la web de la Escuela o en el tel\u00e9fono 010 \u2013 948 420 100","og_url":"https:\/\/www.laguiadepamplona.com\/actualidad\/la-escuela-de-musica-joaquin-maya-abre-el-plazo-de-preinscripcion-de-nuevo-alumnado-para-el-proximo-curso-academico-entre-el-2-y-el-12-de-mayo\/","og_site_name":"La Gu\u00eda de Pamplona","article_publisher":"https:\/\/www.facebook.com\/laguiadepamplonacom-133175176762273\/?ref=hl","article_published_time":"2023-04-27T11:20:39+00:00","og_image":[{"width":1920,"height":1280,"url":"https:\/\/www.laguiadepamplona.com\/actualidad\/wp-content\/uploads\/2023\/01\/contrabajo-escuela-musica-joaquin-maya.webp","type":"image\/webp"}],"author":"La Gu\u00eda de Pamplona","twitter_card":"summary_large_image","twitter_creator":"@LaGuiadPamplona","twitter_site":"@LaGuiadPamplona","twitter_misc":{"Escrito por":"La Gu\u00eda de Pamplona","Tiempo de lectura":"3 minutos"},"schema":{"@context":"https:\/\/schema.org","@graph":[{"@type":"Article","@id":"https:\/\/www.laguiadepamplona.com\/actualidad\/la-escuela-de-musica-joaquin-maya-abre-el-plazo-de-preinscripcion-de-nuevo-alumnado-para-el-proximo-curso-academico-entre-el-2-y-el-12-de-mayo\/#article","isPartOf":{"@id":"https:\/\/www.laguiadepamplona.com\/actualidad\/la-escuela-de-musica-joaquin-maya-abre-el-plazo-de-preinscripcion-de-nuevo-alumnado-para-el-proximo-curso-academico-entre-el-2-y-el-12-de-mayo\/"},"author":{"name":"La Gu\u00eda de Pamplona","@id":"https:\/\/www.laguiadepamplona.com\/actualidad\/#\/schema\/person\/efe887376f0213d4657c93adc50b1fdb"},"headline":"La Escuela de M\u00fasica Joaqu\u00edn Maya abre el plazo de preinscripci\u00f3n de nuevo alumnado para el pr\u00f3ximo curso acad\u00e9mico, entre el 2 y el 12 de mayo","datePublished":"2023-04-27T11:20:39+00:00","mainEntityOfPage":{"@id":"https:\/\/www.laguiadepamplona.com\/actualidad\/la-escuela-de-musica-joaquin-maya-abre-el-plazo-de-preinscripcion-de-nuevo-alumnado-para-el-proximo-curso-academico-entre-el-2-y-el-12-de-mayo\/"},"wordCount":605,"commentCount":0,"publisher":{"@id":"https:\/\/www.laguiadepamplona.com\/actualidad\/#organization"},"image":{"@id":"https:\/\/www.laguiadepamplona.com\/actualidad\/la-escuela-de-musica-joaquin-maya-abre-el-plazo-de-preinscripcion-de-nuevo-alumnado-para-el-proximo-curso-academico-entre-el-2-y-el-12-de-mayo\/#primaryimage"},"thumbnailUrl":"https:\/\/www.laguiadepamplona.com\/actualidad\/wp-content\/uploads\/2023\/01\/contrabajo-escuela-musica-joaquin-maya.webp","articleSection":["Ayto Pamplona"],"inLanguage":"es","potentialAction":[{"@type":"CommentAction","name":"Comment","target":["https:\/\/www.laguiadepamplona.com\/actualidad\/la-escuela-de-musica-joaquin-maya-abre-el-plazo-de-preinscripcion-de-nuevo-alumnado-para-el-proximo-curso-academico-entre-el-2-y-el-12-de-mayo\/#respond"]}]},{"@type":"WebPage","@id":"https:\/\/www.laguiadepamplona.com\/actualidad\/la-escuela-de-musica-joaquin-maya-abre-el-plazo-de-preinscripcion-de-nuevo-alumnado-para-el-proximo-curso-academico-entre-el-2-y-el-12-de-mayo\/","url":"https:\/\/www.laguiadepamplona.com\/actualidad\/la-escuela-de-musica-joaquin-maya-abre-el-plazo-de-preinscripcion-de-nuevo-alumnado-para-el-proximo-curso-academico-entre-el-2-y-el-12-de-mayo\/","name":"La Escuela de M\u00fasica Joaqu\u00edn Maya abre el plazo de preinscripci\u00f3n de nuevo alumnado para el pr\u00f3ximo curso acad\u00e9mico, entre el 2 y el 12 de mayo","isPartOf":{"@id":"https:\/\/www.laguiadepamplona.com\/actualidad\/#website"},"primaryImageOfPage":{"@id":"https:\/\/www.laguiadepamplona.com\/actualidad\/la-escuela-de-musica-joaquin-maya-abre-el-plazo-de-preinscripcion-de-nuevo-alumnado-para-el-proximo-curso-academico-entre-el-2-y-el-12-de-mayo\/#primaryimage"},"image":{"@id":"https:\/\/www.laguiadepamplona.com\/actualidad\/la-escuela-de-musica-joaquin-maya-abre-el-plazo-de-preinscripcion-de-nuevo-alumnado-para-el-proximo-curso-academico-entre-el-2-y-el-12-de-mayo\/#primaryimage"},"thumbnailUrl":"https:\/\/www.laguiadepamplona.com\/actualidad\/wp-content\/uploads\/2023\/01\/contrabajo-escuela-musica-joaquin-maya.webp","datePublished":"2023-04-27T11:20:39+00:00","description":"La solicitud de plazas, que se asignan por sorteo, se realiza a trav\u00e9s de la web de la Escuela o en el tel\u00e9fono 010 \u2013 948 420 100","breadcrumb":{"@id":"https:\/\/www.laguiadepamplona.com\/actualidad\/la-escuela-de-musica-joaquin-maya-abre-el-plazo-de-preinscripcion-de-nuevo-alumnado-para-el-proximo-curso-academico-entre-el-2-y-el-12-de-mayo\/#breadcrumb"},"inLanguage":"es","potentialAction":[{"@type":"ReadAction","target":["https:\/\/www.laguiadepamplona.com\/actualidad\/la-escuela-de-musica-joaquin-maya-abre-el-plazo-de-preinscripcion-de-nuevo-alumnado-para-el-proximo-curso-academico-entre-el-2-y-el-12-de-mayo\/"]}]},{"@type":"ImageObject","inLanguage":"es","@id":"https:\/\/www.laguiadepamplona.com\/actualidad\/la-escuela-de-musica-joaquin-maya-abre-el-plazo-de-preinscripcion-de-nuevo-alumnado-para-el-proximo-curso-academico-entre-el-2-y-el-12-de-mayo\/#primaryimage","url":"https:\/\/www.laguiadepamplona.com\/actualidad\/wp-content\/uploads\/2023\/01\/contrabajo-escuela-musica-joaquin-maya.webp","contentUrl":"https:\/\/www.laguiadepamplona.com\/actualidad\/wp-content\/uploads\/2023\/01\/contrabajo-escuela-musica-joaquin-maya.webp","width":1920,"height":1280,"caption":"escuela m\u00fasica joaquin maya"},{"@type":"BreadcrumbList","@id":"https:\/\/www.laguiadepamplona.com\/actualidad\/la-escuela-de-musica-joaquin-maya-abre-el-plazo-de-preinscripcion-de-nuevo-alumnado-para-el-proximo-curso-academico-entre-el-2-y-el-12-de-mayo\/#breadcrumb","itemListElement":[{"@type":"ListItem","position":1,"name":"Portada","item":"https:\/\/www.laguiadepamplona.com\/actualidad\/"},{"@type":"ListItem","position":2,"name":"La Escuela de M\u00fasica Joaqu\u00edn Maya abre el plazo de preinscripci\u00f3n de nuevo alumnado para el pr\u00f3ximo curso acad\u00e9mico, entre el 2 y el 12 de mayo"}]},{"@type":"WebSite","@id":"https:\/\/www.laguiadepamplona.com\/actualidad\/#website","url":"https:\/\/www.laguiadepamplona.com\/actualidad\/","name":"La gu\u00eda de Pamplona","description":"Noticias de Pamplona","publisher":{"@id":"https:\/\/www.laguiadepamplona.com\/actualidad\/#organization"},"potentialAction":[{"@type":"SearchAction","target":{"@type":"EntryPoint","urlTemplate":"https:\/\/www.laguiadepamplona.com\/actualidad\/?s={search_term_string}"},"query-input":{"@type":"PropertyValueSpecification","valueRequired":true,"valueName":"search_term_string"}}],"inLanguage":"es"},{"@type":"Organization","@id":"https:\/\/www.laguiadepamplona.com\/actualidad\/#organization","name":"La Gu\u00eda de Pamplona \/ Noticias","url":"https:\/\/www.laguiadepamplona.com\/actualidad\/","logo":{"@type":"ImageObject","inLanguage":"es","@id":"https:\/\/www.laguiadepamplona.com\/actualidad\/#\/schema\/logo\/image\/","url":"https:\/\/www.laguiadepamplona.com\/actualidad\/wp-content\/uploads\/2018\/11\/logo-laguiadepamplona18-web1.png","contentUrl":"https:\/\/www.laguiadepamplona.com\/actualidad\/wp-content\/uploads\/2018\/11\/logo-laguiadepamplona18-web1.png","width":600,"height":196,"caption":"La Gu\u00eda de Pamplona \/ Noticias"},"image":{"@id":"https:\/\/www.laguiadepamplona.com\/actualidad\/#\/schema\/logo\/image\/"},"sameAs":["https:\/\/www.facebook.com\/laguiadepamplonacom-133175176762273\/?ref=hl","https:\/\/x.com\/LaGuiadPamplona","https:\/\/www.instagram.com\/la_guia_de_pamplona\/","https:\/\/www.youtube.com\/user\/laguiadepamplona"]},{"@type":"Person","@id":"https:\/\/www.laguiadepamplona.com\/actualidad\/#\/schema\/person\/efe887376f0213d4657c93adc50b1fdb","name":"La Gu\u00eda de Pamplona","image":{"@type":"ImageObject","inLanguage":"es","@id":"https:\/\/secure.gravatar.com\/avatar\/b6992f131dc8d30ab0dff15446e9d346d9dbd95992de0fef795073f5ea83a81c?s=96&d=mm&r=g","url":"https:\/\/secure.gravatar.com\/avatar\/b6992f131dc8d30ab0dff15446e9d346d9dbd95992de0fef795073f5ea83a81c?s=96&d=mm&r=g","contentUrl":"https:\/\/secure.gravatar.com\/avatar\/b6992f131dc8d30ab0dff15446e9d346d9dbd95992de0fef795073f5ea83a81c?s=96&d=mm&r=g","caption":"La Gu\u00eda de Pamplona"}}]}},"post_mailing_queue_ids":[],"_links":{"self":[{"href":"https:\/\/www.laguiadepamplona.com\/actualidad\/wp-json\/wp\/v2\/posts\/46498","targetHints":{"allow":["GET"]}}],"collection":[{"href":"https:\/\/www.laguiadepamplona.com\/actualidad\/wp-json\/wp\/v2\/posts"}],"about":[{"href":"https:\/\/www.laguiadepamplona.com\/actualidad\/wp-json\/wp\/v2\/types\/post"}],"author":[{"embeddable":true,"href":"https:\/\/www.laguiadepamplona.com\/actualidad\/wp-json\/wp\/v2\/users\/1"}],"replies":[{"embeddable":true,"href":"https:\/\/www.laguiadepamplona.com\/actualidad\/wp-json\/wp\/v2\/comments?post=46498"}],"version-history":[{"count":1,"href":"https:\/\/www.laguiadepamplona.com\/actualidad\/wp-json\/wp\/v2\/posts\/46498\/revisions"}],"predecessor-version":[{"id":46499,"href":"https:\/\/www.laguiadepamplona.com\/actualidad\/wp-json\/wp\/v2\/posts\/46498\/revisions\/46499"}],"wp:featuredmedia":[{"embeddable":true,"href":"https:\/\/www.laguiadepamplona.com\/actualidad\/wp-json\/wp\/v2\/media\/42723"}],"wp:attachment":[{"href":"https:\/\/www.laguiadepamplona.com\/actualidad\/wp-json\/wp\/v2\/media?parent=46498"}],"wp:term":[{"taxonomy":"category","embeddable":true,"href":"https:\/\/www.laguiadepamplona.com\/actualidad\/wp-json\/wp\/v2\/categories?post=46498"},{"taxonomy":"post_tag","embeddable":true,"href":"https:\/\/www.laguiadepamplona.com\/actualidad\/wp-json\/wp\/v2\/tags?post=46498"}],"curies":[{"name":"wp","href":"https:\/\/api.w.org\/{rel}","templated":true}]}}