{"id":46496,"date":"2023-04-27T13:18:13","date_gmt":"2023-04-27T11:18:13","guid":{"rendered":"https:\/\/www.laguiadepamplona.com\/actualidad\/?p=46496"},"modified":"2023-04-27T17:27:13","modified_gmt":"2023-04-27T15:27:13","slug":"un-total-de-4-110-personas-han-votado-ya-para-elegir-el-que-sera-el-cartel-de-sanfermines-de-este-ano","status":"publish","type":"post","link":"https:\/\/www.laguiadepamplona.com\/actualidad\/un-total-de-4-110-personas-han-votado-ya-para-elegir-el-que-sera-el-cartel-de-sanfermines-de-este-ano\/","title":{"rendered":"Un total de 4.110 personas han votado ya para elegir el que ser\u00e1 el cartel de Sanfermines de este a\u00f1o"},"content":{"rendered":"<h3>Las votaciones permanecer\u00e1n abiertas hasta el pr\u00f3ximo 2 de mayo<\/h3>\n<p><!--more--><\/p>\n<p>El sistema de votaciones para elegir el cartel de Sanfermines de este a\u00f1o ha registrado 4.110 votaciones hasta las 11 horas de hoy, jueves. Las personas interesadas en participar disponen de plazo hasta el martes 2 de mayo para emitir su voto entre los diez carteles seleccionados por el jurado profesional. Las votaciones, limitadas a personas empadronadas en Pamplona, pueden realizarse a trav\u00e9s de internet, en la p\u00e1gina web municipal <a href=\"https:\/\/votacionessanfermin.pamplona.es\/\" target=\"_blank\" rel=\"noopener\">pamplona.es<\/a>, del tel\u00e9fono 010 \u2013 948 420 100 y de forma presencial en las urnas habilitadas en los siete Civivox de la ciudad.<br \/>\n<script async src=\"\/\/pagead2.googlesyndication.com\/pagead\/js\/adsbygoogle.js\"><\/script><br \/>\n<!-- Noticias La Guia de Pamplona --><br \/>\n<ins class=\"adsbygoogle\"\nstyle=\"display:block\"\ndata-ad-client=\"ca-pub-6943679897239327\"\ndata-ad-slot=\"7048180777\"\ndata-ad-format=\"auto\"><\/ins><br \/>\n<script>\n(adsbygoogle = window.adsbygoogle || []).push({});\n<\/script><\/p>\n<p>El Ayuntamiento de Pamplona dio a conocer las diez obras finalistas del Concurso del Cartel de San Ferm\u00edn 2023 el pasado jueves, abriendo ese mismo d\u00eda la votaci\u00f3n para que la ciudadan\u00eda empadronada en la ciudad pudiera emitir su voto.\u00a0 Ese plazo finaliza el pr\u00f3ximo martes, d\u00eda 2. La votaci\u00f3n online, a trav\u00e9s de la web, se cerrar\u00e1 a las 23.59 horas. Por su parte, la votaci\u00f3n a trav\u00e9s del tel\u00e9fono 010 se dar\u00e1 por concluida a las 19 horas. En el caso de votaciones presenciales en los Civivox, se podr\u00e1 votar hasta las 21 horas.<\/p>\n<p>Para evitar votos fraudulentos e intentos de manipulaci\u00f3n de los resultados, como novedad este a\u00f1o, se garantiza la autenticidad de la persona que emite su voto a trav\u00e9s de un proceso de confirmaci\u00f3n. Para que el voto telem\u00e1tico sea v\u00e1lido, es necesario confirmarlo mediante un enlace que se env\u00eda al correo electr\u00f3nico de la persona votante. En caso de no confirmarse a trav\u00e9s de ese correo, el voto no ser\u00e1 contabilizado. Con un mismo correo electr\u00f3nico, se permite votar un m\u00e1ximo de dos personas diferentes.<\/p>\n<p>Los carteles est\u00e1n expuestos en el patio del Palacio de Condestable y, adem\u00e1s, se pueden consultar en la p\u00e1gina de inicio de la p\u00e1gina web municipal.<br \/>\n<script async src=\"\/\/pagead2.googlesyndication.com\/pagead\/js\/adsbygoogle.js\"><\/script><br \/>\n<!-- Noticias La Guia de Pamplona --><br \/>\n<ins class=\"adsbygoogle\"\nstyle=\"display:block\"\ndata-ad-client=\"ca-pub-6943679897239327\"\ndata-ad-slot=\"7048180777\"\ndata-ad-format=\"auto\"><\/ins><br \/>\n<script>\n(adsbygoogle = window.adsbygoogle || []).push({});\n<\/script><\/p>\n<p>&nbsp;<\/p>\n<h3>Las 10 Obras Seleccionadas<\/h3>\n<p>&nbsp;<\/p>\n<ul>\n<li>N\u00ba 1. Plica 1.039. 204 horas<\/li>\n<li>N\u00ba 2. Plica 1.096. Nueve letras, nueve d\u00edas, nueve emblemas<\/li>\n<li>N\u00ba 3. Plica 1.141. Chupinazo<\/li>\n<li>N\u00ba 4. Plica 1.161. El color del a\u00f1o<\/li>\n<li>N\u00ba 5. Plica 1.171. Seguimos<\/li>\n<li>N\u00ba 6. Plica 1.329. Euforia<\/li>\n<li>N\u00ba 7. Plica 1.411. Kiliki-ki<\/li>\n<li>N\u00ba 8. Plica 1.433. Instante<\/li>\n<li>N\u00ba 9. Plica 1.458. Los vanguardistas<\/li>\n<li>N\u00ba 10. Plica 1.533. Tipazo<\/li>\n<\/ul>\n","protected":false},"excerpt":{"rendered":"<p>Las votaciones permanecer\u00e1n abiertas hasta el pr\u00f3ximo 2 de mayo<\/p>\n","protected":false},"author":1,"featured_media":46412,"comment_status":"open","ping_status":"closed","sticky":false,"template":"","format":"standard","meta":{"footnotes":""},"categories":[2,9406],"tags":[],"class_list":["post-46496","post","type-post","status-publish","format-standard","has-post-thumbnail","hentry","category-ayuntamiento-pamplona","category-san-fermin"],"yoast_head":"<!-- This site is optimized with the Yoast SEO plugin v27.3 - https:\/\/yoast.com\/product\/yoast-seo-wordpress\/ -->\n<title>Un total de 4.110 personas han votado ya para elegir el que ser\u00e1 el cartel de Sanfermines de este a\u00f1o<\/title>\n<meta name=\"description\" content=\"Las votaciones permanecer\u00e1n abiertas hasta el pr\u00f3ximo 2 de mayo\" \/>\n<meta name=\"robots\" content=\"index, follow, max-snippet:-1, max-image-preview:large, max-video-preview:-1\" \/>\n<link rel=\"canonical\" href=\"https:\/\/www.laguiadepamplona.com\/actualidad\/un-total-de-4-110-personas-han-votado-ya-para-elegir-el-que-sera-el-cartel-de-sanfermines-de-este-ano\/\" \/>\n<meta property=\"og:locale\" content=\"es_ES\" \/>\n<meta property=\"og:type\" content=\"article\" \/>\n<meta property=\"og:title\" content=\"Un total de 4.110 personas han votado ya para elegir el que ser\u00e1 el cartel de Sanfermines de este a\u00f1o\" \/>\n<meta property=\"og:description\" content=\"Las votaciones permanecer\u00e1n abiertas hasta el pr\u00f3ximo 2 de mayo\" \/>\n<meta property=\"og:url\" content=\"https:\/\/www.laguiadepamplona.com\/actualidad\/un-total-de-4-110-personas-han-votado-ya-para-elegir-el-que-sera-el-cartel-de-sanfermines-de-este-ano\/\" \/>\n<meta property=\"og:site_name\" content=\"La Gu\u00eda de Pamplona\" \/>\n<meta property=\"article:publisher\" content=\"https:\/\/www.facebook.com\/laguiadepamplonacom-133175176762273\/?ref=hl\" \/>\n<meta property=\"article:published_time\" content=\"2023-04-27T11:18:13+00:00\" \/>\n<meta property=\"article:modified_time\" content=\"2023-04-27T15:27:13+00:00\" \/>\n<meta property=\"og:image\" content=\"https:\/\/www.laguiadepamplona.com\/actualidad\/wp-content\/uploads\/2023\/04\/banner-carteles-sf2023.webp\" \/>\n\t<meta property=\"og:image:width\" content=\"1295\" \/>\n\t<meta property=\"og:image:height\" content=\"700\" \/>\n\t<meta property=\"og:image:type\" content=\"image\/webp\" \/>\n<meta name=\"author\" content=\"La Gu\u00eda de Pamplona\" \/>\n<meta name=\"twitter:card\" content=\"summary_large_image\" \/>\n<meta name=\"twitter:creator\" content=\"@LaGuiadPamplona\" \/>\n<meta name=\"twitter:site\" content=\"@LaGuiadPamplona\" \/>\n<meta name=\"twitter:label1\" content=\"Escrito por\" \/>\n\t<meta name=\"twitter:data1\" content=\"La Gu\u00eda de Pamplona\" \/>\n\t<meta name=\"twitter:label2\" content=\"Tiempo de lectura\" \/>\n\t<meta name=\"twitter:data2\" content=\"2 minutos\" \/>\n<script type=\"application\/ld+json\" class=\"yoast-schema-graph\">{\"@context\":\"https:\\\/\\\/schema.org\",\"@graph\":[{\"@type\":\"Article\",\"@id\":\"https:\\\/\\\/www.laguiadepamplona.com\\\/actualidad\\\/un-total-de-4-110-personas-han-votado-ya-para-elegir-el-que-sera-el-cartel-de-sanfermines-de-este-ano\\\/#article\",\"isPartOf\":{\"@id\":\"https:\\\/\\\/www.laguiadepamplona.com\\\/actualidad\\\/un-total-de-4-110-personas-han-votado-ya-para-elegir-el-que-sera-el-cartel-de-sanfermines-de-este-ano\\\/\"},\"author\":{\"name\":\"La Gu\u00eda de Pamplona\",\"@id\":\"https:\\\/\\\/www.laguiadepamplona.com\\\/actualidad\\\/#\\\/schema\\\/person\\\/efe887376f0213d4657c93adc50b1fdb\"},\"headline\":\"Un total de 4.110 personas han votado ya para elegir el que ser\u00e1 el cartel de Sanfermines de este a\u00f1o\",\"datePublished\":\"2023-04-27T11:18:13+00:00\",\"dateModified\":\"2023-04-27T15:27:13+00:00\",\"mainEntityOfPage\":{\"@id\":\"https:\\\/\\\/www.laguiadepamplona.com\\\/actualidad\\\/un-total-de-4-110-personas-han-votado-ya-para-elegir-el-que-sera-el-cartel-de-sanfermines-de-este-ano\\\/\"},\"wordCount\":394,\"commentCount\":0,\"publisher\":{\"@id\":\"https:\\\/\\\/www.laguiadepamplona.com\\\/actualidad\\\/#organization\"},\"image\":{\"@id\":\"https:\\\/\\\/www.laguiadepamplona.com\\\/actualidad\\\/un-total-de-4-110-personas-han-votado-ya-para-elegir-el-que-sera-el-cartel-de-sanfermines-de-este-ano\\\/#primaryimage\"},\"thumbnailUrl\":\"https:\\\/\\\/www.laguiadepamplona.com\\\/actualidad\\\/wp-content\\\/uploads\\\/2023\\\/04\\\/banner-carteles-sf2023.webp\",\"articleSection\":[\"Ayto Pamplona\",\"San Ferm\u00edn\"],\"inLanguage\":\"es\",\"potentialAction\":[{\"@type\":\"CommentAction\",\"name\":\"Comment\",\"target\":[\"https:\\\/\\\/www.laguiadepamplona.com\\\/actualidad\\\/un-total-de-4-110-personas-han-votado-ya-para-elegir-el-que-sera-el-cartel-de-sanfermines-de-este-ano\\\/#respond\"]}]},{\"@type\":\"WebPage\",\"@id\":\"https:\\\/\\\/www.laguiadepamplona.com\\\/actualidad\\\/un-total-de-4-110-personas-han-votado-ya-para-elegir-el-que-sera-el-cartel-de-sanfermines-de-este-ano\\\/\",\"url\":\"https:\\\/\\\/www.laguiadepamplona.com\\\/actualidad\\\/un-total-de-4-110-personas-han-votado-ya-para-elegir-el-que-sera-el-cartel-de-sanfermines-de-este-ano\\\/\",\"name\":\"Un total de 4.110 personas han votado ya para elegir el que ser\u00e1 el cartel de Sanfermines de este a\u00f1o\",\"isPartOf\":{\"@id\":\"https:\\\/\\\/www.laguiadepamplona.com\\\/actualidad\\\/#website\"},\"primaryImageOfPage\":{\"@id\":\"https:\\\/\\\/www.laguiadepamplona.com\\\/actualidad\\\/un-total-de-4-110-personas-han-votado-ya-para-elegir-el-que-sera-el-cartel-de-sanfermines-de-este-ano\\\/#primaryimage\"},\"image\":{\"@id\":\"https:\\\/\\\/www.laguiadepamplona.com\\\/actualidad\\\/un-total-de-4-110-personas-han-votado-ya-para-elegir-el-que-sera-el-cartel-de-sanfermines-de-este-ano\\\/#primaryimage\"},\"thumbnailUrl\":\"https:\\\/\\\/www.laguiadepamplona.com\\\/actualidad\\\/wp-content\\\/uploads\\\/2023\\\/04\\\/banner-carteles-sf2023.webp\",\"datePublished\":\"2023-04-27T11:18:13+00:00\",\"dateModified\":\"2023-04-27T15:27:13+00:00\",\"description\":\"Las votaciones permanecer\u00e1n abiertas hasta el pr\u00f3ximo 2 de mayo\",\"breadcrumb\":{\"@id\":\"https:\\\/\\\/www.laguiadepamplona.com\\\/actualidad\\\/un-total-de-4-110-personas-han-votado-ya-para-elegir-el-que-sera-el-cartel-de-sanfermines-de-este-ano\\\/#breadcrumb\"},\"inLanguage\":\"es\",\"potentialAction\":[{\"@type\":\"ReadAction\",\"target\":[\"https:\\\/\\\/www.laguiadepamplona.com\\\/actualidad\\\/un-total-de-4-110-personas-han-votado-ya-para-elegir-el-que-sera-el-cartel-de-sanfermines-de-este-ano\\\/\"]}]},{\"@type\":\"ImageObject\",\"inLanguage\":\"es\",\"@id\":\"https:\\\/\\\/www.laguiadepamplona.com\\\/actualidad\\\/un-total-de-4-110-personas-han-votado-ya-para-elegir-el-que-sera-el-cartel-de-sanfermines-de-este-ano\\\/#primaryimage\",\"url\":\"https:\\\/\\\/www.laguiadepamplona.com\\\/actualidad\\\/wp-content\\\/uploads\\\/2023\\\/04\\\/banner-carteles-sf2023.webp\",\"contentUrl\":\"https:\\\/\\\/www.laguiadepamplona.com\\\/actualidad\\\/wp-content\\\/uploads\\\/2023\\\/04\\\/banner-carteles-sf2023.webp\",\"width\":1295,\"height\":700},{\"@type\":\"BreadcrumbList\",\"@id\":\"https:\\\/\\\/www.laguiadepamplona.com\\\/actualidad\\\/un-total-de-4-110-personas-han-votado-ya-para-elegir-el-que-sera-el-cartel-de-sanfermines-de-este-ano\\\/#breadcrumb\",\"itemListElement\":[{\"@type\":\"ListItem\",\"position\":1,\"name\":\"Portada\",\"item\":\"https:\\\/\\\/www.laguiadepamplona.com\\\/actualidad\\\/\"},{\"@type\":\"ListItem\",\"position\":2,\"name\":\"Un total de 4.110 personas han votado ya para elegir el que ser\u00e1 el cartel de Sanfermines de este a\u00f1o\"}]},{\"@type\":\"WebSite\",\"@id\":\"https:\\\/\\\/www.laguiadepamplona.com\\\/actualidad\\\/#website\",\"url\":\"https:\\\/\\\/www.laguiadepamplona.com\\\/actualidad\\\/\",\"name\":\"La gu\u00eda de Pamplona\",\"description\":\"Noticias de Pamplona\",\"publisher\":{\"@id\":\"https:\\\/\\\/www.laguiadepamplona.com\\\/actualidad\\\/#organization\"},\"potentialAction\":[{\"@type\":\"SearchAction\",\"target\":{\"@type\":\"EntryPoint\",\"urlTemplate\":\"https:\\\/\\\/www.laguiadepamplona.com\\\/actualidad\\\/?s={search_term_string}\"},\"query-input\":{\"@type\":\"PropertyValueSpecification\",\"valueRequired\":true,\"valueName\":\"search_term_string\"}}],\"inLanguage\":\"es\"},{\"@type\":\"Organization\",\"@id\":\"https:\\\/\\\/www.laguiadepamplona.com\\\/actualidad\\\/#organization\",\"name\":\"La Gu\u00eda de Pamplona \\\/ Noticias\",\"url\":\"https:\\\/\\\/www.laguiadepamplona.com\\\/actualidad\\\/\",\"logo\":{\"@type\":\"ImageObject\",\"inLanguage\":\"es\",\"@id\":\"https:\\\/\\\/www.laguiadepamplona.com\\\/actualidad\\\/#\\\/schema\\\/logo\\\/image\\\/\",\"url\":\"https:\\\/\\\/www.laguiadepamplona.com\\\/actualidad\\\/wp-content\\\/uploads\\\/2018\\\/11\\\/logo-laguiadepamplona18-web1.png\",\"contentUrl\":\"https:\\\/\\\/www.laguiadepamplona.com\\\/actualidad\\\/wp-content\\\/uploads\\\/2018\\\/11\\\/logo-laguiadepamplona18-web1.png\",\"width\":600,\"height\":196,\"caption\":\"La Gu\u00eda de Pamplona \\\/ Noticias\"},\"image\":{\"@id\":\"https:\\\/\\\/www.laguiadepamplona.com\\\/actualidad\\\/#\\\/schema\\\/logo\\\/image\\\/\"},\"sameAs\":[\"https:\\\/\\\/www.facebook.com\\\/laguiadepamplonacom-133175176762273\\\/?ref=hl\",\"https:\\\/\\\/x.com\\\/LaGuiadPamplona\",\"https:\\\/\\\/www.instagram.com\\\/la_guia_de_pamplona\\\/\",\"https:\\\/\\\/www.youtube.com\\\/user\\\/laguiadepamplona\"]},{\"@type\":\"Person\",\"@id\":\"https:\\\/\\\/www.laguiadepamplona.com\\\/actualidad\\\/#\\\/schema\\\/person\\\/efe887376f0213d4657c93adc50b1fdb\",\"name\":\"La Gu\u00eda de Pamplona\",\"image\":{\"@type\":\"ImageObject\",\"inLanguage\":\"es\",\"@id\":\"https:\\\/\\\/secure.gravatar.com\\\/avatar\\\/b6992f131dc8d30ab0dff15446e9d346d9dbd95992de0fef795073f5ea83a81c?s=96&d=mm&r=g\",\"url\":\"https:\\\/\\\/secure.gravatar.com\\\/avatar\\\/b6992f131dc8d30ab0dff15446e9d346d9dbd95992de0fef795073f5ea83a81c?s=96&d=mm&r=g\",\"contentUrl\":\"https:\\\/\\\/secure.gravatar.com\\\/avatar\\\/b6992f131dc8d30ab0dff15446e9d346d9dbd95992de0fef795073f5ea83a81c?s=96&d=mm&r=g\",\"caption\":\"La Gu\u00eda de Pamplona\"}}]}<\/script>\n<!-- \/ Yoast SEO plugin. -->","yoast_head_json":{"title":"Un total de 4.110 personas han votado ya para elegir el que ser\u00e1 el cartel de Sanfermines de este a\u00f1o","description":"Las votaciones permanecer\u00e1n abiertas hasta el pr\u00f3ximo 2 de mayo","robots":{"index":"index","follow":"follow","max-snippet":"max-snippet:-1","max-image-preview":"max-image-preview:large","max-video-preview":"max-video-preview:-1"},"canonical":"https:\/\/www.laguiadepamplona.com\/actualidad\/un-total-de-4-110-personas-han-votado-ya-para-elegir-el-que-sera-el-cartel-de-sanfermines-de-este-ano\/","og_locale":"es_ES","og_type":"article","og_title":"Un total de 4.110 personas han votado ya para elegir el que ser\u00e1 el cartel de Sanfermines de este a\u00f1o","og_description":"Las votaciones permanecer\u00e1n abiertas hasta el pr\u00f3ximo 2 de mayo","og_url":"https:\/\/www.laguiadepamplona.com\/actualidad\/un-total-de-4-110-personas-han-votado-ya-para-elegir-el-que-sera-el-cartel-de-sanfermines-de-este-ano\/","og_site_name":"La Gu\u00eda de Pamplona","article_publisher":"https:\/\/www.facebook.com\/laguiadepamplonacom-133175176762273\/?ref=hl","article_published_time":"2023-04-27T11:18:13+00:00","article_modified_time":"2023-04-27T15:27:13+00:00","og_image":[{"width":1295,"height":700,"url":"https:\/\/www.laguiadepamplona.com\/actualidad\/wp-content\/uploads\/2023\/04\/banner-carteles-sf2023.webp","type":"image\/webp"}],"author":"La Gu\u00eda de Pamplona","twitter_card":"summary_large_image","twitter_creator":"@LaGuiadPamplona","twitter_site":"@LaGuiadPamplona","twitter_misc":{"Escrito por":"La Gu\u00eda de Pamplona","Tiempo de lectura":"2 minutos"},"schema":{"@context":"https:\/\/schema.org","@graph":[{"@type":"Article","@id":"https:\/\/www.laguiadepamplona.com\/actualidad\/un-total-de-4-110-personas-han-votado-ya-para-elegir-el-que-sera-el-cartel-de-sanfermines-de-este-ano\/#article","isPartOf":{"@id":"https:\/\/www.laguiadepamplona.com\/actualidad\/un-total-de-4-110-personas-han-votado-ya-para-elegir-el-que-sera-el-cartel-de-sanfermines-de-este-ano\/"},"author":{"name":"La Gu\u00eda de Pamplona","@id":"https:\/\/www.laguiadepamplona.com\/actualidad\/#\/schema\/person\/efe887376f0213d4657c93adc50b1fdb"},"headline":"Un total de 4.110 personas han votado ya para elegir el que ser\u00e1 el cartel de Sanfermines de este a\u00f1o","datePublished":"2023-04-27T11:18:13+00:00","dateModified":"2023-04-27T15:27:13+00:00","mainEntityOfPage":{"@id":"https:\/\/www.laguiadepamplona.com\/actualidad\/un-total-de-4-110-personas-han-votado-ya-para-elegir-el-que-sera-el-cartel-de-sanfermines-de-este-ano\/"},"wordCount":394,"commentCount":0,"publisher":{"@id":"https:\/\/www.laguiadepamplona.com\/actualidad\/#organization"},"image":{"@id":"https:\/\/www.laguiadepamplona.com\/actualidad\/un-total-de-4-110-personas-han-votado-ya-para-elegir-el-que-sera-el-cartel-de-sanfermines-de-este-ano\/#primaryimage"},"thumbnailUrl":"https:\/\/www.laguiadepamplona.com\/actualidad\/wp-content\/uploads\/2023\/04\/banner-carteles-sf2023.webp","articleSection":["Ayto Pamplona","San Ferm\u00edn"],"inLanguage":"es","potentialAction":[{"@type":"CommentAction","name":"Comment","target":["https:\/\/www.laguiadepamplona.com\/actualidad\/un-total-de-4-110-personas-han-votado-ya-para-elegir-el-que-sera-el-cartel-de-sanfermines-de-este-ano\/#respond"]}]},{"@type":"WebPage","@id":"https:\/\/www.laguiadepamplona.com\/actualidad\/un-total-de-4-110-personas-han-votado-ya-para-elegir-el-que-sera-el-cartel-de-sanfermines-de-este-ano\/","url":"https:\/\/www.laguiadepamplona.com\/actualidad\/un-total-de-4-110-personas-han-votado-ya-para-elegir-el-que-sera-el-cartel-de-sanfermines-de-este-ano\/","name":"Un total de 4.110 personas han votado ya para elegir el que ser\u00e1 el cartel de Sanfermines de este a\u00f1o","isPartOf":{"@id":"https:\/\/www.laguiadepamplona.com\/actualidad\/#website"},"primaryImageOfPage":{"@id":"https:\/\/www.laguiadepamplona.com\/actualidad\/un-total-de-4-110-personas-han-votado-ya-para-elegir-el-que-sera-el-cartel-de-sanfermines-de-este-ano\/#primaryimage"},"image":{"@id":"https:\/\/www.laguiadepamplona.com\/actualidad\/un-total-de-4-110-personas-han-votado-ya-para-elegir-el-que-sera-el-cartel-de-sanfermines-de-este-ano\/#primaryimage"},"thumbnailUrl":"https:\/\/www.laguiadepamplona.com\/actualidad\/wp-content\/uploads\/2023\/04\/banner-carteles-sf2023.webp","datePublished":"2023-04-27T11:18:13+00:00","dateModified":"2023-04-27T15:27:13+00:00","description":"Las votaciones permanecer\u00e1n abiertas hasta el pr\u00f3ximo 2 de mayo","breadcrumb":{"@id":"https:\/\/www.laguiadepamplona.com\/actualidad\/un-total-de-4-110-personas-han-votado-ya-para-elegir-el-que-sera-el-cartel-de-sanfermines-de-este-ano\/#breadcrumb"},"inLanguage":"es","potentialAction":[{"@type":"ReadAction","target":["https:\/\/www.laguiadepamplona.com\/actualidad\/un-total-de-4-110-personas-han-votado-ya-para-elegir-el-que-sera-el-cartel-de-sanfermines-de-este-ano\/"]}]},{"@type":"ImageObject","inLanguage":"es","@id":"https:\/\/www.laguiadepamplona.com\/actualidad\/un-total-de-4-110-personas-han-votado-ya-para-elegir-el-que-sera-el-cartel-de-sanfermines-de-este-ano\/#primaryimage","url":"https:\/\/www.laguiadepamplona.com\/actualidad\/wp-content\/uploads\/2023\/04\/banner-carteles-sf2023.webp","contentUrl":"https:\/\/www.laguiadepamplona.com\/actualidad\/wp-content\/uploads\/2023\/04\/banner-carteles-sf2023.webp","width":1295,"height":700},{"@type":"BreadcrumbList","@id":"https:\/\/www.laguiadepamplona.com\/actualidad\/un-total-de-4-110-personas-han-votado-ya-para-elegir-el-que-sera-el-cartel-de-sanfermines-de-este-ano\/#breadcrumb","itemListElement":[{"@type":"ListItem","position":1,"name":"Portada","item":"https:\/\/www.laguiadepamplona.com\/actualidad\/"},{"@type":"ListItem","position":2,"name":"Un total de 4.110 personas han votado ya para elegir el que ser\u00e1 el cartel de Sanfermines de este a\u00f1o"}]},{"@type":"WebSite","@id":"https:\/\/www.laguiadepamplona.com\/actualidad\/#website","url":"https:\/\/www.laguiadepamplona.com\/actualidad\/","name":"La gu\u00eda de Pamplona","description":"Noticias de Pamplona","publisher":{"@id":"https:\/\/www.laguiadepamplona.com\/actualidad\/#organization"},"potentialAction":[{"@type":"SearchAction","target":{"@type":"EntryPoint","urlTemplate":"https:\/\/www.laguiadepamplona.com\/actualidad\/?s={search_term_string}"},"query-input":{"@type":"PropertyValueSpecification","valueRequired":true,"valueName":"search_term_string"}}],"inLanguage":"es"},{"@type":"Organization","@id":"https:\/\/www.laguiadepamplona.com\/actualidad\/#organization","name":"La Gu\u00eda de Pamplona \/ Noticias","url":"https:\/\/www.laguiadepamplona.com\/actualidad\/","logo":{"@type":"ImageObject","inLanguage":"es","@id":"https:\/\/www.laguiadepamplona.com\/actualidad\/#\/schema\/logo\/image\/","url":"https:\/\/www.laguiadepamplona.com\/actualidad\/wp-content\/uploads\/2018\/11\/logo-laguiadepamplona18-web1.png","contentUrl":"https:\/\/www.laguiadepamplona.com\/actualidad\/wp-content\/uploads\/2018\/11\/logo-laguiadepamplona18-web1.png","width":600,"height":196,"caption":"La Gu\u00eda de Pamplona \/ Noticias"},"image":{"@id":"https:\/\/www.laguiadepamplona.com\/actualidad\/#\/schema\/logo\/image\/"},"sameAs":["https:\/\/www.facebook.com\/laguiadepamplonacom-133175176762273\/?ref=hl","https:\/\/x.com\/LaGuiadPamplona","https:\/\/www.instagram.com\/la_guia_de_pamplona\/","https:\/\/www.youtube.com\/user\/laguiadepamplona"]},{"@type":"Person","@id":"https:\/\/www.laguiadepamplona.com\/actualidad\/#\/schema\/person\/efe887376f0213d4657c93adc50b1fdb","name":"La Gu\u00eda de Pamplona","image":{"@type":"ImageObject","inLanguage":"es","@id":"https:\/\/secure.gravatar.com\/avatar\/b6992f131dc8d30ab0dff15446e9d346d9dbd95992de0fef795073f5ea83a81c?s=96&d=mm&r=g","url":"https:\/\/secure.gravatar.com\/avatar\/b6992f131dc8d30ab0dff15446e9d346d9dbd95992de0fef795073f5ea83a81c?s=96&d=mm&r=g","contentUrl":"https:\/\/secure.gravatar.com\/avatar\/b6992f131dc8d30ab0dff15446e9d346d9dbd95992de0fef795073f5ea83a81c?s=96&d=mm&r=g","caption":"La Gu\u00eda de Pamplona"}}]}},"post_mailing_queue_ids":[],"_links":{"self":[{"href":"https:\/\/www.laguiadepamplona.com\/actualidad\/wp-json\/wp\/v2\/posts\/46496","targetHints":{"allow":["GET"]}}],"collection":[{"href":"https:\/\/www.laguiadepamplona.com\/actualidad\/wp-json\/wp\/v2\/posts"}],"about":[{"href":"https:\/\/www.laguiadepamplona.com\/actualidad\/wp-json\/wp\/v2\/types\/post"}],"author":[{"embeddable":true,"href":"https:\/\/www.laguiadepamplona.com\/actualidad\/wp-json\/wp\/v2\/users\/1"}],"replies":[{"embeddable":true,"href":"https:\/\/www.laguiadepamplona.com\/actualidad\/wp-json\/wp\/v2\/comments?post=46496"}],"version-history":[{"count":1,"href":"https:\/\/www.laguiadepamplona.com\/actualidad\/wp-json\/wp\/v2\/posts\/46496\/revisions"}],"predecessor-version":[{"id":46497,"href":"https:\/\/www.laguiadepamplona.com\/actualidad\/wp-json\/wp\/v2\/posts\/46496\/revisions\/46497"}],"wp:featuredmedia":[{"embeddable":true,"href":"https:\/\/www.laguiadepamplona.com\/actualidad\/wp-json\/wp\/v2\/media\/46412"}],"wp:attachment":[{"href":"https:\/\/www.laguiadepamplona.com\/actualidad\/wp-json\/wp\/v2\/media?parent=46496"}],"wp:term":[{"taxonomy":"category","embeddable":true,"href":"https:\/\/www.laguiadepamplona.com\/actualidad\/wp-json\/wp\/v2\/categories?post=46496"},{"taxonomy":"post_tag","embeddable":true,"href":"https:\/\/www.laguiadepamplona.com\/actualidad\/wp-json\/wp\/v2\/tags?post=46496"}],"curies":[{"name":"wp","href":"https:\/\/api.w.org\/{rel}","templated":true}]}}