{"id":46493,"date":"2023-04-26T13:37:42","date_gmt":"2023-04-26T11:37:42","guid":{"rendered":"https:\/\/www.laguiadepamplona.com\/actualidad\/?p=46493"},"modified":"2023-04-26T13:37:42","modified_gmt":"2023-04-26T11:37:42","slug":"pamplona-destina-340-000-euros-a-la-convocatoria-de-subvenciones-para-desarrollar-proyectos-de-accion-social-en-las-areas-de-discapacidad-dependencia-e-inclusion","status":"publish","type":"post","link":"https:\/\/www.laguiadepamplona.com\/actualidad\/pamplona-destina-340-000-euros-a-la-convocatoria-de-subvenciones-para-desarrollar-proyectos-de-accion-social-en-las-areas-de-discapacidad-dependencia-e-inclusion\/","title":{"rendered":"Pamplona destina 340.000 euros a la convocatoria de subvenciones para desarrollar proyectos de acci\u00f3n social en las \u00e1reas de discapacidad, dependencia e inclusi\u00f3n"},"content":{"rendered":"<h3>El plazo de presentaci\u00f3n de solicitudes finaliza el 15 de mayo y los gastos subvencionables deben ser realizados entre enero y diciembre de este a\u00f1o<\/h3>\n<p><!--more--><\/p>\n<p>El Ayuntamiento de Pamplona destina 340.000 euros a la convocatoria de subvenciones para entidades sin \u00e1nimo de lucro que realicen proyectos que favorezcan el desarrollo de la acci\u00f3n social en el \u00e1mbito de programas espec\u00edficos de la discapacidad, dependencia y la inclusi\u00f3n social. Las solicitudes se pueden presentar de manera telem\u00e1tica, hasta el 15 de mayo, en la <a href=\"https:\/\/sedeelectronica.pamplona.es\/FichaTramite.aspx?id=PL3000039&amp;idioma=1\" target=\"_blank\" rel=\"noopener\">Sede Electr\u00f3nica municipal<\/a>. Los gastos subvencionables deben ser realizados entre el 1 de enero y el 31 de diciembre de 2023.<\/p>\n<p>La convocatoria persigue favorecer la integraci\u00f3n, la igualdad de oportunidades, la prevenci\u00f3n de situaciones de riesgo social o el tratamiento de situaciones de vulnerabilidad, desprotecci\u00f3n, dependencia o exclusi\u00f3n social de los colectivos y personas con discapacidad\/dependencia y\/o en riesgo de exclusi\u00f3n social. La cuant\u00eda de la convocatoria es la misma que el a\u00f1o pasado, 340.000 euros, que se dividen en dos l\u00edneas, seg\u00fan el \u00e1mbito de actuaci\u00f3n: 202.000 euros para discapacidad y dependencia, y 138.000 euros para la inclusi\u00f3n social.<br \/>\n<script async src=\"\/\/pagead2.googlesyndication.com\/pagead\/js\/adsbygoogle.js\"><\/script><br \/>\n<!-- Noticias La Guia de Pamplona --><br \/>\n<ins class=\"adsbygoogle\"\nstyle=\"display:block\"\ndata-ad-client=\"ca-pub-6943679897239327\"\ndata-ad-slot=\"7048180777\"\ndata-ad-format=\"auto\"><\/ins><br \/>\n<script>\n(adsbygoogle = window.adsbygoogle || []).push({});\n<\/script><\/p>\n<p>Cada entidad puede presentar un \u00fanico proyecto, de manera individual o en representaci\u00f3n de una agrupaci\u00f3n de entidades. La cuant\u00eda m\u00e1xima que reciba cada entidad no podr\u00e1 superar el 80% del presupuesto total del proyecto y no se admitir\u00e1n proyectos en los que el d\u00e9ficit sea superior a 20.000 euros. Toda la informaci\u00f3n sobre la convocatoria se puede consultar en la web municipal <a href=\"https:\/\/sedeelectronica.pamplona.es\/FichaTramite.aspx?id=PL3000039&amp;idioma=1\" target=\"_blank\" rel=\"noopener\">pamplona.es<\/a> y en el <a href=\"https:\/\/bon.navarra.es\/es\/boletin\/-\/sumario\/2023\/75\" target=\"_blank\" rel=\"noopener\">Bolet\u00edn Oficial de Navarra n\u00famero 75 del 13 de abril.<\/a><\/p>\n<p>Para concurrir a esta convocatoria, las entidades deben ser personas jur\u00eddicas legalmente constituidas e inscritas en el registro correspondiente, carecer de \u00e1nimo de lucro y tener su domicilio social o delegaci\u00f3n permanente en Pamplona. Sin embargo, podr\u00e1n ser beneficiarias aquellas entidades que, sin cumplir este requisito, desarrollen los proyectos presentados en beneficio del municipio de Pamplona y su ciudadan\u00eda. Adem\u00e1s, las entidades deben tener como fin expreso principal en sus estatutos la atenci\u00f3n e intervenci\u00f3n social en el \u00e1mbito relacionado con la modalidad para la que solicite el proyecto y disponer de la estructura suficiente para garantizar el cumplimiento de sus fines sociales.<br \/>\n<script async src=\"\/\/pagead2.googlesyndication.com\/pagead\/js\/adsbygoogle.js\"><\/script><br \/>\n<!-- Noticias La Guia de Pamplona --><br \/>\n<ins class=\"adsbygoogle\"\nstyle=\"display:block\"\ndata-ad-client=\"ca-pub-6943679897239327\"\ndata-ad-slot=\"7048180777\"\ndata-ad-format=\"auto\"><\/ins><br \/>\n<script>\n(adsbygoogle = window.adsbygoogle || []).push({});\n<\/script><\/p>\n<p><strong>Contenidos de los proyectos<\/strong><\/p>\n<p>En cuanto a los contenidos, en el \u00e1mbito de la discapacidad y la dependencia, las actividades de los proyectos deber\u00e1n facilitar el acceso de las personas a la actividad social en condiciones de igualdad, evitando los factores que incrementan las situaciones de exclusi\u00f3n social. Por eso, los proyectos deber\u00e1n ir orientados a complementar aspectos educativos, formativos, psicosociales, de integraci\u00f3n y de promoci\u00f3n de la autonom\u00eda que no se contemplan en otros \u00e1mbitos; favorecer las condiciones de acceso a un empleo como medio de autonom\u00eda personal e independencia econ\u00f3mica; fomentar la formaci\u00f3n del voluntariado en el \u00e1mbito socio-sanitario; y apoyar los proyectos de autoayuda.<\/p>\n<p>En el \u00e1mbito de la inclusi\u00f3n social, los proyectos deber\u00e1n ir orientados a mejorar aspectos psicosociales, formativos, residenciales, sociosanitarios y de integraci\u00f3n social; favorecer las condiciones de acceso a un empleo; fomentar la formaci\u00f3n del voluntariado, y apoyar los proyectos de autoayuda en torno a una afectaci\u00f3n com\u00fan.<br \/>\n<script async src=\"\/\/pagead2.googlesyndication.com\/pagead\/js\/adsbygoogle.js\"><\/script><br \/>\n<!-- Noticias La Guia de Pamplona --><br \/>\n<ins class=\"adsbygoogle\"\nstyle=\"display:block\"\ndata-ad-client=\"ca-pub-6943679897239327\"\ndata-ad-slot=\"7048180777\"\ndata-ad-format=\"auto\"><\/ins><br \/>\n<script>\n(adsbygoogle = window.adsbygoogle || []).push({});\n<\/script><\/p>\n<p>Los proyectos que se presenten deben ser concretos y globales, y estar ejecutados en Pamplona durante este a\u00f1o 2023. No pueden concurrir proyectos con contenido exclusivo del \u00e1mbito sanitario, educativo y\/o deportivo, ni proyectos cuyo contenido sea exclusivamente la realizaci\u00f3n de actividades de sensibilizaci\u00f3n, comunicaci\u00f3n o divulgaci\u00f3n o la realizaci\u00f3n de actividades de ocio y tiempo libre. Tampoco se admiten proyectos de prevenci\u00f3n y promoci\u00f3n a nivel comunitario en el \u00e1mbito de ocio y tiempo libre de la poblaci\u00f3n infanto-juvenil, ni proyectos y\/o actividades que ya est\u00e9n incluidos en Programas y\/o Servicios del Ayuntamiento, as\u00ed como de las diferentes Administraciones dentro de su \u00e1mbito competencial, a no ser que se consideren complementarios a la actuaci\u00f3n de la administraci\u00f3n.<\/p>\n","protected":false},"excerpt":{"rendered":"<p>El plazo de presentaci\u00f3n de solicitudes finaliza el 15 de mayo y los gastos subvencionables deben ser realizados entre enero y diciembre de este a\u00f1o<\/p>\n","protected":false},"author":1,"featured_media":46494,"comment_status":"open","ping_status":"closed","sticky":false,"template":"","format":"standard","meta":{"footnotes":""},"categories":[2],"tags":[],"class_list":["post-46493","post","type-post","status-publish","format-standard","has-post-thumbnail","hentry","category-ayuntamiento-pamplona"],"yoast_head":"<!-- This site is optimized with the Yoast SEO plugin v27.3 - https:\/\/yoast.com\/product\/yoast-seo-wordpress\/ -->\n<title>Pamplona destina 340.000 euros a la convocatoria de subvenciones para desarrollar proyectos de acci\u00f3n social en las \u00e1reas de discapacidad, dependencia e inclusi\u00f3n<\/title>\n<meta name=\"description\" content=\"El plazo de presentaci\u00f3n de solicitudes finaliza el 15 de mayo y los gastos subvencionables deben ser realizados entre enero y diciembre de este a\u00f1o\" \/>\n<meta name=\"robots\" content=\"index, follow, max-snippet:-1, max-image-preview:large, max-video-preview:-1\" \/>\n<link rel=\"canonical\" href=\"https:\/\/www.laguiadepamplona.com\/actualidad\/pamplona-destina-340-000-euros-a-la-convocatoria-de-subvenciones-para-desarrollar-proyectos-de-accion-social-en-las-areas-de-discapacidad-dependencia-e-inclusion\/\" \/>\n<meta property=\"og:locale\" content=\"es_ES\" \/>\n<meta property=\"og:type\" content=\"article\" \/>\n<meta property=\"og:title\" content=\"Pamplona destina 340.000 euros a la convocatoria de subvenciones para desarrollar proyectos de acci\u00f3n social en las \u00e1reas de discapacidad, dependencia e inclusi\u00f3n\" \/>\n<meta property=\"og:description\" content=\"El plazo de presentaci\u00f3n de solicitudes finaliza el 15 de mayo y los gastos subvencionables deben ser realizados entre enero y diciembre de este a\u00f1o\" \/>\n<meta property=\"og:url\" content=\"https:\/\/www.laguiadepamplona.com\/actualidad\/pamplona-destina-340-000-euros-a-la-convocatoria-de-subvenciones-para-desarrollar-proyectos-de-accion-social-en-las-areas-de-discapacidad-dependencia-e-inclusion\/\" \/>\n<meta property=\"og:site_name\" content=\"La Gu\u00eda de Pamplona\" \/>\n<meta property=\"article:publisher\" content=\"https:\/\/www.facebook.com\/laguiadepamplonacom-133175176762273\/?ref=hl\" \/>\n<meta property=\"article:published_time\" content=\"2023-04-26T11:37:42+00:00\" \/>\n<meta property=\"og:image\" content=\"https:\/\/www.laguiadepamplona.com\/actualidad\/wp-content\/uploads\/2023\/04\/minusvalido_silla_ruedas_disminuido_fisico.webp\" \/>\n\t<meta property=\"og:image:width\" content=\"1000\" \/>\n\t<meta property=\"og:image:height\" content=\"667\" \/>\n\t<meta property=\"og:image:type\" content=\"image\/webp\" \/>\n<meta name=\"author\" content=\"La Gu\u00eda de Pamplona\" \/>\n<meta name=\"twitter:card\" content=\"summary_large_image\" \/>\n<meta name=\"twitter:creator\" content=\"@LaGuiadPamplona\" \/>\n<meta name=\"twitter:site\" content=\"@LaGuiadPamplona\" \/>\n<meta name=\"twitter:label1\" content=\"Escrito por\" \/>\n\t<meta name=\"twitter:data1\" content=\"La Gu\u00eda de Pamplona\" \/>\n\t<meta name=\"twitter:label2\" content=\"Tiempo de lectura\" \/>\n\t<meta name=\"twitter:data2\" content=\"3 minutos\" \/>\n<script type=\"application\/ld+json\" class=\"yoast-schema-graph\">{\"@context\":\"https:\\\/\\\/schema.org\",\"@graph\":[{\"@type\":\"Article\",\"@id\":\"https:\\\/\\\/www.laguiadepamplona.com\\\/actualidad\\\/pamplona-destina-340-000-euros-a-la-convocatoria-de-subvenciones-para-desarrollar-proyectos-de-accion-social-en-las-areas-de-discapacidad-dependencia-e-inclusion\\\/#article\",\"isPartOf\":{\"@id\":\"https:\\\/\\\/www.laguiadepamplona.com\\\/actualidad\\\/pamplona-destina-340-000-euros-a-la-convocatoria-de-subvenciones-para-desarrollar-proyectos-de-accion-social-en-las-areas-de-discapacidad-dependencia-e-inclusion\\\/\"},\"author\":{\"name\":\"La Gu\u00eda de Pamplona\",\"@id\":\"https:\\\/\\\/www.laguiadepamplona.com\\\/actualidad\\\/#\\\/schema\\\/person\\\/efe887376f0213d4657c93adc50b1fdb\"},\"headline\":\"Pamplona destina 340.000 euros a la convocatoria de subvenciones para desarrollar proyectos de acci\u00f3n social en las \u00e1reas de discapacidad, dependencia e inclusi\u00f3n\",\"datePublished\":\"2023-04-26T11:37:42+00:00\",\"mainEntityOfPage\":{\"@id\":\"https:\\\/\\\/www.laguiadepamplona.com\\\/actualidad\\\/pamplona-destina-340-000-euros-a-la-convocatoria-de-subvenciones-para-desarrollar-proyectos-de-accion-social-en-las-areas-de-discapacidad-dependencia-e-inclusion\\\/\"},\"wordCount\":714,\"commentCount\":0,\"publisher\":{\"@id\":\"https:\\\/\\\/www.laguiadepamplona.com\\\/actualidad\\\/#organization\"},\"image\":{\"@id\":\"https:\\\/\\\/www.laguiadepamplona.com\\\/actualidad\\\/pamplona-destina-340-000-euros-a-la-convocatoria-de-subvenciones-para-desarrollar-proyectos-de-accion-social-en-las-areas-de-discapacidad-dependencia-e-inclusion\\\/#primaryimage\"},\"thumbnailUrl\":\"https:\\\/\\\/www.laguiadepamplona.com\\\/actualidad\\\/wp-content\\\/uploads\\\/2023\\\/04\\\/minusvalido_silla_ruedas_disminuido_fisico.webp\",\"articleSection\":[\"Ayto Pamplona\"],\"inLanguage\":\"es\",\"potentialAction\":[{\"@type\":\"CommentAction\",\"name\":\"Comment\",\"target\":[\"https:\\\/\\\/www.laguiadepamplona.com\\\/actualidad\\\/pamplona-destina-340-000-euros-a-la-convocatoria-de-subvenciones-para-desarrollar-proyectos-de-accion-social-en-las-areas-de-discapacidad-dependencia-e-inclusion\\\/#respond\"]}]},{\"@type\":\"WebPage\",\"@id\":\"https:\\\/\\\/www.laguiadepamplona.com\\\/actualidad\\\/pamplona-destina-340-000-euros-a-la-convocatoria-de-subvenciones-para-desarrollar-proyectos-de-accion-social-en-las-areas-de-discapacidad-dependencia-e-inclusion\\\/\",\"url\":\"https:\\\/\\\/www.laguiadepamplona.com\\\/actualidad\\\/pamplona-destina-340-000-euros-a-la-convocatoria-de-subvenciones-para-desarrollar-proyectos-de-accion-social-en-las-areas-de-discapacidad-dependencia-e-inclusion\\\/\",\"name\":\"Pamplona destina 340.000 euros a la convocatoria de subvenciones para desarrollar proyectos de acci\u00f3n social en las \u00e1reas de discapacidad, dependencia e inclusi\u00f3n\",\"isPartOf\":{\"@id\":\"https:\\\/\\\/www.laguiadepamplona.com\\\/actualidad\\\/#website\"},\"primaryImageOfPage\":{\"@id\":\"https:\\\/\\\/www.laguiadepamplona.com\\\/actualidad\\\/pamplona-destina-340-000-euros-a-la-convocatoria-de-subvenciones-para-desarrollar-proyectos-de-accion-social-en-las-areas-de-discapacidad-dependencia-e-inclusion\\\/#primaryimage\"},\"image\":{\"@id\":\"https:\\\/\\\/www.laguiadepamplona.com\\\/actualidad\\\/pamplona-destina-340-000-euros-a-la-convocatoria-de-subvenciones-para-desarrollar-proyectos-de-accion-social-en-las-areas-de-discapacidad-dependencia-e-inclusion\\\/#primaryimage\"},\"thumbnailUrl\":\"https:\\\/\\\/www.laguiadepamplona.com\\\/actualidad\\\/wp-content\\\/uploads\\\/2023\\\/04\\\/minusvalido_silla_ruedas_disminuido_fisico.webp\",\"datePublished\":\"2023-04-26T11:37:42+00:00\",\"description\":\"El plazo de presentaci\u00f3n de solicitudes finaliza el 15 de mayo y los gastos subvencionables deben ser realizados entre enero y diciembre de este a\u00f1o\",\"breadcrumb\":{\"@id\":\"https:\\\/\\\/www.laguiadepamplona.com\\\/actualidad\\\/pamplona-destina-340-000-euros-a-la-convocatoria-de-subvenciones-para-desarrollar-proyectos-de-accion-social-en-las-areas-de-discapacidad-dependencia-e-inclusion\\\/#breadcrumb\"},\"inLanguage\":\"es\",\"potentialAction\":[{\"@type\":\"ReadAction\",\"target\":[\"https:\\\/\\\/www.laguiadepamplona.com\\\/actualidad\\\/pamplona-destina-340-000-euros-a-la-convocatoria-de-subvenciones-para-desarrollar-proyectos-de-accion-social-en-las-areas-de-discapacidad-dependencia-e-inclusion\\\/\"]}]},{\"@type\":\"ImageObject\",\"inLanguage\":\"es\",\"@id\":\"https:\\\/\\\/www.laguiadepamplona.com\\\/actualidad\\\/pamplona-destina-340-000-euros-a-la-convocatoria-de-subvenciones-para-desarrollar-proyectos-de-accion-social-en-las-areas-de-discapacidad-dependencia-e-inclusion\\\/#primaryimage\",\"url\":\"https:\\\/\\\/www.laguiadepamplona.com\\\/actualidad\\\/wp-content\\\/uploads\\\/2023\\\/04\\\/minusvalido_silla_ruedas_disminuido_fisico.webp\",\"contentUrl\":\"https:\\\/\\\/www.laguiadepamplona.com\\\/actualidad\\\/wp-content\\\/uploads\\\/2023\\\/04\\\/minusvalido_silla_ruedas_disminuido_fisico.webp\",\"width\":1000,\"height\":667},{\"@type\":\"BreadcrumbList\",\"@id\":\"https:\\\/\\\/www.laguiadepamplona.com\\\/actualidad\\\/pamplona-destina-340-000-euros-a-la-convocatoria-de-subvenciones-para-desarrollar-proyectos-de-accion-social-en-las-areas-de-discapacidad-dependencia-e-inclusion\\\/#breadcrumb\",\"itemListElement\":[{\"@type\":\"ListItem\",\"position\":1,\"name\":\"Portada\",\"item\":\"https:\\\/\\\/www.laguiadepamplona.com\\\/actualidad\\\/\"},{\"@type\":\"ListItem\",\"position\":2,\"name\":\"Pamplona destina 340.000 euros a la convocatoria de subvenciones para desarrollar proyectos de acci\u00f3n social en las \u00e1reas de discapacidad, dependencia e inclusi\u00f3n\"}]},{\"@type\":\"WebSite\",\"@id\":\"https:\\\/\\\/www.laguiadepamplona.com\\\/actualidad\\\/#website\",\"url\":\"https:\\\/\\\/www.laguiadepamplona.com\\\/actualidad\\\/\",\"name\":\"La gu\u00eda de Pamplona\",\"description\":\"Noticias de Pamplona\",\"publisher\":{\"@id\":\"https:\\\/\\\/www.laguiadepamplona.com\\\/actualidad\\\/#organization\"},\"potentialAction\":[{\"@type\":\"SearchAction\",\"target\":{\"@type\":\"EntryPoint\",\"urlTemplate\":\"https:\\\/\\\/www.laguiadepamplona.com\\\/actualidad\\\/?s={search_term_string}\"},\"query-input\":{\"@type\":\"PropertyValueSpecification\",\"valueRequired\":true,\"valueName\":\"search_term_string\"}}],\"inLanguage\":\"es\"},{\"@type\":\"Organization\",\"@id\":\"https:\\\/\\\/www.laguiadepamplona.com\\\/actualidad\\\/#organization\",\"name\":\"La Gu\u00eda de Pamplona \\\/ Noticias\",\"url\":\"https:\\\/\\\/www.laguiadepamplona.com\\\/actualidad\\\/\",\"logo\":{\"@type\":\"ImageObject\",\"inLanguage\":\"es\",\"@id\":\"https:\\\/\\\/www.laguiadepamplona.com\\\/actualidad\\\/#\\\/schema\\\/logo\\\/image\\\/\",\"url\":\"https:\\\/\\\/www.laguiadepamplona.com\\\/actualidad\\\/wp-content\\\/uploads\\\/2018\\\/11\\\/logo-laguiadepamplona18-web1.png\",\"contentUrl\":\"https:\\\/\\\/www.laguiadepamplona.com\\\/actualidad\\\/wp-content\\\/uploads\\\/2018\\\/11\\\/logo-laguiadepamplona18-web1.png\",\"width\":600,\"height\":196,\"caption\":\"La Gu\u00eda de Pamplona \\\/ Noticias\"},\"image\":{\"@id\":\"https:\\\/\\\/www.laguiadepamplona.com\\\/actualidad\\\/#\\\/schema\\\/logo\\\/image\\\/\"},\"sameAs\":[\"https:\\\/\\\/www.facebook.com\\\/laguiadepamplonacom-133175176762273\\\/?ref=hl\",\"https:\\\/\\\/x.com\\\/LaGuiadPamplona\",\"https:\\\/\\\/www.instagram.com\\\/la_guia_de_pamplona\\\/\",\"https:\\\/\\\/www.youtube.com\\\/user\\\/laguiadepamplona\"]},{\"@type\":\"Person\",\"@id\":\"https:\\\/\\\/www.laguiadepamplona.com\\\/actualidad\\\/#\\\/schema\\\/person\\\/efe887376f0213d4657c93adc50b1fdb\",\"name\":\"La Gu\u00eda de Pamplona\",\"image\":{\"@type\":\"ImageObject\",\"inLanguage\":\"es\",\"@id\":\"https:\\\/\\\/secure.gravatar.com\\\/avatar\\\/b6992f131dc8d30ab0dff15446e9d346d9dbd95992de0fef795073f5ea83a81c?s=96&d=mm&r=g\",\"url\":\"https:\\\/\\\/secure.gravatar.com\\\/avatar\\\/b6992f131dc8d30ab0dff15446e9d346d9dbd95992de0fef795073f5ea83a81c?s=96&d=mm&r=g\",\"contentUrl\":\"https:\\\/\\\/secure.gravatar.com\\\/avatar\\\/b6992f131dc8d30ab0dff15446e9d346d9dbd95992de0fef795073f5ea83a81c?s=96&d=mm&r=g\",\"caption\":\"La Gu\u00eda de Pamplona\"}}]}<\/script>\n<!-- \/ Yoast SEO plugin. -->","yoast_head_json":{"title":"Pamplona destina 340.000 euros a la convocatoria de subvenciones para desarrollar proyectos de acci\u00f3n social en las \u00e1reas de discapacidad, dependencia e inclusi\u00f3n","description":"El plazo de presentaci\u00f3n de solicitudes finaliza el 15 de mayo y los gastos subvencionables deben ser realizados entre enero y diciembre de este a\u00f1o","robots":{"index":"index","follow":"follow","max-snippet":"max-snippet:-1","max-image-preview":"max-image-preview:large","max-video-preview":"max-video-preview:-1"},"canonical":"https:\/\/www.laguiadepamplona.com\/actualidad\/pamplona-destina-340-000-euros-a-la-convocatoria-de-subvenciones-para-desarrollar-proyectos-de-accion-social-en-las-areas-de-discapacidad-dependencia-e-inclusion\/","og_locale":"es_ES","og_type":"article","og_title":"Pamplona destina 340.000 euros a la convocatoria de subvenciones para desarrollar proyectos de acci\u00f3n social en las \u00e1reas de discapacidad, dependencia e inclusi\u00f3n","og_description":"El plazo de presentaci\u00f3n de solicitudes finaliza el 15 de mayo y los gastos subvencionables deben ser realizados entre enero y diciembre de este a\u00f1o","og_url":"https:\/\/www.laguiadepamplona.com\/actualidad\/pamplona-destina-340-000-euros-a-la-convocatoria-de-subvenciones-para-desarrollar-proyectos-de-accion-social-en-las-areas-de-discapacidad-dependencia-e-inclusion\/","og_site_name":"La Gu\u00eda de Pamplona","article_publisher":"https:\/\/www.facebook.com\/laguiadepamplonacom-133175176762273\/?ref=hl","article_published_time":"2023-04-26T11:37:42+00:00","og_image":[{"width":1000,"height":667,"url":"https:\/\/www.laguiadepamplona.com\/actualidad\/wp-content\/uploads\/2023\/04\/minusvalido_silla_ruedas_disminuido_fisico.webp","type":"image\/webp"}],"author":"La Gu\u00eda de Pamplona","twitter_card":"summary_large_image","twitter_creator":"@LaGuiadPamplona","twitter_site":"@LaGuiadPamplona","twitter_misc":{"Escrito por":"La Gu\u00eda de Pamplona","Tiempo de lectura":"3 minutos"},"schema":{"@context":"https:\/\/schema.org","@graph":[{"@type":"Article","@id":"https:\/\/www.laguiadepamplona.com\/actualidad\/pamplona-destina-340-000-euros-a-la-convocatoria-de-subvenciones-para-desarrollar-proyectos-de-accion-social-en-las-areas-de-discapacidad-dependencia-e-inclusion\/#article","isPartOf":{"@id":"https:\/\/www.laguiadepamplona.com\/actualidad\/pamplona-destina-340-000-euros-a-la-convocatoria-de-subvenciones-para-desarrollar-proyectos-de-accion-social-en-las-areas-de-discapacidad-dependencia-e-inclusion\/"},"author":{"name":"La Gu\u00eda de Pamplona","@id":"https:\/\/www.laguiadepamplona.com\/actualidad\/#\/schema\/person\/efe887376f0213d4657c93adc50b1fdb"},"headline":"Pamplona destina 340.000 euros a la convocatoria de subvenciones para desarrollar proyectos de acci\u00f3n social en las \u00e1reas de discapacidad, dependencia e inclusi\u00f3n","datePublished":"2023-04-26T11:37:42+00:00","mainEntityOfPage":{"@id":"https:\/\/www.laguiadepamplona.com\/actualidad\/pamplona-destina-340-000-euros-a-la-convocatoria-de-subvenciones-para-desarrollar-proyectos-de-accion-social-en-las-areas-de-discapacidad-dependencia-e-inclusion\/"},"wordCount":714,"commentCount":0,"publisher":{"@id":"https:\/\/www.laguiadepamplona.com\/actualidad\/#organization"},"image":{"@id":"https:\/\/www.laguiadepamplona.com\/actualidad\/pamplona-destina-340-000-euros-a-la-convocatoria-de-subvenciones-para-desarrollar-proyectos-de-accion-social-en-las-areas-de-discapacidad-dependencia-e-inclusion\/#primaryimage"},"thumbnailUrl":"https:\/\/www.laguiadepamplona.com\/actualidad\/wp-content\/uploads\/2023\/04\/minusvalido_silla_ruedas_disminuido_fisico.webp","articleSection":["Ayto Pamplona"],"inLanguage":"es","potentialAction":[{"@type":"CommentAction","name":"Comment","target":["https:\/\/www.laguiadepamplona.com\/actualidad\/pamplona-destina-340-000-euros-a-la-convocatoria-de-subvenciones-para-desarrollar-proyectos-de-accion-social-en-las-areas-de-discapacidad-dependencia-e-inclusion\/#respond"]}]},{"@type":"WebPage","@id":"https:\/\/www.laguiadepamplona.com\/actualidad\/pamplona-destina-340-000-euros-a-la-convocatoria-de-subvenciones-para-desarrollar-proyectos-de-accion-social-en-las-areas-de-discapacidad-dependencia-e-inclusion\/","url":"https:\/\/www.laguiadepamplona.com\/actualidad\/pamplona-destina-340-000-euros-a-la-convocatoria-de-subvenciones-para-desarrollar-proyectos-de-accion-social-en-las-areas-de-discapacidad-dependencia-e-inclusion\/","name":"Pamplona destina 340.000 euros a la convocatoria de subvenciones para desarrollar proyectos de acci\u00f3n social en las \u00e1reas de discapacidad, dependencia e inclusi\u00f3n","isPartOf":{"@id":"https:\/\/www.laguiadepamplona.com\/actualidad\/#website"},"primaryImageOfPage":{"@id":"https:\/\/www.laguiadepamplona.com\/actualidad\/pamplona-destina-340-000-euros-a-la-convocatoria-de-subvenciones-para-desarrollar-proyectos-de-accion-social-en-las-areas-de-discapacidad-dependencia-e-inclusion\/#primaryimage"},"image":{"@id":"https:\/\/www.laguiadepamplona.com\/actualidad\/pamplona-destina-340-000-euros-a-la-convocatoria-de-subvenciones-para-desarrollar-proyectos-de-accion-social-en-las-areas-de-discapacidad-dependencia-e-inclusion\/#primaryimage"},"thumbnailUrl":"https:\/\/www.laguiadepamplona.com\/actualidad\/wp-content\/uploads\/2023\/04\/minusvalido_silla_ruedas_disminuido_fisico.webp","datePublished":"2023-04-26T11:37:42+00:00","description":"El plazo de presentaci\u00f3n de solicitudes finaliza el 15 de mayo y los gastos subvencionables deben ser realizados entre enero y diciembre de este a\u00f1o","breadcrumb":{"@id":"https:\/\/www.laguiadepamplona.com\/actualidad\/pamplona-destina-340-000-euros-a-la-convocatoria-de-subvenciones-para-desarrollar-proyectos-de-accion-social-en-las-areas-de-discapacidad-dependencia-e-inclusion\/#breadcrumb"},"inLanguage":"es","potentialAction":[{"@type":"ReadAction","target":["https:\/\/www.laguiadepamplona.com\/actualidad\/pamplona-destina-340-000-euros-a-la-convocatoria-de-subvenciones-para-desarrollar-proyectos-de-accion-social-en-las-areas-de-discapacidad-dependencia-e-inclusion\/"]}]},{"@type":"ImageObject","inLanguage":"es","@id":"https:\/\/www.laguiadepamplona.com\/actualidad\/pamplona-destina-340-000-euros-a-la-convocatoria-de-subvenciones-para-desarrollar-proyectos-de-accion-social-en-las-areas-de-discapacidad-dependencia-e-inclusion\/#primaryimage","url":"https:\/\/www.laguiadepamplona.com\/actualidad\/wp-content\/uploads\/2023\/04\/minusvalido_silla_ruedas_disminuido_fisico.webp","contentUrl":"https:\/\/www.laguiadepamplona.com\/actualidad\/wp-content\/uploads\/2023\/04\/minusvalido_silla_ruedas_disminuido_fisico.webp","width":1000,"height":667},{"@type":"BreadcrumbList","@id":"https:\/\/www.laguiadepamplona.com\/actualidad\/pamplona-destina-340-000-euros-a-la-convocatoria-de-subvenciones-para-desarrollar-proyectos-de-accion-social-en-las-areas-de-discapacidad-dependencia-e-inclusion\/#breadcrumb","itemListElement":[{"@type":"ListItem","position":1,"name":"Portada","item":"https:\/\/www.laguiadepamplona.com\/actualidad\/"},{"@type":"ListItem","position":2,"name":"Pamplona destina 340.000 euros a la convocatoria de subvenciones para desarrollar proyectos de acci\u00f3n social en las \u00e1reas de discapacidad, dependencia e inclusi\u00f3n"}]},{"@type":"WebSite","@id":"https:\/\/www.laguiadepamplona.com\/actualidad\/#website","url":"https:\/\/www.laguiadepamplona.com\/actualidad\/","name":"La gu\u00eda de Pamplona","description":"Noticias de Pamplona","publisher":{"@id":"https:\/\/www.laguiadepamplona.com\/actualidad\/#organization"},"potentialAction":[{"@type":"SearchAction","target":{"@type":"EntryPoint","urlTemplate":"https:\/\/www.laguiadepamplona.com\/actualidad\/?s={search_term_string}"},"query-input":{"@type":"PropertyValueSpecification","valueRequired":true,"valueName":"search_term_string"}}],"inLanguage":"es"},{"@type":"Organization","@id":"https:\/\/www.laguiadepamplona.com\/actualidad\/#organization","name":"La Gu\u00eda de Pamplona \/ Noticias","url":"https:\/\/www.laguiadepamplona.com\/actualidad\/","logo":{"@type":"ImageObject","inLanguage":"es","@id":"https:\/\/www.laguiadepamplona.com\/actualidad\/#\/schema\/logo\/image\/","url":"https:\/\/www.laguiadepamplona.com\/actualidad\/wp-content\/uploads\/2018\/11\/logo-laguiadepamplona18-web1.png","contentUrl":"https:\/\/www.laguiadepamplona.com\/actualidad\/wp-content\/uploads\/2018\/11\/logo-laguiadepamplona18-web1.png","width":600,"height":196,"caption":"La Gu\u00eda de Pamplona \/ Noticias"},"image":{"@id":"https:\/\/www.laguiadepamplona.com\/actualidad\/#\/schema\/logo\/image\/"},"sameAs":["https:\/\/www.facebook.com\/laguiadepamplonacom-133175176762273\/?ref=hl","https:\/\/x.com\/LaGuiadPamplona","https:\/\/www.instagram.com\/la_guia_de_pamplona\/","https:\/\/www.youtube.com\/user\/laguiadepamplona"]},{"@type":"Person","@id":"https:\/\/www.laguiadepamplona.com\/actualidad\/#\/schema\/person\/efe887376f0213d4657c93adc50b1fdb","name":"La Gu\u00eda de Pamplona","image":{"@type":"ImageObject","inLanguage":"es","@id":"https:\/\/secure.gravatar.com\/avatar\/b6992f131dc8d30ab0dff15446e9d346d9dbd95992de0fef795073f5ea83a81c?s=96&d=mm&r=g","url":"https:\/\/secure.gravatar.com\/avatar\/b6992f131dc8d30ab0dff15446e9d346d9dbd95992de0fef795073f5ea83a81c?s=96&d=mm&r=g","contentUrl":"https:\/\/secure.gravatar.com\/avatar\/b6992f131dc8d30ab0dff15446e9d346d9dbd95992de0fef795073f5ea83a81c?s=96&d=mm&r=g","caption":"La Gu\u00eda de Pamplona"}}]}},"post_mailing_queue_ids":[],"_links":{"self":[{"href":"https:\/\/www.laguiadepamplona.com\/actualidad\/wp-json\/wp\/v2\/posts\/46493","targetHints":{"allow":["GET"]}}],"collection":[{"href":"https:\/\/www.laguiadepamplona.com\/actualidad\/wp-json\/wp\/v2\/posts"}],"about":[{"href":"https:\/\/www.laguiadepamplona.com\/actualidad\/wp-json\/wp\/v2\/types\/post"}],"author":[{"embeddable":true,"href":"https:\/\/www.laguiadepamplona.com\/actualidad\/wp-json\/wp\/v2\/users\/1"}],"replies":[{"embeddable":true,"href":"https:\/\/www.laguiadepamplona.com\/actualidad\/wp-json\/wp\/v2\/comments?post=46493"}],"version-history":[{"count":1,"href":"https:\/\/www.laguiadepamplona.com\/actualidad\/wp-json\/wp\/v2\/posts\/46493\/revisions"}],"predecessor-version":[{"id":46495,"href":"https:\/\/www.laguiadepamplona.com\/actualidad\/wp-json\/wp\/v2\/posts\/46493\/revisions\/46495"}],"wp:featuredmedia":[{"embeddable":true,"href":"https:\/\/www.laguiadepamplona.com\/actualidad\/wp-json\/wp\/v2\/media\/46494"}],"wp:attachment":[{"href":"https:\/\/www.laguiadepamplona.com\/actualidad\/wp-json\/wp\/v2\/media?parent=46493"}],"wp:term":[{"taxonomy":"category","embeddable":true,"href":"https:\/\/www.laguiadepamplona.com\/actualidad\/wp-json\/wp\/v2\/categories?post=46493"},{"taxonomy":"post_tag","embeddable":true,"href":"https:\/\/www.laguiadepamplona.com\/actualidad\/wp-json\/wp\/v2\/tags?post=46493"}],"curies":[{"name":"wp","href":"https:\/\/api.w.org\/{rel}","templated":true}]}}