{"id":46488,"date":"2023-04-26T13:33:35","date_gmt":"2023-04-26T11:33:35","guid":{"rendered":"https:\/\/www.laguiadepamplona.com\/actualidad\/?p=46488"},"modified":"2023-04-26T13:33:35","modified_gmt":"2023-04-26T11:33:35","slug":"pamploneses-y-pamplonesas-estan-convocados-este-jueves-por-la-tarde-en-el-ayuntamiento-para-grabar-videos-de-apoyo-a-osasuna-ante-la-final-de-la-copa-del-rey","status":"publish","type":"post","link":"https:\/\/www.laguiadepamplona.com\/actualidad\/pamploneses-y-pamplonesas-estan-convocados-este-jueves-por-la-tarde-en-el-ayuntamiento-para-grabar-videos-de-apoyo-a-osasuna-ante-la-final-de-la-copa-del-rey\/","title":{"rendered":"Pamploneses y pamplonesas est\u00e1n convocados este jueves por la tarde en el Ayuntamiento para grabar v\u00eddeos de apoyo a Osasuna ante la final de la Copa del Rey"},"content":{"rendered":"<h3>Un c\u00e1mara profesional recoger\u00e1 los mensajes de la ciudadan\u00eda, individuales o en grupo, que se proyectar\u00e1n el d\u00eda del partido en las pantallas de la Plaza del Castillo<\/h3>\n<p><!--more--><\/p>\n<p>El Ayuntamiento de Pamplona quiere hacer expreso el apoyo de la ciudad a su equipo de Primera Divisi\u00f3n ante la final de la Copa del Rey, que se celebra en Sevilla el s\u00e1bado 6 de mayo. Para que la ciudadan\u00eda pueda grabar sus mensajes de \u00e1nimo, el Ayuntamiento convoca a todos los pamploneses y pamplonesas a acudir al zagu\u00e1n de la Casa Consistorial ma\u00f1ana jueves, entre las 17 y las 20 horas, vestidos con la camiseta de Osasuna.<br \/>\n<script async src=\"\/\/pagead2.googlesyndication.com\/pagead\/js\/adsbygoogle.js\"><\/script><br \/>\n<!-- Noticias La Guia de Pamplona --><br \/>\n<ins class=\"adsbygoogle\"\nstyle=\"display:block\"\ndata-ad-client=\"ca-pub-6943679897239327\"\ndata-ad-slot=\"7048180777\"\ndata-ad-format=\"auto\"><\/ins><br \/>\n<script>\n(adsbygoogle = window.adsbygoogle || []).push({});\n<\/script><\/p>\n<p>Un c\u00e1mara recoger\u00e1 los mensajes que la afici\u00f3n quiera dedicar a los jugadores, para dejar constancia de que Pamplona est\u00e1 con Osasuna. De hecho, la campa\u00f1a municipal anima a participar con el mensaje \u201cDamos la cara, la voz y el \u00e1nimo y lo que haga falta por nuestro equipo\u201d. Los pamploneses y pamplonesas pueden grabar los v\u00eddeos de manera individual, en cuadrilla con amigos, en familia o en pareja. Estos v\u00eddeos se difundir\u00e1n en las redes sociales municipales, donde el tema se puede seguir con el hashtag #PamplonaConOsasuna \/ #Iru\u00f1aOsasunarekin.<\/p>\n<p>Los v\u00eddeos tambi\u00e9n se ver\u00e1n en la veintena de mupis digitales con los que cuenta el Ayuntamiento en los distintos barrios de la ciudad y se proyectar\u00e1n en las cuatro pantallas led que el Ayuntamiento instalar\u00e1 en la Plaza del Castillo para vivir la final del s\u00e1bado 6. Para que se pueda seguir la actividad en toda su dimensi\u00f3n, las pantallas se complementan con ocho torres de sonido y la actuaci\u00f3n de un DJ que animar\u00e1 a la ciudadan\u00eda durante la tarde del partido.<br \/>\n<script async src=\"\/\/pagead2.googlesyndication.com\/pagead\/js\/adsbygoogle.js\"><\/script><br \/>\n<!-- Noticias La Guia de Pamplona --><br \/>\n<ins class=\"adsbygoogle\"\nstyle=\"display:block\"\ndata-ad-client=\"ca-pub-6943679897239327\"\ndata-ad-slot=\"7048180777\"\ndata-ad-format=\"auto\"><\/ins><br \/>\n<script>\n(adsbygoogle = window.adsbygoogle || []).push({});\n<\/script><\/p>\n<p>&nbsp;<\/p>\n<h3>#PamplonaConOsasuna \/ #Iru\u00f1aOsasunarekin<\/h3>\n<ul>\n<li>Damos la cara, la voz y el \u00e1nimo y lo que haga falta por nuestro equipo. \u00bfQuieres apoyar a Osasuna en la final de la Copa del Rey? \u00a1Ven y te grabamos animando a Osasuna!\n<ul>\n<li>Ma\u00f1ana jueves 27, entre las 17 y las 20 horas<\/li>\n<\/ul>\n<\/li>\n<\/ul>\n","protected":false},"excerpt":{"rendered":"<p>Un c\u00e1mara profesional recoger\u00e1 los mensajes de la ciudadan\u00eda, individuales o en grupo, que se proyectar\u00e1n el d\u00eda del partido en las pantallas de la Plaza del Castillo<\/p>\n","protected":false},"author":1,"featured_media":46427,"comment_status":"open","ping_status":"closed","sticky":false,"template":"","format":"standard","meta":{"footnotes":""},"categories":[2],"tags":[],"class_list":["post-46488","post","type-post","status-publish","format-standard","has-post-thumbnail","hentry","category-ayuntamiento-pamplona"],"yoast_head":"<!-- This site is optimized with the Yoast SEO plugin v27.3 - https:\/\/yoast.com\/product\/yoast-seo-wordpress\/ -->\n<title>Pamploneses y pamplonesas est\u00e1n convocados este jueves por la tarde en el Ayuntamiento para grabar v\u00eddeos de apoyo a Osasuna ante la final de la Copa del Rey<\/title>\n<meta name=\"description\" content=\"Un c\u00e1mara profesional recoger\u00e1 los mensajes de la ciudadan\u00eda, individuales o en grupo, que se proyectar\u00e1n el d\u00eda del partido en las pantallas de la Plaza del Castillo\" \/>\n<meta name=\"robots\" content=\"index, follow, max-snippet:-1, max-image-preview:large, max-video-preview:-1\" \/>\n<link rel=\"canonical\" href=\"https:\/\/www.laguiadepamplona.com\/actualidad\/pamploneses-y-pamplonesas-estan-convocados-este-jueves-por-la-tarde-en-el-ayuntamiento-para-grabar-videos-de-apoyo-a-osasuna-ante-la-final-de-la-copa-del-rey\/\" \/>\n<meta property=\"og:locale\" content=\"es_ES\" \/>\n<meta property=\"og:type\" content=\"article\" \/>\n<meta property=\"og:title\" content=\"Pamploneses y pamplonesas est\u00e1n convocados este jueves por la tarde en el Ayuntamiento para grabar v\u00eddeos de apoyo a Osasuna ante la final de la Copa del Rey\" \/>\n<meta property=\"og:description\" content=\"Un c\u00e1mara profesional recoger\u00e1 los mensajes de la ciudadan\u00eda, individuales o en grupo, que se proyectar\u00e1n el d\u00eda del partido en las pantallas de la Plaza del Castillo\" \/>\n<meta property=\"og:url\" content=\"https:\/\/www.laguiadepamplona.com\/actualidad\/pamploneses-y-pamplonesas-estan-convocados-este-jueves-por-la-tarde-en-el-ayuntamiento-para-grabar-videos-de-apoyo-a-osasuna-ante-la-final-de-la-copa-del-rey\/\" \/>\n<meta property=\"og:site_name\" content=\"La Gu\u00eda de Pamplona\" \/>\n<meta property=\"article:publisher\" content=\"https:\/\/www.facebook.com\/laguiadepamplonacom-133175176762273\/?ref=hl\" \/>\n<meta property=\"article:published_time\" content=\"2023-04-26T11:33:35+00:00\" \/>\n<meta property=\"og:image\" content=\"https:\/\/www.laguiadepamplona.com\/actualidad\/wp-content\/uploads\/2023\/04\/Anuncio-Osasuna_0-copia.webp\" \/>\n\t<meta property=\"og:image:width\" content=\"1211\" \/>\n\t<meta property=\"og:image:height\" content=\"1541\" \/>\n\t<meta property=\"og:image:type\" content=\"image\/webp\" \/>\n<meta name=\"author\" content=\"La Gu\u00eda de Pamplona\" \/>\n<meta name=\"twitter:card\" content=\"summary_large_image\" \/>\n<meta name=\"twitter:creator\" content=\"@LaGuiadPamplona\" \/>\n<meta name=\"twitter:site\" content=\"@LaGuiadPamplona\" \/>\n<meta name=\"twitter:label1\" content=\"Escrito por\" \/>\n\t<meta name=\"twitter:data1\" content=\"La Gu\u00eda de Pamplona\" \/>\n\t<meta name=\"twitter:label2\" content=\"Tiempo de lectura\" \/>\n\t<meta name=\"twitter:data2\" content=\"2 minutos\" \/>\n<script type=\"application\/ld+json\" class=\"yoast-schema-graph\">{\"@context\":\"https:\\\/\\\/schema.org\",\"@graph\":[{\"@type\":\"Article\",\"@id\":\"https:\\\/\\\/www.laguiadepamplona.com\\\/actualidad\\\/pamploneses-y-pamplonesas-estan-convocados-este-jueves-por-la-tarde-en-el-ayuntamiento-para-grabar-videos-de-apoyo-a-osasuna-ante-la-final-de-la-copa-del-rey\\\/#article\",\"isPartOf\":{\"@id\":\"https:\\\/\\\/www.laguiadepamplona.com\\\/actualidad\\\/pamploneses-y-pamplonesas-estan-convocados-este-jueves-por-la-tarde-en-el-ayuntamiento-para-grabar-videos-de-apoyo-a-osasuna-ante-la-final-de-la-copa-del-rey\\\/\"},\"author\":{\"name\":\"La Gu\u00eda de Pamplona\",\"@id\":\"https:\\\/\\\/www.laguiadepamplona.com\\\/actualidad\\\/#\\\/schema\\\/person\\\/efe887376f0213d4657c93adc50b1fdb\"},\"headline\":\"Pamploneses y pamplonesas est\u00e1n convocados este jueves por la tarde en el Ayuntamiento para grabar v\u00eddeos de apoyo a Osasuna ante la final de la Copa del Rey\",\"datePublished\":\"2023-04-26T11:33:35+00:00\",\"mainEntityOfPage\":{\"@id\":\"https:\\\/\\\/www.laguiadepamplona.com\\\/actualidad\\\/pamploneses-y-pamplonesas-estan-convocados-este-jueves-por-la-tarde-en-el-ayuntamiento-para-grabar-videos-de-apoyo-a-osasuna-ante-la-final-de-la-copa-del-rey\\\/\"},\"wordCount\":376,\"commentCount\":0,\"publisher\":{\"@id\":\"https:\\\/\\\/www.laguiadepamplona.com\\\/actualidad\\\/#organization\"},\"image\":{\"@id\":\"https:\\\/\\\/www.laguiadepamplona.com\\\/actualidad\\\/pamploneses-y-pamplonesas-estan-convocados-este-jueves-por-la-tarde-en-el-ayuntamiento-para-grabar-videos-de-apoyo-a-osasuna-ante-la-final-de-la-copa-del-rey\\\/#primaryimage\"},\"thumbnailUrl\":\"https:\\\/\\\/www.laguiadepamplona.com\\\/actualidad\\\/wp-content\\\/uploads\\\/2023\\\/04\\\/Anuncio-Osasuna_0-copia.webp\",\"articleSection\":[\"Ayto Pamplona\"],\"inLanguage\":\"es\",\"potentialAction\":[{\"@type\":\"CommentAction\",\"name\":\"Comment\",\"target\":[\"https:\\\/\\\/www.laguiadepamplona.com\\\/actualidad\\\/pamploneses-y-pamplonesas-estan-convocados-este-jueves-por-la-tarde-en-el-ayuntamiento-para-grabar-videos-de-apoyo-a-osasuna-ante-la-final-de-la-copa-del-rey\\\/#respond\"]}]},{\"@type\":\"WebPage\",\"@id\":\"https:\\\/\\\/www.laguiadepamplona.com\\\/actualidad\\\/pamploneses-y-pamplonesas-estan-convocados-este-jueves-por-la-tarde-en-el-ayuntamiento-para-grabar-videos-de-apoyo-a-osasuna-ante-la-final-de-la-copa-del-rey\\\/\",\"url\":\"https:\\\/\\\/www.laguiadepamplona.com\\\/actualidad\\\/pamploneses-y-pamplonesas-estan-convocados-este-jueves-por-la-tarde-en-el-ayuntamiento-para-grabar-videos-de-apoyo-a-osasuna-ante-la-final-de-la-copa-del-rey\\\/\",\"name\":\"Pamploneses y pamplonesas est\u00e1n convocados este jueves por la tarde en el Ayuntamiento para grabar v\u00eddeos de apoyo a Osasuna ante la final de la Copa del Rey\",\"isPartOf\":{\"@id\":\"https:\\\/\\\/www.laguiadepamplona.com\\\/actualidad\\\/#website\"},\"primaryImageOfPage\":{\"@id\":\"https:\\\/\\\/www.laguiadepamplona.com\\\/actualidad\\\/pamploneses-y-pamplonesas-estan-convocados-este-jueves-por-la-tarde-en-el-ayuntamiento-para-grabar-videos-de-apoyo-a-osasuna-ante-la-final-de-la-copa-del-rey\\\/#primaryimage\"},\"image\":{\"@id\":\"https:\\\/\\\/www.laguiadepamplona.com\\\/actualidad\\\/pamploneses-y-pamplonesas-estan-convocados-este-jueves-por-la-tarde-en-el-ayuntamiento-para-grabar-videos-de-apoyo-a-osasuna-ante-la-final-de-la-copa-del-rey\\\/#primaryimage\"},\"thumbnailUrl\":\"https:\\\/\\\/www.laguiadepamplona.com\\\/actualidad\\\/wp-content\\\/uploads\\\/2023\\\/04\\\/Anuncio-Osasuna_0-copia.webp\",\"datePublished\":\"2023-04-26T11:33:35+00:00\",\"description\":\"Un c\u00e1mara profesional recoger\u00e1 los mensajes de la ciudadan\u00eda, individuales o en grupo, que se proyectar\u00e1n el d\u00eda del partido en las pantallas de la Plaza del Castillo\",\"breadcrumb\":{\"@id\":\"https:\\\/\\\/www.laguiadepamplona.com\\\/actualidad\\\/pamploneses-y-pamplonesas-estan-convocados-este-jueves-por-la-tarde-en-el-ayuntamiento-para-grabar-videos-de-apoyo-a-osasuna-ante-la-final-de-la-copa-del-rey\\\/#breadcrumb\"},\"inLanguage\":\"es\",\"potentialAction\":[{\"@type\":\"ReadAction\",\"target\":[\"https:\\\/\\\/www.laguiadepamplona.com\\\/actualidad\\\/pamploneses-y-pamplonesas-estan-convocados-este-jueves-por-la-tarde-en-el-ayuntamiento-para-grabar-videos-de-apoyo-a-osasuna-ante-la-final-de-la-copa-del-rey\\\/\"]}]},{\"@type\":\"ImageObject\",\"inLanguage\":\"es\",\"@id\":\"https:\\\/\\\/www.laguiadepamplona.com\\\/actualidad\\\/pamploneses-y-pamplonesas-estan-convocados-este-jueves-por-la-tarde-en-el-ayuntamiento-para-grabar-videos-de-apoyo-a-osasuna-ante-la-final-de-la-copa-del-rey\\\/#primaryimage\",\"url\":\"https:\\\/\\\/www.laguiadepamplona.com\\\/actualidad\\\/wp-content\\\/uploads\\\/2023\\\/04\\\/Anuncio-Osasuna_0-copia.webp\",\"contentUrl\":\"https:\\\/\\\/www.laguiadepamplona.com\\\/actualidad\\\/wp-content\\\/uploads\\\/2023\\\/04\\\/Anuncio-Osasuna_0-copia.webp\",\"width\":1211,\"height\":1541},{\"@type\":\"BreadcrumbList\",\"@id\":\"https:\\\/\\\/www.laguiadepamplona.com\\\/actualidad\\\/pamploneses-y-pamplonesas-estan-convocados-este-jueves-por-la-tarde-en-el-ayuntamiento-para-grabar-videos-de-apoyo-a-osasuna-ante-la-final-de-la-copa-del-rey\\\/#breadcrumb\",\"itemListElement\":[{\"@type\":\"ListItem\",\"position\":1,\"name\":\"Portada\",\"item\":\"https:\\\/\\\/www.laguiadepamplona.com\\\/actualidad\\\/\"},{\"@type\":\"ListItem\",\"position\":2,\"name\":\"Pamploneses y pamplonesas est\u00e1n convocados este jueves por la tarde en el Ayuntamiento para grabar v\u00eddeos de apoyo a Osasuna ante la final de la Copa del Rey\"}]},{\"@type\":\"WebSite\",\"@id\":\"https:\\\/\\\/www.laguiadepamplona.com\\\/actualidad\\\/#website\",\"url\":\"https:\\\/\\\/www.laguiadepamplona.com\\\/actualidad\\\/\",\"name\":\"La gu\u00eda de Pamplona\",\"description\":\"Noticias de Pamplona\",\"publisher\":{\"@id\":\"https:\\\/\\\/www.laguiadepamplona.com\\\/actualidad\\\/#organization\"},\"potentialAction\":[{\"@type\":\"SearchAction\",\"target\":{\"@type\":\"EntryPoint\",\"urlTemplate\":\"https:\\\/\\\/www.laguiadepamplona.com\\\/actualidad\\\/?s={search_term_string}\"},\"query-input\":{\"@type\":\"PropertyValueSpecification\",\"valueRequired\":true,\"valueName\":\"search_term_string\"}}],\"inLanguage\":\"es\"},{\"@type\":\"Organization\",\"@id\":\"https:\\\/\\\/www.laguiadepamplona.com\\\/actualidad\\\/#organization\",\"name\":\"La Gu\u00eda de Pamplona \\\/ Noticias\",\"url\":\"https:\\\/\\\/www.laguiadepamplona.com\\\/actualidad\\\/\",\"logo\":{\"@type\":\"ImageObject\",\"inLanguage\":\"es\",\"@id\":\"https:\\\/\\\/www.laguiadepamplona.com\\\/actualidad\\\/#\\\/schema\\\/logo\\\/image\\\/\",\"url\":\"https:\\\/\\\/www.laguiadepamplona.com\\\/actualidad\\\/wp-content\\\/uploads\\\/2018\\\/11\\\/logo-laguiadepamplona18-web1.png\",\"contentUrl\":\"https:\\\/\\\/www.laguiadepamplona.com\\\/actualidad\\\/wp-content\\\/uploads\\\/2018\\\/11\\\/logo-laguiadepamplona18-web1.png\",\"width\":600,\"height\":196,\"caption\":\"La Gu\u00eda de Pamplona \\\/ Noticias\"},\"image\":{\"@id\":\"https:\\\/\\\/www.laguiadepamplona.com\\\/actualidad\\\/#\\\/schema\\\/logo\\\/image\\\/\"},\"sameAs\":[\"https:\\\/\\\/www.facebook.com\\\/laguiadepamplonacom-133175176762273\\\/?ref=hl\",\"https:\\\/\\\/x.com\\\/LaGuiadPamplona\",\"https:\\\/\\\/www.instagram.com\\\/la_guia_de_pamplona\\\/\",\"https:\\\/\\\/www.youtube.com\\\/user\\\/laguiadepamplona\"]},{\"@type\":\"Person\",\"@id\":\"https:\\\/\\\/www.laguiadepamplona.com\\\/actualidad\\\/#\\\/schema\\\/person\\\/efe887376f0213d4657c93adc50b1fdb\",\"name\":\"La Gu\u00eda de Pamplona\",\"image\":{\"@type\":\"ImageObject\",\"inLanguage\":\"es\",\"@id\":\"https:\\\/\\\/secure.gravatar.com\\\/avatar\\\/b6992f131dc8d30ab0dff15446e9d346d9dbd95992de0fef795073f5ea83a81c?s=96&d=mm&r=g\",\"url\":\"https:\\\/\\\/secure.gravatar.com\\\/avatar\\\/b6992f131dc8d30ab0dff15446e9d346d9dbd95992de0fef795073f5ea83a81c?s=96&d=mm&r=g\",\"contentUrl\":\"https:\\\/\\\/secure.gravatar.com\\\/avatar\\\/b6992f131dc8d30ab0dff15446e9d346d9dbd95992de0fef795073f5ea83a81c?s=96&d=mm&r=g\",\"caption\":\"La Gu\u00eda de Pamplona\"}}]}<\/script>\n<!-- \/ Yoast SEO plugin. -->","yoast_head_json":{"title":"Pamploneses y pamplonesas est\u00e1n convocados este jueves por la tarde en el Ayuntamiento para grabar v\u00eddeos de apoyo a Osasuna ante la final de la Copa del Rey","description":"Un c\u00e1mara profesional recoger\u00e1 los mensajes de la ciudadan\u00eda, individuales o en grupo, que se proyectar\u00e1n el d\u00eda del partido en las pantallas de la Plaza del Castillo","robots":{"index":"index","follow":"follow","max-snippet":"max-snippet:-1","max-image-preview":"max-image-preview:large","max-video-preview":"max-video-preview:-1"},"canonical":"https:\/\/www.laguiadepamplona.com\/actualidad\/pamploneses-y-pamplonesas-estan-convocados-este-jueves-por-la-tarde-en-el-ayuntamiento-para-grabar-videos-de-apoyo-a-osasuna-ante-la-final-de-la-copa-del-rey\/","og_locale":"es_ES","og_type":"article","og_title":"Pamploneses y pamplonesas est\u00e1n convocados este jueves por la tarde en el Ayuntamiento para grabar v\u00eddeos de apoyo a Osasuna ante la final de la Copa del Rey","og_description":"Un c\u00e1mara profesional recoger\u00e1 los mensajes de la ciudadan\u00eda, individuales o en grupo, que se proyectar\u00e1n el d\u00eda del partido en las pantallas de la Plaza del Castillo","og_url":"https:\/\/www.laguiadepamplona.com\/actualidad\/pamploneses-y-pamplonesas-estan-convocados-este-jueves-por-la-tarde-en-el-ayuntamiento-para-grabar-videos-de-apoyo-a-osasuna-ante-la-final-de-la-copa-del-rey\/","og_site_name":"La Gu\u00eda de Pamplona","article_publisher":"https:\/\/www.facebook.com\/laguiadepamplonacom-133175176762273\/?ref=hl","article_published_time":"2023-04-26T11:33:35+00:00","og_image":[{"width":1211,"height":1541,"url":"https:\/\/www.laguiadepamplona.com\/actualidad\/wp-content\/uploads\/2023\/04\/Anuncio-Osasuna_0-copia.webp","type":"image\/webp"}],"author":"La Gu\u00eda de Pamplona","twitter_card":"summary_large_image","twitter_creator":"@LaGuiadPamplona","twitter_site":"@LaGuiadPamplona","twitter_misc":{"Escrito por":"La Gu\u00eda de Pamplona","Tiempo de lectura":"2 minutos"},"schema":{"@context":"https:\/\/schema.org","@graph":[{"@type":"Article","@id":"https:\/\/www.laguiadepamplona.com\/actualidad\/pamploneses-y-pamplonesas-estan-convocados-este-jueves-por-la-tarde-en-el-ayuntamiento-para-grabar-videos-de-apoyo-a-osasuna-ante-la-final-de-la-copa-del-rey\/#article","isPartOf":{"@id":"https:\/\/www.laguiadepamplona.com\/actualidad\/pamploneses-y-pamplonesas-estan-convocados-este-jueves-por-la-tarde-en-el-ayuntamiento-para-grabar-videos-de-apoyo-a-osasuna-ante-la-final-de-la-copa-del-rey\/"},"author":{"name":"La Gu\u00eda de Pamplona","@id":"https:\/\/www.laguiadepamplona.com\/actualidad\/#\/schema\/person\/efe887376f0213d4657c93adc50b1fdb"},"headline":"Pamploneses y pamplonesas est\u00e1n convocados este jueves por la tarde en el Ayuntamiento para grabar v\u00eddeos de apoyo a Osasuna ante la final de la Copa del Rey","datePublished":"2023-04-26T11:33:35+00:00","mainEntityOfPage":{"@id":"https:\/\/www.laguiadepamplona.com\/actualidad\/pamploneses-y-pamplonesas-estan-convocados-este-jueves-por-la-tarde-en-el-ayuntamiento-para-grabar-videos-de-apoyo-a-osasuna-ante-la-final-de-la-copa-del-rey\/"},"wordCount":376,"commentCount":0,"publisher":{"@id":"https:\/\/www.laguiadepamplona.com\/actualidad\/#organization"},"image":{"@id":"https:\/\/www.laguiadepamplona.com\/actualidad\/pamploneses-y-pamplonesas-estan-convocados-este-jueves-por-la-tarde-en-el-ayuntamiento-para-grabar-videos-de-apoyo-a-osasuna-ante-la-final-de-la-copa-del-rey\/#primaryimage"},"thumbnailUrl":"https:\/\/www.laguiadepamplona.com\/actualidad\/wp-content\/uploads\/2023\/04\/Anuncio-Osasuna_0-copia.webp","articleSection":["Ayto Pamplona"],"inLanguage":"es","potentialAction":[{"@type":"CommentAction","name":"Comment","target":["https:\/\/www.laguiadepamplona.com\/actualidad\/pamploneses-y-pamplonesas-estan-convocados-este-jueves-por-la-tarde-en-el-ayuntamiento-para-grabar-videos-de-apoyo-a-osasuna-ante-la-final-de-la-copa-del-rey\/#respond"]}]},{"@type":"WebPage","@id":"https:\/\/www.laguiadepamplona.com\/actualidad\/pamploneses-y-pamplonesas-estan-convocados-este-jueves-por-la-tarde-en-el-ayuntamiento-para-grabar-videos-de-apoyo-a-osasuna-ante-la-final-de-la-copa-del-rey\/","url":"https:\/\/www.laguiadepamplona.com\/actualidad\/pamploneses-y-pamplonesas-estan-convocados-este-jueves-por-la-tarde-en-el-ayuntamiento-para-grabar-videos-de-apoyo-a-osasuna-ante-la-final-de-la-copa-del-rey\/","name":"Pamploneses y pamplonesas est\u00e1n convocados este jueves por la tarde en el Ayuntamiento para grabar v\u00eddeos de apoyo a Osasuna ante la final de la Copa del Rey","isPartOf":{"@id":"https:\/\/www.laguiadepamplona.com\/actualidad\/#website"},"primaryImageOfPage":{"@id":"https:\/\/www.laguiadepamplona.com\/actualidad\/pamploneses-y-pamplonesas-estan-convocados-este-jueves-por-la-tarde-en-el-ayuntamiento-para-grabar-videos-de-apoyo-a-osasuna-ante-la-final-de-la-copa-del-rey\/#primaryimage"},"image":{"@id":"https:\/\/www.laguiadepamplona.com\/actualidad\/pamploneses-y-pamplonesas-estan-convocados-este-jueves-por-la-tarde-en-el-ayuntamiento-para-grabar-videos-de-apoyo-a-osasuna-ante-la-final-de-la-copa-del-rey\/#primaryimage"},"thumbnailUrl":"https:\/\/www.laguiadepamplona.com\/actualidad\/wp-content\/uploads\/2023\/04\/Anuncio-Osasuna_0-copia.webp","datePublished":"2023-04-26T11:33:35+00:00","description":"Un c\u00e1mara profesional recoger\u00e1 los mensajes de la ciudadan\u00eda, individuales o en grupo, que se proyectar\u00e1n el d\u00eda del partido en las pantallas de la Plaza del Castillo","breadcrumb":{"@id":"https:\/\/www.laguiadepamplona.com\/actualidad\/pamploneses-y-pamplonesas-estan-convocados-este-jueves-por-la-tarde-en-el-ayuntamiento-para-grabar-videos-de-apoyo-a-osasuna-ante-la-final-de-la-copa-del-rey\/#breadcrumb"},"inLanguage":"es","potentialAction":[{"@type":"ReadAction","target":["https:\/\/www.laguiadepamplona.com\/actualidad\/pamploneses-y-pamplonesas-estan-convocados-este-jueves-por-la-tarde-en-el-ayuntamiento-para-grabar-videos-de-apoyo-a-osasuna-ante-la-final-de-la-copa-del-rey\/"]}]},{"@type":"ImageObject","inLanguage":"es","@id":"https:\/\/www.laguiadepamplona.com\/actualidad\/pamploneses-y-pamplonesas-estan-convocados-este-jueves-por-la-tarde-en-el-ayuntamiento-para-grabar-videos-de-apoyo-a-osasuna-ante-la-final-de-la-copa-del-rey\/#primaryimage","url":"https:\/\/www.laguiadepamplona.com\/actualidad\/wp-content\/uploads\/2023\/04\/Anuncio-Osasuna_0-copia.webp","contentUrl":"https:\/\/www.laguiadepamplona.com\/actualidad\/wp-content\/uploads\/2023\/04\/Anuncio-Osasuna_0-copia.webp","width":1211,"height":1541},{"@type":"BreadcrumbList","@id":"https:\/\/www.laguiadepamplona.com\/actualidad\/pamploneses-y-pamplonesas-estan-convocados-este-jueves-por-la-tarde-en-el-ayuntamiento-para-grabar-videos-de-apoyo-a-osasuna-ante-la-final-de-la-copa-del-rey\/#breadcrumb","itemListElement":[{"@type":"ListItem","position":1,"name":"Portada","item":"https:\/\/www.laguiadepamplona.com\/actualidad\/"},{"@type":"ListItem","position":2,"name":"Pamploneses y pamplonesas est\u00e1n convocados este jueves por la tarde en el Ayuntamiento para grabar v\u00eddeos de apoyo a Osasuna ante la final de la Copa del Rey"}]},{"@type":"WebSite","@id":"https:\/\/www.laguiadepamplona.com\/actualidad\/#website","url":"https:\/\/www.laguiadepamplona.com\/actualidad\/","name":"La gu\u00eda de Pamplona","description":"Noticias de Pamplona","publisher":{"@id":"https:\/\/www.laguiadepamplona.com\/actualidad\/#organization"},"potentialAction":[{"@type":"SearchAction","target":{"@type":"EntryPoint","urlTemplate":"https:\/\/www.laguiadepamplona.com\/actualidad\/?s={search_term_string}"},"query-input":{"@type":"PropertyValueSpecification","valueRequired":true,"valueName":"search_term_string"}}],"inLanguage":"es"},{"@type":"Organization","@id":"https:\/\/www.laguiadepamplona.com\/actualidad\/#organization","name":"La Gu\u00eda de Pamplona \/ Noticias","url":"https:\/\/www.laguiadepamplona.com\/actualidad\/","logo":{"@type":"ImageObject","inLanguage":"es","@id":"https:\/\/www.laguiadepamplona.com\/actualidad\/#\/schema\/logo\/image\/","url":"https:\/\/www.laguiadepamplona.com\/actualidad\/wp-content\/uploads\/2018\/11\/logo-laguiadepamplona18-web1.png","contentUrl":"https:\/\/www.laguiadepamplona.com\/actualidad\/wp-content\/uploads\/2018\/11\/logo-laguiadepamplona18-web1.png","width":600,"height":196,"caption":"La Gu\u00eda de Pamplona \/ Noticias"},"image":{"@id":"https:\/\/www.laguiadepamplona.com\/actualidad\/#\/schema\/logo\/image\/"},"sameAs":["https:\/\/www.facebook.com\/laguiadepamplonacom-133175176762273\/?ref=hl","https:\/\/x.com\/LaGuiadPamplona","https:\/\/www.instagram.com\/la_guia_de_pamplona\/","https:\/\/www.youtube.com\/user\/laguiadepamplona"]},{"@type":"Person","@id":"https:\/\/www.laguiadepamplona.com\/actualidad\/#\/schema\/person\/efe887376f0213d4657c93adc50b1fdb","name":"La Gu\u00eda de Pamplona","image":{"@type":"ImageObject","inLanguage":"es","@id":"https:\/\/secure.gravatar.com\/avatar\/b6992f131dc8d30ab0dff15446e9d346d9dbd95992de0fef795073f5ea83a81c?s=96&d=mm&r=g","url":"https:\/\/secure.gravatar.com\/avatar\/b6992f131dc8d30ab0dff15446e9d346d9dbd95992de0fef795073f5ea83a81c?s=96&d=mm&r=g","contentUrl":"https:\/\/secure.gravatar.com\/avatar\/b6992f131dc8d30ab0dff15446e9d346d9dbd95992de0fef795073f5ea83a81c?s=96&d=mm&r=g","caption":"La Gu\u00eda de Pamplona"}}]}},"post_mailing_queue_ids":[],"_links":{"self":[{"href":"https:\/\/www.laguiadepamplona.com\/actualidad\/wp-json\/wp\/v2\/posts\/46488","targetHints":{"allow":["GET"]}}],"collection":[{"href":"https:\/\/www.laguiadepamplona.com\/actualidad\/wp-json\/wp\/v2\/posts"}],"about":[{"href":"https:\/\/www.laguiadepamplona.com\/actualidad\/wp-json\/wp\/v2\/types\/post"}],"author":[{"embeddable":true,"href":"https:\/\/www.laguiadepamplona.com\/actualidad\/wp-json\/wp\/v2\/users\/1"}],"replies":[{"embeddable":true,"href":"https:\/\/www.laguiadepamplona.com\/actualidad\/wp-json\/wp\/v2\/comments?post=46488"}],"version-history":[{"count":1,"href":"https:\/\/www.laguiadepamplona.com\/actualidad\/wp-json\/wp\/v2\/posts\/46488\/revisions"}],"predecessor-version":[{"id":46489,"href":"https:\/\/www.laguiadepamplona.com\/actualidad\/wp-json\/wp\/v2\/posts\/46488\/revisions\/46489"}],"wp:featuredmedia":[{"embeddable":true,"href":"https:\/\/www.laguiadepamplona.com\/actualidad\/wp-json\/wp\/v2\/media\/46427"}],"wp:attachment":[{"href":"https:\/\/www.laguiadepamplona.com\/actualidad\/wp-json\/wp\/v2\/media?parent=46488"}],"wp:term":[{"taxonomy":"category","embeddable":true,"href":"https:\/\/www.laguiadepamplona.com\/actualidad\/wp-json\/wp\/v2\/categories?post=46488"},{"taxonomy":"post_tag","embeddable":true,"href":"https:\/\/www.laguiadepamplona.com\/actualidad\/wp-json\/wp\/v2\/tags?post=46488"}],"curies":[{"name":"wp","href":"https:\/\/api.w.org\/{rel}","templated":true}]}}