{"id":46477,"date":"2023-04-25T13:49:33","date_gmt":"2023-04-25T11:49:33","guid":{"rendered":"https:\/\/www.laguiadepamplona.com\/actualidad\/?p=46477"},"modified":"2023-04-25T13:49:33","modified_gmt":"2023-04-25T11:49:33","slug":"el-festival-arbola-reflexiona-en-civivox-condestable-en-torno-a-la-importancia-de-los-arboles-para-la-vida-y-la-salud","status":"publish","type":"post","link":"https:\/\/www.laguiadepamplona.com\/actualidad\/el-festival-arbola-reflexiona-en-civivox-condestable-en-torno-a-la-importancia-de-los-arboles-para-la-vida-y-la-salud\/","title":{"rendered":"El Festival Arbola reflexiona en Civivox Condestable en torno a la importancia de los \u00e1rboles para la vida y la salud"},"content":{"rendered":"<h3>Este festival interdisciplinar acoge exposiciones, proyecciones, encuentros, charlas y danza con entrada libre, desde este martes hasta el domingo<\/h3>\n<p><!--more--><\/p>\n<p>El Festival Arbola, definido como un bosque de eventos que celebra la cultura de los \u00e1rboles, tiene lugar desde este martes y hasta el domingo en Civivox Condestable. Este festival incluye exposiciones, proyecciones, encuentros, charlas y danza. Todas las actividades son gratuitas y cuentan con entrada libre, hasta completar el aforo. El festival forma parte del programa Arbola, que tambi\u00e9n se celebra en otras localidades navarras a trav\u00e9s de Arbola Itinerante.<\/p>\n<p>Arbola reivindica los \u00e1rboles como patrimonio vinculado a la salud, el bienestar y la supervivencia. En este contexto, la primera de las exposiciones que se exhibe en Condestable es \u2018Mistura #4\u2019, con 26 retratos que ilustran interacciones entre mujeres y plantas. La muestra es obra de la artista brasile\u00f1a Marina Guzzo, en colaboraci\u00f3n con veinte mujeres de Pamplona, la productora Labea, Antartika Kultur Container y el estudio de fotograf\u00eda Ximena y Sergio.<br \/>\n<script async src=\"\/\/pagead2.googlesyndication.com\/pagead\/js\/adsbygoogle.js\"><\/script><br \/>\n<!-- Noticias La Guia de Pamplona --><br \/>\n<ins class=\"adsbygoogle\"\nstyle=\"display:block\"\ndata-ad-client=\"ca-pub-6943679897239327\"\ndata-ad-slot=\"7048180777\"\ndata-ad-format=\"auto\"><\/ins><br \/>\n<script>\n(adsbygoogle = window.adsbygoogle || []).push({});\n<\/script><\/p>\n<p>Otra de las exposiciones es \u2018Fossil Plastics; Alegiazko enborrak\u2019, creaci\u00f3n de Mart\u00edn Etxauri Sainz de Murieta <em>Txo!?<\/em> con la colaboraci\u00f3n de Roberto Jaukikoa. La muestra presenta cortezas de diferentes \u00e1rboles amenazados, escaneadas e impresas en 3D, para que las personas visitantes reflexionen sobre la intervenci\u00f3n humana en la naturaleza y las consecuencias a largo plazo del uso del pl\u00e1stico. La muestra permanece abierta hasta el 22 de mayo.<\/p>\n<p>En cuanto a las proyecciones, el mi\u00e9rcoles 26 a las 17.45, se exhibe el documental \u2018Barranqueadores y cablistas del Irati\u2019, con entrada gratuita hasta completar aforo. La obra, grabada en Irati, refleja la dureza del trabajo especializado en el r\u00edo para la producci\u00f3n de electricidad y para la explotaci\u00f3n maderera de los bosques de hayas y abetos de los valles de Aezkoa y Salazar.<\/p>\n<p>El viernes 28 propone una doble cita. Entre las 10 y las 14 horas, se celebran los encuentros VI Jornadas \u2018Bosques algo m\u00e1s\u2019, organizadas por Foresna-Zurgaia. Estas jornadas re\u00fanen diferentes proyectos que visibilizan la importancia y potencial de los territorios forestales m\u00e1s all\u00e1 de la producci\u00f3n de madera, en clave de salud, cultura y arte. Por la tarde, a las 17 horas, la mesa redonda \u2018Del jard\u00edn al bosque urbano\u2019 reflexiona sobre las caracter\u00edsticas que tendr\u00eda una vida en una ciudad bosque. Ejerce como mediador Fernando Magdaleno, subdirector general de Biodiversidad terrestre y marina.<br \/>\n<script async src=\"\/\/pagead2.googlesyndication.com\/pagead\/js\/adsbygoogle.js\"><\/script><br \/>\n<!-- Noticias La Guia de Pamplona --><br \/>\n<ins class=\"adsbygoogle\"\nstyle=\"display:block\"\ndata-ad-client=\"ca-pub-6943679897239327\"\ndata-ad-slot=\"7048180777\"\ndata-ad-format=\"auto\"><\/ins><br \/>\n<script>\n(adsbygoogle = window.adsbygoogle || []).push({});\n<\/script><\/p>\n<p><strong>Programa para el s\u00e1bado 29<\/strong><\/p>\n<p>El s\u00e1bado 29 vuelven las proyecciones a Condestable, a las 17 horas, con el cine f\u00f3rum \u2018Materia bosque\u2019, un programa creado en 2019 por Labea y RCR Arquitectes que re\u00fane una cincuentena de obras que rinden homenaje a la fuerza est\u00e9tica y \u00e9tica de los \u00e1rboles. Tres artistas, referentes del arte que dialoga con el territorio y el paisaje, presentar\u00e1n su trabajo y mostrar\u00e1n tres v\u00eddeos de corta duraci\u00f3n que forman parte de \u2018Materia Bosque\u2019. Cecylia Malik presentar\u00e1 \u2018365 \u00e1rboles\u2019 y hablar\u00e1 en torno a sus acciones de arte y activismo medioambiental que la llevaron a ser un referente en Polonia y en el mundo. La segunda charla es \u2018El bosque hueco\u2019, con Luc\u00eda Loren, artista pionera en el binomio arte y biodiversidad. Y cierra la sesi\u00f3n RCR arquitectes, ganadores del premio Pritzker en 2017, con \u2018La Vila, geograf\u00eda de un sue\u00f1o\u2019; la Vila es una mas\u00eda del siglo XV reconvertida en un laboratorio filos\u00f3fico para repensar el paisaje.<\/p>\n<p>El mismo s\u00e1bado, a las 19 horas, tendr\u00e1 lugar la charla performativa \u2018Teatro Amazonas y otros delirios\u2019, con la compa\u00f1\u00eda navarra AzkonaToloza. Esta experiencia h\u00edbrida de teatro documental, audiovisual e instalaci\u00f3n se realiza de forma participativa con el p\u00fablico asistente. La obra cuenta la experiencia vivida en el Amazonas y su importancia geoestrat\u00e9gica en un mundo en transici\u00f3n.<br \/>\n<script async src=\"\/\/pagead2.googlesyndication.com\/pagead\/js\/adsbygoogle.js\"><\/script><br \/>\n<!-- Noticias La Guia de Pamplona --><br \/>\n<ins class=\"adsbygoogle\"\nstyle=\"display:block\"\ndata-ad-client=\"ca-pub-6943679897239327\"\ndata-ad-slot=\"7048180777\"\ndata-ad-format=\"auto\"><\/ins><br \/>\n<script>\n(adsbygoogle = window.adsbygoogle || []).push({});\n<\/script><\/p>\n<p>Por \u00faltimo, a las 20 horas, la bailarina argentina Lucia Croatto y Artistas inflamables interpretan la interdisciplinar \u2018Tentativas de convertirse en \u00e1rbol\u2019, acompa\u00f1ada con la zanfona, un instrumento medieval, y un salterio bajo, a cargo del compositor Jorge Garrido.<\/p>\n<p>Arbola es un proyecto de LABEA-Laboratorio de Arte, Ciencia y Naturaleza, realizado en colaboraci\u00f3n con Foresna-Zurgaia, Antartika Kultur Container, Innova Cultural, Fundaci\u00f3n Caja Navarra y Fundaci\u00f3n La Caixa, y con el apoyo de Ayuntamiento de Pamplona, Gobierno de Navarra y Acci\u00f3n Cultural Espa\u00f1ola.<br \/>\n<script async src=\"\/\/pagead2.googlesyndication.com\/pagead\/js\/adsbygoogle.js\"><\/script><br \/>\n<!-- Noticias La Guia de Pamplona --><br \/>\n<ins class=\"adsbygoogle\"\nstyle=\"display:block\"\ndata-ad-client=\"ca-pub-6943679897239327\"\ndata-ad-slot=\"7048180777\"\ndata-ad-format=\"auto\"><\/ins><br \/>\n<script>\n(adsbygoogle = window.adsbygoogle || []).push({});\n<\/script><\/p>\n<p>&nbsp;<\/p>\n<h3>Festival Arbola. Civivox Condestable. Del 25 al 30 de Abril. Entrada libre<\/h3>\n<ul>\n<li>Exposiciones:\n<ul>\n<li>\u2018Mistura #4\u2019, retratos (hasta el 30 de abril)<\/li>\n<li>\u2018Fossil Plastics; Alegiazko enborrak\u2019, creaci\u00f3n (hasta el 22 de mayo)<\/li>\n<\/ul>\n<\/li>\n<li>Proyecci\u00f3n: \u2018Barranqueadores y cablistas del Irati\u2019. 26 de abril. 17.45<\/li>\n<li>Encuentros: VI Jornadas \u2018Bosques algo m\u00e1s\u2019. 28 de abril. 10 a 14<\/li>\n<li>Mesa redonda: \u2018Del jard\u00edn al bosque urbano\u2019. 28 de abril. 17.00<\/li>\n<li>Cinef\u00f3rum: \u2018Materia bosque\u2019. 29 abril. 17.00<\/li>\n<li>Charla performativa: \u2018Teatro Amazonas y otros delirios\u2019. 29 abril. 19.00<\/li>\n<li>Danza, teatro, circo: \u2018Tentativas de convertirse en \u00e1rbol\u2019. 29 abril. 20.00<\/li>\n<\/ul>\n","protected":false},"excerpt":{"rendered":"<p>Este festival interdisciplinar acoge exposiciones, proyecciones, encuentros, charlas y danza con entrada libre, desde este martes hasta el domingo<\/p>\n","protected":false},"author":1,"featured_media":46478,"comment_status":"open","ping_status":"closed","sticky":false,"template":"","format":"standard","meta":{"footnotes":""},"categories":[2],"tags":[],"class_list":["post-46477","post","type-post","status-publish","format-standard","has-post-thumbnail","hentry","category-ayuntamiento-pamplona"],"yoast_head":"<!-- This site is optimized with the Yoast SEO plugin v27.3 - https:\/\/yoast.com\/product\/yoast-seo-wordpress\/ -->\n<title>El Festival Arbola reflexiona en Civivox Condestable en torno a la importancia de los \u00e1rboles para la vida y la salud<\/title>\n<meta name=\"description\" content=\"Este festival interdisciplinar acoge exposiciones, proyecciones, encuentros, charlas y danza con entrada libre, desde este martes hasta el domingo\" \/>\n<meta name=\"robots\" content=\"index, follow, max-snippet:-1, max-image-preview:large, max-video-preview:-1\" \/>\n<link rel=\"canonical\" href=\"https:\/\/www.laguiadepamplona.com\/actualidad\/el-festival-arbola-reflexiona-en-civivox-condestable-en-torno-a-la-importancia-de-los-arboles-para-la-vida-y-la-salud\/\" \/>\n<meta property=\"og:locale\" content=\"es_ES\" \/>\n<meta property=\"og:type\" content=\"article\" \/>\n<meta property=\"og:title\" content=\"El Festival Arbola reflexiona en Civivox Condestable en torno a la importancia de los \u00e1rboles para la vida y la salud\" \/>\n<meta property=\"og:description\" content=\"Este festival interdisciplinar acoge exposiciones, proyecciones, encuentros, charlas y danza con entrada libre, desde este martes hasta el domingo\" \/>\n<meta property=\"og:url\" content=\"https:\/\/www.laguiadepamplona.com\/actualidad\/el-festival-arbola-reflexiona-en-civivox-condestable-en-torno-a-la-importancia-de-los-arboles-para-la-vida-y-la-salud\/\" \/>\n<meta property=\"og:site_name\" content=\"La Gu\u00eda de Pamplona\" \/>\n<meta property=\"article:publisher\" content=\"https:\/\/www.facebook.com\/laguiadepamplonacom-133175176762273\/?ref=hl\" \/>\n<meta property=\"article:published_time\" content=\"2023-04-25T11:49:33+00:00\" \/>\n<meta property=\"og:image\" content=\"https:\/\/www.laguiadepamplona.com\/actualidad\/wp-content\/uploads\/2023\/04\/arbola1.webp\" \/>\n\t<meta property=\"og:image:width\" content=\"1647\" \/>\n\t<meta property=\"og:image:height\" content=\"828\" \/>\n\t<meta property=\"og:image:type\" content=\"image\/webp\" \/>\n<meta name=\"author\" content=\"La Gu\u00eda de Pamplona\" \/>\n<meta name=\"twitter:card\" content=\"summary_large_image\" \/>\n<meta name=\"twitter:creator\" content=\"@LaGuiadPamplona\" \/>\n<meta name=\"twitter:site\" content=\"@LaGuiadPamplona\" \/>\n<meta name=\"twitter:label1\" content=\"Escrito por\" \/>\n\t<meta name=\"twitter:data1\" content=\"La Gu\u00eda de Pamplona\" \/>\n\t<meta name=\"twitter:label2\" content=\"Tiempo de lectura\" \/>\n\t<meta name=\"twitter:data2\" content=\"4 minutos\" \/>\n<script type=\"application\/ld+json\" class=\"yoast-schema-graph\">{\"@context\":\"https:\\\/\\\/schema.org\",\"@graph\":[{\"@type\":\"Article\",\"@id\":\"https:\\\/\\\/www.laguiadepamplona.com\\\/actualidad\\\/el-festival-arbola-reflexiona-en-civivox-condestable-en-torno-a-la-importancia-de-los-arboles-para-la-vida-y-la-salud\\\/#article\",\"isPartOf\":{\"@id\":\"https:\\\/\\\/www.laguiadepamplona.com\\\/actualidad\\\/el-festival-arbola-reflexiona-en-civivox-condestable-en-torno-a-la-importancia-de-los-arboles-para-la-vida-y-la-salud\\\/\"},\"author\":{\"name\":\"La Gu\u00eda de Pamplona\",\"@id\":\"https:\\\/\\\/www.laguiadepamplona.com\\\/actualidad\\\/#\\\/schema\\\/person\\\/efe887376f0213d4657c93adc50b1fdb\"},\"headline\":\"El Festival Arbola reflexiona en Civivox Condestable en torno a la importancia de los \u00e1rboles para la vida y la salud\",\"datePublished\":\"2023-04-25T11:49:33+00:00\",\"mainEntityOfPage\":{\"@id\":\"https:\\\/\\\/www.laguiadepamplona.com\\\/actualidad\\\/el-festival-arbola-reflexiona-en-civivox-condestable-en-torno-a-la-importancia-de-los-arboles-para-la-vida-y-la-salud\\\/\"},\"wordCount\":824,\"commentCount\":0,\"publisher\":{\"@id\":\"https:\\\/\\\/www.laguiadepamplona.com\\\/actualidad\\\/#organization\"},\"image\":{\"@id\":\"https:\\\/\\\/www.laguiadepamplona.com\\\/actualidad\\\/el-festival-arbola-reflexiona-en-civivox-condestable-en-torno-a-la-importancia-de-los-arboles-para-la-vida-y-la-salud\\\/#primaryimage\"},\"thumbnailUrl\":\"https:\\\/\\\/www.laguiadepamplona.com\\\/actualidad\\\/wp-content\\\/uploads\\\/2023\\\/04\\\/arbola1.webp\",\"articleSection\":[\"Ayto Pamplona\"],\"inLanguage\":\"es\",\"potentialAction\":[{\"@type\":\"CommentAction\",\"name\":\"Comment\",\"target\":[\"https:\\\/\\\/www.laguiadepamplona.com\\\/actualidad\\\/el-festival-arbola-reflexiona-en-civivox-condestable-en-torno-a-la-importancia-de-los-arboles-para-la-vida-y-la-salud\\\/#respond\"]}]},{\"@type\":\"WebPage\",\"@id\":\"https:\\\/\\\/www.laguiadepamplona.com\\\/actualidad\\\/el-festival-arbola-reflexiona-en-civivox-condestable-en-torno-a-la-importancia-de-los-arboles-para-la-vida-y-la-salud\\\/\",\"url\":\"https:\\\/\\\/www.laguiadepamplona.com\\\/actualidad\\\/el-festival-arbola-reflexiona-en-civivox-condestable-en-torno-a-la-importancia-de-los-arboles-para-la-vida-y-la-salud\\\/\",\"name\":\"El Festival Arbola reflexiona en Civivox Condestable en torno a la importancia de los \u00e1rboles para la vida y la salud\",\"isPartOf\":{\"@id\":\"https:\\\/\\\/www.laguiadepamplona.com\\\/actualidad\\\/#website\"},\"primaryImageOfPage\":{\"@id\":\"https:\\\/\\\/www.laguiadepamplona.com\\\/actualidad\\\/el-festival-arbola-reflexiona-en-civivox-condestable-en-torno-a-la-importancia-de-los-arboles-para-la-vida-y-la-salud\\\/#primaryimage\"},\"image\":{\"@id\":\"https:\\\/\\\/www.laguiadepamplona.com\\\/actualidad\\\/el-festival-arbola-reflexiona-en-civivox-condestable-en-torno-a-la-importancia-de-los-arboles-para-la-vida-y-la-salud\\\/#primaryimage\"},\"thumbnailUrl\":\"https:\\\/\\\/www.laguiadepamplona.com\\\/actualidad\\\/wp-content\\\/uploads\\\/2023\\\/04\\\/arbola1.webp\",\"datePublished\":\"2023-04-25T11:49:33+00:00\",\"description\":\"Este festival interdisciplinar acoge exposiciones, proyecciones, encuentros, charlas y danza con entrada libre, desde este martes hasta el domingo\",\"breadcrumb\":{\"@id\":\"https:\\\/\\\/www.laguiadepamplona.com\\\/actualidad\\\/el-festival-arbola-reflexiona-en-civivox-condestable-en-torno-a-la-importancia-de-los-arboles-para-la-vida-y-la-salud\\\/#breadcrumb\"},\"inLanguage\":\"es\",\"potentialAction\":[{\"@type\":\"ReadAction\",\"target\":[\"https:\\\/\\\/www.laguiadepamplona.com\\\/actualidad\\\/el-festival-arbola-reflexiona-en-civivox-condestable-en-torno-a-la-importancia-de-los-arboles-para-la-vida-y-la-salud\\\/\"]}]},{\"@type\":\"ImageObject\",\"inLanguage\":\"es\",\"@id\":\"https:\\\/\\\/www.laguiadepamplona.com\\\/actualidad\\\/el-festival-arbola-reflexiona-en-civivox-condestable-en-torno-a-la-importancia-de-los-arboles-para-la-vida-y-la-salud\\\/#primaryimage\",\"url\":\"https:\\\/\\\/www.laguiadepamplona.com\\\/actualidad\\\/wp-content\\\/uploads\\\/2023\\\/04\\\/arbola1.webp\",\"contentUrl\":\"https:\\\/\\\/www.laguiadepamplona.com\\\/actualidad\\\/wp-content\\\/uploads\\\/2023\\\/04\\\/arbola1.webp\",\"width\":1647,\"height\":828},{\"@type\":\"BreadcrumbList\",\"@id\":\"https:\\\/\\\/www.laguiadepamplona.com\\\/actualidad\\\/el-festival-arbola-reflexiona-en-civivox-condestable-en-torno-a-la-importancia-de-los-arboles-para-la-vida-y-la-salud\\\/#breadcrumb\",\"itemListElement\":[{\"@type\":\"ListItem\",\"position\":1,\"name\":\"Portada\",\"item\":\"https:\\\/\\\/www.laguiadepamplona.com\\\/actualidad\\\/\"},{\"@type\":\"ListItem\",\"position\":2,\"name\":\"El Festival Arbola reflexiona en Civivox Condestable en torno a la importancia de los \u00e1rboles para la vida y la salud\"}]},{\"@type\":\"WebSite\",\"@id\":\"https:\\\/\\\/www.laguiadepamplona.com\\\/actualidad\\\/#website\",\"url\":\"https:\\\/\\\/www.laguiadepamplona.com\\\/actualidad\\\/\",\"name\":\"La gu\u00eda de Pamplona\",\"description\":\"Noticias de Pamplona\",\"publisher\":{\"@id\":\"https:\\\/\\\/www.laguiadepamplona.com\\\/actualidad\\\/#organization\"},\"potentialAction\":[{\"@type\":\"SearchAction\",\"target\":{\"@type\":\"EntryPoint\",\"urlTemplate\":\"https:\\\/\\\/www.laguiadepamplona.com\\\/actualidad\\\/?s={search_term_string}\"},\"query-input\":{\"@type\":\"PropertyValueSpecification\",\"valueRequired\":true,\"valueName\":\"search_term_string\"}}],\"inLanguage\":\"es\"},{\"@type\":\"Organization\",\"@id\":\"https:\\\/\\\/www.laguiadepamplona.com\\\/actualidad\\\/#organization\",\"name\":\"La Gu\u00eda de Pamplona \\\/ Noticias\",\"url\":\"https:\\\/\\\/www.laguiadepamplona.com\\\/actualidad\\\/\",\"logo\":{\"@type\":\"ImageObject\",\"inLanguage\":\"es\",\"@id\":\"https:\\\/\\\/www.laguiadepamplona.com\\\/actualidad\\\/#\\\/schema\\\/logo\\\/image\\\/\",\"url\":\"https:\\\/\\\/www.laguiadepamplona.com\\\/actualidad\\\/wp-content\\\/uploads\\\/2018\\\/11\\\/logo-laguiadepamplona18-web1.png\",\"contentUrl\":\"https:\\\/\\\/www.laguiadepamplona.com\\\/actualidad\\\/wp-content\\\/uploads\\\/2018\\\/11\\\/logo-laguiadepamplona18-web1.png\",\"width\":600,\"height\":196,\"caption\":\"La Gu\u00eda de Pamplona \\\/ Noticias\"},\"image\":{\"@id\":\"https:\\\/\\\/www.laguiadepamplona.com\\\/actualidad\\\/#\\\/schema\\\/logo\\\/image\\\/\"},\"sameAs\":[\"https:\\\/\\\/www.facebook.com\\\/laguiadepamplonacom-133175176762273\\\/?ref=hl\",\"https:\\\/\\\/x.com\\\/LaGuiadPamplona\",\"https:\\\/\\\/www.instagram.com\\\/la_guia_de_pamplona\\\/\",\"https:\\\/\\\/www.youtube.com\\\/user\\\/laguiadepamplona\"]},{\"@type\":\"Person\",\"@id\":\"https:\\\/\\\/www.laguiadepamplona.com\\\/actualidad\\\/#\\\/schema\\\/person\\\/efe887376f0213d4657c93adc50b1fdb\",\"name\":\"La Gu\u00eda de Pamplona\",\"image\":{\"@type\":\"ImageObject\",\"inLanguage\":\"es\",\"@id\":\"https:\\\/\\\/secure.gravatar.com\\\/avatar\\\/b6992f131dc8d30ab0dff15446e9d346d9dbd95992de0fef795073f5ea83a81c?s=96&d=mm&r=g\",\"url\":\"https:\\\/\\\/secure.gravatar.com\\\/avatar\\\/b6992f131dc8d30ab0dff15446e9d346d9dbd95992de0fef795073f5ea83a81c?s=96&d=mm&r=g\",\"contentUrl\":\"https:\\\/\\\/secure.gravatar.com\\\/avatar\\\/b6992f131dc8d30ab0dff15446e9d346d9dbd95992de0fef795073f5ea83a81c?s=96&d=mm&r=g\",\"caption\":\"La Gu\u00eda de Pamplona\"}}]}<\/script>\n<!-- \/ Yoast SEO plugin. -->","yoast_head_json":{"title":"El Festival Arbola reflexiona en Civivox Condestable en torno a la importancia de los \u00e1rboles para la vida y la salud","description":"Este festival interdisciplinar acoge exposiciones, proyecciones, encuentros, charlas y danza con entrada libre, desde este martes hasta el domingo","robots":{"index":"index","follow":"follow","max-snippet":"max-snippet:-1","max-image-preview":"max-image-preview:large","max-video-preview":"max-video-preview:-1"},"canonical":"https:\/\/www.laguiadepamplona.com\/actualidad\/el-festival-arbola-reflexiona-en-civivox-condestable-en-torno-a-la-importancia-de-los-arboles-para-la-vida-y-la-salud\/","og_locale":"es_ES","og_type":"article","og_title":"El Festival Arbola reflexiona en Civivox Condestable en torno a la importancia de los \u00e1rboles para la vida y la salud","og_description":"Este festival interdisciplinar acoge exposiciones, proyecciones, encuentros, charlas y danza con entrada libre, desde este martes hasta el domingo","og_url":"https:\/\/www.laguiadepamplona.com\/actualidad\/el-festival-arbola-reflexiona-en-civivox-condestable-en-torno-a-la-importancia-de-los-arboles-para-la-vida-y-la-salud\/","og_site_name":"La Gu\u00eda de Pamplona","article_publisher":"https:\/\/www.facebook.com\/laguiadepamplonacom-133175176762273\/?ref=hl","article_published_time":"2023-04-25T11:49:33+00:00","og_image":[{"width":1647,"height":828,"url":"https:\/\/www.laguiadepamplona.com\/actualidad\/wp-content\/uploads\/2023\/04\/arbola1.webp","type":"image\/webp"}],"author":"La Gu\u00eda de Pamplona","twitter_card":"summary_large_image","twitter_creator":"@LaGuiadPamplona","twitter_site":"@LaGuiadPamplona","twitter_misc":{"Escrito por":"La Gu\u00eda de Pamplona","Tiempo de lectura":"4 minutos"},"schema":{"@context":"https:\/\/schema.org","@graph":[{"@type":"Article","@id":"https:\/\/www.laguiadepamplona.com\/actualidad\/el-festival-arbola-reflexiona-en-civivox-condestable-en-torno-a-la-importancia-de-los-arboles-para-la-vida-y-la-salud\/#article","isPartOf":{"@id":"https:\/\/www.laguiadepamplona.com\/actualidad\/el-festival-arbola-reflexiona-en-civivox-condestable-en-torno-a-la-importancia-de-los-arboles-para-la-vida-y-la-salud\/"},"author":{"name":"La Gu\u00eda de Pamplona","@id":"https:\/\/www.laguiadepamplona.com\/actualidad\/#\/schema\/person\/efe887376f0213d4657c93adc50b1fdb"},"headline":"El Festival Arbola reflexiona en Civivox Condestable en torno a la importancia de los \u00e1rboles para la vida y la salud","datePublished":"2023-04-25T11:49:33+00:00","mainEntityOfPage":{"@id":"https:\/\/www.laguiadepamplona.com\/actualidad\/el-festival-arbola-reflexiona-en-civivox-condestable-en-torno-a-la-importancia-de-los-arboles-para-la-vida-y-la-salud\/"},"wordCount":824,"commentCount":0,"publisher":{"@id":"https:\/\/www.laguiadepamplona.com\/actualidad\/#organization"},"image":{"@id":"https:\/\/www.laguiadepamplona.com\/actualidad\/el-festival-arbola-reflexiona-en-civivox-condestable-en-torno-a-la-importancia-de-los-arboles-para-la-vida-y-la-salud\/#primaryimage"},"thumbnailUrl":"https:\/\/www.laguiadepamplona.com\/actualidad\/wp-content\/uploads\/2023\/04\/arbola1.webp","articleSection":["Ayto Pamplona"],"inLanguage":"es","potentialAction":[{"@type":"CommentAction","name":"Comment","target":["https:\/\/www.laguiadepamplona.com\/actualidad\/el-festival-arbola-reflexiona-en-civivox-condestable-en-torno-a-la-importancia-de-los-arboles-para-la-vida-y-la-salud\/#respond"]}]},{"@type":"WebPage","@id":"https:\/\/www.laguiadepamplona.com\/actualidad\/el-festival-arbola-reflexiona-en-civivox-condestable-en-torno-a-la-importancia-de-los-arboles-para-la-vida-y-la-salud\/","url":"https:\/\/www.laguiadepamplona.com\/actualidad\/el-festival-arbola-reflexiona-en-civivox-condestable-en-torno-a-la-importancia-de-los-arboles-para-la-vida-y-la-salud\/","name":"El Festival Arbola reflexiona en Civivox Condestable en torno a la importancia de los \u00e1rboles para la vida y la salud","isPartOf":{"@id":"https:\/\/www.laguiadepamplona.com\/actualidad\/#website"},"primaryImageOfPage":{"@id":"https:\/\/www.laguiadepamplona.com\/actualidad\/el-festival-arbola-reflexiona-en-civivox-condestable-en-torno-a-la-importancia-de-los-arboles-para-la-vida-y-la-salud\/#primaryimage"},"image":{"@id":"https:\/\/www.laguiadepamplona.com\/actualidad\/el-festival-arbola-reflexiona-en-civivox-condestable-en-torno-a-la-importancia-de-los-arboles-para-la-vida-y-la-salud\/#primaryimage"},"thumbnailUrl":"https:\/\/www.laguiadepamplona.com\/actualidad\/wp-content\/uploads\/2023\/04\/arbola1.webp","datePublished":"2023-04-25T11:49:33+00:00","description":"Este festival interdisciplinar acoge exposiciones, proyecciones, encuentros, charlas y danza con entrada libre, desde este martes hasta el domingo","breadcrumb":{"@id":"https:\/\/www.laguiadepamplona.com\/actualidad\/el-festival-arbola-reflexiona-en-civivox-condestable-en-torno-a-la-importancia-de-los-arboles-para-la-vida-y-la-salud\/#breadcrumb"},"inLanguage":"es","potentialAction":[{"@type":"ReadAction","target":["https:\/\/www.laguiadepamplona.com\/actualidad\/el-festival-arbola-reflexiona-en-civivox-condestable-en-torno-a-la-importancia-de-los-arboles-para-la-vida-y-la-salud\/"]}]},{"@type":"ImageObject","inLanguage":"es","@id":"https:\/\/www.laguiadepamplona.com\/actualidad\/el-festival-arbola-reflexiona-en-civivox-condestable-en-torno-a-la-importancia-de-los-arboles-para-la-vida-y-la-salud\/#primaryimage","url":"https:\/\/www.laguiadepamplona.com\/actualidad\/wp-content\/uploads\/2023\/04\/arbola1.webp","contentUrl":"https:\/\/www.laguiadepamplona.com\/actualidad\/wp-content\/uploads\/2023\/04\/arbola1.webp","width":1647,"height":828},{"@type":"BreadcrumbList","@id":"https:\/\/www.laguiadepamplona.com\/actualidad\/el-festival-arbola-reflexiona-en-civivox-condestable-en-torno-a-la-importancia-de-los-arboles-para-la-vida-y-la-salud\/#breadcrumb","itemListElement":[{"@type":"ListItem","position":1,"name":"Portada","item":"https:\/\/www.laguiadepamplona.com\/actualidad\/"},{"@type":"ListItem","position":2,"name":"El Festival Arbola reflexiona en Civivox Condestable en torno a la importancia de los \u00e1rboles para la vida y la salud"}]},{"@type":"WebSite","@id":"https:\/\/www.laguiadepamplona.com\/actualidad\/#website","url":"https:\/\/www.laguiadepamplona.com\/actualidad\/","name":"La gu\u00eda de Pamplona","description":"Noticias de Pamplona","publisher":{"@id":"https:\/\/www.laguiadepamplona.com\/actualidad\/#organization"},"potentialAction":[{"@type":"SearchAction","target":{"@type":"EntryPoint","urlTemplate":"https:\/\/www.laguiadepamplona.com\/actualidad\/?s={search_term_string}"},"query-input":{"@type":"PropertyValueSpecification","valueRequired":true,"valueName":"search_term_string"}}],"inLanguage":"es"},{"@type":"Organization","@id":"https:\/\/www.laguiadepamplona.com\/actualidad\/#organization","name":"La Gu\u00eda de Pamplona \/ Noticias","url":"https:\/\/www.laguiadepamplona.com\/actualidad\/","logo":{"@type":"ImageObject","inLanguage":"es","@id":"https:\/\/www.laguiadepamplona.com\/actualidad\/#\/schema\/logo\/image\/","url":"https:\/\/www.laguiadepamplona.com\/actualidad\/wp-content\/uploads\/2018\/11\/logo-laguiadepamplona18-web1.png","contentUrl":"https:\/\/www.laguiadepamplona.com\/actualidad\/wp-content\/uploads\/2018\/11\/logo-laguiadepamplona18-web1.png","width":600,"height":196,"caption":"La Gu\u00eda de Pamplona \/ Noticias"},"image":{"@id":"https:\/\/www.laguiadepamplona.com\/actualidad\/#\/schema\/logo\/image\/"},"sameAs":["https:\/\/www.facebook.com\/laguiadepamplonacom-133175176762273\/?ref=hl","https:\/\/x.com\/LaGuiadPamplona","https:\/\/www.instagram.com\/la_guia_de_pamplona\/","https:\/\/www.youtube.com\/user\/laguiadepamplona"]},{"@type":"Person","@id":"https:\/\/www.laguiadepamplona.com\/actualidad\/#\/schema\/person\/efe887376f0213d4657c93adc50b1fdb","name":"La Gu\u00eda de Pamplona","image":{"@type":"ImageObject","inLanguage":"es","@id":"https:\/\/secure.gravatar.com\/avatar\/b6992f131dc8d30ab0dff15446e9d346d9dbd95992de0fef795073f5ea83a81c?s=96&d=mm&r=g","url":"https:\/\/secure.gravatar.com\/avatar\/b6992f131dc8d30ab0dff15446e9d346d9dbd95992de0fef795073f5ea83a81c?s=96&d=mm&r=g","contentUrl":"https:\/\/secure.gravatar.com\/avatar\/b6992f131dc8d30ab0dff15446e9d346d9dbd95992de0fef795073f5ea83a81c?s=96&d=mm&r=g","caption":"La Gu\u00eda de Pamplona"}}]}},"post_mailing_queue_ids":[],"_links":{"self":[{"href":"https:\/\/www.laguiadepamplona.com\/actualidad\/wp-json\/wp\/v2\/posts\/46477","targetHints":{"allow":["GET"]}}],"collection":[{"href":"https:\/\/www.laguiadepamplona.com\/actualidad\/wp-json\/wp\/v2\/posts"}],"about":[{"href":"https:\/\/www.laguiadepamplona.com\/actualidad\/wp-json\/wp\/v2\/types\/post"}],"author":[{"embeddable":true,"href":"https:\/\/www.laguiadepamplona.com\/actualidad\/wp-json\/wp\/v2\/users\/1"}],"replies":[{"embeddable":true,"href":"https:\/\/www.laguiadepamplona.com\/actualidad\/wp-json\/wp\/v2\/comments?post=46477"}],"version-history":[{"count":1,"href":"https:\/\/www.laguiadepamplona.com\/actualidad\/wp-json\/wp\/v2\/posts\/46477\/revisions"}],"predecessor-version":[{"id":46479,"href":"https:\/\/www.laguiadepamplona.com\/actualidad\/wp-json\/wp\/v2\/posts\/46477\/revisions\/46479"}],"wp:featuredmedia":[{"embeddable":true,"href":"https:\/\/www.laguiadepamplona.com\/actualidad\/wp-json\/wp\/v2\/media\/46478"}],"wp:attachment":[{"href":"https:\/\/www.laguiadepamplona.com\/actualidad\/wp-json\/wp\/v2\/media?parent=46477"}],"wp:term":[{"taxonomy":"category","embeddable":true,"href":"https:\/\/www.laguiadepamplona.com\/actualidad\/wp-json\/wp\/v2\/categories?post=46477"},{"taxonomy":"post_tag","embeddable":true,"href":"https:\/\/www.laguiadepamplona.com\/actualidad\/wp-json\/wp\/v2\/tags?post=46477"}],"curies":[{"name":"wp","href":"https:\/\/api.w.org\/{rel}","templated":true}]}}