{"id":46474,"date":"2023-04-25T13:47:40","date_gmt":"2023-04-25T11:47:40","guid":{"rendered":"https:\/\/www.laguiadepamplona.com\/actualidad\/?p=46474"},"modified":"2023-04-25T13:47:40","modified_gmt":"2023-04-25T11:47:40","slug":"pamplona-organizara-en-junio-del-ano-que-viene-el-i-congreso-internacional-de-fiestas-y-macroeventos-urbanos","status":"publish","type":"post","link":"https:\/\/www.laguiadepamplona.com\/actualidad\/pamplona-organizara-en-junio-del-ano-que-viene-el-i-congreso-internacional-de-fiestas-y-macroeventos-urbanos\/","title":{"rendered":"Pamplona organizar\u00e1 en junio del a\u00f1o que viene el I Congreso Internacional de Fiestas y Macroeventos Urbanos"},"content":{"rendered":"<h5>Se trata de analizar los retos a los que se enfrentan las ciudades que los acogen y las buenas pr\u00e1cticas a realizar en materia de sostenibilidad<\/h5>\n<p><!--more--><\/p>\n<p>Baluarte acoger\u00e1 a finales de junio del a\u00f1o que viene el I Congreso Internacional de Fiestas y Macroeventos Urbanos. El congreso analizar\u00e1 los retos a los que se enfrentan las ciudades que albergan esos macroeventos, fiestas y eventos de gran dimensi\u00f3n, como los Sanfermines, tanto en cifras de personas participantes como en el impacto y repercusi\u00f3n que tienen en los medios de comunicaci\u00f3n y su influencia en la imagen p\u00fablica de esas ciudades. Se pretende tambi\u00e9n analizar y buscar buenas pr\u00e1cticas sobre los efectos urbanos diversos de estos eventos y las buenas experiencias en materia de sostenibilidad aplicada.<br \/>\n<script async src=\"\/\/pagead2.googlesyndication.com\/pagead\/js\/adsbygoogle.js\"><\/script><br \/>\n<!-- Noticias La Guia de Pamplona --><br \/>\n<ins class=\"adsbygoogle\"\nstyle=\"display:block\"\ndata-ad-client=\"ca-pub-6943679897239327\"\ndata-ad-slot=\"7048180777\"\ndata-ad-format=\"auto\"><\/ins><br \/>\n<script>\n(adsbygoogle = window.adsbygoogle || []).push({});\n<\/script><\/p>\n<p>La Junta de Gobierno Local ha aprobado este lunes la licitaci\u00f3n del contrato de una asistencia t\u00e9cnica para desempe\u00f1ar la secretaria cient\u00edfica y t\u00e9cnica para la organizaci\u00f3n y gesti\u00f3n del congreso, as\u00ed como la labor de captaci\u00f3n de patrocinio para el desarrollo del programa complementario del mismo. Este congreso se enmarca en el proyecto PSTD Pamplona SF365, financiado con fondos europeos Next Generation EU, a trav\u00e9s del Plan de Recuperaci\u00f3n, Transformaci\u00f3n y Resiliencia del Gobierno de Espa\u00f1a.<\/p>\n<p>Se estima una asistencia m\u00ednima al evento que oscila entre las 100 y las 400 personas. Estar\u00e1 dirigido a gestores p\u00fablicos de \u00e1mbito nacional, gestores p\u00fablicos de \u00e1mbito internacional, empresas del sector de la producci\u00f3n cultural, empresas del sector de gesti\u00f3n y producci\u00f3n de eventos, empresas de servicios vinculados a la celebraci\u00f3n de eventos urbanos, asociaciones y agentes locales relacionados con las fiestas de San Ferm\u00edn y ciudadan\u00eda en general. Una parte de la programaci\u00f3n tendr\u00e1 un enfoque m\u00e1s t\u00e9cnico y formativo, con acceso de pago mediante suscripci\u00f3n; otra parte del programa ofrecer\u00e1 algunas actividades gratuitas y abiertas al p\u00fablico.<br \/>\n<script async src=\"\/\/pagead2.googlesyndication.com\/pagead\/js\/adsbygoogle.js\"><\/script><br \/>\n<!-- Noticias La Guia de Pamplona --><br \/>\n<ins class=\"adsbygoogle\"\nstyle=\"display:block\"\ndata-ad-client=\"ca-pub-6943679897239327\"\ndata-ad-slot=\"7048180777\"\ndata-ad-format=\"auto\"><\/ins><br \/>\n<script>\n(adsbygoogle = window.adsbygoogle || []).push({});\n<\/script><\/p>\n<p>Tal y como se recoge en la memoria del proyecto PSTD Pamplona SF365, dos de los seis objetivos espec\u00edficos est\u00e1n orientados a conseguir unos Sanfermines m\u00e1s sostenibles y a mejorar su imagen internacional. Estos objetivos espec\u00edficos son reorientar el producto Sanfermines y su desarrollo hacia valores culturales y sostenibles y reposicionar en el mercado la marca Sanfermines y con ello Pamplona y Navarra. La l\u00ednea de actuaci\u00f3n 11 del PSTD \u2018SF365 Sanfermines Sostenibles\u2019 se despliega en varias medidas encaminadas a lograr la evoluci\u00f3n y transformaci\u00f3n de los Sanfermines que garanticen su sostenibilidad a largo plazo. Una de esas medidas es la celebraci\u00f3n de este congreso internacional.<\/p>\n","protected":false},"excerpt":{"rendered":"<p>Se trata de analizar los retos a los que se enfrentan las ciudades que los acogen y las buenas pr\u00e1cticas a realizar en materia de sostenibilidad<\/p>\n","protected":false},"author":1,"featured_media":46475,"comment_status":"open","ping_status":"closed","sticky":false,"template":"","format":"standard","meta":{"footnotes":""},"categories":[2],"tags":[],"class_list":["post-46474","post","type-post","status-publish","format-standard","has-post-thumbnail","hentry","category-ayuntamiento-pamplona"],"yoast_head":"<!-- This site is optimized with the Yoast SEO plugin v27.3 - https:\/\/yoast.com\/product\/yoast-seo-wordpress\/ -->\n<title>Pamplona organizar\u00e1 en junio del a\u00f1o que viene el I Congreso Internacional de Fiestas y Macroeventos Urbanos<\/title>\n<meta name=\"description\" content=\"Se trata de analizar los retos a los que se enfrentan las ciudades que los acogen y las buenas pr\u00e1cticas a realizar en materia de sostenibilidad\" \/>\n<meta name=\"robots\" content=\"index, follow, max-snippet:-1, max-image-preview:large, max-video-preview:-1\" \/>\n<link rel=\"canonical\" href=\"https:\/\/www.laguiadepamplona.com\/actualidad\/pamplona-organizara-en-junio-del-ano-que-viene-el-i-congreso-internacional-de-fiestas-y-macroeventos-urbanos\/\" \/>\n<meta property=\"og:locale\" content=\"es_ES\" \/>\n<meta property=\"og:type\" content=\"article\" \/>\n<meta property=\"og:title\" content=\"Pamplona organizar\u00e1 en junio del a\u00f1o que viene el I Congreso Internacional de Fiestas y Macroeventos Urbanos\" \/>\n<meta property=\"og:description\" content=\"Se trata de analizar los retos a los que se enfrentan las ciudades que los acogen y las buenas pr\u00e1cticas a realizar en materia de sostenibilidad\" \/>\n<meta property=\"og:url\" content=\"https:\/\/www.laguiadepamplona.com\/actualidad\/pamplona-organizara-en-junio-del-ano-que-viene-el-i-congreso-internacional-de-fiestas-y-macroeventos-urbanos\/\" \/>\n<meta property=\"og:site_name\" content=\"La Gu\u00eda de Pamplona\" \/>\n<meta property=\"article:publisher\" content=\"https:\/\/www.facebook.com\/laguiadepamplonacom-133175176762273\/?ref=hl\" \/>\n<meta property=\"article:published_time\" content=\"2023-04-25T11:47:40+00:00\" \/>\n<meta property=\"og:image\" content=\"https:\/\/www.laguiadepamplona.com\/actualidad\/wp-content\/uploads\/2023\/04\/djpzcastillo22-07-13-1.webp\" \/>\n\t<meta property=\"og:image:width\" content=\"1920\" \/>\n\t<meta property=\"og:image:height\" content=\"1281\" \/>\n\t<meta property=\"og:image:type\" content=\"image\/webp\" \/>\n<meta name=\"author\" content=\"La Gu\u00eda de Pamplona\" \/>\n<meta name=\"twitter:card\" content=\"summary_large_image\" \/>\n<meta name=\"twitter:creator\" content=\"@LaGuiadPamplona\" \/>\n<meta name=\"twitter:site\" content=\"@LaGuiadPamplona\" \/>\n<meta name=\"twitter:label1\" content=\"Escrito por\" \/>\n\t<meta name=\"twitter:data1\" content=\"La Gu\u00eda de Pamplona\" \/>\n\t<meta name=\"twitter:label2\" content=\"Tiempo de lectura\" \/>\n\t<meta name=\"twitter:data2\" content=\"2 minutos\" \/>\n<script type=\"application\/ld+json\" class=\"yoast-schema-graph\">{\"@context\":\"https:\\\/\\\/schema.org\",\"@graph\":[{\"@type\":\"Article\",\"@id\":\"https:\\\/\\\/www.laguiadepamplona.com\\\/actualidad\\\/pamplona-organizara-en-junio-del-ano-que-viene-el-i-congreso-internacional-de-fiestas-y-macroeventos-urbanos\\\/#article\",\"isPartOf\":{\"@id\":\"https:\\\/\\\/www.laguiadepamplona.com\\\/actualidad\\\/pamplona-organizara-en-junio-del-ano-que-viene-el-i-congreso-internacional-de-fiestas-y-macroeventos-urbanos\\\/\"},\"author\":{\"name\":\"La Gu\u00eda de Pamplona\",\"@id\":\"https:\\\/\\\/www.laguiadepamplona.com\\\/actualidad\\\/#\\\/schema\\\/person\\\/efe887376f0213d4657c93adc50b1fdb\"},\"headline\":\"Pamplona organizar\u00e1 en junio del a\u00f1o que viene el I Congreso Internacional de Fiestas y Macroeventos Urbanos\",\"datePublished\":\"2023-04-25T11:47:40+00:00\",\"mainEntityOfPage\":{\"@id\":\"https:\\\/\\\/www.laguiadepamplona.com\\\/actualidad\\\/pamplona-organizara-en-junio-del-ano-que-viene-el-i-congreso-internacional-de-fiestas-y-macroeventos-urbanos\\\/\"},\"wordCount\":465,\"commentCount\":0,\"publisher\":{\"@id\":\"https:\\\/\\\/www.laguiadepamplona.com\\\/actualidad\\\/#organization\"},\"image\":{\"@id\":\"https:\\\/\\\/www.laguiadepamplona.com\\\/actualidad\\\/pamplona-organizara-en-junio-del-ano-que-viene-el-i-congreso-internacional-de-fiestas-y-macroeventos-urbanos\\\/#primaryimage\"},\"thumbnailUrl\":\"https:\\\/\\\/www.laguiadepamplona.com\\\/actualidad\\\/wp-content\\\/uploads\\\/2023\\\/04\\\/djpzcastillo22-07-13-1.webp\",\"articleSection\":[\"Ayto Pamplona\"],\"inLanguage\":\"es\",\"potentialAction\":[{\"@type\":\"CommentAction\",\"name\":\"Comment\",\"target\":[\"https:\\\/\\\/www.laguiadepamplona.com\\\/actualidad\\\/pamplona-organizara-en-junio-del-ano-que-viene-el-i-congreso-internacional-de-fiestas-y-macroeventos-urbanos\\\/#respond\"]}]},{\"@type\":\"WebPage\",\"@id\":\"https:\\\/\\\/www.laguiadepamplona.com\\\/actualidad\\\/pamplona-organizara-en-junio-del-ano-que-viene-el-i-congreso-internacional-de-fiestas-y-macroeventos-urbanos\\\/\",\"url\":\"https:\\\/\\\/www.laguiadepamplona.com\\\/actualidad\\\/pamplona-organizara-en-junio-del-ano-que-viene-el-i-congreso-internacional-de-fiestas-y-macroeventos-urbanos\\\/\",\"name\":\"Pamplona organizar\u00e1 en junio del a\u00f1o que viene el I Congreso Internacional de Fiestas y Macroeventos Urbanos\",\"isPartOf\":{\"@id\":\"https:\\\/\\\/www.laguiadepamplona.com\\\/actualidad\\\/#website\"},\"primaryImageOfPage\":{\"@id\":\"https:\\\/\\\/www.laguiadepamplona.com\\\/actualidad\\\/pamplona-organizara-en-junio-del-ano-que-viene-el-i-congreso-internacional-de-fiestas-y-macroeventos-urbanos\\\/#primaryimage\"},\"image\":{\"@id\":\"https:\\\/\\\/www.laguiadepamplona.com\\\/actualidad\\\/pamplona-organizara-en-junio-del-ano-que-viene-el-i-congreso-internacional-de-fiestas-y-macroeventos-urbanos\\\/#primaryimage\"},\"thumbnailUrl\":\"https:\\\/\\\/www.laguiadepamplona.com\\\/actualidad\\\/wp-content\\\/uploads\\\/2023\\\/04\\\/djpzcastillo22-07-13-1.webp\",\"datePublished\":\"2023-04-25T11:47:40+00:00\",\"description\":\"Se trata de analizar los retos a los que se enfrentan las ciudades que los acogen y las buenas pr\u00e1cticas a realizar en materia de sostenibilidad\",\"breadcrumb\":{\"@id\":\"https:\\\/\\\/www.laguiadepamplona.com\\\/actualidad\\\/pamplona-organizara-en-junio-del-ano-que-viene-el-i-congreso-internacional-de-fiestas-y-macroeventos-urbanos\\\/#breadcrumb\"},\"inLanguage\":\"es\",\"potentialAction\":[{\"@type\":\"ReadAction\",\"target\":[\"https:\\\/\\\/www.laguiadepamplona.com\\\/actualidad\\\/pamplona-organizara-en-junio-del-ano-que-viene-el-i-congreso-internacional-de-fiestas-y-macroeventos-urbanos\\\/\"]}]},{\"@type\":\"ImageObject\",\"inLanguage\":\"es\",\"@id\":\"https:\\\/\\\/www.laguiadepamplona.com\\\/actualidad\\\/pamplona-organizara-en-junio-del-ano-que-viene-el-i-congreso-internacional-de-fiestas-y-macroeventos-urbanos\\\/#primaryimage\",\"url\":\"https:\\\/\\\/www.laguiadepamplona.com\\\/actualidad\\\/wp-content\\\/uploads\\\/2023\\\/04\\\/djpzcastillo22-07-13-1.webp\",\"contentUrl\":\"https:\\\/\\\/www.laguiadepamplona.com\\\/actualidad\\\/wp-content\\\/uploads\\\/2023\\\/04\\\/djpzcastillo22-07-13-1.webp\",\"width\":1920,\"height\":1281},{\"@type\":\"BreadcrumbList\",\"@id\":\"https:\\\/\\\/www.laguiadepamplona.com\\\/actualidad\\\/pamplona-organizara-en-junio-del-ano-que-viene-el-i-congreso-internacional-de-fiestas-y-macroeventos-urbanos\\\/#breadcrumb\",\"itemListElement\":[{\"@type\":\"ListItem\",\"position\":1,\"name\":\"Portada\",\"item\":\"https:\\\/\\\/www.laguiadepamplona.com\\\/actualidad\\\/\"},{\"@type\":\"ListItem\",\"position\":2,\"name\":\"Pamplona organizar\u00e1 en junio del a\u00f1o que viene el I Congreso Internacional de Fiestas y Macroeventos Urbanos\"}]},{\"@type\":\"WebSite\",\"@id\":\"https:\\\/\\\/www.laguiadepamplona.com\\\/actualidad\\\/#website\",\"url\":\"https:\\\/\\\/www.laguiadepamplona.com\\\/actualidad\\\/\",\"name\":\"La gu\u00eda de Pamplona\",\"description\":\"Noticias de Pamplona\",\"publisher\":{\"@id\":\"https:\\\/\\\/www.laguiadepamplona.com\\\/actualidad\\\/#organization\"},\"potentialAction\":[{\"@type\":\"SearchAction\",\"target\":{\"@type\":\"EntryPoint\",\"urlTemplate\":\"https:\\\/\\\/www.laguiadepamplona.com\\\/actualidad\\\/?s={search_term_string}\"},\"query-input\":{\"@type\":\"PropertyValueSpecification\",\"valueRequired\":true,\"valueName\":\"search_term_string\"}}],\"inLanguage\":\"es\"},{\"@type\":\"Organization\",\"@id\":\"https:\\\/\\\/www.laguiadepamplona.com\\\/actualidad\\\/#organization\",\"name\":\"La Gu\u00eda de Pamplona \\\/ Noticias\",\"url\":\"https:\\\/\\\/www.laguiadepamplona.com\\\/actualidad\\\/\",\"logo\":{\"@type\":\"ImageObject\",\"inLanguage\":\"es\",\"@id\":\"https:\\\/\\\/www.laguiadepamplona.com\\\/actualidad\\\/#\\\/schema\\\/logo\\\/image\\\/\",\"url\":\"https:\\\/\\\/www.laguiadepamplona.com\\\/actualidad\\\/wp-content\\\/uploads\\\/2018\\\/11\\\/logo-laguiadepamplona18-web1.png\",\"contentUrl\":\"https:\\\/\\\/www.laguiadepamplona.com\\\/actualidad\\\/wp-content\\\/uploads\\\/2018\\\/11\\\/logo-laguiadepamplona18-web1.png\",\"width\":600,\"height\":196,\"caption\":\"La Gu\u00eda de Pamplona \\\/ Noticias\"},\"image\":{\"@id\":\"https:\\\/\\\/www.laguiadepamplona.com\\\/actualidad\\\/#\\\/schema\\\/logo\\\/image\\\/\"},\"sameAs\":[\"https:\\\/\\\/www.facebook.com\\\/laguiadepamplonacom-133175176762273\\\/?ref=hl\",\"https:\\\/\\\/x.com\\\/LaGuiadPamplona\",\"https:\\\/\\\/www.instagram.com\\\/la_guia_de_pamplona\\\/\",\"https:\\\/\\\/www.youtube.com\\\/user\\\/laguiadepamplona\"]},{\"@type\":\"Person\",\"@id\":\"https:\\\/\\\/www.laguiadepamplona.com\\\/actualidad\\\/#\\\/schema\\\/person\\\/efe887376f0213d4657c93adc50b1fdb\",\"name\":\"La Gu\u00eda de Pamplona\",\"image\":{\"@type\":\"ImageObject\",\"inLanguage\":\"es\",\"@id\":\"https:\\\/\\\/secure.gravatar.com\\\/avatar\\\/b6992f131dc8d30ab0dff15446e9d346d9dbd95992de0fef795073f5ea83a81c?s=96&d=mm&r=g\",\"url\":\"https:\\\/\\\/secure.gravatar.com\\\/avatar\\\/b6992f131dc8d30ab0dff15446e9d346d9dbd95992de0fef795073f5ea83a81c?s=96&d=mm&r=g\",\"contentUrl\":\"https:\\\/\\\/secure.gravatar.com\\\/avatar\\\/b6992f131dc8d30ab0dff15446e9d346d9dbd95992de0fef795073f5ea83a81c?s=96&d=mm&r=g\",\"caption\":\"La Gu\u00eda de Pamplona\"}}]}<\/script>\n<!-- \/ Yoast SEO plugin. -->","yoast_head_json":{"title":"Pamplona organizar\u00e1 en junio del a\u00f1o que viene el I Congreso Internacional de Fiestas y Macroeventos Urbanos","description":"Se trata de analizar los retos a los que se enfrentan las ciudades que los acogen y las buenas pr\u00e1cticas a realizar en materia de sostenibilidad","robots":{"index":"index","follow":"follow","max-snippet":"max-snippet:-1","max-image-preview":"max-image-preview:large","max-video-preview":"max-video-preview:-1"},"canonical":"https:\/\/www.laguiadepamplona.com\/actualidad\/pamplona-organizara-en-junio-del-ano-que-viene-el-i-congreso-internacional-de-fiestas-y-macroeventos-urbanos\/","og_locale":"es_ES","og_type":"article","og_title":"Pamplona organizar\u00e1 en junio del a\u00f1o que viene el I Congreso Internacional de Fiestas y Macroeventos Urbanos","og_description":"Se trata de analizar los retos a los que se enfrentan las ciudades que los acogen y las buenas pr\u00e1cticas a realizar en materia de sostenibilidad","og_url":"https:\/\/www.laguiadepamplona.com\/actualidad\/pamplona-organizara-en-junio-del-ano-que-viene-el-i-congreso-internacional-de-fiestas-y-macroeventos-urbanos\/","og_site_name":"La Gu\u00eda de Pamplona","article_publisher":"https:\/\/www.facebook.com\/laguiadepamplonacom-133175176762273\/?ref=hl","article_published_time":"2023-04-25T11:47:40+00:00","og_image":[{"width":1920,"height":1281,"url":"https:\/\/www.laguiadepamplona.com\/actualidad\/wp-content\/uploads\/2023\/04\/djpzcastillo22-07-13-1.webp","type":"image\/webp"}],"author":"La Gu\u00eda de Pamplona","twitter_card":"summary_large_image","twitter_creator":"@LaGuiadPamplona","twitter_site":"@LaGuiadPamplona","twitter_misc":{"Escrito por":"La Gu\u00eda de Pamplona","Tiempo de lectura":"2 minutos"},"schema":{"@context":"https:\/\/schema.org","@graph":[{"@type":"Article","@id":"https:\/\/www.laguiadepamplona.com\/actualidad\/pamplona-organizara-en-junio-del-ano-que-viene-el-i-congreso-internacional-de-fiestas-y-macroeventos-urbanos\/#article","isPartOf":{"@id":"https:\/\/www.laguiadepamplona.com\/actualidad\/pamplona-organizara-en-junio-del-ano-que-viene-el-i-congreso-internacional-de-fiestas-y-macroeventos-urbanos\/"},"author":{"name":"La Gu\u00eda de Pamplona","@id":"https:\/\/www.laguiadepamplona.com\/actualidad\/#\/schema\/person\/efe887376f0213d4657c93adc50b1fdb"},"headline":"Pamplona organizar\u00e1 en junio del a\u00f1o que viene el I Congreso Internacional de Fiestas y Macroeventos Urbanos","datePublished":"2023-04-25T11:47:40+00:00","mainEntityOfPage":{"@id":"https:\/\/www.laguiadepamplona.com\/actualidad\/pamplona-organizara-en-junio-del-ano-que-viene-el-i-congreso-internacional-de-fiestas-y-macroeventos-urbanos\/"},"wordCount":465,"commentCount":0,"publisher":{"@id":"https:\/\/www.laguiadepamplona.com\/actualidad\/#organization"},"image":{"@id":"https:\/\/www.laguiadepamplona.com\/actualidad\/pamplona-organizara-en-junio-del-ano-que-viene-el-i-congreso-internacional-de-fiestas-y-macroeventos-urbanos\/#primaryimage"},"thumbnailUrl":"https:\/\/www.laguiadepamplona.com\/actualidad\/wp-content\/uploads\/2023\/04\/djpzcastillo22-07-13-1.webp","articleSection":["Ayto Pamplona"],"inLanguage":"es","potentialAction":[{"@type":"CommentAction","name":"Comment","target":["https:\/\/www.laguiadepamplona.com\/actualidad\/pamplona-organizara-en-junio-del-ano-que-viene-el-i-congreso-internacional-de-fiestas-y-macroeventos-urbanos\/#respond"]}]},{"@type":"WebPage","@id":"https:\/\/www.laguiadepamplona.com\/actualidad\/pamplona-organizara-en-junio-del-ano-que-viene-el-i-congreso-internacional-de-fiestas-y-macroeventos-urbanos\/","url":"https:\/\/www.laguiadepamplona.com\/actualidad\/pamplona-organizara-en-junio-del-ano-que-viene-el-i-congreso-internacional-de-fiestas-y-macroeventos-urbanos\/","name":"Pamplona organizar\u00e1 en junio del a\u00f1o que viene el I Congreso Internacional de Fiestas y Macroeventos Urbanos","isPartOf":{"@id":"https:\/\/www.laguiadepamplona.com\/actualidad\/#website"},"primaryImageOfPage":{"@id":"https:\/\/www.laguiadepamplona.com\/actualidad\/pamplona-organizara-en-junio-del-ano-que-viene-el-i-congreso-internacional-de-fiestas-y-macroeventos-urbanos\/#primaryimage"},"image":{"@id":"https:\/\/www.laguiadepamplona.com\/actualidad\/pamplona-organizara-en-junio-del-ano-que-viene-el-i-congreso-internacional-de-fiestas-y-macroeventos-urbanos\/#primaryimage"},"thumbnailUrl":"https:\/\/www.laguiadepamplona.com\/actualidad\/wp-content\/uploads\/2023\/04\/djpzcastillo22-07-13-1.webp","datePublished":"2023-04-25T11:47:40+00:00","description":"Se trata de analizar los retos a los que se enfrentan las ciudades que los acogen y las buenas pr\u00e1cticas a realizar en materia de sostenibilidad","breadcrumb":{"@id":"https:\/\/www.laguiadepamplona.com\/actualidad\/pamplona-organizara-en-junio-del-ano-que-viene-el-i-congreso-internacional-de-fiestas-y-macroeventos-urbanos\/#breadcrumb"},"inLanguage":"es","potentialAction":[{"@type":"ReadAction","target":["https:\/\/www.laguiadepamplona.com\/actualidad\/pamplona-organizara-en-junio-del-ano-que-viene-el-i-congreso-internacional-de-fiestas-y-macroeventos-urbanos\/"]}]},{"@type":"ImageObject","inLanguage":"es","@id":"https:\/\/www.laguiadepamplona.com\/actualidad\/pamplona-organizara-en-junio-del-ano-que-viene-el-i-congreso-internacional-de-fiestas-y-macroeventos-urbanos\/#primaryimage","url":"https:\/\/www.laguiadepamplona.com\/actualidad\/wp-content\/uploads\/2023\/04\/djpzcastillo22-07-13-1.webp","contentUrl":"https:\/\/www.laguiadepamplona.com\/actualidad\/wp-content\/uploads\/2023\/04\/djpzcastillo22-07-13-1.webp","width":1920,"height":1281},{"@type":"BreadcrumbList","@id":"https:\/\/www.laguiadepamplona.com\/actualidad\/pamplona-organizara-en-junio-del-ano-que-viene-el-i-congreso-internacional-de-fiestas-y-macroeventos-urbanos\/#breadcrumb","itemListElement":[{"@type":"ListItem","position":1,"name":"Portada","item":"https:\/\/www.laguiadepamplona.com\/actualidad\/"},{"@type":"ListItem","position":2,"name":"Pamplona organizar\u00e1 en junio del a\u00f1o que viene el I Congreso Internacional de Fiestas y Macroeventos Urbanos"}]},{"@type":"WebSite","@id":"https:\/\/www.laguiadepamplona.com\/actualidad\/#website","url":"https:\/\/www.laguiadepamplona.com\/actualidad\/","name":"La gu\u00eda de Pamplona","description":"Noticias de Pamplona","publisher":{"@id":"https:\/\/www.laguiadepamplona.com\/actualidad\/#organization"},"potentialAction":[{"@type":"SearchAction","target":{"@type":"EntryPoint","urlTemplate":"https:\/\/www.laguiadepamplona.com\/actualidad\/?s={search_term_string}"},"query-input":{"@type":"PropertyValueSpecification","valueRequired":true,"valueName":"search_term_string"}}],"inLanguage":"es"},{"@type":"Organization","@id":"https:\/\/www.laguiadepamplona.com\/actualidad\/#organization","name":"La Gu\u00eda de Pamplona \/ Noticias","url":"https:\/\/www.laguiadepamplona.com\/actualidad\/","logo":{"@type":"ImageObject","inLanguage":"es","@id":"https:\/\/www.laguiadepamplona.com\/actualidad\/#\/schema\/logo\/image\/","url":"https:\/\/www.laguiadepamplona.com\/actualidad\/wp-content\/uploads\/2018\/11\/logo-laguiadepamplona18-web1.png","contentUrl":"https:\/\/www.laguiadepamplona.com\/actualidad\/wp-content\/uploads\/2018\/11\/logo-laguiadepamplona18-web1.png","width":600,"height":196,"caption":"La Gu\u00eda de Pamplona \/ Noticias"},"image":{"@id":"https:\/\/www.laguiadepamplona.com\/actualidad\/#\/schema\/logo\/image\/"},"sameAs":["https:\/\/www.facebook.com\/laguiadepamplonacom-133175176762273\/?ref=hl","https:\/\/x.com\/LaGuiadPamplona","https:\/\/www.instagram.com\/la_guia_de_pamplona\/","https:\/\/www.youtube.com\/user\/laguiadepamplona"]},{"@type":"Person","@id":"https:\/\/www.laguiadepamplona.com\/actualidad\/#\/schema\/person\/efe887376f0213d4657c93adc50b1fdb","name":"La Gu\u00eda de Pamplona","image":{"@type":"ImageObject","inLanguage":"es","@id":"https:\/\/secure.gravatar.com\/avatar\/b6992f131dc8d30ab0dff15446e9d346d9dbd95992de0fef795073f5ea83a81c?s=96&d=mm&r=g","url":"https:\/\/secure.gravatar.com\/avatar\/b6992f131dc8d30ab0dff15446e9d346d9dbd95992de0fef795073f5ea83a81c?s=96&d=mm&r=g","contentUrl":"https:\/\/secure.gravatar.com\/avatar\/b6992f131dc8d30ab0dff15446e9d346d9dbd95992de0fef795073f5ea83a81c?s=96&d=mm&r=g","caption":"La Gu\u00eda de Pamplona"}}]}},"post_mailing_queue_ids":[],"_links":{"self":[{"href":"https:\/\/www.laguiadepamplona.com\/actualidad\/wp-json\/wp\/v2\/posts\/46474","targetHints":{"allow":["GET"]}}],"collection":[{"href":"https:\/\/www.laguiadepamplona.com\/actualidad\/wp-json\/wp\/v2\/posts"}],"about":[{"href":"https:\/\/www.laguiadepamplona.com\/actualidad\/wp-json\/wp\/v2\/types\/post"}],"author":[{"embeddable":true,"href":"https:\/\/www.laguiadepamplona.com\/actualidad\/wp-json\/wp\/v2\/users\/1"}],"replies":[{"embeddable":true,"href":"https:\/\/www.laguiadepamplona.com\/actualidad\/wp-json\/wp\/v2\/comments?post=46474"}],"version-history":[{"count":1,"href":"https:\/\/www.laguiadepamplona.com\/actualidad\/wp-json\/wp\/v2\/posts\/46474\/revisions"}],"predecessor-version":[{"id":46476,"href":"https:\/\/www.laguiadepamplona.com\/actualidad\/wp-json\/wp\/v2\/posts\/46474\/revisions\/46476"}],"wp:featuredmedia":[{"embeddable":true,"href":"https:\/\/www.laguiadepamplona.com\/actualidad\/wp-json\/wp\/v2\/media\/46475"}],"wp:attachment":[{"href":"https:\/\/www.laguiadepamplona.com\/actualidad\/wp-json\/wp\/v2\/media?parent=46474"}],"wp:term":[{"taxonomy":"category","embeddable":true,"href":"https:\/\/www.laguiadepamplona.com\/actualidad\/wp-json\/wp\/v2\/categories?post=46474"},{"taxonomy":"post_tag","embeddable":true,"href":"https:\/\/www.laguiadepamplona.com\/actualidad\/wp-json\/wp\/v2\/tags?post=46474"}],"curies":[{"name":"wp","href":"https:\/\/api.w.org\/{rel}","templated":true}]}}